{"id":106382,"date":"2018-09-23T22:57:38","date_gmt":"2018-09-23T19:57:38","guid":{"rendered":"https:\/\/analyse.optim.biz\/?p=106382"},"modified":"2018-09-23T22:57:38","modified_gmt":"2018-09-23T19:57:38","slug":"dragnea-nu-mai-am-rabdare-guvernul-nu-mai-poate-fi-dat-jos","status":"publish","type":"post","link":"https:\/\/analyse.optim.biz\/?p=106382","title":{"rendered":"Dragnea: Nu mai am r\u0103bdare; Guvernul nu mai poate fi dat jos"},"content":{"rendered":"<div class=\"entry data-app-meta data-app-meta-article\" data-embed-base-url-canonical=\"https:\/\/www.digi24.ro\/embed\/stiri\/actualitate\/politica\/dragnea-nu-mai-am-rabdare-intrat-in-2019-cu-dancila-premier-guvernul-nu-mai-poate-fi-dat-jos-1001550\">\n<p data-index=\"1\"><strong>Pre\u015fedintele PSD, Liviu Dragnea, a declarat, duminic\u0103 seara, la Antena 3, c\u0103 nu are resentimente dup\u0103 ziua de vineri, dar c\u0103 nu mai are nici r\u0103bdare. El a sus\u0163inut c\u0103 unii colegi din partid i-au repro\u015fat tocmai c\u0103 nu a fost \u201em\u00e2n\u0103 de fier\u201d. Dragnea spune c\u0103 este un plan str\u0103veziu pentru a fi dat jos Guvernul D\u0103ncil\u0103 \u015fi c\u0103 poate unii dintre membrii PSD semnatari ai scrisorii prin care i se cerea demisia au fost manipula\u0163i.<\/strong><\/p>\n<figure class=\"article-thumb\"><img decoding=\"async\" src=\"https:\/\/analyse.optim.biz\/wp-content\/uploads\/2024\/09\/mszoyxnoptlmnme5ogywogvjmmnjmjexodvlnzu0mzfjztkxnddj-thumb_-1.jpg\" alt=\"PACHET_LD_dragnea-gest maini - inquam_photos_octav_ganea\" data-skip-htmlfix=\"1\" title=\"mszoyxnoptlmnme5ogywogvjmmnjmjexodvlnzu0mzfjztkxnddj-thumb_-1\"><figcaption> Foto: Inquam Photos \/ Liviu Dragnea <\/figcaption><\/figure>\n<p data-index=\"2\">\u201ePoate chiar f\u0103r\u0103 s\u0103 \u015ftie s\u0103 fie manipula\u0163i unii colegi. Mul\u0163i din partid a\u015fa au v\u0103zut-o. Iohannis care spunea de o sut\u0103 de ori pe zi s\u0103 plece Guvernul. (&#8230;) Eu nu am resentimente dup\u0103 ziua de vineri, dar nici nu mai am r\u0103bdare, nici nu mai vreau s\u0103 mai apar\u0103 astfel de situa\u0163ii. Dac\u0103 \u015fi dup\u0103 acest r\u0103spuns masiv din partea partidului (&#8230;) nu \u00een\u0163eleg, abia atunci putem vorbi de rea credin\u0163\u0103. Un atu al PSD a fost tot timpul unitatea partidului\u201d, a afirmat Liviu Dragnea.<\/p>\n<p data-index=\"3\">Despre faptul c\u0103 i s-a repro\u015fat c\u0103 este cotat foarte clab \u00een sondaje, liderul PSD a spus: \u201eNu am aflat la ce sondaje s-a f\u0103cut referire. Nu a ar\u0103tat nimeni. \u015etiu c\u0103 suntem undeva la 30-35%, iar eu sunt sub scorul partidului. A\u015fa era \u015fi \u00een 2016, iar PSD a c\u00e2\u015ftigat cu un scor istoric\u201d.<\/p>\n<p data-index=\"4\">\u201ePlanul (pentru a da jos Guvernul &#8211; n.r.) e str\u0103veziu, trebuie s\u0103 ai doar r\u0103bdare, s\u0103 pui piesele de puzzle pe mas\u0103. Preluarea pre\u015fedin\u0163iei Consiliului de c\u0103tre Rom\u00e2nia \u00eenseamn\u0103 preluarea de c\u0103tre premierul Viorica D\u0103ncil\u0103. S-a decis ca premierul s\u0103 gestioneze aceste lucruri. Cu acest premier intrat \u00een 2019, nu mai poate fi dat jos, nu mai poate fi constestat \u015fi vorbim de un an electoral 2019. Miza uria\u015f\u0103 sunt preziden\u0163ialele. \u00censeamn\u0103 dorin\u0163a lui Klaus Iohannis de a avea ni\u015fte servicii care s\u0103 se joace prin justi\u0163ie, s\u0103 protejeze, s\u0103 amenin\u0163e, s\u0103 \u015fantajeze. \u00censeamn\u0103 un an \u00een care rezultatele noastre, chiar dac\u0103 v\u0103 plictisesc discu\u0163iile acestea, rezultatele vor fi \u015fi mai evidente, dac\u0103 se poate spune a\u015fa. Iohannis ar putea ajunge s\u0103 spun\u0103 vota\u0163i-m\u0103 pe mine, nu am f\u0103cut nimic bun, am f\u0103cut r\u0103u. Un contracandidat al nostru, sper s\u0103 fie unul comun, se poate prezenta ca un garant al acestei cre\u015fteri economice \u015fi al unei bun\u0103st\u0103ri pentru rom\u00e2ni\u201d, a mai declarat Dragnea.<\/p>\n<p data-index=\"5\">El a precizat PSD nu are ce s\u0103 fac\u0103 altceva dec\u00e2t s\u0103 continue \u201ecu legile, cu ac\u0163iunile guvernamentale\u201d.<\/p>\n<p data-index=\"6\">\u201eAu fost colegi care m-au certat c\u0103 n-am fost m\u00e2n\u0103 de fier. Eu am delegat foarte multe atribu\u0163ii \u015fi au dus la o comunicare mai grea a mea cu restul partidului, ocup\u00e2ndu-m\u0103 de chestiuni extrem de importante, unele vizibile, altele nu, dar care au generat rezultate. Nu se va mai \u00eent\u00e2mpla\u201d, a avertizat Liviu Dragnea.<\/p>\n<p data-index=\"7\">Liderul PSD a men\u0163ionat c\u0103 a avut dou\u0103 discu\u0163ii cu Ecaterina Andronescu \u015fi c\u0103 aceasta trebuie s\u0103 redevin\u0103 o voce important\u0103 a partidului.<\/p>\n<p data-index=\"8\"><em><span lang=\"ro-RO\">Sursa: News.ro<\/span><\/em><\/p>\n<p data-index=\"9\">Citi\u021bi \u0219i:\u00a0<\/p>\n<p class=\"card-title\" data-index=\"10\"><a title=\"title\" href=\"https:\/\/www.digi24.ro\/stiri\/actualitate\/politica\/dragnea-vor-sa-ma-bage-la-puscarie-cu-un-complet-ilegal-dupa-o-asemenea-perioada-neagra-trebuie-sa-dai-o-amnistie-1001575\" data-skip-linkfix=\"1\"><strong>Dragnea: Vor s\u0103 m\u0103 bage la pu\u015fc\u0103rie cu un complet ilegal. Dup\u0103 o asemenea perioad\u0103 neagr\u0103, trebuie s\u0103 dai o amnistie<\/strong><\/a><\/p>\n<p class=\"card-title\" data-index=\"11\"><strong><a title=\"title\" href=\"https:\/\/www.digi24.ro\/stiri\/actualitate\/politica\/seful-psd-anunta-remanierea-va-fi-o-discutie-dura-despre-ministrii-care-fug-de-semnatura-care-au-delegat-1001564\" data-skip-linkfix=\"1\">\u0218eful PSD anun\u021b\u0103 remanierea: Va fi o discu\u021bie dur\u0103 despre mini\u0219trii care fug de semn\u0103tur\u0103, care au delegat<\/a><\/strong><\/p>\n<p class=\"card-title\" data-index=\"12\"><strong><a title=\"title\" href=\"https:\/\/www.digi24.ro\/stiri\/actualitate\/politica\/prima-reactie-a-lui-dragnea-dupa-fotografia-in-care-apare-alaturi-de-kovesi-pe-canapea-ponta-e-postasul-1001558\" data-skip-linkfix=\"1\">Dragnea, reac\u021bie dup\u0103 fotografia \u00een care apare al\u0103turi de Kovesi, pe canapea: Ponta e po\u0219ta\u0219ul<\/a><\/strong><\/p>\n<\/div>\n<p> Source URL: https:\/\/www.digi24.ro\/stiri\/actualitate\/politica\/dragnea-nu-mai-am-rabdare-intrat-in-2019-cu-dancila-premier-guvernul-nu-mai-poate-fi-dat-jos-1001550<\/p>\n","protected":false},"excerpt":{"rendered":"<p>Pre\u015fedintele PSD, Liviu Dragnea, a declarat, duminic\u0103 seara, la Antena 3, c\u0103 nu are resentimente dup\u0103 ziua de vineri, dar c\u0103 nu mai are nici r\u0103bdare. El a sus\u0163inut c\u0103 unii colegi din partid i-au repro\u015fat tocmai c\u0103 nu a fost \u201em\u00e2n\u0103 de fier\u201d. Dragnea spune c\u0103 este un plan str\u0103veziu pentru a fi dat [&hellip;]<\/p>\n","protected":false},"author":1,"featured_media":106383,"comment_status":"open","ping_status":"","sticky":false,"template":"","format":"standard","meta":{"footnotes":""},"categories":[2],"tags":[11],"class_list":["post-106382","post","type-post","status-publish","format-standard","has-post-thumbnail","hentry","category-politics","tag-digi24"],"_links":{"self":[{"href":"https:\/\/analyse.optim.biz\/index.php?rest_route=\/wp\/v2\/posts\/106382","targetHints":{"allow":["GET"]}}],"collection":[{"href":"https:\/\/analyse.optim.biz\/index.php?rest_route=\/wp\/v2\/posts"}],"about":[{"href":"https:\/\/analyse.optim.biz\/index.php?rest_route=\/wp\/v2\/types\/post"}],"author":[{"embeddable":true,"href":"https:\/\/analyse.optim.biz\/index.php?rest_route=\/wp\/v2\/users\/1"}],"replies":[{"embeddable":true,"href":"https:\/\/analyse.optim.biz\/index.php?rest_route=%2Fwp%2Fv2%2Fcomments&post=106382"}],"version-history":[{"count":0,"href":"https:\/\/analyse.optim.biz\/index.php?rest_route=\/wp\/v2\/posts\/106382\/revisions"}],"wp:featuredmedia":[{"embeddable":true,"href":"https:\/\/analyse.optim.biz\/index.php?rest_route=\/wp\/v2\/media\/106383"}],"wp:attachment":[{"href":"https:\/\/analyse.optim.biz\/index.php?rest_route=%2Fwp%2Fv2%2Fmedia&parent=106382"}],"wp:term":[{"taxonomy":"category","embeddable":true,"href":"https:\/\/analyse.optim.biz\/index.php?rest_route=%2Fwp%2Fv2%2Fcategories&post=106382"},{"taxonomy":"post_tag","embeddable":true,"href":"https:\/\/analyse.optim.biz\/index.php?rest_route=%2Fwp%2Fv2%2Ftags&post=106382"}],"curies":[{"name":"wp","href":"https:\/\/api.w.org\/{rel}","templated":true}]}}