{"id":1063819,"date":"2023-02-07T09:46:09","date_gmt":"2023-02-07T06:46:09","guid":{"rendered":"https:\/\/analyse.optim.biz\/?p=1063819"},"modified":"2023-02-07T09:46:09","modified_gmt":"2023-02-07T06:46:09","slug":"anaf-a-depus-plangere-penala-impotriva-companiei","status":"publish","type":"post","link":"https:\/\/analyse.optim.biz\/?p=1063819","title":{"rendered":"ANAF a depus pl\u00e2ngere penal\u0103 \u00eempotriva companiei"},"content":{"rendered":"<article id=\"template-id-172790\" class=\"post-172790 tdb_templates type-tdb_templates status-publish post\">\n<div id=\"tdi_38\" class=\"tdc-zone\">\n<div class=\"tdc_zone tdi_39  wpb_row td-pb-row\">\n<div id=\"tdi_40\" class=\"tdc-row stretch_row_1400 td-stretch-content\">\n<div class=\"vc_row tdi_41  wpb_row td-pb-row tdc-element-style\">\n<div class=\"vc_column tdi_43  wpb_column vc_column_container tdc-column td-pb-span8\">\n<div class=\"wpb_wrapper\">\n<div class=\"td_block_wrap tdb_single_categories tdi_44 td-pb-border-top td_block_template_1 \" data-td-block-uid=\"tdi_44\">\n<div class=\"tdb-category td-fix-index\"><a class=\"tdb-entry-category\" href=\"https:\/\/voceatimisului.ro\/stiri-din-timisoara-si-timis\/\">\u0218tiri<\/a><a class=\"tdb-entry-category\" href=\"https:\/\/voceatimisului.ro\/exclusiv\/\">Exclusiv<\/a><\/div>\n<\/div>\n<div class=\"td_block_wrap tdb_title tdi_45 tdb-single-title td-pb-border-top td_block_template_1\" data-td-block-uid=\"tdi_45\">\n<div class=\"tdb-block-inner td-fix-index\">\n<h1 class=\"tdb-title-text\">Adio, Colterm! ANAF a depus pl\u00e2ngere penal\u0103 \u00eempotriva companiei locale de termoficare pentru sustragerea unor bunuri de sub sechestru asigurator<\/h1>\n<\/div>\n<\/div>\n<div class=\"vc_row_inner tdi_48  vc_row vc_inner wpb_row td-pb-row\">\n<div class=\"vc_column_inner tdi_50  wpb_column vc_column_container tdc-inner-column td-pb-span6\">\n<div class=\"vc_column-inner\">\n<div class=\"wpb_wrapper\">\n<div class=\"td_block_wrap tdb_single_author tdi_51 td-pb-border-top td_block_template_1 tdb-post-meta\" data-td-block-uid=\"tdi_51\">\n<div class=\"tdb-block-inner td-fix-index\">\n<div class=\"tdb-author-name-wrap\"><span class=\"tdb-author-by\">Autor-<\/span><a class=\"tdb-author-name\" href=\"https:\/\/voceatimisului.ro\/author\/tibi\/\">Tiberiu Kiss<\/a><\/div>\n<\/div>\n<\/div>\n<div class=\"td_block_wrap tdb_single_date tdi_52 td-pb-border-top td_block_template_1 tdb-post-meta\" data-td-block-uid=\"tdi_52\">\n<div class=\"tdb-block-inner td-fix-index\"><time class=\"entry-date updated td-module-date\" datetime=\"2023-02-07T11:46:09+02:00\">7 februarie 2023<\/time><\/div>\n<\/div>\n<div class=\"td_block_wrap tdb_single_comments_count tdi_53 td-pb-border-top td_block_template_1 tdb-post-meta\" data-td-block-uid=\"tdi_53\">\n<div class=\"tdb-block-inner td-fix-index\"><a href=\"https:\/\/voceatimisului.ro\/adio-coterm-anaf-a-depus-plangere-penala-impotriva-companiei-locale-de-termoficare-pentru-sustragerea-unor-bunuri-de-sub-sechestru-asigurator\/#comments\"><span>3<\/span><\/a><\/div>\n<\/div>\n<div class=\"td_block_wrap tdb_single_post_views tdi_54 td-pb-border-top td_block_template_1 tdb-post-meta\" data-td-block-uid=\"tdi_54\">\n<div class=\"tdb-block-inner td-fix-index\"><span class=\"tdb-add-text\">1<\/span><span class=\"td-nr-views-155032\">9013<\/span><\/div>\n<\/div>\n<\/div>\n<\/div>\n<\/div>\n<div class=\"vc_column_inner tdi_56  wpb_column vc_column_container tdc-inner-column td-pb-span6\">\n<div class=\"vc_column-inner\">\n<div class=\"wpb_wrapper\">\n<div class=\"td_block_wrap tdb_single_post_share tdi_57  td-pb-border-top td_block_template_1\" data-td-block-uid=\"tdi_57\">\n<div id=\"tdi_57\" class=\"td-post-sharing tdb-block td-ps-bg td-ps-notext td-post-sharing-style1 \">\n<div class=\"td-post-sharing-visible\"><a class=\"td-social-sharing-button td-social-sharing-button-js td-social-network td-social-facebook\" href=\"https:\/\/www.facebook.com\/sharer.php?u=https%3A%2F%2Fvoceatimisului.ro%2Fadio-coterm-anaf-a-depus-plangere-penala-impotriva-companiei-locale-de-termoficare-pentru-sustragerea-unor-bunuri-de-sub-sechestru-asigurator%2F\" title=\"Facebook\" rel=\"noopener\"><\/p>\n<div class=\"td-social-but-text\">Facebook<\/div>\n<p><\/a><a class=\"td-social-sharing-button td-social-sharing-button-js td-social-network td-social-twitter\" href=\"https:\/\/twitter.com\/intent\/tweet?text=Adio%2C+Colterm%21+ANAF+a+depus+pl%C3%A2ngere+penal%C4%83+%C3%AEmpotriva+companiei+locale+de+termoficare+pentru+sustragerea+unor+bunuri+de+sub+sechestru+asigurator&amp;url=https%3A%2F%2Fvoceatimisului.ro%2Fadio-coterm-anaf-a-depus-plangere-penala-impotriva-companiei-locale-de-termoficare-pentru-sustragerea-unor-bunuri-de-sub-sechestru-asigurator%2F&amp;via=Vocea+Timisului\" title=\"Twitter\" rel=\"noopener\"><\/p>\n<div class=\"td-social-but-text\">Twitter<\/div>\n<p><\/a><a class=\"td-social-sharing-button td-social-sharing-button-js td-social-network td-social-pinterest\" href=\"https:\/\/pinterest.com\/pin\/create\/button\/?url=https:\/\/voceatimisului.ro\/adio-coterm-anaf-a-depus-plangere-penala-impotriva-companiei-locale-de-termoficare-pentru-sustragerea-unor-bunuri-de-sub-sechestru-asigurator\/&amp;media=https:\/\/analyse.optim.biz\/wp-content\/uploads\/2025\/12\/temelie-in-cazul-colterm-sa-camera-de-conturi-timis-si-a-dus-concluziile-auditului-de-la-primaria-jpg.webp&amp;description=Adio%2C+Colterm%21+ANAF+a+depus+pl%C3%A2ngere+penal%C4%83+%C3%AEmpotriva+companiei+locale+de+termoficare+pentru+sustragerea+unor+bunuri+de+sub+sechestru+asigurator\" title=\"Pinterest\" rel=\"noopener\"><\/p>\n<div class=\"td-social-but-text\">Pinterest<\/div>\n<p><\/a><a class=\"td-social-sharing-button td-social-sharing-button-js td-social-network td-social-whatsapp\" href=\"https:\/\/api.whatsapp.com\/send?text=Adio%2C+Colterm%21+ANAF+a+depus+pl%C3%A2ngere+penal%C4%83+%C3%AEmpotriva+companiei+locale+de+termoficare+pentru+sustragerea+unor+bunuri+de+sub+sechestru+asigurator%20%0A%0A%20https:\/\/voceatimisului.ro\/adio-coterm-anaf-a-depus-plangere-penala-impotriva-companiei-locale-de-termoficare-pentru-sustragerea-unor-bunuri-de-sub-sechestru-asigurator\/\" title=\"WhatsApp\" rel=\"noopener\"><\/p>\n<div class=\"td-social-but-text\">WhatsApp<\/div>\n<p><\/a><a class=\"td-social-sharing-button td-social-sharing-button-js td-social-network td-social-linkedin\" href=\"https:\/\/www.linkedin.com\/shareArticle?mini=true&amp;url=https:\/\/voceatimisului.ro\/adio-coterm-anaf-a-depus-plangere-penala-impotriva-companiei-locale-de-termoficare-pentru-sustragerea-unor-bunuri-de-sub-sechestru-asigurator\/&amp;title=Adio%2C+Colterm%21+ANAF+a+depus+pl%C3%A2ngere+penal%C4%83+%C3%AEmpotriva+companiei+locale+de+termoficare+pentru+sustragerea+unor+bunuri+de+sub+sechestru+asigurator\" title=\"Linkedin\" rel=\"noopener\"><\/p>\n<div class=\"td-social-but-text\">Linkedin<\/div>\n<p><\/a><a class=\"td-social-sharing-button td-social-sharing-button-js td-social-network td-social-copy_url\" href=\"https:\/\/voceatimisului.ro\/adio-coterm-anaf-a-depus-plangere-penala-impotriva-companiei-locale-de-termoficare-pentru-sustragerea-unor-bunuri-de-sub-sechestru-asigurator\/\" title=\"Copy URL\" rel=\"noopener\"><\/p>\n<div class=\"td-social-but-text\">Copy URL<\/div>\n<p><\/a><\/div>\n<\/div>\n<\/div>\n<\/div>\n<\/div>\n<\/div>\n<\/div>\n<div class=\"td_block_wrap tdb_single_featured_image tdi_58 tdb-content-horiz-left td-pb-border-top td_block_template_1\" data-td-block-uid=\"tdi_58\">\n<div class=\"tdb-block-inner td-fix-index\">\n<figure><img loading=\"lazy\" decoding=\"async\" width=\"696\" height=\"696\" class=\"entry-thumb\" src=\"https:\/\/analyse.optim.biz\/wp-content\/uploads\/2025\/12\/temelie-in-cazul-colterm-sa-camera-de-conturi-timis-si-a-dus-concluziile-auditului-de-la-primaria-jpg-696x696-1.webp\" alt=\"Temelie In cazul Colterm SA Camera de Conturi Timis si a dus concluziile auditului de la Primaria jpg\" title=\"Temelie In cazul Colterm SA Camera de Conturi Timis si a dus concluziile auditului de la Primaria jpg\"><figcaption class=\"tdb-caption-text\">Temelie In cazul Colterm SA Camera de Conturi Timis si a dus concluziile auditului de la Primaria jpg<\/figcaption><\/figure>\n<\/div>\n<\/div>\n<div class=\"vc_row_inner tdi_60  vc_row vc_inner wpb_row td-pb-row\">\n<div class=\"vc_column_inner tdi_62  wpb_column vc_column_container tdc-inner-column td-pb-span4 td-is-sticky\">\n<div class=\"vc_column-inner\">\n<div class=\"wpb_wrapper\" data-sticky-enabled-on=\"W3RydWUsdHJ1ZSx0cnVlLHRydWVd\" data-sticky-offset=\"20\" data-sticky-is-width-auto=\"W2ZhbHNlLGZhbHNlLGZhbHNlLGZhbHNlXQ==\">\n<div class=\"td_block_wrap td_flex_block_1 tdi_63 td-pb-border-top td_block_template_1 td_ajax_preloading_preload td_flex_block\" data-td-block-uid=\"tdi_63\">\n<div id=\"tdi_63\" class=\"td_block_inner td-mc1-wrap\">\n<div class=\"td_module_flex td_module_flex_1 td_module_wrap td-animation-stack td-meta-info-hide td-cpt-post\">\n<div class=\"td-module-container td-category-pos-image\">\n<div class=\"td-module-meta-info\">\n<h3 class=\"entry-title td-module-title\"><a href=\"https:\/\/voceatimisului.ro\/tramvaiul-nu-vine-dar-propaganda-circula-perfect\/\" rel=\"bookmark\" title=\"Tramvaiul nu vine, dar propaganda circul\u0103 perfect\">Tramvaiul nu vine, dar propaganda circul\u0103 perfect<\/a><\/h3>\n<\/div>\n<\/div>\n<\/div>\n<div class=\"td_module_flex td_module_flex_1 td_module_wrap td-animation-stack td-meta-info-hide td-cpt-post\">\n<div class=\"td-module-container td-category-pos-image\">\n<div class=\"td-module-meta-info\">\n<h3 class=\"entry-title td-module-title\"><a href=\"https:\/\/voceatimisului.ro\/transportul-public-din-timisoara-se-prabuseste-in-fiecare-zi-in-trafic-dar-in-birourile-primariei-totul-arata-perfect-si-european\/\" rel=\"bookmark\" title=\"Transportul public din Timi\u0219oara se pr\u0103bu\u0219e\u0219te \u00een fiecare zi \u00een trafic, dar \u00een birourile Prim\u0103riei totul arat\u0103 perfect \u0219i \u201ceuropean\u201d\">Transportul public din Timi\u0219oara se pr\u0103bu\u0219e\u0219te \u00een fiecare zi \u00een trafic, dar \u00een birourile Prim\u0103riei totul arat\u0103 perfect \u0219i \u201ceuropean\u201d<\/a><\/h3>\n<\/div>\n<\/div>\n<\/div>\n<div class=\"td_module_flex td_module_flex_1 td_module_wrap td-animation-stack td-meta-info-hide td-cpt-post\">\n<div class=\"td-module-container td-category-pos-image\">\n<div class=\"td-module-meta-info\">\n<h3 class=\"entry-title td-module-title\"><a href=\"https:\/\/voceatimisului.ro\/iccj-ii-strica-lui-dominic-fritz-manevra-de-blocaj-dosarul-de-conflict-de-interese-se-reia\/\" rel=\"bookmark\" title=\"\u00ceCCJ \u00eei stric\u0103 lui Dominic Fritz manevra de blocaj. Dosarul de conflict de interese se reia\">\u00ceCCJ \u00eei stric\u0103 lui Dominic Fritz manevra de blocaj. Dosarul de conflict de interese se reia<\/a><\/h3>\n<\/div>\n<\/div>\n<\/div>\n<div class=\"td_module_flex td_module_flex_1 td_module_wrap td-animation-stack td-meta-info-hide td-cpt-post\">\n<div class=\"td-module-container td-category-pos-image\">\n<div class=\"td-module-meta-info\">\n<h3 class=\"entry-title td-module-title\"><a href=\"https:\/\/voceatimisului.ro\/retim-a-plecat-din-timisoara-sub-nasul-consiliului-local\/\" rel=\"bookmark\" title=\"RETIM a plecat din Timi\u0219oara sub nasul Consiliului Local\">RETIM a plecat din Timi\u0219oara sub nasul Consiliului Local<\/a><\/h3>\n<\/div>\n<\/div>\n<\/div>\n<\/div>\n<\/div>\n<div class=\"tdb-author-box td_block_wrap tdb_single_author_box tdi_68 tdb-content-vert-top td-pb-border-top td_block_template_1\" data-td-block-uid=\"tdi_68\">\n<div class=\"tdb-block-inner td-fix-index\">\n<div class=\"tdb-author-info\"><a href=\"https:\/\/voceatimisului.ro\/author\/tibi\/\" class=\"tdb-author-name\">Tiberiu Kiss<\/a><\/p>\n<div class=\"tdb-author-descr\">\u00centreaga responsabilitate a comentariilor l\u0103sate de dumneavoastr\u0103 v\u0103 apar\u021bine!<br \/>\nClick <a href=\"https:\/\/voceatimisului.ro\/termeni-si-conditii\/\">aici<\/a>-citeste condi\u0163iile de utilizare ale site-ului www.voceatimisului.ro<\/div>\n<\/div>\n<\/div>\n<\/div>\n<\/div>\n<\/div>\n<\/div>\n<div class=\"vc_column_inner tdi_70  wpb_column vc_column_container tdc-inner-column td-pb-span8\">\n<div class=\"vc_column-inner\">\n<div class=\"wpb_wrapper\">\n<div class=\"td_block_wrap tdb_single_content tdi_71 td-pb-border-top td_block_template_1 td-post-content tagdiv-type\" data-td-block-uid=\"tdi_71\">\n<div class=\"tdb-block-inner td-fix-index\">\n<h5 class=\"wp-block-heading\" id=\"h-sub-semnatura-directorului-general-ionu\u021b-mi\u0219a-la-data-de-31-ianuarie-a-c-direc\u021bia-generala-de-administrare-a-marilor-contribuabili-dgamc-din-cadrul-agen\u021bia-na\u021bionala-de-administrare-fiscala-anaf-a-solicitat-parchetului-de-pe-langa-tribunalul-timi\u0219-tragerea-la-raspundere-penala-a-colterm-sa-motivul-invocat-este-acela-ca-printr-o-serie-de-artificii-contabile-\u0219i-patrimoniale-primaria-timi\u0219oara-in-calitate-de-ac\u021bionar-majoritar-al-regiei-de-termoficare-ar-fi-procedat-la-insu\u0219irea-unor-mijloace-fixe-ale-fostei-regii-locale-pe-care-le-a-indicat-cu-o-valoare-egala-cu-zero-de\u0219i-o-parte-din-bunuri-se-aflau-sub-sechestrul-anaf-pana-la-concuren\u021ba-sumei-de-180-240-844-lei\">Sub semn\u0103tura directorului general Ionu\u021b Mi\u0219a, la data de 31 ianuarie a.c., Direc\u021bia General\u0103 de Administrare a Marilor Contribuabili (DGAMC) din cadrul Agen\u021bia Na\u021bional\u0103 de Administrare Fiscal\u0103 (ANAF) a solicitat Parchetului de pe l\u00e2ng\u0103 Tribunalul Timi\u0219 tragerea la r\u0103spundere penal\u0103 a Colterm SA. Motivul invocat este acela c\u0103, printr-o serie de artificii contabile \u0219i patrimoniale, Prim\u0103ria Timi\u0219oara, \u00een calitate de ac\u021bionar majoritar al regiei de termoficare, ar fi procedat la \u00eensu\u0219irea unor mijloace fixe ale fostei regii locale, pe care le-a indicat cu o valoare egal\u0103 cu zero, de\u0219i o parte din bunuri se aflau sub sechestrul ANAF, p\u00e2n\u0103 la concuren\u021ba sumei de 180.240.844 lei.<\/h5>\n<p>A\u0219a cum rezult\u0103 din documente, manevra administra\u021biei Dominic Fritz a \u00eenceput \u00een momentul \u00een care, la expirarea contractelor de concesiune, \u00eencheiate pentru delegarea gestiunii serviciului public de producere \u0219i transport a energiei termice, Colterm SA a procedat la predarea c\u0103tre Prim\u0103ria Timi\u0219oara a bunurilor avute \u00een exploatare, pe durata prest\u0103rilor de servicii c\u0103tre popula\u021bie. <\/p>\n<p>Astfel, pe data de 15 octombrie 2021, societatea de termoficare a fost \u00een\u0219tiin\u021bat\u0103 c\u0103, prin HCL 353 din 5 octombrie 2021, au \u00eencetat contractele vechi de delegare de gestiune (2004 \u0219i 2006), drept pentru care a fost semnat\u0103 o nou\u0103 \u00een\u021belegere de exploatare a re\u021belelor de termoficare \u0219i de furnizare a agentului termic.<\/p>\n<p>Interesant e c\u0103, \u00eentre cele dou\u0103 momente comerciale expirare-delegare de gestiune, \u00een actele adi\u021bionale, \u00eencheiate la data de 15 octombrie 2021, \u00eentre Prim\u0103ria Timi\u0219oara (<strong>concedent<\/strong>) \u0219i Colterm SA (<strong>concesionar<\/strong>), a\u0219a cum rezult\u0103 din contractul CDE nr. 1475 din aceea\u0219i dat\u0103, s-a strecurat urm\u0103torul aliniat: <strong><em>\u201d\u2026concesionarul pred\u0103 concedentului bunurile men\u021bionate \u00een Anexa 1. Bunurile predate, care fac parte din SACET (sistemul de alimentare centralizat de energie termic\u0103), sunt preluate f\u0103r\u0103 plat\u0103 \u00een proprietatea public\u0103 sau privat\u0103 a concedentului\u2026\u201d<\/em><\/strong><\/p>\n<p>Doar c\u0103, \u00een conformitate cu prevederile legale (Legea 325 din 2006 \u0219i Legea 196 din 20021), SACET reprezint\u0103 ansamblul bunurilor mobile \u0219i imobile \u2013 terenuri, cl\u0103diri, construc\u021bii, instala\u021bii tehnologice, echipamente \u0219i dot\u0103ri func\u021bionale, destinate producerii, transportului \u0219i distribu\u021biei energiei termice prin re\u021bele subterane \u2013 care <strong><em><u>fac parte din domeniul public ori privat al unit\u0103\u021bilor administrative teritoriale \u0219i sunt supuse regimului juridic al propriet\u0103\u021bii publice sau private, potrivit legii<\/u><\/em><\/strong>.<\/p>\n<p>Acum, ca s\u0103 fie c\u00e2t de c\u00e2t limpede pentru toat\u0103 lumea, bunurile de natur\u0103 SACET, \u00eenregistrate \u00een eviden\u021ba extrabilan\u021bier\u0103 a Colterm SA, aferente desf\u0103\u0219ur\u0103rii activit\u0103\u021bii de produc\u021bie, transport, distribu\u021bie \u0219i furnizare a agentului termic, sunt denumite \u0219i <strong><em>bunuri de retur<\/em><\/strong>. La data re\u00eennoirii contractului de gestiune \u0219i exploatare, acestea aveau o valoare de 562.956.005 lei. F\u0103r\u0103 doar \u0219i poate, conform legii, mijloacele fixe revin \u00een proprietatea Prim\u0103riei Timi\u0219oara, odat\u0103 cu \u00eencheierea \u00een\u021belegerii dintre p\u0103r\u021bi.<\/p>\n<p>Cert e c\u0103, la momentul expir\u0103rii-prelungirii contractului de delegare de gestiune, tot patrimoniul de termoficare al Timi\u0219oarei a fost predat la pachet c\u0103tre Prim\u0103ria Timi\u0219oara, f\u0103r\u0103 ca nimeni s\u0103 fac\u0103 nici cea mai mica diferen\u021b\u0103 dintre domeniul public sau privat. Practic, nici m\u0103car administratorul special al Colterm, expertul USR Cristian Amza, nu a prins ideea c\u0103 la predare-primire, bunurile de inventariere ale societ\u0103\u021bii de termoficare, obligatoriu \u0219i logic, trebuie identificate pe paliere contabile separate: <em>public \u0219i privat<\/em>!<\/p>\n<p><strong>Varz\u0103 de Bruxelles<\/strong><\/p>\n<p>Exact asta spun \u0219i cei de la ANAF \u2013 c\u0103 eviden\u021ba financiar-contabil\u0103 a bunurilor, care alc\u0103tuiesc domeniul public al statului sau al UAT-urilor se \u021bine, \u00een mod distinct, de c\u0103tre titularul dreptului de administrare, cedent sau de c\u0103tre institu\u021bia de utilitate public\u0103 care are \u00een folosin\u021b\u0103 gratuit\u0103 aceste bunuri. <\/p>\n<p>\u0218i, a\u0219a cum rezult\u0103 din documente, c\u00e2nd s-a f\u0103cut mi\u0219carea de mijloace fixe, la returnarea bunurilor \u00eenspre Prim\u0103ria Timi\u0219oara, Colterm SA, care a fost \u00eemp\u00e2nzit de speciali\u0219ti ai USR pe toate palierele de comanda, at\u00e2t la nivel de management, c\u00e2t \u00een AGA c\u00e2t \u0219i \u00een CA, a \u00eentocmit un proces-verbal, cu valoare contabil\u0103 zero, b\u0103g\u00e2nd la pachet bunuri care se aflau \u00een proprietatea public\u0103 a UAT Timi\u0219oara dar \u0219i elemente patrimoniale ale Colterm SA.<\/p>\n<p>Mai exact, mijloace fixe din gestiunea exclusiv\u0103 a Colterm SA, bunuri care nu pot func\u021bia de sine st\u0103t\u0103tor, tocmai pentru c\u0103 au leg\u0103tur\u0103 cu activitatea de baz\u0103 a companiei de termoficare, \u0219i care, a\u0219a cum sus\u021bin inspectorii fiscali<strong>, au fost achizi\u021bionate sau realizate prin eforturi financiare proprii, nu din aloca\u021bii bugetare<\/strong> care, la \u00eencetarea mandatului pentru delegarea gestiunii de producere a energiei termice, se returneaz\u0103 Prim\u0103riei Timi\u0219oara. <\/p>\n<p>A\u0219a c\u0103, \u00een situa\u021bia de fa\u021b\u0103, celor de la ANAF nu le-a fost deloc greu s\u0103 constante c\u0103, datorit\u0103 heirupismului \u0219i diletantismului, o serie de bunuri ale Colterm SA, aflate sub sechestrul Fisc-ului, datorit\u0103 problemelor de la societatea de termoficare, au disp\u0103rut prin schimbarea de proprietar.<\/p>\n<p>\u00cen acest context, \u00een pl\u00e2ngerea penal\u0103 adresat\u0103 procurorilor de pe l\u00e2ng\u0103 Tribunalul Timi\u0219, Direc\u021bia General\u0103 de Administrare a Marilor Contribuabili sus\u021bine c\u0103 fosta regie de termoficare a pus \u00een bra\u021bele Prim\u0103riei Timi\u0219oara mijloace fixe care fac obiectul sechestrului ANAF pentru debite datorate bugetului de stat, \u00een valoare de 180.240.844 lei. <\/p>\n<p>De precizat c\u0103, la ora actual\u0103, datorit\u0103 neachizi\u021bion\u0103rii certificatelor verzi, pe parcursul a doi ani consecutivi, <a href=\"https:\/\/voceatimisului.ro\/previziune-sumbra-lichidatorii-colterm-sa-anunta-ca-sistemul-centralizat-de-termoficare-din-municipiul-timisoara-se-va-prabusi-in-mai-putin-de-5-ani\/\" target=\"_blank\" rel=\"noreferrer noopener\">Colterm SA a intrat \u00een insolven\u021b\u0103, \u00een mandatul administra\u021biei Dominic Fritz, acumul\u00e2nd datorii uria\u0219e, \u00een sum\u0103 total\u0103 de circa peste 300.000.000 lei.<\/a><\/p>\n<p>Partea \u0219i mai proast\u0103 e c\u0103, dac\u0103 p\u00e2n\u0103 la data de 30 aprilie a.c., Colterm SA, societate aflat\u0103 \u00een subordinea Consiliului Local Timi\u0219oara, nu va achizi\u021biona certificatele verzi aferente anului 2022, fosta regie de termoficare a ora\u0219ului va primi o nou\u0103 amend\u0103. <\/p>\n<p>O alta de milioane de euro! Cu siguran\u021b\u0103 ultima c\u0103ci, a\u0219a cum a avertizat \u0219i firma de insolven\u021b\u0103, \u00een acel moment, pe experimentul USR, care e str\u00e2ns legat de confortul termic al timi\u0219orenilor, va scrie, \u00een mod cert: FALIMENT!<\/p>\n<\/div>\n<\/div>\n<div class=\"td_block_wrap tdb_single_tags tdi_74 td-pb-border-top td_block_template_1\" data-td-block-uid=\"tdi_74\">\n<div class=\"tdb-block-inner td-fix-index\">\n<ul class=\"tdb-tags\">\n<li><span>Tags<\/span><\/li>\n<li><a href=\"https:\/\/voceatimisului.ro\/tag\/anaf\/\">anaf<\/a><\/li>\n<li><a href=\"https:\/\/voceatimisului.ro\/tag\/colterm\/\">colterm<\/a><\/li>\n<li><a href=\"https:\/\/voceatimisului.ro\/tag\/dominic-fritz\/\">Dominic Fritz<\/a><\/li>\n<li><a href=\"https:\/\/voceatimisului.ro\/tag\/faliment\/\">faliment<\/a><\/li>\n<\/ul>\n<\/div>\n<\/div>\n<div class=\"td_block_wrap tdb_single_post_share tdi_75  td-pb-border-top td_block_template_1\" data-td-block-uid=\"tdi_75\">\n<div id=\"tdi_75\" class=\"td-post-sharing tdb-block td-ps-bg td-ps-notext td-post-sharing-style1 \">\n<div class=\"td-post-sharing-visible\"><a class=\"td-social-sharing-button td-social-sharing-button-js td-social-network td-social-facebook\" href=\"https:\/\/www.facebook.com\/sharer.php?u=https%3A%2F%2Fvoceatimisului.ro%2Fadio-coterm-anaf-a-depus-plangere-penala-impotriva-companiei-locale-de-termoficare-pentru-sustragerea-unor-bunuri-de-sub-sechestru-asigurator%2F\" title=\"Facebook\" rel=\"noopener\"><\/p>\n<div class=\"td-social-but-text\">Facebook<\/div>\n<p><\/a><a class=\"td-social-sharing-button td-social-sharing-button-js td-social-network td-social-twitter\" href=\"https:\/\/twitter.com\/intent\/tweet?text=Adio%2C+Colterm%21+ANAF+a+depus+pl%C3%A2ngere+penal%C4%83+%C3%AEmpotriva+companiei+locale+de+termoficare+pentru+sustragerea+unor+bunuri+de+sub+sechestru+asigurator&amp;url=https%3A%2F%2Fvoceatimisului.ro%2Fadio-coterm-anaf-a-depus-plangere-penala-impotriva-companiei-locale-de-termoficare-pentru-sustragerea-unor-bunuri-de-sub-sechestru-asigurator%2F&amp;via=Vocea+Timisului\" title=\"Twitter\" rel=\"noopener\"><\/p>\n<div class=\"td-social-but-text\">Twitter<\/div>\n<p><\/a><a class=\"td-social-sharing-button td-social-sharing-button-js td-social-network td-social-pinterest\" href=\"https:\/\/pinterest.com\/pin\/create\/button\/?url=https:\/\/voceatimisului.ro\/adio-coterm-anaf-a-depus-plangere-penala-impotriva-companiei-locale-de-termoficare-pentru-sustragerea-unor-bunuri-de-sub-sechestru-asigurator\/&amp;media=https:\/\/analyse.optim.biz\/wp-content\/uploads\/2025\/12\/temelie-in-cazul-colterm-sa-camera-de-conturi-timis-si-a-dus-concluziile-auditului-de-la-primaria-jpg.webp&amp;description=Adio%2C+Colterm%21+ANAF+a+depus+pl%C3%A2ngere+penal%C4%83+%C3%AEmpotriva+companiei+locale+de+termoficare+pentru+sustragerea+unor+bunuri+de+sub+sechestru+asigurator\" title=\"Pinterest\" rel=\"noopener\"><\/p>\n<div class=\"td-social-but-text\">Pinterest<\/div>\n<p><\/a><a class=\"td-social-sharing-button td-social-sharing-button-js td-social-network td-social-whatsapp\" href=\"https:\/\/api.whatsapp.com\/send?text=Adio%2C+Colterm%21+ANAF+a+depus+pl%C3%A2ngere+penal%C4%83+%C3%AEmpotriva+companiei+locale+de+termoficare+pentru+sustragerea+unor+bunuri+de+sub+sechestru+asigurator%20%0A%0A%20https:\/\/voceatimisului.ro\/adio-coterm-anaf-a-depus-plangere-penala-impotriva-companiei-locale-de-termoficare-pentru-sustragerea-unor-bunuri-de-sub-sechestru-asigurator\/\" title=\"WhatsApp\" rel=\"noopener\"><\/p>\n<div class=\"td-social-but-text\">WhatsApp<\/div>\n<p><\/a><a class=\"td-social-sharing-button td-social-sharing-button-js td-social-network td-social-linkedin\" href=\"https:\/\/www.linkedin.com\/shareArticle?mini=true&amp;url=https:\/\/voceatimisului.ro\/adio-coterm-anaf-a-depus-plangere-penala-impotriva-companiei-locale-de-termoficare-pentru-sustragerea-unor-bunuri-de-sub-sechestru-asigurator\/&amp;title=Adio%2C+Colterm%21+ANAF+a+depus+pl%C3%A2ngere+penal%C4%83+%C3%AEmpotriva+companiei+locale+de+termoficare+pentru+sustragerea+unor+bunuri+de+sub+sechestru+asigurator\" title=\"Linkedin\" rel=\"noopener\"><\/p>\n<div class=\"td-social-but-text\">Linkedin<\/div>\n<p><\/a><a class=\"td-social-sharing-button td-social-sharing-button-js td-social-network td-social-copy_url\" href=\"https:\/\/voceatimisului.ro\/adio-coterm-anaf-a-depus-plangere-penala-impotriva-companiei-locale-de-termoficare-pentru-sustragerea-unor-bunuri-de-sub-sechestru-asigurator\/\" title=\"Copy URL\" rel=\"noopener\"><\/p>\n<div class=\"td-social-but-text\">Copy URL<\/div>\n<p><\/a><\/div>\n<\/div>\n<\/div>\n<div class=\"td_block_wrap tdb_single_next_prev tdi_76 td-animation-stack td-next-prev-img-on td-pb-border-top td_block_template_1\" data-td-block-uid=\"tdi_76\">\n<div class=\"tdb-block-inner td-fix-index\">\n<div class=\"tdb-next-post tdb-next-post-bg tdb-post-prev\"><span>Articolul precedent<\/span><\/p>\n<div class=\"td-module-container\">\n<div class=\"td-image-container\"><a class=\"td-image-wrap\" href=\"https:\/\/voceatimisului.ro\/desene-animate-primaria-giroc-s-a-autodenuntat-la-dna-timisoara-motivand-ca-a-fost-obligata-sa-valideze-contractele-ilegale-de-asistenta-juridica-in-favoarea-avocatului-de-casa-gheorghe-sorinel-go\/\"><img loading=\"lazy\" decoding=\"async\" class=\"td-next-prev-image td-fix-index td-lazy-img\" title=\"&lt;strong&gt;Desene animate! Prim\u0103ria Giroc s-a autodenun\u021bat la DNA Timi\u0219oara, motiv\u00e2nd c\u0103 a fost obligat\u0103 s\u0103 valideze contractele ilegale de asisten\u021b\u0103 juridic\u0103, \u00een favoarea avocatului de cas\u0103, Gheorghe Sorinel Golban&lt;\/strong&gt;\" width=\"696\" height=\"564\" src=\"https:\/\/analyse.optim.biz\/wp-content\/uploads\/2025\/12\/carmina-mateia-sorinel-golban-jpg-696x564-1.webp\"><\/a><\/div>\n<div class=\"next-prev-title\"><a href=\"https:\/\/voceatimisului.ro\/desene-animate-primaria-giroc-s-a-autodenuntat-la-dna-timisoara-motivand-ca-a-fost-obligata-sa-valideze-contractele-ilegale-de-asistenta-juridica-in-favoarea-avocatului-de-casa-gheorghe-sorinel-go\/\"><strong>Desene animate! Prim\u0103ria Giroc s-a autodenun\u021bat la DNA Timi\u0219oara, motiv\u00e2nd c\u0103 a fost obligat\u0103 s\u0103 valideze contractele ilegale de asisten\u021b\u0103 juridic\u0103, \u00een favoarea avocatului de cas\u0103, Gheorghe Sorinel Golban<\/strong><\/a><\/div>\n<\/div>\n<\/div>\n<div class=\"tdb-next-post tdb-next-post-bg tdb-post-next\"><span>Articolul urm\u0103tor<\/span><\/p>\n<div class=\"td-module-container\">\n<div class=\"td-image-container\"><a class=\"td-image-wrap\" href=\"https:\/\/voceatimisului.ro\/praf-in-ochi-administratia-dominic-fritz-se-lupta-pe-facebook-cu-anihilarea-accidentelor-rutiere-in-timp-ce-contesta-amenzile-pentru-proasta-gestionare-a-infrastructurii-municipale-vinovata-pentru\/\"><img loading=\"lazy\" decoding=\"async\" class=\"td-next-prev-image td-fix-index td-lazy-img\" title=\"Praf \u00een ochi! Administra\u021bia Dominic Fritz se lupt\u0103 pe Facebook cu anihilarea accidentelor rutiere, \u00een timp ce contest\u0103 amenzile pentru proasta gestionare a infrastructurii municipale, vinovat\u0103 pentru pierderea de vie\u021bi omene\u0219ti\" width=\"696\" height=\"522\" src=\"https:\/\/analyse.optim.biz\/wp-content\/uploads\/2025\/12\/accident-langa-primaria-timisoara2-696x522-1.jpg\"><\/a><\/div>\n<div class=\"next-prev-title\"><a href=\"https:\/\/voceatimisului.ro\/praf-in-ochi-administratia-dominic-fritz-se-lupta-pe-facebook-cu-anihilarea-accidentelor-rutiere-in-timp-ce-contesta-amenzile-pentru-proasta-gestionare-a-infrastructurii-municipale-vinovata-pentru\/\">Praf \u00een ochi! Administra\u021bia Dominic Fritz se lupt\u0103 pe Facebook cu anihilarea accidentelor rutiere, \u00een timp ce contest\u0103 amenzile pentru proasta gestionare a infrastructurii municipale, vinovat\u0103 pentru pierderea de vie\u021bi omene\u0219ti<\/a><\/div>\n<\/div>\n<\/div>\n<\/div>\n<\/div>\n<\/div>\n<\/div>\n<\/div>\n<\/div>\n<div class=\"vc_row_inner tdi_86  vc_row vc_inner wpb_row td-pb-row\">\n<div class=\"vc_column_inner tdi_88  wpb_column vc_column_container tdc-inner-column td-pb-span4 td-is-sticky\">\n<div class=\"vc_column-inner\">\n<div class=\"wpb_wrapper\" data-sticky-enabled-on=\"W3RydWUsdHJ1ZSx0cnVlLHRydWVd\" data-sticky-offset=\"20\" data-sticky-is-width-auto=\"W2ZhbHNlLGZhbHNlLGZhbHNlLGZhbHNlXQ==\">\n<div class=\"td_block_wrap tdb_single_related tdi_89 td_with_ajax_pagination td-pb-border-top td_block_template_1 tdb-single-related-posts\" data-td-block-uid=\"tdi_89\">\n<div id=\"tdi_89\" class=\"td_block_inner tdb-block-inner td-fix-index\">\n<div class=\"tdb_module_related td_module_wrap td-animation-stack td-meta-info-hide\">\n<div class=\"td-module-container td-category-pos-image\">\n<div class=\"td-module-meta-info\">\n<h3 class=\"entry-title td-module-title\"><a href=\"https:\/\/voceatimisului.ro\/retim-si-a-mutat-sediul-in-oradea-timisoara-pierde-taxe-administratia-fritz-tace\/\" rel=\"bookmark\" title=\"RETIM \u0219i-a mutat sediul \u00een Oradea. Timi\u0219oara pierde taxe, administra\u021bia Fritz tace\">RETIM \u0219i-a mutat sediul \u00een Oradea. Timi\u0219oara pierde taxe, administra\u021bia Fritz tace<\/a><\/h3>\n<\/div>\n<\/div>\n<\/div>\n<div class=\"tdb_module_related td_module_wrap td-animation-stack td-meta-info-hide\">\n<div class=\"td-module-container td-category-pos-image\">\n<div class=\"td-module-meta-info\">\n<h3 class=\"entry-title td-module-title\"><a href=\"https:\/\/voceatimisului.ro\/fritz-ignora-legea-ministerul-muncii-confirma-incetarea-functiei-lui-pokker-in-ziua-pensionarii\/\" rel=\"bookmark\" title=\"Fritz ignor\u0103 legea. Ministerul Muncii confirm\u0103 \u00eencetarea func\u021biei lui Pokker \u00een ziua pension\u0103rii\">Fritz ignor\u0103 legea. Ministerul Muncii confirm\u0103 \u00eencetarea func\u021biei lui Pokker \u00een ziua pension\u0103rii<\/a><\/h3>\n<\/div>\n<\/div>\n<\/div>\n<div class=\"tdb_module_related td_module_wrap td-animation-stack td-meta-info-hide\">\n<div class=\"td-module-container td-category-pos-image\">\n<div class=\"td-module-meta-info\">\n<h3 class=\"entry-title td-module-title\"><a href=\"https:\/\/voceatimisului.ro\/licitatia-de-e-ticketing-a-primariei-timisoara-trimisa-la-rescris-de-cnsc-documentatie-profund-viciata-si-semne-de-intrebare-privind-expertiza-din-spatele-proiectului\/\" rel=\"bookmark\" title=\"Licita\u021bia de e-ticketing a Prim\u0103riei Timi\u0219oara, trimis\u0103 la rescris de CNSC. Documenta\u021bie \u201eprofund viciat\u0103\u201d \u0219i semne de \u00eentrebare privind expertiza din spatele proiectului\">Licita\u021bia de e-ticketing a Prim\u0103riei Timi\u0219oara, trimis\u0103 la rescris de CNSC. Documenta\u021bie \u201eprofund viciat\u0103\u201d \u0219i semne de \u00eentrebare privind expertiza din spatele proiectului<\/a><\/h3>\n<\/div>\n<\/div>\n<\/div>\n<\/div>\n<\/div>\n<\/div>\n<\/div>\n<\/div>\n<div class=\"vc_column_inner tdi_91  wpb_column vc_column_container tdc-inner-column td-pb-span8\">\n<div class=\"vc_column-inner\">\n<div class=\"wpb_wrapper\">\n<div class=\"td_block_wrap tdb_single_comments tdi_92 tdb-comm-layout2 td-pb-border-top td_block_template_2\" data-td-block-uid=\"tdi_92\">\n<div class=\"tdb-block-inner td-fix-index\">\n<div class=\"comments\" id=\"comments\">\n<div class=\"td-comments-title-wrap td_block_template_2\">\n<h4 class=\"td-comments-title td-block-title\"><span>3 COMENTARII<\/span><\/h4>\n<\/div>\n<ol class=\"comment-list\">\n<li class=\"comment \" id=\"comment-26248\">\n<article>\n<footer><cite>Radu<\/cite><a class=\"comment-link\" href=\"https:\/\/voceatimisului.ro\/adio-coterm-anaf-a-depus-plangere-penala-impotriva-companiei-locale-de-termoficare-pentru-sustragerea-unor-bunuri-de-sub-sechestru-asigurator\/#comment-26248\"><time><br \/>\n\t\t\t\t\t\t    7 februarie 2023\t\t\t\t\t\t    La\t\t\t\t\t\t    7:54 PM<\/time><\/a><\/footer>\n<div class=\"comment-content\">\n<p>Asadar cei care au incercat sa salveze coltermul, de care depind mii de oameni si zeci de institutii, dupa ce ceilalti l-au ingropat in datorii, sunt acum vinovati. Frumos e in romanica. Mai stati. Mai puneti boticul la prosteala pnl-psd. Viitorul e al hotilor!<\/p>\n<\/div>\n<div class=\"comment-meta\" id=\"comment-26248\"><a rel=\"nofollow\" class=\"comment-reply-link\" href=\"https:\/\/voceatimisului.ro\/adio-coterm-anaf-a-depus-plangere-penala-impotriva-companiei-locale-de-termoficare-pentru-sustragerea-unor-bunuri-de-sub-sechestru-asigurator\/#comment-26248\" data-commentid=\"26248\" data-postid=\"155032\" data-belowelement=\"comment-26248\" data-respondelement=\"respond\" data-replyto=\"R\u0103spunde-i lui Radu\" aria-label=\"R\u0103spunde-i lui Radu\">R\u0103spunde\u021bi<\/a><\/div>\n<\/article>\n<ul class=\"children\">\n<li class=\"comment \" id=\"comment-26249\">\n<article>\n<footer><cite><a href=\"http:\/\/www.voceatimisului.ro\" class=\"url\" rel=\"ugc external nofollow\">Radu Constantin<\/a><\/cite><a class=\"comment-link\" href=\"https:\/\/voceatimisului.ro\/adio-coterm-anaf-a-depus-plangere-penala-impotriva-companiei-locale-de-termoficare-pentru-sustragerea-unor-bunuri-de-sub-sechestru-asigurator\/#comment-26249\"><time><br \/>\n\t\t\t\t\t\t    8 februarie 2023\t\t\t\t\t\t    La\t\t\t\t\t\t    7:09 AM<\/time><\/a><\/footer>\n<div class=\"comment-content\">\n<p>PSD-PNL, au furat pe rupte 33 de ani, au venit ,,speciali\u0219tii\u201d USR la butoane \u0219i au mai \u00eencasat o amenda de 30 de milioane de euro\u2026..Speciali\u0219tii aia care, \u00een campania electorala, aveau solu\u021bii \u0219i la 3 diminea\u021ba dac\u0103 ii trezeai din somn. Acum dorm ad\u00e2nc, nu mai aud alarma de la telefon.<\/p>\n<\/div>\n<div class=\"comment-meta\" id=\"comment-26249\"><a rel=\"nofollow\" class=\"comment-reply-link\" href=\"https:\/\/voceatimisului.ro\/adio-coterm-anaf-a-depus-plangere-penala-impotriva-companiei-locale-de-termoficare-pentru-sustragerea-unor-bunuri-de-sub-sechestru-asigurator\/#comment-26249\" data-commentid=\"26249\" data-postid=\"155032\" data-belowelement=\"comment-26249\" data-respondelement=\"respond\" data-replyto=\"R\u0103spunde-i lui Radu Constantin\" aria-label=\"R\u0103spunde-i lui Radu Constantin\">R\u0103spunde\u021bi<\/a><\/div>\n<\/article>\n<\/li>\n<li class=\"comment \" id=\"comment-26251\">\n<article>\n<footer><cite>corectu din bocsig<\/cite><a class=\"comment-link\" href=\"https:\/\/voceatimisului.ro\/adio-coterm-anaf-a-depus-plangere-penala-impotriva-companiei-locale-de-termoficare-pentru-sustragerea-unor-bunuri-de-sub-sechestru-asigurator\/#comment-26251\"><time><br \/>\n\t\t\t\t\t\t    9 februarie 2023\t\t\t\t\t\t    La\t\t\t\t\t\t    8:33 AM<\/time><\/a><\/footer>\n<div class=\"comment-content\">\n<p>\u2026nu \u0219tiu cine sunte\u021bi,  dar INCEPE SA MIROASE FF URATA ,desertul v\u00e2ndut constat , electoratului , denumit *ho\u021bii din PNL -PSD*..!! ..s-a alterat r\u0103u..!!<br \/>\n\u2026atat timp c\u00e2t ga\u0219ca de LATCAI este sus\u021binut\u0103 de SECTANTI -PROFI* DE OARATORIE, viitorul e sumbru..!!!<br \/>\n\u2026aten\u021bie mare , la manevrele magistrale , FACUTE PE BD CETATII,<br \/>\n\u2026.. aten\u021bie MAREEE MAREEE LA MANEVRELE PUSE PE MASA , de mega firma de avocatura ALEASA DE COLEGII D-VOASTRA USR.-isti sa taxeze ca la BRUXELLES,  muribunda COLTERM<\/p>\n<\/div>\n<div class=\"comment-meta\" id=\"comment-26251\"><a rel=\"nofollow\" class=\"comment-reply-link\" href=\"https:\/\/voceatimisului.ro\/adio-coterm-anaf-a-depus-plangere-penala-impotriva-companiei-locale-de-termoficare-pentru-sustragerea-unor-bunuri-de-sub-sechestru-asigurator\/#comment-26251\" data-commentid=\"26251\" data-postid=\"155032\" data-belowelement=\"comment-26251\" data-respondelement=\"respond\" data-replyto=\"R\u0103spunde-i lui corectu din bocsig\" aria-label=\"R\u0103spunde-i lui corectu din bocsig\">R\u0103spunde\u021bi<\/a><\/div>\n<\/article>\n<\/li>\n<\/ul>\n<\/li>\n<\/ol>\n<div id=\"respond\" class=\"comment-respond\">\n<h3 id=\"reply-title\" class=\"comment-reply-title\">L\u0102SA\u021aI UN MESAJ <small><a rel=\"nofollow\" id=\"cancel-comment-reply-link\" href=\"https:\/\/voceatimisului.ro\/adio-coterm-anaf-a-depus-plangere-penala-impotriva-companiei-locale-de-termoficare-pentru-sustragerea-unor-bunuri-de-sub-sechestru-asigurator\/#respond\">Renun\u021ba\u021bi la r\u0103spuns<\/a><\/small><\/h3>\n<div class=\"comment-form-input-wrap td-form-comment\">\n<div class=\"td-warning-comment\">V\u0103 rug\u0103m s\u0103 introduce\u021bi comentariul dvs.!<\/div>\n<\/div>\n<div class=\"comment-form-input-wrap td-form-author\">\n<div class=\"td-warning-author\">Introduce\u021bi aici numele dvs.<\/div>\n<\/div>\n<div class=\"comment-form-input-wrap td-form-email\">\n<div class=\"td-warning-email-error\">A\u021bi introdus o adres\u0103 de e-mail incorect\u0103!<\/div>\n<div class=\"td-warning-email\">V\u0103 rug\u0103m s\u0103 introduce\u021bi adresa dvs. de e-mail aici<\/div>\n<\/div>\n<\/div>\n<\/div>\n<\/div>\n<\/div>\n<\/div>\n<\/div>\n<\/div>\n<\/div>\n<\/div>\n<\/div>\n<div class=\"vc_column tdi_94  wpb_column vc_column_container tdc-column td-pb-span4 td-is-sticky\">\n<div class=\"wpb_wrapper\" data-sticky-enabled-on=\"W3RydWUsdHJ1ZSx0cnVlLHRydWVd\" data-sticky-offset=\"20\" data-sticky-is-width-auto=\"W2ZhbHNlLGZhbHNlLGZhbHNlLGZhbHNlXQ==\">\n<div class=\"vc_row_inner tdi_96  vc_row vc_inner wpb_row td-pb-row\">\n<div class=\"vc_column_inner tdi_98  wpb_column vc_column_container tdc-inner-column td-pb-span12\">\n<div class=\"vc_column-inner\">\n<div class=\"wpb_wrapper\">\n<div class=\"td_block_wrap td_block_title tdi_99 td-pb-border-top td_block_template_11 td-fix-index\" data-td-block-uid=\"tdi_99\">\n<div class=\"td-block-title-wrap\">\n<h4 class=\"td-block-title\"><span class=\"td-pulldown-size\">ANUN\u021aURI \u0218I PUBLICITATE<\/span><\/h4>\n<\/div>\n<\/div>\n<\/div>\n<\/div>\n<\/div>\n<\/div>\n<div class=\"wpb_wrapper td_block_wrap vc_widget_sidebar tdi_101 \">\n<aside id=\"block-10\" class=\"td_block_template_1 widget block-10 widget_block widget_media_image\">\n<figure class=\"wp-block-image size-full\"><a href=\"https:\/\/adpghiroda.ro\/index.html\" target=\"_blank\" rel=\" noreferrer noopener\"><img decoding=\"async\" loading=\"lazy\" width=\"960\" height=\"960\" src=\"https:\/\/analyse.optim.biz\/wp-content\/uploads\/2025\/12\/adp-ghiroda2-4.jpg\" class=\"wp-image-171492\" title=\"adp-ghiroda2-4\"><\/a><\/figure>\n<\/aside>\n<aside id=\"block-11\" class=\"td_block_template_1 widget block-11 widget_block widget_media_image\">\n<figure class=\"wp-block-image size-full\"><a href=\"https:\/\/adpghiroda.ro\/index.html\" target=\"_blank\" rel=\" noreferrer noopener\"><img decoding=\"async\" loading=\"lazy\" width=\"960\" height=\"960\" src=\"https:\/\/analyse.optim.biz\/wp-content\/uploads\/2025\/12\/adp-ghiroda1-4.jpg\" class=\"wp-image-171491\" title=\"adp-ghiroda1-4\"><\/a><\/figure>\n<\/aside>\n<aside id=\"block-17\" class=\"td_block_template_1 widget block-17 widget_block widget_media_image\">\n<figure class=\"wp-block-image size-large is-resized\"><a href=\"https:\/\/verde.events\/\" target=\"_blank\" rel=\" noreferrer noopener\"><img decoding=\"async\" loading=\"lazy\" width=\"1024\" height=\"683\" src=\"https:\/\/analyse.optim.biz\/wp-content\/uploads\/2025\/12\/verde-events-24-1024x683-5.jpg\" alt=\"Verde Events\" class=\"wp-image-174395\" title=\"verde-events-24-1024x683-5\"><\/a><figcaption class=\"wp-element-caption\"><strong><em>O experien\u021b\u0103 unic\u0103 pentru orice tip de eveniment<\/em><\/strong><\/figcaption><\/figure>\n<\/aside>\n<\/div>\n<div class=\"td_block_wrap td_flex_block_1 tdi_107 td-pb-border-top td_block_template_1 td_ajax_preloading_preload td_flex_block\" data-td-block-uid=\"tdi_107\">\n<div id=\"tdi_107\" class=\"td_block_inner td-mc1-wrap\">\n<div class=\"td_module_flex td_module_flex_1 td_module_wrap td-animation-stack td-meta-info-hide td-cpt-post\">\n<div class=\"td-module-container td-category-pos-image\">\n<div class=\"td-module-meta-info\">\n<h3 class=\"entry-title td-module-title\"><a href=\"https:\/\/voceatimisului.ro\/dominic-fritz-si-pensionarii-de-lux-ai-legalitatii\/\" rel=\"bookmark\" title=\"Dominic Fritz \u0219i pensionarii de lux ai legalit\u0103\u021bii\">Dominic Fritz \u0219i pensionarii de lux ai legalit\u0103\u021bii<\/a><\/h3>\n<\/div>\n<\/div>\n<\/div>\n<div class=\"td_module_flex td_module_flex_1 td_module_wrap td-animation-stack td-meta-info-hide td-cpt-post\">\n<div class=\"td-module-container td-category-pos-image\">\n<div class=\"td-module-meta-info\">\n<h3 class=\"entry-title td-module-title\"><a href=\"https:\/\/voceatimisului.ro\/demolari-fara-drept-si-functionari-executati-administratia-fritz-tot-mai-aproape-de-comunismul-birocratic\/\" rel=\"bookmark\" title=\"Demol\u0103ri f\u0103r\u0103 drept \u0219i func\u021bionari executa\u021bi: administra\u021bia Fritz, tot mai aproape de comunismul birocratic\">Demol\u0103ri f\u0103r\u0103 drept \u0219i func\u021bionari executa\u021bi: administra\u021bia Fritz, tot mai aproape de comunismul birocratic<\/a><\/h3>\n<\/div>\n<\/div>\n<\/div>\n<div class=\"td_module_flex td_module_flex_1 td_module_wrap td-animation-stack td-meta-info-hide td-cpt-post\">\n<div class=\"td-module-container td-category-pos-image\">\n<div class=\"td-module-meta-info\">\n<h3 class=\"entry-title td-module-title\"><a href=\"https:\/\/voceatimisului.ro\/buldozerul-administratiei-fritz-loveste-din-nou-viceprimarul-romocean-i-a-executat-administrativ-pe-cei-doi-functionari-care-au-refuzat-sa-mai-participe-la-demolarile-abuzive\/\" rel=\"bookmark\" title=\"Buldozerul administra\u021biei Fritz love\u0219te din nou. Viceprimarul Romocean i-a executat administrativ pe cei doi func\u021bionari care au refuzat s\u0103 mai participe la demol\u0103rile abuzive\">Buldozerul administra\u021biei Fritz love\u0219te din nou. Viceprimarul Romocean i-a executat administrativ pe cei doi func\u021bionari care au refuzat s\u0103 mai participe la demol\u0103rile abuzive<\/a><\/h3>\n<\/div>\n<\/div>\n<\/div>\n<div class=\"td_module_flex td_module_flex_1 td_module_wrap td-animation-stack td-meta-info-hide td-cpt-post\">\n<div class=\"td-module-container td-category-pos-image\">\n<div class=\"td-module-meta-info\">\n<h3 class=\"entry-title td-module-title\"><a href=\"https:\/\/voceatimisului.ro\/buldozerul-intai-legea-dupa-primaria-timisoara-isi-verifica-singura-demolarea-de-la-dinar\/\" rel=\"bookmark\" title=\"Buldozerul \u00eent\u00e2i, legea dup\u0103. Prim\u0103ria Timi\u0219oara \u00ee\u0219i verific\u0103 singur\u0103 demolarea de la Dinar\">Buldozerul \u00eent\u00e2i, legea dup\u0103. Prim\u0103ria Timi\u0219oara \u00ee\u0219i verific\u0103 singur\u0103 demolarea de la Dinar<\/a><\/h3>\n<\/div>\n<\/div>\n<\/div>\n<div class=\"td_module_flex td_module_flex_1 td_module_wrap td-animation-stack td-meta-info-hide td-cpt-post\">\n<div class=\"td-module-container td-category-pos-image\">\n<div class=\"td-module-meta-info\">\n<h3 class=\"entry-title td-module-title\"><a href=\"https:\/\/voceatimisului.ro\/buldozerul-lui-fritz-mai-presus-de-lege\/\" rel=\"bookmark\" title=\"Buldozerul lui Fritz, mai presus de lege\">Buldozerul lui Fritz, mai presus de lege<\/a><\/h3>\n<\/div>\n<\/div>\n<\/div>\n<\/div>\n<\/div>\n<\/div>\n<\/div>\n<\/div>\n<\/div>\n<\/div>\n<\/div>\n<p><span class=\"td-page-meta\"><\/span><span class=\"td-page-meta\"><span class=\"td-page-meta\"><\/span><\/span><span class=\"td-page-meta\"><\/span><\/article>\n<p> Source URL: https:\/\/voceatimisului.ro\/adio-coterm-anaf-a-depus-plangere-penala-impotriva-companiei-locale-de-termoficare-pentru-sustragerea-unor-bunuri-de-sub-sechestru-asigurator\/<\/p>\n","protected":false},"excerpt":{"rendered":"<p>\u0218tiriExclusiv Adio, Colterm! ANAF a depus pl\u00e2ngere penal\u0103 \u00eempotriva companiei locale de termoficare pentru sustragerea unor bunuri de sub sechestru asigurator Autor-Tiberiu Kiss 7 februarie 2023 3 19013 Facebook Twitter Pinterest WhatsApp Linkedin Copy URL Temelie In cazul Colterm SA Camera de Conturi Timis si a dus concluziile auditului de la Primaria jpg Tramvaiul nu [&hellip;]<\/p>\n","protected":false},"author":1,"featured_media":1063820,"comment_status":"open","ping_status":"","sticky":false,"template":"","format":"standard","meta":{"footnotes":""},"categories":[89],"tags":[199],"class_list":["post-1063819","post","type-post","status-publish","format-standard","has-post-thumbnail","hentry","category-romania","tag-voceatimisului-ro"],"_links":{"self":[{"href":"https:\/\/analyse.optim.biz\/index.php?rest_route=\/wp\/v2\/posts\/1063819","targetHints":{"allow":["GET"]}}],"collection":[{"href":"https:\/\/analyse.optim.biz\/index.php?rest_route=\/wp\/v2\/posts"}],"about":[{"href":"https:\/\/analyse.optim.biz\/index.php?rest_route=\/wp\/v2\/types\/post"}],"author":[{"embeddable":true,"href":"https:\/\/analyse.optim.biz\/index.php?rest_route=\/wp\/v2\/users\/1"}],"replies":[{"embeddable":true,"href":"https:\/\/analyse.optim.biz\/index.php?rest_route=%2Fwp%2Fv2%2Fcomments&post=1063819"}],"version-history":[{"count":0,"href":"https:\/\/analyse.optim.biz\/index.php?rest_route=\/wp\/v2\/posts\/1063819\/revisions"}],"wp:featuredmedia":[{"embeddable":true,"href":"https:\/\/analyse.optim.biz\/index.php?rest_route=\/wp\/v2\/media\/1063820"}],"wp:attachment":[{"href":"https:\/\/analyse.optim.biz\/index.php?rest_route=%2Fwp%2Fv2%2Fmedia&parent=1063819"}],"wp:term":[{"taxonomy":"category","embeddable":true,"href":"https:\/\/analyse.optim.biz\/index.php?rest_route=%2Fwp%2Fv2%2Fcategories&post=1063819"},{"taxonomy":"post_tag","embeddable":true,"href":"https:\/\/analyse.optim.biz\/index.php?rest_route=%2Fwp%2Fv2%2Ftags&post=1063819"}],"curies":[{"name":"wp","href":"https:\/\/api.w.org\/{rel}","templated":true}]}}