{"id":1063806,"date":"2025-05-17T06:38:52","date_gmt":"2025-05-17T03:38:52","guid":{"rendered":"https:\/\/analyse.optim.biz\/?p=1063806"},"modified":"2025-05-17T06:38:52","modified_gmt":"2025-05-17T03:38:52","slug":"incident-grav-semnalat-intr-o-toaleta-de-la-liceul-calderon-din-timisoara-politia-si-inspectoratul-scolar-au-fost-sesizate","status":"publish","type":"post","link":"https:\/\/analyse.optim.biz\/?p=1063806","title":{"rendered":"Incident grav semnalat \u00eentr-o toalet\u0103 de la Liceul Calderon din Timi\u0219oara. Poli\u021bia \u0219i Inspectoratul \u0218colar au fost sesizate"},"content":{"rendered":"<article id=\"template-id-172790\" class=\"post-172790 tdb_templates type-tdb_templates status-publish post\">\n<div id=\"tdi_38\" class=\"tdc-zone\">\n<div class=\"tdc_zone tdi_39  wpb_row td-pb-row\">\n<div id=\"tdi_40\" class=\"tdc-row stretch_row_1400 td-stretch-content\">\n<div class=\"vc_row tdi_41  wpb_row td-pb-row tdc-element-style\">\n<div class=\"vc_column tdi_43  wpb_column vc_column_container tdc-column td-pb-span8\">\n<div class=\"wpb_wrapper\">\n<div class=\"td_block_wrap tdb_single_categories tdi_44 td-pb-border-top td_block_template_1 \" data-td-block-uid=\"tdi_44\">\n<div class=\"tdb-category td-fix-index\"><a class=\"tdb-entry-category\" href=\"https:\/\/voceatimisului.ro\/exclusiv\/\">Exclusiv<\/a><a class=\"tdb-entry-category\" href=\"https:\/\/voceatimisului.ro\/stiri-din-timisoara-si-timis\/\">\u0218tiri<\/a><\/div>\n<\/div>\n<div class=\"td_block_wrap tdb_title tdi_45 tdb-single-title td-pb-border-top td_block_template_1\" data-td-block-uid=\"tdi_45\">\n<div class=\"tdb-block-inner td-fix-index\">\n<h1 class=\"tdb-title-text\">Incident grav semnalat \u00eentr-o toalet\u0103 de la Liceul Calderon din Timi\u0219oara. Poli\u021bia \u0219i Inspectoratul \u0218colar au fost sesizate<\/h1>\n<\/div>\n<\/div>\n<div class=\"vc_row_inner tdi_48  vc_row vc_inner wpb_row td-pb-row\">\n<div class=\"vc_column_inner tdi_50  wpb_column vc_column_container tdc-inner-column td-pb-span6\">\n<div class=\"vc_column-inner\">\n<div class=\"wpb_wrapper\">\n<div class=\"td_block_wrap tdb_single_author tdi_51 td-pb-border-top td_block_template_1 tdb-post-meta\" data-td-block-uid=\"tdi_51\">\n<div class=\"tdb-block-inner td-fix-index\">\n<div class=\"tdb-author-name-wrap\"><span class=\"tdb-author-by\">Autor-<\/span><a class=\"tdb-author-name\" href=\"https:\/\/voceatimisului.ro\/author\/cataadmin\/\">Radu Constantin<\/a><\/div>\n<\/div>\n<\/div>\n<div class=\"td_block_wrap tdb_single_date tdi_52 td-pb-border-top td_block_template_1 tdb-post-meta\" data-td-block-uid=\"tdi_52\">\n<div class=\"tdb-block-inner td-fix-index\"><time class=\"entry-date updated td-module-date\" datetime=\"2025-05-17T09:38:52+03:00\">17 mai 2025<\/time><\/div>\n<\/div>\n<div class=\"td_block_wrap tdb_single_comments_count tdi_53 td-pb-border-top td_block_template_1 tdb-post-meta\" data-td-block-uid=\"tdi_53\">\n<div class=\"tdb-block-inner td-fix-index\"><a href=\"https:\/\/voceatimisului.ro\/https-voceatimisului-ro-incident-grav-semnalat-intr-o-toaleta-de-la-liceul-calderon-din-timisoara-politia-si-inspectoratul-scolar-au-fost-sesizate\/#respond\"><span>0<\/span><\/a><\/div>\n<\/div>\n<div class=\"td_block_wrap tdb_single_post_views tdi_54 td-pb-border-top td_block_template_1 tdb-post-meta\" data-td-block-uid=\"tdi_54\">\n<div class=\"tdb-block-inner td-fix-index\"><span class=\"tdb-add-text\">1<\/span><span class=\"td-nr-views-172287\">4493<\/span><\/div>\n<\/div>\n<\/div>\n<\/div>\n<\/div>\n<div class=\"vc_column_inner tdi_56  wpb_column vc_column_container tdc-inner-column td-pb-span6\">\n<div class=\"vc_column-inner\">\n<div class=\"wpb_wrapper\">\n<div class=\"td_block_wrap tdb_single_post_share tdi_57  td-pb-border-top td_block_template_1\" data-td-block-uid=\"tdi_57\">\n<div id=\"tdi_57\" class=\"td-post-sharing tdb-block td-ps-bg td-ps-notext td-post-sharing-style1 \">\n<div class=\"td-post-sharing-visible\"><a class=\"td-social-sharing-button td-social-sharing-button-js td-social-network td-social-facebook\" href=\"https:\/\/www.facebook.com\/sharer.php?u=https%3A%2F%2Fvoceatimisului.ro%2Fhttps-voceatimisului-ro-incident-grav-semnalat-intr-o-toaleta-de-la-liceul-calderon-din-timisoara-politia-si-inspectoratul-scolar-au-fost-sesizate%2F\" title=\"Facebook\" rel=\"noopener\"><\/p>\n<div class=\"td-social-but-text\">Facebook<\/div>\n<p><\/a><a class=\"td-social-sharing-button td-social-sharing-button-js td-social-network td-social-twitter\" href=\"https:\/\/twitter.com\/intent\/tweet?text=Incident+grav+semnalat+%C3%AEntr-o+toalet%C4%83+de+la+Liceul+Calderon+din+Timi%C8%99oara.+Poli%C8%9Bia+%C8%99i+Inspectoratul+%C8%98colar+au+fost+sesizate&amp;url=https%3A%2F%2Fvoceatimisului.ro%2Fhttps-voceatimisului-ro-incident-grav-semnalat-intr-o-toaleta-de-la-liceul-calderon-din-timisoara-politia-si-inspectoratul-scolar-au-fost-sesizate%2F&amp;via=Vocea+Timisului\" title=\"Twitter\" rel=\"noopener\"><\/p>\n<div class=\"td-social-but-text\">Twitter<\/div>\n<p><\/a><a class=\"td-social-sharing-button td-social-sharing-button-js td-social-network td-social-pinterest\" href=\"https:\/\/pinterest.com\/pin\/create\/button\/?url=https:\/\/voceatimisului.ro\/https-voceatimisului-ro-incident-grav-semnalat-intr-o-toaleta-de-la-liceul-calderon-din-timisoara-politia-si-inspectoratul-scolar-au-fost-sesizate\/&amp;media=https:\/\/analyse.optim.biz\/wp-content\/uploads\/2025\/12\/maxresdefault-2-6.jpg&amp;description=Incident+grav+semnalat+%C3%AEntr-o+toalet%C4%83+de+la+Liceul+Calderon+din+Timi%C8%99oara.+Poli%C8%9Bia+%C8%99i+Inspectoratul+%C8%98colar+au+fost+sesizate\" title=\"Pinterest\" rel=\"noopener\"><\/p>\n<div class=\"td-social-but-text\">Pinterest<\/div>\n<p><\/a><a class=\"td-social-sharing-button td-social-sharing-button-js td-social-network td-social-whatsapp\" href=\"https:\/\/api.whatsapp.com\/send?text=Incident+grav+semnalat+%C3%AEntr-o+toalet%C4%83+de+la+Liceul+Calderon+din+Timi%C8%99oara.+Poli%C8%9Bia+%C8%99i+Inspectoratul+%C8%98colar+au+fost+sesizate%20%0A%0A%20https:\/\/voceatimisului.ro\/https-voceatimisului-ro-incident-grav-semnalat-intr-o-toaleta-de-la-liceul-calderon-din-timisoara-politia-si-inspectoratul-scolar-au-fost-sesizate\/\" title=\"WhatsApp\" rel=\"noopener\"><\/p>\n<div class=\"td-social-but-text\">WhatsApp<\/div>\n<p><\/a><a class=\"td-social-sharing-button td-social-sharing-button-js td-social-network td-social-linkedin\" href=\"https:\/\/www.linkedin.com\/shareArticle?mini=true&amp;url=https:\/\/voceatimisului.ro\/https-voceatimisului-ro-incident-grav-semnalat-intr-o-toaleta-de-la-liceul-calderon-din-timisoara-politia-si-inspectoratul-scolar-au-fost-sesizate\/&amp;title=Incident+grav+semnalat+%C3%AEntr-o+toalet%C4%83+de+la+Liceul+Calderon+din+Timi%C8%99oara.+Poli%C8%9Bia+%C8%99i+Inspectoratul+%C8%98colar+au+fost+sesizate\" title=\"Linkedin\" rel=\"noopener\"><\/p>\n<div class=\"td-social-but-text\">Linkedin<\/div>\n<p><\/a><a class=\"td-social-sharing-button td-social-sharing-button-js td-social-network td-social-copy_url\" href=\"https:\/\/voceatimisului.ro\/https-voceatimisului-ro-incident-grav-semnalat-intr-o-toaleta-de-la-liceul-calderon-din-timisoara-politia-si-inspectoratul-scolar-au-fost-sesizate\/\" title=\"Copy URL\" rel=\"noopener\"><\/p>\n<div class=\"td-social-but-text\">Copy URL<\/div>\n<p><\/a><\/div>\n<\/div>\n<\/div>\n<\/div>\n<\/div>\n<\/div>\n<\/div>\n<div class=\"td_block_wrap tdb_single_featured_image tdi_58 tdb-content-horiz-left td-pb-border-top td_block_template_1\" data-td-block-uid=\"tdi_58\">\n<div class=\"tdb-block-inner td-fix-index\"><img loading=\"lazy\" decoding=\"async\" width=\"696\" height=\"392\" class=\"entry-thumb\" src=\"https:\/\/analyse.optim.biz\/wp-content\/uploads\/2025\/12\/maxresdefault-2-696x392-1.jpg\" title=\"172287\"><\/div>\n<\/div>\n<div class=\"vc_row_inner tdi_60  vc_row vc_inner wpb_row td-pb-row\">\n<div class=\"vc_column_inner tdi_62  wpb_column vc_column_container tdc-inner-column td-pb-span4 td-is-sticky\">\n<div class=\"vc_column-inner\">\n<div class=\"wpb_wrapper\" data-sticky-enabled-on=\"W3RydWUsdHJ1ZSx0cnVlLHRydWVd\" data-sticky-offset=\"20\" data-sticky-is-width-auto=\"W2ZhbHNlLGZhbHNlLGZhbHNlLGZhbHNlXQ==\">\n<div class=\"td_block_wrap td_flex_block_1 tdi_63 td-pb-border-top td_block_template_1 td_ajax_preloading_preload td_flex_block\" data-td-block-uid=\"tdi_63\">\n<div id=\"tdi_63\" class=\"td_block_inner td-mc1-wrap\">\n<div class=\"td_module_flex td_module_flex_1 td_module_wrap td-animation-stack td-meta-info-hide td-cpt-post\">\n<div class=\"td-module-container td-category-pos-image\">\n<div class=\"td-module-meta-info\">\n<h3 class=\"entry-title td-module-title\"><a href=\"https:\/\/voceatimisului.ro\/dupa-incidentul-grav-de-la-calderon-politistii-iau-masuri-preventive-in-scolile-din-timis-actiuni-la-colegiul-banatean-si-scoala-din-ghiroda\/\" rel=\"bookmark\" title=\"Dup\u0103 incidentul grav de la Calderon, poli\u021bi\u0219tii iau m\u0103suri preventive \u00een \u0219colile din Timi\u0219: ac\u021biuni la Colegiul B\u0103n\u0103\u021bean \u0219i \u0218coala din Ghiroda\">Dup\u0103 incidentul grav de la Calderon, poli\u021bi\u0219tii iau m\u0103suri preventive \u00een \u0219colile din Timi\u0219: ac\u021biuni la Colegiul B\u0103n\u0103\u021bean \u0219i \u0218coala din Ghiroda<\/a><\/h3>\n<\/div>\n<\/div>\n<\/div>\n<div class=\"td_module_flex td_module_flex_1 td_module_wrap td-animation-stack td-meta-info-hide td-cpt-post\">\n<div class=\"td-module-container td-category-pos-image\">\n<div class=\"td-module-meta-info\">\n<h3 class=\"entry-title td-module-title\"><a href=\"https:\/\/voceatimisului.ro\/saptamana-nationala-a-sigurantei-rutiere-activitati-educative-in-scolile-din-judetul-timis\/\" rel=\"bookmark\" title=\"S\u0103pt\u0103m\u00e2na Na\u021bional\u0103 a Siguran\u021bei Rutiere \u2013 Activit\u0103\u021bi educative \u00een \u0219colile din jude\u021bul Timi\u0219\">S\u0103pt\u0103m\u00e2na Na\u021bional\u0103 a Siguran\u021bei Rutiere \u2013 Activit\u0103\u021bi educative \u00een \u0219colile din jude\u021bul Timi\u0219<\/a><\/h3>\n<\/div>\n<\/div>\n<\/div>\n<div class=\"td_module_flex td_module_flex_1 td_module_wrap td-animation-stack td-meta-info-hide td-cpt-post\">\n<div class=\"td-module-container td-category-pos-image\">\n<div class=\"td-module-meta-info\">\n<h3 class=\"entry-title td-module-title\"><a href=\"https:\/\/voceatimisului.ro\/val-de-sanctiuni-in-timis-peste-240-de-amenzi-si-42-de-permise-retinute-intr-un-singur-weekend\/\" rel=\"bookmark\" title=\"Val de sanc\u021biuni \u00een Timi\u0219: Peste 240 de amenzi \u0219i 42 de permise re\u021binute \u00eentr-un singur weekend\">Val de sanc\u021biuni \u00een Timi\u0219: Peste 240 de amenzi \u0219i 42 de permise re\u021binute \u00eentr-un singur weekend<\/a><\/h3>\n<\/div>\n<\/div>\n<\/div>\n<div class=\"td_module_flex td_module_flex_1 td_module_wrap td-animation-stack td-meta-info-hide td-cpt-post\">\n<div class=\"td-module-container td-category-pos-image\">\n<div class=\"td-module-meta-info\">\n<h3 class=\"entry-title td-module-title\"><a href=\"https:\/\/voceatimisului.ro\/manipulare-politica-sau-educatie-civica-controverse-in-jurul-actiunii-primarului-dominic-fritz-in-scoli\/\" rel=\"bookmark\" title=\"Manipulare politic\u0103 sau educa\u021bie civic\u0103? Controverse \u00een jurul ac\u021biunii primarului Dominic Fritz \u00een \u0219coli\">Manipulare politic\u0103 sau educa\u021bie civic\u0103? Controverse \u00een jurul ac\u021biunii primarului Dominic Fritz \u00een \u0219coli<\/a><\/h3>\n<\/div>\n<\/div>\n<\/div>\n<\/div>\n<\/div>\n<div class=\"tdb-author-box td_block_wrap tdb_single_author_box tdi_68 tdb-content-vert-top td-pb-border-top td_block_template_1\" data-td-block-uid=\"tdi_68\">\n<div class=\"tdb-block-inner td-fix-index\">\n<div class=\"tdb-author-info\"><a href=\"https:\/\/voceatimisului.ro\/author\/cataadmin\/\" class=\"tdb-author-name\">Radu Constantin<\/a><a href=\"http:\/\/www.voceatimisului.ro\" rel=\"nofollow\" class=\"tdb-author-url\">http:\/\/www.voceatimisului.ro<\/a><\/p>\n<div class=\"tdb-author-descr\">\u00centreaga responsabilitate a comentariilor l\u0103sate de dumneavoastr\u0103 v\u0103 apar\u021bine!<br \/>\nClick <a href=\"https:\/\/voceatimisului.ro\/termeni-si-conditii\/\">aici<\/a>-citeste condi\u0163iile de utilizare ale site-ului www.voceatimisului.ro<\/div>\n<\/div>\n<\/div>\n<\/div>\n<\/div>\n<\/div>\n<\/div>\n<div class=\"vc_column_inner tdi_70  wpb_column vc_column_container tdc-inner-column td-pb-span8\">\n<div class=\"vc_column-inner\">\n<div class=\"wpb_wrapper\">\n<div class=\"td_block_wrap tdb_single_content tdi_71 td-pb-border-top td_block_template_1 td-post-content tagdiv-type\" data-td-block-uid=\"tdi_71\">\n<div class=\"tdb-block-inner td-fix-index\">\n<h5 class=\"wp-block-heading\">Un incident extrem de grav a avut loc la Liceul Teoretic \u201eJean-Louis Calderon\u201d din Timi\u0219oara, unde doi elevi de clasa a II-a au fost agresa\u021bi \u00een toaleta \u0219colii de c\u0103tre doi colegi. Conform relat\u0103rilor tat\u0103lui unuia dintre copii, minorii au fost \u021binu\u021bi cu for\u021ba \u00een baie, obliga\u021bi s\u0103 priveasc\u0103 filme pornografice \u0219i constr\u00e2n\u0219i s\u0103 simuleze acte sexuale. Familia acuz\u0103 conducerea \u0219colii c\u0103 \u00eencearc\u0103 s\u0103 mu\u0219amalizeze cazul.<\/h5>\n<h6 class=\"wp-block-heading\"><strong>Copii bloca\u021bi \u00een toalet\u0103 \u0219i pu\u0219i s\u0103 reproduc\u0103 imagini pornografice<\/strong><\/h6>\n<p>Incidentul a avut loc vineri, 9 mai, \u00een jurul orei 10 diminea\u021ba. D***d, un b\u0103iat de 8 ani \u0219i 11 luni din clasa a II-a, \u0219i un coleg al s\u0103u, \u0218.C, au fost for\u021ba\u021bi de al\u021bi doi copii din aceea\u0219i clas\u0103 \u2013 A. D. \u0219i S. D. \u2013 s\u0103 intre \u00een toaleta de la etajul 2. Potrivit relat\u0103rii tat\u0103lui, copiii au fost \u00eempin\u0219i cu for\u021ba \u0219i \u021binu\u021bi bloca\u021bi timp de 15-20 de minute, cu u\u0219a \u00eenchis\u0103, fiind \u00eencuia\u021bi \u00een\u0103untru \u00een timp ce li se cerea s\u0103 \u00eentre\u021bin\u0103 acte sexuale.<\/p>\n<p><strong><em>\u201eTati, D***n, care m\u0103 tot bate \u0219i \u00eemi rupe caietele, m-a \u00eempins \u00een baie \u0219i mi-a zis s\u0103-mi dau pantalonii jos \u0219i s\u0103-i dau bobo celuilalt b\u0103iat. Eu nu vreau s\u0103 mai merg la \u0219coal\u0103!\u201d,<\/em><\/strong> i-a spus Da**d tat\u0103lui s\u0103u.<\/p>\n<h6 class=\"wp-block-heading\"><strong>Copilul traumatizat emo\u021bional: \u201ePl\u00e2nge \u0219i refuz\u0103 s\u0103 se mai \u00eentoarc\u0103 la ore\u201d<\/strong><\/h6>\n<p>P\u0103rintele sus\u021bine c\u0103 nu a aflat de la \u0219coal\u0103, ci de la alt p\u0103rinte \u2013 D. B. C\u00e2nd a discutat cu \u00eenv\u0103\u021b\u0103toarea Iuga Diana Loredana, aceasta a recunoscut c\u0103 a aflat de incident, dar nu a informat niciun p\u0103rinte. Mai mult, aceasta ar fi fost aten\u021bionat\u0103 chiar \u00een ziua incidentului de un alt elev, D. V., c\u0103 \u201e\u00een baie se \u00eent\u00e2mpl\u0103 ceva ilegal\u201d, dar nu a intervenit.<\/p>\n<p><strong><em>\u201eL-am v\u0103zut \u00een ochi. Nu era vin\u0103, era fric\u0103 pur\u0103. Nu mai vrea s\u0103 se \u00eentoarc\u0103 \u00een clas\u0103, se teme de acei copii\u201d,<\/em><\/strong> a spus tat\u0103l copilului.<\/p>\n<h6 class=\"wp-block-heading\"><strong>Agresor cu istoric de violen\u021b\u0103 \u00een \u0219coal\u0103<\/strong><\/h6>\n<p>D***n, unul dintre presupu\u0219ii agresori, ar avea un comportament violent \u00eenc\u0103 din clasa preg\u0103titoare. Fiul reclamantului ar fi fost \u00een mod repetat agresat, scuipat, jignit, umilit, cu rechizite distruse. Tat\u0103l sus\u021bine c\u0103 a informat \u00een 2024 conducerea \u0219colii, dar nimic nu s-a schimbat.<\/p>\n<h6 class=\"wp-block-heading\"><strong>Reclama\u021bii ignorate, supraveghere lips\u0103 \u0219i profesori absen\u021bi<\/strong><\/h6>\n<p>P\u0103rintele mai acuz\u0103 c\u0103 \u00eenv\u0103\u021b\u0103toarea nu doar c\u0103 nu a luat m\u0103suri, dar \u00eel protejeaz\u0103 pe D***n \u0219i \u00eei g\u0103se\u0219te scuze. \u00cen ciuda pl\u00e2ngerilor constante ale elevilor, niciun profesor nu ar fi intervenit, iar incidentul din toalet\u0103 este punctul culminant al unui comportament ignorat prea mult timp.<\/p>\n<p>Mai mult, tat\u0103l copilului a precizat c\u0103 a \u00eencercat s\u0103 ia leg\u0103tura telefonic cu conducerea \u0219colii, \u00eens\u0103 nu a r\u0103spuns nimeni. <strong><em>\u201eAm sunat la num\u0103rul oficial al \u0219colii pentru a cere explica\u021bii, dar nu a r\u0103spuns nimeni. Nici m\u0103car o \u00eencercare de a ne contacta ulterior. Este inadmisibil\u201d<\/em><\/strong>, a ad\u0103ugat acesta.<\/p>\n<h6 class=\"wp-block-heading\"><strong>Pl\u00e2ngeri depuse la Poli\u021bie, Direc\u021biune \u0219i Inspectoratul \u0218colar<\/strong><\/h6>\n<p>At\u00e2t p\u0103rintele lui Da**d, c\u00e2t \u0219i tat\u0103l lui \u0218***n, au depus pl\u00e2ngeri oficiale la Poli\u021bie \u0219i la Inspectoratul \u0218colar Jude\u021bean Timi\u0219. Ace\u0219tia solicit\u0103 mutarea lui D***n din clas\u0103, invoc\u00e2nd comportamente grave \u0219i repetate care pun \u00een pericol siguran\u021ba celorlal\u021bi elevi.<\/p>\n<p><strong><em>\u201eNu este normal ca un \u00eenv\u0103\u021b\u0103tor s\u0103 \u00eenceap\u0103 s\u0103 pl\u00e2ng\u0103 \u0219i s\u0103 p\u0103r\u0103seasc\u0103 clasa l\u0103s\u00e2nd peste 20 de copii nesupraveghea\u021bi!\u201d,<\/em><\/strong> a declarat p\u0103rintele.<\/p>\n<h6 class=\"wp-block-heading\"><strong>Apel c\u0103tre autorit\u0103\u021bi: m\u0103suri urgente pentru siguran\u021ba elevilor<\/strong><\/h6>\n<p><strong><em>\u201eRug\u0103m organele competente s\u0103 ia m\u0103suri severe \u00een privin\u021ba acestui copil care a ajuns s\u0103 pun\u0103 filme porno \u00een clas\u0103 \u0219i s\u0103 oblige al\u021bi copii s\u0103 reproduc\u0103 scenele. Este o situa\u021bie inacceptabil\u0103!\u201d,<\/em><\/strong> a transmis familia.<\/p>\n<p>Redac\u021bia Vocea Timi\u0219ului a solicitat un punct de vedere din partea conducerii Liceului \u201eJean-Louis Calderon\u201d \u0219i va reveni cu detalii pe m\u0103sur\u0103 ce institu\u021biile abilitate vor oferi un r\u0103spuns oficial.<\/p>\n<p><strong>UPDATE: Poli\u021bia confirm\u0103 c\u0103 efectueaz\u0103 verific\u0103ri<\/strong><\/p>\n<p>\u00cen urma mediatiz\u0103rii cazului, <strong>Poli\u021bia Municipiului Timi\u0219oara a transmis redac\u021biei Vocea Timi\u0219ului<\/strong> urm\u0103torul punct de vedere:<\/p>\n<p><strong>\u201e\u00cen urma informa\u021biilor ap\u0103rute \u00een mass-media cu privire la faptul c\u0103 un elev, \u00een v\u00e2rst\u0103 de 9 ani, de la o unitate de \u00eenv\u0103\u021b\u0103m\u00e2nt din Timi\u0219oara, ar fi fost \u00eenchis \u00een baie de al\u021bi elevi din clas\u0103 \u0219i constr\u00e2ns s\u0103 simuleze acte sexuale, v\u0103 comunic\u0103m c\u0103 sunt efectuate verific\u0103ri de c\u0103tre poli\u021bi\u0219tii Sec\u021biei 2 Urbane Timi\u0219oara pentru clarificarea \u00eentregii situa\u021bii de fapt \u0219i dispunerea m\u0103surilor legale.\u201d<\/strong><\/p>\n<p>Redac\u021bia Vocea Timi\u0219ului va continua s\u0103 urm\u0103reasc\u0103 desf\u0103\u0219urarea anchetei \u0219i va reveni cu detalii imediat ce acestea vor fi disponibile.<\/p>\n<p><strong>UPDATE:<\/strong><strong>Punctul de vedere oficial transmis de inspectorul \u0219colar general, Aura Danielescu, la solicitarea redac\u021biei Vocea Timi\u0219ului:<\/strong><\/p>\n<p>\u201eAm comunicat directorului unit\u0103\u021bii de \u00eenv\u0103\u021b\u0103m\u00e2nt s\u0103 declan\u0219eze, la nivelul \u0219colii, procedura privind managementul cazurilor de violen\u021b\u0103 asupra antepre\u0219colarilor, pre\u0219colarilor, elevilor \u0219i personalului, precum \u0219i a altor situa\u021bii corelate ap\u0103rute \u00een mediul \u0219colar, conform prevederilor Ordinului nr. 6.235\/2023.<br \/>De asemenea, unitatea de \u00eenv\u0103\u021b\u0103m\u00e2nt are obliga\u021bia de a sesiza organele de urm\u0103rire penal\u0103 \u2013 Poli\u021bia.<br \/>Persoanele implicate, dac\u0103 fac parte din cadrul \u0219colii, vor fi supuse cercet\u0103rii disciplinare.<br \/>Elevilor implica\u021bi trebuie s\u0103 li se ofere sprijin psihologic prin consiliere.\u201d<\/p>\n<p>Aura Danielescu a mai precizat c\u0103 Inspectoratul \u0218colar Jude\u021bean Timi\u0219 <strong>nu are competen\u021be directe de interven\u021bie<\/strong>, ci doar responsabilitatea <strong>de a se asigura c\u0103 unitatea de \u00eenv\u0103\u021b\u0103m\u00e2nt preuniversitar ini\u021biaz\u0103 toate demersurile legale<\/strong> prev\u0103zute de cadrul normativ \u00een vigoare.<\/p>\n<p><strong>UPDATE:<\/strong><strong>Reac\u021bia directorului Liceului Jean-Louis Calderon, pe care o public\u0103m integral mai jos:<\/strong><\/p>\n<p>,,Referitor la materialul ap\u0103rut \u00een publica\u021bia dumneavoastr\u0103, consider\u0103m c\u0103 at\u00e2t titlul, c\u00e2t \u0219i con\u021binutul acestuia sunt tenden\u021bioase, nedocumentate \u0219i de natur\u0103 s\u0103 induc\u0103 \u00een eroare cititorii.<\/p>\n<p>Pentru corecta informare, men\u021bion\u0103m c\u0103, imediat dup\u0103 ce presupusul incident a fost semnalat de doi p\u0103rin\u021bi, unitatea noastr\u0103 a \u00eentreprins urm\u0103toarele demersuri:<\/p>\n<ul class=\"wp-block-list\">\n<li>Sesizarea Sec\u021biei 2 Poli\u021bie Timi\u0219oara pentru stabilirea situa\u021biei de fapt;<\/li>\n<li>Verific\u0103ri interne: solicitarea de note explicative de la personal \u0219i vizionarea \u00eenregistr\u0103rilor video;<\/li>\n<li>Organizarea unei \u00eent\u00e2lniri cu p\u0103rin\u021bii elevilor acuza\u021bi, \u00een prezen\u021ba consilierului \u0219colar \u0219i a unui reprezentant al Biroului Siguran\u021b\u0103 \u0218colar\u0103 din cadrul Poli\u021biei;<\/li>\n<li>Solicitarea sprijinului Direc\u021biei Generale de Asisten\u021b\u0103 Social\u0103 \u0219i Protec\u021bia Copilului Timi\u0219.<\/li>\n<\/ul>\n<p>\u00cen concluzie, p\u00e2n\u0103 la momentul solicit\u0103rii public\u0103rii acestui drept la replic\u0103, <strong>nicio informa\u021bie prezentat\u0103 de domnul Predescu \u00een materialul dumneavoastr\u0103 nu a fost confirmat\u0103<\/strong>.\u201d<\/p>\n<p>Semnat: <strong>prof. Ionici Ion<\/strong><br \/>Director<\/p>\n<p><strong>Not\u0103 redac\u021bional\u0103:<\/strong><br \/>Preciz\u0103m c\u0103, \u00eenainte de publicarea materialului, am contactat telefonic unitatea de \u00eenv\u0103\u021b\u0103m\u00e2nt, \u00eens\u0103 <strong>nimeni nu a r\u0103spuns la num\u0103rul oficial afi\u0219at<\/strong>. Avem dovada audio a apelului efectuat. Mai mult, <strong>directorul a refuzat s\u0103 se \u00eent\u00e2lneasc\u0103 cu p\u0103rin\u021bii copiilor despre care se presupune c\u0103 au fost victime ale incidentului<\/strong>. Abia dup\u0103 ce cazul a fost f\u0103cut public, conducerea \u0219colii a \u00eenceput s\u0103 reac\u021bioneze \u0219i s\u0103 \u00eencerce s\u0103 se disculpe prin demersuri post-factum. <strong>Am solicitat o \u00eent\u00e2lnire \u00eentre directorul Liceului \u201eJean-Louis Calderon\u201d \u0219i domnul Predescu, \u00een fa\u021ba camerei de filmat. R\u0103spunsul directorului a fost categoric: \u201eNu!\u201d<\/strong><br \/><strong>Ne-a cerut, \u00een schimb, s\u0103-i public\u0103m dreptul la replic\u0103 \u2014 lucru pe care l-am f\u0103cut deja.<\/strong><\/p>\n<p>Reiter\u0103m c\u0103 articolul nostru se bazeaz\u0103 pe fapte concrete, declara\u021bii ale p\u0103r\u021bilor implicate \u0219i dovezi verificate, iar ancheta Inspectoratului \u0218colar Jude\u021bean Timi\u0219 este \u00een desf\u0103\u0219urare.<\/p>\n<figure class=\"wp-block-embed is-type-video is-provider-youtube wp-block-embed-youtube wp-embed-aspect-16-9 wp-has-aspect-ratio\">\n<div class=\"wp-block-embed__wrapper\">\n<iframe loading=\"lazy\" title=\"Incident grav semnalat \u00eentr-o toalet\u0103 de la Liceul Calderon din Timi\u0219oara\" width=\"696\" height=\"392\" src=\"https:\/\/www.youtube.com\/embed\/azrPvlP_O1Y?feature=oembed\" frameborder allow=\"accelerometer; autoplay; clipboard-write; encrypted-media; gyroscope; picture-in-picture; web-share\" referrerpolicy=\"strict-origin-when-cross-origin\" allowfullscreen><\/iframe>\n<\/div>\n<\/figure>\n<\/div>\n<\/div>\n<div class=\"td_block_wrap tdb_single_tags tdi_74 td-pb-border-top td_block_template_1\" data-td-block-uid=\"tdi_74\">\n<div class=\"tdb-block-inner td-fix-index\">\n<ul class=\"tdb-tags\">\n<li><span>Tags<\/span><\/li>\n<li><a href=\"https:\/\/voceatimisului.ro\/tag\/agresiune-in-scoala\/\">agresiune in scoala<\/a><\/li>\n<li><a href=\"https:\/\/voceatimisului.ro\/tag\/inspectoratul-scolar-judetean-timis\/\">inspectoratul scolar judetean timis<\/a><\/li>\n<li><a href=\"https:\/\/voceatimisului.ro\/tag\/ipj-timis-2\/\">IPJ Timi\u0219<\/a><\/li>\n<li><a href=\"https:\/\/voceatimisului.ro\/tag\/jean-louis-calderon-din-timisoara\/\">Jean-Louis Calderon din Timi\u0219oara<\/a><\/li>\n<\/ul>\n<\/div>\n<\/div>\n<div class=\"td_block_wrap tdb_single_post_share tdi_75  td-pb-border-top td_block_template_1\" data-td-block-uid=\"tdi_75\">\n<div id=\"tdi_75\" class=\"td-post-sharing tdb-block td-ps-bg td-ps-notext td-post-sharing-style1 \">\n<div class=\"td-post-sharing-visible\"><a class=\"td-social-sharing-button td-social-sharing-button-js td-social-network td-social-facebook\" href=\"https:\/\/www.facebook.com\/sharer.php?u=https%3A%2F%2Fvoceatimisului.ro%2Fhttps-voceatimisului-ro-incident-grav-semnalat-intr-o-toaleta-de-la-liceul-calderon-din-timisoara-politia-si-inspectoratul-scolar-au-fost-sesizate%2F\" title=\"Facebook\" rel=\"noopener\"><\/p>\n<div class=\"td-social-but-text\">Facebook<\/div>\n<p><\/a><a class=\"td-social-sharing-button td-social-sharing-button-js td-social-network td-social-twitter\" href=\"https:\/\/twitter.com\/intent\/tweet?text=Incident+grav+semnalat+%C3%AEntr-o+toalet%C4%83+de+la+Liceul+Calderon+din+Timi%C8%99oara.+Poli%C8%9Bia+%C8%99i+Inspectoratul+%C8%98colar+au+fost+sesizate&amp;url=https%3A%2F%2Fvoceatimisului.ro%2Fhttps-voceatimisului-ro-incident-grav-semnalat-intr-o-toaleta-de-la-liceul-calderon-din-timisoara-politia-si-inspectoratul-scolar-au-fost-sesizate%2F&amp;via=Vocea+Timisului\" title=\"Twitter\" rel=\"noopener\"><\/p>\n<div class=\"td-social-but-text\">Twitter<\/div>\n<p><\/a><a class=\"td-social-sharing-button td-social-sharing-button-js td-social-network td-social-pinterest\" href=\"https:\/\/pinterest.com\/pin\/create\/button\/?url=https:\/\/voceatimisului.ro\/https-voceatimisului-ro-incident-grav-semnalat-intr-o-toaleta-de-la-liceul-calderon-din-timisoara-politia-si-inspectoratul-scolar-au-fost-sesizate\/&amp;media=https:\/\/analyse.optim.biz\/wp-content\/uploads\/2025\/12\/maxresdefault-2-6.jpg&amp;description=Incident+grav+semnalat+%C3%AEntr-o+toalet%C4%83+de+la+Liceul+Calderon+din+Timi%C8%99oara.+Poli%C8%9Bia+%C8%99i+Inspectoratul+%C8%98colar+au+fost+sesizate\" title=\"Pinterest\" rel=\"noopener\"><\/p>\n<div class=\"td-social-but-text\">Pinterest<\/div>\n<p><\/a><a class=\"td-social-sharing-button td-social-sharing-button-js td-social-network td-social-whatsapp\" href=\"https:\/\/api.whatsapp.com\/send?text=Incident+grav+semnalat+%C3%AEntr-o+toalet%C4%83+de+la+Liceul+Calderon+din+Timi%C8%99oara.+Poli%C8%9Bia+%C8%99i+Inspectoratul+%C8%98colar+au+fost+sesizate%20%0A%0A%20https:\/\/voceatimisului.ro\/https-voceatimisului-ro-incident-grav-semnalat-intr-o-toaleta-de-la-liceul-calderon-din-timisoara-politia-si-inspectoratul-scolar-au-fost-sesizate\/\" title=\"WhatsApp\" rel=\"noopener\"><\/p>\n<div class=\"td-social-but-text\">WhatsApp<\/div>\n<p><\/a><a class=\"td-social-sharing-button td-social-sharing-button-js td-social-network td-social-linkedin\" href=\"https:\/\/www.linkedin.com\/shareArticle?mini=true&amp;url=https:\/\/voceatimisului.ro\/https-voceatimisului-ro-incident-grav-semnalat-intr-o-toaleta-de-la-liceul-calderon-din-timisoara-politia-si-inspectoratul-scolar-au-fost-sesizate\/&amp;title=Incident+grav+semnalat+%C3%AEntr-o+toalet%C4%83+de+la+Liceul+Calderon+din+Timi%C8%99oara.+Poli%C8%9Bia+%C8%99i+Inspectoratul+%C8%98colar+au+fost+sesizate\" title=\"Linkedin\" rel=\"noopener\"><\/p>\n<div class=\"td-social-but-text\">Linkedin<\/div>\n<p><\/a><a class=\"td-social-sharing-button td-social-sharing-button-js td-social-network td-social-copy_url\" href=\"https:\/\/voceatimisului.ro\/https-voceatimisului-ro-incident-grav-semnalat-intr-o-toaleta-de-la-liceul-calderon-din-timisoara-politia-si-inspectoratul-scolar-au-fost-sesizate\/\" title=\"Copy URL\" rel=\"noopener\"><\/p>\n<div class=\"td-social-but-text\">Copy URL<\/div>\n<p><\/a><\/div>\n<\/div>\n<\/div>\n<div class=\"td_block_wrap tdb_single_next_prev tdi_76 td-animation-stack td-next-prev-img-on td-pb-border-top td_block_template_1\" data-td-block-uid=\"tdi_76\">\n<div class=\"tdb-block-inner td-fix-index\">\n<div class=\"tdb-next-post tdb-next-post-bg tdb-post-prev\"><span>Articolul precedent<\/span><\/p>\n<div class=\"td-module-container\">\n<div class=\"td-image-container\"><a class=\"td-image-wrap\" href=\"https:\/\/voceatimisului.ro\/fritz-din-nou-in-poza-la-proiectul-altora-a-refuzat-tramvaiele-alb-violet-dar-vrea-sa-se-asocieze-cu-poli\/\"><img loading=\"lazy\" decoding=\"async\" class=\"td-next-prev-image td-fix-index td-lazy-img\" title=\"Fritz, din nou \u00een poz\u0103 la proiectul altora. A refuzat tramvaiele alb-violet, dar vrea s\u0103 se asocieze cu Poli\" width=\"696\" height=\"464\" src=\"https:\/\/analyse.optim.biz\/wp-content\/uploads\/2025\/12\/fritz-din-nou-in-poza-la-proiectul-altora-696x464-1.jpg\"><\/a><\/div>\n<div class=\"next-prev-title\"><a href=\"https:\/\/voceatimisului.ro\/fritz-din-nou-in-poza-la-proiectul-altora-a-refuzat-tramvaiele-alb-violet-dar-vrea-sa-se-asocieze-cu-poli\/\">Fritz, din nou \u00een poz\u0103 la proiectul altora. A refuzat tramvaiele alb-violet, dar vrea s\u0103 se asocieze cu Poli<\/a><\/div>\n<\/div>\n<\/div>\n<div class=\"tdb-next-post tdb-next-post-bg tdb-post-next\"><span>Articolul urm\u0103tor<\/span><\/p>\n<div class=\"td-module-container\">\n<div class=\"td-image-container\"><a class=\"td-image-wrap\" href=\"https:\/\/voceatimisului.ro\/revolutia-infrastructurii-digitale-cum-alegerile-in-materie-de-gazduire-web-modeleaza-viitorul-afacerilor-online\/\"><img loading=\"lazy\" decoding=\"async\" class=\"td-next-prev-image td-fix-index td-lazy-img\" title=\"Revolu\u021bia Infrastructurii Digitale: Cum alegerile \u00een materie de G\u0103zduire web modeleaz\u0103 viitorul afacerilor online\" width=\"696\" height=\"298\" src=\"https:\/\/analyse.optim.biz\/wp-content\/uploads\/2025\/12\/dds-hosting-696x298-1.jpeg\"><\/a><\/div>\n<div class=\"next-prev-title\"><a href=\"https:\/\/voceatimisului.ro\/revolutia-infrastructurii-digitale-cum-alegerile-in-materie-de-gazduire-web-modeleaza-viitorul-afacerilor-online\/\">Revolu\u021bia Infrastructurii Digitale: Cum alegerile \u00een materie de G\u0103zduire web modeleaz\u0103 viitorul afacerilor online<\/a><\/div>\n<\/div>\n<\/div>\n<\/div>\n<\/div>\n<\/div>\n<\/div>\n<\/div>\n<\/div>\n<div class=\"vc_row_inner tdi_86  vc_row vc_inner wpb_row td-pb-row\">\n<div class=\"vc_column_inner tdi_88  wpb_column vc_column_container tdc-inner-column td-pb-span4 td-is-sticky\">\n<div class=\"vc_column-inner\">\n<div class=\"wpb_wrapper\" data-sticky-enabled-on=\"W3RydWUsdHJ1ZSx0cnVlLHRydWVd\" data-sticky-offset=\"20\" data-sticky-is-width-auto=\"W2ZhbHNlLGZhbHNlLGZhbHNlLGZhbHNlXQ==\">\n<div class=\"td_block_wrap tdb_single_related tdi_89 td_with_ajax_pagination td-pb-border-top td_block_template_1 tdb-single-related-posts\" data-td-block-uid=\"tdi_89\">\n<div id=\"tdi_89\" class=\"td_block_inner tdb-block-inner td-fix-index\">\n<div class=\"tdb_module_related td_module_wrap td-animation-stack td-meta-info-hide\">\n<div class=\"td-module-container td-category-pos-image\">\n<div class=\"td-module-meta-info\">\n<h3 class=\"entry-title td-module-title\"><a href=\"https:\/\/voceatimisului.ro\/angajari-din-sursa-externa-la-politie-in-timis-sunt-disponibile-18-posturi\/\" rel=\"bookmark\" title=\"Angaj\u0103ri din surs\u0103 extern\u0103 la Poli\u021bie! \u00cen Timi\u0219 sunt disponibile 18 posturi\">Angaj\u0103ri din surs\u0103 extern\u0103 la Poli\u021bie! \u00cen Timi\u0219 sunt disponibile 18 posturi<\/a><\/h3>\n<\/div>\n<\/div>\n<\/div>\n<div class=\"tdb_module_related td_module_wrap td-animation-stack td-meta-info-hide\">\n<div class=\"td-module-container td-category-pos-image\">\n<div class=\"td-module-meta-info\">\n<h3 class=\"entry-title td-module-title\"><a href=\"https:\/\/voceatimisului.ro\/restrictii-de-trafic-sambata-in-zona-lacului-surduc-are-loc-un-concurs-automobilistic\/\" rel=\"bookmark\" title=\"Restric\u021bii de trafic, s\u00e2mb\u0103t\u0103, \u00een zona Lacului Surduc! Are loc un concurs automobilistic\">Restric\u021bii de trafic, s\u00e2mb\u0103t\u0103, \u00een zona Lacului Surduc! Are loc un concurs automobilistic<\/a><\/h3>\n<\/div>\n<\/div>\n<\/div>\n<div class=\"tdb_module_related td_module_wrap td-animation-stack td-meta-info-hide\">\n<div class=\"td-module-container td-category-pos-image\">\n<div class=\"td-module-meta-info\">\n<h3 class=\"entry-title td-module-title\"><a href=\"https:\/\/voceatimisului.ro\/universitatea-politehnica-si-inspectoratul-scolar-judetean-demareaza-un-proiect-educational-de-exceptie\/\" rel=\"bookmark\" title=\"Universitatea Politehnica \u015fi Inspectoratul \u015ecolar Jude\u0163ean demareaz\u0103 un proiect educa\u0163ional de excep\u0163ie\">Universitatea Politehnica \u015fi Inspectoratul \u015ecolar Jude\u0163ean demareaz\u0103 un proiect educa\u0163ional de excep\u0163ie<\/a><\/h3>\n<\/div>\n<\/div>\n<\/div>\n<\/div>\n<\/div>\n<\/div>\n<\/div>\n<\/div>\n<div class=\"vc_column_inner tdi_91  wpb_column vc_column_container tdc-inner-column td-pb-span8\">\n<div class=\"vc_column-inner\">\n<div class=\"wpb_wrapper\">\n<div class=\"td_block_wrap tdb_single_comments tdi_92 tdb-comm-layout2 td-pb-border-top td_block_template_2\" data-td-block-uid=\"tdi_92\">\n<div class=\"tdb-block-inner td-fix-index\">\n<div class=\"comments\" id=\"comments\">\n<div id=\"respond\" class=\"comment-respond\">\n<h3 id=\"reply-title\" class=\"comment-reply-title\">L\u0102SA\u021aI UN MESAJ <small><a rel=\"nofollow\" id=\"cancel-comment-reply-link\" href=\"https:\/\/voceatimisului.ro\/https-voceatimisului-ro-incident-grav-semnalat-intr-o-toaleta-de-la-liceul-calderon-din-timisoara-politia-si-inspectoratul-scolar-au-fost-sesizate\/#respond\">Renun\u021ba\u021bi la r\u0103spuns<\/a><\/small><\/h3>\n<div class=\"comment-form-input-wrap td-form-comment\">\n<div class=\"td-warning-comment\">V\u0103 rug\u0103m s\u0103 introduce\u021bi comentariul dvs.!<\/div>\n<\/div>\n<div class=\"comment-form-input-wrap td-form-author\">\n<div class=\"td-warning-author\">Introduce\u021bi aici numele dvs.<\/div>\n<\/div>\n<div class=\"comment-form-input-wrap td-form-email\">\n<div class=\"td-warning-email-error\">A\u021bi introdus o adres\u0103 de e-mail incorect\u0103!<\/div>\n<div class=\"td-warning-email\">V\u0103 rug\u0103m s\u0103 introduce\u021bi adresa dvs. de e-mail aici<\/div>\n<\/div>\n<\/div>\n<\/div>\n<\/div>\n<\/div>\n<\/div>\n<\/div>\n<\/div>\n<\/div>\n<\/div>\n<\/div>\n<div class=\"vc_column tdi_94  wpb_column vc_column_container tdc-column td-pb-span4 td-is-sticky\">\n<div class=\"wpb_wrapper\" data-sticky-enabled-on=\"W3RydWUsdHJ1ZSx0cnVlLHRydWVd\" data-sticky-offset=\"20\" data-sticky-is-width-auto=\"W2ZhbHNlLGZhbHNlLGZhbHNlLGZhbHNlXQ==\">\n<div class=\"vc_row_inner tdi_96  vc_row vc_inner wpb_row td-pb-row\">\n<div class=\"vc_column_inner tdi_98  wpb_column vc_column_container tdc-inner-column td-pb-span12\">\n<div class=\"vc_column-inner\">\n<div class=\"wpb_wrapper\">\n<div class=\"td_block_wrap td_block_title tdi_99 td-pb-border-top td_block_template_11 td-fix-index\" data-td-block-uid=\"tdi_99\">\n<div class=\"td-block-title-wrap\">\n<h4 class=\"td-block-title\"><span class=\"td-pulldown-size\">ANUN\u021aURI \u0218I PUBLICITATE<\/span><\/h4>\n<\/div>\n<\/div>\n<\/div>\n<\/div>\n<\/div>\n<\/div>\n<div class=\"wpb_wrapper td_block_wrap vc_widget_sidebar tdi_101 \">\n<aside id=\"block-10\" class=\"td_block_template_1 widget block-10 widget_block widget_media_image\">\n<figure class=\"wp-block-image size-full\"><a href=\"https:\/\/adpghiroda.ro\/index.html\" target=\"_blank\" rel=\" noreferrer noopener\"><img decoding=\"async\" loading=\"lazy\" width=\"960\" height=\"960\" src=\"https:\/\/analyse.optim.biz\/wp-content\/uploads\/2025\/12\/adp-ghiroda2-3.jpg\" class=\"wp-image-171492\" title=\"adp-ghiroda2-3\"><\/a><\/figure>\n<\/aside>\n<aside id=\"block-11\" class=\"td_block_template_1 widget block-11 widget_block widget_media_image\">\n<figure class=\"wp-block-image size-full\"><a href=\"https:\/\/adpghiroda.ro\/index.html\" target=\"_blank\" rel=\" noreferrer noopener\"><img decoding=\"async\" loading=\"lazy\" width=\"960\" height=\"960\" src=\"https:\/\/analyse.optim.biz\/wp-content\/uploads\/2025\/12\/adp-ghiroda1-3.jpg\" class=\"wp-image-171491\" title=\"adp-ghiroda1-3\"><\/a><\/figure>\n<\/aside>\n<aside id=\"block-17\" class=\"td_block_template_1 widget block-17 widget_block widget_media_image\">\n<figure class=\"wp-block-image size-large is-resized\"><a href=\"https:\/\/verde.events\/\" target=\"_blank\" rel=\" noreferrer noopener\"><img decoding=\"async\" loading=\"lazy\" width=\"1024\" height=\"683\" src=\"https:\/\/analyse.optim.biz\/wp-content\/uploads\/2025\/12\/verde-events-24-1024x683-4.jpg\" alt=\"Verde Events\" class=\"wp-image-174395\" title=\"verde-events-24-1024x683-4\"><\/a><figcaption class=\"wp-element-caption\"><strong><em>O experien\u021b\u0103 unic\u0103 pentru orice tip de eveniment<\/em><\/strong><\/figcaption><\/figure>\n<\/aside>\n<\/div>\n<div class=\"td_block_wrap td_flex_block_1 tdi_107 td-pb-border-top td_block_template_1 td_ajax_preloading_preload td_flex_block\" data-td-block-uid=\"tdi_107\">\n<div id=\"tdi_107\" class=\"td_block_inner td-mc1-wrap\">\n<div class=\"td_module_flex td_module_flex_1 td_module_wrap td-animation-stack td-meta-info-hide td-cpt-post\">\n<div class=\"td-module-container td-category-pos-image\">\n<div class=\"td-module-meta-info\">\n<h3 class=\"entry-title td-module-title\"><a href=\"https:\/\/voceatimisului.ro\/elevii-banateni-vor-participa-impreuna-in-timisoara-multiculturala\/\" rel=\"bookmark\" title=\"Elevii b\u0103n\u0103\u021beni vor participa \u201d\u00cempreun\u0103 \u00een Timi\u0219oara multicultural\u0103\u201d\">Elevii b\u0103n\u0103\u021beni vor participa \u201d\u00cempreun\u0103 \u00een Timi\u0219oara multicultural\u0103\u201d<\/a><\/h3>\n<\/div>\n<\/div>\n<\/div>\n<\/div>\n<\/div>\n<\/div>\n<\/div>\n<\/div>\n<\/div>\n<\/div>\n<\/div>\n<p><span class=\"td-page-meta\"><\/span><span class=\"td-page-meta\"><span class=\"td-page-meta\"><\/span><\/span><span class=\"td-page-meta\"><\/span><\/article>\n<p> Source URL: https:\/\/voceatimisului.ro\/https-voceatimisului-ro-incident-grav-semnalat-intr-o-toaleta-de-la-liceul-calderon-din-timisoara-politia-si-inspectoratul-scolar-au-fost-sesizate\/<\/p>\n","protected":false},"excerpt":{"rendered":"<p>Exclusiv\u0218tiri Incident grav semnalat \u00eentr-o toalet\u0103 de la Liceul Calderon din Timi\u0219oara. Poli\u021bia \u0219i Inspectoratul \u0218colar au fost sesizate Autor-Radu Constantin 17 mai 2025 0 14493 Facebook Twitter Pinterest WhatsApp Linkedin Copy URL Dup\u0103 incidentul grav de la Calderon, poli\u021bi\u0219tii iau m\u0103suri preventive \u00een \u0219colile din Timi\u0219: ac\u021biuni la Colegiul B\u0103n\u0103\u021bean \u0219i \u0218coala din Ghiroda [&hellip;]<\/p>\n","protected":false},"author":1,"featured_media":1063807,"comment_status":"open","ping_status":"","sticky":false,"template":"","format":"standard","meta":{"footnotes":""},"categories":[89],"tags":[199],"class_list":["post-1063806","post","type-post","status-publish","format-standard","has-post-thumbnail","hentry","category-romania","tag-voceatimisului-ro"],"_links":{"self":[{"href":"https:\/\/analyse.optim.biz\/index.php?rest_route=\/wp\/v2\/posts\/1063806","targetHints":{"allow":["GET"]}}],"collection":[{"href":"https:\/\/analyse.optim.biz\/index.php?rest_route=\/wp\/v2\/posts"}],"about":[{"href":"https:\/\/analyse.optim.biz\/index.php?rest_route=\/wp\/v2\/types\/post"}],"author":[{"embeddable":true,"href":"https:\/\/analyse.optim.biz\/index.php?rest_route=\/wp\/v2\/users\/1"}],"replies":[{"embeddable":true,"href":"https:\/\/analyse.optim.biz\/index.php?rest_route=%2Fwp%2Fv2%2Fcomments&post=1063806"}],"version-history":[{"count":0,"href":"https:\/\/analyse.optim.biz\/index.php?rest_route=\/wp\/v2\/posts\/1063806\/revisions"}],"wp:featuredmedia":[{"embeddable":true,"href":"https:\/\/analyse.optim.biz\/index.php?rest_route=\/wp\/v2\/media\/1063807"}],"wp:attachment":[{"href":"https:\/\/analyse.optim.biz\/index.php?rest_route=%2Fwp%2Fv2%2Fmedia&parent=1063806"}],"wp:term":[{"taxonomy":"category","embeddable":true,"href":"https:\/\/analyse.optim.biz\/index.php?rest_route=%2Fwp%2Fv2%2Fcategories&post=1063806"},{"taxonomy":"post_tag","embeddable":true,"href":"https:\/\/analyse.optim.biz\/index.php?rest_route=%2Fwp%2Fv2%2Ftags&post=1063806"}],"curies":[{"name":"wp","href":"https:\/\/api.w.org\/{rel}","templated":true}]}}