{"id":1063787,"date":"2025-06-06T06:28:17","date_gmt":"2025-06-06T03:28:17","guid":{"rendered":"https:\/\/analyse.optim.biz\/?p=1063787"},"modified":"2025-06-06T06:28:17","modified_gmt":"2025-06-06T03:28:17","slug":"simonis-nu-voi-sustine-niciun-guvern-care-scoate-stadionul-din-timisoara-de-pe-lista-de-investitii","status":"publish","type":"post","link":"https:\/\/analyse.optim.biz\/?p=1063787","title":{"rendered":"Simonis: \u201eNu voi sus\u021bine niciun guvern care scoate stadionul din Timi\u0219oara de pe lista de investi\u021bii!\u201d"},"content":{"rendered":"<article id=\"template-id-172790\" class=\"post-172790 tdb_templates type-tdb_templates status-publish post\">\n<div id=\"tdi_38\" class=\"tdc-zone\">\n<div class=\"tdc_zone tdi_39  wpb_row td-pb-row\">\n<div id=\"tdi_40\" class=\"tdc-row stretch_row_1400 td-stretch-content\">\n<div class=\"vc_row tdi_41  wpb_row td-pb-row tdc-element-style\">\n<div class=\"vc_column tdi_43  wpb_column vc_column_container tdc-column td-pb-span8\">\n<div class=\"wpb_wrapper\">\n<div class=\"td_block_wrap tdb_single_categories tdi_44 td-pb-border-top td_block_template_1 \" data-td-block-uid=\"tdi_44\">\n<div class=\"tdb-category td-fix-index\"><a class=\"tdb-entry-category\" href=\"https:\/\/voceatimisului.ro\/exclusiv\/\">Exclusiv<\/a><a class=\"tdb-entry-category\" href=\"https:\/\/voceatimisului.ro\/stiri-din-timisoara-si-timis\/\">\u0218tiri<\/a><\/div>\n<\/div>\n<div class=\"td_block_wrap tdb_title tdi_45 tdb-single-title td-pb-border-top td_block_template_1\" data-td-block-uid=\"tdi_45\">\n<div class=\"tdb-block-inner td-fix-index\">\n<h1 class=\"tdb-title-text\">Simonis: \u201eNu voi sus\u021bine niciun guvern care scoate stadionul din Timi\u0219oara de pe lista de investi\u021bii!\u201d<\/h1>\n<\/div>\n<\/div>\n<div class=\"vc_row_inner tdi_48  vc_row vc_inner wpb_row td-pb-row\">\n<div class=\"vc_column_inner tdi_50  wpb_column vc_column_container tdc-inner-column td-pb-span6\">\n<div class=\"vc_column-inner\">\n<div class=\"wpb_wrapper\">\n<div class=\"td_block_wrap tdb_single_author tdi_51 td-pb-border-top td_block_template_1 tdb-post-meta\" data-td-block-uid=\"tdi_51\">\n<div class=\"tdb-block-inner td-fix-index\">\n<div class=\"tdb-author-name-wrap\"><span class=\"tdb-author-by\">Autor-<\/span><a class=\"tdb-author-name\" href=\"https:\/\/voceatimisului.ro\/author\/cataadmin\/\">Radu Constantin<\/a><\/div>\n<\/div>\n<\/div>\n<div class=\"td_block_wrap tdb_single_date tdi_52 td-pb-border-top td_block_template_1 tdb-post-meta\" data-td-block-uid=\"tdi_52\">\n<div class=\"tdb-block-inner td-fix-index\"><time class=\"entry-date updated td-module-date\" datetime=\"2025-06-06T09:28:17+03:00\">6 iunie 2025<\/time><\/div>\n<\/div>\n<div class=\"td_block_wrap tdb_single_comments_count tdi_53 td-pb-border-top td_block_template_1 tdb-post-meta\" data-td-block-uid=\"tdi_53\">\n<div class=\"tdb-block-inner td-fix-index\"><a href=\"https:\/\/voceatimisului.ro\/simonis-nu-voi-sustine-niciun-guvern-care-scoate-stadionul-din-timisoara-de-pe-lista-de-investitii\/#respond\"><span>0<\/span><\/a><\/div>\n<\/div>\n<div class=\"td_block_wrap tdb_single_post_views tdi_54 td-pb-border-top td_block_template_1 tdb-post-meta\" data-td-block-uid=\"tdi_54\">\n<div class=\"tdb-block-inner td-fix-index\"><span class=\"tdb-add-text\">1<\/span><span class=\"td-nr-views-172524\">1029<\/span><\/div>\n<\/div>\n<\/div>\n<\/div>\n<\/div>\n<div class=\"vc_column_inner tdi_56  wpb_column vc_column_container tdc-inner-column td-pb-span6\">\n<div class=\"vc_column-inner\">\n<div class=\"wpb_wrapper\">\n<div class=\"td_block_wrap tdb_single_post_share tdi_57  td-pb-border-top td_block_template_1\" data-td-block-uid=\"tdi_57\">\n<div id=\"tdi_57\" class=\"td-post-sharing tdb-block td-ps-bg td-ps-notext td-post-sharing-style1 \">\n<div class=\"td-post-sharing-visible\"><a class=\"td-social-sharing-button td-social-sharing-button-js td-social-network td-social-facebook\" href=\"https:\/\/www.facebook.com\/sharer.php?u=https%3A%2F%2Fvoceatimisului.ro%2Fsimonis-nu-voi-sustine-niciun-guvern-care-scoate-stadionul-din-timisoara-de-pe-lista-de-investitii%2F\" title=\"Facebook\" rel=\"noopener\"><\/p>\n<div class=\"td-social-but-text\">Facebook<\/div>\n<p><\/a><a class=\"td-social-sharing-button td-social-sharing-button-js td-social-network td-social-twitter\" href=\"https:\/\/twitter.com\/intent\/tweet?text=Simonis%3A+%E2%80%9ENu+voi+sus%C8%9Bine+niciun+guvern+care+scoate+stadionul+din+Timi%C8%99oara+de+pe+lista+de+investi%C8%9Bii%21%E2%80%9D&amp;url=https%3A%2F%2Fvoceatimisului.ro%2Fsimonis-nu-voi-sustine-niciun-guvern-care-scoate-stadionul-din-timisoara-de-pe-lista-de-investitii%2F&amp;via=Vocea+Timisului\" title=\"Twitter\" rel=\"noopener\"><\/p>\n<div class=\"td-social-but-text\">Twitter<\/div>\n<p><\/a><a class=\"td-social-sharing-button td-social-sharing-button-js td-social-network td-social-pinterest\" href=\"https:\/\/pinterest.com\/pin\/create\/button\/?url=https:\/\/voceatimisului.ro\/simonis-nu-voi-sustine-niciun-guvern-care-scoate-stadionul-din-timisoara-de-pe-lista-de-investitii\/&amp;media=https:\/\/analyse.optim.biz\/wp-content\/uploads\/2025\/12\/maxresdefault-20.jpg&amp;description=Simonis%3A+%E2%80%9ENu+voi+sus%C8%9Bine+niciun+guvern+care+scoate+stadionul+din+Timi%C8%99oara+de+pe+lista+de+investi%C8%9Bii%21%E2%80%9D\" title=\"Pinterest\" rel=\"noopener\"><\/p>\n<div class=\"td-social-but-text\">Pinterest<\/div>\n<p><\/a><a class=\"td-social-sharing-button td-social-sharing-button-js td-social-network td-social-whatsapp\" href=\"https:\/\/api.whatsapp.com\/send?text=Simonis%3A+%E2%80%9ENu+voi+sus%C8%9Bine+niciun+guvern+care+scoate+stadionul+din+Timi%C8%99oara+de+pe+lista+de+investi%C8%9Bii%21%E2%80%9D%20%0A%0A%20https:\/\/voceatimisului.ro\/simonis-nu-voi-sustine-niciun-guvern-care-scoate-stadionul-din-timisoara-de-pe-lista-de-investitii\/\" title=\"WhatsApp\" rel=\"noopener\"><\/p>\n<div class=\"td-social-but-text\">WhatsApp<\/div>\n<p><\/a><a class=\"td-social-sharing-button td-social-sharing-button-js td-social-network td-social-linkedin\" href=\"https:\/\/www.linkedin.com\/shareArticle?mini=true&amp;url=https:\/\/voceatimisului.ro\/simonis-nu-voi-sustine-niciun-guvern-care-scoate-stadionul-din-timisoara-de-pe-lista-de-investitii\/&amp;title=Simonis%3A+%E2%80%9ENu+voi+sus%C8%9Bine+niciun+guvern+care+scoate+stadionul+din+Timi%C8%99oara+de+pe+lista+de+investi%C8%9Bii%21%E2%80%9D\" title=\"Linkedin\" rel=\"noopener\"><\/p>\n<div class=\"td-social-but-text\">Linkedin<\/div>\n<p><\/a><a class=\"td-social-sharing-button td-social-sharing-button-js td-social-network td-social-copy_url\" href=\"https:\/\/voceatimisului.ro\/simonis-nu-voi-sustine-niciun-guvern-care-scoate-stadionul-din-timisoara-de-pe-lista-de-investitii\/\" title=\"Copy URL\" rel=\"noopener\"><\/p>\n<div class=\"td-social-but-text\">Copy URL<\/div>\n<p><\/a><\/div>\n<\/div>\n<\/div>\n<\/div>\n<\/div>\n<\/div>\n<\/div>\n<div class=\"td_block_wrap tdb_single_featured_image tdi_58 tdb-content-horiz-left td-pb-border-top td_block_template_1\" data-td-block-uid=\"tdi_58\">\n<div class=\"tdb-block-inner td-fix-index\"><img loading=\"lazy\" decoding=\"async\" width=\"696\" height=\"392\" class=\"entry-thumb\" src=\"https:\/\/analyse.optim.biz\/wp-content\/uploads\/2025\/12\/maxresdefault-696x392-2.jpg\" title=\"172524\"><\/div>\n<\/div>\n<div class=\"vc_row_inner tdi_60  vc_row vc_inner wpb_row td-pb-row\">\n<div class=\"vc_column_inner tdi_62  wpb_column vc_column_container tdc-inner-column td-pb-span4 td-is-sticky\">\n<div class=\"vc_column-inner\">\n<div class=\"wpb_wrapper\" data-sticky-enabled-on=\"W3RydWUsdHJ1ZSx0cnVlLHRydWVd\" data-sticky-offset=\"20\" data-sticky-is-width-auto=\"W2ZhbHNlLGZhbHNlLGZhbHNlLGZhbHNlXQ==\">\n<div class=\"td_block_wrap td_flex_block_1 tdi_63 td-pb-border-top td_block_template_1 td_ajax_preloading_preload td_flex_block\" data-td-block-uid=\"tdi_63\">\n<div id=\"tdi_63\" class=\"td_block_inner td-mc1-wrap\">\n<div class=\"td_module_flex td_module_flex_1 td_module_wrap td-animation-stack td-meta-info-hide td-cpt-post\">\n<div class=\"td-module-container td-category-pos-image\">\n<div class=\"td-module-meta-info\">\n<h3 class=\"entry-title td-module-title\"><a href=\"https:\/\/voceatimisului.ro\/banatul-trece-de-prima-etapa-in-cursa-pentru-titlul-de-regiune-gastronomica-europeana-2028\/\" rel=\"bookmark\" title=\"Banatul trece de prima etap\u0103 \u00een cursa pentru titlul de Regiune Gastronomic\u0103 European\u0103 2028\">Banatul trece de prima etap\u0103 \u00een cursa pentru titlul de Regiune Gastronomic\u0103 European\u0103 2028<\/a><\/h3>\n<\/div>\n<\/div>\n<\/div>\n<div class=\"td_module_flex td_module_flex_1 td_module_wrap td-animation-stack td-meta-info-hide td-cpt-post\">\n<div class=\"td-module-container td-category-pos-image\">\n<div class=\"td-module-meta-info\">\n<h3 class=\"entry-title td-module-title\"><a href=\"https:\/\/voceatimisului.ro\/investitii-de-500-de-milioane-de-euro-in-sanatate-prezentate-in-timpul-vizitei-ministrului-sanatatii-la-timisoara\/\" rel=\"bookmark\" title=\"Investi\u021bii de 500 de milioane de euro \u00een s\u0103n\u0103tate, prezentate \u00een timpul vizitei ministrului S\u0103n\u0103t\u0103\u021bii la Timi\u0219oara\">Investi\u021bii de 500 de milioane de euro \u00een s\u0103n\u0103tate, prezentate \u00een timpul vizitei ministrului S\u0103n\u0103t\u0103\u021bii la Timi\u0219oara<\/a><\/h3>\n<\/div>\n<\/div>\n<\/div>\n<div class=\"td_module_flex td_module_flex_1 td_module_wrap td-animation-stack td-meta-info-hide td-cpt-post\">\n<div class=\"td-module-container td-category-pos-image\">\n<div class=\"td-module-meta-info\">\n<h3 class=\"entry-title td-module-title\"><a href=\"https:\/\/voceatimisului.ro\/oferta-culturala-a-consiliului-judetean-timis-in-perioada-8-14-decembrie\/\" rel=\"bookmark\" title=\"Oferta cultural\u0103 a Consiliului Jude\u021bean Timi\u0219 \u00een perioada 8-14 decembrie\">Oferta cultural\u0103 a Consiliului Jude\u021bean Timi\u0219 \u00een perioada 8-14 decembrie<\/a><\/h3>\n<\/div>\n<\/div>\n<\/div>\n<div class=\"td_module_flex td_module_flex_1 td_module_wrap td-animation-stack td-meta-info-hide td-cpt-post\">\n<div class=\"td-module-container td-category-pos-image\">\n<div class=\"td-module-meta-info\">\n<h3 class=\"entry-title td-module-title\"><a href=\"https:\/\/voceatimisului.ro\/lights-of-the-village-la-muzeul-satului-banatean-din-timisoara\/\" rel=\"bookmark\" title=\"Lights of the Village la Muzeul Satului B\u0103n\u0103\u021bean din Timi\u0219oara\">Lights of the Village la Muzeul Satului B\u0103n\u0103\u021bean din Timi\u0219oara<\/a><\/h3>\n<\/div>\n<\/div>\n<\/div>\n<\/div>\n<\/div>\n<div class=\"tdb-author-box td_block_wrap tdb_single_author_box tdi_68 tdb-content-vert-top td-pb-border-top td_block_template_1\" data-td-block-uid=\"tdi_68\">\n<div class=\"tdb-block-inner td-fix-index\">\n<div class=\"tdb-author-info\"><a href=\"https:\/\/voceatimisului.ro\/author\/cataadmin\/\" class=\"tdb-author-name\">Radu Constantin<\/a><a href=\"http:\/\/www.voceatimisului.ro\" rel=\"nofollow\" class=\"tdb-author-url\">http:\/\/www.voceatimisului.ro<\/a><\/p>\n<div class=\"tdb-author-descr\">\u00centreaga responsabilitate a comentariilor l\u0103sate de dumneavoastr\u0103 v\u0103 apar\u021bine!<br \/>\nClick <a href=\"https:\/\/voceatimisului.ro\/termeni-si-conditii\/\">aici<\/a>-citeste condi\u0163iile de utilizare ale site-ului www.voceatimisului.ro<\/div>\n<\/div>\n<\/div>\n<\/div>\n<\/div>\n<\/div>\n<\/div>\n<div class=\"vc_column_inner tdi_70  wpb_column vc_column_container tdc-inner-column td-pb-span8\">\n<div class=\"vc_column-inner\">\n<div class=\"wpb_wrapper\">\n<div class=\"td_block_wrap tdb_single_content tdi_71 td-pb-border-top td_block_template_1 td-post-content tagdiv-type\" data-td-block-uid=\"tdi_71\">\n<div class=\"tdb-block-inner td-fix-index\">\n<h5 class=\"wp-block-heading\"><strong>Pre\u0219edintele Consiliului Jude\u021bean Timi\u0219, Alfred Simonis, d\u0103 asigur\u0103ri c\u0103 stadionul nou din Timi\u0219oara nu va fi t\u0103iat de pe lista de investi\u021bii guvernamentale, \u00een ciuda zvonurilor privind restructurarea bugetar\u0103. \u00centr-un interviu acordat \u00een exclusivitate pentru Vocea Timi\u0219ului, liderul social-democrat a vorbit despre stadiul actual al proiectului, riscurile politice \u0219i priorit\u0103\u021bile investi\u021bionale ale jude\u021bului.<\/strong><\/h5>\n<h6 class=\"wp-block-heading\">Demolarea aproape finalizat\u0103. Contractul, blocat de o contesta\u021bie<\/h6>\n<p>Simonis afirm\u0103 c\u0103 lucr\u0103rile de demolare ale fostului stadion sunt finalizate \u00een propor\u021bie de peste 90%, iar de\u0219eurile sunt \u00een curs de relocare. \u00cen ceea ce prive\u0219te construc\u021bia noului stadion, contractul de execu\u021bie este momentan \u00eent\u00e2rziat din cauza unei contesta\u021bii depuse de firma aflat\u0103 pe locul doi la licita\u021bie. Termenul \u00een instan\u021b\u0103 pentru solu\u021bionarea litigiului este 10 iunie.<\/p>\n<p><strong><em>\u201eDup\u0103 aceea, se poate semna contractul de finan\u021bare. A ap\u0103rut informa\u021bia c\u0103 stadioanele din Rom\u00e2nia nu vor mai fi construite. Eu nu voi accepta sub nicio form\u0103 eliminarea stadionului din Timi\u0219oara de pe lista investi\u021biilor.\u201d<\/em><\/strong><\/p>\n<h6 class=\"wp-block-heading\">Mesaj clar pentru Guvern: \u201eTimi\u0219ul nu mai poate fi ignorat\u201d<\/h6>\n<p>Liderul CJ Timi\u0219 afirm\u0103 c\u0103 jude\u021bul a fost neglijat timp de peste trei decenii \u00een privin\u021ba investi\u021biilor guvernamentale, iar acum nu mai accept\u0103 s\u0103 pl\u0103teasc\u0103 nota de plat\u0103 pentru gre\u0219elile altora.<\/p>\n<p><strong><em>\u201eAm muncit ani de zile al\u0103turi de Grindeanu, Ciolacu \u0219i al\u021bii pentru aceste proiecte. Nu accept ca, dup\u0103 33 de ani de ignorare, s\u0103 ni se spun\u0103 acum c\u0103 trebuie s\u0103 renun\u021b\u0103m. Timi\u0219ul e al doilea motor economic al \u021b\u0103rii \u0219i merit\u0103 aceast\u0103 investi\u021bie.\u201d<\/em><\/strong><\/p>\n<h6 class=\"wp-block-heading\">Restructurarea bugetar\u0103 da, dar nu pe spatele Timi\u0219oarei<\/h6>\n<p>Simonis este de acord c\u0103 statul rom\u00e2n trebuie s\u0103-\u0219i eficientizeze cheltuielile, dar spune c\u0103 t\u0103ierile trebuie s\u0103 vin\u0103 din zona aparatului bugetar, nu din investi\u021bii esen\u021biale.<\/p>\n<p><strong><em>\u201eNoi, la CJ Timi\u0219, am desfiin\u021bat deja 600-700 de posturi. F\u0103r\u0103 s\u0103 afect\u0103m func\u021bionarea institu\u021biei. Este nevoie de restructurare, nu de blocarea investi\u021biilor care aduc valoare.\u201d<\/em><\/strong><\/p>\n<h6 class=\"wp-block-heading\">Despre stadion, prim\u0103ria tace<\/h6>\n<p>\u00centrebat dac\u0103 a discutat cu primarul Dominic Fritz despre situa\u021bia stadionului, Simonis confirm\u0103 existen\u021ba unui dialog privat, dar evit\u0103 s\u0103 ofere detalii. Cert este c\u0103, <strong>p\u00e2n\u0103 \u00een acest moment, primarul Timi\u0219oarei nu a avut nicio reac\u021bie public\u0103 legat\u0103 de posibilitatea suspend\u0103rii proiectului.<\/strong><\/p>\n<p><strong><em>\u201eI-am propus lui Dominic un plan comun pentru a ne asigura c\u0103 stadionul r\u0103m\u00e2ne prioritate. Nu este doar pentru fotbal, ci \u0219i pentru marile concerte \u0219i evenimente culturale. Timi\u0219oara nu are azi un loc unde s\u0103 \u00eencap\u0103 50.000 de oameni. E ru\u0219inos.\u201d<\/em><\/strong><\/p>\n<h6 class=\"wp-block-heading\">Spitale \u0219i infrastructur\u0103 \u2013 priorit\u0103\u021bi paralele, nu concurente<\/h6>\n<p>Simonis respinge ideea c\u0103 banii pentru stadion ar fi \u00een detrimentul s\u0103n\u0103t\u0103\u021bii sau educa\u021biei. D\u0103 ca exemplu proiectele avansate pentru Spitalul Oncologic \u0219i Spitalul de Ar\u0219i, aflate deja \u00een faze de execu\u021bie.<\/p>\n<p><strong><em>\u201eConstruim \u0219i spitale, \u0219i \u0219coli, \u0219i drumuri. Dar avem nevoie \u0219i de un stadion modern, care va pune Timi\u0219oara pe harta marilor evenimente.\u201d<\/em><\/strong><\/p>\n<figure class=\"wp-block-embed is-type-video is-provider-youtube wp-block-embed-youtube wp-embed-aspect-16-9 wp-has-aspect-ratio\">\n<div class=\"wp-block-embed__wrapper\">\n<iframe loading=\"lazy\" title=\"Nu voi sus\u021bine niciun guvern care scoate stadionul din Timi\u0219oara de pe lista de investi\u021bii!\" width=\"696\" height=\"392\" src=\"https:\/\/www.youtube.com\/embed\/hUxkap6PP5E?feature=oembed\" frameborder allow=\"accelerometer; autoplay; clipboard-write; encrypted-media; gyroscope; picture-in-picture; web-share\" referrerpolicy=\"strict-origin-when-cross-origin\" allowfullscreen><\/iframe>\n<\/div>\n<\/figure>\n<\/div>\n<\/div>\n<div class=\"td_block_wrap tdb_single_tags tdi_74 td-pb-border-top td_block_template_1\" data-td-block-uid=\"tdi_74\">\n<div class=\"tdb-block-inner td-fix-index\">\n<ul class=\"tdb-tags\">\n<li><span>Tags<\/span><\/li>\n<li><a href=\"https:\/\/voceatimisului.ro\/tag\/alfred-simions\/\">Alfred Simions<\/a><\/li>\n<li><a href=\"https:\/\/voceatimisului.ro\/tag\/consiliul-judetean-timis\/\">consiliul judetean timis<\/a><\/li>\n<li><a href=\"https:\/\/voceatimisului.ro\/tag\/stadionul-dan-paltinisanu\/\">stadionul dan paltinisanu<\/a><\/li>\n<\/ul>\n<\/div>\n<\/div>\n<div class=\"td_block_wrap tdb_single_post_share tdi_75  td-pb-border-top td_block_template_1\" data-td-block-uid=\"tdi_75\">\n<div id=\"tdi_75\" class=\"td-post-sharing tdb-block td-ps-bg td-ps-notext td-post-sharing-style1 \">\n<div class=\"td-post-sharing-visible\"><a class=\"td-social-sharing-button td-social-sharing-button-js td-social-network td-social-facebook\" href=\"https:\/\/www.facebook.com\/sharer.php?u=https%3A%2F%2Fvoceatimisului.ro%2Fsimonis-nu-voi-sustine-niciun-guvern-care-scoate-stadionul-din-timisoara-de-pe-lista-de-investitii%2F\" title=\"Facebook\" rel=\"noopener\"><\/p>\n<div class=\"td-social-but-text\">Facebook<\/div>\n<p><\/a><a class=\"td-social-sharing-button td-social-sharing-button-js td-social-network td-social-twitter\" href=\"https:\/\/twitter.com\/intent\/tweet?text=Simonis%3A+%E2%80%9ENu+voi+sus%C8%9Bine+niciun+guvern+care+scoate+stadionul+din+Timi%C8%99oara+de+pe+lista+de+investi%C8%9Bii%21%E2%80%9D&amp;url=https%3A%2F%2Fvoceatimisului.ro%2Fsimonis-nu-voi-sustine-niciun-guvern-care-scoate-stadionul-din-timisoara-de-pe-lista-de-investitii%2F&amp;via=Vocea+Timisului\" title=\"Twitter\" rel=\"noopener\"><\/p>\n<div class=\"td-social-but-text\">Twitter<\/div>\n<p><\/a><a class=\"td-social-sharing-button td-social-sharing-button-js td-social-network td-social-pinterest\" href=\"https:\/\/pinterest.com\/pin\/create\/button\/?url=https:\/\/voceatimisului.ro\/simonis-nu-voi-sustine-niciun-guvern-care-scoate-stadionul-din-timisoara-de-pe-lista-de-investitii\/&amp;media=https:\/\/analyse.optim.biz\/wp-content\/uploads\/2025\/12\/maxresdefault-20.jpg&amp;description=Simonis%3A+%E2%80%9ENu+voi+sus%C8%9Bine+niciun+guvern+care+scoate+stadionul+din+Timi%C8%99oara+de+pe+lista+de+investi%C8%9Bii%21%E2%80%9D\" title=\"Pinterest\" rel=\"noopener\"><\/p>\n<div class=\"td-social-but-text\">Pinterest<\/div>\n<p><\/a><a class=\"td-social-sharing-button td-social-sharing-button-js td-social-network td-social-whatsapp\" href=\"https:\/\/api.whatsapp.com\/send?text=Simonis%3A+%E2%80%9ENu+voi+sus%C8%9Bine+niciun+guvern+care+scoate+stadionul+din+Timi%C8%99oara+de+pe+lista+de+investi%C8%9Bii%21%E2%80%9D%20%0A%0A%20https:\/\/voceatimisului.ro\/simonis-nu-voi-sustine-niciun-guvern-care-scoate-stadionul-din-timisoara-de-pe-lista-de-investitii\/\" title=\"WhatsApp\" rel=\"noopener\"><\/p>\n<div class=\"td-social-but-text\">WhatsApp<\/div>\n<p><\/a><a class=\"td-social-sharing-button td-social-sharing-button-js td-social-network td-social-linkedin\" href=\"https:\/\/www.linkedin.com\/shareArticle?mini=true&amp;url=https:\/\/voceatimisului.ro\/simonis-nu-voi-sustine-niciun-guvern-care-scoate-stadionul-din-timisoara-de-pe-lista-de-investitii\/&amp;title=Simonis%3A+%E2%80%9ENu+voi+sus%C8%9Bine+niciun+guvern+care+scoate+stadionul+din+Timi%C8%99oara+de+pe+lista+de+investi%C8%9Bii%21%E2%80%9D\" title=\"Linkedin\" rel=\"noopener\"><\/p>\n<div class=\"td-social-but-text\">Linkedin<\/div>\n<p><\/a><a class=\"td-social-sharing-button td-social-sharing-button-js td-social-network td-social-copy_url\" href=\"https:\/\/voceatimisului.ro\/simonis-nu-voi-sustine-niciun-guvern-care-scoate-stadionul-din-timisoara-de-pe-lista-de-investitii\/\" title=\"Copy URL\" rel=\"noopener\"><\/p>\n<div class=\"td-social-but-text\">Copy URL<\/div>\n<p><\/a><\/div>\n<\/div>\n<\/div>\n<div class=\"td_block_wrap tdb_single_next_prev tdi_76 td-animation-stack td-next-prev-img-on td-pb-border-top td_block_template_1\" data-td-block-uid=\"tdi_76\">\n<div class=\"tdb-block-inner td-fix-index\">\n<div class=\"tdb-next-post tdb-next-post-bg tdb-post-prev\"><span>Articolul precedent<\/span><\/p>\n<div class=\"td-module-container\">\n<div class=\"td-image-container\"><a class=\"td-image-wrap\" href=\"https:\/\/voceatimisului.ro\/a-inceput-primul-recensamant-online-al-cainilor-cu-stapan-din-comuna-giroc\/\"><img loading=\"lazy\" decoding=\"async\" class=\"td-next-prev-image td-fix-index td-lazy-img\" title=\"A \u00eenceput primul recens\u0103m\u00e2nt online al c\u00e2inilor cu st\u0103p\u00e2n din Comuna Giroc\" width=\"696\" height=\"696\" src=\"https:\/\/analyse.optim.biz\/wp-content\/uploads\/2025\/12\/recensamant-online-al-cainilor-cu-stapan-din-comuna-giroc-696x696-1.jpg\"><\/a><\/div>\n<div class=\"next-prev-title\"><a href=\"https:\/\/voceatimisului.ro\/a-inceput-primul-recensamant-online-al-cainilor-cu-stapan-din-comuna-giroc\/\">A \u00eenceput primul recens\u0103m\u00e2nt online al c\u00e2inilor cu st\u0103p\u00e2n din Comuna Giroc<\/a><\/div>\n<\/div>\n<\/div>\n<div class=\"tdb-next-post tdb-next-post-bg tdb-post-next\"><span>Articolul urm\u0103tor<\/span><\/p>\n<div class=\"td-module-container\">\n<div class=\"td-image-container\"><a class=\"td-image-wrap\" href=\"https:\/\/voceatimisului.ro\/directorul-aeroportului-international-timisoara-si-a-dat-demisia-interimat-pana-in-august-decizie-asteptata-de-consiliul-de-administratie\/\"><img decoding=\"async\" class=\"td-next-prev-image td-fix-index td-lazy-img\" title=\"Directorul Aeroportului Interna\u021bional Timi\u0219oara \u0219i-a dat demisia. Interimat p\u00e2n\u0103 \u00een august, decizie a\u0219teptat\u0103 de Consiliul de Administra\u021bie\" src=\"https:\/\/analyse.optim.biz\/wp-content\/uploads\/2025\/12\/daniel-stamatovici.jpg\"><\/a><\/div>\n<div class=\"next-prev-title\"><a href=\"https:\/\/voceatimisului.ro\/directorul-aeroportului-international-timisoara-si-a-dat-demisia-interimat-pana-in-august-decizie-asteptata-de-consiliul-de-administratie\/\">Directorul Aeroportului Interna\u021bional Timi\u0219oara \u0219i-a dat demisia. Interimat p\u00e2n\u0103 \u00een august, decizie a\u0219teptat\u0103 de Consiliul de Administra\u021bie<\/a><\/div>\n<\/div>\n<\/div>\n<\/div>\n<\/div>\n<\/div>\n<\/div>\n<\/div>\n<\/div>\n<div class=\"vc_row_inner tdi_86  vc_row vc_inner wpb_row td-pb-row\">\n<div class=\"vc_column_inner tdi_88  wpb_column vc_column_container tdc-inner-column td-pb-span4 td-is-sticky\">\n<div class=\"vc_column-inner\">\n<div class=\"wpb_wrapper\" data-sticky-enabled-on=\"W3RydWUsdHJ1ZSx0cnVlLHRydWVd\" data-sticky-offset=\"20\" data-sticky-is-width-auto=\"W2ZhbHNlLGZhbHNlLGZhbHNlLGZhbHNlXQ==\">\n<div class=\"td_block_wrap tdb_single_related tdi_89 td_with_ajax_pagination td-pb-border-top td_block_template_1 tdb-single-related-posts\" data-td-block-uid=\"tdi_89\">\n<div id=\"tdi_89\" class=\"td_block_inner tdb-block-inner td-fix-index\">\n<div class=\"tdb_module_related td_module_wrap td-animation-stack td-meta-info-hide\">\n<div class=\"td-module-container td-category-pos-image\">\n<div class=\"td-module-meta-info\">\n<h3 class=\"entry-title td-module-title\"><a href=\"https:\/\/voceatimisului.ro\/fragilitatea-eternului-aduce-pompeiul-la-timisoara-o-expozitie-internationala-de-referinta-la-muzeul-national-de-arta\/\" rel=\"bookmark\" title=\"Fragilitatea eternului aduce Pompeiul la Timi\u0219oara, o expozi\u021bie interna\u021bional\u0103 de referin\u021b\u0103 la Muzeul Na\u021bional de Art\u0103\">Fragilitatea eternului aduce Pompeiul la Timi\u0219oara, o expozi\u021bie interna\u021bional\u0103 de referin\u021b\u0103 la Muzeul Na\u021bional de Art\u0103<\/a><\/h3>\n<\/div>\n<\/div>\n<\/div>\n<div class=\"tdb_module_related td_module_wrap td-animation-stack td-meta-info-hide\">\n<div class=\"td-module-container td-category-pos-image\">\n<div class=\"td-module-meta-info\">\n<h3 class=\"entry-title td-module-title\"><a href=\"https:\/\/voceatimisului.ro\/retim-lovitura-in-instanta-si-factura-de-24-600-lei-pe-fondul-haosului-din-gestionarea-gunoiului\/\" rel=\"bookmark\" title=\"RETIM, lovitur\u0103 \u00een instan\u021b\u0103 \u0219i factur\u0103 de 24.600 lei pe fondul haosului din gestionarea gunoiului\">RETIM, lovitur\u0103 \u00een instan\u021b\u0103 \u0219i factur\u0103 de 24.600 lei pe fondul haosului din gestionarea gunoiului<\/a><\/h3>\n<\/div>\n<\/div>\n<\/div>\n<div class=\"tdb_module_related td_module_wrap td-animation-stack td-meta-info-hide\">\n<div class=\"td-module-container td-category-pos-image\">\n<div class=\"td-module-meta-info\">\n<h3 class=\"entry-title td-module-title\"><a href=\"https:\/\/voceatimisului.ro\/visit-timis-promoveaza-judetul-la-targul-international-de-turism-din-novi-sad\/\" rel=\"bookmark\" title=\"Visit Timi\u0219 promoveaz\u0103 jude\u021bul la T\u00e2rgul Interna\u021bional de Turism din Novi Sad\">Visit Timi\u0219 promoveaz\u0103 jude\u021bul la T\u00e2rgul Interna\u021bional de Turism din Novi Sad<\/a><\/h3>\n<\/div>\n<\/div>\n<\/div>\n<\/div>\n<\/div>\n<\/div>\n<\/div>\n<\/div>\n<div class=\"vc_column_inner tdi_91  wpb_column vc_column_container tdc-inner-column td-pb-span8\">\n<div class=\"vc_column-inner\">\n<div class=\"wpb_wrapper\">\n<div class=\"td_block_wrap tdb_single_comments tdi_92 tdb-comm-layout2 td-pb-border-top td_block_template_2\" data-td-block-uid=\"tdi_92\">\n<div class=\"tdb-block-inner td-fix-index\">\n<div class=\"comments\" id=\"comments\">\n<div id=\"respond\" class=\"comment-respond\">\n<h3 id=\"reply-title\" class=\"comment-reply-title\">L\u0102SA\u021aI UN MESAJ <small><a rel=\"nofollow\" id=\"cancel-comment-reply-link\" href=\"https:\/\/voceatimisului.ro\/simonis-nu-voi-sustine-niciun-guvern-care-scoate-stadionul-din-timisoara-de-pe-lista-de-investitii\/#respond\">Renun\u021ba\u021bi la r\u0103spuns<\/a><\/small><\/h3>\n<div class=\"comment-form-input-wrap td-form-comment\">\n<div class=\"td-warning-comment\">V\u0103 rug\u0103m s\u0103 introduce\u021bi comentariul dvs.!<\/div>\n<\/div>\n<div class=\"comment-form-input-wrap td-form-author\">\n<div class=\"td-warning-author\">Introduce\u021bi aici numele dvs.<\/div>\n<\/div>\n<div class=\"comment-form-input-wrap td-form-email\">\n<div class=\"td-warning-email-error\">A\u021bi introdus o adres\u0103 de e-mail incorect\u0103!<\/div>\n<div class=\"td-warning-email\">V\u0103 rug\u0103m s\u0103 introduce\u021bi adresa dvs. de e-mail aici<\/div>\n<\/div>\n<\/div>\n<\/div>\n<\/div>\n<\/div>\n<\/div>\n<\/div>\n<\/div>\n<\/div>\n<\/div>\n<\/div>\n<div class=\"vc_column tdi_94  wpb_column vc_column_container tdc-column td-pb-span4 td-is-sticky\">\n<div class=\"wpb_wrapper\" data-sticky-enabled-on=\"W3RydWUsdHJ1ZSx0cnVlLHRydWVd\" data-sticky-offset=\"20\" data-sticky-is-width-auto=\"W2ZhbHNlLGZhbHNlLGZhbHNlLGZhbHNlXQ==\">\n<div class=\"vc_row_inner tdi_96  vc_row vc_inner wpb_row td-pb-row\">\n<div class=\"vc_column_inner tdi_98  wpb_column vc_column_container tdc-inner-column td-pb-span12\">\n<div class=\"vc_column-inner\">\n<div class=\"wpb_wrapper\">\n<div class=\"td_block_wrap td_block_title tdi_99 td-pb-border-top td_block_template_11 td-fix-index\" data-td-block-uid=\"tdi_99\">\n<div class=\"td-block-title-wrap\">\n<h4 class=\"td-block-title\"><span class=\"td-pulldown-size\">ANUN\u021aURI \u0218I PUBLICITATE<\/span><\/h4>\n<\/div>\n<\/div>\n<\/div>\n<\/div>\n<\/div>\n<\/div>\n<div class=\"wpb_wrapper td_block_wrap vc_widget_sidebar tdi_101 \">\n<aside id=\"block-10\" class=\"td_block_template_1 widget block-10 widget_block widget_media_image\">\n<figure class=\"wp-block-image size-full\"><a href=\"https:\/\/adpghiroda.ro\/index.html\" target=\"_blank\" rel=\" noreferrer noopener\"><img decoding=\"async\" loading=\"lazy\" width=\"960\" height=\"960\" src=\"https:\/\/analyse.optim.biz\/wp-content\/uploads\/2025\/12\/adp-ghiroda2-2.jpg\" class=\"wp-image-171492\" title=\"adp-ghiroda2-2\"><\/a><\/figure>\n<\/aside>\n<aside id=\"block-11\" class=\"td_block_template_1 widget block-11 widget_block widget_media_image\">\n<figure class=\"wp-block-image size-full\"><a href=\"https:\/\/adpghiroda.ro\/index.html\" target=\"_blank\" rel=\" noreferrer noopener\"><img decoding=\"async\" loading=\"lazy\" width=\"960\" height=\"960\" src=\"https:\/\/analyse.optim.biz\/wp-content\/uploads\/2025\/12\/adp-ghiroda1-2.jpg\" class=\"wp-image-171491\" title=\"adp-ghiroda1-2\"><\/a><\/figure>\n<\/aside>\n<aside id=\"block-17\" class=\"td_block_template_1 widget block-17 widget_block widget_media_image\">\n<figure class=\"wp-block-image size-large is-resized\"><a href=\"https:\/\/verde.events\/\" target=\"_blank\" rel=\" noreferrer noopener\"><img decoding=\"async\" loading=\"lazy\" width=\"1024\" height=\"683\" src=\"https:\/\/analyse.optim.biz\/wp-content\/uploads\/2025\/12\/verde-events-24-1024x683-3.jpg\" alt=\"Verde Events\" class=\"wp-image-174395\" title=\"verde-events-24-1024x683-3\"><\/a><figcaption class=\"wp-element-caption\"><strong><em>O experien\u021b\u0103 unic\u0103 pentru orice tip de eveniment<\/em><\/strong><\/figcaption><\/figure>\n<\/aside>\n<\/div>\n<div class=\"td_block_wrap td_flex_block_1 tdi_107 td-pb-border-top td_block_template_1 td_ajax_preloading_preload td_flex_block\" data-td-block-uid=\"tdi_107\">\n<div id=\"tdi_107\" class=\"td_block_inner td-mc1-wrap\">\n<div class=\"td_module_flex td_module_flex_1 td_module_wrap td-animation-stack td-meta-info-hide td-cpt-post\">\n<div class=\"td-module-container td-category-pos-image\">\n<div class=\"td-module-meta-info\">\n<h3 class=\"entry-title td-module-title\"><a href=\"https:\/\/voceatimisului.ro\/simonis-in-plenul-cj-timis-decizia-instantei-deblocheaza-stadionul-nu-il-ingroapa\/\" rel=\"bookmark\" title=\"Simonis, \u00een plenul CJ Timi\u0219: decizia instan\u021bei deblocheaz\u0103 stadionul, nu \u00eel \u00eengroap\u0103\">Simonis, \u00een plenul CJ Timi\u0219: decizia instan\u021bei deblocheaz\u0103 stadionul, nu \u00eel \u00eengroap\u0103<\/a><\/h3>\n<\/div>\n<\/div>\n<\/div>\n<div class=\"td_module_flex td_module_flex_1 td_module_wrap td-animation-stack td-meta-info-hide td-cpt-post\">\n<div class=\"td-module-container td-category-pos-image\">\n<div class=\"td-module-meta-info\">\n<h3 class=\"entry-title td-module-title\"><a href=\"https:\/\/voceatimisului.ro\/retim-si-polaris-acuzatii-directe-in-cj-timis-simonis-nu-ne-lasam-santajati-de-mafia-gunoaielor\/\" rel=\"bookmark\" title=\"RETIM \u0219i Polaris, acuza\u021bii directe \u00een CJ Timi\u0219. Simonis: nu ne l\u0103s\u0103m \u0219antaja\u021bi de \u201emafia gunoaielor\u201d\">RETIM \u0219i Polaris, acuza\u021bii directe \u00een CJ Timi\u0219. Simonis: nu ne l\u0103s\u0103m \u0219antaja\u021bi de \u201emafia gunoaielor\u201d<\/a><\/h3>\n<\/div>\n<\/div>\n<\/div>\n<div class=\"td_module_flex td_module_flex_1 td_module_wrap td-animation-stack td-meta-info-hide td-cpt-post\">\n<div class=\"td-module-container td-category-pos-image\">\n<div class=\"td-module-meta-info\">\n<h3 class=\"entry-title td-module-title\"><a href=\"https:\/\/voceatimisului.ro\/eveniment-de-iarna-la-muzeul-satului-banatean-organizat-de-consiliul-judetean-timis\/\" rel=\"bookmark\" title=\"Eveniment de iarn\u0103 la Muzeul Satului B\u0103n\u0103\u021bean, organizat de Consiliul Jude\u021bean Timi\u0219\">Eveniment de iarn\u0103 la Muzeul Satului B\u0103n\u0103\u021bean, organizat de Consiliul Jude\u021bean Timi\u0219<\/a><\/h3>\n<\/div>\n<\/div>\n<\/div>\n<div class=\"td_module_flex td_module_flex_1 td_module_wrap td-animation-stack td-meta-info-hide td-cpt-post\">\n<div class=\"td-module-container td-category-pos-image\">\n<div class=\"td-module-meta-info\">\n<h3 class=\"entry-title td-module-title\"><a href=\"https:\/\/voceatimisului.ro\/proiectia-pariu-pe-timis-ajunge-la-sag\/\" rel=\"bookmark\" title=\"Proiec\u021bia \u201ePariu pe Timi\u0219\u201d ajunge la \u0218ag\">Proiec\u021bia \u201ePariu pe Timi\u0219\u201d ajunge la \u0218ag<\/a><\/h3>\n<\/div>\n<\/div>\n<\/div>\n<div class=\"td_module_flex td_module_flex_1 td_module_wrap td-animation-stack td-meta-info-hide td-cpt-post\">\n<div class=\"td-module-container td-category-pos-image\">\n<div class=\"td-module-meta-info\">\n<h3 class=\"entry-title td-module-title\"><a href=\"https:\/\/voceatimisului.ro\/oferta-culturala-a-consiliului-judetean-timis-pentru-perioada-17-23-noiembrie\/\" rel=\"bookmark\" title=\"Oferta cultural\u0103 a Consiliului Jude\u021bean Timi\u0219 pentru perioada 17\u201323 noiembrie\">Oferta cultural\u0103 a Consiliului Jude\u021bean Timi\u0219 pentru perioada 17\u201323 noiembrie<\/a><\/h3>\n<\/div>\n<\/div>\n<\/div>\n<\/div>\n<\/div>\n<\/div>\n<\/div>\n<\/div>\n<\/div>\n<\/div>\n<\/div>\n<p><span class=\"td-page-meta\"><\/span><span class=\"td-page-meta\"><span class=\"td-page-meta\"><\/span><\/span><span class=\"td-page-meta\"><\/span><\/article>\n<p> Source URL: https:\/\/voceatimisului.ro\/simonis-nu-voi-sustine-niciun-guvern-care-scoate-stadionul-din-timisoara-de-pe-lista-de-investitii\/<\/p>\n","protected":false},"excerpt":{"rendered":"<p>Exclusiv\u0218tiri Simonis: \u201eNu voi sus\u021bine niciun guvern care scoate stadionul din Timi\u0219oara de pe lista de investi\u021bii!\u201d Autor-Radu Constantin 6 iunie 2025 0 11029 Facebook Twitter Pinterest WhatsApp Linkedin Copy URL Banatul trece de prima etap\u0103 \u00een cursa pentru titlul de Regiune Gastronomic\u0103 European\u0103 2028 Investi\u021bii de 500 de milioane de euro \u00een s\u0103n\u0103tate, prezentate [&hellip;]<\/p>\n","protected":false},"author":1,"featured_media":1063788,"comment_status":"open","ping_status":"","sticky":false,"template":"","format":"standard","meta":{"footnotes":""},"categories":[89],"tags":[199],"class_list":["post-1063787","post","type-post","status-publish","format-standard","has-post-thumbnail","hentry","category-romania","tag-voceatimisului-ro"],"_links":{"self":[{"href":"https:\/\/analyse.optim.biz\/index.php?rest_route=\/wp\/v2\/posts\/1063787","targetHints":{"allow":["GET"]}}],"collection":[{"href":"https:\/\/analyse.optim.biz\/index.php?rest_route=\/wp\/v2\/posts"}],"about":[{"href":"https:\/\/analyse.optim.biz\/index.php?rest_route=\/wp\/v2\/types\/post"}],"author":[{"embeddable":true,"href":"https:\/\/analyse.optim.biz\/index.php?rest_route=\/wp\/v2\/users\/1"}],"replies":[{"embeddable":true,"href":"https:\/\/analyse.optim.biz\/index.php?rest_route=%2Fwp%2Fv2%2Fcomments&post=1063787"}],"version-history":[{"count":0,"href":"https:\/\/analyse.optim.biz\/index.php?rest_route=\/wp\/v2\/posts\/1063787\/revisions"}],"wp:featuredmedia":[{"embeddable":true,"href":"https:\/\/analyse.optim.biz\/index.php?rest_route=\/wp\/v2\/media\/1063788"}],"wp:attachment":[{"href":"https:\/\/analyse.optim.biz\/index.php?rest_route=%2Fwp%2Fv2%2Fmedia&parent=1063787"}],"wp:term":[{"taxonomy":"category","embeddable":true,"href":"https:\/\/analyse.optim.biz\/index.php?rest_route=%2Fwp%2Fv2%2Fcategories&post=1063787"},{"taxonomy":"post_tag","embeddable":true,"href":"https:\/\/analyse.optim.biz\/index.php?rest_route=%2Fwp%2Fv2%2Ftags&post=1063787"}],"curies":[{"name":"wp","href":"https:\/\/api.w.org\/{rel}","templated":true}]}}