{"id":1063765,"date":"2025-04-25T11:57:02","date_gmt":"2025-04-25T08:57:02","guid":{"rendered":"https:\/\/analyse.optim.biz\/?p=1063765"},"modified":"2025-04-25T11:57:02","modified_gmt":"2025-04-25T08:57:02","slug":"dominic-fritz-primarul-care-a-confundat-biodiversitatea-cu-bataia-de-joc","status":"publish","type":"post","link":"https:\/\/analyse.optim.biz\/?p=1063765","title":{"rendered":"Dominic Fritz: primarul care a confundat biodiversitatea cu b\u0103taia de joc"},"content":{"rendered":"<article id=\"template-id-172790\" class=\"post-172790 tdb_templates type-tdb_templates status-publish post\">\n<div id=\"tdi_38\" class=\"tdc-zone\">\n<div class=\"tdc_zone tdi_39  wpb_row td-pb-row\">\n<div id=\"tdi_40\" class=\"tdc-row stretch_row_1400 td-stretch-content\">\n<div class=\"vc_row tdi_41  wpb_row td-pb-row tdc-element-style\">\n<div class=\"vc_column tdi_43  wpb_column vc_column_container tdc-column td-pb-span8\">\n<div class=\"wpb_wrapper\">\n<div class=\"td_block_wrap tdb_single_categories tdi_44 td-pb-border-top td_block_template_1 \" data-td-block-uid=\"tdi_44\">\n<div class=\"tdb-category td-fix-index\"><a class=\"tdb-entry-category\" href=\"https:\/\/voceatimisului.ro\/editorial\/\">Editorial<\/a><a class=\"tdb-entry-category\" href=\"https:\/\/voceatimisului.ro\/stiri-din-timisoara-si-timis\/\">\u0218tiri<\/a><\/div>\n<\/div>\n<div class=\"td_block_wrap tdb_title tdi_45 tdb-single-title td-pb-border-top td_block_template_1\" data-td-block-uid=\"tdi_45\">\n<div class=\"tdb-block-inner td-fix-index\">\n<h1 class=\"tdb-title-text\">Dominic Fritz: primarul care a confundat biodiversitatea cu b\u0103taia de joc<\/h1>\n<\/div>\n<\/div>\n<div class=\"vc_row_inner tdi_48  vc_row vc_inner wpb_row td-pb-row\">\n<div class=\"vc_column_inner tdi_50  wpb_column vc_column_container tdc-inner-column td-pb-span6\">\n<div class=\"vc_column-inner\">\n<div class=\"wpb_wrapper\">\n<div class=\"td_block_wrap tdb_single_author tdi_51 td-pb-border-top td_block_template_1 tdb-post-meta\" data-td-block-uid=\"tdi_51\">\n<div class=\"tdb-block-inner td-fix-index\">\n<div class=\"tdb-author-name-wrap\"><span class=\"tdb-author-by\">Autor-<\/span><a class=\"tdb-author-name\" href=\"https:\/\/voceatimisului.ro\/author\/cataadmin\/\">Radu Constantin<\/a><\/div>\n<\/div>\n<\/div>\n<div class=\"td_block_wrap tdb_single_date tdi_52 td-pb-border-top td_block_template_1 tdb-post-meta\" data-td-block-uid=\"tdi_52\">\n<div class=\"tdb-block-inner td-fix-index\"><time class=\"entry-date updated td-module-date\" datetime=\"2025-04-25T14:57:02+03:00\">25 aprilie 2025<\/time><\/div>\n<\/div>\n<div class=\"td_block_wrap tdb_single_comments_count tdi_53 td-pb-border-top td_block_template_1 tdb-post-meta\" data-td-block-uid=\"tdi_53\">\n<div class=\"tdb-block-inner td-fix-index\"><a href=\"https:\/\/voceatimisului.ro\/dominic-fritz-primarul-care-a-confundat-biodiversitatea-cu-bataia-de-joc\/#respond\"><span>0<\/span><\/a><\/div>\n<\/div>\n<div class=\"td_block_wrap tdb_single_post_views tdi_54 td-pb-border-top td_block_template_1 tdb-post-meta\" data-td-block-uid=\"tdi_54\">\n<div class=\"tdb-block-inner td-fix-index\"><span class=\"tdb-add-text\">1<\/span><span class=\"td-nr-views-171942\">2122<\/span><\/div>\n<\/div>\n<\/div>\n<\/div>\n<\/div>\n<div class=\"vc_column_inner tdi_56  wpb_column vc_column_container tdc-inner-column td-pb-span6\">\n<div class=\"vc_column-inner\">\n<div class=\"wpb_wrapper\">\n<div class=\"td_block_wrap tdb_single_post_share tdi_57  td-pb-border-top td_block_template_1\" data-td-block-uid=\"tdi_57\">\n<div id=\"tdi_57\" class=\"td-post-sharing tdb-block td-ps-bg td-ps-notext td-post-sharing-style1 \">\n<div class=\"td-post-sharing-visible\"><a class=\"td-social-sharing-button td-social-sharing-button-js td-social-network td-social-facebook\" href=\"https:\/\/www.facebook.com\/sharer.php?u=https%3A%2F%2Fvoceatimisului.ro%2Fdominic-fritz-primarul-care-a-confundat-biodiversitatea-cu-bataia-de-joc%2F\" title=\"Facebook\" rel=\"noopener\"><\/p>\n<div class=\"td-social-but-text\">Facebook<\/div>\n<p><\/a><a class=\"td-social-sharing-button td-social-sharing-button-js td-social-network td-social-twitter\" href=\"https:\/\/twitter.com\/intent\/tweet?text=Dominic+Fritz%3A+primarul+care+a+confundat+biodiversitatea+cu+b%C4%83taia+de+joc&amp;url=https%3A%2F%2Fvoceatimisului.ro%2Fdominic-fritz-primarul-care-a-confundat-biodiversitatea-cu-bataia-de-joc%2F&amp;via=Vocea+Timisului\" title=\"Twitter\" rel=\"noopener\"><\/p>\n<div class=\"td-social-but-text\">Twitter<\/div>\n<p><\/a><a class=\"td-social-sharing-button td-social-sharing-button-js td-social-network td-social-pinterest\" href=\"https:\/\/pinterest.com\/pin\/create\/button\/?url=https:\/\/voceatimisului.ro\/dominic-fritz-primarul-care-a-confundat-biodiversitatea-cu-bataia-de-joc\/&amp;media=https:\/\/analyse.optim.biz\/wp-content\/uploads\/2025\/12\/dominic-fritz-primarul-care-a-confundat-biodiversitatea-cu-bataia-de-joc.jpg&amp;description=Dominic+Fritz%3A+primarul+care+a+confundat+biodiversitatea+cu+b%C4%83taia+de+joc\" title=\"Pinterest\" rel=\"noopener\"><\/p>\n<div class=\"td-social-but-text\">Pinterest<\/div>\n<p><\/a><a class=\"td-social-sharing-button td-social-sharing-button-js td-social-network td-social-whatsapp\" href=\"https:\/\/api.whatsapp.com\/send?text=Dominic+Fritz%3A+primarul+care+a+confundat+biodiversitatea+cu+b%C4%83taia+de+joc%20%0A%0A%20https:\/\/voceatimisului.ro\/dominic-fritz-primarul-care-a-confundat-biodiversitatea-cu-bataia-de-joc\/\" title=\"WhatsApp\" rel=\"noopener\"><\/p>\n<div class=\"td-social-but-text\">WhatsApp<\/div>\n<p><\/a><a class=\"td-social-sharing-button td-social-sharing-button-js td-social-network td-social-linkedin\" href=\"https:\/\/www.linkedin.com\/shareArticle?mini=true&amp;url=https:\/\/voceatimisului.ro\/dominic-fritz-primarul-care-a-confundat-biodiversitatea-cu-bataia-de-joc\/&amp;title=Dominic+Fritz%3A+primarul+care+a+confundat+biodiversitatea+cu+b%C4%83taia+de+joc\" title=\"Linkedin\" rel=\"noopener\"><\/p>\n<div class=\"td-social-but-text\">Linkedin<\/div>\n<p><\/a><a class=\"td-social-sharing-button td-social-sharing-button-js td-social-network td-social-copy_url\" href=\"https:\/\/voceatimisului.ro\/dominic-fritz-primarul-care-a-confundat-biodiversitatea-cu-bataia-de-joc\/\" title=\"Copy URL\" rel=\"noopener\"><\/p>\n<div class=\"td-social-but-text\">Copy URL<\/div>\n<p><\/a><\/div>\n<\/div>\n<\/div>\n<\/div>\n<\/div>\n<\/div>\n<\/div>\n<div class=\"td_block_wrap tdb_single_featured_image tdi_58 tdb-content-horiz-left td-pb-border-top td_block_template_1\" data-td-block-uid=\"tdi_58\">\n<div class=\"tdb-block-inner td-fix-index\">\n<figure><img loading=\"lazy\" decoding=\"async\" width=\"696\" height=\"522\" class=\"entry-thumb\" src=\"https:\/\/analyse.optim.biz\/wp-content\/uploads\/2025\/12\/dominic-fritz-primarul-care-a-confundat-biodiversitatea-cu-bataia-de-joc-696x522-1.jpg\" title=\"Dominic Fritz primarul care a confundat biodiversitatea cu b\u0103taia de joc\"><figcaption class=\"tdb-caption-text\">Dominic Fritz primarul care a confundat biodiversitatea cu b\u0103taia de joc<\/figcaption><\/figure>\n<\/div>\n<\/div>\n<div class=\"vc_row_inner tdi_60  vc_row vc_inner wpb_row td-pb-row\">\n<div class=\"vc_column_inner tdi_62  wpb_column vc_column_container tdc-inner-column td-pb-span4 td-is-sticky\">\n<div class=\"vc_column-inner\">\n<div class=\"wpb_wrapper\" data-sticky-enabled-on=\"W3RydWUsdHJ1ZSx0cnVlLHRydWVd\" data-sticky-offset=\"20\" data-sticky-is-width-auto=\"W2ZhbHNlLGZhbHNlLGZhbHNlLGZhbHNlXQ==\">\n<div class=\"td_block_wrap td_flex_block_1 tdi_63 td-pb-border-top td_block_template_1 td_ajax_preloading_preload td_flex_block\" data-td-block-uid=\"tdi_63\">\n<div id=\"tdi_63\" class=\"td_block_inner td-mc1-wrap\">\n<div class=\"td_module_flex td_module_flex_1 td_module_wrap td-animation-stack td-meta-info-hide td-cpt-post\">\n<div class=\"td-module-container td-category-pos-image\">\n<div class=\"td-module-meta-info\">\n<h3 class=\"entry-title td-module-title\"><a href=\"https:\/\/voceatimisului.ro\/tramvaiul-nu-vine-dar-propaganda-circula-perfect\/\" rel=\"bookmark\" title=\"Tramvaiul nu vine, dar propaganda circul\u0103 perfect\">Tramvaiul nu vine, dar propaganda circul\u0103 perfect<\/a><\/h3>\n<\/div>\n<\/div>\n<\/div>\n<div class=\"td_module_flex td_module_flex_1 td_module_wrap td-animation-stack td-meta-info-hide td-cpt-post\">\n<div class=\"td-module-container td-category-pos-image\">\n<div class=\"td-module-meta-info\">\n<h3 class=\"entry-title td-module-title\"><a href=\"https:\/\/voceatimisului.ro\/transportul-public-din-timisoara-se-prabuseste-in-fiecare-zi-in-trafic-dar-in-birourile-primariei-totul-arata-perfect-si-european\/\" rel=\"bookmark\" title=\"Transportul public din Timi\u0219oara se pr\u0103bu\u0219e\u0219te \u00een fiecare zi \u00een trafic, dar \u00een birourile Prim\u0103riei totul arat\u0103 perfect \u0219i \u201ceuropean\u201d\">Transportul public din Timi\u0219oara se pr\u0103bu\u0219e\u0219te \u00een fiecare zi \u00een trafic, dar \u00een birourile Prim\u0103riei totul arat\u0103 perfect \u0219i \u201ceuropean\u201d<\/a><\/h3>\n<\/div>\n<\/div>\n<\/div>\n<div class=\"td_module_flex td_module_flex_1 td_module_wrap td-animation-stack td-meta-info-hide td-cpt-post\">\n<div class=\"td-module-container td-category-pos-image\">\n<div class=\"td-module-meta-info\">\n<h3 class=\"entry-title td-module-title\"><a href=\"https:\/\/voceatimisului.ro\/iccj-ii-strica-lui-dominic-fritz-manevra-de-blocaj-dosarul-de-conflict-de-interese-se-reia\/\" rel=\"bookmark\" title=\"\u00ceCCJ \u00eei stric\u0103 lui Dominic Fritz manevra de blocaj. Dosarul de conflict de interese se reia\">\u00ceCCJ \u00eei stric\u0103 lui Dominic Fritz manevra de blocaj. Dosarul de conflict de interese se reia<\/a><\/h3>\n<\/div>\n<\/div>\n<\/div>\n<div class=\"td_module_flex td_module_flex_1 td_module_wrap td-animation-stack td-meta-info-hide td-cpt-post\">\n<div class=\"td-module-container td-category-pos-image\">\n<div class=\"td-module-meta-info\">\n<h3 class=\"entry-title td-module-title\"><a href=\"https:\/\/voceatimisului.ro\/retim-a-plecat-din-timisoara-sub-nasul-consiliului-local\/\" rel=\"bookmark\" title=\"RETIM a plecat din Timi\u0219oara sub nasul Consiliului Local\">RETIM a plecat din Timi\u0219oara sub nasul Consiliului Local<\/a><\/h3>\n<\/div>\n<\/div>\n<\/div>\n<\/div>\n<\/div>\n<div class=\"tdb-author-box td_block_wrap tdb_single_author_box tdi_68 tdb-content-vert-top td-pb-border-top td_block_template_1\" data-td-block-uid=\"tdi_68\">\n<div class=\"tdb-block-inner td-fix-index\">\n<div class=\"tdb-author-info\"><a href=\"https:\/\/voceatimisului.ro\/author\/cataadmin\/\" class=\"tdb-author-name\">Radu Constantin<\/a><a href=\"http:\/\/www.voceatimisului.ro\" rel=\"nofollow\" class=\"tdb-author-url\">http:\/\/www.voceatimisului.ro<\/a><\/p>\n<div class=\"tdb-author-descr\">\u00centreaga responsabilitate a comentariilor l\u0103sate de dumneavoastr\u0103 v\u0103 apar\u021bine!<br \/>\nClick <a href=\"https:\/\/voceatimisului.ro\/termeni-si-conditii\/\">aici<\/a>-citeste condi\u0163iile de utilizare ale site-ului www.voceatimisului.ro<\/div>\n<\/div>\n<\/div>\n<\/div>\n<\/div>\n<\/div>\n<\/div>\n<div class=\"vc_column_inner tdi_70  wpb_column vc_column_container tdc-inner-column td-pb-span8\">\n<div class=\"vc_column-inner\">\n<div class=\"wpb_wrapper\">\n<div class=\"td_block_wrap tdb_single_content tdi_71 td-pb-border-top td_block_template_1 td-post-content tagdiv-type\" data-td-block-uid=\"tdi_71\">\n<div class=\"tdb-block-inner td-fix-index\">\n<h5 class=\"wp-block-heading\">\u00centr-un nou episod din seria \u201eDomnu\u2019 primar testeaz\u0103 pe pielea noastr\u0103\u201d, Dominic Fritz anun\u021b\u0103 cu senin\u0103tate c\u0103 proiectul pilot de \u201ebiodiversitate\u201d a sc\u0103pat de sub control. Nu c\u0103 n-am fi observat deja: Timi\u0219oara arat\u0103 ca dup\u0103 apocalipsa vegetal\u0103, cu iarb\u0103 p\u00e2n\u0103 la genunchi, b\u0103l\u0103rii c\u00e2t blocul \u0219i gunoaie \u00eencurcate printre \u201eecosistemele urbane\u201d.<\/h5>\n<p>Ceea ce domnul Fritz nume\u0219te cu m\u00e2ndrie \u201ecurajul de a testa idei noi\u201d s-a transformat rapid \u00eentr-o dovad\u0103 clar\u0103 de incompeten\u021b\u0103 \u0219i lips\u0103 de respect fa\u021b\u0103 de timi\u0219oreni. Nimeni nu a cerut un safari \u00een centrul ora\u0219ului. Nimeni nu s-a rugat de prim\u0103rie s\u0103 lase natura s\u0103 \u201erecucereasc\u0103\u201d parcurile, scuarurile \u0219i spa\u021biile verzi dintre blocuri. Dar, ca de obicei, Fritz \u0219tie mai bine dec\u00e2t cet\u0103\u021benii.<\/p>\n<p>Dup\u0103 ce a fost bombardat cu pl\u00e2ngeri \u2013 \u0219i pe bun\u0103 dreptate \u2013 primarul revine cu o declara\u021bie de un penibil antologic: \u201eTrebuie s\u0103 ne adapt\u0103m constant\u201d \u0219i \u201es\u0103 ajust\u0103m ce nu func\u021bioneaz\u0103 din prima\u201d. Dar asta nu mai e o ajustare. Asta e o repara\u021bie dup\u0103 un e\u0219ec lamentabil. S\u0103 vii acum, dup\u0103 ce ai transformat Timi\u0219oara \u00eentr-o versiune nereu\u0219it\u0103 de gr\u0103din\u0103 s\u0103lbatic\u0103, \u0219i s\u0103 dai vina pe \u201ecei care au \u00een grij\u0103 spa\u021biul verde\u201d e de-a dreptul jenant.<\/p>\n<p>Responsabilitatea e a ta, domnule primar. C\u0103 ai numit oameni incompeten\u021bi, c\u0103 ai l\u0103sat ora\u0219ul de izbeli\u0219te sub pretextul unui experiment pseudo-ecologist \u0219i c\u0103 ai ignorat realitatea de pe teren. Timi\u0219orenii nu cer miracole, dar nici nu merit\u0103 b\u0103taia asta de joc.<\/p>\n<p>Dac\u0103 asta e \u201einova\u021bia\u201d cu care ne m\u00e2ndrim \u00een fa\u021ba Europei, atunci poate c\u0103 e timpul s\u0103 test\u0103m \u0219i noi ceva nou: un primar care chiar \u00ee\u0219i face treaba.<\/p>\n<iframe loading=\"lazy\" src=\"https:\/\/www.facebook.com\/plugins\/post.php?href=https%3A%2F%2Fwww.facebook.com%2Fdominicprimar%2Fposts%2Fpfbid02izHF4UGuY5d3AbQLYiWQq6dNGN5zKBPoJsLd7t4GHjwoAKiDs2howsCNtnstkN5kl&amp;show_text=true&amp;width=1024\" width=\"1024\" height=\"850\" scrolling=\"no\" frameborder allowfullscreen=\"true\" allow=\"autoplay; clipboard-write; encrypted-media; picture-in-picture; web-share\"><\/iframe><\/div>\n<\/div>\n<div class=\"td_block_wrap tdb_single_tags tdi_74 td-pb-border-top td_block_template_1\" data-td-block-uid=\"tdi_74\">\n<div class=\"tdb-block-inner td-fix-index\">\n<ul class=\"tdb-tags\">\n<li><span>Tags<\/span><\/li>\n<li><a href=\"https:\/\/voceatimisului.ro\/tag\/biodiversitate\/\">biodiversitate<\/a><\/li>\n<li><a href=\"https:\/\/voceatimisului.ro\/tag\/dominic-fritz\/\">Dominic Fritz<\/a><\/li>\n<li><a href=\"https:\/\/voceatimisului.ro\/tag\/incompetenta\/\">incompetenta<\/a><\/li>\n<li><a href=\"https:\/\/voceatimisului.ro\/tag\/usr-timis\/\">usr timis<\/a><\/li>\n<\/ul>\n<\/div>\n<\/div>\n<div class=\"td_block_wrap tdb_single_post_share tdi_75  td-pb-border-top td_block_template_1\" data-td-block-uid=\"tdi_75\">\n<div id=\"tdi_75\" class=\"td-post-sharing tdb-block td-ps-bg td-ps-notext td-post-sharing-style1 \">\n<div class=\"td-post-sharing-visible\"><a class=\"td-social-sharing-button td-social-sharing-button-js td-social-network td-social-facebook\" href=\"https:\/\/www.facebook.com\/sharer.php?u=https%3A%2F%2Fvoceatimisului.ro%2Fdominic-fritz-primarul-care-a-confundat-biodiversitatea-cu-bataia-de-joc%2F\" title=\"Facebook\" rel=\"noopener\"><\/p>\n<div class=\"td-social-but-text\">Facebook<\/div>\n<p><\/a><a class=\"td-social-sharing-button td-social-sharing-button-js td-social-network td-social-twitter\" href=\"https:\/\/twitter.com\/intent\/tweet?text=Dominic+Fritz%3A+primarul+care+a+confundat+biodiversitatea+cu+b%C4%83taia+de+joc&amp;url=https%3A%2F%2Fvoceatimisului.ro%2Fdominic-fritz-primarul-care-a-confundat-biodiversitatea-cu-bataia-de-joc%2F&amp;via=Vocea+Timisului\" title=\"Twitter\" rel=\"noopener\"><\/p>\n<div class=\"td-social-but-text\">Twitter<\/div>\n<p><\/a><a class=\"td-social-sharing-button td-social-sharing-button-js td-social-network td-social-pinterest\" href=\"https:\/\/pinterest.com\/pin\/create\/button\/?url=https:\/\/voceatimisului.ro\/dominic-fritz-primarul-care-a-confundat-biodiversitatea-cu-bataia-de-joc\/&amp;media=https:\/\/analyse.optim.biz\/wp-content\/uploads\/2025\/12\/dominic-fritz-primarul-care-a-confundat-biodiversitatea-cu-bataia-de-joc.jpg&amp;description=Dominic+Fritz%3A+primarul+care+a+confundat+biodiversitatea+cu+b%C4%83taia+de+joc\" title=\"Pinterest\" rel=\"noopener\"><\/p>\n<div class=\"td-social-but-text\">Pinterest<\/div>\n<p><\/a><a class=\"td-social-sharing-button td-social-sharing-button-js td-social-network td-social-whatsapp\" href=\"https:\/\/api.whatsapp.com\/send?text=Dominic+Fritz%3A+primarul+care+a+confundat+biodiversitatea+cu+b%C4%83taia+de+joc%20%0A%0A%20https:\/\/voceatimisului.ro\/dominic-fritz-primarul-care-a-confundat-biodiversitatea-cu-bataia-de-joc\/\" title=\"WhatsApp\" rel=\"noopener\"><\/p>\n<div class=\"td-social-but-text\">WhatsApp<\/div>\n<p><\/a><a class=\"td-social-sharing-button td-social-sharing-button-js td-social-network td-social-linkedin\" href=\"https:\/\/www.linkedin.com\/shareArticle?mini=true&amp;url=https:\/\/voceatimisului.ro\/dominic-fritz-primarul-care-a-confundat-biodiversitatea-cu-bataia-de-joc\/&amp;title=Dominic+Fritz%3A+primarul+care+a+confundat+biodiversitatea+cu+b%C4%83taia+de+joc\" title=\"Linkedin\" rel=\"noopener\"><\/p>\n<div class=\"td-social-but-text\">Linkedin<\/div>\n<p><\/a><a class=\"td-social-sharing-button td-social-sharing-button-js td-social-network td-social-copy_url\" href=\"https:\/\/voceatimisului.ro\/dominic-fritz-primarul-care-a-confundat-biodiversitatea-cu-bataia-de-joc\/\" title=\"Copy URL\" rel=\"noopener\"><\/p>\n<div class=\"td-social-but-text\">Copy URL<\/div>\n<p><\/a><\/div>\n<\/div>\n<\/div>\n<div class=\"td_block_wrap tdb_single_next_prev tdi_76 td-animation-stack td-next-prev-img-on td-pb-border-top td_block_template_1\" data-td-block-uid=\"tdi_76\">\n<div class=\"tdb-block-inner td-fix-index\">\n<div class=\"tdb-next-post tdb-next-post-bg tdb-post-prev\"><span>Articolul precedent<\/span><\/p>\n<div class=\"td-module-container\">\n<div class=\"td-image-container\"><a class=\"td-image-wrap\" href=\"https:\/\/voceatimisului.ro\/gunoi-lichid-profit-solid-levigatul-care-curge-prin-timisoara-la-vedere\/\"><img loading=\"lazy\" decoding=\"async\" class=\"td-next-prev-image td-fix-index td-lazy-img\" title=\"Gunoi lichid, profit solid. Levigatul care curge prin Timi\u0219oara la vedere\" width=\"696\" height=\"392\" src=\"https:\/\/analyse.optim.biz\/wp-content\/uploads\/2025\/12\/levigatul-care-curge-prin-timisoara-la-vedere3-696x392-1.jpg\"><\/a><\/div>\n<div class=\"next-prev-title\"><a href=\"https:\/\/voceatimisului.ro\/gunoi-lichid-profit-solid-levigatul-care-curge-prin-timisoara-la-vedere\/\">Gunoi lichid, profit solid. Levigatul care curge prin Timi\u0219oara la vedere<\/a><\/div>\n<\/div>\n<\/div>\n<div class=\"tdb-next-post tdb-next-post-bg tdb-post-next\"><span>Articolul urm\u0103tor<\/span><\/p>\n<div class=\"td-module-container\">\n<div class=\"td-image-container\"><a class=\"td-image-wrap\" href=\"https:\/\/voceatimisului.ro\/redescopera-banatul-pe-doua-roti-turul-obiectivelor-o-aventura-ciclobanat-pentru-toata-familia\/\"><img loading=\"lazy\" decoding=\"async\" class=\"td-next-prev-image td-fix-index td-lazy-img\" title=\"Redescoper\u0103 Banatul pe dou\u0103 ro\u021bi: \u201eTurul Obiectivelor\u201d \u2013 o aventur\u0103 CicloBanat pentru toat\u0103 familia\" width=\"696\" height=\"696\" src=\"https:\/\/analyse.optim.biz\/wp-content\/uploads\/2025\/12\/ciclobanat2-696x696-1.png\"><\/a><\/div>\n<div class=\"next-prev-title\"><a href=\"https:\/\/voceatimisului.ro\/redescopera-banatul-pe-doua-roti-turul-obiectivelor-o-aventura-ciclobanat-pentru-toata-familia\/\">Redescoper\u0103 Banatul pe dou\u0103 ro\u021bi: \u201eTurul Obiectivelor\u201d \u2013 o aventur\u0103 CicloBanat pentru toat\u0103 familia<\/a><\/div>\n<\/div>\n<\/div>\n<\/div>\n<\/div>\n<\/div>\n<\/div>\n<\/div>\n<\/div>\n<div class=\"vc_row_inner tdi_86  vc_row vc_inner wpb_row td-pb-row\">\n<div class=\"vc_column_inner tdi_88  wpb_column vc_column_container tdc-inner-column td-pb-span4 td-is-sticky\">\n<div class=\"vc_column-inner\">\n<div class=\"wpb_wrapper\" data-sticky-enabled-on=\"W3RydWUsdHJ1ZSx0cnVlLHRydWVd\" data-sticky-offset=\"20\" data-sticky-is-width-auto=\"W2ZhbHNlLGZhbHNlLGZhbHNlLGZhbHNlXQ==\">\n<div class=\"td_block_wrap tdb_single_related tdi_89 td_with_ajax_pagination td-pb-border-top td_block_template_1 tdb-single-related-posts\" data-td-block-uid=\"tdi_89\">\n<div id=\"tdi_89\" class=\"td_block_inner tdb-block-inner td-fix-index\">\n<div class=\"tdb_module_related td_module_wrap td-animation-stack td-meta-info-hide\">\n<div class=\"td-module-container td-category-pos-image\">\n<div class=\"td-module-meta-info\">\n<h3 class=\"entry-title td-module-title\"><a href=\"https:\/\/voceatimisului.ro\/retim-si-a-mutat-sediul-in-oradea-timisoara-pierde-taxe-administratia-fritz-tace\/\" rel=\"bookmark\" title=\"RETIM \u0219i-a mutat sediul \u00een Oradea. Timi\u0219oara pierde taxe, administra\u021bia Fritz tace\">RETIM \u0219i-a mutat sediul \u00een Oradea. Timi\u0219oara pierde taxe, administra\u021bia Fritz tace<\/a><\/h3>\n<\/div>\n<\/div>\n<\/div>\n<div class=\"tdb_module_related td_module_wrap td-animation-stack td-meta-info-hide\">\n<div class=\"td-module-container td-category-pos-image\">\n<div class=\"td-module-meta-info\">\n<h3 class=\"entry-title td-module-title\"><a href=\"https:\/\/voceatimisului.ro\/fritz-ignora-legea-ministerul-muncii-confirma-incetarea-functiei-lui-pokker-in-ziua-pensionarii\/\" rel=\"bookmark\" title=\"Fritz ignor\u0103 legea. Ministerul Muncii confirm\u0103 \u00eencetarea func\u021biei lui Pokker \u00een ziua pension\u0103rii\">Fritz ignor\u0103 legea. Ministerul Muncii confirm\u0103 \u00eencetarea func\u021biei lui Pokker \u00een ziua pension\u0103rii<\/a><\/h3>\n<\/div>\n<\/div>\n<\/div>\n<div class=\"tdb_module_related td_module_wrap td-animation-stack td-meta-info-hide\">\n<div class=\"td-module-container td-category-pos-image\">\n<div class=\"td-module-meta-info\">\n<h3 class=\"entry-title td-module-title\"><a href=\"https:\/\/voceatimisului.ro\/licitatia-de-e-ticketing-a-primariei-timisoara-trimisa-la-rescris-de-cnsc-documentatie-profund-viciata-si-semne-de-intrebare-privind-expertiza-din-spatele-proiectului\/\" rel=\"bookmark\" title=\"Licita\u021bia de e-ticketing a Prim\u0103riei Timi\u0219oara, trimis\u0103 la rescris de CNSC. Documenta\u021bie \u201eprofund viciat\u0103\u201d \u0219i semne de \u00eentrebare privind expertiza din spatele proiectului\">Licita\u021bia de e-ticketing a Prim\u0103riei Timi\u0219oara, trimis\u0103 la rescris de CNSC. Documenta\u021bie \u201eprofund viciat\u0103\u201d \u0219i semne de \u00eentrebare privind expertiza din spatele proiectului<\/a><\/h3>\n<\/div>\n<\/div>\n<\/div>\n<\/div>\n<\/div>\n<\/div>\n<\/div>\n<\/div>\n<div class=\"vc_column_inner tdi_91  wpb_column vc_column_container tdc-inner-column td-pb-span8\">\n<div class=\"vc_column-inner\">\n<div class=\"wpb_wrapper\">\n<div class=\"td_block_wrap tdb_single_comments tdi_92 tdb-comm-layout2 td-pb-border-top td_block_template_2\" data-td-block-uid=\"tdi_92\">\n<div class=\"tdb-block-inner td-fix-index\">\n<div class=\"comments\" id=\"comments\">\n<div id=\"respond\" class=\"comment-respond\">\n<h3 id=\"reply-title\" class=\"comment-reply-title\">L\u0102SA\u021aI UN MESAJ <small><a rel=\"nofollow\" id=\"cancel-comment-reply-link\" href=\"https:\/\/voceatimisului.ro\/dominic-fritz-primarul-care-a-confundat-biodiversitatea-cu-bataia-de-joc\/#respond\">Renun\u021ba\u021bi la r\u0103spuns<\/a><\/small><\/h3>\n<div class=\"comment-form-input-wrap td-form-comment\">\n<div class=\"td-warning-comment\">V\u0103 rug\u0103m s\u0103 introduce\u021bi comentariul dvs.!<\/div>\n<\/div>\n<div class=\"comment-form-input-wrap td-form-author\">\n<div class=\"td-warning-author\">Introduce\u021bi aici numele dvs.<\/div>\n<\/div>\n<div class=\"comment-form-input-wrap td-form-email\">\n<div class=\"td-warning-email-error\">A\u021bi introdus o adres\u0103 de e-mail incorect\u0103!<\/div>\n<div class=\"td-warning-email\">V\u0103 rug\u0103m s\u0103 introduce\u021bi adresa dvs. de e-mail aici<\/div>\n<\/div>\n<\/div>\n<\/div>\n<\/div>\n<\/div>\n<\/div>\n<\/div>\n<\/div>\n<\/div>\n<\/div>\n<\/div>\n<div class=\"vc_column tdi_94  wpb_column vc_column_container tdc-column td-pb-span4 td-is-sticky\">\n<div class=\"wpb_wrapper\" data-sticky-enabled-on=\"W3RydWUsdHJ1ZSx0cnVlLHRydWVd\" data-sticky-offset=\"20\" data-sticky-is-width-auto=\"W2ZhbHNlLGZhbHNlLGZhbHNlLGZhbHNlXQ==\">\n<div class=\"vc_row_inner tdi_96  vc_row vc_inner wpb_row td-pb-row\">\n<div class=\"vc_column_inner tdi_98  wpb_column vc_column_container tdc-inner-column td-pb-span12\">\n<div class=\"vc_column-inner\">\n<div class=\"wpb_wrapper\">\n<div class=\"td_block_wrap td_block_title tdi_99 td-pb-border-top td_block_template_11 td-fix-index\" data-td-block-uid=\"tdi_99\">\n<div class=\"td-block-title-wrap\">\n<h4 class=\"td-block-title\"><span class=\"td-pulldown-size\">ANUN\u021aURI \u0218I PUBLICITATE<\/span><\/h4>\n<\/div>\n<\/div>\n<\/div>\n<\/div>\n<\/div>\n<\/div>\n<div class=\"wpb_wrapper td_block_wrap vc_widget_sidebar tdi_101 \">\n<aside id=\"block-10\" class=\"td_block_template_1 widget block-10 widget_block widget_media_image\">\n<figure class=\"wp-block-image size-full\"><a href=\"https:\/\/adpghiroda.ro\/index.html\" target=\"_blank\" rel=\" noreferrer noopener\"><img decoding=\"async\" loading=\"lazy\" width=\"960\" height=\"960\" src=\"https:\/\/analyse.optim.biz\/wp-content\/uploads\/2025\/12\/adp-ghiroda2-1.jpg\" class=\"wp-image-171492\" title=\"adp-ghiroda2-1\"><\/a><\/figure>\n<\/aside>\n<aside id=\"block-11\" class=\"td_block_template_1 widget block-11 widget_block widget_media_image\">\n<figure class=\"wp-block-image size-full\"><a href=\"https:\/\/adpghiroda.ro\/index.html\" target=\"_blank\" rel=\" noreferrer noopener\"><img decoding=\"async\" loading=\"lazy\" width=\"960\" height=\"960\" src=\"https:\/\/analyse.optim.biz\/wp-content\/uploads\/2025\/12\/adp-ghiroda1-1.jpg\" class=\"wp-image-171491\" title=\"adp-ghiroda1-1\"><\/a><\/figure>\n<\/aside>\n<aside id=\"block-17\" class=\"td_block_template_1 widget block-17 widget_block widget_media_image\">\n<figure class=\"wp-block-image size-large is-resized\"><a href=\"https:\/\/verde.events\/\" target=\"_blank\" rel=\" noreferrer noopener\"><img decoding=\"async\" loading=\"lazy\" width=\"1024\" height=\"683\" src=\"https:\/\/analyse.optim.biz\/wp-content\/uploads\/2025\/12\/verde-events-24-1024x683-2.jpg\" alt=\"Verde Events\" class=\"wp-image-174395\" title=\"verde-events-24-1024x683-2\"><\/a><figcaption class=\"wp-element-caption\"><strong><em>O experien\u021b\u0103 unic\u0103 pentru orice tip de eveniment<\/em><\/strong><\/figcaption><\/figure>\n<\/aside>\n<\/div>\n<div class=\"td_block_wrap td_flex_block_1 tdi_107 td-pb-border-top td_block_template_1 td_ajax_preloading_preload td_flex_block\" data-td-block-uid=\"tdi_107\">\n<div id=\"tdi_107\" class=\"td_block_inner td-mc1-wrap\">\n<div class=\"td_module_flex td_module_flex_1 td_module_wrap td-animation-stack td-meta-info-hide td-cpt-post\">\n<div class=\"td-module-container td-category-pos-image\">\n<div class=\"td-module-meta-info\">\n<h3 class=\"entry-title td-module-title\"><a href=\"https:\/\/voceatimisului.ro\/dominic-fritz-si-pensionarii-de-lux-ai-legalitatii\/\" rel=\"bookmark\" title=\"Dominic Fritz \u0219i pensionarii de lux ai legalit\u0103\u021bii\">Dominic Fritz \u0219i pensionarii de lux ai legalit\u0103\u021bii<\/a><\/h3>\n<\/div>\n<\/div>\n<\/div>\n<div class=\"td_module_flex td_module_flex_1 td_module_wrap td-animation-stack td-meta-info-hide td-cpt-post\">\n<div class=\"td-module-container td-category-pos-image\">\n<div class=\"td-module-meta-info\">\n<h3 class=\"entry-title td-module-title\"><a href=\"https:\/\/voceatimisului.ro\/demolari-fara-drept-si-functionari-executati-administratia-fritz-tot-mai-aproape-de-comunismul-birocratic\/\" rel=\"bookmark\" title=\"Demol\u0103ri f\u0103r\u0103 drept \u0219i func\u021bionari executa\u021bi: administra\u021bia Fritz, tot mai aproape de comunismul birocratic\">Demol\u0103ri f\u0103r\u0103 drept \u0219i func\u021bionari executa\u021bi: administra\u021bia Fritz, tot mai aproape de comunismul birocratic<\/a><\/h3>\n<\/div>\n<\/div>\n<\/div>\n<div class=\"td_module_flex td_module_flex_1 td_module_wrap td-animation-stack td-meta-info-hide td-cpt-post\">\n<div class=\"td-module-container td-category-pos-image\">\n<div class=\"td-module-meta-info\">\n<h3 class=\"entry-title td-module-title\"><a href=\"https:\/\/voceatimisului.ro\/buldozerul-administratiei-fritz-loveste-din-nou-viceprimarul-romocean-i-a-executat-administrativ-pe-cei-doi-functionari-care-au-refuzat-sa-mai-participe-la-demolarile-abuzive\/\" rel=\"bookmark\" title=\"Buldozerul administra\u021biei Fritz love\u0219te din nou. Viceprimarul Romocean i-a executat administrativ pe cei doi func\u021bionari care au refuzat s\u0103 mai participe la demol\u0103rile abuzive\">Buldozerul administra\u021biei Fritz love\u0219te din nou. Viceprimarul Romocean i-a executat administrativ pe cei doi func\u021bionari care au refuzat s\u0103 mai participe la demol\u0103rile abuzive<\/a><\/h3>\n<\/div>\n<\/div>\n<\/div>\n<div class=\"td_module_flex td_module_flex_1 td_module_wrap td-animation-stack td-meta-info-hide td-cpt-post\">\n<div class=\"td-module-container td-category-pos-image\">\n<div class=\"td-module-meta-info\">\n<h3 class=\"entry-title td-module-title\"><a href=\"https:\/\/voceatimisului.ro\/buldozerul-intai-legea-dupa-primaria-timisoara-isi-verifica-singura-demolarea-de-la-dinar\/\" rel=\"bookmark\" title=\"Buldozerul \u00eent\u00e2i, legea dup\u0103. Prim\u0103ria Timi\u0219oara \u00ee\u0219i verific\u0103 singur\u0103 demolarea de la Dinar\">Buldozerul \u00eent\u00e2i, legea dup\u0103. Prim\u0103ria Timi\u0219oara \u00ee\u0219i verific\u0103 singur\u0103 demolarea de la Dinar<\/a><\/h3>\n<\/div>\n<\/div>\n<\/div>\n<div class=\"td_module_flex td_module_flex_1 td_module_wrap td-animation-stack td-meta-info-hide td-cpt-post\">\n<div class=\"td-module-container td-category-pos-image\">\n<div class=\"td-module-meta-info\">\n<h3 class=\"entry-title td-module-title\"><a href=\"https:\/\/voceatimisului.ro\/buldozerul-lui-fritz-mai-presus-de-lege\/\" rel=\"bookmark\" title=\"Buldozerul lui Fritz, mai presus de lege\">Buldozerul lui Fritz, mai presus de lege<\/a><\/h3>\n<\/div>\n<\/div>\n<\/div>\n<\/div>\n<\/div>\n<\/div>\n<\/div>\n<\/div>\n<\/div>\n<\/div>\n<\/div>\n<p><span class=\"td-page-meta\"><\/span><span class=\"td-page-meta\"><span class=\"td-page-meta\"><\/span><\/span><span class=\"td-page-meta\"><\/span><\/article>\n<p> Source URL: https:\/\/voceatimisului.ro\/dominic-fritz-primarul-care-a-confundat-biodiversitatea-cu-bataia-de-joc\/<\/p>\n","protected":false},"excerpt":{"rendered":"<p>Editorial\u0218tiri Dominic Fritz: primarul care a confundat biodiversitatea cu b\u0103taia de joc Autor-Radu Constantin 25 aprilie 2025 0 12122 Facebook Twitter Pinterest WhatsApp Linkedin Copy URL Dominic Fritz primarul care a confundat biodiversitatea cu b\u0103taia de joc Tramvaiul nu vine, dar propaganda circul\u0103 perfect Transportul public din Timi\u0219oara se pr\u0103bu\u0219e\u0219te \u00een fiecare zi \u00een trafic, [&hellip;]<\/p>\n","protected":false},"author":1,"featured_media":1063766,"comment_status":"open","ping_status":"","sticky":false,"template":"","format":"standard","meta":{"footnotes":""},"categories":[89],"tags":[199],"class_list":["post-1063765","post","type-post","status-publish","format-standard","has-post-thumbnail","hentry","category-romania","tag-voceatimisului-ro"],"_links":{"self":[{"href":"https:\/\/analyse.optim.biz\/index.php?rest_route=\/wp\/v2\/posts\/1063765","targetHints":{"allow":["GET"]}}],"collection":[{"href":"https:\/\/analyse.optim.biz\/index.php?rest_route=\/wp\/v2\/posts"}],"about":[{"href":"https:\/\/analyse.optim.biz\/index.php?rest_route=\/wp\/v2\/types\/post"}],"author":[{"embeddable":true,"href":"https:\/\/analyse.optim.biz\/index.php?rest_route=\/wp\/v2\/users\/1"}],"replies":[{"embeddable":true,"href":"https:\/\/analyse.optim.biz\/index.php?rest_route=%2Fwp%2Fv2%2Fcomments&post=1063765"}],"version-history":[{"count":0,"href":"https:\/\/analyse.optim.biz\/index.php?rest_route=\/wp\/v2\/posts\/1063765\/revisions"}],"wp:featuredmedia":[{"embeddable":true,"href":"https:\/\/analyse.optim.biz\/index.php?rest_route=\/wp\/v2\/media\/1063766"}],"wp:attachment":[{"href":"https:\/\/analyse.optim.biz\/index.php?rest_route=%2Fwp%2Fv2%2Fmedia&parent=1063765"}],"wp:term":[{"taxonomy":"category","embeddable":true,"href":"https:\/\/analyse.optim.biz\/index.php?rest_route=%2Fwp%2Fv2%2Fcategories&post=1063765"},{"taxonomy":"post_tag","embeddable":true,"href":"https:\/\/analyse.optim.biz\/index.php?rest_route=%2Fwp%2Fv2%2Ftags&post=1063765"}],"curies":[{"name":"wp","href":"https:\/\/api.w.org\/{rel}","templated":true}]}}