{"id":1062145,"date":"2025-12-12T13:19:57","date_gmt":"2025-12-12T10:19:57","guid":{"rendered":"https:\/\/analyse.optim.biz\/?p=1062145"},"modified":"2025-12-12T13:19:57","modified_gmt":"2025-12-12T10:19:57","slug":"video-primaria-adjud-a-deschis-sarbatorile-de-iarna-cu-un-festival-dedicat-traditiilor-vrancene-jurnal-de-vrancea-stiri-din-vrancea-si-focsani","status":"publish","type":"post","link":"https:\/\/analyse.optim.biz\/?p=1062145","title":{"rendered":"VIDEO Prim\u0103ria Adjud a deschis s\u0103rb\u0103torile de iarn\u0103 cu un festival dedicat tradi\u021biilor vr\u00e2ncene | Jurnal de Vrancea &#8211; Stiri din Vrancea si Focsani"},"content":{"rendered":"<article id=\"template-id-121345\" class=\"post-121345 tdb_templates type-tdb_templates status-publish post\">\n<div id=\"tdi_73\" class=\"tdc-zone\">\n<div class=\"tdc_zone tdi_74  wpb_row td-pb-row\">\n<div id=\"tdi_75\" class=\"tdc-row\">\n<div class=\"vc_row tdi_76  wpb_row td-pb-row\">\n<div class=\"vc_column tdi_78  wpb_column vc_column_container tdc-column td-pb-span12\">\n<div class=\"wpb_wrapper\">\n<div class=\"td_block_wrap td-a-rec td-a-rec-id-custom-spot td-a-rec-img tdi_79 td_block_template_1\">\n<div><a href target=\"blank\" class=\"td_spot_img_all\"><img loading=\"lazy\" decoding=\"async\" src=\"https:\/\/analyse.optim.biz\/wp-content\/uploads\/2025\/12\/banner-aurora-multimarket-1200x200px-3.jpg\" alt=\"spot_img\" width=\"1200\" height=\"200\" title=\"banner-aurora-multimarket-1200x200px-3\"><\/a><a href target=\"blank\" class=\"td_spot_img_mob\"><img loading=\"lazy\" decoding=\"async\" src=\"https:\/\/analyse.optim.biz\/wp-content\/uploads\/2025\/12\/banner-aurora-multimarket-350x350px-3.jpg\" alt=\"spot_img\" width=\"300\" height=\"350\" title=\"banner-aurora-multimarket-350x350px-3\"><\/a><\/div>\n<\/div>\n<\/div>\n<\/div>\n<\/div>\n<\/div>\n<div id=\"tdi_80\" class=\"tdc-row\">\n<div class=\"vc_row tdi_81  wpb_row td-pb-row\">\n<div class=\"vc_column tdi_83  wpb_column vc_column_container tdc-column td-pb-span12\">\n<div class=\"wpb_wrapper\">\n<div class=\"td_block_wrap tdb_breadcrumbs tdi_84 td-pb-border-top td_block_template_1 tdb-breadcrumbs \" data-td-block-uid=\"tdi_84\">\n<div class=\"tdb-block-inner td-fix-index\"><span><a title class=\"tdb-entry-crumb\" href=\"https:\/\/www.jurnaldevrancea.ro\/\">Acas\u0103<\/a><\/span><span><a title=\"Vede\u021bi toate articolele \u00een Actualitate\" class=\"tdb-entry-crumb\" href=\"https:\/\/www.jurnaldevrancea.ro\/actualitate\/\">Actualitate<\/a><\/span><span class=\"tdb-bred-no-url-last\">VIDEO Prim\u0103ria Adjud a deschis s\u0103rb\u0103torile de iarn\u0103 cu un festival dedicat tradi\u021biilor vr\u00e2ncene<\/span><\/div>\n<\/div>\n<div class=\"td_block_wrap tdb_single_categories tdi_85 td-pb-border-top td_block_template_1 \" data-td-block-uid=\"tdi_85\">\n<div class=\"tdb-category td-fix-index\"><a class=\"tdb-entry-category\" href=\"https:\/\/www.jurnaldevrancea.ro\/actualitate\/\">Actualitate<\/a><\/div>\n<\/div>\n<div class=\"td_block_wrap tdb_title tdi_86 tdb-single-title td-pb-border-top td_block_template_1\" data-td-block-uid=\"tdi_86\">\n<div class=\"tdb-block-inner td-fix-index\">\n<h2 class=\"tdb-title-text\"><span class=\"sweb-cuv-evd\">VIDEO<\/span> Prim\u0103ria Adjud a deschis s\u0103rb\u0103torile de iarn\u0103 cu un festival dedicat tradi\u021biilor vr\u00e2ncene<\/h2>\n<\/div>\n<\/div>\n<div class=\"vc_row_inner tdi_88  vc_row vc_inner wpb_row td-pb-row\">\n<div class=\"vc_column_inner tdi_90  wpb_column vc_column_container tdc-inner-column td-pb-span3\">\n<div class=\"vc_column-inner\">\n<div class=\"wpb_wrapper\">\n<div class=\"td_block_wrap tdb_single_author tdi_91 td-pb-border-top td_block_template_1 tdb-post-meta\" data-td-block-uid=\"tdi_91\">\n<div class=\"tdb-block-inner td-fix-index\">\n<div class=\"tdb-author-name-wrap\"><span class=\"tdb-author-by\">DE:<\/span><a class=\"tdb-author-name\" href=\"https:\/\/www.jurnaldevrancea.ro\/author\/editor-online\/\">Editor Online<\/a><\/div>\n<\/div>\n<\/div>\n<\/div>\n<\/div>\n<\/div>\n<div class=\"vc_column_inner tdi_93  wpb_column vc_column_container tdc-inner-column td-pb-span3\">\n<div class=\"vc_column-inner\">\n<div class=\"wpb_wrapper\">\n<div class=\"td_block_wrap tdb_single_date tdi_94 td-pb-border-top td_block_template_1 tdb-post-meta\" data-td-block-uid=\"tdi_94\">\n<div class=\"tdb-block-inner td-fix-index\"><time class=\"entry-date updated td-module-date\" datetime=\"2025-12-12T15:19:57+02:00\">12\/12\/2025<\/time><\/div>\n<\/div>\n<\/div>\n<\/div>\n<\/div>\n<div class=\"vc_column_inner tdi_96  wpb_column vc_column_container tdc-inner-column td-pb-span3\">\n<div class=\"vc_column-inner\">\n<div class=\"wpb_wrapper\">\n<div class=\"td_block_wrap tdb_single_post_views tdi_97 td-pb-border-top td_block_template_1 tdb-post-meta\" data-td-block-uid=\"tdi_97\">\n<div class=\"tdb-block-inner td-fix-index\"><span class=\"td-nr-views-156501\">72<\/span><\/div>\n<\/div>\n<\/div>\n<\/div>\n<\/div>\n<div class=\"vc_column_inner tdi_99  wpb_column vc_column_container tdc-inner-column td-pb-span3\">\n<div class=\"vc_column-inner\">\n<div class=\"wpb_wrapper\">\n<div class=\"td_block_wrap tdb_single_post_share tdi_100  td-pb-border-top td_block_template_1\" data-td-block-uid=\"tdi_100\">\n<div id=\"tdi_100\" class=\"td-post-sharing tdb-block td-ps-bg td-ps-notext td-ps-bar td-post-sharing-style5 \">\n<div class=\"td-post-sharing-visible\"><a class=\"td-social-sharing-button td-social-sharing-button-js td-social-network td-social-facebook\" href=\"https:\/\/www.facebook.com\/sharer.php?u=https%3A%2F%2Fwww.jurnaldevrancea.ro%2Fvideo-primaria-adjud-a-deschis-sarbatorile-de-iarna-cu-un-festival-dedicat-traditiilor-vrancene%2F\" title=\"Facebook\"><\/p>\n<div class=\"td-social-but-text\">Facebook<\/div>\n<p><\/a><a class=\"td-social-sharing-button td-social-sharing-button-js td-social-network td-social-twitter\" href=\"https:\/\/twitter.com\/intent\/tweet?text=%3Cspan+class%3D%22sweb-cuv-evd%22+style%3D%22background-color%3A%23ff0000%3Bcolor%3A%23fffFFF%22%3EVIDEO%3C%2Fspan%3E+Prim%C4%83ria+Adjud+a+deschis+s%C4%83rb%C4%83torile+de+iarn%C4%83+cu+un+festival+dedicat+tradi%C8%9Biilor+vr%C3%A2ncene&amp;url=https%3A%2F%2Fwww.jurnaldevrancea.ro%2Fvideo-primaria-adjud-a-deschis-sarbatorile-de-iarna-cu-un-festival-dedicat-traditiilor-vrancene%2F&amp;via=Jurnal+de+Vrancea+-+Stiri+din+Vrancea+si+Focsani\" title=\"Twitter\"><\/p>\n<div class=\"td-social-but-text\">Twitter<\/div>\n<p><\/a><a class=\"td-social-sharing-button td-social-sharing-button-js td-social-network td-social-whatsapp\" href=\"https:\/\/api.whatsapp.com\/send?text=%3Cspan+class%3D%22sweb-cuv-evd%22+style%3D%22background-color%3A%23ff0000%3Bcolor%3A%23fffFFF%22%3EVIDEO%3C%2Fspan%3E+Prim%C4%83ria+Adjud+a+deschis+s%C4%83rb%C4%83torile+de+iarn%C4%83+cu+un+festival+dedicat+tradi%C8%9Biilor+vr%C3%A2ncene%20%0A%0A%20https:\/\/www.jurnaldevrancea.ro\/video-primaria-adjud-a-deschis-sarbatorile-de-iarna-cu-un-festival-dedicat-traditiilor-vrancene\/\" title=\"WhatsApp\"><\/p>\n<div class=\"td-social-but-text\">WhatsApp<\/div>\n<p><\/a><a class=\"td-social-sharing-button td-social-sharing-button-js td-social-network td-social-print\" href=\"https:\/\/www.jurnaldevrancea.ro\/video-primaria-adjud-a-deschis-sarbatorile-de-iarna-cu-un-festival-dedicat-traditiilor-vrancene\/\" title=\"Imprimare\"><\/p>\n<div class=\"td-social-but-text\">Imprimare<\/div>\n<p><\/a><\/div>\n<\/div>\n<\/div>\n<\/div>\n<\/div>\n<\/div>\n<\/div>\n<\/div>\n<\/div>\n<\/div>\n<\/div>\n<div id=\"tdi_101\" class=\"tdc-row\">\n<div class=\"vc_row tdi_102  wpb_row td-pb-row\">\n<div class=\"vc_column tdi_104  wpb_column vc_column_container tdc-column td-pb-span8\">\n<div class=\"wpb_wrapper\">\n<div class=\"td_block_wrap tdb_single_featured_image tdi_105 tdb-content-horiz-left td-pb-border-top td_block_template_1\" data-td-block-uid=\"tdi_105\">\n<div class=\"tdb-block-inner td-fix-index\"><img loading=\"lazy\" decoding=\"async\" width=\"664\" height=\"600\" class=\"entry-thumb\" src=\"https:\/\/analyse.optim.biz\/wp-content\/uploads\/2025\/12\/sarbatori-de-iarna-adjud-1.jpg\" title=\"SARBATORI DE IARNA ADJUD\"><\/div>\n<\/div>\n<div class=\"td_block_wrap tdb_single_content tdi_106 td-pb-border-top td_block_template_1 td-post-content tagdiv-type\" data-td-block-uid=\"tdi_106\">\n<div class=\"tdb-block-inner td-fix-index\">\n<p>La Adjud a avut loc deschiderea Festivalului \u201eTradi\u021bii \u0219i Obiceiuri Rom\u00e2ne\u0219ti \u2013 S\u0103rb\u0103torile de iarn\u0103\u201d, un eveniment care a adunat laolalt\u0103 elevi, profesori, reprezentan\u021bi ai autorit\u0103\u021bilor \u0219i iubitori ai folclorului. Atmosfera a fost una puternic\u0103 \u0219i autentic\u0103, cu momente care au readus \u00een fa\u021ba publicului obiceiuri transmise din genera\u021bie \u00een genera\u021bie.<\/p>\n<p>Invita\u021bii speciali au fost \u201eMasca\u021bii de la P\u0103une\u0219ti\u201d \u0219i \u201eCeata ur\u0219ilor de la Com\u0103ne\u0219ti\u201d. Apari\u021bia lor, \u00eenso\u021bit\u0103 de tobe, m\u0103\u0219ti \u0219i pa\u0219i ritualici, a oferit celor prezen\u021bi \u2013 mari \u0219i mici, mai mult dec\u00e2t un spectacol, a fost o reamintire a unei Rom\u00e2nii profunde, \u00een care tradi\u021biile nu sunt doar forme de divertisment, ci parte din identitatea comunit\u0103\u021bilor.<\/p>\n<p>Evenimentul a fost organizat cu sprijinul Liceului Tehnic \u201eGh. Bal\u0219\u201d din Adjud, dasc\u0103lii \u0219i elevii implica\u021bi \u00een eveniment lucr\u00e2nd la preg\u0103tirea festivalului sub coordonarea directorului Marian Draghici. Ca rezultat, consecven\u021ba \u0219i viziunea lor au transformat \u0219coala \u00eentr-un punct de sprijin pentru cultura local\u0103.<\/p>\n<p>Primarul municipiului Adjud, Nica George Claudiu, a sus\u021binut organizarea festivalului. Implicarea administra\u021biei locale arat\u0103 c\u0103 astfel de ini\u021biative pot fi continuate \u0219i dezvoltate atunci c\u00e2nd exist\u0103 colaborare \u00eentre institu\u021bii. Festivalul a transmis un mesaj simplu \u0219i puternic: tradi\u021biile nu sunt decor, ele sunt r\u0103d\u0103cinile unei comunit\u0103\u021bi iar c\u00e2nd \u0219coala, autorit\u0103\u021bile \u0219i oamenii locului trag \u00een aceea\u0219i direc\u021bie, aceste r\u0103d\u0103cini se \u00eent\u0103resc \u0219i r\u0103m\u00e2n vii.<\/p>\n<iframe loading=\"lazy\" src=\"https:\/\/www.facebook.com\/plugins\/video.php?height=476&amp;href=https%3A%2F%2Fwww.facebook.com%2Fuatadjud%2Fvideos%2F873511028694263%2F&amp;show_text=false&amp;width=267&amp;t=0\" width=\"267\" height=\"476\" frameborder scrolling=\"yes\" allowfullscreen=\"allowfullscreen\"><\/iframe>\n<\/div>\n<\/div>\n<div class=\"td_block_wrap td-a-rec td-a-rec-id-custom-spot td-a-rec-img tdi_107 td_block_template_1\">\n<div><a href=\"https:\/\/www.tomitatravel.ro\/\" target=\"blank\" class=\"td_spot_img_all\"><img loading=\"lazy\" decoding=\"async\" src=\"https:\/\/analyse.optim.biz\/wp-content\/uploads\/2025\/12\/banner-tomita_travel-focsani-1200x200-1-3.jpg\" alt=\"Tomi\u021b\u0103 Travel - Agen\u021bie de turism Foc\u0219ani\" width=\"1200\" height=\"200\" title=\"banner-tomita_travel-focsani-1200x200-1-3\"><\/a><a href=\"https:\/\/www.tomitatravel.ro\/\" target=\"blank\" class=\"td_spot_img_mob\"><img loading=\"lazy\" decoding=\"async\" src=\"https:\/\/analyse.optim.biz\/wp-content\/uploads\/2025\/12\/banner-tomita_travel-focsani-350x350-1-3.jpg\" alt=\"Tomi\u021b\u0103 Travel - Agen\u021bie de turism Foc\u0219ani\" width=\"300\" height=\"350\" title=\"banner-tomita_travel-focsani-350x350-1-3\"><\/a><\/div>\n<\/div>\n<div class=\"td_block_wrap td-a-rec td-a-rec-id-custom-spot td-a-rec-img tdi_108 td_block_template_1\">\n<div><a href=\"https:\/\/www.dezromania.ro\/categorii\/category\/14-produse.html\" target=\"blank\" class=\"td_spot_img_all\"><img loading=\"lazy\" decoding=\"async\" src=\"https:\/\/analyse.optim.biz\/wp-content\/uploads\/2025\/12\/banner-1200x200-sipotehnokar-auto-avariate-2025-3.jpg\" alt=\"spot_img\" width=\"1200\" height=\"200\" title=\"banner-1200x200-sipotehnokar-auto-avariate-2025-3\"><\/a><a href=\"https:\/\/www.dezromania.ro\/categorii\/category\/14-produse.html\" target=\"blank\" class=\"td_spot_img_mob\"><img loading=\"lazy\" decoding=\"async\" src=\"https:\/\/analyse.optim.biz\/wp-content\/uploads\/2025\/12\/banner-sipotehnokar-300xx220px-2025-3.jpg\" alt=\"spot_img\" width=\"300\" height=\"220\" title=\"banner-sipotehnokar-300xx220px-2025-3\"><\/a><\/div>\n<\/div>\n<div class=\"td_block_wrap td-a-rec td-a-rec-id-custom-spot td-a-rec-img tdi_109 td_block_template_1\">\n<div><a href=\"https:\/\/haipromo.ro\/\" target=\"blank\" class=\"td_spot_img_all\"><img loading=\"lazy\" decoding=\"async\" src=\"https:\/\/analyse.optim.biz\/wp-content\/uploads\/2025\/12\/banner-hai-promo-1200x200px-3.jpg\" alt=\"HAI PROMO\" width=\"1200\" height=\"200\" title=\"banner-hai-promo-1200x200px-3\"><\/a><a href=\"https:\/\/haipromo.ro\/\" target=\"blank\" class=\"td_spot_img_mob\"><img loading=\"lazy\" decoding=\"async\" src=\"https:\/\/analyse.optim.biz\/wp-content\/uploads\/2025\/12\/banner-hai-promo-350x350px-3.jpg\" alt=\"HAI PROMO\" width=\"350\" height=\"350\" title=\"banner-hai-promo-350x350px-3\"><\/a><\/div>\n<\/div>\n<\/div>\n<\/div>\n<div class=\"vc_column tdi_112  wpb_column vc_column_container tdc-column td-pb-span4\">\n<div class=\"wpb_wrapper\">\n<div class=\"wpb_wrapper td_block_wrap vc_widget_sidebar tdi_114 \">\n<aside id=\"custom_html-12\" class=\"widget_text td_block_template_1 widget custom_html-12 widget_custom_html\">\n<h4 class=\"block-title\"><span>\u2013 PUBLICITATE \u2013<\/span><\/h4>\n<div class=\"textwidget custom-html-widget\"><a href=\"https:\/\/www.facebook.com\/TractariAutoVranceaSOS24\"><source srcset=\"https:\/\/www.jurnaldevrancea.ro\/wp\/wp-content\/webp-express\/webp-images\/uploads\/2024\/11\/BANNER-sos-24-2024-300x300-px.jpg.webp\" type=\"image\/webp\" \/><\/a><a href=\"https:\/\/haipromo.ro\/\"><source srcset=\"https:\/\/www.jurnaldevrancea.ro\/wp\/wp-content\/webp-express\/webp-images\/uploads\/2024\/06\/banner-HAI-PROMO-350x350px.jpg.webp\" type=\"image\/webp\" \/><\/a><a href=\"https:\/\/www.facebook.com\/acnasygcons\"><source srcset=\"https:\/\/www.jurnaldevrancea.ro\/wp\/wp-content\/webp-express\/webp-images\/uploads\/2025\/08\/Banner-350x350px-Asyg-Consulting.jpg.webp\" type=\"image\/webp\" \/><\/a><\/div>\n<\/aside>\n<\/div>\n<div class=\"td_block_wrap tdb_single_tags tdi_115 td-pb-border-top td_block_template_1\" data-td-block-uid=\"tdi_115\">\n<div class=\"tdb-block-inner td-fix-index\">\n<ul class=\"tdb-tags\">\n<li><span>Tags<\/span><\/li>\n<li><a href=\"https:\/\/www.jurnaldevrancea.ro\/tag\/festival-obiceiuri\/\">festival obiceiuri<\/a><\/li>\n<li><a href=\"https:\/\/www.jurnaldevrancea.ro\/tag\/primaria-adjud\/\">primaria adjud<\/a><\/li>\n<li><a href=\"https:\/\/www.jurnaldevrancea.ro\/tag\/sarbatori-de-iarna\/\">sarbatori de iarna<\/a><\/li>\n<\/ul>\n<\/div>\n<\/div>\n<div class=\"tdm_block td_block_wrap tdm_block_column_title tdi_116 tdm-content-horiz-center td-pb-border-top td_block_template_1\" data-td-block-uid=\"tdi_116\">\n<div class=\"td-block-row\">\n<div class=\"td-block-span12 tdm-col\">\n<div class=\"tds-title tds-title1 td-fix-index tdi_117 \">\n<h3 class=\"tdm-title tdm-title-md\">ARTICOLE SIMILARE<\/h3>\n<\/div>\n<\/div>\n<\/div>\n<\/div>\n<div class=\"td_block_wrap td_flex_block_1 tdi_118 td-pb-border-top td_block_template_1 td_flex_block\" data-td-block-uid=\"tdi_118\">\n<div id=\"tdi_118\" class=\"td_block_inner td-mc1-wrap\">\n<div class=\"td_module_flex td_module_flex_1 td_module_wrap td-animation-stack td-cpt-post\">\n<div class=\"td-module-container td-category-pos-above\">\n<div class=\"td-module-meta-info\"><a href=\"https:\/\/www.jurnaldevrancea.ro\/actualitate\/\" class=\"td-post-category\">Actualitate<\/a><\/p>\n<h3 class=\"entry-title td-module-title\"><a href=\"https:\/\/www.jurnaldevrancea.ro\/isu-vrancea-a-marcat-astazi-peste-doua-decenii-de-la-unificarea-pompierilor-militari-cu-protectia-civila\/\" rel=\"bookmark\" title=\"ISU Vrancea a marcat ast\u0103zi peste dou\u0103 decenii de la unificarea pompierilor militari cu Protec\u021bia Civil\u0103\">ISU Vrancea a marcat ast\u0103zi peste dou\u0103 decenii de la unificarea pompierilor militari cu Protec\u021bia Civil\u0103<\/a><\/h3>\n<div class=\"td-excerpt\">Ast\u0103zi, 15 decembrie 2025, Inspectoratul pentru Situa\u021bii de Urgen\u021b\u0103 \u201eAnghel Saligny\u201d al jude\u021bului Vrancea&#8230;<\/div>\n<\/div>\n<\/div>\n<\/div>\n<div class=\"td_module_flex td_module_flex_1 td_module_wrap td-animation-stack td-cpt-post\">\n<div class=\"td-module-container td-category-pos-above\">\n<div class=\"td-module-meta-info\"><a href=\"https:\/\/www.jurnaldevrancea.ro\/actualitate\/\" class=\"td-post-category\">Actualitate<\/a><\/p>\n<h3 class=\"entry-title td-module-title\"><a href=\"https:\/\/www.jurnaldevrancea.ro\/ultima-ora-accident-la-urechesti-trei-autoturisme-implicate\/\" rel=\"bookmark\" title=\"ULTIMA OR\u0102 Accident la Ureche\u0219ti! Trei autoturisme implicate!\">ULTIMA OR\u0102 Accident la Ureche\u0219ti! Trei autoturisme implicate!<\/a><\/h3>\n<div class=\"td-excerpt\">Accidentul rutier s-a produs \u00een jurul orei 17.15, pe raza comunei Ureche\u0219ti (DN2 E85),&#8230;<\/div>\n<\/div>\n<\/div>\n<\/div>\n<\/div>\n<\/div>\n<\/div>\n<\/div>\n<\/div>\n<\/div>\n<div id=\"tdi_119\" class=\"tdc-row\">\n<div class=\"vc_row tdi_120  wpb_row td-pb-row\">\n<div class=\"vc_column tdi_122  wpb_column vc_column_container tdc-column td-pb-span12\">\n<div class=\"wpb_wrapper\">\n<div class=\"tdm_block td_block_wrap tdm_block_column_title tdi_123 tdm-content-horiz-center td-pb-border-top td_block_template_1\" data-td-block-uid=\"tdi_123\">\n<div class=\"td-block-row\">\n<div class=\"td-block-span12 tdm-col\">\n<div class=\"tds-title tds-title1 td-fix-index tdi_124 \">\n<h3 class=\"tdm-title tdm-title-md\">ARTICOLE POPULARE<\/h3>\n<\/div>\n<\/div>\n<\/div>\n<\/div>\n<\/div>\n<\/div>\n<\/div>\n<\/div>\n<div id=\"tdi_125\" class=\"tdc-row\">\n<div class=\"vc_row tdi_126  wpb_row td-pb-row\">\n<div class=\"vc_column tdi_128  wpb_column vc_column_container tdc-column td-pb-span12\">\n<div class=\"wpb_wrapper\">\n<div class=\"td_block_wrap td_flex_block_1 tdi_129 td-pb-border-top td_block_template_1 td_flex_block\" data-td-block-uid=\"tdi_129\">\n<div id=\"tdi_129\" class=\"td_block_inner td-mc1-wrap\">\n<div class=\"td_module_flex td_module_flex_1 td_module_wrap td-animation-stack td-cpt-post\">\n<div class=\"td-module-container td-category-pos-above\">\n<div class=\"td-module-meta-info\"><a href=\"https:\/\/www.jurnaldevrancea.ro\/actualitate\/\" class=\"td-post-category\">Actualitate<\/a><\/p>\n<h3 class=\"entry-title td-module-title\"><a href=\"https:\/\/www.jurnaldevrancea.ro\/alerta-epidemiologica-in-vrancea-doua-femei-sunt-internate-in-stare-grava-la-ati-cu-suspiciune-de-botulism\/\" rel=\"bookmark\" title=\"Alert\u0103 epidemiologic\u0103 \u00een Vrancea! Dou\u0103 femei sunt internate \u00een stare grav\u0103 la ATI cu suspiciune de botulism\">Alert\u0103 epidemiologic\u0103 \u00een Vrancea! Dou\u0103 femei sunt internate \u00een stare grav\u0103 la ATI cu suspiciune de botulism<\/a><\/h3>\n<div class=\"td-excerpt\">Dou\u0103 cazuri suspecte de botulism au fost raportate \u00een jude\u021bul Vrancea \u00een intervalul 10\u201311&#8230;<\/div>\n<div class=\"td-editor-date\"><span class=\"td-author-date\"><span class=\"td-post-date\"><time class=\"entry-date updated td-module-date\" datetime=\"2025-12-13T08:18:55+02:00\">13\/12\/2025<\/time><\/span><\/span><\/div>\n<\/div>\n<\/div>\n<\/div>\n<div class=\"td_module_flex td_module_flex_1 td_module_wrap td-animation-stack td-cpt-post\">\n<div class=\"td-module-container td-category-pos-above\">\n<div class=\"td-module-meta-info\"><a href=\"https:\/\/www.jurnaldevrancea.ro\/actualitate\/\" class=\"td-post-category\">Actualitate<\/a><\/p>\n<h3 class=\"entry-title td-module-title\"><a href=\"https:\/\/www.jurnaldevrancea.ro\/video-cum-s-a-produs-accidentul-de-azi-dimineata-din-focsani-cine-a-fost-de-vina-se-vede-clar-in-imagini\/\" rel=\"bookmark\" title=\"VIDEO Cum s-a produs accidentul de azi-diminea\u021b\u0103, din Foc\u0219ani! Cine a fost de vin\u0103\u2026 se vede clar \u00een imagini\">VIDEO Cum s-a produs accidentul de azi-diminea\u021b\u0103, din Foc\u0219ani! Cine a fost de vin\u0103\u2026 se vede clar \u00een imagini<\/a><\/h3>\n<div class=\"td-excerpt\">Avem imagini cu accidentul care s-a produs \u00een acest\u0103 diminea\u021b\u0103 la intersec\u021bia dintre Bulevardul&#8230;<\/div>\n<div class=\"td-editor-date\"><span class=\"td-author-date\"><span class=\"td-post-date\"><time class=\"entry-date updated td-module-date\" datetime=\"2025-12-08T13:33:31+02:00\">08\/12\/2025<\/time><\/span><\/span><\/div>\n<\/div>\n<\/div>\n<\/div>\n<div class=\"td_module_flex td_module_flex_1 td_module_wrap td-animation-stack td-cpt-post\">\n<div class=\"td-module-container td-category-pos-above\">\n<div class=\"td-module-meta-info\"><a href=\"https:\/\/www.jurnaldevrancea.ro\/actualitate\/\" class=\"td-post-category\">Actualitate<\/a><\/p>\n<h3 class=\"entry-title td-module-title\"><a href=\"https:\/\/www.jurnaldevrancea.ro\/doliu-in-comunitatea-din-adjud-a-murit-profesoara-simona-ceamburu\/\" rel=\"bookmark\" title=\"Doliu \u00een comunitatea din Adjud! A murit profesoara Simona Ceamburu!\">Doliu \u00een comunitatea din Adjud! A murit profesoara Simona Ceamburu!<\/a><\/h3>\n<div class=\"td-excerpt\">Colegiul Tehnic \u201eGh. Bal\u0219\u201d din Adjud a anun\u021bat cu mare triste\u021be moartea profesoarei de&#8230;<\/div>\n<div class=\"td-editor-date\"><span class=\"td-author-date\"><span class=\"td-post-date\"><time class=\"entry-date updated td-module-date\" datetime=\"2025-12-11T15:19:24+02:00\">11\/12\/2025<\/time><\/span><\/span><\/div>\n<\/div>\n<\/div>\n<\/div>\n<\/div>\n<\/div>\n<\/div>\n<\/div>\n<\/div>\n<\/div>\n<\/div>\n<\/div>\n<p><span class=\"td-page-meta\"><\/span><span class=\"td-page-meta\"><span class=\"td-page-meta\"><\/span><\/span><span class=\"td-page-meta\"><\/span><\/article>\n<p> Source URL: https:\/\/www.jurnaldevrancea.ro\/video-primaria-adjud-a-deschis-sarbatorile-de-iarna-cu-un-festival-dedicat-traditiilor-vrancene\/<\/p>\n","protected":false},"excerpt":{"rendered":"<p>Acas\u0103ActualitateVIDEO Prim\u0103ria Adjud a deschis s\u0103rb\u0103torile de iarn\u0103 cu un festival dedicat tradi\u021biilor vr\u00e2ncene Actualitate VIDEO Prim\u0103ria Adjud a deschis s\u0103rb\u0103torile de iarn\u0103 cu un festival dedicat tradi\u021biilor vr\u00e2ncene DE:Editor Online 12\/12\/2025 72 Facebook Twitter WhatsApp Imprimare La Adjud a avut loc deschiderea Festivalului \u201eTradi\u021bii \u0219i Obiceiuri Rom\u00e2ne\u0219ti \u2013 S\u0103rb\u0103torile de iarn\u0103\u201d, un eveniment care [&hellip;]<\/p>\n","protected":false},"author":1,"featured_media":1062146,"comment_status":"open","ping_status":"","sticky":false,"template":"","format":"standard","meta":{"footnotes":""},"categories":[89],"tags":[207],"class_list":["post-1062145","post","type-post","status-publish","format-standard","has-post-thumbnail","hentry","category-romania","tag-jurnaldevrancea-ro"],"_links":{"self":[{"href":"https:\/\/analyse.optim.biz\/index.php?rest_route=\/wp\/v2\/posts\/1062145","targetHints":{"allow":["GET"]}}],"collection":[{"href":"https:\/\/analyse.optim.biz\/index.php?rest_route=\/wp\/v2\/posts"}],"about":[{"href":"https:\/\/analyse.optim.biz\/index.php?rest_route=\/wp\/v2\/types\/post"}],"author":[{"embeddable":true,"href":"https:\/\/analyse.optim.biz\/index.php?rest_route=\/wp\/v2\/users\/1"}],"replies":[{"embeddable":true,"href":"https:\/\/analyse.optim.biz\/index.php?rest_route=%2Fwp%2Fv2%2Fcomments&post=1062145"}],"version-history":[{"count":0,"href":"https:\/\/analyse.optim.biz\/index.php?rest_route=\/wp\/v2\/posts\/1062145\/revisions"}],"wp:featuredmedia":[{"embeddable":true,"href":"https:\/\/analyse.optim.biz\/index.php?rest_route=\/wp\/v2\/media\/1062146"}],"wp:attachment":[{"href":"https:\/\/analyse.optim.biz\/index.php?rest_route=%2Fwp%2Fv2%2Fmedia&parent=1062145"}],"wp:term":[{"taxonomy":"category","embeddable":true,"href":"https:\/\/analyse.optim.biz\/index.php?rest_route=%2Fwp%2Fv2%2Fcategories&post=1062145"},{"taxonomy":"post_tag","embeddable":true,"href":"https:\/\/analyse.optim.biz\/index.php?rest_route=%2Fwp%2Fv2%2Ftags&post=1062145"}],"curies":[{"name":"wp","href":"https:\/\/api.w.org\/{rel}","templated":true}]}}