{"id":1062083,"date":"2025-12-01T09:52:25","date_gmt":"2025-12-01T06:52:25","guid":{"rendered":"https:\/\/analyse.optim.biz\/?p=1062083"},"modified":"2025-12-01T09:52:25","modified_gmt":"2025-12-01T06:52:25","slug":"zeci-de-copii-prezenti-la-competitia-de-karate-organizata-de-clubul-foc-viu-din-focsani-jurnal-de-vrancea-stiri-din-vrancea-si-focsani","status":"publish","type":"post","link":"https:\/\/analyse.optim.biz\/?p=1062083","title":{"rendered":"Zeci de copii prezen\u021bi la competi\u021bia de karate organizat\u0103 de Clubul \u201eFoc Viu\u201d din Foc\u0219ani | Jurnal de Vrancea &#8211; Stiri din Vrancea si Focsani"},"content":{"rendered":"<article id=\"template-id-121345\" class=\"post-121345 tdb_templates type-tdb_templates status-publish post\">\n<div id=\"tdi_73\" class=\"tdc-zone\">\n<div class=\"tdc_zone tdi_74  wpb_row td-pb-row\">\n<div id=\"tdi_75\" class=\"tdc-row\">\n<div class=\"vc_row tdi_76  wpb_row td-pb-row\">\n<div class=\"vc_column tdi_78  wpb_column vc_column_container tdc-column td-pb-span12\">\n<div class=\"wpb_wrapper\">\n<div class=\"td_block_wrap td-a-rec td-a-rec-id-custom-spot td-a-rec-img tdi_79 td_block_template_1\">\n<div><a href target=\"blank\" class=\"td_spot_img_all\"><img loading=\"lazy\" decoding=\"async\" src=\"https:\/\/analyse.optim.biz\/wp-content\/uploads\/2025\/12\/banner-aurora-multimarket-1200x200px.jpg\" alt=\"spot_img\" width=\"1200\" height=\"200\" title=\"banner-aurora-multimarket-1200x200px\"><\/a><a href target=\"blank\" class=\"td_spot_img_mob\"><img loading=\"lazy\" decoding=\"async\" src=\"https:\/\/analyse.optim.biz\/wp-content\/uploads\/2025\/12\/banner-aurora-multimarket-350x350px.jpg\" alt=\"spot_img\" width=\"300\" height=\"350\" title=\"banner-aurora-multimarket-350x350px\"><\/a><\/div>\n<\/div>\n<\/div>\n<\/div>\n<\/div>\n<\/div>\n<div id=\"tdi_80\" class=\"tdc-row\">\n<div class=\"vc_row tdi_81  wpb_row td-pb-row\">\n<div class=\"vc_column tdi_83  wpb_column vc_column_container tdc-column td-pb-span12\">\n<div class=\"wpb_wrapper\">\n<div class=\"td_block_wrap tdb_breadcrumbs tdi_84 td-pb-border-top td_block_template_1 tdb-breadcrumbs \" data-td-block-uid=\"tdi_84\">\n<div class=\"tdb-block-inner td-fix-index\"><span><a title class=\"tdb-entry-crumb\" href=\"https:\/\/www.jurnaldevrancea.ro\/\">Acas\u0103<\/a><\/span><span><a title=\"Vede\u021bi toate articolele \u00een Actualitate\" class=\"tdb-entry-crumb\" href=\"https:\/\/www.jurnaldevrancea.ro\/actualitate\/\">Actualitate<\/a><\/span><span class=\"tdb-bred-no-url-last\">Zeci de copii prezen\u021bi la competi\u021bia de karate organizat\u0103 de Clubul \u201eFoc Viu\u201d din Foc\u0219ani<\/span><\/div>\n<\/div>\n<div class=\"td_block_wrap tdb_single_categories tdi_85 td-pb-border-top td_block_template_1 \" data-td-block-uid=\"tdi_85\">\n<div class=\"tdb-category td-fix-index\"><a class=\"tdb-entry-category\" href=\"https:\/\/www.jurnaldevrancea.ro\/actualitate\/\">Actualitate<\/a><a class=\"tdb-entry-category\" href=\"https:\/\/www.jurnaldevrancea.ro\/sport\/\">Sport<\/a><\/div>\n<\/div>\n<div class=\"td_block_wrap tdb_title tdi_86 tdb-single-title td-pb-border-top td_block_template_1\" data-td-block-uid=\"tdi_86\">\n<div class=\"tdb-block-inner td-fix-index\">\n<h2 class=\"tdb-title-text\">Zeci de copii prezen\u021bi la competi\u021bia de karate organizat\u0103 de Clubul \u201eFoc Viu\u201d din Foc\u0219ani<\/h2>\n<\/div>\n<\/div>\n<div class=\"vc_row_inner tdi_88  vc_row vc_inner wpb_row td-pb-row\">\n<div class=\"vc_column_inner tdi_90  wpb_column vc_column_container tdc-inner-column td-pb-span3\">\n<div class=\"vc_column-inner\">\n<div class=\"wpb_wrapper\">\n<div class=\"td_block_wrap tdb_single_author tdi_91 td-pb-border-top td_block_template_1 tdb-post-meta\" data-td-block-uid=\"tdi_91\">\n<div class=\"tdb-block-inner td-fix-index\">\n<div class=\"tdb-author-name-wrap\"><span class=\"tdb-author-by\">DE:<\/span><a class=\"tdb-author-name\" href=\"https:\/\/www.jurnaldevrancea.ro\/author\/editor-online\/\">Editor Online<\/a><\/div>\n<\/div>\n<\/div>\n<\/div>\n<\/div>\n<\/div>\n<div class=\"vc_column_inner tdi_93  wpb_column vc_column_container tdc-inner-column td-pb-span3\">\n<div class=\"vc_column-inner\">\n<div class=\"wpb_wrapper\">\n<div class=\"td_block_wrap tdb_single_date tdi_94 td-pb-border-top td_block_template_1 tdb-post-meta\" data-td-block-uid=\"tdi_94\">\n<div class=\"tdb-block-inner td-fix-index\"><time class=\"entry-date updated td-module-date\" datetime=\"2025-12-01T11:52:25+02:00\">01\/12\/2025<\/time><\/div>\n<\/div>\n<\/div>\n<\/div>\n<\/div>\n<div class=\"vc_column_inner tdi_96  wpb_column vc_column_container tdc-inner-column td-pb-span3\">\n<div class=\"vc_column-inner\">\n<div class=\"wpb_wrapper\">\n<div class=\"td_block_wrap tdb_single_post_views tdi_97 td-pb-border-top td_block_template_1 tdb-post-meta\" data-td-block-uid=\"tdi_97\">\n<div class=\"tdb-block-inner td-fix-index\"><span class=\"td-nr-views-156045\">194<\/span><\/div>\n<\/div>\n<\/div>\n<\/div>\n<\/div>\n<div class=\"vc_column_inner tdi_99  wpb_column vc_column_container tdc-inner-column td-pb-span3\">\n<div class=\"vc_column-inner\">\n<div class=\"wpb_wrapper\">\n<div class=\"td_block_wrap tdb_single_post_share tdi_100  td-pb-border-top td_block_template_1\" data-td-block-uid=\"tdi_100\">\n<div id=\"tdi_100\" class=\"td-post-sharing tdb-block td-ps-bg td-ps-notext td-ps-bar td-post-sharing-style5 \">\n<div class=\"td-post-sharing-visible\"><a class=\"td-social-sharing-button td-social-sharing-button-js td-social-network td-social-facebook\" href=\"https:\/\/www.facebook.com\/sharer.php?u=https%3A%2F%2Fwww.jurnaldevrancea.ro%2Fzeci-de-copii-prezenti-la-competitia-de-karate-organizata-de-clubul-foc-viu-din-focsani%2F\" title=\"Facebook\"><\/p>\n<div class=\"td-social-but-text\">Facebook<\/div>\n<p><\/a><a class=\"td-social-sharing-button td-social-sharing-button-js td-social-network td-social-twitter\" href=\"https:\/\/twitter.com\/intent\/tweet?text=Zeci+de+copii+prezen%C8%9Bi+la+competi%C8%9Bia+de+karate+organizat%C4%83+de+Clubul+%E2%80%9EFoc+Viu%E2%80%9D+din+Foc%C8%99ani&amp;url=https%3A%2F%2Fwww.jurnaldevrancea.ro%2Fzeci-de-copii-prezenti-la-competitia-de-karate-organizata-de-clubul-foc-viu-din-focsani%2F&amp;via=Jurnal+de+Vrancea+-+Stiri+din+Vrancea+si+Focsani\" title=\"Twitter\"><\/p>\n<div class=\"td-social-but-text\">Twitter<\/div>\n<p><\/a><a class=\"td-social-sharing-button td-social-sharing-button-js td-social-network td-social-whatsapp\" href=\"https:\/\/api.whatsapp.com\/send?text=Zeci+de+copii+prezen%C8%9Bi+la+competi%C8%9Bia+de+karate+organizat%C4%83+de+Clubul+%E2%80%9EFoc+Viu%E2%80%9D+din+Foc%C8%99ani%20%0A%0A%20https:\/\/www.jurnaldevrancea.ro\/zeci-de-copii-prezenti-la-competitia-de-karate-organizata-de-clubul-foc-viu-din-focsani\/\" title=\"WhatsApp\"><\/p>\n<div class=\"td-social-but-text\">WhatsApp<\/div>\n<p><\/a><a class=\"td-social-sharing-button td-social-sharing-button-js td-social-network td-social-print\" href=\"https:\/\/www.jurnaldevrancea.ro\/zeci-de-copii-prezenti-la-competitia-de-karate-organizata-de-clubul-foc-viu-din-focsani\/\" title=\"Imprimare\"><\/p>\n<div class=\"td-social-but-text\">Imprimare<\/div>\n<p><\/a><\/div>\n<\/div>\n<\/div>\n<\/div>\n<\/div>\n<\/div>\n<\/div>\n<\/div>\n<\/div>\n<\/div>\n<\/div>\n<div id=\"tdi_101\" class=\"tdc-row\">\n<div class=\"vc_row tdi_102  wpb_row td-pb-row\">\n<div class=\"vc_column tdi_104  wpb_column vc_column_container tdc-column td-pb-span8\">\n<div class=\"wpb_wrapper\">\n<div class=\"td_block_wrap tdb_single_featured_image tdi_105 tdb-content-horiz-left td-pb-border-top td_block_template_1\" data-td-block-uid=\"tdi_105\">\n<div class=\"tdb-block-inner td-fix-index\"><img loading=\"lazy\" decoding=\"async\" width=\"696\" height=\"522\" class=\"entry-thumb\" src=\"https:\/\/analyse.optim.biz\/wp-content\/uploads\/2025\/12\/cupa-1-decembrie-karate-foc-viu-9-696x522-1.jpg\" title=\"Cupa 1 decembrie karate - Foc Viu (9)\"><\/div>\n<\/div>\n<div class=\"td_block_wrap tdb_single_content tdi_106 td-pb-border-top td_block_template_1 td-post-content tagdiv-type\" data-td-block-uid=\"tdi_106\">\n<div class=\"tdb-block-inner td-fix-index\">\n<p>S\u00e2mb\u0103t\u0103, 29 noiembrie, Sala Sporturilor din Gole\u0219ti a fost gazda unui eveniment sportiv dedicat Zilei Na\u021bionale a Rom\u00e2niei \u2013 Cupa 1 Decembrie, o competi\u021bie amical\u0103 de karate tradi\u021bional care a reunit patru cluburi dornice s\u0103 \u00ee\u0219i m\u0103soare evolu\u021bia: dou\u0103 din Boto\u0219ani, Curte\u0219ti \u0219i Pater Do Leorda, iar dou\u0103 din Foc\u0219ani, Foc Viu \u0219i Damialan.<\/p>\n<source srcset=\"https:\/\/www.jurnaldevrancea.ro\/wp\/wp-content\/webp-express\/webp-images\/uploads\/2025\/12\/Cupa-1-decembrie-karate-Foc-Viu-4.jpg.webp 800w, https:\/\/www.jurnaldevrancea.ro\/wp\/wp-content\/webp-express\/webp-images\/uploads\/2025\/12\/Cupa-1-decembrie-karate-Foc-Viu-4-768x576.jpg.webp 768w, https:\/\/www.jurnaldevrancea.ro\/wp\/wp-content\/webp-express\/webp-images\/uploads\/2025\/12\/Cupa-1-decembrie-karate-Foc-Viu-4-150x113.jpg.webp 150w, https:\/\/www.jurnaldevrancea.ro\/wp\/wp-content\/webp-express\/webp-images\/uploads\/2025\/12\/Cupa-1-decembrie-karate-Foc-Viu-4-300x225.jpg.webp 300w, https:\/\/www.jurnaldevrancea.ro\/wp\/wp-content\/webp-express\/webp-images\/uploads\/2025\/12\/Cupa-1-decembrie-karate-Foc-Viu-4-696x522.jpg.webp 696w\" sizes=\"(max-width: 800px) 100vw, 800px\" type=\"image\/webp\" \/>\n<p>\u00centrecerea a avut trei probe: kata, kumite \u0219i todome, aceasta din urm\u0103 cuprinz\u00e2nd exerci\u021bii de preg\u0103tire pentru kata \u0219i kumite \u0219i combina\u021bii folosite la examenele de grad. \u00cen sal\u0103 s-au prezentat peste 60 de copii cu v\u00e2rste \u00eentre trei \u0219i 17 ani, fiecare cu dorin\u021ba clar\u0103 de a ar\u0103ta ce a \u00eenv\u0103\u021bat la antrenamente.<\/p>\n<source srcset=\"https:\/\/www.jurnaldevrancea.ro\/wp\/wp-content\/webp-express\/webp-images\/uploads\/2025\/12\/Competitie-karate2025-4.jpg.webp 800w, https:\/\/www.jurnaldevrancea.ro\/wp\/wp-content\/webp-express\/webp-images\/uploads\/2025\/12\/Competitie-karate2025-4-768x576.jpg.webp 768w, https:\/\/www.jurnaldevrancea.ro\/wp\/wp-content\/webp-express\/webp-images\/uploads\/2025\/12\/Competitie-karate2025-4-150x113.jpg.webp 150w, https:\/\/www.jurnaldevrancea.ro\/wp\/wp-content\/webp-express\/webp-images\/uploads\/2025\/12\/Competitie-karate2025-4-300x225.jpg.webp 300w, https:\/\/www.jurnaldevrancea.ro\/wp\/wp-content\/webp-express\/webp-images\/uploads\/2025\/12\/Competitie-karate2025-4-696x522.jpg.webp 696w\" sizes=\"(max-width: 800px) 100vw, 800px\" type=\"image\/webp\" \/>\n<p>Pentru cluburi, competi\u021bia a fost mai mult dec\u00e2t un simplu schimb de experien\u021b\u0103. <strong><em>\u201eEste un mod de a ne verifica copiii, de a \u00eei \u00eenv\u0103\u021ba s\u0103 lupte \u0219i s\u0103 \u00ee\u0219i dep\u0103\u0219easc\u0103 emo\u021biile, de a-i preg\u0103ti pentru viitoarele competi\u021bii\u201d<\/em><\/strong>, ne-a spus sensei D\u0103nu\u021b Vulcan, antrenor al Clubului Foc Viu din Foc\u0219ani \u0219i organizatorul evenimentului.<\/p>\n<source srcset=\"https:\/\/www.jurnaldevrancea.ro\/wp\/wp-content\/webp-express\/webp-images\/uploads\/2025\/12\/Cupa-1-decembrie-karate-Foc-Viu-1.jpg.webp 800w, https:\/\/www.jurnaldevrancea.ro\/wp\/wp-content\/webp-express\/webp-images\/uploads\/2025\/12\/Cupa-1-decembrie-karate-Foc-Viu-1-768x576.jpg.webp 768w, https:\/\/www.jurnaldevrancea.ro\/wp\/wp-content\/webp-express\/webp-images\/uploads\/2025\/12\/Cupa-1-decembrie-karate-Foc-Viu-1-150x113.jpg.webp 150w, https:\/\/www.jurnaldevrancea.ro\/wp\/wp-content\/webp-express\/webp-images\/uploads\/2025\/12\/Cupa-1-decembrie-karate-Foc-Viu-1-300x225.jpg.webp 300w, https:\/\/www.jurnaldevrancea.ro\/wp\/wp-content\/webp-express\/webp-images\/uploads\/2025\/12\/Cupa-1-decembrie-karate-Foc-Viu-1-696x522.jpg.webp 696w\" sizes=\"(max-width: 800px) 100vw, 800px\" type=\"image\/webp\" \/>\n<p>Din partea Clubului \u201eFoc Viu\u201d, micii karateka au reu\u0219it s\u0103 acumuleze aproximativ 70 de medalii:<\/p>\n<p><strong>3 ani<\/strong><\/p>\n<p>Moscu Cezar Gabriel \u2013 locul 2 kata, 2 todome<\/p>\n<p><strong>4 ani fete<\/strong><br \/>\nSpulber Isabel \u2013 locul 1 kata, 1 todome<\/p>\n<p><strong>4 ani b\u0103ie\u021bi<\/strong><br \/>\nVi\u0219an Rare\u0219 \u2013 locul 3 kata, 3 todome<\/p>\n<iframe loading=\"lazy\" title=\"competitie karate Foc Viu Foc\u0219ani\" width=\"696\" height=\"392\" src=\"https:\/\/www.youtube.com\/embed\/4pot_eEfNvA?feature=oembed\" frameborder allow=\"accelerometer; autoplay; clipboard-write; encrypted-media; gyroscope; picture-in-picture; web-share\" referrerpolicy=\"strict-origin-when-cross-origin\" allowfullscreen><\/iframe>\n<p><strong>5 ani<\/strong><br \/>\nMoscu Teodor \u2013 locul 1 kata, 1 todome<br \/>\nVlad Filip Andrei \u2013 locul 2 kata, 2 todome<\/p>\n<p><strong>6-7 ani \u00eencep\u0103tori<\/strong><br \/>\nSpulber Luca \u2013 locul 1 kata, 2 todome<br \/>\nEne Luca \u0218tefan \u2013 locul 2 kata, 1 todome<\/p>\n<p><strong>6-7 ani fete<\/strong><br \/>\nVulcan Sara \u2013 locul 1 kata, 1 todome, 1 kumite, 2 kata echipe mixt<\/p>\n<p><strong>6-7 ani masculin<\/strong><br \/>\nCopaciu Octavian \u2013 locul 2 kata, 2 todome, 1 kumite, 2 kata echipe<\/p>\n<p><strong>8-9 ani fete<\/strong><br \/>\nCazan Giulia \u2013 locul 2 kata, 1 todome, 3 kumite, 2 kata echipe mixt<\/p>\n<source srcset=\"https:\/\/www.jurnaldevrancea.ro\/wp\/wp-content\/webp-express\/webp-images\/uploads\/2025\/12\/Cupa-1-decembrie-karate-Foc-Viu-7.jpg.webp 800w, https:\/\/www.jurnaldevrancea.ro\/wp\/wp-content\/webp-express\/webp-images\/uploads\/2025\/12\/Cupa-1-decembrie-karate-Foc-Viu-7-768x576.jpg.webp 768w, https:\/\/www.jurnaldevrancea.ro\/wp\/wp-content\/webp-express\/webp-images\/uploads\/2025\/12\/Cupa-1-decembrie-karate-Foc-Viu-7-150x113.jpg.webp 150w, https:\/\/www.jurnaldevrancea.ro\/wp\/wp-content\/webp-express\/webp-images\/uploads\/2025\/12\/Cupa-1-decembrie-karate-Foc-Viu-7-300x225.jpg.webp 300w, https:\/\/www.jurnaldevrancea.ro\/wp\/wp-content\/webp-express\/webp-images\/uploads\/2025\/12\/Cupa-1-decembrie-karate-Foc-Viu-7-696x522.jpg.webp 696w\" sizes=\"auto, (max-width: 800px) 100vw, 800px\" type=\"image\/webp\" \/>\n<p><strong>8-9 ani masculin<\/strong><br \/>\nMunteanu Denis \u2013 locul 1 kata, 3 todome, 1 kumite, 2 kata echipe mixt<br \/>\nM\u00ee\u021bu Alexandru \u2013 locul 3 kata, 1 todome, 2 kumite, 2 kata echipe<\/p>\n<p><strong>8-9 ani \u00eencep\u0103tori<\/strong><br \/>\nAlanei Andrei \u2013 locul 2 kata, 3 todome, 3 kumite, 2 kata echipe<\/p>\n<p><strong>10-11 ani<\/strong><br \/>\nStoian Damian Gabriel \u2013 locul 3 kata, 3 todome, 2 kumite<\/p>\n<p><strong>12-13 ani masculin<\/strong><br \/>\nBratu Darius \u2013 locul 2 kata, 1 todome, 1 kumite, 1 kata echipe<br \/>\nCostea Alexandru \u2013 locul 3 kata, 3 todome, 3 kumite, 1 kata echipe<\/p>\n<p><strong>12-13 ani fete<\/strong><br \/>\nVi\u0219an Alessia Violeta \u2013 locul 2 kata, 3 todome, 3 kumite<\/p>\n<source srcset=\"https:\/\/www.jurnaldevrancea.ro\/wp\/wp-content\/webp-express\/webp-images\/uploads\/2025\/12\/Cupa-1-decembrie-karate-Foc-Viu-2.jpg.webp 800w, https:\/\/www.jurnaldevrancea.ro\/wp\/wp-content\/webp-express\/webp-images\/uploads\/2025\/12\/Cupa-1-decembrie-karate-Foc-Viu-2-768x576.jpg.webp 768w, https:\/\/www.jurnaldevrancea.ro\/wp\/wp-content\/webp-express\/webp-images\/uploads\/2025\/12\/Cupa-1-decembrie-karate-Foc-Viu-2-150x113.jpg.webp 150w, https:\/\/www.jurnaldevrancea.ro\/wp\/wp-content\/webp-express\/webp-images\/uploads\/2025\/12\/Cupa-1-decembrie-karate-Foc-Viu-2-300x225.jpg.webp 300w, https:\/\/www.jurnaldevrancea.ro\/wp\/wp-content\/webp-express\/webp-images\/uploads\/2025\/12\/Cupa-1-decembrie-karate-Foc-Viu-2-696x522.jpg.webp 696w\" sizes=\"auto, (max-width: 800px) 100vw, 800px\" type=\"image\/webp\" \/>\n<p><strong>14-15 ani fete<\/strong><br \/>\nSau Alexia \u2013 locul 1 kata, 1 todome, 1 kumite, 1 kata echipe<br \/>\nVulcan Daria \u2013 locul 3 kata, 2 todome, 3 kumite, 1 kata echipe<\/p>\n<p><strong>14-15 ani masculin<\/strong><br \/>\nNeagu Alessandro \u2013 locul 1 kata, 1 todome, 3 kumite, 1 kata echipe<\/p>\n<source srcset=\"https:\/\/www.jurnaldevrancea.ro\/wp\/wp-content\/webp-express\/webp-images\/uploads\/2025\/12\/Competitie-karate2025-2.jpg.webp 600w, https:\/\/www.jurnaldevrancea.ro\/wp\/wp-content\/webp-express\/webp-images\/uploads\/2025\/12\/Competitie-karate2025-2-150x151.jpg.webp 150w, https:\/\/www.jurnaldevrancea.ro\/wp\/wp-content\/webp-express\/webp-images\/uploads\/2025\/12\/Competitie-karate2025-2-300x302.jpg.webp 300w\" sizes=\"auto, (max-width: 600px) 100vw, 600px\" type=\"image\/webp\" \/>\n<p><strong>16-17 ani fete<\/strong><br \/>\nPitigoi Andreea \u2013 locul 2 kata, 3 todome, 2 kumite, 1 kata echipe<\/p>\n<p><strong>16-17 ani masculin<\/strong><br \/>\nVasilache Rare\u0219 \u2013 locul 1 kata, 1 todome, 1 kumite<\/p>\n<source srcset=\"https:\/\/www.jurnaldevrancea.ro\/wp\/wp-content\/webp-express\/webp-images\/uploads\/2025\/12\/Cupa-1-decembrie-karate-Foc-Viu-8.jpg.webp 800w, https:\/\/www.jurnaldevrancea.ro\/wp\/wp-content\/webp-express\/webp-images\/uploads\/2025\/12\/Cupa-1-decembrie-karate-Foc-Viu-8-768x576.jpg.webp 768w, https:\/\/www.jurnaldevrancea.ro\/wp\/wp-content\/webp-express\/webp-images\/uploads\/2025\/12\/Cupa-1-decembrie-karate-Foc-Viu-8-150x113.jpg.webp 150w, https:\/\/www.jurnaldevrancea.ro\/wp\/wp-content\/webp-express\/webp-images\/uploads\/2025\/12\/Cupa-1-decembrie-karate-Foc-Viu-8-300x225.jpg.webp 300w, https:\/\/www.jurnaldevrancea.ro\/wp\/wp-content\/webp-express\/webp-images\/uploads\/2025\/12\/Cupa-1-decembrie-karate-Foc-Viu-8-696x522.jpg.webp 696w\" sizes=\"auto, (max-width: 800px) 100vw, 800px\" type=\"image\/webp\" \/>\n<p>Atmosfera cald\u0103, \u00een ciuda vremii de afar\u0103, \u0219i mai ales bucuria copiilor au conturat un eveniment sportiv reu\u0219it, care a ar\u0103tat \u00eenc\u0103 o dat\u0103 c\u0103 sportul r\u0103m\u00e2ne un loc unde se construiesc caractere \u0219i prietenii.<\/p>\n<source srcset=\"https:\/\/www.jurnaldevrancea.ro\/wp\/wp-content\/webp-express\/webp-images\/uploads\/2025\/12\/Competitie-karate2025-1.jpg.webp 683w, https:\/\/www.jurnaldevrancea.ro\/wp\/wp-content\/webp-express\/webp-images\/uploads\/2025\/12\/Competitie-karate2025-1-150x132.jpg.webp 150w, https:\/\/www.jurnaldevrancea.ro\/wp\/wp-content\/webp-express\/webp-images\/uploads\/2025\/12\/Competitie-karate2025-1-300x264.jpg.webp 300w\" sizes=\"auto, (max-width: 683px) 100vw, 683px\" type=\"image\/webp\" \/>\n<\/div>\n<\/div>\n<div class=\"td_block_wrap td-a-rec td-a-rec-id-custom-spot td-a-rec-img tdi_107 td_block_template_1\">\n<div><a href=\"https:\/\/www.tomitatravel.ro\/\" target=\"blank\" class=\"td_spot_img_all\"><img loading=\"lazy\" decoding=\"async\" src=\"https:\/\/analyse.optim.biz\/wp-content\/uploads\/2025\/12\/banner-tomita_travel-focsani-1200x200-1.jpg\" alt=\"Tomi\u021b\u0103 Travel - Agen\u021bie de turism Foc\u0219ani\" width=\"1200\" height=\"200\" title=\"banner-tomita_travel-focsani-1200x200-1\"><\/a><a href=\"https:\/\/www.tomitatravel.ro\/\" target=\"blank\" class=\"td_spot_img_mob\"><img loading=\"lazy\" decoding=\"async\" src=\"https:\/\/analyse.optim.biz\/wp-content\/uploads\/2025\/12\/banner-tomita_travel-focsani-350x350-1.jpg\" alt=\"Tomi\u021b\u0103 Travel - Agen\u021bie de turism Foc\u0219ani\" width=\"300\" height=\"350\" title=\"banner-tomita_travel-focsani-350x350-1\"><\/a><\/div>\n<\/div>\n<div class=\"td_block_wrap td-a-rec td-a-rec-id-custom-spot td-a-rec-img tdi_108 td_block_template_1\">\n<div><a href=\"https:\/\/www.dezromania.ro\/categorii\/category\/14-produse.html\" target=\"blank\" class=\"td_spot_img_all\"><img loading=\"lazy\" decoding=\"async\" src=\"https:\/\/analyse.optim.biz\/wp-content\/uploads\/2025\/12\/banner-1200x200-sipotehnokar-auto-avariate-2025.jpg\" alt=\"spot_img\" width=\"1200\" height=\"200\" title=\"banner-1200x200-sipotehnokar-auto-avariate-2025\"><\/a><a href=\"https:\/\/www.dezromania.ro\/categorii\/category\/14-produse.html\" target=\"blank\" class=\"td_spot_img_mob\"><img loading=\"lazy\" decoding=\"async\" src=\"https:\/\/analyse.optim.biz\/wp-content\/uploads\/2025\/12\/banner-sipotehnokar-300xx220px-2025.jpg\" alt=\"spot_img\" width=\"300\" height=\"220\" title=\"banner-sipotehnokar-300xx220px-2025\"><\/a><\/div>\n<\/div>\n<div class=\"td_block_wrap td-a-rec td-a-rec-id-custom-spot td-a-rec-img tdi_109 td_block_template_1\">\n<div><a href=\"https:\/\/haipromo.ro\/\" target=\"blank\" class=\"td_spot_img_all\"><img loading=\"lazy\" decoding=\"async\" src=\"https:\/\/analyse.optim.biz\/wp-content\/uploads\/2025\/12\/banner-hai-promo-1200x200px.jpg\" alt=\"HAI PROMO\" width=\"1200\" height=\"200\" title=\"banner-hai-promo-1200x200px\"><\/a><a href=\"https:\/\/haipromo.ro\/\" target=\"blank\" class=\"td_spot_img_mob\"><img loading=\"lazy\" decoding=\"async\" src=\"https:\/\/analyse.optim.biz\/wp-content\/uploads\/2025\/12\/banner-hai-promo-350x350px.jpg\" alt=\"HAI PROMO\" width=\"350\" height=\"350\" title=\"banner-hai-promo-350x350px\"><\/a><\/div>\n<\/div>\n<\/div>\n<\/div>\n<div class=\"vc_column tdi_112  wpb_column vc_column_container tdc-column td-pb-span4\">\n<div class=\"wpb_wrapper\">\n<div class=\"wpb_wrapper td_block_wrap vc_widget_sidebar tdi_114 \">\n<aside id=\"custom_html-12\" class=\"widget_text td_block_template_1 widget custom_html-12 widget_custom_html\">\n<h4 class=\"block-title\"><span>\u2013 PUBLICITATE \u2013<\/span><\/h4>\n<div class=\"textwidget custom-html-widget\"><a href=\"https:\/\/www.facebook.com\/TractariAutoVranceaSOS24\"><source srcset=\"https:\/\/www.jurnaldevrancea.ro\/wp\/wp-content\/webp-express\/webp-images\/uploads\/2024\/11\/BANNER-sos-24-2024-300x300-px.jpg.webp\" type=\"image\/webp\" \/><\/a><a href=\"https:\/\/haipromo.ro\/\"><source srcset=\"https:\/\/www.jurnaldevrancea.ro\/wp\/wp-content\/webp-express\/webp-images\/uploads\/2024\/06\/banner-HAI-PROMO-350x350px.jpg.webp\" type=\"image\/webp\" \/><\/a><a href=\"https:\/\/www.facebook.com\/acnasygcons\"><source srcset=\"https:\/\/www.jurnaldevrancea.ro\/wp\/wp-content\/webp-express\/webp-images\/uploads\/2025\/08\/Banner-350x350px-Asyg-Consulting.jpg.webp\" type=\"image\/webp\" \/><\/a><\/div>\n<\/aside>\n<\/div>\n<div class=\"td_block_wrap tdb_single_tags tdi_115 td-pb-border-top td_block_template_1\" data-td-block-uid=\"tdi_115\">\n<div class=\"tdb-block-inner td-fix-index\">\n<ul class=\"tdb-tags\">\n<li><span>Tags<\/span><\/li>\n<li><a href=\"https:\/\/www.jurnaldevrancea.ro\/tag\/club-foc-viu\/\">club foc viu<\/a><\/li>\n<li><a href=\"https:\/\/www.jurnaldevrancea.ro\/tag\/cupa-1-decembrie\/\">cupa 1 decembrie<\/a><\/li>\n<li><a href=\"https:\/\/www.jurnaldevrancea.ro\/tag\/karate\/\">karate<\/a><\/li>\n<\/ul>\n<\/div>\n<\/div>\n<div class=\"tdm_block td_block_wrap tdm_block_column_title tdi_116 tdm-content-horiz-center td-pb-border-top td_block_template_1\" data-td-block-uid=\"tdi_116\">\n<div class=\"td-block-row\">\n<div class=\"td-block-span12 tdm-col\">\n<div class=\"tds-title tds-title1 td-fix-index tdi_117 \">\n<h3 class=\"tdm-title tdm-title-md\">ARTICOLE SIMILARE<\/h3>\n<\/div>\n<\/div>\n<\/div>\n<\/div>\n<div class=\"td_block_wrap td_flex_block_1 tdi_118 td-pb-border-top td_block_template_1 td_flex_block\" data-td-block-uid=\"tdi_118\">\n<div id=\"tdi_118\" class=\"td_block_inner td-mc1-wrap\">\n<div class=\"td_module_flex td_module_flex_1 td_module_wrap td-animation-stack td-cpt-post\">\n<div class=\"td-module-container td-category-pos-above\">\n<div class=\"td-module-meta-info\"><a href=\"https:\/\/www.jurnaldevrancea.ro\/actualitate\/\" class=\"td-post-category\">Actualitate<\/a><\/p>\n<h3 class=\"entry-title td-module-title\"><a href=\"https:\/\/www.jurnaldevrancea.ro\/isu-vrancea-a-marcat-astazi-peste-doua-decenii-de-la-unificarea-pompierilor-militari-cu-protectia-civila\/\" rel=\"bookmark\" title=\"ISU Vrancea a marcat ast\u0103zi peste dou\u0103 decenii de la unificarea pompierilor militari cu Protec\u021bia Civil\u0103\">ISU Vrancea a marcat ast\u0103zi peste dou\u0103 decenii de la unificarea pompierilor militari cu Protec\u021bia Civil\u0103<\/a><\/h3>\n<div class=\"td-excerpt\">Ast\u0103zi, 15 decembrie 2025, Inspectoratul pentru Situa\u021bii de Urgen\u021b\u0103 \u201eAnghel Saligny\u201d al jude\u021bului Vrancea&#8230;<\/div>\n<\/div>\n<\/div>\n<\/div>\n<div class=\"td_module_flex td_module_flex_1 td_module_wrap td-animation-stack td-cpt-post\">\n<div class=\"td-module-container td-category-pos-above\">\n<div class=\"td-module-meta-info\"><a href=\"https:\/\/www.jurnaldevrancea.ro\/actualitate\/\" class=\"td-post-category\">Actualitate<\/a><\/p>\n<h3 class=\"entry-title td-module-title\"><a href=\"https:\/\/www.jurnaldevrancea.ro\/ultima-ora-accident-la-urechesti-trei-autoturisme-implicate\/\" rel=\"bookmark\" title=\"ULTIMA OR\u0102 Accident la Ureche\u0219ti! Trei autoturisme implicate!\">ULTIMA OR\u0102 Accident la Ureche\u0219ti! Trei autoturisme implicate!<\/a><\/h3>\n<div class=\"td-excerpt\">Accidentul rutier s-a produs \u00een jurul orei 17.15, pe raza comunei Ureche\u0219ti (DN2 E85),&#8230;<\/div>\n<\/div>\n<\/div>\n<\/div>\n<\/div>\n<\/div>\n<\/div>\n<\/div>\n<\/div>\n<\/div>\n<div id=\"tdi_119\" class=\"tdc-row\">\n<div class=\"vc_row tdi_120  wpb_row td-pb-row\">\n<div class=\"vc_column tdi_122  wpb_column vc_column_container tdc-column td-pb-span12\">\n<div class=\"wpb_wrapper\">\n<div class=\"tdm_block td_block_wrap tdm_block_column_title tdi_123 tdm-content-horiz-center td-pb-border-top td_block_template_1\" data-td-block-uid=\"tdi_123\">\n<div class=\"td-block-row\">\n<div class=\"td-block-span12 tdm-col\">\n<div class=\"tds-title tds-title1 td-fix-index tdi_124 \">\n<h3 class=\"tdm-title tdm-title-md\">ARTICOLE POPULARE<\/h3>\n<\/div>\n<\/div>\n<\/div>\n<\/div>\n<\/div>\n<\/div>\n<\/div>\n<\/div>\n<div id=\"tdi_125\" class=\"tdc-row\">\n<div class=\"vc_row tdi_126  wpb_row td-pb-row\">\n<div class=\"vc_column tdi_128  wpb_column vc_column_container tdc-column td-pb-span12\">\n<div class=\"wpb_wrapper\">\n<div class=\"td_block_wrap td_flex_block_1 tdi_129 td-pb-border-top td_block_template_1 td_flex_block\" data-td-block-uid=\"tdi_129\">\n<div id=\"tdi_129\" class=\"td_block_inner td-mc1-wrap\">\n<div class=\"td_module_flex td_module_flex_1 td_module_wrap td-animation-stack td-cpt-post\">\n<div class=\"td-module-container td-category-pos-above\">\n<div class=\"td-module-meta-info\"><a href=\"https:\/\/www.jurnaldevrancea.ro\/actualitate\/\" class=\"td-post-category\">Actualitate<\/a><\/p>\n<h3 class=\"entry-title td-module-title\"><a href=\"https:\/\/www.jurnaldevrancea.ro\/alerta-epidemiologica-in-vrancea-doua-femei-sunt-internate-in-stare-grava-la-ati-cu-suspiciune-de-botulism\/\" rel=\"bookmark\" title=\"Alert\u0103 epidemiologic\u0103 \u00een Vrancea! Dou\u0103 femei sunt internate \u00een stare grav\u0103 la ATI cu suspiciune de botulism\">Alert\u0103 epidemiologic\u0103 \u00een Vrancea! Dou\u0103 femei sunt internate \u00een stare grav\u0103 la ATI cu suspiciune de botulism<\/a><\/h3>\n<div class=\"td-excerpt\">Dou\u0103 cazuri suspecte de botulism au fost raportate \u00een jude\u021bul Vrancea \u00een intervalul 10\u201311&#8230;<\/div>\n<div class=\"td-editor-date\"><span class=\"td-author-date\"><span class=\"td-post-date\"><time class=\"entry-date updated td-module-date\" datetime=\"2025-12-13T08:18:55+02:00\">13\/12\/2025<\/time><\/span><\/span><\/div>\n<\/div>\n<\/div>\n<\/div>\n<div class=\"td_module_flex td_module_flex_1 td_module_wrap td-animation-stack td-cpt-post\">\n<div class=\"td-module-container td-category-pos-above\">\n<div class=\"td-module-meta-info\"><a href=\"https:\/\/www.jurnaldevrancea.ro\/actualitate\/\" class=\"td-post-category\">Actualitate<\/a><\/p>\n<h3 class=\"entry-title td-module-title\"><a href=\"https:\/\/www.jurnaldevrancea.ro\/video-cum-s-a-produs-accidentul-de-azi-dimineata-din-focsani-cine-a-fost-de-vina-se-vede-clar-in-imagini\/\" rel=\"bookmark\" title=\"VIDEO Cum s-a produs accidentul de azi-diminea\u021b\u0103, din Foc\u0219ani! Cine a fost de vin\u0103\u2026 se vede clar \u00een imagini\">VIDEO Cum s-a produs accidentul de azi-diminea\u021b\u0103, din Foc\u0219ani! Cine a fost de vin\u0103\u2026 se vede clar \u00een imagini<\/a><\/h3>\n<div class=\"td-excerpt\">Avem imagini cu accidentul care s-a produs \u00een acest\u0103 diminea\u021b\u0103 la intersec\u021bia dintre Bulevardul&#8230;<\/div>\n<div class=\"td-editor-date\"><span class=\"td-author-date\"><span class=\"td-post-date\"><time class=\"entry-date updated td-module-date\" datetime=\"2025-12-08T13:33:31+02:00\">08\/12\/2025<\/time><\/span><\/span><\/div>\n<\/div>\n<\/div>\n<\/div>\n<div class=\"td_module_flex td_module_flex_1 td_module_wrap td-animation-stack td-cpt-post\">\n<div class=\"td-module-container td-category-pos-above\">\n<div class=\"td-module-meta-info\"><a href=\"https:\/\/www.jurnaldevrancea.ro\/actualitate\/\" class=\"td-post-category\">Actualitate<\/a><\/p>\n<h3 class=\"entry-title td-module-title\"><a href=\"https:\/\/www.jurnaldevrancea.ro\/doliu-in-comunitatea-din-adjud-a-murit-profesoara-simona-ceamburu\/\" rel=\"bookmark\" title=\"Doliu \u00een comunitatea din Adjud! A murit profesoara Simona Ceamburu!\">Doliu \u00een comunitatea din Adjud! A murit profesoara Simona Ceamburu!<\/a><\/h3>\n<div class=\"td-excerpt\">Colegiul Tehnic \u201eGh. Bal\u0219\u201d din Adjud a anun\u021bat cu mare triste\u021be moartea profesoarei de&#8230;<\/div>\n<div class=\"td-editor-date\"><span class=\"td-author-date\"><span class=\"td-post-date\"><time class=\"entry-date updated td-module-date\" datetime=\"2025-12-11T15:19:24+02:00\">11\/12\/2025<\/time><\/span><\/span><\/div>\n<\/div>\n<\/div>\n<\/div>\n<\/div>\n<\/div>\n<\/div>\n<\/div>\n<\/div>\n<\/div>\n<\/div>\n<\/div>\n<p><span class=\"td-page-meta\"><\/span><span class=\"td-page-meta\"><span class=\"td-page-meta\"><\/span><\/span><span class=\"td-page-meta\"><\/span><\/article>\n<p> Source URL: https:\/\/www.jurnaldevrancea.ro\/zeci-de-copii-prezenti-la-competitia-de-karate-organizata-de-clubul-foc-viu-din-focsani\/<\/p>\n","protected":false},"excerpt":{"rendered":"<p>Acas\u0103ActualitateZeci de copii prezen\u021bi la competi\u021bia de karate organizat\u0103 de Clubul \u201eFoc Viu\u201d din Foc\u0219ani ActualitateSport Zeci de copii prezen\u021bi la competi\u021bia de karate organizat\u0103 de Clubul \u201eFoc Viu\u201d din Foc\u0219ani DE:Editor Online 01\/12\/2025 194 Facebook Twitter WhatsApp Imprimare S\u00e2mb\u0103t\u0103, 29 noiembrie, Sala Sporturilor din Gole\u0219ti a fost gazda unui eveniment sportiv dedicat Zilei Na\u021bionale [&hellip;]<\/p>\n","protected":false},"author":1,"featured_media":1062084,"comment_status":"open","ping_status":"","sticky":false,"template":"","format":"standard","meta":{"footnotes":""},"categories":[89],"tags":[207],"class_list":["post-1062083","post","type-post","status-publish","format-standard","has-post-thumbnail","hentry","category-romania","tag-jurnaldevrancea-ro"],"_links":{"self":[{"href":"https:\/\/analyse.optim.biz\/index.php?rest_route=\/wp\/v2\/posts\/1062083","targetHints":{"allow":["GET"]}}],"collection":[{"href":"https:\/\/analyse.optim.biz\/index.php?rest_route=\/wp\/v2\/posts"}],"about":[{"href":"https:\/\/analyse.optim.biz\/index.php?rest_route=\/wp\/v2\/types\/post"}],"author":[{"embeddable":true,"href":"https:\/\/analyse.optim.biz\/index.php?rest_route=\/wp\/v2\/users\/1"}],"replies":[{"embeddable":true,"href":"https:\/\/analyse.optim.biz\/index.php?rest_route=%2Fwp%2Fv2%2Fcomments&post=1062083"}],"version-history":[{"count":0,"href":"https:\/\/analyse.optim.biz\/index.php?rest_route=\/wp\/v2\/posts\/1062083\/revisions"}],"wp:featuredmedia":[{"embeddable":true,"href":"https:\/\/analyse.optim.biz\/index.php?rest_route=\/wp\/v2\/media\/1062084"}],"wp:attachment":[{"href":"https:\/\/analyse.optim.biz\/index.php?rest_route=%2Fwp%2Fv2%2Fmedia&parent=1062083"}],"wp:term":[{"taxonomy":"category","embeddable":true,"href":"https:\/\/analyse.optim.biz\/index.php?rest_route=%2Fwp%2Fv2%2Fcategories&post=1062083"},{"taxonomy":"post_tag","embeddable":true,"href":"https:\/\/analyse.optim.biz\/index.php?rest_route=%2Fwp%2Fv2%2Ftags&post=1062083"}],"curies":[{"name":"wp","href":"https:\/\/api.w.org\/{rel}","templated":true}]}}