{"id":1056929,"date":"2025-12-15T15:55:17","date_gmt":"2025-12-15T12:55:17","guid":{"rendered":"https:\/\/analyse.optim.biz\/?p=1056929"},"modified":"2025-12-15T15:55:17","modified_gmt":"2025-12-15T12:55:17","slug":"o-femeie-din-suceava-a-fost-lovita-pe-strada-pentru-a-i-se-fura-telefonul-mobil","status":"publish","type":"post","link":"https:\/\/analyse.optim.biz\/?p=1056929","title":{"rendered":"O femeie din Suceava a fost lovit\u0103 pe strad\u0103 pentru a i se fura telefonul mobil"},"content":{"rendered":"<div class=\"entry-content\">\n<p class=\"western\" align=\"justify\"><span><i><b><img decoding=\"async\" loading=\"lazy\" class=\"alignright size-medium wp-image-316191\" src=\"https:\/\/analyse.optim.biz\/wp-content\/uploads\/2025\/12\/politie-stiri-1-300x166-1.jpeg\" width=\"300\" height=\"166\" title=\"politie-stiri-1-300x166-1\">Poli\u021bi\u0219tii Biroului de Investiga\u021bii Criminale din cadrul Poli\u021biei Municipiului Suceava au documentat activitatea infrac\u021bional\u0103 a unui t\u00e2n\u0103r de 22 de ani, b\u0103nuit de comiterea unei fapte de t\u00e2lh\u0103rie \u00een luna martie 2025, dispun\u00e2nd m\u0103sura re\u021binerii pentru 24 de ore, ulterior fiind emis de c\u0103tre instan\u021ba competent\u0103 \u0219i mandat de arestare preventiv\u0103 pentru 30 de zile. Pentru documentarea activit\u0103\u021bii \u0219i asigurarea materialului probator, poli\u021bi\u0219tii au efectuat \u0219i o perchezi\u021bie domiciliar\u0103 \u0219i au desf\u0103\u0219urat activit\u0103\u021bi investigative complexe, \u00eentruc\u00e2t persoana b\u0103nuit\u0103 a p\u0103r\u0103sit la un moment dat teritoriul \u021b\u0103rii.<\/b><\/i><\/span><\/p>\n<p align=\"justify\"><span><span><span>Pe 23 martie, 2025, \u00een jurul <\/span><\/span><span>orei 17.40, Poli\u021bia Municipiului Suceava a fost sesizat\u0103 prin S.N.U.A.U. 112 de c\u0103tre o femeie, cu privire la faptul c\u0103 o persoan\u0103 necunoscut\u0103 i-a smuls telefonul mobil din m\u00e2n\u0103, \u00een timp ce se afla pe str. Curtea Domneasc\u0103 din municipiul Suceava. <\/span><\/span><\/p>\n<p align=\"justify\"><span><span>\u00cen urma verific\u0103rilor efectuate s-a stabilit c\u0103femeia <\/span><span><span>s-a deplasat p\u00e2n\u0103 la un magazin alimentar situat pe esplanada din centrul municipiului Suceava pentru a face diverse cump\u0103r\u0103turi. La scurt timp a ie\u0219it din magazin, iar \u00een timp ce se afla pe strada Curtea Domneasc\u0103, o persoan\u0103 necunoscut\u0103 i-a sustras telefonul mobil din m\u00e2na dreapt\u0103.<\/span><\/span><\/span><\/p>\n<p class=\"western\" align=\"justify\">\u00cen urma activit\u0103\u021bilor desf\u0103\u0219urate de c\u0103tre lucr\u0103torii Biroului Investiga\u021bii Criminale \u2013 Poli\u021bia Municipiului Suceava pentru administrarea probatoriului \u00een cauz\u0103, s-a stabilit c\u0103 b\u0103rbatul necunoscut, pentru a deposeda persoana v\u0103t\u0103mat\u0103 de telefonul mobil, a folosit for\u021ba fizic\u0103, fapt pentru care organele de cercetare penal\u0103 ale poli\u021biei judiciare au dispus schimbarea \u00eencadr\u0103rii juridice, a faptei, respectiv din infrac\u021biunea de furt \u00een infrac\u021biunea de \u201et\u00e2lh\u0103rie\u201d.<\/p>\n<p class=\"western\" align=\"justify\">Activit\u0103\u021bile \u0219i investiga\u021biile efectuate au condus la stabilirea identit\u0103\u021bii persoanei b\u0103nuite de comiterea faptei, respectiv un b\u0103rbat de 22 de ani din localiatea P\u0103tr\u0103u\u021bi.<\/p>\n<p class=\"western\" align=\"justify\">La data de 31 martie 2025, poli\u021bi\u0219tii au pus \u00een executare un mandat de perchezi\u021bie domiciliar\u0103, fiind ridicate bunuri de interes \u0219i stabilindu-sec\u0103 b\u0103rbatul a p\u0103r\u0103sit teritoriul \u021b\u0103rii, fiind stabilit informativ \u0219i traseul acestuia precum \u0219i perioada de \u00eentoarcere.<\/p>\n<p class=\"western\" align=\"justify\">Pe 2 aprilie 2025, t\u00e2n\u0103rul a fost identificat de poli\u021bi\u0219ti \u0219i audiat, cu privire la fapta de t\u00e2lh\u0103rie, iar organele de cercetare penal\u0103 fa\u021b\u0103 de acesta a dispus m\u0103sura re\u021binerii pe o perioad\u0103 de 24 de ore.<\/p>\n<p class=\"western\" align=\"justify\">Dup\u0103 punerea \u00een mi\u0219care a ac\u021biunii penale, procurorul din cadrul Parchetului de pe l\u00e2ng\u0103 Judec\u0103toria Suceava a formulat propunerea de arestare preventiv\u0103, t\u00e2n\u0103rul fiind prezentat \u00een fa\u021ba Judec\u0103torului de Drepturi \u0219i Libert\u0103\u021bi din cadrul Judec\u0103toriei Suceava, fiind emis mandatul de arestare preventiv\u0103 pe o perioad\u0103 de 30 de zile.<\/p>\n<p class=\"western\" align=\"justify\">B\u0103rbatul a fost \u00eencarcerat \u00een Centrul de Re\u021binere \u0219i Arestare Preventiv\u0103.<\/p>\n<p class=\"western\" align=\"justify\"><i><b>Pentru a nu deveni victim\u0103 a unei t\u00e2lh\u0103rii:<\/b><\/i><\/p>\n<ul>\n<li>\n<p class=\"western\" align=\"justify\">Evita\u0163i deplas\u0103rile pe trasee aflate \u00een zone mai pu\u0163in circulate: c\u00e2mpuri, parcuri, \u015fantiere.<\/p>\n<\/li>\n<\/ul>\n<ul>\n<li>\n<p class=\"western\" align=\"justify\">Dac\u0103 din diverse motive trebuie s\u0103 circula\u0163i dup\u0103 l\u0103sarea \u00eentunericului, ocoli\u0163i locurile neiluminate ori \u00een care se comercializeaz\u0103 b\u0103uturi alcoolice.<\/p>\n<\/li>\n<\/ul>\n<ul>\n<li>\n<p class=\"western\" align=\"justify\">C\u00e2nd observa\u0163i c\u0103 sunte\u0163i urm\u0103ri\u0163i de un individ sau de mai mul\u0163i deplasa\u0163i-v\u0103 prin zone intens circulate, chiar dac\u0103 acest lucru presupune schimbarea traseului. Solicita\u0163i ajutorul primului poli\u0163ist \u00eent\u00e2lnit \u00een calea dumneavoastr\u0103 sau apela\u021bi SNUAU 112.<\/p>\n<\/li>\n<li>\n<p class=\"western\" align=\"justify\">Nu v\u0103 afi\u015fa\u0163i ostentativ cu obiecte de valoare (l\u0103n\u0163i\u015foare, br\u0103\u0163\u0103ri, telefoane mobile scumpe, alte bunuri de valoare)<\/p>\n<\/li>\n<\/ul>\n<ul>\n<li>\n<p class=\"western\" align=\"justify\">Nu v\u0103 l\u0103sa\u0163i atra\u015fi \u00een locuri dosnice de c\u0103tre indivizi care ofer\u0103 spre v\u00e2nzare diverse produse (de obicei mai ieftine).<\/p>\n<\/li>\n<\/ul>\n<ul>\n<li>\n<p align=\"justify\">Nu v\u0103 l\u0103uda\u0163i persoanelor necunoscute cu bani sau valori pe care le ave\u0163i asupra dumneavostr\u0103 sau acas\u0103.<\/p>\n<\/li>\n<\/ul>\n<\/div>\n","protected":false},"excerpt":{"rendered":"<p>Poli\u021bi\u0219tii Biroului de Investiga\u021bii Criminale din cadrul Poli\u021biei Municipiului Suceava au documentat activitatea infrac\u021bional\u0103 a unui t\u00e2n\u0103r de 22 de ani, b\u0103nuit de comiterea unei fapte de t\u00e2lh\u0103rie \u00een luna martie 2025, dispun\u00e2nd m\u0103sura re\u021binerii pentru 24 de ore, ulterior fiind emis de c\u0103tre instan\u021ba competent\u0103 \u0219i mandat de arestare preventiv\u0103 pentru 30 de zile. [&hellip;]<\/p>\n","protected":false},"author":1,"featured_media":1056930,"comment_status":"open","ping_status":"","sticky":false,"template":"","format":"standard","meta":{"footnotes":""},"categories":[89],"tags":[174],"class_list":["post-1056929","post","type-post","status-publish","format-standard","has-post-thumbnail","hentry","category-romania","tag-suceavanews-ro"],"_links":{"self":[{"href":"https:\/\/analyse.optim.biz\/index.php?rest_route=\/wp\/v2\/posts\/1056929","targetHints":{"allow":["GET"]}}],"collection":[{"href":"https:\/\/analyse.optim.biz\/index.php?rest_route=\/wp\/v2\/posts"}],"about":[{"href":"https:\/\/analyse.optim.biz\/index.php?rest_route=\/wp\/v2\/types\/post"}],"author":[{"embeddable":true,"href":"https:\/\/analyse.optim.biz\/index.php?rest_route=\/wp\/v2\/users\/1"}],"replies":[{"embeddable":true,"href":"https:\/\/analyse.optim.biz\/index.php?rest_route=%2Fwp%2Fv2%2Fcomments&post=1056929"}],"version-history":[{"count":0,"href":"https:\/\/analyse.optim.biz\/index.php?rest_route=\/wp\/v2\/posts\/1056929\/revisions"}],"wp:featuredmedia":[{"embeddable":true,"href":"https:\/\/analyse.optim.biz\/index.php?rest_route=\/wp\/v2\/media\/1056930"}],"wp:attachment":[{"href":"https:\/\/analyse.optim.biz\/index.php?rest_route=%2Fwp%2Fv2%2Fmedia&parent=1056929"}],"wp:term":[{"taxonomy":"category","embeddable":true,"href":"https:\/\/analyse.optim.biz\/index.php?rest_route=%2Fwp%2Fv2%2Fcategories&post=1056929"},{"taxonomy":"post_tag","embeddable":true,"href":"https:\/\/analyse.optim.biz\/index.php?rest_route=%2Fwp%2Fv2%2Ftags&post=1056929"}],"curies":[{"name":"wp","href":"https:\/\/api.w.org\/{rel}","templated":true}]}}