{"id":1056909,"date":"2025-12-15T15:54:35","date_gmt":"2025-12-15T12:54:35","guid":{"rendered":"https:\/\/analyse.optim.biz\/?p=1056909"},"modified":"2025-12-15T15:54:35","modified_gmt":"2025-12-15T12:54:35","slug":"perchezitii-in-judetul-suceava-trei-persoane-au-fost-retinute-de-politisti","status":"publish","type":"post","link":"https:\/\/analyse.optim.biz\/?p=1056909","title":{"rendered":"Perchezi\u021bii \u00een jude\u021bul Suceava. Trei persoane au fost re\u021binute de poli\u021bi\u0219ti"},"content":{"rendered":"<div class=\"entry-content\">\n<p><img decoding=\"async\" loading=\"lazy\" class=\"alignright size-medium wp-image-314983\" src=\"https:\/\/analyse.optim.biz\/wp-content\/uploads\/2025\/12\/stiri-retinut-arestat-prins-4-225x300-1.jpeg\" width=\"225\" height=\"300\" title=\"stiri-retinut-arestat-prins-4-225x300-1\">Poli\u021bi\u0219tii au efectuat 3 perchezi\u021bii domiciliare \u0219i au dispus re\u021binerea fa\u021b\u0103 de trei persoane b\u0103nuite de comiterea mai multor furturi, reu\u0219ind probarea activit\u0103\u021bii infrac\u021bionale \u0219i recuperarea \u0219i restituirea unor prejudicii importante c\u0103tre p\u0103r\u021bile v\u0103t\u0103mate.<\/p>\n<p>Astfel, poli\u021bi\u0219tii din cadrul Poli\u021biei Ora\u0219ului Solca au continuat cercet\u0103rile privind un furt comis de persoane necunoscute \u00een noaptea de 1 spre 2 aprilie 2025 de la o unitate de \u00eenv\u0103\u021b\u0103m\u00e2nt din comuna Arbore, jud. Suceava.<\/p>\n<p>\u00cen baza probatoriului administrat, instan\u021ba de judecat\u0103 a \u00eencuviin\u021bat efectuarea unei perchezi\u021bii domiciliare la locuin\u021ba a doi tineri \u00een v\u00e2rst\u0103 de 19 \u0219i 20 ani, domicilia\u021bi \u00een comuna Arbore.<\/p>\n<p>\u00cen urma efectu\u0103rii perchezi\u021biei domiciliare din data de 09.04.2025, cu sprijinul grupei SAS \u0219i \u00een prezen\u021ba criminalistului din cadrul Poli\u021biei municipiului R\u0103d\u0103u\u021bi s-a reu\u0219it recuperarea unei p\u0103r\u021bi din bunurile sustrase, prejudiciul total fiind estimat la suma de 5.000 lei .<\/p>\n<p>Poli\u021bi\u0219tii din cadrul Poli\u021biei ora\u0219ului Solca \u0219i Postului de Poli\u021bie Arbore au emis dou\u0103 ordonan\u021be de re\u021binere pentru 24 de ore fa\u021b\u0103 de cei doi tineri b\u0103nui\u021bi de s\u0103v\u00e2r\u0219irea infrac\u021biunii de \u201efurt calificat\u201d, fapt\u0103 prev. \u0219i ped. de art. 228, 229 alin.1, lit.b) \u0219i d) \u0219i alin 2, lit. b)\u00a0 raportat la art.41 alin.1 din Codul penal.<\/p>\n<p>Cei doi au fost \u00eencarcera\u021bi \u00een Centrul de Re\u021binere \u0219i Arestare Preventiv\u0103, cercet\u0103rile fiind continuate pentru stabilirea \u00eentregii activit\u0103\u021bi infrac\u021bionale.<\/p>\n<p>\u0218i poli\u021bi\u0219tii din cadrul Sec\u021biei 4 Poli\u021bie Rural\u0103 G\u0103l\u0103ne\u0219ti au pus \u00een aplicare dou\u0103 mandate de perchezi\u021bie emise de c\u0103tre Judec\u0103torul de Drepturi \u0219i Libert\u0103\u021bi din cadrul Judec\u0103toriei R\u0103d\u0103u\u021bi. Pechezi\u021biile au vizat activitatea infrac\u021bional\u0103 a dou\u0103 persoane b\u0103nuite de comiterea mai multor furturi din locuin\u021be \u0219i pensiuni turistice.<\/p>\n<p>Astfel, din executarea mandatelor de perchezi\u021bie domiciliar\u0103 \u0219i din cercet\u0103rile ulterioare efectuate s-a stabilit c\u0103 \u00een perioada februarie \u2013 aprilie 2025, doi b\u0103rba\u021bi, ambii din comuna Voitinel, jude\u021bul Suceava au p\u0103truns pe timp de noapte \u0219i prin efrac\u021bie \u00een 6 imobile situate pe raza comunelor Vicovu de Jos \u0219i Voitinel, jude\u021bul Suceava, loc din care au sustras mai multe bunuri apar\u021bin\u00e2nd persoanelor v\u0103t\u0103mate.<\/p>\n<p>Cu ocazia cercet\u0103rilor efectuate au fost recuperate bunuri apar\u021bin\u00e2nd persoanelor v\u0103t\u0103mate, a c\u0103ror prezen\u021b\u0103 a fost solicitat\u0103 la sediul Sec\u021bie 4 Poli\u021bie Rural\u0103 G\u0103l\u0103ne\u0219ti, iar procurorul de caz din cadrul Parchetului de pe L\u00e2ng\u0103 Judec\u0103toria R\u0103d\u0103u\u021bi a dispus prin ordonan\u021b\u0103 restituirea bunurilor ridicate c\u0103tre persoanele v\u0103t\u0103mate.<\/p>\n<p>\u00cen continuare au fost dispuse mandate de aducere pentru audiere la sediul poli\u021biei fa\u021b\u0103 de 5 persoane, dou\u0103 dintre acestea fiind b\u0103nuite de comiterea faptelor, iar celelalte trei av\u00e2nd alte calit\u0103\u021bi procesuale.<\/p>\n<p>\u00cen urma audierilor efectuate s-a stabilit c\u0103 o parte din bunuri au fost comercializate pe raza comunei Voitinel c\u0103tre mai multe persoane a c\u0103ror identitate a fost stabilit\u0103, iar bunurile care au mai putut fi identificate au fost predate de c\u0103tre ace\u0219tia de bun\u0103 voie c\u0103tre organele de poli\u021bie pentru a fi restituite persoanelor v\u0103t\u0103mate.<\/p>\n<p>Av\u00e2nd \u00een vedere cercet\u0103rile efectuate \u00een cauz\u0103 \u0219i pentru buna desf\u0103\u0219urare a procesului penal s-a dispus m\u0103sura preventiv\u0103 a re\u021binerii unui b\u0103rbat sub spectul s\u0103v\u00e2r\u0219irii infrac\u021biunii de furt calificat \u00een form\u0103 continuat\u0103.<\/p>\n<\/div>\n","protected":false},"excerpt":{"rendered":"<p>Poli\u021bi\u0219tii au efectuat 3 perchezi\u021bii domiciliare \u0219i au dispus re\u021binerea fa\u021b\u0103 de trei persoane b\u0103nuite de comiterea mai multor furturi, reu\u0219ind probarea activit\u0103\u021bii infrac\u021bionale \u0219i recuperarea \u0219i restituirea unor prejudicii importante c\u0103tre p\u0103r\u021bile v\u0103t\u0103mate. Astfel, poli\u021bi\u0219tii din cadrul Poli\u021biei Ora\u0219ului Solca au continuat cercet\u0103rile privind un furt comis de persoane necunoscute \u00een noaptea de 1 [&hellip;]<\/p>\n","protected":false},"author":1,"featured_media":1056910,"comment_status":"open","ping_status":"","sticky":false,"template":"","format":"standard","meta":{"footnotes":""},"categories":[89],"tags":[174],"class_list":["post-1056909","post","type-post","status-publish","format-standard","has-post-thumbnail","hentry","category-romania","tag-suceavanews-ro"],"_links":{"self":[{"href":"https:\/\/analyse.optim.biz\/index.php?rest_route=\/wp\/v2\/posts\/1056909","targetHints":{"allow":["GET"]}}],"collection":[{"href":"https:\/\/analyse.optim.biz\/index.php?rest_route=\/wp\/v2\/posts"}],"about":[{"href":"https:\/\/analyse.optim.biz\/index.php?rest_route=\/wp\/v2\/types\/post"}],"author":[{"embeddable":true,"href":"https:\/\/analyse.optim.biz\/index.php?rest_route=\/wp\/v2\/users\/1"}],"replies":[{"embeddable":true,"href":"https:\/\/analyse.optim.biz\/index.php?rest_route=%2Fwp%2Fv2%2Fcomments&post=1056909"}],"version-history":[{"count":0,"href":"https:\/\/analyse.optim.biz\/index.php?rest_route=\/wp\/v2\/posts\/1056909\/revisions"}],"wp:featuredmedia":[{"embeddable":true,"href":"https:\/\/analyse.optim.biz\/index.php?rest_route=\/wp\/v2\/media\/1056910"}],"wp:attachment":[{"href":"https:\/\/analyse.optim.biz\/index.php?rest_route=%2Fwp%2Fv2%2Fmedia&parent=1056909"}],"wp:term":[{"taxonomy":"category","embeddable":true,"href":"https:\/\/analyse.optim.biz\/index.php?rest_route=%2Fwp%2Fv2%2Fcategories&post=1056909"},{"taxonomy":"post_tag","embeddable":true,"href":"https:\/\/analyse.optim.biz\/index.php?rest_route=%2Fwp%2Fv2%2Ftags&post=1056909"}],"curies":[{"name":"wp","href":"https:\/\/api.w.org\/{rel}","templated":true}]}}