{"id":1056900,"date":"2025-12-15T15:54:14","date_gmt":"2025-12-15T12:54:14","guid":{"rendered":"https:\/\/analyse.optim.biz\/?p=1056900"},"modified":"2025-12-15T15:54:14","modified_gmt":"2025-12-15T12:54:14","slug":"un-barbat-din-suceava-a-fost-ridicat-de-politisti-din-marea-britanie-si-adus-acasa-era-dat-in-urmarire","status":"publish","type":"post","link":"https:\/\/analyse.optim.biz\/?p=1056900","title":{"rendered":"Un b\u0103rbat din Suceava a fost ridicat de poli\u021bi\u0219ti din Marea Britanie \u0219i adus acas\u0103. Era dat \u00een urm\u0103rire"},"content":{"rendered":"<div class=\"entry-content\">\n<p><img decoding=\"async\" loading=\"lazy\" class=\"alignright size-medium wp-image-305696\" src=\"https:\/\/analyse.optim.biz\/wp-content\/uploads\/2025\/12\/arestat-300x169-1.jpg\" width=\"300\" height=\"169\" title=\"arestat-300x169-1\">Un b\u0103rbat din Suceava a fost ridicat de poli\u021bi\u0219ti din Marea Britanie \u0219i adus acas\u0103. Poli\u021bia Rom\u00e2n\u0103 a adus \u00een \u021bar\u0103, miercuri, patru persoane, pe numele c\u0103rora au fost emise mandate de executare a unor pedepse privative de libertate sau mandate de arestare preventiv\u0103.<\/p>\n<p>Printre acestea se afla \u0219i un b\u0103rbat, de 46 de ani, din Suceava, urm\u0103rit interna\u021bional pentru s\u0103v\u00e2r\u0219irea de infrac\u021biuni la regimul rutier. Acesta a fost adus din Marea Britanie, av\u00e2nd emis, pe numele s\u0103u, de c\u0103tre Judec\u0103toria Suceava, un mandat de executare a pedepsei cu \u00eenchisoarea de 2 ani \u0219i 4 luni. B\u0103rbatul a fost transferat direct \u00een Penitenciarul Boto\u0219ani, acolo unde va trebui s\u0103 \u00ee\u0219i execute pedeapsa.<\/p>\n<\/div>\n","protected":false},"excerpt":{"rendered":"<p>Un b\u0103rbat din Suceava a fost ridicat de poli\u021bi\u0219ti din Marea Britanie \u0219i adus acas\u0103. Poli\u021bia Rom\u00e2n\u0103 a adus \u00een \u021bar\u0103, miercuri, patru persoane, pe numele c\u0103rora au fost emise mandate de executare a unor pedepse privative de libertate sau mandate de arestare preventiv\u0103. Printre acestea se afla \u0219i un b\u0103rbat, de 46 de ani, [&hellip;]<\/p>\n","protected":false},"author":1,"featured_media":1056901,"comment_status":"open","ping_status":"","sticky":false,"template":"","format":"standard","meta":{"footnotes":""},"categories":[89],"tags":[174],"class_list":["post-1056900","post","type-post","status-publish","format-standard","has-post-thumbnail","hentry","category-romania","tag-suceavanews-ro"],"_links":{"self":[{"href":"https:\/\/analyse.optim.biz\/index.php?rest_route=\/wp\/v2\/posts\/1056900","targetHints":{"allow":["GET"]}}],"collection":[{"href":"https:\/\/analyse.optim.biz\/index.php?rest_route=\/wp\/v2\/posts"}],"about":[{"href":"https:\/\/analyse.optim.biz\/index.php?rest_route=\/wp\/v2\/types\/post"}],"author":[{"embeddable":true,"href":"https:\/\/analyse.optim.biz\/index.php?rest_route=\/wp\/v2\/users\/1"}],"replies":[{"embeddable":true,"href":"https:\/\/analyse.optim.biz\/index.php?rest_route=%2Fwp%2Fv2%2Fcomments&post=1056900"}],"version-history":[{"count":0,"href":"https:\/\/analyse.optim.biz\/index.php?rest_route=\/wp\/v2\/posts\/1056900\/revisions"}],"wp:featuredmedia":[{"embeddable":true,"href":"https:\/\/analyse.optim.biz\/index.php?rest_route=\/wp\/v2\/media\/1056901"}],"wp:attachment":[{"href":"https:\/\/analyse.optim.biz\/index.php?rest_route=%2Fwp%2Fv2%2Fmedia&parent=1056900"}],"wp:term":[{"taxonomy":"category","embeddable":true,"href":"https:\/\/analyse.optim.biz\/index.php?rest_route=%2Fwp%2Fv2%2Fcategories&post=1056900"},{"taxonomy":"post_tag","embeddable":true,"href":"https:\/\/analyse.optim.biz\/index.php?rest_route=%2Fwp%2Fv2%2Ftags&post=1056900"}],"curies":[{"name":"wp","href":"https:\/\/api.w.org\/{rel}","templated":true}]}}