{"id":1056883,"date":"2025-12-15T15:53:53","date_gmt":"2025-12-15T12:53:53","guid":{"rendered":"https:\/\/analyse.optim.biz\/?p=1056883"},"modified":"2025-12-15T15:53:53","modified_gmt":"2025-12-15T12:53:53","slug":"un-adolescent-de-17-ani-din-suceava-retinut-de-politisti-dupa-ce-a-condus-fara-permis","status":"publish","type":"post","link":"https:\/\/analyse.optim.biz\/?p=1056883","title":{"rendered":"Un adolescent de 17 ani din Suceava, re\u021binut de poli\u021bi\u0219ti dup\u0103 ce a condus f\u0103r\u0103 permis"},"content":{"rendered":"<div class=\"entry-content\">\n<p><img decoding=\"async\" loading=\"lazy\" class=\"alignright size-medium wp-image-253898\" src=\"https:\/\/analyse.optim.biz\/wp-content\/uploads\/2025\/12\/sofer-retinut-accident-300x225-1.jpg\" width=\"300\" height=\"225\" title=\"sofer-retinut-accident-300x225-1\">Un t\u00e2n\u0103r de 17 ani a ajuns \u00een arest dup\u0103 ce a condus o ma\u0219in\u0103 cu poli\u021bia pe urmele sale. Acesta a condus, pe 29 martie, ora 02:00, f\u0103r\u0103 a de\u021bine permis de conducere pentru nicio categorie de vehicule,\u00a0 un autoturism marca VW\u00a0 golf pe DJ 209 A \u00een localitatea Dumbrava, din jude\u021bul Suceava,\u00a0 fiind urm\u0103rit de echipajul de poli\u021bie.<\/p>\n<p>T\u00e2n\u0103rul este cercetat\u00a0 sub aspectul s\u0103v\u00e2r\u015firii infrac\u0163iunilor de <em>conducerea pe drumurile publice a unui vehicul f\u0103r\u0103 permis de conducere.<\/em><\/p>\n<p>\u00cen urm\u0103 cu dou\u0103 zile, el a fost re\u021binut\u00a0 \u0219i dus \u00een arestul din cadrul CRAP-IPJ\u00a0 Boto\u0219ani.<\/p>\n<\/div>\n","protected":false},"excerpt":{"rendered":"<p>Un t\u00e2n\u0103r de 17 ani a ajuns \u00een arest dup\u0103 ce a condus o ma\u0219in\u0103 cu poli\u021bia pe urmele sale. Acesta a condus, pe 29 martie, ora 02:00, f\u0103r\u0103 a de\u021bine permis de conducere pentru nicio categorie de vehicule,\u00a0 un autoturism marca VW\u00a0 golf pe DJ 209 A \u00een localitatea Dumbrava, din jude\u021bul Suceava,\u00a0 fiind [&hellip;]<\/p>\n","protected":false},"author":1,"featured_media":1056884,"comment_status":"open","ping_status":"","sticky":false,"template":"","format":"standard","meta":{"footnotes":""},"categories":[89],"tags":[174],"class_list":["post-1056883","post","type-post","status-publish","format-standard","has-post-thumbnail","hentry","category-romania","tag-suceavanews-ro"],"_links":{"self":[{"href":"https:\/\/analyse.optim.biz\/index.php?rest_route=\/wp\/v2\/posts\/1056883","targetHints":{"allow":["GET"]}}],"collection":[{"href":"https:\/\/analyse.optim.biz\/index.php?rest_route=\/wp\/v2\/posts"}],"about":[{"href":"https:\/\/analyse.optim.biz\/index.php?rest_route=\/wp\/v2\/types\/post"}],"author":[{"embeddable":true,"href":"https:\/\/analyse.optim.biz\/index.php?rest_route=\/wp\/v2\/users\/1"}],"replies":[{"embeddable":true,"href":"https:\/\/analyse.optim.biz\/index.php?rest_route=%2Fwp%2Fv2%2Fcomments&post=1056883"}],"version-history":[{"count":0,"href":"https:\/\/analyse.optim.biz\/index.php?rest_route=\/wp\/v2\/posts\/1056883\/revisions"}],"wp:featuredmedia":[{"embeddable":true,"href":"https:\/\/analyse.optim.biz\/index.php?rest_route=\/wp\/v2\/media\/1056884"}],"wp:attachment":[{"href":"https:\/\/analyse.optim.biz\/index.php?rest_route=%2Fwp%2Fv2%2Fmedia&parent=1056883"}],"wp:term":[{"taxonomy":"category","embeddable":true,"href":"https:\/\/analyse.optim.biz\/index.php?rest_route=%2Fwp%2Fv2%2Fcategories&post=1056883"},{"taxonomy":"post_tag","embeddable":true,"href":"https:\/\/analyse.optim.biz\/index.php?rest_route=%2Fwp%2Fv2%2Ftags&post=1056883"}],"curies":[{"name":"wp","href":"https:\/\/api.w.org\/{rel}","templated":true}]}}