{"id":1056874,"date":"2025-12-15T15:53:32","date_gmt":"2025-12-15T12:53:32","guid":{"rendered":"https:\/\/analyse.optim.biz\/?p=1056874"},"modified":"2025-12-15T15:53:32","modified_gmt":"2025-12-15T12:53:32","slug":"individ-dus-in-puscarie-dupa-ce-a-violat-o-adolescenta","status":"publish","type":"post","link":"https:\/\/analyse.optim.biz\/?p=1056874","title":{"rendered":"Individ dus \u00een pu\u0219c\u0103rie dup\u0103 ce a violat o adolescent\u0103"},"content":{"rendered":"<div class=\"entry-content\">\n<div id=\"attachment_595469\" class=\"wp-caption alignright\"><a href=\"https:\/\/www.botosaninews.ro\/wp-content\/uploads\/2023\/10\/puscarie-detinut-botosani.jpg\"><img decoding=\"async\" aria-describedby=\"caption-attachment-595469\" loading=\"lazy\" class=\"size-medium wp-image-595469\" src=\"https:\/\/analyse.optim.biz\/wp-content\/uploads\/2025\/12\/puscarie-detinut-botosani-300x169-1.jpg\" width=\"300\" height=\"169\" title=\"puscarie-detinut-botosani-300x169-1\"><\/a><\/p>\n<p id=\"caption-attachment-595469\" class=\"wp-caption-text\">foto: Lumea Justitiei<\/p>\n<\/div>\n<p>Un individ a ajuns \u00een Penitenciarul Boto\u0219ani dup\u0103 ce a violat o adolescent\u0103 \u00een urm\u0103 cu trei ani. Sebastian Chelba a fost condamnat, joi, la \u0219apte ani de \u00eenchisoare pentru viol. El a fost ridicat de la domiciliu \u0219i dus sub escort\u0103 dup\u0103 gratii.<\/p>\n<p>Incidentul care i-a adus \u00eenchisoare a avut loc dup\u0103 ce t\u00e2n\u0103rul se \u00eent\u00e2lnise de mai multe ori cu o fat\u0103 de nici 17 ani. La un moment dat, el a dus-o la el acas\u0103 \u0219i a violat-o. Fata a mers la poli\u021bie \u0219i l-a reclamat, iar<\/p>\n<p>T\u00e2n\u0103rul a avut mai multe \u00eent\u00e2lniri cu o minor\u0103 din R\u0103d\u0103u\u021bi care nu \u00eemplinise 17 ani, iar \u00eentr-un final a invitat-o la el acas\u0103, unde a \u00eentre\u021binut raporturi sexuale f\u0103r\u0103 consim\u021b\u0103m\u00e2ntul acesteia.<\/p>\n<p>Dup\u0103 c\u00e2teva zile, fata a depus pl\u00e2ngere la Poli\u021bie, iar \u00eentr-un final Chelba a fost judecat \u0219i condamnat.<\/p>\n<\/div>\n","protected":false},"excerpt":{"rendered":"<p>foto: Lumea Justitiei Un individ a ajuns \u00een Penitenciarul Boto\u0219ani dup\u0103 ce a violat o adolescent\u0103 \u00een urm\u0103 cu trei ani. Sebastian Chelba a fost condamnat, joi, la \u0219apte ani de \u00eenchisoare pentru viol. El a fost ridicat de la domiciliu \u0219i dus sub escort\u0103 dup\u0103 gratii. Incidentul care i-a adus \u00eenchisoare a avut loc [&hellip;]<\/p>\n","protected":false},"author":1,"featured_media":1056877,"comment_status":"open","ping_status":"","sticky":false,"template":"","format":"standard","meta":{"footnotes":""},"categories":[89],"tags":[174],"class_list":["post-1056874","post","type-post","status-publish","format-standard","has-post-thumbnail","hentry","category-romania","tag-suceavanews-ro"],"_links":{"self":[{"href":"https:\/\/analyse.optim.biz\/index.php?rest_route=\/wp\/v2\/posts\/1056874","targetHints":{"allow":["GET"]}}],"collection":[{"href":"https:\/\/analyse.optim.biz\/index.php?rest_route=\/wp\/v2\/posts"}],"about":[{"href":"https:\/\/analyse.optim.biz\/index.php?rest_route=\/wp\/v2\/types\/post"}],"author":[{"embeddable":true,"href":"https:\/\/analyse.optim.biz\/index.php?rest_route=\/wp\/v2\/users\/1"}],"replies":[{"embeddable":true,"href":"https:\/\/analyse.optim.biz\/index.php?rest_route=%2Fwp%2Fv2%2Fcomments&post=1056874"}],"version-history":[{"count":0,"href":"https:\/\/analyse.optim.biz\/index.php?rest_route=\/wp\/v2\/posts\/1056874\/revisions"}],"wp:featuredmedia":[{"embeddable":true,"href":"https:\/\/analyse.optim.biz\/index.php?rest_route=\/wp\/v2\/media\/1056877"}],"wp:attachment":[{"href":"https:\/\/analyse.optim.biz\/index.php?rest_route=%2Fwp%2Fv2%2Fmedia&parent=1056874"}],"wp:term":[{"taxonomy":"category","embeddable":true,"href":"https:\/\/analyse.optim.biz\/index.php?rest_route=%2Fwp%2Fv2%2Fcategories&post=1056874"},{"taxonomy":"post_tag","embeddable":true,"href":"https:\/\/analyse.optim.biz\/index.php?rest_route=%2Fwp%2Fv2%2Ftags&post=1056874"}],"curies":[{"name":"wp","href":"https:\/\/api.w.org\/{rel}","templated":true}]}}