{"id":1056832,"date":"2025-12-15T15:51:29","date_gmt":"2025-12-15T12:51:29","guid":{"rendered":"https:\/\/analyse.optim.biz\/?p=1056832"},"modified":"2025-12-15T15:51:29","modified_gmt":"2025-12-15T12:51:29","slug":"administratora-unei-firme-din-suceava-trimisa-in-judecata-pentru-ca-ar-fi-obtinut-ilegal-subventii-agricole","status":"publish","type":"post","link":"https:\/\/analyse.optim.biz\/?p=1056832","title":{"rendered":"Administratora unei firme din Suceava, trimis\u0103 \u00een judecat\u0103 pentru c\u0103 ar fi ob\u021binut ilegal subven\u021bii agricole"},"content":{"rendered":"<div class=\"entry-content\">\n<p><span class=\"tab\"><img decoding=\"async\" loading=\"lazy\" class=\"alignright size-medium wp-image-165464\" src=\"https:\/\/analyse.optim.biz\/wp-content\/uploads\/2025\/12\/dna-300x198-1.jpg\" width=\"300\" height=\"198\" title=\"dna-300x198-1\">Procurorii din cadrul Direc\u021biei Na\u021bionale Anticorup\u021bie (DNA)\u2013 Serviciul Teritorial Suceava au dispus trimiterea \u00een judecat\u0103, \u00een stare de libertate, a lui<strong> M.S.<\/strong> reprezentant\u0103 a unei societ\u0103\u021bi comerciale, pentru s\u0103v\u00e2r\u0219irea infrac\u021biunii de folosire sau prezentare cu rea-credin\u021b\u0103 de documente ori declara\u021bii false, inexacte sau incomplete, dac\u0103 fapta are ca rezultat ob\u021binerea pe nedrept de fonduri europene, \u00een form\u0103 continuat\u0103 (dou\u0103 acte materiale).<\/span><\/p>\n<p>Potrivit procurorilor DNA, suceveanca, \u00ee<span class=\"tab\">n calitate de reprezentant\u0103 a unei societ\u0103\u021bi comerciale, \u00een campania agricol\u0103 2020,\u00a0 ar fi solicitat \u0219i ob\u021binut, \u00een baza unei cereri de plat\u0103, \u00eenregistrat\u0103 la Agen\u021bia de Pl\u0103\u021bi \u0219i Interven\u021bie pentru Agricultur\u0103 \u2013 Centrul Jude\u021bean Suceava, sprijin financiar \u00een valoare total\u0103 de 361.275 lei, din care suma de 28.513 de lei ar fi fost aferent\u0103 folosirii de documente falsificate (adeverin\u021b\u0103 falsificat\u0103 din care rezult\u0103 exploatarea unei suprafe\u021be de teren agricol de 36,21 ha).<\/span><\/p>\n<p><span class=\"tab\">De asemenea, \u00een campania agricol\u0103 2021, aceea\u0219i inculpat\u0103 ar fi depus la Agen\u021bia de Pl\u0103\u021bi \u0219i Interven\u021bie pentru Agricultur\u0103 \u2013 Centrul Jude\u021bean Suceava o alt\u0103 cerere de plat\u0103, solicit\u00e2nd sprijin financiar pentru o suprafa\u021b\u0103 agricol\u0103, din care, pentru 112 ha, ar fi folosit o adeverin\u021b\u0103 falsificat\u0103. \u00centruc\u00e2t func\u021bionarii Agen\u021biei de Pl\u0103\u021bi \u0219i Interven\u021bie pentru Agricultur\u0103 \u2013 Centrul Jude\u021bean Suceava au avut suspiciuni \u00een leg\u0103tur\u0103 cu adeverin\u021ba respectiv\u0103 \u0219i au solicitat preciz\u0103ri institu\u021biei emitente, inculpata a solicitat restituirea ei \u00een original pentru a fi scoas\u0103 din circuitul civil, iar suma aferent\u0103 sprijinului financiar pentru suprafa\u021ba de 112 ha nu a mai fost pl\u0103tit\u0103.<\/span><\/p>\n<p><span class=\"tab\">Agen\u021bia de Pl\u0103\u021bi \u0219i Interven\u021bie \u00een Agricultur\u0103 s-a constituit parte civil\u0103 \u00een dosar.<\/span><\/p>\n<p><span class=\"tab\">Dosarul de urm\u0103rire penal\u0103 a fost trimis spre judecare la Tribunalul Suceava<\/span><\/p>\n<\/div>\n","protected":false},"excerpt":{"rendered":"<p>Procurorii din cadrul Direc\u021biei Na\u021bionale Anticorup\u021bie (DNA)\u2013 Serviciul Teritorial Suceava au dispus trimiterea \u00een judecat\u0103, \u00een stare de libertate, a lui M.S. reprezentant\u0103 a unei societ\u0103\u021bi comerciale, pentru s\u0103v\u00e2r\u0219irea infrac\u021biunii de folosire sau prezentare cu rea-credin\u021b\u0103 de documente ori declara\u021bii false, inexacte sau incomplete, dac\u0103 fapta are ca rezultat ob\u021binerea pe nedrept de fonduri europene, [&hellip;]<\/p>\n","protected":false},"author":1,"featured_media":1056833,"comment_status":"open","ping_status":"","sticky":false,"template":"","format":"standard","meta":{"footnotes":""},"categories":[89],"tags":[174],"class_list":["post-1056832","post","type-post","status-publish","format-standard","has-post-thumbnail","hentry","category-romania","tag-suceavanews-ro"],"_links":{"self":[{"href":"https:\/\/analyse.optim.biz\/index.php?rest_route=\/wp\/v2\/posts\/1056832","targetHints":{"allow":["GET"]}}],"collection":[{"href":"https:\/\/analyse.optim.biz\/index.php?rest_route=\/wp\/v2\/posts"}],"about":[{"href":"https:\/\/analyse.optim.biz\/index.php?rest_route=\/wp\/v2\/types\/post"}],"author":[{"embeddable":true,"href":"https:\/\/analyse.optim.biz\/index.php?rest_route=\/wp\/v2\/users\/1"}],"replies":[{"embeddable":true,"href":"https:\/\/analyse.optim.biz\/index.php?rest_route=%2Fwp%2Fv2%2Fcomments&post=1056832"}],"version-history":[{"count":0,"href":"https:\/\/analyse.optim.biz\/index.php?rest_route=\/wp\/v2\/posts\/1056832\/revisions"}],"wp:featuredmedia":[{"embeddable":true,"href":"https:\/\/analyse.optim.biz\/index.php?rest_route=\/wp\/v2\/media\/1056833"}],"wp:attachment":[{"href":"https:\/\/analyse.optim.biz\/index.php?rest_route=%2Fwp%2Fv2%2Fmedia&parent=1056832"}],"wp:term":[{"taxonomy":"category","embeddable":true,"href":"https:\/\/analyse.optim.biz\/index.php?rest_route=%2Fwp%2Fv2%2Fcategories&post=1056832"},{"taxonomy":"post_tag","embeddable":true,"href":"https:\/\/analyse.optim.biz\/index.php?rest_route=%2Fwp%2Fv2%2Ftags&post=1056832"}],"curies":[{"name":"wp","href":"https:\/\/api.w.org\/{rel}","templated":true}]}}