{"id":1056822,"date":"2025-12-15T15:51:04","date_gmt":"2025-12-15T12:51:04","guid":{"rendered":"https:\/\/analyse.optim.biz\/?p=1056822"},"modified":"2025-12-15T15:51:04","modified_gmt":"2025-12-15T12:51:04","slug":"foto-captura-uriasa-de-tigari-la-suceava-au-fost-confiscate-si-doua-masini-de-lux","status":"publish","type":"post","link":"https:\/\/analyse.optim.biz\/?p=1056822","title":{"rendered":"FOTO Captur\u0103 uria\u0219\u0103 de \u021big\u0103ri la Suceava. Au fost confiscate \u0219i dou\u0103 ma\u0219ini de lux"},"content":{"rendered":"<div class=\"entry-content\">\n<p><img decoding=\"async\" loading=\"lazy\" class=\"alignright size-medium wp-image-317652\" src=\"https:\/\/analyse.optim.biz\/wp-content\/uploads\/2025\/12\/tigari-de-contrabanda-descoperite-la-suceava-1-225x300-1.jpeg\" width=\"225\" height=\"300\" title=\"tigari-de-contrabanda-descoperite-la-suceava-1-225x300-1\">\u00cen urma activit\u0103\u021bilor investigative desf\u0103\u0219urate de c\u0103tre poli\u021bi\u0219tii Serviciului de Investigare a Criminalit\u0103\u021bii Economice \u2013 IPJ Suceava, sub coordonarea procurorilor din cadrul Parchetului de pe l\u00e2ng\u0103 Judec\u0103toria Suceava, s-a reu\u0219it interceptarea \u00een flagrant a unui transport de \u021bigarete de contraband\u0103, ulterior efectu\u00e2ndu-se \u0219i o perchezi\u021bie domiciliar\u0103, fiind identificate alte cantit\u0103\u021bi importante de \u021bigarete de contraband\u0103.<\/p>\n<p>Poli\u021bi\u0219tii au confiscat 296.960 buc\u0103\u021bi \u021bigarete \u0219i au indisponibilizat dou\u0103 vehicule \u00een valoare de cca. 50.000 Euro, dispun\u00e2nd totodat\u0103 re\u021binerea unui b\u0103rbat de 39 de ani, acesta fiind ulterior arestat pentru 30 de zile.<\/p>\n<p>La data de 07.07.2025, \u00een jurul orei 13.10, poli\u021bi\u0219tii au oprit pentru control, pe drumul DN2 la intrarea \u00een municipiul Suceava, direc\u021bia de mers localitatea P\u0103tr\u0103u\u021bi spre mun. Suceava, un autoturism tip multivan condus de c\u0103tre un b\u0103rbat de 39 ani.<\/p>\n<p>\u00cen continuare, s-a procedat la o verificare a interiorului autovehiculului, ocazie cu care \u00een portbagajul acestuia a fost identificat\u0103 cantitatea de 10.000 pachete cu \u021bigarete de provenien\u021b\u0103 extracomunitar\u0103 netimbrate, depozitate \u00een saci de plastic.<\/p>\n<p><img decoding=\"async\" loading=\"lazy\" class=\"alignleft size-medium wp-image-317653\" src=\"https:\/\/analyse.optim.biz\/wp-content\/uploads\/2025\/12\/tigari-de-contrabanda-descoperite-la-suceava-2-225x300-1.jpeg\" width=\"225\" height=\"300\" title=\"tigari-de-contrabanda-descoperite-la-suceava-2-225x300-1\">Pentru probarea \u00eentregii activit\u0103\u021bi infrac\u021bionale, poli\u021bi\u0219tii au pus \u00een executare un mandat de perchezi\u021bie domiciliar\u0103 la un imobil utilizat de c\u0103tre \u0219oferul de 39 de ani, aflat pe raza comunei Mitocu Dragomirnei. Urmare a exploat\u0103rii informa\u021biilor de\u021binute, a fost identificat parcat un alt autoturism utilizat de c\u0103tre b\u0103rbatul de 39 de ani, parcat \u00een proximitatea imobilului perchezi\u021bionat, \u00een urma verific\u0103rii acestuia, fiind confiscat\u0103 cantitatea de 4848 pachete cu \u021bigarete de provenien\u021b\u0103 extracomunitar\u0103 netimbrate, de diferite m\u0103rci. Totodat\u0103, din autoturism a fost ridicat\u0103 \u0219i suma de 2600 lei, \u00een numerar.<\/p>\n<p>Cantitatea total\u0103 de 14.848 pachete cu \u021bigarete de provenien\u0163\u0103 extracomunitar\u0103 (296.960 buc\u0103\u021bi \u021bigarete), \u00een valoare de 252.416 lei\u00a0 lei a fost indisponibilizat\u0103, urm\u00e2nd ca \u00een cadrul cauzei penale s\u0103 fie calculat\u0103 suma cu care bugetul consolidat al statului a fost prejudiciat, pentru ca ulterior s\u0103 fie dispuse m\u0103suri asiguratorii.<\/p>\n<p>Cele dou\u0103 autoturism, \u00een valoare de aproximativ 252.000 lei, au fost ridicate, indisponibilizate \u0219i transportate la loca\u021bia special amenajat\u0103 a IPJ Suceava din localitatea Stroie\u0219ti.<\/p>\n<p>\u00cen urma audierii persoanei depistate,\u00a0 s-a dispus prin ordonan\u021b\u0103 re\u021binerea acesteia pentru o perioad\u0103 de 24 ore, fiind \u00eencarcerat\u0103 \u00een Centrul de Re\u021binere \u0219i Arestare Preventiv\u0103.<\/p>\n<p>Ulterior, la data de 8 iulie 2025, b\u0103rbatul de 39 ani a fost prezentat Judec\u0103toriei Suceava cu propunere de arestare preventiv\u0103, instan\u021ba \u00eensu\u0219indu-\u0219i propunerea unit\u0103\u021bii de parchet \u0219i dispun\u00e2nd arestarea acestuia pe o perioad\u0103 de 30 de zile.<\/p>\n<p>Cercet\u0103rile sunt continuate de c\u0103tre poli\u021bi\u0219tii Serviciului de Investigare a Criminalit\u0103\u021bii Economice \u2013 IPJ Suceava, sub coordonarea procurorilor din cadrul Parchetului de pe l\u00e2ng\u0103 Judec\u0103toria Suceava, \u00een cadrul dosarului penal privind infrac\u021biunea de \u201econtraband\u0103\u201d.<\/p>\n<\/div>\n","protected":false},"excerpt":{"rendered":"<p>\u00cen urma activit\u0103\u021bilor investigative desf\u0103\u0219urate de c\u0103tre poli\u021bi\u0219tii Serviciului de Investigare a Criminalit\u0103\u021bii Economice \u2013 IPJ Suceava, sub coordonarea procurorilor din cadrul Parchetului de pe l\u00e2ng\u0103 Judec\u0103toria Suceava, s-a reu\u0219it interceptarea \u00een flagrant a unui transport de \u021bigarete de contraband\u0103, ulterior efectu\u00e2ndu-se \u0219i o perchezi\u021bie domiciliar\u0103, fiind identificate alte cantit\u0103\u021bi importante de \u021bigarete de contraband\u0103. [&hellip;]<\/p>\n","protected":false},"author":1,"featured_media":1056823,"comment_status":"open","ping_status":"","sticky":false,"template":"","format":"standard","meta":{"footnotes":""},"categories":[89],"tags":[174],"class_list":["post-1056822","post","type-post","status-publish","format-standard","has-post-thumbnail","hentry","category-romania","tag-suceavanews-ro"],"_links":{"self":[{"href":"https:\/\/analyse.optim.biz\/index.php?rest_route=\/wp\/v2\/posts\/1056822","targetHints":{"allow":["GET"]}}],"collection":[{"href":"https:\/\/analyse.optim.biz\/index.php?rest_route=\/wp\/v2\/posts"}],"about":[{"href":"https:\/\/analyse.optim.biz\/index.php?rest_route=\/wp\/v2\/types\/post"}],"author":[{"embeddable":true,"href":"https:\/\/analyse.optim.biz\/index.php?rest_route=\/wp\/v2\/users\/1"}],"replies":[{"embeddable":true,"href":"https:\/\/analyse.optim.biz\/index.php?rest_route=%2Fwp%2Fv2%2Fcomments&post=1056822"}],"version-history":[{"count":0,"href":"https:\/\/analyse.optim.biz\/index.php?rest_route=\/wp\/v2\/posts\/1056822\/revisions"}],"wp:featuredmedia":[{"embeddable":true,"href":"https:\/\/analyse.optim.biz\/index.php?rest_route=\/wp\/v2\/media\/1056823"}],"wp:attachment":[{"href":"https:\/\/analyse.optim.biz\/index.php?rest_route=%2Fwp%2Fv2%2Fmedia&parent=1056822"}],"wp:term":[{"taxonomy":"category","embeddable":true,"href":"https:\/\/analyse.optim.biz\/index.php?rest_route=%2Fwp%2Fv2%2Fcategories&post=1056822"},{"taxonomy":"post_tag","embeddable":true,"href":"https:\/\/analyse.optim.biz\/index.php?rest_route=%2Fwp%2Fv2%2Ftags&post=1056822"}],"curies":[{"name":"wp","href":"https:\/\/api.w.org\/{rel}","templated":true}]}}