{"id":1055601,"date":"2025-04-30T12:21:57","date_gmt":"2025-04-30T09:21:57","guid":{"rendered":"https:\/\/analyse.optim.biz\/?p=1055601"},"modified":"2025-04-30T12:21:57","modified_gmt":"2025-04-30T09:21:57","slug":"ruinele-promisiunilor-lui-fritz-strandul-termal-si-baza-uszoda-doua-esecuri-in-inima-timisoarei","status":"publish","type":"post","link":"https:\/\/analyse.optim.biz\/?p=1055601","title":{"rendered":"Ruinele promisiunilor lui Fritz: \u0218trandul Termal \u0219i Baza Uszoda, dou\u0103 e\u0219ecuri \u00een inima Timi\u0219oarei"},"content":{"rendered":"<article id=\"template-id-172790\" class=\"post-172790 tdb_templates type-tdb_templates status-publish post\">\n<div id=\"tdi_38\" class=\"tdc-zone\">\n<div class=\"tdc_zone tdi_39  wpb_row td-pb-row\">\n<div id=\"tdi_40\" class=\"tdc-row stretch_row_1400 td-stretch-content\">\n<div class=\"vc_row tdi_41  wpb_row td-pb-row tdc-element-style\">\n<div class=\"vc_column tdi_43  wpb_column vc_column_container tdc-column td-pb-span8\">\n<div class=\"wpb_wrapper\">\n<div class=\"td_block_wrap tdb_single_categories tdi_44 td-pb-border-top td_block_template_1 \" data-td-block-uid=\"tdi_44\">\n<div class=\"tdb-category td-fix-index\"><a class=\"tdb-entry-category\" href=\"https:\/\/voceatimisului.ro\/editorial\/\">Editorial<\/a><a class=\"tdb-entry-category\" href=\"https:\/\/voceatimisului.ro\/stiri-din-timisoara-si-timis\/\">\u0218tiri<\/a><\/div>\n<\/div>\n<div class=\"td_block_wrap tdb_title tdi_45 tdb-single-title td-pb-border-top td_block_template_1\" data-td-block-uid=\"tdi_45\">\n<div class=\"tdb-block-inner td-fix-index\">\n<h1 class=\"tdb-title-text\">Ruinele promisiunilor lui Fritz: \u0218trandul Termal \u0219i Baza Uszoda, dou\u0103 e\u0219ecuri \u00een inima Timi\u0219oarei<\/h1>\n<\/div>\n<\/div>\n<div class=\"vc_row_inner tdi_48  vc_row vc_inner wpb_row td-pb-row\">\n<div class=\"vc_column_inner tdi_50  wpb_column vc_column_container tdc-inner-column td-pb-span6\">\n<div class=\"vc_column-inner\">\n<div class=\"wpb_wrapper\">\n<div class=\"td_block_wrap tdb_single_author tdi_51 td-pb-border-top td_block_template_1 tdb-post-meta\" data-td-block-uid=\"tdi_51\">\n<div class=\"tdb-block-inner td-fix-index\">\n<div class=\"tdb-author-name-wrap\"><span class=\"tdb-author-by\">Autor-<\/span><a class=\"tdb-author-name\" href=\"https:\/\/voceatimisului.ro\/author\/cataadmin\/\">Radu Constantin<\/a><\/div>\n<\/div>\n<\/div>\n<div class=\"td_block_wrap tdb_single_date tdi_52 td-pb-border-top td_block_template_1 tdb-post-meta\" data-td-block-uid=\"tdi_52\">\n<div class=\"tdb-block-inner td-fix-index\"><time class=\"entry-date updated td-module-date\" datetime=\"2025-04-30T15:21:57+03:00\">30 aprilie 2025<\/time><\/div>\n<\/div>\n<div class=\"td_block_wrap tdb_single_comments_count tdi_53 td-pb-border-top td_block_template_1 tdb-post-meta\" data-td-block-uid=\"tdi_53\">\n<div class=\"tdb-block-inner td-fix-index\"><a href=\"https:\/\/voceatimisului.ro\/ruinele-promisiunilor-lui-fritz-strandul-termal-si-baza-uszoda-doua-esecuri-in-inima-timisoarei\/#respond\"><span>0<\/span><\/a><\/div>\n<\/div>\n<div class=\"td_block_wrap tdb_single_post_views tdi_54 td-pb-border-top td_block_template_1 tdb-post-meta\" data-td-block-uid=\"tdi_54\">\n<div class=\"tdb-block-inner td-fix-index\"><span class=\"tdb-add-text\">1<\/span><span class=\"td-nr-views-172097\">1848<\/span><\/div>\n<\/div>\n<\/div>\n<\/div>\n<\/div>\n<div class=\"vc_column_inner tdi_56  wpb_column vc_column_container tdc-inner-column td-pb-span6\">\n<div class=\"vc_column-inner\">\n<div class=\"wpb_wrapper\">\n<div class=\"td_block_wrap tdb_single_post_share tdi_57  td-pb-border-top td_block_template_1\" data-td-block-uid=\"tdi_57\">\n<div id=\"tdi_57\" class=\"td-post-sharing tdb-block td-ps-bg td-ps-notext td-post-sharing-style1 \">\n<div class=\"td-post-sharing-visible\"><a class=\"td-social-sharing-button td-social-sharing-button-js td-social-network td-social-facebook\" href=\"https:\/\/www.facebook.com\/sharer.php?u=https%3A%2F%2Fvoceatimisului.ro%2Fruinele-promisiunilor-lui-fritz-strandul-termal-si-baza-uszoda-doua-esecuri-in-inima-timisoarei%2F\" title=\"Facebook\" rel=\"noopener\"><\/p>\n<div class=\"td-social-but-text\">Facebook<\/div>\n<p><\/a><a class=\"td-social-sharing-button td-social-sharing-button-js td-social-network td-social-twitter\" href=\"https:\/\/twitter.com\/intent\/tweet?text=Ruinele+promisiunilor+lui+Fritz%3A+%C8%98trandul+Termal+%C8%99i+Baza+Uszoda%2C+dou%C4%83+e%C8%99ecuri+%C3%AEn+inima+Timi%C8%99oarei&amp;url=https%3A%2F%2Fvoceatimisului.ro%2Fruinele-promisiunilor-lui-fritz-strandul-termal-si-baza-uszoda-doua-esecuri-in-inima-timisoarei%2F&amp;via=Vocea+Timisului\" title=\"Twitter\" rel=\"noopener\"><\/p>\n<div class=\"td-social-but-text\">Twitter<\/div>\n<p><\/a><a class=\"td-social-sharing-button td-social-sharing-button-js td-social-network td-social-pinterest\" href=\"https:\/\/pinterest.com\/pin\/create\/button\/?url=https:\/\/voceatimisului.ro\/ruinele-promisiunilor-lui-fritz-strandul-termal-si-baza-uszoda-doua-esecuri-in-inima-timisoarei\/&amp;media=https:\/\/voceatimisului.ro\/wp-content\/uploads\/2025\/04\/Strandul-Termal-si-Baza-Uszoda-doua-esecuri-in-inima-Timisoarei7-scaled.jpg&amp;description=Ruinele+promisiunilor+lui+Fritz%3A+%C8%98trandul+Termal+%C8%99i+Baza+Uszoda%2C+dou%C4%83+e%C8%99ecuri+%C3%AEn+inima+Timi%C8%99oarei\" title=\"Pinterest\" rel=\"noopener\"><\/p>\n<div class=\"td-social-but-text\">Pinterest<\/div>\n<p><\/a><a class=\"td-social-sharing-button td-social-sharing-button-js td-social-network td-social-whatsapp\" href=\"https:\/\/api.whatsapp.com\/send?text=Ruinele+promisiunilor+lui+Fritz%3A+%C8%98trandul+Termal+%C8%99i+Baza+Uszoda%2C+dou%C4%83+e%C8%99ecuri+%C3%AEn+inima+Timi%C8%99oarei%20%0A%0A%20https:\/\/voceatimisului.ro\/ruinele-promisiunilor-lui-fritz-strandul-termal-si-baza-uszoda-doua-esecuri-in-inima-timisoarei\/\" title=\"WhatsApp\" rel=\"noopener\"><\/p>\n<div class=\"td-social-but-text\">WhatsApp<\/div>\n<p><\/a><a class=\"td-social-sharing-button td-social-sharing-button-js td-social-network td-social-linkedin\" href=\"https:\/\/www.linkedin.com\/shareArticle?mini=true&amp;url=https:\/\/voceatimisului.ro\/ruinele-promisiunilor-lui-fritz-strandul-termal-si-baza-uszoda-doua-esecuri-in-inima-timisoarei\/&amp;title=Ruinele+promisiunilor+lui+Fritz%3A+%C8%98trandul+Termal+%C8%99i+Baza+Uszoda%2C+dou%C4%83+e%C8%99ecuri+%C3%AEn+inima+Timi%C8%99oarei\" title=\"Linkedin\" rel=\"noopener\"><\/p>\n<div class=\"td-social-but-text\">Linkedin<\/div>\n<p><\/a><a class=\"td-social-sharing-button td-social-sharing-button-js td-social-network td-social-copy_url\" href=\"https:\/\/voceatimisului.ro\/ruinele-promisiunilor-lui-fritz-strandul-termal-si-baza-uszoda-doua-esecuri-in-inima-timisoarei\/\" title=\"Copy URL\" rel=\"noopener\"><\/p>\n<div class=\"td-social-but-text\">Copy URL<\/div>\n<p><\/a><\/div>\n<\/div>\n<\/div>\n<\/div>\n<\/div>\n<\/div>\n<\/div>\n<div class=\"td_block_wrap tdb_single_featured_image tdi_58 tdb-content-horiz-left td-pb-border-top td_block_template_1\" data-td-block-uid=\"tdi_58\">\n<div class=\"tdb-block-inner td-fix-index\">\n<figure><img fetchpriority=\"high\" decoding=\"async\" width=\"696\" height=\"392\" class=\"entry-thumb\" src=\"https:\/\/voceatimisului.ro\/wp-content\/uploads\/2025\/04\/Strandul-Termal-si-Baza-Uszoda-doua-esecuri-in-inima-Timisoarei7-696x392.jpg\" alt title=\"DCIM100MEDIADJI_0336.JPG\" loading=\"eager\"><figcaption class=\"tdb-caption-text\">DCIM100MEDIADJI_0336.JPG<\/figcaption><\/figure>\n<\/div>\n<\/div>\n<div class=\"vc_row_inner tdi_60  vc_row vc_inner wpb_row td-pb-row\">\n<div class=\"vc_column_inner tdi_62  wpb_column vc_column_container tdc-inner-column td-pb-span4 td-is-sticky\">\n<div class=\"vc_column-inner\">\n<div class=\"wpb_wrapper\" data-sticky-enabled-on=\"W3RydWUsdHJ1ZSx0cnVlLHRydWVd\" data-sticky-offset=\"20\" data-sticky-is-width-auto=\"W2ZhbHNlLGZhbHNlLGZhbHNlLGZhbHNlXQ==\">\n<div class=\"td_block_wrap td_flex_block_1 tdi_63 td-pb-border-top td_block_template_1 td_ajax_preloading_preload td_flex_block\" data-td-block-uid=\"tdi_63\">\n<div id=\"tdi_63\" class=\"td_block_inner td-mc1-wrap\">\n<div class=\"td_module_flex td_module_flex_1 td_module_wrap td-animation-stack td-meta-info-hide td-cpt-post\">\n<div class=\"td-module-container td-category-pos-image\">\n<div class=\"td-module-meta-info\">\n<h3 class=\"entry-title td-module-title\"><a href=\"https:\/\/voceatimisului.ro\/tramvaiul-nu-vine-dar-propaganda-circula-perfect\/\" rel=\"bookmark\" title=\"Tramvaiul nu vine, dar propaganda circul\u0103 perfect\">Tramvaiul nu vine, dar propaganda circul\u0103 perfect<\/a><\/h3>\n<\/div>\n<\/div>\n<\/div>\n<div class=\"td_module_flex td_module_flex_1 td_module_wrap td-animation-stack td-meta-info-hide td-cpt-post\">\n<div class=\"td-module-container td-category-pos-image\">\n<div class=\"td-module-meta-info\">\n<h3 class=\"entry-title td-module-title\"><a href=\"https:\/\/voceatimisului.ro\/transportul-public-din-timisoara-se-prabuseste-in-fiecare-zi-in-trafic-dar-in-birourile-primariei-totul-arata-perfect-si-european\/\" rel=\"bookmark\" title=\"Transportul public din Timi\u0219oara se pr\u0103bu\u0219e\u0219te \u00een fiecare zi \u00een trafic, dar \u00een birourile Prim\u0103riei totul arat\u0103 perfect \u0219i \u201ceuropean\u201d\">Transportul public din Timi\u0219oara se pr\u0103bu\u0219e\u0219te \u00een fiecare zi \u00een trafic, dar \u00een birourile Prim\u0103riei totul arat\u0103 perfect \u0219i \u201ceuropean\u201d<\/a><\/h3>\n<\/div>\n<\/div>\n<\/div>\n<div class=\"td_module_flex td_module_flex_1 td_module_wrap td-animation-stack td-meta-info-hide td-cpt-post\">\n<div class=\"td-module-container td-category-pos-image\">\n<div class=\"td-module-meta-info\">\n<h3 class=\"entry-title td-module-title\"><a href=\"https:\/\/voceatimisului.ro\/iccj-ii-strica-lui-dominic-fritz-manevra-de-blocaj-dosarul-de-conflict-de-interese-se-reia\/\" rel=\"bookmark\" title=\"\u00ceCCJ \u00eei stric\u0103 lui Dominic Fritz manevra de blocaj. Dosarul de conflict de interese se reia\">\u00ceCCJ \u00eei stric\u0103 lui Dominic Fritz manevra de blocaj. Dosarul de conflict de interese se reia<\/a><\/h3>\n<\/div>\n<\/div>\n<\/div>\n<div class=\"td_module_flex td_module_flex_1 td_module_wrap td-animation-stack td-meta-info-hide td-cpt-post\">\n<div class=\"td-module-container td-category-pos-image\">\n<div class=\"td-module-meta-info\">\n<h3 class=\"entry-title td-module-title\"><a href=\"https:\/\/voceatimisului.ro\/retim-a-plecat-din-timisoara-sub-nasul-consiliului-local\/\" rel=\"bookmark\" title=\"RETIM a plecat din Timi\u0219oara sub nasul Consiliului Local\">RETIM a plecat din Timi\u0219oara sub nasul Consiliului Local<\/a><\/h3>\n<\/div>\n<\/div>\n<\/div>\n<\/div>\n<\/div>\n<div class=\"tdb-author-box td_block_wrap tdb_single_author_box tdi_68 tdb-content-vert-top td-pb-border-top td_block_template_1\" data-td-block-uid=\"tdi_68\">\n<div class=\"tdb-block-inner td-fix-index\">\n<div class=\"tdb-author-info\"><a href=\"https:\/\/voceatimisului.ro\/author\/cataadmin\/\" class=\"tdb-author-name\">Radu Constantin<\/a><a href=\"http:\/\/www.voceatimisului.ro\" rel=\"nofollow\" class=\"tdb-author-url\">http:\/\/www.voceatimisului.ro<\/a><\/p>\n<div class=\"tdb-author-descr\">\u00centreaga responsabilitate a comentariilor l\u0103sate de dumneavoastr\u0103 v\u0103 apar\u021bine!<br \/>\nClick <a href=\"https:\/\/voceatimisului.ro\/termeni-si-conditii\/\">aici<\/a>-citeste condi\u0163iile de utilizare ale site-ului www.voceatimisului.ro<\/div>\n<\/div>\n<\/div>\n<\/div>\n<\/div>\n<\/div>\n<\/div>\n<div class=\"vc_column_inner tdi_70  wpb_column vc_column_container tdc-inner-column td-pb-span8\">\n<div class=\"vc_column-inner\">\n<div class=\"wpb_wrapper\">\n<div class=\"td_block_wrap tdb_single_content tdi_71 td-pb-border-top td_block_template_1 td-post-content tagdiv-type\" data-td-block-uid=\"tdi_71\">\n<div class=\"tdb-block-inner td-fix-index\">\n<h5 class=\"wp-block-heading\">Dup\u0103 5 ani la conducerea ora\u0219ului, Dominic Fritz ne-a l\u0103sat cu gunoaie, b\u0103l\u021bi, garduri ruginite \u0219i ruine. Promisiunile cu \u201eredarea spa\u021biilor publice timi\u0219orenilor\u201d au r\u0103mas doar pove\u0219ti pe Facebook. Realitatea? Un ora\u0219 \u00een paragin\u0103, chiar sub nasul primarului.<\/h5>\n<p>\u0218trandul Termal, c\u00e2ndva un loc plin de via\u021b\u0103, e acum un focar de infec\u021bie \u00een buricul Timi\u0219oarei. Cl\u0103diri pr\u0103bu\u0219ite, bazine mizerabile, vegeta\u021bie s\u0103lb\u0103ticit\u0103 \u0219i mirosuri greu de suportat. S-a promis reabilitare. S-a livrat\u2026 nimic. Doar ruin\u0103 \u0219i t\u0103cere.<\/p>\n<p>La c\u00e2teva str\u0103zi distan\u021b\u0103, Baza Uszoda zace \u00een aceea\u0219i nep\u0103sare. Alt loc pe care Fritz \u00eel promitea reactivat. Alt e\u0219ec. Por\u021bi \u00eenchise, pere\u021bi scoroji\u021bi, t\u0103cere. Niciun muncitor, nicio lucrare. Doar poze colorate \u0219i \u201eplanuri\u201d pe h\u00e2rtie.<\/p>\n<p>C\u00e2nd vine vorba de fapte, administra\u021bia Fritz face doar zgomot. Mult PR, zero progres. \u0218i totul ambalat frumos \u00een \u201etransparen\u021b\u0103\u201d, \u201eviziune\u201d \u0219i \u201eTimi\u0219oara european\u0103\u201d. Dar \u00een spatele pozelor, ora\u0219ul e tot mai murdar, mai trist, mai p\u0103r\u0103sit.<\/p>\n<p>Iar acum, \u00een 2025, vin alegerile preziden\u021biale. Nu pentru prim\u0103rie, dar pentru imaginea USR. Iar Fritz vrea s\u0103 fie purt\u0103torul de cuv\u00e2nt al \u201enoului\u201d \u2013 de\u0219i n-a fost \u00een stare s\u0103 repare dou\u0103 bazine \u0219i un gard.<\/p>\n<p>Timi\u0219oara nu are nevoie de circ \u0219i poze din dron\u0103. Ora\u0219ul are nevoie de respect, munc\u0103 \u0219i administra\u021bie, nu de minciuni frumos \u00eempachetate. Adev\u0103rul se vede clar \u2013 chiar din dron\u0103, cum \u00eei place lui Dominic: ora\u0219ul e abandonat.<\/p>\n<p>USR-i\u0219tii pot s\u0103 mai fac\u0103 un clip motiva\u021bional. Noi avem ruinele. \u0218i ochii deschi\u0219i.<\/p>\n<figure class=\"wp-block-embed is-type-video is-provider-youtube wp-block-embed-youtube wp-embed-aspect-16-9 \">\n<div class=\"wp-block-embed__wrapper\"><span class=\"flying-press-youtube\" data-src=\"https:\/\/www.youtube.com\/embed\/gZXQzRL7T_o?feature=oembed&amp;autoplay=1\"><img decoding=\"async\" src=\"https:\/\/voceatimisului.ro\/wp-content\/cache\/flying-press\/74723bcd9b62ea7669f5d9c274cdb0e0.jpg\" width=\"1280\" height=\"720\" alt=\"Termal\" loading=\"lazy\"><\/span><\/div>\n<\/figure>\n<figure class=\"wp-block-gallery has-nested-images columns-default is-cropped wp-block-gallery-1 is-layout-flex wp-block-gallery-is-layout-flex\">\n<div><a href=\"https:\/\/voceatimisului.ro\/wp-content\/uploads\/2025\/04\/Strandul-Termal-si-Baza-Uszoda-doua-esecuri-in-inima-Timisoarei7-1024x576.jpg\" class=\"td-modal-image\"><\/p>\n<figure class=\"wp-block-image size-large\"><img decoding=\"async\" width=\"1024\" height=\"576\" data-id=\"172108\" src=\"https:\/\/voceatimisului.ro\/wp-content\/uploads\/2025\/04\/Strandul-Termal-si-Baza-Uszoda-doua-esecuri-in-inima-Timisoarei7-1024x576.jpg\" alt=\"Ruinele promisiunilor lui Fritz: \u0218trandul Termal \u0219i Baza Uszoda, dou\u0103 e\u0219ecuri \u00een inima Timi\u0219oarei\" class=\"wp-image-172108\" loading=\"lazy\"><\/figure>\n<p><\/a><\/div>\n<figure class=\"wp-block-image size-large\"><img decoding=\"async\" width=\"1024\" height=\"576\" data-id=\"172107\" src=\"https:\/\/voceatimisului.ro\/wp-content\/uploads\/2025\/04\/Strandul-Termal-si-Baza-Uszoda-doua-esecuri-in-inima-Timisoarei6-1024x576.jpg\" alt=\"Ruinele promisiunilor lui Fritz: \u0218trandul Termal \u0219i Baza Uszoda, dou\u0103 e\u0219ecuri \u00een inima Timi\u0219oarei\" class=\"wp-image-172107\" loading=\"lazy\"><\/figure>\n<figure class=\"wp-block-image size-large\"><img decoding=\"async\" loading=\"lazy\" width=\"1024\" height=\"576\" data-id=\"172106\" src=\"https:\/\/voceatimisului.ro\/wp-content\/uploads\/2025\/04\/Strandul-Termal-si-Baza-Uszoda-doua-esecuri-in-inima-Timisoarei5-1024x576.jpg\" alt=\"Ruinele promisiunilor lui Fritz: \u0218trandul Termal \u0219i Baza Uszoda, dou\u0103 e\u0219ecuri \u00een inima Timi\u0219oarei\" class=\"wp-image-172106\"><\/figure>\n<figure class=\"wp-block-image size-large\"><img decoding=\"async\" loading=\"lazy\" width=\"1024\" height=\"576\" data-id=\"172105\" src=\"https:\/\/voceatimisului.ro\/wp-content\/uploads\/2025\/04\/Strandul-Termal-si-Baza-Uszoda-doua-esecuri-in-inima-Timisoarei4-1024x576.jpg\" alt=\"Ruinele promisiunilor lui Fritz: \u0218trandul Termal \u0219i Baza Uszoda, dou\u0103 e\u0219ecuri \u00een inima Timi\u0219oarei\" class=\"wp-image-172105\"><\/figure>\n<figure class=\"wp-block-image size-large\"><img decoding=\"async\" loading=\"lazy\" width=\"1024\" height=\"576\" data-id=\"172104\" src=\"https:\/\/voceatimisului.ro\/wp-content\/uploads\/2025\/04\/Strandul-Termal-si-Baza-Uszoda-doua-esecuri-in-inima-Timisoarei3-1024x576.jpg\" alt=\"Ruinele promisiunilor lui Fritz: \u0218trandul Termal \u0219i Baza Uszoda, dou\u0103 e\u0219ecuri \u00een inima Timi\u0219oarei\" class=\"wp-image-172104\"><\/figure>\n<figure class=\"wp-block-image size-large\"><img decoding=\"async\" loading=\"lazy\" width=\"1024\" height=\"576\" data-id=\"172103\" src=\"https:\/\/voceatimisului.ro\/wp-content\/uploads\/2025\/04\/Strandul-Termal-si-Baza-Uszoda-doua-esecuri-in-inima-Timisoarei2-1024x576.jpg\" alt=\"Ruinele promisiunilor lui Fritz: \u0218trandul Termal \u0219i Baza Uszoda, dou\u0103 e\u0219ecuri \u00een inima Timi\u0219oarei\" class=\"wp-image-172103\"><\/figure>\n<figure class=\"wp-block-image size-large\"><img decoding=\"async\" loading=\"lazy\" width=\"1024\" height=\"576\" data-id=\"172102\" src=\"https:\/\/voceatimisului.ro\/wp-content\/uploads\/2025\/04\/Strandul-Termal-si-Baza-Uszoda-doua-esecuri-in-inima-Timisoarei1-1024x576.jpg\" alt=\"Ruinele promisiunilor lui Fritz: \u0218trandul Termal \u0219i Baza Uszoda, dou\u0103 e\u0219ecuri \u00een inima Timi\u0219oarei\" class=\"wp-image-172102\"><\/figure>\n<\/figure>\n<\/div>\n<\/div>\n<div class=\"td_block_wrap tdb_single_tags tdi_74 td-pb-border-top td_block_template_1\" data-td-block-uid=\"tdi_74\">\n<div class=\"tdb-block-inner td-fix-index\">\n<ul class=\"tdb-tags\">\n<li><span>Tags<\/span><\/li>\n<li><a href=\"https:\/\/voceatimisului.ro\/tag\/baza-uszoda\/\">baza uszoda<\/a><\/li>\n<li><a href=\"https:\/\/voceatimisului.ro\/tag\/dominic-fritz\/\">Dominic Fritz<\/a><\/li>\n<li><a href=\"https:\/\/voceatimisului.ro\/tag\/minciuni-electorale\/\">minciuni electorale<\/a><\/li>\n<li><a href=\"https:\/\/voceatimisului.ro\/tag\/strandul-termal\/\">strandul termal<\/a><\/li>\n<\/ul>\n<\/div>\n<\/div>\n<div class=\"td_block_wrap tdb_single_post_share tdi_75  td-pb-border-top td_block_template_1\" data-td-block-uid=\"tdi_75\">\n<div id=\"tdi_75\" class=\"td-post-sharing tdb-block td-ps-bg td-ps-notext td-post-sharing-style1 \">\n<div class=\"td-post-sharing-visible\"><a class=\"td-social-sharing-button td-social-sharing-button-js td-social-network td-social-facebook\" href=\"https:\/\/www.facebook.com\/sharer.php?u=https%3A%2F%2Fvoceatimisului.ro%2Fruinele-promisiunilor-lui-fritz-strandul-termal-si-baza-uszoda-doua-esecuri-in-inima-timisoarei%2F\" title=\"Facebook\" rel=\"noopener\"><\/p>\n<div class=\"td-social-but-text\">Facebook<\/div>\n<p><\/a><a class=\"td-social-sharing-button td-social-sharing-button-js td-social-network td-social-twitter\" href=\"https:\/\/twitter.com\/intent\/tweet?text=Ruinele+promisiunilor+lui+Fritz%3A+%C8%98trandul+Termal+%C8%99i+Baza+Uszoda%2C+dou%C4%83+e%C8%99ecuri+%C3%AEn+inima+Timi%C8%99oarei&amp;url=https%3A%2F%2Fvoceatimisului.ro%2Fruinele-promisiunilor-lui-fritz-strandul-termal-si-baza-uszoda-doua-esecuri-in-inima-timisoarei%2F&amp;via=Vocea+Timisului\" title=\"Twitter\" rel=\"noopener\"><\/p>\n<div class=\"td-social-but-text\">Twitter<\/div>\n<p><\/a><a class=\"td-social-sharing-button td-social-sharing-button-js td-social-network td-social-pinterest\" href=\"https:\/\/pinterest.com\/pin\/create\/button\/?url=https:\/\/voceatimisului.ro\/ruinele-promisiunilor-lui-fritz-strandul-termal-si-baza-uszoda-doua-esecuri-in-inima-timisoarei\/&amp;media=https:\/\/voceatimisului.ro\/wp-content\/uploads\/2025\/04\/Strandul-Termal-si-Baza-Uszoda-doua-esecuri-in-inima-Timisoarei7-scaled.jpg&amp;description=Ruinele+promisiunilor+lui+Fritz%3A+%C8%98trandul+Termal+%C8%99i+Baza+Uszoda%2C+dou%C4%83+e%C8%99ecuri+%C3%AEn+inima+Timi%C8%99oarei\" title=\"Pinterest\" rel=\"noopener\"><\/p>\n<div class=\"td-social-but-text\">Pinterest<\/div>\n<p><\/a><a class=\"td-social-sharing-button td-social-sharing-button-js td-social-network td-social-whatsapp\" href=\"https:\/\/api.whatsapp.com\/send?text=Ruinele+promisiunilor+lui+Fritz%3A+%C8%98trandul+Termal+%C8%99i+Baza+Uszoda%2C+dou%C4%83+e%C8%99ecuri+%C3%AEn+inima+Timi%C8%99oarei%20%0A%0A%20https:\/\/voceatimisului.ro\/ruinele-promisiunilor-lui-fritz-strandul-termal-si-baza-uszoda-doua-esecuri-in-inima-timisoarei\/\" title=\"WhatsApp\" rel=\"noopener\"><\/p>\n<div class=\"td-social-but-text\">WhatsApp<\/div>\n<p><\/a><a class=\"td-social-sharing-button td-social-sharing-button-js td-social-network td-social-linkedin\" href=\"https:\/\/www.linkedin.com\/shareArticle?mini=true&amp;url=https:\/\/voceatimisului.ro\/ruinele-promisiunilor-lui-fritz-strandul-termal-si-baza-uszoda-doua-esecuri-in-inima-timisoarei\/&amp;title=Ruinele+promisiunilor+lui+Fritz%3A+%C8%98trandul+Termal+%C8%99i+Baza+Uszoda%2C+dou%C4%83+e%C8%99ecuri+%C3%AEn+inima+Timi%C8%99oarei\" title=\"Linkedin\" rel=\"noopener\"><\/p>\n<div class=\"td-social-but-text\">Linkedin<\/div>\n<p><\/a><a class=\"td-social-sharing-button td-social-sharing-button-js td-social-network td-social-copy_url\" href=\"https:\/\/voceatimisului.ro\/ruinele-promisiunilor-lui-fritz-strandul-termal-si-baza-uszoda-doua-esecuri-in-inima-timisoarei\/\" title=\"Copy URL\" rel=\"noopener\"><\/p>\n<div class=\"td-social-but-text\">Copy URL<\/div>\n<p><\/a><\/div>\n<\/div>\n<\/div>\n<div class=\"td_block_wrap tdb_single_next_prev tdi_76 td-animation-stack td-next-prev-img-on td-pb-border-top td_block_template_1\" data-td-block-uid=\"tdi_76\">\n<div class=\"tdb-block-inner td-fix-index\">\n<div class=\"tdb-next-post tdb-next-post-bg tdb-post-prev\"><span>Articolul precedent<\/span><\/p>\n<div class=\"td-module-container\">\n<div class=\"td-image-container\"><a class=\"td-image-wrap\" href=\"https:\/\/voceatimisului.ro\/feli-deschide-luna-concertelor-live-la-bastion-by-merlin-intrarea-este-gratuita\/\"><img loading=\"lazy\" decoding=\"async\" class=\"td-next-prev-image td-fix-index td-lazy-img\" title=\"Feli deschide luna concertelor live la Bastion by Merlin. Intrarea este gratuit\u0103!\" width=\"696\" height=\"870\" src=\"https:\/\/voceatimisului.ro\/wp-content\/uploads\/2025\/04\/Feli-deschide-luna-concertelor-live-la-Bastion-by-Merlin.-Intrarea-este-gratuita-696x870.jpg\"><\/a><\/div>\n<div class=\"next-prev-title\"><a href=\"https:\/\/voceatimisului.ro\/feli-deschide-luna-concertelor-live-la-bastion-by-merlin-intrarea-este-gratuita\/\">Feli deschide luna concertelor live la Bastion by Merlin. Intrarea este gratuit\u0103!<\/a><\/div>\n<\/div>\n<\/div>\n<div class=\"tdb-next-post tdb-next-post-bg tdb-post-next\"><span>Articolul urm\u0103tor<\/span><\/p>\n<div class=\"td-module-container\">\n<div class=\"td-image-container\"><a class=\"td-image-wrap\" href=\"https:\/\/voceatimisului.ro\/retim-incaseaza-lunar-pentru-un-serviciu-prestat-de-patru-ori-pe-an-adevarul-despre-colectarea-gratuita-a-deseurilor-textile\/\"><img loading=\"lazy\" decoding=\"async\" class=\"td-next-prev-image td-fix-index td-lazy-img\" title=\"RETIM \u00eencaseaz\u0103 lunar pentru un serviciu prestat de patru ori pe an. Adev\u0103rul despre colectarea \u201egratuit\u0103\u201d a de\u0219eurilor textile\" width=\"696\" height=\"382\" src=\"https:\/\/voceatimisului.ro\/wp-content\/uploads\/2025\/05\/Adevarul-despre-colectarea-%E2%80%9Egratuita-a-deseurilor-textile-696x382.jpg\"><\/a><\/div>\n<div class=\"next-prev-title\"><a href=\"https:\/\/voceatimisului.ro\/retim-incaseaza-lunar-pentru-un-serviciu-prestat-de-patru-ori-pe-an-adevarul-despre-colectarea-gratuita-a-deseurilor-textile\/\">RETIM \u00eencaseaz\u0103 lunar pentru un serviciu prestat de patru ori pe an. Adev\u0103rul despre colectarea \u201egratuit\u0103\u201d a de\u0219eurilor textile<\/a><\/div>\n<\/div>\n<\/div>\n<\/div>\n<\/div>\n<\/div>\n<\/div>\n<\/div>\n<\/div>\n<div class=\"vc_row_inner tdi_86  vc_row vc_inner wpb_row td-pb-row\">\n<div class=\"vc_column_inner tdi_88  wpb_column vc_column_container tdc-inner-column td-pb-span4 td-is-sticky\">\n<div class=\"vc_column-inner\">\n<div class=\"wpb_wrapper\" data-sticky-enabled-on=\"W3RydWUsdHJ1ZSx0cnVlLHRydWVd\" data-sticky-offset=\"20\" data-sticky-is-width-auto=\"W2ZhbHNlLGZhbHNlLGZhbHNlLGZhbHNlXQ==\">\n<div class=\"td_block_wrap tdb_single_related tdi_89 td_with_ajax_pagination td-pb-border-top td_block_template_1 tdb-single-related-posts\" data-td-block-uid=\"tdi_89\">\n<div id=\"tdi_89\" class=\"td_block_inner tdb-block-inner td-fix-index\">\n<div class=\"tdb_module_related td_module_wrap td-animation-stack td-meta-info-hide\">\n<div class=\"td-module-container td-category-pos-image\">\n<div class=\"td-module-meta-info\">\n<h3 class=\"entry-title td-module-title\"><a href=\"https:\/\/voceatimisului.ro\/retim-si-a-mutat-sediul-in-oradea-timisoara-pierde-taxe-administratia-fritz-tace\/\" rel=\"bookmark\" title=\"RETIM \u0219i-a mutat sediul \u00een Oradea. Timi\u0219oara pierde taxe, administra\u021bia Fritz tace\">RETIM \u0219i-a mutat sediul \u00een Oradea. Timi\u0219oara pierde taxe, administra\u021bia Fritz tace<\/a><\/h3>\n<\/div>\n<\/div>\n<\/div>\n<div class=\"tdb_module_related td_module_wrap td-animation-stack td-meta-info-hide\">\n<div class=\"td-module-container td-category-pos-image\">\n<div class=\"td-module-meta-info\">\n<h3 class=\"entry-title td-module-title\"><a href=\"https:\/\/voceatimisului.ro\/fritz-ignora-legea-ministerul-muncii-confirma-incetarea-functiei-lui-pokker-in-ziua-pensionarii\/\" rel=\"bookmark\" title=\"Fritz ignor\u0103 legea. Ministerul Muncii confirm\u0103 \u00eencetarea func\u021biei lui Pokker \u00een ziua pension\u0103rii\">Fritz ignor\u0103 legea. Ministerul Muncii confirm\u0103 \u00eencetarea func\u021biei lui Pokker \u00een ziua pension\u0103rii<\/a><\/h3>\n<\/div>\n<\/div>\n<\/div>\n<div class=\"tdb_module_related td_module_wrap td-animation-stack td-meta-info-hide\">\n<div class=\"td-module-container td-category-pos-image\">\n<div class=\"td-module-meta-info\">\n<h3 class=\"entry-title td-module-title\"><a href=\"https:\/\/voceatimisului.ro\/licitatia-de-e-ticketing-a-primariei-timisoara-trimisa-la-rescris-de-cnsc-documentatie-profund-viciata-si-semne-de-intrebare-privind-expertiza-din-spatele-proiectului\/\" rel=\"bookmark\" title=\"Licita\u021bia de e-ticketing a Prim\u0103riei Timi\u0219oara, trimis\u0103 la rescris de CNSC. Documenta\u021bie \u201eprofund viciat\u0103\u201d \u0219i semne de \u00eentrebare privind expertiza din spatele proiectului\">Licita\u021bia de e-ticketing a Prim\u0103riei Timi\u0219oara, trimis\u0103 la rescris de CNSC. Documenta\u021bie \u201eprofund viciat\u0103\u201d \u0219i semne de \u00eentrebare privind expertiza din spatele proiectului<\/a><\/h3>\n<\/div>\n<\/div>\n<\/div>\n<\/div>\n<\/div>\n<\/div>\n<\/div>\n<\/div>\n<div class=\"vc_column_inner tdi_91  wpb_column vc_column_container tdc-inner-column td-pb-span8\">\n<div class=\"vc_column-inner\">\n<div class=\"wpb_wrapper\">\n<div class=\"td_block_wrap tdb_single_comments tdi_92 tdb-comm-layout2 td-pb-border-top td_block_template_2\" data-td-block-uid=\"tdi_92\">\n<div class=\"tdb-block-inner td-fix-index\">\n<div class=\"comments\" id=\"comments\">\n<div id=\"respond\" class=\"comment-respond\">\n<h3 id=\"reply-title\" class=\"comment-reply-title\">L\u0102SA\u021aI UN MESAJ <small><a rel=\"nofollow\" id=\"cancel-comment-reply-link\" href=\"https:\/\/voceatimisului.ro\/ruinele-promisiunilor-lui-fritz-strandul-termal-si-baza-uszoda-doua-esecuri-in-inima-timisoarei\/#respond\">Renun\u021ba\u021bi la r\u0103spuns<\/a><\/small><\/h3>\n<div class=\"comment-form-input-wrap td-form-comment\">\n<div class=\"td-warning-comment\">V\u0103 rug\u0103m s\u0103 introduce\u021bi comentariul dvs.!<\/div>\n<\/div>\n<div class=\"comment-form-input-wrap td-form-author\">\n<div class=\"td-warning-author\">Introduce\u021bi aici numele dvs.<\/div>\n<\/div>\n<div class=\"comment-form-input-wrap td-form-email\">\n<div class=\"td-warning-email-error\">A\u021bi introdus o adres\u0103 de e-mail incorect\u0103!<\/div>\n<div class=\"td-warning-email\">V\u0103 rug\u0103m s\u0103 introduce\u021bi adresa dvs. de e-mail aici<\/div>\n<\/div>\n<\/div>\n<\/div>\n<\/div>\n<\/div>\n<\/div>\n<\/div>\n<\/div>\n<\/div>\n<\/div>\n<\/div>\n<div class=\"vc_column tdi_94  wpb_column vc_column_container tdc-column td-pb-span4 td-is-sticky\">\n<div class=\"wpb_wrapper\" data-sticky-enabled-on=\"W3RydWUsdHJ1ZSx0cnVlLHRydWVd\" data-sticky-offset=\"20\" data-sticky-is-width-auto=\"W2ZhbHNlLGZhbHNlLGZhbHNlLGZhbHNlXQ==\">\n<div class=\"vc_row_inner tdi_96  vc_row vc_inner wpb_row td-pb-row\">\n<div class=\"vc_column_inner tdi_98  wpb_column vc_column_container tdc-inner-column td-pb-span12\">\n<div class=\"vc_column-inner\">\n<div class=\"wpb_wrapper\">\n<div class=\"td_block_wrap td_block_title tdi_99 td-pb-border-top td_block_template_11 td-fix-index\" data-td-block-uid=\"tdi_99\">\n<div class=\"td-block-title-wrap\">\n<h4 class=\"td-block-title\"><span class=\"td-pulldown-size\">ANUN\u021aURI \u0218I PUBLICITATE<\/span><\/h4>\n<\/div>\n<\/div>\n<\/div>\n<\/div>\n<\/div>\n<\/div>\n<div class=\"wpb_wrapper td_block_wrap vc_widget_sidebar tdi_101 \">\n<aside id=\"block-10\" class=\"td_block_template_1 widget block-10 widget_block widget_media_image\">\n<figure class=\"wp-block-image size-full\"><a href=\"https:\/\/adpghiroda.ro\/index.html\" target=\"_blank\" rel=\" noreferrer noopener\"><img decoding=\"async\" loading=\"eager\" width=\"960\" height=\"960\" src=\"https:\/\/voceatimisului.ro\/wp-content\/uploads\/2025\/03\/ADP-Ghiroda2.jpg\" alt class=\"wp-image-171492\"><\/a><\/figure>\n<\/aside>\n<aside id=\"block-11\" class=\"td_block_template_1 widget block-11 widget_block widget_media_image\">\n<figure class=\"wp-block-image size-full\"><a href=\"https:\/\/adpghiroda.ro\/index.html\" target=\"_blank\" rel=\" noreferrer noopener\"><img decoding=\"async\" loading=\"eager\" width=\"960\" height=\"960\" src=\"https:\/\/voceatimisului.ro\/wp-content\/uploads\/2025\/03\/ADP-Ghiroda1.jpg\" alt class=\"wp-image-171491\"><\/a><\/figure>\n<\/aside>\n<aside id=\"block-17\" class=\"td_block_template_1 widget block-17 widget_block widget_media_image\">\n<figure class=\"wp-block-image size-large is-resized\"><a href=\"https:\/\/verde.events\/\" target=\"_blank\" rel=\" noreferrer noopener\"><img decoding=\"async\" loading=\"lazy\" width=\"1024\" height=\"683\" src=\"https:\/\/voceatimisului.ro\/wp-content\/uploads\/2025\/08\/Verde-Events-24-1024x683.jpg\" alt=\"Verde Events\" class=\"wp-image-174395\"><\/a><figcaption class=\"wp-element-caption\"><strong><em>O experien\u021b\u0103 unic\u0103 pentru orice tip de eveniment<\/em><\/strong><\/figcaption><\/figure>\n<\/aside>\n<\/div>\n<div class=\"td_block_wrap td_flex_block_1 tdi_107 td-pb-border-top td_block_template_1 td_ajax_preloading_preload td_flex_block\" data-td-block-uid=\"tdi_107\">\n<div id=\"tdi_107\" class=\"td_block_inner td-mc1-wrap\">\n<div class=\"td_module_flex td_module_flex_1 td_module_wrap td-animation-stack td-meta-info-hide td-cpt-post\">\n<div class=\"td-module-container td-category-pos-image\">\n<div class=\"td-module-meta-info\">\n<h3 class=\"entry-title td-module-title\"><a href=\"https:\/\/voceatimisului.ro\/dominic-fritz-si-pensionarii-de-lux-ai-legalitatii\/\" rel=\"bookmark\" title=\"Dominic Fritz \u0219i pensionarii de lux ai legalit\u0103\u021bii\">Dominic Fritz \u0219i pensionarii de lux ai legalit\u0103\u021bii<\/a><\/h3>\n<\/div>\n<\/div>\n<\/div>\n<div class=\"td_module_flex td_module_flex_1 td_module_wrap td-animation-stack td-meta-info-hide td-cpt-post\">\n<div class=\"td-module-container td-category-pos-image\">\n<div class=\"td-module-meta-info\">\n<h3 class=\"entry-title td-module-title\"><a href=\"https:\/\/voceatimisului.ro\/demolari-fara-drept-si-functionari-executati-administratia-fritz-tot-mai-aproape-de-comunismul-birocratic\/\" rel=\"bookmark\" title=\"Demol\u0103ri f\u0103r\u0103 drept \u0219i func\u021bionari executa\u021bi: administra\u021bia Fritz, tot mai aproape de comunismul birocratic\">Demol\u0103ri f\u0103r\u0103 drept \u0219i func\u021bionari executa\u021bi: administra\u021bia Fritz, tot mai aproape de comunismul birocratic<\/a><\/h3>\n<\/div>\n<\/div>\n<\/div>\n<div class=\"td_module_flex td_module_flex_1 td_module_wrap td-animation-stack td-meta-info-hide td-cpt-post\">\n<div class=\"td-module-container td-category-pos-image\">\n<div class=\"td-module-meta-info\">\n<h3 class=\"entry-title td-module-title\"><a href=\"https:\/\/voceatimisului.ro\/buldozerul-administratiei-fritz-loveste-din-nou-viceprimarul-romocean-i-a-executat-administrativ-pe-cei-doi-functionari-care-au-refuzat-sa-mai-participe-la-demolarile-abuzive\/\" rel=\"bookmark\" title=\"Buldozerul administra\u021biei Fritz love\u0219te din nou. Viceprimarul Romocean i-a executat administrativ pe cei doi func\u021bionari care au refuzat s\u0103 mai participe la demol\u0103rile abuzive\">Buldozerul administra\u021biei Fritz love\u0219te din nou. Viceprimarul Romocean i-a executat administrativ pe cei doi func\u021bionari care au refuzat s\u0103 mai participe la demol\u0103rile abuzive<\/a><\/h3>\n<\/div>\n<\/div>\n<\/div>\n<div class=\"td_module_flex td_module_flex_1 td_module_wrap td-animation-stack td-meta-info-hide td-cpt-post\">\n<div class=\"td-module-container td-category-pos-image\">\n<div class=\"td-module-meta-info\">\n<h3 class=\"entry-title td-module-title\"><a href=\"https:\/\/voceatimisului.ro\/buldozerul-intai-legea-dupa-primaria-timisoara-isi-verifica-singura-demolarea-de-la-dinar\/\" rel=\"bookmark\" title=\"Buldozerul \u00eent\u00e2i, legea dup\u0103. Prim\u0103ria Timi\u0219oara \u00ee\u0219i verific\u0103 singur\u0103 demolarea de la Dinar\">Buldozerul \u00eent\u00e2i, legea dup\u0103. Prim\u0103ria Timi\u0219oara \u00ee\u0219i verific\u0103 singur\u0103 demolarea de la Dinar<\/a><\/h3>\n<\/div>\n<\/div>\n<\/div>\n<div class=\"td_module_flex td_module_flex_1 td_module_wrap td-animation-stack td-meta-info-hide td-cpt-post\">\n<div class=\"td-module-container td-category-pos-image\">\n<div class=\"td-module-meta-info\">\n<h3 class=\"entry-title td-module-title\"><a href=\"https:\/\/voceatimisului.ro\/buldozerul-lui-fritz-mai-presus-de-lege\/\" rel=\"bookmark\" title=\"Buldozerul lui Fritz, mai presus de lege\">Buldozerul lui Fritz, mai presus de lege<\/a><\/h3>\n<\/div>\n<\/div>\n<\/div>\n<\/div>\n<\/div>\n<\/div>\n<\/div>\n<\/div>\n<\/div>\n<\/div>\n<\/div>\n<p><span class=\"td-page-meta\"><\/span><span class=\"td-page-meta\"><span class=\"td-page-meta\"><\/span><\/span><span class=\"td-page-meta\"><\/span><\/article>\n<p> Source URL: https:\/\/voceatimisului.ro\/ruinele-promisiunilor-lui-fritz-strandul-termal-si-baza-uszoda-doua-esecuri-in-inima-timisoarei\/<\/p>\n","protected":false},"excerpt":{"rendered":"<p>Editorial\u0218tiri Ruinele promisiunilor lui Fritz: \u0218trandul Termal \u0219i Baza Uszoda, dou\u0103 e\u0219ecuri \u00een inima Timi\u0219oarei Autor-Radu Constantin 30 aprilie 2025 0 11848 Facebook Twitter Pinterest WhatsApp Linkedin Copy URL DCIM100MEDIADJI_0336.JPG Tramvaiul nu vine, dar propaganda circul\u0103 perfect Transportul public din Timi\u0219oara se pr\u0103bu\u0219e\u0219te \u00een fiecare zi \u00een trafic, dar \u00een birourile Prim\u0103riei totul arat\u0103 perfect [&hellip;]<\/p>\n","protected":false},"author":1,"featured_media":0,"comment_status":"open","ping_status":"","sticky":false,"template":"","format":"standard","meta":{"footnotes":""},"categories":[89],"tags":[199],"class_list":["post-1055601","post","type-post","status-publish","format-standard","hentry","category-romania","tag-voceatimisului-ro"],"_links":{"self":[{"href":"https:\/\/analyse.optim.biz\/index.php?rest_route=\/wp\/v2\/posts\/1055601","targetHints":{"allow":["GET"]}}],"collection":[{"href":"https:\/\/analyse.optim.biz\/index.php?rest_route=\/wp\/v2\/posts"}],"about":[{"href":"https:\/\/analyse.optim.biz\/index.php?rest_route=\/wp\/v2\/types\/post"}],"author":[{"embeddable":true,"href":"https:\/\/analyse.optim.biz\/index.php?rest_route=\/wp\/v2\/users\/1"}],"replies":[{"embeddable":true,"href":"https:\/\/analyse.optim.biz\/index.php?rest_route=%2Fwp%2Fv2%2Fcomments&post=1055601"}],"version-history":[{"count":0,"href":"https:\/\/analyse.optim.biz\/index.php?rest_route=\/wp\/v2\/posts\/1055601\/revisions"}],"wp:attachment":[{"href":"https:\/\/analyse.optim.biz\/index.php?rest_route=%2Fwp%2Fv2%2Fmedia&parent=1055601"}],"wp:term":[{"taxonomy":"category","embeddable":true,"href":"https:\/\/analyse.optim.biz\/index.php?rest_route=%2Fwp%2Fv2%2Fcategories&post=1055601"},{"taxonomy":"post_tag","embeddable":true,"href":"https:\/\/analyse.optim.biz\/index.php?rest_route=%2Fwp%2Fv2%2Ftags&post=1055601"}],"curies":[{"name":"wp","href":"https:\/\/api.w.org\/{rel}","templated":true}]}}