{"id":1055597,"date":"2025-05-02T11:03:27","date_gmt":"2025-05-02T08:03:27","guid":{"rendered":"https:\/\/analyse.optim.biz\/?p=1055597"},"modified":"2025-05-02T11:03:27","modified_gmt":"2025-05-02T08:03:27","slug":"timisoara-creste-pe-hartie-dar-se-sufoca-in-realitate","status":"publish","type":"post","link":"https:\/\/analyse.optim.biz\/?p=1055597","title":{"rendered":"Timi\u0219oara cre\u0219te pe h\u00e2rtie, dar se sufoc\u0103 \u00een realitate"},"content":{"rendered":"<article id=\"template-id-172790\" class=\"post-172790 tdb_templates type-tdb_templates status-publish post\">\n<div id=\"tdi_38\" class=\"tdc-zone\">\n<div class=\"tdc_zone tdi_39  wpb_row td-pb-row\">\n<div id=\"tdi_40\" class=\"tdc-row stretch_row_1400 td-stretch-content\">\n<div class=\"vc_row tdi_41  wpb_row td-pb-row tdc-element-style\">\n<div class=\"vc_column tdi_43  wpb_column vc_column_container tdc-column td-pb-span8\">\n<div class=\"wpb_wrapper\">\n<div class=\"td_block_wrap tdb_single_categories tdi_44 td-pb-border-top td_block_template_1 \" data-td-block-uid=\"tdi_44\">\n<div class=\"tdb-category td-fix-index\"><a class=\"tdb-entry-category\" href=\"https:\/\/voceatimisului.ro\/editorial\/\">Editorial<\/a><a class=\"tdb-entry-category\" href=\"https:\/\/voceatimisului.ro\/stiri-din-timisoara-si-timis\/\">\u0218tiri<\/a><\/div>\n<\/div>\n<div class=\"td_block_wrap tdb_title tdi_45 tdb-single-title td-pb-border-top td_block_template_1\" data-td-block-uid=\"tdi_45\">\n<div class=\"tdb-block-inner td-fix-index\">\n<h1 class=\"tdb-title-text\">Timi\u0219oara cre\u0219te pe h\u00e2rtie, dar se sufoc\u0103 \u00een realitate<\/h1>\n<\/div>\n<\/div>\n<div class=\"vc_row_inner tdi_48  vc_row vc_inner wpb_row td-pb-row\">\n<div class=\"vc_column_inner tdi_50  wpb_column vc_column_container tdc-inner-column td-pb-span6\">\n<div class=\"vc_column-inner\">\n<div class=\"wpb_wrapper\">\n<div class=\"td_block_wrap tdb_single_author tdi_51 td-pb-border-top td_block_template_1 tdb-post-meta\" data-td-block-uid=\"tdi_51\">\n<div class=\"tdb-block-inner td-fix-index\">\n<div class=\"tdb-author-name-wrap\"><span class=\"tdb-author-by\">Autor-<\/span><a class=\"tdb-author-name\" href=\"https:\/\/voceatimisului.ro\/author\/marta-stirbey\/\">Marta Stirbey<\/a><\/div>\n<\/div>\n<\/div>\n<div class=\"td_block_wrap tdb_single_date tdi_52 td-pb-border-top td_block_template_1 tdb-post-meta\" data-td-block-uid=\"tdi_52\">\n<div class=\"tdb-block-inner td-fix-index\"><time class=\"entry-date updated td-module-date\" datetime=\"2025-05-02T14:03:27+03:00\">2 mai 2025<\/time><\/div>\n<\/div>\n<div class=\"td_block_wrap tdb_single_comments_count tdi_53 td-pb-border-top td_block_template_1 tdb-post-meta\" data-td-block-uid=\"tdi_53\">\n<div class=\"tdb-block-inner td-fix-index\"><a href=\"https:\/\/voceatimisului.ro\/timisoara-creste-pe-hartie-dar-se-sufoca-in-realitate\/#respond\"><span>0<\/span><\/a><\/div>\n<\/div>\n<div class=\"td_block_wrap tdb_single_post_views tdi_54 td-pb-border-top td_block_template_1 tdb-post-meta\" data-td-block-uid=\"tdi_54\">\n<div class=\"tdb-block-inner td-fix-index\"><span class=\"tdb-add-text\">1<\/span><span class=\"td-nr-views-172137\">781<\/span><\/div>\n<\/div>\n<\/div>\n<\/div>\n<\/div>\n<div class=\"vc_column_inner tdi_56  wpb_column vc_column_container tdc-inner-column td-pb-span6\">\n<div class=\"vc_column-inner\">\n<div class=\"wpb_wrapper\">\n<div class=\"td_block_wrap tdb_single_post_share tdi_57  td-pb-border-top td_block_template_1\" data-td-block-uid=\"tdi_57\">\n<div id=\"tdi_57\" class=\"td-post-sharing tdb-block td-ps-bg td-ps-notext td-post-sharing-style1 \">\n<div class=\"td-post-sharing-visible\"><a class=\"td-social-sharing-button td-social-sharing-button-js td-social-network td-social-facebook\" href=\"https:\/\/www.facebook.com\/sharer.php?u=https%3A%2F%2Fvoceatimisului.ro%2Ftimisoara-creste-pe-hartie-dar-se-sufoca-in-realitate%2F\" title=\"Facebook\" rel=\"noopener\"><\/p>\n<div class=\"td-social-but-text\">Facebook<\/div>\n<p><\/a><a class=\"td-social-sharing-button td-social-sharing-button-js td-social-network td-social-twitter\" href=\"https:\/\/twitter.com\/intent\/tweet?text=Timi%C8%99oara+cre%C8%99te+pe+h%C3%A2rtie%2C+dar+se+sufoc%C4%83+%C3%AEn+realitate&amp;url=https%3A%2F%2Fvoceatimisului.ro%2Ftimisoara-creste-pe-hartie-dar-se-sufoca-in-realitate%2F&amp;via=Vocea+Timisului\" title=\"Twitter\" rel=\"noopener\"><\/p>\n<div class=\"td-social-but-text\">Twitter<\/div>\n<p><\/a><a class=\"td-social-sharing-button td-social-sharing-button-js td-social-network td-social-pinterest\" href=\"https:\/\/pinterest.com\/pin\/create\/button\/?url=https:\/\/voceatimisului.ro\/timisoara-creste-pe-hartie-dar-se-sufoca-in-realitate\/&amp;media=https:\/\/voceatimisului.ro\/wp-content\/uploads\/2025\/05\/Timisoara-creste-pe-hartie-dar-se-sufoca-in-realitate.png&amp;description=Timi%C8%99oara+cre%C8%99te+pe+h%C3%A2rtie%2C+dar+se+sufoc%C4%83+%C3%AEn+realitate\" title=\"Pinterest\" rel=\"noopener\"><\/p>\n<div class=\"td-social-but-text\">Pinterest<\/div>\n<p><\/a><a class=\"td-social-sharing-button td-social-sharing-button-js td-social-network td-social-whatsapp\" href=\"https:\/\/api.whatsapp.com\/send?text=Timi%C8%99oara+cre%C8%99te+pe+h%C3%A2rtie%2C+dar+se+sufoc%C4%83+%C3%AEn+realitate%20%0A%0A%20https:\/\/voceatimisului.ro\/timisoara-creste-pe-hartie-dar-se-sufoca-in-realitate\/\" title=\"WhatsApp\" rel=\"noopener\"><\/p>\n<div class=\"td-social-but-text\">WhatsApp<\/div>\n<p><\/a><a class=\"td-social-sharing-button td-social-sharing-button-js td-social-network td-social-linkedin\" href=\"https:\/\/www.linkedin.com\/shareArticle?mini=true&amp;url=https:\/\/voceatimisului.ro\/timisoara-creste-pe-hartie-dar-se-sufoca-in-realitate\/&amp;title=Timi%C8%99oara+cre%C8%99te+pe+h%C3%A2rtie%2C+dar+se+sufoc%C4%83+%C3%AEn+realitate\" title=\"Linkedin\" rel=\"noopener\"><\/p>\n<div class=\"td-social-but-text\">Linkedin<\/div>\n<p><\/a><a class=\"td-social-sharing-button td-social-sharing-button-js td-social-network td-social-copy_url\" href=\"https:\/\/voceatimisului.ro\/timisoara-creste-pe-hartie-dar-se-sufoca-in-realitate\/\" title=\"Copy URL\" rel=\"noopener\"><\/p>\n<div class=\"td-social-but-text\">Copy URL<\/div>\n<p><\/a><\/div>\n<\/div>\n<\/div>\n<\/div>\n<\/div>\n<\/div>\n<\/div>\n<div class=\"td_block_wrap tdb_single_featured_image tdi_58 tdb-content-horiz-left td-pb-border-top td_block_template_1\" data-td-block-uid=\"tdi_58\">\n<div class=\"tdb-block-inner td-fix-index\">\n<figure><img fetchpriority=\"high\" decoding=\"async\" width=\"696\" height=\"464\" class=\"entry-thumb\" src=\"https:\/\/voceatimisului.ro\/wp-content\/uploads\/2025\/05\/Timisoara-creste-pe-hartie-dar-se-sufoca-in-realitate-696x464.png\" alt title=\"Timi\u0219oara cre\u0219te pe h\u00e2rtie, dar se sufoc\u0103 \u00een realitate\" loading=\"eager\"><figcaption class=\"tdb-caption-text\">Timi\u0219oara cre\u0219te pe h\u00e2rtie, dar se sufoc\u0103 \u00een realitate<\/figcaption><\/figure>\n<\/div>\n<\/div>\n<div class=\"vc_row_inner tdi_60  vc_row vc_inner wpb_row td-pb-row\">\n<div class=\"vc_column_inner tdi_62  wpb_column vc_column_container tdc-inner-column td-pb-span4 td-is-sticky\">\n<div class=\"vc_column-inner\">\n<div class=\"wpb_wrapper\" data-sticky-enabled-on=\"W3RydWUsdHJ1ZSx0cnVlLHRydWVd\" data-sticky-offset=\"20\" data-sticky-is-width-auto=\"W2ZhbHNlLGZhbHNlLGZhbHNlLGZhbHNlXQ==\">\n<div class=\"td_block_wrap td_flex_block_1 tdi_63 td-pb-border-top td_block_template_1 td_ajax_preloading_preload td_flex_block\" data-td-block-uid=\"tdi_63\">\n<div id=\"tdi_63\" class=\"td_block_inner td-mc1-wrap\">\n<div class=\"td_module_flex td_module_flex_1 td_module_wrap td-animation-stack td-meta-info-hide td-cpt-post\">\n<div class=\"td-module-container td-category-pos-image\">\n<div class=\"td-module-meta-info\">\n<h3 class=\"entry-title td-module-title\"><a href=\"https:\/\/voceatimisului.ro\/alfred-simonis-22-de-milioane-de-lei-pentru-finalizarea-salii-polivalente-din-timisoara-parteneriat-cu-politehnica-si-primaria\/\" rel=\"bookmark\" title=\"Alfred Simonis: 22 de milioane de lei pentru finalizarea s\u0103lii polivalente din Timi\u0219oara. Parteneriat cu Politehnica \u0219i Prim\u0103ria\">Alfred Simonis: 22 de milioane de lei pentru finalizarea s\u0103lii polivalente din Timi\u0219oara. Parteneriat cu Politehnica \u0219i Prim\u0103ria<\/a><\/h3>\n<\/div>\n<\/div>\n<\/div>\n<div class=\"td_module_flex td_module_flex_1 td_module_wrap td-animation-stack td-meta-info-hide td-cpt-post\">\n<div class=\"td-module-container td-category-pos-image\">\n<div class=\"td-module-meta-info\">\n<h3 class=\"entry-title td-module-title\"><a href=\"https:\/\/voceatimisului.ro\/primaria-timisoara-campioana-la-ipocrizie-ambrozia-le-creste-sub-nas-dar-dau-somatii-la-cetateni\/\" rel=\"bookmark\" title=\"Prim\u0103ria Timi\u0219oara, campioan\u0103 la ipocrizie: ambrozia le cre\u0219te sub nas, dar dau soma\u021bii la cet\u0103\u021beni\">Prim\u0103ria Timi\u0219oara, campioan\u0103 la ipocrizie: ambrozia le cre\u0219te sub nas, dar dau soma\u021bii la cet\u0103\u021beni<\/a><\/h3>\n<\/div>\n<\/div>\n<\/div>\n<div class=\"td_module_flex td_module_flex_1 td_module_wrap td-animation-stack td-meta-info-hide td-cpt-post\">\n<div class=\"td-module-container td-category-pos-image\">\n<div class=\"td-module-meta-info\">\n<h3 class=\"entry-title td-module-title\"><a href=\"https:\/\/voceatimisului.ro\/final-de-proiect-scoala-generala-nr-25-din-timisoara-are-o-sala-de-sport-noua\/\" rel=\"bookmark\" title=\"Final de proiect: \u0218coala General\u0103 nr. 25 din Timi\u0219oara are o sal\u0103 de sport nou\u0103\">Final de proiect: \u0218coala General\u0103 nr. 25 din Timi\u0219oara are o sal\u0103 de sport nou\u0103<\/a><\/h3>\n<\/div>\n<\/div>\n<\/div>\n<div class=\"td_module_flex td_module_flex_1 td_module_wrap td-animation-stack td-meta-info-hide td-cpt-post\">\n<div class=\"td-module-container td-category-pos-image\">\n<div class=\"td-module-meta-info\">\n<h3 class=\"entry-title td-module-title\"><a href=\"https:\/\/voceatimisului.ro\/ultimatumul-rusinii-primaria-timisoara-isi-acopera-esecurile-cu-amenintari\/\" rel=\"bookmark\" title=\"Ultimatumul ru\u0219inii: Prim\u0103ria Timi\u0219oara \u00ee\u0219i acoper\u0103 e\u0219ecurile cu amenin\u021b\u0103ri\">Ultimatumul ru\u0219inii: Prim\u0103ria Timi\u0219oara \u00ee\u0219i acoper\u0103 e\u0219ecurile cu amenin\u021b\u0103ri<\/a><\/h3>\n<\/div>\n<\/div>\n<\/div>\n<\/div>\n<\/div>\n<div class=\"tdb-author-box td_block_wrap tdb_single_author_box tdi_68 tdb-content-vert-top td-pb-border-top td_block_template_1\" data-td-block-uid=\"tdi_68\">\n<div class=\"tdb-block-inner td-fix-index\">\n<div class=\"tdb-author-info\"><a href=\"https:\/\/voceatimisului.ro\/author\/marta-stirbey\/\" class=\"tdb-author-name\">Marta Stirbey<\/a><\/p>\n<div class=\"tdb-author-descr\">\u00centreaga responsabilitate a comentariilor l\u0103sate de dumneavoastr\u0103 v\u0103 apar\u021bine!<br \/>\nClick <a href=\"https:\/\/voceatimisului.ro\/termeni-si-conditii\/\">aici<\/a>-citeste condi\u0163iile de utilizare ale site-ului www.voceatimisului.ro<\/div>\n<\/div>\n<\/div>\n<\/div>\n<\/div>\n<\/div>\n<\/div>\n<div class=\"vc_column_inner tdi_70  wpb_column vc_column_container tdc-inner-column td-pb-span8\">\n<div class=\"vc_column-inner\">\n<div class=\"wpb_wrapper\">\n<div class=\"td_block_wrap tdb_single_content tdi_71 td-pb-border-top td_block_template_1 td-post-content tagdiv-type\" data-td-block-uid=\"tdi_71\">\n<div class=\"tdb-block-inner td-fix-index\">\n<h5 class=\"wp-block-heading\">Se construie\u0219te pe band\u0103 rulant\u0103 \u00een Timi\u0219oara. Fostele zone industriale devin, pe r\u00e2nd, \u0219antiere de blocuri. Fabricile dispar, iar \u00een locul lor r\u0103sar cartiere \u201enoi\u201d, care se laud\u0103 cu apartamente moderne, parc\u0103ri subterane \u0219i vedere la\u2026 alte blocuri. Oficialii locali anun\u021b\u0103 \u201eproceduri transparente\u201d \u0219i \u201eplanific\u0103ri urbane sustenabile\u201d. Dar \u00een spatele acestor planuri, \u00eentrebarea simpl\u0103 \u0219i fireasc\u0103 persist\u0103: de unde are lumea at\u00e2ta bani s\u0103 cumpere at\u00e2tea apartamente?<\/h5>\n<p><strong>Creditul \u2013 c\u0103tu\u0219ele de lux ale clasei medii<\/strong><\/p>\n<p>R\u0103spunsul evident vine din zona credit\u0103rii. B\u0103ncile \u0219i programele guvernamentale, precum \u201eNoua Cas\u0103\u201d, fac posibil\u0103 cump\u0103rarea unei locuin\u021be cu avansuri mici \u0219i datorii \u00eentinse pe 30 de ani. Mul\u021bi tineri intr\u0103 \u00een aceste angajamente consider\u00e2nd c\u0103 e mai \u00een\u021belept s\u0103 pl\u0103teasc\u0103 o rat\u0103 dec\u00e2t o chirie. Dar \u00een realitate, devin captivi \u00eentr-un sistem care le consum\u0103 o mare parte din venit pentru o locuin\u021b\u0103 care, \u00een multe cazuri, nu ofer\u0103 nici spa\u021biu, nici confort urban real.<\/p>\n<p><strong>Apartamente, nu ac\u021biuni: investi\u021bia preferat\u0103 a rom\u00e2nului<\/strong><\/p>\n<p>Imobiliarele au devenit un soi de \u201ebanc\u0103\u201d alternativ\u0103. Cu infla\u021bia galopant\u0103 \u0219i cu o profund\u0103 ne\u00eencredere \u00een instrumente financiare moderne, mul\u021bi rom\u00e2ni aleg s\u0103 \u00ee\u0219i investeasc\u0103 economiile \u00een apartamente. Nu conteaz\u0103 dac\u0103 stau \u00een ele sau nu. E un activ fizic, \u201esigur\u201d \u0219i u\u0219or de \u00eenchiriat. Astfel, dezvoltatorii au clien\u021bi chiar \u0219i \u00eenainte s\u0103 finalizeze construc\u021bia.<\/p>\n<p><strong>Bani din diaspora \u0219i bani f\u0103r\u0103 nume<\/strong><\/p>\n<p>Rom\u00e2nii din diaspora trimit miliarde de euro \u00een \u021bar\u0103, iar o parte semnificativ\u0103 din ace\u0219ti bani se duc \u00een imobiliare. Unii \u00ee\u0219i ajut\u0103 familiile, al\u021bii investesc \u00een viitorul propriu. Mai exist\u0103 \u00eens\u0103 \u0219i cump\u0103r\u0103tori care \u00ee\u0219i \u201ealbesc\u201d c\u00e2\u0219tigurile prin investi\u021bii \u00een locuin\u021be. Sectorul imobiliar este \u0219i r\u0103m\u00e2ne o zon\u0103 gri, greu de reglementat, dar foarte atractiv\u0103 pentru fonduri cu provenien\u021b\u0103 incert\u0103.<\/p>\n<p><strong>Blocuri multe, infrastructur\u0103 pu\u021bin\u0103<\/strong><\/p>\n<p>Problema real\u0103 nu e doar cine \u0219i cum cump\u0103r\u0103 apartamentele, ci ce se \u00eent\u00e2mpl\u0103 cu ora\u0219ul \u00een ansamblu. Transformarea fostelor zone industriale \u00een cartiere nu e gre\u0219it\u0103 \u00een sine, dar modul \u00een care se face \u2013 haotic, f\u0103r\u0103 infrastructur\u0103 de baz\u0103, f\u0103r\u0103 spa\u021bii verzi reale, f\u0103r\u0103 \u0219coli \u0219i gr\u0103dini\u021be suficiente \u2013 e o re\u021bet\u0103 pentru dezastru urban. Se construie\u0219te mult, dar nu neap\u0103rat pentru oameni. Ci pentru profit.<\/p>\n<p><strong>Cine face ora\u0219ul \u0219i pentru cine?<\/strong><\/p>\n<p>Administra\u021bia local\u0103 pare c\u0103 vrea s\u0103 aib\u0103 un rol \u00een aceast\u0103 \u201erestructurare urban\u0103\u201d, dar e greu de spus dac\u0103 mai conduce sau doar valideaz\u0103. Cadrul procedural prezentat recent de Prim\u0103ria Timi\u0219oara pentru transformarea fostelor zone industriale este, \u00een teorie, bine-inten\u021bionat. <a href=\"https:\/\/www.primariatm.ro\/proiecte-hcl\/09bd4fe8-dda5-47b5-b5cc-3f0d6ffef8a2\" target=\"_blank\" rel=\"noreferrer noopener\">Documentul poate fi consultat aici.<\/a> Dar c\u00e2t de mult va conta \u00een fa\u021ba intereselor imobiliare?<\/p>\n<p><strong>Concluzie:<\/strong><\/p>\n<p>Timi\u0219oara nu mai e un ora\u0219 care produce, ci un ora\u0219 care se vinde. Industria a fost \u00eenlocuit\u0103 de beton \u0219i sticl\u0103, iar \u00een goana dup\u0103 profit se uit\u0103 exact esen\u021bialul: oamenii. Un ora\u0219 nu tr\u0103ie\u0219te doar din apartamente v\u00e2ndute, ci din comunit\u0103\u021bi, spa\u021bii publice vii, infrastructur\u0103 func\u021bional\u0103 \u0219i echilibru social. Dac\u0103 pierdem asta, am construit doar blocuri \u2013 nu un viitor.<\/p>\n<\/div>\n<\/div>\n<div class=\"td_block_wrap tdb_single_tags tdi_74 td-pb-border-top td_block_template_1\" data-td-block-uid=\"tdi_74\">\n<div class=\"tdb-block-inner td-fix-index\">\n<ul class=\"tdb-tags\">\n<li><span>Tags<\/span><\/li>\n<li><a href=\"https:\/\/voceatimisului.ro\/tag\/apartamente-noi\/\">apartamente noi<\/a><\/li>\n<li><a href=\"https:\/\/voceatimisului.ro\/tag\/dezvoltare-imobiliara\/\">dezvoltare imobiliara<\/a><\/li>\n<li><a href=\"https:\/\/voceatimisului.ro\/tag\/primaria-timisoara\/\">primaria timisoara<\/a><\/li>\n<li><a href=\"https:\/\/voceatimisului.ro\/tag\/zona-industriala\/\">zona industriala<\/a><\/li>\n<\/ul>\n<\/div>\n<\/div>\n<div class=\"td_block_wrap tdb_single_post_share tdi_75  td-pb-border-top td_block_template_1\" data-td-block-uid=\"tdi_75\">\n<div id=\"tdi_75\" class=\"td-post-sharing tdb-block td-ps-bg td-ps-notext td-post-sharing-style1 \">\n<div class=\"td-post-sharing-visible\"><a class=\"td-social-sharing-button td-social-sharing-button-js td-social-network td-social-facebook\" href=\"https:\/\/www.facebook.com\/sharer.php?u=https%3A%2F%2Fvoceatimisului.ro%2Ftimisoara-creste-pe-hartie-dar-se-sufoca-in-realitate%2F\" title=\"Facebook\" rel=\"noopener\"><\/p>\n<div class=\"td-social-but-text\">Facebook<\/div>\n<p><\/a><a class=\"td-social-sharing-button td-social-sharing-button-js td-social-network td-social-twitter\" href=\"https:\/\/twitter.com\/intent\/tweet?text=Timi%C8%99oara+cre%C8%99te+pe+h%C3%A2rtie%2C+dar+se+sufoc%C4%83+%C3%AEn+realitate&amp;url=https%3A%2F%2Fvoceatimisului.ro%2Ftimisoara-creste-pe-hartie-dar-se-sufoca-in-realitate%2F&amp;via=Vocea+Timisului\" title=\"Twitter\" rel=\"noopener\"><\/p>\n<div class=\"td-social-but-text\">Twitter<\/div>\n<p><\/a><a class=\"td-social-sharing-button td-social-sharing-button-js td-social-network td-social-pinterest\" href=\"https:\/\/pinterest.com\/pin\/create\/button\/?url=https:\/\/voceatimisului.ro\/timisoara-creste-pe-hartie-dar-se-sufoca-in-realitate\/&amp;media=https:\/\/voceatimisului.ro\/wp-content\/uploads\/2025\/05\/Timisoara-creste-pe-hartie-dar-se-sufoca-in-realitate.png&amp;description=Timi%C8%99oara+cre%C8%99te+pe+h%C3%A2rtie%2C+dar+se+sufoc%C4%83+%C3%AEn+realitate\" title=\"Pinterest\" rel=\"noopener\"><\/p>\n<div class=\"td-social-but-text\">Pinterest<\/div>\n<p><\/a><a class=\"td-social-sharing-button td-social-sharing-button-js td-social-network td-social-whatsapp\" href=\"https:\/\/api.whatsapp.com\/send?text=Timi%C8%99oara+cre%C8%99te+pe+h%C3%A2rtie%2C+dar+se+sufoc%C4%83+%C3%AEn+realitate%20%0A%0A%20https:\/\/voceatimisului.ro\/timisoara-creste-pe-hartie-dar-se-sufoca-in-realitate\/\" title=\"WhatsApp\" rel=\"noopener\"><\/p>\n<div class=\"td-social-but-text\">WhatsApp<\/div>\n<p><\/a><a class=\"td-social-sharing-button td-social-sharing-button-js td-social-network td-social-linkedin\" href=\"https:\/\/www.linkedin.com\/shareArticle?mini=true&amp;url=https:\/\/voceatimisului.ro\/timisoara-creste-pe-hartie-dar-se-sufoca-in-realitate\/&amp;title=Timi%C8%99oara+cre%C8%99te+pe+h%C3%A2rtie%2C+dar+se+sufoc%C4%83+%C3%AEn+realitate\" title=\"Linkedin\" rel=\"noopener\"><\/p>\n<div class=\"td-social-but-text\">Linkedin<\/div>\n<p><\/a><a class=\"td-social-sharing-button td-social-sharing-button-js td-social-network td-social-copy_url\" href=\"https:\/\/voceatimisului.ro\/timisoara-creste-pe-hartie-dar-se-sufoca-in-realitate\/\" title=\"Copy URL\" rel=\"noopener\"><\/p>\n<div class=\"td-social-but-text\">Copy URL<\/div>\n<p><\/a><\/div>\n<\/div>\n<\/div>\n<div class=\"td_block_wrap tdb_single_next_prev tdi_76 td-animation-stack td-next-prev-img-on td-pb-border-top td_block_template_1\" data-td-block-uid=\"tdi_76\">\n<div class=\"tdb-block-inner td-fix-index\">\n<div class=\"tdb-next-post tdb-next-post-bg tdb-post-prev\"><span>Articolul precedent<\/span><\/p>\n<div class=\"td-module-container\">\n<div class=\"td-image-container\"><a class=\"td-image-wrap\" href=\"https:\/\/voceatimisului.ro\/accident-grav-la-giroc-patru-persoane-printre-care-doi-copii-au-ajuns-la-spital\/\"><img loading=\"lazy\" decoding=\"async\" class=\"td-next-prev-image td-fix-index td-lazy-img\" title=\"Accident grav la Giroc: Patru persoane, printre care doi copii, au ajuns la spital\" width=\"696\" height=\"928\" src=\"https:\/\/voceatimisului.ro\/wp-content\/uploads\/2025\/05\/Accident-grav-la-Giroc1-696x928.jpg\"><\/a><\/div>\n<div class=\"next-prev-title\"><a href=\"https:\/\/voceatimisului.ro\/accident-grav-la-giroc-patru-persoane-printre-care-doi-copii-au-ajuns-la-spital\/\">Accident grav la Giroc: Patru persoane, printre care doi copii, au ajuns la spital<\/a><\/div>\n<\/div>\n<\/div>\n<div class=\"tdb-next-post tdb-next-post-bg tdb-post-next\"><span>Articolul urm\u0103tor<\/span><\/p>\n<div class=\"td-module-container\">\n<div class=\"td-image-container\"><a class=\"td-image-wrap\" href=\"https:\/\/voceatimisului.ro\/cum-au-distrus-gradina-zoologica-niste-incompetenti-care-nu-iubesc-timisoara\/\"><img loading=\"lazy\" decoding=\"async\" class=\"td-next-prev-image td-fix-index td-lazy-img\" title=\"Cum au distrus Gr\u0103dina Zoologic\u0103 ni\u0219te incompeten\u021bi care nu iubesc Timi\u0219oara\" width=\"696\" height=\"392\" src=\"https:\/\/voceatimisului.ro\/wp-content\/uploads\/2025\/05\/Gradina-Zoologica-696x392.jpg\"><\/a><\/div>\n<div class=\"next-prev-title\"><a href=\"https:\/\/voceatimisului.ro\/cum-au-distrus-gradina-zoologica-niste-incompetenti-care-nu-iubesc-timisoara\/\">Cum au distrus Gr\u0103dina Zoologic\u0103 ni\u0219te incompeten\u021bi care nu iubesc Timi\u0219oara<\/a><\/div>\n<\/div>\n<\/div>\n<\/div>\n<\/div>\n<\/div>\n<\/div>\n<\/div>\n<\/div>\n<div class=\"vc_row_inner tdi_86  vc_row vc_inner wpb_row td-pb-row\">\n<div class=\"vc_column_inner tdi_88  wpb_column vc_column_container tdc-inner-column td-pb-span4 td-is-sticky\">\n<div class=\"vc_column-inner\">\n<div class=\"wpb_wrapper\" data-sticky-enabled-on=\"W3RydWUsdHJ1ZSx0cnVlLHRydWVd\" data-sticky-offset=\"20\" data-sticky-is-width-auto=\"W2ZhbHNlLGZhbHNlLGZhbHNlLGZhbHNlXQ==\">\n<div class=\"td_block_wrap tdb_single_related tdi_89 td_with_ajax_pagination td-pb-border-top td_block_template_1 tdb-single-related-posts\" data-td-block-uid=\"tdi_89\">\n<div id=\"tdi_89\" class=\"td_block_inner tdb-block-inner td-fix-index\">\n<div class=\"tdb_module_related td_module_wrap td-animation-stack td-meta-info-hide\">\n<div class=\"td-module-container td-category-pos-image\">\n<div class=\"td-module-meta-info\">\n<h3 class=\"entry-title td-module-title\"><a href=\"https:\/\/voceatimisului.ro\/maraton-caritabil-alergam-pentru-spitalul-clinic-de-urgenta-pentru-copii-louis-turcanu\/\" rel=\"bookmark\" title=\"Maraton Caritabil \u2013 Alerg\u0103m pentru Spitalul Clinic de Urgen\u021b\u0103 pentru Copii Louis \u021aurcanu!\">Maraton Caritabil \u2013 Alerg\u0103m pentru Spitalul Clinic de Urgen\u021b\u0103 pentru Copii Louis \u021aurcanu!<\/a><\/h3>\n<\/div>\n<\/div>\n<\/div>\n<div class=\"tdb_module_related td_module_wrap td-animation-stack td-meta-info-hide\">\n<div class=\"td-module-container td-category-pos-image\">\n<div class=\"td-module-meta-info\">\n<h3 class=\"entry-title td-module-title\"><a href=\"https:\/\/voceatimisului.ro\/reluarea-circulatiei-tramvaielor-pe-bulevardul-stan-vidrighin-in-timisoara\/\" rel=\"bookmark\" title=\"Reluarea Circula\u021biei Tramvaielor pe Bulevardul Stan Vidrighin \u00een Timi\u0219oara\">Reluarea Circula\u021biei Tramvaielor pe Bulevardul Stan Vidrighin \u00een Timi\u0219oara<\/a><\/h3>\n<\/div>\n<\/div>\n<\/div>\n<div class=\"tdb_module_related td_module_wrap td-animation-stack td-meta-info-hide\">\n<div class=\"td-module-container td-category-pos-image\">\n<div class=\"td-module-meta-info\">\n<h3 class=\"entry-title td-module-title\"><a href=\"https:\/\/voceatimisului.ro\/primaria-timisoara-a-scos-la-mezat-achizitionarea-a-33-de-firobuze-desi-agentia-nationala-pentru-achizitii-publice-a-sesizat-predictibilitatea-procedurii\/\" rel=\"bookmark\" title=\"Prim\u0103ria Timi\u0219oara a scos la mezat achizi\u021bionarea a 33 de firobuze, de\u0219i Agen\u021bia Na\u021bional\u0103 pentru Achizi\u021bii Publice a sesizat predictibilitatea procedurii\">Prim\u0103ria Timi\u0219oara a scos la mezat achizi\u021bionarea a 33 de firobuze, de\u0219i Agen\u021bia Na\u021bional\u0103 pentru Achizi\u021bii Publice a sesizat predictibilitatea procedurii<\/a><\/h3>\n<\/div>\n<\/div>\n<\/div>\n<\/div>\n<\/div>\n<\/div>\n<\/div>\n<\/div>\n<div class=\"vc_column_inner tdi_91  wpb_column vc_column_container tdc-inner-column td-pb-span8\">\n<div class=\"vc_column-inner\">\n<div class=\"wpb_wrapper\">\n<div class=\"td_block_wrap tdb_single_comments tdi_92 tdb-comm-layout2 td-pb-border-top td_block_template_2\" data-td-block-uid=\"tdi_92\">\n<div class=\"tdb-block-inner td-fix-index\">\n<div class=\"comments\" id=\"comments\">\n<div id=\"respond\" class=\"comment-respond\">\n<h3 id=\"reply-title\" class=\"comment-reply-title\">L\u0102SA\u021aI UN MESAJ <small><a rel=\"nofollow\" id=\"cancel-comment-reply-link\" href=\"https:\/\/voceatimisului.ro\/timisoara-creste-pe-hartie-dar-se-sufoca-in-realitate\/#respond\">Renun\u021ba\u021bi la r\u0103spuns<\/a><\/small><\/h3>\n<div class=\"comment-form-input-wrap td-form-comment\">\n<div class=\"td-warning-comment\">V\u0103 rug\u0103m s\u0103 introduce\u021bi comentariul dvs.!<\/div>\n<\/div>\n<div class=\"comment-form-input-wrap td-form-author\">\n<div class=\"td-warning-author\">Introduce\u021bi aici numele dvs.<\/div>\n<\/div>\n<div class=\"comment-form-input-wrap td-form-email\">\n<div class=\"td-warning-email-error\">A\u021bi introdus o adres\u0103 de e-mail incorect\u0103!<\/div>\n<div class=\"td-warning-email\">V\u0103 rug\u0103m s\u0103 introduce\u021bi adresa dvs. de e-mail aici<\/div>\n<\/div>\n<\/div>\n<\/div>\n<\/div>\n<\/div>\n<\/div>\n<\/div>\n<\/div>\n<\/div>\n<\/div>\n<\/div>\n<div class=\"vc_column tdi_94  wpb_column vc_column_container tdc-column td-pb-span4 td-is-sticky\">\n<div class=\"wpb_wrapper\" data-sticky-enabled-on=\"W3RydWUsdHJ1ZSx0cnVlLHRydWVd\" data-sticky-offset=\"20\" data-sticky-is-width-auto=\"W2ZhbHNlLGZhbHNlLGZhbHNlLGZhbHNlXQ==\">\n<div class=\"vc_row_inner tdi_96  vc_row vc_inner wpb_row td-pb-row\">\n<div class=\"vc_column_inner tdi_98  wpb_column vc_column_container tdc-inner-column td-pb-span12\">\n<div class=\"vc_column-inner\">\n<div class=\"wpb_wrapper\">\n<div class=\"td_block_wrap td_block_title tdi_99 td-pb-border-top td_block_template_11 td-fix-index\" data-td-block-uid=\"tdi_99\">\n<div class=\"td-block-title-wrap\">\n<h4 class=\"td-block-title\"><span class=\"td-pulldown-size\">ANUN\u021aURI \u0218I PUBLICITATE<\/span><\/h4>\n<\/div>\n<\/div>\n<\/div>\n<\/div>\n<\/div>\n<\/div>\n<div class=\"wpb_wrapper td_block_wrap vc_widget_sidebar tdi_101 \">\n<aside id=\"block-10\" class=\"td_block_template_1 widget block-10 widget_block widget_media_image\">\n<figure class=\"wp-block-image size-full\"><a href=\"https:\/\/adpghiroda.ro\/index.html\" target=\"_blank\" rel=\" noreferrer noopener\"><img decoding=\"async\" loading=\"eager\" width=\"960\" height=\"960\" src=\"https:\/\/voceatimisului.ro\/wp-content\/uploads\/2025\/03\/ADP-Ghiroda2.jpg\" alt class=\"wp-image-171492\"><\/a><\/figure>\n<\/aside>\n<aside id=\"block-11\" class=\"td_block_template_1 widget block-11 widget_block widget_media_image\">\n<figure class=\"wp-block-image size-full\"><a href=\"https:\/\/adpghiroda.ro\/index.html\" target=\"_blank\" rel=\" noreferrer noopener\"><img decoding=\"async\" loading=\"eager\" width=\"960\" height=\"960\" src=\"https:\/\/voceatimisului.ro\/wp-content\/uploads\/2025\/03\/ADP-Ghiroda1.jpg\" alt class=\"wp-image-171491\"><\/a><\/figure>\n<\/aside>\n<aside id=\"block-17\" class=\"td_block_template_1 widget block-17 widget_block widget_media_image\">\n<figure class=\"wp-block-image size-large is-resized\"><a href=\"https:\/\/verde.events\/\" target=\"_blank\" rel=\" noreferrer noopener\"><img decoding=\"async\" loading=\"lazy\" width=\"1024\" height=\"683\" src=\"https:\/\/voceatimisului.ro\/wp-content\/uploads\/2025\/08\/Verde-Events-24-1024x683.jpg\" alt=\"Verde Events\" class=\"wp-image-174395\"><\/a><figcaption class=\"wp-element-caption\"><strong><em>O experien\u021b\u0103 unic\u0103 pentru orice tip de eveniment<\/em><\/strong><\/figcaption><\/figure>\n<\/aside>\n<\/div>\n<div class=\"td_block_wrap td_flex_block_1 tdi_107 td-pb-border-top td_block_template_1 td_ajax_preloading_preload td_flex_block\" data-td-block-uid=\"tdi_107\">\n<div id=\"tdi_107\" class=\"td_block_inner td-mc1-wrap\">\n<div class=\"td_module_flex td_module_flex_1 td_module_wrap td-animation-stack td-meta-info-hide td-cpt-post\">\n<div class=\"td-module-container td-category-pos-image\">\n<div class=\"td-module-meta-info\">\n<h3 class=\"entry-title td-module-title\"><a href=\"https:\/\/voceatimisului.ro\/pe-ultrascurte-primarul-dominic-fritz-jongleaza-cu-adevarul-mai-ceva-ca-n-bancurile-de-la-la-radio-erevan\/\" rel=\"bookmark\" title=\"Pe ultrascurte! Primarul Dominic Fritz jongleaz\u0103 cu adev\u0103rul mai ceva ca-n bancurile de la la Radio Erevan\">Pe ultrascurte! Primarul Dominic Fritz jongleaz\u0103 cu adev\u0103rul mai ceva ca-n bancurile de la la Radio Erevan<\/a><\/h3>\n<\/div>\n<\/div>\n<\/div>\n<div class=\"td_module_flex td_module_flex_1 td_module_wrap td-animation-stack td-meta-info-hide td-cpt-post\">\n<div class=\"td-module-container td-category-pos-image\">\n<div class=\"td-module-meta-info\">\n<h3 class=\"entry-title td-module-title\"><a href=\"https:\/\/voceatimisului.ro\/realitate-versus-fictiune-administratia-locala-a-primarului-dominic-fritz-da-rateuri-magistrale-cu-fiecare-ocazie-si-castiga-la-scor-de-neprezentare-doar-pe-retelele-sociale\/\" rel=\"bookmark\" title=\"Realitate versus fic\u021biune! Administra\u021bia local\u0103 a primarului Dominic Fritz d\u0103 rateuri magistrale cu fiecare ocazie \u0219i c\u00e2\u0219tig\u0103, la scor de neprezentare, doar pe re\u021belele sociale\">Realitate versus fic\u021biune! Administra\u021bia local\u0103 a primarului Dominic Fritz d\u0103 rateuri magistrale cu fiecare ocazie \u0219i c\u00e2\u0219tig\u0103, la scor de neprezentare, doar pe re\u021belele&#8230;<\/a><\/h3>\n<\/div>\n<\/div>\n<\/div>\n<div class=\"td_module_flex td_module_flex_1 td_module_wrap td-animation-stack td-meta-info-hide td-cpt-post\">\n<div class=\"td-module-container td-category-pos-image\">\n<div class=\"td-module-meta-info\">\n<h3 class=\"entry-title td-module-title\"><a href=\"https:\/\/voceatimisului.ro\/liberul-arbitru-primaria-timisoara-a-refuzat-sa-faca-plangere-penala-impotriva-antreprenorului-general-de-la-pasajul-solventul-desi-constructorul-a-pus-in-circulatie-un-document-pe-care-c-n-a-i-r-l\/\" rel=\"bookmark\" title=\"Liberul arbitru! Prim\u0103ria Timi\u0219oara a refuzat s\u0103 fac\u0103 pl\u00e2ngere penal\u0103 \u00eempotriva antreprenorului general de la Pasajul Solventul, de\u0219i constructorul a pus \u00een circula\u021bie un document pe care C.N.A.I.R l-a catalogat drept un fals\">Liberul arbitru! Prim\u0103ria Timi\u0219oara a refuzat s\u0103 fac\u0103 pl\u00e2ngere penal\u0103 \u00eempotriva antreprenorului general de la Pasajul Solventul, de\u0219i constructorul a pus \u00een circula\u021bie un&#8230;<\/a><\/h3>\n<\/div>\n<\/div>\n<\/div>\n<div class=\"td_module_flex td_module_flex_1 td_module_wrap td-animation-stack td-meta-info-hide td-cpt-post\">\n<div class=\"td-module-container td-category-pos-image\">\n<div class=\"td-module-meta-info\">\n<h3 class=\"entry-title td-module-title\"><a href=\"https:\/\/voceatimisului.ro\/iron-man-sobolanii-din-parcul-civic-au-ros-stalpii-de-otel-de-la-felinarele-plantate-sub-nasul-si-pe-semnatura-administratiei-dominic-fritz\/\" rel=\"bookmark\" title=\"Iron man! \u0218obolanii din Parcul Civic au ros st\u00e2lpii de o\u021bel de la felinarele plantate sub nasul \u0219i pe semn\u0103tura administra\u021biei Dominic Fritz\">Iron man! \u0218obolanii din Parcul Civic au ros st\u00e2lpii de o\u021bel de la felinarele plantate sub nasul \u0219i pe semn\u0103tura administra\u021biei Dominic Fritz<\/a><\/h3>\n<\/div>\n<\/div>\n<\/div>\n<div class=\"td_module_flex td_module_flex_1 td_module_wrap td-animation-stack td-meta-info-hide td-cpt-post\">\n<div class=\"td-module-container td-category-pos-image\">\n<div class=\"td-module-meta-info\">\n<h3 class=\"entry-title td-module-title\"><a href=\"https:\/\/voceatimisului.ro\/jumatati-de-adevar-in-cazul-urmaritului-penal-nicolae-robu-administratia-lui-dominic-fritz-a-scapat-de-procurorii-dna-doar-pentru-ca-a-fost-corectata-la-timp-de-catre-inspectoratul-de-stat-in-con\/\" rel=\"bookmark\" title=\"Jum\u0103t\u0103\u021bi de adev\u0103r! \u00cen cazul urm\u0103ritului penal Nicolae Robu, administra\u021bia lui Dominic Fritz a sc\u0103pat de procurorii DNA, doar pentru c\u0103 a fost corectat\u0103, la timp, de c\u0103tre Inspectoratul de Stat \u00een Construc\u021bii Timi\u0219\">Jum\u0103t\u0103\u021bi de adev\u0103r! \u00cen cazul urm\u0103ritului penal Nicolae Robu, administra\u021bia lui Dominic Fritz a sc\u0103pat de procurorii DNA, doar pentru c\u0103 a fost corectat\u0103,&#8230;<\/a><\/h3>\n<\/div>\n<\/div>\n<\/div>\n<\/div>\n<\/div>\n<\/div>\n<\/div>\n<\/div>\n<\/div>\n<\/div>\n<\/div>\n<p><span class=\"td-page-meta\"><\/span><span class=\"td-page-meta\"><span class=\"td-page-meta\"><\/span><\/span><span class=\"td-page-meta\"><\/span><\/article>\n<p> Source URL: https:\/\/voceatimisului.ro\/timisoara-creste-pe-hartie-dar-se-sufoca-in-realitate\/<\/p>\n","protected":false},"excerpt":{"rendered":"<p>Editorial\u0218tiri Timi\u0219oara cre\u0219te pe h\u00e2rtie, dar se sufoc\u0103 \u00een realitate Autor-Marta Stirbey 2 mai 2025 0 1781 Facebook Twitter Pinterest WhatsApp Linkedin Copy URL Timi\u0219oara cre\u0219te pe h\u00e2rtie, dar se sufoc\u0103 \u00een realitate Alfred Simonis: 22 de milioane de lei pentru finalizarea s\u0103lii polivalente din Timi\u0219oara. Parteneriat cu Politehnica \u0219i Prim\u0103ria Prim\u0103ria Timi\u0219oara, campioan\u0103 la [&hellip;]<\/p>\n","protected":false},"author":1,"featured_media":0,"comment_status":"open","ping_status":"","sticky":false,"template":"","format":"standard","meta":{"footnotes":""},"categories":[89],"tags":[199],"class_list":["post-1055597","post","type-post","status-publish","format-standard","hentry","category-romania","tag-voceatimisului-ro"],"_links":{"self":[{"href":"https:\/\/analyse.optim.biz\/index.php?rest_route=\/wp\/v2\/posts\/1055597","targetHints":{"allow":["GET"]}}],"collection":[{"href":"https:\/\/analyse.optim.biz\/index.php?rest_route=\/wp\/v2\/posts"}],"about":[{"href":"https:\/\/analyse.optim.biz\/index.php?rest_route=\/wp\/v2\/types\/post"}],"author":[{"embeddable":true,"href":"https:\/\/analyse.optim.biz\/index.php?rest_route=\/wp\/v2\/users\/1"}],"replies":[{"embeddable":true,"href":"https:\/\/analyse.optim.biz\/index.php?rest_route=%2Fwp%2Fv2%2Fcomments&post=1055597"}],"version-history":[{"count":0,"href":"https:\/\/analyse.optim.biz\/index.php?rest_route=\/wp\/v2\/posts\/1055597\/revisions"}],"wp:attachment":[{"href":"https:\/\/analyse.optim.biz\/index.php?rest_route=%2Fwp%2Fv2%2Fmedia&parent=1055597"}],"wp:term":[{"taxonomy":"category","embeddable":true,"href":"https:\/\/analyse.optim.biz\/index.php?rest_route=%2Fwp%2Fv2%2Fcategories&post=1055597"},{"taxonomy":"post_tag","embeddable":true,"href":"https:\/\/analyse.optim.biz\/index.php?rest_route=%2Fwp%2Fv2%2Ftags&post=1055597"}],"curies":[{"name":"wp","href":"https:\/\/api.w.org\/{rel}","templated":true}]}}