{"id":1055595,"date":"2025-05-06T04:57:11","date_gmt":"2025-05-06T01:57:11","guid":{"rendered":"https:\/\/analyse.optim.biz\/?p=1055595"},"modified":"2025-05-06T04:57:11","modified_gmt":"2025-05-06T01:57:11","slug":"ne-mananca-serpii-prin-timisoara-iar-fritz-vrea-sa-conduca-usr-dar-are-voie-legal","status":"publish","type":"post","link":"https:\/\/analyse.optim.biz\/?p=1055595","title":{"rendered":"Ne m\u0103n\u00e2nc\u0103 \u0219erpii prin Timi\u0219oara, iar Fritz vrea s\u0103 conduc\u0103 USR. Dar are voie legal?"},"content":{"rendered":"<article id=\"template-id-172790\" class=\"post-172790 tdb_templates type-tdb_templates status-publish post\">\n<div id=\"tdi_38\" class=\"tdc-zone\">\n<div class=\"tdc_zone tdi_39  wpb_row td-pb-row\">\n<div id=\"tdi_40\" class=\"tdc-row stretch_row_1400 td-stretch-content\">\n<div class=\"vc_row tdi_41  wpb_row td-pb-row tdc-element-style\">\n<div class=\"vc_column tdi_43  wpb_column vc_column_container tdc-column td-pb-span8\">\n<div class=\"wpb_wrapper\">\n<div class=\"td_block_wrap tdb_single_categories tdi_44 td-pb-border-top td_block_template_1 \" data-td-block-uid=\"tdi_44\">\n<div class=\"tdb-category td-fix-index\"><a class=\"tdb-entry-category\" href=\"https:\/\/voceatimisului.ro\/editorial\/\">Editorial<\/a><a class=\"tdb-entry-category\" href=\"https:\/\/voceatimisului.ro\/stiri-din-timisoara-si-timis\/\">\u0218tiri<\/a><\/div>\n<\/div>\n<div class=\"td_block_wrap tdb_title tdi_45 tdb-single-title td-pb-border-top td_block_template_1\" data-td-block-uid=\"tdi_45\">\n<div class=\"tdb-block-inner td-fix-index\">\n<h1 class=\"tdb-title-text\">Ne m\u0103n\u00e2nc\u0103 \u0219erpii prin Timi\u0219oara, iar Fritz vrea s\u0103 conduc\u0103 USR. Dar are voie legal?<\/h1>\n<\/div>\n<\/div>\n<div class=\"vc_row_inner tdi_48  vc_row vc_inner wpb_row td-pb-row\">\n<div class=\"vc_column_inner tdi_50  wpb_column vc_column_container tdc-inner-column td-pb-span6\">\n<div class=\"vc_column-inner\">\n<div class=\"wpb_wrapper\">\n<div class=\"td_block_wrap tdb_single_author tdi_51 td-pb-border-top td_block_template_1 tdb-post-meta\" data-td-block-uid=\"tdi_51\">\n<div class=\"tdb-block-inner td-fix-index\">\n<div class=\"tdb-author-name-wrap\"><span class=\"tdb-author-by\">Autor-<\/span><a class=\"tdb-author-name\" href=\"https:\/\/voceatimisului.ro\/author\/cataadmin\/\">Radu Constantin<\/a><\/div>\n<\/div>\n<\/div>\n<div class=\"td_block_wrap tdb_single_date tdi_52 td-pb-border-top td_block_template_1 tdb-post-meta\" data-td-block-uid=\"tdi_52\">\n<div class=\"tdb-block-inner td-fix-index\"><time class=\"entry-date updated td-module-date\" datetime=\"2025-05-06T07:57:11+03:00\">6 mai 2025<\/time><\/div>\n<\/div>\n<div class=\"td_block_wrap tdb_single_comments_count tdi_53 td-pb-border-top td_block_template_1 tdb-post-meta\" data-td-block-uid=\"tdi_53\">\n<div class=\"tdb-block-inner td-fix-index\"><a href=\"https:\/\/voceatimisului.ro\/ne-mananca-serpii-prin-timisoara-iar-fritz-vrea-sa-conduca-usr-dar-are-voie-legal\/#respond\"><span>0<\/span><\/a><\/div>\n<\/div>\n<div class=\"td_block_wrap tdb_single_post_views tdi_54 td-pb-border-top td_block_template_1 tdb-post-meta\" data-td-block-uid=\"tdi_54\">\n<div class=\"tdb-block-inner td-fix-index\"><span class=\"tdb-add-text\">1<\/span><span class=\"td-nr-views-172197\">2075<\/span><\/div>\n<\/div>\n<\/div>\n<\/div>\n<\/div>\n<div class=\"vc_column_inner tdi_56  wpb_column vc_column_container tdc-inner-column td-pb-span6\">\n<div class=\"vc_column-inner\">\n<div class=\"wpb_wrapper\">\n<div class=\"td_block_wrap tdb_single_post_share tdi_57  td-pb-border-top td_block_template_1\" data-td-block-uid=\"tdi_57\">\n<div id=\"tdi_57\" class=\"td-post-sharing tdb-block td-ps-bg td-ps-notext td-post-sharing-style1 \">\n<div class=\"td-post-sharing-visible\"><a class=\"td-social-sharing-button td-social-sharing-button-js td-social-network td-social-facebook\" href=\"https:\/\/www.facebook.com\/sharer.php?u=https%3A%2F%2Fvoceatimisului.ro%2Fne-mananca-serpii-prin-timisoara-iar-fritz-vrea-sa-conduca-usr-dar-are-voie-legal%2F\" title=\"Facebook\" rel=\"noopener\"><\/p>\n<div class=\"td-social-but-text\">Facebook<\/div>\n<p><\/a><a class=\"td-social-sharing-button td-social-sharing-button-js td-social-network td-social-twitter\" href=\"https:\/\/twitter.com\/intent\/tweet?text=Ne+m%C4%83n%C3%A2nc%C4%83+%C8%99erpii+prin+Timi%C8%99oara%2C+iar+Fritz+vrea+s%C4%83+conduc%C4%83+USR.+Dar+are+voie+legal%3F&amp;url=https%3A%2F%2Fvoceatimisului.ro%2Fne-mananca-serpii-prin-timisoara-iar-fritz-vrea-sa-conduca-usr-dar-are-voie-legal%2F&amp;via=Vocea+Timisului\" title=\"Twitter\" rel=\"noopener\"><\/p>\n<div class=\"td-social-but-text\">Twitter<\/div>\n<p><\/a><a class=\"td-social-sharing-button td-social-sharing-button-js td-social-network td-social-pinterest\" href=\"https:\/\/pinterest.com\/pin\/create\/button\/?url=https:\/\/voceatimisului.ro\/ne-mananca-serpii-prin-timisoara-iar-fritz-vrea-sa-conduca-usr-dar-are-voie-legal\/&amp;media=https:\/\/voceatimisului.ro\/wp-content\/uploads\/2025\/05\/Fritz-vrea-sa-conduca-USR.jpg&amp;description=Ne+m%C4%83n%C3%A2nc%C4%83+%C8%99erpii+prin+Timi%C8%99oara%2C+iar+Fritz+vrea+s%C4%83+conduc%C4%83+USR.+Dar+are+voie+legal%3F\" title=\"Pinterest\" rel=\"noopener\"><\/p>\n<div class=\"td-social-but-text\">Pinterest<\/div>\n<p><\/a><a class=\"td-social-sharing-button td-social-sharing-button-js td-social-network td-social-whatsapp\" href=\"https:\/\/api.whatsapp.com\/send?text=Ne+m%C4%83n%C3%A2nc%C4%83+%C8%99erpii+prin+Timi%C8%99oara%2C+iar+Fritz+vrea+s%C4%83+conduc%C4%83+USR.+Dar+are+voie+legal%3F%20%0A%0A%20https:\/\/voceatimisului.ro\/ne-mananca-serpii-prin-timisoara-iar-fritz-vrea-sa-conduca-usr-dar-are-voie-legal\/\" title=\"WhatsApp\" rel=\"noopener\"><\/p>\n<div class=\"td-social-but-text\">WhatsApp<\/div>\n<p><\/a><a class=\"td-social-sharing-button td-social-sharing-button-js td-social-network td-social-linkedin\" href=\"https:\/\/www.linkedin.com\/shareArticle?mini=true&amp;url=https:\/\/voceatimisului.ro\/ne-mananca-serpii-prin-timisoara-iar-fritz-vrea-sa-conduca-usr-dar-are-voie-legal\/&amp;title=Ne+m%C4%83n%C3%A2nc%C4%83+%C8%99erpii+prin+Timi%C8%99oara%2C+iar+Fritz+vrea+s%C4%83+conduc%C4%83+USR.+Dar+are+voie+legal%3F\" title=\"Linkedin\" rel=\"noopener\"><\/p>\n<div class=\"td-social-but-text\">Linkedin<\/div>\n<p><\/a><a class=\"td-social-sharing-button td-social-sharing-button-js td-social-network td-social-copy_url\" href=\"https:\/\/voceatimisului.ro\/ne-mananca-serpii-prin-timisoara-iar-fritz-vrea-sa-conduca-usr-dar-are-voie-legal\/\" title=\"Copy URL\" rel=\"noopener\"><\/p>\n<div class=\"td-social-but-text\">Copy URL<\/div>\n<p><\/a><\/div>\n<\/div>\n<\/div>\n<\/div>\n<\/div>\n<\/div>\n<\/div>\n<div class=\"td_block_wrap tdb_single_featured_image tdi_58 tdb-content-horiz-left td-pb-border-top td_block_template_1\" data-td-block-uid=\"tdi_58\">\n<div class=\"tdb-block-inner td-fix-index\">\n<figure><img fetchpriority=\"high\" decoding=\"async\" width=\"696\" height=\"870\" class=\"entry-thumb\" src=\"https:\/\/voceatimisului.ro\/wp-content\/uploads\/2025\/05\/Fritz-vrea-sa-conduca-USR-696x870.jpg\" alt title=\"Fritz vrea s\u0103 conduc\u0103 USR.\" loading=\"eager\"><figcaption class=\"tdb-caption-text\">Ne m\u0103n\u00e2nc\u0103 \u0219erpii prin Timi\u0219oara, iar Fritz vrea s\u0103 conduc\u0103 USR. Dar are voie legal?<\/figcaption><\/figure>\n<\/div>\n<\/div>\n<div class=\"vc_row_inner tdi_60  vc_row vc_inner wpb_row td-pb-row\">\n<div class=\"vc_column_inner tdi_62  wpb_column vc_column_container tdc-inner-column td-pb-span4 td-is-sticky\">\n<div class=\"vc_column-inner\">\n<div class=\"wpb_wrapper\" data-sticky-enabled-on=\"W3RydWUsdHJ1ZSx0cnVlLHRydWVd\" data-sticky-offset=\"20\" data-sticky-is-width-auto=\"W2ZhbHNlLGZhbHNlLGZhbHNlLGZhbHNlXQ==\">\n<div class=\"td_block_wrap td_flex_block_1 tdi_63 td-pb-border-top td_block_template_1 td_ajax_preloading_preload td_flex_block\" data-td-block-uid=\"tdi_63\">\n<div id=\"tdi_63\" class=\"td_block_inner td-mc1-wrap\">\n<div class=\"td_module_flex td_module_flex_1 td_module_wrap td-animation-stack td-meta-info-hide td-cpt-post\">\n<div class=\"td-module-container td-category-pos-image\">\n<div class=\"td-module-meta-info\">\n<h3 class=\"entry-title td-module-title\"><a href=\"https:\/\/voceatimisului.ro\/tramvaiul-nu-vine-dar-propaganda-circula-perfect\/\" rel=\"bookmark\" title=\"Tramvaiul nu vine, dar propaganda circul\u0103 perfect\">Tramvaiul nu vine, dar propaganda circul\u0103 perfect<\/a><\/h3>\n<\/div>\n<\/div>\n<\/div>\n<div class=\"td_module_flex td_module_flex_1 td_module_wrap td-animation-stack td-meta-info-hide td-cpt-post\">\n<div class=\"td-module-container td-category-pos-image\">\n<div class=\"td-module-meta-info\">\n<h3 class=\"entry-title td-module-title\"><a href=\"https:\/\/voceatimisului.ro\/transportul-public-din-timisoara-se-prabuseste-in-fiecare-zi-in-trafic-dar-in-birourile-primariei-totul-arata-perfect-si-european\/\" rel=\"bookmark\" title=\"Transportul public din Timi\u0219oara se pr\u0103bu\u0219e\u0219te \u00een fiecare zi \u00een trafic, dar \u00een birourile Prim\u0103riei totul arat\u0103 perfect \u0219i \u201ceuropean\u201d\">Transportul public din Timi\u0219oara se pr\u0103bu\u0219e\u0219te \u00een fiecare zi \u00een trafic, dar \u00een birourile Prim\u0103riei totul arat\u0103 perfect \u0219i \u201ceuropean\u201d<\/a><\/h3>\n<\/div>\n<\/div>\n<\/div>\n<div class=\"td_module_flex td_module_flex_1 td_module_wrap td-animation-stack td-meta-info-hide td-cpt-post\">\n<div class=\"td-module-container td-category-pos-image\">\n<div class=\"td-module-meta-info\">\n<h3 class=\"entry-title td-module-title\"><a href=\"https:\/\/voceatimisului.ro\/iccj-ii-strica-lui-dominic-fritz-manevra-de-blocaj-dosarul-de-conflict-de-interese-se-reia\/\" rel=\"bookmark\" title=\"\u00ceCCJ \u00eei stric\u0103 lui Dominic Fritz manevra de blocaj. Dosarul de conflict de interese se reia\">\u00ceCCJ \u00eei stric\u0103 lui Dominic Fritz manevra de blocaj. Dosarul de conflict de interese se reia<\/a><\/h3>\n<\/div>\n<\/div>\n<\/div>\n<div class=\"td_module_flex td_module_flex_1 td_module_wrap td-animation-stack td-meta-info-hide td-cpt-post\">\n<div class=\"td-module-container td-category-pos-image\">\n<div class=\"td-module-meta-info\">\n<h3 class=\"entry-title td-module-title\"><a href=\"https:\/\/voceatimisului.ro\/retim-a-plecat-din-timisoara-sub-nasul-consiliului-local\/\" rel=\"bookmark\" title=\"RETIM a plecat din Timi\u0219oara sub nasul Consiliului Local\">RETIM a plecat din Timi\u0219oara sub nasul Consiliului Local<\/a><\/h3>\n<\/div>\n<\/div>\n<\/div>\n<\/div>\n<\/div>\n<div class=\"tdb-author-box td_block_wrap tdb_single_author_box tdi_68 tdb-content-vert-top td-pb-border-top td_block_template_1\" data-td-block-uid=\"tdi_68\">\n<div class=\"tdb-block-inner td-fix-index\">\n<div class=\"tdb-author-info\"><a href=\"https:\/\/voceatimisului.ro\/author\/cataadmin\/\" class=\"tdb-author-name\">Radu Constantin<\/a><a href=\"http:\/\/www.voceatimisului.ro\" rel=\"nofollow\" class=\"tdb-author-url\">http:\/\/www.voceatimisului.ro<\/a><\/p>\n<div class=\"tdb-author-descr\">\u00centreaga responsabilitate a comentariilor l\u0103sate de dumneavoastr\u0103 v\u0103 apar\u021bine!<br \/>\nClick <a href=\"https:\/\/voceatimisului.ro\/termeni-si-conditii\/\">aici<\/a>-citeste condi\u0163iile de utilizare ale site-ului www.voceatimisului.ro<\/div>\n<\/div>\n<\/div>\n<\/div>\n<\/div>\n<\/div>\n<\/div>\n<div class=\"vc_column_inner tdi_70  wpb_column vc_column_container tdc-inner-column td-pb-span8\">\n<div class=\"vc_column-inner\">\n<div class=\"wpb_wrapper\">\n<div class=\"td_block_wrap tdb_single_content tdi_71 td-pb-border-top td_block_template_1 td-post-content tagdiv-type\" data-td-block-uid=\"tdi_71\">\n<div class=\"tdb-block-inner td-fix-index\">\n<h5 class=\"wp-block-heading\">\u00cen timp ce \u0219erpii mi\u0219un\u0103 nestingheri\u021bi prin cartierele Timi\u0219oarei, prin b\u0103l\u0103rii net\u0103iate \u0219i mormane de gunoaie l\u0103sate balt\u0103 de administra\u021bie, primarul Dominic Fritz are alte planuri. Nu se g\u00e2nde\u0219te la ora\u0219ul pe care l-a adus \u00een genunchi, ci la cum s\u0103 preia conducerea unui partid na\u021bional. F\u0103r\u0103 s\u0103 aib\u0103 cet\u0103\u021benie rom\u00e2n\u0103, f\u0103r\u0103 s\u0103 fi rezolvat vreuna dintre marile probleme locale, Fritz viseaz\u0103 acum la puterea politic\u0103 din v\u00e2rful USR-ului. Dar tot mai mul\u021bi timi\u0219oreni se \u00eentreab\u0103: are voie?<\/h5>\n<p>R\u0103spunsul e \u00een lege \u0219i e c\u00e2t se poate de clar. Conform Legii partidelor politice nr. 14\/2003, <strong><em>doar cet\u0103\u021benii rom\u00e2ni se pot asocia \u00een partide politice. <\/em><\/strong>Asta \u00eenseamn\u0103 c\u0103 numai cet\u0103\u021benii rom\u00e2ni pot fonda, conduce sau vota \u00een structurile unui partid. Nicio virgul\u0103 din lege nu las\u0103 loc de interpretare. Cu toate astea, Fritz \u2013 cet\u0103\u021bean german \u2013 a ajuns pre\u0219edinte interimar al USR, cu girul conducerii partidului \u0219i complicitatea t\u0103cut\u0103 a autorit\u0103\u021bilor care ar trebui s\u0103 vegheze la respectarea legii. \u00cen orice alt\u0103 democra\u021bie matur\u0103, o astfel de situa\u021bie ar st\u00e2rni un scandal monstru. \u00cen Rom\u00e2nia, e tratat\u0103 cu un z\u00e2mbet \u0219i o poz\u0103 bun\u0103 de pus pe Facebook.<\/p>\n<p>Mai grav este c\u0103 \u00een loc s\u0103-\u0219i asume e\u0219ecurile evidente din administra\u021bia local\u0103, Fritz s-a lansat \u00eentr-un discurs public virulent, halucinant pe alocuri, \u00een care \u00eel prezint\u0103 pe George Simion drept pericolul suprem pentru Rom\u00e2nia. A sus\u021binut, cu un aer apocaliptic, c\u0103 dac\u0103 Simion c\u00e2\u0219tig\u0103 alegerile, urmeaz\u0103 dezastrul: <strong><em>dispar locurile de munc\u0103, explodeaz\u0103 pre\u021burile, scad pensiile, se pr\u0103bu\u0219e\u0219te totul.<\/em><\/strong> O manipulare de manual, \u00een care frica e arma principal\u0103. Nicio vorb\u0103 despre spitalele pr\u0103bu\u0219ite din subordinea Prim\u0103riei. Nicio referire la Colterm, compania falimentar\u0103 care a \u00eenghe\u021bat mii de timi\u0219oreni. Niciun cuv\u00e2nt despre STPT, unde transportul public abia mai respir\u0103. Nimic despre cartierele sufocate de gunoaie, unde oamenii fac poze cu \u0219erpi \u00een iarb\u0103. Nimic despre dezastrul real. Totul despre un du\u0219man inventat, perfect pentru a distrage aten\u021bia de la propria incompeten\u021b\u0103.<\/p>\n<p>Aceasta este, de fapt, re\u021beta USR: <strong><em><a href=\"https:\/\/voceatimisului.ro\/ruinele-promisiunilor-lui-fritz-strandul-termal-si-baza-uszoda-doua-esecuri-in-inima-timisoarei\/\" target=\"_blank\" rel=\"noreferrer noopener\">promisiuni frumoase, PR agresiv, \u0219i \u00een spate \u2013 haos.<\/a><\/em><\/strong> Timi\u0219oara e exemplul perfect al unei administra\u021bii conduse de amatori cu diplome str\u0103lucitoare \u0219i zero rezultate. Tot ce-a atins USR \u00een ora\u0219 s-a transformat \u00een praf: <strong><em>spitale \u00een colaps, transport public disfunc\u021bional, datorii uria\u0219e, promisiuni neonorate. <\/em><\/strong>\u0218i, peste toate, un ora\u0219 murdar, dezorganizat \u0219i abandonat. C\u00e2nd realitatea nu poate fi ascuns\u0103, vine discursul: <strong><em>cuvinte mari, amenin\u021b\u0103ri imaginare \u0219i apeluri la fric\u0103.<\/em><\/strong><\/p>\n<p>\u00cen acest peisaj jalnic, Fritz vrea s\u0103 urce mai sus. Nu conteaz\u0103 c\u0103 nu are cet\u0103\u021benie. Nu conteaz\u0103 c\u0103 legea \u00eei interzice s\u0103 conduc\u0103 un partid. Nu conteaz\u0103 c\u0103 Timi\u0219oara geme sub greutatea dezastrului administrativ. Ce conteaz\u0103 e imaginea, poza bun\u0103, aura \u201eeuropean\u0103\u201d. USR \u2013 partidul care se pretinde ap\u0103r\u0103torul legii \u2013 accept\u0103 cu senin\u0103tate ca propriul pre\u0219edinte s\u0103 nu respecte una dintre cele mai elementare condi\u021bii legale.<\/p>\n<p>\u0218i atunci \u00eentreb\u0103m, simplu: <strong><em>cine l-a l\u0103sat pe Dominic Fritz s\u0103 candideze la prim\u0103rie \u00een 2020 f\u0103r\u0103 domiciliu real \u0219i f\u0103r\u0103 cet\u0103\u021benie? Cine \u00eel las\u0103 azi s\u0103 conduc\u0103 un partid rom\u00e2nesc, de\u0219i nu are dreptul legal? Cine r\u0103spunde pentru faptul c\u0103 un ora\u0219 \u00eentreg e \u00een paragin\u0103, \u00een timp ce primarul s\u0103u \u021bine discursuri despre \u201esalvarea Rom\u00e2niei\u201d?<\/em><\/strong><\/p>\n<p>Timi\u0219orenii s-au trezit. V\u0103d clar cum au fost min\u021bi\u021bi. \u0218i e timpul ca \u00eentreaga \u021bar\u0103 s\u0103-\u0219i pun\u0103 \u00eentreb\u0103rile care conteaz\u0103. <a href=\"https:\/\/voceatimisului.ro\/ultimatumul-rusinii-primaria-timisoara-isi-acopera-esecurile-cu-amenintari\/\" target=\"_blank\" rel=\"noreferrer noopener\">C\u00e2t mai accept\u0103m manipularea ambalat\u0103 frumos?<\/a> C\u00e2t mai st\u0103m pasivi \u00een fa\u021ba \u00eenc\u0103lc\u0103rii legii? C\u00e2t mai \u00eendur\u0103m lideri care \u0219tiu doar s\u0103 vorbeasc\u0103, dar nu s\u0103 construiasc\u0103?<\/p>\n<p>Pentru c\u0103 \u0219erpii care ne m\u0103n\u00e2nc\u0103 azi prin cartiere nu vin de la Simion. Vin din nep\u0103sarea administra\u021biei Fritz \u0219i a partidului care \u00eel sus\u021bine cu orice pre\u021b. P\u00e2n\u0103 c\u00e2nd?<\/p>\n<\/div>\n<\/div>\n<div class=\"td_block_wrap tdb_single_tags tdi_74 td-pb-border-top td_block_template_1\" data-td-block-uid=\"tdi_74\">\n<div class=\"tdb-block-inner td-fix-index\">\n<ul class=\"tdb-tags\">\n<li><span>Tags<\/span><\/li>\n<li><a href=\"https:\/\/voceatimisului.ro\/tag\/alegeri-prezidentiale\/\">alegeri prezidentiale<\/a><\/li>\n<li><a href=\"https:\/\/voceatimisului.ro\/tag\/dominic-fritz\/\">Dominic Fritz<\/a><\/li>\n<li><a href=\"https:\/\/voceatimisului.ro\/tag\/george-simion\/\">George Simion<\/a><\/li>\n<li><a href=\"https:\/\/voceatimisului.ro\/tag\/usr\/\">USR<\/a><\/li>\n<\/ul>\n<\/div>\n<\/div>\n<div class=\"td_block_wrap tdb_single_post_share tdi_75  td-pb-border-top td_block_template_1\" data-td-block-uid=\"tdi_75\">\n<div id=\"tdi_75\" class=\"td-post-sharing tdb-block td-ps-bg td-ps-notext td-post-sharing-style1 \">\n<div class=\"td-post-sharing-visible\"><a class=\"td-social-sharing-button td-social-sharing-button-js td-social-network td-social-facebook\" href=\"https:\/\/www.facebook.com\/sharer.php?u=https%3A%2F%2Fvoceatimisului.ro%2Fne-mananca-serpii-prin-timisoara-iar-fritz-vrea-sa-conduca-usr-dar-are-voie-legal%2F\" title=\"Facebook\" rel=\"noopener\"><\/p>\n<div class=\"td-social-but-text\">Facebook<\/div>\n<p><\/a><a class=\"td-social-sharing-button td-social-sharing-button-js td-social-network td-social-twitter\" href=\"https:\/\/twitter.com\/intent\/tweet?text=Ne+m%C4%83n%C3%A2nc%C4%83+%C8%99erpii+prin+Timi%C8%99oara%2C+iar+Fritz+vrea+s%C4%83+conduc%C4%83+USR.+Dar+are+voie+legal%3F&amp;url=https%3A%2F%2Fvoceatimisului.ro%2Fne-mananca-serpii-prin-timisoara-iar-fritz-vrea-sa-conduca-usr-dar-are-voie-legal%2F&amp;via=Vocea+Timisului\" title=\"Twitter\" rel=\"noopener\"><\/p>\n<div class=\"td-social-but-text\">Twitter<\/div>\n<p><\/a><a class=\"td-social-sharing-button td-social-sharing-button-js td-social-network td-social-pinterest\" href=\"https:\/\/pinterest.com\/pin\/create\/button\/?url=https:\/\/voceatimisului.ro\/ne-mananca-serpii-prin-timisoara-iar-fritz-vrea-sa-conduca-usr-dar-are-voie-legal\/&amp;media=https:\/\/voceatimisului.ro\/wp-content\/uploads\/2025\/05\/Fritz-vrea-sa-conduca-USR.jpg&amp;description=Ne+m%C4%83n%C3%A2nc%C4%83+%C8%99erpii+prin+Timi%C8%99oara%2C+iar+Fritz+vrea+s%C4%83+conduc%C4%83+USR.+Dar+are+voie+legal%3F\" title=\"Pinterest\" rel=\"noopener\"><\/p>\n<div class=\"td-social-but-text\">Pinterest<\/div>\n<p><\/a><a class=\"td-social-sharing-button td-social-sharing-button-js td-social-network td-social-whatsapp\" href=\"https:\/\/api.whatsapp.com\/send?text=Ne+m%C4%83n%C3%A2nc%C4%83+%C8%99erpii+prin+Timi%C8%99oara%2C+iar+Fritz+vrea+s%C4%83+conduc%C4%83+USR.+Dar+are+voie+legal%3F%20%0A%0A%20https:\/\/voceatimisului.ro\/ne-mananca-serpii-prin-timisoara-iar-fritz-vrea-sa-conduca-usr-dar-are-voie-legal\/\" title=\"WhatsApp\" rel=\"noopener\"><\/p>\n<div class=\"td-social-but-text\">WhatsApp<\/div>\n<p><\/a><a class=\"td-social-sharing-button td-social-sharing-button-js td-social-network td-social-linkedin\" href=\"https:\/\/www.linkedin.com\/shareArticle?mini=true&amp;url=https:\/\/voceatimisului.ro\/ne-mananca-serpii-prin-timisoara-iar-fritz-vrea-sa-conduca-usr-dar-are-voie-legal\/&amp;title=Ne+m%C4%83n%C3%A2nc%C4%83+%C8%99erpii+prin+Timi%C8%99oara%2C+iar+Fritz+vrea+s%C4%83+conduc%C4%83+USR.+Dar+are+voie+legal%3F\" title=\"Linkedin\" rel=\"noopener\"><\/p>\n<div class=\"td-social-but-text\">Linkedin<\/div>\n<p><\/a><a class=\"td-social-sharing-button td-social-sharing-button-js td-social-network td-social-copy_url\" href=\"https:\/\/voceatimisului.ro\/ne-mananca-serpii-prin-timisoara-iar-fritz-vrea-sa-conduca-usr-dar-are-voie-legal\/\" title=\"Copy URL\" rel=\"noopener\"><\/p>\n<div class=\"td-social-but-text\">Copy URL<\/div>\n<p><\/a><\/div>\n<\/div>\n<\/div>\n<div class=\"td_block_wrap tdb_single_next_prev tdi_76 td-animation-stack td-next-prev-img-on td-pb-border-top td_block_template_1\" data-td-block-uid=\"tdi_76\">\n<div class=\"tdb-block-inner td-fix-index\">\n<div class=\"tdb-next-post tdb-next-post-bg tdb-post-prev\"><span>Articolul precedent<\/span><\/p>\n<div class=\"td-module-container\">\n<div class=\"td-image-container\"><a class=\"td-image-wrap\" href=\"https:\/\/voceatimisului.ro\/val-de-sanctiuni-in-timis-peste-240-de-amenzi-si-42-de-permise-retinute-intr-un-singur-weekend\/\"><img loading=\"lazy\" decoding=\"async\" class=\"td-next-prev-image td-fix-index td-lazy-img\" title=\"Val de sanc\u021biuni \u00een Timi\u0219: Peste 240 de amenzi \u0219i 42 de permise re\u021binute \u00eentr-un singur weekend\" width=\"696\" height=\"392\" src=\"https:\/\/voceatimisului.ro\/wp-content\/uploads\/2025\/05\/Peste-240-de-amenzi-si-42-de-permise-retinute-intr-un-singur-weekend6-696x392.jpg\"><\/a><\/div>\n<div class=\"next-prev-title\"><a href=\"https:\/\/voceatimisului.ro\/val-de-sanctiuni-in-timis-peste-240-de-amenzi-si-42-de-permise-retinute-intr-un-singur-weekend\/\">Val de sanc\u021biuni \u00een Timi\u0219: Peste 240 de amenzi \u0219i 42 de permise re\u021binute \u00eentr-un singur weekend<\/a><\/div>\n<\/div>\n<\/div>\n<div class=\"tdb-next-post tdb-next-post-bg tdb-post-next\"><span>Articolul urm\u0103tor<\/span><\/p>\n<div class=\"td-module-container\">\n<div class=\"td-image-container\"><a class=\"td-image-wrap\" href=\"https:\/\/voceatimisului.ro\/regulile-nu-s-pentru-toti-un-sofer-de-dj-intra-pe-interzis-apoi-sare-la-bataie-cu-cheia-de-roti\/\"><img loading=\"lazy\" decoding=\"async\" class=\"td-next-prev-image td-fix-index td-lazy-img\" title=\"Regulile nu-s pentru to\u021bi: un \u0219ofer de DJ intr\u0103 pe interzis, apoi sare la b\u0103taie cu cheia de ro\u021bi\" width=\"696\" height=\"887\" src=\"https:\/\/voceatimisului.ro\/wp-content\/uploads\/2025\/05\/Dacia-Logan-cu-numarul-DJ-23-YLC-696x887.jpg\"><\/a><\/div>\n<div class=\"next-prev-title\"><a href=\"https:\/\/voceatimisului.ro\/regulile-nu-s-pentru-toti-un-sofer-de-dj-intra-pe-interzis-apoi-sare-la-bataie-cu-cheia-de-roti\/\">Regulile nu-s pentru to\u021bi: un \u0219ofer de DJ intr\u0103 pe interzis, apoi sare la b\u0103taie cu cheia de ro\u021bi<\/a><\/div>\n<\/div>\n<\/div>\n<\/div>\n<\/div>\n<\/div>\n<\/div>\n<\/div>\n<\/div>\n<div class=\"vc_row_inner tdi_86  vc_row vc_inner wpb_row td-pb-row\">\n<div class=\"vc_column_inner tdi_88  wpb_column vc_column_container tdc-inner-column td-pb-span4 td-is-sticky\">\n<div class=\"vc_column-inner\">\n<div class=\"wpb_wrapper\" data-sticky-enabled-on=\"W3RydWUsdHJ1ZSx0cnVlLHRydWVd\" data-sticky-offset=\"20\" data-sticky-is-width-auto=\"W2ZhbHNlLGZhbHNlLGZhbHNlLGZhbHNlXQ==\">\n<div class=\"td_block_wrap tdb_single_related tdi_89 td_with_ajax_pagination td-pb-border-top td_block_template_1 tdb-single-related-posts\" data-td-block-uid=\"tdi_89\">\n<div id=\"tdi_89\" class=\"td_block_inner tdb-block-inner td-fix-index\">\n<div class=\"tdb_module_related td_module_wrap td-animation-stack td-meta-info-hide\">\n<div class=\"td-module-container td-category-pos-image\">\n<div class=\"td-module-meta-info\">\n<h3 class=\"entry-title td-module-title\"><a href=\"https:\/\/voceatimisului.ro\/retim-si-a-mutat-sediul-in-oradea-timisoara-pierde-taxe-administratia-fritz-tace\/\" rel=\"bookmark\" title=\"RETIM \u0219i-a mutat sediul \u00een Oradea. Timi\u0219oara pierde taxe, administra\u021bia Fritz tace\">RETIM \u0219i-a mutat sediul \u00een Oradea. Timi\u0219oara pierde taxe, administra\u021bia Fritz tace<\/a><\/h3>\n<\/div>\n<\/div>\n<\/div>\n<div class=\"tdb_module_related td_module_wrap td-animation-stack td-meta-info-hide\">\n<div class=\"td-module-container td-category-pos-image\">\n<div class=\"td-module-meta-info\">\n<h3 class=\"entry-title td-module-title\"><a href=\"https:\/\/voceatimisului.ro\/fritz-ignora-legea-ministerul-muncii-confirma-incetarea-functiei-lui-pokker-in-ziua-pensionarii\/\" rel=\"bookmark\" title=\"Fritz ignor\u0103 legea. Ministerul Muncii confirm\u0103 \u00eencetarea func\u021biei lui Pokker \u00een ziua pension\u0103rii\">Fritz ignor\u0103 legea. Ministerul Muncii confirm\u0103 \u00eencetarea func\u021biei lui Pokker \u00een ziua pension\u0103rii<\/a><\/h3>\n<\/div>\n<\/div>\n<\/div>\n<div class=\"tdb_module_related td_module_wrap td-animation-stack td-meta-info-hide\">\n<div class=\"td-module-container td-category-pos-image\">\n<div class=\"td-module-meta-info\">\n<h3 class=\"entry-title td-module-title\"><a href=\"https:\/\/voceatimisului.ro\/licitatia-de-e-ticketing-a-primariei-timisoara-trimisa-la-rescris-de-cnsc-documentatie-profund-viciata-si-semne-de-intrebare-privind-expertiza-din-spatele-proiectului\/\" rel=\"bookmark\" title=\"Licita\u021bia de e-ticketing a Prim\u0103riei Timi\u0219oara, trimis\u0103 la rescris de CNSC. Documenta\u021bie \u201eprofund viciat\u0103\u201d \u0219i semne de \u00eentrebare privind expertiza din spatele proiectului\">Licita\u021bia de e-ticketing a Prim\u0103riei Timi\u0219oara, trimis\u0103 la rescris de CNSC. Documenta\u021bie \u201eprofund viciat\u0103\u201d \u0219i semne de \u00eentrebare privind expertiza din spatele proiectului<\/a><\/h3>\n<\/div>\n<\/div>\n<\/div>\n<\/div>\n<\/div>\n<\/div>\n<\/div>\n<\/div>\n<div class=\"vc_column_inner tdi_91  wpb_column vc_column_container tdc-inner-column td-pb-span8\">\n<div class=\"vc_column-inner\">\n<div class=\"wpb_wrapper\">\n<div class=\"td_block_wrap tdb_single_comments tdi_92 tdb-comm-layout2 td-pb-border-top td_block_template_2\" data-td-block-uid=\"tdi_92\">\n<div class=\"tdb-block-inner td-fix-index\">\n<div class=\"comments\" id=\"comments\">\n<div id=\"respond\" class=\"comment-respond\">\n<h3 id=\"reply-title\" class=\"comment-reply-title\">L\u0102SA\u021aI UN MESAJ <small><a rel=\"nofollow\" id=\"cancel-comment-reply-link\" href=\"https:\/\/voceatimisului.ro\/ne-mananca-serpii-prin-timisoara-iar-fritz-vrea-sa-conduca-usr-dar-are-voie-legal\/#respond\">Renun\u021ba\u021bi la r\u0103spuns<\/a><\/small><\/h3>\n<div class=\"comment-form-input-wrap td-form-comment\">\n<div class=\"td-warning-comment\">V\u0103 rug\u0103m s\u0103 introduce\u021bi comentariul dvs.!<\/div>\n<\/div>\n<div class=\"comment-form-input-wrap td-form-author\">\n<div class=\"td-warning-author\">Introduce\u021bi aici numele dvs.<\/div>\n<\/div>\n<div class=\"comment-form-input-wrap td-form-email\">\n<div class=\"td-warning-email-error\">A\u021bi introdus o adres\u0103 de e-mail incorect\u0103!<\/div>\n<div class=\"td-warning-email\">V\u0103 rug\u0103m s\u0103 introduce\u021bi adresa dvs. de e-mail aici<\/div>\n<\/div>\n<\/div>\n<\/div>\n<\/div>\n<\/div>\n<\/div>\n<\/div>\n<\/div>\n<\/div>\n<\/div>\n<\/div>\n<div class=\"vc_column tdi_94  wpb_column vc_column_container tdc-column td-pb-span4 td-is-sticky\">\n<div class=\"wpb_wrapper\" data-sticky-enabled-on=\"W3RydWUsdHJ1ZSx0cnVlLHRydWVd\" data-sticky-offset=\"20\" data-sticky-is-width-auto=\"W2ZhbHNlLGZhbHNlLGZhbHNlLGZhbHNlXQ==\">\n<div class=\"vc_row_inner tdi_96  vc_row vc_inner wpb_row td-pb-row\">\n<div class=\"vc_column_inner tdi_98  wpb_column vc_column_container tdc-inner-column td-pb-span12\">\n<div class=\"vc_column-inner\">\n<div class=\"wpb_wrapper\">\n<div class=\"td_block_wrap td_block_title tdi_99 td-pb-border-top td_block_template_11 td-fix-index\" data-td-block-uid=\"tdi_99\">\n<div class=\"td-block-title-wrap\">\n<h4 class=\"td-block-title\"><span class=\"td-pulldown-size\">ANUN\u021aURI \u0218I PUBLICITATE<\/span><\/h4>\n<\/div>\n<\/div>\n<\/div>\n<\/div>\n<\/div>\n<\/div>\n<div class=\"wpb_wrapper td_block_wrap vc_widget_sidebar tdi_101 \">\n<aside id=\"block-10\" class=\"td_block_template_1 widget block-10 widget_block widget_media_image\">\n<figure class=\"wp-block-image size-full\"><a href=\"https:\/\/adpghiroda.ro\/index.html\" target=\"_blank\" rel=\" noreferrer noopener\"><img decoding=\"async\" loading=\"eager\" width=\"960\" height=\"960\" src=\"https:\/\/voceatimisului.ro\/wp-content\/uploads\/2025\/03\/ADP-Ghiroda2.jpg\" alt class=\"wp-image-171492\"><\/a><\/figure>\n<\/aside>\n<aside id=\"block-11\" class=\"td_block_template_1 widget block-11 widget_block widget_media_image\">\n<figure class=\"wp-block-image size-full\"><a href=\"https:\/\/adpghiroda.ro\/index.html\" target=\"_blank\" rel=\" noreferrer noopener\"><img decoding=\"async\" loading=\"eager\" width=\"960\" height=\"960\" src=\"https:\/\/voceatimisului.ro\/wp-content\/uploads\/2025\/03\/ADP-Ghiroda1.jpg\" alt class=\"wp-image-171491\"><\/a><\/figure>\n<\/aside>\n<aside id=\"block-17\" class=\"td_block_template_1 widget block-17 widget_block widget_media_image\">\n<figure class=\"wp-block-image size-large is-resized\"><a href=\"https:\/\/verde.events\/\" target=\"_blank\" rel=\" noreferrer noopener\"><img decoding=\"async\" loading=\"lazy\" width=\"1024\" height=\"683\" src=\"https:\/\/voceatimisului.ro\/wp-content\/uploads\/2025\/08\/Verde-Events-24-1024x683.jpg\" alt=\"Verde Events\" class=\"wp-image-174395\"><\/a><figcaption class=\"wp-element-caption\"><strong><em>O experien\u021b\u0103 unic\u0103 pentru orice tip de eveniment<\/em><\/strong><\/figcaption><\/figure>\n<\/aside>\n<\/div>\n<div class=\"td_block_wrap td_flex_block_1 tdi_107 td-pb-border-top td_block_template_1 td_ajax_preloading_preload td_flex_block\" data-td-block-uid=\"tdi_107\">\n<div id=\"tdi_107\" class=\"td_block_inner td-mc1-wrap\">\n<div class=\"td_module_flex td_module_flex_1 td_module_wrap td-animation-stack td-meta-info-hide td-cpt-post\">\n<div class=\"td-module-container td-category-pos-image\">\n<div class=\"td-module-meta-info\">\n<h3 class=\"entry-title td-module-title\"><a href=\"https:\/\/voceatimisului.ro\/dominic-fritz-si-pensionarii-de-lux-ai-legalitatii\/\" rel=\"bookmark\" title=\"Dominic Fritz \u0219i pensionarii de lux ai legalit\u0103\u021bii\">Dominic Fritz \u0219i pensionarii de lux ai legalit\u0103\u021bii<\/a><\/h3>\n<\/div>\n<\/div>\n<\/div>\n<div class=\"td_module_flex td_module_flex_1 td_module_wrap td-animation-stack td-meta-info-hide td-cpt-post\">\n<div class=\"td-module-container td-category-pos-image\">\n<div class=\"td-module-meta-info\">\n<h3 class=\"entry-title td-module-title\"><a href=\"https:\/\/voceatimisului.ro\/demolari-fara-drept-si-functionari-executati-administratia-fritz-tot-mai-aproape-de-comunismul-birocratic\/\" rel=\"bookmark\" title=\"Demol\u0103ri f\u0103r\u0103 drept \u0219i func\u021bionari executa\u021bi: administra\u021bia Fritz, tot mai aproape de comunismul birocratic\">Demol\u0103ri f\u0103r\u0103 drept \u0219i func\u021bionari executa\u021bi: administra\u021bia Fritz, tot mai aproape de comunismul birocratic<\/a><\/h3>\n<\/div>\n<\/div>\n<\/div>\n<div class=\"td_module_flex td_module_flex_1 td_module_wrap td-animation-stack td-meta-info-hide td-cpt-post\">\n<div class=\"td-module-container td-category-pos-image\">\n<div class=\"td-module-meta-info\">\n<h3 class=\"entry-title td-module-title\"><a href=\"https:\/\/voceatimisului.ro\/buldozerul-administratiei-fritz-loveste-din-nou-viceprimarul-romocean-i-a-executat-administrativ-pe-cei-doi-functionari-care-au-refuzat-sa-mai-participe-la-demolarile-abuzive\/\" rel=\"bookmark\" title=\"Buldozerul administra\u021biei Fritz love\u0219te din nou. Viceprimarul Romocean i-a executat administrativ pe cei doi func\u021bionari care au refuzat s\u0103 mai participe la demol\u0103rile abuzive\">Buldozerul administra\u021biei Fritz love\u0219te din nou. Viceprimarul Romocean i-a executat administrativ pe cei doi func\u021bionari care au refuzat s\u0103 mai participe la demol\u0103rile abuzive<\/a><\/h3>\n<\/div>\n<\/div>\n<\/div>\n<div class=\"td_module_flex td_module_flex_1 td_module_wrap td-animation-stack td-meta-info-hide td-cpt-post\">\n<div class=\"td-module-container td-category-pos-image\">\n<div class=\"td-module-meta-info\">\n<h3 class=\"entry-title td-module-title\"><a href=\"https:\/\/voceatimisului.ro\/buldozerul-intai-legea-dupa-primaria-timisoara-isi-verifica-singura-demolarea-de-la-dinar\/\" rel=\"bookmark\" title=\"Buldozerul \u00eent\u00e2i, legea dup\u0103. Prim\u0103ria Timi\u0219oara \u00ee\u0219i verific\u0103 singur\u0103 demolarea de la Dinar\">Buldozerul \u00eent\u00e2i, legea dup\u0103. Prim\u0103ria Timi\u0219oara \u00ee\u0219i verific\u0103 singur\u0103 demolarea de la Dinar<\/a><\/h3>\n<\/div>\n<\/div>\n<\/div>\n<div class=\"td_module_flex td_module_flex_1 td_module_wrap td-animation-stack td-meta-info-hide td-cpt-post\">\n<div class=\"td-module-container td-category-pos-image\">\n<div class=\"td-module-meta-info\">\n<h3 class=\"entry-title td-module-title\"><a href=\"https:\/\/voceatimisului.ro\/buldozerul-lui-fritz-mai-presus-de-lege\/\" rel=\"bookmark\" title=\"Buldozerul lui Fritz, mai presus de lege\">Buldozerul lui Fritz, mai presus de lege<\/a><\/h3>\n<\/div>\n<\/div>\n<\/div>\n<\/div>\n<\/div>\n<\/div>\n<\/div>\n<\/div>\n<\/div>\n<\/div>\n<\/div>\n<p><span class=\"td-page-meta\"><\/span><span class=\"td-page-meta\"><span class=\"td-page-meta\"><\/span><\/span><span class=\"td-page-meta\"><\/span><\/article>\n<p> Source URL: https:\/\/voceatimisului.ro\/ne-mananca-serpii-prin-timisoara-iar-fritz-vrea-sa-conduca-usr-dar-are-voie-legal\/<\/p>\n","protected":false},"excerpt":{"rendered":"<p>Editorial\u0218tiri Ne m\u0103n\u00e2nc\u0103 \u0219erpii prin Timi\u0219oara, iar Fritz vrea s\u0103 conduc\u0103 USR. Dar are voie legal? Autor-Radu Constantin 6 mai 2025 0 12075 Facebook Twitter Pinterest WhatsApp Linkedin Copy URL Ne m\u0103n\u00e2nc\u0103 \u0219erpii prin Timi\u0219oara, iar Fritz vrea s\u0103 conduc\u0103 USR. Dar are voie legal? Tramvaiul nu vine, dar propaganda circul\u0103 perfect Transportul public din [&hellip;]<\/p>\n","protected":false},"author":1,"featured_media":0,"comment_status":"open","ping_status":"","sticky":false,"template":"","format":"standard","meta":{"footnotes":""},"categories":[89],"tags":[199],"class_list":["post-1055595","post","type-post","status-publish","format-standard","hentry","category-romania","tag-voceatimisului-ro"],"_links":{"self":[{"href":"https:\/\/analyse.optim.biz\/index.php?rest_route=\/wp\/v2\/posts\/1055595","targetHints":{"allow":["GET"]}}],"collection":[{"href":"https:\/\/analyse.optim.biz\/index.php?rest_route=\/wp\/v2\/posts"}],"about":[{"href":"https:\/\/analyse.optim.biz\/index.php?rest_route=\/wp\/v2\/types\/post"}],"author":[{"embeddable":true,"href":"https:\/\/analyse.optim.biz\/index.php?rest_route=\/wp\/v2\/users\/1"}],"replies":[{"embeddable":true,"href":"https:\/\/analyse.optim.biz\/index.php?rest_route=%2Fwp%2Fv2%2Fcomments&post=1055595"}],"version-history":[{"count":0,"href":"https:\/\/analyse.optim.biz\/index.php?rest_route=\/wp\/v2\/posts\/1055595\/revisions"}],"wp:attachment":[{"href":"https:\/\/analyse.optim.biz\/index.php?rest_route=%2Fwp%2Fv2%2Fmedia&parent=1055595"}],"wp:term":[{"taxonomy":"category","embeddable":true,"href":"https:\/\/analyse.optim.biz\/index.php?rest_route=%2Fwp%2Fv2%2Fcategories&post=1055595"},{"taxonomy":"post_tag","embeddable":true,"href":"https:\/\/analyse.optim.biz\/index.php?rest_route=%2Fwp%2Fv2%2Ftags&post=1055595"}],"curies":[{"name":"wp","href":"https:\/\/api.w.org\/{rel}","templated":true}]}}