{"id":1055591,"date":"2025-05-16T10:37:46","date_gmt":"2025-05-16T07:37:46","guid":{"rendered":"https:\/\/analyse.optim.biz\/?p=1055591"},"modified":"2025-05-16T10:37:46","modified_gmt":"2025-05-16T07:37:46","slug":"fritz-din-nou-in-poza-la-proiectul-altora-a-refuzat-tramvaiele-alb-violet-dar-vrea-sa-se-asocieze-cu-poli","status":"publish","type":"post","link":"https:\/\/analyse.optim.biz\/?p=1055591","title":{"rendered":"Fritz, din nou \u00een poz\u0103 la proiectul altora. A refuzat tramvaiele alb-violet, dar vrea s\u0103 se asocieze cu Poli"},"content":{"rendered":"<article id=\"template-id-172790\" class=\"post-172790 tdb_templates type-tdb_templates status-publish post\">\n<div id=\"tdi_38\" class=\"tdc-zone\">\n<div class=\"tdc_zone tdi_39  wpb_row td-pb-row\">\n<div id=\"tdi_40\" class=\"tdc-row stretch_row_1400 td-stretch-content\">\n<div class=\"vc_row tdi_41  wpb_row td-pb-row tdc-element-style\">\n<div class=\"vc_column tdi_43  wpb_column vc_column_container tdc-column td-pb-span8\">\n<div class=\"wpb_wrapper\">\n<div class=\"td_block_wrap tdb_single_categories tdi_44 td-pb-border-top td_block_template_1 \" data-td-block-uid=\"tdi_44\">\n<div class=\"tdb-category td-fix-index\"><a class=\"tdb-entry-category\" href=\"https:\/\/voceatimisului.ro\/editorial\/\">Editorial<\/a><a class=\"tdb-entry-category\" href=\"https:\/\/voceatimisului.ro\/stiri-din-timisoara-si-timis\/\">\u0218tiri<\/a><\/div>\n<\/div>\n<div class=\"td_block_wrap tdb_title tdi_45 tdb-single-title td-pb-border-top td_block_template_1\" data-td-block-uid=\"tdi_45\">\n<div class=\"tdb-block-inner td-fix-index\">\n<h1 class=\"tdb-title-text\">Fritz, din nou \u00een poz\u0103 la proiectul altora. A refuzat tramvaiele alb-violet, dar vrea s\u0103 se asocieze cu Poli<\/h1>\n<\/div>\n<\/div>\n<div class=\"vc_row_inner tdi_48  vc_row vc_inner wpb_row td-pb-row\">\n<div class=\"vc_column_inner tdi_50  wpb_column vc_column_container tdc-inner-column td-pb-span6\">\n<div class=\"vc_column-inner\">\n<div class=\"wpb_wrapper\">\n<div class=\"td_block_wrap tdb_single_author tdi_51 td-pb-border-top td_block_template_1 tdb-post-meta\" data-td-block-uid=\"tdi_51\">\n<div class=\"tdb-block-inner td-fix-index\">\n<div class=\"tdb-author-name-wrap\"><span class=\"tdb-author-by\">Autor-<\/span><a class=\"tdb-author-name\" href=\"https:\/\/voceatimisului.ro\/author\/cataadmin\/\">Radu Constantin<\/a><\/div>\n<\/div>\n<\/div>\n<div class=\"td_block_wrap tdb_single_date tdi_52 td-pb-border-top td_block_template_1 tdb-post-meta\" data-td-block-uid=\"tdi_52\">\n<div class=\"tdb-block-inner td-fix-index\"><time class=\"entry-date updated td-module-date\" datetime=\"2025-05-16T13:37:46+03:00\">16 mai 2025<\/time><\/div>\n<\/div>\n<div class=\"td_block_wrap tdb_single_comments_count tdi_53 td-pb-border-top td_block_template_1 tdb-post-meta\" data-td-block-uid=\"tdi_53\">\n<div class=\"tdb-block-inner td-fix-index\"><a href=\"https:\/\/voceatimisului.ro\/fritz-din-nou-in-poza-la-proiectul-altora-a-refuzat-tramvaiele-alb-violet-dar-vrea-sa-se-asocieze-cu-poli\/#respond\"><span>0<\/span><\/a><\/div>\n<\/div>\n<div class=\"td_block_wrap tdb_single_post_views tdi_54 td-pb-border-top td_block_template_1 tdb-post-meta\" data-td-block-uid=\"tdi_54\">\n<div class=\"tdb-block-inner td-fix-index\"><span class=\"tdb-add-text\">1<\/span><span class=\"td-nr-views-172282\">695<\/span><\/div>\n<\/div>\n<\/div>\n<\/div>\n<\/div>\n<div class=\"vc_column_inner tdi_56  wpb_column vc_column_container tdc-inner-column td-pb-span6\">\n<div class=\"vc_column-inner\">\n<div class=\"wpb_wrapper\">\n<div class=\"td_block_wrap tdb_single_post_share tdi_57  td-pb-border-top td_block_template_1\" data-td-block-uid=\"tdi_57\">\n<div id=\"tdi_57\" class=\"td-post-sharing tdb-block td-ps-bg td-ps-notext td-post-sharing-style1 \">\n<div class=\"td-post-sharing-visible\"><a class=\"td-social-sharing-button td-social-sharing-button-js td-social-network td-social-facebook\" href=\"https:\/\/www.facebook.com\/sharer.php?u=https%3A%2F%2Fvoceatimisului.ro%2Ffritz-din-nou-in-poza-la-proiectul-altora-a-refuzat-tramvaiele-alb-violet-dar-vrea-sa-se-asocieze-cu-poli%2F\" title=\"Facebook\" rel=\"noopener\"><\/p>\n<div class=\"td-social-but-text\">Facebook<\/div>\n<p><\/a><a class=\"td-social-sharing-button td-social-sharing-button-js td-social-network td-social-twitter\" href=\"https:\/\/twitter.com\/intent\/tweet?text=Fritz%2C+din+nou+%C3%AEn+poz%C4%83+la+proiectul+altora.+A+refuzat+tramvaiele+alb-violet%2C+dar+vrea+s%C4%83+se+asocieze+cu+Poli&amp;url=https%3A%2F%2Fvoceatimisului.ro%2Ffritz-din-nou-in-poza-la-proiectul-altora-a-refuzat-tramvaiele-alb-violet-dar-vrea-sa-se-asocieze-cu-poli%2F&amp;via=Vocea+Timisului\" title=\"Twitter\" rel=\"noopener\"><\/p>\n<div class=\"td-social-but-text\">Twitter<\/div>\n<p><\/a><a class=\"td-social-sharing-button td-social-sharing-button-js td-social-network td-social-pinterest\" href=\"https:\/\/pinterest.com\/pin\/create\/button\/?url=https:\/\/voceatimisului.ro\/fritz-din-nou-in-poza-la-proiectul-altora-a-refuzat-tramvaiele-alb-violet-dar-vrea-sa-se-asocieze-cu-poli\/&amp;media=https:\/\/voceatimisului.ro\/wp-content\/uploads\/2025\/05\/Fritz-din-nou-in-poza-la-proiectul-altora.jpg&amp;description=Fritz%2C+din+nou+%C3%AEn+poz%C4%83+la+proiectul+altora.+A+refuzat+tramvaiele+alb-violet%2C+dar+vrea+s%C4%83+se+asocieze+cu+Poli\" title=\"Pinterest\" rel=\"noopener\"><\/p>\n<div class=\"td-social-but-text\">Pinterest<\/div>\n<p><\/a><a class=\"td-social-sharing-button td-social-sharing-button-js td-social-network td-social-whatsapp\" href=\"https:\/\/api.whatsapp.com\/send?text=Fritz%2C+din+nou+%C3%AEn+poz%C4%83+la+proiectul+altora.+A+refuzat+tramvaiele+alb-violet%2C+dar+vrea+s%C4%83+se+asocieze+cu+Poli%20%0A%0A%20https:\/\/voceatimisului.ro\/fritz-din-nou-in-poza-la-proiectul-altora-a-refuzat-tramvaiele-alb-violet-dar-vrea-sa-se-asocieze-cu-poli\/\" title=\"WhatsApp\" rel=\"noopener\"><\/p>\n<div class=\"td-social-but-text\">WhatsApp<\/div>\n<p><\/a><a class=\"td-social-sharing-button td-social-sharing-button-js td-social-network td-social-linkedin\" href=\"https:\/\/www.linkedin.com\/shareArticle?mini=true&amp;url=https:\/\/voceatimisului.ro\/fritz-din-nou-in-poza-la-proiectul-altora-a-refuzat-tramvaiele-alb-violet-dar-vrea-sa-se-asocieze-cu-poli\/&amp;title=Fritz%2C+din+nou+%C3%AEn+poz%C4%83+la+proiectul+altora.+A+refuzat+tramvaiele+alb-violet%2C+dar+vrea+s%C4%83+se+asocieze+cu+Poli\" title=\"Linkedin\" rel=\"noopener\"><\/p>\n<div class=\"td-social-but-text\">Linkedin<\/div>\n<p><\/a><a class=\"td-social-sharing-button td-social-sharing-button-js td-social-network td-social-copy_url\" href=\"https:\/\/voceatimisului.ro\/fritz-din-nou-in-poza-la-proiectul-altora-a-refuzat-tramvaiele-alb-violet-dar-vrea-sa-se-asocieze-cu-poli\/\" title=\"Copy URL\" rel=\"noopener\"><\/p>\n<div class=\"td-social-but-text\">Copy URL<\/div>\n<p><\/a><\/div>\n<\/div>\n<\/div>\n<\/div>\n<\/div>\n<\/div>\n<\/div>\n<div class=\"td_block_wrap tdb_single_featured_image tdi_58 tdb-content-horiz-left td-pb-border-top td_block_template_1\" data-td-block-uid=\"tdi_58\">\n<div class=\"tdb-block-inner td-fix-index\">\n<figure><img fetchpriority=\"high\" decoding=\"async\" width=\"696\" height=\"464\" class=\"entry-thumb\" src=\"https:\/\/voceatimisului.ro\/wp-content\/uploads\/2025\/05\/Fritz-din-nou-in-poza-la-proiectul-altora-696x464.jpg\" alt title=\"Fritz, din nou \u00een poz\u0103 la proiectul altora\" loading=\"eager\"><figcaption class=\"tdb-caption-text\">Fritz, din nou \u00een poz\u0103 la proiectul altora. A refuzat tramvaiele alb-violet, dar vrea s\u0103 se asocieze cu Poli<\/figcaption><\/figure>\n<\/div>\n<\/div>\n<div class=\"vc_row_inner tdi_60  vc_row vc_inner wpb_row td-pb-row\">\n<div class=\"vc_column_inner tdi_62  wpb_column vc_column_container tdc-inner-column td-pb-span4 td-is-sticky\">\n<div class=\"vc_column-inner\">\n<div class=\"wpb_wrapper\" data-sticky-enabled-on=\"W3RydWUsdHJ1ZSx0cnVlLHRydWVd\" data-sticky-offset=\"20\" data-sticky-is-width-auto=\"W2ZhbHNlLGZhbHNlLGZhbHNlLGZhbHNlXQ==\">\n<div class=\"td_block_wrap td_flex_block_1 tdi_63 td-pb-border-top td_block_template_1 td_ajax_preloading_preload td_flex_block\" data-td-block-uid=\"tdi_63\">\n<div id=\"tdi_63\" class=\"td_block_inner td-mc1-wrap\">\n<div class=\"td_module_flex td_module_flex_1 td_module_wrap td-animation-stack td-meta-info-hide td-cpt-post\">\n<div class=\"td-module-container td-category-pos-image\">\n<div class=\"td-module-meta-info\">\n<h3 class=\"entry-title td-module-title\"><a href=\"https:\/\/voceatimisului.ro\/banatul-trece-de-prima-etapa-in-cursa-pentru-titlul-de-regiune-gastronomica-europeana-2028\/\" rel=\"bookmark\" title=\"Banatul trece de prima etap\u0103 \u00een cursa pentru titlul de Regiune Gastronomic\u0103 European\u0103 2028\">Banatul trece de prima etap\u0103 \u00een cursa pentru titlul de Regiune Gastronomic\u0103 European\u0103 2028<\/a><\/h3>\n<\/div>\n<\/div>\n<\/div>\n<div class=\"td_module_flex td_module_flex_1 td_module_wrap td-animation-stack td-meta-info-hide td-cpt-post\">\n<div class=\"td-module-container td-category-pos-image\">\n<div class=\"td-module-meta-info\">\n<h3 class=\"entry-title td-module-title\"><a href=\"https:\/\/voceatimisului.ro\/investitii-de-500-de-milioane-de-euro-in-sanatate-prezentate-in-timpul-vizitei-ministrului-sanatatii-la-timisoara\/\" rel=\"bookmark\" title=\"Investi\u021bii de 500 de milioane de euro \u00een s\u0103n\u0103tate, prezentate \u00een timpul vizitei ministrului S\u0103n\u0103t\u0103\u021bii la Timi\u0219oara\">Investi\u021bii de 500 de milioane de euro \u00een s\u0103n\u0103tate, prezentate \u00een timpul vizitei ministrului S\u0103n\u0103t\u0103\u021bii la Timi\u0219oara<\/a><\/h3>\n<\/div>\n<\/div>\n<\/div>\n<div class=\"td_module_flex td_module_flex_1 td_module_wrap td-animation-stack td-meta-info-hide td-cpt-post\">\n<div class=\"td-module-container td-category-pos-image\">\n<div class=\"td-module-meta-info\">\n<h3 class=\"entry-title td-module-title\"><a href=\"https:\/\/voceatimisului.ro\/oferta-culturala-a-consiliului-judetean-timis-in-perioada-8-14-decembrie\/\" rel=\"bookmark\" title=\"Oferta cultural\u0103 a Consiliului Jude\u021bean Timi\u0219 \u00een perioada 8-14 decembrie\">Oferta cultural\u0103 a Consiliului Jude\u021bean Timi\u0219 \u00een perioada 8-14 decembrie<\/a><\/h3>\n<\/div>\n<\/div>\n<\/div>\n<div class=\"td_module_flex td_module_flex_1 td_module_wrap td-animation-stack td-meta-info-hide td-cpt-post\">\n<div class=\"td-module-container td-category-pos-image\">\n<div class=\"td-module-meta-info\">\n<h3 class=\"entry-title td-module-title\"><a href=\"https:\/\/voceatimisului.ro\/tramvaiul-nu-vine-dar-propaganda-circula-perfect\/\" rel=\"bookmark\" title=\"Tramvaiul nu vine, dar propaganda circul\u0103 perfect\">Tramvaiul nu vine, dar propaganda circul\u0103 perfect<\/a><\/h3>\n<\/div>\n<\/div>\n<\/div>\n<\/div>\n<\/div>\n<div class=\"tdb-author-box td_block_wrap tdb_single_author_box tdi_68 tdb-content-vert-top td-pb-border-top td_block_template_1\" data-td-block-uid=\"tdi_68\">\n<div class=\"tdb-block-inner td-fix-index\">\n<div class=\"tdb-author-info\"><a href=\"https:\/\/voceatimisului.ro\/author\/cataadmin\/\" class=\"tdb-author-name\">Radu Constantin<\/a><a href=\"http:\/\/www.voceatimisului.ro\" rel=\"nofollow\" class=\"tdb-author-url\">http:\/\/www.voceatimisului.ro<\/a><\/p>\n<div class=\"tdb-author-descr\">\u00centreaga responsabilitate a comentariilor l\u0103sate de dumneavoastr\u0103 v\u0103 apar\u021bine!<br \/>\nClick <a href=\"https:\/\/voceatimisului.ro\/termeni-si-conditii\/\">aici<\/a>-citeste condi\u0163iile de utilizare ale site-ului www.voceatimisului.ro<\/div>\n<\/div>\n<\/div>\n<\/div>\n<\/div>\n<\/div>\n<\/div>\n<div class=\"vc_column_inner tdi_70  wpb_column vc_column_container tdc-inner-column td-pb-span8\">\n<div class=\"vc_column-inner\">\n<div class=\"wpb_wrapper\">\n<div class=\"td_block_wrap tdb_single_content tdi_71 td-pb-border-top td_block_template_1 td-post-content tagdiv-type\" data-td-block-uid=\"tdi_71\">\n<div class=\"tdb-block-inner td-fix-index\">\n<h5 class=\"wp-block-heading\">Ast\u0103zi, la Consiliul Jude\u021bean Timi\u0219, Dominic Fritz a ap\u0103rut \u00eentr-o conferin\u021b\u0103 de pres\u0103 al\u0103turi de Alfred Simonis \u0219i rectorul Universit\u0103\u021bii Politehnica pentru a anun\u021ba c\u0103 Prim\u0103ria Timi\u0219oara va sprijini financiar echipa de fotbal Poli Timi\u0219oara. De\u0219i anun\u021bul pare o dovad\u0103 de unitate administrativ\u0103 \u00een sprijinul sportului local, adev\u0103rul este c\u0103 aceast\u0103 implicare a Prim\u0103riei vine t\u00e2rziu \u0219i pe fondul presiunii publice, nu ca rezultat al unei viziuni sau al unei voin\u021be reale.<\/h5>\n<p>Cei care mai au memorie \u00ee\u0219i amintesc c\u0103 acela\u0219i Dominic Fritz a refuzat ca noile tramvaie achizi\u021bionate de municipalitate s\u0103 fie vopsite \u00een culorile alb-violet, culori istorice ale Timi\u0219oarei, propunere lansat\u0103 de fostul primar Nicolae Robu. Nu a fost un refuz tehnic sau logistic, ci un refuz profund politic, motivat de o dorin\u021b\u0103 de a \u0219terge orice urm\u0103 a administra\u021biei precedente, indiferent de semnifica\u021bia simbolic\u0103 pentru comunitate. A fost o decizie de orgoliu, nu de responsabilitate.<\/p>\n<p>Acum, c\u00e2nd Consiliul Jude\u021bean Timi\u0219 \u2013 prin Alfred Simonis \u2013 vine cu o ini\u021biativ\u0103 concret\u0103 \u0219i serioas\u0103 de a reconstrui echipa Poli, prin preluarea drepturilor federative ale actualei echipe din Liga a III-a \u0219i prin asigurarea unui buget sus\u021binut de trei institu\u021bii, Dominic Fritz apare \u00een fa\u021ba camerelor de luat vederi ca \u0219i cum ar fi fost un sus\u021bin\u0103tor constant al acestui proiect.<\/p>\n<p>Nu a fost. Timp de trei ani, Prim\u0103ria a stat deoparte. A ignorat semnalele din societatea civil\u0103 \u0219i din mediul sportiv. A tratat cu indiferen\u021b\u0103 identitatea fotbalistic\u0103 a ora\u0219ului. Iar ast\u0103zi, c\u00e2nd munca altora \u00eencepe s\u0103 dea roade, apare la bra\u021b cu ace\u0219tia pentru a capitaliza politic.<\/p>\n<p>Este un model de comportament devenit recurent: Dominic Fritz evit\u0103 deciziile curajoase, dar nu lipse\u0219te niciodat\u0103 din cadru c\u00e2nd vine vorba de beneficii de imagine. Nu sprijin\u0103 ini\u021biativele, dar nici nu ezit\u0103 s\u0103 le revendice c\u00e2nd acestea cap\u0103t\u0103 contur. Este imaginea unui primar preocupat mai degrab\u0103 de aparen\u021be dec\u00e2t de construc\u021bie pe termen lung.<\/p>\n<p>Timi\u0219oara merit\u0103 mai mult dec\u00e2t un primar spectator. Merit\u0103 un lider care \u00een\u021belege, respect\u0103 \u0219i ap\u0103r\u0103 valorile locale nu doar c\u00e2nd se adun\u0103 presa, ci \u0219i c\u00e2nd se iau decizii esen\u021biale \u00een biroul de primar.<\/p>\n<\/div>\n<\/div>\n<div class=\"td_block_wrap tdb_single_tags tdi_74 td-pb-border-top td_block_template_1\" data-td-block-uid=\"tdi_74\">\n<div class=\"tdb-block-inner td-fix-index\">\n<ul class=\"tdb-tags\">\n<li><span>Tags<\/span><\/li>\n<li><a href=\"https:\/\/voceatimisului.ro\/tag\/alfred-simions\/\">Alfred Simions<\/a><\/li>\n<li><a href=\"https:\/\/voceatimisului.ro\/tag\/consiliul-judetean-timis\/\">consiliul judetean timis<\/a><\/li>\n<li><a href=\"https:\/\/voceatimisului.ro\/tag\/dominic-fritz\/\">Dominic Fritz<\/a><\/li>\n<li><a href=\"https:\/\/voceatimisului.ro\/tag\/poli-timisoara\/\">poli timisoara<\/a><\/li>\n<\/ul>\n<\/div>\n<\/div>\n<div class=\"td_block_wrap tdb_single_post_share tdi_75  td-pb-border-top td_block_template_1\" data-td-block-uid=\"tdi_75\">\n<div id=\"tdi_75\" class=\"td-post-sharing tdb-block td-ps-bg td-ps-notext td-post-sharing-style1 \">\n<div class=\"td-post-sharing-visible\"><a class=\"td-social-sharing-button td-social-sharing-button-js td-social-network td-social-facebook\" href=\"https:\/\/www.facebook.com\/sharer.php?u=https%3A%2F%2Fvoceatimisului.ro%2Ffritz-din-nou-in-poza-la-proiectul-altora-a-refuzat-tramvaiele-alb-violet-dar-vrea-sa-se-asocieze-cu-poli%2F\" title=\"Facebook\" rel=\"noopener\"><\/p>\n<div class=\"td-social-but-text\">Facebook<\/div>\n<p><\/a><a class=\"td-social-sharing-button td-social-sharing-button-js td-social-network td-social-twitter\" href=\"https:\/\/twitter.com\/intent\/tweet?text=Fritz%2C+din+nou+%C3%AEn+poz%C4%83+la+proiectul+altora.+A+refuzat+tramvaiele+alb-violet%2C+dar+vrea+s%C4%83+se+asocieze+cu+Poli&amp;url=https%3A%2F%2Fvoceatimisului.ro%2Ffritz-din-nou-in-poza-la-proiectul-altora-a-refuzat-tramvaiele-alb-violet-dar-vrea-sa-se-asocieze-cu-poli%2F&amp;via=Vocea+Timisului\" title=\"Twitter\" rel=\"noopener\"><\/p>\n<div class=\"td-social-but-text\">Twitter<\/div>\n<p><\/a><a class=\"td-social-sharing-button td-social-sharing-button-js td-social-network td-social-pinterest\" href=\"https:\/\/pinterest.com\/pin\/create\/button\/?url=https:\/\/voceatimisului.ro\/fritz-din-nou-in-poza-la-proiectul-altora-a-refuzat-tramvaiele-alb-violet-dar-vrea-sa-se-asocieze-cu-poli\/&amp;media=https:\/\/voceatimisului.ro\/wp-content\/uploads\/2025\/05\/Fritz-din-nou-in-poza-la-proiectul-altora.jpg&amp;description=Fritz%2C+din+nou+%C3%AEn+poz%C4%83+la+proiectul+altora.+A+refuzat+tramvaiele+alb-violet%2C+dar+vrea+s%C4%83+se+asocieze+cu+Poli\" title=\"Pinterest\" rel=\"noopener\"><\/p>\n<div class=\"td-social-but-text\">Pinterest<\/div>\n<p><\/a><a class=\"td-social-sharing-button td-social-sharing-button-js td-social-network td-social-whatsapp\" href=\"https:\/\/api.whatsapp.com\/send?text=Fritz%2C+din+nou+%C3%AEn+poz%C4%83+la+proiectul+altora.+A+refuzat+tramvaiele+alb-violet%2C+dar+vrea+s%C4%83+se+asocieze+cu+Poli%20%0A%0A%20https:\/\/voceatimisului.ro\/fritz-din-nou-in-poza-la-proiectul-altora-a-refuzat-tramvaiele-alb-violet-dar-vrea-sa-se-asocieze-cu-poli\/\" title=\"WhatsApp\" rel=\"noopener\"><\/p>\n<div class=\"td-social-but-text\">WhatsApp<\/div>\n<p><\/a><a class=\"td-social-sharing-button td-social-sharing-button-js td-social-network td-social-linkedin\" href=\"https:\/\/www.linkedin.com\/shareArticle?mini=true&amp;url=https:\/\/voceatimisului.ro\/fritz-din-nou-in-poza-la-proiectul-altora-a-refuzat-tramvaiele-alb-violet-dar-vrea-sa-se-asocieze-cu-poli\/&amp;title=Fritz%2C+din+nou+%C3%AEn+poz%C4%83+la+proiectul+altora.+A+refuzat+tramvaiele+alb-violet%2C+dar+vrea+s%C4%83+se+asocieze+cu+Poli\" title=\"Linkedin\" rel=\"noopener\"><\/p>\n<div class=\"td-social-but-text\">Linkedin<\/div>\n<p><\/a><a class=\"td-social-sharing-button td-social-sharing-button-js td-social-network td-social-copy_url\" href=\"https:\/\/voceatimisului.ro\/fritz-din-nou-in-poza-la-proiectul-altora-a-refuzat-tramvaiele-alb-violet-dar-vrea-sa-se-asocieze-cu-poli\/\" title=\"Copy URL\" rel=\"noopener\"><\/p>\n<div class=\"td-social-but-text\">Copy URL<\/div>\n<p><\/a><\/div>\n<\/div>\n<\/div>\n<div class=\"td_block_wrap tdb_single_next_prev tdi_76 td-animation-stack td-next-prev-img-on td-pb-border-top td_block_template_1\" data-td-block-uid=\"tdi_76\">\n<div class=\"tdb-block-inner td-fix-index\">\n<div class=\"tdb-next-post tdb-next-post-bg tdb-post-prev\"><span>Articolul precedent<\/span><\/p>\n<div class=\"td-module-container\">\n<div class=\"td-image-container\"><a class=\"td-image-wrap\" href=\"https:\/\/voceatimisului.ro\/itm-timis-refuza-sa-raspunda-acuzatiilor-grave-din-cazul-retim-nepasare-complicitate-sau-incompetenta\/\"><img loading=\"lazy\" decoding=\"async\" class=\"td-next-prev-image td-fix-index td-lazy-img\" title=\"ITM Timi\u0219 refuz\u0103 s\u0103 r\u0103spund\u0103 acuza\u021biilor grave din cazul RETIM: Nep\u0103sare, complicitate sau incompeten\u021b\u0103?\" width=\"696\" height=\"431\" src=\"https:\/\/voceatimisului.ro\/wp-content\/uploads\/2025\/05\/ITM-Timis-696x431.png\"><\/a><\/div>\n<div class=\"next-prev-title\"><a href=\"https:\/\/voceatimisului.ro\/itm-timis-refuza-sa-raspunda-acuzatiilor-grave-din-cazul-retim-nepasare-complicitate-sau-incompetenta\/\">ITM Timi\u0219 refuz\u0103 s\u0103 r\u0103spund\u0103 acuza\u021biilor grave din cazul RETIM: Nep\u0103sare, complicitate sau incompeten\u021b\u0103?<\/a><\/div>\n<\/div>\n<\/div>\n<div class=\"tdb-next-post tdb-next-post-bg tdb-post-next\"><span>Articolul urm\u0103tor<\/span><\/p>\n<div class=\"td-module-container\">\n<div class=\"td-image-container\"><a class=\"td-image-wrap\" href=\"https:\/\/voceatimisului.ro\/https-voceatimisului-ro-incident-grav-semnalat-intr-o-toaleta-de-la-liceul-calderon-din-timisoara-politia-si-inspectoratul-scolar-au-fost-sesizate\/\"><img loading=\"lazy\" decoding=\"async\" class=\"td-next-prev-image td-fix-index td-lazy-img\" title=\"Incident grav semnalat \u00eentr-o toalet\u0103 de la Liceul Calderon din Timi\u0219oara. Poli\u021bia \u0219i Inspectoratul \u0218colar au fost sesizate\" width=\"696\" height=\"392\" src=\"https:\/\/voceatimisului.ro\/wp-content\/uploads\/2025\/05\/maxresdefault-2-696x392.jpg\"><\/a><\/div>\n<div class=\"next-prev-title\"><a href=\"https:\/\/voceatimisului.ro\/https-voceatimisului-ro-incident-grav-semnalat-intr-o-toaleta-de-la-liceul-calderon-din-timisoara-politia-si-inspectoratul-scolar-au-fost-sesizate\/\">Incident grav semnalat \u00eentr-o toalet\u0103 de la Liceul Calderon din Timi\u0219oara. Poli\u021bia \u0219i Inspectoratul \u0218colar au fost sesizate<\/a><\/div>\n<\/div>\n<\/div>\n<\/div>\n<\/div>\n<\/div>\n<\/div>\n<\/div>\n<\/div>\n<div class=\"vc_row_inner tdi_86  vc_row vc_inner wpb_row td-pb-row\">\n<div class=\"vc_column_inner tdi_88  wpb_column vc_column_container tdc-inner-column td-pb-span4 td-is-sticky\">\n<div class=\"vc_column-inner\">\n<div class=\"wpb_wrapper\" data-sticky-enabled-on=\"W3RydWUsdHJ1ZSx0cnVlLHRydWVd\" data-sticky-offset=\"20\" data-sticky-is-width-auto=\"W2ZhbHNlLGZhbHNlLGZhbHNlLGZhbHNlXQ==\">\n<div class=\"td_block_wrap tdb_single_related tdi_89 td_with_ajax_pagination td-pb-border-top td_block_template_1 tdb-single-related-posts\" data-td-block-uid=\"tdi_89\">\n<div id=\"tdi_89\" class=\"td_block_inner tdb-block-inner td-fix-index\">\n<div class=\"tdb_module_related td_module_wrap td-animation-stack td-meta-info-hide\">\n<div class=\"td-module-container td-category-pos-image\">\n<div class=\"td-module-meta-info\">\n<h3 class=\"entry-title td-module-title\"><a href=\"https:\/\/voceatimisului.ro\/lights-of-the-village-la-muzeul-satului-banatean-din-timisoara\/\" rel=\"bookmark\" title=\"Lights of the Village la Muzeul Satului B\u0103n\u0103\u021bean din Timi\u0219oara\">Lights of the Village la Muzeul Satului B\u0103n\u0103\u021bean din Timi\u0219oara<\/a><\/h3>\n<\/div>\n<\/div>\n<\/div>\n<div class=\"tdb_module_related td_module_wrap td-animation-stack td-meta-info-hide\">\n<div class=\"td-module-container td-category-pos-image\">\n<div class=\"td-module-meta-info\">\n<h3 class=\"entry-title td-module-title\"><a href=\"https:\/\/voceatimisului.ro\/retim-sfideaza-legea-si-institutiile-din-timis-foloseste-echipamente-publice-fara-drept-si-blocheaza-accesul-la-informatii\/\" rel=\"bookmark\" title=\"RETIM sfideaz\u0103 legea \u0219i institu\u021biile din Timi\u0219, folose\u0219te echipamente publice f\u0103r\u0103 drept \u0219i blocheaz\u0103 accesul la informa\u021bii\">RETIM sfideaz\u0103 legea \u0219i institu\u021biile din Timi\u0219, folose\u0219te echipamente publice f\u0103r\u0103 drept \u0219i blocheaz\u0103 accesul la informa\u021bii<\/a><\/h3>\n<\/div>\n<\/div>\n<\/div>\n<div class=\"tdb_module_related td_module_wrap td-animation-stack td-meta-info-hide\">\n<div class=\"td-module-container td-category-pos-image\">\n<div class=\"td-module-meta-info\">\n<h3 class=\"entry-title td-module-title\"><a href=\"https:\/\/voceatimisului.ro\/fragilitatea-eternului-aduce-pompeiul-la-timisoara-o-expozitie-internationala-de-referinta-la-muzeul-national-de-arta\/\" rel=\"bookmark\" title=\"Fragilitatea eternului aduce Pompeiul la Timi\u0219oara, o expozi\u021bie interna\u021bional\u0103 de referin\u021b\u0103 la Muzeul Na\u021bional de Art\u0103\">Fragilitatea eternului aduce Pompeiul la Timi\u0219oara, o expozi\u021bie interna\u021bional\u0103 de referin\u021b\u0103 la Muzeul Na\u021bional de Art\u0103<\/a><\/h3>\n<\/div>\n<\/div>\n<\/div>\n<\/div>\n<\/div>\n<\/div>\n<\/div>\n<\/div>\n<div class=\"vc_column_inner tdi_91  wpb_column vc_column_container tdc-inner-column td-pb-span8\">\n<div class=\"vc_column-inner\">\n<div class=\"wpb_wrapper\">\n<div class=\"td_block_wrap tdb_single_comments tdi_92 tdb-comm-layout2 td-pb-border-top td_block_template_2\" data-td-block-uid=\"tdi_92\">\n<div class=\"tdb-block-inner td-fix-index\">\n<div class=\"comments\" id=\"comments\">\n<div id=\"respond\" class=\"comment-respond\">\n<h3 id=\"reply-title\" class=\"comment-reply-title\">L\u0102SA\u021aI UN MESAJ <small><a rel=\"nofollow\" id=\"cancel-comment-reply-link\" href=\"https:\/\/voceatimisului.ro\/fritz-din-nou-in-poza-la-proiectul-altora-a-refuzat-tramvaiele-alb-violet-dar-vrea-sa-se-asocieze-cu-poli\/#respond\">Renun\u021ba\u021bi la r\u0103spuns<\/a><\/small><\/h3>\n<div class=\"comment-form-input-wrap td-form-comment\">\n<div class=\"td-warning-comment\">V\u0103 rug\u0103m s\u0103 introduce\u021bi comentariul dvs.!<\/div>\n<\/div>\n<div class=\"comment-form-input-wrap td-form-author\">\n<div class=\"td-warning-author\">Introduce\u021bi aici numele dvs.<\/div>\n<\/div>\n<div class=\"comment-form-input-wrap td-form-email\">\n<div class=\"td-warning-email-error\">A\u021bi introdus o adres\u0103 de e-mail incorect\u0103!<\/div>\n<div class=\"td-warning-email\">V\u0103 rug\u0103m s\u0103 introduce\u021bi adresa dvs. de e-mail aici<\/div>\n<\/div>\n<\/div>\n<\/div>\n<\/div>\n<\/div>\n<\/div>\n<\/div>\n<\/div>\n<\/div>\n<\/div>\n<\/div>\n<div class=\"vc_column tdi_94  wpb_column vc_column_container tdc-column td-pb-span4 td-is-sticky\">\n<div class=\"wpb_wrapper\" data-sticky-enabled-on=\"W3RydWUsdHJ1ZSx0cnVlLHRydWVd\" data-sticky-offset=\"20\" data-sticky-is-width-auto=\"W2ZhbHNlLGZhbHNlLGZhbHNlLGZhbHNlXQ==\">\n<div class=\"vc_row_inner tdi_96  vc_row vc_inner wpb_row td-pb-row\">\n<div class=\"vc_column_inner tdi_98  wpb_column vc_column_container tdc-inner-column td-pb-span12\">\n<div class=\"vc_column-inner\">\n<div class=\"wpb_wrapper\">\n<div class=\"td_block_wrap td_block_title tdi_99 td-pb-border-top td_block_template_11 td-fix-index\" data-td-block-uid=\"tdi_99\">\n<div class=\"td-block-title-wrap\">\n<h4 class=\"td-block-title\"><span class=\"td-pulldown-size\">ANUN\u021aURI \u0218I PUBLICITATE<\/span><\/h4>\n<\/div>\n<\/div>\n<\/div>\n<\/div>\n<\/div>\n<\/div>\n<div class=\"wpb_wrapper td_block_wrap vc_widget_sidebar tdi_101 \">\n<aside id=\"block-10\" class=\"td_block_template_1 widget block-10 widget_block widget_media_image\">\n<figure class=\"wp-block-image size-full\"><a href=\"https:\/\/adpghiroda.ro\/index.html\" target=\"_blank\" rel=\" noreferrer noopener\"><img decoding=\"async\" loading=\"eager\" width=\"960\" height=\"960\" src=\"https:\/\/voceatimisului.ro\/wp-content\/uploads\/2025\/03\/ADP-Ghiroda2.jpg\" alt class=\"wp-image-171492\"><\/a><\/figure>\n<\/aside>\n<aside id=\"block-11\" class=\"td_block_template_1 widget block-11 widget_block widget_media_image\">\n<figure class=\"wp-block-image size-full\"><a href=\"https:\/\/adpghiroda.ro\/index.html\" target=\"_blank\" rel=\" noreferrer noopener\"><img decoding=\"async\" loading=\"eager\" width=\"960\" height=\"960\" src=\"https:\/\/voceatimisului.ro\/wp-content\/uploads\/2025\/03\/ADP-Ghiroda1.jpg\" alt class=\"wp-image-171491\"><\/a><\/figure>\n<\/aside>\n<aside id=\"block-17\" class=\"td_block_template_1 widget block-17 widget_block widget_media_image\">\n<figure class=\"wp-block-image size-large is-resized\"><a href=\"https:\/\/verde.events\/\" target=\"_blank\" rel=\" noreferrer noopener\"><img decoding=\"async\" loading=\"lazy\" width=\"1024\" height=\"683\" src=\"https:\/\/voceatimisului.ro\/wp-content\/uploads\/2025\/08\/Verde-Events-24-1024x683.jpg\" alt=\"Verde Events\" class=\"wp-image-174395\"><\/a><figcaption class=\"wp-element-caption\"><strong><em>O experien\u021b\u0103 unic\u0103 pentru orice tip de eveniment<\/em><\/strong><\/figcaption><\/figure>\n<\/aside>\n<\/div>\n<div class=\"td_block_wrap td_flex_block_1 tdi_107 td-pb-border-top td_block_template_1 td_ajax_preloading_preload td_flex_block\" data-td-block-uid=\"tdi_107\">\n<div id=\"tdi_107\" class=\"td_block_inner td-mc1-wrap\">\n<div class=\"td_module_flex td_module_flex_1 td_module_wrap td-animation-stack td-meta-info-hide td-cpt-post\">\n<div class=\"td-module-container td-category-pos-image\">\n<div class=\"td-module-meta-info\">\n<h3 class=\"entry-title td-module-title\"><a href=\"https:\/\/voceatimisului.ro\/retim-lovitura-in-instanta-si-factura-de-24-600-lei-pe-fondul-haosului-din-gestionarea-gunoiului\/\" rel=\"bookmark\" title=\"RETIM, lovitur\u0103 \u00een instan\u021b\u0103 \u0219i factur\u0103 de 24.600 lei pe fondul haosului din gestionarea gunoiului\">RETIM, lovitur\u0103 \u00een instan\u021b\u0103 \u0219i factur\u0103 de 24.600 lei pe fondul haosului din gestionarea gunoiului<\/a><\/h3>\n<\/div>\n<\/div>\n<\/div>\n<div class=\"td_module_flex td_module_flex_1 td_module_wrap td-animation-stack td-meta-info-hide td-cpt-post\">\n<div class=\"td-module-container td-category-pos-image\">\n<div class=\"td-module-meta-info\">\n<h3 class=\"entry-title td-module-title\"><a href=\"https:\/\/voceatimisului.ro\/visit-timis-promoveaza-judetul-la-targul-international-de-turism-din-novi-sad\/\" rel=\"bookmark\" title=\"Visit Timi\u0219 promoveaz\u0103 jude\u021bul la T\u00e2rgul Interna\u021bional de Turism din Novi Sad\">Visit Timi\u0219 promoveaz\u0103 jude\u021bul la T\u00e2rgul Interna\u021bional de Turism din Novi Sad<\/a><\/h3>\n<\/div>\n<\/div>\n<\/div>\n<div class=\"td_module_flex td_module_flex_1 td_module_wrap td-animation-stack td-meta-info-hide td-cpt-post\">\n<div class=\"td-module-container td-category-pos-image\">\n<div class=\"td-module-meta-info\">\n<h3 class=\"entry-title td-module-title\"><a href=\"https:\/\/voceatimisului.ro\/iccj-ii-strica-lui-dominic-fritz-manevra-de-blocaj-dosarul-de-conflict-de-interese-se-reia\/\" rel=\"bookmark\" title=\"\u00ceCCJ \u00eei stric\u0103 lui Dominic Fritz manevra de blocaj. Dosarul de conflict de interese se reia\">\u00ceCCJ \u00eei stric\u0103 lui Dominic Fritz manevra de blocaj. Dosarul de conflict de interese se reia<\/a><\/h3>\n<\/div>\n<\/div>\n<\/div>\n<div class=\"td_module_flex td_module_flex_1 td_module_wrap td-animation-stack td-meta-info-hide td-cpt-post\">\n<div class=\"td-module-container td-category-pos-image\">\n<div class=\"td-module-meta-info\">\n<h3 class=\"entry-title td-module-title\"><a href=\"https:\/\/voceatimisului.ro\/simonis-in-plenul-cj-timis-decizia-instantei-deblocheaza-stadionul-nu-il-ingroapa\/\" rel=\"bookmark\" title=\"Simonis, \u00een plenul CJ Timi\u0219: decizia instan\u021bei deblocheaz\u0103 stadionul, nu \u00eel \u00eengroap\u0103\">Simonis, \u00een plenul CJ Timi\u0219: decizia instan\u021bei deblocheaz\u0103 stadionul, nu \u00eel \u00eengroap\u0103<\/a><\/h3>\n<\/div>\n<\/div>\n<\/div>\n<div class=\"td_module_flex td_module_flex_1 td_module_wrap td-animation-stack td-meta-info-hide td-cpt-post\">\n<div class=\"td-module-container td-category-pos-image\">\n<div class=\"td-module-meta-info\">\n<h3 class=\"entry-title td-module-title\"><a href=\"https:\/\/voceatimisului.ro\/retim-si-polaris-acuzatii-directe-in-cj-timis-simonis-nu-ne-lasam-santajati-de-mafia-gunoaielor\/\" rel=\"bookmark\" title=\"RETIM \u0219i Polaris, acuza\u021bii directe \u00een CJ Timi\u0219. Simonis: nu ne l\u0103s\u0103m \u0219antaja\u021bi de \u201emafia gunoaielor\u201d\">RETIM \u0219i Polaris, acuza\u021bii directe \u00een CJ Timi\u0219. Simonis: nu ne l\u0103s\u0103m \u0219antaja\u021bi de \u201emafia gunoaielor\u201d<\/a><\/h3>\n<\/div>\n<\/div>\n<\/div>\n<\/div>\n<\/div>\n<\/div>\n<\/div>\n<\/div>\n<\/div>\n<\/div>\n<\/div>\n<p><span class=\"td-page-meta\"><\/span><span class=\"td-page-meta\"><span class=\"td-page-meta\"><\/span><\/span><span class=\"td-page-meta\"><\/span><\/article>\n<p> Source URL: https:\/\/voceatimisului.ro\/fritz-din-nou-in-poza-la-proiectul-altora-a-refuzat-tramvaiele-alb-violet-dar-vrea-sa-se-asocieze-cu-poli\/<\/p>\n","protected":false},"excerpt":{"rendered":"<p>Editorial\u0218tiri Fritz, din nou \u00een poz\u0103 la proiectul altora. A refuzat tramvaiele alb-violet, dar vrea s\u0103 se asocieze cu Poli Autor-Radu Constantin 16 mai 2025 0 1695 Facebook Twitter Pinterest WhatsApp Linkedin Copy URL Fritz, din nou \u00een poz\u0103 la proiectul altora. A refuzat tramvaiele alb-violet, dar vrea s\u0103 se asocieze cu Poli Banatul trece [&hellip;]<\/p>\n","protected":false},"author":1,"featured_media":0,"comment_status":"open","ping_status":"","sticky":false,"template":"","format":"standard","meta":{"footnotes":""},"categories":[89],"tags":[199],"class_list":["post-1055591","post","type-post","status-publish","format-standard","hentry","category-romania","tag-voceatimisului-ro"],"_links":{"self":[{"href":"https:\/\/analyse.optim.biz\/index.php?rest_route=\/wp\/v2\/posts\/1055591","targetHints":{"allow":["GET"]}}],"collection":[{"href":"https:\/\/analyse.optim.biz\/index.php?rest_route=\/wp\/v2\/posts"}],"about":[{"href":"https:\/\/analyse.optim.biz\/index.php?rest_route=\/wp\/v2\/types\/post"}],"author":[{"embeddable":true,"href":"https:\/\/analyse.optim.biz\/index.php?rest_route=\/wp\/v2\/users\/1"}],"replies":[{"embeddable":true,"href":"https:\/\/analyse.optim.biz\/index.php?rest_route=%2Fwp%2Fv2%2Fcomments&post=1055591"}],"version-history":[{"count":0,"href":"https:\/\/analyse.optim.biz\/index.php?rest_route=\/wp\/v2\/posts\/1055591\/revisions"}],"wp:attachment":[{"href":"https:\/\/analyse.optim.biz\/index.php?rest_route=%2Fwp%2Fv2%2Fmedia&parent=1055591"}],"wp:term":[{"taxonomy":"category","embeddable":true,"href":"https:\/\/analyse.optim.biz\/index.php?rest_route=%2Fwp%2Fv2%2Fcategories&post=1055591"},{"taxonomy":"post_tag","embeddable":true,"href":"https:\/\/analyse.optim.biz\/index.php?rest_route=%2Fwp%2Fv2%2Ftags&post=1055591"}],"curies":[{"name":"wp","href":"https:\/\/api.w.org\/{rel}","templated":true}]}}