{"id":1055583,"date":"2025-06-11T07:56:47","date_gmt":"2025-06-11T04:56:47","guid":{"rendered":"https:\/\/analyse.optim.biz\/?p=1055583"},"modified":"2025-06-11T07:56:47","modified_gmt":"2025-06-11T04:56:47","slug":"ipocrizie-cu-repetitie-dominic-fritz-vrea-sa-reformeze-ani-dupa-ce-a-fost-prins-in-conflict-de-interese","status":"publish","type":"post","link":"https:\/\/analyse.optim.biz\/?p=1055583","title":{"rendered":"Ipocrizie cu repeti\u021bie: Dominic Fritz vrea s\u0103 reformeze ANI, dup\u0103 ce a fost prins \u00een conflict de interese"},"content":{"rendered":"<article id=\"template-id-172790\" class=\"post-172790 tdb_templates type-tdb_templates status-publish post\">\n<div id=\"tdi_38\" class=\"tdc-zone\">\n<div class=\"tdc_zone tdi_39  wpb_row td-pb-row\">\n<div id=\"tdi_40\" class=\"tdc-row stretch_row_1400 td-stretch-content\">\n<div class=\"vc_row tdi_41  wpb_row td-pb-row tdc-element-style\">\n<div class=\"vc_column tdi_43  wpb_column vc_column_container tdc-column td-pb-span8\">\n<div class=\"wpb_wrapper\">\n<div class=\"td_block_wrap tdb_single_categories tdi_44 td-pb-border-top td_block_template_1 \" data-td-block-uid=\"tdi_44\">\n<div class=\"tdb-category td-fix-index\"><a class=\"tdb-entry-category\" href=\"https:\/\/voceatimisului.ro\/editorial\/\">Editorial<\/a><a class=\"tdb-entry-category\" href=\"https:\/\/voceatimisului.ro\/stiri-din-timisoara-si-timis\/\">\u0218tiri<\/a><\/div>\n<\/div>\n<div class=\"td_block_wrap tdb_title tdi_45 tdb-single-title td-pb-border-top td_block_template_1\" data-td-block-uid=\"tdi_45\">\n<div class=\"tdb-block-inner td-fix-index\">\n<h1 class=\"tdb-title-text\">Ipocrizie cu repeti\u021bie: Dominic Fritz vrea s\u0103 reformeze ANI, dup\u0103 ce a fost prins \u00een conflict de interese<\/h1>\n<\/div>\n<\/div>\n<div class=\"vc_row_inner tdi_48  vc_row vc_inner wpb_row td-pb-row\">\n<div class=\"vc_column_inner tdi_50  wpb_column vc_column_container tdc-inner-column td-pb-span6\">\n<div class=\"vc_column-inner\">\n<div class=\"wpb_wrapper\">\n<div class=\"td_block_wrap tdb_single_author tdi_51 td-pb-border-top td_block_template_1 tdb-post-meta\" data-td-block-uid=\"tdi_51\">\n<div class=\"tdb-block-inner td-fix-index\">\n<div class=\"tdb-author-name-wrap\"><span class=\"tdb-author-by\">Autor-<\/span><a class=\"tdb-author-name\" href=\"https:\/\/voceatimisului.ro\/author\/cataadmin\/\">Radu Constantin<\/a><\/div>\n<\/div>\n<\/div>\n<div class=\"td_block_wrap tdb_single_date tdi_52 td-pb-border-top td_block_template_1 tdb-post-meta\" data-td-block-uid=\"tdi_52\">\n<div class=\"tdb-block-inner td-fix-index\"><time class=\"entry-date updated td-module-date\" datetime=\"2025-06-11T10:56:47+03:00\">11 iunie 2025<\/time><\/div>\n<\/div>\n<div class=\"td_block_wrap tdb_single_comments_count tdi_53 td-pb-border-top td_block_template_1 tdb-post-meta\" data-td-block-uid=\"tdi_53\">\n<div class=\"tdb-block-inner td-fix-index\"><a href=\"https:\/\/voceatimisului.ro\/ipocrizie-cu-repetitie-dominic-fritz-vrea-sa-reformeze-ani-dupa-ce-a-fost-prins-in-conflict-de-interese\/#respond\"><span>0<\/span><\/a><\/div>\n<\/div>\n<div class=\"td_block_wrap tdb_single_post_views tdi_54 td-pb-border-top td_block_template_1 tdb-post-meta\" data-td-block-uid=\"tdi_54\">\n<div class=\"tdb-block-inner td-fix-index\"><span class=\"tdb-add-text\">1<\/span><span class=\"td-nr-views-172540\">1072<\/span><\/div>\n<\/div>\n<\/div>\n<\/div>\n<\/div>\n<div class=\"vc_column_inner tdi_56  wpb_column vc_column_container tdc-inner-column td-pb-span6\">\n<div class=\"vc_column-inner\">\n<div class=\"wpb_wrapper\">\n<div class=\"td_block_wrap tdb_single_post_share tdi_57  td-pb-border-top td_block_template_1\" data-td-block-uid=\"tdi_57\">\n<div id=\"tdi_57\" class=\"td-post-sharing tdb-block td-ps-bg td-ps-notext td-post-sharing-style1 \">\n<div class=\"td-post-sharing-visible\"><a class=\"td-social-sharing-button td-social-sharing-button-js td-social-network td-social-facebook\" href=\"https:\/\/www.facebook.com\/sharer.php?u=https%3A%2F%2Fvoceatimisului.ro%2Fipocrizie-cu-repetitie-dominic-fritz-vrea-sa-reformeze-ani-dupa-ce-a-fost-prins-in-conflict-de-interese%2F\" title=\"Facebook\" rel=\"noopener\"><\/p>\n<div class=\"td-social-but-text\">Facebook<\/div>\n<p><\/a><a class=\"td-social-sharing-button td-social-sharing-button-js td-social-network td-social-twitter\" href=\"https:\/\/twitter.com\/intent\/tweet?text=Ipocrizie+cu+repeti%C8%9Bie%3A+Dominic+Fritz+vrea+s%C4%83+reformeze+ANI%2C+dup%C4%83+ce+a+fost+prins+%C3%AEn+conflict+de+interese&amp;url=https%3A%2F%2Fvoceatimisului.ro%2Fipocrizie-cu-repetitie-dominic-fritz-vrea-sa-reformeze-ani-dupa-ce-a-fost-prins-in-conflict-de-interese%2F&amp;via=Vocea+Timisului\" title=\"Twitter\" rel=\"noopener\"><\/p>\n<div class=\"td-social-but-text\">Twitter<\/div>\n<p><\/a><a class=\"td-social-sharing-button td-social-sharing-button-js td-social-network td-social-pinterest\" href=\"https:\/\/pinterest.com\/pin\/create\/button\/?url=https:\/\/voceatimisului.ro\/ipocrizie-cu-repetitie-dominic-fritz-vrea-sa-reformeze-ani-dupa-ce-a-fost-prins-in-conflict-de-interese\/&amp;media=https:\/\/voceatimisului.ro\/wp-content\/uploads\/2025\/04\/Dominic-Fritz-scaled.jpg&amp;description=Ipocrizie+cu+repeti%C8%9Bie%3A+Dominic+Fritz+vrea+s%C4%83+reformeze+ANI%2C+dup%C4%83+ce+a+fost+prins+%C3%AEn+conflict+de+interese\" title=\"Pinterest\" rel=\"noopener\"><\/p>\n<div class=\"td-social-but-text\">Pinterest<\/div>\n<p><\/a><a class=\"td-social-sharing-button td-social-sharing-button-js td-social-network td-social-whatsapp\" href=\"https:\/\/api.whatsapp.com\/send?text=Ipocrizie+cu+repeti%C8%9Bie%3A+Dominic+Fritz+vrea+s%C4%83+reformeze+ANI%2C+dup%C4%83+ce+a+fost+prins+%C3%AEn+conflict+de+interese%20%0A%0A%20https:\/\/voceatimisului.ro\/ipocrizie-cu-repetitie-dominic-fritz-vrea-sa-reformeze-ani-dupa-ce-a-fost-prins-in-conflict-de-interese\/\" title=\"WhatsApp\" rel=\"noopener\"><\/p>\n<div class=\"td-social-but-text\">WhatsApp<\/div>\n<p><\/a><a class=\"td-social-sharing-button td-social-sharing-button-js td-social-network td-social-linkedin\" href=\"https:\/\/www.linkedin.com\/shareArticle?mini=true&amp;url=https:\/\/voceatimisului.ro\/ipocrizie-cu-repetitie-dominic-fritz-vrea-sa-reformeze-ani-dupa-ce-a-fost-prins-in-conflict-de-interese\/&amp;title=Ipocrizie+cu+repeti%C8%9Bie%3A+Dominic+Fritz+vrea+s%C4%83+reformeze+ANI%2C+dup%C4%83+ce+a+fost+prins+%C3%AEn+conflict+de+interese\" title=\"Linkedin\" rel=\"noopener\"><\/p>\n<div class=\"td-social-but-text\">Linkedin<\/div>\n<p><\/a><a class=\"td-social-sharing-button td-social-sharing-button-js td-social-network td-social-copy_url\" href=\"https:\/\/voceatimisului.ro\/ipocrizie-cu-repetitie-dominic-fritz-vrea-sa-reformeze-ani-dupa-ce-a-fost-prins-in-conflict-de-interese\/\" title=\"Copy URL\" rel=\"noopener\"><\/p>\n<div class=\"td-social-but-text\">Copy URL<\/div>\n<p><\/a><\/div>\n<\/div>\n<\/div>\n<\/div>\n<\/div>\n<\/div>\n<\/div>\n<div class=\"td_block_wrap tdb_single_featured_image tdi_58 tdb-content-horiz-left td-pb-border-top td_block_template_1\" data-td-block-uid=\"tdi_58\">\n<div class=\"tdb-block-inner td-fix-index\"><img fetchpriority=\"high\" decoding=\"async\" width=\"696\" height=\"463\" class=\"entry-thumb\" src=\"https:\/\/voceatimisului.ro\/wp-content\/uploads\/2025\/04\/Dominic-Fritz-696x463.jpg\" alt=\"a man in a suit speaking into a microphone\" title=\"Dominic Fritz\" loading=\"eager\"><\/div>\n<\/div>\n<div class=\"vc_row_inner tdi_60  vc_row vc_inner wpb_row td-pb-row\">\n<div class=\"vc_column_inner tdi_62  wpb_column vc_column_container tdc-inner-column td-pb-span4 td-is-sticky\">\n<div class=\"vc_column-inner\">\n<div class=\"wpb_wrapper\" data-sticky-enabled-on=\"W3RydWUsdHJ1ZSx0cnVlLHRydWVd\" data-sticky-offset=\"20\" data-sticky-is-width-auto=\"W2ZhbHNlLGZhbHNlLGZhbHNlLGZhbHNlXQ==\">\n<div class=\"td_block_wrap td_flex_block_1 tdi_63 td-pb-border-top td_block_template_1 td_ajax_preloading_preload td_flex_block\" data-td-block-uid=\"tdi_63\">\n<div id=\"tdi_63\" class=\"td_block_inner td-mc1-wrap\">\n<div class=\"td_module_flex td_module_flex_1 td_module_wrap td-animation-stack td-meta-info-hide td-cpt-post\">\n<div class=\"td-module-container td-category-pos-image\">\n<div class=\"td-module-meta-info\">\n<h3 class=\"entry-title td-module-title\"><a href=\"https:\/\/voceatimisului.ro\/tramvaiul-nu-vine-dar-propaganda-circula-perfect\/\" rel=\"bookmark\" title=\"Tramvaiul nu vine, dar propaganda circul\u0103 perfect\">Tramvaiul nu vine, dar propaganda circul\u0103 perfect<\/a><\/h3>\n<\/div>\n<\/div>\n<\/div>\n<div class=\"td_module_flex td_module_flex_1 td_module_wrap td-animation-stack td-meta-info-hide td-cpt-post\">\n<div class=\"td-module-container td-category-pos-image\">\n<div class=\"td-module-meta-info\">\n<h3 class=\"entry-title td-module-title\"><a href=\"https:\/\/voceatimisului.ro\/transportul-public-din-timisoara-se-prabuseste-in-fiecare-zi-in-trafic-dar-in-birourile-primariei-totul-arata-perfect-si-european\/\" rel=\"bookmark\" title=\"Transportul public din Timi\u0219oara se pr\u0103bu\u0219e\u0219te \u00een fiecare zi \u00een trafic, dar \u00een birourile Prim\u0103riei totul arat\u0103 perfect \u0219i \u201ceuropean\u201d\">Transportul public din Timi\u0219oara se pr\u0103bu\u0219e\u0219te \u00een fiecare zi \u00een trafic, dar \u00een birourile Prim\u0103riei totul arat\u0103 perfect \u0219i \u201ceuropean\u201d<\/a><\/h3>\n<\/div>\n<\/div>\n<\/div>\n<div class=\"td_module_flex td_module_flex_1 td_module_wrap td-animation-stack td-meta-info-hide td-cpt-post\">\n<div class=\"td-module-container td-category-pos-image\">\n<div class=\"td-module-meta-info\">\n<h3 class=\"entry-title td-module-title\"><a href=\"https:\/\/voceatimisului.ro\/iccj-ii-strica-lui-dominic-fritz-manevra-de-blocaj-dosarul-de-conflict-de-interese-se-reia\/\" rel=\"bookmark\" title=\"\u00ceCCJ \u00eei stric\u0103 lui Dominic Fritz manevra de blocaj. Dosarul de conflict de interese se reia\">\u00ceCCJ \u00eei stric\u0103 lui Dominic Fritz manevra de blocaj. Dosarul de conflict de interese se reia<\/a><\/h3>\n<\/div>\n<\/div>\n<\/div>\n<div class=\"td_module_flex td_module_flex_1 td_module_wrap td-animation-stack td-meta-info-hide td-cpt-post\">\n<div class=\"td-module-container td-category-pos-image\">\n<div class=\"td-module-meta-info\">\n<h3 class=\"entry-title td-module-title\"><a href=\"https:\/\/voceatimisului.ro\/retim-a-plecat-din-timisoara-sub-nasul-consiliului-local\/\" rel=\"bookmark\" title=\"RETIM a plecat din Timi\u0219oara sub nasul Consiliului Local\">RETIM a plecat din Timi\u0219oara sub nasul Consiliului Local<\/a><\/h3>\n<\/div>\n<\/div>\n<\/div>\n<\/div>\n<\/div>\n<div class=\"tdb-author-box td_block_wrap tdb_single_author_box tdi_68 tdb-content-vert-top td-pb-border-top td_block_template_1\" data-td-block-uid=\"tdi_68\">\n<div class=\"tdb-block-inner td-fix-index\">\n<div class=\"tdb-author-info\"><a href=\"https:\/\/voceatimisului.ro\/author\/cataadmin\/\" class=\"tdb-author-name\">Radu Constantin<\/a><a href=\"http:\/\/www.voceatimisului.ro\" rel=\"nofollow\" class=\"tdb-author-url\">http:\/\/www.voceatimisului.ro<\/a><\/p>\n<div class=\"tdb-author-descr\">\u00centreaga responsabilitate a comentariilor l\u0103sate de dumneavoastr\u0103 v\u0103 apar\u021bine!<br \/>\nClick <a href=\"https:\/\/voceatimisului.ro\/termeni-si-conditii\/\">aici<\/a>-citeste condi\u0163iile de utilizare ale site-ului www.voceatimisului.ro<\/div>\n<\/div>\n<\/div>\n<\/div>\n<\/div>\n<\/div>\n<\/div>\n<div class=\"vc_column_inner tdi_70  wpb_column vc_column_container tdc-inner-column td-pb-span8\">\n<div class=\"vc_column-inner\">\n<div class=\"wpb_wrapper\">\n<div class=\"td_block_wrap tdb_single_content tdi_71 td-pb-border-top td_block_template_1 td-post-content tagdiv-type\" data-td-block-uid=\"tdi_71\">\n<div class=\"tdb-block-inner td-fix-index\">\n<h5 class=\"wp-block-heading\">Agen\u021bia Na\u021bional\u0103 de Integritate (ANI) a confirmat \u00een 2023 c\u0103 primarul Timi\u0219oarei, Dominic Fritz, s-a aflat \u00een conflict de interese administrativ. Ancheta a fost publicat\u0103 \u00eenc\u0103 din 2021 de c\u0103tre Vocea Timi\u0219ului, cu detalii despre \u00eemprumuturi din campania electoral\u0103 \u0219i semn\u0103turi administrative \u00eentr-un context incompatibil cu statutul de primar.<\/h5>\n<p><a href=\"https:\/\/voceatimisului.ro\/sa-vina-ani-primarul-debitor-dominic-fritz-a-semnat-in-beneficiul-consilierului-creditor-razvan-negrisanu\/\" target=\"_blank\" rel=\"noreferrer noopener\">Cite\u0219te aici ancheta din 2021: \u201eS\u0103 vin\u0103 ANI! Primarul-debitor Fritz a semnat \u00een beneficiul consilierului-creditor R\u0103zvan Negri\u0219anu\u201d<\/a><\/p>\n<p>Conform raportului ANI:<\/p>\n<ul class=\"wp-block-list\">\n<li>\u00cen 2020, Dominic Fritz a primit un \u00eemprumut electoral de 25.000 de lei de la arhitectul R\u0103zvan Negri\u0219anu;<\/li>\n<li>Ulterior, \u00een calitate de primar, a semnat un referat de aprobare pentru un PUZ unde Negri\u0219anu figura ca proiectant implicat;<\/li>\n<li>ANI a stabilit existen\u021ba unui conflict de interese administrativ, conform Legii nr. 161\/2003 \u0219i Codului administrativ;<\/li>\n<li>Sanc\u021biunea propus\u0103: interdic\u021bia de a ocupa o func\u021bie public\u0103 timp de 3 ani de la \u00eencetarea mandatului.<\/li>\n<\/ul>\n<p>Fritz a contestat decizia ANI. Dosarul s-a aflat pe rolul Cur\u021bii de Apel Timi\u0219oara, dar a fost suspendat \u00een ianuarie 2025, dup\u0103 invocarea unei excep\u021bii de neconstitu\u021bionalitate privind dispozi\u021biile legale aplicabile. Procesul r\u0103m\u00e2ne blocat p\u00e2n\u0103 la solu\u021bia Cur\u021bii Constitu\u021bionale.<\/p>\n<p>La sf\u00e2r\u0219itul lunii mai 2025, \u00eentr-o conferin\u021b\u0103 sus\u021binut\u0103 \u00een calitate de pre\u0219edinte interimar al USR, Dominic Fritz a criticat ANI, dar nu a men\u021bionat niciun moment propriul dosar aflat \u00een evaluare juridic\u0103.<\/p>\n<p><strong><em>\u201eANI momentan nu func\u021bioneaz\u0103. Este ridicol c\u0103, de exemplu, \u00een 2023 ANI a constatat doar 11 cazuri de averi nejustificate, \u00eentr-o \u021bar\u0103 \u00een care oricare cet\u0103\u021bean poate imediat s\u0103 numeasc\u0103 cel pu\u021bin un politician care are un ceas, o ma\u0219in\u0103, o cas\u0103, unde nu este de explicat de unde sunt banii\u201d,<\/em><\/strong> a declarat Fritz. Totodat\u0103, el a cerut reformarea profund\u0103 a institu\u021biei, cu digitalizare, automatizare \u0219i o conducere nou\u0103.<\/p>\n<p>De\u0219i raportul ANI \u00eel acuz\u0103 oficial de conflict de interese, iar procesul este blocat printr-o excep\u021bie de neconstitu\u021bionalitate, Dominic Fritz nu d\u0103 niciun semn de asumare. Dimpotriv\u0103, \u00eempreun\u0103 cu partidul pe care \u00eel conduce interimar, cere restructurarea institu\u021biei care l-a anchetat.<\/p>\n<p>Aceast\u0103 atitudine ridic\u0103 un semnal de alarm\u0103: un lider politic aflat sub acuza\u021bie cere reformarea institu\u021biei de control, f\u0103r\u0103 a oferi nicio explica\u021bie public\u0103 cu privire la faptele sale. Este o form\u0103 de ipocrizie politic\u0103 ce nu poate fi trecut\u0103 cu vederea.<\/p>\n<p>Vocea Timi\u0219ului va urm\u0103ri deznod\u0103m\u00e2ntul acestei spe\u021be \u0219i eventualele consecin\u021be legale \u00een cazul \u00een care Curtea Constitu\u021bional\u0103 respinge excep\u021bia ridicat\u0103 de ap\u0103rarea primarului.<\/p>\n<\/div>\n<\/div>\n<div class=\"td_block_wrap tdb_single_tags tdi_74 td-pb-border-top td_block_template_1\" data-td-block-uid=\"tdi_74\">\n<div class=\"tdb-block-inner td-fix-index\">\n<ul class=\"tdb-tags\">\n<li><span>Tags<\/span><\/li>\n<li><a href=\"https:\/\/voceatimisului.ro\/tag\/agentia-nationala-de-integritate\/\">agentia nationala de integritate<\/a><\/li>\n<li><a href=\"https:\/\/voceatimisului.ro\/tag\/dominic-fritz\/\">Dominic Fritz<\/a><\/li>\n<li><a href=\"https:\/\/voceatimisului.ro\/tag\/incompatibilitate\/\">Incompatibilitate<\/a><\/li>\n<li><a href=\"https:\/\/voceatimisului.ro\/tag\/razvan-negrisanu-2\/\">razvan negrisanu<\/a><\/li>\n<\/ul>\n<\/div>\n<\/div>\n<div class=\"td_block_wrap tdb_single_post_share tdi_75  td-pb-border-top td_block_template_1\" data-td-block-uid=\"tdi_75\">\n<div id=\"tdi_75\" class=\"td-post-sharing tdb-block td-ps-bg td-ps-notext td-post-sharing-style1 \">\n<div class=\"td-post-sharing-visible\"><a class=\"td-social-sharing-button td-social-sharing-button-js td-social-network td-social-facebook\" href=\"https:\/\/www.facebook.com\/sharer.php?u=https%3A%2F%2Fvoceatimisului.ro%2Fipocrizie-cu-repetitie-dominic-fritz-vrea-sa-reformeze-ani-dupa-ce-a-fost-prins-in-conflict-de-interese%2F\" title=\"Facebook\" rel=\"noopener\"><\/p>\n<div class=\"td-social-but-text\">Facebook<\/div>\n<p><\/a><a class=\"td-social-sharing-button td-social-sharing-button-js td-social-network td-social-twitter\" href=\"https:\/\/twitter.com\/intent\/tweet?text=Ipocrizie+cu+repeti%C8%9Bie%3A+Dominic+Fritz+vrea+s%C4%83+reformeze+ANI%2C+dup%C4%83+ce+a+fost+prins+%C3%AEn+conflict+de+interese&amp;url=https%3A%2F%2Fvoceatimisului.ro%2Fipocrizie-cu-repetitie-dominic-fritz-vrea-sa-reformeze-ani-dupa-ce-a-fost-prins-in-conflict-de-interese%2F&amp;via=Vocea+Timisului\" title=\"Twitter\" rel=\"noopener\"><\/p>\n<div class=\"td-social-but-text\">Twitter<\/div>\n<p><\/a><a class=\"td-social-sharing-button td-social-sharing-button-js td-social-network td-social-pinterest\" href=\"https:\/\/pinterest.com\/pin\/create\/button\/?url=https:\/\/voceatimisului.ro\/ipocrizie-cu-repetitie-dominic-fritz-vrea-sa-reformeze-ani-dupa-ce-a-fost-prins-in-conflict-de-interese\/&amp;media=https:\/\/voceatimisului.ro\/wp-content\/uploads\/2025\/04\/Dominic-Fritz-scaled.jpg&amp;description=Ipocrizie+cu+repeti%C8%9Bie%3A+Dominic+Fritz+vrea+s%C4%83+reformeze+ANI%2C+dup%C4%83+ce+a+fost+prins+%C3%AEn+conflict+de+interese\" title=\"Pinterest\" rel=\"noopener\"><\/p>\n<div class=\"td-social-but-text\">Pinterest<\/div>\n<p><\/a><a class=\"td-social-sharing-button td-social-sharing-button-js td-social-network td-social-whatsapp\" href=\"https:\/\/api.whatsapp.com\/send?text=Ipocrizie+cu+repeti%C8%9Bie%3A+Dominic+Fritz+vrea+s%C4%83+reformeze+ANI%2C+dup%C4%83+ce+a+fost+prins+%C3%AEn+conflict+de+interese%20%0A%0A%20https:\/\/voceatimisului.ro\/ipocrizie-cu-repetitie-dominic-fritz-vrea-sa-reformeze-ani-dupa-ce-a-fost-prins-in-conflict-de-interese\/\" title=\"WhatsApp\" rel=\"noopener\"><\/p>\n<div class=\"td-social-but-text\">WhatsApp<\/div>\n<p><\/a><a class=\"td-social-sharing-button td-social-sharing-button-js td-social-network td-social-linkedin\" href=\"https:\/\/www.linkedin.com\/shareArticle?mini=true&amp;url=https:\/\/voceatimisului.ro\/ipocrizie-cu-repetitie-dominic-fritz-vrea-sa-reformeze-ani-dupa-ce-a-fost-prins-in-conflict-de-interese\/&amp;title=Ipocrizie+cu+repeti%C8%9Bie%3A+Dominic+Fritz+vrea+s%C4%83+reformeze+ANI%2C+dup%C4%83+ce+a+fost+prins+%C3%AEn+conflict+de+interese\" title=\"Linkedin\" rel=\"noopener\"><\/p>\n<div class=\"td-social-but-text\">Linkedin<\/div>\n<p><\/a><a class=\"td-social-sharing-button td-social-sharing-button-js td-social-network td-social-copy_url\" href=\"https:\/\/voceatimisului.ro\/ipocrizie-cu-repetitie-dominic-fritz-vrea-sa-reformeze-ani-dupa-ce-a-fost-prins-in-conflict-de-interese\/\" title=\"Copy URL\" rel=\"noopener\"><\/p>\n<div class=\"td-social-but-text\">Copy URL<\/div>\n<p><\/a><\/div>\n<\/div>\n<\/div>\n<div class=\"td_block_wrap tdb_single_next_prev tdi_76 td-animation-stack td-next-prev-img-on td-pb-border-top td_block_template_1\" data-td-block-uid=\"tdi_76\">\n<div class=\"tdb-block-inner td-fix-index\">\n<div class=\"tdb-next-post tdb-next-post-bg tdb-post-prev\"><span>Articolul precedent<\/span><\/p>\n<div class=\"td-module-container\">\n<div class=\"td-image-container\"><a class=\"td-image-wrap\" href=\"https:\/\/voceatimisului.ro\/expozitii-teatru-si-filosofie-saptamana-culturala-de-exceptie-la-timisoara\/\"><img decoding=\"async\" class=\"td-next-prev-image td-fix-index td-lazy-img\" title=\"Expozi\u021bii, teatru \u0219i filosofie: S\u0103pt\u0103m\u00e2n\u0103 cultural\u0103 de excep\u021bie la Timi\u0219oara\" src=\"https:\/\/voceatimisului.ro\/wp-content\/uploads\/2025\/06\/Expozitii-teatru-si-filosofie-Saptamana-culturala-de-exceptie-la-Timisoara.jpg\"><\/a><\/div>\n<div class=\"next-prev-title\"><a href=\"https:\/\/voceatimisului.ro\/expozitii-teatru-si-filosofie-saptamana-culturala-de-exceptie-la-timisoara\/\">Expozi\u021bii, teatru \u0219i filosofie: S\u0103pt\u0103m\u00e2n\u0103 cultural\u0103 de excep\u021bie la Timi\u0219oara<\/a><\/div>\n<\/div>\n<\/div>\n<div class=\"tdb-next-post tdb-next-post-bg tdb-post-next\"><span>Articolul urm\u0103tor<\/span><\/p>\n<div class=\"td-module-container\">\n<div class=\"td-image-container\"><a class=\"td-image-wrap\" href=\"https:\/\/voceatimisului.ro\/bastionul-theresia-prinde-viata-primele-imagini-ale-transformarii-arhitecturale-prezentate-de-alfred-simonis\/\"><img loading=\"lazy\" decoding=\"async\" class=\"td-next-prev-image td-fix-index td-lazy-img\" title=\"Bastionul Theresia prinde via\u021b\u0103: primele imagini ale transform\u0103rii arhitecturale, prezentate de Alfred Simonis\" width=\"696\" height=\"300\" src=\"https:\/\/voceatimisului.ro\/wp-content\/uploads\/2025\/06\/505229584_1240980457482290_6818342767381597492_n-696x300.jpg\"><\/a><\/div>\n<div class=\"next-prev-title\"><a href=\"https:\/\/voceatimisului.ro\/bastionul-theresia-prinde-viata-primele-imagini-ale-transformarii-arhitecturale-prezentate-de-alfred-simonis\/\">Bastionul Theresia prinde via\u021b\u0103: primele imagini ale transform\u0103rii arhitecturale, prezentate de Alfred Simonis<\/a><\/div>\n<\/div>\n<\/div>\n<\/div>\n<\/div>\n<\/div>\n<\/div>\n<\/div>\n<\/div>\n<div class=\"vc_row_inner tdi_86  vc_row vc_inner wpb_row td-pb-row\">\n<div class=\"vc_column_inner tdi_88  wpb_column vc_column_container tdc-inner-column td-pb-span4 td-is-sticky\">\n<div class=\"vc_column-inner\">\n<div class=\"wpb_wrapper\" data-sticky-enabled-on=\"W3RydWUsdHJ1ZSx0cnVlLHRydWVd\" data-sticky-offset=\"20\" data-sticky-is-width-auto=\"W2ZhbHNlLGZhbHNlLGZhbHNlLGZhbHNlXQ==\">\n<div class=\"td_block_wrap tdb_single_related tdi_89 td_with_ajax_pagination td-pb-border-top td_block_template_1 tdb-single-related-posts\" data-td-block-uid=\"tdi_89\">\n<div id=\"tdi_89\" class=\"td_block_inner tdb-block-inner td-fix-index\">\n<div class=\"tdb_module_related td_module_wrap td-animation-stack td-meta-info-hide\">\n<div class=\"td-module-container td-category-pos-image\">\n<div class=\"td-module-meta-info\">\n<h3 class=\"entry-title td-module-title\"><a href=\"https:\/\/voceatimisului.ro\/retim-si-a-mutat-sediul-in-oradea-timisoara-pierde-taxe-administratia-fritz-tace\/\" rel=\"bookmark\" title=\"RETIM \u0219i-a mutat sediul \u00een Oradea. Timi\u0219oara pierde taxe, administra\u021bia Fritz tace\">RETIM \u0219i-a mutat sediul \u00een Oradea. Timi\u0219oara pierde taxe, administra\u021bia Fritz tace<\/a><\/h3>\n<\/div>\n<\/div>\n<\/div>\n<div class=\"tdb_module_related td_module_wrap td-animation-stack td-meta-info-hide\">\n<div class=\"td-module-container td-category-pos-image\">\n<div class=\"td-module-meta-info\">\n<h3 class=\"entry-title td-module-title\"><a href=\"https:\/\/voceatimisului.ro\/fritz-ignora-legea-ministerul-muncii-confirma-incetarea-functiei-lui-pokker-in-ziua-pensionarii\/\" rel=\"bookmark\" title=\"Fritz ignor\u0103 legea. Ministerul Muncii confirm\u0103 \u00eencetarea func\u021biei lui Pokker \u00een ziua pension\u0103rii\">Fritz ignor\u0103 legea. Ministerul Muncii confirm\u0103 \u00eencetarea func\u021biei lui Pokker \u00een ziua pension\u0103rii<\/a><\/h3>\n<\/div>\n<\/div>\n<\/div>\n<div class=\"tdb_module_related td_module_wrap td-animation-stack td-meta-info-hide\">\n<div class=\"td-module-container td-category-pos-image\">\n<div class=\"td-module-meta-info\">\n<h3 class=\"entry-title td-module-title\"><a href=\"https:\/\/voceatimisului.ro\/licitatia-de-e-ticketing-a-primariei-timisoara-trimisa-la-rescris-de-cnsc-documentatie-profund-viciata-si-semne-de-intrebare-privind-expertiza-din-spatele-proiectului\/\" rel=\"bookmark\" title=\"Licita\u021bia de e-ticketing a Prim\u0103riei Timi\u0219oara, trimis\u0103 la rescris de CNSC. Documenta\u021bie \u201eprofund viciat\u0103\u201d \u0219i semne de \u00eentrebare privind expertiza din spatele proiectului\">Licita\u021bia de e-ticketing a Prim\u0103riei Timi\u0219oara, trimis\u0103 la rescris de CNSC. Documenta\u021bie \u201eprofund viciat\u0103\u201d \u0219i semne de \u00eentrebare privind expertiza din spatele proiectului<\/a><\/h3>\n<\/div>\n<\/div>\n<\/div>\n<\/div>\n<\/div>\n<\/div>\n<\/div>\n<\/div>\n<div class=\"vc_column_inner tdi_91  wpb_column vc_column_container tdc-inner-column td-pb-span8\">\n<div class=\"vc_column-inner\">\n<div class=\"wpb_wrapper\">\n<div class=\"td_block_wrap tdb_single_comments tdi_92 tdb-comm-layout2 td-pb-border-top td_block_template_2\" data-td-block-uid=\"tdi_92\">\n<div class=\"tdb-block-inner td-fix-index\">\n<div class=\"comments\" id=\"comments\">\n<div id=\"respond\" class=\"comment-respond\">\n<h3 id=\"reply-title\" class=\"comment-reply-title\">L\u0102SA\u021aI UN MESAJ <small><a rel=\"nofollow\" id=\"cancel-comment-reply-link\" href=\"https:\/\/voceatimisului.ro\/ipocrizie-cu-repetitie-dominic-fritz-vrea-sa-reformeze-ani-dupa-ce-a-fost-prins-in-conflict-de-interese\/#respond\">Renun\u021ba\u021bi la r\u0103spuns<\/a><\/small><\/h3>\n<div class=\"comment-form-input-wrap td-form-comment\">\n<div class=\"td-warning-comment\">V\u0103 rug\u0103m s\u0103 introduce\u021bi comentariul dvs.!<\/div>\n<\/div>\n<div class=\"comment-form-input-wrap td-form-author\">\n<div class=\"td-warning-author\">Introduce\u021bi aici numele dvs.<\/div>\n<\/div>\n<div class=\"comment-form-input-wrap td-form-email\">\n<div class=\"td-warning-email-error\">A\u021bi introdus o adres\u0103 de e-mail incorect\u0103!<\/div>\n<div class=\"td-warning-email\">V\u0103 rug\u0103m s\u0103 introduce\u021bi adresa dvs. de e-mail aici<\/div>\n<\/div>\n<\/div>\n<\/div>\n<\/div>\n<\/div>\n<\/div>\n<\/div>\n<\/div>\n<\/div>\n<\/div>\n<\/div>\n<div class=\"vc_column tdi_94  wpb_column vc_column_container tdc-column td-pb-span4 td-is-sticky\">\n<div class=\"wpb_wrapper\" data-sticky-enabled-on=\"W3RydWUsdHJ1ZSx0cnVlLHRydWVd\" data-sticky-offset=\"20\" data-sticky-is-width-auto=\"W2ZhbHNlLGZhbHNlLGZhbHNlLGZhbHNlXQ==\">\n<div class=\"vc_row_inner tdi_96  vc_row vc_inner wpb_row td-pb-row\">\n<div class=\"vc_column_inner tdi_98  wpb_column vc_column_container tdc-inner-column td-pb-span12\">\n<div class=\"vc_column-inner\">\n<div class=\"wpb_wrapper\">\n<div class=\"td_block_wrap td_block_title tdi_99 td-pb-border-top td_block_template_11 td-fix-index\" data-td-block-uid=\"tdi_99\">\n<div class=\"td-block-title-wrap\">\n<h4 class=\"td-block-title\"><span class=\"td-pulldown-size\">ANUN\u021aURI \u0218I PUBLICITATE<\/span><\/h4>\n<\/div>\n<\/div>\n<\/div>\n<\/div>\n<\/div>\n<\/div>\n<div class=\"wpb_wrapper td_block_wrap vc_widget_sidebar tdi_101 \">\n<aside id=\"block-10\" class=\"td_block_template_1 widget block-10 widget_block widget_media_image\">\n<figure class=\"wp-block-image size-full\"><a href=\"https:\/\/adpghiroda.ro\/index.html\" target=\"_blank\" rel=\" noreferrer noopener\"><img decoding=\"async\" loading=\"eager\" width=\"960\" height=\"960\" src=\"https:\/\/voceatimisului.ro\/wp-content\/uploads\/2025\/03\/ADP-Ghiroda2.jpg\" alt class=\"wp-image-171492\"><\/a><\/figure>\n<\/aside>\n<aside id=\"block-11\" class=\"td_block_template_1 widget block-11 widget_block widget_media_image\">\n<figure class=\"wp-block-image size-full\"><a href=\"https:\/\/adpghiroda.ro\/index.html\" target=\"_blank\" rel=\" noreferrer noopener\"><img decoding=\"async\" loading=\"eager\" width=\"960\" height=\"960\" src=\"https:\/\/voceatimisului.ro\/wp-content\/uploads\/2025\/03\/ADP-Ghiroda1.jpg\" alt class=\"wp-image-171491\"><\/a><\/figure>\n<\/aside>\n<aside id=\"block-17\" class=\"td_block_template_1 widget block-17 widget_block widget_media_image\">\n<figure class=\"wp-block-image size-large is-resized\"><a href=\"https:\/\/verde.events\/\" target=\"_blank\" rel=\" noreferrer noopener\"><img decoding=\"async\" loading=\"lazy\" width=\"1024\" height=\"683\" src=\"https:\/\/voceatimisului.ro\/wp-content\/uploads\/2025\/08\/Verde-Events-24-1024x683.jpg\" alt=\"Verde Events\" class=\"wp-image-174395\"><\/a><figcaption class=\"wp-element-caption\"><strong><em>O experien\u021b\u0103 unic\u0103 pentru orice tip de eveniment<\/em><\/strong><\/figcaption><\/figure>\n<\/aside>\n<\/div>\n<div class=\"td_block_wrap td_flex_block_1 tdi_107 td-pb-border-top td_block_template_1 td_ajax_preloading_preload td_flex_block\" data-td-block-uid=\"tdi_107\">\n<div id=\"tdi_107\" class=\"td_block_inner td-mc1-wrap\">\n<div class=\"td_module_flex td_module_flex_1 td_module_wrap td-animation-stack td-meta-info-hide td-cpt-post\">\n<div class=\"td-module-container td-category-pos-image\">\n<div class=\"td-module-meta-info\">\n<h3 class=\"entry-title td-module-title\"><a href=\"https:\/\/voceatimisului.ro\/dominic-fritz-si-pensionarii-de-lux-ai-legalitatii\/\" rel=\"bookmark\" title=\"Dominic Fritz \u0219i pensionarii de lux ai legalit\u0103\u021bii\">Dominic Fritz \u0219i pensionarii de lux ai legalit\u0103\u021bii<\/a><\/h3>\n<\/div>\n<\/div>\n<\/div>\n<div class=\"td_module_flex td_module_flex_1 td_module_wrap td-animation-stack td-meta-info-hide td-cpt-post\">\n<div class=\"td-module-container td-category-pos-image\">\n<div class=\"td-module-meta-info\">\n<h3 class=\"entry-title td-module-title\"><a href=\"https:\/\/voceatimisului.ro\/demolari-fara-drept-si-functionari-executati-administratia-fritz-tot-mai-aproape-de-comunismul-birocratic\/\" rel=\"bookmark\" title=\"Demol\u0103ri f\u0103r\u0103 drept \u0219i func\u021bionari executa\u021bi: administra\u021bia Fritz, tot mai aproape de comunismul birocratic\">Demol\u0103ri f\u0103r\u0103 drept \u0219i func\u021bionari executa\u021bi: administra\u021bia Fritz, tot mai aproape de comunismul birocratic<\/a><\/h3>\n<\/div>\n<\/div>\n<\/div>\n<div class=\"td_module_flex td_module_flex_1 td_module_wrap td-animation-stack td-meta-info-hide td-cpt-post\">\n<div class=\"td-module-container td-category-pos-image\">\n<div class=\"td-module-meta-info\">\n<h3 class=\"entry-title td-module-title\"><a href=\"https:\/\/voceatimisului.ro\/buldozerul-administratiei-fritz-loveste-din-nou-viceprimarul-romocean-i-a-executat-administrativ-pe-cei-doi-functionari-care-au-refuzat-sa-mai-participe-la-demolarile-abuzive\/\" rel=\"bookmark\" title=\"Buldozerul administra\u021biei Fritz love\u0219te din nou. Viceprimarul Romocean i-a executat administrativ pe cei doi func\u021bionari care au refuzat s\u0103 mai participe la demol\u0103rile abuzive\">Buldozerul administra\u021biei Fritz love\u0219te din nou. Viceprimarul Romocean i-a executat administrativ pe cei doi func\u021bionari care au refuzat s\u0103 mai participe la demol\u0103rile abuzive<\/a><\/h3>\n<\/div>\n<\/div>\n<\/div>\n<div class=\"td_module_flex td_module_flex_1 td_module_wrap td-animation-stack td-meta-info-hide td-cpt-post\">\n<div class=\"td-module-container td-category-pos-image\">\n<div class=\"td-module-meta-info\">\n<h3 class=\"entry-title td-module-title\"><a href=\"https:\/\/voceatimisului.ro\/buldozerul-intai-legea-dupa-primaria-timisoara-isi-verifica-singura-demolarea-de-la-dinar\/\" rel=\"bookmark\" title=\"Buldozerul \u00eent\u00e2i, legea dup\u0103. Prim\u0103ria Timi\u0219oara \u00ee\u0219i verific\u0103 singur\u0103 demolarea de la Dinar\">Buldozerul \u00eent\u00e2i, legea dup\u0103. Prim\u0103ria Timi\u0219oara \u00ee\u0219i verific\u0103 singur\u0103 demolarea de la Dinar<\/a><\/h3>\n<\/div>\n<\/div>\n<\/div>\n<div class=\"td_module_flex td_module_flex_1 td_module_wrap td-animation-stack td-meta-info-hide td-cpt-post\">\n<div class=\"td-module-container td-category-pos-image\">\n<div class=\"td-module-meta-info\">\n<h3 class=\"entry-title td-module-title\"><a href=\"https:\/\/voceatimisului.ro\/buldozerul-lui-fritz-mai-presus-de-lege\/\" rel=\"bookmark\" title=\"Buldozerul lui Fritz, mai presus de lege\">Buldozerul lui Fritz, mai presus de lege<\/a><\/h3>\n<\/div>\n<\/div>\n<\/div>\n<\/div>\n<\/div>\n<\/div>\n<\/div>\n<\/div>\n<\/div>\n<\/div>\n<\/div>\n<p><span class=\"td-page-meta\"><\/span><span class=\"td-page-meta\"><span class=\"td-page-meta\"><\/span><\/span><span class=\"td-page-meta\"><\/span><\/article>\n<p> Source URL: https:\/\/voceatimisului.ro\/ipocrizie-cu-repetitie-dominic-fritz-vrea-sa-reformeze-ani-dupa-ce-a-fost-prins-in-conflict-de-interese\/<\/p>\n","protected":false},"excerpt":{"rendered":"<p>Editorial\u0218tiri Ipocrizie cu repeti\u021bie: Dominic Fritz vrea s\u0103 reformeze ANI, dup\u0103 ce a fost prins \u00een conflict de interese Autor-Radu Constantin 11 iunie 2025 0 11072 Facebook Twitter Pinterest WhatsApp Linkedin Copy URL Tramvaiul nu vine, dar propaganda circul\u0103 perfect Transportul public din Timi\u0219oara se pr\u0103bu\u0219e\u0219te \u00een fiecare zi \u00een trafic, dar \u00een birourile Prim\u0103riei [&hellip;]<\/p>\n","protected":false},"author":1,"featured_media":0,"comment_status":"open","ping_status":"","sticky":false,"template":"","format":"standard","meta":{"footnotes":""},"categories":[89],"tags":[199],"class_list":["post-1055583","post","type-post","status-publish","format-standard","hentry","category-romania","tag-voceatimisului-ro"],"_links":{"self":[{"href":"https:\/\/analyse.optim.biz\/index.php?rest_route=\/wp\/v2\/posts\/1055583","targetHints":{"allow":["GET"]}}],"collection":[{"href":"https:\/\/analyse.optim.biz\/index.php?rest_route=\/wp\/v2\/posts"}],"about":[{"href":"https:\/\/analyse.optim.biz\/index.php?rest_route=\/wp\/v2\/types\/post"}],"author":[{"embeddable":true,"href":"https:\/\/analyse.optim.biz\/index.php?rest_route=\/wp\/v2\/users\/1"}],"replies":[{"embeddable":true,"href":"https:\/\/analyse.optim.biz\/index.php?rest_route=%2Fwp%2Fv2%2Fcomments&post=1055583"}],"version-history":[{"count":0,"href":"https:\/\/analyse.optim.biz\/index.php?rest_route=\/wp\/v2\/posts\/1055583\/revisions"}],"wp:attachment":[{"href":"https:\/\/analyse.optim.biz\/index.php?rest_route=%2Fwp%2Fv2%2Fmedia&parent=1055583"}],"wp:term":[{"taxonomy":"category","embeddable":true,"href":"https:\/\/analyse.optim.biz\/index.php?rest_route=%2Fwp%2Fv2%2Fcategories&post=1055583"},{"taxonomy":"post_tag","embeddable":true,"href":"https:\/\/analyse.optim.biz\/index.php?rest_route=%2Fwp%2Fv2%2Ftags&post=1055583"}],"curies":[{"name":"wp","href":"https:\/\/api.w.org\/{rel}","templated":true}]}}