{"id":1055581,"date":"2025-06-16T05:49:11","date_gmt":"2025-06-16T02:49:11","guid":{"rendered":"https:\/\/analyse.optim.biz\/?p=1055581"},"modified":"2025-06-16T05:49:11","modified_gmt":"2025-06-16T02:49:11","slug":"usr-intre-santaj-politic-si-esec-administrativ-cazul-fritz-si-derapajele-unui-partid-ratacit","status":"publish","type":"post","link":"https:\/\/analyse.optim.biz\/?p=1055581","title":{"rendered":"USR, \u00eentre \u0219antaj politic \u0219i e\u0219ec administrativ. Cazul Fritz \u0219i derapajele unui partid r\u0103t\u0103cit"},"content":{"rendered":"<article id=\"template-id-172790\" class=\"post-172790 tdb_templates type-tdb_templates status-publish post\">\n<div id=\"tdi_38\" class=\"tdc-zone\">\n<div class=\"tdc_zone tdi_39  wpb_row td-pb-row\">\n<div id=\"tdi_40\" class=\"tdc-row stretch_row_1400 td-stretch-content\">\n<div class=\"vc_row tdi_41  wpb_row td-pb-row tdc-element-style\">\n<div class=\"vc_column tdi_43  wpb_column vc_column_container tdc-column td-pb-span8\">\n<div class=\"wpb_wrapper\">\n<div class=\"td_block_wrap tdb_single_categories tdi_44 td-pb-border-top td_block_template_1 \" data-td-block-uid=\"tdi_44\">\n<div class=\"tdb-category td-fix-index\"><a class=\"tdb-entry-category\" href=\"https:\/\/voceatimisului.ro\/editorial\/\">Editorial<\/a><a class=\"tdb-entry-category\" href=\"https:\/\/voceatimisului.ro\/stiri-din-timisoara-si-timis\/\">\u0218tiri<\/a><\/div>\n<\/div>\n<div class=\"td_block_wrap tdb_title tdi_45 tdb-single-title td-pb-border-top td_block_template_1\" data-td-block-uid=\"tdi_45\">\n<div class=\"tdb-block-inner td-fix-index\">\n<h1 class=\"tdb-title-text\">USR, \u00eentre \u0219antaj politic \u0219i e\u0219ec administrativ. Cazul Fritz \u0219i derapajele unui partid r\u0103t\u0103cit<\/h1>\n<\/div>\n<\/div>\n<div class=\"vc_row_inner tdi_48  vc_row vc_inner wpb_row td-pb-row\">\n<div class=\"vc_column_inner tdi_50  wpb_column vc_column_container tdc-inner-column td-pb-span6\">\n<div class=\"vc_column-inner\">\n<div class=\"wpb_wrapper\">\n<div class=\"td_block_wrap tdb_single_author tdi_51 td-pb-border-top td_block_template_1 tdb-post-meta\" data-td-block-uid=\"tdi_51\">\n<div class=\"tdb-block-inner td-fix-index\">\n<div class=\"tdb-author-name-wrap\"><span class=\"tdb-author-by\">Autor-<\/span><a class=\"tdb-author-name\" href=\"https:\/\/voceatimisului.ro\/author\/cataadmin\/\">Radu Constantin<\/a><\/div>\n<\/div>\n<\/div>\n<div class=\"td_block_wrap tdb_single_date tdi_52 td-pb-border-top td_block_template_1 tdb-post-meta\" data-td-block-uid=\"tdi_52\">\n<div class=\"tdb-block-inner td-fix-index\"><time class=\"entry-date updated td-module-date\" datetime=\"2025-06-16T08:49:11+03:00\">16 iunie 2025<\/time><\/div>\n<\/div>\n<div class=\"td_block_wrap tdb_single_comments_count tdi_53 td-pb-border-top td_block_template_1 tdb-post-meta\" data-td-block-uid=\"tdi_53\">\n<div class=\"tdb-block-inner td-fix-index\"><a href=\"https:\/\/voceatimisului.ro\/usr-intre-santaj-politic-si-esec-administrativ-cazul-fritz-si-derapajele-unui-partid-ratacit\/#respond\"><span>0<\/span><\/a><\/div>\n<\/div>\n<div class=\"td_block_wrap tdb_single_post_views tdi_54 td-pb-border-top td_block_template_1 tdb-post-meta\" data-td-block-uid=\"tdi_54\">\n<div class=\"tdb-block-inner td-fix-index\"><span class=\"tdb-add-text\">1<\/span><span class=\"td-nr-views-172597\">1748<\/span><\/div>\n<\/div>\n<\/div>\n<\/div>\n<\/div>\n<div class=\"vc_column_inner tdi_56  wpb_column vc_column_container tdc-inner-column td-pb-span6\">\n<div class=\"vc_column-inner\">\n<div class=\"wpb_wrapper\">\n<div class=\"td_block_wrap tdb_single_post_share tdi_57  td-pb-border-top td_block_template_1\" data-td-block-uid=\"tdi_57\">\n<div id=\"tdi_57\" class=\"td-post-sharing tdb-block td-ps-bg td-ps-notext td-post-sharing-style1 \">\n<div class=\"td-post-sharing-visible\"><a class=\"td-social-sharing-button td-social-sharing-button-js td-social-network td-social-facebook\" href=\"https:\/\/www.facebook.com\/sharer.php?u=https%3A%2F%2Fvoceatimisului.ro%2Fusr-intre-santaj-politic-si-esec-administrativ-cazul-fritz-si-derapajele-unui-partid-ratacit%2F\" title=\"Facebook\" rel=\"noopener\"><\/p>\n<div class=\"td-social-but-text\">Facebook<\/div>\n<p><\/a><a class=\"td-social-sharing-button td-social-sharing-button-js td-social-network td-social-twitter\" href=\"https:\/\/twitter.com\/intent\/tweet?text=USR%2C+%C3%AEntre+%C8%99antaj+politic+%C8%99i+e%C8%99ec+administrativ.+Cazul+Fritz+%C8%99i+derapajele+unui+partid+r%C4%83t%C4%83cit&amp;url=https%3A%2F%2Fvoceatimisului.ro%2Fusr-intre-santaj-politic-si-esec-administrativ-cazul-fritz-si-derapajele-unui-partid-ratacit%2F&amp;via=Vocea+Timisului\" title=\"Twitter\" rel=\"noopener\"><\/p>\n<div class=\"td-social-but-text\">Twitter<\/div>\n<p><\/a><a class=\"td-social-sharing-button td-social-sharing-button-js td-social-network td-social-pinterest\" href=\"https:\/\/pinterest.com\/pin\/create\/button\/?url=https:\/\/voceatimisului.ro\/usr-intre-santaj-politic-si-esec-administrativ-cazul-fritz-si-derapajele-unui-partid-ratacit\/&amp;media=https:\/\/voceatimisului.ro\/wp-content\/uploads\/2025\/06\/Dominic-Fritz-scaled.jpg&amp;description=USR%2C+%C3%AEntre+%C8%99antaj+politic+%C8%99i+e%C8%99ec+administrativ.+Cazul+Fritz+%C8%99i+derapajele+unui+partid+r%C4%83t%C4%83cit\" title=\"Pinterest\" rel=\"noopener\"><\/p>\n<div class=\"td-social-but-text\">Pinterest<\/div>\n<p><\/a><a class=\"td-social-sharing-button td-social-sharing-button-js td-social-network td-social-whatsapp\" href=\"https:\/\/api.whatsapp.com\/send?text=USR%2C+%C3%AEntre+%C8%99antaj+politic+%C8%99i+e%C8%99ec+administrativ.+Cazul+Fritz+%C8%99i+derapajele+unui+partid+r%C4%83t%C4%83cit%20%0A%0A%20https:\/\/voceatimisului.ro\/usr-intre-santaj-politic-si-esec-administrativ-cazul-fritz-si-derapajele-unui-partid-ratacit\/\" title=\"WhatsApp\" rel=\"noopener\"><\/p>\n<div class=\"td-social-but-text\">WhatsApp<\/div>\n<p><\/a><a class=\"td-social-sharing-button td-social-sharing-button-js td-social-network td-social-linkedin\" href=\"https:\/\/www.linkedin.com\/shareArticle?mini=true&amp;url=https:\/\/voceatimisului.ro\/usr-intre-santaj-politic-si-esec-administrativ-cazul-fritz-si-derapajele-unui-partid-ratacit\/&amp;title=USR%2C+%C3%AEntre+%C8%99antaj+politic+%C8%99i+e%C8%99ec+administrativ.+Cazul+Fritz+%C8%99i+derapajele+unui+partid+r%C4%83t%C4%83cit\" title=\"Linkedin\" rel=\"noopener\"><\/p>\n<div class=\"td-social-but-text\">Linkedin<\/div>\n<p><\/a><a class=\"td-social-sharing-button td-social-sharing-button-js td-social-network td-social-copy_url\" href=\"https:\/\/voceatimisului.ro\/usr-intre-santaj-politic-si-esec-administrativ-cazul-fritz-si-derapajele-unui-partid-ratacit\/\" title=\"Copy URL\" rel=\"noopener\"><\/p>\n<div class=\"td-social-but-text\">Copy URL<\/div>\n<p><\/a><\/div>\n<\/div>\n<\/div>\n<\/div>\n<\/div>\n<\/div>\n<\/div>\n<div class=\"td_block_wrap tdb_single_featured_image tdi_58 tdb-content-horiz-left td-pb-border-top td_block_template_1\" data-td-block-uid=\"tdi_58\">\n<div class=\"tdb-block-inner td-fix-index\">\n<figure><img fetchpriority=\"high\" decoding=\"async\" width=\"696\" height=\"463\" class=\"entry-thumb\" src=\"https:\/\/voceatimisului.ro\/wp-content\/uploads\/2025\/06\/Dominic-Fritz-696x463.jpg\" alt title=\"Dominic Fritz\" loading=\"eager\"><figcaption class=\"tdb-caption-text\">USR, \u00eentre \u0219antaj politic \u0219i e\u0219ec administrativ. Cazul Fritz \u0219i derapajele unui partid r\u0103t\u0103cit<\/figcaption><\/figure>\n<\/div>\n<\/div>\n<div class=\"vc_row_inner tdi_60  vc_row vc_inner wpb_row td-pb-row\">\n<div class=\"vc_column_inner tdi_62  wpb_column vc_column_container tdc-inner-column td-pb-span4 td-is-sticky\">\n<div class=\"vc_column-inner\">\n<div class=\"wpb_wrapper\" data-sticky-enabled-on=\"W3RydWUsdHJ1ZSx0cnVlLHRydWVd\" data-sticky-offset=\"20\" data-sticky-is-width-auto=\"W2ZhbHNlLGZhbHNlLGZhbHNlLGZhbHNlXQ==\">\n<div class=\"td_block_wrap td_flex_block_1 tdi_63 td-pb-border-top td_block_template_1 td_ajax_preloading_preload td_flex_block\" data-td-block-uid=\"tdi_63\">\n<div id=\"tdi_63\" class=\"td_block_inner td-mc1-wrap\">\n<div class=\"td_module_flex td_module_flex_1 td_module_wrap td-animation-stack td-meta-info-hide td-cpt-post\">\n<div class=\"td-module-container td-category-pos-image\">\n<div class=\"td-module-meta-info\">\n<h3 class=\"entry-title td-module-title\"><a href=\"https:\/\/voceatimisului.ro\/tramvaiul-nu-vine-dar-propaganda-circula-perfect\/\" rel=\"bookmark\" title=\"Tramvaiul nu vine, dar propaganda circul\u0103 perfect\">Tramvaiul nu vine, dar propaganda circul\u0103 perfect<\/a><\/h3>\n<\/div>\n<\/div>\n<\/div>\n<div class=\"td_module_flex td_module_flex_1 td_module_wrap td-animation-stack td-meta-info-hide td-cpt-post\">\n<div class=\"td-module-container td-category-pos-image\">\n<div class=\"td-module-meta-info\">\n<h3 class=\"entry-title td-module-title\"><a href=\"https:\/\/voceatimisului.ro\/transportul-public-din-timisoara-se-prabuseste-in-fiecare-zi-in-trafic-dar-in-birourile-primariei-totul-arata-perfect-si-european\/\" rel=\"bookmark\" title=\"Transportul public din Timi\u0219oara se pr\u0103bu\u0219e\u0219te \u00een fiecare zi \u00een trafic, dar \u00een birourile Prim\u0103riei totul arat\u0103 perfect \u0219i \u201ceuropean\u201d\">Transportul public din Timi\u0219oara se pr\u0103bu\u0219e\u0219te \u00een fiecare zi \u00een trafic, dar \u00een birourile Prim\u0103riei totul arat\u0103 perfect \u0219i \u201ceuropean\u201d<\/a><\/h3>\n<\/div>\n<\/div>\n<\/div>\n<div class=\"td_module_flex td_module_flex_1 td_module_wrap td-animation-stack td-meta-info-hide td-cpt-post\">\n<div class=\"td-module-container td-category-pos-image\">\n<div class=\"td-module-meta-info\">\n<h3 class=\"entry-title td-module-title\"><a href=\"https:\/\/voceatimisului.ro\/iccj-ii-strica-lui-dominic-fritz-manevra-de-blocaj-dosarul-de-conflict-de-interese-se-reia\/\" rel=\"bookmark\" title=\"\u00ceCCJ \u00eei stric\u0103 lui Dominic Fritz manevra de blocaj. Dosarul de conflict de interese se reia\">\u00ceCCJ \u00eei stric\u0103 lui Dominic Fritz manevra de blocaj. Dosarul de conflict de interese se reia<\/a><\/h3>\n<\/div>\n<\/div>\n<\/div>\n<div class=\"td_module_flex td_module_flex_1 td_module_wrap td-animation-stack td-meta-info-hide td-cpt-post\">\n<div class=\"td-module-container td-category-pos-image\">\n<div class=\"td-module-meta-info\">\n<h3 class=\"entry-title td-module-title\"><a href=\"https:\/\/voceatimisului.ro\/retim-a-plecat-din-timisoara-sub-nasul-consiliului-local\/\" rel=\"bookmark\" title=\"RETIM a plecat din Timi\u0219oara sub nasul Consiliului Local\">RETIM a plecat din Timi\u0219oara sub nasul Consiliului Local<\/a><\/h3>\n<\/div>\n<\/div>\n<\/div>\n<\/div>\n<\/div>\n<div class=\"tdb-author-box td_block_wrap tdb_single_author_box tdi_68 tdb-content-vert-top td-pb-border-top td_block_template_1\" data-td-block-uid=\"tdi_68\">\n<div class=\"tdb-block-inner td-fix-index\">\n<div class=\"tdb-author-info\"><a href=\"https:\/\/voceatimisului.ro\/author\/cataadmin\/\" class=\"tdb-author-name\">Radu Constantin<\/a><a href=\"http:\/\/www.voceatimisului.ro\" rel=\"nofollow\" class=\"tdb-author-url\">http:\/\/www.voceatimisului.ro<\/a><\/p>\n<div class=\"tdb-author-descr\">\u00centreaga responsabilitate a comentariilor l\u0103sate de dumneavoastr\u0103 v\u0103 apar\u021bine!<br \/>\nClick <a href=\"https:\/\/voceatimisului.ro\/termeni-si-conditii\/\">aici<\/a>-citeste condi\u0163iile de utilizare ale site-ului www.voceatimisului.ro<\/div>\n<\/div>\n<\/div>\n<\/div>\n<\/div>\n<\/div>\n<\/div>\n<div class=\"vc_column_inner tdi_70  wpb_column vc_column_container tdc-inner-column td-pb-span8\">\n<div class=\"vc_column-inner\">\n<div class=\"wpb_wrapper\">\n<div class=\"td_block_wrap tdb_single_content tdi_71 td-pb-border-top td_block_template_1 td-post-content tagdiv-type\" data-td-block-uid=\"tdi_71\">\n<div class=\"tdb-block-inner td-fix-index\">\n<h5 class=\"wp-block-heading\">\u00cen ultimele zile, mai multe surse politice au confirmat o manevr\u0103 de culise marca USR: condi\u021bionarea sprijinului acordat lui Nicu\u0219or Dan de cedarea unor ministere sau func\u021bii \u00een viitoarea arhitectur\u0103 guvernamental\u0103. Argumentul? \u201eNoi te-am f\u0103cut pre\u0219edinte.\u201d<\/h5>\n<p>Este o afirma\u021bie care nu doar c\u0103 frizeaz\u0103 ridicolul, dar confirm\u0103 o derivare periculoas\u0103 de la principiile pe care USR pretinde c\u0103 le ap\u0103r\u0103: transparen\u021b\u0103, meritocra\u021bie \u0219i integritate. Practic, liderii USR transform\u0103 orice sus\u021binere politic\u0103 \u00eentr-un troc, iar reformismul devine o masc\u0103 pentru \u0219antajul politic.<\/p>\n<p>Este important s\u0103 reamintim c\u0103 aceea\u0219i strategie a fost aplicat\u0103 \u0219i \u00een cazul Clotildei Armand, dup\u0103 ce conducerea USR a tr\u0103dat-o pe Elena Lasconi, votat\u0103 masiv de membrii de partid, doar pentru a instala \u00een fruntea forma\u021biunii o echip\u0103 obedient\u0103, controlabil\u0103 \u0219i complet rupt\u0103 de realitate. Acum, istoria se repet\u0103: <strong>se \u00eencearc\u0103 un nou \u0219antaj<\/strong>, de data aceasta la adresa lui Nicu\u0219or Dan. Metodele amintesc, din p\u0103cate, de <strong>vremuri demult apuse, dominate de practici comuniste \u0219i reflexe securiste.<\/strong><\/p>\n<p>Chiar Dominic Fritz confirm\u0103 aceast\u0103 abordare \u00eentr-o declara\u021bie public\u0103 recent\u0103: <strong><em>\u201eUSR va hot\u0103r\u00ee \u00eencotro merge guvernul. Fie suntem parte a guvernului, cu punctele noastre \u00een programul de guvernare, fie mergem \u00een opozi\u021bie.\u201d<\/em><\/strong> Este o pozi\u021bie care traduce foarte clar strategia de for\u021bare a m\u00e2inii, de impunere prin presiune politic\u0103, nu prin negociere onest\u0103.<\/p>\n<p>Aceast\u0103 atitudine vine \u00een contextul unui scor electoral modest la alegerile parlamentare: aproximativ 12%. \u00cen contrast, PSD, AUR \u0219i PNL au adunat \u00eempreun\u0103 peste 5 milioane de voturi, ceea ce le confer\u0103 o legitimitate net superioar\u0103 \u00een configurarea deciziilor politice majore.<\/p>\n<figure class=\"wp-block-image size-large\"><img decoding=\"async\" width=\"1024\" height=\"462\" src=\"https:\/\/voceatimisului.ro\/wp-content\/uploads\/2025\/06\/USR-intre-santaj-politic-si-esec-administrativ.-Cazul-Fritz-si-derapajele-unui-partid-ratacit-1024x462.png\" alt=\"USR, \u00eentre \u0219antaj politic \u0219i e\u0219ec administrativ. Cazul Fritz \u0219i derapajele unui partid r\u0103t\u0103cit\" class=\"wp-image-172600\" loading=\"lazy\"><\/figure>\n<p>\u00cen loc s\u0103 ini\u021bieze o analiz\u0103 serioas\u0103 asupra cauzelor acestui regres, USR \u00eencearc\u0103 s\u0103 se men\u021bin\u0103 \u00een centrul puterii prin presiune politic\u0103 \u0219i \u0219antaj. Totul sub conducerea unui om cu performan\u021be administrative discutabile: <strong><em>Dominic Fritz, primarul Timi\u0219oarei.<\/em><\/strong><\/p>\n<p>Fritz, promovat intens de USR ca simbol al moderniz\u0103rii, a e\u0219uat \u00een gestionarea unui ora\u0219-cheie. Administra\u021bia sa este marcat\u0103 de scandaluri, incapacitate de implementare a proiectelor majore \u0219i o rela\u021bie tot mai tensionat\u0103 cu cet\u0103\u021benii. Mai grav, actualul lider USR nu de\u021bine cet\u0103\u021benie rom\u00e2n\u0103, fapt care ridic\u0103 semne serioase de \u00eentrebare asupra legitimit\u0103\u021bii sale \u00eentr-o func\u021bie de conducere a unui partid na\u021bional.<\/p>\n<p>\u00centr-o declara\u021bie recent\u0103, Fritz a \u00eencercat s\u0103 minimalizeze aceast\u0103 problem\u0103 printr-o formulare manipulatoare, spun\u00e2nd:<\/p>\n<p><strong><em>\u201eMai clarific c\u0103 mi-am depus de un an dosarul pentru cet\u0103\u021benia Rom\u00e2niei. \u00cemi \u00eendeplinesc toate condi\u021biile, trebuie s\u0103 locuie\u0219ti cel pu\u021bin patru ani \u00een Rom\u00e2nia ca cet\u0103\u021bean pentru a ob\u021bine cet\u0103\u021benia. Evident c\u0103 eu, ca primar al Timi\u0219oarei, de 5 ani locuiesc \u00een Rom\u00e2nia, deci \u00eemi \u00eendeplinesc toate condi\u021biile. \u0218i singurul motiv de ce \u00eenc\u0103 nu am primit-o este c\u0103 dosarul meu, din cele 50.000 de dosare care au fost depuse anul trecut, \u00eenc\u0103 nu a ajuns la r\u00e2nd. A\u0219tept la coad\u0103, ca \u0219i toat\u0103 lumea, \u0219i m\u0103 bucur.\u201d<\/em><\/strong><\/p>\n<p>Tonul aparent modest ascunde esen\u021ba real\u0103: un politician str\u0103in, f\u0103r\u0103 cet\u0103\u021benie rom\u00e2n\u0103, conduce un partid na\u021bional \u0219i vrea s\u0103 decid\u0103 direc\u021bia guvern\u0103rii. Aceasta nu este modestie, ci o tentativ\u0103 de a deturna aten\u021bia de la o incompatibilitate fundamental\u0103 cu interesul na\u021bional.<\/p>\n<p>Aceast\u0103 combina\u021bie de e\u0219ec administrativ, \u0219antaj politic \u0219i dispre\u021b fa\u021b\u0103 de voin\u021ba aleg\u0103torilor reprezint\u0103 un pericol real pentru democra\u021bie. Nu po\u021bi cere ministere c\u00e2nd e\u0219ti pe un trend descendent \u0219i c\u00e2nd rezultatele tale, at\u00e2t electorale, c\u00e2t \u0219i administrative, sunt mediocre.<\/p>\n<p>USR risc\u0103 s\u0103 devin\u0103 o caricatur\u0103 a propriei misiuni, transform\u00e2ndu-se dintr-un partid-reper \u00eentr-un actor politic dominat de frustr\u0103ri, obsesii de control \u0219i derapaje autoritare.<\/p>\n<p>A venit momentul ca acest partid s\u0103 ias\u0103 din bul\u0103 \u0219i s\u0103 \u00een\u021beleag\u0103 un adev\u0103r simplu: \u00een democra\u021bie, func\u021biile se c\u00e2\u0219tig\u0103 prin vot, nu prin \u0219antaj.<\/p>\n<p>USR trebuie s\u0103 r\u0103spund\u0103 public la \u00eentreb\u0103ri esen\u021biale: <strong>Cine \u00eel protejeaz\u0103 pe Dominic Fritz? \u00cen numele cui ac\u021bioneaz\u0103 un cet\u0103\u021bean str\u0103in care decide direc\u021bia unui partid rom\u00e2nesc? Cum a ajuns s\u0103 fie infiltrat \u00een structuri-cheie \u0219i ce for\u021be \u00eel sus\u021bin \u00een spatele u\u0219ilor \u00eenchise?<\/strong><\/p>\n<p>Rom\u00e2nia are nevoie de lideri loiali, nu de proiecte importate, de transparen\u021b\u0103, nu de re\u021bele obscure. T\u0103cerea \u00een jurul acestor \u00eentreb\u0103ri nu mai poate fi tolerat\u0103. Nu e doar o problem\u0103 de moralitate politic\u0103 \u2013 este o chestiune de siguran\u021b\u0103 na\u021bional\u0103.<\/p>\n<\/div>\n<\/div>\n<div class=\"td_block_wrap tdb_single_tags tdi_74 td-pb-border-top td_block_template_1\" data-td-block-uid=\"tdi_74\">\n<div class=\"tdb-block-inner td-fix-index\">\n<ul class=\"tdb-tags\">\n<li><span>Tags<\/span><\/li>\n<li><a href=\"https:\/\/voceatimisului.ro\/tag\/alegeri-parlamentare-2024\/\">alegeri parlamentare 2024<\/a><\/li>\n<li><a href=\"https:\/\/voceatimisului.ro\/tag\/dominic-fritz\/\">Dominic Fritz<\/a><\/li>\n<li><a href=\"https:\/\/voceatimisului.ro\/tag\/primaria-de-sticla\/\">primaria de sticla<\/a><\/li>\n<li><a href=\"https:\/\/voceatimisului.ro\/tag\/usr-timis\/\">usr timis<\/a><\/li>\n<\/ul>\n<\/div>\n<\/div>\n<div class=\"td_block_wrap tdb_single_post_share tdi_75  td-pb-border-top td_block_template_1\" data-td-block-uid=\"tdi_75\">\n<div id=\"tdi_75\" class=\"td-post-sharing tdb-block td-ps-bg td-ps-notext td-post-sharing-style1 \">\n<div class=\"td-post-sharing-visible\"><a class=\"td-social-sharing-button td-social-sharing-button-js td-social-network td-social-facebook\" href=\"https:\/\/www.facebook.com\/sharer.php?u=https%3A%2F%2Fvoceatimisului.ro%2Fusr-intre-santaj-politic-si-esec-administrativ-cazul-fritz-si-derapajele-unui-partid-ratacit%2F\" title=\"Facebook\" rel=\"noopener\"><\/p>\n<div class=\"td-social-but-text\">Facebook<\/div>\n<p><\/a><a class=\"td-social-sharing-button td-social-sharing-button-js td-social-network td-social-twitter\" href=\"https:\/\/twitter.com\/intent\/tweet?text=USR%2C+%C3%AEntre+%C8%99antaj+politic+%C8%99i+e%C8%99ec+administrativ.+Cazul+Fritz+%C8%99i+derapajele+unui+partid+r%C4%83t%C4%83cit&amp;url=https%3A%2F%2Fvoceatimisului.ro%2Fusr-intre-santaj-politic-si-esec-administrativ-cazul-fritz-si-derapajele-unui-partid-ratacit%2F&amp;via=Vocea+Timisului\" title=\"Twitter\" rel=\"noopener\"><\/p>\n<div class=\"td-social-but-text\">Twitter<\/div>\n<p><\/a><a class=\"td-social-sharing-button td-social-sharing-button-js td-social-network td-social-pinterest\" href=\"https:\/\/pinterest.com\/pin\/create\/button\/?url=https:\/\/voceatimisului.ro\/usr-intre-santaj-politic-si-esec-administrativ-cazul-fritz-si-derapajele-unui-partid-ratacit\/&amp;media=https:\/\/voceatimisului.ro\/wp-content\/uploads\/2025\/06\/Dominic-Fritz-scaled.jpg&amp;description=USR%2C+%C3%AEntre+%C8%99antaj+politic+%C8%99i+e%C8%99ec+administrativ.+Cazul+Fritz+%C8%99i+derapajele+unui+partid+r%C4%83t%C4%83cit\" title=\"Pinterest\" rel=\"noopener\"><\/p>\n<div class=\"td-social-but-text\">Pinterest<\/div>\n<p><\/a><a class=\"td-social-sharing-button td-social-sharing-button-js td-social-network td-social-whatsapp\" href=\"https:\/\/api.whatsapp.com\/send?text=USR%2C+%C3%AEntre+%C8%99antaj+politic+%C8%99i+e%C8%99ec+administrativ.+Cazul+Fritz+%C8%99i+derapajele+unui+partid+r%C4%83t%C4%83cit%20%0A%0A%20https:\/\/voceatimisului.ro\/usr-intre-santaj-politic-si-esec-administrativ-cazul-fritz-si-derapajele-unui-partid-ratacit\/\" title=\"WhatsApp\" rel=\"noopener\"><\/p>\n<div class=\"td-social-but-text\">WhatsApp<\/div>\n<p><\/a><a class=\"td-social-sharing-button td-social-sharing-button-js td-social-network td-social-linkedin\" href=\"https:\/\/www.linkedin.com\/shareArticle?mini=true&amp;url=https:\/\/voceatimisului.ro\/usr-intre-santaj-politic-si-esec-administrativ-cazul-fritz-si-derapajele-unui-partid-ratacit\/&amp;title=USR%2C+%C3%AEntre+%C8%99antaj+politic+%C8%99i+e%C8%99ec+administrativ.+Cazul+Fritz+%C8%99i+derapajele+unui+partid+r%C4%83t%C4%83cit\" title=\"Linkedin\" rel=\"noopener\"><\/p>\n<div class=\"td-social-but-text\">Linkedin<\/div>\n<p><\/a><a class=\"td-social-sharing-button td-social-sharing-button-js td-social-network td-social-copy_url\" href=\"https:\/\/voceatimisului.ro\/usr-intre-santaj-politic-si-esec-administrativ-cazul-fritz-si-derapajele-unui-partid-ratacit\/\" title=\"Copy URL\" rel=\"noopener\"><\/p>\n<div class=\"td-social-but-text\">Copy URL<\/div>\n<p><\/a><\/div>\n<\/div>\n<\/div>\n<div class=\"td_block_wrap tdb_single_next_prev tdi_76 td-animation-stack td-next-prev-img-on td-pb-border-top td_block_template_1\" data-td-block-uid=\"tdi_76\">\n<div class=\"tdb-block-inner td-fix-index\">\n<div class=\"tdb-next-post tdb-next-post-bg tdb-post-prev\"><span>Articolul precedent<\/span><\/p>\n<div class=\"td-module-container\">\n<div class=\"td-image-container\"><a class=\"td-image-wrap\" href=\"https:\/\/voceatimisului.ro\/sanzienele-coboara-in-oras-traditie-si-spectacol-contemporan-la-bastionul-theresia\/\"><img loading=\"lazy\" decoding=\"async\" class=\"td-next-prev-image td-fix-index td-lazy-img\" title=\"S\u00e2nzienele coboar\u0103 \u00een ora\u0219: tradi\u021bie \u0219i spectacol contemporan la Bastionul Theresia\" width=\"696\" height=\"870\" src=\"https:\/\/voceatimisului.ro\/wp-content\/uploads\/2025\/06\/Sanzienele-696x870.jpg\"><\/a><\/div>\n<div class=\"next-prev-title\"><a href=\"https:\/\/voceatimisului.ro\/sanzienele-coboara-in-oras-traditie-si-spectacol-contemporan-la-bastionul-theresia\/\">S\u00e2nzienele coboar\u0103 \u00een ora\u0219: tradi\u021bie \u0219i spectacol contemporan la Bastionul Theresia<\/a><\/div>\n<\/div>\n<\/div>\n<div class=\"tdb-next-post tdb-next-post-bg tdb-post-next\"><span>Articolul urm\u0103tor<\/span><\/p>\n<div class=\"td-module-container\">\n<div class=\"td-image-container\"><a class=\"td-image-wrap\" href=\"https:\/\/voceatimisului.ro\/investitie-majora-in-sanatate-sectia-ati-de-la-spitalul-judetean-timisoara-se-extinde-cu-fonduri-europene\/\"><img loading=\"lazy\" decoding=\"async\" class=\"td-next-prev-image td-fix-index td-lazy-img\" title=\"Investi\u021bie major\u0103 \u00een s\u0103n\u0103tate: Sec\u021bia ATI de la Spitalul Jude\u021bean Timi\u0219oara se extinde cu fonduri europene\" width=\"696\" height=\"522\" src=\"https:\/\/voceatimisului.ro\/wp-content\/uploads\/2019\/05\/spitalul-judetean-696x522.jpg\"><\/a><\/div>\n<div class=\"next-prev-title\"><a href=\"https:\/\/voceatimisului.ro\/investitie-majora-in-sanatate-sectia-ati-de-la-spitalul-judetean-timisoara-se-extinde-cu-fonduri-europene\/\">Investi\u021bie major\u0103 \u00een s\u0103n\u0103tate: Sec\u021bia ATI de la Spitalul Jude\u021bean Timi\u0219oara se extinde cu fonduri europene<\/a><\/div>\n<\/div>\n<\/div>\n<\/div>\n<\/div>\n<\/div>\n<\/div>\n<\/div>\n<\/div>\n<div class=\"vc_row_inner tdi_86  vc_row vc_inner wpb_row td-pb-row\">\n<div class=\"vc_column_inner tdi_88  wpb_column vc_column_container tdc-inner-column td-pb-span4 td-is-sticky\">\n<div class=\"vc_column-inner\">\n<div class=\"wpb_wrapper\" data-sticky-enabled-on=\"W3RydWUsdHJ1ZSx0cnVlLHRydWVd\" data-sticky-offset=\"20\" data-sticky-is-width-auto=\"W2ZhbHNlLGZhbHNlLGZhbHNlLGZhbHNlXQ==\">\n<div class=\"td_block_wrap tdb_single_related tdi_89 td_with_ajax_pagination td-pb-border-top td_block_template_1 tdb-single-related-posts\" data-td-block-uid=\"tdi_89\">\n<div id=\"tdi_89\" class=\"td_block_inner tdb-block-inner td-fix-index\">\n<div class=\"tdb_module_related td_module_wrap td-animation-stack td-meta-info-hide\">\n<div class=\"td-module-container td-category-pos-image\">\n<div class=\"td-module-meta-info\">\n<h3 class=\"entry-title td-module-title\"><a href=\"https:\/\/voceatimisului.ro\/retim-si-a-mutat-sediul-in-oradea-timisoara-pierde-taxe-administratia-fritz-tace\/\" rel=\"bookmark\" title=\"RETIM \u0219i-a mutat sediul \u00een Oradea. Timi\u0219oara pierde taxe, administra\u021bia Fritz tace\">RETIM \u0219i-a mutat sediul \u00een Oradea. Timi\u0219oara pierde taxe, administra\u021bia Fritz tace<\/a><\/h3>\n<\/div>\n<\/div>\n<\/div>\n<div class=\"tdb_module_related td_module_wrap td-animation-stack td-meta-info-hide\">\n<div class=\"td-module-container td-category-pos-image\">\n<div class=\"td-module-meta-info\">\n<h3 class=\"entry-title td-module-title\"><a href=\"https:\/\/voceatimisului.ro\/fritz-ignora-legea-ministerul-muncii-confirma-incetarea-functiei-lui-pokker-in-ziua-pensionarii\/\" rel=\"bookmark\" title=\"Fritz ignor\u0103 legea. Ministerul Muncii confirm\u0103 \u00eencetarea func\u021biei lui Pokker \u00een ziua pension\u0103rii\">Fritz ignor\u0103 legea. Ministerul Muncii confirm\u0103 \u00eencetarea func\u021biei lui Pokker \u00een ziua pension\u0103rii<\/a><\/h3>\n<\/div>\n<\/div>\n<\/div>\n<div class=\"tdb_module_related td_module_wrap td-animation-stack td-meta-info-hide\">\n<div class=\"td-module-container td-category-pos-image\">\n<div class=\"td-module-meta-info\">\n<h3 class=\"entry-title td-module-title\"><a href=\"https:\/\/voceatimisului.ro\/licitatia-de-e-ticketing-a-primariei-timisoara-trimisa-la-rescris-de-cnsc-documentatie-profund-viciata-si-semne-de-intrebare-privind-expertiza-din-spatele-proiectului\/\" rel=\"bookmark\" title=\"Licita\u021bia de e-ticketing a Prim\u0103riei Timi\u0219oara, trimis\u0103 la rescris de CNSC. Documenta\u021bie \u201eprofund viciat\u0103\u201d \u0219i semne de \u00eentrebare privind expertiza din spatele proiectului\">Licita\u021bia de e-ticketing a Prim\u0103riei Timi\u0219oara, trimis\u0103 la rescris de CNSC. Documenta\u021bie \u201eprofund viciat\u0103\u201d \u0219i semne de \u00eentrebare privind expertiza din spatele proiectului<\/a><\/h3>\n<\/div>\n<\/div>\n<\/div>\n<\/div>\n<\/div>\n<\/div>\n<\/div>\n<\/div>\n<div class=\"vc_column_inner tdi_91  wpb_column vc_column_container tdc-inner-column td-pb-span8\">\n<div class=\"vc_column-inner\">\n<div class=\"wpb_wrapper\">\n<div class=\"td_block_wrap tdb_single_comments tdi_92 tdb-comm-layout2 td-pb-border-top td_block_template_2\" data-td-block-uid=\"tdi_92\">\n<div class=\"tdb-block-inner td-fix-index\">\n<div class=\"comments\" id=\"comments\">\n<div id=\"respond\" class=\"comment-respond\">\n<h3 id=\"reply-title\" class=\"comment-reply-title\">L\u0102SA\u021aI UN MESAJ <small><a rel=\"nofollow\" id=\"cancel-comment-reply-link\" href=\"https:\/\/voceatimisului.ro\/usr-intre-santaj-politic-si-esec-administrativ-cazul-fritz-si-derapajele-unui-partid-ratacit\/#respond\">Renun\u021ba\u021bi la r\u0103spuns<\/a><\/small><\/h3>\n<div class=\"comment-form-input-wrap td-form-comment\">\n<div class=\"td-warning-comment\">V\u0103 rug\u0103m s\u0103 introduce\u021bi comentariul dvs.!<\/div>\n<\/div>\n<div class=\"comment-form-input-wrap td-form-author\">\n<div class=\"td-warning-author\">Introduce\u021bi aici numele dvs.<\/div>\n<\/div>\n<div class=\"comment-form-input-wrap td-form-email\">\n<div class=\"td-warning-email-error\">A\u021bi introdus o adres\u0103 de e-mail incorect\u0103!<\/div>\n<div class=\"td-warning-email\">V\u0103 rug\u0103m s\u0103 introduce\u021bi adresa dvs. de e-mail aici<\/div>\n<\/div>\n<\/div>\n<\/div>\n<\/div>\n<\/div>\n<\/div>\n<\/div>\n<\/div>\n<\/div>\n<\/div>\n<\/div>\n<div class=\"vc_column tdi_94  wpb_column vc_column_container tdc-column td-pb-span4 td-is-sticky\">\n<div class=\"wpb_wrapper\" data-sticky-enabled-on=\"W3RydWUsdHJ1ZSx0cnVlLHRydWVd\" data-sticky-offset=\"20\" data-sticky-is-width-auto=\"W2ZhbHNlLGZhbHNlLGZhbHNlLGZhbHNlXQ==\">\n<div class=\"vc_row_inner tdi_96  vc_row vc_inner wpb_row td-pb-row\">\n<div class=\"vc_column_inner tdi_98  wpb_column vc_column_container tdc-inner-column td-pb-span12\">\n<div class=\"vc_column-inner\">\n<div class=\"wpb_wrapper\">\n<div class=\"td_block_wrap td_block_title tdi_99 td-pb-border-top td_block_template_11 td-fix-index\" data-td-block-uid=\"tdi_99\">\n<div class=\"td-block-title-wrap\">\n<h4 class=\"td-block-title\"><span class=\"td-pulldown-size\">ANUN\u021aURI \u0218I PUBLICITATE<\/span><\/h4>\n<\/div>\n<\/div>\n<\/div>\n<\/div>\n<\/div>\n<\/div>\n<div class=\"wpb_wrapper td_block_wrap vc_widget_sidebar tdi_101 \">\n<aside id=\"block-10\" class=\"td_block_template_1 widget block-10 widget_block widget_media_image\">\n<figure class=\"wp-block-image size-full\"><a href=\"https:\/\/adpghiroda.ro\/index.html\" target=\"_blank\" rel=\" noreferrer noopener\"><img decoding=\"async\" loading=\"eager\" width=\"960\" height=\"960\" src=\"https:\/\/voceatimisului.ro\/wp-content\/uploads\/2025\/03\/ADP-Ghiroda2.jpg\" alt class=\"wp-image-171492\"><\/a><\/figure>\n<\/aside>\n<aside id=\"block-11\" class=\"td_block_template_1 widget block-11 widget_block widget_media_image\">\n<figure class=\"wp-block-image size-full\"><a href=\"https:\/\/adpghiroda.ro\/index.html\" target=\"_blank\" rel=\" noreferrer noopener\"><img decoding=\"async\" loading=\"eager\" width=\"960\" height=\"960\" src=\"https:\/\/voceatimisului.ro\/wp-content\/uploads\/2025\/03\/ADP-Ghiroda1.jpg\" alt class=\"wp-image-171491\"><\/a><\/figure>\n<\/aside>\n<aside id=\"block-17\" class=\"td_block_template_1 widget block-17 widget_block widget_media_image\">\n<figure class=\"wp-block-image size-large is-resized\"><a href=\"https:\/\/verde.events\/\" target=\"_blank\" rel=\" noreferrer noopener\"><img decoding=\"async\" loading=\"lazy\" width=\"1024\" height=\"683\" src=\"https:\/\/voceatimisului.ro\/wp-content\/uploads\/2025\/08\/Verde-Events-24-1024x683.jpg\" alt=\"Verde Events\" class=\"wp-image-174395\"><\/a><figcaption class=\"wp-element-caption\"><strong><em>O experien\u021b\u0103 unic\u0103 pentru orice tip de eveniment<\/em><\/strong><\/figcaption><\/figure>\n<\/aside>\n<\/div>\n<div class=\"td_block_wrap td_flex_block_1 tdi_107 td-pb-border-top td_block_template_1 td_ajax_preloading_preload td_flex_block\" data-td-block-uid=\"tdi_107\">\n<div id=\"tdi_107\" class=\"td_block_inner td-mc1-wrap\">\n<div class=\"td_module_flex td_module_flex_1 td_module_wrap td-animation-stack td-meta-info-hide td-cpt-post\">\n<div class=\"td-module-container td-category-pos-image\">\n<div class=\"td-module-meta-info\">\n<h3 class=\"entry-title td-module-title\"><a href=\"https:\/\/voceatimisului.ro\/dominic-fritz-si-pensionarii-de-lux-ai-legalitatii\/\" rel=\"bookmark\" title=\"Dominic Fritz \u0219i pensionarii de lux ai legalit\u0103\u021bii\">Dominic Fritz \u0219i pensionarii de lux ai legalit\u0103\u021bii<\/a><\/h3>\n<\/div>\n<\/div>\n<\/div>\n<div class=\"td_module_flex td_module_flex_1 td_module_wrap td-animation-stack td-meta-info-hide td-cpt-post\">\n<div class=\"td-module-container td-category-pos-image\">\n<div class=\"td-module-meta-info\">\n<h3 class=\"entry-title td-module-title\"><a href=\"https:\/\/voceatimisului.ro\/demolari-fara-drept-si-functionari-executati-administratia-fritz-tot-mai-aproape-de-comunismul-birocratic\/\" rel=\"bookmark\" title=\"Demol\u0103ri f\u0103r\u0103 drept \u0219i func\u021bionari executa\u021bi: administra\u021bia Fritz, tot mai aproape de comunismul birocratic\">Demol\u0103ri f\u0103r\u0103 drept \u0219i func\u021bionari executa\u021bi: administra\u021bia Fritz, tot mai aproape de comunismul birocratic<\/a><\/h3>\n<\/div>\n<\/div>\n<\/div>\n<div class=\"td_module_flex td_module_flex_1 td_module_wrap td-animation-stack td-meta-info-hide td-cpt-post\">\n<div class=\"td-module-container td-category-pos-image\">\n<div class=\"td-module-meta-info\">\n<h3 class=\"entry-title td-module-title\"><a href=\"https:\/\/voceatimisului.ro\/razboiul-de-la-dinar-in-subsolul-primariei-timisoara-digitalizarea-miroase-a-mucegai\/\" rel=\"bookmark\" title=\"R\u0103zboiul de la Dinar. \u00cen subsolul Prim\u0103riei Timi\u0219oara, digitalizarea miroase a mucegai\">R\u0103zboiul de la Dinar. \u00cen subsolul Prim\u0103riei Timi\u0219oara, digitalizarea miroase a mucegai<\/a><\/h3>\n<\/div>\n<\/div>\n<\/div>\n<div class=\"td_module_flex td_module_flex_1 td_module_wrap td-animation-stack td-meta-info-hide td-cpt-post\">\n<div class=\"td-module-container td-category-pos-image\">\n<div class=\"td-module-meta-info\">\n<h3 class=\"entry-title td-module-title\"><a href=\"https:\/\/voceatimisului.ro\/buldozerul-administratiei-fritz-loveste-din-nou-viceprimarul-romocean-i-a-executat-administrativ-pe-cei-doi-functionari-care-au-refuzat-sa-mai-participe-la-demolarile-abuzive\/\" rel=\"bookmark\" title=\"Buldozerul administra\u021biei Fritz love\u0219te din nou. Viceprimarul Romocean i-a executat administrativ pe cei doi func\u021bionari care au refuzat s\u0103 mai participe la demol\u0103rile abuzive\">Buldozerul administra\u021biei Fritz love\u0219te din nou. Viceprimarul Romocean i-a executat administrativ pe cei doi func\u021bionari care au refuzat s\u0103 mai participe la demol\u0103rile abuzive<\/a><\/h3>\n<\/div>\n<\/div>\n<\/div>\n<div class=\"td_module_flex td_module_flex_1 td_module_wrap td-animation-stack td-meta-info-hide td-cpt-post\">\n<div class=\"td-module-container td-category-pos-image\">\n<div class=\"td-module-meta-info\">\n<h3 class=\"entry-title td-module-title\"><a href=\"https:\/\/voceatimisului.ro\/buldozerul-intai-legea-dupa-primaria-timisoara-isi-verifica-singura-demolarea-de-la-dinar\/\" rel=\"bookmark\" title=\"Buldozerul \u00eent\u00e2i, legea dup\u0103. Prim\u0103ria Timi\u0219oara \u00ee\u0219i verific\u0103 singur\u0103 demolarea de la Dinar\">Buldozerul \u00eent\u00e2i, legea dup\u0103. Prim\u0103ria Timi\u0219oara \u00ee\u0219i verific\u0103 singur\u0103 demolarea de la Dinar<\/a><\/h3>\n<\/div>\n<\/div>\n<\/div>\n<\/div>\n<\/div>\n<\/div>\n<\/div>\n<\/div>\n<\/div>\n<\/div>\n<\/div>\n<p><span class=\"td-page-meta\"><\/span><span class=\"td-page-meta\"><span class=\"td-page-meta\"><\/span><\/span><span class=\"td-page-meta\"><\/span><\/article>\n<p> Source URL: https:\/\/voceatimisului.ro\/usr-intre-santaj-politic-si-esec-administrativ-cazul-fritz-si-derapajele-unui-partid-ratacit\/<\/p>\n","protected":false},"excerpt":{"rendered":"<p>Editorial\u0218tiri USR, \u00eentre \u0219antaj politic \u0219i e\u0219ec administrativ. Cazul Fritz \u0219i derapajele unui partid r\u0103t\u0103cit Autor-Radu Constantin 16 iunie 2025 0 11748 Facebook Twitter Pinterest WhatsApp Linkedin Copy URL USR, \u00eentre \u0219antaj politic \u0219i e\u0219ec administrativ. Cazul Fritz \u0219i derapajele unui partid r\u0103t\u0103cit Tramvaiul nu vine, dar propaganda circul\u0103 perfect Transportul public din Timi\u0219oara se [&hellip;]<\/p>\n","protected":false},"author":1,"featured_media":0,"comment_status":"open","ping_status":"","sticky":false,"template":"","format":"standard","meta":{"footnotes":""},"categories":[89],"tags":[199],"class_list":["post-1055581","post","type-post","status-publish","format-standard","hentry","category-romania","tag-voceatimisului-ro"],"_links":{"self":[{"href":"https:\/\/analyse.optim.biz\/index.php?rest_route=\/wp\/v2\/posts\/1055581","targetHints":{"allow":["GET"]}}],"collection":[{"href":"https:\/\/analyse.optim.biz\/index.php?rest_route=\/wp\/v2\/posts"}],"about":[{"href":"https:\/\/analyse.optim.biz\/index.php?rest_route=\/wp\/v2\/types\/post"}],"author":[{"embeddable":true,"href":"https:\/\/analyse.optim.biz\/index.php?rest_route=\/wp\/v2\/users\/1"}],"replies":[{"embeddable":true,"href":"https:\/\/analyse.optim.biz\/index.php?rest_route=%2Fwp%2Fv2%2Fcomments&post=1055581"}],"version-history":[{"count":0,"href":"https:\/\/analyse.optim.biz\/index.php?rest_route=\/wp\/v2\/posts\/1055581\/revisions"}],"wp:attachment":[{"href":"https:\/\/analyse.optim.biz\/index.php?rest_route=%2Fwp%2Fv2%2Fmedia&parent=1055581"}],"wp:term":[{"taxonomy":"category","embeddable":true,"href":"https:\/\/analyse.optim.biz\/index.php?rest_route=%2Fwp%2Fv2%2Fcategories&post=1055581"},{"taxonomy":"post_tag","embeddable":true,"href":"https:\/\/analyse.optim.biz\/index.php?rest_route=%2Fwp%2Fv2%2Ftags&post=1055581"}],"curies":[{"name":"wp","href":"https:\/\/api.w.org\/{rel}","templated":true}]}}