{"id":1055578,"date":"2025-07-27T10:55:16","date_gmt":"2025-07-27T07:55:16","guid":{"rendered":"https:\/\/analyse.optim.biz\/?p=1055578"},"modified":"2025-07-27T10:55:16","modified_gmt":"2025-07-27T07:55:16","slug":"dupa-furtuna-liniste-in-primarie-useristii-au-tacut-apoi-au-atacat-un-festival","status":"publish","type":"post","link":"https:\/\/analyse.optim.biz\/?p=1055578","title":{"rendered":"Dup\u0103 furtun\u0103, lini\u0219te \u00een Prim\u0103rie. Useri\u0219tii au t\u0103cut, apoi au atacat un festival"},"content":{"rendered":"<article id=\"template-id-172790\" class=\"post-172790 tdb_templates type-tdb_templates status-publish post\">\n<div id=\"tdi_38\" class=\"tdc-zone\">\n<div class=\"tdc_zone tdi_39  wpb_row td-pb-row\">\n<div id=\"tdi_40\" class=\"tdc-row stretch_row_1400 td-stretch-content\">\n<div class=\"vc_row tdi_41  wpb_row td-pb-row tdc-element-style\">\n<div class=\"vc_column tdi_43  wpb_column vc_column_container tdc-column td-pb-span8\">\n<div class=\"wpb_wrapper\">\n<div class=\"td_block_wrap tdb_single_categories tdi_44 td-pb-border-top td_block_template_1 \" data-td-block-uid=\"tdi_44\">\n<div class=\"tdb-category td-fix-index\"><a class=\"tdb-entry-category\" href=\"https:\/\/voceatimisului.ro\/editorial\/\">Editorial<\/a><a class=\"tdb-entry-category\" href=\"https:\/\/voceatimisului.ro\/stiri-din-timisoara-si-timis\/\">\u0218tiri<\/a><\/div>\n<\/div>\n<div class=\"td_block_wrap tdb_title tdi_45 tdb-single-title td-pb-border-top td_block_template_1\" data-td-block-uid=\"tdi_45\">\n<div class=\"tdb-block-inner td-fix-index\">\n<h1 class=\"tdb-title-text\">Dup\u0103 furtun\u0103, lini\u0219te \u00een Prim\u0103rie. Useri\u0219tii au t\u0103cut, apoi au atacat un festival<\/h1>\n<\/div>\n<\/div>\n<div class=\"td_block_wrap tdb_single_subtitle tdi_46 td-pb-border-top td_block_template_1\" data-td-block-uid=\"tdi_46\">\n<div class=\"tdb-block-inner td-fix-index\">\n<h2>O furtun\u0103 a devastat Timi\u0219oara, iar administra\u021bia USR s-a ascuns dup\u0103 tastatur\u0103. \u00cen loc de reac\u021bii \u0219i ac\u021biune, am v\u0103zut t\u0103cere, dispre\u021b \u0219i atacuri politice absurde la adresa unui festival. \u00centr-un ora\u0219 pr\u0103bu\u0219it la propriu, priorit\u0103\u021bile au fost altele: imaginea de partid.<\/h2>\n<\/div>\n<\/div>\n<div class=\"vc_row_inner tdi_48  vc_row vc_inner wpb_row td-pb-row\">\n<div class=\"vc_column_inner tdi_50  wpb_column vc_column_container tdc-inner-column td-pb-span6\">\n<div class=\"vc_column-inner\">\n<div class=\"wpb_wrapper\">\n<div class=\"td_block_wrap tdb_single_author tdi_51 td-pb-border-top td_block_template_1 tdb-post-meta\" data-td-block-uid=\"tdi_51\">\n<div class=\"tdb-block-inner td-fix-index\">\n<div class=\"tdb-author-name-wrap\"><span class=\"tdb-author-by\">Autor-<\/span><a class=\"tdb-author-name\" href=\"https:\/\/voceatimisului.ro\/author\/cataadmin\/\">Radu Constantin<\/a><\/div>\n<\/div>\n<\/div>\n<div class=\"td_block_wrap tdb_single_date tdi_52 td-pb-border-top td_block_template_1 tdb-post-meta\" data-td-block-uid=\"tdi_52\">\n<div class=\"tdb-block-inner td-fix-index\"><time class=\"entry-date updated td-module-date\" datetime=\"2025-07-27T13:55:16+03:00\">27 iulie 2025<\/time><\/div>\n<\/div>\n<div class=\"td_block_wrap tdb_single_comments_count tdi_53 td-pb-border-top td_block_template_1 tdb-post-meta\" data-td-block-uid=\"tdi_53\">\n<div class=\"tdb-block-inner td-fix-index\"><a href=\"https:\/\/voceatimisului.ro\/dupa-furtuna-liniste-in-primarie-useristii-au-tacut-apoi-au-atacat-un-festival\/#respond\"><span>0<\/span><\/a><\/div>\n<\/div>\n<div class=\"td_block_wrap tdb_single_post_views tdi_54 td-pb-border-top td_block_template_1 tdb-post-meta\" data-td-block-uid=\"tdi_54\">\n<div class=\"tdb-block-inner td-fix-index\"><span class=\"tdb-add-text\">1<\/span><span class=\"td-nr-views-174184\">1258<\/span><\/div>\n<\/div>\n<\/div>\n<\/div>\n<\/div>\n<div class=\"vc_column_inner tdi_56  wpb_column vc_column_container tdc-inner-column td-pb-span6\">\n<div class=\"vc_column-inner\">\n<div class=\"wpb_wrapper\">\n<div class=\"td_block_wrap tdb_single_post_share tdi_57  td-pb-border-top td_block_template_1\" data-td-block-uid=\"tdi_57\">\n<div id=\"tdi_57\" class=\"td-post-sharing tdb-block td-ps-bg td-ps-notext td-post-sharing-style1 \">\n<div class=\"td-post-sharing-visible\"><a class=\"td-social-sharing-button td-social-sharing-button-js td-social-network td-social-facebook\" href=\"https:\/\/www.facebook.com\/sharer.php?u=https%3A%2F%2Fvoceatimisului.ro%2Fdupa-furtuna-liniste-in-primarie-useristii-au-tacut-apoi-au-atacat-un-festival%2F\" title=\"Facebook\" rel=\"noopener\"><\/p>\n<div class=\"td-social-but-text\">Facebook<\/div>\n<p><\/a><a class=\"td-social-sharing-button td-social-sharing-button-js td-social-network td-social-twitter\" href=\"https:\/\/twitter.com\/intent\/tweet?text=Dup%C4%83+furtun%C4%83%2C+lini%C8%99te+%C3%AEn+Prim%C4%83rie.+Useri%C8%99tii+au+t%C4%83cut%2C+apoi+au+atacat+un+festival&amp;url=https%3A%2F%2Fvoceatimisului.ro%2Fdupa-furtuna-liniste-in-primarie-useristii-au-tacut-apoi-au-atacat-un-festival%2F&amp;via=Vocea+Timisului\" title=\"Twitter\" rel=\"noopener\"><\/p>\n<div class=\"td-social-but-text\">Twitter<\/div>\n<p><\/a><a class=\"td-social-sharing-button td-social-sharing-button-js td-social-network td-social-pinterest\" href=\"https:\/\/pinterest.com\/pin\/create\/button\/?url=https:\/\/voceatimisului.ro\/dupa-furtuna-liniste-in-primarie-useristii-au-tacut-apoi-au-atacat-un-festival\/&amp;media=https:\/\/voceatimisului.ro\/wp-content\/uploads\/2025\/07\/Dupa-furtuna-liniste-in-Primarie-scaled.jpg&amp;description=Dup%C4%83+furtun%C4%83%2C+lini%C8%99te+%C3%AEn+Prim%C4%83rie.+Useri%C8%99tii+au+t%C4%83cut%2C+apoi+au+atacat+un+festival\" title=\"Pinterest\" rel=\"noopener\"><\/p>\n<div class=\"td-social-but-text\">Pinterest<\/div>\n<p><\/a><a class=\"td-social-sharing-button td-social-sharing-button-js td-social-network td-social-whatsapp\" href=\"https:\/\/api.whatsapp.com\/send?text=Dup%C4%83+furtun%C4%83%2C+lini%C8%99te+%C3%AEn+Prim%C4%83rie.+Useri%C8%99tii+au+t%C4%83cut%2C+apoi+au+atacat+un+festival%20%0A%0A%20https:\/\/voceatimisului.ro\/dupa-furtuna-liniste-in-primarie-useristii-au-tacut-apoi-au-atacat-un-festival\/\" title=\"WhatsApp\" rel=\"noopener\"><\/p>\n<div class=\"td-social-but-text\">WhatsApp<\/div>\n<p><\/a><a class=\"td-social-sharing-button td-social-sharing-button-js td-social-network td-social-linkedin\" href=\"https:\/\/www.linkedin.com\/shareArticle?mini=true&amp;url=https:\/\/voceatimisului.ro\/dupa-furtuna-liniste-in-primarie-useristii-au-tacut-apoi-au-atacat-un-festival\/&amp;title=Dup%C4%83+furtun%C4%83%2C+lini%C8%99te+%C3%AEn+Prim%C4%83rie.+Useri%C8%99tii+au+t%C4%83cut%2C+apoi+au+atacat+un+festival\" title=\"Linkedin\" rel=\"noopener\"><\/p>\n<div class=\"td-social-but-text\">Linkedin<\/div>\n<p><\/a><a class=\"td-social-sharing-button td-social-sharing-button-js td-social-network td-social-copy_url\" href=\"https:\/\/voceatimisului.ro\/dupa-furtuna-liniste-in-primarie-useristii-au-tacut-apoi-au-atacat-un-festival\/\" title=\"Copy URL\" rel=\"noopener\"><\/p>\n<div class=\"td-social-but-text\">Copy URL<\/div>\n<p><\/a><\/div>\n<\/div>\n<\/div>\n<\/div>\n<\/div>\n<\/div>\n<\/div>\n<div class=\"td_block_wrap tdb_single_featured_image tdi_58 tdb-content-horiz-left td-pb-border-top td_block_template_1\" data-td-block-uid=\"tdi_58\">\n<div class=\"tdb-block-inner td-fix-index\"><img fetchpriority=\"high\" decoding=\"async\" width=\"696\" height=\"502\" class=\"entry-thumb\" src=\"https:\/\/voceatimisului.ro\/wp-content\/uploads\/2025\/07\/Dupa-furtuna-liniste-in-Primarie-696x502.jpg\" alt=\"Dup\u0103 furtun\u0103, lini\u0219te \u00een Prim\u0103rie\" title=\"Dup\u0103 furtun\u0103, lini\u0219te \u00een Prim\u0103rie\" loading=\"eager\"><\/div>\n<\/div>\n<div class=\"vc_row_inner tdi_60  vc_row vc_inner wpb_row td-pb-row\">\n<div class=\"vc_column_inner tdi_62  wpb_column vc_column_container tdc-inner-column td-pb-span4 td-is-sticky\">\n<div class=\"vc_column-inner\">\n<div class=\"wpb_wrapper\" data-sticky-enabled-on=\"W3RydWUsdHJ1ZSx0cnVlLHRydWVd\" data-sticky-offset=\"20\" data-sticky-is-width-auto=\"W2ZhbHNlLGZhbHNlLGZhbHNlLGZhbHNlXQ==\">\n<div class=\"td_block_wrap td_flex_block_1 tdi_63 td-pb-border-top td_block_template_1 td_ajax_preloading_preload td_flex_block\" data-td-block-uid=\"tdi_63\">\n<div id=\"tdi_63\" class=\"td_block_inner td-mc1-wrap\">\n<div class=\"td_module_flex td_module_flex_1 td_module_wrap td-animation-stack td-meta-info-hide td-cpt-post\">\n<div class=\"td-module-container td-category-pos-image\">\n<div class=\"td-module-meta-info\">\n<h3 class=\"entry-title td-module-title\"><a href=\"https:\/\/voceatimisului.ro\/investitii-de-500-de-milioane-de-euro-in-sanatate-prezentate-in-timpul-vizitei-ministrului-sanatatii-la-timisoara\/\" rel=\"bookmark\" title=\"Investi\u021bii de 500 de milioane de euro \u00een s\u0103n\u0103tate, prezentate \u00een timpul vizitei ministrului S\u0103n\u0103t\u0103\u021bii la Timi\u0219oara\">Investi\u021bii de 500 de milioane de euro \u00een s\u0103n\u0103tate, prezentate \u00een timpul vizitei ministrului S\u0103n\u0103t\u0103\u021bii la Timi\u0219oara<\/a><\/h3>\n<\/div>\n<\/div>\n<\/div>\n<div class=\"td_module_flex td_module_flex_1 td_module_wrap td-animation-stack td-meta-info-hide td-cpt-post\">\n<div class=\"td-module-container td-category-pos-image\">\n<div class=\"td-module-meta-info\">\n<h3 class=\"entry-title td-module-title\"><a href=\"https:\/\/voceatimisului.ro\/tramvaiul-nu-vine-dar-propaganda-circula-perfect\/\" rel=\"bookmark\" title=\"Tramvaiul nu vine, dar propaganda circul\u0103 perfect\">Tramvaiul nu vine, dar propaganda circul\u0103 perfect<\/a><\/h3>\n<\/div>\n<\/div>\n<\/div>\n<div class=\"td_module_flex td_module_flex_1 td_module_wrap td-animation-stack td-meta-info-hide td-cpt-post\">\n<div class=\"td-module-container td-category-pos-image\">\n<div class=\"td-module-meta-info\">\n<h3 class=\"entry-title td-module-title\"><a href=\"https:\/\/voceatimisului.ro\/transportul-public-din-timisoara-se-prabuseste-in-fiecare-zi-in-trafic-dar-in-birourile-primariei-totul-arata-perfect-si-european\/\" rel=\"bookmark\" title=\"Transportul public din Timi\u0219oara se pr\u0103bu\u0219e\u0219te \u00een fiecare zi \u00een trafic, dar \u00een birourile Prim\u0103riei totul arat\u0103 perfect \u0219i \u201ceuropean\u201d\">Transportul public din Timi\u0219oara se pr\u0103bu\u0219e\u0219te \u00een fiecare zi \u00een trafic, dar \u00een birourile Prim\u0103riei totul arat\u0103 perfect \u0219i \u201ceuropean\u201d<\/a><\/h3>\n<\/div>\n<\/div>\n<\/div>\n<div class=\"td_module_flex td_module_flex_1 td_module_wrap td-animation-stack td-meta-info-hide td-cpt-post\">\n<div class=\"td-module-container td-category-pos-image\">\n<div class=\"td-module-meta-info\">\n<h3 class=\"entry-title td-module-title\"><a href=\"https:\/\/voceatimisului.ro\/retim-sfideaza-legea-si-institutiile-din-timis-foloseste-echipamente-publice-fara-drept-si-blocheaza-accesul-la-informatii\/\" rel=\"bookmark\" title=\"RETIM sfideaz\u0103 legea \u0219i institu\u021biile din Timi\u0219, folose\u0219te echipamente publice f\u0103r\u0103 drept \u0219i blocheaz\u0103 accesul la informa\u021bii\">RETIM sfideaz\u0103 legea \u0219i institu\u021biile din Timi\u0219, folose\u0219te echipamente publice f\u0103r\u0103 drept \u0219i blocheaz\u0103 accesul la informa\u021bii<\/a><\/h3>\n<\/div>\n<\/div>\n<\/div>\n<\/div>\n<\/div>\n<div class=\"tdb-author-box td_block_wrap tdb_single_author_box tdi_68 tdb-content-vert-top td-pb-border-top td_block_template_1\" data-td-block-uid=\"tdi_68\">\n<div class=\"tdb-block-inner td-fix-index\">\n<div class=\"tdb-author-info\"><a href=\"https:\/\/voceatimisului.ro\/author\/cataadmin\/\" class=\"tdb-author-name\">Radu Constantin<\/a><a href=\"http:\/\/www.voceatimisului.ro\" rel=\"nofollow\" class=\"tdb-author-url\">http:\/\/www.voceatimisului.ro<\/a><\/p>\n<div class=\"tdb-author-descr\">\u00centreaga responsabilitate a comentariilor l\u0103sate de dumneavoastr\u0103 v\u0103 apar\u021bine!<br \/>\nClick <a href=\"https:\/\/voceatimisului.ro\/termeni-si-conditii\/\">aici<\/a>-citeste condi\u0163iile de utilizare ale site-ului www.voceatimisului.ro<\/div>\n<\/div>\n<\/div>\n<\/div>\n<\/div>\n<\/div>\n<\/div>\n<div class=\"vc_column_inner tdi_70  wpb_column vc_column_container tdc-inner-column td-pb-span8\">\n<div class=\"vc_column-inner\">\n<div class=\"wpb_wrapper\">\n<div class=\"td_block_wrap tdb_single_content tdi_71 td-pb-border-top td_block_template_1 td-post-content tagdiv-type\" data-td-block-uid=\"tdi_71\">\n<div class=\"tdb-block-inner td-fix-index\">\n<h2 class=\"wp-block-heading\">Timi\u0219oara a trecut printr-un moment de criz\u0103. O furtun\u0103 violent\u0103 a pus ora\u0219ul \u00een genunchi. Parcuri devastate, acoperi\u0219uri smulse, copaci dobor\u00e2\u021bi, zeci de ma\u0219ini avariate \u0219i str\u0103zi blocate. Oameni r\u0103ni\u021bi. Un ora\u0219 \u00een haos.<\/h2>\n<p>\u00cen acest tablou de dezastru, ce face administra\u021bia Dominic Fritz? Nu comunic\u0103. Nu intervine prompt. Nu \u00ee\u0219i asum\u0103. \u00cen schimb, vocile din USR aleg s\u0103 atace un festival, <a href=\"https:\/\/voceatimisului.ro\/forza-zu-2025-vine-la-timisoara-zeci-de-artisti-romani-urca-pe-scena-pe-aeroportul-traian-vuia-pe-26-iulie\/\" target=\"_blank\" rel=\"noreferrer noopener\">Forza ZU, pentru simplul fapt c\u0103 a fost organizat de Consiliul Jude\u021bean \u0219i Alfred Simonis.<\/a><\/p>\n<p>Ipocrizia e evident\u0103. Furtuna nu are culoare politic\u0103. Nici v\u00e2ntul nu sufl\u0103 doar peste evenimentele adversarilor. \u0218i totu\u0219i, useri\u0219tii timi\u0219oreni aleg s\u0103 politizeze nenorocirea. \u00cen loc s\u0103 conduc\u0103 administra\u021bia local\u0103, acuz\u0103. \u00cen loc s\u0103 informeze, comenteaz\u0103. \u00cen loc s\u0103 gestioneze criza, caut\u0103 vinova\u021bi \u00een afara lor. Asta nu mai e doar incompeten\u021b\u0103. E cinism administrativ.<\/p>\n<p>Sigur, nu administra\u021bia local\u0103 produce furtuni. Dar este responsabil\u0103 s\u0103 intervin\u0103, s\u0103 protejeze, s\u0103 comunice, s\u0103 repare. Iar dac\u0103 nu poate face toate astea, m\u0103car s\u0103 t\u0103c\u0103. Nu s\u0103 speculeze politic un dezastru care i-a prins complet nepreg\u0103ti\u021bi.<\/p>\n<p>\u00cen tot acest peisaj, pre\u0219edintele Consiliului Jude\u021bean Timi\u0219, Alfred Simonis, a fost singura voce public\u0103 care a transmis un mesaj clar, asumat \u0219i empatic. A informat despre starea r\u0103ni\u021bilor, a mul\u021bumit echipelor de interven\u021bie, a explicat decizia \u00eentreruperii concertului \u0219i a reconfirmat angajamentul pentru viitor: un stadion nou \u0219i un spectacol memorabil \u00een 2026. O postare cu cap \u0219i coad\u0103, f\u0103r\u0103 atacuri, f\u0103r\u0103 politic\u0103 de gang, f\u0103r\u0103 b\u0103l\u0103c\u0103real\u0103.<\/p>\n<p><strong>\u201eFurtuna a fost, pentru c\u00e2teva ore, mai puternic\u0103 dec\u00e2t muzica, dec\u00e2t entuziasmul celor aproape 40.000 de spectatori. \u00cen\u0219\u0103 doar pentru c\u00e2teva ore. Pu\u021bin dup\u0103 ora 22.00, concertul a fost reluat. C\u00e2teva zeci de mii de oameni au revenit pe Aeroport la show-ul Forza ZU, care a continuat p\u00e2n\u0103 dup\u0103 miezul nop\u021bii. (\u2026) P\u00e2n\u0103 la urm\u0103, natura nu ne-a \u00eenvins nici de data asta. Ne lu\u0103m \u00eens\u0103 un angajament ferm. \u00cen 2026 revenim cu un alt spectacol de amploare. Pentru c\u0103 Timi\u0219oara \u0219i Timi\u0219ul merit\u0103 s\u0103 treac\u0103 la urm\u0103torul nivel. Merit\u0103 show-uri cu adev\u0103rat memorabile. Iar pentru asemenea spectacole vom construi un stadion.\u201d<\/strong><\/p>\n<p>Forza ZU nu este problema Timi\u0219oarei. Nici Consiliul Jude\u021bean Timi\u0219 nu este. Problema real\u0103 e o administra\u021bie USR autist\u0103 la nevoile ora\u0219ului, dar hiperactiv\u0103 \u00een lupta de imagine. S-a pr\u0103bu\u0219it Parcul Copiilor. S-au pr\u0103bu\u0219it copaci peste drumuri \u0219i ma\u0219ini. Dar mai grav dec\u00e2t toate este pr\u0103bu\u0219irea complet\u0103 a autorit\u0103\u021bii morale \u0219i administrative a celor care conduc Timi\u0219oara.<\/p>\n<p>Ora\u0219ul nu are nevoie de aplauze pentru ceea ce ar trebui s\u0103 fie normal, ci de asumare, ac\u021biune \u0219i curaj. Iar c\u00e2nd acestea lipsesc, e de datoria presei s\u0103 spun\u0103 clar: suntem condu\u0219i de oameni care prefer\u0103 s\u0103 t\u0103c\u0103 atunci c\u00e2nd ar trebui s\u0103 vorbeasc\u0103 \u0219i s\u0103 atace atunci c\u00e2nd ar trebui s\u0103 lucreze.<\/p>\n<figure class=\"wp-block-embed is-type-video is-provider-youtube wp-block-embed-youtube wp-embed-aspect-16-9 \">\n<div class=\"wp-block-embed__wrapper\"><span class=\"flying-press-youtube\" data-src=\"https:\/\/www.youtube.com\/embed\/7_p-s9K0RhY?feature=oembed&amp;autoplay=1\"><img decoding=\"async\" src=\"https:\/\/voceatimisului.ro\/wp-content\/cache\/flying-press\/3fc30cb69d5b2eac7f84df1cbf667fa5.jpg\" width=\"1280\" height=\"720\" alt=\"Dup\u0103 furtun\u0103, lini\u0219te \u00een Prim\u0103rie\" loading=\"lazy\"><\/span><\/div>\n<\/figure>\n<figure class=\"wp-block-gallery has-nested-images columns-default is-cropped wp-block-gallery-1 is-layout-flex wp-block-gallery-is-layout-flex\">\n<div><a href=\"https:\/\/voceatimisului.ro\/wp-content\/uploads\/2025\/07\/Forza-ZU2-819x1024.jpg\" class=\"td-modal-image\"><\/p>\n<figure class=\"wp-block-image size-large\"><img decoding=\"async\" width=\"819\" height=\"1024\" data-id=\"174198\" src=\"https:\/\/voceatimisului.ro\/wp-content\/uploads\/2025\/07\/Forza-ZU2-819x1024.jpg\" alt=\"Dup\u0103 furtun\u0103, lini\u0219te \u00een Prim\u0103rie. Useri\u0219tii au t\u0103cut, apoi au atacat un festival\" class=\"wp-image-174198\" loading=\"lazy\"><\/figure>\n<p><\/a><\/div>\n<div><a href=\"https:\/\/voceatimisului.ro\/wp-content\/uploads\/2025\/07\/Forza-ZU5-1024x768.jpg\" class=\"td-modal-image\"><\/p>\n<figure class=\"wp-block-image size-large\"><img decoding=\"async\" width=\"1024\" height=\"768\" data-id=\"174197\" src=\"https:\/\/voceatimisului.ro\/wp-content\/uploads\/2025\/07\/Forza-ZU5-1024x768.jpg\" alt=\"Dup\u0103 furtun\u0103, lini\u0219te \u00een Prim\u0103rie. Useri\u0219tii au t\u0103cut, apoi au atacat un festival\" class=\"wp-image-174197\" loading=\"lazy\"><\/figure>\n<p><\/a><\/div>\n<div><a href=\"https:\/\/voceatimisului.ro\/wp-content\/uploads\/2025\/07\/Forza-ZU3-819x1024.jpg\" class=\"td-modal-image\"><\/p>\n<figure class=\"wp-block-image size-large\"><img decoding=\"async\" loading=\"lazy\" width=\"819\" height=\"1024\" data-id=\"174196\" src=\"https:\/\/voceatimisului.ro\/wp-content\/uploads\/2025\/07\/Forza-ZU3-819x1024.jpg\" alt=\"Dup\u0103 furtun\u0103, lini\u0219te \u00een Prim\u0103rie. Useri\u0219tii au t\u0103cut, apoi au atacat un festival\" class=\"wp-image-174196\"><\/figure>\n<p><\/a><\/div>\n<div><a href=\"https:\/\/voceatimisului.ro\/wp-content\/uploads\/2025\/07\/Forza-ZU1-1024x732.jpg\" class=\"td-modal-image\"><\/p>\n<figure class=\"wp-block-image size-large\"><img decoding=\"async\" loading=\"lazy\" width=\"1024\" height=\"732\" data-id=\"174195\" src=\"https:\/\/voceatimisului.ro\/wp-content\/uploads\/2025\/07\/Forza-ZU1-1024x732.jpg\" alt=\"Dup\u0103 furtun\u0103, lini\u0219te \u00een Prim\u0103rie. Useri\u0219tii au t\u0103cut, apoi au atacat un festival\" class=\"wp-image-174195\"><\/figure>\n<p><\/a><\/div>\n<div><a href=\"https:\/\/voceatimisului.ro\/wp-content\/uploads\/2025\/07\/Forza-ZU4-1024x768.jpg\" class=\"td-modal-image\"><\/p>\n<figure class=\"wp-block-image size-large\"><img decoding=\"async\" loading=\"lazy\" width=\"1024\" height=\"768\" data-id=\"174194\" src=\"https:\/\/voceatimisului.ro\/wp-content\/uploads\/2025\/07\/Forza-ZU4-1024x768.jpg\" alt=\"Dup\u0103 furtun\u0103, lini\u0219te \u00een Prim\u0103rie. Useri\u0219tii au t\u0103cut, apoi au atacat un festival\" class=\"wp-image-174194\"><\/figure>\n<p><\/a><\/div>\n<\/figure>\n<\/div>\n<\/div>\n<div class=\"td_block_wrap tdb_single_tags tdi_74 td-pb-border-top td_block_template_1\" data-td-block-uid=\"tdi_74\">\n<div class=\"tdb-block-inner td-fix-index\">\n<ul class=\"tdb-tags\">\n<li><span>Tags<\/span><\/li>\n<li><a href=\"https:\/\/voceatimisului.ro\/tag\/alfred-simions\/\">Alfred Simions<\/a><\/li>\n<li><a href=\"https:\/\/voceatimisului.ro\/tag\/dominic-fritz\/\">Dominic Fritz<\/a><\/li>\n<li><a href=\"https:\/\/voceatimisului.ro\/tag\/forza-zu\/\">Forza ZU<\/a><\/li>\n<li><a href=\"https:\/\/voceatimisului.ro\/tag\/furtuna-la-timisoara\/\">furtuna la timisoara<\/a><\/li>\n<li><a href=\"https:\/\/voceatimisului.ro\/tag\/usr-timis\/\">usr timis<\/a><\/li>\n<\/ul>\n<\/div>\n<\/div>\n<div class=\"td_block_wrap tdb_single_post_share tdi_75  td-pb-border-top td_block_template_1\" data-td-block-uid=\"tdi_75\">\n<div id=\"tdi_75\" class=\"td-post-sharing tdb-block td-ps-bg td-ps-notext td-post-sharing-style1 \">\n<div class=\"td-post-sharing-visible\"><a class=\"td-social-sharing-button td-social-sharing-button-js td-social-network td-social-facebook\" href=\"https:\/\/www.facebook.com\/sharer.php?u=https%3A%2F%2Fvoceatimisului.ro%2Fdupa-furtuna-liniste-in-primarie-useristii-au-tacut-apoi-au-atacat-un-festival%2F\" title=\"Facebook\" rel=\"noopener\"><\/p>\n<div class=\"td-social-but-text\">Facebook<\/div>\n<p><\/a><a class=\"td-social-sharing-button td-social-sharing-button-js td-social-network td-social-twitter\" href=\"https:\/\/twitter.com\/intent\/tweet?text=Dup%C4%83+furtun%C4%83%2C+lini%C8%99te+%C3%AEn+Prim%C4%83rie.+Useri%C8%99tii+au+t%C4%83cut%2C+apoi+au+atacat+un+festival&amp;url=https%3A%2F%2Fvoceatimisului.ro%2Fdupa-furtuna-liniste-in-primarie-useristii-au-tacut-apoi-au-atacat-un-festival%2F&amp;via=Vocea+Timisului\" title=\"Twitter\" rel=\"noopener\"><\/p>\n<div class=\"td-social-but-text\">Twitter<\/div>\n<p><\/a><a class=\"td-social-sharing-button td-social-sharing-button-js td-social-network td-social-pinterest\" href=\"https:\/\/pinterest.com\/pin\/create\/button\/?url=https:\/\/voceatimisului.ro\/dupa-furtuna-liniste-in-primarie-useristii-au-tacut-apoi-au-atacat-un-festival\/&amp;media=https:\/\/voceatimisului.ro\/wp-content\/uploads\/2025\/07\/Dupa-furtuna-liniste-in-Primarie-scaled.jpg&amp;description=Dup%C4%83+furtun%C4%83%2C+lini%C8%99te+%C3%AEn+Prim%C4%83rie.+Useri%C8%99tii+au+t%C4%83cut%2C+apoi+au+atacat+un+festival\" title=\"Pinterest\" rel=\"noopener\"><\/p>\n<div class=\"td-social-but-text\">Pinterest<\/div>\n<p><\/a><a class=\"td-social-sharing-button td-social-sharing-button-js td-social-network td-social-whatsapp\" href=\"https:\/\/api.whatsapp.com\/send?text=Dup%C4%83+furtun%C4%83%2C+lini%C8%99te+%C3%AEn+Prim%C4%83rie.+Useri%C8%99tii+au+t%C4%83cut%2C+apoi+au+atacat+un+festival%20%0A%0A%20https:\/\/voceatimisului.ro\/dupa-furtuna-liniste-in-primarie-useristii-au-tacut-apoi-au-atacat-un-festival\/\" title=\"WhatsApp\" rel=\"noopener\"><\/p>\n<div class=\"td-social-but-text\">WhatsApp<\/div>\n<p><\/a><a class=\"td-social-sharing-button td-social-sharing-button-js td-social-network td-social-linkedin\" href=\"https:\/\/www.linkedin.com\/shareArticle?mini=true&amp;url=https:\/\/voceatimisului.ro\/dupa-furtuna-liniste-in-primarie-useristii-au-tacut-apoi-au-atacat-un-festival\/&amp;title=Dup%C4%83+furtun%C4%83%2C+lini%C8%99te+%C3%AEn+Prim%C4%83rie.+Useri%C8%99tii+au+t%C4%83cut%2C+apoi+au+atacat+un+festival\" title=\"Linkedin\" rel=\"noopener\"><\/p>\n<div class=\"td-social-but-text\">Linkedin<\/div>\n<p><\/a><a class=\"td-social-sharing-button td-social-sharing-button-js td-social-network td-social-copy_url\" href=\"https:\/\/voceatimisului.ro\/dupa-furtuna-liniste-in-primarie-useristii-au-tacut-apoi-au-atacat-un-festival\/\" title=\"Copy URL\" rel=\"noopener\"><\/p>\n<div class=\"td-social-but-text\">Copy URL<\/div>\n<p><\/a><\/div>\n<\/div>\n<\/div>\n<div class=\"td_block_wrap tdb_single_next_prev tdi_76 td-animation-stack td-next-prev-img-on td-pb-border-top td_block_template_1\" data-td-block-uid=\"tdi_76\">\n<div class=\"tdb-block-inner td-fix-index\">\n<div class=\"tdb-next-post tdb-next-post-bg tdb-post-prev\"><span>Articolul precedent<\/span><\/p>\n<div class=\"td-module-container\">\n<div class=\"td-image-container\"><a class=\"td-image-wrap\" href=\"https:\/\/voceatimisului.ro\/dan-alexa-revine-ca-antrenor-la-politehnica-timisoara-consiliul-judetean-primaria-si-upt-sustin-relansarea-clubului-fanion\/\"><img loading=\"lazy\" decoding=\"async\" class=\"td-next-prev-image td-fix-index td-lazy-img\" title=\"Dan Alexa revine ca antrenor la Politehnica Timi\u0219oara. Consiliul Jude\u021bean, Prim\u0103ria \u0219i UPT sus\u021bin relansarea clubului-fanion\" width=\"696\" height=\"464\" src=\"https:\/\/voceatimisului.ro\/wp-content\/uploads\/2025\/07\/Dan-Alexa-revine-ca-antrenor-la-Politehnica-Timisoara-696x464.jpg\"><\/a><\/div>\n<div class=\"next-prev-title\"><a href=\"https:\/\/voceatimisului.ro\/dan-alexa-revine-ca-antrenor-la-politehnica-timisoara-consiliul-judetean-primaria-si-upt-sustin-relansarea-clubului-fanion\/\">Dan Alexa revine ca antrenor la Politehnica Timi\u0219oara. Consiliul Jude\u021bean, Prim\u0103ria \u0219i UPT sus\u021bin relansarea clubului-fanion<\/a><\/div>\n<\/div>\n<\/div>\n<div class=\"tdb-next-post tdb-next-post-bg tdb-post-next\"><span>Articolul urm\u0103tor<\/span><\/p>\n<div class=\"td-module-container\">\n<div class=\"td-image-container\"><a class=\"td-image-wrap\" href=\"https:\/\/voceatimisului.ro\/doua-masini-furate-din-danemarca-si-olanda-descoperite-la-vama-moravita\/\"><img loading=\"lazy\" decoding=\"async\" class=\"td-next-prev-image td-fix-index td-lazy-img\" title=\"Dou\u0103 ma\u0219ini furate din Danemarca \u0219i Olanda, descoperite la Vama Moravi\u021ba.\" width=\"696\" height=\"418\" src=\"https:\/\/voceatimisului.ro\/wp-content\/uploads\/2025\/07\/Masini-furate-din-Danemarca-si-Olanda3-696x418.jpg\"><\/a><\/div>\n<div class=\"next-prev-title\"><a href=\"https:\/\/voceatimisului.ro\/doua-masini-furate-din-danemarca-si-olanda-descoperite-la-vama-moravita\/\">Dou\u0103 ma\u0219ini furate din Danemarca \u0219i Olanda, descoperite la Vama Moravi\u021ba.<\/a><\/div>\n<\/div>\n<\/div>\n<\/div>\n<\/div>\n<\/div>\n<\/div>\n<\/div>\n<\/div>\n<div class=\"vc_row_inner tdi_86  vc_row vc_inner wpb_row td-pb-row\">\n<div class=\"vc_column_inner tdi_88  wpb_column vc_column_container tdc-inner-column td-pb-span4 td-is-sticky\">\n<div class=\"vc_column-inner\">\n<div class=\"wpb_wrapper\" data-sticky-enabled-on=\"W3RydWUsdHJ1ZSx0cnVlLHRydWVd\" data-sticky-offset=\"20\" data-sticky-is-width-auto=\"W2ZhbHNlLGZhbHNlLGZhbHNlLGZhbHNlXQ==\">\n<div class=\"td_block_wrap tdb_single_related tdi_89 td_with_ajax_pagination td-pb-border-top td_block_template_1 tdb-single-related-posts\" data-td-block-uid=\"tdi_89\">\n<div id=\"tdi_89\" class=\"td_block_inner tdb-block-inner td-fix-index\">\n<div class=\"tdb_module_related td_module_wrap td-animation-stack td-meta-info-hide\">\n<div class=\"td-module-container td-category-pos-image\">\n<div class=\"td-module-meta-info\">\n<h3 class=\"entry-title td-module-title\"><a href=\"https:\/\/voceatimisului.ro\/iccj-ii-strica-lui-dominic-fritz-manevra-de-blocaj-dosarul-de-conflict-de-interese-se-reia\/\" rel=\"bookmark\" title=\"\u00ceCCJ \u00eei stric\u0103 lui Dominic Fritz manevra de blocaj. Dosarul de conflict de interese se reia\">\u00ceCCJ \u00eei stric\u0103 lui Dominic Fritz manevra de blocaj. Dosarul de conflict de interese se reia<\/a><\/h3>\n<\/div>\n<\/div>\n<\/div>\n<div class=\"tdb_module_related td_module_wrap td-animation-stack td-meta-info-hide\">\n<div class=\"td-module-container td-category-pos-image\">\n<div class=\"td-module-meta-info\">\n<h3 class=\"entry-title td-module-title\"><a href=\"https:\/\/voceatimisului.ro\/simonis-in-plenul-cj-timis-decizia-instantei-deblocheaza-stadionul-nu-il-ingroapa\/\" rel=\"bookmark\" title=\"Simonis, \u00een plenul CJ Timi\u0219: decizia instan\u021bei deblocheaz\u0103 stadionul, nu \u00eel \u00eengroap\u0103\">Simonis, \u00een plenul CJ Timi\u0219: decizia instan\u021bei deblocheaz\u0103 stadionul, nu \u00eel \u00eengroap\u0103<\/a><\/h3>\n<\/div>\n<\/div>\n<\/div>\n<div class=\"tdb_module_related td_module_wrap td-animation-stack td-meta-info-hide\">\n<div class=\"td-module-container td-category-pos-image\">\n<div class=\"td-module-meta-info\">\n<h3 class=\"entry-title td-module-title\"><a href=\"https:\/\/voceatimisului.ro\/retim-si-polaris-acuzatii-directe-in-cj-timis-simonis-nu-ne-lasam-santajati-de-mafia-gunoaielor\/\" rel=\"bookmark\" title=\"RETIM \u0219i Polaris, acuza\u021bii directe \u00een CJ Timi\u0219. Simonis: nu ne l\u0103s\u0103m \u0219antaja\u021bi de \u201emafia gunoaielor\u201d\">RETIM \u0219i Polaris, acuza\u021bii directe \u00een CJ Timi\u0219. Simonis: nu ne l\u0103s\u0103m \u0219antaja\u021bi de \u201emafia gunoaielor\u201d<\/a><\/h3>\n<\/div>\n<\/div>\n<\/div>\n<\/div>\n<\/div>\n<\/div>\n<\/div>\n<\/div>\n<div class=\"vc_column_inner tdi_91  wpb_column vc_column_container tdc-inner-column td-pb-span8\">\n<div class=\"vc_column-inner\">\n<div class=\"wpb_wrapper\">\n<div class=\"td_block_wrap tdb_single_comments tdi_92 tdb-comm-layout2 td-pb-border-top td_block_template_2\" data-td-block-uid=\"tdi_92\">\n<div class=\"tdb-block-inner td-fix-index\">\n<div class=\"comments\" id=\"comments\">\n<div id=\"respond\" class=\"comment-respond\">\n<h3 id=\"reply-title\" class=\"comment-reply-title\">L\u0102SA\u021aI UN MESAJ <small><a rel=\"nofollow\" id=\"cancel-comment-reply-link\" href=\"https:\/\/voceatimisului.ro\/dupa-furtuna-liniste-in-primarie-useristii-au-tacut-apoi-au-atacat-un-festival\/#respond\">Renun\u021ba\u021bi la r\u0103spuns<\/a><\/small><\/h3>\n<div class=\"comment-form-input-wrap td-form-comment\">\n<div class=\"td-warning-comment\">V\u0103 rug\u0103m s\u0103 introduce\u021bi comentariul dvs.!<\/div>\n<\/div>\n<div class=\"comment-form-input-wrap td-form-author\">\n<div class=\"td-warning-author\">Introduce\u021bi aici numele dvs.<\/div>\n<\/div>\n<div class=\"comment-form-input-wrap td-form-email\">\n<div class=\"td-warning-email-error\">A\u021bi introdus o adres\u0103 de e-mail incorect\u0103!<\/div>\n<div class=\"td-warning-email\">V\u0103 rug\u0103m s\u0103 introduce\u021bi adresa dvs. de e-mail aici<\/div>\n<\/div>\n<\/div>\n<\/div>\n<\/div>\n<\/div>\n<\/div>\n<\/div>\n<\/div>\n<\/div>\n<\/div>\n<\/div>\n<div class=\"vc_column tdi_94  wpb_column vc_column_container tdc-column td-pb-span4 td-is-sticky\">\n<div class=\"wpb_wrapper\" data-sticky-enabled-on=\"W3RydWUsdHJ1ZSx0cnVlLHRydWVd\" data-sticky-offset=\"20\" data-sticky-is-width-auto=\"W2ZhbHNlLGZhbHNlLGZhbHNlLGZhbHNlXQ==\">\n<div class=\"vc_row_inner tdi_96  vc_row vc_inner wpb_row td-pb-row\">\n<div class=\"vc_column_inner tdi_98  wpb_column vc_column_container tdc-inner-column td-pb-span12\">\n<div class=\"vc_column-inner\">\n<div class=\"wpb_wrapper\">\n<div class=\"td_block_wrap td_block_title tdi_99 td-pb-border-top td_block_template_11 td-fix-index\" data-td-block-uid=\"tdi_99\">\n<div class=\"td-block-title-wrap\">\n<h4 class=\"td-block-title\"><span class=\"td-pulldown-size\">ANUN\u021aURI \u0218I PUBLICITATE<\/span><\/h4>\n<\/div>\n<\/div>\n<\/div>\n<\/div>\n<\/div>\n<\/div>\n<div class=\"wpb_wrapper td_block_wrap vc_widget_sidebar tdi_101 \">\n<aside id=\"block-10\" class=\"td_block_template_1 widget block-10 widget_block widget_media_image\">\n<figure class=\"wp-block-image size-full\"><a href=\"https:\/\/adpghiroda.ro\/index.html\" target=\"_blank\" rel=\" noreferrer noopener\"><img decoding=\"async\" loading=\"eager\" width=\"960\" height=\"960\" src=\"https:\/\/voceatimisului.ro\/wp-content\/uploads\/2025\/03\/ADP-Ghiroda2.jpg\" alt class=\"wp-image-171492\"><\/a><\/figure>\n<\/aside>\n<aside id=\"block-11\" class=\"td_block_template_1 widget block-11 widget_block widget_media_image\">\n<figure class=\"wp-block-image size-full\"><a href=\"https:\/\/adpghiroda.ro\/index.html\" target=\"_blank\" rel=\" noreferrer noopener\"><img decoding=\"async\" loading=\"eager\" width=\"960\" height=\"960\" src=\"https:\/\/voceatimisului.ro\/wp-content\/uploads\/2025\/03\/ADP-Ghiroda1.jpg\" alt class=\"wp-image-171491\"><\/a><\/figure>\n<\/aside>\n<aside id=\"block-17\" class=\"td_block_template_1 widget block-17 widget_block widget_media_image\">\n<figure class=\"wp-block-image size-large is-resized\"><a href=\"https:\/\/verde.events\/\" target=\"_blank\" rel=\" noreferrer noopener\"><img decoding=\"async\" loading=\"lazy\" width=\"1024\" height=\"683\" src=\"https:\/\/voceatimisului.ro\/wp-content\/uploads\/2025\/08\/Verde-Events-24-1024x683.jpg\" alt=\"Verde Events\" class=\"wp-image-174395\"><\/a><figcaption class=\"wp-element-caption\"><strong><em>O experien\u021b\u0103 unic\u0103 pentru orice tip de eveniment<\/em><\/strong><\/figcaption><\/figure>\n<\/aside>\n<\/div>\n<div class=\"td_block_wrap td_flex_block_1 tdi_107 td-pb-border-top td_block_template_1 td_ajax_preloading_preload td_flex_block\" data-td-block-uid=\"tdi_107\">\n<div id=\"tdi_107\" class=\"td_block_inner td-mc1-wrap\">\n<div class=\"td_module_flex td_module_flex_1 td_module_wrap td-animation-stack td-meta-info-hide td-cpt-post\">\n<div class=\"td-module-container td-category-pos-image\">\n<div class=\"td-module-meta-info\">\n<h3 class=\"entry-title td-module-title\"><a href=\"https:\/\/voceatimisului.ro\/eveniment-de-iarna-la-muzeul-satului-banatean-organizat-de-consiliul-judetean-timis\/\" rel=\"bookmark\" title=\"Eveniment de iarn\u0103 la Muzeul Satului B\u0103n\u0103\u021bean, organizat de Consiliul Jude\u021bean Timi\u0219\">Eveniment de iarn\u0103 la Muzeul Satului B\u0103n\u0103\u021bean, organizat de Consiliul Jude\u021bean Timi\u0219<\/a><\/h3>\n<\/div>\n<\/div>\n<\/div>\n<div class=\"td_module_flex td_module_flex_1 td_module_wrap td-animation-stack td-meta-info-hide td-cpt-post\">\n<div class=\"td-module-container td-category-pos-image\">\n<div class=\"td-module-meta-info\">\n<h3 class=\"entry-title td-module-title\"><a href=\"https:\/\/voceatimisului.ro\/retim-a-plecat-din-timisoara-sub-nasul-consiliului-local\/\" rel=\"bookmark\" title=\"RETIM a plecat din Timi\u0219oara sub nasul Consiliului Local\">RETIM a plecat din Timi\u0219oara sub nasul Consiliului Local<\/a><\/h3>\n<\/div>\n<\/div>\n<\/div>\n<div class=\"td_module_flex td_module_flex_1 td_module_wrap td-animation-stack td-meta-info-hide td-cpt-post\">\n<div class=\"td-module-container td-category-pos-image\">\n<div class=\"td-module-meta-info\">\n<h3 class=\"entry-title td-module-title\"><a href=\"https:\/\/voceatimisului.ro\/cum-a-ajuns-firma-lui-gabriel-almajan-sa-primeasca-doua-autorizatii-pe-acelasi-teren-fara-pud\/\" rel=\"bookmark\" title=\"Cum a ajuns firma lui Gabriel Alm\u0103jan s\u0103 primeasc\u0103 dou\u0103 autoriza\u021bii pe acela\u0219i teren, f\u0103r\u0103 PUD\">Cum a ajuns firma lui Gabriel Alm\u0103jan s\u0103 primeasc\u0103 dou\u0103 autoriza\u021bii pe acela\u0219i teren, f\u0103r\u0103 PUD<\/a><\/h3>\n<\/div>\n<\/div>\n<\/div>\n<div class=\"td_module_flex td_module_flex_1 td_module_wrap td-animation-stack td-meta-info-hide td-cpt-post\">\n<div class=\"td-module-container td-category-pos-image\">\n<div class=\"td-module-meta-info\">\n<h3 class=\"entry-title td-module-title\"><a href=\"https:\/\/voceatimisului.ro\/retim-si-a-mutat-sediul-in-oradea-timisoara-pierde-taxe-administratia-fritz-tace\/\" rel=\"bookmark\" title=\"RETIM \u0219i-a mutat sediul \u00een Oradea. Timi\u0219oara pierde taxe, administra\u021bia Fritz tace\">RETIM \u0219i-a mutat sediul \u00een Oradea. Timi\u0219oara pierde taxe, administra\u021bia Fritz tace<\/a><\/h3>\n<\/div>\n<\/div>\n<\/div>\n<div class=\"td_module_flex td_module_flex_1 td_module_wrap td-animation-stack td-meta-info-hide td-cpt-post\">\n<div class=\"td-module-container td-category-pos-image\">\n<div class=\"td-module-meta-info\">\n<h3 class=\"entry-title td-module-title\"><a href=\"https:\/\/voceatimisului.ro\/fritz-ignora-legea-ministerul-muncii-confirma-incetarea-functiei-lui-pokker-in-ziua-pensionarii\/\" rel=\"bookmark\" title=\"Fritz ignor\u0103 legea. Ministerul Muncii confirm\u0103 \u00eencetarea func\u021biei lui Pokker \u00een ziua pension\u0103rii\">Fritz ignor\u0103 legea. Ministerul Muncii confirm\u0103 \u00eencetarea func\u021biei lui Pokker \u00een ziua pension\u0103rii<\/a><\/h3>\n<\/div>\n<\/div>\n<\/div>\n<\/div>\n<\/div>\n<\/div>\n<\/div>\n<\/div>\n<\/div>\n<\/div>\n<\/div>\n<p><span class=\"td-page-meta\"><\/span><span class=\"td-page-meta\"><span class=\"td-page-meta\"><\/span><\/span><span class=\"td-page-meta\"><\/span><\/article>\n<p> Source URL: https:\/\/voceatimisului.ro\/dupa-furtuna-liniste-in-primarie-useristii-au-tacut-apoi-au-atacat-un-festival\/<\/p>\n","protected":false},"excerpt":{"rendered":"<p>Editorial\u0218tiri Dup\u0103 furtun\u0103, lini\u0219te \u00een Prim\u0103rie. Useri\u0219tii au t\u0103cut, apoi au atacat un festival O furtun\u0103 a devastat Timi\u0219oara, iar administra\u021bia USR s-a ascuns dup\u0103 tastatur\u0103. \u00cen loc de reac\u021bii \u0219i ac\u021biune, am v\u0103zut t\u0103cere, dispre\u021b \u0219i atacuri politice absurde la adresa unui festival. \u00centr-un ora\u0219 pr\u0103bu\u0219it la propriu, priorit\u0103\u021bile au fost altele: imaginea de [&hellip;]<\/p>\n","protected":false},"author":1,"featured_media":0,"comment_status":"open","ping_status":"","sticky":false,"template":"","format":"standard","meta":{"footnotes":""},"categories":[89],"tags":[199],"class_list":["post-1055578","post","type-post","status-publish","format-standard","hentry","category-romania","tag-voceatimisului-ro"],"_links":{"self":[{"href":"https:\/\/analyse.optim.biz\/index.php?rest_route=\/wp\/v2\/posts\/1055578","targetHints":{"allow":["GET"]}}],"collection":[{"href":"https:\/\/analyse.optim.biz\/index.php?rest_route=\/wp\/v2\/posts"}],"about":[{"href":"https:\/\/analyse.optim.biz\/index.php?rest_route=\/wp\/v2\/types\/post"}],"author":[{"embeddable":true,"href":"https:\/\/analyse.optim.biz\/index.php?rest_route=\/wp\/v2\/users\/1"}],"replies":[{"embeddable":true,"href":"https:\/\/analyse.optim.biz\/index.php?rest_route=%2Fwp%2Fv2%2Fcomments&post=1055578"}],"version-history":[{"count":0,"href":"https:\/\/analyse.optim.biz\/index.php?rest_route=\/wp\/v2\/posts\/1055578\/revisions"}],"wp:attachment":[{"href":"https:\/\/analyse.optim.biz\/index.php?rest_route=%2Fwp%2Fv2%2Fmedia&parent=1055578"}],"wp:term":[{"taxonomy":"category","embeddable":true,"href":"https:\/\/analyse.optim.biz\/index.php?rest_route=%2Fwp%2Fv2%2Fcategories&post=1055578"},{"taxonomy":"post_tag","embeddable":true,"href":"https:\/\/analyse.optim.biz\/index.php?rest_route=%2Fwp%2Fv2%2Ftags&post=1055578"}],"curies":[{"name":"wp","href":"https:\/\/api.w.org\/{rel}","templated":true}]}}