{"id":1055577,"date":"2025-08-02T06:00:59","date_gmt":"2025-08-02T03:00:59","guid":{"rendered":"https:\/\/analyse.optim.biz\/?p=1055577"},"modified":"2025-08-02T06:00:59","modified_gmt":"2025-08-02T03:00:59","slug":"ipocritii-transportului-public-fritz-pozeaza-in-alb-violet-dar-a-vopsit-timisoara-in-galben-iar-petolea-si-dogaru-o-baga-in-faliment","status":"publish","type":"post","link":"https:\/\/analyse.optim.biz\/?p=1055577","title":{"rendered":"Ipocri\u021bii transportului public: Fritz pozeaz\u0103 \u00een alb-violet, dar a vopsit Timi\u0219oara \u00een galben, iar Petolea \u0219i Dogaru o bag\u0103 \u00een faliment"},"content":{"rendered":"<article id=\"template-id-172790\" class=\"post-172790 tdb_templates type-tdb_templates status-publish post\">\n<div id=\"tdi_38\" class=\"tdc-zone\">\n<div class=\"tdc_zone tdi_39  wpb_row td-pb-row\">\n<div id=\"tdi_40\" class=\"tdc-row stretch_row_1400 td-stretch-content\">\n<div class=\"vc_row tdi_41  wpb_row td-pb-row tdc-element-style\">\n<div class=\"vc_column tdi_43  wpb_column vc_column_container tdc-column td-pb-span8\">\n<div class=\"wpb_wrapper\">\n<div class=\"td_block_wrap tdb_single_categories tdi_44 td-pb-border-top td_block_template_1 \" data-td-block-uid=\"tdi_44\">\n<div class=\"tdb-category td-fix-index\"><a class=\"tdb-entry-category\" href=\"https:\/\/voceatimisului.ro\/editorial\/\">Editorial<\/a><a class=\"tdb-entry-category\" href=\"https:\/\/voceatimisului.ro\/stiri-din-timisoara-si-timis\/\">\u0218tiri<\/a><\/div>\n<\/div>\n<div class=\"td_block_wrap tdb_title tdi_45 tdb-single-title td-pb-border-top td_block_template_1\" data-td-block-uid=\"tdi_45\">\n<div class=\"tdb-block-inner td-fix-index\">\n<h1 class=\"tdb-title-text\">Ipocri\u021bii transportului public: Fritz pozeaz\u0103 \u00een alb-violet, dar a vopsit Timi\u0219oara \u00een galben, iar Petolea \u0219i Dogaru o bag\u0103 \u00een faliment<\/h1>\n<\/div>\n<\/div>\n<div class=\"td_block_wrap tdb_single_subtitle tdi_46 td-pb-border-top td_block_template_1\" data-td-block-uid=\"tdi_46\">\n<div class=\"tdb-block-inner td-fix-index\">\n<h2>Primarul s-a pozat ieri m\u00e2ndru l\u00e2ng\u0103 culorile alb-violet ale Politehnicii, de\u0219i tot el a decis schimbarea culorii tramvaielor noi din alb-violet \u00een galben. \u00cen acela\u0219i timp, STPT se laud\u0103 cu \u201eprofit\u201d fals, \u00een timp ce toac\u0103 aproape un milion de lei pe repara\u021bii la tramvaiele Bozankaya \u0219i are datorii nepl\u0103tite c\u0103tre furnizori.<\/h2>\n<\/div>\n<\/div>\n<div class=\"vc_row_inner tdi_48  vc_row vc_inner wpb_row td-pb-row\">\n<div class=\"vc_column_inner tdi_50  wpb_column vc_column_container tdc-inner-column td-pb-span6\">\n<div class=\"vc_column-inner\">\n<div class=\"wpb_wrapper\">\n<div class=\"td_block_wrap tdb_single_author tdi_51 td-pb-border-top td_block_template_1 tdb-post-meta\" data-td-block-uid=\"tdi_51\">\n<div class=\"tdb-block-inner td-fix-index\">\n<div class=\"tdb-author-name-wrap\"><span class=\"tdb-author-by\">Autor-<\/span><a class=\"tdb-author-name\" href=\"https:\/\/voceatimisului.ro\/author\/cataadmin\/\">Radu Constantin<\/a><\/div>\n<\/div>\n<\/div>\n<div class=\"td_block_wrap tdb_single_date tdi_52 td-pb-border-top td_block_template_1 tdb-post-meta\" data-td-block-uid=\"tdi_52\">\n<div class=\"tdb-block-inner td-fix-index\"><time class=\"entry-date updated td-module-date\" datetime=\"2025-08-02T09:00:59+03:00\">2 august 2025<\/time><\/div>\n<\/div>\n<div class=\"td_block_wrap tdb_single_comments_count tdi_53 td-pb-border-top td_block_template_1 tdb-post-meta\" data-td-block-uid=\"tdi_53\">\n<div class=\"tdb-block-inner td-fix-index\"><a href=\"https:\/\/voceatimisului.ro\/ipocritii-transportului-public-fritz-pozeaza-in-alb-violet-dar-a-vopsit-timisoara-in-galben-iar-petolea-si-dogaru-o-baga-in-faliment\/#respond\"><span>0<\/span><\/a><\/div>\n<\/div>\n<div class=\"td_block_wrap tdb_single_post_views tdi_54 td-pb-border-top td_block_template_1 tdb-post-meta\" data-td-block-uid=\"tdi_54\">\n<div class=\"tdb-block-inner td-fix-index\"><span class=\"tdb-add-text\">1<\/span><span class=\"td-nr-views-174305\">1331<\/span><\/div>\n<\/div>\n<\/div>\n<\/div>\n<\/div>\n<div class=\"vc_column_inner tdi_56  wpb_column vc_column_container tdc-inner-column td-pb-span6\">\n<div class=\"vc_column-inner\">\n<div class=\"wpb_wrapper\">\n<div class=\"td_block_wrap tdb_single_post_share tdi_57  td-pb-border-top td_block_template_1\" data-td-block-uid=\"tdi_57\">\n<div id=\"tdi_57\" class=\"td-post-sharing tdb-block td-ps-bg td-ps-notext td-post-sharing-style1 \">\n<div class=\"td-post-sharing-visible\"><a class=\"td-social-sharing-button td-social-sharing-button-js td-social-network td-social-facebook\" href=\"https:\/\/www.facebook.com\/sharer.php?u=https%3A%2F%2Fvoceatimisului.ro%2Fipocritii-transportului-public-fritz-pozeaza-in-alb-violet-dar-a-vopsit-timisoara-in-galben-iar-petolea-si-dogaru-o-baga-in-faliment%2F\" title=\"Facebook\" rel=\"noopener\"><\/p>\n<div class=\"td-social-but-text\">Facebook<\/div>\n<p><\/a><a class=\"td-social-sharing-button td-social-sharing-button-js td-social-network td-social-twitter\" href=\"https:\/\/twitter.com\/intent\/tweet?text=Ipocri%C8%9Bii+transportului+public%3A+Fritz+pozeaz%C4%83+%C3%AEn+alb-violet%2C+dar+a+vopsit+Timi%C8%99oara+%C3%AEn+galben%2C+iar+Petolea+%C8%99i+Dogaru+o+bag%C4%83+%C3%AEn+faliment&amp;url=https%3A%2F%2Fvoceatimisului.ro%2Fipocritii-transportului-public-fritz-pozeaza-in-alb-violet-dar-a-vopsit-timisoara-in-galben-iar-petolea-si-dogaru-o-baga-in-faliment%2F&amp;via=Vocea+Timisului\" title=\"Twitter\" rel=\"noopener\"><\/p>\n<div class=\"td-social-but-text\">Twitter<\/div>\n<p><\/a><a class=\"td-social-sharing-button td-social-sharing-button-js td-social-network td-social-pinterest\" href=\"https:\/\/pinterest.com\/pin\/create\/button\/?url=https:\/\/voceatimisului.ro\/ipocritii-transportului-public-fritz-pozeaza-in-alb-violet-dar-a-vopsit-timisoara-in-galben-iar-petolea-si-dogaru-o-baga-in-faliment\/&amp;media=https:\/\/voceatimisului.ro\/wp-content\/uploads\/2025\/08\/Ipocritii-transportului-public-scaled.jpg&amp;description=Ipocri%C8%9Bii+transportului+public%3A+Fritz+pozeaz%C4%83+%C3%AEn+alb-violet%2C+dar+a+vopsit+Timi%C8%99oara+%C3%AEn+galben%2C+iar+Petolea+%C8%99i+Dogaru+o+bag%C4%83+%C3%AEn+faliment\" title=\"Pinterest\" rel=\"noopener\"><\/p>\n<div class=\"td-social-but-text\">Pinterest<\/div>\n<p><\/a><a class=\"td-social-sharing-button td-social-sharing-button-js td-social-network td-social-whatsapp\" href=\"https:\/\/api.whatsapp.com\/send?text=Ipocri%C8%9Bii+transportului+public%3A+Fritz+pozeaz%C4%83+%C3%AEn+alb-violet%2C+dar+a+vopsit+Timi%C8%99oara+%C3%AEn+galben%2C+iar+Petolea+%C8%99i+Dogaru+o+bag%C4%83+%C3%AEn+faliment%20%0A%0A%20https:\/\/voceatimisului.ro\/ipocritii-transportului-public-fritz-pozeaza-in-alb-violet-dar-a-vopsit-timisoara-in-galben-iar-petolea-si-dogaru-o-baga-in-faliment\/\" title=\"WhatsApp\" rel=\"noopener\"><\/p>\n<div class=\"td-social-but-text\">WhatsApp<\/div>\n<p><\/a><a class=\"td-social-sharing-button td-social-sharing-button-js td-social-network td-social-linkedin\" href=\"https:\/\/www.linkedin.com\/shareArticle?mini=true&amp;url=https:\/\/voceatimisului.ro\/ipocritii-transportului-public-fritz-pozeaza-in-alb-violet-dar-a-vopsit-timisoara-in-galben-iar-petolea-si-dogaru-o-baga-in-faliment\/&amp;title=Ipocri%C8%9Bii+transportului+public%3A+Fritz+pozeaz%C4%83+%C3%AEn+alb-violet%2C+dar+a+vopsit+Timi%C8%99oara+%C3%AEn+galben%2C+iar+Petolea+%C8%99i+Dogaru+o+bag%C4%83+%C3%AEn+faliment\" title=\"Linkedin\" rel=\"noopener\"><\/p>\n<div class=\"td-social-but-text\">Linkedin<\/div>\n<p><\/a><a class=\"td-social-sharing-button td-social-sharing-button-js td-social-network td-social-copy_url\" href=\"https:\/\/voceatimisului.ro\/ipocritii-transportului-public-fritz-pozeaza-in-alb-violet-dar-a-vopsit-timisoara-in-galben-iar-petolea-si-dogaru-o-baga-in-faliment\/\" title=\"Copy URL\" rel=\"noopener\"><\/p>\n<div class=\"td-social-but-text\">Copy URL<\/div>\n<p><\/a><\/div>\n<\/div>\n<\/div>\n<\/div>\n<\/div>\n<\/div>\n<\/div>\n<div class=\"td_block_wrap tdb_single_featured_image tdi_58 tdb-content-horiz-left td-pb-border-top td_block_template_1\" data-td-block-uid=\"tdi_58\">\n<div class=\"tdb-block-inner td-fix-index\"><img fetchpriority=\"high\" decoding=\"async\" width=\"696\" height=\"300\" class=\"entry-thumb\" src=\"https:\/\/voceatimisului.ro\/wp-content\/uploads\/2025\/08\/Ipocritii-transportului-public-696x300.jpg\" alt=\"Ipocri\u021bii transportului public\" title=\"Ipocri\u021bii transportului public\" loading=\"eager\"><\/div>\n<\/div>\n<div class=\"vc_row_inner tdi_60  vc_row vc_inner wpb_row td-pb-row\">\n<div class=\"vc_column_inner tdi_62  wpb_column vc_column_container tdc-inner-column td-pb-span4 td-is-sticky\">\n<div class=\"vc_column-inner\">\n<div class=\"wpb_wrapper\" data-sticky-enabled-on=\"W3RydWUsdHJ1ZSx0cnVlLHRydWVd\" data-sticky-offset=\"20\" data-sticky-is-width-auto=\"W2ZhbHNlLGZhbHNlLGZhbHNlLGZhbHNlXQ==\">\n<div class=\"td_block_wrap td_flex_block_1 tdi_63 td-pb-border-top td_block_template_1 td_ajax_preloading_preload td_flex_block\" data-td-block-uid=\"tdi_63\">\n<div id=\"tdi_63\" class=\"td_block_inner td-mc1-wrap\">\n<div class=\"td_module_flex td_module_flex_1 td_module_wrap td-animation-stack td-meta-info-hide td-cpt-post\">\n<div class=\"td-module-container td-category-pos-image\">\n<div class=\"td-module-meta-info\">\n<h3 class=\"entry-title td-module-title\"><a href=\"https:\/\/voceatimisului.ro\/tramvaiul-nu-vine-dar-propaganda-circula-perfect\/\" rel=\"bookmark\" title=\"Tramvaiul nu vine, dar propaganda circul\u0103 perfect\">Tramvaiul nu vine, dar propaganda circul\u0103 perfect<\/a><\/h3>\n<\/div>\n<\/div>\n<\/div>\n<div class=\"td_module_flex td_module_flex_1 td_module_wrap td-animation-stack td-meta-info-hide td-cpt-post\">\n<div class=\"td-module-container td-category-pos-image\">\n<div class=\"td-module-meta-info\">\n<h3 class=\"entry-title td-module-title\"><a href=\"https:\/\/voceatimisului.ro\/transportul-public-din-timisoara-se-prabuseste-in-fiecare-zi-in-trafic-dar-in-birourile-primariei-totul-arata-perfect-si-european\/\" rel=\"bookmark\" title=\"Transportul public din Timi\u0219oara se pr\u0103bu\u0219e\u0219te \u00een fiecare zi \u00een trafic, dar \u00een birourile Prim\u0103riei totul arat\u0103 perfect \u0219i \u201ceuropean\u201d\">Transportul public din Timi\u0219oara se pr\u0103bu\u0219e\u0219te \u00een fiecare zi \u00een trafic, dar \u00een birourile Prim\u0103riei totul arat\u0103 perfect \u0219i \u201ceuropean\u201d<\/a><\/h3>\n<\/div>\n<\/div>\n<\/div>\n<div class=\"td_module_flex td_module_flex_1 td_module_wrap td-animation-stack td-meta-info-hide td-cpt-post\">\n<div class=\"td-module-container td-category-pos-image\">\n<div class=\"td-module-meta-info\">\n<h3 class=\"entry-title td-module-title\"><a href=\"https:\/\/voceatimisului.ro\/firma-care-spala-vehiculele-tpt-foloseste-angajati-nedeclarati-contractele-nu-sunt-raportate-la-itm-si-cas\/\" rel=\"bookmark\" title=\"Firma care spal\u0103 vehiculele TPT folose\u0219te angaja\u021bi nedeclara\u021bi, contractele nu sunt raportate la ITM \u0219i CAS\">Firma care spal\u0103 vehiculele TPT folose\u0219te angaja\u021bi nedeclara\u021bi, contractele nu sunt raportate la ITM \u0219i CAS<\/a><\/h3>\n<\/div>\n<\/div>\n<\/div>\n<div class=\"td_module_flex td_module_flex_1 td_module_wrap td-animation-stack td-meta-info-hide td-cpt-post\">\n<div class=\"td-module-container td-category-pos-image\">\n<div class=\"td-module-meta-info\">\n<h3 class=\"entry-title td-module-title\"><a href=\"https:\/\/voceatimisului.ro\/iccj-ii-strica-lui-dominic-fritz-manevra-de-blocaj-dosarul-de-conflict-de-interese-se-reia\/\" rel=\"bookmark\" title=\"\u00ceCCJ \u00eei stric\u0103 lui Dominic Fritz manevra de blocaj. Dosarul de conflict de interese se reia\">\u00ceCCJ \u00eei stric\u0103 lui Dominic Fritz manevra de blocaj. Dosarul de conflict de interese se reia<\/a><\/h3>\n<\/div>\n<\/div>\n<\/div>\n<\/div>\n<\/div>\n<div class=\"tdb-author-box td_block_wrap tdb_single_author_box tdi_68 tdb-content-vert-top td-pb-border-top td_block_template_1\" data-td-block-uid=\"tdi_68\">\n<div class=\"tdb-block-inner td-fix-index\">\n<div class=\"tdb-author-info\"><a href=\"https:\/\/voceatimisului.ro\/author\/cataadmin\/\" class=\"tdb-author-name\">Radu Constantin<\/a><a href=\"http:\/\/www.voceatimisului.ro\" rel=\"nofollow\" class=\"tdb-author-url\">http:\/\/www.voceatimisului.ro<\/a><\/p>\n<div class=\"tdb-author-descr\">\u00centreaga responsabilitate a comentariilor l\u0103sate de dumneavoastr\u0103 v\u0103 apar\u021bine!<br \/>\nClick <a href=\"https:\/\/voceatimisului.ro\/termeni-si-conditii\/\">aici<\/a>-citeste condi\u0163iile de utilizare ale site-ului www.voceatimisului.ro<\/div>\n<\/div>\n<\/div>\n<\/div>\n<\/div>\n<\/div>\n<\/div>\n<div class=\"vc_column_inner tdi_70  wpb_column vc_column_container tdc-inner-column td-pb-span8\">\n<div class=\"vc_column-inner\">\n<div class=\"wpb_wrapper\">\n<div class=\"td_block_wrap tdb_single_content tdi_71 td-pb-border-top td_block_template_1 td-post-content tagdiv-type\" data-td-block-uid=\"tdi_71\">\n<div class=\"tdb-block-inner td-fix-index\">\n<h2 class=\"wp-block-heading\">Ieri, Dominic Fritz a bifat \u00eenc\u0103 o apari\u021bie de PR: conferin\u021b\u0103 de pres\u0103, poze z\u00e2mbitoare l\u00e2ng\u0103 culorile alb-violet ale Politehnicii Timi\u0219oara. Acel alb-violet pe care chiar el l-a scos de pe tramvaiele noi Bozankaya, impun\u00e2nd culoarea galben\u0103, ca s\u0103 dea \u201eo nou\u0103 identitate vizual\u0103\u201d ora\u0219ului. Ipocrizie \u00een stare pur\u0103.<\/h2>\n<p>\u00cen timp ce primarul \u00ee\u0219i face imagine pe seama tradi\u021biei Poli, \u00een subordinea sa direct\u0103, STPT sub conducerea lui Petolea \u0219i Dogaru se scufund\u0103 \u00een datorii \u0219i minciuni. Pe h\u00e2rtie, declar\u0103 \u201eprofit\u201d. \u00cen realitate, e o gaur\u0103 neagr\u0103 care \u00eenghite banii timi\u0219orenilor.<\/p>\n<p>Documente oficiale consultate de <em>Vocea Timi\u0219ului<\/em> arat\u0103 c\u0103 numai \u00een ultimele luni \u00eentre\u021binerea \u0219i repara\u021biile tramvaielor Bozankaya au costat aproape <strong>980.709 lei<\/strong> \u2013 adic\u0103 peste <strong>197.000 de euro<\/strong>. Sume uria\u0219e cheltuite pe sticl\u0103 securizat\u0103 spart\u0103, piese de schimb, consumabile \u0219i repara\u021bii inevitabile cauzate de infrastructura feroviar\u0103 \u00eenvechit\u0103, cu linii deformate \u0219i macaze defecte.<\/p>\n<p>Asta \u00eenseamn\u0103 uzur\u0103 accelerat\u0103, tramvaie distruse \u00eenainte de vreme \u0219i bani arunca\u021bi lunar din buzunarul cet\u0103\u021benilor. \u00cen loc s\u0103 investeasc\u0103 \u00een repara\u021bia infrastructurii, conducerea prefer\u0103 s\u0103 bage banii \u00een repara\u021bii repetate \u0219i inutile.<\/p>\n<p>\u00centre timp, datoriile c\u0103tre furnizori cresc. <a href=\"https:\/\/voceatimisului.ro\/stpt-baga-peste-162-000-de-lei-in-paul-trans-pentru-reparatii-urgente-desi-are-atelier-propriu-ruben-latcau-patroneaza-tacerea-fritz-zboara-prin-germania\/\" target=\"_blank\" rel=\"noreferrer noopener\">Firma Paul Trans, cea care repara autobuzele vechi<\/a>, a refuzat s\u0103 mai intervin\u0103 pentru c\u0103 STPT nu i-a pl\u0103tit lucr\u0103rile. Alte restan\u021be sunt ascunse sub pre\u0219, \u00een timp ce conducerea prefer\u0103 s\u0103 se dea exemplu de \u201emanagement performant\u201d \u00een fa\u021ba presei \u0219i s\u0103 fie protejat\u0103 politic.<\/p>\n<p>Fritz tace. Petolea \u0219i Dogaru mint. \u0218i \u00eentre timp, transportul public timi\u0219orean se degradeaz\u0103 vizibil. Tramvaiele noi sunt chinuite pe \u0219ine vechi, autobuzele vechi r\u0103m\u00e2n \u00een garaj f\u0103r\u0103 repara\u021bii, iar \u201eprofitul\u201d cu care se laud\u0103 e o glum\u0103 proast\u0103.<\/p>\n<p>C\u00e2t timp primarul pozeaz\u0103 \u00een alb-violet \u0219i \u00ee\u0219i acoper\u0103 oamenii din STPT, adev\u0103rul r\u0103m\u00e2ne acela\u0219i: Timi\u0219oara are un transport public condus de ipocri\u021bi \u0219i incompeten\u021bi, care distrug investi\u021bii \u0219i acumuleaz\u0103 datorii, \u00een timp ce ora\u0219ul pl\u0103te\u0219te nota.<\/p>\n<figure class=\"wp-block-gallery has-nested-images columns-default is-cropped wp-block-gallery-1 is-layout-flex wp-block-gallery-is-layout-flex\">\n<div><a href=\"https:\/\/voceatimisului.ro\/wp-content\/uploads\/2025\/08\/reparatiile-tramvaielor-Bozankaya-1-1024x724.jpg\" class=\"td-modal-image\"><\/p>\n<figure class=\"wp-block-image size-large\"><img decoding=\"async\" width=\"1024\" height=\"724\" data-id=\"174309\" src=\"https:\/\/voceatimisului.ro\/wp-content\/uploads\/2025\/08\/reparatiile-tramvaielor-Bozankaya-1-1024x724.jpg\" alt=\"Ipocri\u021bii transportului public: Fritz pozeaz\u0103 \u00een alb-violet, dar a vopsit Timi\u0219oara \u00een galben, iar Petolea \u0219i Dogaru o bag\u0103 \u00een faliment\" class=\"wp-image-174309\" loading=\"lazy\"><\/figure>\n<p><\/a><\/div>\n<div><a href=\"https:\/\/voceatimisului.ro\/wp-content\/uploads\/2025\/08\/reparatiile-tramvaielor-Bozankaya-2-1024x724.jpg\" class=\"td-modal-image\"><\/p>\n<figure class=\"wp-block-image size-large\"><img decoding=\"async\" width=\"1024\" height=\"724\" data-id=\"174308\" src=\"https:\/\/voceatimisului.ro\/wp-content\/uploads\/2025\/08\/reparatiile-tramvaielor-Bozankaya-2-1024x724.jpg\" alt=\"Ipocri\u021bii transportului public: Fritz pozeaz\u0103 \u00een alb-violet, dar a vopsit Timi\u0219oara \u00een galben, iar Petolea \u0219i Dogaru o bag\u0103 \u00een faliment\" class=\"wp-image-174308\" loading=\"lazy\"><\/figure>\n<p><\/a><\/div>\n<\/figure>\n<\/div>\n<\/div>\n<div class=\"td_block_wrap tdb_single_tags tdi_74 td-pb-border-top td_block_template_1\" data-td-block-uid=\"tdi_74\">\n<div class=\"tdb-block-inner td-fix-index\">\n<ul class=\"tdb-tags\">\n<li><span>Tags<\/span><\/li>\n<li><a href=\"https:\/\/voceatimisului.ro\/tag\/dogaru-dorin-madalin\/\">Dogaru Dorin M\u0103d\u0103lin<\/a><\/li>\n<li><a href=\"https:\/\/voceatimisului.ro\/tag\/dominic-fritz\/\">Dominic Fritz<\/a><\/li>\n<li><a href=\"https:\/\/voceatimisului.ro\/tag\/ipocrizie\/\">ipocrizie<\/a><\/li>\n<li><a href=\"https:\/\/voceatimisului.ro\/tag\/petolea-florin\/\">Petolea Florin<\/a><\/li>\n<li><a href=\"https:\/\/voceatimisului.ro\/tag\/stpt\/\">stpt<\/a><\/li>\n<\/ul>\n<\/div>\n<\/div>\n<div class=\"td_block_wrap tdb_single_post_share tdi_75  td-pb-border-top td_block_template_1\" data-td-block-uid=\"tdi_75\">\n<div id=\"tdi_75\" class=\"td-post-sharing tdb-block td-ps-bg td-ps-notext td-post-sharing-style1 \">\n<div class=\"td-post-sharing-visible\"><a class=\"td-social-sharing-button td-social-sharing-button-js td-social-network td-social-facebook\" href=\"https:\/\/www.facebook.com\/sharer.php?u=https%3A%2F%2Fvoceatimisului.ro%2Fipocritii-transportului-public-fritz-pozeaza-in-alb-violet-dar-a-vopsit-timisoara-in-galben-iar-petolea-si-dogaru-o-baga-in-faliment%2F\" title=\"Facebook\" rel=\"noopener\"><\/p>\n<div class=\"td-social-but-text\">Facebook<\/div>\n<p><\/a><a class=\"td-social-sharing-button td-social-sharing-button-js td-social-network td-social-twitter\" href=\"https:\/\/twitter.com\/intent\/tweet?text=Ipocri%C8%9Bii+transportului+public%3A+Fritz+pozeaz%C4%83+%C3%AEn+alb-violet%2C+dar+a+vopsit+Timi%C8%99oara+%C3%AEn+galben%2C+iar+Petolea+%C8%99i+Dogaru+o+bag%C4%83+%C3%AEn+faliment&amp;url=https%3A%2F%2Fvoceatimisului.ro%2Fipocritii-transportului-public-fritz-pozeaza-in-alb-violet-dar-a-vopsit-timisoara-in-galben-iar-petolea-si-dogaru-o-baga-in-faliment%2F&amp;via=Vocea+Timisului\" title=\"Twitter\" rel=\"noopener\"><\/p>\n<div class=\"td-social-but-text\">Twitter<\/div>\n<p><\/a><a class=\"td-social-sharing-button td-social-sharing-button-js td-social-network td-social-pinterest\" href=\"https:\/\/pinterest.com\/pin\/create\/button\/?url=https:\/\/voceatimisului.ro\/ipocritii-transportului-public-fritz-pozeaza-in-alb-violet-dar-a-vopsit-timisoara-in-galben-iar-petolea-si-dogaru-o-baga-in-faliment\/&amp;media=https:\/\/voceatimisului.ro\/wp-content\/uploads\/2025\/08\/Ipocritii-transportului-public-scaled.jpg&amp;description=Ipocri%C8%9Bii+transportului+public%3A+Fritz+pozeaz%C4%83+%C3%AEn+alb-violet%2C+dar+a+vopsit+Timi%C8%99oara+%C3%AEn+galben%2C+iar+Petolea+%C8%99i+Dogaru+o+bag%C4%83+%C3%AEn+faliment\" title=\"Pinterest\" rel=\"noopener\"><\/p>\n<div class=\"td-social-but-text\">Pinterest<\/div>\n<p><\/a><a class=\"td-social-sharing-button td-social-sharing-button-js td-social-network td-social-whatsapp\" href=\"https:\/\/api.whatsapp.com\/send?text=Ipocri%C8%9Bii+transportului+public%3A+Fritz+pozeaz%C4%83+%C3%AEn+alb-violet%2C+dar+a+vopsit+Timi%C8%99oara+%C3%AEn+galben%2C+iar+Petolea+%C8%99i+Dogaru+o+bag%C4%83+%C3%AEn+faliment%20%0A%0A%20https:\/\/voceatimisului.ro\/ipocritii-transportului-public-fritz-pozeaza-in-alb-violet-dar-a-vopsit-timisoara-in-galben-iar-petolea-si-dogaru-o-baga-in-faliment\/\" title=\"WhatsApp\" rel=\"noopener\"><\/p>\n<div class=\"td-social-but-text\">WhatsApp<\/div>\n<p><\/a><a class=\"td-social-sharing-button td-social-sharing-button-js td-social-network td-social-linkedin\" href=\"https:\/\/www.linkedin.com\/shareArticle?mini=true&amp;url=https:\/\/voceatimisului.ro\/ipocritii-transportului-public-fritz-pozeaza-in-alb-violet-dar-a-vopsit-timisoara-in-galben-iar-petolea-si-dogaru-o-baga-in-faliment\/&amp;title=Ipocri%C8%9Bii+transportului+public%3A+Fritz+pozeaz%C4%83+%C3%AEn+alb-violet%2C+dar+a+vopsit+Timi%C8%99oara+%C3%AEn+galben%2C+iar+Petolea+%C8%99i+Dogaru+o+bag%C4%83+%C3%AEn+faliment\" title=\"Linkedin\" rel=\"noopener\"><\/p>\n<div class=\"td-social-but-text\">Linkedin<\/div>\n<p><\/a><a class=\"td-social-sharing-button td-social-sharing-button-js td-social-network td-social-copy_url\" href=\"https:\/\/voceatimisului.ro\/ipocritii-transportului-public-fritz-pozeaza-in-alb-violet-dar-a-vopsit-timisoara-in-galben-iar-petolea-si-dogaru-o-baga-in-faliment\/\" title=\"Copy URL\" rel=\"noopener\"><\/p>\n<div class=\"td-social-but-text\">Copy URL<\/div>\n<p><\/a><\/div>\n<\/div>\n<\/div>\n<div class=\"td_block_wrap tdb_single_next_prev tdi_76 td-animation-stack td-next-prev-img-on td-pb-border-top td_block_template_1\" data-td-block-uid=\"tdi_76\">\n<div class=\"tdb-block-inner td-fix-index\">\n<div class=\"tdb-next-post tdb-next-post-bg tdb-post-prev\"><span>Articolul precedent<\/span><\/p>\n<div class=\"td-module-container\">\n<div class=\"td-image-container\"><a class=\"td-image-wrap\" href=\"https:\/\/voceatimisului.ro\/doua-investitii-europene-majore-pentru-comuna-sag-scoala-verde-si-asfaltari-pe-strazi-importante\/\"><img loading=\"lazy\" decoding=\"async\" class=\"td-next-prev-image td-fix-index td-lazy-img\" title=\"Dou\u0103 investi\u021bii europene majore pentru comuna \u0218ag: \u0219coal\u0103 verde \u0219i asfalt\u0103ri pe str\u0103zi importante\" width=\"696\" height=\"296\" src=\"https:\/\/voceatimisului.ro\/wp-content\/uploads\/2025\/08\/Doua-investitii-europene-majore-pentru-comuna-Sag-1-696x296.jpg\"><\/a><\/div>\n<div class=\"next-prev-title\"><a href=\"https:\/\/voceatimisului.ro\/doua-investitii-europene-majore-pentru-comuna-sag-scoala-verde-si-asfaltari-pe-strazi-importante\/\">Dou\u0103 investi\u021bii europene majore pentru comuna \u0218ag: \u0219coal\u0103 verde \u0219i asfalt\u0103ri pe str\u0103zi importante<\/a><\/div>\n<\/div>\n<\/div>\n<div class=\"tdb-next-post tdb-next-post-bg tdb-post-next\"><span>Articolul urm\u0103tor<\/span><\/p>\n<div class=\"td-module-container\">\n<div class=\"td-image-container\"><a class=\"td-image-wrap\" href=\"https:\/\/voceatimisului.ro\/la-verde-events-fiecare-moment-devine-o-amintire-de-neuitat\/\"><img loading=\"lazy\" decoding=\"async\" class=\"td-next-prev-image td-fix-index td-lazy-img\" title=\"La Verde Events, fiecare moment devine o amintire de neuitat\" width=\"696\" height=\"464\" src=\"https:\/\/voceatimisului.ro\/wp-content\/uploads\/2025\/08\/Verde-Events-24-696x464.jpg\"><\/a><\/div>\n<div class=\"next-prev-title\"><a href=\"https:\/\/voceatimisului.ro\/la-verde-events-fiecare-moment-devine-o-amintire-de-neuitat\/\">La Verde Events, fiecare moment devine o amintire de neuitat<\/a><\/div>\n<\/div>\n<\/div>\n<\/div>\n<\/div>\n<\/div>\n<\/div>\n<\/div>\n<\/div>\n<div class=\"vc_row_inner tdi_86  vc_row vc_inner wpb_row td-pb-row\">\n<div class=\"vc_column_inner tdi_88  wpb_column vc_column_container tdc-inner-column td-pb-span4 td-is-sticky\">\n<div class=\"vc_column-inner\">\n<div class=\"wpb_wrapper\" data-sticky-enabled-on=\"W3RydWUsdHJ1ZSx0cnVlLHRydWVd\" data-sticky-offset=\"20\" data-sticky-is-width-auto=\"W2ZhbHNlLGZhbHNlLGZhbHNlLGZhbHNlXQ==\">\n<div class=\"td_block_wrap tdb_single_related tdi_89 td_with_ajax_pagination td-pb-border-top td_block_template_1 tdb-single-related-posts\" data-td-block-uid=\"tdi_89\">\n<div id=\"tdi_89\" class=\"td_block_inner tdb-block-inner td-fix-index\">\n<div class=\"tdb_module_related td_module_wrap td-animation-stack td-meta-info-hide\">\n<div class=\"td-module-container td-category-pos-image\">\n<div class=\"td-module-meta-info\">\n<h3 class=\"entry-title td-module-title\"><a href=\"https:\/\/voceatimisului.ro\/cum-a-ajuns-firma-lui-gabriel-almajan-sa-primeasca-doua-autorizatii-pe-acelasi-teren-fara-pud\/\" rel=\"bookmark\" title=\"Cum a ajuns firma lui Gabriel Alm\u0103jan s\u0103 primeasc\u0103 dou\u0103 autoriza\u021bii pe acela\u0219i teren, f\u0103r\u0103 PUD\">Cum a ajuns firma lui Gabriel Alm\u0103jan s\u0103 primeasc\u0103 dou\u0103 autoriza\u021bii pe acela\u0219i teren, f\u0103r\u0103 PUD<\/a><\/h3>\n<\/div>\n<\/div>\n<\/div>\n<div class=\"tdb_module_related td_module_wrap td-animation-stack td-meta-info-hide\">\n<div class=\"td-module-container td-category-pos-image\">\n<div class=\"td-module-meta-info\">\n<h3 class=\"entry-title td-module-title\"><a href=\"https:\/\/voceatimisului.ro\/retim-si-a-mutat-sediul-in-oradea-timisoara-pierde-taxe-administratia-fritz-tace\/\" rel=\"bookmark\" title=\"RETIM \u0219i-a mutat sediul \u00een Oradea. Timi\u0219oara pierde taxe, administra\u021bia Fritz tace\">RETIM \u0219i-a mutat sediul \u00een Oradea. Timi\u0219oara pierde taxe, administra\u021bia Fritz tace<\/a><\/h3>\n<\/div>\n<\/div>\n<\/div>\n<div class=\"tdb_module_related td_module_wrap td-animation-stack td-meta-info-hide\">\n<div class=\"td-module-container td-category-pos-image\">\n<div class=\"td-module-meta-info\">\n<h3 class=\"entry-title td-module-title\"><a href=\"https:\/\/voceatimisului.ro\/fritz-ignora-legea-ministerul-muncii-confirma-incetarea-functiei-lui-pokker-in-ziua-pensionarii\/\" rel=\"bookmark\" title=\"Fritz ignor\u0103 legea. Ministerul Muncii confirm\u0103 \u00eencetarea func\u021biei lui Pokker \u00een ziua pension\u0103rii\">Fritz ignor\u0103 legea. Ministerul Muncii confirm\u0103 \u00eencetarea func\u021biei lui Pokker \u00een ziua pension\u0103rii<\/a><\/h3>\n<\/div>\n<\/div>\n<\/div>\n<\/div>\n<\/div>\n<\/div>\n<\/div>\n<\/div>\n<div class=\"vc_column_inner tdi_91  wpb_column vc_column_container tdc-inner-column td-pb-span8\">\n<div class=\"vc_column-inner\">\n<div class=\"wpb_wrapper\">\n<div class=\"td_block_wrap tdb_single_comments tdi_92 tdb-comm-layout2 td-pb-border-top td_block_template_2\" data-td-block-uid=\"tdi_92\">\n<div class=\"tdb-block-inner td-fix-index\">\n<div class=\"comments\" id=\"comments\">\n<div id=\"respond\" class=\"comment-respond\">\n<h3 id=\"reply-title\" class=\"comment-reply-title\">L\u0102SA\u021aI UN MESAJ <small><a rel=\"nofollow\" id=\"cancel-comment-reply-link\" href=\"https:\/\/voceatimisului.ro\/ipocritii-transportului-public-fritz-pozeaza-in-alb-violet-dar-a-vopsit-timisoara-in-galben-iar-petolea-si-dogaru-o-baga-in-faliment\/#respond\">Renun\u021ba\u021bi la r\u0103spuns<\/a><\/small><\/h3>\n<div class=\"comment-form-input-wrap td-form-comment\">\n<div class=\"td-warning-comment\">V\u0103 rug\u0103m s\u0103 introduce\u021bi comentariul dvs.!<\/div>\n<\/div>\n<div class=\"comment-form-input-wrap td-form-author\">\n<div class=\"td-warning-author\">Introduce\u021bi aici numele dvs.<\/div>\n<\/div>\n<div class=\"comment-form-input-wrap td-form-email\">\n<div class=\"td-warning-email-error\">A\u021bi introdus o adres\u0103 de e-mail incorect\u0103!<\/div>\n<div class=\"td-warning-email\">V\u0103 rug\u0103m s\u0103 introduce\u021bi adresa dvs. de e-mail aici<\/div>\n<\/div>\n<\/div>\n<\/div>\n<\/div>\n<\/div>\n<\/div>\n<\/div>\n<\/div>\n<\/div>\n<\/div>\n<\/div>\n<div class=\"vc_column tdi_94  wpb_column vc_column_container tdc-column td-pb-span4 td-is-sticky\">\n<div class=\"wpb_wrapper\" data-sticky-enabled-on=\"W3RydWUsdHJ1ZSx0cnVlLHRydWVd\" data-sticky-offset=\"20\" data-sticky-is-width-auto=\"W2ZhbHNlLGZhbHNlLGZhbHNlLGZhbHNlXQ==\">\n<div class=\"vc_row_inner tdi_96  vc_row vc_inner wpb_row td-pb-row\">\n<div class=\"vc_column_inner tdi_98  wpb_column vc_column_container tdc-inner-column td-pb-span12\">\n<div class=\"vc_column-inner\">\n<div class=\"wpb_wrapper\">\n<div class=\"td_block_wrap td_block_title tdi_99 td-pb-border-top td_block_template_11 td-fix-index\" data-td-block-uid=\"tdi_99\">\n<div class=\"td-block-title-wrap\">\n<h4 class=\"td-block-title\"><span class=\"td-pulldown-size\">ANUN\u021aURI \u0218I PUBLICITATE<\/span><\/h4>\n<\/div>\n<\/div>\n<\/div>\n<\/div>\n<\/div>\n<\/div>\n<div class=\"wpb_wrapper td_block_wrap vc_widget_sidebar tdi_101 \">\n<aside id=\"block-10\" class=\"td_block_template_1 widget block-10 widget_block widget_media_image\">\n<figure class=\"wp-block-image size-full\"><a href=\"https:\/\/adpghiroda.ro\/index.html\" target=\"_blank\" rel=\" noreferrer noopener\"><img decoding=\"async\" loading=\"eager\" width=\"960\" height=\"960\" src=\"https:\/\/voceatimisului.ro\/wp-content\/uploads\/2025\/03\/ADP-Ghiroda2.jpg\" alt class=\"wp-image-171492\"><\/a><\/figure>\n<\/aside>\n<aside id=\"block-11\" class=\"td_block_template_1 widget block-11 widget_block widget_media_image\">\n<figure class=\"wp-block-image size-full\"><a href=\"https:\/\/adpghiroda.ro\/index.html\" target=\"_blank\" rel=\" noreferrer noopener\"><img decoding=\"async\" loading=\"eager\" width=\"960\" height=\"960\" src=\"https:\/\/voceatimisului.ro\/wp-content\/uploads\/2025\/03\/ADP-Ghiroda1.jpg\" alt class=\"wp-image-171491\"><\/a><\/figure>\n<\/aside>\n<aside id=\"block-17\" class=\"td_block_template_1 widget block-17 widget_block widget_media_image\">\n<figure class=\"wp-block-image size-large is-resized\"><a href=\"https:\/\/verde.events\/\" target=\"_blank\" rel=\" noreferrer noopener\"><img decoding=\"async\" loading=\"lazy\" width=\"1024\" height=\"683\" src=\"https:\/\/voceatimisului.ro\/wp-content\/uploads\/2025\/08\/Verde-Events-24-1024x683.jpg\" alt=\"Verde Events\" class=\"wp-image-174395\"><\/a><figcaption class=\"wp-element-caption\"><strong><em>O experien\u021b\u0103 unic\u0103 pentru orice tip de eveniment<\/em><\/strong><\/figcaption><\/figure>\n<\/aside>\n<\/div>\n<div class=\"td_block_wrap td_flex_block_1 tdi_107 td-pb-border-top td_block_template_1 td_ajax_preloading_preload td_flex_block\" data-td-block-uid=\"tdi_107\">\n<div id=\"tdi_107\" class=\"td_block_inner td-mc1-wrap\">\n<div class=\"td_module_flex td_module_flex_1 td_module_wrap td-animation-stack td-meta-info-hide td-cpt-post\">\n<div class=\"td-module-container td-category-pos-image\">\n<div class=\"td-module-meta-info\">\n<h3 class=\"entry-title td-module-title\"><a href=\"https:\/\/voceatimisului.ro\/licitatia-de-e-ticketing-a-primariei-timisoara-trimisa-la-rescris-de-cnsc-documentatie-profund-viciata-si-semne-de-intrebare-privind-expertiza-din-spatele-proiectului\/\" rel=\"bookmark\" title=\"Licita\u021bia de e-ticketing a Prim\u0103riei Timi\u0219oara, trimis\u0103 la rescris de CNSC. Documenta\u021bie \u201eprofund viciat\u0103\u201d \u0219i semne de \u00eentrebare privind expertiza din spatele proiectului\">Licita\u021bia de e-ticketing a Prim\u0103riei Timi\u0219oara, trimis\u0103 la rescris de CNSC. Documenta\u021bie \u201eprofund viciat\u0103\u201d \u0219i semne de \u00eentrebare privind expertiza din spatele proiectului<\/a><\/h3>\n<\/div>\n<\/div>\n<\/div>\n<div class=\"td_module_flex td_module_flex_1 td_module_wrap td-animation-stack td-meta-info-hide td-cpt-post\">\n<div class=\"td-module-container td-category-pos-image\">\n<div class=\"td-module-meta-info\">\n<h3 class=\"entry-title td-module-title\"><a href=\"https:\/\/voceatimisului.ro\/dominic-fritz-si-pensionarii-de-lux-ai-legalitatii\/\" rel=\"bookmark\" title=\"Dominic Fritz \u0219i pensionarii de lux ai legalit\u0103\u021bii\">Dominic Fritz \u0219i pensionarii de lux ai legalit\u0103\u021bii<\/a><\/h3>\n<\/div>\n<\/div>\n<\/div>\n<div class=\"td_module_flex td_module_flex_1 td_module_wrap td-animation-stack td-meta-info-hide td-cpt-post\">\n<div class=\"td-module-container td-category-pos-image\">\n<div class=\"td-module-meta-info\">\n<h3 class=\"entry-title td-module-title\"><a href=\"https:\/\/voceatimisului.ro\/demolari-fara-drept-si-functionari-executati-administratia-fritz-tot-mai-aproape-de-comunismul-birocratic\/\" rel=\"bookmark\" title=\"Demol\u0103ri f\u0103r\u0103 drept \u0219i func\u021bionari executa\u021bi: administra\u021bia Fritz, tot mai aproape de comunismul birocratic\">Demol\u0103ri f\u0103r\u0103 drept \u0219i func\u021bionari executa\u021bi: administra\u021bia Fritz, tot mai aproape de comunismul birocratic<\/a><\/h3>\n<\/div>\n<\/div>\n<\/div>\n<div class=\"td_module_flex td_module_flex_1 td_module_wrap td-animation-stack td-meta-info-hide td-cpt-post\">\n<div class=\"td-module-container td-category-pos-image\">\n<div class=\"td-module-meta-info\">\n<h3 class=\"entry-title td-module-title\"><a href=\"https:\/\/voceatimisului.ro\/salarii-fantoma-la-stpt-soferii-si-vatmanii-acuza-minciuni-taieri-si-lipsa-de-transparenta\/\" rel=\"bookmark\" title=\"Salarii fantom\u0103 la STPT: \u0219oferii \u0219i vatmanii acuz\u0103 minciuni, t\u0103ieri \u0219i lips\u0103 de transparen\u021b\u0103\">Salarii fantom\u0103 la STPT: \u0219oferii \u0219i vatmanii acuz\u0103 minciuni, t\u0103ieri \u0219i lips\u0103 de transparen\u021b\u0103<\/a><\/h3>\n<\/div>\n<\/div>\n<\/div>\n<div class=\"td_module_flex td_module_flex_1 td_module_wrap td-animation-stack td-meta-info-hide td-cpt-post\">\n<div class=\"td-module-container td-category-pos-image\">\n<div class=\"td-module-meta-info\">\n<h3 class=\"entry-title td-module-title\"><a href=\"https:\/\/voceatimisului.ro\/madalin-dogaru-omul-usr-din-stpt-anchetat-de-ani-pentru-avere-nedeclarata-si-conflict-de-interese\/\" rel=\"bookmark\" title=\"M\u0103d\u0103lin Dogaru, omul USR din STPT, anchetat de ANI pentru avere nedeclarat\u0103 \u0219i conflict de interese\">M\u0103d\u0103lin Dogaru, omul USR din STPT, anchetat de ANI pentru avere nedeclarat\u0103 \u0219i conflict de interese<\/a><\/h3>\n<\/div>\n<\/div>\n<\/div>\n<\/div>\n<\/div>\n<\/div>\n<\/div>\n<\/div>\n<\/div>\n<\/div>\n<\/div>\n<p><span class=\"td-page-meta\"><\/span><span class=\"td-page-meta\"><span class=\"td-page-meta\"><\/span><\/span><span class=\"td-page-meta\"><\/span><\/article>\n<p> Source URL: https:\/\/voceatimisului.ro\/ipocritii-transportului-public-fritz-pozeaza-in-alb-violet-dar-a-vopsit-timisoara-in-galben-iar-petolea-si-dogaru-o-baga-in-faliment\/<\/p>\n","protected":false},"excerpt":{"rendered":"<p>Editorial\u0218tiri Ipocri\u021bii transportului public: Fritz pozeaz\u0103 \u00een alb-violet, dar a vopsit Timi\u0219oara \u00een galben, iar Petolea \u0219i Dogaru o bag\u0103 \u00een faliment Primarul s-a pozat ieri m\u00e2ndru l\u00e2ng\u0103 culorile alb-violet ale Politehnicii, de\u0219i tot el a decis schimbarea culorii tramvaielor noi din alb-violet \u00een galben. \u00cen acela\u0219i timp, STPT se laud\u0103 cu \u201eprofit\u201d fals, \u00een [&hellip;]<\/p>\n","protected":false},"author":1,"featured_media":0,"comment_status":"open","ping_status":"","sticky":false,"template":"","format":"standard","meta":{"footnotes":""},"categories":[89],"tags":[199],"class_list":["post-1055577","post","type-post","status-publish","format-standard","hentry","category-romania","tag-voceatimisului-ro"],"_links":{"self":[{"href":"https:\/\/analyse.optim.biz\/index.php?rest_route=\/wp\/v2\/posts\/1055577","targetHints":{"allow":["GET"]}}],"collection":[{"href":"https:\/\/analyse.optim.biz\/index.php?rest_route=\/wp\/v2\/posts"}],"about":[{"href":"https:\/\/analyse.optim.biz\/index.php?rest_route=\/wp\/v2\/types\/post"}],"author":[{"embeddable":true,"href":"https:\/\/analyse.optim.biz\/index.php?rest_route=\/wp\/v2\/users\/1"}],"replies":[{"embeddable":true,"href":"https:\/\/analyse.optim.biz\/index.php?rest_route=%2Fwp%2Fv2%2Fcomments&post=1055577"}],"version-history":[{"count":0,"href":"https:\/\/analyse.optim.biz\/index.php?rest_route=\/wp\/v2\/posts\/1055577\/revisions"}],"wp:attachment":[{"href":"https:\/\/analyse.optim.biz\/index.php?rest_route=%2Fwp%2Fv2%2Fmedia&parent=1055577"}],"wp:term":[{"taxonomy":"category","embeddable":true,"href":"https:\/\/analyse.optim.biz\/index.php?rest_route=%2Fwp%2Fv2%2Fcategories&post=1055577"},{"taxonomy":"post_tag","embeddable":true,"href":"https:\/\/analyse.optim.biz\/index.php?rest_route=%2Fwp%2Fv2%2Ftags&post=1055577"}],"curies":[{"name":"wp","href":"https:\/\/api.w.org\/{rel}","templated":true}]}}