{"id":1055572,"date":"2025-10-13T10:20:08","date_gmt":"2025-10-13T07:20:08","guid":{"rendered":"https:\/\/analyse.optim.biz\/?p=1055572"},"modified":"2025-10-13T10:20:08","modified_gmt":"2025-10-13T07:20:08","slug":"retim-acuza-intimidare-dar-practica-intimidarea-cand-adevarul-doare-ancheta-devine-arma","status":"publish","type":"post","link":"https:\/\/analyse.optim.biz\/?p=1055572","title":{"rendered":"RETIM acuz\u0103 intimidare, dar practic\u0103 intimidarea. C\u00e2nd adev\u0103rul doare, ancheta devine arm\u0103"},"content":{"rendered":"<article id=\"template-id-172790\" class=\"post-172790 tdb_templates type-tdb_templates status-publish post\">\n<div id=\"tdi_38\" class=\"tdc-zone\">\n<div class=\"tdc_zone tdi_39  wpb_row td-pb-row\">\n<div id=\"tdi_40\" class=\"tdc-row stretch_row_1400 td-stretch-content\">\n<div class=\"vc_row tdi_41  wpb_row td-pb-row tdc-element-style\">\n<div class=\"vc_column tdi_43  wpb_column vc_column_container tdc-column td-pb-span8\">\n<div class=\"wpb_wrapper\">\n<div class=\"td_block_wrap tdb_single_categories tdi_44 td-pb-border-top td_block_template_1 \" data-td-block-uid=\"tdi_44\">\n<div class=\"tdb-category td-fix-index\"><a class=\"tdb-entry-category\" href=\"https:\/\/voceatimisului.ro\/editorial\/\">Editorial<\/a><a class=\"tdb-entry-category\" href=\"https:\/\/voceatimisului.ro\/stiri-din-timisoara-si-timis\/\">\u0218tiri<\/a><\/div>\n<\/div>\n<div class=\"td_block_wrap tdb_title tdi_45 tdb-single-title td-pb-border-top td_block_template_1\" data-td-block-uid=\"tdi_45\">\n<div class=\"tdb-block-inner td-fix-index\">\n<h1 class=\"tdb-title-text\">RETIM acuz\u0103 intimidare, dar practic\u0103 intimidarea. C\u00e2nd adev\u0103rul doare, ancheta devine arm\u0103<\/h1>\n<\/div>\n<\/div>\n<div class=\"td_block_wrap tdb_single_subtitle tdi_46 td-pb-border-top td_block_template_1\" data-td-block-uid=\"tdi_46\">\n<div class=\"tdb-block-inner td-fix-index\">\n<h2>Ast\u0103zi, la ora 9 diminea\u021ba, am fost audiat la IPJ Timi\u0219, \u00een calitate de martor, \u00eentr-un dosar n\u0103scut din investiga\u021biile Vocea Timi\u0219ului despre activitatea companiei RETIM. \u00cen birou, pe l\u00e2ng\u0103 poli\u021bistul de caz, s-au aflat avocatul companiei, Surdu Igor, \u0219i o coleg\u0103 care nu avea nicio leg\u0103tur\u0103 cu ancheta. Colegul meu, jurnalistul Tiberiu Kiss, urma s\u0103 fie audiat separat, la pr\u00e2nz.<\/h2>\n<\/div>\n<\/div>\n<div class=\"vc_row_inner tdi_48  vc_row vc_inner wpb_row td-pb-row\">\n<div class=\"vc_column_inner tdi_50  wpb_column vc_column_container tdc-inner-column td-pb-span6\">\n<div class=\"vc_column-inner\">\n<div class=\"wpb_wrapper\">\n<div class=\"td_block_wrap tdb_single_author tdi_51 td-pb-border-top td_block_template_1 tdb-post-meta\" data-td-block-uid=\"tdi_51\">\n<div class=\"tdb-block-inner td-fix-index\">\n<div class=\"tdb-author-name-wrap\"><span class=\"tdb-author-by\">Autor-<\/span><a class=\"tdb-author-name\" href=\"https:\/\/voceatimisului.ro\/author\/cataadmin\/\">Radu Constantin<\/a><\/div>\n<\/div>\n<\/div>\n<div class=\"td_block_wrap tdb_single_date tdi_52 td-pb-border-top td_block_template_1 tdb-post-meta\" data-td-block-uid=\"tdi_52\">\n<div class=\"tdb-block-inner td-fix-index\"><time class=\"entry-date updated td-module-date\" datetime=\"2025-10-13T13:20:08+03:00\">13 octombrie 2025<\/time><\/div>\n<\/div>\n<div class=\"td_block_wrap tdb_single_comments_count tdi_53 td-pb-border-top td_block_template_1 tdb-post-meta\" data-td-block-uid=\"tdi_53\">\n<div class=\"tdb-block-inner td-fix-index\"><a href=\"https:\/\/voceatimisului.ro\/retim-acuza-intimidare-dar-practica-intimidarea-cand-adevarul-doare-ancheta-devine-arma\/#respond\"><span>0<\/span><\/a><\/div>\n<\/div>\n<div class=\"td_block_wrap tdb_single_post_views tdi_54 td-pb-border-top td_block_template_1 tdb-post-meta\" data-td-block-uid=\"tdi_54\">\n<div class=\"tdb-block-inner td-fix-index\"><span class=\"tdb-add-text\">1<\/span><span class=\"td-nr-views-175464\">1887<\/span><\/div>\n<\/div>\n<\/div>\n<\/div>\n<\/div>\n<div class=\"vc_column_inner tdi_56  wpb_column vc_column_container tdc-inner-column td-pb-span6\">\n<div class=\"vc_column-inner\">\n<div class=\"wpb_wrapper\">\n<div class=\"td_block_wrap tdb_single_post_share tdi_57  td-pb-border-top td_block_template_1\" data-td-block-uid=\"tdi_57\">\n<div id=\"tdi_57\" class=\"td-post-sharing tdb-block td-ps-bg td-ps-notext td-post-sharing-style1 \">\n<div class=\"td-post-sharing-visible\"><a class=\"td-social-sharing-button td-social-sharing-button-js td-social-network td-social-facebook\" href=\"https:\/\/www.facebook.com\/sharer.php?u=https%3A%2F%2Fvoceatimisului.ro%2Fretim-acuza-intimidare-dar-practica-intimidarea-cand-adevarul-doare-ancheta-devine-arma%2F\" title=\"Facebook\" rel=\"noopener\"><\/p>\n<div class=\"td-social-but-text\">Facebook<\/div>\n<p><\/a><a class=\"td-social-sharing-button td-social-sharing-button-js td-social-network td-social-twitter\" href=\"https:\/\/twitter.com\/intent\/tweet?text=RETIM+acuz%C4%83+intimidare%2C+dar+practic%C4%83+intimidarea.+C%C3%A2nd+adev%C4%83rul+doare%2C+ancheta+devine+arm%C4%83&amp;url=https%3A%2F%2Fvoceatimisului.ro%2Fretim-acuza-intimidare-dar-practica-intimidarea-cand-adevarul-doare-ancheta-devine-arma%2F&amp;via=Vocea+Timisului\" title=\"Twitter\" rel=\"noopener\"><\/p>\n<div class=\"td-social-but-text\">Twitter<\/div>\n<p><\/a><a class=\"td-social-sharing-button td-social-sharing-button-js td-social-network td-social-pinterest\" href=\"https:\/\/pinterest.com\/pin\/create\/button\/?url=https:\/\/voceatimisului.ro\/retim-acuza-intimidare-dar-practica-intimidarea-cand-adevarul-doare-ancheta-devine-arma\/&amp;media=https:\/\/voceatimisului.ro\/wp-content\/uploads\/2025\/10\/ioan-pascu.webp&amp;description=RETIM+acuz%C4%83+intimidare%2C+dar+practic%C4%83+intimidarea.+C%C3%A2nd+adev%C4%83rul+doare%2C+ancheta+devine+arm%C4%83\" title=\"Pinterest\" rel=\"noopener\"><\/p>\n<div class=\"td-social-but-text\">Pinterest<\/div>\n<p><\/a><a class=\"td-social-sharing-button td-social-sharing-button-js td-social-network td-social-whatsapp\" href=\"https:\/\/api.whatsapp.com\/send?text=RETIM+acuz%C4%83+intimidare%2C+dar+practic%C4%83+intimidarea.+C%C3%A2nd+adev%C4%83rul+doare%2C+ancheta+devine+arm%C4%83%20%0A%0A%20https:\/\/voceatimisului.ro\/retim-acuza-intimidare-dar-practica-intimidarea-cand-adevarul-doare-ancheta-devine-arma\/\" title=\"WhatsApp\" rel=\"noopener\"><\/p>\n<div class=\"td-social-but-text\">WhatsApp<\/div>\n<p><\/a><a class=\"td-social-sharing-button td-social-sharing-button-js td-social-network td-social-linkedin\" href=\"https:\/\/www.linkedin.com\/shareArticle?mini=true&amp;url=https:\/\/voceatimisului.ro\/retim-acuza-intimidare-dar-practica-intimidarea-cand-adevarul-doare-ancheta-devine-arma\/&amp;title=RETIM+acuz%C4%83+intimidare%2C+dar+practic%C4%83+intimidarea.+C%C3%A2nd+adev%C4%83rul+doare%2C+ancheta+devine+arm%C4%83\" title=\"Linkedin\" rel=\"noopener\"><\/p>\n<div class=\"td-social-but-text\">Linkedin<\/div>\n<p><\/a><a class=\"td-social-sharing-button td-social-sharing-button-js td-social-network td-social-copy_url\" href=\"https:\/\/voceatimisului.ro\/retim-acuza-intimidare-dar-practica-intimidarea-cand-adevarul-doare-ancheta-devine-arma\/\" title=\"Copy URL\" rel=\"noopener\"><\/p>\n<div class=\"td-social-but-text\">Copy URL<\/div>\n<p><\/a><\/div>\n<\/div>\n<\/div>\n<\/div>\n<\/div>\n<\/div>\n<\/div>\n<div class=\"td_block_wrap tdb_single_featured_image tdi_58 tdb-content-horiz-left td-pb-border-top td_block_template_1\" data-td-block-uid=\"tdi_58\">\n<div class=\"tdb-block-inner td-fix-index\">\n<figure><img fetchpriority=\"high\" decoding=\"async\" width=\"696\" height=\"464\" class=\"entry-thumb\" src=\"https:\/\/voceatimisului.ro\/wp-content\/uploads\/2025\/10\/ioan-pascu-696x464.webp\" alt=\"Ioan Pascu\" title=\"Ioan Pascu\" loading=\"eager\"><figcaption class=\"tdb-caption-text\">Ioan Pascu<\/figcaption><\/figure>\n<\/div>\n<\/div>\n<div class=\"vc_row_inner tdi_60  vc_row vc_inner wpb_row td-pb-row\">\n<div class=\"vc_column_inner tdi_62  wpb_column vc_column_container tdc-inner-column td-pb-span4 td-is-sticky\">\n<div class=\"vc_column-inner\">\n<div class=\"wpb_wrapper\" data-sticky-enabled-on=\"W3RydWUsdHJ1ZSx0cnVlLHRydWVd\" data-sticky-offset=\"20\" data-sticky-is-width-auto=\"W2ZhbHNlLGZhbHNlLGZhbHNlLGZhbHNlXQ==\">\n<div class=\"td_block_wrap td_flex_block_1 tdi_63 td-pb-border-top td_block_template_1 td_ajax_preloading_preload td_flex_block\" data-td-block-uid=\"tdi_63\">\n<div id=\"tdi_63\" class=\"td_block_inner td-mc1-wrap\">\n<div class=\"td_module_flex td_module_flex_1 td_module_wrap td-animation-stack td-meta-info-hide td-cpt-post\">\n<div class=\"td-module-container td-category-pos-image\">\n<div class=\"td-module-meta-info\">\n<h3 class=\"entry-title td-module-title\"><a href=\"https:\/\/voceatimisului.ro\/retim-sfideaza-timisoara-utilajele-cjt-raman-sechestrate-legea-ramane-la-misto\/\" rel=\"bookmark\" title=\"Retim sfideaz\u0103 Timi\u0219oara, utilajele CJT r\u0103m\u00e2n sechestrate, legea r\u0103m\u00e2ne la mi\u0219to\">Retim sfideaz\u0103 Timi\u0219oara, utilajele CJT r\u0103m\u00e2n sechestrate, legea r\u0103m\u00e2ne la mi\u0219to<\/a><\/h3>\n<\/div>\n<\/div>\n<\/div>\n<div class=\"td_module_flex td_module_flex_1 td_module_wrap td-animation-stack td-meta-info-hide td-cpt-post\">\n<div class=\"td-module-container td-category-pos-image\">\n<div class=\"td-module-meta-info\">\n<h3 class=\"entry-title td-module-title\"><a href=\"https:\/\/voceatimisului.ro\/retim-sfideaza-legea-si-institutiile-din-timis-foloseste-echipamente-publice-fara-drept-si-blocheaza-accesul-la-informatii\/\" rel=\"bookmark\" title=\"RETIM sfideaz\u0103 legea \u0219i institu\u021biile din Timi\u0219, folose\u0219te echipamente publice f\u0103r\u0103 drept \u0219i blocheaz\u0103 accesul la informa\u021bii\">RETIM sfideaz\u0103 legea \u0219i institu\u021biile din Timi\u0219, folose\u0219te echipamente publice f\u0103r\u0103 drept \u0219i blocheaz\u0103 accesul la informa\u021bii<\/a><\/h3>\n<\/div>\n<\/div>\n<\/div>\n<div class=\"td_module_flex td_module_flex_1 td_module_wrap td-animation-stack td-meta-info-hide td-cpt-post\">\n<div class=\"td-module-container td-category-pos-image\">\n<div class=\"td-module-meta-info\">\n<h3 class=\"entry-title td-module-title\"><a href=\"https:\/\/voceatimisului.ro\/retim-arunca-oamenii-la-gunoi-apoi-pretinde-ca-i-a-transferat\/\" rel=\"bookmark\" title=\"RETIM arunc\u0103 oamenii la gunoi, apoi pretinde c\u0103 i-a \u201etransferat\u201d\">RETIM arunc\u0103 oamenii la gunoi, apoi pretinde c\u0103 i-a \u201etransferat\u201d<\/a><\/h3>\n<\/div>\n<\/div>\n<\/div>\n<div class=\"td_module_flex td_module_flex_1 td_module_wrap td-animation-stack td-meta-info-hide td-cpt-post\">\n<div class=\"td-module-container td-category-pos-image\">\n<div class=\"td-module-meta-info\">\n<h3 class=\"entry-title td-module-title\"><a href=\"https:\/\/voceatimisului.ro\/retim-lovitura-in-instanta-si-factura-de-24-600-lei-pe-fondul-haosului-din-gestionarea-gunoiului\/\" rel=\"bookmark\" title=\"RETIM, lovitur\u0103 \u00een instan\u021b\u0103 \u0219i factur\u0103 de 24.600 lei pe fondul haosului din gestionarea gunoiului\">RETIM, lovitur\u0103 \u00een instan\u021b\u0103 \u0219i factur\u0103 de 24.600 lei pe fondul haosului din gestionarea gunoiului<\/a><\/h3>\n<\/div>\n<\/div>\n<\/div>\n<\/div>\n<\/div>\n<div class=\"tdb-author-box td_block_wrap tdb_single_author_box tdi_68 tdb-content-vert-top td-pb-border-top td_block_template_1\" data-td-block-uid=\"tdi_68\">\n<div class=\"tdb-block-inner td-fix-index\">\n<div class=\"tdb-author-info\"><a href=\"https:\/\/voceatimisului.ro\/author\/cataadmin\/\" class=\"tdb-author-name\">Radu Constantin<\/a><a href=\"http:\/\/www.voceatimisului.ro\" rel=\"nofollow\" class=\"tdb-author-url\">http:\/\/www.voceatimisului.ro<\/a><\/p>\n<div class=\"tdb-author-descr\">\u00centreaga responsabilitate a comentariilor l\u0103sate de dumneavoastr\u0103 v\u0103 apar\u021bine!<br \/>\nClick <a href=\"https:\/\/voceatimisului.ro\/termeni-si-conditii\/\">aici<\/a>-citeste condi\u0163iile de utilizare ale site-ului www.voceatimisului.ro<\/div>\n<\/div>\n<\/div>\n<\/div>\n<\/div>\n<\/div>\n<\/div>\n<div class=\"vc_column_inner tdi_70  wpb_column vc_column_container tdc-inner-column td-pb-span8\">\n<div class=\"vc_column-inner\">\n<div class=\"wpb_wrapper\">\n<div class=\"td_block_wrap tdb_single_content tdi_71 td-pb-border-top td_block_template_1 td-post-content tagdiv-type\" data-td-block-uid=\"tdi_71\">\n<div class=\"tdb-block-inner td-fix-index\">\n<h3 class=\"wp-block-heading\">Audierea s-a transformat rapid dintr-un act procedural \u00eentr-o tentativ\u0103 de intimidare. Avocatul RETIM, \u00eemputernicit oficial s\u0103 asiste, a \u00eenceput s\u0103 pun\u0103 \u00eentreb\u0103ri ca un procuror: cine sunt sursele noastre, cine ne furnizeaz\u0103 documente, dac\u0103 eu sunt patronul publica\u021biei \u0219i din ce \u00eemi tr\u0103iesc existen\u021ba. I-am r\u0103spuns simplu: s\u0103 verifice la ITM. A fost vizibil iritat de lipsa de servilism.<\/h3>\n<p>A insistat apoi dac\u0103 eu \u0219i Tiberiu Kiss ne \u201ecoordon\u0103m\u201d \u00een redactarea articolelor. I-am spus c\u0103 nu ne coordon\u0103m, dar colabor\u0103m de ani de zile pe subiecte de interes public, mai ales \u00een investiga\u021bii complexe, cum este \u0219i cazul RETIM. Suntem dou\u0103 redac\u021bii distincte, care colaboreaz\u0103 profesionist, a\u0219a cum se \u00eent\u00e2mpl\u0103 \u00een presa liber\u0103 atunci c\u00e2nd adev\u0103rul nu are grani\u021be de logo.<\/p>\n<p>I-am explicat clar c\u0103 nici Vocea Timi\u0219ului, nici publica\u021bia colegului meu nu au contracte comerciale cu RETIM sau cu ADID. Nici publicitate, nici colabor\u0103ri mascate. Iar asta, probabil, este adev\u0103rata problem\u0103.<\/p>\n<p>\u00cen loc s\u0103 discute despre fapte, avocatul companiei a \u00eencercat s\u0103 afle cine st\u0103 \u00een spatele investiga\u021biilor, cine ne sprijin\u0103 \u0219i ce rela\u021bii avem \u00eentre noi. \u00centreb\u0103rile au avut un singur scop: s\u0103 identifice sursele \u0219i s\u0103 transmit\u0103 un mesaj clar \u2013 \u201e\u0219tim cine e\u0219ti\u201d.<\/p>\n<p>Am refuzat orice \u00eentrebare legat\u0103 de surse sau documente, invoc\u00e2nd dreptul garantat de Constitu\u021bie \u0219i de Conven\u021bia European\u0103 a Drepturilor Omului. Articolul 30 alin. (2) din Constitu\u021bia Rom\u00e2niei interzice obligarea unui jurnalist s\u0103-\u0219i divulge sursele de informare. Aceasta nu este o op\u021biune, ci o obliga\u021bie profesional\u0103.<\/p>\n<p><a href=\"https:\/\/voceatimisului.ro\/alfred-simonis-nu-vreau-pace-cu-retim-fritz-si-buzoianu-se-fac-ca-nu-vad-dezastrul-de-la-ghizela\/\" target=\"_blank\" rel=\"noreferrer noopener\">C\u00e2nd i-am amintit avocatului c\u0103 RETIM ar fi putut trimite un drept la replic\u0103 dac\u0103 se considera nedrept\u0103\u021bit\u0103, a t\u0103cut. <\/a>Nu a avut ce s\u0103 spun\u0103.<\/p>\n<p>Pentru acurate\u021be: eu lucrez la Vocea Timi\u0219ului din 2012, de c\u00e2nd am fondat publica\u021bia. Sunt jurnalist \u0219i specialist IT. Mi-am construit singur site-ul, fac mentenan\u021ba, asigur securitatea \u0219i partea tehnic\u0103, inclusiv SEO. De-a lungul timpului, am ajutat gratuit mul\u021bi colegi din pres\u0103 cu mentenan\u021ba platformelor lor. Nu pentru bani, ci pentru c\u0103 presa independent\u0103 nu poate func\u021biona f\u0103r\u0103 solidaritate.<\/p>\n<p><a href=\"https:\/\/voceatimisului.ro\/retim-groapa-nervilor-simonis-a-inchis-bomba-ecologica-iar-retim-a-trecut-la-intimidari\/\" target=\"_blank\" rel=\"noreferrer noopener\">E acela\u0219i reflex de t\u0103cere \u0219i evitare care s-a v\u0103zut \u0219i \u00een 8 octombrie<\/a>, c\u00e2nd, la Consiliul Jude\u021bean Timi\u0219, l-am \u00eentrebat pe directorul RETIM, Dan Pascu, de ce doar Vocea Timi\u0219ului a fost \u021binta unei pl\u00e2ngeri penale. \u00centrebarea a fost pus\u0103 calm, \u00eentr-un spa\u021biu public, \u00een holul CJT, dup\u0103 o \u0219edin\u021b\u0103 public\u0103. Pascu a refuzat s\u0103 r\u0103spund\u0103, iar discu\u021bia a fost filmat\u0103 integral. Ast\u0103zi, aceea\u0219i companie consider\u0103 acel moment o \u201eh\u0103r\u021buire\u201d.<\/p>\n<p>S\u0103 filmezi un reprezentant al unei companii cu ac\u021bionariat public \u00eentr-o institu\u021bie public\u0103 este, potrivit RETIM, un act de intimidare. \u00cen realitate, e exact invers. Intimidarea este s\u0103 trimi\u021bi avoca\u021bi la audierea jurnali\u0219tilor \u0219i s\u0103-i \u00eentrebi cine le sunt sursele \u0219i din ce tr\u0103iesc.<\/p>\n<p>Pe 10 octombrie, RETIM a publicat pe site-ul propriu un comunicat cu titlul <a href=\"https:\/\/retim.ro\/retim-denunta-tentativele-de-intimidare-ale-consiliului-judetean-timis\/\" target=\"_blank\" rel=\"noreferrer noopener\">\u201eRETIM denun\u021b\u0103 tentativele de intimidare ale Consiliului Jude\u021bean Timi\u0219\u201d<\/a>, acuz\u00e2nd autorit\u0103\u021bile de presiuni \u0219i insinu\u00e2nd o campanie coordonat\u0103 \u00eempotriva companiei. E un exerci\u021biu de imagine: victimizare calculat\u0103, \u00een timp ce, \u00een spatele u\u0219ilor, se desf\u0103\u0219oar\u0103 presiuni reale asupra celor care investigheaz\u0103.<\/p>\n<p>\u00cen fa\u021ba acestei ipocrizii, adev\u0103rul e simplu. Libertatea presei nu se negociaz\u0103. Sursele jurnalistice sunt protejate de lege. Iar \u00eentrebarea unui jurnalist adresat\u0103 unei persoane publice \u00eentr-un spa\u021biu public nu este h\u0103r\u021buire, ci exerci\u021biul firesc al democra\u021biei.<\/p>\n<p>Cine confund\u0103 \u00eentrebarea cu intimidarea nu vrea transparen\u021b\u0103, ci t\u0103cere. Iar c\u00e2nd t\u0103cerea devine scop, presa devine \u021bint\u0103.<\/p>\n<figure class=\"wp-block-embed is-type-video is-provider-youtube wp-block-embed-youtube wp-embed-aspect-16-9 \">\n<div class=\"wp-block-embed__wrapper\"><span class=\"flying-press-youtube\" data-src=\"https:\/\/www.youtube.com\/embed\/FGpO44Z936s?feature=oembed&amp;autoplay=1\"><img decoding=\"async\" src=\"https:\/\/voceatimisului.ro\/wp-content\/cache\/flying-press\/f86a9beafdec77219edd07bd31903b03.jpg\" width=\"1280\" height=\"720\" alt=\"RETIM acuz\u0103 intimidare, dar practic\u0103 intimidarea\" loading=\"lazy\"><\/span><\/div>\n<\/figure>\n<\/div>\n<\/div>\n<div class=\"td_block_wrap tdb_single_tags tdi_74 td-pb-border-top td_block_template_1\" data-td-block-uid=\"tdi_74\">\n<div class=\"tdb-block-inner td-fix-index\">\n<ul class=\"tdb-tags\">\n<li><span>Tags<\/span><\/li>\n<li><a href=\"https:\/\/voceatimisului.ro\/tag\/dan-pascu\/\">Dan Pascu<\/a><\/li>\n<li><a href=\"https:\/\/voceatimisului.ro\/tag\/intimidare\/\">intimidare<\/a><\/li>\n<li><a href=\"https:\/\/voceatimisului.ro\/tag\/retim\/\">retim<\/a><\/li>\n<\/ul>\n<\/div>\n<\/div>\n<div class=\"td_block_wrap tdb_single_post_share tdi_75  td-pb-border-top td_block_template_1\" data-td-block-uid=\"tdi_75\">\n<div id=\"tdi_75\" class=\"td-post-sharing tdb-block td-ps-bg td-ps-notext td-post-sharing-style1 \">\n<div class=\"td-post-sharing-visible\"><a class=\"td-social-sharing-button td-social-sharing-button-js td-social-network td-social-facebook\" href=\"https:\/\/www.facebook.com\/sharer.php?u=https%3A%2F%2Fvoceatimisului.ro%2Fretim-acuza-intimidare-dar-practica-intimidarea-cand-adevarul-doare-ancheta-devine-arma%2F\" title=\"Facebook\" rel=\"noopener\"><\/p>\n<div class=\"td-social-but-text\">Facebook<\/div>\n<p><\/a><a class=\"td-social-sharing-button td-social-sharing-button-js td-social-network td-social-twitter\" href=\"https:\/\/twitter.com\/intent\/tweet?text=RETIM+acuz%C4%83+intimidare%2C+dar+practic%C4%83+intimidarea.+C%C3%A2nd+adev%C4%83rul+doare%2C+ancheta+devine+arm%C4%83&amp;url=https%3A%2F%2Fvoceatimisului.ro%2Fretim-acuza-intimidare-dar-practica-intimidarea-cand-adevarul-doare-ancheta-devine-arma%2F&amp;via=Vocea+Timisului\" title=\"Twitter\" rel=\"noopener\"><\/p>\n<div class=\"td-social-but-text\">Twitter<\/div>\n<p><\/a><a class=\"td-social-sharing-button td-social-sharing-button-js td-social-network td-social-pinterest\" href=\"https:\/\/pinterest.com\/pin\/create\/button\/?url=https:\/\/voceatimisului.ro\/retim-acuza-intimidare-dar-practica-intimidarea-cand-adevarul-doare-ancheta-devine-arma\/&amp;media=https:\/\/voceatimisului.ro\/wp-content\/uploads\/2025\/10\/ioan-pascu.webp&amp;description=RETIM+acuz%C4%83+intimidare%2C+dar+practic%C4%83+intimidarea.+C%C3%A2nd+adev%C4%83rul+doare%2C+ancheta+devine+arm%C4%83\" title=\"Pinterest\" rel=\"noopener\"><\/p>\n<div class=\"td-social-but-text\">Pinterest<\/div>\n<p><\/a><a class=\"td-social-sharing-button td-social-sharing-button-js td-social-network td-social-whatsapp\" href=\"https:\/\/api.whatsapp.com\/send?text=RETIM+acuz%C4%83+intimidare%2C+dar+practic%C4%83+intimidarea.+C%C3%A2nd+adev%C4%83rul+doare%2C+ancheta+devine+arm%C4%83%20%0A%0A%20https:\/\/voceatimisului.ro\/retim-acuza-intimidare-dar-practica-intimidarea-cand-adevarul-doare-ancheta-devine-arma\/\" title=\"WhatsApp\" rel=\"noopener\"><\/p>\n<div class=\"td-social-but-text\">WhatsApp<\/div>\n<p><\/a><a class=\"td-social-sharing-button td-social-sharing-button-js td-social-network td-social-linkedin\" href=\"https:\/\/www.linkedin.com\/shareArticle?mini=true&amp;url=https:\/\/voceatimisului.ro\/retim-acuza-intimidare-dar-practica-intimidarea-cand-adevarul-doare-ancheta-devine-arma\/&amp;title=RETIM+acuz%C4%83+intimidare%2C+dar+practic%C4%83+intimidarea.+C%C3%A2nd+adev%C4%83rul+doare%2C+ancheta+devine+arm%C4%83\" title=\"Linkedin\" rel=\"noopener\"><\/p>\n<div class=\"td-social-but-text\">Linkedin<\/div>\n<p><\/a><a class=\"td-social-sharing-button td-social-sharing-button-js td-social-network td-social-copy_url\" href=\"https:\/\/voceatimisului.ro\/retim-acuza-intimidare-dar-practica-intimidarea-cand-adevarul-doare-ancheta-devine-arma\/\" title=\"Copy URL\" rel=\"noopener\"><\/p>\n<div class=\"td-social-but-text\">Copy URL<\/div>\n<p><\/a><\/div>\n<\/div>\n<\/div>\n<div class=\"td_block_wrap tdb_single_next_prev tdi_76 td-animation-stack td-next-prev-img-on td-pb-border-top td_block_template_1\" data-td-block-uid=\"tdi_76\">\n<div class=\"tdb-block-inner td-fix-index\">\n<div class=\"tdb-next-post tdb-next-post-bg tdb-post-prev\"><span>Articolul precedent<\/span><\/p>\n<div class=\"td-module-container\">\n<div class=\"td-image-container\"><a class=\"td-image-wrap\" href=\"https:\/\/voceatimisului.ro\/grindeanu-gest-ferm-la-congresul-udmr-romania-are-un-singur-imn\/\"><img loading=\"lazy\" decoding=\"async\" class=\"td-next-prev-image td-fix-index td-lazy-img\" title=\"Grindeanu, gest ferm la congresul UDMR: \u201eRom\u00e2nia are un singur imn\u201d\" width=\"696\" height=\"464\" src=\"https:\/\/voceatimisului.ro\/wp-content\/uploads\/2025\/10\/grindeanu-696x464.webp\"><\/a><\/div>\n<div class=\"next-prev-title\"><a href=\"https:\/\/voceatimisului.ro\/grindeanu-gest-ferm-la-congresul-udmr-romania-are-un-singur-imn\/\">Grindeanu, gest ferm la congresul UDMR: \u201eRom\u00e2nia are un singur imn\u201d<\/a><\/div>\n<\/div>\n<\/div>\n<div class=\"tdb-next-post tdb-next-post-bg tdb-post-next\"><span>Articolul urm\u0103tor<\/span><\/p>\n<div class=\"td-module-container\">\n<div class=\"td-image-container\"><a class=\"td-image-wrap\" href=\"https:\/\/voceatimisului.ro\/fragilitatea-eternului-expozitia-care-aduce-pompeiul-la-timisoara\/\"><img loading=\"lazy\" decoding=\"async\" class=\"td-next-prev-image td-fix-index td-lazy-img\" title=\"Fragilitatea eternului \u2013 expozi\u021bia care aduce Pompeiul la Timi\u0219oara\" width=\"696\" height=\"392\" src=\"https:\/\/voceatimisului.ro\/wp-content\/uploads\/2025\/10\/pompeiul-la-timisoara-696x392.webp\"><\/a><\/div>\n<div class=\"next-prev-title\"><a href=\"https:\/\/voceatimisului.ro\/fragilitatea-eternului-expozitia-care-aduce-pompeiul-la-timisoara\/\">Fragilitatea eternului \u2013 expozi\u021bia care aduce Pompeiul la Timi\u0219oara<\/a><\/div>\n<\/div>\n<\/div>\n<\/div>\n<\/div>\n<\/div>\n<\/div>\n<\/div>\n<\/div>\n<div class=\"vc_row_inner tdi_86  vc_row vc_inner wpb_row td-pb-row\">\n<div class=\"vc_column_inner tdi_88  wpb_column vc_column_container tdc-inner-column td-pb-span4 td-is-sticky\">\n<div class=\"vc_column-inner\">\n<div class=\"wpb_wrapper\" data-sticky-enabled-on=\"W3RydWUsdHJ1ZSx0cnVlLHRydWVd\" data-sticky-offset=\"20\" data-sticky-is-width-auto=\"W2ZhbHNlLGZhbHNlLGZhbHNlLGZhbHNlXQ==\">\n<div class=\"td_block_wrap tdb_single_related tdi_89 td_with_ajax_pagination td-pb-border-top td_block_template_1 tdb-single-related-posts\" data-td-block-uid=\"tdi_89\">\n<div id=\"tdi_89\" class=\"td_block_inner tdb-block-inner td-fix-index\">\n<div class=\"tdb_module_related td_module_wrap td-animation-stack td-meta-info-hide\">\n<div class=\"td-module-container td-category-pos-image\">\n<div class=\"td-module-meta-info\">\n<h3 class=\"entry-title td-module-title\"><a href=\"https:\/\/voceatimisului.ro\/retim-a-plecat-din-timisoara-sub-nasul-consiliului-local\/\" rel=\"bookmark\" title=\"RETIM a plecat din Timi\u0219oara sub nasul Consiliului Local\">RETIM a plecat din Timi\u0219oara sub nasul Consiliului Local<\/a><\/h3>\n<\/div>\n<\/div>\n<\/div>\n<div class=\"tdb_module_related td_module_wrap td-animation-stack td-meta-info-hide\">\n<div class=\"td-module-container td-category-pos-image\">\n<div class=\"td-module-meta-info\">\n<h3 class=\"entry-title td-module-title\"><a href=\"https:\/\/voceatimisului.ro\/retim-si-a-mutat-sediul-in-oradea-timisoara-pierde-taxe-administratia-fritz-tace\/\" rel=\"bookmark\" title=\"RETIM \u0219i-a mutat sediul \u00een Oradea. Timi\u0219oara pierde taxe, administra\u021bia Fritz tace\">RETIM \u0219i-a mutat sediul \u00een Oradea. Timi\u0219oara pierde taxe, administra\u021bia Fritz tace<\/a><\/h3>\n<\/div>\n<\/div>\n<\/div>\n<div class=\"tdb_module_related td_module_wrap td-animation-stack td-meta-info-hide\">\n<div class=\"td-module-container td-category-pos-image\">\n<div class=\"td-module-meta-info\">\n<h3 class=\"entry-title td-module-title\"><a href=\"https:\/\/voceatimisului.ro\/retim-a-pierdut-ghizela-groapa-veche-inchisa-definitiv-interesele-afectate-au-declansat-reactii-in-presa\/\" rel=\"bookmark\" title=\"Retim a pierdut Ghizela. Groapa veche, \u00eenchis\u0103 definitiv. Interesele afectate au declan\u0219at reac\u021bii \u00een pres\u0103\">Retim a pierdut Ghizela. Groapa veche, \u00eenchis\u0103 definitiv. Interesele afectate au declan\u0219at reac\u021bii \u00een pres\u0103<\/a><\/h3>\n<\/div>\n<\/div>\n<\/div>\n<\/div>\n<\/div>\n<\/div>\n<\/div>\n<\/div>\n<div class=\"vc_column_inner tdi_91  wpb_column vc_column_container tdc-inner-column td-pb-span8\">\n<div class=\"vc_column-inner\">\n<div class=\"wpb_wrapper\">\n<div class=\"td_block_wrap tdb_single_comments tdi_92 tdb-comm-layout2 td-pb-border-top td_block_template_2\" data-td-block-uid=\"tdi_92\">\n<div class=\"tdb-block-inner td-fix-index\">\n<div class=\"comments\" id=\"comments\">\n<div id=\"respond\" class=\"comment-respond\">\n<h3 id=\"reply-title\" class=\"comment-reply-title\">L\u0102SA\u021aI UN MESAJ <small><a rel=\"nofollow\" id=\"cancel-comment-reply-link\" href=\"https:\/\/voceatimisului.ro\/retim-acuza-intimidare-dar-practica-intimidarea-cand-adevarul-doare-ancheta-devine-arma\/#respond\">Renun\u021ba\u021bi la r\u0103spuns<\/a><\/small><\/h3>\n<div class=\"comment-form-input-wrap td-form-comment\">\n<div class=\"td-warning-comment\">V\u0103 rug\u0103m s\u0103 introduce\u021bi comentariul dvs.!<\/div>\n<\/div>\n<div class=\"comment-form-input-wrap td-form-author\">\n<div class=\"td-warning-author\">Introduce\u021bi aici numele dvs.<\/div>\n<\/div>\n<div class=\"comment-form-input-wrap td-form-email\">\n<div class=\"td-warning-email-error\">A\u021bi introdus o adres\u0103 de e-mail incorect\u0103!<\/div>\n<div class=\"td-warning-email\">V\u0103 rug\u0103m s\u0103 introduce\u021bi adresa dvs. de e-mail aici<\/div>\n<\/div>\n<\/div>\n<\/div>\n<\/div>\n<\/div>\n<\/div>\n<\/div>\n<\/div>\n<\/div>\n<\/div>\n<\/div>\n<div class=\"vc_column tdi_94  wpb_column vc_column_container tdc-column td-pb-span4 td-is-sticky\">\n<div class=\"wpb_wrapper\" data-sticky-enabled-on=\"W3RydWUsdHJ1ZSx0cnVlLHRydWVd\" data-sticky-offset=\"20\" data-sticky-is-width-auto=\"W2ZhbHNlLGZhbHNlLGZhbHNlLGZhbHNlXQ==\">\n<div class=\"vc_row_inner tdi_96  vc_row vc_inner wpb_row td-pb-row\">\n<div class=\"vc_column_inner tdi_98  wpb_column vc_column_container tdc-inner-column td-pb-span12\">\n<div class=\"vc_column-inner\">\n<div class=\"wpb_wrapper\">\n<div class=\"td_block_wrap td_block_title tdi_99 td-pb-border-top td_block_template_11 td-fix-index\" data-td-block-uid=\"tdi_99\">\n<div class=\"td-block-title-wrap\">\n<h4 class=\"td-block-title\"><span class=\"td-pulldown-size\">ANUN\u021aURI \u0218I PUBLICITATE<\/span><\/h4>\n<\/div>\n<\/div>\n<\/div>\n<\/div>\n<\/div>\n<\/div>\n<div class=\"wpb_wrapper td_block_wrap vc_widget_sidebar tdi_101 \">\n<aside id=\"block-10\" class=\"td_block_template_1 widget block-10 widget_block widget_media_image\">\n<figure class=\"wp-block-image size-full\"><a href=\"https:\/\/adpghiroda.ro\/index.html\" target=\"_blank\" rel=\" noreferrer noopener\"><img decoding=\"async\" loading=\"eager\" width=\"960\" height=\"960\" src=\"https:\/\/voceatimisului.ro\/wp-content\/uploads\/2025\/03\/ADP-Ghiroda2.jpg\" alt class=\"wp-image-171492\"><\/a><\/figure>\n<\/aside>\n<aside id=\"block-11\" class=\"td_block_template_1 widget block-11 widget_block widget_media_image\">\n<figure class=\"wp-block-image size-full\"><a href=\"https:\/\/adpghiroda.ro\/index.html\" target=\"_blank\" rel=\" noreferrer noopener\"><img decoding=\"async\" loading=\"eager\" width=\"960\" height=\"960\" src=\"https:\/\/voceatimisului.ro\/wp-content\/uploads\/2025\/03\/ADP-Ghiroda1.jpg\" alt class=\"wp-image-171491\"><\/a><\/figure>\n<\/aside>\n<aside id=\"block-17\" class=\"td_block_template_1 widget block-17 widget_block widget_media_image\">\n<figure class=\"wp-block-image size-large is-resized\"><a href=\"https:\/\/verde.events\/\" target=\"_blank\" rel=\" noreferrer noopener\"><img decoding=\"async\" loading=\"lazy\" width=\"1024\" height=\"683\" src=\"https:\/\/voceatimisului.ro\/wp-content\/uploads\/2025\/08\/Verde-Events-24-1024x683.jpg\" alt=\"Verde Events\" class=\"wp-image-174395\"><\/a><figcaption class=\"wp-element-caption\"><strong><em>O experien\u021b\u0103 unic\u0103 pentru orice tip de eveniment<\/em><\/strong><\/figcaption><\/figure>\n<\/aside>\n<\/div>\n<div class=\"td_block_wrap td_flex_block_1 tdi_107 td-pb-border-top td_block_template_1 td_ajax_preloading_preload td_flex_block\" data-td-block-uid=\"tdi_107\">\n<div id=\"tdi_107\" class=\"td_block_inner td-mc1-wrap\">\n<div class=\"td_module_flex td_module_flex_1 td_module_wrap td-animation-stack td-meta-info-hide td-cpt-post\">\n<div class=\"td-module-container td-category-pos-image\">\n<div class=\"td-module-meta-info\">\n<h3 class=\"entry-title td-module-title\"><a href=\"https:\/\/voceatimisului.ro\/usr-plange-de-mila-retim-cjt-ii-trimite-in-instanta\/\" rel=\"bookmark\" title=\"USR pl\u00e2nge de mila RETIM, CJT \u00eei trimite \u00een instan\u021b\u0103\">USR pl\u00e2nge de mila RETIM, CJT \u00eei trimite \u00een instan\u021b\u0103<\/a><\/h3>\n<\/div>\n<\/div>\n<\/div>\n<div class=\"td_module_flex td_module_flex_1 td_module_wrap td-animation-stack td-meta-info-hide td-cpt-post\">\n<div class=\"td-module-container td-category-pos-image\">\n<div class=\"td-module-meta-info\">\n<h3 class=\"entry-title td-module-title\"><a href=\"https:\/\/voceatimisului.ro\/retim-lectie-de-ipocrizie-intimideaza-presa-ignora-sindicatul-si-ajunge-in-instanta-cu-cj-timis\/\" rel=\"bookmark\" title=\"RETIM, lec\u021bie de ipocrizie: intimideaz\u0103 presa, ignor\u0103 sindicatul \u0219i ajunge \u00een instan\u021b\u0103 cu CJ Timi\u0219\">RETIM, lec\u021bie de ipocrizie: intimideaz\u0103 presa, ignor\u0103 sindicatul \u0219i ajunge \u00een instan\u021b\u0103 cu CJ Timi\u0219<\/a><\/h3>\n<\/div>\n<\/div>\n<\/div>\n<div class=\"td_module_flex td_module_flex_1 td_module_wrap td-animation-stack td-meta-info-hide td-cpt-post\">\n<div class=\"td-module-container td-category-pos-image\">\n<div class=\"td-module-meta-info\">\n<h3 class=\"entry-title td-module-title\"><a href=\"https:\/\/voceatimisului.ro\/alfred-simonis-facem-stadionul-dan-paltinisanu-construim-institutul-oncologic-si-punem-ordine-la-ghizela\/\" rel=\"bookmark\" title=\"Alfred Simonis: \u201eFacem stadionul Dan P\u0103ltini\u0219anu, construim Institutul Oncologic \u0219i punem ordine la Ghizela\u201d\">Alfred Simonis: \u201eFacem stadionul Dan P\u0103ltini\u0219anu, construim Institutul Oncologic \u0219i punem ordine la Ghizela\u201d<\/a><\/h3>\n<\/div>\n<\/div>\n<\/div>\n<div class=\"td_module_flex td_module_flex_1 td_module_wrap td-animation-stack td-meta-info-hide td-cpt-post\">\n<div class=\"td-module-container td-category-pos-image\">\n<div class=\"td-module-meta-info\">\n<h3 class=\"entry-title td-module-title\"><a href=\"https:\/\/voceatimisului.ro\/ruben-latcau-portavocea-gunoiului-ataca-fara-probe-pe-singurul-om-care-a-avut-curajul-sa-puna-stop-haosului-de-la-ghizela\/\" rel=\"bookmark\" title=\"Ruben La\u021bc\u0103u, portavocea gunoiului. Atac\u0103 f\u0103r\u0103 probe pe singurul om care a avut curajul s\u0103 pun\u0103 stop haosului de la Ghizela\">Ruben La\u021bc\u0103u, portavocea gunoiului. Atac\u0103 f\u0103r\u0103 probe pe singurul om care a avut curajul s\u0103 pun\u0103 stop haosului de la Ghizela<\/a><\/h3>\n<\/div>\n<\/div>\n<\/div>\n<div class=\"td_module_flex td_module_flex_1 td_module_wrap td-animation-stack td-meta-info-hide td-cpt-post\">\n<div class=\"td-module-container td-category-pos-image\">\n<div class=\"td-module-meta-info\">\n<h3 class=\"entry-title td-module-title\"><a href=\"https:\/\/voceatimisului.ro\/retim-groapa-nervilor-simonis-a-inchis-bomba-ecologica-iar-retim-a-trecut-la-intimidari\/\" rel=\"bookmark\" title=\"RETIM, groapa nervilor. Simonis a \u00eenchis bomba ecologic\u0103, iar RETIM a trecut la intimid\u0103ri\">RETIM, groapa nervilor. Simonis a \u00eenchis bomba ecologic\u0103, iar RETIM a trecut la intimid\u0103ri<\/a><\/h3>\n<\/div>\n<\/div>\n<\/div>\n<\/div>\n<\/div>\n<\/div>\n<\/div>\n<\/div>\n<\/div>\n<\/div>\n<\/div>\n<p><span class=\"td-page-meta\"><\/span><span class=\"td-page-meta\"><span class=\"td-page-meta\"><\/span><\/span><span class=\"td-page-meta\"><\/span><\/article>\n<p> Source URL: https:\/\/voceatimisului.ro\/retim-acuza-intimidare-dar-practica-intimidarea-cand-adevarul-doare-ancheta-devine-arma\/<\/p>\n","protected":false},"excerpt":{"rendered":"<p>Editorial\u0218tiri RETIM acuz\u0103 intimidare, dar practic\u0103 intimidarea. C\u00e2nd adev\u0103rul doare, ancheta devine arm\u0103 Ast\u0103zi, la ora 9 diminea\u021ba, am fost audiat la IPJ Timi\u0219, \u00een calitate de martor, \u00eentr-un dosar n\u0103scut din investiga\u021biile Vocea Timi\u0219ului despre activitatea companiei RETIM. \u00cen birou, pe l\u00e2ng\u0103 poli\u021bistul de caz, s-au aflat avocatul companiei, Surdu Igor, \u0219i o coleg\u0103 [&hellip;]<\/p>\n","protected":false},"author":1,"featured_media":0,"comment_status":"open","ping_status":"","sticky":false,"template":"","format":"standard","meta":{"footnotes":""},"categories":[89],"tags":[199],"class_list":["post-1055572","post","type-post","status-publish","format-standard","hentry","category-romania","tag-voceatimisului-ro"],"_links":{"self":[{"href":"https:\/\/analyse.optim.biz\/index.php?rest_route=\/wp\/v2\/posts\/1055572","targetHints":{"allow":["GET"]}}],"collection":[{"href":"https:\/\/analyse.optim.biz\/index.php?rest_route=\/wp\/v2\/posts"}],"about":[{"href":"https:\/\/analyse.optim.biz\/index.php?rest_route=\/wp\/v2\/types\/post"}],"author":[{"embeddable":true,"href":"https:\/\/analyse.optim.biz\/index.php?rest_route=\/wp\/v2\/users\/1"}],"replies":[{"embeddable":true,"href":"https:\/\/analyse.optim.biz\/index.php?rest_route=%2Fwp%2Fv2%2Fcomments&post=1055572"}],"version-history":[{"count":0,"href":"https:\/\/analyse.optim.biz\/index.php?rest_route=\/wp\/v2\/posts\/1055572\/revisions"}],"wp:attachment":[{"href":"https:\/\/analyse.optim.biz\/index.php?rest_route=%2Fwp%2Fv2%2Fmedia&parent=1055572"}],"wp:term":[{"taxonomy":"category","embeddable":true,"href":"https:\/\/analyse.optim.biz\/index.php?rest_route=%2Fwp%2Fv2%2Fcategories&post=1055572"},{"taxonomy":"post_tag","embeddable":true,"href":"https:\/\/analyse.optim.biz\/index.php?rest_route=%2Fwp%2Fv2%2Ftags&post=1055572"}],"curies":[{"name":"wp","href":"https:\/\/api.w.org\/{rel}","templated":true}]}}