{"id":1055567,"date":"2025-03-18T11:00:42","date_gmt":"2025-03-18T08:00:42","guid":{"rendered":"https:\/\/analyse.optim.biz\/?p=1055567"},"modified":"2025-03-18T11:00:42","modified_gmt":"2025-03-18T08:00:42","slug":"tinerii-timisoreni-de-la-csh-vor-reprezenta-romania-la-campionatul-mondial-de-robotica-din-houston","status":"publish","type":"post","link":"https:\/\/analyse.optim.biz\/?p=1055567","title":{"rendered":"Tinerii timi\u0219oreni de la CSH vor reprezenta Rom\u00e2nia la Campionatul Mondial de Robotic\u0103 din Houston"},"content":{"rendered":"<article id=\"template-id-172790\" class=\"post-172790 tdb_templates type-tdb_templates status-publish post\">\n<div id=\"tdi_38\" class=\"tdc-zone\">\n<div class=\"tdc_zone tdi_39  wpb_row td-pb-row\">\n<div id=\"tdi_40\" class=\"tdc-row stretch_row_1400 td-stretch-content\">\n<div class=\"vc_row tdi_41  wpb_row td-pb-row tdc-element-style\">\n<div class=\"vc_column tdi_43  wpb_column vc_column_container tdc-column td-pb-span8\">\n<div class=\"wpb_wrapper\">\n<div class=\"td_block_wrap tdb_single_categories tdi_44 td-pb-border-top td_block_template_1 \" data-td-block-uid=\"tdi_44\">\n<div class=\"tdb-category td-fix-index\"><a class=\"tdb-entry-category\" href=\"https:\/\/voceatimisului.ro\/stiri-din-timisoara-si-timis\/\">\u0218tiri<\/a><a class=\"tdb-entry-category\" href=\"https:\/\/voceatimisului.ro\/stiri-din-timisoara-si-timis\/educatie\/\">Educa\u021bie<\/a><\/div>\n<\/div>\n<div class=\"td_block_wrap tdb_title tdi_45 tdb-single-title td-pb-border-top td_block_template_1\" data-td-block-uid=\"tdi_45\">\n<div class=\"tdb-block-inner td-fix-index\">\n<h1 class=\"tdb-title-text\">Tinerii timi\u0219oreni de la CSH vor reprezenta Rom\u00e2nia la Campionatul Mondial de Robotic\u0103 din Houston<\/h1>\n<\/div>\n<\/div>\n<div class=\"vc_row_inner tdi_48  vc_row vc_inner wpb_row td-pb-row\">\n<div class=\"vc_column_inner tdi_50  wpb_column vc_column_container tdc-inner-column td-pb-span6\">\n<div class=\"vc_column-inner\">\n<div class=\"wpb_wrapper\">\n<div class=\"td_block_wrap tdb_single_author tdi_51 td-pb-border-top td_block_template_1 tdb-post-meta\" data-td-block-uid=\"tdi_51\">\n<div class=\"tdb-block-inner td-fix-index\">\n<div class=\"tdb-author-name-wrap\"><span class=\"tdb-author-by\">Autor-<\/span><a class=\"tdb-author-name\" href=\"https:\/\/voceatimisului.ro\/author\/cataadmin\/\">Radu Constantin<\/a><\/div>\n<\/div>\n<\/div>\n<div class=\"td_block_wrap tdb_single_date tdi_52 td-pb-border-top td_block_template_1 tdb-post-meta\" data-td-block-uid=\"tdi_52\">\n<div class=\"tdb-block-inner td-fix-index\"><time class=\"entry-date updated td-module-date\" datetime=\"2025-03-18T13:00:42+02:00\">18 martie 2025<\/time><\/div>\n<\/div>\n<div class=\"td_block_wrap tdb_single_comments_count tdi_53 td-pb-border-top td_block_template_1 tdb-post-meta\" data-td-block-uid=\"tdi_53\">\n<div class=\"tdb-block-inner td-fix-index\"><a href=\"https:\/\/voceatimisului.ro\/tinerii-timisoreni-de-la-csh-vor-reprezenta-romania-la-campionatul-mondial-de-robotica-din-houston\/#respond\"><span>0<\/span><\/a><\/div>\n<\/div>\n<div class=\"td_block_wrap tdb_single_post_views tdi_54 td-pb-border-top td_block_template_1 tdb-post-meta\" data-td-block-uid=\"tdi_54\">\n<div class=\"tdb-block-inner td-fix-index\"><span class=\"tdb-add-text\">1<\/span><span class=\"td-nr-views-171295\">418<\/span><\/div>\n<\/div>\n<\/div>\n<\/div>\n<\/div>\n<div class=\"vc_column_inner tdi_56  wpb_column vc_column_container tdc-inner-column td-pb-span6\">\n<div class=\"vc_column-inner\">\n<div class=\"wpb_wrapper\">\n<div class=\"td_block_wrap tdb_single_post_share tdi_57  td-pb-border-top td_block_template_1\" data-td-block-uid=\"tdi_57\">\n<div id=\"tdi_57\" class=\"td-post-sharing tdb-block td-ps-bg td-ps-notext td-post-sharing-style1 \">\n<div class=\"td-post-sharing-visible\"><a class=\"td-social-sharing-button td-social-sharing-button-js td-social-network td-social-facebook\" href=\"https:\/\/www.facebook.com\/sharer.php?u=https%3A%2F%2Fvoceatimisului.ro%2Ftinerii-timisoreni-de-la-csh-vor-reprezenta-romania-la-campionatul-mondial-de-robotica-din-houston%2F\" title=\"Facebook\" rel=\"noopener\"><\/p>\n<div class=\"td-social-but-text\">Facebook<\/div>\n<p><\/a><a class=\"td-social-sharing-button td-social-sharing-button-js td-social-network td-social-twitter\" href=\"https:\/\/twitter.com\/intent\/tweet?text=Tinerii+timi%C8%99oreni+de+la+CSH+vor+reprezenta+Rom%C3%A2nia+la+Campionatul+Mondial+de+Robotic%C4%83+din+Houston&amp;url=https%3A%2F%2Fvoceatimisului.ro%2Ftinerii-timisoreni-de-la-csh-vor-reprezenta-romania-la-campionatul-mondial-de-robotica-din-houston%2F&amp;via=Vocea+Timisului\" title=\"Twitter\" rel=\"noopener\"><\/p>\n<div class=\"td-social-but-text\">Twitter<\/div>\n<p><\/a><a class=\"td-social-sharing-button td-social-sharing-button-js td-social-network td-social-pinterest\" href=\"https:\/\/pinterest.com\/pin\/create\/button\/?url=https:\/\/voceatimisului.ro\/tinerii-timisoreni-de-la-csh-vor-reprezenta-romania-la-campionatul-mondial-de-robotica-din-houston\/&amp;media=https:\/\/voceatimisului.ro\/wp-content\/uploads\/2025\/03\/Tinerii-timisoreni-de-la-CSH-vor-reprezenta-Romania-la-Campionatul-Mondial-de-Robotica-din-Houston2.jpg&amp;description=Tinerii+timi%C8%99oreni+de+la+CSH+vor+reprezenta+Rom%C3%A2nia+la+Campionatul+Mondial+de+Robotic%C4%83+din+Houston\" title=\"Pinterest\" rel=\"noopener\"><\/p>\n<div class=\"td-social-but-text\">Pinterest<\/div>\n<p><\/a><a class=\"td-social-sharing-button td-social-sharing-button-js td-social-network td-social-whatsapp\" href=\"https:\/\/api.whatsapp.com\/send?text=Tinerii+timi%C8%99oreni+de+la+CSH+vor+reprezenta+Rom%C3%A2nia+la+Campionatul+Mondial+de+Robotic%C4%83+din+Houston%20%0A%0A%20https:\/\/voceatimisului.ro\/tinerii-timisoreni-de-la-csh-vor-reprezenta-romania-la-campionatul-mondial-de-robotica-din-houston\/\" title=\"WhatsApp\" rel=\"noopener\"><\/p>\n<div class=\"td-social-but-text\">WhatsApp<\/div>\n<p><\/a><a class=\"td-social-sharing-button td-social-sharing-button-js td-social-network td-social-linkedin\" href=\"https:\/\/www.linkedin.com\/shareArticle?mini=true&amp;url=https:\/\/voceatimisului.ro\/tinerii-timisoreni-de-la-csh-vor-reprezenta-romania-la-campionatul-mondial-de-robotica-din-houston\/&amp;title=Tinerii+timi%C8%99oreni+de+la+CSH+vor+reprezenta+Rom%C3%A2nia+la+Campionatul+Mondial+de+Robotic%C4%83+din+Houston\" title=\"Linkedin\" rel=\"noopener\"><\/p>\n<div class=\"td-social-but-text\">Linkedin<\/div>\n<p><\/a><a class=\"td-social-sharing-button td-social-sharing-button-js td-social-network td-social-copy_url\" href=\"https:\/\/voceatimisului.ro\/tinerii-timisoreni-de-la-csh-vor-reprezenta-romania-la-campionatul-mondial-de-robotica-din-houston\/\" title=\"Copy URL\" rel=\"noopener\"><\/p>\n<div class=\"td-social-but-text\">Copy URL<\/div>\n<p><\/a><\/div>\n<\/div>\n<\/div>\n<\/div>\n<\/div>\n<\/div>\n<\/div>\n<div class=\"td_block_wrap tdb_single_featured_image tdi_58 tdb-content-horiz-left td-pb-border-top td_block_template_1\" data-td-block-uid=\"tdi_58\">\n<div class=\"tdb-block-inner td-fix-index\"><img fetchpriority=\"high\" decoding=\"async\" width=\"696\" height=\"464\" class=\"entry-thumb\" src=\"https:\/\/voceatimisului.ro\/wp-content\/uploads\/2025\/03\/Tinerii-timisoreni-de-la-CSH-vor-reprezenta-Romania-la-Campionatul-Mondial-de-Robotica-din-Houston2-696x464.jpg\" alt title=\"Tinerii timi\u0219oreni de la CSH vor reprezenta Rom\u00e2nia la Campionatul Mondial de Robotic\u0103 din Houston2\" loading=\"eager\"><\/div>\n<\/div>\n<div class=\"vc_row_inner tdi_60  vc_row vc_inner wpb_row td-pb-row\">\n<div class=\"vc_column_inner tdi_62  wpb_column vc_column_container tdc-inner-column td-pb-span4 td-is-sticky\">\n<div class=\"vc_column-inner\">\n<div class=\"wpb_wrapper\" data-sticky-enabled-on=\"W3RydWUsdHJ1ZSx0cnVlLHRydWVd\" data-sticky-offset=\"20\" data-sticky-is-width-auto=\"W2ZhbHNlLGZhbHNlLGZhbHNlLGZhbHNlXQ==\">\n<div class=\"td_block_wrap td_flex_block_1 tdi_63 td-pb-border-top td_block_template_1 td_ajax_preloading_preload td_flex_block\" data-td-block-uid=\"tdi_63\">\n<div id=\"tdi_63\" class=\"td_block_inner td-mc1-wrap\">\n<div class=\"td_module_flex td_module_flex_1 td_module_wrap td-animation-stack td-meta-info-hide td-cpt-post\">\n<div class=\"td-module-container td-category-pos-image\">\n<div class=\"td-module-meta-info\">\n<h3 class=\"entry-title td-module-title\"><a href=\"https:\/\/voceatimisului.ro\/banatul-trece-de-prima-etapa-in-cursa-pentru-titlul-de-regiune-gastronomica-europeana-2028\/\" rel=\"bookmark\" title=\"Banatul trece de prima etap\u0103 \u00een cursa pentru titlul de Regiune Gastronomic\u0103 European\u0103 2028\">Banatul trece de prima etap\u0103 \u00een cursa pentru titlul de Regiune Gastronomic\u0103 European\u0103 2028<\/a><\/h3>\n<\/div>\n<\/div>\n<\/div>\n<div class=\"td_module_flex td_module_flex_1 td_module_wrap td-animation-stack td-meta-info-hide td-cpt-post\">\n<div class=\"td-module-container td-category-pos-image\">\n<div class=\"td-module-meta-info\">\n<h3 class=\"entry-title td-module-title\"><a href=\"https:\/\/voceatimisului.ro\/investitii-de-500-de-milioane-de-euro-in-sanatate-prezentate-in-timpul-vizitei-ministrului-sanatatii-la-timisoara\/\" rel=\"bookmark\" title=\"Investi\u021bii de 500 de milioane de euro \u00een s\u0103n\u0103tate, prezentate \u00een timpul vizitei ministrului S\u0103n\u0103t\u0103\u021bii la Timi\u0219oara\">Investi\u021bii de 500 de milioane de euro \u00een s\u0103n\u0103tate, prezentate \u00een timpul vizitei ministrului S\u0103n\u0103t\u0103\u021bii la Timi\u0219oara<\/a><\/h3>\n<\/div>\n<\/div>\n<\/div>\n<div class=\"td_module_flex td_module_flex_1 td_module_wrap td-animation-stack td-meta-info-hide td-cpt-post\">\n<div class=\"td-module-container td-category-pos-image\">\n<div class=\"td-module-meta-info\">\n<h3 class=\"entry-title td-module-title\"><a href=\"https:\/\/voceatimisului.ro\/oferta-culturala-a-consiliului-judetean-timis-in-perioada-8-14-decembrie\/\" rel=\"bookmark\" title=\"Oferta cultural\u0103 a Consiliului Jude\u021bean Timi\u0219 \u00een perioada 8-14 decembrie\">Oferta cultural\u0103 a Consiliului Jude\u021bean Timi\u0219 \u00een perioada 8-14 decembrie<\/a><\/h3>\n<\/div>\n<\/div>\n<\/div>\n<div class=\"td_module_flex td_module_flex_1 td_module_wrap td-animation-stack td-meta-info-hide td-cpt-post\">\n<div class=\"td-module-container td-category-pos-image\">\n<div class=\"td-module-meta-info\">\n<h3 class=\"entry-title td-module-title\"><a href=\"https:\/\/voceatimisului.ro\/lights-of-the-village-la-muzeul-satului-banatean-din-timisoara\/\" rel=\"bookmark\" title=\"Lights of the Village la Muzeul Satului B\u0103n\u0103\u021bean din Timi\u0219oara\">Lights of the Village la Muzeul Satului B\u0103n\u0103\u021bean din Timi\u0219oara<\/a><\/h3>\n<\/div>\n<\/div>\n<\/div>\n<\/div>\n<\/div>\n<div class=\"tdb-author-box td_block_wrap tdb_single_author_box tdi_68 tdb-content-vert-top td-pb-border-top td_block_template_1\" data-td-block-uid=\"tdi_68\">\n<div class=\"tdb-block-inner td-fix-index\">\n<div class=\"tdb-author-info\"><a href=\"https:\/\/voceatimisului.ro\/author\/cataadmin\/\" class=\"tdb-author-name\">Radu Constantin<\/a><a href=\"http:\/\/www.voceatimisului.ro\" rel=\"nofollow\" class=\"tdb-author-url\">http:\/\/www.voceatimisului.ro<\/a><\/p>\n<div class=\"tdb-author-descr\">\u00centreaga responsabilitate a comentariilor l\u0103sate de dumneavoastr\u0103 v\u0103 apar\u021bine!<br \/>\nClick <a href=\"https:\/\/voceatimisului.ro\/termeni-si-conditii\/\">aici<\/a>-citeste condi\u0163iile de utilizare ale site-ului www.voceatimisului.ro<\/div>\n<\/div>\n<\/div>\n<\/div>\n<\/div>\n<\/div>\n<\/div>\n<div class=\"vc_column_inner tdi_70  wpb_column vc_column_container tdc-inner-column td-pb-span8\">\n<div class=\"vc_column-inner\">\n<div class=\"wpb_wrapper\">\n<div class=\"td_block_wrap tdb_single_content tdi_71 td-pb-border-top td_block_template_1 td-post-content tagdiv-type\" data-td-block-uid=\"tdi_71\">\n<div class=\"tdb-block-inner td-fix-index\">\n<h5 class=\"wp-block-heading\">Elevii echipei de robotic\u0103 <strong>CSH<\/strong> de la Colegiul Pedagogic \u201eCarmen Sylva\u201d din Timi\u0219oara au demonstrat excelen\u021b\u0103 \u0219i pasiune, ob\u021bin\u00e2nd titlul de <strong>vicecampioni na\u021bionali<\/strong> la competi\u021bia de robotic\u0103 FIRST Tech Challenge. Performan\u021ba lor le-a adus calificarea la <strong>Campionatul Mondial de Robotic\u0103<\/strong> din Houston, SUA, un eveniment de prestigiu unde vor concura cu cele mai bune echipe din lume.<\/h5>\n<p>Totu\u0219i, participarea la aceast\u0103 competi\u021bie interna\u021bional\u0103 presupune costuri ridicate, iar echipa risca s\u0103 nu poat\u0103 onora aceast\u0103 invita\u021bie din lipsa fondurilor necesare. <strong>Consiliul Jude\u021bean Timi\u0219<\/strong> a intervenit rapid, aloc\u00e2nd suma necesar\u0103 pentru ca ace\u0219ti tineri excep\u021bionali \u0219i instructorii lor s\u0103 poat\u0103 face deplasarea peste ocean \u0219i s\u0103 reprezinte cu m\u00e2ndrie \u0219coala timi\u0219orean\u0103 de robotic\u0103 la nivel mondial.<\/p>\n<p>Pre\u0219edintele Consiliului Jude\u021bean Timi\u0219, Alfred Simonis, a declarat: <em><strong>\u201eAce\u0219ti tineri au demonstrat talent, determinare \u0219i excelen\u021b\u0103. Faptul c\u0103 s-au calificat la un campionat mondial este o realizare incredibil\u0103 \u0219i meritau tot sprijinul nostru. Sunt convins c\u0103 nu se vor \u00eentoarce acas\u0103 f\u0103r\u0103 un premiu.\u201d<\/strong><\/em><\/p>\n<p>Decizia autorit\u0103\u021bilor locale de a sus\u021bine aceast\u0103 echip\u0103 este un exemplu clar c\u0103 performan\u021ba trebuie r\u0103spl\u0103tit\u0103 \u0219i sprijinit\u0103. Cu toate acestea, pentru ca tinerii s\u0103 beneficieze de cele mai bune condi\u021bii \u0219i s\u0103 aib\u0103 \u0219anse reale \u00een fa\u021ba echipelor puternic finan\u021bate din alte \u021b\u0103ri, este nevoie de sprijin suplimentar.<\/p>\n<p><strong>Apel c\u0103tre comunitatea local\u0103 \u0219i mediul privat<\/strong><\/p>\n<p>Succesul acestor elevi este o m\u00e2ndrie nu doar pentru liceul lor, ci pentru \u00eentreaga comunitate timi\u0219orean\u0103. Astfel, autorit\u0103\u021bile \u00eendeamn\u0103 \u0219i alte institu\u021bii publice, companii private \u0219i sponsori s\u0103 se al\u0103ture acestui demers, contribuind financiar la preg\u0103tirea \u0219i participarea echipei la acest eveniment unic.<\/p>\n<p><strong>Cum pot ajuta firmele locale?<\/strong><\/p>\n<p>Firmele sau persoanele care doresc s\u0103 sprijine echipa CSH pot lua leg\u0103tura direct cu reprezentan\u021bii Colegiului Pedagogic \u201eCarmen Sylva\u201d sau cu autorit\u0103\u021bile locale pentru a oferi sponsoriz\u0103ri sau dona\u021bii.<\/p>\n<p>Performan\u021ba acestor tineri demonstreaz\u0103 c\u0103 pasiunea pentru tehnologie, sus\u021binut\u0103 de un sistem educa\u021bional solid \u0219i de o comunitate implicat\u0103, poate duce la rezultate extraordinare. <strong>Le ur\u0103m mult succes la Houston \u0219i suntem m\u00e2ndri de ei!<\/strong><\/p>\n<figure class=\"wp-block-gallery has-nested-images columns-default is-cropped wp-block-gallery-1 is-layout-flex wp-block-gallery-is-layout-flex\">\n<div><a href=\"https:\/\/voceatimisului.ro\/wp-content\/uploads\/2025\/03\/Tinerii-timisoreni-de-la-CSH-vor-reprezenta-Romania-la-Campionatul-Mondial-de-Robotica-din-Houston6-1024x683.jpg\" class=\"td-modal-image\"><\/p>\n<figure class=\"wp-block-image size-large\"><img decoding=\"async\" width=\"1024\" height=\"683\" data-id=\"171301\" src=\"https:\/\/voceatimisului.ro\/wp-content\/uploads\/2025\/03\/Tinerii-timisoreni-de-la-CSH-vor-reprezenta-Romania-la-Campionatul-Mondial-de-Robotica-din-Houston6-1024x683.jpg\" alt=\"Tinerii timi\u0219oreni de la CSH vor reprezenta Rom\u00e2nia la Campionatul Mondial de Robotic\u0103 din Houston\" class=\"wp-image-171301\" loading=\"lazy\"><\/figure>\n<p><\/a><\/div>\n<figure class=\"wp-block-image size-large\"><img decoding=\"async\" width=\"1024\" height=\"683\" data-id=\"171300\" src=\"https:\/\/voceatimisului.ro\/wp-content\/uploads\/2025\/03\/Tinerii-timisoreni-de-la-CSH-vor-reprezenta-Romania-la-Campionatul-Mondial-de-Robotica-din-Houston1-1024x683.jpg\" alt=\"Tinerii timi\u0219oreni de la CSH vor reprezenta Rom\u00e2nia la Campionatul Mondial de Robotic\u0103 din Houston\" class=\"wp-image-171300\" loading=\"lazy\"><\/figure>\n<figure class=\"wp-block-image size-large\"><img decoding=\"async\" width=\"1024\" height=\"683\" data-id=\"171299\" src=\"https:\/\/voceatimisului.ro\/wp-content\/uploads\/2025\/03\/Tinerii-timisoreni-de-la-CSH-vor-reprezenta-Romania-la-Campionatul-Mondial-de-Robotica-din-Houston2-1024x683.jpg\" alt=\"Tinerii timi\u0219oreni de la CSH vor reprezenta Rom\u00e2nia la Campionatul Mondial de Robotic\u0103 din Houston\" class=\"wp-image-171299\" loading=\"lazy\"><\/figure>\n<figure class=\"wp-block-image size-large\"><img decoding=\"async\" loading=\"lazy\" width=\"1024\" height=\"683\" data-id=\"171298\" src=\"https:\/\/voceatimisului.ro\/wp-content\/uploads\/2025\/03\/Tinerii-timisoreni-de-la-CSH-vor-reprezenta-Romania-la-Campionatul-Mondial-de-Robotica-din-Houston3-1024x683.jpg\" alt=\"Tinerii timi\u0219oreni de la CSH vor reprezenta Rom\u00e2nia la Campionatul Mondial de Robotic\u0103 din Houston\" class=\"wp-image-171298\"><\/figure>\n<figure class=\"wp-block-image size-large\"><img decoding=\"async\" loading=\"lazy\" width=\"1024\" height=\"683\" data-id=\"171297\" src=\"https:\/\/voceatimisului.ro\/wp-content\/uploads\/2025\/03\/Tinerii-timisoreni-de-la-CSH-vor-reprezenta-Romania-la-Campionatul-Mondial-de-Robotica-din-Houston5-1024x683.jpg\" alt=\"Tinerii timi\u0219oreni de la CSH vor reprezenta Rom\u00e2nia la Campionatul Mondial de Robotic\u0103 din Houston\" class=\"wp-image-171297\"><\/figure>\n<\/figure>\n<\/div>\n<\/div>\n<div class=\"td_block_wrap tdb_single_tags tdi_74 td-pb-border-top td_block_template_1\" data-td-block-uid=\"tdi_74\">\n<div class=\"tdb-block-inner td-fix-index\">\n<ul class=\"tdb-tags\">\n<li><span>Tags<\/span><\/li>\n<li><a href=\"https:\/\/voceatimisului.ro\/tag\/alfred-simions\/\">Alfred Simions<\/a><\/li>\n<li><a href=\"https:\/\/voceatimisului.ro\/tag\/campionatul-mondial-de-robotica-din-houston\/\">Campionatul Mondial de Robotic\u0103 din Houston<\/a><\/li>\n<li><a href=\"https:\/\/voceatimisului.ro\/tag\/consiliul-judetean-timis\/\">consiliul judetean timis<\/a><\/li>\n<li><a href=\"https:\/\/voceatimisului.ro\/tag\/csh\/\">CSH<\/a><\/li>\n<\/ul>\n<\/div>\n<\/div>\n<div class=\"td_block_wrap tdb_single_post_share tdi_75  td-pb-border-top td_block_template_1\" data-td-block-uid=\"tdi_75\">\n<div id=\"tdi_75\" class=\"td-post-sharing tdb-block td-ps-bg td-ps-notext td-post-sharing-style1 \">\n<div class=\"td-post-sharing-visible\"><a class=\"td-social-sharing-button td-social-sharing-button-js td-social-network td-social-facebook\" href=\"https:\/\/www.facebook.com\/sharer.php?u=https%3A%2F%2Fvoceatimisului.ro%2Ftinerii-timisoreni-de-la-csh-vor-reprezenta-romania-la-campionatul-mondial-de-robotica-din-houston%2F\" title=\"Facebook\" rel=\"noopener\"><\/p>\n<div class=\"td-social-but-text\">Facebook<\/div>\n<p><\/a><a class=\"td-social-sharing-button td-social-sharing-button-js td-social-network td-social-twitter\" href=\"https:\/\/twitter.com\/intent\/tweet?text=Tinerii+timi%C8%99oreni+de+la+CSH+vor+reprezenta+Rom%C3%A2nia+la+Campionatul+Mondial+de+Robotic%C4%83+din+Houston&amp;url=https%3A%2F%2Fvoceatimisului.ro%2Ftinerii-timisoreni-de-la-csh-vor-reprezenta-romania-la-campionatul-mondial-de-robotica-din-houston%2F&amp;via=Vocea+Timisului\" title=\"Twitter\" rel=\"noopener\"><\/p>\n<div class=\"td-social-but-text\">Twitter<\/div>\n<p><\/a><a class=\"td-social-sharing-button td-social-sharing-button-js td-social-network td-social-pinterest\" href=\"https:\/\/pinterest.com\/pin\/create\/button\/?url=https:\/\/voceatimisului.ro\/tinerii-timisoreni-de-la-csh-vor-reprezenta-romania-la-campionatul-mondial-de-robotica-din-houston\/&amp;media=https:\/\/voceatimisului.ro\/wp-content\/uploads\/2025\/03\/Tinerii-timisoreni-de-la-CSH-vor-reprezenta-Romania-la-Campionatul-Mondial-de-Robotica-din-Houston2.jpg&amp;description=Tinerii+timi%C8%99oreni+de+la+CSH+vor+reprezenta+Rom%C3%A2nia+la+Campionatul+Mondial+de+Robotic%C4%83+din+Houston\" title=\"Pinterest\" rel=\"noopener\"><\/p>\n<div class=\"td-social-but-text\">Pinterest<\/div>\n<p><\/a><a class=\"td-social-sharing-button td-social-sharing-button-js td-social-network td-social-whatsapp\" href=\"https:\/\/api.whatsapp.com\/send?text=Tinerii+timi%C8%99oreni+de+la+CSH+vor+reprezenta+Rom%C3%A2nia+la+Campionatul+Mondial+de+Robotic%C4%83+din+Houston%20%0A%0A%20https:\/\/voceatimisului.ro\/tinerii-timisoreni-de-la-csh-vor-reprezenta-romania-la-campionatul-mondial-de-robotica-din-houston\/\" title=\"WhatsApp\" rel=\"noopener\"><\/p>\n<div class=\"td-social-but-text\">WhatsApp<\/div>\n<p><\/a><a class=\"td-social-sharing-button td-social-sharing-button-js td-social-network td-social-linkedin\" href=\"https:\/\/www.linkedin.com\/shareArticle?mini=true&amp;url=https:\/\/voceatimisului.ro\/tinerii-timisoreni-de-la-csh-vor-reprezenta-romania-la-campionatul-mondial-de-robotica-din-houston\/&amp;title=Tinerii+timi%C8%99oreni+de+la+CSH+vor+reprezenta+Rom%C3%A2nia+la+Campionatul+Mondial+de+Robotic%C4%83+din+Houston\" title=\"Linkedin\" rel=\"noopener\"><\/p>\n<div class=\"td-social-but-text\">Linkedin<\/div>\n<p><\/a><a class=\"td-social-sharing-button td-social-sharing-button-js td-social-network td-social-copy_url\" href=\"https:\/\/voceatimisului.ro\/tinerii-timisoreni-de-la-csh-vor-reprezenta-romania-la-campionatul-mondial-de-robotica-din-houston\/\" title=\"Copy URL\" rel=\"noopener\"><\/p>\n<div class=\"td-social-but-text\">Copy URL<\/div>\n<p><\/a><\/div>\n<\/div>\n<\/div>\n<div class=\"td_block_wrap tdb_single_next_prev tdi_76 td-animation-stack td-next-prev-img-on td-pb-border-top td_block_template_1\" data-td-block-uid=\"tdi_76\">\n<div class=\"tdb-block-inner td-fix-index\">\n<div class=\"tdb-next-post tdb-next-post-bg tdb-post-prev\"><span>Articolul precedent<\/span><\/p>\n<div class=\"td-module-container\">\n<div class=\"td-image-container\"><a class=\"td-image-wrap\" href=\"https:\/\/voceatimisului.ro\/tanar-de-20-de-ani-snopit-in-bataie-de-politisti-in-sectia-2-politie-timisoara-m-au-lovit-cu-bastonul-si-pumnii\/\"><img loading=\"lazy\" decoding=\"async\" class=\"td-next-prev-image td-fix-index td-lazy-img\" title=\"T\u00e2n\u0103r de 20 de ani, snopit \u00een b\u0103taie de poli\u021bi\u0219ti \u00een Sec\u021bia 2 Poli\u021bie Timi\u0219oara: \u201eM-au lovit cu bastonul \u0219i pumnii!\u201d\" width=\"696\" height=\"392\" src=\"https:\/\/voceatimisului.ro\/wp-content\/uploads\/2025\/03\/maxresdefault-2-696x392.jpg\"><\/a><\/div>\n<div class=\"next-prev-title\"><a href=\"https:\/\/voceatimisului.ro\/tanar-de-20-de-ani-snopit-in-bataie-de-politisti-in-sectia-2-politie-timisoara-m-au-lovit-cu-bastonul-si-pumnii\/\">T\u00e2n\u0103r de 20 de ani, snopit \u00een b\u0103taie de poli\u021bi\u0219ti \u00een Sec\u021bia 2 Poli\u021bie Timi\u0219oara: \u201eM-au lovit cu bastonul \u0219i pumnii!\u201d<\/a><\/div>\n<\/div>\n<\/div>\n<div class=\"tdb-next-post tdb-next-post-bg tdb-post-next\"><span>Articolul urm\u0103tor<\/span><\/p>\n<div class=\"td-module-container\">\n<div class=\"td-image-container\"><a class=\"td-image-wrap\" href=\"https:\/\/voceatimisului.ro\/administratia-fritz-a-inceput-razboiul-si-cu-firma-getax-in-interesul-unui-dezvoltator-imobiliar\/\"><img loading=\"lazy\" decoding=\"async\" class=\"td-next-prev-image td-fix-index td-lazy-img\" title=\"Administra\u021bia Fritz a \u00eenceput r\u0103zboiul \u0219i cu firma Getax, \u00een interesul unui dezvoltator imobiliar\" width=\"696\" height=\"522\" src=\"https:\/\/voceatimisului.ro\/wp-content\/uploads\/2025\/03\/Petolea-Florin-696x522.jpg\"><\/a><\/div>\n<div class=\"next-prev-title\"><a href=\"https:\/\/voceatimisului.ro\/administratia-fritz-a-inceput-razboiul-si-cu-firma-getax-in-interesul-unui-dezvoltator-imobiliar\/\">Administra\u021bia Fritz a \u00eenceput r\u0103zboiul \u0219i cu firma Getax, \u00een interesul unui dezvoltator imobiliar<\/a><\/div>\n<\/div>\n<\/div>\n<\/div>\n<\/div>\n<\/div>\n<\/div>\n<\/div>\n<\/div>\n<div class=\"vc_row_inner tdi_86  vc_row vc_inner wpb_row td-pb-row\">\n<div class=\"vc_column_inner tdi_88  wpb_column vc_column_container tdc-inner-column td-pb-span4 td-is-sticky\">\n<div class=\"vc_column-inner\">\n<div class=\"wpb_wrapper\" data-sticky-enabled-on=\"W3RydWUsdHJ1ZSx0cnVlLHRydWVd\" data-sticky-offset=\"20\" data-sticky-is-width-auto=\"W2ZhbHNlLGZhbHNlLGZhbHNlLGZhbHNlXQ==\">\n<div class=\"td_block_wrap tdb_single_related tdi_89 td_with_ajax_pagination td-pb-border-top td_block_template_1 tdb-single-related-posts\" data-td-block-uid=\"tdi_89\">\n<div id=\"tdi_89\" class=\"td_block_inner tdb-block-inner td-fix-index\">\n<div class=\"tdb_module_related td_module_wrap td-animation-stack td-meta-info-hide\">\n<div class=\"td-module-container td-category-pos-image\">\n<div class=\"td-module-meta-info\">\n<h3 class=\"entry-title td-module-title\"><a href=\"https:\/\/voceatimisului.ro\/fragilitatea-eternului-aduce-pompeiul-la-timisoara-o-expozitie-internationala-de-referinta-la-muzeul-national-de-arta\/\" rel=\"bookmark\" title=\"Fragilitatea eternului aduce Pompeiul la Timi\u0219oara, o expozi\u021bie interna\u021bional\u0103 de referin\u021b\u0103 la Muzeul Na\u021bional de Art\u0103\">Fragilitatea eternului aduce Pompeiul la Timi\u0219oara, o expozi\u021bie interna\u021bional\u0103 de referin\u021b\u0103 la Muzeul Na\u021bional de Art\u0103<\/a><\/h3>\n<\/div>\n<\/div>\n<\/div>\n<div class=\"tdb_module_related td_module_wrap td-animation-stack td-meta-info-hide\">\n<div class=\"td-module-container td-category-pos-image\">\n<div class=\"td-module-meta-info\">\n<h3 class=\"entry-title td-module-title\"><a href=\"https:\/\/voceatimisului.ro\/retim-lovitura-in-instanta-si-factura-de-24-600-lei-pe-fondul-haosului-din-gestionarea-gunoiului\/\" rel=\"bookmark\" title=\"RETIM, lovitur\u0103 \u00een instan\u021b\u0103 \u0219i factur\u0103 de 24.600 lei pe fondul haosului din gestionarea gunoiului\">RETIM, lovitur\u0103 \u00een instan\u021b\u0103 \u0219i factur\u0103 de 24.600 lei pe fondul haosului din gestionarea gunoiului<\/a><\/h3>\n<\/div>\n<\/div>\n<\/div>\n<div class=\"tdb_module_related td_module_wrap td-animation-stack td-meta-info-hide\">\n<div class=\"td-module-container td-category-pos-image\">\n<div class=\"td-module-meta-info\">\n<h3 class=\"entry-title td-module-title\"><a href=\"https:\/\/voceatimisului.ro\/visit-timis-promoveaza-judetul-la-targul-international-de-turism-din-novi-sad\/\" rel=\"bookmark\" title=\"Visit Timi\u0219 promoveaz\u0103 jude\u021bul la T\u00e2rgul Interna\u021bional de Turism din Novi Sad\">Visit Timi\u0219 promoveaz\u0103 jude\u021bul la T\u00e2rgul Interna\u021bional de Turism din Novi Sad<\/a><\/h3>\n<\/div>\n<\/div>\n<\/div>\n<\/div>\n<\/div>\n<\/div>\n<\/div>\n<\/div>\n<div class=\"vc_column_inner tdi_91  wpb_column vc_column_container tdc-inner-column td-pb-span8\">\n<div class=\"vc_column-inner\">\n<div class=\"wpb_wrapper\">\n<div class=\"td_block_wrap tdb_single_comments tdi_92 tdb-comm-layout2 td-pb-border-top td_block_template_2\" data-td-block-uid=\"tdi_92\">\n<div class=\"tdb-block-inner td-fix-index\">\n<div class=\"comments\" id=\"comments\">\n<div id=\"respond\" class=\"comment-respond\">\n<h3 id=\"reply-title\" class=\"comment-reply-title\">L\u0102SA\u021aI UN MESAJ <small><a rel=\"nofollow\" id=\"cancel-comment-reply-link\" href=\"https:\/\/voceatimisului.ro\/tinerii-timisoreni-de-la-csh-vor-reprezenta-romania-la-campionatul-mondial-de-robotica-din-houston\/#respond\">Renun\u021ba\u021bi la r\u0103spuns<\/a><\/small><\/h3>\n<div class=\"comment-form-input-wrap td-form-comment\">\n<div class=\"td-warning-comment\">V\u0103 rug\u0103m s\u0103 introduce\u021bi comentariul dvs.!<\/div>\n<\/div>\n<div class=\"comment-form-input-wrap td-form-author\">\n<div class=\"td-warning-author\">Introduce\u021bi aici numele dvs.<\/div>\n<\/div>\n<div class=\"comment-form-input-wrap td-form-email\">\n<div class=\"td-warning-email-error\">A\u021bi introdus o adres\u0103 de e-mail incorect\u0103!<\/div>\n<div class=\"td-warning-email\">V\u0103 rug\u0103m s\u0103 introduce\u021bi adresa dvs. de e-mail aici<\/div>\n<\/div>\n<\/div>\n<\/div>\n<\/div>\n<\/div>\n<\/div>\n<\/div>\n<\/div>\n<\/div>\n<\/div>\n<\/div>\n<div class=\"vc_column tdi_94  wpb_column vc_column_container tdc-column td-pb-span4 td-is-sticky\">\n<div class=\"wpb_wrapper\" data-sticky-enabled-on=\"W3RydWUsdHJ1ZSx0cnVlLHRydWVd\" data-sticky-offset=\"20\" data-sticky-is-width-auto=\"W2ZhbHNlLGZhbHNlLGZhbHNlLGZhbHNlXQ==\">\n<div class=\"vc_row_inner tdi_96  vc_row vc_inner wpb_row td-pb-row\">\n<div class=\"vc_column_inner tdi_98  wpb_column vc_column_container tdc-inner-column td-pb-span12\">\n<div class=\"vc_column-inner\">\n<div class=\"wpb_wrapper\">\n<div class=\"td_block_wrap td_block_title tdi_99 td-pb-border-top td_block_template_11 td-fix-index\" data-td-block-uid=\"tdi_99\">\n<div class=\"td-block-title-wrap\">\n<h4 class=\"td-block-title\"><span class=\"td-pulldown-size\">ANUN\u021aURI \u0218I PUBLICITATE<\/span><\/h4>\n<\/div>\n<\/div>\n<\/div>\n<\/div>\n<\/div>\n<\/div>\n<div class=\"wpb_wrapper td_block_wrap vc_widget_sidebar tdi_101 \">\n<aside id=\"block-10\" class=\"td_block_template_1 widget block-10 widget_block widget_media_image\">\n<figure class=\"wp-block-image size-full\"><a href=\"https:\/\/adpghiroda.ro\/index.html\" target=\"_blank\" rel=\" noreferrer noopener\"><img decoding=\"async\" loading=\"eager\" width=\"960\" height=\"960\" src=\"https:\/\/voceatimisului.ro\/wp-content\/uploads\/2025\/03\/ADP-Ghiroda2.jpg\" alt class=\"wp-image-171492\"><\/a><\/figure>\n<\/aside>\n<aside id=\"block-11\" class=\"td_block_template_1 widget block-11 widget_block widget_media_image\">\n<figure class=\"wp-block-image size-full\"><a href=\"https:\/\/adpghiroda.ro\/index.html\" target=\"_blank\" rel=\" noreferrer noopener\"><img decoding=\"async\" loading=\"eager\" width=\"960\" height=\"960\" src=\"https:\/\/voceatimisului.ro\/wp-content\/uploads\/2025\/03\/ADP-Ghiroda1.jpg\" alt class=\"wp-image-171491\"><\/a><\/figure>\n<\/aside>\n<aside id=\"block-17\" class=\"td_block_template_1 widget block-17 widget_block widget_media_image\">\n<figure class=\"wp-block-image size-large is-resized\"><a href=\"https:\/\/verde.events\/\" target=\"_blank\" rel=\" noreferrer noopener\"><img decoding=\"async\" loading=\"lazy\" width=\"1024\" height=\"683\" src=\"https:\/\/voceatimisului.ro\/wp-content\/uploads\/2025\/08\/Verde-Events-24-1024x683.jpg\" alt=\"Verde Events\" class=\"wp-image-174395\"><\/a><figcaption class=\"wp-element-caption\"><strong><em>O experien\u021b\u0103 unic\u0103 pentru orice tip de eveniment<\/em><\/strong><\/figcaption><\/figure>\n<\/aside>\n<\/div>\n<div class=\"td_block_wrap td_flex_block_1 tdi_107 td-pb-border-top td_block_template_1 td_ajax_preloading_preload td_flex_block\" data-td-block-uid=\"tdi_107\">\n<div id=\"tdi_107\" class=\"td_block_inner td-mc1-wrap\">\n<div class=\"td_module_flex td_module_flex_1 td_module_wrap td-animation-stack td-meta-info-hide td-cpt-post\">\n<div class=\"td-module-container td-category-pos-image\">\n<div class=\"td-module-meta-info\">\n<h3 class=\"entry-title td-module-title\"><a href=\"https:\/\/voceatimisului.ro\/simonis-in-plenul-cj-timis-decizia-instantei-deblocheaza-stadionul-nu-il-ingroapa\/\" rel=\"bookmark\" title=\"Simonis, \u00een plenul CJ Timi\u0219: decizia instan\u021bei deblocheaz\u0103 stadionul, nu \u00eel \u00eengroap\u0103\">Simonis, \u00een plenul CJ Timi\u0219: decizia instan\u021bei deblocheaz\u0103 stadionul, nu \u00eel \u00eengroap\u0103<\/a><\/h3>\n<\/div>\n<\/div>\n<\/div>\n<div class=\"td_module_flex td_module_flex_1 td_module_wrap td-animation-stack td-meta-info-hide td-cpt-post\">\n<div class=\"td-module-container td-category-pos-image\">\n<div class=\"td-module-meta-info\">\n<h3 class=\"entry-title td-module-title\"><a href=\"https:\/\/voceatimisului.ro\/retim-si-polaris-acuzatii-directe-in-cj-timis-simonis-nu-ne-lasam-santajati-de-mafia-gunoaielor\/\" rel=\"bookmark\" title=\"RETIM \u0219i Polaris, acuza\u021bii directe \u00een CJ Timi\u0219. Simonis: nu ne l\u0103s\u0103m \u0219antaja\u021bi de \u201emafia gunoaielor\u201d\">RETIM \u0219i Polaris, acuza\u021bii directe \u00een CJ Timi\u0219. Simonis: nu ne l\u0103s\u0103m \u0219antaja\u021bi de \u201emafia gunoaielor\u201d<\/a><\/h3>\n<\/div>\n<\/div>\n<\/div>\n<div class=\"td_module_flex td_module_flex_1 td_module_wrap td-animation-stack td-meta-info-hide td-cpt-post\">\n<div class=\"td-module-container td-category-pos-image\">\n<div class=\"td-module-meta-info\">\n<h3 class=\"entry-title td-module-title\"><a href=\"https:\/\/voceatimisului.ro\/eveniment-de-iarna-la-muzeul-satului-banatean-organizat-de-consiliul-judetean-timis\/\" rel=\"bookmark\" title=\"Eveniment de iarn\u0103 la Muzeul Satului B\u0103n\u0103\u021bean, organizat de Consiliul Jude\u021bean Timi\u0219\">Eveniment de iarn\u0103 la Muzeul Satului B\u0103n\u0103\u021bean, organizat de Consiliul Jude\u021bean Timi\u0219<\/a><\/h3>\n<\/div>\n<\/div>\n<\/div>\n<div class=\"td_module_flex td_module_flex_1 td_module_wrap td-animation-stack td-meta-info-hide td-cpt-post\">\n<div class=\"td-module-container td-category-pos-image\">\n<div class=\"td-module-meta-info\">\n<h3 class=\"entry-title td-module-title\"><a href=\"https:\/\/voceatimisului.ro\/proiectia-pariu-pe-timis-ajunge-la-sag\/\" rel=\"bookmark\" title=\"Proiec\u021bia \u201ePariu pe Timi\u0219\u201d ajunge la \u0218ag\">Proiec\u021bia \u201ePariu pe Timi\u0219\u201d ajunge la \u0218ag<\/a><\/h3>\n<\/div>\n<\/div>\n<\/div>\n<div class=\"td_module_flex td_module_flex_1 td_module_wrap td-animation-stack td-meta-info-hide td-cpt-post\">\n<div class=\"td-module-container td-category-pos-image\">\n<div class=\"td-module-meta-info\">\n<h3 class=\"entry-title td-module-title\"><a href=\"https:\/\/voceatimisului.ro\/oferta-culturala-a-consiliului-judetean-timis-pentru-perioada-17-23-noiembrie\/\" rel=\"bookmark\" title=\"Oferta cultural\u0103 a Consiliului Jude\u021bean Timi\u0219 pentru perioada 17\u201323 noiembrie\">Oferta cultural\u0103 a Consiliului Jude\u021bean Timi\u0219 pentru perioada 17\u201323 noiembrie<\/a><\/h3>\n<\/div>\n<\/div>\n<\/div>\n<\/div>\n<\/div>\n<\/div>\n<\/div>\n<\/div>\n<\/div>\n<\/div>\n<\/div>\n<p><span class=\"td-page-meta\"><\/span><span class=\"td-page-meta\"><span class=\"td-page-meta\"><\/span><\/span><span class=\"td-page-meta\"><\/span><\/article>\n<p> Source URL: https:\/\/voceatimisului.ro\/tinerii-timisoreni-de-la-csh-vor-reprezenta-romania-la-campionatul-mondial-de-robotica-din-houston\/<\/p>\n","protected":false},"excerpt":{"rendered":"<p>\u0218tiriEduca\u021bie Tinerii timi\u0219oreni de la CSH vor reprezenta Rom\u00e2nia la Campionatul Mondial de Robotic\u0103 din Houston Autor-Radu Constantin 18 martie 2025 0 1418 Facebook Twitter Pinterest WhatsApp Linkedin Copy URL Banatul trece de prima etap\u0103 \u00een cursa pentru titlul de Regiune Gastronomic\u0103 European\u0103 2028 Investi\u021bii de 500 de milioane de euro \u00een s\u0103n\u0103tate, prezentate \u00een [&hellip;]<\/p>\n","protected":false},"author":1,"featured_media":0,"comment_status":"open","ping_status":"","sticky":false,"template":"","format":"standard","meta":{"footnotes":""},"categories":[89],"tags":[199],"class_list":["post-1055567","post","type-post","status-publish","format-standard","hentry","category-romania","tag-voceatimisului-ro"],"_links":{"self":[{"href":"https:\/\/analyse.optim.biz\/index.php?rest_route=\/wp\/v2\/posts\/1055567","targetHints":{"allow":["GET"]}}],"collection":[{"href":"https:\/\/analyse.optim.biz\/index.php?rest_route=\/wp\/v2\/posts"}],"about":[{"href":"https:\/\/analyse.optim.biz\/index.php?rest_route=\/wp\/v2\/types\/post"}],"author":[{"embeddable":true,"href":"https:\/\/analyse.optim.biz\/index.php?rest_route=\/wp\/v2\/users\/1"}],"replies":[{"embeddable":true,"href":"https:\/\/analyse.optim.biz\/index.php?rest_route=%2Fwp%2Fv2%2Fcomments&post=1055567"}],"version-history":[{"count":0,"href":"https:\/\/analyse.optim.biz\/index.php?rest_route=\/wp\/v2\/posts\/1055567\/revisions"}],"wp:attachment":[{"href":"https:\/\/analyse.optim.biz\/index.php?rest_route=%2Fwp%2Fv2%2Fmedia&parent=1055567"}],"wp:term":[{"taxonomy":"category","embeddable":true,"href":"https:\/\/analyse.optim.biz\/index.php?rest_route=%2Fwp%2Fv2%2Fcategories&post=1055567"},{"taxonomy":"post_tag","embeddable":true,"href":"https:\/\/analyse.optim.biz\/index.php?rest_route=%2Fwp%2Fv2%2Ftags&post=1055567"}],"curies":[{"name":"wp","href":"https:\/\/api.w.org\/{rel}","templated":true}]}}