{"id":1055461,"date":"2020-04-14T11:00:21","date_gmt":"2020-04-14T08:00:21","guid":{"rendered":"https:\/\/analyse.optim.biz\/?p=1055461"},"modified":"2020-04-14T11:00:21","modified_gmt":"2020-04-14T08:00:21","slug":"razii-pentru-combaterea-braconajului-piscicol-in-delta-dunarii","status":"publish","type":"post","link":"https:\/\/analyse.optim.biz\/?p=1055461","title":{"rendered":"Razii pentru combaterea braconajului piscicol \u00een Delta Dun\u0103rii"},"content":{"rendered":"<article id=\"post-2901\" class=\"post-2901 post type-post status-publish format-standard has-post-thumbnail hentry category-ultimele-stiri tag-arbdd tag-braconaj-piscicol tag-control tag-delta-dunarii tag-scrumbie tag-tulcea\">\n<div class=\"td-pb-row\">\n<div class=\"td-pb-span12\">\n<div class=\"td-post-header td-pb-padding-side\">\n<div class=\"entry-crumbs\"><span><a title class=\"entry-crumb\" href=\"https:\/\/subiectivtulcea.ro\/\">Acas\u0103<\/a><\/span><span><a title=\"Vede\u021bi toate articolele \u00een Ultimele \u0218tiri\" class=\"entry-crumb\" href=\"https:\/\/subiectivtulcea.ro\/category\/ultimele-stiri\/\">Ultimele \u0218tiri<\/a><\/span><span class=\"td-bred-no-url-last\">Razii pentru combaterea braconajului piscicol \u00een Delta Dun\u0103rii<\/span><\/div>\n<ul class=\"td-category\">\n<li class=\"entry-category\"><a href=\"https:\/\/subiectivtulcea.ro\/category\/ultimele-stiri\/\">Ultimele \u0218tiri<\/a><\/li>\n<\/ul>\n<header>\n<h1 class=\"entry-title\">Razii pentru combaterea braconajului piscicol \u00een Delta Dun\u0103rii<\/h1>\n<div class=\"meta-info\">\n<div class=\"td-post-author-name\">\n<div class=\"td-author-by\">De c\u0103tre<\/div>\n<p><a href=\"https:\/\/subiectivtulcea.ro\/author\/sorin\/\">Stefan Vasilescu<\/a><\/p>\n<div class=\"td-author-line\"> &#8211; <\/div>\n<\/div>\n<p><span class=\"td-post-date\"><time class=\"entry-date updated td-module-date\" datetime=\"2020-04-14T11:00:21+00:00\">aprilie 14, 2020<\/time><\/span><\/p>\n<div class=\"td-post-views\"><span class=\"td-nr-views-2901\">1999<\/span><\/div>\n<div class=\"td-post-comments\"><a href=\"https:\/\/subiectivtulcea.ro\/razii-pentru-combaterea-braconajului-piscicol-in-delta-dunarii\/#respond\">0<\/a><\/div>\n<\/div>\n<\/header>\n<\/div>\n<\/div>\n<\/div>\n<div class=\"td-pb-row\">\n<div class=\"td-pb-span8 td-main-content\" role=\"main\">\n<div class=\"td-ss-main-content\">\n<div class=\"td-post-sharing td-post-sharing-top td-pb-padding-side\"><span class=\"td-post-share-title\">DISTRIBUI\u021aI<\/span><\/p>\n<div class=\"td-default-sharing \"><a class=\"td-social-sharing-buttons td-social-facebook\" href=\"https:\/\/www.facebook.com\/sharer.php?u=https%3A%2F%2Fsubiectivtulcea.ro%2Frazii-pentru-combaterea-braconajului-piscicol-in-delta-dunarii%2F\"><\/p>\n<div class=\"td-social-but-text\">Facebook<\/div>\n<p><\/a><a class=\"td-social-sharing-buttons td-social-twitter\" href=\"https:\/\/twitter.com\/intent\/tweet?text=Razii+pentru+combaterea+braconajului+piscicol+%C3%AEn+Delta+Dun%C4%83rii&amp;url=https%3A%2F%2Fsubiectivtulcea.ro%2Frazii-pentru-combaterea-braconajului-piscicol-in-delta-dunarii%2F&amp;via=Subiectiv+De+Tulcea+-+Cotidianul+Cu+Stiri+Pe+Surse\"><\/p>\n<div class=\"td-social-but-text\">Twitter<\/div>\n<p><\/a><\/div>\n<\/div>\n<div class=\"td-post-content td-pb-padding-side\">\n<div class=\"td-post-featured-image\"><a href=\"https:\/\/subiectivtulcea.ro\/wp-content\/uploads\/2018\/10\/braconaj-peste.jpg\" data-caption><img loading=\"lazy\" decoding=\"async\" width=\"640\" height=\"368\" class=\"entry-thumb td-modal-image\" src=\"https:\/\/subiectivtulcea.ro\/wp-content\/uploads\/2018\/10\/braconaj-peste-640x368.jpg\" alt title=\"braconaj peste\"><\/a><\/div>\n<p><strong>Comisarii G\u0103rzii Na\u0163ionale de Mediu \u2013 COMISARlATUL RBDD au desf\u0103\u015furat, recent, o ampl\u0103 ac\u0163iune de control \u00een vederea combaterii braconajului piscicol \u015fi pentru verificarea respect\u0103rii condi\u0163iilor impuse prin actele de reglementare \u00een activitatea de pescuit comercial la scrumbie.<\/strong><\/p>\n<p>Zone le de desf\u0103\u015furare a controlului au fost Dun\u0103re Br. Tulcea, Br. Sf. Gheorghe km 107- v\u0103rsare, Complexul Gorgova- Uzlina, Complexul Ro\u015fu \u2013 Puiu, Lacul Erenciuc, Meleaua Sf. Gheorghe, zona strict protejat\u0103 Sacalin \u2013 Zatoane, punctul de pescuit Peri\u015for, lacurile cuprinse \u00een Insula Dranov, Complexul lagunar Razim \u2013 Sinoie p\u00e2n\u0103 \u00een apropiere de localitatea Vadu (Constanta).<\/p>\n<p>\u00cen timpul acestei ac\u0163iuni, care a fost desf\u0103\u015furat\u0103 at\u00e2t ziua, c\u00e2t \u015fi noaptea, au fost confiscate 63 unelte de pescuit \u2013 41 setci tip monofilament, 12 setci fir textil, 2 unelte tip napatca, 4 taliene tip Razim \u015fi 4 vintire, \u00eensum\u00e2nd o lungime total\u0103 de aproximativ 2000 metri plas\u0103.<\/p>\n<p>Totodat\u0103, a fost confiscat\u0103 o cantitate de 354 kg pe\u015fte din diferite specii, care a fost predat\u0103 conform legisla\u0163iei c\u0103tre un agent economic specializat \u015fi autorizat pentru achizi\u0163ia \u015fi comercializarea pe\u015ftelui.<\/p>\n<\/div>\n<footer>\n<div class=\"td-post-source-tags td-pb-padding-side\">\n<ul class=\"td-tags td-post-small-box clearfix\">\n<li><span>ETICHETE<\/span><\/li>\n<li><a href=\"https:\/\/subiectivtulcea.ro\/tag\/arbdd\/\">arbdd<\/a><\/li>\n<li><a href=\"https:\/\/subiectivtulcea.ro\/tag\/braconaj-piscicol\/\">braconaj piscicol<\/a><\/li>\n<li><a href=\"https:\/\/subiectivtulcea.ro\/tag\/control\/\">control<\/a><\/li>\n<li><a href=\"https:\/\/subiectivtulcea.ro\/tag\/delta-dunarii\/\">delta dunarii<\/a><\/li>\n<li><a href=\"https:\/\/subiectivtulcea.ro\/tag\/scrumbie\/\">scrumbie<\/a><\/li>\n<li><a href=\"https:\/\/subiectivtulcea.ro\/tag\/tulcea\/\">tulcea<\/a><\/li>\n<\/ul>\n<\/div>\n<div class=\"td-post-sharing td-post-sharing-bottom td-pb-padding-side\"><span class=\"td-post-share-title\">DISTRIBUI\u021aI<\/span><\/p>\n<div class=\"td-default-sharing td-with-like\"><a class=\"td-social-sharing-buttons td-social-facebook\" href=\"https:\/\/www.facebook.com\/sharer.php?u=https%3A%2F%2Fsubiectivtulcea.ro%2Frazii-pentru-combaterea-braconajului-piscicol-in-delta-dunarii%2F\"><\/p>\n<div class=\"td-social-but-text\">Facebook<\/div>\n<p><\/a><a class=\"td-social-sharing-buttons td-social-twitter\" href=\"https:\/\/twitter.com\/intent\/tweet?text=Razii+pentru+combaterea+braconajului+piscicol+%C3%AEn+Delta+Dun%C4%83rii&amp;url=https%3A%2F%2Fsubiectivtulcea.ro%2Frazii-pentru-combaterea-braconajului-piscicol-in-delta-dunarii%2F&amp;via=Subiectiv+De+Tulcea+-+Cotidianul+Cu+Stiri+Pe+Surse\"><\/p>\n<div class=\"td-social-but-text\">Twitter<\/div>\n<p><\/a><\/div>\n<div class=\"td-classic-sharing\">\n<ul>\n<li class=\"td-classic-facebook\"><iframe frameborder src=\"https:\/\/www.facebook.com\/plugins\/like.php?href=https:\/\/subiectivtulcea.ro\/razii-pentru-combaterea-braconajului-piscicol-in-delta-dunarii\/&amp;layout=button_count&amp;show_faces=false&amp;width=105&amp;action=like&amp;colorscheme=light&amp;height=21\"><\/iframe><\/li>\n<li class=\"td-classic-twitter\"><a href=\"https:\/\/twitter.com\/share\" class=\"twitter-share-button\" data-url=\"https:\/\/subiectivtulcea.ro\/razii-pentru-combaterea-braconajului-piscicol-in-delta-dunarii\/\" data-text=\"Razii pentru combaterea braconajului piscicol \u00een Delta Dun\u0103rii\" data-via data-lang=\"en\">tweet<\/a><\/li>\n<\/ul>\n<\/div>\n<\/div>\n<div class=\"td-block-row td-post-next-prev\">\n<div class=\"td-block-span6 td-post-prev-post\">\n<div class=\"td-post-next-prev-content\"><span>Articolul precedent<\/span><a href=\"https:\/\/subiectivtulcea.ro\/tulcea-pescuitul-sezonier-la-scrumbie-neafectat-de-pandemia-de-coronavirus\/\">Tulcea: Pescuitul sezonier la scrumbie, neafectat de pandemia de coronavirus<\/a><\/div>\n<\/div>\n<div class=\"td-block-span6 td-post-next-post\">\n<div class=\"td-post-next-prev-content\"><span>Articolul urm\u0103tor<\/span><a href=\"https:\/\/subiectivtulcea.ro\/raport-soc-al-corpului-de-control-al-premierului-jaf-la-cfr-calatori\/\">Raport \u0219oc al Corpului de Control al premierului: Jaf la CFR C\u0103l\u0103tori!<\/a><\/div>\n<\/div>\n<\/div>\n<div class=\"author-box-wrap\"><a href=\"https:\/\/subiectivtulcea.ro\/author\/sorin\/\"><img loading=\"lazy\" decoding=\"async\" alt src=\"https:\/\/secure.gravatar.com\/avatar\/4054b95552868c8c392af45ec328ee34?s=96&amp;d=mm&amp;r=g\" class=\"avatar avatar-96 photo\" height=\"96\" width=\"96\"><\/a><\/p>\n<div class=\"desc\">\n<div class=\"td-author-name vcard author\"><span class=\"fn\"><a href=\"https:\/\/subiectivtulcea.ro\/author\/sorin\/\">Stefan Vasilescu<\/a><\/span><\/div>\n<\/div>\n<\/div>\n<p><span><\/span><span><span><\/span><\/span><span><\/span><\/footer>\n<div class=\"td_block_wrap td_block_related_posts td_uid_5_693e2d30b695f_rand td_with_ajax_pagination td-pb-border-top td_block_template_1\" data-td-block-uid=\"td_uid_5_693e2d30b695f\">\n<h4 class=\"td-related-title\"><a id=\"td_uid_6_693e2d30bd9b3\" class=\"td-related-left td-cur-simple-item\" data-td_filter_value data-td_block_id=\"td_uid_5_693e2d30b695f\" href=\"https:\/\/subiectivtulcea.ro\/razii-pentru-combaterea-braconajului-piscicol-in-delta-dunarii\/\">ARTICOLE SIMILARE<\/a><a id=\"td_uid_7_693e2d30bd9f7\" class=\"td-related-right\" data-td_filter_value=\"td_related_more_from_author\" data-td_block_id=\"td_uid_5_693e2d30b695f\" href=\"https:\/\/subiectivtulcea.ro\/razii-pentru-combaterea-braconajului-piscicol-in-delta-dunarii\/\">DE LA ACELA\u0218I AUTOR<\/a><\/h4>\n<div id=\"td_uid_5_693e2d30b695f\" class=\"td_block_inner\">\n<div class=\"td-related-row\">\n<div class=\"td-related-span4\">\n<div class=\"td_module_related_posts td-animation-stack td_mod_related_posts\">\n<div class=\"td-module-image\">\n<div class=\"td-module-thumb\"><a href=\"https:\/\/subiectivtulcea.ro\/ministrul-sanatatii-trebuie-sa-ne-obisnuim-ca-pe-perioada-verii-sa-avem-ca-vecin-virusul\/\" rel=\"bookmark\" title=\"Ministrul San\u0103t\u0103\u021bii: Trebuie s\u0103 ne obi\u015fnuim ca pe perioada verii s\u0103 avem ca vecin virusul\"><img loading=\"lazy\" decoding=\"async\" width=\"238\" height=\"178\" class=\"entry-thumb\" src=\"https:\/\/subiectivtulcea.ro\/wp-content\/uploads\/2020\/03\/izoleta-coronavirus-238x178.jpg\" alt title=\"Ministrul San\u0103t\u0103\u021bii: Trebuie s\u0103 ne obi\u015fnuim ca pe perioada verii s\u0103 avem ca vecin virusul\"><\/a><\/div>\n<\/div>\n<div class=\"item-details\">\n<h3 class=\"entry-title td-module-title\"><a href=\"https:\/\/subiectivtulcea.ro\/ministrul-sanatatii-trebuie-sa-ne-obisnuim-ca-pe-perioada-verii-sa-avem-ca-vecin-virusul\/\" rel=\"bookmark\" title=\"Ministrul San\u0103t\u0103\u021bii: Trebuie s\u0103 ne obi\u015fnuim ca pe perioada verii s\u0103 avem ca vecin virusul\">Ministrul San\u0103t\u0103\u021bii: Trebuie s\u0103 ne obi\u015fnuim ca pe perioada verii s\u0103 avem ca vecin virusul<\/a><\/h3>\n<\/div>\n<\/div>\n<\/div>\n<div class=\"td-related-span4\">\n<div class=\"td_module_related_posts td-animation-stack td_mod_related_posts\">\n<div class=\"td-module-image\">\n<div class=\"td-module-thumb\"><a href=\"https:\/\/subiectivtulcea.ro\/lucrarile-la-podul-peste-dunare-intarziate-din-cauza-procedurii-exproprierilor\/\" rel=\"bookmark\" title=\"Lucr\u0103rile la Podul peste Dun\u0103re, \u00eent\u00e2rziate din cauza procedurii exproprierilor\"><img loading=\"lazy\" decoding=\"async\" width=\"238\" height=\"178\" class=\"entry-thumb\" src=\"https:\/\/subiectivtulcea.ro\/wp-content\/uploads\/2019\/07\/pod-Dunare-238x178.jpg\" alt title=\"Lucr\u0103rile la Podul peste Dun\u0103re, \u00eent\u00e2rziate din cauza procedurii exproprierilor\"><\/a><\/div>\n<\/div>\n<div class=\"item-details\">\n<h3 class=\"entry-title td-module-title\"><a href=\"https:\/\/subiectivtulcea.ro\/lucrarile-la-podul-peste-dunare-intarziate-din-cauza-procedurii-exproprierilor\/\" rel=\"bookmark\" title=\"Lucr\u0103rile la Podul peste Dun\u0103re, \u00eent\u00e2rziate din cauza procedurii exproprierilor\">Lucr\u0103rile la Podul peste Dun\u0103re, \u00eent\u00e2rziate din cauza procedurii exproprierilor<\/a><\/h3>\n<\/div>\n<\/div>\n<\/div>\n<div class=\"td-related-span4\">\n<div class=\"td_module_related_posts td-animation-stack td_mod_related_posts\">\n<div class=\"td-module-image\">\n<div class=\"td-module-thumb\"><a href=\"https:\/\/subiectivtulcea.ro\/tulcea-atentionare-pentru-persoanele-care-doresc-sa-lucreze-in-strainatate\/\" rel=\"bookmark\" title=\"TULCEA Aten\u021bionare pentru persoanele care doresc s\u0103 lucreze \u00een str\u0103in\u0103tate\"><img loading=\"lazy\" decoding=\"async\" width=\"238\" height=\"178\" class=\"entry-thumb\" src=\"https:\/\/subiectivtulcea.ro\/wp-content\/uploads\/2018\/07\/targ-joburi-238x178.jpg\" alt title=\"TULCEA Aten\u021bionare pentru persoanele care doresc s\u0103 lucreze \u00een str\u0103in\u0103tate\"><\/a><\/div>\n<\/div>\n<div class=\"item-details\">\n<h3 class=\"entry-title td-module-title\"><a href=\"https:\/\/subiectivtulcea.ro\/tulcea-atentionare-pentru-persoanele-care-doresc-sa-lucreze-in-strainatate\/\" rel=\"bookmark\" title=\"TULCEA Aten\u021bionare pentru persoanele care doresc s\u0103 lucreze \u00een str\u0103in\u0103tate\">TULCEA Aten\u021bionare pentru persoanele care doresc s\u0103 lucreze \u00een str\u0103in\u0103tate<\/a><\/h3>\n<\/div>\n<\/div>\n<\/div>\n<\/div>\n<\/div>\n<\/div>\n<div class=\"comments\" id=\"comments\">\n<div id=\"respond\" class=\"comment-respond\">\n<h3 id=\"reply-title\" class=\"comment-reply-title\">L\u0102SA\u021aI UN MESAJ <small><a rel=\"nofollow\" id=\"cancel-comment-reply-link\" href=\"https:\/\/subiectivtulcea.ro\/razii-pentru-combaterea-braconajului-piscicol-in-delta-dunarii\/#respond\">Renun\u021ba\u021bi la r\u0103spuns<\/a><\/small><\/h3>\n<div class=\"comment-form-input-wrap td-form-comment\">\n<div class=\"td-warning-comment\">Please enter your comment!<\/div>\n<\/div>\n<div class=\"comment-form-input-wrap td-form-author\">\n<div class=\"td-warning-author\">Please enter your name here<\/div>\n<\/div>\n<div class=\"comment-form-input-wrap td-form-email\">\n<div class=\"td-warning-email-error\">You have entered an incorrect email address!<\/div>\n<div class=\"td-warning-email\">Please enter your email address here<\/div>\n<\/div>\n<div class=\"gglcptch gglcptch_v2\">\n<div>\n<div>\n<div>\n\t\t\t\t\t\t\t\t\n\t\t\t\t\t\t\t<\/div>\n<\/div>\n<\/div>\n<\/div>\n<\/div>\n<\/div>\n<\/div>\n<\/div>\n<div class=\"td-pb-span4 td-main-sidebar td-pb-border-top\" role=\"complementary\">\n<div class=\"td-ss-main-sidebar\">\n<div class=\"td-a-rec td-a-rec-id-sidebar  td_uid_8_693e2d30c05d0_rand td_block_template_1\"><span class=\"td-adspot-title\">&#8211; Advertisement &#8211;<\/span><\/p>\n<div class=\"td-all-devices\"><a href=\"https:\/\/subiectivtulcea.ro\/razii-pentru-combaterea-braconajului-piscicol-in-delta-dunarii\/\"><img decoding=\"async\" src=\"https:\/\/custom-web.ro\/subiectiv\/wp-content\/uploads\/2017\/11\/vizual-Maximia-TV_cartela-Vodafone.jpg\"><\/a><\/div>\n<\/div>\n<div class=\"td_block_wrap td_block_9 td_block_widget td_uid_9_693e2d30c08ac_rand td_with_ajax_pagination td-pb-border-top td_block_template_1\" data-td-block-uid=\"td_uid_9_693e2d30c08ac\">\n<h4 class=\"block-title\"><span class=\"td-pulldown-size\">CITESTE SI &#8230;<\/span><\/h4>\n<div id=\"td_uid_9_693e2d30c08ac\" class=\"td_block_inner\">\n<div class=\"td-block-span12\">\n<div class=\"td_module_8 td_module_wrap\">\n<div class=\"item-details\">\n<h3 class=\"entry-title td-module-title\"><a href=\"https:\/\/subiectivtulcea.ro\/tulcea-cinci-persoane-ranite-intr-un-grav-accident-rutier\/\" rel=\"bookmark\" title=\"Tulcea: Cinci persoane r\u0103nite \u00eentr-un grav accident rutier\">Tulcea: Cinci persoane r\u0103nite \u00eentr-un grav accident rutier<\/a><\/h3>\n<div class=\"meta-info\"><span class=\"td-post-author-name\"><a href=\"https:\/\/subiectivtulcea.ro\/author\/sorin\/\">Stefan Vasilescu<\/a><span>&#8211;<\/span><\/span><span class=\"td-post-date\"><time class=\"entry-date updated td-module-date\" datetime=\"2018-06-12T11:43:52+00:00\">iunie 12, 2018<\/time><\/span><\/div>\n<\/div>\n<\/div>\n<\/div>\n<div class=\"td-block-span12\">\n<div class=\"td_module_8 td_module_wrap\">\n<div class=\"item-details\">\n<h3 class=\"entry-title td-module-title\"><a href=\"https:\/\/subiectivtulcea.ro\/fondurile-din-supraacciza-la-carburanti-folositi-la-podul-de-peste-dunare-de-la-tulcea\/\" rel=\"bookmark\" title=\"Fondurile din supraacciza la carburan\u021bi, folosi\u021bi la podul de peste Dun\u0103re de la Tulcea\">Fondurile din supraacciza la carburan\u021bi, folosi\u021bi la podul de peste Dun\u0103re de la Tulcea<\/a><\/h3>\n<div class=\"meta-info\"><span class=\"td-post-author-name\"><a href=\"https:\/\/subiectivtulcea.ro\/author\/sorin\/\">Stefan Vasilescu<\/a><span>&#8211;<\/span><\/span><span class=\"td-post-date\"><time class=\"entry-date updated td-module-date\" datetime=\"2018-09-13T15:55:12+00:00\">septembrie 13, 2018<\/time><\/span><\/div>\n<\/div>\n<\/div>\n<\/div>\n<div class=\"td-block-span12\">\n<div class=\"td_module_8 td_module_wrap\">\n<div class=\"item-details\">\n<h3 class=\"entry-title td-module-title\"><a href=\"https:\/\/subiectivtulcea.ro\/avocatul-poporului-continua-acordarea-audientelor-cetatenilor-din-judetul-tulcea-3\/\" rel=\"bookmark\" title=\"Avocatul Poporului continu\u0103 acordarea audien\u0163elor cet\u0103\u0163enilor din jude\u0163ul Tulcea\">Avocatul Poporului continu\u0103 acordarea audien\u0163elor cet\u0103\u0163enilor din jude\u0163ul Tulcea<\/a><\/h3>\n<div class=\"meta-info\"><span class=\"td-post-author-name\"><a href=\"https:\/\/subiectivtulcea.ro\/author\/sorin\/\">Stefan Vasilescu<\/a><span>&#8211;<\/span><\/span><span class=\"td-post-date\"><time class=\"entry-date updated td-module-date\" datetime=\"2018-07-09T03:12:21+00:00\">iulie 9, 2018<\/time><\/span><\/div>\n<\/div>\n<\/div>\n<\/div>\n<div class=\"td-block-span12\">\n<div class=\"td_module_8 td_module_wrap\">\n<div class=\"item-details\">\n<h3 class=\"entry-title td-module-title\"><a href=\"https:\/\/subiectivtulcea.ro\/best-karaoke-gadgets-for-singing-superstars\/\" rel=\"bookmark\" title=\"Dupa mesajul dur al SUA pe Justitie, Tariceanu l-a chemat pe ministrul de Externe la el in birou\">Dupa mesajul dur al SUA pe Justitie, Tariceanu l-a chemat pe ministrul de Externe&#8230;<\/a><\/h3>\n<div class=\"meta-info\"><span class=\"td-post-author-name\"><a href=\"https:\/\/subiectivtulcea.ro\/author\/tulcea\/\">tulcea<\/a><span>&#8211;<\/span><\/span><span class=\"td-post-date\"><time class=\"entry-date updated td-module-date\" datetime=\"2017-11-28T08:31:38+00:00\">noiembrie 28, 2017<\/time><\/span><\/div>\n<\/div>\n<\/div>\n<\/div>\n<div class=\"td-block-span12\">\n<div class=\"td_module_8 td_module_wrap\">\n<div class=\"item-details\">\n<h3 class=\"entry-title td-module-title\"><a href=\"https:\/\/subiectivtulcea.ro\/administratia-deltei-vrea-modificarea-proiectului-privind-planul-de-management-al-rezervatiei\/\" rel=\"bookmark\" title=\"Administra\u0163ia Deltei vrea modificarea proiectului privind Planul de management al Rezerva\u0163iei\">Administra\u0163ia Deltei vrea modificarea proiectului privind Planul de management al Rezerva\u0163iei<\/a><\/h3>\n<div class=\"meta-info\"><span class=\"td-post-author-name\"><a href=\"https:\/\/subiectivtulcea.ro\/author\/sorin\/\">Stefan Vasilescu<\/a><span>&#8211;<\/span><\/span><span class=\"td-post-date\"><time class=\"entry-date updated td-module-date\" datetime=\"2019-09-20T05:55:18+00:00\">septembrie 20, 2019<\/time><\/span><\/div>\n<\/div>\n<\/div>\n<\/div>\n<\/div>\n<\/div>\n<\/div>\n<\/div>\n<\/div>\n<\/article>\n<p> Source URL: https:\/\/subiectivtulcea.ro\/razii-pentru-combaterea-braconajului-piscicol-in-delta-dunarii\/<\/p>\n","protected":false},"excerpt":{"rendered":"<p>Acas\u0103Ultimele \u0218tiriRazii pentru combaterea braconajului piscicol \u00een Delta Dun\u0103rii Ultimele \u0218tiri Razii pentru combaterea braconajului piscicol \u00een Delta Dun\u0103rii De c\u0103tre Stefan Vasilescu &#8211; aprilie 14, 2020 1999 0 DISTRIBUI\u021aI Facebook Twitter Comisarii G\u0103rzii Na\u0163ionale de Mediu \u2013 COMISARlATUL RBDD au desf\u0103\u015furat, recent, o ampl\u0103 ac\u0163iune de control \u00een vederea combaterii braconajului piscicol \u015fi pentru [&hellip;]<\/p>\n","protected":false},"author":1,"featured_media":0,"comment_status":"open","ping_status":"","sticky":false,"template":"","format":"standard","meta":{"footnotes":""},"categories":[89],"tags":[222],"class_list":["post-1055461","post","type-post","status-publish","format-standard","hentry","category-romania","tag-subiectivtulcea-ro"],"_links":{"self":[{"href":"https:\/\/analyse.optim.biz\/index.php?rest_route=\/wp\/v2\/posts\/1055461","targetHints":{"allow":["GET"]}}],"collection":[{"href":"https:\/\/analyse.optim.biz\/index.php?rest_route=\/wp\/v2\/posts"}],"about":[{"href":"https:\/\/analyse.optim.biz\/index.php?rest_route=\/wp\/v2\/types\/post"}],"author":[{"embeddable":true,"href":"https:\/\/analyse.optim.biz\/index.php?rest_route=\/wp\/v2\/users\/1"}],"replies":[{"embeddable":true,"href":"https:\/\/analyse.optim.biz\/index.php?rest_route=%2Fwp%2Fv2%2Fcomments&post=1055461"}],"version-history":[{"count":0,"href":"https:\/\/analyse.optim.biz\/index.php?rest_route=\/wp\/v2\/posts\/1055461\/revisions"}],"wp:attachment":[{"href":"https:\/\/analyse.optim.biz\/index.php?rest_route=%2Fwp%2Fv2%2Fmedia&parent=1055461"}],"wp:term":[{"taxonomy":"category","embeddable":true,"href":"https:\/\/analyse.optim.biz\/index.php?rest_route=%2Fwp%2Fv2%2Fcategories&post=1055461"},{"taxonomy":"post_tag","embeddable":true,"href":"https:\/\/analyse.optim.biz\/index.php?rest_route=%2Fwp%2Fv2%2Ftags&post=1055461"}],"curies":[{"name":"wp","href":"https:\/\/api.w.org\/{rel}","templated":true}]}}