{"id":1055460,"date":"2020-04-28T13:57:38","date_gmt":"2020-04-28T10:57:38","guid":{"rendered":"https:\/\/analyse.optim.biz\/?p=1055460"},"modified":"2020-04-28T13:57:38","modified_gmt":"2020-04-28T10:57:38","slug":"tulcea-trafic-rutier-restrictionat-din-cauza-exercitiilor-militare-romano-americane-din-babadag","status":"publish","type":"post","link":"https:\/\/analyse.optim.biz\/?p=1055460","title":{"rendered":"Tulcea: Trafic rutier restric\u0163ionat, din cauza exerci\u0163iilor militare rom\u00e2no-americane din Babadag"},"content":{"rendered":"<article id=\"post-2906\" class=\"post-2906 post type-post status-publish format-standard has-post-thumbnail hentry category-ultimele-stiri tag-babadag tag-manevre tag-nato tag-poligon tag-trafic-restrictionat\">\n<div class=\"td-pb-row\">\n<div class=\"td-pb-span12\">\n<div class=\"td-post-header td-pb-padding-side\">\n<div class=\"entry-crumbs\"><span><a title class=\"entry-crumb\" href=\"https:\/\/subiectivtulcea.ro\/\">Acas\u0103<\/a><\/span><span><a title=\"Vede\u021bi toate articolele \u00een Ultimele \u0218tiri\" class=\"entry-crumb\" href=\"https:\/\/subiectivtulcea.ro\/category\/ultimele-stiri\/\">Ultimele \u0218tiri<\/a><\/span><span class=\"td-bred-no-url-last\">Tulcea: Trafic rutier restric\u0163ionat, din cauza exerci\u0163iilor militare rom\u00e2no-americane din Babadag<\/span><\/div>\n<ul class=\"td-category\">\n<li class=\"entry-category\"><a href=\"https:\/\/subiectivtulcea.ro\/category\/ultimele-stiri\/\">Ultimele \u0218tiri<\/a><\/li>\n<\/ul>\n<header>\n<h1 class=\"entry-title\">Tulcea: Trafic rutier restric\u0163ionat, din cauza exerci\u0163iilor militare rom\u00e2no-americane din Babadag<\/h1>\n<div class=\"meta-info\">\n<div class=\"td-post-author-name\">\n<div class=\"td-author-by\">De c\u0103tre<\/div>\n<p><a href=\"https:\/\/subiectivtulcea.ro\/author\/sorin\/\">Stefan Vasilescu<\/a><\/p>\n<div class=\"td-author-line\"> &#8211; <\/div>\n<\/div>\n<p><span class=\"td-post-date\"><time class=\"entry-date updated td-module-date\" datetime=\"2020-04-28T13:57:38+00:00\">aprilie 28, 2020<\/time><\/span><\/p>\n<div class=\"td-post-views\"><span class=\"td-nr-views-2906\">1804<\/span><\/div>\n<div class=\"td-post-comments\"><a href=\"https:\/\/subiectivtulcea.ro\/tulcea-trafic-rutier-restrictionat-din-cauza-exercitiilor-militare-romano-americane-din-babadag\/#respond\">0<\/a><\/div>\n<\/div>\n<\/header>\n<\/div>\n<\/div>\n<\/div>\n<div class=\"td-pb-row\">\n<div class=\"td-pb-span8 td-main-content\" role=\"main\">\n<div class=\"td-ss-main-content\">\n<div class=\"td-post-sharing td-post-sharing-top td-pb-padding-side\"><span class=\"td-post-share-title\">DISTRIBUI\u021aI<\/span><\/p>\n<div class=\"td-default-sharing \"><a class=\"td-social-sharing-buttons td-social-facebook\" href=\"https:\/\/www.facebook.com\/sharer.php?u=https%3A%2F%2Fsubiectivtulcea.ro%2Ftulcea-trafic-rutier-restrictionat-din-cauza-exercitiilor-militare-romano-americane-din-babadag%2F\"><\/p>\n<div class=\"td-social-but-text\">Facebook<\/div>\n<p><\/a><a class=\"td-social-sharing-buttons td-social-twitter\" href=\"https:\/\/twitter.com\/intent\/tweet?text=Tulcea%3A+Trafic+rutier+restric%C5%A3ionat%2C+din+cauza+exerci%C5%A3iilor+militare+rom%C3%A2no-americane+din+Babadag&amp;url=https%3A%2F%2Fsubiectivtulcea.ro%2Ftulcea-trafic-rutier-restrictionat-din-cauza-exercitiilor-militare-romano-americane-din-babadag%2F&amp;via=Subiectiv+De+Tulcea+-+Cotidianul+Cu+Stiri+Pe+Surse\"><\/p>\n<div class=\"td-social-but-text\">Twitter<\/div>\n<p><\/a><\/div>\n<\/div>\n<div class=\"td-post-content td-pb-padding-side\">\n<div class=\"td-post-featured-image\"><a href=\"https:\/\/subiectivtulcea.ro\/wp-content\/uploads\/2019\/03\/militar-Babadag.jpg\" data-caption><img loading=\"lazy\" decoding=\"async\" width=\"460\" height=\"270\" class=\"entry-thumb td-modal-image\" src=\"https:\/\/subiectivtulcea.ro\/wp-content\/uploads\/2019\/03\/militar-Babadag.jpg\" alt title=\"militar Babadag\"><\/a><\/div>\n<p><strong>Traficul rutier pe drumul jude\u0163ean 222, \u00eentre satele Enisala \u015fi S\u0103lcioara din jude\u0163ul Tulcea, a fost restric\u0163ionat timp de o s\u0103pt\u0103m\u00e2n\u0103, \u00eencep\u00e2nd de luni, din cauza unor exerci\u0163ii militare cu parteneri NATO care se desf\u0103\u015foar\u0103 \u00een Poligonul din apropierea ora\u015fului Babadag.<\/strong><\/p>\n<p>Autoritatea jude\u0163ean\u0103 citeaz\u0103 o adres\u0103 a Ministerului Ap\u0103r\u0103rii Na\u0163ionale \u2013 Unitatea militar\u0103 02025 Babadag care informeaz\u0103 c\u0103 exerci\u0163ii comune cu militarii parteneri NATO \u015fi mijloace tehnice specifice se vor desf\u0103\u015fura \u00een perioada 27 aprilie-1 mai, \u00eentre orele 6.00 \u015fi 24.00.<\/p>\n<p>\u201e\u00cen vederea respect\u0103rii m\u0103surilor de siguran\u0163\u0103 a tragerilor, pentru buna desf\u0103\u015furare a activit\u0103\u0163ilor \u00een perioada \u015fi intervalele orare mai sus men\u0163ionate, recomand\u0103m s\u0103 se foloseasc\u0103 ca rut\u0103 alternativ\u0103 de circula\u0163ie \u00eentre localitatea Babadag \u015fi localitatea S\u0103lcioara ruta Babadag-DN22-Ceamurlia de Jos-Jurilovca-DJ222-S\u0103lcioara (\u015fi retur). Nerespectarea recomand\u0103rilor prezentate mai sus poate duce la consecin\u0163e grave de care Unitatea Militar\u0103 nu se face r\u0103spunz\u0103toare\u201d, se men\u0163ioneaz\u0103 \u00een sursa amintit\u0103.<\/p>\n<p>Potrivit sursei, accesul \u00een Poligonul Babadag se va realiza doar cu aprobarea \u015fefului pazei acestui obiectiv.<\/p>\n<p>De altfel, luna aceasta, Poligonul din Babadag a g\u0103zduit activit\u0103\u0163i de instruire \u00een comun a militarilor rom\u00e2ni din For\u0163ele Terestre Rom\u00e2ne \u015fi a militarilor americani disloca\u0163i \u00een Baza Aerian\u0103 \u201cMihail Kog\u0103lniceanu\u201d din Constan\u0163a \u015fi \u00een perioada 13-17 aprilie, precum \u015fi joi, 23 aprilie.<\/p>\n<\/div>\n<footer>\n<div class=\"td-post-source-tags td-pb-padding-side\">\n<ul class=\"td-tags td-post-small-box clearfix\">\n<li><span>ETICHETE<\/span><\/li>\n<li><a href=\"https:\/\/subiectivtulcea.ro\/tag\/babadag\/\">babadag<\/a><\/li>\n<li><a href=\"https:\/\/subiectivtulcea.ro\/tag\/manevre\/\">manevre<\/a><\/li>\n<li><a href=\"https:\/\/subiectivtulcea.ro\/tag\/nato\/\">nato<\/a><\/li>\n<li><a href=\"https:\/\/subiectivtulcea.ro\/tag\/poligon\/\">poligon<\/a><\/li>\n<li><a href=\"https:\/\/subiectivtulcea.ro\/tag\/trafic-restrictionat\/\">trafic restrictionat<\/a><\/li>\n<\/ul>\n<\/div>\n<div class=\"td-post-sharing td-post-sharing-bottom td-pb-padding-side\"><span class=\"td-post-share-title\">DISTRIBUI\u021aI<\/span><\/p>\n<div class=\"td-default-sharing td-with-like\"><a class=\"td-social-sharing-buttons td-social-facebook\" href=\"https:\/\/www.facebook.com\/sharer.php?u=https%3A%2F%2Fsubiectivtulcea.ro%2Ftulcea-trafic-rutier-restrictionat-din-cauza-exercitiilor-militare-romano-americane-din-babadag%2F\"><\/p>\n<div class=\"td-social-but-text\">Facebook<\/div>\n<p><\/a><a class=\"td-social-sharing-buttons td-social-twitter\" href=\"https:\/\/twitter.com\/intent\/tweet?text=Tulcea%3A+Trafic+rutier+restric%C5%A3ionat%2C+din+cauza+exerci%C5%A3iilor+militare+rom%C3%A2no-americane+din+Babadag&amp;url=https%3A%2F%2Fsubiectivtulcea.ro%2Ftulcea-trafic-rutier-restrictionat-din-cauza-exercitiilor-militare-romano-americane-din-babadag%2F&amp;via=Subiectiv+De+Tulcea+-+Cotidianul+Cu+Stiri+Pe+Surse\"><\/p>\n<div class=\"td-social-but-text\">Twitter<\/div>\n<p><\/a><\/div>\n<div class=\"td-classic-sharing\">\n<ul>\n<li class=\"td-classic-facebook\"><iframe frameborder src=\"https:\/\/www.facebook.com\/plugins\/like.php?href=https:\/\/subiectivtulcea.ro\/tulcea-trafic-rutier-restrictionat-din-cauza-exercitiilor-militare-romano-americane-din-babadag\/&amp;layout=button_count&amp;show_faces=false&amp;width=105&amp;action=like&amp;colorscheme=light&amp;height=21\"><\/iframe><\/li>\n<li class=\"td-classic-twitter\"><a href=\"https:\/\/twitter.com\/share\" class=\"twitter-share-button\" data-url=\"https:\/\/subiectivtulcea.ro\/tulcea-trafic-rutier-restrictionat-din-cauza-exercitiilor-militare-romano-americane-din-babadag\/\" data-text=\"Tulcea: Trafic rutier restric\u0163ionat, din cauza exerci\u0163iilor militare rom\u00e2no-americane din Babadag\" data-via data-lang=\"en\">tweet<\/a><\/li>\n<\/ul>\n<\/div>\n<\/div>\n<div class=\"td-block-row td-post-next-prev\">\n<div class=\"td-block-span6 td-post-prev-post\">\n<div class=\"td-post-next-prev-content\"><span>Articolul precedent<\/span><a href=\"https:\/\/subiectivtulcea.ro\/raport-soc-al-corpului-de-control-al-premierului-jaf-la-cfr-calatori\/\">Raport \u0219oc al Corpului de Control al premierului: Jaf la CFR C\u0103l\u0103tori!<\/a><\/div>\n<\/div>\n<div class=\"td-block-span6 td-post-next-post\">\n<div class=\"td-post-next-prev-content\"><span>Articolul urm\u0103tor<\/span><a href=\"https:\/\/subiectivtulcea.ro\/tulcea-atentionare-pentru-persoanele-care-doresc-sa-lucreze-in-strainatate\/\">TULCEA Aten\u021bionare pentru persoanele care doresc s\u0103 lucreze \u00een str\u0103in\u0103tate<\/a><\/div>\n<\/div>\n<\/div>\n<div class=\"author-box-wrap\"><a href=\"https:\/\/subiectivtulcea.ro\/author\/sorin\/\"><img loading=\"lazy\" decoding=\"async\" alt src=\"https:\/\/secure.gravatar.com\/avatar\/4054b95552868c8c392af45ec328ee34?s=96&amp;d=mm&amp;r=g\" class=\"avatar avatar-96 photo\" height=\"96\" width=\"96\"><\/a><\/p>\n<div class=\"desc\">\n<div class=\"td-author-name vcard author\"><span class=\"fn\"><a href=\"https:\/\/subiectivtulcea.ro\/author\/sorin\/\">Stefan Vasilescu<\/a><\/span><\/div>\n<\/div>\n<\/div>\n<p><span><\/span><span><span><\/span><\/span><span><\/span><\/footer>\n<div class=\"td_block_wrap td_block_related_posts td_uid_5_693e121b6ace9_rand td_with_ajax_pagination td-pb-border-top td_block_template_1\" data-td-block-uid=\"td_uid_5_693e121b6ace9\">\n<h4 class=\"td-related-title\"><a id=\"td_uid_6_693e121b71be0\" class=\"td-related-left td-cur-simple-item\" data-td_filter_value data-td_block_id=\"td_uid_5_693e121b6ace9\" href=\"https:\/\/subiectivtulcea.ro\/tulcea-trafic-rutier-restrictionat-din-cauza-exercitiilor-militare-romano-americane-din-babadag\/\">ARTICOLE SIMILARE<\/a><a id=\"td_uid_7_693e121b71c22\" class=\"td-related-right\" data-td_filter_value=\"td_related_more_from_author\" data-td_block_id=\"td_uid_5_693e121b6ace9\" href=\"https:\/\/subiectivtulcea.ro\/tulcea-trafic-rutier-restrictionat-din-cauza-exercitiilor-militare-romano-americane-din-babadag\/\">DE LA ACELA\u0218I AUTOR<\/a><\/h4>\n<div id=\"td_uid_5_693e121b6ace9\" class=\"td_block_inner\">\n<div class=\"td-related-row\">\n<div class=\"td-related-span4\">\n<div class=\"td_module_related_posts td-animation-stack td_mod_related_posts\">\n<div class=\"td-module-image\">\n<div class=\"td-module-thumb\"><a href=\"https:\/\/subiectivtulcea.ro\/ministrul-sanatatii-trebuie-sa-ne-obisnuim-ca-pe-perioada-verii-sa-avem-ca-vecin-virusul\/\" rel=\"bookmark\" title=\"Ministrul San\u0103t\u0103\u021bii: Trebuie s\u0103 ne obi\u015fnuim ca pe perioada verii s\u0103 avem ca vecin virusul\"><img loading=\"lazy\" decoding=\"async\" width=\"238\" height=\"178\" class=\"entry-thumb\" src=\"https:\/\/subiectivtulcea.ro\/wp-content\/uploads\/2020\/03\/izoleta-coronavirus-238x178.jpg\" alt title=\"Ministrul San\u0103t\u0103\u021bii: Trebuie s\u0103 ne obi\u015fnuim ca pe perioada verii s\u0103 avem ca vecin virusul\"><\/a><\/div>\n<\/div>\n<div class=\"item-details\">\n<h3 class=\"entry-title td-module-title\"><a href=\"https:\/\/subiectivtulcea.ro\/ministrul-sanatatii-trebuie-sa-ne-obisnuim-ca-pe-perioada-verii-sa-avem-ca-vecin-virusul\/\" rel=\"bookmark\" title=\"Ministrul San\u0103t\u0103\u021bii: Trebuie s\u0103 ne obi\u015fnuim ca pe perioada verii s\u0103 avem ca vecin virusul\">Ministrul San\u0103t\u0103\u021bii: Trebuie s\u0103 ne obi\u015fnuim ca pe perioada verii s\u0103 avem ca vecin virusul<\/a><\/h3>\n<\/div>\n<\/div>\n<\/div>\n<div class=\"td-related-span4\">\n<div class=\"td_module_related_posts td-animation-stack td_mod_related_posts\">\n<div class=\"td-module-image\">\n<div class=\"td-module-thumb\"><a href=\"https:\/\/subiectivtulcea.ro\/lucrarile-la-podul-peste-dunare-intarziate-din-cauza-procedurii-exproprierilor\/\" rel=\"bookmark\" title=\"Lucr\u0103rile la Podul peste Dun\u0103re, \u00eent\u00e2rziate din cauza procedurii exproprierilor\"><img loading=\"lazy\" decoding=\"async\" width=\"238\" height=\"178\" class=\"entry-thumb\" src=\"https:\/\/subiectivtulcea.ro\/wp-content\/uploads\/2019\/07\/pod-Dunare-238x178.jpg\" alt title=\"Lucr\u0103rile la Podul peste Dun\u0103re, \u00eent\u00e2rziate din cauza procedurii exproprierilor\"><\/a><\/div>\n<\/div>\n<div class=\"item-details\">\n<h3 class=\"entry-title td-module-title\"><a href=\"https:\/\/subiectivtulcea.ro\/lucrarile-la-podul-peste-dunare-intarziate-din-cauza-procedurii-exproprierilor\/\" rel=\"bookmark\" title=\"Lucr\u0103rile la Podul peste Dun\u0103re, \u00eent\u00e2rziate din cauza procedurii exproprierilor\">Lucr\u0103rile la Podul peste Dun\u0103re, \u00eent\u00e2rziate din cauza procedurii exproprierilor<\/a><\/h3>\n<\/div>\n<\/div>\n<\/div>\n<div class=\"td-related-span4\">\n<div class=\"td_module_related_posts td-animation-stack td_mod_related_posts\">\n<div class=\"td-module-image\">\n<div class=\"td-module-thumb\"><a href=\"https:\/\/subiectivtulcea.ro\/tulcea-atentionare-pentru-persoanele-care-doresc-sa-lucreze-in-strainatate\/\" rel=\"bookmark\" title=\"TULCEA Aten\u021bionare pentru persoanele care doresc s\u0103 lucreze \u00een str\u0103in\u0103tate\"><img loading=\"lazy\" decoding=\"async\" width=\"238\" height=\"178\" class=\"entry-thumb\" src=\"https:\/\/subiectivtulcea.ro\/wp-content\/uploads\/2018\/07\/targ-joburi-238x178.jpg\" alt title=\"TULCEA Aten\u021bionare pentru persoanele care doresc s\u0103 lucreze \u00een str\u0103in\u0103tate\"><\/a><\/div>\n<\/div>\n<div class=\"item-details\">\n<h3 class=\"entry-title td-module-title\"><a href=\"https:\/\/subiectivtulcea.ro\/tulcea-atentionare-pentru-persoanele-care-doresc-sa-lucreze-in-strainatate\/\" rel=\"bookmark\" title=\"TULCEA Aten\u021bionare pentru persoanele care doresc s\u0103 lucreze \u00een str\u0103in\u0103tate\">TULCEA Aten\u021bionare pentru persoanele care doresc s\u0103 lucreze \u00een str\u0103in\u0103tate<\/a><\/h3>\n<\/div>\n<\/div>\n<\/div>\n<\/div>\n<\/div>\n<\/div>\n<div class=\"comments\" id=\"comments\">\n<div id=\"respond\" class=\"comment-respond\">\n<h3 id=\"reply-title\" class=\"comment-reply-title\">L\u0102SA\u021aI UN MESAJ <small><a rel=\"nofollow\" id=\"cancel-comment-reply-link\" href=\"https:\/\/subiectivtulcea.ro\/tulcea-trafic-rutier-restrictionat-din-cauza-exercitiilor-militare-romano-americane-din-babadag\/#respond\">Renun\u021ba\u021bi la r\u0103spuns<\/a><\/small><\/h3>\n<div class=\"comment-form-input-wrap td-form-comment\">\n<div class=\"td-warning-comment\">Please enter your comment!<\/div>\n<\/div>\n<div class=\"comment-form-input-wrap td-form-author\">\n<div class=\"td-warning-author\">Please enter your name here<\/div>\n<\/div>\n<div class=\"comment-form-input-wrap td-form-email\">\n<div class=\"td-warning-email-error\">You have entered an incorrect email address!<\/div>\n<div class=\"td-warning-email\">Please enter your email address here<\/div>\n<\/div>\n<div class=\"gglcptch gglcptch_v2\">\n<div>\n<div>\n<div>\n\t\t\t\t\t\t\t\t\n\t\t\t\t\t\t\t<\/div>\n<\/div>\n<\/div>\n<\/div>\n<\/div>\n<\/div>\n<\/div>\n<\/div>\n<div class=\"td-pb-span4 td-main-sidebar td-pb-border-top\" role=\"complementary\">\n<div class=\"td-ss-main-sidebar\">\n<div class=\"td-a-rec td-a-rec-id-sidebar  td_uid_8_693e121b74286_rand td_block_template_1\"><span class=\"td-adspot-title\">&#8211; Advertisement &#8211;<\/span><\/p>\n<div class=\"td-all-devices\"><a href=\"https:\/\/subiectivtulcea.ro\/tulcea-trafic-rutier-restrictionat-din-cauza-exercitiilor-militare-romano-americane-din-babadag\/\"><img decoding=\"async\" src=\"https:\/\/custom-web.ro\/subiectiv\/wp-content\/uploads\/2017\/11\/vizual-Maximia-TV_cartela-Vodafone.jpg\"><\/a><\/div>\n<\/div>\n<div class=\"td_block_wrap td_block_9 td_block_widget td_uid_9_693e121b744e0_rand td_with_ajax_pagination td-pb-border-top td_block_template_1\" data-td-block-uid=\"td_uid_9_693e121b744e0\">\n<h4 class=\"block-title\"><span class=\"td-pulldown-size\">CITESTE SI &#8230;<\/span><\/h4>\n<div id=\"td_uid_9_693e121b744e0\" class=\"td_block_inner\">\n<div class=\"td-block-span12\">\n<div class=\"td_module_8 td_module_wrap\">\n<div class=\"item-details\">\n<h3 class=\"entry-title td-module-title\"><a href=\"https:\/\/subiectivtulcea.ro\/cum-a-ajuns-cabana-lui-maurer-pe-mainile-soferului-lui-horia-teodorescu-presedintele-cj-tulcea\/\" rel=\"bookmark\" title=\"Cum a ajuns cabana lui Maurer pe m\u00e2inile \u0219oferului lui Horia Teodorescu, pre\u0219edintele CJ Tulcea\">Cum a ajuns cabana lui Maurer pe m\u00e2inile \u0219oferului lui Horia Teodorescu, pre\u0219edintele CJ&#8230;<\/a><\/h3>\n<div class=\"meta-info\"><span class=\"td-post-author-name\"><a href=\"https:\/\/subiectivtulcea.ro\/author\/sorin\/\">Stefan Vasilescu<\/a><span>&#8211;<\/span><\/span><span class=\"td-post-date\"><time class=\"entry-date updated td-module-date\" datetime=\"2018-05-10T06:20:34+00:00\">mai 10, 2018<\/time><\/span><\/div>\n<\/div>\n<\/div>\n<\/div>\n<div class=\"td-block-span12\">\n<div class=\"td_module_8 td_module_wrap\">\n<div class=\"item-details\">\n<h3 class=\"entry-title td-module-title\"><a href=\"https:\/\/subiectivtulcea.ro\/mandat-european-pus-in-aplicare-de-politistii-tulceni\/\" rel=\"bookmark\" title=\"Mandat european pus \u00een aplicare de poli\u0163i\u015ftii tulceni\">Mandat european pus \u00een aplicare de poli\u0163i\u015ftii tulceni<\/a><\/h3>\n<div class=\"meta-info\"><span class=\"td-post-author-name\"><a href=\"https:\/\/subiectivtulcea.ro\/author\/sorin\/\">Stefan Vasilescu<\/a><span>&#8211;<\/span><\/span><span class=\"td-post-date\"><time class=\"entry-date updated td-module-date\" datetime=\"2019-01-31T11:24:53+00:00\">ianuarie 31, 2019<\/time><\/span><\/div>\n<\/div>\n<\/div>\n<\/div>\n<div class=\"td-block-span12\">\n<div class=\"td_module_8 td_module_wrap\">\n<div class=\"item-details\">\n<h3 class=\"entry-title td-module-title\"><a href=\"https:\/\/subiectivtulcea.ro\/official-designers-for-the-industry-giants\/\" rel=\"bookmark\" title=\"Deficitul bugetului consolidat e de 5 ori mai mare decat anul trecut\">Deficitul bugetului consolidat e de 5 ori mai mare decat anul trecut<\/a><\/h3>\n<div class=\"meta-info\"><span class=\"td-post-author-name\"><a href=\"https:\/\/subiectivtulcea.ro\/author\/tulcea\/\">tulcea<\/a><span>&#8211;<\/span><\/span><span class=\"td-post-date\"><time class=\"entry-date updated td-module-date\" datetime=\"2017-11-28T08:31:43+00:00\">noiembrie 28, 2017<\/time><\/span><\/div>\n<\/div>\n<\/div>\n<\/div>\n<div class=\"td-block-span12\">\n<div class=\"td_module_8 td_module_wrap\">\n<div class=\"item-details\">\n<h3 class=\"entry-title td-module-title\"><a href=\"https:\/\/subiectivtulcea.ro\/numarul-cazurilor-de-infectie-cu-virusul-west-nile-a-ajuns-la-60-cate-s-au-inregistrat-la-tulcea\/\" rel=\"bookmark\" title=\"Num\u0103rul cazurilor de infec\u0163ie cu virusul West Nile a ajuns la 60. C\u00e2te s-au \u00eenregistrat la Tulcea\">Num\u0103rul cazurilor de infec\u0163ie cu virusul West Nile a ajuns la 60. C\u00e2te s-au&#8230;<\/a><\/h3>\n<div class=\"meta-info\"><span class=\"td-post-author-name\"><a href=\"https:\/\/subiectivtulcea.ro\/author\/sorin\/\">Stefan Vasilescu<\/a><span>&#8211;<\/span><\/span><span class=\"td-post-date\"><time class=\"entry-date updated td-module-date\" datetime=\"2019-10-07T05:34:28+00:00\">octombrie 7, 2019<\/time><\/span><\/div>\n<\/div>\n<\/div>\n<\/div>\n<div class=\"td-block-span12\">\n<div class=\"td_module_8 td_module_wrap\">\n<div class=\"item-details\">\n<h3 class=\"entry-title td-module-title\"><a href=\"https:\/\/subiectivtulcea.ro\/ziua-rezervatiei-biosferei-delta-dunarii\/\" rel=\"bookmark\" title=\"Ziua Rezerva\u0163iei Biosferei Delta Dun\u0103rii\">Ziua Rezerva\u0163iei Biosferei Delta Dun\u0103rii<\/a><\/h3>\n<div class=\"meta-info\"><span class=\"td-post-author-name\"><a href=\"https:\/\/subiectivtulcea.ro\/author\/sorin\/\">Stefan Vasilescu<\/a><span>&#8211;<\/span><\/span><span class=\"td-post-date\"><time class=\"entry-date updated td-module-date\" datetime=\"2018-08-31T08:04:23+00:00\">august 31, 2018<\/time><\/span><\/div>\n<\/div>\n<\/div>\n<\/div>\n<\/div>\n<\/div>\n<\/div>\n<\/div>\n<\/div>\n<\/article>\n<p> Source URL: https:\/\/subiectivtulcea.ro\/tulcea-trafic-rutier-restrictionat-din-cauza-exercitiilor-militare-romano-americane-din-babadag\/<\/p>\n","protected":false},"excerpt":{"rendered":"<p>Acas\u0103Ultimele \u0218tiriTulcea: Trafic rutier restric\u0163ionat, din cauza exerci\u0163iilor militare rom\u00e2no-americane din Babadag Ultimele \u0218tiri Tulcea: Trafic rutier restric\u0163ionat, din cauza exerci\u0163iilor militare rom\u00e2no-americane din Babadag De c\u0103tre Stefan Vasilescu &#8211; aprilie 28, 2020 1804 0 DISTRIBUI\u021aI Facebook Twitter Traficul rutier pe drumul jude\u0163ean 222, \u00eentre satele Enisala \u015fi S\u0103lcioara din jude\u0163ul Tulcea, a fost restric\u0163ionat [&hellip;]<\/p>\n","protected":false},"author":1,"featured_media":0,"comment_status":"open","ping_status":"","sticky":false,"template":"","format":"standard","meta":{"footnotes":""},"categories":[89],"tags":[222],"class_list":["post-1055460","post","type-post","status-publish","format-standard","hentry","category-romania","tag-subiectivtulcea-ro"],"_links":{"self":[{"href":"https:\/\/analyse.optim.biz\/index.php?rest_route=\/wp\/v2\/posts\/1055460","targetHints":{"allow":["GET"]}}],"collection":[{"href":"https:\/\/analyse.optim.biz\/index.php?rest_route=\/wp\/v2\/posts"}],"about":[{"href":"https:\/\/analyse.optim.biz\/index.php?rest_route=\/wp\/v2\/types\/post"}],"author":[{"embeddable":true,"href":"https:\/\/analyse.optim.biz\/index.php?rest_route=\/wp\/v2\/users\/1"}],"replies":[{"embeddable":true,"href":"https:\/\/analyse.optim.biz\/index.php?rest_route=%2Fwp%2Fv2%2Fcomments&post=1055460"}],"version-history":[{"count":0,"href":"https:\/\/analyse.optim.biz\/index.php?rest_route=\/wp\/v2\/posts\/1055460\/revisions"}],"wp:attachment":[{"href":"https:\/\/analyse.optim.biz\/index.php?rest_route=%2Fwp%2Fv2%2Fmedia&parent=1055460"}],"wp:term":[{"taxonomy":"category","embeddable":true,"href":"https:\/\/analyse.optim.biz\/index.php?rest_route=%2Fwp%2Fv2%2Fcategories&post=1055460"},{"taxonomy":"post_tag","embeddable":true,"href":"https:\/\/analyse.optim.biz\/index.php?rest_route=%2Fwp%2Fv2%2Ftags&post=1055460"}],"curies":[{"name":"wp","href":"https:\/\/api.w.org\/{rel}","templated":true}]}}