{"id":1055285,"date":"2025-12-09T03:32:23","date_gmt":"2025-12-09T00:32:23","guid":{"rendered":"https:\/\/analyse.optim.biz\/?p=1055285"},"modified":"2025-12-09T03:32:23","modified_gmt":"2025-12-09T00:32:23","slug":"romania-introduce-din-2026-taxarea-rutiera-la-kilometru-pentru-camioane-reguli-noi-si-sanctiuni-inasprite-la-nivel-european-jurnal-de-vrancea-stiri-din-vrancea-si-focsani","status":"publish","type":"post","link":"https:\/\/analyse.optim.biz\/?p=1055285","title":{"rendered":"Rom\u00e2nia introduce din 2026 taxarea rutier\u0103 la kilometru pentru camioane. Reguli noi \u0219i sanc\u021biuni \u00een\u0103sprite la nivel european | Jurnal de Vrancea &#8211; Stiri din Vrancea si Focsani"},"content":{"rendered":"<article id=\"template-id-121345\" class=\"post-121345 tdb_templates type-tdb_templates status-publish post\">\n<div id=\"tdi_73\" class=\"tdc-zone\">\n<div class=\"tdc_zone tdi_74  wpb_row td-pb-row\">\n<div id=\"tdi_75\" class=\"tdc-row\">\n<div class=\"vc_row tdi_76  wpb_row td-pb-row\">\n<div class=\"vc_column tdi_78  wpb_column vc_column_container tdc-column td-pb-span12\">\n<div class=\"wpb_wrapper\">\n<div class=\"td_block_wrap td-a-rec td-a-rec-id-custom-spot td-a-rec-img tdi_79 td_block_template_1\">\n<div><a href target=\"blank\" class=\"td_spot_img_all\"><img loading=\"lazy\" decoding=\"async\" src=\"https:\/\/www.jurnaldevrancea.ro\/wp\/wp-content\/uploads\/2024\/05\/Banner-AURORA-MULTIMARKET-1200x200px.jpg\" alt=\"spot_img\" width=\"1200\" height=\"200\"><\/a><a href target=\"blank\" class=\"td_spot_img_mob\"><img loading=\"lazy\" decoding=\"async\" src=\"https:\/\/www.jurnaldevrancea.ro\/wp\/wp-content\/uploads\/2024\/05\/Banner-AURORA-MULTIMARKET-350x350px.jpg\" alt=\"spot_img\" width=\"300\" height=\"350\"><\/a><\/div>\n<\/div>\n<\/div>\n<\/div>\n<\/div>\n<\/div>\n<div id=\"tdi_80\" class=\"tdc-row\">\n<div class=\"vc_row tdi_81  wpb_row td-pb-row\">\n<div class=\"vc_column tdi_83  wpb_column vc_column_container tdc-column td-pb-span12\">\n<div class=\"wpb_wrapper\">\n<div class=\"td_block_wrap tdb_breadcrumbs tdi_84 td-pb-border-top td_block_template_1 tdb-breadcrumbs \" data-td-block-uid=\"tdi_84\">\n<div class=\"tdb-block-inner td-fix-index\"><span><a title class=\"tdb-entry-crumb\" href=\"https:\/\/www.jurnaldevrancea.ro\/\">Acas\u0103<\/a><\/span><span><a title=\"Vede\u021bi toate articolele \u00een Actualitate\" class=\"tdb-entry-crumb\" href=\"https:\/\/www.jurnaldevrancea.ro\/actualitate\/\">Actualitate<\/a><\/span><span class=\"tdb-bred-no-url-last\">Rom\u00e2nia introduce din 2026 taxarea rutier\u0103 la kilometru pentru camioane. Reguli noi \u0219i sanc\u021biuni \u00een\u0103sprite la&#8230;<\/span><\/div>\n<\/div>\n<div class=\"td_block_wrap tdb_single_categories tdi_85 td-pb-border-top td_block_template_1 \" data-td-block-uid=\"tdi_85\">\n<div class=\"tdb-category td-fix-index\"><a class=\"tdb-entry-category\" href=\"https:\/\/www.jurnaldevrancea.ro\/actualitate\/\">Actualitate<\/a><a class=\"tdb-entry-category\" href=\"https:\/\/www.jurnaldevrancea.ro\/national\/\">Na\u021bional<\/a><\/div>\n<\/div>\n<div class=\"td_block_wrap tdb_title tdi_86 tdb-single-title td-pb-border-top td_block_template_1\" data-td-block-uid=\"tdi_86\">\n<div class=\"tdb-block-inner td-fix-index\">\n<h2 class=\"tdb-title-text\">Rom\u00e2nia introduce din 2026 taxarea rutier\u0103 la kilometru pentru camioane. Reguli noi \u0219i sanc\u021biuni \u00een\u0103sprite la nivel european<\/h2>\n<\/div>\n<\/div>\n<div class=\"vc_row_inner tdi_88  vc_row vc_inner wpb_row td-pb-row\">\n<div class=\"vc_column_inner tdi_90  wpb_column vc_column_container tdc-inner-column td-pb-span3\">\n<div class=\"vc_column-inner\">\n<div class=\"wpb_wrapper\">\n<div class=\"td_block_wrap tdb_single_author tdi_91 td-pb-border-top td_block_template_1 tdb-post-meta\" data-td-block-uid=\"tdi_91\">\n<div class=\"tdb-block-inner td-fix-index\">\n<div class=\"tdb-author-name-wrap\"><span class=\"tdb-author-by\">DE:<\/span><a class=\"tdb-author-name\" href=\"https:\/\/www.jurnaldevrancea.ro\/author\/editor-online\/\">Editor Online<\/a><\/div>\n<\/div>\n<\/div>\n<\/div>\n<\/div>\n<\/div>\n<div class=\"vc_column_inner tdi_93  wpb_column vc_column_container tdc-inner-column td-pb-span3\">\n<div class=\"vc_column-inner\">\n<div class=\"wpb_wrapper\">\n<div class=\"td_block_wrap tdb_single_date tdi_94 td-pb-border-top td_block_template_1 tdb-post-meta\" data-td-block-uid=\"tdi_94\">\n<div class=\"tdb-block-inner td-fix-index\"><time class=\"entry-date updated td-module-date\" datetime=\"2025-12-09T05:32:23+02:00\">09\/12\/2025<\/time><\/div>\n<\/div>\n<\/div>\n<\/div>\n<\/div>\n<div class=\"vc_column_inner tdi_96  wpb_column vc_column_container tdc-inner-column td-pb-span3\">\n<div class=\"vc_column-inner\">\n<div class=\"wpb_wrapper\">\n<div class=\"td_block_wrap tdb_single_post_views tdi_97 td-pb-border-top td_block_template_1 tdb-post-meta\" data-td-block-uid=\"tdi_97\">\n<div class=\"tdb-block-inner td-fix-index\"><span class=\"td-nr-views-156337\">117<\/span><\/div>\n<\/div>\n<\/div>\n<\/div>\n<\/div>\n<div class=\"vc_column_inner tdi_99  wpb_column vc_column_container tdc-inner-column td-pb-span3\">\n<div class=\"vc_column-inner\">\n<div class=\"wpb_wrapper\">\n<div class=\"td_block_wrap tdb_single_post_share tdi_100  td-pb-border-top td_block_template_1\" data-td-block-uid=\"tdi_100\">\n<div id=\"tdi_100\" class=\"td-post-sharing tdb-block td-ps-bg td-ps-notext td-ps-bar td-post-sharing-style5 \">\n<div class=\"td-post-sharing-visible\"><a class=\"td-social-sharing-button td-social-sharing-button-js td-social-network td-social-facebook\" href=\"https:\/\/www.facebook.com\/sharer.php?u=https%3A%2F%2Fwww.jurnaldevrancea.ro%2Fromania-introduce-din-2026-taxarea-rutiera-la-kilometru-pentru-camioane-reguli-noi-si-sanctiuni-inasprite-la-nivel-european%2F\" title=\"Facebook\"><\/p>\n<div class=\"td-social-but-text\">Facebook<\/div>\n<p><\/a><a class=\"td-social-sharing-button td-social-sharing-button-js td-social-network td-social-twitter\" href=\"https:\/\/twitter.com\/intent\/tweet?text=Rom%C3%A2nia+introduce+din+2026+taxarea+rutier%C4%83+la+kilometru+pentru+camioane.+Reguli+noi+%C8%99i+sanc%C8%9Biuni+%C3%AEn%C4%83sprite+la+nivel+european&amp;url=https%3A%2F%2Fwww.jurnaldevrancea.ro%2Fromania-introduce-din-2026-taxarea-rutiera-la-kilometru-pentru-camioane-reguli-noi-si-sanctiuni-inasprite-la-nivel-european%2F&amp;via=Jurnal+de+Vrancea+-+Stiri+din+Vrancea+si+Focsani\" title=\"Twitter\"><\/p>\n<div class=\"td-social-but-text\">Twitter<\/div>\n<p><\/a><a class=\"td-social-sharing-button td-social-sharing-button-js td-social-network td-social-whatsapp\" href=\"https:\/\/api.whatsapp.com\/send?text=Rom%C3%A2nia+introduce+din+2026+taxarea+rutier%C4%83+la+kilometru+pentru+camioane.+Reguli+noi+%C8%99i+sanc%C8%9Biuni+%C3%AEn%C4%83sprite+la+nivel+european%20%0A%0A%20https:\/\/www.jurnaldevrancea.ro\/romania-introduce-din-2026-taxarea-rutiera-la-kilometru-pentru-camioane-reguli-noi-si-sanctiuni-inasprite-la-nivel-european\/\" title=\"WhatsApp\"><\/p>\n<div class=\"td-social-but-text\">WhatsApp<\/div>\n<p><\/a><a class=\"td-social-sharing-button td-social-sharing-button-js td-social-network td-social-print\" href=\"https:\/\/www.jurnaldevrancea.ro\/romania-introduce-din-2026-taxarea-rutiera-la-kilometru-pentru-camioane-reguli-noi-si-sanctiuni-inasprite-la-nivel-european\/\" title=\"Imprimare\"><\/p>\n<div class=\"td-social-but-text\">Imprimare<\/div>\n<p><\/a><\/div>\n<\/div>\n<\/div>\n<\/div>\n<\/div>\n<\/div>\n<\/div>\n<\/div>\n<\/div>\n<\/div>\n<\/div>\n<div id=\"tdi_101\" class=\"tdc-row\">\n<div class=\"vc_row tdi_102  wpb_row td-pb-row\">\n<div class=\"vc_column tdi_104  wpb_column vc_column_container tdc-column td-pb-span8\">\n<div class=\"wpb_wrapper\">\n<div class=\"td_block_wrap tdb_single_featured_image tdi_105 tdb-content-horiz-left td-pb-border-top td_block_template_1\" data-td-block-uid=\"tdi_105\">\n<div class=\"tdb-block-inner td-fix-index\"><img loading=\"lazy\" decoding=\"async\" width=\"696\" height=\"464\" class=\"entry-thumb\" src=\"https:\/\/www.jurnaldevrancea.ro\/wp\/wp-content\/uploads\/2025\/12\/camioane-696x464.webp\" alt title=\"camioane\"><\/div>\n<\/div>\n<div class=\"td_block_wrap tdb_single_content tdi_106 td-pb-border-top td_block_template_1 td-post-content tagdiv-type\" data-td-block-uid=\"tdi_106\">\n<div class=\"tdb-block-inner td-fix-index\">\n<p data-start=\"130\" data-end=\"614\">\u00cencep\u00e2nd cu <strong data-start=\"142\" data-end=\"158\">1 iulie 2026<\/strong>, transportul rutier de marf\u0103 din Rom\u00e2nia va trece printr-o schimbare major\u0103: vehiculele cu masa total\u0103 maxim\u0103 autorizat\u0103 (MTMA) de peste <strong data-start=\"296\" data-end=\"308\">3,5 tone<\/strong> vor fi taxate \u00een func\u021bie de <strong data-start=\"337\" data-end=\"358\">distan\u021ba parcurs\u0103<\/strong>, printr-un sistem electronic na\u021bional denumit <strong data-start=\"405\" data-end=\"415\">TollRo<\/strong>. M\u0103sura face parte dintr-un amplu proces de modernizare solicitat la nivelul Uniunii Europene, pentru a corela taxele de utilizare a drumurilor cu nivelul real de poluare \u0219i uzur\u0103 a infrastructurii.<\/p>\n<h3 data-start=\"616\" data-end=\"674\"><strong data-start=\"620\" data-end=\"674\">Trecerea de la roviniet\u0103 la sistemul \u201epay per use\u201d<\/strong><\/h3>\n<p data-start=\"676\" data-end=\"953\">Noul mecanism elimin\u0103 actuala roviniet\u0103 cu tarif fix \u0219i introduce un model bazat pe kilometrii reali parcur\u0219i pe re\u021beaua de drumuri na\u021bionale. Calculul sumei datorate se va face automat, prin intermediul unui dispozitiv de bord sau al unui sistem electronic recunoscut oficial. Tariful unitar va depinde de:<\/p>\n<ul data-start=\"985\" data-end=\"1124\">\n<li data-start=\"985\" data-end=\"1021\">\n<p data-start=\"987\" data-end=\"1021\"><strong data-start=\"987\" data-end=\"1020\">masa total\u0103 maxim\u0103 autorizat\u0103<\/strong>,<\/p>\n<\/li>\n<li data-start=\"1022\" data-end=\"1058\">\n<p data-start=\"1024\" data-end=\"1058\"><strong data-start=\"1024\" data-end=\"1057\">clasa de emisii poluante EURO<\/strong>,<\/p>\n<\/li>\n<li data-start=\"1059\" data-end=\"1124\">\n<p data-start=\"1061\" data-end=\"1124\"><strong data-start=\"1061\" data-end=\"1079\">tipul drumului<\/strong> (autostrad\u0103, drum expres sau drum na\u021bional).<\/p>\n<\/li>\n<\/ul>\n<p data-start=\"1126\" data-end=\"1444\">Conform ordinului ministrului Transporturilor, tariful include at\u00e2t costurile de utilizare a infrastructurii, c\u00e2t \u0219i costuri externe asociate polu\u0103rii. Taxele sunt structurate astfel \u00eenc\u00e2t vehiculele cu emisii reduse (EURO VI) s\u0103 pl\u0103teasc\u0103 cel mai pu\u021bin, iar cele din clase inferioare pot achita chiar cu 30% mai mult.<\/p>\n<p data-start=\"1507\" data-end=\"1577\">Pentru un vehicul cu MTMA \u00eentre <strong data-start=\"1539\" data-end=\"1558\">3,5 \u0219i 7,5 tone<\/strong>, tarifele variaz\u0103:<\/p>\n<ul data-start=\"1578\" data-end=\"1768\">\n<li data-start=\"1578\" data-end=\"1679\">\n<p data-start=\"1580\" data-end=\"1679\"><strong data-start=\"1580\" data-end=\"1612\">Autostr\u0103zi \u0219i drumuri expres<\/strong>: \u00eentre <strong data-start=\"1620\" data-end=\"1645\">0,17 lei\/km (EURO VI)<\/strong> \u0219i <strong data-start=\"1649\" data-end=\"1677\">0,22 lei\/km (EURO III-0)<\/strong><\/p>\n<\/li>\n<li data-start=\"1680\" data-end=\"1768\">\n<p data-start=\"1682\" data-end=\"1768\"><strong data-start=\"1682\" data-end=\"1703\">Drumuri na\u021bionale<\/strong>: \u00eentre <strong data-start=\"1711\" data-end=\"1736\">0,08 lei\/km (EURO VI)<\/strong> \u0219i <strong data-start=\"1740\" data-end=\"1768\">0,11 lei\/km (EURO III-0)<\/strong><\/p>\n<\/li>\n<\/ul>\n<p data-start=\"1770\" data-end=\"1856\">La categoriile superioare, costurile cresc. Camioanele de <strong data-start=\"1828\" data-end=\"1845\">peste 12 tone<\/strong> vor pl\u0103ti:<\/p>\n<ul data-start=\"1857\" data-end=\"1974\">\n<li data-start=\"1857\" data-end=\"1896\">\n<p data-start=\"1859\" data-end=\"1896\"><strong data-start=\"1859\" data-end=\"1881\">0,48 \u2013 0,62 lei\/km<\/strong> pe autostr\u0103zi,<\/p>\n<\/li>\n<li data-start=\"1897\" data-end=\"1974\">\n<p data-start=\"1899\" data-end=\"1974\"><strong data-start=\"1899\" data-end=\"1921\">0,24 \u2013 0,31 lei\/km<\/strong> pe drumuri na\u021bionale, \u00een func\u021bie de clasa de emisii.<\/p>\n<\/li>\n<\/ul>\n<p data-start=\"1976\" data-end=\"2153\">Autorit\u0103\u021bile estimeaz\u0103 c\u0103 noul sistem va permite o <strong data-start=\"2027\" data-end=\"2054\">taxare mai transparent\u0103<\/strong> \u0219i o <strong data-start=\"2060\" data-end=\"2108\">monitorizare mai eficient\u0103 a traficului greu<\/strong>, contribuind totodat\u0103 la reducerea polu\u0103rii.<\/p>\n<p data-start=\"2193\" data-end=\"2509\">Companiile de transport vor trebui s\u0103-\u0219i recalibreze strategiile de cost, deoarece taxarea la kilometru poate genera varia\u021bii importante \u00een func\u021bie de rutele alese \u0219i de structura flotei. Speciali\u0219tii din domeniu se a\u0219teapt\u0103 ca firmele cu vehicule mai vechi, din clase de emisii inferioare, s\u0103 fie cele mai afectate<\/p>\n<p data-start=\"2587\" data-end=\"2874\">\u00cen paralel cu modific\u0103rile privind taxarea, anul 2026 aduce \u0219i <strong data-start=\"2650\" data-end=\"2680\">reglement\u0103ri mult mai dure<\/strong> pentru \u0219oferii de vehicule grele \u00een mai multe state membre ale UE, dar \u0219i \u00een Regatul Unit. Noile m\u0103suri urm\u0103resc cre\u0219terea siguran\u021bei rutiere \u0219i impun sanc\u021biuni drastice pentru abaterile grave.<\/p>\n<h3 data-start=\"2876\" data-end=\"2940\"><strong data-start=\"2880\" data-end=\"2940\">Amenzi de p\u00e2n\u0103 la mii de euro \u0219i sanc\u021biuni complementare<\/strong><\/h3>\n<p data-start=\"2942\" data-end=\"2986\">Printre cele mai severe sanc\u021biuni se num\u0103r\u0103:<\/p>\n<ul data-start=\"2987\" data-end=\"3511\">\n<li data-start=\"2987\" data-end=\"3090\">\n<p data-start=\"2989\" data-end=\"3090\"><strong data-start=\"2989\" data-end=\"2999\">Italia<\/strong> \u2013 dep\u0103\u0219irea vitezei cu peste 60 km\/h: <strong data-start=\"3038\" data-end=\"3060\">p\u00e2n\u0103 la 3.382 euro<\/strong>, plus suspendarea permisului;<\/p>\n<\/li>\n<li data-start=\"3091\" data-end=\"3217\">\n<p data-start=\"3093\" data-end=\"3217\"><strong data-start=\"3093\" data-end=\"3103\">Fran\u021ba<\/strong> \u2013 conducerea sub influen\u021ba alcoolului (peste 0,8 g\/l): <strong data-start=\"3159\" data-end=\"3181\">p\u00e2n\u0103 la 4.500 euro<\/strong> \u0219i <strong data-start=\"3185\" data-end=\"3216\">p\u00e2n\u0103 la 2 ani de \u00eenchisoare<\/strong>;<\/p>\n<\/li>\n<li data-start=\"3218\" data-end=\"3322\">\n<p data-start=\"3220\" data-end=\"3322\"><strong data-start=\"3220\" data-end=\"3232\">Germania<\/strong> \u2013 manipularea tahografului: <strong data-start=\"3261\" data-end=\"3273\">750 euro<\/strong> pentru operator, plus <strong data-start=\"3296\" data-end=\"3308\">250 euro<\/strong> pentru \u0219ofer;<\/p>\n<\/li>\n<li data-start=\"3323\" data-end=\"3419\">\n<p data-start=\"3325\" data-end=\"3419\"><strong data-start=\"3325\" data-end=\"3335\">Spania<\/strong> \u2013 utilizarea telefonului mobil: <strong data-start=\"3368\" data-end=\"3388\">p\u00e2n\u0103 la 500 euro<\/strong> \u0219i <strong data-start=\"3392\" data-end=\"3418\">6 puncte de penalizare<\/strong>;<\/p>\n<\/li>\n<li data-start=\"3420\" data-end=\"3511\">\n<p data-start=\"3422\" data-end=\"3511\"><strong data-start=\"3422\" data-end=\"3432\">Olanda<\/strong> \u2013 utilizarea telefonului mobil: <strong data-start=\"3465\" data-end=\"3477\">440 euro<\/strong>, monitorizare cu camere automate.<\/p>\n<\/li>\n<\/ul>\n<p data-start=\"3513\" data-end=\"3636\">Autorit\u0103\u021bile europene transmit un mesaj clar: toleran\u021b\u0103 zero fa\u021b\u0103 de comportamentele care pun \u00een pericol siguran\u021ba rutier\u0103.<\/p>\n<\/div>\n<\/div>\n<div class=\"td_block_wrap td-a-rec td-a-rec-id-custom-spot td-a-rec-img tdi_107 td_block_template_1\">\n<div><a href=\"https:\/\/www.tomitatravel.ro\/\" target=\"blank\" class=\"td_spot_img_all\"><img loading=\"lazy\" decoding=\"async\" src=\"https:\/\/www.jurnaldevrancea.ro\/wp\/wp-content\/uploads\/2023\/11\/BANNER-TOMITA_TRAVEL-Focsani-1200x200-1.jpg\" alt=\"Tomi\u021b\u0103 Travel - Agen\u021bie de turism Foc\u0219ani\" width=\"1200\" height=\"200\"><\/a><a href=\"https:\/\/www.tomitatravel.ro\/\" target=\"blank\" class=\"td_spot_img_mob\"><img loading=\"lazy\" decoding=\"async\" src=\"https:\/\/www.jurnaldevrancea.ro\/wp\/wp-content\/uploads\/2023\/11\/BANNER-TOMITA_TRAVEL-Focsani-350x350-1.jpg\" alt=\"Tomi\u021b\u0103 Travel - Agen\u021bie de turism Foc\u0219ani\" width=\"300\" height=\"350\"><\/a><\/div>\n<\/div>\n<div class=\"td_block_wrap td-a-rec td-a-rec-id-custom-spot td-a-rec-img tdi_108 td_block_template_1\">\n<div><a href=\"https:\/\/www.dezromania.ro\/categorii\/category\/14-produse.html\" target=\"blank\" class=\"td_spot_img_all\"><img loading=\"lazy\" decoding=\"async\" src=\"https:\/\/www.jurnaldevrancea.ro\/wp\/wp-content\/uploads\/2023\/11\/Banner-1200x200-sipotehnokar-Auto-avariate-2025.jpg\" alt=\"spot_img\" width=\"1200\" height=\"200\"><\/a><a href=\"https:\/\/www.dezromania.ro\/categorii\/category\/14-produse.html\" target=\"blank\" class=\"td_spot_img_mob\"><img loading=\"lazy\" decoding=\"async\" src=\"https:\/\/www.jurnaldevrancea.ro\/wp\/wp-content\/uploads\/2023\/11\/Banner-Sipotehnokar-300xx220px-2025.jpg\" alt=\"spot_img\" width=\"300\" height=\"220\"><\/a><\/div>\n<\/div>\n<div class=\"td_block_wrap td-a-rec td-a-rec-id-custom-spot td-a-rec-img tdi_109 td_block_template_1\">\n<div><a href=\"https:\/\/haipromo.ro\/\" target=\"blank\" class=\"td_spot_img_all\"><img loading=\"lazy\" decoding=\"async\" src=\"https:\/\/www.jurnaldevrancea.ro\/wp\/wp-content\/uploads\/2024\/06\/banner-HAI-PROMO-1200x200px.jpg\" alt=\"HAI PROMO\" width=\"1200\" height=\"200\"><\/a><a href=\"https:\/\/haipromo.ro\/\" target=\"blank\" class=\"td_spot_img_mob\"><img loading=\"lazy\" decoding=\"async\" src=\"https:\/\/www.jurnaldevrancea.ro\/wp\/wp-content\/uploads\/2024\/06\/banner-HAI-PROMO-350x350px.jpg\" alt=\"HAI PROMO\" width=\"350\" height=\"350\"><\/a><\/div>\n<\/div>\n<\/div>\n<\/div>\n<div class=\"vc_column tdi_112  wpb_column vc_column_container tdc-column td-pb-span4\">\n<div class=\"wpb_wrapper\">\n<div class=\"wpb_wrapper td_block_wrap vc_widget_sidebar tdi_114 \">\n<aside id=\"custom_html-12\" class=\"widget_text td_block_template_1 widget custom_html-12 widget_custom_html\">\n<h4 class=\"block-title\"><span>\u2013 PUBLICITATE \u2013<\/span><\/h4>\n<div class=\"textwidget custom-html-widget\"><a href=\"https:\/\/www.facebook.com\/TractariAutoVranceaSOS24\"><source srcset=\"https:\/\/www.jurnaldevrancea.ro\/wp\/wp-content\/webp-express\/webp-images\/uploads\/2024\/11\/BANNER-sos-24-2024-300x300-px.jpg.webp\" type=\"image\/webp\" \/><\/a><a href=\"https:\/\/haipromo.ro\/\"><source srcset=\"https:\/\/www.jurnaldevrancea.ro\/wp\/wp-content\/webp-express\/webp-images\/uploads\/2024\/06\/banner-HAI-PROMO-350x350px.jpg.webp\" type=\"image\/webp\" \/><\/a><a href=\"https:\/\/www.facebook.com\/acnasygcons\"><source srcset=\"https:\/\/www.jurnaldevrancea.ro\/wp\/wp-content\/webp-express\/webp-images\/uploads\/2025\/08\/Banner-350x350px-Asyg-Consulting.jpg.webp\" type=\"image\/webp\" \/><\/a><\/div>\n<\/aside>\n<\/div>\n<div class=\"tdm_block td_block_wrap tdm_block_column_title tdi_116 tdm-content-horiz-center td-pb-border-top td_block_template_1\" data-td-block-uid=\"tdi_116\">\n<div class=\"td-block-row\">\n<div class=\"td-block-span12 tdm-col\">\n<div class=\"tds-title tds-title1 td-fix-index tdi_117 \">\n<h3 class=\"tdm-title tdm-title-md\">ARTICOLE SIMILARE<\/h3>\n<\/div>\n<\/div>\n<\/div>\n<\/div>\n<div class=\"td_block_wrap td_flex_block_1 tdi_118 td-pb-border-top td_block_template_1 td_flex_block\" data-td-block-uid=\"tdi_118\">\n<div id=\"tdi_118\" class=\"td_block_inner td-mc1-wrap\">\n<div class=\"td_module_flex td_module_flex_1 td_module_wrap td-animation-stack td-cpt-post\">\n<div class=\"td-module-container td-category-pos-above\">\n<div class=\"td-module-meta-info\"><a href=\"https:\/\/www.jurnaldevrancea.ro\/actualitate\/\" class=\"td-post-category\">Actualitate<\/a><\/p>\n<h3 class=\"entry-title td-module-title\"><a href=\"https:\/\/www.jurnaldevrancea.ro\/magia-craciunului-sarbatorita-printr-un-spectacol-inedit-de-clubului-copiilor-din-odobesti\/\" rel=\"bookmark\" title=\"\u201eMagia Cr\u0103ciunului\u201d \u2013 s\u0103rb\u0103torit\u0103 printr-un spectacol inedit de Clubului Copiilor din Odobe\u0219ti\">\u201eMagia Cr\u0103ciunului\u201d \u2013 s\u0103rb\u0103torit\u0103 printr-un spectacol inedit de Clubului Copiilor din Odobe\u0219ti<\/a><\/h3>\n<div class=\"td-excerpt\">Clubul Copiilor Odobe\u0219ti a fost, zilele trecute, gazda spectacolului \u201eMagia Cr\u0103ciunului\u201d, un eveniment artistic&#8230;<\/div>\n<\/div>\n<\/div>\n<\/div>\n<div class=\"td_module_flex td_module_flex_1 td_module_wrap td-animation-stack td-cpt-post\">\n<div class=\"td-module-container td-category-pos-above\">\n<div class=\"td-module-meta-info\"><a href=\"https:\/\/www.jurnaldevrancea.ro\/actualitate\/\" class=\"td-post-category\">Actualitate<\/a><\/p>\n<h3 class=\"entry-title td-module-title\"><a href=\"https:\/\/www.jurnaldevrancea.ro\/vreme-mai-calda-decat-normalul-perioadei-insa-ceata-ramane-principala-problema\/\" rel=\"bookmark\" title=\"Vreme mai cald\u0103 dec\u00e2t normalul perioadei \u00eens\u0103 cea\u021ba r\u0103m\u00e2ne principala problem\u0103\">Vreme mai cald\u0103 dec\u00e2t normalul perioadei \u00eens\u0103 cea\u021ba r\u0103m\u00e2ne principala problem\u0103<\/a><\/h3>\n<div class=\"td-excerpt\">Urm\u0103toarele zile vin cu temperaturi mai ridicate dec\u00e2t ar fi normal pentru aceast\u0103 perioad\u0103&#8230;<\/div>\n<\/div>\n<\/div>\n<\/div>\n<\/div>\n<\/div>\n<\/div>\n<\/div>\n<\/div>\n<\/div>\n<div id=\"tdi_119\" class=\"tdc-row\">\n<div class=\"vc_row tdi_120  wpb_row td-pb-row\">\n<div class=\"vc_column tdi_122  wpb_column vc_column_container tdc-column td-pb-span12\">\n<div class=\"wpb_wrapper\">\n<div class=\"tdm_block td_block_wrap tdm_block_column_title tdi_123 tdm-content-horiz-center td-pb-border-top td_block_template_1\" data-td-block-uid=\"tdi_123\">\n<div class=\"td-block-row\">\n<div class=\"td-block-span12 tdm-col\">\n<div class=\"tds-title tds-title1 td-fix-index tdi_124 \">\n<h3 class=\"tdm-title tdm-title-md\">ARTICOLE POPULARE<\/h3>\n<\/div>\n<\/div>\n<\/div>\n<\/div>\n<\/div>\n<\/div>\n<\/div>\n<\/div>\n<div id=\"tdi_125\" class=\"tdc-row\">\n<div class=\"vc_row tdi_126  wpb_row td-pb-row\">\n<div class=\"vc_column tdi_128  wpb_column vc_column_container tdc-column td-pb-span12\">\n<div class=\"wpb_wrapper\">\n<div class=\"td_block_wrap td_flex_block_1 tdi_129 td-pb-border-top td_block_template_1 td_flex_block\" data-td-block-uid=\"tdi_129\">\n<div id=\"tdi_129\" class=\"td_block_inner td-mc1-wrap\">\n<div class=\"td_module_flex td_module_flex_1 td_module_wrap td-animation-stack td-cpt-post\">\n<div class=\"td-module-container td-category-pos-above\">\n<div class=\"td-module-meta-info\"><a href=\"https:\/\/www.jurnaldevrancea.ro\/actualitate\/\" class=\"td-post-category\">Actualitate<\/a><\/p>\n<h3 class=\"entry-title td-module-title\"><a href=\"https:\/\/www.jurnaldevrancea.ro\/video-cum-s-a-produs-accidentul-de-azi-dimineata-din-focsani-cine-a-fost-de-vina-se-vede-clar-in-imagini\/\" rel=\"bookmark\" title=\"VIDEO Cum s-a produs accidentul de azi-diminea\u021b\u0103, din Foc\u0219ani! Cine a fost de vin\u0103\u2026 se vede clar \u00een imagini\">VIDEO Cum s-a produs accidentul de azi-diminea\u021b\u0103, din Foc\u0219ani! Cine a fost de vin\u0103\u2026 se vede clar \u00een imagini<\/a><\/h3>\n<div class=\"td-excerpt\">Avem imagini cu accidentul care s-a produs \u00een acest\u0103 diminea\u021b\u0103 la intersec\u021bia dintre Bulevardul&#8230;<\/div>\n<div class=\"td-editor-date\"><span class=\"td-author-date\"><span class=\"td-post-date\"><time class=\"entry-date updated td-module-date\" datetime=\"2025-12-08T13:33:31+02:00\">08\/12\/2025<\/time><\/span><\/span><\/div>\n<\/div>\n<\/div>\n<\/div>\n<div class=\"td_module_flex td_module_flex_1 td_module_wrap td-animation-stack td-cpt-post\">\n<div class=\"td-module-container td-category-pos-above\">\n<div class=\"td-module-meta-info\"><a href=\"https:\/\/www.jurnaldevrancea.ro\/actualitate\/\" class=\"td-post-category\">Actualitate<\/a><\/p>\n<h3 class=\"entry-title td-module-title\"><a href=\"https:\/\/www.jurnaldevrancea.ro\/alerta-epidemiologica-in-vrancea-doua-femei-sunt-internate-in-stare-grava-la-ati-cu-suspiciune-de-botulism\/\" rel=\"bookmark\" title=\"Alert\u0103 epidemiologic\u0103 \u00een Vrancea! Dou\u0103 femei sunt internate \u00een stare grav\u0103 la ATI cu suspiciune de botulism\">Alert\u0103 epidemiologic\u0103 \u00een Vrancea! Dou\u0103 femei sunt internate \u00een stare grav\u0103 la ATI cu suspiciune de botulism<\/a><\/h3>\n<div class=\"td-excerpt\">Dou\u0103 cazuri suspecte de botulism au fost raportate \u00een jude\u021bul Vrancea \u00een intervalul 10\u201311&#8230;<\/div>\n<div class=\"td-editor-date\"><span class=\"td-author-date\"><span class=\"td-post-date\"><time class=\"entry-date updated td-module-date\" datetime=\"2025-12-13T08:18:55+02:00\">13\/12\/2025<\/time><\/span><\/span><\/div>\n<\/div>\n<\/div>\n<\/div>\n<div class=\"td_module_flex td_module_flex_1 td_module_wrap td-animation-stack td-cpt-post\">\n<div class=\"td-module-container td-category-pos-above\">\n<div class=\"td-module-meta-info\"><a href=\"https:\/\/www.jurnaldevrancea.ro\/actualitate\/\" class=\"td-post-category\">Actualitate<\/a><\/p>\n<h3 class=\"entry-title td-module-title\"><a href=\"https:\/\/www.jurnaldevrancea.ro\/acum-accident-rutier-la-intersectia-doi-stejari-din-focsani-doua-autoturisme-implicate\/\" rel=\"bookmark\" title=\"ACUM Accident rutier la intersec\u021bia \u201eDoi Stejari\u201d din Foc\u0219ani! Dou\u0103 autoturisme implicate\">ACUM Accident rutier la intersec\u021bia \u201eDoi Stejari\u201d din Foc\u0219ani! Dou\u0103 autoturisme implicate<\/a><\/h3>\n<div class=\"td-excerpt\">Accidentul rutier s-a produs \u00een aceast\u0103 diminea\u021b\u0103, \u00een jurul orei 10.30, la intersec\u021bia dintre\u00a0Bulevardul&#8230;<\/div>\n<div class=\"td-editor-date\"><span class=\"td-author-date\"><span class=\"td-post-date\"><time class=\"entry-date updated td-module-date\" datetime=\"2025-12-08T10:53:58+02:00\">08\/12\/2025<\/time><\/span><\/span><\/div>\n<\/div>\n<\/div>\n<\/div>\n<\/div>\n<\/div>\n<\/div>\n<\/div>\n<\/div>\n<\/div>\n<\/div>\n<\/div>\n<p><span class=\"td-page-meta\"><\/span><span class=\"td-page-meta\"><span class=\"td-page-meta\"><\/span><\/span><span class=\"td-page-meta\"><\/span><\/article>\n<p> Source URL: https:\/\/www.jurnaldevrancea.ro\/romania-introduce-din-2026-taxarea-rutiera-la-kilometru-pentru-camioane-reguli-noi-si-sanctiuni-inasprite-la-nivel-european\/<\/p>\n","protected":false},"excerpt":{"rendered":"<p>Acas\u0103ActualitateRom\u00e2nia introduce din 2026 taxarea rutier\u0103 la kilometru pentru camioane. Reguli noi \u0219i sanc\u021biuni \u00een\u0103sprite la&#8230; ActualitateNa\u021bional Rom\u00e2nia introduce din 2026 taxarea rutier\u0103 la kilometru pentru camioane. Reguli noi \u0219i sanc\u021biuni \u00een\u0103sprite la nivel european DE:Editor Online 09\/12\/2025 117 Facebook Twitter WhatsApp Imprimare \u00cencep\u00e2nd cu 1 iulie 2026, transportul rutier de marf\u0103 din Rom\u00e2nia va [&hellip;]<\/p>\n","protected":false},"author":1,"featured_media":0,"comment_status":"open","ping_status":"","sticky":false,"template":"","format":"standard","meta":{"footnotes":""},"categories":[89],"tags":[207],"class_list":["post-1055285","post","type-post","status-publish","format-standard","hentry","category-romania","tag-jurnaldevrancea-ro"],"_links":{"self":[{"href":"https:\/\/analyse.optim.biz\/index.php?rest_route=\/wp\/v2\/posts\/1055285","targetHints":{"allow":["GET"]}}],"collection":[{"href":"https:\/\/analyse.optim.biz\/index.php?rest_route=\/wp\/v2\/posts"}],"about":[{"href":"https:\/\/analyse.optim.biz\/index.php?rest_route=\/wp\/v2\/types\/post"}],"author":[{"embeddable":true,"href":"https:\/\/analyse.optim.biz\/index.php?rest_route=\/wp\/v2\/users\/1"}],"replies":[{"embeddable":true,"href":"https:\/\/analyse.optim.biz\/index.php?rest_route=%2Fwp%2Fv2%2Fcomments&post=1055285"}],"version-history":[{"count":0,"href":"https:\/\/analyse.optim.biz\/index.php?rest_route=\/wp\/v2\/posts\/1055285\/revisions"}],"wp:attachment":[{"href":"https:\/\/analyse.optim.biz\/index.php?rest_route=%2Fwp%2Fv2%2Fmedia&parent=1055285"}],"wp:term":[{"taxonomy":"category","embeddable":true,"href":"https:\/\/analyse.optim.biz\/index.php?rest_route=%2Fwp%2Fv2%2Fcategories&post=1055285"},{"taxonomy":"post_tag","embeddable":true,"href":"https:\/\/analyse.optim.biz\/index.php?rest_route=%2Fwp%2Fv2%2Ftags&post=1055285"}],"curies":[{"name":"wp","href":"https:\/\/api.w.org\/{rel}","templated":true}]}}