{"id":1055279,"date":"2025-12-11T09:45:27","date_gmt":"2025-12-11T06:45:27","guid":{"rendered":"https:\/\/analyse.optim.biz\/?p=1055279"},"modified":"2025-12-11T09:45:27","modified_gmt":"2025-12-11T06:45:27","slug":"un-medic-si-o-asistenta-pusi-sub-control-judiciar-ei-au-eliberat-concedii-medicale-false-jurnal-de-vrancea-stiri-din-vrancea-si-focsani","status":"publish","type":"post","link":"https:\/\/analyse.optim.biz\/?p=1055279","title":{"rendered":"Un medic \u015fi o asistent\u0103, pu\u0219i sub control judiciar. Ei au eliberat concedii medicale false | Jurnal de Vrancea &#8211; Stiri din Vrancea si Focsani"},"content":{"rendered":"<article id=\"template-id-121345\" class=\"post-121345 tdb_templates type-tdb_templates status-publish post\">\n<div id=\"tdi_73\" class=\"tdc-zone\">\n<div class=\"tdc_zone tdi_74  wpb_row td-pb-row\">\n<div id=\"tdi_75\" class=\"tdc-row\">\n<div class=\"vc_row tdi_76  wpb_row td-pb-row\">\n<div class=\"vc_column tdi_78  wpb_column vc_column_container tdc-column td-pb-span12\">\n<div class=\"wpb_wrapper\">\n<div class=\"td_block_wrap td-a-rec td-a-rec-id-custom-spot td-a-rec-img tdi_79 td_block_template_1\">\n<div><a href target=\"blank\" class=\"td_spot_img_all\"><img loading=\"lazy\" decoding=\"async\" src=\"https:\/\/www.jurnaldevrancea.ro\/wp\/wp-content\/uploads\/2024\/05\/Banner-AURORA-MULTIMARKET-1200x200px.jpg\" alt=\"spot_img\" width=\"1200\" height=\"200\"><\/a><a href target=\"blank\" class=\"td_spot_img_mob\"><img loading=\"lazy\" decoding=\"async\" src=\"https:\/\/www.jurnaldevrancea.ro\/wp\/wp-content\/uploads\/2024\/05\/Banner-AURORA-MULTIMARKET-350x350px.jpg\" alt=\"spot_img\" width=\"300\" height=\"350\"><\/a><\/div>\n<\/div>\n<\/div>\n<\/div>\n<\/div>\n<\/div>\n<div id=\"tdi_80\" class=\"tdc-row\">\n<div class=\"vc_row tdi_81  wpb_row td-pb-row\">\n<div class=\"vc_column tdi_83  wpb_column vc_column_container tdc-column td-pb-span12\">\n<div class=\"wpb_wrapper\">\n<div class=\"td_block_wrap tdb_breadcrumbs tdi_84 td-pb-border-top td_block_template_1 tdb-breadcrumbs \" data-td-block-uid=\"tdi_84\">\n<div class=\"tdb-block-inner td-fix-index\"><span><a title class=\"tdb-entry-crumb\" href=\"https:\/\/www.jurnaldevrancea.ro\/\">Acas\u0103<\/a><\/span><span><a title=\"Vede\u021bi toate articolele \u00een Actualitate\" class=\"tdb-entry-crumb\" href=\"https:\/\/www.jurnaldevrancea.ro\/actualitate\/\">Actualitate<\/a><\/span><span class=\"tdb-bred-no-url-last\">Un medic \u015fi o asistent\u0103, pu\u0219i sub control judiciar. Ei au eliberat concedii medicale false<\/span><\/div>\n<\/div>\n<div class=\"td_block_wrap tdb_single_categories tdi_85 td-pb-border-top td_block_template_1 \" data-td-block-uid=\"tdi_85\">\n<div class=\"tdb-category td-fix-index\"><a class=\"tdb-entry-category\" href=\"https:\/\/www.jurnaldevrancea.ro\/actualitate\/\">Actualitate<\/a><a class=\"tdb-entry-category\" href=\"https:\/\/www.jurnaldevrancea.ro\/regional\/\">Regional<\/a><a class=\"tdb-entry-category\" href=\"https:\/\/www.jurnaldevrancea.ro\/regional\/bacau\/\">Bac\u0103u<\/a><\/div>\n<\/div>\n<div class=\"td_block_wrap tdb_title tdi_86 tdb-single-title td-pb-border-top td_block_template_1\" data-td-block-uid=\"tdi_86\">\n<div class=\"tdb-block-inner td-fix-index\">\n<h2 class=\"tdb-title-text\">Un medic \u015fi o asistent\u0103, pu\u0219i sub control judiciar. Ei au eliberat concedii medicale false<\/h2>\n<\/div>\n<\/div>\n<div class=\"vc_row_inner tdi_88  vc_row vc_inner wpb_row td-pb-row\">\n<div class=\"vc_column_inner tdi_90  wpb_column vc_column_container tdc-inner-column td-pb-span3\">\n<div class=\"vc_column-inner\">\n<div class=\"wpb_wrapper\">\n<div class=\"td_block_wrap tdb_single_author tdi_91 td-pb-border-top td_block_template_1 tdb-post-meta\" data-td-block-uid=\"tdi_91\">\n<div class=\"tdb-block-inner td-fix-index\">\n<div class=\"tdb-author-name-wrap\"><span class=\"tdb-author-by\">DE:<\/span><a class=\"tdb-author-name\" href=\"https:\/\/www.jurnaldevrancea.ro\/author\/alex-moldovan\/\">Alex Moldovan<\/a><\/div>\n<\/div>\n<\/div>\n<\/div>\n<\/div>\n<\/div>\n<div class=\"vc_column_inner tdi_93  wpb_column vc_column_container tdc-inner-column td-pb-span3\">\n<div class=\"vc_column-inner\">\n<div class=\"wpb_wrapper\">\n<div class=\"td_block_wrap tdb_single_date tdi_94 td-pb-border-top td_block_template_1 tdb-post-meta\" data-td-block-uid=\"tdi_94\">\n<div class=\"tdb-block-inner td-fix-index\"><time class=\"entry-date updated td-module-date\" datetime=\"2025-12-11T11:45:27+02:00\">11\/12\/2025<\/time><\/div>\n<\/div>\n<\/div>\n<\/div>\n<\/div>\n<div class=\"vc_column_inner tdi_96  wpb_column vc_column_container tdc-inner-column td-pb-span3\">\n<div class=\"vc_column-inner\">\n<div class=\"wpb_wrapper\">\n<div class=\"td_block_wrap tdb_single_post_views tdi_97 td-pb-border-top td_block_template_1 tdb-post-meta\" data-td-block-uid=\"tdi_97\">\n<div class=\"tdb-block-inner td-fix-index\"><span class=\"td-nr-views-156439\">553<\/span><\/div>\n<\/div>\n<\/div>\n<\/div>\n<\/div>\n<div class=\"vc_column_inner tdi_99  wpb_column vc_column_container tdc-inner-column td-pb-span3\">\n<div class=\"vc_column-inner\">\n<div class=\"wpb_wrapper\">\n<div class=\"td_block_wrap tdb_single_post_share tdi_100  td-pb-border-top td_block_template_1\" data-td-block-uid=\"tdi_100\">\n<div id=\"tdi_100\" class=\"td-post-sharing tdb-block td-ps-bg td-ps-notext td-ps-bar td-post-sharing-style5 \">\n<div class=\"td-post-sharing-visible\"><a class=\"td-social-sharing-button td-social-sharing-button-js td-social-network td-social-facebook\" href=\"https:\/\/www.facebook.com\/sharer.php?u=https%3A%2F%2Fwww.jurnaldevrancea.ro%2Fun-medic-si-o-asistenta-pusi-sub-control-judiciar-ei-au-eliberat-concedii-medicale-false%2F\" title=\"Facebook\"><\/p>\n<div class=\"td-social-but-text\">Facebook<\/div>\n<p><\/a><a class=\"td-social-sharing-button td-social-sharing-button-js td-social-network td-social-twitter\" href=\"https:\/\/twitter.com\/intent\/tweet?text=Un+medic+%C5%9Fi+o+asistent%C4%83%2C+pu%C8%99i+sub+control+judiciar.+Ei+au+eliberat+concedii+medicale+false&amp;url=https%3A%2F%2Fwww.jurnaldevrancea.ro%2Fun-medic-si-o-asistenta-pusi-sub-control-judiciar-ei-au-eliberat-concedii-medicale-false%2F&amp;via=Jurnal+de+Vrancea+-+Stiri+din+Vrancea+si+Focsani\" title=\"Twitter\"><\/p>\n<div class=\"td-social-but-text\">Twitter<\/div>\n<p><\/a><a class=\"td-social-sharing-button td-social-sharing-button-js td-social-network td-social-whatsapp\" href=\"https:\/\/api.whatsapp.com\/send?text=Un+medic+%C5%9Fi+o+asistent%C4%83%2C+pu%C8%99i+sub+control+judiciar.+Ei+au+eliberat+concedii+medicale+false%20%0A%0A%20https:\/\/www.jurnaldevrancea.ro\/un-medic-si-o-asistenta-pusi-sub-control-judiciar-ei-au-eliberat-concedii-medicale-false\/\" title=\"WhatsApp\"><\/p>\n<div class=\"td-social-but-text\">WhatsApp<\/div>\n<p><\/a><a class=\"td-social-sharing-button td-social-sharing-button-js td-social-network td-social-print\" href=\"https:\/\/www.jurnaldevrancea.ro\/un-medic-si-o-asistenta-pusi-sub-control-judiciar-ei-au-eliberat-concedii-medicale-false\/\" title=\"Imprimare\"><\/p>\n<div class=\"td-social-but-text\">Imprimare<\/div>\n<p><\/a><\/div>\n<\/div>\n<\/div>\n<\/div>\n<\/div>\n<\/div>\n<\/div>\n<\/div>\n<\/div>\n<\/div>\n<\/div>\n<div id=\"tdi_101\" class=\"tdc-row\">\n<div class=\"vc_row tdi_102  wpb_row td-pb-row\">\n<div class=\"vc_column tdi_104  wpb_column vc_column_container tdc-column td-pb-span8\">\n<div class=\"wpb_wrapper\">\n<div class=\"td_block_wrap tdb_single_featured_image tdi_105 tdb-content-horiz-left td-pb-border-top td_block_template_1\" data-td-block-uid=\"tdi_105\">\n<div class=\"tdb-block-inner td-fix-index\"><img loading=\"lazy\" decoding=\"async\" width=\"696\" height=\"438\" class=\"entry-thumb\" src=\"https:\/\/www.jurnaldevrancea.ro\/wp\/wp-content\/uploads\/2024\/01\/concediu-medical-696x438.jpeg\" alt title=\"concediu medical\"><\/div>\n<\/div>\n<div class=\"td_block_wrap tdb_single_content tdi_106 td-pb-border-top td_block_template_1 td-post-content tagdiv-type\" data-td-block-uid=\"tdi_106\">\n<div class=\"tdb-block-inner td-fix-index\">\n<p>Un medic \u015fi o asistent\u0103 medical\u0103 de la Unitatea de Primiri Urgen\u0163e (UPU) a Spitalului Jude\u0163ean de Urgen\u0163\u0103 Bac\u0103u, cerceta\u0163i pentru luare de mit\u0103 \u015fi fals intelectual, au fost plasa\u0163i sub control judiciar pentru 60 de zile, a anun\u0163at, joi, Parchetul de pe l\u00e2ng\u0103 Tribunalul Bac\u0103u.<\/p>\n<p>Anchetatorii spun c\u0103 \u00een perioada februarie-noiembrie 2025, medicul ar fi primit \u00een mod repetat, de la mai multe persoane, mit\u0103 ce fluctua de la 50 de lei p\u00e2n\u0103 la 400 de lei. \u00cen schimbul banilor, acesta \u00eentocmea mai multe certificate de concediu medical, atest\u00e2nd \u00een fals c\u0103 pacien\u0163ii sufer\u0103 de afec\u0163iuni medicale de\u015fi nu a realizat vreun consult medical prealabil.<\/p>\n<p>\u00cen perioada 2021-2025, asistenta medical\u0103 ar fi dat mit\u0103 \u00een mod repetat unui medic specialist din cadrul Spitalului Jude\u0163ean de Urgen\u0163\u0103 Bac\u0103u, minimum c\u00e2te 100 de lei, instig\u00e2ndu-l s\u0103 \u00eentocmeasc\u0103 mai multe certificate de concediu medical. \u015ei \u00een acest caz era atestat \u00een fals c\u0103 pacien\u0163ii sufer\u0103 de afec\u0163iuni medicale, de\u015fi medicul nu a realizat vreun consult \u00een prealabil.<\/p>\n<p><strong>\u201eUlterior, beneficiarii au folosit \u00eenscrisurile \u00eentocmite \u00een fals prin depunerea la angajatori (beneficiarii fiind preponderent angaja\u0163i din cadrul SJU Bac\u0103u \u015fi SAJ Bac\u0103u, dar \u015fi alte institu\u0163ii publice sau societ\u0103\u0163i private), cu consecin\u0163a c\u0103, de\u015fi nu s-au prezentat la serviciu, au primit indemniza\u0163ie de 100% din salariu \u00een mod nelegal\u201d,<\/strong> a precizat Parchetul de pe l\u00e2ng\u0103 Tribunalul Bac\u0103u.<\/p>\n<p>Medicul specialist este sub m\u0103sura controlului judiciar pentru infrac\u0163iuni similare \u015fi are interdic\u0163ia de a exercita profesia \u00een cadrul SJU Bac\u0103u, \u00eencep\u00e2nd cu luna iunie 2025. Procurorii au efectuat, mar\u0163i, perchezi\u0163ii domiciliare \u015fi la UPU Bac\u0103u \u00een urma c\u0103rora au fost descoperite \u015fi ridicate sume de bani, telefoane mobile, documente \u015fi alte bunuri care constituie mijloace de prob\u0103. \u00cen acest dosar au fost emise opt mandate de aducere, suspec\u0163ii fiind audia\u0163i de c\u0103tre procuror.<\/p>\n<p>Medicul \u015fi asistenta medical\u0103 de la UPU Bac\u0103u au fost re\u0163inu\u0163i pentru 24 de ore, dup\u0103 care au fost pu\u015fi sub control judiciar pentru 60 de zile. Totodat\u0103, medicul are interdic\u0163ia de a-\u015fi exercita profesia la UPU Bac\u0103u \u015fi a semnat o cau\u0163iune pentru suma de 50.000 de lei. Procurorii au precizat c\u0103 \u00een acest dosar se efectueaz\u0103 cercet\u0103ri \u015fi fa\u0163\u0103 de alte fapte \u015fi persoane.<\/p>\n<\/div>\n<\/div>\n<div class=\"td_block_wrap td-a-rec td-a-rec-id-custom-spot td-a-rec-img tdi_107 td_block_template_1\">\n<div><a href=\"https:\/\/www.tomitatravel.ro\/\" target=\"blank\" class=\"td_spot_img_all\"><img loading=\"lazy\" decoding=\"async\" src=\"https:\/\/www.jurnaldevrancea.ro\/wp\/wp-content\/uploads\/2023\/11\/BANNER-TOMITA_TRAVEL-Focsani-1200x200-1.jpg\" alt=\"Tomi\u021b\u0103 Travel - Agen\u021bie de turism Foc\u0219ani\" width=\"1200\" height=\"200\"><\/a><a href=\"https:\/\/www.tomitatravel.ro\/\" target=\"blank\" class=\"td_spot_img_mob\"><img loading=\"lazy\" decoding=\"async\" src=\"https:\/\/www.jurnaldevrancea.ro\/wp\/wp-content\/uploads\/2023\/11\/BANNER-TOMITA_TRAVEL-Focsani-350x350-1.jpg\" alt=\"Tomi\u021b\u0103 Travel - Agen\u021bie de turism Foc\u0219ani\" width=\"300\" height=\"350\"><\/a><\/div>\n<\/div>\n<div class=\"td_block_wrap td-a-rec td-a-rec-id-custom-spot td-a-rec-img tdi_108 td_block_template_1\">\n<div><a href=\"https:\/\/www.dezromania.ro\/categorii\/category\/14-produse.html\" target=\"blank\" class=\"td_spot_img_all\"><img loading=\"lazy\" decoding=\"async\" src=\"https:\/\/www.jurnaldevrancea.ro\/wp\/wp-content\/uploads\/2023\/11\/Banner-1200x200-sipotehnokar-Auto-avariate-2025.jpg\" alt=\"spot_img\" width=\"1200\" height=\"200\"><\/a><a href=\"https:\/\/www.dezromania.ro\/categorii\/category\/14-produse.html\" target=\"blank\" class=\"td_spot_img_mob\"><img loading=\"lazy\" decoding=\"async\" src=\"https:\/\/www.jurnaldevrancea.ro\/wp\/wp-content\/uploads\/2023\/11\/Banner-Sipotehnokar-300xx220px-2025.jpg\" alt=\"spot_img\" width=\"300\" height=\"220\"><\/a><\/div>\n<\/div>\n<div class=\"td_block_wrap td-a-rec td-a-rec-id-custom-spot td-a-rec-img tdi_109 td_block_template_1\">\n<div><a href=\"https:\/\/haipromo.ro\/\" target=\"blank\" class=\"td_spot_img_all\"><img loading=\"lazy\" decoding=\"async\" src=\"https:\/\/www.jurnaldevrancea.ro\/wp\/wp-content\/uploads\/2024\/06\/banner-HAI-PROMO-1200x200px.jpg\" alt=\"HAI PROMO\" width=\"1200\" height=\"200\"><\/a><a href=\"https:\/\/haipromo.ro\/\" target=\"blank\" class=\"td_spot_img_mob\"><img loading=\"lazy\" decoding=\"async\" src=\"https:\/\/www.jurnaldevrancea.ro\/wp\/wp-content\/uploads\/2024\/06\/banner-HAI-PROMO-350x350px.jpg\" alt=\"HAI PROMO\" width=\"350\" height=\"350\"><\/a><\/div>\n<\/div>\n<\/div>\n<\/div>\n<div class=\"vc_column tdi_112  wpb_column vc_column_container tdc-column td-pb-span4\">\n<div class=\"wpb_wrapper\">\n<div class=\"wpb_wrapper td_block_wrap vc_widget_sidebar tdi_114 \">\n<aside id=\"custom_html-12\" class=\"widget_text td_block_template_1 widget custom_html-12 widget_custom_html\">\n<h4 class=\"block-title\"><span>\u2013 PUBLICITATE \u2013<\/span><\/h4>\n<div class=\"textwidget custom-html-widget\"><a href=\"https:\/\/www.facebook.com\/TractariAutoVranceaSOS24\"><source srcset=\"https:\/\/www.jurnaldevrancea.ro\/wp\/wp-content\/webp-express\/webp-images\/uploads\/2024\/11\/BANNER-sos-24-2024-300x300-px.jpg.webp\" type=\"image\/webp\" \/><\/a><a href=\"https:\/\/haipromo.ro\/\"><source srcset=\"https:\/\/www.jurnaldevrancea.ro\/wp\/wp-content\/webp-express\/webp-images\/uploads\/2024\/06\/banner-HAI-PROMO-350x350px.jpg.webp\" type=\"image\/webp\" \/><\/a><a href=\"https:\/\/www.facebook.com\/acnasygcons\"><source srcset=\"https:\/\/www.jurnaldevrancea.ro\/wp\/wp-content\/webp-express\/webp-images\/uploads\/2025\/08\/Banner-350x350px-Asyg-Consulting.jpg.webp\" type=\"image\/webp\" \/><\/a><\/div>\n<\/aside>\n<\/div>\n<div class=\"td_block_wrap tdb_single_tags tdi_115 td-pb-border-top td_block_template_1\" data-td-block-uid=\"tdi_115\">\n<div class=\"tdb-block-inner td-fix-index\">\n<ul class=\"tdb-tags\">\n<li><span>Tags<\/span><\/li>\n<li><a href=\"https:\/\/www.jurnaldevrancea.ro\/tag\/concedii-medicale-false\/\">concedii medicale false<\/a><\/li>\n<li><a href=\"https:\/\/www.jurnaldevrancea.ro\/tag\/medic-conctrol-judiciar\/\">medic conctrol judiciar<\/a><\/li>\n<\/ul>\n<\/div>\n<\/div>\n<div class=\"tdm_block td_block_wrap tdm_block_column_title tdi_116 tdm-content-horiz-center td-pb-border-top td_block_template_1\" data-td-block-uid=\"tdi_116\">\n<div class=\"td-block-row\">\n<div class=\"td-block-span12 tdm-col\">\n<div class=\"tds-title tds-title1 td-fix-index tdi_117 \">\n<h3 class=\"tdm-title tdm-title-md\">ARTICOLE SIMILARE<\/h3>\n<\/div>\n<\/div>\n<\/div>\n<\/div>\n<div class=\"td_block_wrap td_flex_block_1 tdi_118 td-pb-border-top td_block_template_1 td_flex_block\" data-td-block-uid=\"tdi_118\">\n<div id=\"tdi_118\" class=\"td_block_inner td-mc1-wrap\">\n<div class=\"td_module_flex td_module_flex_1 td_module_wrap td-animation-stack td-cpt-post\">\n<div class=\"td-module-container td-category-pos-above\">\n<div class=\"td-module-meta-info\"><a href=\"https:\/\/www.jurnaldevrancea.ro\/actualitate\/\" class=\"td-post-category\">Actualitate<\/a><\/p>\n<h3 class=\"entry-title td-module-title\"><a href=\"https:\/\/www.jurnaldevrancea.ro\/magia-craciunului-sarbatorita-printr-un-spectacol-inedit-de-clubului-copiilor-din-odobesti\/\" rel=\"bookmark\" title=\"\u201eMagia Cr\u0103ciunului\u201d \u2013 s\u0103rb\u0103torit\u0103 printr-un spectacol inedit de Clubului Copiilor din Odobe\u0219ti\">\u201eMagia Cr\u0103ciunului\u201d \u2013 s\u0103rb\u0103torit\u0103 printr-un spectacol inedit de Clubului Copiilor din Odobe\u0219ti<\/a><\/h3>\n<div class=\"td-excerpt\">Clubul Copiilor Odobe\u0219ti a fost, zilele trecute, gazda spectacolului \u201eMagia Cr\u0103ciunului\u201d, un eveniment artistic&#8230;<\/div>\n<\/div>\n<\/div>\n<\/div>\n<div class=\"td_module_flex td_module_flex_1 td_module_wrap td-animation-stack td-cpt-post\">\n<div class=\"td-module-container td-category-pos-above\">\n<div class=\"td-module-meta-info\"><a href=\"https:\/\/www.jurnaldevrancea.ro\/actualitate\/\" class=\"td-post-category\">Actualitate<\/a><\/p>\n<h3 class=\"entry-title td-module-title\"><a href=\"https:\/\/www.jurnaldevrancea.ro\/vreme-mai-calda-decat-normalul-perioadei-insa-ceata-ramane-principala-problema\/\" rel=\"bookmark\" title=\"Vreme mai cald\u0103 dec\u00e2t normalul perioadei \u00eens\u0103 cea\u021ba r\u0103m\u00e2ne principala problem\u0103\">Vreme mai cald\u0103 dec\u00e2t normalul perioadei \u00eens\u0103 cea\u021ba r\u0103m\u00e2ne principala problem\u0103<\/a><\/h3>\n<div class=\"td-excerpt\">Urm\u0103toarele zile vin cu temperaturi mai ridicate dec\u00e2t ar fi normal pentru aceast\u0103 perioad\u0103&#8230;<\/div>\n<\/div>\n<\/div>\n<\/div>\n<\/div>\n<\/div>\n<\/div>\n<\/div>\n<\/div>\n<\/div>\n<div id=\"tdi_119\" class=\"tdc-row\">\n<div class=\"vc_row tdi_120  wpb_row td-pb-row\">\n<div class=\"vc_column tdi_122  wpb_column vc_column_container tdc-column td-pb-span12\">\n<div class=\"wpb_wrapper\">\n<div class=\"tdm_block td_block_wrap tdm_block_column_title tdi_123 tdm-content-horiz-center td-pb-border-top td_block_template_1\" data-td-block-uid=\"tdi_123\">\n<div class=\"td-block-row\">\n<div class=\"td-block-span12 tdm-col\">\n<div class=\"tds-title tds-title1 td-fix-index tdi_124 \">\n<h3 class=\"tdm-title tdm-title-md\">ARTICOLE POPULARE<\/h3>\n<\/div>\n<\/div>\n<\/div>\n<\/div>\n<\/div>\n<\/div>\n<\/div>\n<\/div>\n<div id=\"tdi_125\" class=\"tdc-row\">\n<div class=\"vc_row tdi_126  wpb_row td-pb-row\">\n<div class=\"vc_column tdi_128  wpb_column vc_column_container tdc-column td-pb-span12\">\n<div class=\"wpb_wrapper\">\n<div class=\"td_block_wrap td_flex_block_1 tdi_129 td-pb-border-top td_block_template_1 td_flex_block\" data-td-block-uid=\"tdi_129\">\n<div id=\"tdi_129\" class=\"td_block_inner td-mc1-wrap\">\n<div class=\"td_module_flex td_module_flex_1 td_module_wrap td-animation-stack td-cpt-post\">\n<div class=\"td-module-container td-category-pos-above\">\n<div class=\"td-module-meta-info\"><a href=\"https:\/\/www.jurnaldevrancea.ro\/actualitate\/\" class=\"td-post-category\">Actualitate<\/a><\/p>\n<h3 class=\"entry-title td-module-title\"><a href=\"https:\/\/www.jurnaldevrancea.ro\/video-cum-s-a-produs-accidentul-de-azi-dimineata-din-focsani-cine-a-fost-de-vina-se-vede-clar-in-imagini\/\" rel=\"bookmark\" title=\"VIDEO Cum s-a produs accidentul de azi-diminea\u021b\u0103, din Foc\u0219ani! Cine a fost de vin\u0103\u2026 se vede clar \u00een imagini\">VIDEO Cum s-a produs accidentul de azi-diminea\u021b\u0103, din Foc\u0219ani! Cine a fost de vin\u0103\u2026 se vede clar \u00een imagini<\/a><\/h3>\n<div class=\"td-excerpt\">Avem imagini cu accidentul care s-a produs \u00een acest\u0103 diminea\u021b\u0103 la intersec\u021bia dintre Bulevardul&#8230;<\/div>\n<div class=\"td-editor-date\"><span class=\"td-author-date\"><span class=\"td-post-date\"><time class=\"entry-date updated td-module-date\" datetime=\"2025-12-08T13:33:31+02:00\">08\/12\/2025<\/time><\/span><\/span><\/div>\n<\/div>\n<\/div>\n<\/div>\n<div class=\"td_module_flex td_module_flex_1 td_module_wrap td-animation-stack td-cpt-post\">\n<div class=\"td-module-container td-category-pos-above\">\n<div class=\"td-module-meta-info\"><a href=\"https:\/\/www.jurnaldevrancea.ro\/actualitate\/\" class=\"td-post-category\">Actualitate<\/a><\/p>\n<h3 class=\"entry-title td-module-title\"><a href=\"https:\/\/www.jurnaldevrancea.ro\/alerta-epidemiologica-in-vrancea-doua-femei-sunt-internate-in-stare-grava-la-ati-cu-suspiciune-de-botulism\/\" rel=\"bookmark\" title=\"Alert\u0103 epidemiologic\u0103 \u00een Vrancea! Dou\u0103 femei sunt internate \u00een stare grav\u0103 la ATI cu suspiciune de botulism\">Alert\u0103 epidemiologic\u0103 \u00een Vrancea! Dou\u0103 femei sunt internate \u00een stare grav\u0103 la ATI cu suspiciune de botulism<\/a><\/h3>\n<div class=\"td-excerpt\">Dou\u0103 cazuri suspecte de botulism au fost raportate \u00een jude\u021bul Vrancea \u00een intervalul 10\u201311&#8230;<\/div>\n<div class=\"td-editor-date\"><span class=\"td-author-date\"><span class=\"td-post-date\"><time class=\"entry-date updated td-module-date\" datetime=\"2025-12-13T08:18:55+02:00\">13\/12\/2025<\/time><\/span><\/span><\/div>\n<\/div>\n<\/div>\n<\/div>\n<div class=\"td_module_flex td_module_flex_1 td_module_wrap td-animation-stack td-cpt-post\">\n<div class=\"td-module-container td-category-pos-above\">\n<div class=\"td-module-meta-info\"><a href=\"https:\/\/www.jurnaldevrancea.ro\/actualitate\/\" class=\"td-post-category\">Actualitate<\/a><\/p>\n<h3 class=\"entry-title td-module-title\"><a href=\"https:\/\/www.jurnaldevrancea.ro\/acum-accident-rutier-la-intersectia-doi-stejari-din-focsani-doua-autoturisme-implicate\/\" rel=\"bookmark\" title=\"ACUM Accident rutier la intersec\u021bia \u201eDoi Stejari\u201d din Foc\u0219ani! Dou\u0103 autoturisme implicate\">ACUM Accident rutier la intersec\u021bia \u201eDoi Stejari\u201d din Foc\u0219ani! Dou\u0103 autoturisme implicate<\/a><\/h3>\n<div class=\"td-excerpt\">Accidentul rutier s-a produs \u00een aceast\u0103 diminea\u021b\u0103, \u00een jurul orei 10.30, la intersec\u021bia dintre\u00a0Bulevardul&#8230;<\/div>\n<div class=\"td-editor-date\"><span class=\"td-author-date\"><span class=\"td-post-date\"><time class=\"entry-date updated td-module-date\" datetime=\"2025-12-08T10:53:58+02:00\">08\/12\/2025<\/time><\/span><\/span><\/div>\n<\/div>\n<\/div>\n<\/div>\n<\/div>\n<\/div>\n<\/div>\n<\/div>\n<\/div>\n<\/div>\n<\/div>\n<\/div>\n<p><span class=\"td-page-meta\"><\/span><span class=\"td-page-meta\"><span class=\"td-page-meta\"><\/span><\/span><span class=\"td-page-meta\"><\/span><\/article>\n<p> Source URL: https:\/\/www.jurnaldevrancea.ro\/un-medic-si-o-asistenta-pusi-sub-control-judiciar-ei-au-eliberat-concedii-medicale-false\/<\/p>\n","protected":false},"excerpt":{"rendered":"<p>Acas\u0103ActualitateUn medic \u015fi o asistent\u0103, pu\u0219i sub control judiciar. Ei au eliberat concedii medicale false ActualitateRegionalBac\u0103u Un medic \u015fi o asistent\u0103, pu\u0219i sub control judiciar. Ei au eliberat concedii medicale false DE:Alex Moldovan 11\/12\/2025 553 Facebook Twitter WhatsApp Imprimare Un medic \u015fi o asistent\u0103 medical\u0103 de la Unitatea de Primiri Urgen\u0163e (UPU) a Spitalului Jude\u0163ean [&hellip;]<\/p>\n","protected":false},"author":1,"featured_media":0,"comment_status":"open","ping_status":"","sticky":false,"template":"","format":"standard","meta":{"footnotes":""},"categories":[89],"tags":[207],"class_list":["post-1055279","post","type-post","status-publish","format-standard","hentry","category-romania","tag-jurnaldevrancea-ro"],"_links":{"self":[{"href":"https:\/\/analyse.optim.biz\/index.php?rest_route=\/wp\/v2\/posts\/1055279","targetHints":{"allow":["GET"]}}],"collection":[{"href":"https:\/\/analyse.optim.biz\/index.php?rest_route=\/wp\/v2\/posts"}],"about":[{"href":"https:\/\/analyse.optim.biz\/index.php?rest_route=\/wp\/v2\/types\/post"}],"author":[{"embeddable":true,"href":"https:\/\/analyse.optim.biz\/index.php?rest_route=\/wp\/v2\/users\/1"}],"replies":[{"embeddable":true,"href":"https:\/\/analyse.optim.biz\/index.php?rest_route=%2Fwp%2Fv2%2Fcomments&post=1055279"}],"version-history":[{"count":0,"href":"https:\/\/analyse.optim.biz\/index.php?rest_route=\/wp\/v2\/posts\/1055279\/revisions"}],"wp:attachment":[{"href":"https:\/\/analyse.optim.biz\/index.php?rest_route=%2Fwp%2Fv2%2Fmedia&parent=1055279"}],"wp:term":[{"taxonomy":"category","embeddable":true,"href":"https:\/\/analyse.optim.biz\/index.php?rest_route=%2Fwp%2Fv2%2Fcategories&post=1055279"},{"taxonomy":"post_tag","embeddable":true,"href":"https:\/\/analyse.optim.biz\/index.php?rest_route=%2Fwp%2Fv2%2Ftags&post=1055279"}],"curies":[{"name":"wp","href":"https:\/\/api.w.org\/{rel}","templated":true}]}}