{"id":1055274,"date":"2025-12-12T10:51:59","date_gmt":"2025-12-12T07:51:59","guid":{"rendered":"https:\/\/analyse.optim.biz\/?p=1055274"},"modified":"2025-12-12T10:51:59","modified_gmt":"2025-12-12T07:51:59","slug":"tumora-gigant-extirpata-intr-o-interventie-in-premiera-pentru-centrele-non-universitare-jurnal-de-vrancea-stiri-din-vrancea-si-focsani","status":"publish","type":"post","link":"https:\/\/analyse.optim.biz\/?p=1055274","title":{"rendered":"Tumor\u0103 gigant extirpat\u0103 \u00eentr-o interven\u0163ie \u00een premier\u0103 pentru centrele non-universitare | Jurnal de Vrancea &#8211; Stiri din Vrancea si Focsani"},"content":{"rendered":"<article id=\"template-id-121345\" class=\"post-121345 tdb_templates type-tdb_templates status-publish post\">\n<div id=\"tdi_73\" class=\"tdc-zone\">\n<div class=\"tdc_zone tdi_74  wpb_row td-pb-row\">\n<div id=\"tdi_75\" class=\"tdc-row\">\n<div class=\"vc_row tdi_76  wpb_row td-pb-row\">\n<div class=\"vc_column tdi_78  wpb_column vc_column_container tdc-column td-pb-span12\">\n<div class=\"wpb_wrapper\">\n<div class=\"td_block_wrap td-a-rec td-a-rec-id-custom-spot td-a-rec-img tdi_79 td_block_template_1\">\n<div><a href target=\"blank\" class=\"td_spot_img_all\"><img loading=\"lazy\" decoding=\"async\" src=\"https:\/\/www.jurnaldevrancea.ro\/wp\/wp-content\/uploads\/2024\/05\/Banner-AURORA-MULTIMARKET-1200x200px.jpg\" alt=\"spot_img\" width=\"1200\" height=\"200\"><\/a><a href target=\"blank\" class=\"td_spot_img_mob\"><img loading=\"lazy\" decoding=\"async\" src=\"https:\/\/www.jurnaldevrancea.ro\/wp\/wp-content\/uploads\/2024\/05\/Banner-AURORA-MULTIMARKET-350x350px.jpg\" alt=\"spot_img\" width=\"300\" height=\"350\"><\/a><\/div>\n<\/div>\n<\/div>\n<\/div>\n<\/div>\n<\/div>\n<div id=\"tdi_80\" class=\"tdc-row\">\n<div class=\"vc_row tdi_81  wpb_row td-pb-row\">\n<div class=\"vc_column tdi_83  wpb_column vc_column_container tdc-column td-pb-span12\">\n<div class=\"wpb_wrapper\">\n<div class=\"td_block_wrap tdb_breadcrumbs tdi_84 td-pb-border-top td_block_template_1 tdb-breadcrumbs \" data-td-block-uid=\"tdi_84\">\n<div class=\"tdb-block-inner td-fix-index\"><span><a title class=\"tdb-entry-crumb\" href=\"https:\/\/www.jurnaldevrancea.ro\/\">Acas\u0103<\/a><\/span><span><a title=\"Vede\u021bi toate articolele \u00een Actualitate\" class=\"tdb-entry-crumb\" href=\"https:\/\/www.jurnaldevrancea.ro\/actualitate\/\">Actualitate<\/a><\/span><span class=\"tdb-bred-no-url-last\">Tumor\u0103 gigant extirpat\u0103 \u00eentr-o interven\u0163ie \u00een premier\u0103 pentru centrele non-universitare<\/span><\/div>\n<\/div>\n<div class=\"td_block_wrap tdb_single_categories tdi_85 td-pb-border-top td_block_template_1 \" data-td-block-uid=\"tdi_85\">\n<div class=\"tdb-category td-fix-index\"><a class=\"tdb-entry-category\" href=\"https:\/\/www.jurnaldevrancea.ro\/actualitate\/\">Actualitate<\/a><a class=\"tdb-entry-category\" href=\"https:\/\/www.jurnaldevrancea.ro\/regional\/\">Regional<\/a><a class=\"tdb-entry-category\" href=\"https:\/\/www.jurnaldevrancea.ro\/regional\/bacau\/\">Bac\u0103u<\/a><\/div>\n<\/div>\n<div class=\"td_block_wrap tdb_title tdi_86 tdb-single-title td-pb-border-top td_block_template_1\" data-td-block-uid=\"tdi_86\">\n<div class=\"tdb-block-inner td-fix-index\">\n<h2 class=\"tdb-title-text\">Tumor\u0103 gigant extirpat\u0103 \u00eentr-o interven\u0163ie \u00een premier\u0103 pentru centrele non-universitare<\/h2>\n<\/div>\n<\/div>\n<div class=\"vc_row_inner tdi_88  vc_row vc_inner wpb_row td-pb-row\">\n<div class=\"vc_column_inner tdi_90  wpb_column vc_column_container tdc-inner-column td-pb-span3\">\n<div class=\"vc_column-inner\">\n<div class=\"wpb_wrapper\">\n<div class=\"td_block_wrap tdb_single_author tdi_91 td-pb-border-top td_block_template_1 tdb-post-meta\" data-td-block-uid=\"tdi_91\">\n<div class=\"tdb-block-inner td-fix-index\">\n<div class=\"tdb-author-name-wrap\"><span class=\"tdb-author-by\">DE:<\/span><a class=\"tdb-author-name\" href=\"https:\/\/www.jurnaldevrancea.ro\/author\/alex-moldovan\/\">Alex Moldovan<\/a><\/div>\n<\/div>\n<\/div>\n<\/div>\n<\/div>\n<\/div>\n<div class=\"vc_column_inner tdi_93  wpb_column vc_column_container tdc-inner-column td-pb-span3\">\n<div class=\"vc_column-inner\">\n<div class=\"wpb_wrapper\">\n<div class=\"td_block_wrap tdb_single_date tdi_94 td-pb-border-top td_block_template_1 tdb-post-meta\" data-td-block-uid=\"tdi_94\">\n<div class=\"tdb-block-inner td-fix-index\"><time class=\"entry-date updated td-module-date\" datetime=\"2025-12-12T12:51:59+02:00\">12\/12\/2025<\/time><\/div>\n<\/div>\n<\/div>\n<\/div>\n<\/div>\n<div class=\"vc_column_inner tdi_96  wpb_column vc_column_container tdc-inner-column td-pb-span3\">\n<div class=\"vc_column-inner\">\n<div class=\"wpb_wrapper\">\n<div class=\"td_block_wrap tdb_single_post_views tdi_97 td-pb-border-top td_block_template_1 tdb-post-meta\" data-td-block-uid=\"tdi_97\">\n<div class=\"tdb-block-inner td-fix-index\"><span class=\"td-nr-views-156479\">421<\/span><\/div>\n<\/div>\n<\/div>\n<\/div>\n<\/div>\n<div class=\"vc_column_inner tdi_99  wpb_column vc_column_container tdc-inner-column td-pb-span3\">\n<div class=\"vc_column-inner\">\n<div class=\"wpb_wrapper\">\n<div class=\"td_block_wrap tdb_single_post_share tdi_100  td-pb-border-top td_block_template_1\" data-td-block-uid=\"tdi_100\">\n<div id=\"tdi_100\" class=\"td-post-sharing tdb-block td-ps-bg td-ps-notext td-ps-bar td-post-sharing-style5 \">\n<div class=\"td-post-sharing-visible\"><a class=\"td-social-sharing-button td-social-sharing-button-js td-social-network td-social-facebook\" href=\"https:\/\/www.facebook.com\/sharer.php?u=https%3A%2F%2Fwww.jurnaldevrancea.ro%2Ftumora-gigant-extirpata-intr-o-interventie-in-premiera-pentru-centrele-non-universitare%2F\" title=\"Facebook\"><\/p>\n<div class=\"td-social-but-text\">Facebook<\/div>\n<p><\/a><a class=\"td-social-sharing-button td-social-sharing-button-js td-social-network td-social-twitter\" href=\"https:\/\/twitter.com\/intent\/tweet?text=Tumor%C4%83+gigant+extirpat%C4%83+%C3%AEntr-o+interven%C5%A3ie+%C3%AEn+premier%C4%83+pentru+centrele+non-universitare&amp;url=https%3A%2F%2Fwww.jurnaldevrancea.ro%2Ftumora-gigant-extirpata-intr-o-interventie-in-premiera-pentru-centrele-non-universitare%2F&amp;via=Jurnal+de+Vrancea+-+Stiri+din+Vrancea+si+Focsani\" title=\"Twitter\"><\/p>\n<div class=\"td-social-but-text\">Twitter<\/div>\n<p><\/a><a class=\"td-social-sharing-button td-social-sharing-button-js td-social-network td-social-whatsapp\" href=\"https:\/\/api.whatsapp.com\/send?text=Tumor%C4%83+gigant+extirpat%C4%83+%C3%AEntr-o+interven%C5%A3ie+%C3%AEn+premier%C4%83+pentru+centrele+non-universitare%20%0A%0A%20https:\/\/www.jurnaldevrancea.ro\/tumora-gigant-extirpata-intr-o-interventie-in-premiera-pentru-centrele-non-universitare\/\" title=\"WhatsApp\"><\/p>\n<div class=\"td-social-but-text\">WhatsApp<\/div>\n<p><\/a><a class=\"td-social-sharing-button td-social-sharing-button-js td-social-network td-social-print\" href=\"https:\/\/www.jurnaldevrancea.ro\/tumora-gigant-extirpata-intr-o-interventie-in-premiera-pentru-centrele-non-universitare\/\" title=\"Imprimare\"><\/p>\n<div class=\"td-social-but-text\">Imprimare<\/div>\n<p><\/a><\/div>\n<\/div>\n<\/div>\n<\/div>\n<\/div>\n<\/div>\n<\/div>\n<\/div>\n<\/div>\n<\/div>\n<\/div>\n<div id=\"tdi_101\" class=\"tdc-row\">\n<div class=\"vc_row tdi_102  wpb_row td-pb-row\">\n<div class=\"vc_column tdi_104  wpb_column vc_column_container tdc-column td-pb-span8\">\n<div class=\"wpb_wrapper\">\n<div class=\"td_block_wrap tdb_single_featured_image tdi_105 tdb-content-horiz-left td-pb-border-top td_block_template_1\" data-td-block-uid=\"tdi_105\">\n<div class=\"tdb-block-inner td-fix-index\"><img loading=\"lazy\" decoding=\"async\" width=\"600\" height=\"800\" class=\"entry-thumb\" src=\"https:\/\/www.jurnaldevrancea.ro\/wp\/wp-content\/uploads\/2020\/02\/operatie-tiroida6.jpg\" alt title=\"operatie-tiroida6\"><\/div>\n<\/div>\n<div class=\"td_block_wrap tdb_single_content tdi_106 td-pb-border-top td_block_template_1 td-post-content tagdiv-type\" data-td-block-uid=\"tdi_106\">\n<div class=\"tdb-block-inner td-fix-index\">\n<p>O echip\u0103 de medici din cadrul Sec\u0163iei de Chirurgie \u015fi Ortopedie Pediatric\u0103 a Spitalului Jude\u0163ean de Urgen\u0163\u0103 (SJU) Bac\u0103u a realizat o interven\u0163ie chirurgical\u0103 \u00een premier\u0103 pentru centrele non-universitare din \u0163ar\u0103, fiind vorba despre extirparea unei tumori gigant, de circa 4,2 kilograme, de la un pacient \u00een v\u00e2rst\u0103 de 16 ani.<\/p>\n<p>Potrivit reprezentan\u0163ilor spitalului, interven\u0163ia a fost minim invaziv\u0103, dar dimensiunile excep\u0163ionale ale tumorii au reprezentat o provocare chirurgical\u0103 major\u0103.<\/p>\n<p><strong>\u201eOpera\u0163ia a fost realizat\u0103 laparoscopic, \u00eentr-un mod minim invaziv, \u015fi a constat \u00een \u00eendep\u0103rtarea tumorii, \u00eempreun\u0103 cu polul superior al splinei, p\u0103str\u00e2nd, \u00een acela\u015fi timp, polul inferior splenic. Aceast\u0103 abordare conservatoare, de men\u0163inere a unei p\u0103r\u0163i din splin\u0103, are ca obiectiv reducerea riscului de infec\u0163ii grave post-splenectomie, cauzate de germeni, precum Streptococcus pneumoniae, Neisseria meningitidis sau Haemophilus influenzae\u201d<\/strong>, a declarat medicul \u015fef al Sec\u0163iei Chirurgie \u015fi Ortopedie Pediatric\u0103, doctorul Mihai-Codrin Galinescu.<\/p>\n<p>Interven\u0163ia a avut loc \u00een noul bloc operator, complet renovat \u015fi dotat la cele mai \u00eenalte standarde, unitate \u00een care sunt disponibile echipamente laparoscopice de ultim\u0103 genera\u0163ie, instrumente dedicate chirurgiei minim invazive pediatrice, iluminare, vizualizare \u015fi ergonomie de nivel european, condi\u0163ii de siguran\u0163\u0103 \u015fi sterilizare optimizate.<\/p>\n<p>Procedura a fost realizat\u0103 de o echip\u0103 chirurgical\u0103, anestezic\u0103 \u015fi de terapie intensiv\u0103 pediatric\u0103.<\/p>\n<p>Pacientul a avut o evolu\u0163ie post-operatorie foarte bun\u0103 \u015fi f\u0103r\u0103 complica\u0163ii.<\/p>\n<\/div>\n<\/div>\n<div class=\"td_block_wrap td-a-rec td-a-rec-id-custom-spot td-a-rec-img tdi_107 td_block_template_1\">\n<div><a href=\"https:\/\/www.tomitatravel.ro\/\" target=\"blank\" class=\"td_spot_img_all\"><img loading=\"lazy\" decoding=\"async\" src=\"https:\/\/www.jurnaldevrancea.ro\/wp\/wp-content\/uploads\/2023\/11\/BANNER-TOMITA_TRAVEL-Focsani-1200x200-1.jpg\" alt=\"Tomi\u021b\u0103 Travel - Agen\u021bie de turism Foc\u0219ani\" width=\"1200\" height=\"200\"><\/a><a href=\"https:\/\/www.tomitatravel.ro\/\" target=\"blank\" class=\"td_spot_img_mob\"><img loading=\"lazy\" decoding=\"async\" src=\"https:\/\/www.jurnaldevrancea.ro\/wp\/wp-content\/uploads\/2023\/11\/BANNER-TOMITA_TRAVEL-Focsani-350x350-1.jpg\" alt=\"Tomi\u021b\u0103 Travel - Agen\u021bie de turism Foc\u0219ani\" width=\"300\" height=\"350\"><\/a><\/div>\n<\/div>\n<div class=\"td_block_wrap td-a-rec td-a-rec-id-custom-spot td-a-rec-img tdi_108 td_block_template_1\">\n<div><a href=\"https:\/\/www.dezromania.ro\/categorii\/category\/14-produse.html\" target=\"blank\" class=\"td_spot_img_all\"><img loading=\"lazy\" decoding=\"async\" src=\"https:\/\/www.jurnaldevrancea.ro\/wp\/wp-content\/uploads\/2023\/11\/Banner-1200x200-sipotehnokar-Auto-avariate-2025.jpg\" alt=\"spot_img\" width=\"1200\" height=\"200\"><\/a><a href=\"https:\/\/www.dezromania.ro\/categorii\/category\/14-produse.html\" target=\"blank\" class=\"td_spot_img_mob\"><img loading=\"lazy\" decoding=\"async\" src=\"https:\/\/www.jurnaldevrancea.ro\/wp\/wp-content\/uploads\/2023\/11\/Banner-Sipotehnokar-300xx220px-2025.jpg\" alt=\"spot_img\" width=\"300\" height=\"220\"><\/a><\/div>\n<\/div>\n<div class=\"td_block_wrap td-a-rec td-a-rec-id-custom-spot td-a-rec-img tdi_109 td_block_template_1\">\n<div><a href=\"https:\/\/haipromo.ro\/\" target=\"blank\" class=\"td_spot_img_all\"><img loading=\"lazy\" decoding=\"async\" src=\"https:\/\/www.jurnaldevrancea.ro\/wp\/wp-content\/uploads\/2024\/06\/banner-HAI-PROMO-1200x200px.jpg\" alt=\"HAI PROMO\" width=\"1200\" height=\"200\"><\/a><a href=\"https:\/\/haipromo.ro\/\" target=\"blank\" class=\"td_spot_img_mob\"><img loading=\"lazy\" decoding=\"async\" src=\"https:\/\/www.jurnaldevrancea.ro\/wp\/wp-content\/uploads\/2024\/06\/banner-HAI-PROMO-350x350px.jpg\" alt=\"HAI PROMO\" width=\"350\" height=\"350\"><\/a><\/div>\n<\/div>\n<\/div>\n<\/div>\n<div class=\"vc_column tdi_112  wpb_column vc_column_container tdc-column td-pb-span4\">\n<div class=\"wpb_wrapper\">\n<div class=\"wpb_wrapper td_block_wrap vc_widget_sidebar tdi_114 \">\n<aside id=\"custom_html-12\" class=\"widget_text td_block_template_1 widget custom_html-12 widget_custom_html\">\n<h4 class=\"block-title\"><span>\u2013 PUBLICITATE \u2013<\/span><\/h4>\n<div class=\"textwidget custom-html-widget\"><a href=\"https:\/\/www.facebook.com\/TractariAutoVranceaSOS24\"><source srcset=\"https:\/\/www.jurnaldevrancea.ro\/wp\/wp-content\/webp-express\/webp-images\/uploads\/2024\/11\/BANNER-sos-24-2024-300x300-px.jpg.webp\" type=\"image\/webp\" \/><\/a><a href=\"https:\/\/haipromo.ro\/\"><source srcset=\"https:\/\/www.jurnaldevrancea.ro\/wp\/wp-content\/webp-express\/webp-images\/uploads\/2024\/06\/banner-HAI-PROMO-350x350px.jpg.webp\" type=\"image\/webp\" \/><\/a><a href=\"https:\/\/www.facebook.com\/acnasygcons\"><source srcset=\"https:\/\/www.jurnaldevrancea.ro\/wp\/wp-content\/webp-express\/webp-images\/uploads\/2025\/08\/Banner-350x350px-Asyg-Consulting.jpg.webp\" type=\"image\/webp\" \/><\/a><\/div>\n<\/aside>\n<\/div>\n<div class=\"td_block_wrap tdb_single_tags tdi_115 td-pb-border-top td_block_template_1\" data-td-block-uid=\"tdi_115\">\n<div class=\"tdb-block-inner td-fix-index\">\n<ul class=\"tdb-tags\">\n<li><span>Tags<\/span><\/li>\n<li><a href=\"https:\/\/www.jurnaldevrancea.ro\/tag\/operatie\/\">operatie<\/a><\/li>\n<li><a href=\"https:\/\/www.jurnaldevrancea.ro\/tag\/spital-bacau\/\">spital bacau<\/a><\/li>\n<li><a href=\"https:\/\/www.jurnaldevrancea.ro\/tag\/tumora-gigant\/\">tumora gigant<\/a><\/li>\n<\/ul>\n<\/div>\n<\/div>\n<div class=\"tdm_block td_block_wrap tdm_block_column_title tdi_116 tdm-content-horiz-center td-pb-border-top td_block_template_1\" data-td-block-uid=\"tdi_116\">\n<div class=\"td-block-row\">\n<div class=\"td-block-span12 tdm-col\">\n<div class=\"tds-title tds-title1 td-fix-index tdi_117 \">\n<h3 class=\"tdm-title tdm-title-md\">ARTICOLE SIMILARE<\/h3>\n<\/div>\n<\/div>\n<\/div>\n<\/div>\n<div class=\"td_block_wrap td_flex_block_1 tdi_118 td-pb-border-top td_block_template_1 td_flex_block\" data-td-block-uid=\"tdi_118\">\n<div id=\"tdi_118\" class=\"td_block_inner td-mc1-wrap\">\n<div class=\"td_module_flex td_module_flex_1 td_module_wrap td-animation-stack td-cpt-post\">\n<div class=\"td-module-container td-category-pos-above\">\n<div class=\"td-module-meta-info\"><a href=\"https:\/\/www.jurnaldevrancea.ro\/actualitate\/\" class=\"td-post-category\">Actualitate<\/a><\/p>\n<h3 class=\"entry-title td-module-title\"><a href=\"https:\/\/www.jurnaldevrancea.ro\/magia-craciunului-sarbatorita-printr-un-spectacol-inedit-de-clubului-copiilor-din-odobesti\/\" rel=\"bookmark\" title=\"\u201eMagia Cr\u0103ciunului\u201d \u2013 s\u0103rb\u0103torit\u0103 printr-un spectacol inedit de Clubului Copiilor din Odobe\u0219ti\">\u201eMagia Cr\u0103ciunului\u201d \u2013 s\u0103rb\u0103torit\u0103 printr-un spectacol inedit de Clubului Copiilor din Odobe\u0219ti<\/a><\/h3>\n<div class=\"td-excerpt\">Clubul Copiilor Odobe\u0219ti a fost, zilele trecute, gazda spectacolului \u201eMagia Cr\u0103ciunului\u201d, un eveniment artistic&#8230;<\/div>\n<\/div>\n<\/div>\n<\/div>\n<div class=\"td_module_flex td_module_flex_1 td_module_wrap td-animation-stack td-cpt-post\">\n<div class=\"td-module-container td-category-pos-above\">\n<div class=\"td-module-meta-info\"><a href=\"https:\/\/www.jurnaldevrancea.ro\/actualitate\/\" class=\"td-post-category\">Actualitate<\/a><\/p>\n<h3 class=\"entry-title td-module-title\"><a href=\"https:\/\/www.jurnaldevrancea.ro\/vreme-mai-calda-decat-normalul-perioadei-insa-ceata-ramane-principala-problema\/\" rel=\"bookmark\" title=\"Vreme mai cald\u0103 dec\u00e2t normalul perioadei \u00eens\u0103 cea\u021ba r\u0103m\u00e2ne principala problem\u0103\">Vreme mai cald\u0103 dec\u00e2t normalul perioadei \u00eens\u0103 cea\u021ba r\u0103m\u00e2ne principala problem\u0103<\/a><\/h3>\n<div class=\"td-excerpt\">Urm\u0103toarele zile vin cu temperaturi mai ridicate dec\u00e2t ar fi normal pentru aceast\u0103 perioad\u0103&#8230;<\/div>\n<\/div>\n<\/div>\n<\/div>\n<\/div>\n<\/div>\n<\/div>\n<\/div>\n<\/div>\n<\/div>\n<div id=\"tdi_119\" class=\"tdc-row\">\n<div class=\"vc_row tdi_120  wpb_row td-pb-row\">\n<div class=\"vc_column tdi_122  wpb_column vc_column_container tdc-column td-pb-span12\">\n<div class=\"wpb_wrapper\">\n<div class=\"tdm_block td_block_wrap tdm_block_column_title tdi_123 tdm-content-horiz-center td-pb-border-top td_block_template_1\" data-td-block-uid=\"tdi_123\">\n<div class=\"td-block-row\">\n<div class=\"td-block-span12 tdm-col\">\n<div class=\"tds-title tds-title1 td-fix-index tdi_124 \">\n<h3 class=\"tdm-title tdm-title-md\">ARTICOLE POPULARE<\/h3>\n<\/div>\n<\/div>\n<\/div>\n<\/div>\n<\/div>\n<\/div>\n<\/div>\n<\/div>\n<div id=\"tdi_125\" class=\"tdc-row\">\n<div class=\"vc_row tdi_126  wpb_row td-pb-row\">\n<div class=\"vc_column tdi_128  wpb_column vc_column_container tdc-column td-pb-span12\">\n<div class=\"wpb_wrapper\">\n<div class=\"td_block_wrap td_flex_block_1 tdi_129 td-pb-border-top td_block_template_1 td_flex_block\" data-td-block-uid=\"tdi_129\">\n<div id=\"tdi_129\" class=\"td_block_inner td-mc1-wrap\">\n<div class=\"td_module_flex td_module_flex_1 td_module_wrap td-animation-stack td-cpt-post\">\n<div class=\"td-module-container td-category-pos-above\">\n<div class=\"td-module-meta-info\"><a href=\"https:\/\/www.jurnaldevrancea.ro\/actualitate\/\" class=\"td-post-category\">Actualitate<\/a><\/p>\n<h3 class=\"entry-title td-module-title\"><a href=\"https:\/\/www.jurnaldevrancea.ro\/video-cum-s-a-produs-accidentul-de-azi-dimineata-din-focsani-cine-a-fost-de-vina-se-vede-clar-in-imagini\/\" rel=\"bookmark\" title=\"VIDEO Cum s-a produs accidentul de azi-diminea\u021b\u0103, din Foc\u0219ani! Cine a fost de vin\u0103\u2026 se vede clar \u00een imagini\">VIDEO Cum s-a produs accidentul de azi-diminea\u021b\u0103, din Foc\u0219ani! Cine a fost de vin\u0103\u2026 se vede clar \u00een imagini<\/a><\/h3>\n<div class=\"td-excerpt\">Avem imagini cu accidentul care s-a produs \u00een acest\u0103 diminea\u021b\u0103 la intersec\u021bia dintre Bulevardul&#8230;<\/div>\n<div class=\"td-editor-date\"><span class=\"td-author-date\"><span class=\"td-post-date\"><time class=\"entry-date updated td-module-date\" datetime=\"2025-12-08T13:33:31+02:00\">08\/12\/2025<\/time><\/span><\/span><\/div>\n<\/div>\n<\/div>\n<\/div>\n<div class=\"td_module_flex td_module_flex_1 td_module_wrap td-animation-stack td-cpt-post\">\n<div class=\"td-module-container td-category-pos-above\">\n<div class=\"td-module-meta-info\"><a href=\"https:\/\/www.jurnaldevrancea.ro\/actualitate\/\" class=\"td-post-category\">Actualitate<\/a><\/p>\n<h3 class=\"entry-title td-module-title\"><a href=\"https:\/\/www.jurnaldevrancea.ro\/alerta-epidemiologica-in-vrancea-doua-femei-sunt-internate-in-stare-grava-la-ati-cu-suspiciune-de-botulism\/\" rel=\"bookmark\" title=\"Alert\u0103 epidemiologic\u0103 \u00een Vrancea! Dou\u0103 femei sunt internate \u00een stare grav\u0103 la ATI cu suspiciune de botulism\">Alert\u0103 epidemiologic\u0103 \u00een Vrancea! Dou\u0103 femei sunt internate \u00een stare grav\u0103 la ATI cu suspiciune de botulism<\/a><\/h3>\n<div class=\"td-excerpt\">Dou\u0103 cazuri suspecte de botulism au fost raportate \u00een jude\u021bul Vrancea \u00een intervalul 10\u201311&#8230;<\/div>\n<div class=\"td-editor-date\"><span class=\"td-author-date\"><span class=\"td-post-date\"><time class=\"entry-date updated td-module-date\" datetime=\"2025-12-13T08:18:55+02:00\">13\/12\/2025<\/time><\/span><\/span><\/div>\n<\/div>\n<\/div>\n<\/div>\n<div class=\"td_module_flex td_module_flex_1 td_module_wrap td-animation-stack td-cpt-post\">\n<div class=\"td-module-container td-category-pos-above\">\n<div class=\"td-module-meta-info\"><a href=\"https:\/\/www.jurnaldevrancea.ro\/actualitate\/\" class=\"td-post-category\">Actualitate<\/a><\/p>\n<h3 class=\"entry-title td-module-title\"><a href=\"https:\/\/www.jurnaldevrancea.ro\/acum-accident-rutier-la-intersectia-doi-stejari-din-focsani-doua-autoturisme-implicate\/\" rel=\"bookmark\" title=\"ACUM Accident rutier la intersec\u021bia \u201eDoi Stejari\u201d din Foc\u0219ani! Dou\u0103 autoturisme implicate\">ACUM Accident rutier la intersec\u021bia \u201eDoi Stejari\u201d din Foc\u0219ani! Dou\u0103 autoturisme implicate<\/a><\/h3>\n<div class=\"td-excerpt\">Accidentul rutier s-a produs \u00een aceast\u0103 diminea\u021b\u0103, \u00een jurul orei 10.30, la intersec\u021bia dintre\u00a0Bulevardul&#8230;<\/div>\n<div class=\"td-editor-date\"><span class=\"td-author-date\"><span class=\"td-post-date\"><time class=\"entry-date updated td-module-date\" datetime=\"2025-12-08T10:53:58+02:00\">08\/12\/2025<\/time><\/span><\/span><\/div>\n<\/div>\n<\/div>\n<\/div>\n<\/div>\n<\/div>\n<\/div>\n<\/div>\n<\/div>\n<\/div>\n<\/div>\n<\/div>\n<p><span class=\"td-page-meta\"><\/span><span class=\"td-page-meta\"><span class=\"td-page-meta\"><\/span><\/span><span class=\"td-page-meta\"><\/span><\/article>\n<p> Source URL: https:\/\/www.jurnaldevrancea.ro\/tumora-gigant-extirpata-intr-o-interventie-in-premiera-pentru-centrele-non-universitare\/<\/p>\n","protected":false},"excerpt":{"rendered":"<p>Acas\u0103ActualitateTumor\u0103 gigant extirpat\u0103 \u00eentr-o interven\u0163ie \u00een premier\u0103 pentru centrele non-universitare ActualitateRegionalBac\u0103u Tumor\u0103 gigant extirpat\u0103 \u00eentr-o interven\u0163ie \u00een premier\u0103 pentru centrele non-universitare DE:Alex Moldovan 12\/12\/2025 421 Facebook Twitter WhatsApp Imprimare O echip\u0103 de medici din cadrul Sec\u0163iei de Chirurgie \u015fi Ortopedie Pediatric\u0103 a Spitalului Jude\u0163ean de Urgen\u0163\u0103 (SJU) Bac\u0103u a realizat o interven\u0163ie chirurgical\u0103 \u00een premier\u0103 [&hellip;]<\/p>\n","protected":false},"author":1,"featured_media":0,"comment_status":"open","ping_status":"","sticky":false,"template":"","format":"standard","meta":{"footnotes":""},"categories":[89],"tags":[207],"class_list":["post-1055274","post","type-post","status-publish","format-standard","hentry","category-romania","tag-jurnaldevrancea-ro"],"_links":{"self":[{"href":"https:\/\/analyse.optim.biz\/index.php?rest_route=\/wp\/v2\/posts\/1055274","targetHints":{"allow":["GET"]}}],"collection":[{"href":"https:\/\/analyse.optim.biz\/index.php?rest_route=\/wp\/v2\/posts"}],"about":[{"href":"https:\/\/analyse.optim.biz\/index.php?rest_route=\/wp\/v2\/types\/post"}],"author":[{"embeddable":true,"href":"https:\/\/analyse.optim.biz\/index.php?rest_route=\/wp\/v2\/users\/1"}],"replies":[{"embeddable":true,"href":"https:\/\/analyse.optim.biz\/index.php?rest_route=%2Fwp%2Fv2%2Fcomments&post=1055274"}],"version-history":[{"count":0,"href":"https:\/\/analyse.optim.biz\/index.php?rest_route=\/wp\/v2\/posts\/1055274\/revisions"}],"wp:attachment":[{"href":"https:\/\/analyse.optim.biz\/index.php?rest_route=%2Fwp%2Fv2%2Fmedia&parent=1055274"}],"wp:term":[{"taxonomy":"category","embeddable":true,"href":"https:\/\/analyse.optim.biz\/index.php?rest_route=%2Fwp%2Fv2%2Fcategories&post=1055274"},{"taxonomy":"post_tag","embeddable":true,"href":"https:\/\/analyse.optim.biz\/index.php?rest_route=%2Fwp%2Fv2%2Ftags&post=1055274"}],"curies":[{"name":"wp","href":"https:\/\/api.w.org\/{rel}","templated":true}]}}