{"id":1055269,"date":"2025-12-06T04:05:44","date_gmt":"2025-12-06T01:05:44","guid":{"rendered":"https:\/\/analyse.optim.biz\/?p=1055269"},"modified":"2025-12-06T04:05:44","modified_gmt":"2025-12-06T01:05:44","slug":"aproape-200-de-locuri-de-munca-vacante-in-judetul-vrancea-alte-305-de-posturi-sunt-disponibile-in-spatiul-economic-european-jurnal-de-vrancea-stiri-din-vrancea-si-focsani","status":"publish","type":"post","link":"https:\/\/analyse.optim.biz\/?p=1055269","title":{"rendered":"Aproape 200 de locuri de munc\u0103 vacante \u00een jude\u021bul Vrancea! Alte 305 de posturi sunt disponibile \u00een spa\u021biul economic european | Jurnal de Vrancea &#8211; Stiri din Vrancea si Focsani"},"content":{"rendered":"<article id=\"template-id-121345\" class=\"post-121345 tdb_templates type-tdb_templates status-publish post\">\n<div id=\"tdi_73\" class=\"tdc-zone\">\n<div class=\"tdc_zone tdi_74  wpb_row td-pb-row\">\n<div id=\"tdi_75\" class=\"tdc-row\">\n<div class=\"vc_row tdi_76  wpb_row td-pb-row\">\n<div class=\"vc_column tdi_78  wpb_column vc_column_container tdc-column td-pb-span12\">\n<div class=\"wpb_wrapper\">\n<div class=\"td_block_wrap td-a-rec td-a-rec-id-custom-spot td-a-rec-img tdi_79 td_block_template_1\">\n<div><a href target=\"blank\" class=\"td_spot_img_all\"><img loading=\"lazy\" decoding=\"async\" src=\"https:\/\/www.jurnaldevrancea.ro\/wp\/wp-content\/uploads\/2024\/05\/Banner-AURORA-MULTIMARKET-1200x200px.jpg\" alt=\"spot_img\" width=\"1200\" height=\"200\"><\/a><a href target=\"blank\" class=\"td_spot_img_mob\"><img loading=\"lazy\" decoding=\"async\" src=\"https:\/\/www.jurnaldevrancea.ro\/wp\/wp-content\/uploads\/2024\/05\/Banner-AURORA-MULTIMARKET-350x350px.jpg\" alt=\"spot_img\" width=\"300\" height=\"350\"><\/a><\/div>\n<\/div>\n<\/div>\n<\/div>\n<\/div>\n<\/div>\n<div id=\"tdi_80\" class=\"tdc-row\">\n<div class=\"vc_row tdi_81  wpb_row td-pb-row\">\n<div class=\"vc_column tdi_83  wpb_column vc_column_container tdc-column td-pb-span12\">\n<div class=\"wpb_wrapper\">\n<div class=\"td_block_wrap tdb_breadcrumbs tdi_84 td-pb-border-top td_block_template_1 tdb-breadcrumbs \" data-td-block-uid=\"tdi_84\">\n<div class=\"tdb-block-inner td-fix-index\"><span><a title class=\"tdb-entry-crumb\" href=\"https:\/\/www.jurnaldevrancea.ro\/\">Acas\u0103<\/a><\/span><span><a title=\"Vede\u021bi toate articolele \u00een Actualitate\" class=\"tdb-entry-crumb\" href=\"https:\/\/www.jurnaldevrancea.ro\/actualitate\/\">Actualitate<\/a><\/span><span class=\"tdb-bred-no-url-last\">Aproape 200 de locuri de munc\u0103 vacante \u00een jude\u021bul Vrancea! Alte 305 de posturi sunt disponibile&#8230;<\/span><\/div>\n<\/div>\n<div class=\"td_block_wrap tdb_single_categories tdi_85 td-pb-border-top td_block_template_1 \" data-td-block-uid=\"tdi_85\">\n<div class=\"tdb-category td-fix-index\"><a class=\"tdb-entry-category\" href=\"https:\/\/www.jurnaldevrancea.ro\/actualitate\/\">Actualitate<\/a><a class=\"tdb-entry-category\" href=\"https:\/\/www.jurnaldevrancea.ro\/social\/\">Social<\/a><a class=\"tdb-entry-category\" href=\"https:\/\/www.jurnaldevrancea.ro\/util\/\">Util<\/a><\/div>\n<\/div>\n<div class=\"td_block_wrap tdb_title tdi_86 tdb-single-title td-pb-border-top td_block_template_1\" data-td-block-uid=\"tdi_86\">\n<div class=\"tdb-block-inner td-fix-index\">\n<h2 class=\"tdb-title-text\">Aproape 200 de locuri de munc\u0103 vacante \u00een jude\u021bul Vrancea! Alte 305 de posturi sunt disponibile \u00een spa\u021biul economic european<\/h2>\n<\/div>\n<\/div>\n<div class=\"vc_row_inner tdi_88  vc_row vc_inner wpb_row td-pb-row\">\n<div class=\"vc_column_inner tdi_90  wpb_column vc_column_container tdc-inner-column td-pb-span3\">\n<div class=\"vc_column-inner\">\n<div class=\"wpb_wrapper\">\n<div class=\"td_block_wrap tdb_single_author tdi_91 td-pb-border-top td_block_template_1 tdb-post-meta\" data-td-block-uid=\"tdi_91\">\n<div class=\"tdb-block-inner td-fix-index\">\n<div class=\"tdb-author-name-wrap\"><span class=\"tdb-author-by\">DE:<\/span><a class=\"tdb-author-name\" href=\"https:\/\/www.jurnaldevrancea.ro\/author\/alex-moldovan\/\">Alex Moldovan<\/a><\/div>\n<\/div>\n<\/div>\n<\/div>\n<\/div>\n<\/div>\n<div class=\"vc_column_inner tdi_93  wpb_column vc_column_container tdc-inner-column td-pb-span3\">\n<div class=\"vc_column-inner\">\n<div class=\"wpb_wrapper\">\n<div class=\"td_block_wrap tdb_single_date tdi_94 td-pb-border-top td_block_template_1 tdb-post-meta\" data-td-block-uid=\"tdi_94\">\n<div class=\"tdb-block-inner td-fix-index\"><time class=\"entry-date updated td-module-date\" datetime=\"2025-12-06T06:05:44+02:00\">06\/12\/2025<\/time><\/div>\n<\/div>\n<\/div>\n<\/div>\n<\/div>\n<div class=\"vc_column_inner tdi_96  wpb_column vc_column_container tdc-inner-column td-pb-span3\">\n<div class=\"vc_column-inner\">\n<div class=\"wpb_wrapper\">\n<div class=\"td_block_wrap tdb_single_post_views tdi_97 td-pb-border-top td_block_template_1 tdb-post-meta\" data-td-block-uid=\"tdi_97\">\n<div class=\"tdb-block-inner td-fix-index\"><span class=\"td-nr-views-156238\">135<\/span><\/div>\n<\/div>\n<\/div>\n<\/div>\n<\/div>\n<div class=\"vc_column_inner tdi_99  wpb_column vc_column_container tdc-inner-column td-pb-span3\">\n<div class=\"vc_column-inner\">\n<div class=\"wpb_wrapper\">\n<div class=\"td_block_wrap tdb_single_post_share tdi_100  td-pb-border-top td_block_template_1\" data-td-block-uid=\"tdi_100\">\n<div id=\"tdi_100\" class=\"td-post-sharing tdb-block td-ps-bg td-ps-notext td-ps-bar td-post-sharing-style5 \">\n<div class=\"td-post-sharing-visible\"><a class=\"td-social-sharing-button td-social-sharing-button-js td-social-network td-social-facebook\" href=\"https:\/\/www.facebook.com\/sharer.php?u=https%3A%2F%2Fwww.jurnaldevrancea.ro%2Faproape-200-de-locuri-de-munca-vacante-in-judetul-vrancea-alte-305-de-posturi-sunt-disponibile-in-spatiul-economic-european%2F\" title=\"Facebook\"><\/p>\n<div class=\"td-social-but-text\">Facebook<\/div>\n<p><\/a><a class=\"td-social-sharing-button td-social-sharing-button-js td-social-network td-social-twitter\" href=\"https:\/\/twitter.com\/intent\/tweet?text=Aproape+200+de+locuri+de+munc%C4%83+vacante+%C3%AEn+jude%C8%9Bul+Vrancea%21+Alte+305+de+posturi+sunt+disponibile+%C3%AEn+spa%C8%9Biul+economic+european&amp;url=https%3A%2F%2Fwww.jurnaldevrancea.ro%2Faproape-200-de-locuri-de-munca-vacante-in-judetul-vrancea-alte-305-de-posturi-sunt-disponibile-in-spatiul-economic-european%2F&amp;via=Jurnal+de+Vrancea+-+Stiri+din+Vrancea+si+Focsani\" title=\"Twitter\"><\/p>\n<div class=\"td-social-but-text\">Twitter<\/div>\n<p><\/a><a class=\"td-social-sharing-button td-social-sharing-button-js td-social-network td-social-whatsapp\" href=\"https:\/\/api.whatsapp.com\/send?text=Aproape+200+de+locuri+de+munc%C4%83+vacante+%C3%AEn+jude%C8%9Bul+Vrancea%21+Alte+305+de+posturi+sunt+disponibile+%C3%AEn+spa%C8%9Biul+economic+european%20%0A%0A%20https:\/\/www.jurnaldevrancea.ro\/aproape-200-de-locuri-de-munca-vacante-in-judetul-vrancea-alte-305-de-posturi-sunt-disponibile-in-spatiul-economic-european\/\" title=\"WhatsApp\"><\/p>\n<div class=\"td-social-but-text\">WhatsApp<\/div>\n<p><\/a><a class=\"td-social-sharing-button td-social-sharing-button-js td-social-network td-social-print\" href=\"https:\/\/www.jurnaldevrancea.ro\/aproape-200-de-locuri-de-munca-vacante-in-judetul-vrancea-alte-305-de-posturi-sunt-disponibile-in-spatiul-economic-european\/\" title=\"Imprimare\"><\/p>\n<div class=\"td-social-but-text\">Imprimare<\/div>\n<p><\/a><\/div>\n<\/div>\n<\/div>\n<\/div>\n<\/div>\n<\/div>\n<\/div>\n<\/div>\n<\/div>\n<\/div>\n<\/div>\n<div id=\"tdi_101\" class=\"tdc-row\">\n<div class=\"vc_row tdi_102  wpb_row td-pb-row\">\n<div class=\"vc_column tdi_104  wpb_column vc_column_container tdc-column td-pb-span8\">\n<div class=\"wpb_wrapper\">\n<div class=\"td_block_wrap tdb_single_featured_image tdi_105 tdb-content-horiz-left td-pb-border-top td_block_template_1\" data-td-block-uid=\"tdi_105\">\n<div class=\"tdb-block-inner td-fix-index\"><img loading=\"lazy\" decoding=\"async\" width=\"696\" height=\"500\" class=\"entry-thumb\" src=\"https:\/\/www.jurnaldevrancea.ro\/wp\/wp-content\/uploads\/2025\/12\/locuri-de-munca-696x500.jpg\" alt title=\"locuri de munca\"><\/div>\n<\/div>\n<div class=\"td_block_wrap tdb_single_content tdi_106 td-pb-border-top td_block_template_1 td-post-content tagdiv-type\" data-td-block-uid=\"tdi_106\">\n<div class=\"tdb-block-inner td-fix-index\">\n<p data-start=\"103\" data-end=\"500\">Agen\u021bia Jude\u021bean\u0103 pentru Ocuparea For\u021bei de Munc\u0103 (AJOFM) Vrancea a publicat lista actualizat\u0103 a locurilor de munc\u0103 vacante, oferind \u0219anse variate at\u00e2t pentru persoanele aflate \u00een c\u0103utarea unui job \u00een jude\u021b, c\u00e2t \u0219i pentru cele interesate de oportunit\u0103\u021bi \u00een \u021b\u0103rile din Comunitatea Economic\u0103 European\u0103 (CEE). \u00cen total, sunt disponibile <strong data-start=\"437\" data-end=\"466\">190 de posturi \u00een Vrancea<\/strong> \u0219i <strong data-start=\"470\" data-end=\"499\">305 \u00een statele membre CEE<\/strong>.<\/p>\n<h3 data-start=\"502\" data-end=\"548\"><strong data-start=\"506\" data-end=\"548\">Locuri de munc\u0103 disponibile \u00een Vrancea<\/strong><\/h3>\n<p data-start=\"550\" data-end=\"689\">Cele mai multe oportunit\u0103\u021bi sunt \u00een domeniile tehnice, comerciale \u0219i HoReCa. Printre posturile cu cele mai multe locuri libere se num\u0103r\u0103:<\/p>\n<ul data-start=\"690\" data-end=\"1054\">\n<li data-start=\"690\" data-end=\"742\">\n<p data-start=\"692\" data-end=\"742\"><strong data-start=\"692\" data-end=\"740\">Sudor manual cu flac\u0103r\u0103 de gaze \u2013 20 posturi<\/strong><\/p>\n<\/li>\n<li data-start=\"743\" data-end=\"782\">\n<p data-start=\"745\" data-end=\"782\"><strong data-start=\"745\" data-end=\"780\">Lucr\u0103tor comercial \u2013 14 posturi<\/strong><\/p>\n<\/li>\n<li data-start=\"783\" data-end=\"851\">\n<p data-start=\"785\" data-end=\"851\"><strong data-start=\"785\" data-end=\"849\">Muncitor necalificat \u00een construc\u021bii \u0219i finisaje \u2013 11 posturi<\/strong><\/p>\n<\/li>\n<li data-start=\"852\" data-end=\"879\">\n<p data-start=\"854\" data-end=\"879\"><strong data-start=\"854\" data-end=\"877\">Buc\u0103tar \u2013 9 posturi<\/strong><\/p>\n<\/li>\n<li data-start=\"880\" data-end=\"930\">\n<p data-start=\"882\" data-end=\"930\"><strong data-start=\"882\" data-end=\"928\">\u0218ofer autoturisme \u0219i camionete \u2013 8 posturi<\/strong><\/p>\n<\/li>\n<li data-start=\"931\" data-end=\"994\">\n<p data-start=\"933\" data-end=\"994\"><strong data-start=\"933\" data-end=\"992\">Muncitor necalificat la asamblarea pieselor \u2013 8 posturi<\/strong><\/p>\n<\/li>\n<li data-start=\"995\" data-end=\"1029\">\n<p data-start=\"997\" data-end=\"1029\"><strong data-start=\"997\" data-end=\"1027\">Ajutor buc\u0103tar \u2013 7 posturi<\/strong><\/p>\n<\/li>\n<li data-start=\"1030\" data-end=\"1054\">\n<p data-start=\"1032\" data-end=\"1054\"><strong data-start=\"1032\" data-end=\"1054\">Casier \u2013 7 posturi<\/strong><\/p>\n<\/li>\n<\/ul>\n<p data-start=\"1056\" data-end=\"1452\">Lista continu\u0103 cu posturi c\u0103utate de angajatori \u00een diverse domenii:<br data-start=\"1123\" data-end=\"1126\">agent cur\u0103\u021benie (6), manipulant m\u0103rfuri (6), mecanic auto (6), v\u00e2nz\u0103tor (6), responsabil proces (5), operator la ma\u0219ini-unelte CNC (5), contabil (4), excavatorist (4), osp\u0103tar (4), reprezentant comercial (4), specialist marketing (3), operator la ma\u0219ini de laminat (3), instalator re\u021bele termice \u0219i sanitare (3) \u0219i barman (3).<\/p>\n<p data-start=\"1454\" data-end=\"1756\">Sunt disponibile \u0219i c\u00e2te <strong data-start=\"1479\" data-end=\"1495\">dou\u0103 posturi<\/strong> pentru: agent de v\u00e2nz\u0103ri, buc\u0103tar-\u0219ef, comerciant v\u00e2nz\u0103tor m\u0103rfuri nealimentare, desenator, inginer geodez, manager sisteme de transport, muncitor necalificat \u00een construc\u021bii, operator introducere date, programator fabrica\u021bie, patiser, psiholog \u0219i tehnician IT.<\/p>\n<p data-start=\"1758\" data-end=\"2159\">De asemenea, exist\u0103 <strong data-start=\"1778\" data-end=\"1795\">posturi unice<\/strong> precum: tehnician mecanic, stivuitorist, specialist SIG\/IT, sp\u0103l\u0103tor auto, secretar\u0103, \u0219ef unitate de lucru, recep\u021bionist, operator ma\u0219ini-unelte semiautomate, muncitor \u00een metalurgie, manager logistic, manager general, instalator tehnico-sanitar, inspector specialitate, inginer agronom, gestionar depozit, electrician, dulgher \u0219i bibliotecar cu studii superioare.<\/p>\n<h3 data-start=\"2161\" data-end=\"2201\"><strong data-start=\"2165\" data-end=\"2201\">Oportunit\u0103\u021bi \u00een spa\u021biul european<\/strong><\/h3>\n<p data-start=\"2203\" data-end=\"2425\">Pentru cei interesa\u021bi s\u0103 lucreze \u00een afara \u021b\u0103rii, oferta AJOFM Vrancea include <strong data-start=\"2281\" data-end=\"2324\">305 locuri de munc\u0103 \u00een 11 \u021b\u0103ri europene<\/strong>: Germania, Italia, Norvegia, Irlanda, Austria, Suedia, Olanda, Slovenia, Danemarca, Fran\u021ba \u0219i Malta. Posturile disponibile variaz\u0103 \u00een func\u021bie de domeniu \u0219i calificare, printre cele mai solicitate fiind:<\/p>\n<ul>\n<li data-start=\"2533\" data-end=\"2548\"><strong>fizioterapeut<\/strong><\/li>\n<li data-start=\"2551\" data-end=\"2581\"><strong>lucr\u0103tor \u00een industria c\u0103rnii<\/strong><\/li>\n<li data-start=\"2584\" data-end=\"2602\"><strong>\u0219ofer de autobuz<\/strong><\/li>\n<li data-start=\"2605\" data-end=\"2614\"><strong>buc\u0103tar<\/strong><\/li>\n<li data-start=\"2617\" data-end=\"2652\"><strong>lucr\u0103tor \u00een prelucrarea somonului<\/strong><\/li>\n<li data-start=\"2655\" data-end=\"2664\"><strong>mecanic<\/strong><\/li>\n<li data-start=\"2667\" data-end=\"2680\"><strong>electrician<\/strong><\/li>\n<li data-start=\"2683\" data-end=\"2704\"><strong>operatori de proces<\/strong><\/li>\n<li data-start=\"2707\" data-end=\"2726\"><strong>personal de punte<\/strong><\/li>\n<li data-start=\"2729\" data-end=\"2739\"><strong>timonier<\/strong><\/li>\n<li data-start=\"2742\" data-end=\"2758\"><strong>finisor fa\u021bade<\/strong><\/li>\n<li data-start=\"2761\" data-end=\"2783\"><strong>muncitor la demol\u0103ri<\/strong><\/li>\n<li data-start=\"2786\" data-end=\"2812\"><strong>administrator sisteme IT<\/strong><\/li>\n<\/ul>\n<p data-start=\"2814\" data-end=\"2943\">Salariile difer\u0103 \u00een func\u021bie de \u021bar\u0103 \u0219i specializare, fiind exprimate \u00een euro, coroane norvegiene (NOK) sau coroane suedeze (SEK).<\/p>\n<p data-start=\"2995\" data-end=\"3231\">Persoanele interesate pot afla detalii suplimentare despre oferta locurilor de munc\u0103 contact\u00e2nd AJOFM Vrancea la numerele: <strong data-start=\"3120\" data-end=\"3135\">0237 224677<\/strong> \u0219i <strong data-start=\"3139\" data-end=\"3154\">0237 224678<\/strong>, prin e-mail la <strong data-start=\"3173\" data-end=\"3194\"><a class=\"decorated-link cursor-pointer\" rel=\"noopener\" data-start=\"3175\" data-end=\"3192\">ajofm@vn.anofm.ro<\/a><\/strong>, sau acces\u00e2nd site-ul institu\u021biei.<\/p>\n<\/div>\n<\/div>\n<div class=\"td_block_wrap td-a-rec td-a-rec-id-custom-spot td-a-rec-img tdi_107 td_block_template_1\">\n<div><a href=\"https:\/\/www.tomitatravel.ro\/\" target=\"blank\" class=\"td_spot_img_all\"><img loading=\"lazy\" decoding=\"async\" src=\"https:\/\/www.jurnaldevrancea.ro\/wp\/wp-content\/uploads\/2023\/11\/BANNER-TOMITA_TRAVEL-Focsani-1200x200-1.jpg\" alt=\"Tomi\u021b\u0103 Travel - Agen\u021bie de turism Foc\u0219ani\" width=\"1200\" height=\"200\"><\/a><a href=\"https:\/\/www.tomitatravel.ro\/\" target=\"blank\" class=\"td_spot_img_mob\"><img loading=\"lazy\" decoding=\"async\" src=\"https:\/\/www.jurnaldevrancea.ro\/wp\/wp-content\/uploads\/2023\/11\/BANNER-TOMITA_TRAVEL-Focsani-350x350-1.jpg\" alt=\"Tomi\u021b\u0103 Travel - Agen\u021bie de turism Foc\u0219ani\" width=\"300\" height=\"350\"><\/a><\/div>\n<\/div>\n<div class=\"td_block_wrap td-a-rec td-a-rec-id-custom-spot td-a-rec-img tdi_108 td_block_template_1\">\n<div><a href=\"https:\/\/www.dezromania.ro\/categorii\/category\/14-produse.html\" target=\"blank\" class=\"td_spot_img_all\"><img loading=\"lazy\" decoding=\"async\" src=\"https:\/\/www.jurnaldevrancea.ro\/wp\/wp-content\/uploads\/2023\/11\/Banner-1200x200-sipotehnokar-Auto-avariate-2025.jpg\" alt=\"spot_img\" width=\"1200\" height=\"200\"><\/a><a href=\"https:\/\/www.dezromania.ro\/categorii\/category\/14-produse.html\" target=\"blank\" class=\"td_spot_img_mob\"><img loading=\"lazy\" decoding=\"async\" src=\"https:\/\/www.jurnaldevrancea.ro\/wp\/wp-content\/uploads\/2023\/11\/Banner-Sipotehnokar-300xx220px-2025.jpg\" alt=\"spot_img\" width=\"300\" height=\"220\"><\/a><\/div>\n<\/div>\n<div class=\"td_block_wrap td-a-rec td-a-rec-id-custom-spot td-a-rec-img tdi_109 td_block_template_1\">\n<div><a href=\"https:\/\/haipromo.ro\/\" target=\"blank\" class=\"td_spot_img_all\"><img loading=\"lazy\" decoding=\"async\" src=\"https:\/\/www.jurnaldevrancea.ro\/wp\/wp-content\/uploads\/2024\/06\/banner-HAI-PROMO-1200x200px.jpg\" alt=\"HAI PROMO\" width=\"1200\" height=\"200\"><\/a><a href=\"https:\/\/haipromo.ro\/\" target=\"blank\" class=\"td_spot_img_mob\"><img loading=\"lazy\" decoding=\"async\" src=\"https:\/\/www.jurnaldevrancea.ro\/wp\/wp-content\/uploads\/2024\/06\/banner-HAI-PROMO-350x350px.jpg\" alt=\"HAI PROMO\" width=\"350\" height=\"350\"><\/a><\/div>\n<\/div>\n<\/div>\n<\/div>\n<div class=\"vc_column tdi_112  wpb_column vc_column_container tdc-column td-pb-span4\">\n<div class=\"wpb_wrapper\">\n<div class=\"wpb_wrapper td_block_wrap vc_widget_sidebar tdi_114 \">\n<aside id=\"custom_html-12\" class=\"widget_text td_block_template_1 widget custom_html-12 widget_custom_html\">\n<h4 class=\"block-title\"><span>\u2013 PUBLICITATE \u2013<\/span><\/h4>\n<div class=\"textwidget custom-html-widget\"><a href=\"https:\/\/www.facebook.com\/TractariAutoVranceaSOS24\"><source srcset=\"https:\/\/www.jurnaldevrancea.ro\/wp\/wp-content\/webp-express\/webp-images\/uploads\/2024\/11\/BANNER-sos-24-2024-300x300-px.jpg.webp\" type=\"image\/webp\" \/><\/a><a href=\"https:\/\/haipromo.ro\/\"><source srcset=\"https:\/\/www.jurnaldevrancea.ro\/wp\/wp-content\/webp-express\/webp-images\/uploads\/2024\/06\/banner-HAI-PROMO-350x350px.jpg.webp\" type=\"image\/webp\" \/><\/a><a href=\"https:\/\/www.facebook.com\/acnasygcons\"><source srcset=\"https:\/\/www.jurnaldevrancea.ro\/wp\/wp-content\/webp-express\/webp-images\/uploads\/2025\/08\/Banner-350x350px-Asyg-Consulting.jpg.webp\" type=\"image\/webp\" \/><\/a><\/div>\n<\/aside>\n<\/div>\n<div class=\"tdm_block td_block_wrap tdm_block_column_title tdi_116 tdm-content-horiz-center td-pb-border-top td_block_template_1\" data-td-block-uid=\"tdi_116\">\n<div class=\"td-block-row\">\n<div class=\"td-block-span12 tdm-col\">\n<div class=\"tds-title tds-title1 td-fix-index tdi_117 \">\n<h3 class=\"tdm-title tdm-title-md\">ARTICOLE SIMILARE<\/h3>\n<\/div>\n<\/div>\n<\/div>\n<\/div>\n<div class=\"td_block_wrap td_flex_block_1 tdi_118 td-pb-border-top td_block_template_1 td_flex_block\" data-td-block-uid=\"tdi_118\">\n<div id=\"tdi_118\" class=\"td_block_inner td-mc1-wrap\">\n<div class=\"td_module_flex td_module_flex_1 td_module_wrap td-animation-stack td-cpt-post\">\n<div class=\"td-module-container td-category-pos-above\">\n<div class=\"td-module-meta-info\"><a href=\"https:\/\/www.jurnaldevrancea.ro\/actualitate\/\" class=\"td-post-category\">Actualitate<\/a><\/p>\n<h3 class=\"entry-title td-module-title\"><a href=\"https:\/\/www.jurnaldevrancea.ro\/magia-craciunului-sarbatorita-printr-un-spectacol-inedit-de-clubului-copiilor-din-odobesti\/\" rel=\"bookmark\" title=\"\u201eMagia Cr\u0103ciunului\u201d \u2013 s\u0103rb\u0103torit\u0103 printr-un spectacol inedit de Clubului Copiilor din Odobe\u0219ti\">\u201eMagia Cr\u0103ciunului\u201d \u2013 s\u0103rb\u0103torit\u0103 printr-un spectacol inedit de Clubului Copiilor din Odobe\u0219ti<\/a><\/h3>\n<div class=\"td-excerpt\">Clubul Copiilor Odobe\u0219ti a fost, zilele trecute, gazda spectacolului \u201eMagia Cr\u0103ciunului\u201d, un eveniment artistic&#8230;<\/div>\n<\/div>\n<\/div>\n<\/div>\n<div class=\"td_module_flex td_module_flex_1 td_module_wrap td-animation-stack td-cpt-post\">\n<div class=\"td-module-container td-category-pos-above\">\n<div class=\"td-module-meta-info\"><a href=\"https:\/\/www.jurnaldevrancea.ro\/actualitate\/\" class=\"td-post-category\">Actualitate<\/a><\/p>\n<h3 class=\"entry-title td-module-title\"><a href=\"https:\/\/www.jurnaldevrancea.ro\/vreme-mai-calda-decat-normalul-perioadei-insa-ceata-ramane-principala-problema\/\" rel=\"bookmark\" title=\"Vreme mai cald\u0103 dec\u00e2t normalul perioadei \u00eens\u0103 cea\u021ba r\u0103m\u00e2ne principala problem\u0103\">Vreme mai cald\u0103 dec\u00e2t normalul perioadei \u00eens\u0103 cea\u021ba r\u0103m\u00e2ne principala problem\u0103<\/a><\/h3>\n<div class=\"td-excerpt\">Urm\u0103toarele zile vin cu temperaturi mai ridicate dec\u00e2t ar fi normal pentru aceast\u0103 perioad\u0103&#8230;<\/div>\n<\/div>\n<\/div>\n<\/div>\n<\/div>\n<\/div>\n<\/div>\n<\/div>\n<\/div>\n<\/div>\n<div id=\"tdi_119\" class=\"tdc-row\">\n<div class=\"vc_row tdi_120  wpb_row td-pb-row\">\n<div class=\"vc_column tdi_122  wpb_column vc_column_container tdc-column td-pb-span12\">\n<div class=\"wpb_wrapper\">\n<div class=\"tdm_block td_block_wrap tdm_block_column_title tdi_123 tdm-content-horiz-center td-pb-border-top td_block_template_1\" data-td-block-uid=\"tdi_123\">\n<div class=\"td-block-row\">\n<div class=\"td-block-span12 tdm-col\">\n<div class=\"tds-title tds-title1 td-fix-index tdi_124 \">\n<h3 class=\"tdm-title tdm-title-md\">ARTICOLE POPULARE<\/h3>\n<\/div>\n<\/div>\n<\/div>\n<\/div>\n<\/div>\n<\/div>\n<\/div>\n<\/div>\n<div id=\"tdi_125\" class=\"tdc-row\">\n<div class=\"vc_row tdi_126  wpb_row td-pb-row\">\n<div class=\"vc_column tdi_128  wpb_column vc_column_container tdc-column td-pb-span12\">\n<div class=\"wpb_wrapper\">\n<div class=\"td_block_wrap td_flex_block_1 tdi_129 td-pb-border-top td_block_template_1 td_flex_block\" data-td-block-uid=\"tdi_129\">\n<div id=\"tdi_129\" class=\"td_block_inner td-mc1-wrap\">\n<div class=\"td_module_flex td_module_flex_1 td_module_wrap td-animation-stack td-cpt-post\">\n<div class=\"td-module-container td-category-pos-above\">\n<div class=\"td-module-meta-info\"><a href=\"https:\/\/www.jurnaldevrancea.ro\/actualitate\/\" class=\"td-post-category\">Actualitate<\/a><\/p>\n<h3 class=\"entry-title td-module-title\"><a href=\"https:\/\/www.jurnaldevrancea.ro\/video-cum-s-a-produs-accidentul-de-azi-dimineata-din-focsani-cine-a-fost-de-vina-se-vede-clar-in-imagini\/\" rel=\"bookmark\" title=\"VIDEO Cum s-a produs accidentul de azi-diminea\u021b\u0103, din Foc\u0219ani! Cine a fost de vin\u0103\u2026 se vede clar \u00een imagini\">VIDEO Cum s-a produs accidentul de azi-diminea\u021b\u0103, din Foc\u0219ani! Cine a fost de vin\u0103\u2026 se vede clar \u00een imagini<\/a><\/h3>\n<div class=\"td-excerpt\">Avem imagini cu accidentul care s-a produs \u00een acest\u0103 diminea\u021b\u0103 la intersec\u021bia dintre Bulevardul&#8230;<\/div>\n<div class=\"td-editor-date\"><span class=\"td-author-date\"><span class=\"td-post-date\"><time class=\"entry-date updated td-module-date\" datetime=\"2025-12-08T13:33:31+02:00\">08\/12\/2025<\/time><\/span><\/span><\/div>\n<\/div>\n<\/div>\n<\/div>\n<div class=\"td_module_flex td_module_flex_1 td_module_wrap td-animation-stack td-cpt-post\">\n<div class=\"td-module-container td-category-pos-above\">\n<div class=\"td-module-meta-info\"><a href=\"https:\/\/www.jurnaldevrancea.ro\/actualitate\/\" class=\"td-post-category\">Actualitate<\/a><\/p>\n<h3 class=\"entry-title td-module-title\"><a href=\"https:\/\/www.jurnaldevrancea.ro\/alerta-epidemiologica-in-vrancea-doua-femei-sunt-internate-in-stare-grava-la-ati-cu-suspiciune-de-botulism\/\" rel=\"bookmark\" title=\"Alert\u0103 epidemiologic\u0103 \u00een Vrancea! Dou\u0103 femei sunt internate \u00een stare grav\u0103 la ATI cu suspiciune de botulism\">Alert\u0103 epidemiologic\u0103 \u00een Vrancea! Dou\u0103 femei sunt internate \u00een stare grav\u0103 la ATI cu suspiciune de botulism<\/a><\/h3>\n<div class=\"td-excerpt\">Dou\u0103 cazuri suspecte de botulism au fost raportate \u00een jude\u021bul Vrancea \u00een intervalul 10\u201311&#8230;<\/div>\n<div class=\"td-editor-date\"><span class=\"td-author-date\"><span class=\"td-post-date\"><time class=\"entry-date updated td-module-date\" datetime=\"2025-12-13T08:18:55+02:00\">13\/12\/2025<\/time><\/span><\/span><\/div>\n<\/div>\n<\/div>\n<\/div>\n<div class=\"td_module_flex td_module_flex_1 td_module_wrap td-animation-stack td-cpt-post\">\n<div class=\"td-module-container td-category-pos-above\">\n<div class=\"td-module-meta-info\"><a href=\"https:\/\/www.jurnaldevrancea.ro\/actualitate\/\" class=\"td-post-category\">Actualitate<\/a><\/p>\n<h3 class=\"entry-title td-module-title\"><a href=\"https:\/\/www.jurnaldevrancea.ro\/acum-accident-rutier-la-intersectia-doi-stejari-din-focsani-doua-autoturisme-implicate\/\" rel=\"bookmark\" title=\"ACUM Accident rutier la intersec\u021bia \u201eDoi Stejari\u201d din Foc\u0219ani! Dou\u0103 autoturisme implicate\">ACUM Accident rutier la intersec\u021bia \u201eDoi Stejari\u201d din Foc\u0219ani! Dou\u0103 autoturisme implicate<\/a><\/h3>\n<div class=\"td-excerpt\">Accidentul rutier s-a produs \u00een aceast\u0103 diminea\u021b\u0103, \u00een jurul orei 10.30, la intersec\u021bia dintre\u00a0Bulevardul&#8230;<\/div>\n<div class=\"td-editor-date\"><span class=\"td-author-date\"><span class=\"td-post-date\"><time class=\"entry-date updated td-module-date\" datetime=\"2025-12-08T10:53:58+02:00\">08\/12\/2025<\/time><\/span><\/span><\/div>\n<\/div>\n<\/div>\n<\/div>\n<\/div>\n<\/div>\n<\/div>\n<\/div>\n<\/div>\n<\/div>\n<\/div>\n<\/div>\n<p><span class=\"td-page-meta\"><\/span><span class=\"td-page-meta\"><span class=\"td-page-meta\"><\/span><\/span><span class=\"td-page-meta\"><\/span><\/article>\n<p> Source URL: https:\/\/www.jurnaldevrancea.ro\/aproape-200-de-locuri-de-munca-vacante-in-judetul-vrancea-alte-305-de-posturi-sunt-disponibile-in-spatiul-economic-european\/<\/p>\n","protected":false},"excerpt":{"rendered":"<p>Acas\u0103ActualitateAproape 200 de locuri de munc\u0103 vacante \u00een jude\u021bul Vrancea! Alte 305 de posturi sunt disponibile&#8230; ActualitateSocialUtil Aproape 200 de locuri de munc\u0103 vacante \u00een jude\u021bul Vrancea! Alte 305 de posturi sunt disponibile \u00een spa\u021biul economic european DE:Alex Moldovan 06\/12\/2025 135 Facebook Twitter WhatsApp Imprimare Agen\u021bia Jude\u021bean\u0103 pentru Ocuparea For\u021bei de Munc\u0103 (AJOFM) Vrancea a [&hellip;]<\/p>\n","protected":false},"author":1,"featured_media":0,"comment_status":"open","ping_status":"","sticky":false,"template":"","format":"standard","meta":{"footnotes":""},"categories":[89],"tags":[207],"class_list":["post-1055269","post","type-post","status-publish","format-standard","hentry","category-romania","tag-jurnaldevrancea-ro"],"_links":{"self":[{"href":"https:\/\/analyse.optim.biz\/index.php?rest_route=\/wp\/v2\/posts\/1055269","targetHints":{"allow":["GET"]}}],"collection":[{"href":"https:\/\/analyse.optim.biz\/index.php?rest_route=\/wp\/v2\/posts"}],"about":[{"href":"https:\/\/analyse.optim.biz\/index.php?rest_route=\/wp\/v2\/types\/post"}],"author":[{"embeddable":true,"href":"https:\/\/analyse.optim.biz\/index.php?rest_route=\/wp\/v2\/users\/1"}],"replies":[{"embeddable":true,"href":"https:\/\/analyse.optim.biz\/index.php?rest_route=%2Fwp%2Fv2%2Fcomments&post=1055269"}],"version-history":[{"count":0,"href":"https:\/\/analyse.optim.biz\/index.php?rest_route=\/wp\/v2\/posts\/1055269\/revisions"}],"wp:attachment":[{"href":"https:\/\/analyse.optim.biz\/index.php?rest_route=%2Fwp%2Fv2%2Fmedia&parent=1055269"}],"wp:term":[{"taxonomy":"category","embeddable":true,"href":"https:\/\/analyse.optim.biz\/index.php?rest_route=%2Fwp%2Fv2%2Fcategories&post=1055269"},{"taxonomy":"post_tag","embeddable":true,"href":"https:\/\/analyse.optim.biz\/index.php?rest_route=%2Fwp%2Fv2%2Ftags&post=1055269"}],"curies":[{"name":"wp","href":"https:\/\/api.w.org\/{rel}","templated":true}]}}