{"id":1054568,"date":"2025-12-14T01:46:08","date_gmt":"2025-12-13T22:46:08","guid":{"rendered":"https:\/\/analyse.optim.biz\/?p=1054568"},"modified":"2025-12-14T01:46:08","modified_gmt":"2025-12-13T22:46:08","slug":"cinci-perchezitii-ale-polistilor-din-suceava-in-trei-judete-si-in-bucuresti-fraude-cu-masini-de-lux-imaginare","status":"publish","type":"post","link":"https:\/\/analyse.optim.biz\/?p=1054568","title":{"rendered":"Cinci perchezi\u0163ii ale poli\u015ftilor din Suceava \u00een trei jude\u0163e \u015fi \u00een Bucure\u015fti. Fraude cu ma\u015fini de lux imaginare"},"content":{"rendered":"<div class=\"entry-content\">\n<p class=\"western\" align=\"justify\"><span><img decoding=\"async\" loading=\"lazy\" class=\"alignright size-medium wp-image-312768\" src=\"https:\/\/suceavanews.ro\/wp-content\/uploads\/2022\/11\/perchezitii-stiri-botosani-300x225.jpg\" alt=\"\" width=\"300\" height=\"225\">Poli\u021bi\u0219tii Serviciului de Investigare a Criminalit\u0103\u0163ii Economice din cadrul I.P.J. Suceava, sub coordonarea procurorului de caz din cadrul Parchetului de pe l\u00e2ng\u0103 Judec\u0103toria Suceava, au pus \u00een executare, vineri, cinci mandate de perchezi\u0163ie domiciliar\u0103 emise de Judec\u0103toria Suceava, \u00een cadrul unui dosar penal privind fapte de \u00een\u0219el\u0103ciune.<\/span><\/p>\n<p align=\"justify\"><span><span>Perchezi\u0163iile au fdost efectuate de c\u0103tre poli\u021bi\u0219ti pe raza jude\u021belor Salaj, Ilfov, Teleorman \u0219i municipiul Bucure\u0219ti \u00een vederea identific\u0103rii autorului faptelor \u0219i pentru asigurarea materialului probator \u00eentr-un dosar penal av\u00e2nd ca obiect comiterea de infrac\u0163iuni de \u00een\u0219el\u0103ciune, cu mod de operare \u00een mediul on-line.<\/span><\/span><\/p>\n<p align=\"justify\"><span><span>Din cercet\u0103rile efectuate de c\u0103tre poli\u021bi\u0219tii Serviciului de Investigare a Criminalit\u0103\u0163ii Economice \u2013 I.P.J. Suceava, sub coordonarea Parchetului de pe l\u00e2ng\u0103 Judec\u0103toria Suceava, s-a stabilit c\u0103 \u00een perioada ianuarie \u2013 februarie 2025, un b\u0103rbat, prezent\u00e2ndu-se f\u0103r\u0103 drept \u00een calitate de administrator al unei societ\u0103\u021bi specializat\u0103 \u00een v\u00e2nzarea autovehiculelor de lux a publicat pe internet, pe site-urile specializate, anun\u021buri prin care oferea spre v\u00e2nzare autoturisme de lux, prezent\u00e2nd ca adev\u0103rat faptul mincinos c\u0103 ar de\u021bine aceste autoturisme \u00eentr-o loca\u021bie din jude\u021bul Neamt. <\/span><\/span><\/p>\n<p align=\"justify\"><span><span>Dup\u0103 ce negocia pre\u021bul de v\u00e2nzare cu viitorii clien\u021bi \u0219i poten\u021bialele victime, autorul \u00eencasa de la ace\u0219tia suma de 2.500 lei, ce constituia o tax\u0103 de re\u021binere a autoturismului, dup\u0103 care \u00eenceta orice comunicare cu ace\u0219tia, scopul fiind de a ob\u021bine pentru sine un folos material injust \u0219i a prejudicia persoanele v\u0103t\u0103mate.<\/span><\/span><\/p>\n<p align=\"justify\"><span><span>\u00cen urma efectu\u0103rii perchezi\u021biilor au fost identificate \u015fi ridicate \u00een vederea continu\u0103rii cercet\u0103rilor inscrtisuri, carduri bancare \u015fi alte mijloace materiale de prob\u0103 ce intereseaz\u0103 cauza, necesare stabilirii unui prejudiciu cert \u0219i eligibil c\u00e2t \u0219i pentru probarea activit\u0103\u021bii infrac\u021bionale. Totodat\u0103 poli\u021bi\u0219tii au identificat persoana b\u0103nuit\u0103 de comiterea faptelor, respectiv un b\u0103rbat de 40 de ani, cu domiciliul \u00een comuna Bujoru, jude\u0163ul Teleorman, cunoscut pentru comiterea unor fapte similare, \u00een prezent acesta fiind arestat intr-o alt\u0103 cauz\u0103.<\/span><\/span><\/p>\n<p align=\"justify\"><span><span>Cercet\u0103rile sunt continuate de c\u0103tre poli\u021bi\u0219tii Serviciului de Investigare a Criminalit\u0103\u0163ii Economice din cadrul I.P.J. Suceava, sub coordonarea procurorului de caz din cadrul Parchetului de pe l\u00e2ng\u0103 Judec\u0103toria Suceava, sub aspectul comiterii infrac\u021biunii de insel\u0103ciune,<\/span><\/span><\/p>\n<\/div>\n","protected":false},"excerpt":{"rendered":"<p>Poli\u021bi\u0219tii Serviciului de Investigare a Criminalit\u0103\u0163ii Economice din cadrul I.P.J. Suceava, sub coordonarea procurorului de caz din cadrul Parchetului de pe l\u00e2ng\u0103 Judec\u0103toria Suceava, au pus \u00een executare, vineri, cinci mandate de perchezi\u0163ie domiciliar\u0103 emise de Judec\u0103toria Suceava, \u00een cadrul unui dosar penal privind fapte de \u00een\u0219el\u0103ciune. Perchezi\u0163iile au fdost efectuate de c\u0103tre poli\u021bi\u0219ti pe [&hellip;]<\/p>\n","protected":false},"author":1,"featured_media":0,"comment_status":"open","ping_status":"","sticky":false,"template":"","format":"standard","meta":{"footnotes":""},"categories":[89],"tags":[174],"class_list":["post-1054568","post","type-post","status-publish","format-standard","hentry","category-romania","tag-suceavanews-ro"],"_links":{"self":[{"href":"https:\/\/analyse.optim.biz\/index.php?rest_route=\/wp\/v2\/posts\/1054568","targetHints":{"allow":["GET"]}}],"collection":[{"href":"https:\/\/analyse.optim.biz\/index.php?rest_route=\/wp\/v2\/posts"}],"about":[{"href":"https:\/\/analyse.optim.biz\/index.php?rest_route=\/wp\/v2\/types\/post"}],"author":[{"embeddable":true,"href":"https:\/\/analyse.optim.biz\/index.php?rest_route=\/wp\/v2\/users\/1"}],"replies":[{"embeddable":true,"href":"https:\/\/analyse.optim.biz\/index.php?rest_route=%2Fwp%2Fv2%2Fcomments&post=1054568"}],"version-history":[{"count":0,"href":"https:\/\/analyse.optim.biz\/index.php?rest_route=\/wp\/v2\/posts\/1054568\/revisions"}],"wp:attachment":[{"href":"https:\/\/analyse.optim.biz\/index.php?rest_route=%2Fwp%2Fv2%2Fmedia&parent=1054568"}],"wp:term":[{"taxonomy":"category","embeddable":true,"href":"https:\/\/analyse.optim.biz\/index.php?rest_route=%2Fwp%2Fv2%2Fcategories&post=1054568"},{"taxonomy":"post_tag","embeddable":true,"href":"https:\/\/analyse.optim.biz\/index.php?rest_route=%2Fwp%2Fv2%2Ftags&post=1054568"}],"curies":[{"name":"wp","href":"https:\/\/api.w.org\/{rel}","templated":true}]}}