{"id":1054560,"date":"2025-12-14T01:44:54","date_gmt":"2025-12-13T22:44:54","guid":{"rendered":"https:\/\/analyse.optim.biz\/?p=1054560"},"modified":"2025-12-14T01:44:54","modified_gmt":"2025-12-13T22:44:54","slug":"o-femeie-din-suceava-a-fost-retinuta-de-politisti-dupa-ce-a-condus-fara-permis-si-in-stare-de-ebrietate","status":"publish","type":"post","link":"https:\/\/analyse.optim.biz\/?p=1054560","title":{"rendered":"O femeie din Suceava a fost re\u0163inut\u0103 de poli\u0163i\u015fti dup\u0103 ce a condus f\u0103r\u0103 permis \u015fi \u00een stare de ebrietate"},"content":{"rendered":"<div class=\"entry-content\">\n<p><img decoding=\"async\" loading=\"lazy\" class=\"alignright size-medium wp-image-317730\" src=\"https:\/\/suceavanews.ro\/wp-content\/uploads\/2025\/07\/femeie-arestata-300x169.jpg\" alt=\"\" width=\"300\" height=\"169\">O femeie din Suceava a fost re\u0163inut\u0103 de poli\u0163i\u015fti dup\u0103 ce a condus f\u0103r\u0103 permis \u015fi \u00een stare de ebrietate.\u00a0Poli\u021bi\u0219tii din cadrul Poli\u021biei Ora\u0219ului Fl\u0103m\u00e2nzi din jude\u0163ul Boto\u015fani au emis ordonan\u021b\u0103 de re\u021binere pentru 24 de ore, pe numele unei femei de 57 de ani, din jude\u021bul Suceava.<\/p>\n<p>\u00cen urma verific\u0103rilor efectuate s-a stabilit faptul c\u0103 acesta avea exercitarea dreptului de a conduce autovehicule suspendat\u0103 ca urmare a s\u0103v\u00e2r\u0219irii infrac\u021biunilor de refuz de prelevare de mostre biologice \u0219i conducere a unui vehicul f\u0103r\u0103 drept, comise \u00een 2025.<\/p>\n<p>Mai mult dec\u00e2t at\u00e2t, fiind testat\u0103 cu aparatul etilotest, valoarea rezultat\u0103 a fost de 0, 33 mg\/l alcool pur \u00een aerul expirat.<\/p>\n<p>Femeia a fost introdus\u0103 \u00een Centrul de Re\u021binere \u0219i Arestare Preventiv\u0103 al I.P.J Boto\u0219ani, cercet\u0103rile fiind continuate sub aspectul comiterii infrac\u021biunii de conducere f\u0103r\u0103 drept.<\/p>\n<\/div>\n","protected":false},"excerpt":{"rendered":"<p>O femeie din Suceava a fost re\u0163inut\u0103 de poli\u0163i\u015fti dup\u0103 ce a condus f\u0103r\u0103 permis \u015fi \u00een stare de ebrietate.\u00a0Poli\u021bi\u0219tii din cadrul Poli\u021biei Ora\u0219ului Fl\u0103m\u00e2nzi din jude\u0163ul Boto\u015fani au emis ordonan\u021b\u0103 de re\u021binere pentru 24 de ore, pe numele unei femei de 57 de ani, din jude\u021bul Suceava. \u00cen urma verific\u0103rilor efectuate s-a stabilit faptul [&hellip;]<\/p>\n","protected":false},"author":1,"featured_media":0,"comment_status":"open","ping_status":"","sticky":false,"template":"","format":"standard","meta":{"footnotes":""},"categories":[89],"tags":[174],"class_list":["post-1054560","post","type-post","status-publish","format-standard","hentry","category-romania","tag-suceavanews-ro"],"_links":{"self":[{"href":"https:\/\/analyse.optim.biz\/index.php?rest_route=\/wp\/v2\/posts\/1054560","targetHints":{"allow":["GET"]}}],"collection":[{"href":"https:\/\/analyse.optim.biz\/index.php?rest_route=\/wp\/v2\/posts"}],"about":[{"href":"https:\/\/analyse.optim.biz\/index.php?rest_route=\/wp\/v2\/types\/post"}],"author":[{"embeddable":true,"href":"https:\/\/analyse.optim.biz\/index.php?rest_route=\/wp\/v2\/users\/1"}],"replies":[{"embeddable":true,"href":"https:\/\/analyse.optim.biz\/index.php?rest_route=%2Fwp%2Fv2%2Fcomments&post=1054560"}],"version-history":[{"count":0,"href":"https:\/\/analyse.optim.biz\/index.php?rest_route=\/wp\/v2\/posts\/1054560\/revisions"}],"wp:attachment":[{"href":"https:\/\/analyse.optim.biz\/index.php?rest_route=%2Fwp%2Fv2%2Fmedia&parent=1054560"}],"wp:term":[{"taxonomy":"category","embeddable":true,"href":"https:\/\/analyse.optim.biz\/index.php?rest_route=%2Fwp%2Fv2%2Fcategories&post=1054560"},{"taxonomy":"post_tag","embeddable":true,"href":"https:\/\/analyse.optim.biz\/index.php?rest_route=%2Fwp%2Fv2%2Ftags&post=1054560"}],"curies":[{"name":"wp","href":"https:\/\/api.w.org\/{rel}","templated":true}]}}