{"id":1054554,"date":"2025-12-14T01:43:42","date_gmt":"2025-12-13T22:43:42","guid":{"rendered":"https:\/\/analyse.optim.biz\/?p=1054554"},"modified":"2025-12-14T01:43:42","modified_gmt":"2025-12-13T22:43:42","slug":"video-interlopul-din-suceava-care-a-nenorocit-un-politist-am-fost-condamnat-pe-nedrept-nu-am-stiut-cine-intra-peste-mine","status":"publish","type":"post","link":"https:\/\/analyse.optim.biz\/?p=1054554","title":{"rendered":"VIDEO Interlopul din Suceava care a nenorocit un poli\u021bist: \u201eAm fost condamnat pe nedrept. Nu am \u0219tiut cine intr\u0103 peste mine\u201d"},"content":{"rendered":"<div class=\"entry-content\">\n<p><a href=\"https:\/\/www.botosaninews.ro\/wp-content\/uploads\/2025\/08\/alexandru-hutuleac-sub-escorta-politiei.jpg\"><img decoding=\"async\" loading=\"lazy\" class=\"alignright size-medium wp-image-698280\" src=\"https:\/\/www.botosaninews.ro\/wp-content\/uploads\/2025\/08\/alexandru-hutuleac-sub-escorta-politiei-300x189.jpg\" alt=\"\" width=\"300\" height=\"189\"><\/a>Un infractor foarte periculos, care a fost condamnat de Tribunalul Boto\u0219ani la peste 12 ani de \u00eenchisoare, a fost capturat de poli\u021bi\u0219tii rom\u00e2ni \u00een Norvegia \u0219i urmeaz\u0103 s\u0103 fie adus \u00een \u021bar\u0103 \u00een cursul zilei de vineri. Este vorba de Alexandru Hu\u021buleac, de 37 de ani din Suceava, care f\u0103cea parte din categoria \u201eMost wanted\u201d a Poli\u021biei Rom\u00e2ne.<\/p>\n<p>Acesta era urm\u0103rit interna\u021bional pentru s\u0103v\u00e2r\u0219irea infrac\u021biunilor de ultraj, tentativ\u0103 la omor calificat \u0219i trafic de persoane, fiind condamnat la 12 ani \u0219i 8 luni de \u00eenchisoare, dup\u0103 ce a nenorocit un poli\u021bist cu o sabie \u00een timpul unor perchezi\u021bii.<\/p>\n<p><em><strong>\u201eAm fost condamnat pe nedrept. Nu am \u0219tiut cine intr\u0103 peste mine (n.r. la perchezi\u021bii). Eu nu am auzit nimic. Dormeam\u201d,<\/strong><\/em>a spus Hu\u021buleac.<\/p>\n<p>B\u0103rbatul urmeaz\u0103 a fi adus din Norvegia \u0219i \u00eencarcerat, \u00een vederea execut\u0103rii mandatului de executare a pedepsei cu \u00eenchisoarea.<\/p>\n<p><em><strong>\u201eReamintim c\u0103, la data de 17 iunie 2025, \u00een urma activit\u0103\u021bilor operative comune realizate de c\u0103tre Poli\u021bia Rom\u00e2n\u0103, prin Direc\u021bia de Investiga\u021bii Criminale \u2013 Serviciul Urm\u0103riri \u2013 I.G.P.R. \u0219i Serviciul de Investiga\u021bii Criminale \u2013 Compartimentul Urm\u0103riri \u2013 I.P.J. Suceava, \u0219i autorit\u0103\u021bile norvegiene, prin accesarea canalelor de cooperare \u0219i \u00een baza suportului informativ oferit, a fost depistat \u0219i arestat, pe teritoriul Norvegiei, un b\u0103rbat, de 37 de ani\u201d,<\/strong><\/em> a transmis Poli\u021bia Rom\u00e2n\u0103.<\/p>\n<div class=\"wp-video\"><video class=\"wp-video-shortcode\" id=\"video-317936-1\" width=\"848\" height=\"478\" preload=\"metadata\" controls=\"controls\"><source type=\"video\/mp4\" src=\"https:\/\/www.botosaninews.ro\/wp-content\/uploads\/2025\/08\/WhatsApp-Video-2025-08-22-at-07.07.43.mp4?_=1\" \/><a href=\"https:\/\/www.botosaninews.ro\/wp-content\/uploads\/2025\/08\/WhatsApp-Video-2025-08-22-at-07.07.43.mp4\">https:\/\/www.botosaninews.ro\/wp-content\/uploads\/2025\/08\/WhatsApp-Video-2025-08-22-at-07.07.43.mp4<\/a><\/video><\/div>\n<p>Pe 5 decembrie 2017, \u00een timpul efectu\u0103rii unei perchezi\u021bii la domiciliul s\u0103u, pentru a se sustrage de la r\u0103spundere penal\u0103, b\u0103rbatul de 37 de ani a lovit cu o sabie \u00een zona cranio-cerebral\u0103 \u0219i a bra\u021bului st\u00e2ng, un poli\u021bist din cadrul Serviciului pentru Ac\u021biuni Speciale \u2013 I.P.J. Suceava, care se afla \u00een exercitarea atribu\u021biilor de serviciu, pun\u00e2ndu-i via\u021ba \u00een pericol \u0219i determin\u00e2ndu-i o infirmitate \u0219i pierderea capacit\u0103\u021bii de munc\u0103, precum \u0219i \u00eencadrarea \u00een gradul II de invaliditate.<\/p>\n<p>De asemenea, \u00een 2017, acesta a constr\u00e2ns o persoan\u0103, pentru a vinde plicule\u021be cu substan\u021be interzise, aceasta fiind sechestrat\u0103 \u0219i aflat\u0103 sub supravegherea unei alte persoane, \u00eentr-un apartament din municipiul Ia\u0219i.<\/p>\n<p>Ulterior, av\u00e2nd \u00een vedere modific\u0103rile legislative \u0219i faptul c\u0103 persoana condamnat\u0103 s-a sustras execut\u0103rii pedepsei, poli\u021bi\u0219tii au \u00eentocmit un nou dosar penal privind s\u0103v\u00e2r\u0219irea infrac\u021biunii de evadare, urm\u00e2nd a fi solu\u021bionat procedural prin unitatea de parchet competent\u0103.<\/p>\n<p>Pentru exploatarea informa\u021biilor ob\u021binute \u00een activitatea de c\u0103utare, urm\u0103rire \u0219i arestare a b\u0103rbatului, poli\u021bi\u0219tii Serviciului Urm\u0103riri din cadrul Direc\u021biei de Investiga\u021bii Criminale au declan\u0219at o opera\u021biune ENFAST \u00een care au beneficiat de sprijinul unit\u0103\u021bilor de urm\u0103riri din Germania, Fran\u021ba \u0219i Spania, iar pentru arestarea acestuia au cooperat direct cu structura de urm\u0103riri din cadrul Poli\u021biei Districtului Oslo-Regatul Norvegiei.<\/p>\n<p><span><a href=\"https:\/\/news.google.com\/publications\/CAAqBwgKMMy4pgswtMO-Aw?ceid=RO:ro&amp;oc=3\" target=\"_blank\" rel=\"noopener\">Urmareste-ne pe Google News<\/a>\u00a0<\/span><\/p>\n<\/div>\n","protected":false},"excerpt":{"rendered":"<p>Un infractor foarte periculos, care a fost condamnat de Tribunalul Boto\u0219ani la peste 12 ani de \u00eenchisoare, a fost capturat de poli\u021bi\u0219tii rom\u00e2ni \u00een Norvegia \u0219i urmeaz\u0103 s\u0103 fie adus \u00een \u021bar\u0103 \u00een cursul zilei de vineri. Este vorba de Alexandru Hu\u021buleac, de 37 de ani din Suceava, care f\u0103cea parte din categoria \u201eMost wanted\u201d [&hellip;]<\/p>\n","protected":false},"author":1,"featured_media":0,"comment_status":"open","ping_status":"","sticky":false,"template":"","format":"standard","meta":{"footnotes":""},"categories":[89],"tags":[174],"class_list":["post-1054554","post","type-post","status-publish","format-standard","hentry","category-romania","tag-suceavanews-ro"],"_links":{"self":[{"href":"https:\/\/analyse.optim.biz\/index.php?rest_route=\/wp\/v2\/posts\/1054554","targetHints":{"allow":["GET"]}}],"collection":[{"href":"https:\/\/analyse.optim.biz\/index.php?rest_route=\/wp\/v2\/posts"}],"about":[{"href":"https:\/\/analyse.optim.biz\/index.php?rest_route=\/wp\/v2\/types\/post"}],"author":[{"embeddable":true,"href":"https:\/\/analyse.optim.biz\/index.php?rest_route=\/wp\/v2\/users\/1"}],"replies":[{"embeddable":true,"href":"https:\/\/analyse.optim.biz\/index.php?rest_route=%2Fwp%2Fv2%2Fcomments&post=1054554"}],"version-history":[{"count":0,"href":"https:\/\/analyse.optim.biz\/index.php?rest_route=\/wp\/v2\/posts\/1054554\/revisions"}],"wp:attachment":[{"href":"https:\/\/analyse.optim.biz\/index.php?rest_route=%2Fwp%2Fv2%2Fmedia&parent=1054554"}],"wp:term":[{"taxonomy":"category","embeddable":true,"href":"https:\/\/analyse.optim.biz\/index.php?rest_route=%2Fwp%2Fv2%2Fcategories&post=1054554"},{"taxonomy":"post_tag","embeddable":true,"href":"https:\/\/analyse.optim.biz\/index.php?rest_route=%2Fwp%2Fv2%2Ftags&post=1054554"}],"curies":[{"name":"wp","href":"https:\/\/api.w.org\/{rel}","templated":true}]}}