{"id":1054551,"date":"2025-12-14T01:42:56","date_gmt":"2025-12-13T22:42:56","guid":{"rendered":"https:\/\/analyse.optim.biz\/?p=1054551"},"modified":"2025-12-14T01:42:56","modified_gmt":"2025-12-13T22:42:56","slug":"cursuri-intensive-de-limba-germana-pentru-studentii-economisti-de-la-usv","status":"publish","type":"post","link":"https:\/\/analyse.optim.biz\/?p=1054551","title":{"rendered":"Cursuri intensive de limba german\u0103 pentru studen\u021bii economi\u0219ti de la USV"},"content":{"rendered":"<div class=\"entry-content\">\n<p><img decoding=\"async\" loading=\"lazy\" class=\"alignright size-medium wp-image-267673\" src=\"https:\/\/suceavanews.ro\/wp-content\/uploads\/2018\/06\/usv-300x200.jpg\" alt=\"\" width=\"300\" height=\"200\">Facultatea de \u015etiin\u0163e Economice \u015fi Administra\u0163ie Public\u0103 din cadrul Universit\u0103\u021bii \u201e\u0218tefan cel Mare\u201d din Suceava, \u00een colaborare cu firma EGGER Rom\u00e2nia, \u00a0continu\u0103,\u00a0 pentru al treilea an consecutiv, sus\u021binerea cursului facultativ de limba german\u0103 pentru aproximativ 30 de studen\u021bi din cadrul facult\u0103\u021bii. \u00cen acest an academic, cursurile vor fi organizate \u00een sistem hibrid: vor \u00eencepe \u00een on-line, urm\u00e2nd ca \u00een semestrul al II-lea s\u0103 se desf\u0103\u0219oare on-site. Pentru studen\u021bi, participarea la acest proiect reprezint\u0103 o oportunitate de consolidare a cuno\u0219tin\u021belor sau de acumulare de noi cuno\u0219tin\u021be, dar \u0219i un moment de \u00eemp\u0103rt\u0103\u0219ire de bune practici legate de experien\u021ba \u00eenv\u0103\u021b\u0103rii unei limbi str\u0103ine. Cursul de limba german\u0103 se organizeaz\u0103 \u00een cadrul disciplinelor facultative din planul de \u00eenv\u0103\u021b\u0103m\u00e2nt, cu un num\u0103r de 84 de ore de curs pe parcursul \u00eentregului an universitar 2020-2021.<\/p>\n<p>\u201eFacultatea a promovat \u0219i selectat studen\u021bii participan\u021bi la acest proiect, a contractat lectorul de limba german\u0103, conf. univ. dr. Raluca Dimian, \u015fi se va ocupa de buna organizare a cursurilor, iar EGGER Rom\u00e2nia pune la dispozi\u021bia facult\u0103\u021bii suma necesar\u0103 derul\u0103rii acestui proiect. Studen\u021bii cei mai buni au posibilitatea s\u0103 fie premia\u021bi. Cooperarea mai str\u00e2ns\u0103 cu mediul de afaceri ajut\u0103 institu\u021biile de \u00eenv\u0103\u021b\u0103m\u00e2nt superior s\u0103 dezvolte programe de studiu adaptate nevoilor pie\u021bei\u201d, declar\u0103 prof. univ.dr. Carmen Nastase, decan FSEAP.<\/p>\n<p>\u201e\u00cen cadrul colabor\u0103rii fructuoase de peste 11 ani dintre Universitatea \u201e\u0218tefan cel Mare\u201d din Suceava \u0219i EGGER Rom\u00e2nia, sus\u021binem si organizarea acestui curs de dezvoltare a competen\u021belor lingvistice de limba german\u01ce. Consider\u0103m c\u01ce educa\u021bia reprezint\u0103 cea mai sigur\u0103 cale pentru cre\u0219terea calit\u0103\u021bii vie\u021bii comunit\u0103\u021bii, de aceea continu\u0103m participarea al\u0103turi de mediul universitar, la dezvoltarea aptitudinilor \u0219i competen\u021belor individuale ale studen\u021bilor \u0219i adaptarea mai eficient\u0103 a acestora la cerin\u021bele obiective actuale ale pie\u021bei muncii\u201d,\u00a0 a declarat Daniela Ungureanu, Director Resurse Umane Divizia Est Rom\u00e2nia\/ Rusia\/CEE \u00een cadrul Grupului EGGER.<\/p>\n<p>\u00a0<\/p>\n<\/div>\n","protected":false},"excerpt":{"rendered":"<p>Facultatea de \u015etiin\u0163e Economice \u015fi Administra\u0163ie Public\u0103 din cadrul Universit\u0103\u021bii \u201e\u0218tefan cel Mare\u201d din Suceava, \u00een colaborare cu firma EGGER Rom\u00e2nia, \u00a0continu\u0103,\u00a0 pentru al treilea an consecutiv, sus\u021binerea cursului facultativ de limba german\u0103 pentru aproximativ 30 de studen\u021bi din cadrul facult\u0103\u021bii. \u00cen acest an academic, cursurile vor fi organizate \u00een sistem hibrid: vor \u00eencepe \u00een [&hellip;]<\/p>\n","protected":false},"author":1,"featured_media":0,"comment_status":"open","ping_status":"","sticky":false,"template":"","format":"standard","meta":{"footnotes":""},"categories":[89],"tags":[174],"class_list":["post-1054551","post","type-post","status-publish","format-standard","hentry","category-romania","tag-suceavanews-ro"],"_links":{"self":[{"href":"https:\/\/analyse.optim.biz\/index.php?rest_route=\/wp\/v2\/posts\/1054551","targetHints":{"allow":["GET"]}}],"collection":[{"href":"https:\/\/analyse.optim.biz\/index.php?rest_route=\/wp\/v2\/posts"}],"about":[{"href":"https:\/\/analyse.optim.biz\/index.php?rest_route=\/wp\/v2\/types\/post"}],"author":[{"embeddable":true,"href":"https:\/\/analyse.optim.biz\/index.php?rest_route=\/wp\/v2\/users\/1"}],"replies":[{"embeddable":true,"href":"https:\/\/analyse.optim.biz\/index.php?rest_route=%2Fwp%2Fv2%2Fcomments&post=1054551"}],"version-history":[{"count":0,"href":"https:\/\/analyse.optim.biz\/index.php?rest_route=\/wp\/v2\/posts\/1054551\/revisions"}],"wp:attachment":[{"href":"https:\/\/analyse.optim.biz\/index.php?rest_route=%2Fwp%2Fv2%2Fmedia&parent=1054551"}],"wp:term":[{"taxonomy":"category","embeddable":true,"href":"https:\/\/analyse.optim.biz\/index.php?rest_route=%2Fwp%2Fv2%2Fcategories&post=1054551"},{"taxonomy":"post_tag","embeddable":true,"href":"https:\/\/analyse.optim.biz\/index.php?rest_route=%2Fwp%2Fv2%2Ftags&post=1054551"}],"curies":[{"name":"wp","href":"https:\/\/api.w.org\/{rel}","templated":true}]}}