{"id":1053754,"date":"2025-04-23T08:58:46","date_gmt":"2025-04-23T05:58:46","guid":{"rendered":"https:\/\/analyse.optim.biz\/?p=1053754"},"modified":"2025-04-23T08:58:46","modified_gmt":"2025-04-23T05:58:46","slug":"tinerii-din-timisoara-pe-podiumul-mondial-al-roboticii-echipa-csh-locul-3-la-first-tech-challenge-2025-din-houston","status":"publish","type":"post","link":"https:\/\/analyse.optim.biz\/?p=1053754","title":{"rendered":"Tinerii din Timi\u0219oara, pe podiumul mondial al roboticii: echipa CSH, locul 3 la FIRST Tech Challenge 2025 din Houston"},"content":{"rendered":"<article id=\"template-id-172790\" class=\"post-172790 tdb_templates type-tdb_templates status-publish post\">\n<div id=\"tdi_38\" class=\"tdc-zone\">\n<div class=\"tdc_zone tdi_39  wpb_row td-pb-row\">\n<div id=\"tdi_40\" class=\"tdc-row stretch_row_1400 td-stretch-content\">\n<div class=\"vc_row tdi_41  wpb_row td-pb-row tdc-element-style\">\n<div class=\"vc_column tdi_43  wpb_column vc_column_container tdc-column td-pb-span8\">\n<div class=\"wpb_wrapper\">\n<div class=\"td_block_wrap tdb_single_categories tdi_44 td-pb-border-top td_block_template_1 \" data-td-block-uid=\"tdi_44\">\n<div class=\"tdb-category td-fix-index\"><a class=\"tdb-entry-category\" href=\"https:\/\/voceatimisului.ro\/stiri-din-timisoara-si-timis\/\">\u0218tiri<\/a><a class=\"tdb-entry-category\" href=\"https:\/\/voceatimisului.ro\/stiri-din-timisoara-si-timis\/educatie\/\">Educa\u021bie<\/a><\/div>\n<\/div>\n<div class=\"td_block_wrap tdb_title tdi_45 tdb-single-title td-pb-border-top td_block_template_1\" data-td-block-uid=\"tdi_45\">\n<div class=\"tdb-block-inner td-fix-index\">\n<h1 class=\"tdb-title-text\">Tinerii din Timi\u0219oara, pe podiumul mondial al roboticii: echipa CSH, locul 3 la FIRST Tech Challenge 2025 din Houston<\/h1>\n<\/div>\n<\/div>\n<div class=\"vc_row_inner tdi_48  vc_row vc_inner wpb_row td-pb-row\">\n<div class=\"vc_column_inner tdi_50  wpb_column vc_column_container tdc-inner-column td-pb-span6\">\n<div class=\"vc_column-inner\">\n<div class=\"wpb_wrapper\">\n<div class=\"td_block_wrap tdb_single_author tdi_51 td-pb-border-top td_block_template_1 tdb-post-meta\" data-td-block-uid=\"tdi_51\">\n<div class=\"tdb-block-inner td-fix-index\">\n<div class=\"tdb-author-name-wrap\"><span class=\"tdb-author-by\">Autor-<\/span><a class=\"tdb-author-name\" href=\"https:\/\/voceatimisului.ro\/author\/cataadmin\/\">Radu Constantin<\/a><\/div>\n<\/div>\n<\/div>\n<div class=\"td_block_wrap tdb_single_date tdi_52 td-pb-border-top td_block_template_1 tdb-post-meta\" data-td-block-uid=\"tdi_52\">\n<div class=\"tdb-block-inner td-fix-index\"><time class=\"entry-date updated td-module-date\" datetime=\"2025-04-23T11:58:46+03:00\">23 aprilie 2025<\/time><\/div>\n<\/div>\n<div class=\"td_block_wrap tdb_single_comments_count tdi_53 td-pb-border-top td_block_template_1 tdb-post-meta\" data-td-block-uid=\"tdi_53\">\n<div class=\"tdb-block-inner td-fix-index\"><a href=\"https:\/\/voceatimisului.ro\/tinerii-din-timisoara-pe-podiumul-mondial-al-roboticii-echipa-csh-locul-3-la-first-tech-challenge-2025-din-houston\/#respond\"><span>0<\/span><\/a><\/div>\n<\/div>\n<div class=\"td_block_wrap tdb_single_post_views tdi_54 td-pb-border-top td_block_template_1 tdb-post-meta\" data-td-block-uid=\"tdi_54\">\n<div class=\"tdb-block-inner td-fix-index\"><span class=\"tdb-add-text\">1<\/span><span class=\"td-nr-views-171870\">382<\/span><\/div>\n<\/div>\n<\/div>\n<\/div>\n<\/div>\n<div class=\"vc_column_inner tdi_56  wpb_column vc_column_container tdc-inner-column td-pb-span6\">\n<div class=\"vc_column-inner\">\n<div class=\"wpb_wrapper\">\n<div class=\"td_block_wrap tdb_single_post_share tdi_57  td-pb-border-top td_block_template_1\" data-td-block-uid=\"tdi_57\">\n<div id=\"tdi_57\" class=\"td-post-sharing tdb-block td-ps-bg td-ps-notext td-post-sharing-style1 \">\n<div class=\"td-post-sharing-visible\"><a class=\"td-social-sharing-button td-social-sharing-button-js td-social-network td-social-facebook\" href=\"https:\/\/www.facebook.com\/sharer.php?u=https%3A%2F%2Fvoceatimisului.ro%2Ftinerii-din-timisoara-pe-podiumul-mondial-al-roboticii-echipa-csh-locul-3-la-first-tech-challenge-2025-din-houston%2F\" title=\"Facebook\" rel=\"noopener\"><\/p>\n<div class=\"td-social-but-text\">Facebook<\/div>\n<p><\/a><a class=\"td-social-sharing-button td-social-sharing-button-js td-social-network td-social-twitter\" href=\"https:\/\/twitter.com\/intent\/tweet?text=Tinerii+din+Timi%C8%99oara%2C+pe+podiumul+mondial+al+roboticii%3A+echipa+CSH%2C+locul+3+la+FIRST+Tech+Challenge+2025+din+Houston&amp;url=https%3A%2F%2Fvoceatimisului.ro%2Ftinerii-din-timisoara-pe-podiumul-mondial-al-roboticii-echipa-csh-locul-3-la-first-tech-challenge-2025-din-houston%2F&amp;via=Vocea+Timisului\" title=\"Twitter\" rel=\"noopener\"><\/p>\n<div class=\"td-social-but-text\">Twitter<\/div>\n<p><\/a><a class=\"td-social-sharing-button td-social-sharing-button-js td-social-network td-social-pinterest\" href=\"https:\/\/pinterest.com\/pin\/create\/button\/?url=https:\/\/voceatimisului.ro\/tinerii-din-timisoara-pe-podiumul-mondial-al-roboticii-echipa-csh-locul-3-la-first-tech-challenge-2025-din-houston\/&amp;media=https:\/\/voceatimisului.ro\/wp-content\/uploads\/2025\/04\/FIRST-Tech-Challenge-2025-din-Houston1.jpg&amp;description=Tinerii+din+Timi%C8%99oara%2C+pe+podiumul+mondial+al+roboticii%3A+echipa+CSH%2C+locul+3+la+FIRST+Tech+Challenge+2025+din+Houston\" title=\"Pinterest\" rel=\"noopener\"><\/p>\n<div class=\"td-social-but-text\">Pinterest<\/div>\n<p><\/a><a class=\"td-social-sharing-button td-social-sharing-button-js td-social-network td-social-whatsapp\" href=\"https:\/\/api.whatsapp.com\/send?text=Tinerii+din+Timi%C8%99oara%2C+pe+podiumul+mondial+al+roboticii%3A+echipa+CSH%2C+locul+3+la+FIRST+Tech+Challenge+2025+din+Houston%20%0A%0A%20https:\/\/voceatimisului.ro\/tinerii-din-timisoara-pe-podiumul-mondial-al-roboticii-echipa-csh-locul-3-la-first-tech-challenge-2025-din-houston\/\" title=\"WhatsApp\" rel=\"noopener\"><\/p>\n<div class=\"td-social-but-text\">WhatsApp<\/div>\n<p><\/a><a class=\"td-social-sharing-button td-social-sharing-button-js td-social-network td-social-linkedin\" href=\"https:\/\/www.linkedin.com\/shareArticle?mini=true&amp;url=https:\/\/voceatimisului.ro\/tinerii-din-timisoara-pe-podiumul-mondial-al-roboticii-echipa-csh-locul-3-la-first-tech-challenge-2025-din-houston\/&amp;title=Tinerii+din+Timi%C8%99oara%2C+pe+podiumul+mondial+al+roboticii%3A+echipa+CSH%2C+locul+3+la+FIRST+Tech+Challenge+2025+din+Houston\" title=\"Linkedin\" rel=\"noopener\"><\/p>\n<div class=\"td-social-but-text\">Linkedin<\/div>\n<p><\/a><a class=\"td-social-sharing-button td-social-sharing-button-js td-social-network td-social-copy_url\" href=\"https:\/\/voceatimisului.ro\/tinerii-din-timisoara-pe-podiumul-mondial-al-roboticii-echipa-csh-locul-3-la-first-tech-challenge-2025-din-houston\/\" title=\"Copy URL\" rel=\"noopener\"><\/p>\n<div class=\"td-social-but-text\">Copy URL<\/div>\n<p><\/a><\/div>\n<\/div>\n<\/div>\n<\/div>\n<\/div>\n<\/div>\n<\/div>\n<div class=\"td_block_wrap tdb_single_featured_image tdi_58 tdb-content-horiz-left td-pb-border-top td_block_template_1\" data-td-block-uid=\"tdi_58\">\n<div class=\"tdb-block-inner td-fix-index\"><img fetchpriority=\"high\" decoding=\"async\" width=\"696\" height=\"464\" class=\"entry-thumb\" src=\"https:\/\/voceatimisului.ro\/wp-content\/uploads\/2025\/04\/FIRST-Tech-Challenge-2025-din-Houston1-696x464.jpg\" alt title=\"FIRST Tech Challenge 2025 din Houston1\" loading=\"eager\"><\/div>\n<\/div>\n<div class=\"vc_row_inner tdi_60  vc_row vc_inner wpb_row td-pb-row\">\n<div class=\"vc_column_inner tdi_62  wpb_column vc_column_container tdc-inner-column td-pb-span4 td-is-sticky\">\n<div class=\"vc_column-inner\">\n<div class=\"wpb_wrapper\" data-sticky-enabled-on=\"W3RydWUsdHJ1ZSx0cnVlLHRydWVd\" data-sticky-offset=\"20\" data-sticky-is-width-auto=\"W2ZhbHNlLGZhbHNlLGZhbHNlLGZhbHNlXQ==\">\n<div class=\"td_block_wrap td_flex_block_1 tdi_63 td-pb-border-top td_block_template_1 td_ajax_preloading_preload td_flex_block\" data-td-block-uid=\"tdi_63\">\n<div id=\"tdi_63\" class=\"td_block_inner td-mc1-wrap\">\n<div class=\"td_module_flex td_module_flex_1 td_module_wrap td-animation-stack td-meta-info-hide td-cpt-post\">\n<div class=\"td-module-container td-category-pos-image\">\n<div class=\"td-module-meta-info\">\n<h3 class=\"entry-title td-module-title\"><a href=\"https:\/\/voceatimisului.ro\/banatul-trece-de-prima-etapa-in-cursa-pentru-titlul-de-regiune-gastronomica-europeana-2028\/\" rel=\"bookmark\" title=\"Banatul trece de prima etap\u0103 \u00een cursa pentru titlul de Regiune Gastronomic\u0103 European\u0103 2028\">Banatul trece de prima etap\u0103 \u00een cursa pentru titlul de Regiune Gastronomic\u0103 European\u0103 2028<\/a><\/h3>\n<\/div>\n<\/div>\n<\/div>\n<div class=\"td_module_flex td_module_flex_1 td_module_wrap td-animation-stack td-meta-info-hide td-cpt-post\">\n<div class=\"td-module-container td-category-pos-image\">\n<div class=\"td-module-meta-info\">\n<h3 class=\"entry-title td-module-title\"><a href=\"https:\/\/voceatimisului.ro\/oferta-culturala-a-consiliului-judetean-timis-in-perioada-8-14-decembrie\/\" rel=\"bookmark\" title=\"Oferta cultural\u0103 a Consiliului Jude\u021bean Timi\u0219 \u00een perioada 8-14 decembrie\">Oferta cultural\u0103 a Consiliului Jude\u021bean Timi\u0219 \u00een perioada 8-14 decembrie<\/a><\/h3>\n<\/div>\n<\/div>\n<\/div>\n<div class=\"td_module_flex td_module_flex_1 td_module_wrap td-animation-stack td-meta-info-hide td-cpt-post\">\n<div class=\"td-module-container td-category-pos-image\">\n<div class=\"td-module-meta-info\">\n<h3 class=\"entry-title td-module-title\"><a href=\"https:\/\/voceatimisului.ro\/lights-of-the-village-la-muzeul-satului-banatean-din-timisoara\/\" rel=\"bookmark\" title=\"Lights of the Village la Muzeul Satului B\u0103n\u0103\u021bean din Timi\u0219oara\">Lights of the Village la Muzeul Satului B\u0103n\u0103\u021bean din Timi\u0219oara<\/a><\/h3>\n<\/div>\n<\/div>\n<\/div>\n<div class=\"td_module_flex td_module_flex_1 td_module_wrap td-animation-stack td-meta-info-hide td-cpt-post\">\n<div class=\"td-module-container td-category-pos-image\">\n<div class=\"td-module-meta-info\">\n<h3 class=\"entry-title td-module-title\"><a href=\"https:\/\/voceatimisului.ro\/retim-sfideaza-legea-si-institutiile-din-timis-foloseste-echipamente-publice-fara-drept-si-blocheaza-accesul-la-informatii\/\" rel=\"bookmark\" title=\"RETIM sfideaz\u0103 legea \u0219i institu\u021biile din Timi\u0219, folose\u0219te echipamente publice f\u0103r\u0103 drept \u0219i blocheaz\u0103 accesul la informa\u021bii\">RETIM sfideaz\u0103 legea \u0219i institu\u021biile din Timi\u0219, folose\u0219te echipamente publice f\u0103r\u0103 drept \u0219i blocheaz\u0103 accesul la informa\u021bii<\/a><\/h3>\n<\/div>\n<\/div>\n<\/div>\n<\/div>\n<\/div>\n<div class=\"tdb-author-box td_block_wrap tdb_single_author_box tdi_68 tdb-content-vert-top td-pb-border-top td_block_template_1\" data-td-block-uid=\"tdi_68\">\n<div class=\"tdb-block-inner td-fix-index\">\n<div class=\"tdb-author-info\"><a href=\"https:\/\/voceatimisului.ro\/author\/cataadmin\/\" class=\"tdb-author-name\">Radu Constantin<\/a><a href=\"http:\/\/www.voceatimisului.ro\" rel=\"nofollow\" class=\"tdb-author-url\">http:\/\/www.voceatimisului.ro<\/a><\/p>\n<div class=\"tdb-author-descr\">\u00centreaga responsabilitate a comentariilor l\u0103sate de dumneavoastr\u0103 v\u0103 apar\u021bine!<br \/>\nClick <a href=\"https:\/\/voceatimisului.ro\/termeni-si-conditii\/\">aici<\/a>-citeste condi\u0163iile de utilizare ale site-ului www.voceatimisului.ro<\/div>\n<\/div>\n<\/div>\n<\/div>\n<\/div>\n<\/div>\n<\/div>\n<div class=\"vc_column_inner tdi_70  wpb_column vc_column_container tdc-inner-column td-pb-span8\">\n<div class=\"vc_column-inner\">\n<div class=\"wpb_wrapper\">\n<div class=\"td_block_wrap tdb_single_content tdi_71 td-pb-border-top td_block_template_1 td-post-content tagdiv-type\" data-td-block-uid=\"tdi_71\">\n<div class=\"tdb-block-inner td-fix-index\">\n<h5 class=\"wp-block-heading\"><strong>Houston, SUA \/ Timi\u0219oara, Rom\u00e2nia<\/strong> \u2013 Elevii de la Colegiul Na\u021bional Pedagogic \u201eCarmen Sylva\u201d din Timi\u0219oara au dus din nou Rom\u00e2nia pe culmile excelen\u021bei, ob\u021bin\u00e2nd <strong>locul 3 la nivel mondial<\/strong> la prestigiosul Campionat de Robotic\u0103 <strong>FIRST Tech Challenge 2025<\/strong>, desf\u0103\u0219urat \u00een perioada 16\u201319 aprilie la Houston, \u00een Statele Unite ale Americii.<\/h5>\n<p>Reprezent\u00e2nd Rom\u00e2nia al\u0103turi de alte patru echipe de liceeni, tinerii timi\u0219oreni, sub sigla <strong>CSH 17861<\/strong>, au format o alian\u021b\u0103 de excep\u021bie cu echipa Eastern Foxes din Ploie\u0219ti. \u00cempreun\u0103, au reu\u0219it s\u0103 \u00eenving\u0103 zeci de adversari redutabili, proveni\u021bi din peste 250 de echipe din \u00eentreaga lume \u2013 inclusiv din \u021b\u0103ri cu tradi\u021bie \u00een tehnologie \u0219i educa\u021bie, precum Coreea de Sud, SUA, Canada sau Mexic.<\/p>\n<h6 class=\"wp-block-heading\">Performan\u021b\u0103 dubl\u0103: podium mondial \u0219i premiu special<\/h6>\n<p>Pe l\u00e2ng\u0103 clasarea \u00een <strong>top 3 mondial<\/strong>, echipa CSH a fost distins\u0103 \u0219i cu <strong>locul 2 la Control Award<\/strong> \u00een divizia Franklin, o recunoa\u0219tere a ingeniozit\u0103\u021bii \u0219i preciziei solu\u021biilor tehnice propuse de elevii timi\u0219oreni. Este un rezultat care vine dup\u0103 luni \u00eentregi de munc\u0103, test\u0103ri, inova\u021bie \u0219i o colaborare impecabil\u0103 \u00eentre elevi, mentori \u0219i sus\u021bin\u0103tori.<\/p>\n<h6 class=\"wp-block-heading\">Sprijin local pentru performan\u021b\u0103 global\u0103<\/h6>\n<p>Participarea echipei timi\u0219orene la etapa mondial\u0103 a fost posibil\u0103 \u0219i datorit\u0103 <strong><a href=\"https:\/\/voceatimisului.ro\/tinerii-timisoreni-de-la-csh-vor-reprezenta-romania-la-campionatul-mondial-de-robotica-din-houston\/\" target=\"_blank\" rel=\"noreferrer noopener\">sprijinului oferit de Consiliul Jude\u021bean Timi\u0219<\/a><\/strong>, care a r\u0103spuns prompt apelului lansat de elevi \u0219i profesori. Acest gest demonstreaz\u0103 c\u0103 atunci c\u00e2nd institu\u021biile publice investesc \u00een educa\u021bie \u0219i \u00een tinerii cu poten\u021bial, rezultatele nu \u00eent\u00e2rzie s\u0103 apar\u0103 \u2013 chiar \u0219i pe cele mai importante scene interna\u021bionale.<\/p>\n<h6 class=\"wp-block-heading\">Rom\u00e2nia str\u0103luce\u0219te \u00een robotic\u0103<\/h6>\n<p>Pe l\u00e2ng\u0103 CSH, \u0219i celelalte echipe rom\u00e2ne\u0219ti au avut rezultate impresionante:<\/p>\n<ul class=\"wp-block-list\">\n<li><strong>TehnoZ<\/strong> (Pite\u0219ti) \u2013 locul 1 \u00een divizia Edison \u0219i de\u021bin\u0103torii recordului mondial la puncte<\/li>\n<li><strong>Alphatronic<\/strong> (Cluj-Napoca) \u2013 locul 2 \u00een divizia Edison<\/li>\n<li><strong>Heart of RoBots<\/strong> (Buz\u0103u) \u2013 locul 6 \u00een divizia Ochoa \u0219i c\u00e2\u0219tig\u0103tori ai Motivate Award<\/li>\n<li><strong>Eastern Foxes<\/strong> (Ploie\u0219ti) \u2013 locul 1 la Think Award \u00een divizia Franklin<\/li>\n<\/ul>\n<h6 class=\"wp-block-heading\">Educa\u021bia care schimb\u0103 destine<\/h6>\n<p>Participarea Rom\u00e2niei la aceast\u0103 competi\u021bie a fost posibil\u0103 datorit\u0103 programului <strong>FIRST Tech Challenge Rom\u00e2nia<\/strong>, organizat de Asocia\u021bia <strong>Na\u021bie prin Educa\u021bie<\/strong>, fondat\u0103 de Dana R\u0103zboiu, \u00een parteneriat cu <strong>BRD Groupe Soci\u00e9t\u00e9 G\u00e9n\u00e9rale<\/strong> \u2013 partener fondator al programului \u00eenc\u0103 din 2016.<\/p>\n<p>FIRST Tech Challenge este ast\u0103zi cea mai mare competi\u021bie de robotic\u0103 pentru liceeni din Rom\u00e2nia, sus\u021bin\u00e2nd peste 300 de echipe din peste 100 de ora\u0219e. Acest succes confirm\u0103 poten\u021bialul extraordinar al tinerilor rom\u00e2ni atunci c\u00e2nd primesc sus\u021binerea \u0219i cadrul potrivit pentru a excela.<\/p>\n<figure class=\"wp-block-gallery has-nested-images columns-default is-cropped wp-block-gallery-1 is-layout-flex wp-block-gallery-is-layout-flex\">\n<div><a href=\"https:\/\/voceatimisului.ro\/wp-content\/uploads\/2025\/04\/FIRST-Tech-Challenge-2025-din-Houston2-1024x683.jpg\" class=\"td-modal-image\"><\/p>\n<figure class=\"wp-block-image size-large\"><img decoding=\"async\" width=\"1024\" height=\"683\" data-id=\"171873\" src=\"https:\/\/voceatimisului.ro\/wp-content\/uploads\/2025\/04\/FIRST-Tech-Challenge-2025-din-Houston2-1024x683.jpg\" alt=\"Tinerii din Timi\u0219oara, pe podiumul mondial al roboticii: echipa CSH, locul 3 la FIRST Tech Challenge 2025 din Houston\" class=\"wp-image-171873\" loading=\"lazy\"><\/figure>\n<p><\/a><\/div>\n<figure class=\"wp-block-image size-large\"><img decoding=\"async\" width=\"1024\" height=\"683\" data-id=\"171872\" src=\"https:\/\/voceatimisului.ro\/wp-content\/uploads\/2025\/04\/FIRST-Tech-Challenge-2025-din-Houston1-1024x683.jpg\" alt=\"Tinerii din Timi\u0219oara, pe podiumul mondial al roboticii: echipa CSH, locul 3 la FIRST Tech Challenge 2025 din Houston\" class=\"wp-image-171872\" loading=\"lazy\"><\/figure>\n<\/figure>\n<\/div>\n<\/div>\n<div class=\"td_block_wrap tdb_single_tags tdi_74 td-pb-border-top td_block_template_1\" data-td-block-uid=\"tdi_74\">\n<div class=\"tdb-block-inner td-fix-index\">\n<ul class=\"tdb-tags\">\n<li><span>Tags<\/span><\/li>\n<li><a href=\"https:\/\/voceatimisului.ro\/tag\/campionatul-mondial-de-robotica-din-houston\/\">Campionatul Mondial de Robotic\u0103 din Houston<\/a><\/li>\n<li><a href=\"https:\/\/voceatimisului.ro\/tag\/consiliul-judetean-timis\/\">consiliul judetean timis<\/a><\/li>\n<li><a href=\"https:\/\/voceatimisului.ro\/tag\/csh\/\">CSH<\/a><\/li>\n<li><a href=\"https:\/\/voceatimisului.ro\/tag\/first-tech-challenge-2025\/\">FIRST Tech Challenge 2025<\/a><\/li>\n<\/ul>\n<\/div>\n<\/div>\n<div class=\"td_block_wrap tdb_single_post_share tdi_75  td-pb-border-top td_block_template_1\" data-td-block-uid=\"tdi_75\">\n<div id=\"tdi_75\" class=\"td-post-sharing tdb-block td-ps-bg td-ps-notext td-post-sharing-style1 \">\n<div class=\"td-post-sharing-visible\"><a class=\"td-social-sharing-button td-social-sharing-button-js td-social-network td-social-facebook\" href=\"https:\/\/www.facebook.com\/sharer.php?u=https%3A%2F%2Fvoceatimisului.ro%2Ftinerii-din-timisoara-pe-podiumul-mondial-al-roboticii-echipa-csh-locul-3-la-first-tech-challenge-2025-din-houston%2F\" title=\"Facebook\" rel=\"noopener\"><\/p>\n<div class=\"td-social-but-text\">Facebook<\/div>\n<p><\/a><a class=\"td-social-sharing-button td-social-sharing-button-js td-social-network td-social-twitter\" href=\"https:\/\/twitter.com\/intent\/tweet?text=Tinerii+din+Timi%C8%99oara%2C+pe+podiumul+mondial+al+roboticii%3A+echipa+CSH%2C+locul+3+la+FIRST+Tech+Challenge+2025+din+Houston&amp;url=https%3A%2F%2Fvoceatimisului.ro%2Ftinerii-din-timisoara-pe-podiumul-mondial-al-roboticii-echipa-csh-locul-3-la-first-tech-challenge-2025-din-houston%2F&amp;via=Vocea+Timisului\" title=\"Twitter\" rel=\"noopener\"><\/p>\n<div class=\"td-social-but-text\">Twitter<\/div>\n<p><\/a><a class=\"td-social-sharing-button td-social-sharing-button-js td-social-network td-social-pinterest\" href=\"https:\/\/pinterest.com\/pin\/create\/button\/?url=https:\/\/voceatimisului.ro\/tinerii-din-timisoara-pe-podiumul-mondial-al-roboticii-echipa-csh-locul-3-la-first-tech-challenge-2025-din-houston\/&amp;media=https:\/\/voceatimisului.ro\/wp-content\/uploads\/2025\/04\/FIRST-Tech-Challenge-2025-din-Houston1.jpg&amp;description=Tinerii+din+Timi%C8%99oara%2C+pe+podiumul+mondial+al+roboticii%3A+echipa+CSH%2C+locul+3+la+FIRST+Tech+Challenge+2025+din+Houston\" title=\"Pinterest\" rel=\"noopener\"><\/p>\n<div class=\"td-social-but-text\">Pinterest<\/div>\n<p><\/a><a class=\"td-social-sharing-button td-social-sharing-button-js td-social-network td-social-whatsapp\" href=\"https:\/\/api.whatsapp.com\/send?text=Tinerii+din+Timi%C8%99oara%2C+pe+podiumul+mondial+al+roboticii%3A+echipa+CSH%2C+locul+3+la+FIRST+Tech+Challenge+2025+din+Houston%20%0A%0A%20https:\/\/voceatimisului.ro\/tinerii-din-timisoara-pe-podiumul-mondial-al-roboticii-echipa-csh-locul-3-la-first-tech-challenge-2025-din-houston\/\" title=\"WhatsApp\" rel=\"noopener\"><\/p>\n<div class=\"td-social-but-text\">WhatsApp<\/div>\n<p><\/a><a class=\"td-social-sharing-button td-social-sharing-button-js td-social-network td-social-linkedin\" href=\"https:\/\/www.linkedin.com\/shareArticle?mini=true&amp;url=https:\/\/voceatimisului.ro\/tinerii-din-timisoara-pe-podiumul-mondial-al-roboticii-echipa-csh-locul-3-la-first-tech-challenge-2025-din-houston\/&amp;title=Tinerii+din+Timi%C8%99oara%2C+pe+podiumul+mondial+al+roboticii%3A+echipa+CSH%2C+locul+3+la+FIRST+Tech+Challenge+2025+din+Houston\" title=\"Linkedin\" rel=\"noopener\"><\/p>\n<div class=\"td-social-but-text\">Linkedin<\/div>\n<p><\/a><a class=\"td-social-sharing-button td-social-sharing-button-js td-social-network td-social-copy_url\" href=\"https:\/\/voceatimisului.ro\/tinerii-din-timisoara-pe-podiumul-mondial-al-roboticii-echipa-csh-locul-3-la-first-tech-challenge-2025-din-houston\/\" title=\"Copy URL\" rel=\"noopener\"><\/p>\n<div class=\"td-social-but-text\">Copy URL<\/div>\n<p><\/a><\/div>\n<\/div>\n<\/div>\n<div class=\"td_block_wrap tdb_single_next_prev tdi_76 td-animation-stack td-next-prev-img-on td-pb-border-top td_block_template_1\" data-td-block-uid=\"tdi_76\">\n<div class=\"tdb-block-inner td-fix-index\">\n<div class=\"tdb-next-post tdb-next-post-bg tdb-post-prev\"><span>Articolul precedent<\/span><\/p>\n<div class=\"td-module-container\">\n<div class=\"td-image-container\"><a class=\"td-image-wrap\" href=\"https:\/\/voceatimisului.ro\/retim-afacerea-gunoaielor-de-aur-cum-s-au-scurs-milioane-spre-germania-pe-mana-consiliului-local\/\"><img loading=\"lazy\" decoding=\"async\" class=\"td-next-prev-image td-fix-index td-lazy-img\" title=\"RETIM: Afacerea gunoaielor de aur. Cum s-au scurs milioane spre Germania pe m\u00e2na Consiliului Local\" width=\"696\" height=\"522\" src=\"https:\/\/voceatimisului.ro\/wp-content\/uploads\/2025\/04\/RETIM-696x522.jpg\"><\/a><\/div>\n<div class=\"next-prev-title\"><a href=\"https:\/\/voceatimisului.ro\/retim-afacerea-gunoaielor-de-aur-cum-s-au-scurs-milioane-spre-germania-pe-mana-consiliului-local\/\">RETIM: Afacerea gunoaielor de aur. Cum s-au scurs milioane spre Germania pe m\u00e2na Consiliului Local<\/a><\/div>\n<\/div>\n<\/div>\n<div class=\"tdb-next-post tdb-next-post-bg tdb-post-next\"><span>Articolul urm\u0103tor<\/span><\/p>\n<div class=\"td-module-container\">\n<div class=\"td-image-container\"><a class=\"td-image-wrap\" href=\"https:\/\/voceatimisului.ro\/actiune-a-politiei-rutiere-timisoara-impotriva-soferilor-agresivi-amenzi-de-aproape-9-000-de-lei-si-doua-dosare-penale\/\"><img loading=\"lazy\" decoding=\"async\" class=\"td-next-prev-image td-fix-index td-lazy-img\" title=\"Ac\u021biune a Poli\u021biei Rutiere Timi\u0219oara \u00eempotriva \u0219oferilor agresivi: amenzi de aproape 9.000 de lei \u0219i dou\u0103 dosare penale\" width=\"696\" height=\"745\" src=\"https:\/\/voceatimisului.ro\/wp-content\/uploads\/2025\/04\/Actiune-a-Politiei-Rutiere-Timisoara3-696x745.jpg\"><\/a><\/div>\n<div class=\"next-prev-title\"><a href=\"https:\/\/voceatimisului.ro\/actiune-a-politiei-rutiere-timisoara-impotriva-soferilor-agresivi-amenzi-de-aproape-9-000-de-lei-si-doua-dosare-penale\/\">Ac\u021biune a Poli\u021biei Rutiere Timi\u0219oara \u00eempotriva \u0219oferilor agresivi: amenzi de aproape 9.000 de lei \u0219i dou\u0103 dosare penale<\/a><\/div>\n<\/div>\n<\/div>\n<\/div>\n<\/div>\n<\/div>\n<\/div>\n<\/div>\n<\/div>\n<div class=\"vc_row_inner tdi_86  vc_row vc_inner wpb_row td-pb-row\">\n<div class=\"vc_column_inner tdi_88  wpb_column vc_column_container tdc-inner-column td-pb-span4 td-is-sticky\">\n<div class=\"vc_column-inner\">\n<div class=\"wpb_wrapper\" data-sticky-enabled-on=\"W3RydWUsdHJ1ZSx0cnVlLHRydWVd\" data-sticky-offset=\"20\" data-sticky-is-width-auto=\"W2ZhbHNlLGZhbHNlLGZhbHNlLGZhbHNlXQ==\">\n<div class=\"td_block_wrap tdb_single_related tdi_89 td_with_ajax_pagination td-pb-border-top td_block_template_1 tdb-single-related-posts\" data-td-block-uid=\"tdi_89\">\n<div id=\"tdi_89\" class=\"td_block_inner tdb-block-inner td-fix-index\">\n<div class=\"tdb_module_related td_module_wrap td-animation-stack td-meta-info-hide\">\n<div class=\"td-module-container td-category-pos-image\">\n<div class=\"td-module-meta-info\">\n<h3 class=\"entry-title td-module-title\"><a href=\"https:\/\/voceatimisului.ro\/visit-timis-promoveaza-judetul-la-targul-international-de-turism-din-novi-sad\/\" rel=\"bookmark\" title=\"Visit Timi\u0219 promoveaz\u0103 jude\u021bul la T\u00e2rgul Interna\u021bional de Turism din Novi Sad\">Visit Timi\u0219 promoveaz\u0103 jude\u021bul la T\u00e2rgul Interna\u021bional de Turism din Novi Sad<\/a><\/h3>\n<\/div>\n<\/div>\n<\/div>\n<div class=\"tdb_module_related td_module_wrap td-animation-stack td-meta-info-hide\">\n<div class=\"td-module-container td-category-pos-image\">\n<div class=\"td-module-meta-info\">\n<h3 class=\"entry-title td-module-title\"><a href=\"https:\/\/voceatimisului.ro\/eveniment-de-iarna-la-muzeul-satului-banatean-organizat-de-consiliul-judetean-timis\/\" rel=\"bookmark\" title=\"Eveniment de iarn\u0103 la Muzeul Satului B\u0103n\u0103\u021bean, organizat de Consiliul Jude\u021bean Timi\u0219\">Eveniment de iarn\u0103 la Muzeul Satului B\u0103n\u0103\u021bean, organizat de Consiliul Jude\u021bean Timi\u0219<\/a><\/h3>\n<\/div>\n<\/div>\n<\/div>\n<div class=\"tdb_module_related td_module_wrap td-animation-stack td-meta-info-hide\">\n<div class=\"td-module-container td-category-pos-image\">\n<div class=\"td-module-meta-info\">\n<h3 class=\"entry-title td-module-title\"><a href=\"https:\/\/voceatimisului.ro\/proiectia-pariu-pe-timis-ajunge-la-sag\/\" rel=\"bookmark\" title=\"Proiec\u021bia \u201ePariu pe Timi\u0219\u201d ajunge la \u0218ag\">Proiec\u021bia \u201ePariu pe Timi\u0219\u201d ajunge la \u0218ag<\/a><\/h3>\n<\/div>\n<\/div>\n<\/div>\n<\/div>\n<\/div>\n<\/div>\n<\/div>\n<\/div>\n<div class=\"vc_column_inner tdi_91  wpb_column vc_column_container tdc-inner-column td-pb-span8\">\n<div class=\"vc_column-inner\">\n<div class=\"wpb_wrapper\">\n<div class=\"td_block_wrap tdb_single_comments tdi_92 tdb-comm-layout2 td-pb-border-top td_block_template_2\" data-td-block-uid=\"tdi_92\">\n<div class=\"tdb-block-inner td-fix-index\">\n<div class=\"comments\" id=\"comments\">\n<div id=\"respond\" class=\"comment-respond\">\n<h3 id=\"reply-title\" class=\"comment-reply-title\">L\u0102SA\u021aI UN MESAJ <small><a rel=\"nofollow\" id=\"cancel-comment-reply-link\" href=\"https:\/\/voceatimisului.ro\/tinerii-din-timisoara-pe-podiumul-mondial-al-roboticii-echipa-csh-locul-3-la-first-tech-challenge-2025-din-houston\/#respond\">Renun\u021ba\u021bi la r\u0103spuns<\/a><\/small><\/h3>\n<div class=\"comment-form-input-wrap td-form-comment\">\n<div class=\"td-warning-comment\">V\u0103 rug\u0103m s\u0103 introduce\u021bi comentariul dvs.!<\/div>\n<\/div>\n<div class=\"comment-form-input-wrap td-form-author\">\n<div class=\"td-warning-author\">Introduce\u021bi aici numele dvs.<\/div>\n<\/div>\n<div class=\"comment-form-input-wrap td-form-email\">\n<div class=\"td-warning-email-error\">A\u021bi introdus o adres\u0103 de e-mail incorect\u0103!<\/div>\n<div class=\"td-warning-email\">V\u0103 rug\u0103m s\u0103 introduce\u021bi adresa dvs. de e-mail aici<\/div>\n<\/div>\n<\/div>\n<\/div>\n<\/div>\n<\/div>\n<\/div>\n<\/div>\n<\/div>\n<\/div>\n<\/div>\n<\/div>\n<div class=\"vc_column tdi_94  wpb_column vc_column_container tdc-column td-pb-span4 td-is-sticky\">\n<div class=\"wpb_wrapper\" data-sticky-enabled-on=\"W3RydWUsdHJ1ZSx0cnVlLHRydWVd\" data-sticky-offset=\"20\" data-sticky-is-width-auto=\"W2ZhbHNlLGZhbHNlLGZhbHNlLGZhbHNlXQ==\">\n<div class=\"vc_row_inner tdi_96  vc_row vc_inner wpb_row td-pb-row\">\n<div class=\"vc_column_inner tdi_98  wpb_column vc_column_container tdc-inner-column td-pb-span12\">\n<div class=\"vc_column-inner\">\n<div class=\"wpb_wrapper\">\n<div class=\"td_block_wrap td_block_title tdi_99 td-pb-border-top td_block_template_11 td-fix-index\" data-td-block-uid=\"tdi_99\">\n<div class=\"td-block-title-wrap\">\n<h4 class=\"td-block-title\"><span class=\"td-pulldown-size\">ANUN\u021aURI \u0218I PUBLICITATE<\/span><\/h4>\n<\/div>\n<\/div>\n<\/div>\n<\/div>\n<\/div>\n<\/div>\n<div class=\"wpb_wrapper td_block_wrap vc_widget_sidebar tdi_101 \">\n<aside id=\"block-10\" class=\"td_block_template_1 widget block-10 widget_block widget_media_image\">\n<figure class=\"wp-block-image size-full\"><a href=\"https:\/\/adpghiroda.ro\/index.html\" target=\"_blank\" rel=\" noreferrer noopener\"><img decoding=\"async\" loading=\"eager\" width=\"960\" height=\"960\" src=\"https:\/\/voceatimisului.ro\/wp-content\/uploads\/2025\/03\/ADP-Ghiroda2.jpg\" alt class=\"wp-image-171492\"><\/a><\/figure>\n<\/aside>\n<aside id=\"block-11\" class=\"td_block_template_1 widget block-11 widget_block widget_media_image\">\n<figure class=\"wp-block-image size-full\"><a href=\"https:\/\/adpghiroda.ro\/index.html\" target=\"_blank\" rel=\" noreferrer noopener\"><img decoding=\"async\" loading=\"eager\" width=\"960\" height=\"960\" src=\"https:\/\/voceatimisului.ro\/wp-content\/uploads\/2025\/03\/ADP-Ghiroda1.jpg\" alt class=\"wp-image-171491\"><\/a><\/figure>\n<\/aside>\n<aside id=\"block-17\" class=\"td_block_template_1 widget block-17 widget_block widget_media_image\">\n<figure class=\"wp-block-image size-large is-resized\"><a href=\"https:\/\/verde.events\/\" target=\"_blank\" rel=\" noreferrer noopener\"><img decoding=\"async\" loading=\"lazy\" width=\"1024\" height=\"683\" src=\"https:\/\/voceatimisului.ro\/wp-content\/uploads\/2025\/08\/Verde-Events-24-1024x683.jpg\" alt=\"Verde Events\" class=\"wp-image-174395\"><\/a><figcaption class=\"wp-element-caption\"><strong><em>O experien\u021b\u0103 unic\u0103 pentru orice tip de eveniment<\/em><\/strong><\/figcaption><\/figure>\n<\/aside>\n<\/div>\n<div class=\"td_block_wrap td_flex_block_1 tdi_107 td-pb-border-top td_block_template_1 td_ajax_preloading_preload td_flex_block\" data-td-block-uid=\"tdi_107\">\n<div id=\"tdi_107\" class=\"td_block_inner td-mc1-wrap\">\n<div class=\"td_module_flex td_module_flex_1 td_module_wrap td-animation-stack td-meta-info-hide td-cpt-post\">\n<div class=\"td-module-container td-category-pos-image\">\n<div class=\"td-module-meta-info\">\n<h3 class=\"entry-title td-module-title\"><a href=\"https:\/\/voceatimisului.ro\/oferta-culturala-a-consiliului-judetean-timis-pentru-perioada-17-23-noiembrie\/\" rel=\"bookmark\" title=\"Oferta cultural\u0103 a Consiliului Jude\u021bean Timi\u0219 pentru perioada 17\u201323 noiembrie\">Oferta cultural\u0103 a Consiliului Jude\u021bean Timi\u0219 pentru perioada 17\u201323 noiembrie<\/a><\/h3>\n<\/div>\n<\/div>\n<\/div>\n<div class=\"td_module_flex td_module_flex_1 td_module_wrap td-animation-stack td-meta-info-hide td-cpt-post\">\n<div class=\"td-module-container td-category-pos-image\">\n<div class=\"td-module-meta-info\">\n<h3 class=\"entry-title td-module-title\"><a href=\"https:\/\/voceatimisului.ro\/demolarea-stadionului-dan-paltinisanu-documentele-care-demonteaza-acuzatiile-aparute-in-spatiul-public\/\" rel=\"bookmark\" title=\"Demolarea stadionului Dan P\u0103ltini\u0219anu. Documentele care demonteaz\u0103 acuza\u021biile ap\u0103rute \u00een spa\u021biul public\">Demolarea stadionului Dan P\u0103ltini\u0219anu. Documentele care demonteaz\u0103 acuza\u021biile ap\u0103rute \u00een spa\u021biul public<\/a><\/h3>\n<\/div>\n<\/div>\n<\/div>\n<div class=\"td_module_flex td_module_flex_1 td_module_wrap td-animation-stack td-meta-info-hide td-cpt-post\">\n<div class=\"td-module-container td-category-pos-image\">\n<div class=\"td-module-meta-info\">\n<h3 class=\"entry-title td-module-title\"><a href=\"https:\/\/voceatimisului.ro\/alfred-simonis-raspuns-pe-intelesul-tuturor-de-ce-timisul-merge-inainte-si-alte-judete-bat-pasul-pe-loc\/\" rel=\"bookmark\" title=\"Alfred Simonis, r\u0103spuns pe \u00een\u021belesul tuturor: de ce Timi\u0219ul merge \u00eenainte \u0219i alte jude\u021be bat pasul pe loc\">Alfred Simonis, r\u0103spuns pe \u00een\u021belesul tuturor: de ce Timi\u0219ul merge \u00eenainte \u0219i alte jude\u021be bat pasul pe loc<\/a><\/h3>\n<\/div>\n<\/div>\n<\/div>\n<div class=\"td_module_flex td_module_flex_1 td_module_wrap td-animation-stack td-meta-info-hide td-cpt-post\">\n<div class=\"td-module-container td-category-pos-image\">\n<div class=\"td-module-meta-info\">\n<h3 class=\"entry-title td-module-title\"><a href=\"https:\/\/voceatimisului.ro\/alfred-simonis-un-an-de-mandat-si-cea-mai-coerenta-administratie-judeteana-de-dupa-1989\/\" rel=\"bookmark\" title=\"Alfred Simonis: un an de mandat \u0219i cea mai coerent\u0103 administra\u021bie jude\u021bean\u0103 de dup\u0103 1989\">Alfred Simonis: un an de mandat \u0219i cea mai coerent\u0103 administra\u021bie jude\u021bean\u0103 de dup\u0103 1989<\/a><\/h3>\n<\/div>\n<\/div>\n<\/div>\n<div class=\"td_module_flex td_module_flex_1 td_module_wrap td-animation-stack td-meta-info-hide td-cpt-post\">\n<div class=\"td-module-container td-category-pos-image\">\n<div class=\"td-module-meta-info\">\n<h3 class=\"entry-title td-module-title\"><a href=\"https:\/\/voceatimisului.ro\/alfred-simonis-consiliul-judetean-timis-va-finanta-refacerea-scolii-din-lovrin-distruse-de-incendiu\/\" rel=\"bookmark\" title=\"Alfred Simonis: Consiliul Jude\u021bean Timi\u0219 va finan\u021ba refacerea \u0219colii din Lovrin distruse de incendiu\">Alfred Simonis: Consiliul Jude\u021bean Timi\u0219 va finan\u021ba refacerea \u0219colii din Lovrin distruse de incendiu<\/a><\/h3>\n<\/div>\n<\/div>\n<\/div>\n<\/div>\n<\/div>\n<\/div>\n<\/div>\n<\/div>\n<\/div>\n<\/div>\n<\/div>\n<p><span class=\"td-page-meta\"><\/span><span class=\"td-page-meta\"><span class=\"td-page-meta\"><\/span><\/span><span class=\"td-page-meta\"><\/span><\/article>\n<p> Source URL: https:\/\/voceatimisului.ro\/tinerii-din-timisoara-pe-podiumul-mondial-al-roboticii-echipa-csh-locul-3-la-first-tech-challenge-2025-din-houston\/<\/p>\n","protected":false},"excerpt":{"rendered":"<p>\u0218tiriEduca\u021bie Tinerii din Timi\u0219oara, pe podiumul mondial al roboticii: echipa CSH, locul 3 la FIRST Tech Challenge 2025 din Houston Autor-Radu Constantin 23 aprilie 2025 0 1382 Facebook Twitter Pinterest WhatsApp Linkedin Copy URL Banatul trece de prima etap\u0103 \u00een cursa pentru titlul de Regiune Gastronomic\u0103 European\u0103 2028 Oferta cultural\u0103 a Consiliului Jude\u021bean Timi\u0219 \u00een [&hellip;]<\/p>\n","protected":false},"author":1,"featured_media":0,"comment_status":"open","ping_status":"","sticky":false,"template":"","format":"standard","meta":{"footnotes":""},"categories":[89],"tags":[199],"class_list":["post-1053754","post","type-post","status-publish","format-standard","hentry","category-romania","tag-voceatimisului-ro"],"_links":{"self":[{"href":"https:\/\/analyse.optim.biz\/index.php?rest_route=\/wp\/v2\/posts\/1053754","targetHints":{"allow":["GET"]}}],"collection":[{"href":"https:\/\/analyse.optim.biz\/index.php?rest_route=\/wp\/v2\/posts"}],"about":[{"href":"https:\/\/analyse.optim.biz\/index.php?rest_route=\/wp\/v2\/types\/post"}],"author":[{"embeddable":true,"href":"https:\/\/analyse.optim.biz\/index.php?rest_route=\/wp\/v2\/users\/1"}],"replies":[{"embeddable":true,"href":"https:\/\/analyse.optim.biz\/index.php?rest_route=%2Fwp%2Fv2%2Fcomments&post=1053754"}],"version-history":[{"count":0,"href":"https:\/\/analyse.optim.biz\/index.php?rest_route=\/wp\/v2\/posts\/1053754\/revisions"}],"wp:attachment":[{"href":"https:\/\/analyse.optim.biz\/index.php?rest_route=%2Fwp%2Fv2%2Fmedia&parent=1053754"}],"wp:term":[{"taxonomy":"category","embeddable":true,"href":"https:\/\/analyse.optim.biz\/index.php?rest_route=%2Fwp%2Fv2%2Fcategories&post=1053754"},{"taxonomy":"post_tag","embeddable":true,"href":"https:\/\/analyse.optim.biz\/index.php?rest_route=%2Fwp%2Fv2%2Ftags&post=1053754"}],"curies":[{"name":"wp","href":"https:\/\/api.w.org\/{rel}","templated":true}]}}