{"id":1053749,"date":"2025-05-15T17:28:16","date_gmt":"2025-05-15T14:28:16","guid":{"rendered":"https:\/\/analyse.optim.biz\/?p=1053749"},"modified":"2025-05-15T17:28:16","modified_gmt":"2025-05-15T14:28:16","slug":"saptamana-nationala-a-sigurantei-rutiere-activitati-educative-in-scolile-din-judetul-timis","status":"publish","type":"post","link":"https:\/\/analyse.optim.biz\/?p=1053749","title":{"rendered":"S\u0103pt\u0103m\u00e2na Na\u021bional\u0103 a Siguran\u021bei Rutiere \u2013 Activit\u0103\u021bi educative \u00een \u0219colile din jude\u021bul Timi\u0219"},"content":{"rendered":"<article id=\"template-id-172790\" class=\"post-172790 tdb_templates type-tdb_templates status-publish post\">\n<div id=\"tdi_38\" class=\"tdc-zone\">\n<div class=\"tdc_zone tdi_39  wpb_row td-pb-row\">\n<div id=\"tdi_40\" class=\"tdc-row stretch_row_1400 td-stretch-content\">\n<div class=\"vc_row tdi_41  wpb_row td-pb-row tdc-element-style\">\n<div class=\"vc_column tdi_43  wpb_column vc_column_container tdc-column td-pb-span8\">\n<div class=\"wpb_wrapper\">\n<div class=\"td_block_wrap tdb_single_categories tdi_44 td-pb-border-top td_block_template_1 \" data-td-block-uid=\"tdi_44\">\n<div class=\"tdb-category td-fix-index\"><a class=\"tdb-entry-category\" href=\"https:\/\/voceatimisului.ro\/stiri-din-timisoara-si-timis\/\">\u0218tiri<\/a><a class=\"tdb-entry-category\" href=\"https:\/\/voceatimisului.ro\/stiri-din-timisoara-si-timis\/educatie\/\">Educa\u021bie<\/a><\/div>\n<\/div>\n<div class=\"td_block_wrap tdb_title tdi_45 tdb-single-title td-pb-border-top td_block_template_1\" data-td-block-uid=\"tdi_45\">\n<div class=\"tdb-block-inner td-fix-index\">\n<h1 class=\"tdb-title-text\">S\u0103pt\u0103m\u00e2na Na\u021bional\u0103 a Siguran\u021bei Rutiere \u2013 Activit\u0103\u021bi educative \u00een \u0219colile din jude\u021bul Timi\u0219<\/h1>\n<\/div>\n<\/div>\n<div class=\"vc_row_inner tdi_48  vc_row vc_inner wpb_row td-pb-row\">\n<div class=\"vc_column_inner tdi_50  wpb_column vc_column_container tdc-inner-column td-pb-span6\">\n<div class=\"vc_column-inner\">\n<div class=\"wpb_wrapper\">\n<div class=\"td_block_wrap tdb_single_author tdi_51 td-pb-border-top td_block_template_1 tdb-post-meta\" data-td-block-uid=\"tdi_51\">\n<div class=\"tdb-block-inner td-fix-index\">\n<div class=\"tdb-author-name-wrap\"><span class=\"tdb-author-by\">Autor-<\/span><a class=\"tdb-author-name\" href=\"https:\/\/voceatimisului.ro\/author\/cataadmin\/\">Radu Constantin<\/a><\/div>\n<\/div>\n<\/div>\n<div class=\"td_block_wrap tdb_single_date tdi_52 td-pb-border-top td_block_template_1 tdb-post-meta\" data-td-block-uid=\"tdi_52\">\n<div class=\"tdb-block-inner td-fix-index\"><time class=\"entry-date updated td-module-date\" datetime=\"2025-05-15T20:28:16+03:00\">15 mai 2025<\/time><\/div>\n<\/div>\n<div class=\"td_block_wrap tdb_single_comments_count tdi_53 td-pb-border-top td_block_template_1 tdb-post-meta\" data-td-block-uid=\"tdi_53\">\n<div class=\"tdb-block-inner td-fix-index\"><a href=\"https:\/\/voceatimisului.ro\/saptamana-nationala-a-sigurantei-rutiere-activitati-educative-in-scolile-din-judetul-timis\/#respond\"><span>0<\/span><\/a><\/div>\n<\/div>\n<div class=\"td_block_wrap tdb_single_post_views tdi_54 td-pb-border-top td_block_template_1 tdb-post-meta\" data-td-block-uid=\"tdi_54\">\n<div class=\"tdb-block-inner td-fix-index\"><span class=\"tdb-add-text\">1<\/span><span class=\"td-nr-views-172265\">281<\/span><\/div>\n<\/div>\n<\/div>\n<\/div>\n<\/div>\n<div class=\"vc_column_inner tdi_56  wpb_column vc_column_container tdc-inner-column td-pb-span6\">\n<div class=\"vc_column-inner\">\n<div class=\"wpb_wrapper\">\n<div class=\"td_block_wrap tdb_single_post_share tdi_57  td-pb-border-top td_block_template_1\" data-td-block-uid=\"tdi_57\">\n<div id=\"tdi_57\" class=\"td-post-sharing tdb-block td-ps-bg td-ps-notext td-post-sharing-style1 \">\n<div class=\"td-post-sharing-visible\"><a class=\"td-social-sharing-button td-social-sharing-button-js td-social-network td-social-facebook\" href=\"https:\/\/www.facebook.com\/sharer.php?u=https%3A%2F%2Fvoceatimisului.ro%2Fsaptamana-nationala-a-sigurantei-rutiere-activitati-educative-in-scolile-din-judetul-timis%2F\" title=\"Facebook\" rel=\"noopener\"><\/p>\n<div class=\"td-social-but-text\">Facebook<\/div>\n<p><\/a><a class=\"td-social-sharing-button td-social-sharing-button-js td-social-network td-social-twitter\" href=\"https:\/\/twitter.com\/intent\/tweet?text=S%C4%83pt%C4%83m%C3%A2na+Na%C8%9Bional%C4%83+a+Siguran%C8%9Bei+Rutiere+%E2%80%93+Activit%C4%83%C8%9Bi+educative+%C3%AEn+%C8%99colile+din+jude%C8%9Bul+Timi%C8%99&amp;url=https%3A%2F%2Fvoceatimisului.ro%2Fsaptamana-nationala-a-sigurantei-rutiere-activitati-educative-in-scolile-din-judetul-timis%2F&amp;via=Vocea+Timisului\" title=\"Twitter\" rel=\"noopener\"><\/p>\n<div class=\"td-social-but-text\">Twitter<\/div>\n<p><\/a><a class=\"td-social-sharing-button td-social-sharing-button-js td-social-network td-social-pinterest\" href=\"https:\/\/pinterest.com\/pin\/create\/button\/?url=https:\/\/voceatimisului.ro\/saptamana-nationala-a-sigurantei-rutiere-activitati-educative-in-scolile-din-judetul-timis\/&amp;media=https:\/\/voceatimisului.ro\/wp-content\/uploads\/2025\/05\/Saptamana-Nationala-a-Sigurantei-Rutiere1.jpg&amp;description=S%C4%83pt%C4%83m%C3%A2na+Na%C8%9Bional%C4%83+a+Siguran%C8%9Bei+Rutiere+%E2%80%93+Activit%C4%83%C8%9Bi+educative+%C3%AEn+%C8%99colile+din+jude%C8%9Bul+Timi%C8%99\" title=\"Pinterest\" rel=\"noopener\"><\/p>\n<div class=\"td-social-but-text\">Pinterest<\/div>\n<p><\/a><a class=\"td-social-sharing-button td-social-sharing-button-js td-social-network td-social-whatsapp\" href=\"https:\/\/api.whatsapp.com\/send?text=S%C4%83pt%C4%83m%C3%A2na+Na%C8%9Bional%C4%83+a+Siguran%C8%9Bei+Rutiere+%E2%80%93+Activit%C4%83%C8%9Bi+educative+%C3%AEn+%C8%99colile+din+jude%C8%9Bul+Timi%C8%99%20%0A%0A%20https:\/\/voceatimisului.ro\/saptamana-nationala-a-sigurantei-rutiere-activitati-educative-in-scolile-din-judetul-timis\/\" title=\"WhatsApp\" rel=\"noopener\"><\/p>\n<div class=\"td-social-but-text\">WhatsApp<\/div>\n<p><\/a><a class=\"td-social-sharing-button td-social-sharing-button-js td-social-network td-social-linkedin\" href=\"https:\/\/www.linkedin.com\/shareArticle?mini=true&amp;url=https:\/\/voceatimisului.ro\/saptamana-nationala-a-sigurantei-rutiere-activitati-educative-in-scolile-din-judetul-timis\/&amp;title=S%C4%83pt%C4%83m%C3%A2na+Na%C8%9Bional%C4%83+a+Siguran%C8%9Bei+Rutiere+%E2%80%93+Activit%C4%83%C8%9Bi+educative+%C3%AEn+%C8%99colile+din+jude%C8%9Bul+Timi%C8%99\" title=\"Linkedin\" rel=\"noopener\"><\/p>\n<div class=\"td-social-but-text\">Linkedin<\/div>\n<p><\/a><a class=\"td-social-sharing-button td-social-sharing-button-js td-social-network td-social-copy_url\" href=\"https:\/\/voceatimisului.ro\/saptamana-nationala-a-sigurantei-rutiere-activitati-educative-in-scolile-din-judetul-timis\/\" title=\"Copy URL\" rel=\"noopener\"><\/p>\n<div class=\"td-social-but-text\">Copy URL<\/div>\n<p><\/a><\/div>\n<\/div>\n<\/div>\n<\/div>\n<\/div>\n<\/div>\n<\/div>\n<div class=\"td_block_wrap tdb_single_featured_image tdi_58 tdb-content-horiz-left td-pb-border-top td_block_template_1\" data-td-block-uid=\"tdi_58\">\n<div class=\"tdb-block-inner td-fix-index\"><img fetchpriority=\"high\" decoding=\"async\" width=\"696\" height=\"472\" class=\"entry-thumb\" src=\"https:\/\/voceatimisului.ro\/wp-content\/uploads\/2025\/05\/Saptamana-Nationala-a-Sigurantei-Rutiere1-696x472.jpg\" alt title=\"S\u0103pt\u0103m\u00e2na Na\u021bional\u0103 a Siguran\u021bei Rutiere1\" loading=\"eager\"><\/div>\n<\/div>\n<div class=\"vc_row_inner tdi_60  vc_row vc_inner wpb_row td-pb-row\">\n<div class=\"vc_column_inner tdi_62  wpb_column vc_column_container tdc-inner-column td-pb-span4 td-is-sticky\">\n<div class=\"vc_column-inner\">\n<div class=\"wpb_wrapper\" data-sticky-enabled-on=\"W3RydWUsdHJ1ZSx0cnVlLHRydWVd\" data-sticky-offset=\"20\" data-sticky-is-width-auto=\"W2ZhbHNlLGZhbHNlLGZhbHNlLGZhbHNlXQ==\">\n<div class=\"td_block_wrap td_flex_block_1 tdi_63 td-pb-border-top td_block_template_1 td_ajax_preloading_preload td_flex_block\" data-td-block-uid=\"tdi_63\">\n<div id=\"tdi_63\" class=\"td_block_inner td-mc1-wrap\">\n<div class=\"td_module_flex td_module_flex_1 td_module_wrap td-animation-stack td-meta-info-hide td-cpt-post\">\n<div class=\"td-module-container td-category-pos-image\">\n<div class=\"td-module-meta-info\">\n<h3 class=\"entry-title td-module-title\"><a href=\"https:\/\/voceatimisului.ro\/https-voceatimisului-ro-incident-grav-semnalat-intr-o-toaleta-de-la-liceul-calderon-din-timisoara-politia-si-inspectoratul-scolar-au-fost-sesizate\/\" rel=\"bookmark\" title=\"Incident grav semnalat \u00eentr-o toalet\u0103 de la Liceul Calderon din Timi\u0219oara. Poli\u021bia \u0219i Inspectoratul \u0218colar au fost sesizate\">Incident grav semnalat \u00eentr-o toalet\u0103 de la Liceul Calderon din Timi\u0219oara. Poli\u021bia \u0219i Inspectoratul \u0218colar au fost sesizate<\/a><\/h3>\n<\/div>\n<\/div>\n<\/div>\n<div class=\"td_module_flex td_module_flex_1 td_module_wrap td-animation-stack td-meta-info-hide td-cpt-post\">\n<div class=\"td-module-container td-category-pos-image\">\n<div class=\"td-module-meta-info\">\n<h3 class=\"entry-title td-module-title\"><a href=\"https:\/\/voceatimisului.ro\/val-de-sanctiuni-in-timis-peste-240-de-amenzi-si-42-de-permise-retinute-intr-un-singur-weekend\/\" rel=\"bookmark\" title=\"Val de sanc\u021biuni \u00een Timi\u0219: Peste 240 de amenzi \u0219i 42 de permise re\u021binute \u00eentr-un singur weekend\">Val de sanc\u021biuni \u00een Timi\u0219: Peste 240 de amenzi \u0219i 42 de permise re\u021binute \u00eentr-un singur weekend<\/a><\/h3>\n<\/div>\n<\/div>\n<\/div>\n<div class=\"td_module_flex td_module_flex_1 td_module_wrap td-animation-stack td-meta-info-hide td-cpt-post\">\n<div class=\"td-module-container td-category-pos-image\">\n<div class=\"td-module-meta-info\">\n<h3 class=\"entry-title td-module-title\"><a href=\"https:\/\/voceatimisului.ro\/accident-grav-pe-calea-sagului-din-timisoara-o-masina-a-ajuns-pe-contrasens-a-lovit-doi-pietoni-si-a-distrus-mai-multe-autoturisme\/\" rel=\"bookmark\" title=\"Accident grav pe Calea \u0218agului din Timi\u0219oara! O ma\u0219in\u0103 a ajuns pe contrasens, a lovit doi pietoni \u0219i a distrus mai multe autoturisme\">Accident grav pe Calea \u0218agului din Timi\u0219oara! O ma\u0219in\u0103 a ajuns pe contrasens, a lovit doi pietoni \u0219i a distrus mai multe autoturisme<\/a><\/h3>\n<\/div>\n<\/div>\n<\/div>\n<div class=\"td_module_flex td_module_flex_1 td_module_wrap td-animation-stack td-meta-info-hide td-cpt-post\">\n<div class=\"td-module-container td-category-pos-image\">\n<div class=\"td-module-meta-info\">\n<h3 class=\"entry-title td-module-title\"><a href=\"https:\/\/voceatimisului.ro\/angajari-din-sursa-externa-la-politie-in-timis-sunt-disponibile-18-posturi\/\" rel=\"bookmark\" title=\"Angaj\u0103ri din surs\u0103 extern\u0103 la Poli\u021bie! \u00cen Timi\u0219 sunt disponibile 18 posturi\">Angaj\u0103ri din surs\u0103 extern\u0103 la Poli\u021bie! \u00cen Timi\u0219 sunt disponibile 18 posturi<\/a><\/h3>\n<\/div>\n<\/div>\n<\/div>\n<\/div>\n<\/div>\n<div class=\"tdb-author-box td_block_wrap tdb_single_author_box tdi_68 tdb-content-vert-top td-pb-border-top td_block_template_1\" data-td-block-uid=\"tdi_68\">\n<div class=\"tdb-block-inner td-fix-index\">\n<div class=\"tdb-author-info\"><a href=\"https:\/\/voceatimisului.ro\/author\/cataadmin\/\" class=\"tdb-author-name\">Radu Constantin<\/a><a href=\"http:\/\/www.voceatimisului.ro\" rel=\"nofollow\" class=\"tdb-author-url\">http:\/\/www.voceatimisului.ro<\/a><\/p>\n<div class=\"tdb-author-descr\">\u00centreaga responsabilitate a comentariilor l\u0103sate de dumneavoastr\u0103 v\u0103 apar\u021bine!<br \/>\nClick <a href=\"https:\/\/voceatimisului.ro\/termeni-si-conditii\/\">aici<\/a>-citeste condi\u0163iile de utilizare ale site-ului www.voceatimisului.ro<\/div>\n<\/div>\n<\/div>\n<\/div>\n<\/div>\n<\/div>\n<\/div>\n<div class=\"vc_column_inner tdi_70  wpb_column vc_column_container tdc-inner-column td-pb-span8\">\n<div class=\"vc_column-inner\">\n<div class=\"wpb_wrapper\">\n<div class=\"td_block_wrap tdb_single_content tdi_71 td-pb-border-top td_block_template_1 td-post-content tagdiv-type\" data-td-block-uid=\"tdi_71\">\n<div class=\"tdb-block-inner td-fix-index\">\n<h5 class=\"wp-block-heading\">Ast\u0103zi a debutat S\u0103pt\u0103m\u00e2na Na\u021bional\u0103 a Siguran\u021bei Rutiere, organizat\u0103 \u00een baza Legii nr. 42\/2025, care stabile\u0219te cea de-a treia s\u0103pt\u0103m\u00e2n\u0103 din luna mai ca perioad\u0103 dedicat\u0103 promov\u0103rii siguran\u021bei \u00een trafic.<\/h5>\n<p>Cu aceast\u0103 ocazie, reprezentan\u021bii Inspectoratului de Poli\u021bie Jude\u021bean Timi\u0219 \u2013 Serviciul Rutier, al\u0103turi de Biroul Siguran\u021b\u0103 \u0218colar\u0103, au desf\u0103\u0219urat activit\u0103\u021bi educative \u00eentr-una dintre unit\u0103\u021bile de \u00eenv\u0103\u021b\u0103m\u00e2nt din jude\u021b, av\u00e2nd ca scop con\u0219tientizarea elevilor \u00een privin\u021ba importan\u021bei respect\u0103rii regulilor de circula\u021bie.<\/p>\n<p>Mesajul transmis elevilor a fost unul simplu \u0219i important: <strong>traversarea str\u0103zii doar pe trecerile de pietoni, aten\u021bia \u00een trafic \u0219i respectarea regulilor de circula\u021bie sunt esen\u021biale pentru siguran\u021ba tuturor.<\/strong><\/p>\n<p>Educa\u021bia rutier\u0103 trebuie s\u0103 \u00eenceap\u0103 \u00eenc\u0103 de la cele mai mici v\u00e2rste, pentru ca cei mici s\u0103 devin\u0103, mai t\u00e2rziu, pietoni \u0219i \u0219oferi con\u0219tien\u021bi \u0219i responsabili.<\/p>\n<p>Aceast\u0103 s\u0103pt\u0103m\u00e2n\u0103 este dedicat\u0103 reflec\u021biei, educa\u021biei \u0219i g\u0103sirii unor solu\u021bii comune pentru reducerea riscurilor din trafic.<\/p>\n<p>Din p\u0103cate, \u00een fiecare an, pe drumurile din Rom\u00e2nia au loc numeroase accidente rutiere, soldate cu pierderi de vie\u021bi omene\u0219ti \u0219i v\u0103t\u0103m\u0103ri corporale grave. Preven\u021bia \u0219i educa\u021bia r\u0103m\u00e2n cele mai eficiente arme \u00eempotriva acestor tragedii.<\/p>\n<figure class=\"wp-block-embed is-type-video is-provider-youtube wp-block-embed-youtube wp-embed-aspect-16-9 \">\n<div class=\"wp-block-embed__wrapper\"><span class=\"flying-press-youtube\" data-src=\"https:\/\/www.youtube.com\/embed\/97heZmDONHc?feature=oembed&amp;autoplay=1\"><img decoding=\"async\" src=\"https:\/\/voceatimisului.ro\/wp-content\/cache\/flying-press\/0d89de799efd5003a8534708a22406dc.jpg\" width=\"1280\" height=\"720\" alt=\"S\u0103pt\u0103m\u00e2na Na\u021bional\u0103 a Siguran\u021bei Rutiere\" loading=\"lazy\"><\/span><\/div>\n<\/figure>\n<figure class=\"wp-block-gallery has-nested-images columns-default is-cropped wp-block-gallery-1 is-layout-flex wp-block-gallery-is-layout-flex\">\n<div><a href=\"https:\/\/voceatimisului.ro\/wp-content\/uploads\/2025\/05\/Saptamana-Nationala-a-Sigurantei-Rutiere6-1024x576.jpg\" class=\"td-modal-image\"><\/p>\n<figure class=\"wp-block-image size-large\"><img decoding=\"async\" width=\"1024\" height=\"576\" data-id=\"172264\" src=\"https:\/\/voceatimisului.ro\/wp-content\/uploads\/2025\/05\/Saptamana-Nationala-a-Sigurantei-Rutiere6-1024x576.jpg\" alt=\"S\u0103pt\u0103m\u00e2na Na\u021bional\u0103 a Siguran\u021bei Rutiere \u2013 Activit\u0103\u021bi educative \u00een \u0219colile din jude\u021bul Timi\u0219\" class=\"wp-image-172264\" loading=\"lazy\"><\/figure>\n<p><\/a><\/div>\n<figure class=\"wp-block-image size-large\"><img decoding=\"async\" width=\"1024\" height=\"576\" data-id=\"172263\" src=\"https:\/\/voceatimisului.ro\/wp-content\/uploads\/2025\/05\/Saptamana-Nationala-a-Sigurantei-Rutiere4-1024x576.jpg\" alt=\"S\u0103pt\u0103m\u00e2na Na\u021bional\u0103 a Siguran\u021bei Rutiere \u2013 Activit\u0103\u021bi educative \u00een \u0219colile din jude\u021bul Timi\u0219\" class=\"wp-image-172263\" loading=\"lazy\"><\/figure>\n<figure class=\"wp-block-image size-large\"><img decoding=\"async\" loading=\"lazy\" width=\"1024\" height=\"576\" data-id=\"172262\" src=\"https:\/\/voceatimisului.ro\/wp-content\/uploads\/2025\/05\/Saptamana-Nationala-a-Sigurantei-Rutiere3-1024x576.jpg\" alt=\"S\u0103pt\u0103m\u00e2na Na\u021bional\u0103 a Siguran\u021bei Rutiere \u2013 Activit\u0103\u021bi educative \u00een \u0219colile din jude\u021bul Timi\u0219\" class=\"wp-image-172262\"><\/figure>\n<figure class=\"wp-block-image size-large\"><img decoding=\"async\" loading=\"lazy\" width=\"1024\" height=\"694\" data-id=\"172261\" src=\"https:\/\/voceatimisului.ro\/wp-content\/uploads\/2025\/05\/Saptamana-Nationala-a-Sigurantei-Rutiere1-1024x694.jpg\" alt=\"S\u0103pt\u0103m\u00e2na Na\u021bional\u0103 a Siguran\u021bei Rutiere \u2013 Activit\u0103\u021bi educative \u00een \u0219colile din jude\u021bul Timi\u0219\" class=\"wp-image-172261\"><\/figure>\n<figure class=\"wp-block-image size-large\"><img decoding=\"async\" loading=\"lazy\" width=\"1024\" height=\"583\" data-id=\"172260\" src=\"https:\/\/voceatimisului.ro\/wp-content\/uploads\/2025\/05\/Saptamana-Nationala-a-Sigurantei-Rutiere5-1024x583.jpg\" alt=\"S\u0103pt\u0103m\u00e2na Na\u021bional\u0103 a Siguran\u021bei Rutiere \u2013 Activit\u0103\u021bi educative \u00een \u0219colile din jude\u021bul Timi\u0219\" class=\"wp-image-172260\"><\/figure>\n<figure class=\"wp-block-image size-large\"><img decoding=\"async\" loading=\"lazy\" width=\"1024\" height=\"576\" data-id=\"172259\" src=\"https:\/\/voceatimisului.ro\/wp-content\/uploads\/2025\/05\/Saptamana-Nationala-a-Sigurantei-Rutiere2-1024x576.jpg\" alt=\"S\u0103pt\u0103m\u00e2na Na\u021bional\u0103 a Siguran\u021bei Rutiere \u2013 Activit\u0103\u021bi educative \u00een \u0219colile din jude\u021bul Timi\u0219\" class=\"wp-image-172259\"><\/figure>\n<\/figure>\n<\/div>\n<\/div>\n<div class=\"td_block_wrap tdb_single_tags tdi_74 td-pb-border-top td_block_template_1\" data-td-block-uid=\"tdi_74\">\n<div class=\"tdb-block-inner td-fix-index\">\n<ul class=\"tdb-tags\">\n<li><span>Tags<\/span><\/li>\n<li><a href=\"https:\/\/voceatimisului.ro\/tag\/educatie-rutiera\/\">educatie rutiera<\/a><\/li>\n<li><a href=\"https:\/\/voceatimisului.ro\/tag\/ipj-timis-2\/\">IPJ Timi\u0219<\/a><\/li>\n<li><a href=\"https:\/\/voceatimisului.ro\/tag\/saptamana-nationala-a-sigurantei-rutiere\/\">S\u0103pt\u0103m\u00e2na Na\u021bional\u0103 a Siguran\u021bei Rutiere<\/a><\/li>\n<\/ul>\n<\/div>\n<\/div>\n<div class=\"td_block_wrap tdb_single_post_share tdi_75  td-pb-border-top td_block_template_1\" data-td-block-uid=\"tdi_75\">\n<div id=\"tdi_75\" class=\"td-post-sharing tdb-block td-ps-bg td-ps-notext td-post-sharing-style1 \">\n<div class=\"td-post-sharing-visible\"><a class=\"td-social-sharing-button td-social-sharing-button-js td-social-network td-social-facebook\" href=\"https:\/\/www.facebook.com\/sharer.php?u=https%3A%2F%2Fvoceatimisului.ro%2Fsaptamana-nationala-a-sigurantei-rutiere-activitati-educative-in-scolile-din-judetul-timis%2F\" title=\"Facebook\" rel=\"noopener\"><\/p>\n<div class=\"td-social-but-text\">Facebook<\/div>\n<p><\/a><a class=\"td-social-sharing-button td-social-sharing-button-js td-social-network td-social-twitter\" href=\"https:\/\/twitter.com\/intent\/tweet?text=S%C4%83pt%C4%83m%C3%A2na+Na%C8%9Bional%C4%83+a+Siguran%C8%9Bei+Rutiere+%E2%80%93+Activit%C4%83%C8%9Bi+educative+%C3%AEn+%C8%99colile+din+jude%C8%9Bul+Timi%C8%99&amp;url=https%3A%2F%2Fvoceatimisului.ro%2Fsaptamana-nationala-a-sigurantei-rutiere-activitati-educative-in-scolile-din-judetul-timis%2F&amp;via=Vocea+Timisului\" title=\"Twitter\" rel=\"noopener\"><\/p>\n<div class=\"td-social-but-text\">Twitter<\/div>\n<p><\/a><a class=\"td-social-sharing-button td-social-sharing-button-js td-social-network td-social-pinterest\" href=\"https:\/\/pinterest.com\/pin\/create\/button\/?url=https:\/\/voceatimisului.ro\/saptamana-nationala-a-sigurantei-rutiere-activitati-educative-in-scolile-din-judetul-timis\/&amp;media=https:\/\/voceatimisului.ro\/wp-content\/uploads\/2025\/05\/Saptamana-Nationala-a-Sigurantei-Rutiere1.jpg&amp;description=S%C4%83pt%C4%83m%C3%A2na+Na%C8%9Bional%C4%83+a+Siguran%C8%9Bei+Rutiere+%E2%80%93+Activit%C4%83%C8%9Bi+educative+%C3%AEn+%C8%99colile+din+jude%C8%9Bul+Timi%C8%99\" title=\"Pinterest\" rel=\"noopener\"><\/p>\n<div class=\"td-social-but-text\">Pinterest<\/div>\n<p><\/a><a class=\"td-social-sharing-button td-social-sharing-button-js td-social-network td-social-whatsapp\" href=\"https:\/\/api.whatsapp.com\/send?text=S%C4%83pt%C4%83m%C3%A2na+Na%C8%9Bional%C4%83+a+Siguran%C8%9Bei+Rutiere+%E2%80%93+Activit%C4%83%C8%9Bi+educative+%C3%AEn+%C8%99colile+din+jude%C8%9Bul+Timi%C8%99%20%0A%0A%20https:\/\/voceatimisului.ro\/saptamana-nationala-a-sigurantei-rutiere-activitati-educative-in-scolile-din-judetul-timis\/\" title=\"WhatsApp\" rel=\"noopener\"><\/p>\n<div class=\"td-social-but-text\">WhatsApp<\/div>\n<p><\/a><a class=\"td-social-sharing-button td-social-sharing-button-js td-social-network td-social-linkedin\" href=\"https:\/\/www.linkedin.com\/shareArticle?mini=true&amp;url=https:\/\/voceatimisului.ro\/saptamana-nationala-a-sigurantei-rutiere-activitati-educative-in-scolile-din-judetul-timis\/&amp;title=S%C4%83pt%C4%83m%C3%A2na+Na%C8%9Bional%C4%83+a+Siguran%C8%9Bei+Rutiere+%E2%80%93+Activit%C4%83%C8%9Bi+educative+%C3%AEn+%C8%99colile+din+jude%C8%9Bul+Timi%C8%99\" title=\"Linkedin\" rel=\"noopener\"><\/p>\n<div class=\"td-social-but-text\">Linkedin<\/div>\n<p><\/a><a class=\"td-social-sharing-button td-social-sharing-button-js td-social-network td-social-copy_url\" href=\"https:\/\/voceatimisului.ro\/saptamana-nationala-a-sigurantei-rutiere-activitati-educative-in-scolile-din-judetul-timis\/\" title=\"Copy URL\" rel=\"noopener\"><\/p>\n<div class=\"td-social-but-text\">Copy URL<\/div>\n<p><\/a><\/div>\n<\/div>\n<\/div>\n<div class=\"td_block_wrap tdb_single_next_prev tdi_76 td-animation-stack td-next-prev-img-on td-pb-border-top td_block_template_1\" data-td-block-uid=\"tdi_76\">\n<div class=\"tdb-block-inner td-fix-index\">\n<div class=\"tdb-next-post tdb-next-post-bg tdb-post-prev\"><span>Articolul precedent<\/span><\/p>\n<div class=\"td-module-container\">\n<div class=\"td-image-container\"><a class=\"td-image-wrap\" href=\"https:\/\/voceatimisului.ro\/trei-zile-de-sarbatoare-in-sag-dedicate-copiilor-si-tinerilor-din-comuna\/\"><img loading=\"lazy\" decoding=\"async\" class=\"td-next-prev-image td-fix-index td-lazy-img\" title=\"Trei zile de s\u0103rb\u0103toare \u00een \u0218ag, dedicate copiilor \u0219i tinerilor din comun\u0103\" width=\"696\" height=\"870\" src=\"https:\/\/voceatimisului.ro\/wp-content\/uploads\/2025\/05\/Trei-zile-de-sarbatoare-in-Sag-696x870.jpg\"><\/a><\/div>\n<div class=\"next-prev-title\"><a href=\"https:\/\/voceatimisului.ro\/trei-zile-de-sarbatoare-in-sag-dedicate-copiilor-si-tinerilor-din-comuna\/\">Trei zile de s\u0103rb\u0103toare \u00een \u0218ag, dedicate copiilor \u0219i tinerilor din comun\u0103<\/a><\/div>\n<\/div>\n<\/div>\n<div class=\"tdb-next-post tdb-next-post-bg tdb-post-next\"><span>Articolul urm\u0103tor<\/span><\/p>\n<div class=\"td-module-container\">\n<div class=\"td-image-container\"><a class=\"td-image-wrap\" href=\"https:\/\/voceatimisului.ro\/weekend-muzical-la-bastionul-theresia-concerte-live-cu-intrare-libera-pe-17-si-18-mai\/\"><img loading=\"lazy\" decoding=\"async\" class=\"td-next-prev-image td-fix-index td-lazy-img\" title=\"Weekend muzical la Bastionul Theresia: Concerte live cu intrare liber\u0103, pe 17 \u0219i 18 mai\" width=\"696\" height=\"696\" src=\"https:\/\/voceatimisului.ro\/wp-content\/uploads\/2025\/05\/Weekend-muzical-la-Bastionul-Theresia1-696x696.jpg\"><\/a><\/div>\n<div class=\"next-prev-title\"><a href=\"https:\/\/voceatimisului.ro\/weekend-muzical-la-bastionul-theresia-concerte-live-cu-intrare-libera-pe-17-si-18-mai\/\">Weekend muzical la Bastionul Theresia: Concerte live cu intrare liber\u0103, pe 17 \u0219i 18 mai<\/a><\/div>\n<\/div>\n<\/div>\n<\/div>\n<\/div>\n<\/div>\n<\/div>\n<\/div>\n<\/div>\n<div class=\"vc_row_inner tdi_86  vc_row vc_inner wpb_row td-pb-row\">\n<div class=\"vc_column_inner tdi_88  wpb_column vc_column_container tdc-inner-column td-pb-span4 td-is-sticky\">\n<div class=\"vc_column-inner\">\n<div class=\"wpb_wrapper\" data-sticky-enabled-on=\"W3RydWUsdHJ1ZSx0cnVlLHRydWVd\" data-sticky-offset=\"20\" data-sticky-is-width-auto=\"W2ZhbHNlLGZhbHNlLGZhbHNlLGZhbHNlXQ==\">\n<div class=\"td_block_wrap tdb_single_related tdi_89 td_with_ajax_pagination td-pb-border-top td_block_template_1 tdb-single-related-posts\" data-td-block-uid=\"tdi_89\">\n<div id=\"tdi_89\" class=\"td_block_inner tdb-block-inner td-fix-index\">\n<div class=\"tdb_module_related td_module_wrap td-animation-stack td-meta-info-hide\">\n<div class=\"td-module-container td-category-pos-image\">\n<div class=\"td-module-meta-info\">\n<h3 class=\"entry-title td-module-title\"><a href=\"https:\/\/voceatimisului.ro\/se-lanseaza-primul-manual-de-educatie-rutiera-pentru-copii\/\" rel=\"bookmark\" title=\"Se lanseaza primul manual de educatie rutiera pentru copii\">Se lanseaza primul manual de educatie rutiera pentru copii<\/a><\/h3>\n<\/div>\n<\/div>\n<\/div>\n<div class=\"tdb_module_related td_module_wrap td-animation-stack td-meta-info-hide\">\n<div class=\"td-module-container td-category-pos-image\">\n<div class=\"td-module-meta-info\">\n<h3 class=\"entry-title td-module-title\"><a href=\"https:\/\/voceatimisului.ro\/scoala-generala-nr-24-va-reprezenta-judetul-timis-la-concursul-national-de-educatie-rutiera\/\" rel=\"bookmark\" title=\"\u0218coala General\u0103 nr. 24 va reprezenta jude\u021bul Timi\u0219 la Concursul na\u021bional de EDUCA\u021aIE RUTIER\u0102\">\u0218coala General\u0103 nr. 24 va reprezenta jude\u021bul Timi\u0219 la Concursul na\u021bional de EDUCA\u021aIE RUTIER\u0102<\/a><\/h3>\n<\/div>\n<\/div>\n<\/div>\n<div class=\"tdb_module_related td_module_wrap td-animation-stack td-meta-info-hide\">\n<div class=\"td-module-container td-category-pos-image\">\n<div class=\"td-module-meta-info\">\n<h3 class=\"entry-title td-module-title\"><a href=\"https:\/\/voceatimisului.ro\/saptamana-prevenirii-criminalitatii-se-incheie-cu-lectii-de-educatie-rutiera\/\" rel=\"bookmark\" title=\"S\u0103pt\u0103m\u00e2na prevenirii criminalit\u0103\u021bii se \u00eencheie cu lec\u021bii de educa\u021bie rutier\u0103\">S\u0103pt\u0103m\u00e2na prevenirii criminalit\u0103\u021bii se \u00eencheie cu lec\u021bii de educa\u021bie rutier\u0103<\/a><\/h3>\n<\/div>\n<\/div>\n<\/div>\n<\/div>\n<\/div>\n<\/div>\n<\/div>\n<\/div>\n<div class=\"vc_column_inner tdi_91  wpb_column vc_column_container tdc-inner-column td-pb-span8\">\n<div class=\"vc_column-inner\">\n<div class=\"wpb_wrapper\">\n<div class=\"td_block_wrap tdb_single_comments tdi_92 tdb-comm-layout2 td-pb-border-top td_block_template_2\" data-td-block-uid=\"tdi_92\">\n<div class=\"tdb-block-inner td-fix-index\">\n<div class=\"comments\" id=\"comments\">\n<div id=\"respond\" class=\"comment-respond\">\n<h3 id=\"reply-title\" class=\"comment-reply-title\">L\u0102SA\u021aI UN MESAJ <small><a rel=\"nofollow\" id=\"cancel-comment-reply-link\" href=\"https:\/\/voceatimisului.ro\/saptamana-nationala-a-sigurantei-rutiere-activitati-educative-in-scolile-din-judetul-timis\/#respond\">Renun\u021ba\u021bi la r\u0103spuns<\/a><\/small><\/h3>\n<div class=\"comment-form-input-wrap td-form-comment\">\n<div class=\"td-warning-comment\">V\u0103 rug\u0103m s\u0103 introduce\u021bi comentariul dvs.!<\/div>\n<\/div>\n<div class=\"comment-form-input-wrap td-form-author\">\n<div class=\"td-warning-author\">Introduce\u021bi aici numele dvs.<\/div>\n<\/div>\n<div class=\"comment-form-input-wrap td-form-email\">\n<div class=\"td-warning-email-error\">A\u021bi introdus o adres\u0103 de e-mail incorect\u0103!<\/div>\n<div class=\"td-warning-email\">V\u0103 rug\u0103m s\u0103 introduce\u021bi adresa dvs. de e-mail aici<\/div>\n<\/div>\n<\/div>\n<\/div>\n<\/div>\n<\/div>\n<\/div>\n<\/div>\n<\/div>\n<\/div>\n<\/div>\n<\/div>\n<div class=\"vc_column tdi_94  wpb_column vc_column_container tdc-column td-pb-span4 td-is-sticky\">\n<div class=\"wpb_wrapper\" data-sticky-enabled-on=\"W3RydWUsdHJ1ZSx0cnVlLHRydWVd\" data-sticky-offset=\"20\" data-sticky-is-width-auto=\"W2ZhbHNlLGZhbHNlLGZhbHNlLGZhbHNlXQ==\">\n<div class=\"vc_row_inner tdi_96  vc_row vc_inner wpb_row td-pb-row\">\n<div class=\"vc_column_inner tdi_98  wpb_column vc_column_container tdc-inner-column td-pb-span12\">\n<div class=\"vc_column-inner\">\n<div class=\"wpb_wrapper\">\n<div class=\"td_block_wrap td_block_title tdi_99 td-pb-border-top td_block_template_11 td-fix-index\" data-td-block-uid=\"tdi_99\">\n<div class=\"td-block-title-wrap\">\n<h4 class=\"td-block-title\"><span class=\"td-pulldown-size\">ANUN\u021aURI \u0218I PUBLICITATE<\/span><\/h4>\n<\/div>\n<\/div>\n<\/div>\n<\/div>\n<\/div>\n<\/div>\n<div class=\"wpb_wrapper td_block_wrap vc_widget_sidebar tdi_101 \">\n<aside id=\"block-10\" class=\"td_block_template_1 widget block-10 widget_block widget_media_image\">\n<figure class=\"wp-block-image size-full\"><a href=\"https:\/\/adpghiroda.ro\/index.html\" target=\"_blank\" rel=\" noreferrer noopener\"><img decoding=\"async\" loading=\"eager\" width=\"960\" height=\"960\" src=\"https:\/\/voceatimisului.ro\/wp-content\/uploads\/2025\/03\/ADP-Ghiroda2.jpg\" alt class=\"wp-image-171492\"><\/a><\/figure>\n<\/aside>\n<aside id=\"block-11\" class=\"td_block_template_1 widget block-11 widget_block widget_media_image\">\n<figure class=\"wp-block-image size-full\"><a href=\"https:\/\/adpghiroda.ro\/index.html\" target=\"_blank\" rel=\" noreferrer noopener\"><img decoding=\"async\" loading=\"eager\" width=\"960\" height=\"960\" src=\"https:\/\/voceatimisului.ro\/wp-content\/uploads\/2025\/03\/ADP-Ghiroda1.jpg\" alt class=\"wp-image-171491\"><\/a><\/figure>\n<\/aside>\n<aside id=\"block-17\" class=\"td_block_template_1 widget block-17 widget_block widget_media_image\">\n<figure class=\"wp-block-image size-large is-resized\"><a href=\"https:\/\/verde.events\/\" target=\"_blank\" rel=\" noreferrer noopener\"><img decoding=\"async\" loading=\"lazy\" width=\"1024\" height=\"683\" src=\"https:\/\/voceatimisului.ro\/wp-content\/uploads\/2025\/08\/Verde-Events-24-1024x683.jpg\" alt=\"Verde Events\" class=\"wp-image-174395\"><\/a><figcaption class=\"wp-element-caption\"><strong><em>O experien\u021b\u0103 unic\u0103 pentru orice tip de eveniment<\/em><\/strong><\/figcaption><\/figure>\n<\/aside>\n<\/div>\n<\/div>\n<\/div>\n<\/div>\n<\/div>\n<\/div>\n<\/div>\n<p><span class=\"td-page-meta\"><\/span><span class=\"td-page-meta\"><span class=\"td-page-meta\"><\/span><\/span><span class=\"td-page-meta\"><\/span><\/article>\n<p> Source URL: https:\/\/voceatimisului.ro\/saptamana-nationala-a-sigurantei-rutiere-activitati-educative-in-scolile-din-judetul-timis\/<\/p>\n","protected":false},"excerpt":{"rendered":"<p>\u0218tiriEduca\u021bie S\u0103pt\u0103m\u00e2na Na\u021bional\u0103 a Siguran\u021bei Rutiere \u2013 Activit\u0103\u021bi educative \u00een \u0219colile din jude\u021bul Timi\u0219 Autor-Radu Constantin 15 mai 2025 0 1281 Facebook Twitter Pinterest WhatsApp Linkedin Copy URL Incident grav semnalat \u00eentr-o toalet\u0103 de la Liceul Calderon din Timi\u0219oara. Poli\u021bia \u0219i Inspectoratul \u0218colar au fost sesizate Val de sanc\u021biuni \u00een Timi\u0219: Peste 240 de amenzi [&hellip;]<\/p>\n","protected":false},"author":1,"featured_media":0,"comment_status":"open","ping_status":"","sticky":false,"template":"","format":"standard","meta":{"footnotes":""},"categories":[89],"tags":[199],"class_list":["post-1053749","post","type-post","status-publish","format-standard","hentry","category-romania","tag-voceatimisului-ro"],"_links":{"self":[{"href":"https:\/\/analyse.optim.biz\/index.php?rest_route=\/wp\/v2\/posts\/1053749","targetHints":{"allow":["GET"]}}],"collection":[{"href":"https:\/\/analyse.optim.biz\/index.php?rest_route=\/wp\/v2\/posts"}],"about":[{"href":"https:\/\/analyse.optim.biz\/index.php?rest_route=\/wp\/v2\/types\/post"}],"author":[{"embeddable":true,"href":"https:\/\/analyse.optim.biz\/index.php?rest_route=\/wp\/v2\/users\/1"}],"replies":[{"embeddable":true,"href":"https:\/\/analyse.optim.biz\/index.php?rest_route=%2Fwp%2Fv2%2Fcomments&post=1053749"}],"version-history":[{"count":0,"href":"https:\/\/analyse.optim.biz\/index.php?rest_route=\/wp\/v2\/posts\/1053749\/revisions"}],"wp:attachment":[{"href":"https:\/\/analyse.optim.biz\/index.php?rest_route=%2Fwp%2Fv2%2Fmedia&parent=1053749"}],"wp:term":[{"taxonomy":"category","embeddable":true,"href":"https:\/\/analyse.optim.biz\/index.php?rest_route=%2Fwp%2Fv2%2Fcategories&post=1053749"},{"taxonomy":"post_tag","embeddable":true,"href":"https:\/\/analyse.optim.biz\/index.php?rest_route=%2Fwp%2Fv2%2Ftags&post=1053749"}],"curies":[{"name":"wp","href":"https:\/\/api.w.org\/{rel}","templated":true}]}}