{"id":1053745,"date":"2025-05-19T10:53:21","date_gmt":"2025-05-19T07:53:21","guid":{"rendered":"https:\/\/analyse.optim.biz\/?p=1053745"},"modified":"2025-05-19T10:53:21","modified_gmt":"2025-05-19T07:53:21","slug":"dupa-incidentul-grav-de-la-calderon-politistii-iau-masuri-preventive-in-scolile-din-timis-actiuni-la-colegiul-banatean-si-scoala-din-ghiroda","status":"publish","type":"post","link":"https:\/\/analyse.optim.biz\/?p=1053745","title":{"rendered":"Dup\u0103 incidentul grav de la Calderon, poli\u021bi\u0219tii iau m\u0103suri preventive \u00een \u0219colile din Timi\u0219: ac\u021biuni la Colegiul B\u0103n\u0103\u021bean \u0219i \u0218coala din Ghiroda"},"content":{"rendered":"<article id=\"template-id-172790\" class=\"post-172790 tdb_templates type-tdb_templates status-publish post\">\n<div id=\"tdi_38\" class=\"tdc-zone\">\n<div class=\"tdc_zone tdi_39  wpb_row td-pb-row\">\n<div id=\"tdi_40\" class=\"tdc-row stretch_row_1400 td-stretch-content\">\n<div class=\"vc_row tdi_41  wpb_row td-pb-row tdc-element-style\">\n<div class=\"vc_column tdi_43  wpb_column vc_column_container tdc-column td-pb-span8\">\n<div class=\"wpb_wrapper\">\n<div class=\"td_block_wrap tdb_single_categories tdi_44 td-pb-border-top td_block_template_1 \" data-td-block-uid=\"tdi_44\">\n<div class=\"tdb-category td-fix-index\"><a class=\"tdb-entry-category\" href=\"https:\/\/voceatimisului.ro\/stiri-din-timisoara-si-timis\/\">\u0218tiri<\/a><a class=\"tdb-entry-category\" href=\"https:\/\/voceatimisului.ro\/stiri-din-timisoara-si-timis\/educatie\/\">Educa\u021bie<\/a><\/div>\n<\/div>\n<div class=\"td_block_wrap tdb_title tdi_45 tdb-single-title td-pb-border-top td_block_template_1\" data-td-block-uid=\"tdi_45\">\n<div class=\"tdb-block-inner td-fix-index\">\n<h1 class=\"tdb-title-text\">Dup\u0103 incidentul grav de la Calderon, poli\u021bi\u0219tii iau m\u0103suri preventive \u00een \u0219colile din Timi\u0219: ac\u021biuni la Colegiul B\u0103n\u0103\u021bean \u0219i \u0218coala din Ghiroda<\/h1>\n<\/div>\n<\/div>\n<div class=\"vc_row_inner tdi_48  vc_row vc_inner wpb_row td-pb-row\">\n<div class=\"vc_column_inner tdi_50  wpb_column vc_column_container tdc-inner-column td-pb-span6\">\n<div class=\"vc_column-inner\">\n<div class=\"wpb_wrapper\">\n<div class=\"td_block_wrap tdb_single_author tdi_51 td-pb-border-top td_block_template_1 tdb-post-meta\" data-td-block-uid=\"tdi_51\">\n<div class=\"tdb-block-inner td-fix-index\">\n<div class=\"tdb-author-name-wrap\"><span class=\"tdb-author-by\">Autor-<\/span><a class=\"tdb-author-name\" href=\"https:\/\/voceatimisului.ro\/author\/cataadmin\/\">Radu Constantin<\/a><\/div>\n<\/div>\n<\/div>\n<div class=\"td_block_wrap tdb_single_date tdi_52 td-pb-border-top td_block_template_1 tdb-post-meta\" data-td-block-uid=\"tdi_52\">\n<div class=\"tdb-block-inner td-fix-index\"><time class=\"entry-date updated td-module-date\" datetime=\"2025-05-19T13:53:21+03:00\">19 mai 2025<\/time><\/div>\n<\/div>\n<div class=\"td_block_wrap tdb_single_comments_count tdi_53 td-pb-border-top td_block_template_1 tdb-post-meta\" data-td-block-uid=\"tdi_53\">\n<div class=\"tdb-block-inner td-fix-index\"><a href=\"https:\/\/voceatimisului.ro\/dupa-incidentul-grav-de-la-calderon-politistii-iau-masuri-preventive-in-scolile-din-timis-actiuni-la-colegiul-banatean-si-scoala-din-ghiroda\/#respond\"><span>0<\/span><\/a><\/div>\n<\/div>\n<div class=\"td_block_wrap tdb_single_post_views tdi_54 td-pb-border-top td_block_template_1 tdb-post-meta\" data-td-block-uid=\"tdi_54\">\n<div class=\"tdb-block-inner td-fix-index\"><span class=\"tdb-add-text\">1<\/span><span class=\"td-nr-views-172327\">1749<\/span><\/div>\n<\/div>\n<\/div>\n<\/div>\n<\/div>\n<div class=\"vc_column_inner tdi_56  wpb_column vc_column_container tdc-inner-column td-pb-span6\">\n<div class=\"vc_column-inner\">\n<div class=\"wpb_wrapper\">\n<div class=\"td_block_wrap tdb_single_post_share tdi_57  td-pb-border-top td_block_template_1\" data-td-block-uid=\"tdi_57\">\n<div id=\"tdi_57\" class=\"td-post-sharing tdb-block td-ps-bg td-ps-notext td-post-sharing-style1 \">\n<div class=\"td-post-sharing-visible\"><a class=\"td-social-sharing-button td-social-sharing-button-js td-social-network td-social-facebook\" href=\"https:\/\/www.facebook.com\/sharer.php?u=https%3A%2F%2Fvoceatimisului.ro%2Fdupa-incidentul-grav-de-la-calderon-politistii-iau-masuri-preventive-in-scolile-din-timis-actiuni-la-colegiul-banatean-si-scoala-din-ghiroda%2F\" title=\"Facebook\" rel=\"noopener\"><\/p>\n<div class=\"td-social-but-text\">Facebook<\/div>\n<p><\/a><a class=\"td-social-sharing-button td-social-sharing-button-js td-social-network td-social-twitter\" href=\"https:\/\/twitter.com\/intent\/tweet?text=Dup%C4%83+incidentul+grav+de+la+Calderon%2C+poli%C8%9Bi%C8%99tii+iau+m%C4%83suri+preventive+%C3%AEn+%C8%99colile+din+Timi%C8%99%3A+ac%C8%9Biuni+la+Colegiul+B%C4%83n%C4%83%C8%9Bean+%C8%99i+%C8%98coala+din+Ghiroda&amp;url=https%3A%2F%2Fvoceatimisului.ro%2Fdupa-incidentul-grav-de-la-calderon-politistii-iau-masuri-preventive-in-scolile-din-timis-actiuni-la-colegiul-banatean-si-scoala-din-ghiroda%2F&amp;via=Vocea+Timisului\" title=\"Twitter\" rel=\"noopener\"><\/p>\n<div class=\"td-social-but-text\">Twitter<\/div>\n<p><\/a><a class=\"td-social-sharing-button td-social-sharing-button-js td-social-network td-social-pinterest\" href=\"https:\/\/pinterest.com\/pin\/create\/button\/?url=https:\/\/voceatimisului.ro\/dupa-incidentul-grav-de-la-calderon-politistii-iau-masuri-preventive-in-scolile-din-timis-actiuni-la-colegiul-banatean-si-scoala-din-ghiroda\/&amp;media=https:\/\/voceatimisului.ro\/wp-content\/uploads\/2025\/05\/Colegiul-Banatean4.jpg&amp;description=Dup%C4%83+incidentul+grav+de+la+Calderon%2C+poli%C8%9Bi%C8%99tii+iau+m%C4%83suri+preventive+%C3%AEn+%C8%99colile+din+Timi%C8%99%3A+ac%C8%9Biuni+la+Colegiul+B%C4%83n%C4%83%C8%9Bean+%C8%99i+%C8%98coala+din+Ghiroda\" title=\"Pinterest\" rel=\"noopener\"><\/p>\n<div class=\"td-social-but-text\">Pinterest<\/div>\n<p><\/a><a class=\"td-social-sharing-button td-social-sharing-button-js td-social-network td-social-whatsapp\" href=\"https:\/\/api.whatsapp.com\/send?text=Dup%C4%83+incidentul+grav+de+la+Calderon%2C+poli%C8%9Bi%C8%99tii+iau+m%C4%83suri+preventive+%C3%AEn+%C8%99colile+din+Timi%C8%99%3A+ac%C8%9Biuni+la+Colegiul+B%C4%83n%C4%83%C8%9Bean+%C8%99i+%C8%98coala+din+Ghiroda%20%0A%0A%20https:\/\/voceatimisului.ro\/dupa-incidentul-grav-de-la-calderon-politistii-iau-masuri-preventive-in-scolile-din-timis-actiuni-la-colegiul-banatean-si-scoala-din-ghiroda\/\" title=\"WhatsApp\" rel=\"noopener\"><\/p>\n<div class=\"td-social-but-text\">WhatsApp<\/div>\n<p><\/a><a class=\"td-social-sharing-button td-social-sharing-button-js td-social-network td-social-linkedin\" href=\"https:\/\/www.linkedin.com\/shareArticle?mini=true&amp;url=https:\/\/voceatimisului.ro\/dupa-incidentul-grav-de-la-calderon-politistii-iau-masuri-preventive-in-scolile-din-timis-actiuni-la-colegiul-banatean-si-scoala-din-ghiroda\/&amp;title=Dup%C4%83+incidentul+grav+de+la+Calderon%2C+poli%C8%9Bi%C8%99tii+iau+m%C4%83suri+preventive+%C3%AEn+%C8%99colile+din+Timi%C8%99%3A+ac%C8%9Biuni+la+Colegiul+B%C4%83n%C4%83%C8%9Bean+%C8%99i+%C8%98coala+din+Ghiroda\" title=\"Linkedin\" rel=\"noopener\"><\/p>\n<div class=\"td-social-but-text\">Linkedin<\/div>\n<p><\/a><a class=\"td-social-sharing-button td-social-sharing-button-js td-social-network td-social-copy_url\" href=\"https:\/\/voceatimisului.ro\/dupa-incidentul-grav-de-la-calderon-politistii-iau-masuri-preventive-in-scolile-din-timis-actiuni-la-colegiul-banatean-si-scoala-din-ghiroda\/\" title=\"Copy URL\" rel=\"noopener\"><\/p>\n<div class=\"td-social-but-text\">Copy URL<\/div>\n<p><\/a><\/div>\n<\/div>\n<\/div>\n<\/div>\n<\/div>\n<\/div>\n<\/div>\n<div class=\"td_block_wrap tdb_single_featured_image tdi_58 tdb-content-horiz-left td-pb-border-top td_block_template_1\" data-td-block-uid=\"tdi_58\">\n<div class=\"tdb-block-inner td-fix-index\">\n<figure><img fetchpriority=\"high\" decoding=\"async\" width=\"696\" height=\"522\" class=\"entry-thumb\" src=\"https:\/\/voceatimisului.ro\/wp-content\/uploads\/2025\/05\/Colegiul-Banatean4-696x522.jpg\" alt title=\"Colegiul B\u0103n\u0103\u021bean4\" loading=\"eager\"><figcaption class=\"tdb-caption-text\">Dup\u0103 incidentul grav de la Calderon, poli\u021bi\u0219tii iau m\u0103suri preventive \u00een \u0219colile din Timi\u0219: ac\u021biuni la Colegiul B\u0103n\u0103\u021bean \u0219i \u0218coala din Ghiroda<\/figcaption><\/figure>\n<\/div>\n<\/div>\n<div class=\"vc_row_inner tdi_60  vc_row vc_inner wpb_row td-pb-row\">\n<div class=\"vc_column_inner tdi_62  wpb_column vc_column_container tdc-inner-column td-pb-span4 td-is-sticky\">\n<div class=\"vc_column-inner\">\n<div class=\"wpb_wrapper\" data-sticky-enabled-on=\"W3RydWUsdHJ1ZSx0cnVlLHRydWVd\" data-sticky-offset=\"20\" data-sticky-is-width-auto=\"W2ZhbHNlLGZhbHNlLGZhbHNlLGZhbHNlXQ==\">\n<div class=\"td_block_wrap td_flex_block_1 tdi_63 td-pb-border-top td_block_template_1 td_ajax_preloading_preload td_flex_block\" data-td-block-uid=\"tdi_63\">\n<div id=\"tdi_63\" class=\"td_block_inner td-mc1-wrap\">\n<div class=\"td_module_flex td_module_flex_1 td_module_wrap td-animation-stack td-meta-info-hide td-cpt-post\">\n<div class=\"td-module-container td-category-pos-image\">\n<div class=\"td-module-meta-info\">\n<h3 class=\"entry-title td-module-title\"><a href=\"https:\/\/voceatimisului.ro\/accident-frontal-pe-dn6-la-remetea-mare-trei-persoane-au-ajuns-la-spital-dupa-ce-un-sofer-a-intrat-in-coliziune-cu-o-ambulanta-privata\/\" rel=\"bookmark\" title=\"Accident frontal pe DN6 la Remetea Mare. Trei persoane au ajuns la spital dup\u0103 ce un \u0219ofer a intrat \u00een coliziune cu o ambulan\u021b\u0103 privat\u0103\">Accident frontal pe DN6 la Remetea Mare. Trei persoane au ajuns la spital dup\u0103 ce un \u0219ofer a intrat \u00een coliziune cu o ambulan\u021b\u0103&#8230;<\/a><\/h3>\n<\/div>\n<\/div>\n<\/div>\n<div class=\"td_module_flex td_module_flex_1 td_module_wrap td-animation-stack td-meta-info-hide td-cpt-post\">\n<div class=\"td-module-container td-category-pos-image\">\n<div class=\"td-module-meta-info\">\n<h3 class=\"entry-title td-module-title\"><a href=\"https:\/\/voceatimisului.ro\/actiune-in-sistem-releu-pe-dn6-zeci-de-soferi-amendati-si-permise-retinute-in-timis\/\" rel=\"bookmark\" title=\"Ac\u021biune \u00een sistem \u201creleu\u201d pe DN6. Zeci de \u0219oferi amenda\u021bi \u0219i permise re\u021binute \u00een Timi\u0219\">Ac\u021biune \u00een sistem \u201creleu\u201d pe DN6. Zeci de \u0219oferi amenda\u021bi \u0219i permise re\u021binute \u00een Timi\u0219<\/a><\/h3>\n<\/div>\n<\/div>\n<\/div>\n<div class=\"td_module_flex td_module_flex_1 td_module_wrap td-animation-stack td-meta-info-hide td-cpt-post\">\n<div class=\"td-module-container td-category-pos-image\">\n<div class=\"td-module-meta-info\">\n<h3 class=\"entry-title td-module-title\"><a href=\"https:\/\/voceatimisului.ro\/accident-cu-patru-masini-la-pasajul-iulius-town-din-timisoara-o-femeie-a-fost-ranita\/\" rel=\"bookmark\" title=\"Accident cu patru ma\u0219ini la Pasajul Iulius Town din Timi\u0219oara. O femeie a fost r\u0103nit\u0103\">Accident cu patru ma\u0219ini la Pasajul Iulius Town din Timi\u0219oara. O femeie a fost r\u0103nit\u0103<\/a><\/h3>\n<\/div>\n<\/div>\n<\/div>\n<div class=\"td_module_flex td_module_flex_1 td_module_wrap td-animation-stack td-meta-info-hide td-cpt-post\">\n<div class=\"td-module-container td-category-pos-image\">\n<div class=\"td-module-meta-info\">\n<h3 class=\"entry-title td-module-title\"><a href=\"https:\/\/voceatimisului.ro\/scene-halucinante-la-timisoara-un-barbat-s-a-catarat-pe-balcon-si-a-intrat-peste-o-tanara-in-casa\/\" rel=\"bookmark\" title=\"Scene halucinante la Timi\u0219oara: un b\u0103rbat s-a c\u0103\u021b\u0103rat pe balcon \u0219i a intrat peste o t\u00e2n\u0103r\u0103 \u00een cas\u0103\">Scene halucinante la Timi\u0219oara: un b\u0103rbat s-a c\u0103\u021b\u0103rat pe balcon \u0219i a intrat peste o t\u00e2n\u0103r\u0103 \u00een cas\u0103<\/a><\/h3>\n<\/div>\n<\/div>\n<\/div>\n<\/div>\n<\/div>\n<div class=\"tdb-author-box td_block_wrap tdb_single_author_box tdi_68 tdb-content-vert-top td-pb-border-top td_block_template_1\" data-td-block-uid=\"tdi_68\">\n<div class=\"tdb-block-inner td-fix-index\">\n<div class=\"tdb-author-info\"><a href=\"https:\/\/voceatimisului.ro\/author\/cataadmin\/\" class=\"tdb-author-name\">Radu Constantin<\/a><a href=\"http:\/\/www.voceatimisului.ro\" rel=\"nofollow\" class=\"tdb-author-url\">http:\/\/www.voceatimisului.ro<\/a><\/p>\n<div class=\"tdb-author-descr\">\u00centreaga responsabilitate a comentariilor l\u0103sate de dumneavoastr\u0103 v\u0103 apar\u021bine!<br \/>\nClick <a href=\"https:\/\/voceatimisului.ro\/termeni-si-conditii\/\">aici<\/a>-citeste condi\u0163iile de utilizare ale site-ului www.voceatimisului.ro<\/div>\n<\/div>\n<\/div>\n<\/div>\n<\/div>\n<\/div>\n<\/div>\n<div class=\"vc_column_inner tdi_70  wpb_column vc_column_container tdc-inner-column td-pb-span8\">\n<div class=\"vc_column-inner\">\n<div class=\"wpb_wrapper\">\n<div class=\"td_block_wrap tdb_single_content tdi_71 td-pb-border-top td_block_template_1 td-post-content tagdiv-type\" data-td-block-uid=\"tdi_71\">\n<div class=\"tdb-block-inner td-fix-index\">\n<h5 class=\"wp-block-heading\">\u00cen contextul unui incident extrem de grav semnalat recent la <strong>Liceul Teoretic \u201eJean-Louis Calderon\u201d<\/strong> din Timi\u0219oara, unde doi elevi au fost agresa\u021bi \u00een toaleta \u0219colii de c\u0103tre al\u021bi colegi, tema siguran\u021bei \u00een unit\u0103\u021bile de \u00eenv\u0103\u021b\u0103m\u00e2nt revine \u00een aten\u021bia public\u0103. Potrivit informa\u021biilor ap\u0103rute \u00een Vocea Timi\u0219ului, p\u0103rin\u021bii copiilor implica\u021bi au sesizat at\u00e2t <strong>Poli\u021bia Timi\u0219<\/strong>, c\u00e2t \u0219i <strong>Inspectoratul \u0218colar Jude\u021bean<\/strong>, reclam\u00e2nd lipsa de reac\u021bie din partea conducerii unit\u0103\u021bii de \u00eenv\u0103\u021b\u0103m\u00e2nt.<\/h5>\n<p>Pe fondul acestui caz, autorit\u0103\u021bile au accelerat m\u0103surile preventive \u00een \u0219coli. Astfel, \u00een cadrul campaniei <strong>\u201e\u0218coala \u00een siguran\u021b\u0103\u201d<\/strong>, poli\u021bi\u0219tii din cadrul <strong>Biroului Siguran\u021b\u0103 \u0218colar\u0103<\/strong>, \u00een colaborare cu <strong>Serviciul Rutier<\/strong> \u0219i <strong>Serviciul de Preg\u0103tire Profesional\u0103<\/strong>, au desf\u0103\u0219urat zilele trecute activit\u0103\u021bi educativ-preventive la <strong>Colegiul Na\u021bional B\u0103n\u0103\u021bean din Timi\u0219oara<\/strong> \u0219i la <strong>\u0218coala Gimnazial\u0103 Ghiroda<\/strong>.<\/p>\n<p>Elevii au fost informa\u021bi cu privire la:<\/p>\n<ul class=\"wp-block-list\">\n<li>prevenirea violen\u021bei \u00een mediul \u0219colar<\/li>\n<li>bullying \u0219i cyberbullying<\/li>\n<li>criminalitate informatic\u0103<\/li>\n<li>infrac\u021biuni contra vie\u021bii sexuale \u0219i violarea vie\u021bii private<\/li>\n<li>consumul \u0219i traficul de droguri<\/li>\n<\/ul>\n<p>Scopul acestor ac\u021biuni este de a-i con\u0219tientiza pe elevi cu privire la riscurile reale din jurul lor, de a-i \u00eenv\u0103\u021ba s\u0103 recunoasc\u0103 pericolele \u0219i s\u0103 adopte un comportament responsabil. Activit\u0103\u021bile s-au desf\u0103\u0219urat \u00eentr-un cadru organizat, cu sprijinul cadrelor didactice \u0219i al conducerii \u0219colilor.<\/p>\n<p>Un exemplu pozitiv este <strong>Colegiul Na\u021bional B\u0103n\u0103\u021bean<\/strong>, unde conducerea institu\u021biei, prin directorul <strong>Sorin Ionescu<\/strong>, s-a remarcat prin implicare activ\u0103 \u0219i colaborare deschis\u0103 cu autorit\u0103\u021bile. Spre deosebire de pasivitatea reclamat\u0103 la Calderon, B\u0103n\u0103\u021beanul demonstreaz\u0103 c\u0103 siguran\u021ba elevilor nu trebuie tratat\u0103 formal, ci asumat \u0219i constant.<\/p>\n<p>Campania \u201e\u0218coala \u00een siguran\u021b\u0103\u201d va continua \u00een perioada urm\u0103toare \u00een mai multe unit\u0103\u021bi de \u00eenv\u0103\u021b\u0103m\u00e2nt din jude\u021bul Timi\u0219, obiectivul fiind acela de a crea un mediu educa\u021bional sigur \u0219i protejat pentru to\u021bi elevii.<\/p>\n<p><a href=\"https:\/\/voceatimisului.ro\/https-voceatimisului-ro-incident-grav-semnalat-intr-o-toaleta-de-la-liceul-calderon-din-timisoara-politia-si-inspectoratul-scolar-au-fost-sesizate\/\" target=\"_blank\" rel=\"noreferrer noopener\"><strong>Detalii despre incidentul de la Calderon<\/strong> pot fi consultate aici.<\/a><\/p>\n<figure class=\"wp-block-gallery has-nested-images columns-default is-cropped wp-block-gallery-1 is-layout-flex wp-block-gallery-is-layout-flex\">\n<div><a href=\"https:\/\/voceatimisului.ro\/wp-content\/uploads\/2025\/05\/Colegiul-Banatean3-768x1024.jpg\" class=\"td-modal-image\"><\/p>\n<figure class=\"wp-block-image size-large\"><img decoding=\"async\" width=\"768\" height=\"1024\" data-id=\"172333\" src=\"https:\/\/voceatimisului.ro\/wp-content\/uploads\/2025\/05\/Colegiul-Banatean3-768x1024.jpg\" alt=\"Dup\u0103 incidentul grav de la Calderon, poli\u021bi\u0219tii iau m\u0103suri preventive \u00een \u0219colile din Timi\u0219: ac\u021biuni la Colegiul B\u0103n\u0103\u021bean \u0219i \u0218coala din Ghiroda\" class=\"wp-image-172333\" loading=\"lazy\"><\/figure>\n<p><\/a><\/div>\n<figure class=\"wp-block-image size-large\"><img decoding=\"async\" width=\"768\" height=\"1024\" data-id=\"172332\" src=\"https:\/\/voceatimisului.ro\/wp-content\/uploads\/2025\/05\/Colegiul-Banatean1-768x1024.jpg\" alt=\"Dup\u0103 incidentul grav de la Calderon, poli\u021bi\u0219tii iau m\u0103suri preventive \u00een \u0219colile din Timi\u0219: ac\u021biuni la Colegiul B\u0103n\u0103\u021bean \u0219i \u0218coala din Ghiroda\" class=\"wp-image-172332\" loading=\"lazy\"><\/figure>\n<figure class=\"wp-block-image size-large\"><img decoding=\"async\" width=\"1024\" height=\"768\" data-id=\"172331\" src=\"https:\/\/voceatimisului.ro\/wp-content\/uploads\/2025\/05\/Colegiul-Banatean4-1024x768.jpg\" alt=\"Dup\u0103 incidentul grav de la Calderon, poli\u021bi\u0219tii iau m\u0103suri preventive \u00een \u0219colile din Timi\u0219: ac\u021biuni la Colegiul B\u0103n\u0103\u021bean \u0219i \u0218coala din Ghiroda\" class=\"wp-image-172331\" loading=\"lazy\"><\/figure>\n<figure class=\"wp-block-image size-large\"><img decoding=\"async\" loading=\"lazy\" width=\"1024\" height=\"768\" data-id=\"172330\" src=\"https:\/\/voceatimisului.ro\/wp-content\/uploads\/2025\/05\/Colegiul-Banatean2-1024x768.jpg\" alt=\"Dup\u0103 incidentul grav de la Calderon, poli\u021bi\u0219tii iau m\u0103suri preventive \u00een \u0219colile din Timi\u0219: ac\u021biuni la Colegiul B\u0103n\u0103\u021bean \u0219i \u0218coala din Ghiroda\" class=\"wp-image-172330\"><\/figure>\n<\/figure>\n<\/div>\n<\/div>\n<div class=\"td_block_wrap tdb_single_tags tdi_74 td-pb-border-top td_block_template_1\" data-td-block-uid=\"tdi_74\">\n<div class=\"tdb-block-inner td-fix-index\">\n<ul class=\"tdb-tags\">\n<li><span>Tags<\/span><\/li>\n<li><a href=\"https:\/\/voceatimisului.ro\/tag\/colegiul-national-banatean\/\">Colegiul National Banatean<\/a><\/li>\n<li><a href=\"https:\/\/voceatimisului.ro\/tag\/inspectoratul-scolar-judetean-timis\/\">inspectoratul scolar judetean timis<\/a><\/li>\n<li><a href=\"https:\/\/voceatimisului.ro\/tag\/ipj-timis\/\">ipj timis<\/a><\/li>\n<li><a href=\"https:\/\/voceatimisului.ro\/tag\/jean-louis-calderon-din-timisoara\/\">Jean-Louis Calderon din Timi\u0219oara<\/a><\/li>\n<li><a href=\"https:\/\/voceatimisului.ro\/tag\/sorin-ionescu\/\">sorin ionescu<\/a><\/li>\n<\/ul>\n<\/div>\n<\/div>\n<div class=\"td_block_wrap tdb_single_post_share tdi_75  td-pb-border-top td_block_template_1\" data-td-block-uid=\"tdi_75\">\n<div id=\"tdi_75\" class=\"td-post-sharing tdb-block td-ps-bg td-ps-notext td-post-sharing-style1 \">\n<div class=\"td-post-sharing-visible\"><a class=\"td-social-sharing-button td-social-sharing-button-js td-social-network td-social-facebook\" href=\"https:\/\/www.facebook.com\/sharer.php?u=https%3A%2F%2Fvoceatimisului.ro%2Fdupa-incidentul-grav-de-la-calderon-politistii-iau-masuri-preventive-in-scolile-din-timis-actiuni-la-colegiul-banatean-si-scoala-din-ghiroda%2F\" title=\"Facebook\" rel=\"noopener\"><\/p>\n<div class=\"td-social-but-text\">Facebook<\/div>\n<p><\/a><a class=\"td-social-sharing-button td-social-sharing-button-js td-social-network td-social-twitter\" href=\"https:\/\/twitter.com\/intent\/tweet?text=Dup%C4%83+incidentul+grav+de+la+Calderon%2C+poli%C8%9Bi%C8%99tii+iau+m%C4%83suri+preventive+%C3%AEn+%C8%99colile+din+Timi%C8%99%3A+ac%C8%9Biuni+la+Colegiul+B%C4%83n%C4%83%C8%9Bean+%C8%99i+%C8%98coala+din+Ghiroda&amp;url=https%3A%2F%2Fvoceatimisului.ro%2Fdupa-incidentul-grav-de-la-calderon-politistii-iau-masuri-preventive-in-scolile-din-timis-actiuni-la-colegiul-banatean-si-scoala-din-ghiroda%2F&amp;via=Vocea+Timisului\" title=\"Twitter\" rel=\"noopener\"><\/p>\n<div class=\"td-social-but-text\">Twitter<\/div>\n<p><\/a><a class=\"td-social-sharing-button td-social-sharing-button-js td-social-network td-social-pinterest\" href=\"https:\/\/pinterest.com\/pin\/create\/button\/?url=https:\/\/voceatimisului.ro\/dupa-incidentul-grav-de-la-calderon-politistii-iau-masuri-preventive-in-scolile-din-timis-actiuni-la-colegiul-banatean-si-scoala-din-ghiroda\/&amp;media=https:\/\/voceatimisului.ro\/wp-content\/uploads\/2025\/05\/Colegiul-Banatean4.jpg&amp;description=Dup%C4%83+incidentul+grav+de+la+Calderon%2C+poli%C8%9Bi%C8%99tii+iau+m%C4%83suri+preventive+%C3%AEn+%C8%99colile+din+Timi%C8%99%3A+ac%C8%9Biuni+la+Colegiul+B%C4%83n%C4%83%C8%9Bean+%C8%99i+%C8%98coala+din+Ghiroda\" title=\"Pinterest\" rel=\"noopener\"><\/p>\n<div class=\"td-social-but-text\">Pinterest<\/div>\n<p><\/a><a class=\"td-social-sharing-button td-social-sharing-button-js td-social-network td-social-whatsapp\" href=\"https:\/\/api.whatsapp.com\/send?text=Dup%C4%83+incidentul+grav+de+la+Calderon%2C+poli%C8%9Bi%C8%99tii+iau+m%C4%83suri+preventive+%C3%AEn+%C8%99colile+din+Timi%C8%99%3A+ac%C8%9Biuni+la+Colegiul+B%C4%83n%C4%83%C8%9Bean+%C8%99i+%C8%98coala+din+Ghiroda%20%0A%0A%20https:\/\/voceatimisului.ro\/dupa-incidentul-grav-de-la-calderon-politistii-iau-masuri-preventive-in-scolile-din-timis-actiuni-la-colegiul-banatean-si-scoala-din-ghiroda\/\" title=\"WhatsApp\" rel=\"noopener\"><\/p>\n<div class=\"td-social-but-text\">WhatsApp<\/div>\n<p><\/a><a class=\"td-social-sharing-button td-social-sharing-button-js td-social-network td-social-linkedin\" href=\"https:\/\/www.linkedin.com\/shareArticle?mini=true&amp;url=https:\/\/voceatimisului.ro\/dupa-incidentul-grav-de-la-calderon-politistii-iau-masuri-preventive-in-scolile-din-timis-actiuni-la-colegiul-banatean-si-scoala-din-ghiroda\/&amp;title=Dup%C4%83+incidentul+grav+de+la+Calderon%2C+poli%C8%9Bi%C8%99tii+iau+m%C4%83suri+preventive+%C3%AEn+%C8%99colile+din+Timi%C8%99%3A+ac%C8%9Biuni+la+Colegiul+B%C4%83n%C4%83%C8%9Bean+%C8%99i+%C8%98coala+din+Ghiroda\" title=\"Linkedin\" rel=\"noopener\"><\/p>\n<div class=\"td-social-but-text\">Linkedin<\/div>\n<p><\/a><a class=\"td-social-sharing-button td-social-sharing-button-js td-social-network td-social-copy_url\" href=\"https:\/\/voceatimisului.ro\/dupa-incidentul-grav-de-la-calderon-politistii-iau-masuri-preventive-in-scolile-din-timis-actiuni-la-colegiul-banatean-si-scoala-din-ghiroda\/\" title=\"Copy URL\" rel=\"noopener\"><\/p>\n<div class=\"td-social-but-text\">Copy URL<\/div>\n<p><\/a><\/div>\n<\/div>\n<\/div>\n<div class=\"td_block_wrap tdb_single_next_prev tdi_76 td-animation-stack td-next-prev-img-on td-pb-border-top td_block_template_1\" data-td-block-uid=\"tdi_76\">\n<div class=\"tdb-block-inner td-fix-index\">\n<div class=\"tdb-next-post tdb-next-post-bg tdb-post-prev\"><span>Articolul precedent<\/span><\/p>\n<div class=\"td-module-container\">\n<div class=\"td-image-container\"><a class=\"td-image-wrap\" href=\"https:\/\/voceatimisului.ro\/revolutia-infrastructurii-digitale-cum-alegerile-in-materie-de-gazduire-web-modeleaza-viitorul-afacerilor-online\/\"><img loading=\"lazy\" decoding=\"async\" class=\"td-next-prev-image td-fix-index td-lazy-img\" title=\"Revolu\u021bia Infrastructurii Digitale: Cum alegerile \u00een materie de G\u0103zduire web modeleaz\u0103 viitorul afacerilor online\" width=\"696\" height=\"298\" src=\"https:\/\/voceatimisului.ro\/wp-content\/uploads\/2025\/05\/DDS-Hosting-696x298.jpeg\"><\/a><\/div>\n<div class=\"next-prev-title\"><a href=\"https:\/\/voceatimisului.ro\/revolutia-infrastructurii-digitale-cum-alegerile-in-materie-de-gazduire-web-modeleaza-viitorul-afacerilor-online\/\">Revolu\u021bia Infrastructurii Digitale: Cum alegerile \u00een materie de G\u0103zduire web modeleaz\u0103 viitorul afacerilor online<\/a><\/div>\n<\/div>\n<\/div>\n<div class=\"tdb-next-post tdb-next-post-bg tdb-post-next\"><span>Articolul urm\u0103tor<\/span><\/p>\n<div class=\"td-module-container\">\n<div class=\"td-image-container\"><a class=\"td-image-wrap\" href=\"https:\/\/voceatimisului.ro\/saptamana-culturala-bogata-in-timis-expozitii-spectacole-si-recitaluri-pentru-toate-gusturile\/\"><img decoding=\"async\" class=\"td-next-prev-image td-fix-index td-lazy-img\" title=\"S\u0103pt\u0103m\u00e2n\u0103 cultural\u0103 bogat\u0103 \u00een Timi\u0219! Expozi\u021bii, spectacole \u0219i recitaluri pentru toate gusturile\" src=\"https:\/\/voceatimisului.ro\/wp-content\/uploads\/2025\/05\/Saptamana-culturala-bogata-in-Timis.jpg\"><\/a><\/div>\n<div class=\"next-prev-title\"><a href=\"https:\/\/voceatimisului.ro\/saptamana-culturala-bogata-in-timis-expozitii-spectacole-si-recitaluri-pentru-toate-gusturile\/\">S\u0103pt\u0103m\u00e2n\u0103 cultural\u0103 bogat\u0103 \u00een Timi\u0219! Expozi\u021bii, spectacole \u0219i recitaluri pentru toate gusturile<\/a><\/div>\n<\/div>\n<\/div>\n<\/div>\n<\/div>\n<\/div>\n<\/div>\n<\/div>\n<\/div>\n<div class=\"vc_row_inner tdi_86  vc_row vc_inner wpb_row td-pb-row\">\n<div class=\"vc_column_inner tdi_88  wpb_column vc_column_container tdc-inner-column td-pb-span4 td-is-sticky\">\n<div class=\"vc_column-inner\">\n<div class=\"wpb_wrapper\" data-sticky-enabled-on=\"W3RydWUsdHJ1ZSx0cnVlLHRydWVd\" data-sticky-offset=\"20\" data-sticky-is-width-auto=\"W2ZhbHNlLGZhbHNlLGZhbHNlLGZhbHNlXQ==\">\n<div class=\"td_block_wrap tdb_single_related tdi_89 td_with_ajax_pagination td-pb-border-top td_block_template_1 tdb-single-related-posts\" data-td-block-uid=\"tdi_89\">\n<div id=\"tdi_89\" class=\"td_block_inner tdb-block-inner td-fix-index\">\n<div class=\"tdb_module_related td_module_wrap td-animation-stack td-meta-info-hide\">\n<div class=\"td-module-container td-category-pos-image\">\n<div class=\"td-module-meta-info\">\n<h3 class=\"entry-title td-module-title\"><a href=\"https:\/\/voceatimisului.ro\/trei-tineri-retinuti-la-timisoara-pentru-furt-calificat-cu-masina-furata\/\" rel=\"bookmark\" title=\"Trei tineri re\u021binu\u021bi la Timi\u0219oara pentru furt calificat cu ma\u0219in\u0103 furat\u0103\">Trei tineri re\u021binu\u021bi la Timi\u0219oara pentru furt calificat cu ma\u0219in\u0103 furat\u0103<\/a><\/h3>\n<\/div>\n<\/div>\n<\/div>\n<div class=\"tdb_module_related td_module_wrap td-animation-stack td-meta-info-hide\">\n<div class=\"td-module-container td-category-pos-image\">\n<div class=\"td-module-meta-info\">\n<h3 class=\"entry-title td-module-title\"><a href=\"https:\/\/voceatimisului.ro\/transportul-ilegal-lovit-in-plin-de-politie-in-gara-mare-din-timisoara-zeci-de-sanctiuni-intr-o-singura-razie\/\" rel=\"bookmark\" title=\"Transportul ilegal, lovit \u00een plin de Poli\u021bie \u00een Gara Mare din Timi\u0219oara: zeci de sanc\u021biuni \u00eentr-o singur\u0103 razie\">Transportul ilegal, lovit \u00een plin de Poli\u021bie \u00een Gara Mare din Timi\u0219oara: zeci de sanc\u021biuni \u00eentr-o singur\u0103 razie<\/a><\/h3>\n<\/div>\n<\/div>\n<\/div>\n<div class=\"tdb_module_related td_module_wrap td-animation-stack td-meta-info-hide\">\n<div class=\"td-module-container td-category-pos-image\">\n<div class=\"td-module-meta-info\">\n<h3 class=\"entry-title td-module-title\"><a href=\"https:\/\/voceatimisului.ro\/rachita-ovidiu-ionel-castiga-procesul-cu-igpr-si-ipj-timis-politia-obligata-sa-i-plateasca-salariile-pierdute-dupa-o-sanctiune-abuziva\/\" rel=\"bookmark\" title=\"R\u0103chit\u0103 Ovidiu Ionel c\u00e2\u0219tig\u0103 procesul cu IGPR \u0219i IPJ Timi\u0219: Poli\u021bia obligat\u0103 s\u0103-i pl\u0103teasc\u0103 salariile pierdute dup\u0103 o sanc\u021biune abuziv\u0103\">R\u0103chit\u0103 Ovidiu Ionel c\u00e2\u0219tig\u0103 procesul cu IGPR \u0219i IPJ Timi\u0219: Poli\u021bia obligat\u0103 s\u0103-i pl\u0103teasc\u0103 salariile pierdute dup\u0103 o sanc\u021biune abuziv\u0103<\/a><\/h3>\n<\/div>\n<\/div>\n<\/div>\n<\/div>\n<\/div>\n<\/div>\n<\/div>\n<\/div>\n<div class=\"vc_column_inner tdi_91  wpb_column vc_column_container tdc-inner-column td-pb-span8\">\n<div class=\"vc_column-inner\">\n<div class=\"wpb_wrapper\">\n<div class=\"td_block_wrap tdb_single_comments tdi_92 tdb-comm-layout2 td-pb-border-top td_block_template_2\" data-td-block-uid=\"tdi_92\">\n<div class=\"tdb-block-inner td-fix-index\">\n<div class=\"comments\" id=\"comments\">\n<div id=\"respond\" class=\"comment-respond\">\n<h3 id=\"reply-title\" class=\"comment-reply-title\">L\u0102SA\u021aI UN MESAJ <small><a rel=\"nofollow\" id=\"cancel-comment-reply-link\" href=\"https:\/\/voceatimisului.ro\/dupa-incidentul-grav-de-la-calderon-politistii-iau-masuri-preventive-in-scolile-din-timis-actiuni-la-colegiul-banatean-si-scoala-din-ghiroda\/#respond\">Renun\u021ba\u021bi la r\u0103spuns<\/a><\/small><\/h3>\n<div class=\"comment-form-input-wrap td-form-comment\">\n<div class=\"td-warning-comment\">V\u0103 rug\u0103m s\u0103 introduce\u021bi comentariul dvs.!<\/div>\n<\/div>\n<div class=\"comment-form-input-wrap td-form-author\">\n<div class=\"td-warning-author\">Introduce\u021bi aici numele dvs.<\/div>\n<\/div>\n<div class=\"comment-form-input-wrap td-form-email\">\n<div class=\"td-warning-email-error\">A\u021bi introdus o adres\u0103 de e-mail incorect\u0103!<\/div>\n<div class=\"td-warning-email\">V\u0103 rug\u0103m s\u0103 introduce\u021bi adresa dvs. de e-mail aici<\/div>\n<\/div>\n<\/div>\n<\/div>\n<\/div>\n<\/div>\n<\/div>\n<\/div>\n<\/div>\n<\/div>\n<\/div>\n<\/div>\n<div class=\"vc_column tdi_94  wpb_column vc_column_container tdc-column td-pb-span4 td-is-sticky\">\n<div class=\"wpb_wrapper\" data-sticky-enabled-on=\"W3RydWUsdHJ1ZSx0cnVlLHRydWVd\" data-sticky-offset=\"20\" data-sticky-is-width-auto=\"W2ZhbHNlLGZhbHNlLGZhbHNlLGZhbHNlXQ==\">\n<div class=\"vc_row_inner tdi_96  vc_row vc_inner wpb_row td-pb-row\">\n<div class=\"vc_column_inner tdi_98  wpb_column vc_column_container tdc-inner-column td-pb-span12\">\n<div class=\"vc_column-inner\">\n<div class=\"wpb_wrapper\">\n<div class=\"td_block_wrap td_block_title tdi_99 td-pb-border-top td_block_template_11 td-fix-index\" data-td-block-uid=\"tdi_99\">\n<div class=\"td-block-title-wrap\">\n<h4 class=\"td-block-title\"><span class=\"td-pulldown-size\">ANUN\u021aURI \u0218I PUBLICITATE<\/span><\/h4>\n<\/div>\n<\/div>\n<\/div>\n<\/div>\n<\/div>\n<\/div>\n<div class=\"wpb_wrapper td_block_wrap vc_widget_sidebar tdi_101 \">\n<aside id=\"block-10\" class=\"td_block_template_1 widget block-10 widget_block widget_media_image\">\n<figure class=\"wp-block-image size-full\"><a href=\"https:\/\/adpghiroda.ro\/index.html\" target=\"_blank\" rel=\" noreferrer noopener\"><img decoding=\"async\" loading=\"eager\" width=\"960\" height=\"960\" src=\"https:\/\/voceatimisului.ro\/wp-content\/uploads\/2025\/03\/ADP-Ghiroda2.jpg\" alt class=\"wp-image-171492\"><\/a><\/figure>\n<\/aside>\n<aside id=\"block-11\" class=\"td_block_template_1 widget block-11 widget_block widget_media_image\">\n<figure class=\"wp-block-image size-full\"><a href=\"https:\/\/adpghiroda.ro\/index.html\" target=\"_blank\" rel=\" noreferrer noopener\"><img decoding=\"async\" loading=\"eager\" width=\"960\" height=\"960\" src=\"https:\/\/voceatimisului.ro\/wp-content\/uploads\/2025\/03\/ADP-Ghiroda1.jpg\" alt class=\"wp-image-171491\"><\/a><\/figure>\n<\/aside>\n<aside id=\"block-17\" class=\"td_block_template_1 widget block-17 widget_block widget_media_image\">\n<figure class=\"wp-block-image size-large is-resized\"><a href=\"https:\/\/verde.events\/\" target=\"_blank\" rel=\" noreferrer noopener\"><img decoding=\"async\" loading=\"lazy\" width=\"1024\" height=\"683\" src=\"https:\/\/voceatimisului.ro\/wp-content\/uploads\/2025\/08\/Verde-Events-24-1024x683.jpg\" alt=\"Verde Events\" class=\"wp-image-174395\"><\/a><figcaption class=\"wp-element-caption\"><strong><em>O experien\u021b\u0103 unic\u0103 pentru orice tip de eveniment<\/em><\/strong><\/figcaption><\/figure>\n<\/aside>\n<\/div>\n<div class=\"td_block_wrap td_flex_block_1 tdi_107 td-pb-border-top td_block_template_1 td_ajax_preloading_preload td_flex_block\" data-td-block-uid=\"tdi_107\">\n<div id=\"tdi_107\" class=\"td_block_inner td-mc1-wrap\">\n<div class=\"td_module_flex td_module_flex_1 td_module_wrap td-animation-stack td-meta-info-hide td-cpt-post\">\n<div class=\"td-module-container td-category-pos-image\">\n<div class=\"td-module-meta-info\">\n<h3 class=\"entry-title td-module-title\"><a href=\"https:\/\/voceatimisului.ro\/recidivist-retinut-dupa-o-serie-de-furturi-din-autoturisme-in-timisoara\/\" rel=\"bookmark\" title=\"Recidivist re\u021binut dup\u0103 o serie de furturi din autoturisme \u00een Timi\u0219oara\">Recidivist re\u021binut dup\u0103 o serie de furturi din autoturisme \u00een Timi\u0219oara<\/a><\/h3>\n<\/div>\n<\/div>\n<\/div>\n<div class=\"td_module_flex td_module_flex_1 td_module_wrap td-animation-stack td-meta-info-hide td-cpt-post\">\n<div class=\"td-module-container td-category-pos-image\">\n<div class=\"td-module-meta-info\">\n<h3 class=\"entry-title td-module-title\"><a href=\"https:\/\/voceatimisului.ro\/vehiculele-scolilor-de-soferi-verificate-de-politistii-rutieri-timiseni\/\" rel=\"bookmark\" title=\"Vehiculele \u0219colilor de \u0219oferi, verificate de poli\u021bi\u0219tii rutieri timi\u0219eni\">Vehiculele \u0219colilor de \u0219oferi, verificate de poli\u021bi\u0219tii rutieri timi\u0219eni<\/a><\/h3>\n<\/div>\n<\/div>\n<\/div>\n<div class=\"td_module_flex td_module_flex_1 td_module_wrap td-animation-stack td-meta-info-hide td-cpt-post\">\n<div class=\"td-module-container td-category-pos-image\">\n<div class=\"td-module-meta-info\">\n<h3 class=\"entry-title td-module-title\"><a href=\"https:\/\/voceatimisului.ro\/violenta-drogurile-si-pericolele-online-explicate-pe-intelesul-copiilor-politistii-locali-fata-in-fata-cu-elevii-timisoreni\/\" rel=\"bookmark\" title=\"Violen\u021ba, drogurile \u0219i pericolele online, explicate pe \u00een\u021belesul copiilor. Poli\u021bi\u0219tii locali, fa\u021b\u0103 \u00een fa\u021b\u0103 cu elevii timi\u0219oreni\">Violen\u021ba, drogurile \u0219i pericolele online, explicate pe \u00een\u021belesul copiilor. Poli\u021bi\u0219tii locali, fa\u021b\u0103 \u00een fa\u021b\u0103 cu elevii timi\u0219oreni<\/a><\/h3>\n<\/div>\n<\/div>\n<\/div>\n<div class=\"td_module_flex td_module_flex_1 td_module_wrap td-animation-stack td-meta-info-hide td-cpt-post\">\n<div class=\"td-module-container td-category-pos-image\">\n<div class=\"td-module-meta-info\">\n<h3 class=\"entry-title td-module-title\"><a href=\"https:\/\/voceatimisului.ro\/cand-arta-devine-scut-elevii-de-la-liceul-ana-aslan-din-timisoara-spun-nu-drogurilor\/\" rel=\"bookmark\" title=\"C\u00e2nd arta devine scut: elevii de la Liceul \u201eAna Aslan\u201d din Timi\u0219oara spun NU drogurilor\">C\u00e2nd arta devine scut: elevii de la Liceul \u201eAna Aslan\u201d din Timi\u0219oara spun NU drogurilor<\/a><\/h3>\n<\/div>\n<\/div>\n<\/div>\n<div class=\"td_module_flex td_module_flex_1 td_module_wrap td-animation-stack td-meta-info-hide td-cpt-post\">\n<div class=\"td-module-container td-category-pos-image\">\n<div class=\"td-module-meta-info\">\n<h3 class=\"entry-title td-module-title\"><a href=\"https:\/\/voceatimisului.ro\/https-voceatimisului-ro-incident-grav-semnalat-intr-o-toaleta-de-la-liceul-calderon-din-timisoara-politia-si-inspectoratul-scolar-au-fost-sesizate\/\" rel=\"bookmark\" title=\"Incident grav semnalat \u00eentr-o toalet\u0103 de la Liceul Calderon din Timi\u0219oara. Poli\u021bia \u0219i Inspectoratul \u0218colar au fost sesizate\">Incident grav semnalat \u00eentr-o toalet\u0103 de la Liceul Calderon din Timi\u0219oara. Poli\u021bia \u0219i Inspectoratul \u0218colar au fost sesizate<\/a><\/h3>\n<\/div>\n<\/div>\n<\/div>\n<\/div>\n<\/div>\n<\/div>\n<\/div>\n<\/div>\n<\/div>\n<\/div>\n<\/div>\n<p><span class=\"td-page-meta\"><\/span><span class=\"td-page-meta\"><span class=\"td-page-meta\"><\/span><\/span><span class=\"td-page-meta\"><\/span><\/article>\n<p> Source URL: https:\/\/voceatimisului.ro\/dupa-incidentul-grav-de-la-calderon-politistii-iau-masuri-preventive-in-scolile-din-timis-actiuni-la-colegiul-banatean-si-scoala-din-ghiroda\/<\/p>\n","protected":false},"excerpt":{"rendered":"<p>\u0218tiriEduca\u021bie Dup\u0103 incidentul grav de la Calderon, poli\u021bi\u0219tii iau m\u0103suri preventive \u00een \u0219colile din Timi\u0219: ac\u021biuni la Colegiul B\u0103n\u0103\u021bean \u0219i \u0218coala din Ghiroda Autor-Radu Constantin 19 mai 2025 0 11749 Facebook Twitter Pinterest WhatsApp Linkedin Copy URL Dup\u0103 incidentul grav de la Calderon, poli\u021bi\u0219tii iau m\u0103suri preventive \u00een \u0219colile din Timi\u0219: ac\u021biuni la Colegiul B\u0103n\u0103\u021bean [&hellip;]<\/p>\n","protected":false},"author":1,"featured_media":0,"comment_status":"open","ping_status":"","sticky":false,"template":"","format":"standard","meta":{"footnotes":""},"categories":[89],"tags":[199],"class_list":["post-1053745","post","type-post","status-publish","format-standard","hentry","category-romania","tag-voceatimisului-ro"],"_links":{"self":[{"href":"https:\/\/analyse.optim.biz\/index.php?rest_route=\/wp\/v2\/posts\/1053745","targetHints":{"allow":["GET"]}}],"collection":[{"href":"https:\/\/analyse.optim.biz\/index.php?rest_route=\/wp\/v2\/posts"}],"about":[{"href":"https:\/\/analyse.optim.biz\/index.php?rest_route=\/wp\/v2\/types\/post"}],"author":[{"embeddable":true,"href":"https:\/\/analyse.optim.biz\/index.php?rest_route=\/wp\/v2\/users\/1"}],"replies":[{"embeddable":true,"href":"https:\/\/analyse.optim.biz\/index.php?rest_route=%2Fwp%2Fv2%2Fcomments&post=1053745"}],"version-history":[{"count":0,"href":"https:\/\/analyse.optim.biz\/index.php?rest_route=\/wp\/v2\/posts\/1053745\/revisions"}],"wp:attachment":[{"href":"https:\/\/analyse.optim.biz\/index.php?rest_route=%2Fwp%2Fv2%2Fmedia&parent=1053745"}],"wp:term":[{"taxonomy":"category","embeddable":true,"href":"https:\/\/analyse.optim.biz\/index.php?rest_route=%2Fwp%2Fv2%2Fcategories&post=1053745"},{"taxonomy":"post_tag","embeddable":true,"href":"https:\/\/analyse.optim.biz\/index.php?rest_route=%2Fwp%2Fv2%2Ftags&post=1053745"}],"curies":[{"name":"wp","href":"https:\/\/api.w.org\/{rel}","templated":true}]}}