{"id":1053741,"date":"2025-05-20T13:32:22","date_gmt":"2025-05-20T10:32:22","guid":{"rendered":"https:\/\/analyse.optim.biz\/?p=1053741"},"modified":"2025-05-20T13:32:22","modified_gmt":"2025-05-20T10:32:22","slug":"cand-arta-devine-scut-elevii-de-la-liceul-ana-aslan-din-timisoara-spun-nu-drogurilor","status":"publish","type":"post","link":"https:\/\/analyse.optim.biz\/?p=1053741","title":{"rendered":"C\u00e2nd arta devine scut: elevii de la Liceul \u201eAna Aslan\u201d din Timi\u0219oara spun NU drogurilor"},"content":{"rendered":"<article id=\"template-id-172790\" class=\"post-172790 tdb_templates type-tdb_templates status-publish post\">\n<div id=\"tdi_38\" class=\"tdc-zone\">\n<div class=\"tdc_zone tdi_39  wpb_row td-pb-row\">\n<div id=\"tdi_40\" class=\"tdc-row stretch_row_1400 td-stretch-content\">\n<div class=\"vc_row tdi_41  wpb_row td-pb-row tdc-element-style\">\n<div class=\"vc_column tdi_43  wpb_column vc_column_container tdc-column td-pb-span8\">\n<div class=\"wpb_wrapper\">\n<div class=\"td_block_wrap tdb_single_categories tdi_44 td-pb-border-top td_block_template_1 \" data-td-block-uid=\"tdi_44\">\n<div class=\"tdb-category td-fix-index\"><a class=\"tdb-entry-category\" href=\"https:\/\/voceatimisului.ro\/stiri-din-timisoara-si-timis\/\">\u0218tiri<\/a><a class=\"tdb-entry-category\" href=\"https:\/\/voceatimisului.ro\/stiri-din-timisoara-si-timis\/educatie\/\">Educa\u021bie<\/a><\/div>\n<\/div>\n<div class=\"td_block_wrap tdb_title tdi_45 tdb-single-title td-pb-border-top td_block_template_1\" data-td-block-uid=\"tdi_45\">\n<div class=\"tdb-block-inner td-fix-index\">\n<h1 class=\"tdb-title-text\">C\u00e2nd arta devine scut: elevii de la Liceul \u201eAna Aslan\u201d din Timi\u0219oara spun NU drogurilor<\/h1>\n<\/div>\n<\/div>\n<div class=\"vc_row_inner tdi_48  vc_row vc_inner wpb_row td-pb-row\">\n<div class=\"vc_column_inner tdi_50  wpb_column vc_column_container tdc-inner-column td-pb-span6\">\n<div class=\"vc_column-inner\">\n<div class=\"wpb_wrapper\">\n<div class=\"td_block_wrap tdb_single_author tdi_51 td-pb-border-top td_block_template_1 tdb-post-meta\" data-td-block-uid=\"tdi_51\">\n<div class=\"tdb-block-inner td-fix-index\">\n<div class=\"tdb-author-name-wrap\"><span class=\"tdb-author-by\">Autor-<\/span><a class=\"tdb-author-name\" href=\"https:\/\/voceatimisului.ro\/author\/cataadmin\/\">Radu Constantin<\/a><\/div>\n<\/div>\n<\/div>\n<div class=\"td_block_wrap tdb_single_date tdi_52 td-pb-border-top td_block_template_1 tdb-post-meta\" data-td-block-uid=\"tdi_52\">\n<div class=\"tdb-block-inner td-fix-index\"><time class=\"entry-date updated td-module-date\" datetime=\"2025-05-20T16:32:22+03:00\">20 mai 2025<\/time><\/div>\n<\/div>\n<div class=\"td_block_wrap tdb_single_comments_count tdi_53 td-pb-border-top td_block_template_1 tdb-post-meta\" data-td-block-uid=\"tdi_53\">\n<div class=\"tdb-block-inner td-fix-index\"><a href=\"https:\/\/voceatimisului.ro\/cand-arta-devine-scut-elevii-de-la-liceul-ana-aslan-din-timisoara-spun-nu-drogurilor\/#respond\"><span>0<\/span><\/a><\/div>\n<\/div>\n<div class=\"td_block_wrap tdb_single_post_views tdi_54 td-pb-border-top td_block_template_1 tdb-post-meta\" data-td-block-uid=\"tdi_54\">\n<div class=\"tdb-block-inner td-fix-index\"><span class=\"tdb-add-text\">1<\/span><span class=\"td-nr-views-172341\">239<\/span><\/div>\n<\/div>\n<\/div>\n<\/div>\n<\/div>\n<div class=\"vc_column_inner tdi_56  wpb_column vc_column_container tdc-inner-column td-pb-span6\">\n<div class=\"vc_column-inner\">\n<div class=\"wpb_wrapper\">\n<div class=\"td_block_wrap tdb_single_post_share tdi_57  td-pb-border-top td_block_template_1\" data-td-block-uid=\"tdi_57\">\n<div id=\"tdi_57\" class=\"td-post-sharing tdb-block td-ps-bg td-ps-notext td-post-sharing-style1 \">\n<div class=\"td-post-sharing-visible\"><a class=\"td-social-sharing-button td-social-sharing-button-js td-social-network td-social-facebook\" href=\"https:\/\/www.facebook.com\/sharer.php?u=https%3A%2F%2Fvoceatimisului.ro%2Fcand-arta-devine-scut-elevii-de-la-liceul-ana-aslan-din-timisoara-spun-nu-drogurilor%2F\" title=\"Facebook\" rel=\"noopener\"><\/p>\n<div class=\"td-social-but-text\">Facebook<\/div>\n<p><\/a><a class=\"td-social-sharing-button td-social-sharing-button-js td-social-network td-social-twitter\" href=\"https:\/\/twitter.com\/intent\/tweet?text=C%C3%A2nd+arta+devine+scut%3A+elevii+de+la+Liceul+%E2%80%9EAna+Aslan%E2%80%9D+din+Timi%C8%99oara+spun+NU+drogurilor&amp;url=https%3A%2F%2Fvoceatimisului.ro%2Fcand-arta-devine-scut-elevii-de-la-liceul-ana-aslan-din-timisoara-spun-nu-drogurilor%2F&amp;via=Vocea+Timisului\" title=\"Twitter\" rel=\"noopener\"><\/p>\n<div class=\"td-social-but-text\">Twitter<\/div>\n<p><\/a><a class=\"td-social-sharing-button td-social-sharing-button-js td-social-network td-social-pinterest\" href=\"https:\/\/pinterest.com\/pin\/create\/button\/?url=https:\/\/voceatimisului.ro\/cand-arta-devine-scut-elevii-de-la-liceul-ana-aslan-din-timisoara-spun-nu-drogurilor\/&amp;media=https:\/\/voceatimisului.ro\/wp-content\/uploads\/2025\/05\/elevii-de-la-Liceul-%E2%80%9EAna-Aslan-din-Timisoara-spun-NU-drogurilor2-scaled.jpg&amp;description=C%C3%A2nd+arta+devine+scut%3A+elevii+de+la+Liceul+%E2%80%9EAna+Aslan%E2%80%9D+din+Timi%C8%99oara+spun+NU+drogurilor\" title=\"Pinterest\" rel=\"noopener\"><\/p>\n<div class=\"td-social-but-text\">Pinterest<\/div>\n<p><\/a><a class=\"td-social-sharing-button td-social-sharing-button-js td-social-network td-social-whatsapp\" href=\"https:\/\/api.whatsapp.com\/send?text=C%C3%A2nd+arta+devine+scut%3A+elevii+de+la+Liceul+%E2%80%9EAna+Aslan%E2%80%9D+din+Timi%C8%99oara+spun+NU+drogurilor%20%0A%0A%20https:\/\/voceatimisului.ro\/cand-arta-devine-scut-elevii-de-la-liceul-ana-aslan-din-timisoara-spun-nu-drogurilor\/\" title=\"WhatsApp\" rel=\"noopener\"><\/p>\n<div class=\"td-social-but-text\">WhatsApp<\/div>\n<p><\/a><a class=\"td-social-sharing-button td-social-sharing-button-js td-social-network td-social-linkedin\" href=\"https:\/\/www.linkedin.com\/shareArticle?mini=true&amp;url=https:\/\/voceatimisului.ro\/cand-arta-devine-scut-elevii-de-la-liceul-ana-aslan-din-timisoara-spun-nu-drogurilor\/&amp;title=C%C3%A2nd+arta+devine+scut%3A+elevii+de+la+Liceul+%E2%80%9EAna+Aslan%E2%80%9D+din+Timi%C8%99oara+spun+NU+drogurilor\" title=\"Linkedin\" rel=\"noopener\"><\/p>\n<div class=\"td-social-but-text\">Linkedin<\/div>\n<p><\/a><a class=\"td-social-sharing-button td-social-sharing-button-js td-social-network td-social-copy_url\" href=\"https:\/\/voceatimisului.ro\/cand-arta-devine-scut-elevii-de-la-liceul-ana-aslan-din-timisoara-spun-nu-drogurilor\/\" title=\"Copy URL\" rel=\"noopener\"><\/p>\n<div class=\"td-social-but-text\">Copy URL<\/div>\n<p><\/a><\/div>\n<\/div>\n<\/div>\n<\/div>\n<\/div>\n<\/div>\n<\/div>\n<div class=\"td_block_wrap tdb_single_featured_image tdi_58 tdb-content-horiz-left td-pb-border-top td_block_template_1\" data-td-block-uid=\"tdi_58\">\n<div class=\"tdb-block-inner td-fix-index\"><img fetchpriority=\"high\" decoding=\"async\" width=\"696\" height=\"522\" class=\"entry-thumb\" src=\"https:\/\/voceatimisului.ro\/wp-content\/uploads\/2025\/05\/elevii-de-la-Liceul-%E2%80%9EAna-Aslan-din-Timisoara-spun-NU-drogurilor2-696x522.jpg\" alt title=\"elevii de la Liceul \u201eAna Aslan\u201d din Timi\u0219oara spun NU drogurilor2\" loading=\"eager\"><\/div>\n<\/div>\n<div class=\"vc_row_inner tdi_60  vc_row vc_inner wpb_row td-pb-row\">\n<div class=\"vc_column_inner tdi_62  wpb_column vc_column_container tdc-inner-column td-pb-span4 td-is-sticky\">\n<div class=\"vc_column-inner\">\n<div class=\"wpb_wrapper\" data-sticky-enabled-on=\"W3RydWUsdHJ1ZSx0cnVlLHRydWVd\" data-sticky-offset=\"20\" data-sticky-is-width-auto=\"W2ZhbHNlLGZhbHNlLGZhbHNlLGZhbHNlXQ==\">\n<div class=\"td_block_wrap td_flex_block_1 tdi_63 td-pb-border-top td_block_template_1 td_ajax_preloading_preload td_flex_block\" data-td-block-uid=\"tdi_63\">\n<div id=\"tdi_63\" class=\"td_block_inner td-mc1-wrap\">\n<div class=\"td_module_flex td_module_flex_1 td_module_wrap td-animation-stack td-meta-info-hide td-cpt-post\">\n<div class=\"td-module-container td-category-pos-image\">\n<div class=\"td-module-meta-info\">\n<h3 class=\"entry-title td-module-title\"><a href=\"https:\/\/voceatimisului.ro\/accident-frontal-pe-dn6-la-remetea-mare-trei-persoane-au-ajuns-la-spital-dupa-ce-un-sofer-a-intrat-in-coliziune-cu-o-ambulanta-privata\/\" rel=\"bookmark\" title=\"Accident frontal pe DN6 la Remetea Mare. Trei persoane au ajuns la spital dup\u0103 ce un \u0219ofer a intrat \u00een coliziune cu o ambulan\u021b\u0103 privat\u0103\">Accident frontal pe DN6 la Remetea Mare. Trei persoane au ajuns la spital dup\u0103 ce un \u0219ofer a intrat \u00een coliziune cu o ambulan\u021b\u0103&#8230;<\/a><\/h3>\n<\/div>\n<\/div>\n<\/div>\n<div class=\"td_module_flex td_module_flex_1 td_module_wrap td-animation-stack td-meta-info-hide td-cpt-post\">\n<div class=\"td-module-container td-category-pos-image\">\n<div class=\"td-module-meta-info\">\n<h3 class=\"entry-title td-module-title\"><a href=\"https:\/\/voceatimisului.ro\/actiune-in-sistem-releu-pe-dn6-zeci-de-soferi-amendati-si-permise-retinute-in-timis\/\" rel=\"bookmark\" title=\"Ac\u021biune \u00een sistem \u201creleu\u201d pe DN6. Zeci de \u0219oferi amenda\u021bi \u0219i permise re\u021binute \u00een Timi\u0219\">Ac\u021biune \u00een sistem \u201creleu\u201d pe DN6. Zeci de \u0219oferi amenda\u021bi \u0219i permise re\u021binute \u00een Timi\u0219<\/a><\/h3>\n<\/div>\n<\/div>\n<\/div>\n<div class=\"td_module_flex td_module_flex_1 td_module_wrap td-animation-stack td-meta-info-hide td-cpt-post\">\n<div class=\"td-module-container td-category-pos-image\">\n<div class=\"td-module-meta-info\">\n<h3 class=\"entry-title td-module-title\"><a href=\"https:\/\/voceatimisului.ro\/accident-cu-patru-masini-la-pasajul-iulius-town-din-timisoara-o-femeie-a-fost-ranita\/\" rel=\"bookmark\" title=\"Accident cu patru ma\u0219ini la Pasajul Iulius Town din Timi\u0219oara. O femeie a fost r\u0103nit\u0103\">Accident cu patru ma\u0219ini la Pasajul Iulius Town din Timi\u0219oara. O femeie a fost r\u0103nit\u0103<\/a><\/h3>\n<\/div>\n<\/div>\n<\/div>\n<div class=\"td_module_flex td_module_flex_1 td_module_wrap td-animation-stack td-meta-info-hide td-cpt-post\">\n<div class=\"td-module-container td-category-pos-image\">\n<div class=\"td-module-meta-info\">\n<h3 class=\"entry-title td-module-title\"><a href=\"https:\/\/voceatimisului.ro\/scene-halucinante-la-timisoara-un-barbat-s-a-catarat-pe-balcon-si-a-intrat-peste-o-tanara-in-casa\/\" rel=\"bookmark\" title=\"Scene halucinante la Timi\u0219oara: un b\u0103rbat s-a c\u0103\u021b\u0103rat pe balcon \u0219i a intrat peste o t\u00e2n\u0103r\u0103 \u00een cas\u0103\">Scene halucinante la Timi\u0219oara: un b\u0103rbat s-a c\u0103\u021b\u0103rat pe balcon \u0219i a intrat peste o t\u00e2n\u0103r\u0103 \u00een cas\u0103<\/a><\/h3>\n<\/div>\n<\/div>\n<\/div>\n<\/div>\n<\/div>\n<div class=\"tdb-author-box td_block_wrap tdb_single_author_box tdi_68 tdb-content-vert-top td-pb-border-top td_block_template_1\" data-td-block-uid=\"tdi_68\">\n<div class=\"tdb-block-inner td-fix-index\">\n<div class=\"tdb-author-info\"><a href=\"https:\/\/voceatimisului.ro\/author\/cataadmin\/\" class=\"tdb-author-name\">Radu Constantin<\/a><a href=\"http:\/\/www.voceatimisului.ro\" rel=\"nofollow\" class=\"tdb-author-url\">http:\/\/www.voceatimisului.ro<\/a><\/p>\n<div class=\"tdb-author-descr\">\u00centreaga responsabilitate a comentariilor l\u0103sate de dumneavoastr\u0103 v\u0103 apar\u021bine!<br \/>\nClick <a href=\"https:\/\/voceatimisului.ro\/termeni-si-conditii\/\">aici<\/a>-citeste condi\u0163iile de utilizare ale site-ului www.voceatimisului.ro<\/div>\n<\/div>\n<\/div>\n<\/div>\n<\/div>\n<\/div>\n<\/div>\n<div class=\"vc_column_inner tdi_70  wpb_column vc_column_container tdc-inner-column td-pb-span8\">\n<div class=\"vc_column-inner\">\n<div class=\"wpb_wrapper\">\n<div class=\"td_block_wrap tdb_single_content tdi_71 td-pb-border-top td_block_template_1 td-post-content tagdiv-type\" data-td-block-uid=\"tdi_71\">\n<div class=\"tdb-block-inner td-fix-index\">\n<h5 class=\"wp-block-heading\">Proiectul <em>\u201ePrin art\u0103 lupt\u0103m \u00eempotriva drogurilor\u201d<\/em> s-a \u00eencheiat oficial la Liceul \u201eAna Aslan\u201d din Timi\u0219oara, dar mesajul s\u0103u continu\u0103 s\u0103 r\u0103sune \u2013 \u00een min\u021bile \u0219i sufletele tinerilor care au avut curajul s\u0103 transforme culoarea \u00een arm\u0103 \u0219i emo\u021bia \u00een r\u0103spuns.<\/h5>\n<p>Pe parcursul anului \u0219colar 2024\u20132025, elevii liceului au participat la o ini\u021biativ\u0103 aparte, cu dubl\u0103 for\u021b\u0103: artistic\u0103 \u0219i educa\u021bional\u0103. Pictura a devenit un canal de exprimare, iar lupta \u00eempotriva consumului de droguri \u2013 un demers profund personal.<\/p>\n<p>Ini\u021biatoarea proiectului este subcomisarul de poli\u021bie <strong>Rodica Giuic\u0103<\/strong>, din cadrul Biroului Analiz\u0103 \u0219i Prevenirea Criminalit\u0103\u021bii \u2013 IPJ Timi\u0219. Nu doar poli\u021bist\u0103, ci \u0219i mam\u0103, aceasta a pornit demersul dintr-o grij\u0103 autentic\u0103 pentru tineri \u0219i viitorul lor:<\/p>\n<p><strong><em>\u201eDrogurile nu sunt r\u0103spunsul. Arta, adev\u0103rul \u0219i alegerile s\u0103n\u0103toase sunt\u201d,<\/em><\/strong> a fost crezul care a stat la baza \u00eentregului proiect.<\/p>\n<p>Sub \u00eendrumarea pictorului <strong>Florin Adrian Pop<\/strong>, zece clase de elevi au creat postere cu mesaje puternice, personale \u0219i \u00eenc\u0103rcate de semnifica\u021bie. Nu au fost doar lucr\u0103ri artistice, ci adev\u0103rate declara\u021bii \u2013 unele despre durere, altele despre speran\u021b\u0103, dar toate despre puterea de a alege con\u0219tient.<\/p>\n<p>\u00cen plus, adolescen\u021bii au participat la \u00eent\u00e2lniri cu persoane private de libertate, condamnate pentru trafic de droguri. Dialogurile directe cu ace\u0219tia au fost adev\u0103rate lec\u021bii de via\u021b\u0103. F\u0103r\u0103 preten\u021bii, f\u0103r\u0103 cosmetiz\u0103ri \u2013 doar realitatea crud\u0103 a unor alegeri gre\u0219ite, care au dus la pierderi greu de reparat.<\/p>\n<p><strong>Proiectul a fost mai mult dec\u00e2t o campanie antidrog.<\/strong> A fost un spa\u021biu de reflec\u021bie, de sinceritate, de \u00eenv\u0103\u021bare. Un loc \u00een care elevii au \u00eenv\u0103\u021bat c\u0103 pot alege alt drum. C\u0103 exist\u0103 alternative. C\u0103 nu sunt singuri. C\u0103 vulnerabilitatea poate fi exprimat\u0103 \u00een moduri creative, vindec\u0103toare.<\/p>\n<p>Festivitatea de premiere a celor mai reu\u0219ite postere a fost un moment simbolic: nu doar de recunoa\u0219tere a talentului, ci \u0219i de celebrare a con\u0219tientiz\u0103rii \u0219i maturiz\u0103rii. Pentru c\u0103 atunci c\u00e2nd un adolescent \u00eenva\u021b\u0103 s\u0103 spun\u0103 <strong>NU<\/strong>, se construie\u0219te o societate mai sigur\u0103 pentru to\u021bi.<\/p>\n<p><strong><em>\u201eC\u00e2nd arta vorbe\u0219te, drogurile nu mai au loc\u201d \u2013 a fost deviza acestui proiect. Iar vocea artei, amplificat\u0103 de sinceritatea adolescen\u021bilor, s-a f\u0103cut auzit\u0103 puternic.<\/em><\/strong><\/p>\n<hr class=\"wp-block-separator has-alpha-channel-opacity\">\n<p><strong>Proiectul a fost desf\u0103\u0219urat cu sprijinul Autorit\u0103\u021bii Teritoriale de Ordine Public\u0103 Timi\u0219.<\/strong><\/p>\n<figure class=\"wp-block-embed is-type-video is-provider-youtube wp-block-embed-youtube wp-embed-aspect-16-9 \">\n<div class=\"wp-block-embed__wrapper\"><span class=\"flying-press-youtube\" data-src=\"https:\/\/www.youtube.com\/embed\/skpNOKajkjo?feature=oembed&amp;autoplay=1\"><img decoding=\"async\" src=\"https:\/\/voceatimisului.ro\/wp-content\/cache\/flying-press\/ec1f959ea931ab929a76f732ec36e158.jpg\" width=\"1280\" height=\"720\" alt=\"Elevii de la Liceul \u201eAna Aslan\u201d din Timi\u0219oara spun NU drogurilor\" loading=\"lazy\"><\/span><\/div>\n<\/figure>\n<figure class=\"wp-block-gallery has-nested-images columns-default is-cropped wp-block-gallery-1 is-layout-flex wp-block-gallery-is-layout-flex\">\n<div><a href=\"https:\/\/voceatimisului.ro\/wp-content\/uploads\/2025\/05\/elevii-de-la-Liceul-%E2%80%9EAna-Aslan-din-Timisoara-spun-NU-drogurilor4-1024x768.jpg\" class=\"td-modal-image\"><\/p>\n<figure class=\"wp-block-image size-large\"><img decoding=\"async\" width=\"1024\" height=\"768\" data-id=\"172349\" src=\"https:\/\/voceatimisului.ro\/wp-content\/uploads\/2025\/05\/elevii-de-la-Liceul-%E2%80%9EAna-Aslan-din-Timisoara-spun-NU-drogurilor4-1024x768.jpg\" alt=\"C\u00e2nd arta devine scut: elevii de la Liceul \u201eAna Aslan\u201d din Timi\u0219oara spun NU drogurilor\" class=\"wp-image-172349\" loading=\"lazy\"><\/figure>\n<p><\/a><\/div>\n<figure class=\"wp-block-image size-large\"><img decoding=\"async\" width=\"1024\" height=\"768\" data-id=\"172348\" src=\"https:\/\/voceatimisului.ro\/wp-content\/uploads\/2025\/05\/elevii-de-la-Liceul-%E2%80%9EAna-Aslan-din-Timisoara-spun-NU-drogurilor2-1024x768.jpg\" alt=\"C\u00e2nd arta devine scut: elevii de la Liceul \u201eAna Aslan\u201d din Timi\u0219oara spun NU drogurilor\" class=\"wp-image-172348\" loading=\"lazy\"><\/figure>\n<figure class=\"wp-block-image size-large\"><img decoding=\"async\" loading=\"lazy\" width=\"1024\" height=\"768\" data-id=\"172347\" src=\"https:\/\/voceatimisului.ro\/wp-content\/uploads\/2025\/05\/elevii-de-la-Liceul-%E2%80%9EAna-Aslan-din-Timisoara-spun-NU-drogurilor1-1024x768.jpg\" alt=\"C\u00e2nd arta devine scut: elevii de la Liceul \u201eAna Aslan\u201d din Timi\u0219oara spun NU drogurilor\" class=\"wp-image-172347\"><\/figure>\n<figure class=\"wp-block-image size-large\"><img decoding=\"async\" loading=\"lazy\" width=\"1024\" height=\"768\" data-id=\"172346\" src=\"https:\/\/voceatimisului.ro\/wp-content\/uploads\/2025\/05\/elevii-de-la-Liceul-%E2%80%9EAna-Aslan-din-Timisoara-spun-NU-drogurilor3-1024x768.jpg\" alt=\"C\u00e2nd arta devine scut: elevii de la Liceul \u201eAna Aslan\u201d din Timi\u0219oara spun NU drogurilor\" class=\"wp-image-172346\"><\/figure>\n<figure class=\"wp-block-image size-large\"><img decoding=\"async\" loading=\"lazy\" width=\"1024\" height=\"768\" data-id=\"172345\" src=\"https:\/\/voceatimisului.ro\/wp-content\/uploads\/2025\/05\/elevii-de-la-Liceul-%E2%80%9EAna-Aslan-din-Timisoara-spun-NU-drogurilor5-1024x768.jpg\" alt=\"C\u00e2nd arta devine scut: elevii de la Liceul \u201eAna Aslan\u201d din Timi\u0219oara spun NU drogurilor\" class=\"wp-image-172345\"><\/figure>\n<\/figure>\n<\/div>\n<\/div>\n<div class=\"td_block_wrap tdb_single_tags tdi_74 td-pb-border-top td_block_template_1\" data-td-block-uid=\"tdi_74\">\n<div class=\"tdb-block-inner td-fix-index\">\n<ul class=\"tdb-tags\">\n<li><span>Tags<\/span><\/li>\n<li><a href=\"https:\/\/voceatimisului.ro\/tag\/ana-aslan\/\">ana aslan<\/a><\/li>\n<li><a href=\"https:\/\/voceatimisului.ro\/tag\/campanie-antidrog\/\">campanie antidrog<\/a><\/li>\n<li><a href=\"https:\/\/voceatimisului.ro\/tag\/ipj-timis\/\">ipj timis<\/a><\/li>\n<li><a href=\"https:\/\/voceatimisului.ro\/tag\/nu-drogurilor\/\">nu drogurilor<\/a><\/li>\n<li><a href=\"https:\/\/voceatimisului.ro\/tag\/prin-arta-luptam-impotriva-drogurilor\/\">Prin art\u0103 lupt\u0103m \u00eempotriva drogurilor<\/a><\/li>\n<\/ul>\n<\/div>\n<\/div>\n<div class=\"td_block_wrap tdb_single_post_share tdi_75  td-pb-border-top td_block_template_1\" data-td-block-uid=\"tdi_75\">\n<div id=\"tdi_75\" class=\"td-post-sharing tdb-block td-ps-bg td-ps-notext td-post-sharing-style1 \">\n<div class=\"td-post-sharing-visible\"><a class=\"td-social-sharing-button td-social-sharing-button-js td-social-network td-social-facebook\" href=\"https:\/\/www.facebook.com\/sharer.php?u=https%3A%2F%2Fvoceatimisului.ro%2Fcand-arta-devine-scut-elevii-de-la-liceul-ana-aslan-din-timisoara-spun-nu-drogurilor%2F\" title=\"Facebook\" rel=\"noopener\"><\/p>\n<div class=\"td-social-but-text\">Facebook<\/div>\n<p><\/a><a class=\"td-social-sharing-button td-social-sharing-button-js td-social-network td-social-twitter\" href=\"https:\/\/twitter.com\/intent\/tweet?text=C%C3%A2nd+arta+devine+scut%3A+elevii+de+la+Liceul+%E2%80%9EAna+Aslan%E2%80%9D+din+Timi%C8%99oara+spun+NU+drogurilor&amp;url=https%3A%2F%2Fvoceatimisului.ro%2Fcand-arta-devine-scut-elevii-de-la-liceul-ana-aslan-din-timisoara-spun-nu-drogurilor%2F&amp;via=Vocea+Timisului\" title=\"Twitter\" rel=\"noopener\"><\/p>\n<div class=\"td-social-but-text\">Twitter<\/div>\n<p><\/a><a class=\"td-social-sharing-button td-social-sharing-button-js td-social-network td-social-pinterest\" href=\"https:\/\/pinterest.com\/pin\/create\/button\/?url=https:\/\/voceatimisului.ro\/cand-arta-devine-scut-elevii-de-la-liceul-ana-aslan-din-timisoara-spun-nu-drogurilor\/&amp;media=https:\/\/voceatimisului.ro\/wp-content\/uploads\/2025\/05\/elevii-de-la-Liceul-%E2%80%9EAna-Aslan-din-Timisoara-spun-NU-drogurilor2-scaled.jpg&amp;description=C%C3%A2nd+arta+devine+scut%3A+elevii+de+la+Liceul+%E2%80%9EAna+Aslan%E2%80%9D+din+Timi%C8%99oara+spun+NU+drogurilor\" title=\"Pinterest\" rel=\"noopener\"><\/p>\n<div class=\"td-social-but-text\">Pinterest<\/div>\n<p><\/a><a class=\"td-social-sharing-button td-social-sharing-button-js td-social-network td-social-whatsapp\" href=\"https:\/\/api.whatsapp.com\/send?text=C%C3%A2nd+arta+devine+scut%3A+elevii+de+la+Liceul+%E2%80%9EAna+Aslan%E2%80%9D+din+Timi%C8%99oara+spun+NU+drogurilor%20%0A%0A%20https:\/\/voceatimisului.ro\/cand-arta-devine-scut-elevii-de-la-liceul-ana-aslan-din-timisoara-spun-nu-drogurilor\/\" title=\"WhatsApp\" rel=\"noopener\"><\/p>\n<div class=\"td-social-but-text\">WhatsApp<\/div>\n<p><\/a><a class=\"td-social-sharing-button td-social-sharing-button-js td-social-network td-social-linkedin\" href=\"https:\/\/www.linkedin.com\/shareArticle?mini=true&amp;url=https:\/\/voceatimisului.ro\/cand-arta-devine-scut-elevii-de-la-liceul-ana-aslan-din-timisoara-spun-nu-drogurilor\/&amp;title=C%C3%A2nd+arta+devine+scut%3A+elevii+de+la+Liceul+%E2%80%9EAna+Aslan%E2%80%9D+din+Timi%C8%99oara+spun+NU+drogurilor\" title=\"Linkedin\" rel=\"noopener\"><\/p>\n<div class=\"td-social-but-text\">Linkedin<\/div>\n<p><\/a><a class=\"td-social-sharing-button td-social-sharing-button-js td-social-network td-social-copy_url\" href=\"https:\/\/voceatimisului.ro\/cand-arta-devine-scut-elevii-de-la-liceul-ana-aslan-din-timisoara-spun-nu-drogurilor\/\" title=\"Copy URL\" rel=\"noopener\"><\/p>\n<div class=\"td-social-but-text\">Copy URL<\/div>\n<p><\/a><\/div>\n<\/div>\n<\/div>\n<div class=\"td_block_wrap tdb_single_next_prev tdi_76 td-animation-stack td-next-prev-img-on td-pb-border-top td_block_template_1\" data-td-block-uid=\"tdi_76\">\n<div class=\"tdb-block-inner td-fix-index\">\n<div class=\"tdb-next-post tdb-next-post-bg tdb-post-prev\"><span>Articolul precedent<\/span><\/p>\n<div class=\"td-module-container\">\n<div class=\"td-image-container\"><a class=\"td-image-wrap\" href=\"https:\/\/voceatimisului.ro\/saptamana-culturala-bogata-in-timis-expozitii-spectacole-si-recitaluri-pentru-toate-gusturile\/\"><img decoding=\"async\" class=\"td-next-prev-image td-fix-index td-lazy-img\" title=\"S\u0103pt\u0103m\u00e2n\u0103 cultural\u0103 bogat\u0103 \u00een Timi\u0219! Expozi\u021bii, spectacole \u0219i recitaluri pentru toate gusturile\" src=\"https:\/\/voceatimisului.ro\/wp-content\/uploads\/2025\/05\/Saptamana-culturala-bogata-in-Timis.jpg\"><\/a><\/div>\n<div class=\"next-prev-title\"><a href=\"https:\/\/voceatimisului.ro\/saptamana-culturala-bogata-in-timis-expozitii-spectacole-si-recitaluri-pentru-toate-gusturile\/\">S\u0103pt\u0103m\u00e2n\u0103 cultural\u0103 bogat\u0103 \u00een Timi\u0219! Expozi\u021bii, spectacole \u0219i recitaluri pentru toate gusturile<\/a><\/div>\n<\/div>\n<\/div>\n<div class=\"tdb-next-post tdb-next-post-bg tdb-post-next\"><span>Articolul urm\u0103tor<\/span><\/p>\n<div class=\"td-module-container\">\n<div class=\"td-image-container\"><a class=\"td-image-wrap\" href=\"https:\/\/voceatimisului.ro\/judetul-timis-promovat-la-cel-mai-important-targ-de-turism-de-afaceri-din-lume\/\"><img loading=\"lazy\" decoding=\"async\" class=\"td-next-prev-image td-fix-index td-lazy-img\" title=\"Jude\u021bul Timi\u0219, promovat la cel mai important t\u00e2rg de turism de afaceri din lume\" width=\"696\" height=\"870\" src=\"https:\/\/voceatimisului.ro\/wp-content\/uploads\/2025\/05\/Judetul-Timis-promovat-la-cel-mai-important-targ-de-turism-de-afaceri-din-lume2-696x870.jpg\"><\/a><\/div>\n<div class=\"next-prev-title\"><a href=\"https:\/\/voceatimisului.ro\/judetul-timis-promovat-la-cel-mai-important-targ-de-turism-de-afaceri-din-lume\/\">Jude\u021bul Timi\u0219, promovat la cel mai important t\u00e2rg de turism de afaceri din lume<\/a><\/div>\n<\/div>\n<\/div>\n<\/div>\n<\/div>\n<\/div>\n<\/div>\n<\/div>\n<\/div>\n<div class=\"vc_row_inner tdi_86  vc_row vc_inner wpb_row td-pb-row\">\n<div class=\"vc_column_inner tdi_88  wpb_column vc_column_container tdc-inner-column td-pb-span4 td-is-sticky\">\n<div class=\"vc_column-inner\">\n<div class=\"wpb_wrapper\" data-sticky-enabled-on=\"W3RydWUsdHJ1ZSx0cnVlLHRydWVd\" data-sticky-offset=\"20\" data-sticky-is-width-auto=\"W2ZhbHNlLGZhbHNlLGZhbHNlLGZhbHNlXQ==\">\n<div class=\"td_block_wrap tdb_single_related tdi_89 td_with_ajax_pagination td-pb-border-top td_block_template_1 tdb-single-related-posts\" data-td-block-uid=\"tdi_89\">\n<div id=\"tdi_89\" class=\"td_block_inner tdb-block-inner td-fix-index\">\n<div class=\"tdb_module_related td_module_wrap td-animation-stack td-meta-info-hide\">\n<div class=\"td-module-container td-category-pos-image\">\n<div class=\"td-module-meta-info\">\n<h3 class=\"entry-title td-module-title\"><a href=\"https:\/\/voceatimisului.ro\/trei-tineri-retinuti-la-timisoara-pentru-furt-calificat-cu-masina-furata\/\" rel=\"bookmark\" title=\"Trei tineri re\u021binu\u021bi la Timi\u0219oara pentru furt calificat cu ma\u0219in\u0103 furat\u0103\">Trei tineri re\u021binu\u021bi la Timi\u0219oara pentru furt calificat cu ma\u0219in\u0103 furat\u0103<\/a><\/h3>\n<\/div>\n<\/div>\n<\/div>\n<div class=\"tdb_module_related td_module_wrap td-animation-stack td-meta-info-hide\">\n<div class=\"td-module-container td-category-pos-image\">\n<div class=\"td-module-meta-info\">\n<h3 class=\"entry-title td-module-title\"><a href=\"https:\/\/voceatimisului.ro\/transportul-ilegal-lovit-in-plin-de-politie-in-gara-mare-din-timisoara-zeci-de-sanctiuni-intr-o-singura-razie\/\" rel=\"bookmark\" title=\"Transportul ilegal, lovit \u00een plin de Poli\u021bie \u00een Gara Mare din Timi\u0219oara: zeci de sanc\u021biuni \u00eentr-o singur\u0103 razie\">Transportul ilegal, lovit \u00een plin de Poli\u021bie \u00een Gara Mare din Timi\u0219oara: zeci de sanc\u021biuni \u00eentr-o singur\u0103 razie<\/a><\/h3>\n<\/div>\n<\/div>\n<\/div>\n<div class=\"tdb_module_related td_module_wrap td-animation-stack td-meta-info-hide\">\n<div class=\"td-module-container td-category-pos-image\">\n<div class=\"td-module-meta-info\">\n<h3 class=\"entry-title td-module-title\"><a href=\"https:\/\/voceatimisului.ro\/rachita-ovidiu-ionel-castiga-procesul-cu-igpr-si-ipj-timis-politia-obligata-sa-i-plateasca-salariile-pierdute-dupa-o-sanctiune-abuziva\/\" rel=\"bookmark\" title=\"R\u0103chit\u0103 Ovidiu Ionel c\u00e2\u0219tig\u0103 procesul cu IGPR \u0219i IPJ Timi\u0219: Poli\u021bia obligat\u0103 s\u0103-i pl\u0103teasc\u0103 salariile pierdute dup\u0103 o sanc\u021biune abuziv\u0103\">R\u0103chit\u0103 Ovidiu Ionel c\u00e2\u0219tig\u0103 procesul cu IGPR \u0219i IPJ Timi\u0219: Poli\u021bia obligat\u0103 s\u0103-i pl\u0103teasc\u0103 salariile pierdute dup\u0103 o sanc\u021biune abuziv\u0103<\/a><\/h3>\n<\/div>\n<\/div>\n<\/div>\n<\/div>\n<\/div>\n<\/div>\n<\/div>\n<\/div>\n<div class=\"vc_column_inner tdi_91  wpb_column vc_column_container tdc-inner-column td-pb-span8\">\n<div class=\"vc_column-inner\">\n<div class=\"wpb_wrapper\">\n<div class=\"td_block_wrap tdb_single_comments tdi_92 tdb-comm-layout2 td-pb-border-top td_block_template_2\" data-td-block-uid=\"tdi_92\">\n<div class=\"tdb-block-inner td-fix-index\">\n<div class=\"comments\" id=\"comments\">\n<div id=\"respond\" class=\"comment-respond\">\n<h3 id=\"reply-title\" class=\"comment-reply-title\">L\u0102SA\u021aI UN MESAJ <small><a rel=\"nofollow\" id=\"cancel-comment-reply-link\" href=\"https:\/\/voceatimisului.ro\/cand-arta-devine-scut-elevii-de-la-liceul-ana-aslan-din-timisoara-spun-nu-drogurilor\/#respond\">Renun\u021ba\u021bi la r\u0103spuns<\/a><\/small><\/h3>\n<div class=\"comment-form-input-wrap td-form-comment\">\n<div class=\"td-warning-comment\">V\u0103 rug\u0103m s\u0103 introduce\u021bi comentariul dvs.!<\/div>\n<\/div>\n<div class=\"comment-form-input-wrap td-form-author\">\n<div class=\"td-warning-author\">Introduce\u021bi aici numele dvs.<\/div>\n<\/div>\n<div class=\"comment-form-input-wrap td-form-email\">\n<div class=\"td-warning-email-error\">A\u021bi introdus o adres\u0103 de e-mail incorect\u0103!<\/div>\n<div class=\"td-warning-email\">V\u0103 rug\u0103m s\u0103 introduce\u021bi adresa dvs. de e-mail aici<\/div>\n<\/div>\n<\/div>\n<\/div>\n<\/div>\n<\/div>\n<\/div>\n<\/div>\n<\/div>\n<\/div>\n<\/div>\n<\/div>\n<div class=\"vc_column tdi_94  wpb_column vc_column_container tdc-column td-pb-span4 td-is-sticky\">\n<div class=\"wpb_wrapper\" data-sticky-enabled-on=\"W3RydWUsdHJ1ZSx0cnVlLHRydWVd\" data-sticky-offset=\"20\" data-sticky-is-width-auto=\"W2ZhbHNlLGZhbHNlLGZhbHNlLGZhbHNlXQ==\">\n<div class=\"vc_row_inner tdi_96  vc_row vc_inner wpb_row td-pb-row\">\n<div class=\"vc_column_inner tdi_98  wpb_column vc_column_container tdc-inner-column td-pb-span12\">\n<div class=\"vc_column-inner\">\n<div class=\"wpb_wrapper\">\n<div class=\"td_block_wrap td_block_title tdi_99 td-pb-border-top td_block_template_11 td-fix-index\" data-td-block-uid=\"tdi_99\">\n<div class=\"td-block-title-wrap\">\n<h4 class=\"td-block-title\"><span class=\"td-pulldown-size\">ANUN\u021aURI \u0218I PUBLICITATE<\/span><\/h4>\n<\/div>\n<\/div>\n<\/div>\n<\/div>\n<\/div>\n<\/div>\n<div class=\"wpb_wrapper td_block_wrap vc_widget_sidebar tdi_101 \">\n<aside id=\"block-10\" class=\"td_block_template_1 widget block-10 widget_block widget_media_image\">\n<figure class=\"wp-block-image size-full\"><a href=\"https:\/\/adpghiroda.ro\/index.html\" target=\"_blank\" rel=\" noreferrer noopener\"><img decoding=\"async\" loading=\"eager\" width=\"960\" height=\"960\" src=\"https:\/\/voceatimisului.ro\/wp-content\/uploads\/2025\/03\/ADP-Ghiroda2.jpg\" alt class=\"wp-image-171492\"><\/a><\/figure>\n<\/aside>\n<aside id=\"block-11\" class=\"td_block_template_1 widget block-11 widget_block widget_media_image\">\n<figure class=\"wp-block-image size-full\"><a href=\"https:\/\/adpghiroda.ro\/index.html\" target=\"_blank\" rel=\" noreferrer noopener\"><img decoding=\"async\" loading=\"eager\" width=\"960\" height=\"960\" src=\"https:\/\/voceatimisului.ro\/wp-content\/uploads\/2025\/03\/ADP-Ghiroda1.jpg\" alt class=\"wp-image-171491\"><\/a><\/figure>\n<\/aside>\n<aside id=\"block-17\" class=\"td_block_template_1 widget block-17 widget_block widget_media_image\">\n<figure class=\"wp-block-image size-large is-resized\"><a href=\"https:\/\/verde.events\/\" target=\"_blank\" rel=\" noreferrer noopener\"><img decoding=\"async\" loading=\"lazy\" width=\"1024\" height=\"683\" src=\"https:\/\/voceatimisului.ro\/wp-content\/uploads\/2025\/08\/Verde-Events-24-1024x683.jpg\" alt=\"Verde Events\" class=\"wp-image-174395\"><\/a><figcaption class=\"wp-element-caption\"><strong><em>O experien\u021b\u0103 unic\u0103 pentru orice tip de eveniment<\/em><\/strong><\/figcaption><\/figure>\n<\/aside>\n<\/div>\n<div class=\"td_block_wrap td_flex_block_1 tdi_107 td-pb-border-top td_block_template_1 td_ajax_preloading_preload td_flex_block\" data-td-block-uid=\"tdi_107\">\n<div id=\"tdi_107\" class=\"td_block_inner td-mc1-wrap\">\n<div class=\"td_module_flex td_module_flex_1 td_module_wrap td-animation-stack td-meta-info-hide td-cpt-post\">\n<div class=\"td-module-container td-category-pos-image\">\n<div class=\"td-module-meta-info\">\n<h3 class=\"entry-title td-module-title\"><a href=\"https:\/\/voceatimisului.ro\/recidivist-retinut-dupa-o-serie-de-furturi-din-autoturisme-in-timisoara\/\" rel=\"bookmark\" title=\"Recidivist re\u021binut dup\u0103 o serie de furturi din autoturisme \u00een Timi\u0219oara\">Recidivist re\u021binut dup\u0103 o serie de furturi din autoturisme \u00een Timi\u0219oara<\/a><\/h3>\n<\/div>\n<\/div>\n<\/div>\n<div class=\"td_module_flex td_module_flex_1 td_module_wrap td-animation-stack td-meta-info-hide td-cpt-post\">\n<div class=\"td-module-container td-category-pos-image\">\n<div class=\"td-module-meta-info\">\n<h3 class=\"entry-title td-module-title\"><a href=\"https:\/\/voceatimisului.ro\/vehiculele-scolilor-de-soferi-verificate-de-politistii-rutieri-timiseni\/\" rel=\"bookmark\" title=\"Vehiculele \u0219colilor de \u0219oferi, verificate de poli\u021bi\u0219tii rutieri timi\u0219eni\">Vehiculele \u0219colilor de \u0219oferi, verificate de poli\u021bi\u0219tii rutieri timi\u0219eni<\/a><\/h3>\n<\/div>\n<\/div>\n<\/div>\n<div class=\"td_module_flex td_module_flex_1 td_module_wrap td-animation-stack td-meta-info-hide td-cpt-post\">\n<div class=\"td-module-container td-category-pos-image\">\n<div class=\"td-module-meta-info\">\n<h3 class=\"entry-title td-module-title\"><a href=\"https:\/\/voceatimisului.ro\/violenta-drogurile-si-pericolele-online-explicate-pe-intelesul-copiilor-politistii-locali-fata-in-fata-cu-elevii-timisoreni\/\" rel=\"bookmark\" title=\"Violen\u021ba, drogurile \u0219i pericolele online, explicate pe \u00een\u021belesul copiilor. Poli\u021bi\u0219tii locali, fa\u021b\u0103 \u00een fa\u021b\u0103 cu elevii timi\u0219oreni\">Violen\u021ba, drogurile \u0219i pericolele online, explicate pe \u00een\u021belesul copiilor. Poli\u021bi\u0219tii locali, fa\u021b\u0103 \u00een fa\u021b\u0103 cu elevii timi\u0219oreni<\/a><\/h3>\n<\/div>\n<\/div>\n<\/div>\n<div class=\"td_module_flex td_module_flex_1 td_module_wrap td-animation-stack td-meta-info-hide td-cpt-post\">\n<div class=\"td-module-container td-category-pos-image\">\n<div class=\"td-module-meta-info\">\n<h3 class=\"entry-title td-module-title\"><a href=\"https:\/\/voceatimisului.ro\/dupa-incidentul-grav-de-la-calderon-politistii-iau-masuri-preventive-in-scolile-din-timis-actiuni-la-colegiul-banatean-si-scoala-din-ghiroda\/\" rel=\"bookmark\" title=\"Dup\u0103 incidentul grav de la Calderon, poli\u021bi\u0219tii iau m\u0103suri preventive \u00een \u0219colile din Timi\u0219: ac\u021biuni la Colegiul B\u0103n\u0103\u021bean \u0219i \u0218coala din Ghiroda\">Dup\u0103 incidentul grav de la Calderon, poli\u021bi\u0219tii iau m\u0103suri preventive \u00een \u0219colile din Timi\u0219: ac\u021biuni la Colegiul B\u0103n\u0103\u021bean \u0219i \u0218coala din Ghiroda<\/a><\/h3>\n<\/div>\n<\/div>\n<\/div>\n<div class=\"td_module_flex td_module_flex_1 td_module_wrap td-animation-stack td-meta-info-hide td-cpt-post\">\n<div class=\"td-module-container td-category-pos-image\">\n<div class=\"td-module-meta-info\">\n<h3 class=\"entry-title td-module-title\"><a href=\"https:\/\/voceatimisului.ro\/regulile-nu-s-pentru-toti-un-sofer-de-dj-intra-pe-interzis-apoi-sare-la-bataie-cu-cheia-de-roti\/\" rel=\"bookmark\" title=\"Regulile nu-s pentru to\u021bi: un \u0219ofer de DJ intr\u0103 pe interzis, apoi sare la b\u0103taie cu cheia de ro\u021bi\">Regulile nu-s pentru to\u021bi: un \u0219ofer de DJ intr\u0103 pe interzis, apoi sare la b\u0103taie cu cheia de ro\u021bi<\/a><\/h3>\n<\/div>\n<\/div>\n<\/div>\n<\/div>\n<\/div>\n<\/div>\n<\/div>\n<\/div>\n<\/div>\n<\/div>\n<\/div>\n<p><span class=\"td-page-meta\"><\/span><span class=\"td-page-meta\"><span class=\"td-page-meta\"><\/span><\/span><span class=\"td-page-meta\"><\/span><\/article>\n<p> Source URL: https:\/\/voceatimisului.ro\/cand-arta-devine-scut-elevii-de-la-liceul-ana-aslan-din-timisoara-spun-nu-drogurilor\/<\/p>\n","protected":false},"excerpt":{"rendered":"<p>\u0218tiriEduca\u021bie C\u00e2nd arta devine scut: elevii de la Liceul \u201eAna Aslan\u201d din Timi\u0219oara spun NU drogurilor Autor-Radu Constantin 20 mai 2025 0 1239 Facebook Twitter Pinterest WhatsApp Linkedin Copy URL Accident frontal pe DN6 la Remetea Mare. Trei persoane au ajuns la spital dup\u0103 ce un \u0219ofer a intrat \u00een coliziune cu o ambulan\u021b\u0103&#8230; Ac\u021biune [&hellip;]<\/p>\n","protected":false},"author":1,"featured_media":0,"comment_status":"open","ping_status":"","sticky":false,"template":"","format":"standard","meta":{"footnotes":""},"categories":[89],"tags":[199],"class_list":["post-1053741","post","type-post","status-publish","format-standard","hentry","category-romania","tag-voceatimisului-ro"],"_links":{"self":[{"href":"https:\/\/analyse.optim.biz\/index.php?rest_route=\/wp\/v2\/posts\/1053741","targetHints":{"allow":["GET"]}}],"collection":[{"href":"https:\/\/analyse.optim.biz\/index.php?rest_route=\/wp\/v2\/posts"}],"about":[{"href":"https:\/\/analyse.optim.biz\/index.php?rest_route=\/wp\/v2\/types\/post"}],"author":[{"embeddable":true,"href":"https:\/\/analyse.optim.biz\/index.php?rest_route=\/wp\/v2\/users\/1"}],"replies":[{"embeddable":true,"href":"https:\/\/analyse.optim.biz\/index.php?rest_route=%2Fwp%2Fv2%2Fcomments&post=1053741"}],"version-history":[{"count":0,"href":"https:\/\/analyse.optim.biz\/index.php?rest_route=\/wp\/v2\/posts\/1053741\/revisions"}],"wp:attachment":[{"href":"https:\/\/analyse.optim.biz\/index.php?rest_route=%2Fwp%2Fv2%2Fmedia&parent=1053741"}],"wp:term":[{"taxonomy":"category","embeddable":true,"href":"https:\/\/analyse.optim.biz\/index.php?rest_route=%2Fwp%2Fv2%2Fcategories&post=1053741"},{"taxonomy":"post_tag","embeddable":true,"href":"https:\/\/analyse.optim.biz\/index.php?rest_route=%2Fwp%2Fv2%2Ftags&post=1053741"}],"curies":[{"name":"wp","href":"https:\/\/api.w.org\/{rel}","templated":true}]}}