{"id":1053737,"date":"2025-05-23T05:48:14","date_gmt":"2025-05-23T02:48:14","guid":{"rendered":"https:\/\/analyse.optim.biz\/?p=1053737"},"modified":"2025-05-23T05:48:14","modified_gmt":"2025-05-23T02:48:14","slug":"gradinita-cu-program-prelungit-sag-locuri-disponibile-pentru-anul-scolar-2025-2026","status":"publish","type":"post","link":"https:\/\/analyse.optim.biz\/?p=1053737","title":{"rendered":"Gr\u0103dini\u021ba cu Program Prelungit \u0218ag: Locuri disponibile pentru anul \u0219colar 2025\u20132026"},"content":{"rendered":"<article id=\"template-id-172790\" class=\"post-172790 tdb_templates type-tdb_templates status-publish post\">\n<div id=\"tdi_38\" class=\"tdc-zone\">\n<div class=\"tdc_zone tdi_39  wpb_row td-pb-row\">\n<div id=\"tdi_40\" class=\"tdc-row stretch_row_1400 td-stretch-content\">\n<div class=\"vc_row tdi_41  wpb_row td-pb-row tdc-element-style\">\n<div class=\"vc_column tdi_43  wpb_column vc_column_container tdc-column td-pb-span8\">\n<div class=\"wpb_wrapper\">\n<div class=\"td_block_wrap tdb_single_categories tdi_44 td-pb-border-top td_block_template_1 \" data-td-block-uid=\"tdi_44\">\n<div class=\"tdb-category td-fix-index\"><a class=\"tdb-entry-category\" href=\"https:\/\/voceatimisului.ro\/stiri-din-timisoara-si-timis\/\">\u0218tiri<\/a><a class=\"tdb-entry-category\" href=\"https:\/\/voceatimisului.ro\/stiri-din-timisoara-si-timis\/educatie\/\">Educa\u021bie<\/a><\/div>\n<\/div>\n<div class=\"td_block_wrap tdb_title tdi_45 tdb-single-title td-pb-border-top td_block_template_1\" data-td-block-uid=\"tdi_45\">\n<div class=\"tdb-block-inner td-fix-index\">\n<h1 class=\"tdb-title-text\">Gr\u0103dini\u021ba cu Program Prelungit \u0218ag: Locuri disponibile pentru anul \u0219colar 2025\u20132026<\/h1>\n<\/div>\n<\/div>\n<div class=\"vc_row_inner tdi_48  vc_row vc_inner wpb_row td-pb-row\">\n<div class=\"vc_column_inner tdi_50  wpb_column vc_column_container tdc-inner-column td-pb-span6\">\n<div class=\"vc_column-inner\">\n<div class=\"wpb_wrapper\">\n<div class=\"td_block_wrap tdb_single_author tdi_51 td-pb-border-top td_block_template_1 tdb-post-meta\" data-td-block-uid=\"tdi_51\">\n<div class=\"tdb-block-inner td-fix-index\">\n<div class=\"tdb-author-name-wrap\"><span class=\"tdb-author-by\">Autor-<\/span><a class=\"tdb-author-name\" href=\"https:\/\/voceatimisului.ro\/author\/marta-stirbey\/\">Marta Stirbey<\/a><\/div>\n<\/div>\n<\/div>\n<div class=\"td_block_wrap tdb_single_date tdi_52 td-pb-border-top td_block_template_1 tdb-post-meta\" data-td-block-uid=\"tdi_52\">\n<div class=\"tdb-block-inner td-fix-index\"><time class=\"entry-date updated td-module-date\" datetime=\"2025-05-23T08:48:14+03:00\">23 mai 2025<\/time><\/div>\n<\/div>\n<div class=\"td_block_wrap tdb_single_comments_count tdi_53 td-pb-border-top td_block_template_1 tdb-post-meta\" data-td-block-uid=\"tdi_53\">\n<div class=\"tdb-block-inner td-fix-index\"><a href=\"https:\/\/voceatimisului.ro\/gradinita-cu-program-prelungit-sag-locuri-disponibile-pentru-anul-scolar-2025-2026\/#respond\"><span>0<\/span><\/a><\/div>\n<\/div>\n<div class=\"td_block_wrap tdb_single_post_views tdi_54 td-pb-border-top td_block_template_1 tdb-post-meta\" data-td-block-uid=\"tdi_54\">\n<div class=\"tdb-block-inner td-fix-index\"><span class=\"tdb-add-text\">1<\/span><span class=\"td-nr-views-172394\">420<\/span><\/div>\n<\/div>\n<\/div>\n<\/div>\n<\/div>\n<div class=\"vc_column_inner tdi_56  wpb_column vc_column_container tdc-inner-column td-pb-span6\">\n<div class=\"vc_column-inner\">\n<div class=\"wpb_wrapper\">\n<div class=\"td_block_wrap tdb_single_post_share tdi_57  td-pb-border-top td_block_template_1\" data-td-block-uid=\"tdi_57\">\n<div id=\"tdi_57\" class=\"td-post-sharing tdb-block td-ps-bg td-ps-notext td-post-sharing-style1 \">\n<div class=\"td-post-sharing-visible\"><a class=\"td-social-sharing-button td-social-sharing-button-js td-social-network td-social-facebook\" href=\"https:\/\/www.facebook.com\/sharer.php?u=https%3A%2F%2Fvoceatimisului.ro%2Fgradinita-cu-program-prelungit-sag-locuri-disponibile-pentru-anul-scolar-2025-2026%2F\" title=\"Facebook\" rel=\"noopener\"><\/p>\n<div class=\"td-social-but-text\">Facebook<\/div>\n<p><\/a><a class=\"td-social-sharing-button td-social-sharing-button-js td-social-network td-social-twitter\" href=\"https:\/\/twitter.com\/intent\/tweet?text=Gr%C4%83dini%C8%9Ba+cu+Program+Prelungit+%C8%98ag%3A+Locuri+disponibile+pentru+anul+%C8%99colar+2025%E2%80%932026&amp;url=https%3A%2F%2Fvoceatimisului.ro%2Fgradinita-cu-program-prelungit-sag-locuri-disponibile-pentru-anul-scolar-2025-2026%2F&amp;via=Vocea+Timisului\" title=\"Twitter\" rel=\"noopener\"><\/p>\n<div class=\"td-social-but-text\">Twitter<\/div>\n<p><\/a><a class=\"td-social-sharing-button td-social-sharing-button-js td-social-network td-social-pinterest\" href=\"https:\/\/pinterest.com\/pin\/create\/button\/?url=https:\/\/voceatimisului.ro\/gradinita-cu-program-prelungit-sag-locuri-disponibile-pentru-anul-scolar-2025-2026\/&amp;media=https:\/\/voceatimisului.ro\/wp-content\/uploads\/2025\/05\/Gradinita-cu-Program-Prelungit-Sag2.jpg&amp;description=Gr%C4%83dini%C8%9Ba+cu+Program+Prelungit+%C8%98ag%3A+Locuri+disponibile+pentru+anul+%C8%99colar+2025%E2%80%932026\" title=\"Pinterest\" rel=\"noopener\"><\/p>\n<div class=\"td-social-but-text\">Pinterest<\/div>\n<p><\/a><a class=\"td-social-sharing-button td-social-sharing-button-js td-social-network td-social-whatsapp\" href=\"https:\/\/api.whatsapp.com\/send?text=Gr%C4%83dini%C8%9Ba+cu+Program+Prelungit+%C8%98ag%3A+Locuri+disponibile+pentru+anul+%C8%99colar+2025%E2%80%932026%20%0A%0A%20https:\/\/voceatimisului.ro\/gradinita-cu-program-prelungit-sag-locuri-disponibile-pentru-anul-scolar-2025-2026\/\" title=\"WhatsApp\" rel=\"noopener\"><\/p>\n<div class=\"td-social-but-text\">WhatsApp<\/div>\n<p><\/a><a class=\"td-social-sharing-button td-social-sharing-button-js td-social-network td-social-linkedin\" href=\"https:\/\/www.linkedin.com\/shareArticle?mini=true&amp;url=https:\/\/voceatimisului.ro\/gradinita-cu-program-prelungit-sag-locuri-disponibile-pentru-anul-scolar-2025-2026\/&amp;title=Gr%C4%83dini%C8%9Ba+cu+Program+Prelungit+%C8%98ag%3A+Locuri+disponibile+pentru+anul+%C8%99colar+2025%E2%80%932026\" title=\"Linkedin\" rel=\"noopener\"><\/p>\n<div class=\"td-social-but-text\">Linkedin<\/div>\n<p><\/a><a class=\"td-social-sharing-button td-social-sharing-button-js td-social-network td-social-copy_url\" href=\"https:\/\/voceatimisului.ro\/gradinita-cu-program-prelungit-sag-locuri-disponibile-pentru-anul-scolar-2025-2026\/\" title=\"Copy URL\" rel=\"noopener\"><\/p>\n<div class=\"td-social-but-text\">Copy URL<\/div>\n<p><\/a><\/div>\n<\/div>\n<\/div>\n<\/div>\n<\/div>\n<\/div>\n<\/div>\n<div class=\"td_block_wrap tdb_single_featured_image tdi_58 tdb-content-horiz-left td-pb-border-top td_block_template_1\" data-td-block-uid=\"tdi_58\">\n<div class=\"tdb-block-inner td-fix-index\"><img fetchpriority=\"high\" decoding=\"async\" width=\"696\" height=\"984\" class=\"entry-thumb\" src=\"https:\/\/voceatimisului.ro\/wp-content\/uploads\/2025\/05\/Gradinita-cu-Program-Prelungit-Sag2-696x984.jpg\" alt title=\"Gr\u0103dini\u021ba cu Program Prelungit \u0218ag2\" loading=\"eager\"><\/div>\n<\/div>\n<div class=\"vc_row_inner tdi_60  vc_row vc_inner wpb_row td-pb-row\">\n<div class=\"vc_column_inner tdi_62  wpb_column vc_column_container tdc-inner-column td-pb-span4 td-is-sticky\">\n<div class=\"vc_column-inner\">\n<div class=\"wpb_wrapper\" data-sticky-enabled-on=\"W3RydWUsdHJ1ZSx0cnVlLHRydWVd\" data-sticky-offset=\"20\" data-sticky-is-width-auto=\"W2ZhbHNlLGZhbHNlLGZhbHNlLGZhbHNlXQ==\">\n<div class=\"tdb-author-box td_block_wrap tdb_single_author_box tdi_64 tdb-content-vert-top td-pb-border-top td_block_template_1\" data-td-block-uid=\"tdi_64\">\n<div class=\"tdb-block-inner td-fix-index\">\n<div class=\"tdb-author-info\"><a href=\"https:\/\/voceatimisului.ro\/author\/marta-stirbey\/\" class=\"tdb-author-name\">Marta Stirbey<\/a><\/p>\n<div class=\"tdb-author-descr\">\u00centreaga responsabilitate a comentariilor l\u0103sate de dumneavoastr\u0103 v\u0103 apar\u021bine!<br \/>\nClick <a href=\"https:\/\/voceatimisului.ro\/termeni-si-conditii\/\">aici<\/a>-citeste condi\u0163iile de utilizare ale site-ului www.voceatimisului.ro<\/div>\n<\/div>\n<\/div>\n<\/div>\n<\/div>\n<\/div>\n<\/div>\n<div class=\"vc_column_inner tdi_66  wpb_column vc_column_container tdc-inner-column td-pb-span8\">\n<div class=\"vc_column-inner\">\n<div class=\"wpb_wrapper\">\n<div class=\"td_block_wrap tdb_single_content tdi_67 td-pb-border-top td_block_template_1 td-post-content tagdiv-type\" data-td-block-uid=\"tdi_67\">\n<div class=\"tdb-block-inner td-fix-index\">\n<h5 class=\"wp-block-heading\">\u0218coala Gimnazial\u0103 \u0218ag anun\u021b\u0103 deschiderea perioadei de \u00eenscriere \u0219i re\u00eenscriere pentru copiii care doresc s\u0103 frecventeze Gr\u0103dini\u021ba cu Program Prelungit din localitate, pentru anul \u0219colar 2025\u20132026.<\/h5>\n<h4 class=\"wp-block-heading\">Locuri disponibile<\/h4>\n<p><strong>Nivel antepre\u0219colar (program prelungit):<\/strong><\/p>\n<ul class=\"wp-block-list\">\n<li>Grupa mare antepre\u0219colari: 2 grupe \u2013 40 locuri<\/li>\n<\/ul>\n<p><strong>Nivel pre\u0219colar (program prelungit):<\/strong><\/p>\n<ul class=\"wp-block-list\">\n<li>Grupa mic\u0103: 3 grupe \u2013 60 locuri<\/li>\n<li>Grupa mijlocie: 3 grupe \u2013 66 locuri<\/li>\n<li>Grupa mare: 3 grupe \u2013 66 locuri<\/li>\n<\/ul>\n<p>Locurile men\u021bionate sunt disponibile \u00eenainte de etapa de re\u00eenscriere.<\/p>\n<h6 class=\"wp-block-heading\">Criterii de admitere<\/h6>\n<p>Pentru a fi admi\u0219i, copiii trebuie s\u0103 \u00eendeplineasc\u0103 anumite condi\u021bii, cum ar fi:<\/p>\n<ul class=\"wp-block-list\">\n<li>V\u00e2rsta de 4\u20135 ani \u00eemplini\u021bi p\u00e2n\u0103 la 31 august 2025<\/li>\n<li>Domiciliul, re\u0219edin\u021ba sau locul de munc\u0103 al p\u0103rin\u021bilor \u00een apropierea unit\u0103\u021bii de \u00eenv\u0103\u021b\u0103m\u00e2nt<\/li>\n<li>P\u0103rin\u021bi care urmeaz\u0103 o form\u0103 de \u00eenv\u0103\u021b\u0103m\u00e2nt la zi sau care lucreaz\u0103<\/li>\n<li>Existen\u021ba unui certificat de handicap al copilului<\/li>\n<li>Fra\u021bi sau surori deja \u00eenscri\u0219i \u00een unitatea de \u00eenv\u0103\u021b\u0103m\u00e2nt<\/li>\n<\/ul>\n<h6 class=\"wp-block-heading\">Documente necesare<\/h6>\n<p>Lista complet\u0103 a documentelor necesare pentru \u00eenscriere este disponibil\u0103 pe site-ul \u0218colii Gimnaziale \u0218ag: <a href=\"https:\/\/scoalasagtm.ro\/invatamant-prescolar\/\" target=\"_blank\" rel=\"noreferrer noopener\">scoalasagtm.ro<\/a><\/p>\n<h4 class=\"wp-block-heading\">Informa\u021bii suplimentare<\/h4>\n<p>Pentru detalii legate de calendarul \u00eenscrierilor \u0219i alte informa\u021bii utile, v\u0103 recomand\u0103m s\u0103 consulta\u021bi site-ul oficial sau pagina de Facebook a gr\u0103dini\u021bei: <a href=\"https:\/\/www.facebook.com\/p\/Gradinita-PP-Sag-100078981304840\/\" target=\"_blank\" rel=\"noreferrer noopener\">facebook.com\/Gradinita-PP-Sag<\/a><\/p>\n<p>P\u0103rin\u021bii interesa\u021bi sunt \u00eencuraja\u021bi s\u0103 contacteze unitatea pentru orice nel\u0103murire \u0219i s\u0103 demareze procesul de \u00eenscriere \u00een timp util.<\/p>\n<figure class=\"wp-block-gallery has-nested-images columns-default is-cropped wp-block-gallery-1 is-layout-flex wp-block-gallery-is-layout-flex\">\n<div><a href=\"https:\/\/voceatimisului.ro\/wp-content\/uploads\/2025\/05\/Gradinita-cu-Program-Prelungit-Sag2-724x1024.jpg\" class=\"td-modal-image\"><\/p>\n<figure class=\"wp-block-image size-large\"><img decoding=\"async\" width=\"724\" height=\"1024\" data-id=\"172397\" src=\"https:\/\/voceatimisului.ro\/wp-content\/uploads\/2025\/05\/Gradinita-cu-Program-Prelungit-Sag2-724x1024.jpg\" alt=\"Gr\u0103dini\u021ba cu Program Prelungit \u0218ag: Locuri disponibile pentru anul \u0219colar 2025\u20132026\" class=\"wp-image-172397\" loading=\"lazy\"><\/figure>\n<p><\/a><\/div>\n<figure class=\"wp-block-image size-large\"><img decoding=\"async\" width=\"724\" height=\"1024\" data-id=\"172396\" src=\"https:\/\/voceatimisului.ro\/wp-content\/uploads\/2025\/05\/Gradinita-cu-Program-Prelungit-Sag1-724x1024.jpg\" alt=\"Gr\u0103dini\u021ba cu Program Prelungit \u0218ag: Locuri disponibile pentru anul \u0219colar 2025\u20132026\" class=\"wp-image-172396\" loading=\"lazy\"><\/figure>\n<\/figure>\n<\/div>\n<\/div>\n<div class=\"td_block_wrap tdb_single_tags tdi_70 td-pb-border-top td_block_template_1\" data-td-block-uid=\"tdi_70\">\n<div class=\"tdb-block-inner td-fix-index\">\n<ul class=\"tdb-tags\">\n<li><span>Tags<\/span><\/li>\n<li><a href=\"https:\/\/voceatimisului.ro\/tag\/anul-scolar-2025-2026\/\">anul \u0219colar 2025\u20132026<\/a><\/li>\n<li><a href=\"https:\/\/voceatimisului.ro\/tag\/gradinita-cu-program-prelungit-sag\/\">Gr\u0103dini\u021ba cu Program Prelungit \u0218ag<\/a><\/li>\n<li><a href=\"https:\/\/voceatimisului.ro\/tag\/scoala-gimnaziala-sag\/\">\u0218coala Gimnazial\u0103 \u0218ag<\/a><\/li>\n<\/ul>\n<\/div>\n<\/div>\n<div class=\"td_block_wrap tdb_single_post_share tdi_71  td-pb-border-top td_block_template_1\" data-td-block-uid=\"tdi_71\">\n<div id=\"tdi_71\" class=\"td-post-sharing tdb-block td-ps-bg td-ps-notext td-post-sharing-style1 \">\n<div class=\"td-post-sharing-visible\"><a class=\"td-social-sharing-button td-social-sharing-button-js td-social-network td-social-facebook\" href=\"https:\/\/www.facebook.com\/sharer.php?u=https%3A%2F%2Fvoceatimisului.ro%2Fgradinita-cu-program-prelungit-sag-locuri-disponibile-pentru-anul-scolar-2025-2026%2F\" title=\"Facebook\" rel=\"noopener\"><\/p>\n<div class=\"td-social-but-text\">Facebook<\/div>\n<p><\/a><a class=\"td-social-sharing-button td-social-sharing-button-js td-social-network td-social-twitter\" href=\"https:\/\/twitter.com\/intent\/tweet?text=Gr%C4%83dini%C8%9Ba+cu+Program+Prelungit+%C8%98ag%3A+Locuri+disponibile+pentru+anul+%C8%99colar+2025%E2%80%932026&amp;url=https%3A%2F%2Fvoceatimisului.ro%2Fgradinita-cu-program-prelungit-sag-locuri-disponibile-pentru-anul-scolar-2025-2026%2F&amp;via=Vocea+Timisului\" title=\"Twitter\" rel=\"noopener\"><\/p>\n<div class=\"td-social-but-text\">Twitter<\/div>\n<p><\/a><a class=\"td-social-sharing-button td-social-sharing-button-js td-social-network td-social-pinterest\" href=\"https:\/\/pinterest.com\/pin\/create\/button\/?url=https:\/\/voceatimisului.ro\/gradinita-cu-program-prelungit-sag-locuri-disponibile-pentru-anul-scolar-2025-2026\/&amp;media=https:\/\/voceatimisului.ro\/wp-content\/uploads\/2025\/05\/Gradinita-cu-Program-Prelungit-Sag2.jpg&amp;description=Gr%C4%83dini%C8%9Ba+cu+Program+Prelungit+%C8%98ag%3A+Locuri+disponibile+pentru+anul+%C8%99colar+2025%E2%80%932026\" title=\"Pinterest\" rel=\"noopener\"><\/p>\n<div class=\"td-social-but-text\">Pinterest<\/div>\n<p><\/a><a class=\"td-social-sharing-button td-social-sharing-button-js td-social-network td-social-whatsapp\" href=\"https:\/\/api.whatsapp.com\/send?text=Gr%C4%83dini%C8%9Ba+cu+Program+Prelungit+%C8%98ag%3A+Locuri+disponibile+pentru+anul+%C8%99colar+2025%E2%80%932026%20%0A%0A%20https:\/\/voceatimisului.ro\/gradinita-cu-program-prelungit-sag-locuri-disponibile-pentru-anul-scolar-2025-2026\/\" title=\"WhatsApp\" rel=\"noopener\"><\/p>\n<div class=\"td-social-but-text\">WhatsApp<\/div>\n<p><\/a><a class=\"td-social-sharing-button td-social-sharing-button-js td-social-network td-social-linkedin\" href=\"https:\/\/www.linkedin.com\/shareArticle?mini=true&amp;url=https:\/\/voceatimisului.ro\/gradinita-cu-program-prelungit-sag-locuri-disponibile-pentru-anul-scolar-2025-2026\/&amp;title=Gr%C4%83dini%C8%9Ba+cu+Program+Prelungit+%C8%98ag%3A+Locuri+disponibile+pentru+anul+%C8%99colar+2025%E2%80%932026\" title=\"Linkedin\" rel=\"noopener\"><\/p>\n<div class=\"td-social-but-text\">Linkedin<\/div>\n<p><\/a><a class=\"td-social-sharing-button td-social-sharing-button-js td-social-network td-social-copy_url\" href=\"https:\/\/voceatimisului.ro\/gradinita-cu-program-prelungit-sag-locuri-disponibile-pentru-anul-scolar-2025-2026\/\" title=\"Copy URL\" rel=\"noopener\"><\/p>\n<div class=\"td-social-but-text\">Copy URL<\/div>\n<p><\/a><\/div>\n<\/div>\n<\/div>\n<div class=\"td_block_wrap tdb_single_next_prev tdi_72 td-animation-stack td-next-prev-img-on td-pb-border-top td_block_template_1\" data-td-block-uid=\"tdi_72\">\n<div class=\"tdb-block-inner td-fix-index\">\n<div class=\"tdb-next-post tdb-next-post-bg tdb-post-prev\"><span>Articolul precedent<\/span><\/p>\n<div class=\"td-module-container\">\n<div class=\"td-image-container\"><a class=\"td-image-wrap\" href=\"https:\/\/voceatimisului.ro\/alergare-cu-scop-nobil-giarmata-in-miscare-2025-strange-fonduri-pentru-copii-si-animale\/\"><img loading=\"lazy\" decoding=\"async\" class=\"td-next-prev-image td-fix-index td-lazy-img\" title=\"Alergare cu scop nobil: Giarmata \u00een Mi\u0219care 2025 str\u00e2nge fonduri pentru copii \u0219i animale\" width=\"696\" height=\"984\" src=\"https:\/\/voceatimisului.ro\/wp-content\/uploads\/2025\/05\/Giarmata-in-Miscare-20251-696x984.jpg\"><\/a><\/div>\n<div class=\"next-prev-title\"><a href=\"https:\/\/voceatimisului.ro\/alergare-cu-scop-nobil-giarmata-in-miscare-2025-strange-fonduri-pentru-copii-si-animale\/\">Alergare cu scop nobil: Giarmata \u00een Mi\u0219care 2025 str\u00e2nge fonduri pentru copii \u0219i animale<\/a><\/div>\n<\/div>\n<\/div>\n<div class=\"tdb-next-post tdb-next-post-bg tdb-post-next\"><span>Articolul urm\u0103tor<\/span><\/p>\n<div class=\"td-module-container\">\n<div class=\"td-image-container\"><a class=\"td-image-wrap\" href=\"https:\/\/voceatimisului.ro\/ruga-de-la-ghiroda-doua-zile-de-sarbatoare-muzica-si-traditie\/\"><img loading=\"lazy\" decoding=\"async\" class=\"td-next-prev-image td-fix-index td-lazy-img\" title=\"Ruga de la Ghiroda \u2013 dou\u0103 zile de s\u0103rb\u0103toare, muzic\u0103 \u0219i tradi\u021bie\" width=\"696\" height=\"1024\" src=\"https:\/\/voceatimisului.ro\/wp-content\/uploads\/2025\/05\/Ruga-de-la-Ghiroda-696x1024.jpg\"><\/a><\/div>\n<div class=\"next-prev-title\"><a href=\"https:\/\/voceatimisului.ro\/ruga-de-la-ghiroda-doua-zile-de-sarbatoare-muzica-si-traditie\/\">Ruga de la Ghiroda \u2013 dou\u0103 zile de s\u0103rb\u0103toare, muzic\u0103 \u0219i tradi\u021bie<\/a><\/div>\n<\/div>\n<\/div>\n<\/div>\n<\/div>\n<\/div>\n<\/div>\n<\/div>\n<\/div>\n<div class=\"vc_row_inner tdi_82  vc_row vc_inner wpb_row td-pb-row\">\n<div class=\"vc_column_inner tdi_87  wpb_column vc_column_container tdc-inner-column td-pb-span8\">\n<div class=\"vc_column-inner\">\n<div class=\"wpb_wrapper\">\n<div class=\"td_block_wrap tdb_single_comments tdi_88 tdb-comm-layout2 td-pb-border-top td_block_template_2\" data-td-block-uid=\"tdi_88\">\n<div class=\"tdb-block-inner td-fix-index\">\n<div class=\"comments\" id=\"comments\">\n<div id=\"respond\" class=\"comment-respond\">\n<h3 id=\"reply-title\" class=\"comment-reply-title\">L\u0102SA\u021aI UN MESAJ <small><a rel=\"nofollow\" id=\"cancel-comment-reply-link\" href=\"https:\/\/voceatimisului.ro\/gradinita-cu-program-prelungit-sag-locuri-disponibile-pentru-anul-scolar-2025-2026\/#respond\">Renun\u021ba\u021bi la r\u0103spuns<\/a><\/small><\/h3>\n<div class=\"comment-form-input-wrap td-form-comment\">\n<div class=\"td-warning-comment\">V\u0103 rug\u0103m s\u0103 introduce\u021bi comentariul dvs.!<\/div>\n<\/div>\n<div class=\"comment-form-input-wrap td-form-author\">\n<div class=\"td-warning-author\">Introduce\u021bi aici numele dvs.<\/div>\n<\/div>\n<div class=\"comment-form-input-wrap td-form-email\">\n<div class=\"td-warning-email-error\">A\u021bi introdus o adres\u0103 de e-mail incorect\u0103!<\/div>\n<div class=\"td-warning-email\">V\u0103 rug\u0103m s\u0103 introduce\u021bi adresa dvs. de e-mail aici<\/div>\n<\/div>\n<\/div>\n<\/div>\n<\/div>\n<\/div>\n<\/div>\n<\/div>\n<\/div>\n<\/div>\n<\/div>\n<\/div>\n<div class=\"vc_column tdi_90  wpb_column vc_column_container tdc-column td-pb-span4 td-is-sticky\">\n<div class=\"wpb_wrapper\" data-sticky-enabled-on=\"W3RydWUsdHJ1ZSx0cnVlLHRydWVd\" data-sticky-offset=\"20\" data-sticky-is-width-auto=\"W2ZhbHNlLGZhbHNlLGZhbHNlLGZhbHNlXQ==\">\n<div class=\"vc_row_inner tdi_92  vc_row vc_inner wpb_row td-pb-row\">\n<div class=\"vc_column_inner tdi_94  wpb_column vc_column_container tdc-inner-column td-pb-span12\">\n<div class=\"vc_column-inner\">\n<div class=\"wpb_wrapper\">\n<div class=\"td_block_wrap td_block_title tdi_95 td-pb-border-top td_block_template_11 td-fix-index\" data-td-block-uid=\"tdi_95\">\n<div class=\"td-block-title-wrap\">\n<h4 class=\"td-block-title\"><span class=\"td-pulldown-size\">ANUN\u021aURI \u0218I PUBLICITATE<\/span><\/h4>\n<\/div>\n<\/div>\n<\/div>\n<\/div>\n<\/div>\n<\/div>\n<div class=\"wpb_wrapper td_block_wrap vc_widget_sidebar tdi_97 \">\n<aside id=\"block-10\" class=\"td_block_template_1 widget block-10 widget_block widget_media_image\">\n<figure class=\"wp-block-image size-full\"><a href=\"https:\/\/adpghiroda.ro\/index.html\" target=\"_blank\" rel=\" noreferrer noopener\"><img decoding=\"async\" loading=\"eager\" width=\"960\" height=\"960\" src=\"https:\/\/voceatimisului.ro\/wp-content\/uploads\/2025\/03\/ADP-Ghiroda2.jpg\" alt class=\"wp-image-171492\"><\/a><\/figure>\n<\/aside>\n<aside id=\"block-11\" class=\"td_block_template_1 widget block-11 widget_block widget_media_image\">\n<figure class=\"wp-block-image size-full\"><a href=\"https:\/\/adpghiroda.ro\/index.html\" target=\"_blank\" rel=\" noreferrer noopener\"><img decoding=\"async\" loading=\"eager\" width=\"960\" height=\"960\" src=\"https:\/\/voceatimisului.ro\/wp-content\/uploads\/2025\/03\/ADP-Ghiroda1.jpg\" alt class=\"wp-image-171491\"><\/a><\/figure>\n<\/aside>\n<aside id=\"block-17\" class=\"td_block_template_1 widget block-17 widget_block widget_media_image\">\n<figure class=\"wp-block-image size-large is-resized\"><a href=\"https:\/\/verde.events\/\" target=\"_blank\" rel=\" noreferrer noopener\"><img decoding=\"async\" loading=\"lazy\" width=\"1024\" height=\"683\" src=\"https:\/\/voceatimisului.ro\/wp-content\/uploads\/2025\/08\/Verde-Events-24-1024x683.jpg\" alt=\"Verde Events\" class=\"wp-image-174395\"><\/a><figcaption class=\"wp-element-caption\"><strong><em>O experien\u021b\u0103 unic\u0103 pentru orice tip de eveniment<\/em><\/strong><\/figcaption><\/figure>\n<\/aside>\n<\/div>\n<\/div>\n<\/div>\n<\/div>\n<\/div>\n<\/div>\n<\/div>\n<p><span class=\"td-page-meta\"><\/span><span class=\"td-page-meta\"><span class=\"td-page-meta\"><\/span><\/span><span class=\"td-page-meta\"><\/span><\/article>\n<p> Source URL: https:\/\/voceatimisului.ro\/gradinita-cu-program-prelungit-sag-locuri-disponibile-pentru-anul-scolar-2025-2026\/<\/p>\n","protected":false},"excerpt":{"rendered":"<p>\u0218tiriEduca\u021bie Gr\u0103dini\u021ba cu Program Prelungit \u0218ag: Locuri disponibile pentru anul \u0219colar 2025\u20132026 Autor-Marta Stirbey 23 mai 2025 0 1420 Facebook Twitter Pinterest WhatsApp Linkedin Copy URL Marta Stirbey \u00centreaga responsabilitate a comentariilor l\u0103sate de dumneavoastr\u0103 v\u0103 apar\u021bine! Click aici-citeste condi\u0163iile de utilizare ale site-ului www.voceatimisului.ro \u0218coala Gimnazial\u0103 \u0218ag anun\u021b\u0103 deschiderea perioadei de \u00eenscriere \u0219i re\u00eenscriere [&hellip;]<\/p>\n","protected":false},"author":1,"featured_media":0,"comment_status":"open","ping_status":"","sticky":false,"template":"","format":"standard","meta":{"footnotes":""},"categories":[89],"tags":[199],"class_list":["post-1053737","post","type-post","status-publish","format-standard","hentry","category-romania","tag-voceatimisului-ro"],"_links":{"self":[{"href":"https:\/\/analyse.optim.biz\/index.php?rest_route=\/wp\/v2\/posts\/1053737","targetHints":{"allow":["GET"]}}],"collection":[{"href":"https:\/\/analyse.optim.biz\/index.php?rest_route=\/wp\/v2\/posts"}],"about":[{"href":"https:\/\/analyse.optim.biz\/index.php?rest_route=\/wp\/v2\/types\/post"}],"author":[{"embeddable":true,"href":"https:\/\/analyse.optim.biz\/index.php?rest_route=\/wp\/v2\/users\/1"}],"replies":[{"embeddable":true,"href":"https:\/\/analyse.optim.biz\/index.php?rest_route=%2Fwp%2Fv2%2Fcomments&post=1053737"}],"version-history":[{"count":0,"href":"https:\/\/analyse.optim.biz\/index.php?rest_route=\/wp\/v2\/posts\/1053737\/revisions"}],"wp:attachment":[{"href":"https:\/\/analyse.optim.biz\/index.php?rest_route=%2Fwp%2Fv2%2Fmedia&parent=1053737"}],"wp:term":[{"taxonomy":"category","embeddable":true,"href":"https:\/\/analyse.optim.biz\/index.php?rest_route=%2Fwp%2Fv2%2Fcategories&post=1053737"},{"taxonomy":"post_tag","embeddable":true,"href":"https:\/\/analyse.optim.biz\/index.php?rest_route=%2Fwp%2Fv2%2Ftags&post=1053737"}],"curies":[{"name":"wp","href":"https:\/\/api.w.org\/{rel}","templated":true}]}}