{"id":1053734,"date":"2025-05-23T15:08:53","date_gmt":"2025-05-23T12:08:53","guid":{"rendered":"https:\/\/analyse.optim.biz\/?p=1053734"},"modified":"2025-05-23T15:08:53","modified_gmt":"2025-05-23T12:08:53","slug":"violenta-drogurile-si-pericolele-online-explicate-pe-intelesul-copiilor-politistii-locali-fata-in-fata-cu-elevii-timisoreni","status":"publish","type":"post","link":"https:\/\/analyse.optim.biz\/?p=1053734","title":{"rendered":"Violen\u021ba, drogurile \u0219i pericolele online, explicate pe \u00een\u021belesul copiilor. Poli\u021bi\u0219tii locali, fa\u021b\u0103 \u00een fa\u021b\u0103 cu elevii timi\u0219oreni"},"content":{"rendered":"<article id=\"template-id-172790\" class=\"post-172790 tdb_templates type-tdb_templates status-publish post\">\n<div id=\"tdi_38\" class=\"tdc-zone\">\n<div class=\"tdc_zone tdi_39  wpb_row td-pb-row\">\n<div id=\"tdi_40\" class=\"tdc-row stretch_row_1400 td-stretch-content\">\n<div class=\"vc_row tdi_41  wpb_row td-pb-row tdc-element-style\">\n<div class=\"vc_column tdi_43  wpb_column vc_column_container tdc-column td-pb-span8\">\n<div class=\"wpb_wrapper\">\n<div class=\"td_block_wrap tdb_single_categories tdi_44 td-pb-border-top td_block_template_1 \" data-td-block-uid=\"tdi_44\">\n<div class=\"tdb-category td-fix-index\"><a class=\"tdb-entry-category\" href=\"https:\/\/voceatimisului.ro\/stiri-din-timisoara-si-timis\/\">\u0218tiri<\/a><a class=\"tdb-entry-category\" href=\"https:\/\/voceatimisului.ro\/stiri-din-timisoara-si-timis\/educatie\/\">Educa\u021bie<\/a><\/div>\n<\/div>\n<div class=\"td_block_wrap tdb_title tdi_45 tdb-single-title td-pb-border-top td_block_template_1\" data-td-block-uid=\"tdi_45\">\n<div class=\"tdb-block-inner td-fix-index\">\n<h1 class=\"tdb-title-text\">Violen\u021ba, drogurile \u0219i pericolele online, explicate pe \u00een\u021belesul copiilor. Poli\u021bi\u0219tii locali, fa\u021b\u0103 \u00een fa\u021b\u0103 cu elevii timi\u0219oreni<\/h1>\n<\/div>\n<\/div>\n<div class=\"vc_row_inner tdi_48  vc_row vc_inner wpb_row td-pb-row\">\n<div class=\"vc_column_inner tdi_50  wpb_column vc_column_container tdc-inner-column td-pb-span6\">\n<div class=\"vc_column-inner\">\n<div class=\"wpb_wrapper\">\n<div class=\"td_block_wrap tdb_single_author tdi_51 td-pb-border-top td_block_template_1 tdb-post-meta\" data-td-block-uid=\"tdi_51\">\n<div class=\"tdb-block-inner td-fix-index\">\n<div class=\"tdb-author-name-wrap\"><span class=\"tdb-author-by\">Autor-<\/span><a class=\"tdb-author-name\" href=\"https:\/\/voceatimisului.ro\/author\/cataadmin\/\">Radu Constantin<\/a><\/div>\n<\/div>\n<\/div>\n<div class=\"td_block_wrap tdb_single_date tdi_52 td-pb-border-top td_block_template_1 tdb-post-meta\" data-td-block-uid=\"tdi_52\">\n<div class=\"tdb-block-inner td-fix-index\"><time class=\"entry-date updated td-module-date\" datetime=\"2025-05-23T18:08:53+03:00\">23 mai 2025<\/time><\/div>\n<\/div>\n<div class=\"td_block_wrap tdb_single_comments_count tdi_53 td-pb-border-top td_block_template_1 tdb-post-meta\" data-td-block-uid=\"tdi_53\">\n<div class=\"tdb-block-inner td-fix-index\"><a href=\"https:\/\/voceatimisului.ro\/violenta-drogurile-si-pericolele-online-explicate-pe-intelesul-copiilor-politistii-locali-fata-in-fata-cu-elevii-timisoreni\/#respond\"><span>0<\/span><\/a><\/div>\n<\/div>\n<div class=\"td_block_wrap tdb_single_post_views tdi_54 td-pb-border-top td_block_template_1 tdb-post-meta\" data-td-block-uid=\"tdi_54\">\n<div class=\"tdb-block-inner td-fix-index\"><span class=\"tdb-add-text\">1<\/span><span class=\"td-nr-views-172403\">267<\/span><\/div>\n<\/div>\n<\/div>\n<\/div>\n<\/div>\n<div class=\"vc_column_inner tdi_56  wpb_column vc_column_container tdc-inner-column td-pb-span6\">\n<div class=\"vc_column-inner\">\n<div class=\"wpb_wrapper\">\n<div class=\"td_block_wrap tdb_single_post_share tdi_57  td-pb-border-top td_block_template_1\" data-td-block-uid=\"tdi_57\">\n<div id=\"tdi_57\" class=\"td-post-sharing tdb-block td-ps-bg td-ps-notext td-post-sharing-style1 \">\n<div class=\"td-post-sharing-visible\"><a class=\"td-social-sharing-button td-social-sharing-button-js td-social-network td-social-facebook\" href=\"https:\/\/www.facebook.com\/sharer.php?u=https%3A%2F%2Fvoceatimisului.ro%2Fviolenta-drogurile-si-pericolele-online-explicate-pe-intelesul-copiilor-politistii-locali-fata-in-fata-cu-elevii-timisoreni%2F\" title=\"Facebook\" rel=\"noopener\"><\/p>\n<div class=\"td-social-but-text\">Facebook<\/div>\n<p><\/a><a class=\"td-social-sharing-button td-social-sharing-button-js td-social-network td-social-twitter\" href=\"https:\/\/twitter.com\/intent\/tweet?text=Violen%C8%9Ba%2C+drogurile+%C8%99i+pericolele+online%2C+explicate+pe+%C3%AEn%C8%9Belesul+copiilor.+Poli%C8%9Bi%C8%99tii+locali%2C+fa%C8%9B%C4%83+%C3%AEn+fa%C8%9B%C4%83+cu+elevii+timi%C8%99oreni&amp;url=https%3A%2F%2Fvoceatimisului.ro%2Fviolenta-drogurile-si-pericolele-online-explicate-pe-intelesul-copiilor-politistii-locali-fata-in-fata-cu-elevii-timisoreni%2F&amp;via=Vocea+Timisului\" title=\"Twitter\" rel=\"noopener\"><\/p>\n<div class=\"td-social-but-text\">Twitter<\/div>\n<p><\/a><a class=\"td-social-sharing-button td-social-sharing-button-js td-social-network td-social-pinterest\" href=\"https:\/\/pinterest.com\/pin\/create\/button\/?url=https:\/\/voceatimisului.ro\/violenta-drogurile-si-pericolele-online-explicate-pe-intelesul-copiilor-politistii-locali-fata-in-fata-cu-elevii-timisoreni\/&amp;media=https:\/\/voceatimisului.ro\/wp-content\/uploads\/2025\/05\/Politistii-locali-fata-in-fata-cu-elevii-timisoreni5.jpg&amp;description=Violen%C8%9Ba%2C+drogurile+%C8%99i+pericolele+online%2C+explicate+pe+%C3%AEn%C8%9Belesul+copiilor.+Poli%C8%9Bi%C8%99tii+locali%2C+fa%C8%9B%C4%83+%C3%AEn+fa%C8%9B%C4%83+cu+elevii+timi%C8%99oreni\" title=\"Pinterest\" rel=\"noopener\"><\/p>\n<div class=\"td-social-but-text\">Pinterest<\/div>\n<p><\/a><a class=\"td-social-sharing-button td-social-sharing-button-js td-social-network td-social-whatsapp\" href=\"https:\/\/api.whatsapp.com\/send?text=Violen%C8%9Ba%2C+drogurile+%C8%99i+pericolele+online%2C+explicate+pe+%C3%AEn%C8%9Belesul+copiilor.+Poli%C8%9Bi%C8%99tii+locali%2C+fa%C8%9B%C4%83+%C3%AEn+fa%C8%9B%C4%83+cu+elevii+timi%C8%99oreni%20%0A%0A%20https:\/\/voceatimisului.ro\/violenta-drogurile-si-pericolele-online-explicate-pe-intelesul-copiilor-politistii-locali-fata-in-fata-cu-elevii-timisoreni\/\" title=\"WhatsApp\" rel=\"noopener\"><\/p>\n<div class=\"td-social-but-text\">WhatsApp<\/div>\n<p><\/a><a class=\"td-social-sharing-button td-social-sharing-button-js td-social-network td-social-linkedin\" href=\"https:\/\/www.linkedin.com\/shareArticle?mini=true&amp;url=https:\/\/voceatimisului.ro\/violenta-drogurile-si-pericolele-online-explicate-pe-intelesul-copiilor-politistii-locali-fata-in-fata-cu-elevii-timisoreni\/&amp;title=Violen%C8%9Ba%2C+drogurile+%C8%99i+pericolele+online%2C+explicate+pe+%C3%AEn%C8%9Belesul+copiilor.+Poli%C8%9Bi%C8%99tii+locali%2C+fa%C8%9B%C4%83+%C3%AEn+fa%C8%9B%C4%83+cu+elevii+timi%C8%99oreni\" title=\"Linkedin\" rel=\"noopener\"><\/p>\n<div class=\"td-social-but-text\">Linkedin<\/div>\n<p><\/a><a class=\"td-social-sharing-button td-social-sharing-button-js td-social-network td-social-copy_url\" href=\"https:\/\/voceatimisului.ro\/violenta-drogurile-si-pericolele-online-explicate-pe-intelesul-copiilor-politistii-locali-fata-in-fata-cu-elevii-timisoreni\/\" title=\"Copy URL\" rel=\"noopener\"><\/p>\n<div class=\"td-social-but-text\">Copy URL<\/div>\n<p><\/a><\/div>\n<\/div>\n<\/div>\n<\/div>\n<\/div>\n<\/div>\n<\/div>\n<div class=\"td_block_wrap tdb_single_featured_image tdi_58 tdb-content-horiz-left td-pb-border-top td_block_template_1\" data-td-block-uid=\"tdi_58\">\n<div class=\"tdb-block-inner td-fix-index\"><img fetchpriority=\"high\" decoding=\"async\" width=\"696\" height=\"522\" class=\"entry-thumb\" src=\"https:\/\/voceatimisului.ro\/wp-content\/uploads\/2025\/05\/Politistii-locali-fata-in-fata-cu-elevii-timisoreni5-696x522.jpg\" alt title=\"Poli\u021bi\u0219tii locali, fa\u021b\u0103 \u00een fa\u021b\u0103 cu elevii timi\u0219oreni5\" loading=\"eager\"><\/div>\n<\/div>\n<div class=\"vc_row_inner tdi_60  vc_row vc_inner wpb_row td-pb-row\">\n<div class=\"vc_column_inner tdi_62  wpb_column vc_column_container tdc-inner-column td-pb-span4 td-is-sticky\">\n<div class=\"vc_column-inner\">\n<div class=\"wpb_wrapper\" data-sticky-enabled-on=\"W3RydWUsdHJ1ZSx0cnVlLHRydWVd\" data-sticky-offset=\"20\" data-sticky-is-width-auto=\"W2ZhbHNlLGZhbHNlLGZhbHNlLGZhbHNlXQ==\">\n<div class=\"td_block_wrap td_flex_block_1 tdi_63 td-pb-border-top td_block_template_1 td_ajax_preloading_preload td_flex_block\" data-td-block-uid=\"tdi_63\">\n<div id=\"tdi_63\" class=\"td_block_inner td-mc1-wrap\">\n<div class=\"td_module_flex td_module_flex_1 td_module_wrap td-animation-stack td-meta-info-hide td-cpt-post\">\n<div class=\"td-module-container td-category-pos-image\">\n<div class=\"td-module-meta-info\">\n<h3 class=\"entry-title td-module-title\"><a href=\"https:\/\/voceatimisului.ro\/accident-frontal-pe-dn6-la-remetea-mare-trei-persoane-au-ajuns-la-spital-dupa-ce-un-sofer-a-intrat-in-coliziune-cu-o-ambulanta-privata\/\" rel=\"bookmark\" title=\"Accident frontal pe DN6 la Remetea Mare. Trei persoane au ajuns la spital dup\u0103 ce un \u0219ofer a intrat \u00een coliziune cu o ambulan\u021b\u0103 privat\u0103\">Accident frontal pe DN6 la Remetea Mare. Trei persoane au ajuns la spital dup\u0103 ce un \u0219ofer a intrat \u00een coliziune cu o ambulan\u021b\u0103&#8230;<\/a><\/h3>\n<\/div>\n<\/div>\n<\/div>\n<div class=\"td_module_flex td_module_flex_1 td_module_wrap td-animation-stack td-meta-info-hide td-cpt-post\">\n<div class=\"td-module-container td-category-pos-image\">\n<div class=\"td-module-meta-info\">\n<h3 class=\"entry-title td-module-title\"><a href=\"https:\/\/voceatimisului.ro\/actiune-in-sistem-releu-pe-dn6-zeci-de-soferi-amendati-si-permise-retinute-in-timis\/\" rel=\"bookmark\" title=\"Ac\u021biune \u00een sistem \u201creleu\u201d pe DN6. Zeci de \u0219oferi amenda\u021bi \u0219i permise re\u021binute \u00een Timi\u0219\">Ac\u021biune \u00een sistem \u201creleu\u201d pe DN6. Zeci de \u0219oferi amenda\u021bi \u0219i permise re\u021binute \u00een Timi\u0219<\/a><\/h3>\n<\/div>\n<\/div>\n<\/div>\n<div class=\"td_module_flex td_module_flex_1 td_module_wrap td-animation-stack td-meta-info-hide td-cpt-post\">\n<div class=\"td-module-container td-category-pos-image\">\n<div class=\"td-module-meta-info\">\n<h3 class=\"entry-title td-module-title\"><a href=\"https:\/\/voceatimisului.ro\/accident-cu-patru-masini-la-pasajul-iulius-town-din-timisoara-o-femeie-a-fost-ranita\/\" rel=\"bookmark\" title=\"Accident cu patru ma\u0219ini la Pasajul Iulius Town din Timi\u0219oara. O femeie a fost r\u0103nit\u0103\">Accident cu patru ma\u0219ini la Pasajul Iulius Town din Timi\u0219oara. O femeie a fost r\u0103nit\u0103<\/a><\/h3>\n<\/div>\n<\/div>\n<\/div>\n<div class=\"td_module_flex td_module_flex_1 td_module_wrap td-animation-stack td-meta-info-hide td-cpt-post\">\n<div class=\"td-module-container td-category-pos-image\">\n<div class=\"td-module-meta-info\">\n<h3 class=\"entry-title td-module-title\"><a href=\"https:\/\/voceatimisului.ro\/scene-halucinante-la-timisoara-un-barbat-s-a-catarat-pe-balcon-si-a-intrat-peste-o-tanara-in-casa\/\" rel=\"bookmark\" title=\"Scene halucinante la Timi\u0219oara: un b\u0103rbat s-a c\u0103\u021b\u0103rat pe balcon \u0219i a intrat peste o t\u00e2n\u0103r\u0103 \u00een cas\u0103\">Scene halucinante la Timi\u0219oara: un b\u0103rbat s-a c\u0103\u021b\u0103rat pe balcon \u0219i a intrat peste o t\u00e2n\u0103r\u0103 \u00een cas\u0103<\/a><\/h3>\n<\/div>\n<\/div>\n<\/div>\n<\/div>\n<\/div>\n<div class=\"tdb-author-box td_block_wrap tdb_single_author_box tdi_68 tdb-content-vert-top td-pb-border-top td_block_template_1\" data-td-block-uid=\"tdi_68\">\n<div class=\"tdb-block-inner td-fix-index\">\n<div class=\"tdb-author-info\"><a href=\"https:\/\/voceatimisului.ro\/author\/cataadmin\/\" class=\"tdb-author-name\">Radu Constantin<\/a><a href=\"http:\/\/www.voceatimisului.ro\" rel=\"nofollow\" class=\"tdb-author-url\">http:\/\/www.voceatimisului.ro<\/a><\/p>\n<div class=\"tdb-author-descr\">\u00centreaga responsabilitate a comentariilor l\u0103sate de dumneavoastr\u0103 v\u0103 apar\u021bine!<br \/>\nClick <a href=\"https:\/\/voceatimisului.ro\/termeni-si-conditii\/\">aici<\/a>-citeste condi\u0163iile de utilizare ale site-ului www.voceatimisului.ro<\/div>\n<\/div>\n<\/div>\n<\/div>\n<\/div>\n<\/div>\n<\/div>\n<div class=\"vc_column_inner tdi_70  wpb_column vc_column_container tdc-inner-column td-pb-span8\">\n<div class=\"vc_column-inner\">\n<div class=\"wpb_wrapper\">\n<div class=\"td_block_wrap tdb_single_content tdi_71 td-pb-border-top td_block_template_1 td-post-content tagdiv-type\" data-td-block-uid=\"tdi_71\">\n<div class=\"tdb-block-inner td-fix-index\">\n<h5 class=\"wp-block-heading\">\u00cen cadrul evenimentului \u201dS\u0103pt\u0103m\u00e2na \u0218coala \u00een Siguran\u021b\u0103\u201d, organizat de Inspectoratul de Poli\u021bie Jude\u021bean Timi\u0219 prin Biroul Siguran\u021b\u0103 \u0218colar\u0103, poli\u021bi\u0219tii locali din Timi\u0219oara au desf\u0103\u0219urat o serie de activit\u0103\u021bi educative dedicate prevenirii faptelor contraven\u021bionale \u0219i infrac\u021bionale \u00een r\u00e2ndul elevilor.<\/h5>\n<p>Campania, desf\u0103\u0219urat\u0103 \u00een mai multe unit\u0103\u021bi de \u00eenv\u0103\u021b\u0103m\u00e2nt din ora\u0219, a pus accent pe siguran\u021ba rutier\u0103 \u0219i comportamental\u0103, fiind adresat\u0103 at\u00e2t copiilor de v\u00e2rst\u0103 pre\u0219colar\u0103, c\u00e2t \u0219i elevilor din ciclul primar \u0219i gimnazial. De la Gr\u0103dini\u021ba Nikolaus Lenau \u0219i p\u00e2n\u0103 la clasele de gimnaziu ale liceelor Jean Louis Calderon \u0219i Nikolaus Lenau, poli\u021bi\u0219tii le-au vorbit elevilor despre pericolele reale cu care se pot confrunta: <strong><em>de la violen\u021b\u0103 fizic\u0103 \u0219i verbal\u0103, la consumul de substan\u021be interzise, fumat, cyberbullying \u0219i capcanele din mediul online.<\/em><\/strong><\/p>\n<p>Elevii au fost receptivi \u0219i curio\u0219i, dorind s\u0103 afle c\u00e2t mai multe despre cum se pot proteja. Activit\u0103\u021bi similare au avut loc \u0219i la \u0218coala Rudolf Walter \u0219i \u0218coala General\u0103 nr. 1 de pe strada Com\u0103ne\u0219ti. \u00cen plus, \u00een data de 21 mai, mai multe clase au vizitat sediul Poli\u021biei Locale, av\u00e2nd ocazia s\u0103 \u00eenve\u021be direct de la surs\u0103 cum func\u021bioneaz\u0103 institu\u021bia care le vegheaz\u0103 siguran\u021ba zilnic\u0103.<\/p>\n<p>Poli\u021bia Local\u0103 Timi\u0219oara are \u00een grij\u0103 nou\u0103 unit\u0103\u021bi de \u00eenv\u0103\u021b\u0103m\u00e2nt din municipiu, unde, pe l\u00e2ng\u0103 lec\u021biile de prevenire, contribuie activ la siguran\u021ba elevilor \u00een zona \u0219colilor, asigur\u00e2nd fluidizarea traficului la \u00eenceputul \u0219i finalul orelor de curs.<\/p>\n<figure class=\"wp-block-gallery has-nested-images columns-default is-cropped wp-block-gallery-1 is-layout-flex wp-block-gallery-is-layout-flex\">\n<div><a href=\"https:\/\/voceatimisului.ro\/wp-content\/uploads\/2025\/05\/Politistii-locali-fata-in-fata-cu-elevii-timisoreni9-768x1024.jpg\" class=\"td-modal-image\"><\/p>\n<figure class=\"wp-block-image size-large\"><img decoding=\"async\" width=\"768\" height=\"1024\" data-id=\"172413\" src=\"https:\/\/voceatimisului.ro\/wp-content\/uploads\/2025\/05\/Politistii-locali-fata-in-fata-cu-elevii-timisoreni9-768x1024.jpg\" alt=\"Violen\u021ba, drogurile \u0219i pericolele online, explicate pe \u00een\u021belesul copiilor. Poli\u021bi\u0219tii locali, fa\u021b\u0103 \u00een fa\u021b\u0103 cu elevii timi\u0219oreni\" class=\"wp-image-172413\" loading=\"lazy\"><\/figure>\n<p><\/a><\/div>\n<figure class=\"wp-block-image size-large\"><img decoding=\"async\" width=\"768\" height=\"1024\" data-id=\"172412\" src=\"https:\/\/voceatimisului.ro\/wp-content\/uploads\/2025\/05\/Politistii-locali-fata-in-fata-cu-elevii-timisoreni8-768x1024.jpg\" alt=\"Violen\u021ba, drogurile \u0219i pericolele online, explicate pe \u00een\u021belesul copiilor. Poli\u021bi\u0219tii locali, fa\u021b\u0103 \u00een fa\u021b\u0103 cu elevii timi\u0219oreni\" class=\"wp-image-172412\" loading=\"lazy\"><\/figure>\n<figure class=\"wp-block-image size-large\"><img decoding=\"async\" width=\"768\" height=\"1024\" data-id=\"172411\" src=\"https:\/\/voceatimisului.ro\/wp-content\/uploads\/2025\/05\/Politistii-locali-fata-in-fata-cu-elevii-timisoreni7-768x1024.jpg\" alt=\"Violen\u021ba, drogurile \u0219i pericolele online, explicate pe \u00een\u021belesul copiilor. Poli\u021bi\u0219tii locali, fa\u021b\u0103 \u00een fa\u021b\u0103 cu elevii timi\u0219oreni\" class=\"wp-image-172411\" loading=\"lazy\"><\/figure>\n<figure class=\"wp-block-image size-large\"><img decoding=\"async\" loading=\"lazy\" width=\"768\" height=\"1024\" data-id=\"172410\" src=\"https:\/\/voceatimisului.ro\/wp-content\/uploads\/2025\/05\/Politistii-locali-fata-in-fata-cu-elevii-timisoreni6-768x1024.jpg\" alt=\"Violen\u021ba, drogurile \u0219i pericolele online, explicate pe \u00een\u021belesul copiilor. Poli\u021bi\u0219tii locali, fa\u021b\u0103 \u00een fa\u021b\u0103 cu elevii timi\u0219oreni\" class=\"wp-image-172410\"><\/figure>\n<figure class=\"wp-block-image size-large\"><img decoding=\"async\" loading=\"lazy\" width=\"1024\" height=\"768\" data-id=\"172409\" src=\"https:\/\/voceatimisului.ro\/wp-content\/uploads\/2025\/05\/Politistii-locali-fata-in-fata-cu-elevii-timisoreni5-1024x768.jpg\" alt=\"Violen\u021ba, drogurile \u0219i pericolele online, explicate pe \u00een\u021belesul copiilor. Poli\u021bi\u0219tii locali, fa\u021b\u0103 \u00een fa\u021b\u0103 cu elevii timi\u0219oreni\" class=\"wp-image-172409\"><\/figure>\n<figure class=\"wp-block-image size-large\"><img decoding=\"async\" loading=\"lazy\" width=\"1024\" height=\"768\" data-id=\"172408\" src=\"https:\/\/voceatimisului.ro\/wp-content\/uploads\/2025\/05\/Politistii-locali-fata-in-fata-cu-elevii-timisoreni4-1024x768.jpg\" alt=\"Violen\u021ba, drogurile \u0219i pericolele online, explicate pe \u00een\u021belesul copiilor. Poli\u021bi\u0219tii locali, fa\u021b\u0103 \u00een fa\u021b\u0103 cu elevii timi\u0219oreni\" class=\"wp-image-172408\"><\/figure>\n<figure class=\"wp-block-image size-large\"><img decoding=\"async\" loading=\"lazy\" width=\"1024\" height=\"768\" data-id=\"172407\" src=\"https:\/\/voceatimisului.ro\/wp-content\/uploads\/2025\/05\/Politistii-locali-fata-in-fata-cu-elevii-timisoreni3-1024x768.jpg\" alt=\"Violen\u021ba, drogurile \u0219i pericolele online, explicate pe \u00een\u021belesul copiilor. Poli\u021bi\u0219tii locali, fa\u021b\u0103 \u00een fa\u021b\u0103 cu elevii timi\u0219oreni\" class=\"wp-image-172407\"><\/figure>\n<figure class=\"wp-block-image size-large\"><img decoding=\"async\" loading=\"lazy\" width=\"1024\" height=\"768\" data-id=\"172406\" src=\"https:\/\/voceatimisului.ro\/wp-content\/uploads\/2025\/05\/Politistii-locali-fata-in-fata-cu-elevii-timisoreni2-1024x768.jpg\" alt=\"Violen\u021ba, drogurile \u0219i pericolele online, explicate pe \u00een\u021belesul copiilor. Poli\u021bi\u0219tii locali, fa\u021b\u0103 \u00een fa\u021b\u0103 cu elevii timi\u0219oreni\" class=\"wp-image-172406\"><\/figure>\n<figure class=\"wp-block-image size-large\"><img decoding=\"async\" loading=\"lazy\" width=\"1024\" height=\"768\" data-id=\"172405\" src=\"https:\/\/voceatimisului.ro\/wp-content\/uploads\/2025\/05\/Politistii-locali-fata-in-fata-cu-elevii-timisoreni1-1024x768.jpg\" alt=\"Violen\u021ba, drogurile \u0219i pericolele online, explicate pe \u00een\u021belesul copiilor. Poli\u021bi\u0219tii locali, fa\u021b\u0103 \u00een fa\u021b\u0103 cu elevii timi\u0219oreni\" class=\"wp-image-172405\"><\/figure>\n<\/figure>\n<\/div>\n<\/div>\n<div class=\"td_block_wrap tdb_single_tags tdi_74 td-pb-border-top td_block_template_1\" data-td-block-uid=\"tdi_74\">\n<div class=\"tdb-block-inner td-fix-index\">\n<ul class=\"tdb-tags\">\n<li><span>Tags<\/span><\/li>\n<li><a href=\"https:\/\/voceatimisului.ro\/tag\/ipj-timis\/\">ipj timis<\/a><\/li>\n<li><a href=\"https:\/\/voceatimisului.ro\/tag\/politistii-locali\/\">politistii locali<\/a><\/li>\n<li><a href=\"https:\/\/voceatimisului.ro\/tag\/scoala-in-siguranta\/\">scoala in siguranta<\/a><\/li>\n<\/ul>\n<\/div>\n<\/div>\n<div class=\"td_block_wrap tdb_single_post_share tdi_75  td-pb-border-top td_block_template_1\" data-td-block-uid=\"tdi_75\">\n<div id=\"tdi_75\" class=\"td-post-sharing tdb-block td-ps-bg td-ps-notext td-post-sharing-style1 \">\n<div class=\"td-post-sharing-visible\"><a class=\"td-social-sharing-button td-social-sharing-button-js td-social-network td-social-facebook\" href=\"https:\/\/www.facebook.com\/sharer.php?u=https%3A%2F%2Fvoceatimisului.ro%2Fviolenta-drogurile-si-pericolele-online-explicate-pe-intelesul-copiilor-politistii-locali-fata-in-fata-cu-elevii-timisoreni%2F\" title=\"Facebook\" rel=\"noopener\"><\/p>\n<div class=\"td-social-but-text\">Facebook<\/div>\n<p><\/a><a class=\"td-social-sharing-button td-social-sharing-button-js td-social-network td-social-twitter\" href=\"https:\/\/twitter.com\/intent\/tweet?text=Violen%C8%9Ba%2C+drogurile+%C8%99i+pericolele+online%2C+explicate+pe+%C3%AEn%C8%9Belesul+copiilor.+Poli%C8%9Bi%C8%99tii+locali%2C+fa%C8%9B%C4%83+%C3%AEn+fa%C8%9B%C4%83+cu+elevii+timi%C8%99oreni&amp;url=https%3A%2F%2Fvoceatimisului.ro%2Fviolenta-drogurile-si-pericolele-online-explicate-pe-intelesul-copiilor-politistii-locali-fata-in-fata-cu-elevii-timisoreni%2F&amp;via=Vocea+Timisului\" title=\"Twitter\" rel=\"noopener\"><\/p>\n<div class=\"td-social-but-text\">Twitter<\/div>\n<p><\/a><a class=\"td-social-sharing-button td-social-sharing-button-js td-social-network td-social-pinterest\" href=\"https:\/\/pinterest.com\/pin\/create\/button\/?url=https:\/\/voceatimisului.ro\/violenta-drogurile-si-pericolele-online-explicate-pe-intelesul-copiilor-politistii-locali-fata-in-fata-cu-elevii-timisoreni\/&amp;media=https:\/\/voceatimisului.ro\/wp-content\/uploads\/2025\/05\/Politistii-locali-fata-in-fata-cu-elevii-timisoreni5.jpg&amp;description=Violen%C8%9Ba%2C+drogurile+%C8%99i+pericolele+online%2C+explicate+pe+%C3%AEn%C8%9Belesul+copiilor.+Poli%C8%9Bi%C8%99tii+locali%2C+fa%C8%9B%C4%83+%C3%AEn+fa%C8%9B%C4%83+cu+elevii+timi%C8%99oreni\" title=\"Pinterest\" rel=\"noopener\"><\/p>\n<div class=\"td-social-but-text\">Pinterest<\/div>\n<p><\/a><a class=\"td-social-sharing-button td-social-sharing-button-js td-social-network td-social-whatsapp\" href=\"https:\/\/api.whatsapp.com\/send?text=Violen%C8%9Ba%2C+drogurile+%C8%99i+pericolele+online%2C+explicate+pe+%C3%AEn%C8%9Belesul+copiilor.+Poli%C8%9Bi%C8%99tii+locali%2C+fa%C8%9B%C4%83+%C3%AEn+fa%C8%9B%C4%83+cu+elevii+timi%C8%99oreni%20%0A%0A%20https:\/\/voceatimisului.ro\/violenta-drogurile-si-pericolele-online-explicate-pe-intelesul-copiilor-politistii-locali-fata-in-fata-cu-elevii-timisoreni\/\" title=\"WhatsApp\" rel=\"noopener\"><\/p>\n<div class=\"td-social-but-text\">WhatsApp<\/div>\n<p><\/a><a class=\"td-social-sharing-button td-social-sharing-button-js td-social-network td-social-linkedin\" href=\"https:\/\/www.linkedin.com\/shareArticle?mini=true&amp;url=https:\/\/voceatimisului.ro\/violenta-drogurile-si-pericolele-online-explicate-pe-intelesul-copiilor-politistii-locali-fata-in-fata-cu-elevii-timisoreni\/&amp;title=Violen%C8%9Ba%2C+drogurile+%C8%99i+pericolele+online%2C+explicate+pe+%C3%AEn%C8%9Belesul+copiilor.+Poli%C8%9Bi%C8%99tii+locali%2C+fa%C8%9B%C4%83+%C3%AEn+fa%C8%9B%C4%83+cu+elevii+timi%C8%99oreni\" title=\"Linkedin\" rel=\"noopener\"><\/p>\n<div class=\"td-social-but-text\">Linkedin<\/div>\n<p><\/a><a class=\"td-social-sharing-button td-social-sharing-button-js td-social-network td-social-copy_url\" href=\"https:\/\/voceatimisului.ro\/violenta-drogurile-si-pericolele-online-explicate-pe-intelesul-copiilor-politistii-locali-fata-in-fata-cu-elevii-timisoreni\/\" title=\"Copy URL\" rel=\"noopener\"><\/p>\n<div class=\"td-social-but-text\">Copy URL<\/div>\n<p><\/a><\/div>\n<\/div>\n<\/div>\n<div class=\"td_block_wrap tdb_single_next_prev tdi_76 td-animation-stack td-next-prev-img-on td-pb-border-top td_block_template_1\" data-td-block-uid=\"tdi_76\">\n<div class=\"tdb-block-inner td-fix-index\">\n<div class=\"tdb-next-post tdb-next-post-bg tdb-post-prev\"><span>Articolul precedent<\/span><\/p>\n<div class=\"td-module-container\">\n<div class=\"td-image-container\"><a class=\"td-image-wrap\" href=\"https:\/\/voceatimisului.ro\/ruga-de-la-ghiroda-doua-zile-de-sarbatoare-muzica-si-traditie\/\"><img loading=\"lazy\" decoding=\"async\" class=\"td-next-prev-image td-fix-index td-lazy-img\" title=\"Ruga de la Ghiroda \u2013 dou\u0103 zile de s\u0103rb\u0103toare, muzic\u0103 \u0219i tradi\u021bie\" width=\"696\" height=\"1024\" src=\"https:\/\/voceatimisului.ro\/wp-content\/uploads\/2025\/05\/Ruga-de-la-Ghiroda-696x1024.jpg\"><\/a><\/div>\n<div class=\"next-prev-title\"><a href=\"https:\/\/voceatimisului.ro\/ruga-de-la-ghiroda-doua-zile-de-sarbatoare-muzica-si-traditie\/\">Ruga de la Ghiroda \u2013 dou\u0103 zile de s\u0103rb\u0103toare, muzic\u0103 \u0219i tradi\u021bie<\/a><\/div>\n<\/div>\n<\/div>\n<div class=\"tdb-next-post tdb-next-post-bg tdb-post-next\"><span>Articolul urm\u0103tor<\/span><\/p>\n<div class=\"td-module-container\">\n<div class=\"td-image-container\"><a class=\"td-image-wrap\" href=\"https:\/\/voceatimisului.ro\/evenimente-culturale-in-timis-expozitii-recitaluri-si-spectacole-pentru-copii-in-perioada-27-mai-1-iunie\/\"><img decoding=\"async\" class=\"td-next-prev-image td-fix-index td-lazy-img\" title=\"Evenimente culturale \u00een Timi\u0219: expozi\u021bii, recitaluri \u0219i spectacole pentru copii, \u00een perioada 27 mai \u2013 1 iunie\" src=\"https:\/\/voceatimisului.ro\/wp-content\/uploads\/2025\/05\/Evenimente-culturale-in-Timis.jpg\"><\/a><\/div>\n<div class=\"next-prev-title\"><a href=\"https:\/\/voceatimisului.ro\/evenimente-culturale-in-timis-expozitii-recitaluri-si-spectacole-pentru-copii-in-perioada-27-mai-1-iunie\/\">Evenimente culturale \u00een Timi\u0219: expozi\u021bii, recitaluri \u0219i spectacole pentru copii, \u00een perioada 27 mai \u2013 1 iunie<\/a><\/div>\n<\/div>\n<\/div>\n<\/div>\n<\/div>\n<\/div>\n<\/div>\n<\/div>\n<\/div>\n<div class=\"vc_row_inner tdi_86  vc_row vc_inner wpb_row td-pb-row\">\n<div class=\"vc_column_inner tdi_88  wpb_column vc_column_container tdc-inner-column td-pb-span4 td-is-sticky\">\n<div class=\"vc_column-inner\">\n<div class=\"wpb_wrapper\" data-sticky-enabled-on=\"W3RydWUsdHJ1ZSx0cnVlLHRydWVd\" data-sticky-offset=\"20\" data-sticky-is-width-auto=\"W2ZhbHNlLGZhbHNlLGZhbHNlLGZhbHNlXQ==\">\n<div class=\"td_block_wrap tdb_single_related tdi_89 td_with_ajax_pagination td-pb-border-top td_block_template_1 tdb-single-related-posts\" data-td-block-uid=\"tdi_89\">\n<div id=\"tdi_89\" class=\"td_block_inner tdb-block-inner td-fix-index\">\n<div class=\"tdb_module_related td_module_wrap td-animation-stack td-meta-info-hide\">\n<div class=\"td-module-container td-category-pos-image\">\n<div class=\"td-module-meta-info\">\n<h3 class=\"entry-title td-module-title\"><a href=\"https:\/\/voceatimisului.ro\/trei-tineri-retinuti-la-timisoara-pentru-furt-calificat-cu-masina-furata\/\" rel=\"bookmark\" title=\"Trei tineri re\u021binu\u021bi la Timi\u0219oara pentru furt calificat cu ma\u0219in\u0103 furat\u0103\">Trei tineri re\u021binu\u021bi la Timi\u0219oara pentru furt calificat cu ma\u0219in\u0103 furat\u0103<\/a><\/h3>\n<\/div>\n<\/div>\n<\/div>\n<div class=\"tdb_module_related td_module_wrap td-animation-stack td-meta-info-hide\">\n<div class=\"td-module-container td-category-pos-image\">\n<div class=\"td-module-meta-info\">\n<h3 class=\"entry-title td-module-title\"><a href=\"https:\/\/voceatimisului.ro\/transportul-ilegal-lovit-in-plin-de-politie-in-gara-mare-din-timisoara-zeci-de-sanctiuni-intr-o-singura-razie\/\" rel=\"bookmark\" title=\"Transportul ilegal, lovit \u00een plin de Poli\u021bie \u00een Gara Mare din Timi\u0219oara: zeci de sanc\u021biuni \u00eentr-o singur\u0103 razie\">Transportul ilegal, lovit \u00een plin de Poli\u021bie \u00een Gara Mare din Timi\u0219oara: zeci de sanc\u021biuni \u00eentr-o singur\u0103 razie<\/a><\/h3>\n<\/div>\n<\/div>\n<\/div>\n<div class=\"tdb_module_related td_module_wrap td-animation-stack td-meta-info-hide\">\n<div class=\"td-module-container td-category-pos-image\">\n<div class=\"td-module-meta-info\">\n<h3 class=\"entry-title td-module-title\"><a href=\"https:\/\/voceatimisului.ro\/rachita-ovidiu-ionel-castiga-procesul-cu-igpr-si-ipj-timis-politia-obligata-sa-i-plateasca-salariile-pierdute-dupa-o-sanctiune-abuziva\/\" rel=\"bookmark\" title=\"R\u0103chit\u0103 Ovidiu Ionel c\u00e2\u0219tig\u0103 procesul cu IGPR \u0219i IPJ Timi\u0219: Poli\u021bia obligat\u0103 s\u0103-i pl\u0103teasc\u0103 salariile pierdute dup\u0103 o sanc\u021biune abuziv\u0103\">R\u0103chit\u0103 Ovidiu Ionel c\u00e2\u0219tig\u0103 procesul cu IGPR \u0219i IPJ Timi\u0219: Poli\u021bia obligat\u0103 s\u0103-i pl\u0103teasc\u0103 salariile pierdute dup\u0103 o sanc\u021biune abuziv\u0103<\/a><\/h3>\n<\/div>\n<\/div>\n<\/div>\n<\/div>\n<\/div>\n<\/div>\n<\/div>\n<\/div>\n<div class=\"vc_column_inner tdi_91  wpb_column vc_column_container tdc-inner-column td-pb-span8\">\n<div class=\"vc_column-inner\">\n<div class=\"wpb_wrapper\">\n<div class=\"td_block_wrap tdb_single_comments tdi_92 tdb-comm-layout2 td-pb-border-top td_block_template_2\" data-td-block-uid=\"tdi_92\">\n<div class=\"tdb-block-inner td-fix-index\">\n<div class=\"comments\" id=\"comments\">\n<div id=\"respond\" class=\"comment-respond\">\n<h3 id=\"reply-title\" class=\"comment-reply-title\">L\u0102SA\u021aI UN MESAJ <small><a rel=\"nofollow\" id=\"cancel-comment-reply-link\" href=\"https:\/\/voceatimisului.ro\/violenta-drogurile-si-pericolele-online-explicate-pe-intelesul-copiilor-politistii-locali-fata-in-fata-cu-elevii-timisoreni\/#respond\">Renun\u021ba\u021bi la r\u0103spuns<\/a><\/small><\/h3>\n<div class=\"comment-form-input-wrap td-form-comment\">\n<div class=\"td-warning-comment\">V\u0103 rug\u0103m s\u0103 introduce\u021bi comentariul dvs.!<\/div>\n<\/div>\n<div class=\"comment-form-input-wrap td-form-author\">\n<div class=\"td-warning-author\">Introduce\u021bi aici numele dvs.<\/div>\n<\/div>\n<div class=\"comment-form-input-wrap td-form-email\">\n<div class=\"td-warning-email-error\">A\u021bi introdus o adres\u0103 de e-mail incorect\u0103!<\/div>\n<div class=\"td-warning-email\">V\u0103 rug\u0103m s\u0103 introduce\u021bi adresa dvs. de e-mail aici<\/div>\n<\/div>\n<\/div>\n<\/div>\n<\/div>\n<\/div>\n<\/div>\n<\/div>\n<\/div>\n<\/div>\n<\/div>\n<\/div>\n<div class=\"vc_column tdi_94  wpb_column vc_column_container tdc-column td-pb-span4 td-is-sticky\">\n<div class=\"wpb_wrapper\" data-sticky-enabled-on=\"W3RydWUsdHJ1ZSx0cnVlLHRydWVd\" data-sticky-offset=\"20\" data-sticky-is-width-auto=\"W2ZhbHNlLGZhbHNlLGZhbHNlLGZhbHNlXQ==\">\n<div class=\"vc_row_inner tdi_96  vc_row vc_inner wpb_row td-pb-row\">\n<div class=\"vc_column_inner tdi_98  wpb_column vc_column_container tdc-inner-column td-pb-span12\">\n<div class=\"vc_column-inner\">\n<div class=\"wpb_wrapper\">\n<div class=\"td_block_wrap td_block_title tdi_99 td-pb-border-top td_block_template_11 td-fix-index\" data-td-block-uid=\"tdi_99\">\n<div class=\"td-block-title-wrap\">\n<h4 class=\"td-block-title\"><span class=\"td-pulldown-size\">ANUN\u021aURI \u0218I PUBLICITATE<\/span><\/h4>\n<\/div>\n<\/div>\n<\/div>\n<\/div>\n<\/div>\n<\/div>\n<div class=\"wpb_wrapper td_block_wrap vc_widget_sidebar tdi_101 \">\n<aside id=\"block-10\" class=\"td_block_template_1 widget block-10 widget_block widget_media_image\">\n<figure class=\"wp-block-image size-full\"><a href=\"https:\/\/adpghiroda.ro\/index.html\" target=\"_blank\" rel=\" noreferrer noopener\"><img decoding=\"async\" loading=\"eager\" width=\"960\" height=\"960\" src=\"https:\/\/voceatimisului.ro\/wp-content\/uploads\/2025\/03\/ADP-Ghiroda2.jpg\" alt class=\"wp-image-171492\"><\/a><\/figure>\n<\/aside>\n<aside id=\"block-11\" class=\"td_block_template_1 widget block-11 widget_block widget_media_image\">\n<figure class=\"wp-block-image size-full\"><a href=\"https:\/\/adpghiroda.ro\/index.html\" target=\"_blank\" rel=\" noreferrer noopener\"><img decoding=\"async\" loading=\"eager\" width=\"960\" height=\"960\" src=\"https:\/\/voceatimisului.ro\/wp-content\/uploads\/2025\/03\/ADP-Ghiroda1.jpg\" alt class=\"wp-image-171491\"><\/a><\/figure>\n<\/aside>\n<aside id=\"block-17\" class=\"td_block_template_1 widget block-17 widget_block widget_media_image\">\n<figure class=\"wp-block-image size-large is-resized\"><a href=\"https:\/\/verde.events\/\" target=\"_blank\" rel=\" noreferrer noopener\"><img decoding=\"async\" loading=\"lazy\" width=\"1024\" height=\"683\" src=\"https:\/\/voceatimisului.ro\/wp-content\/uploads\/2025\/08\/Verde-Events-24-1024x683.jpg\" alt=\"Verde Events\" class=\"wp-image-174395\"><\/a><figcaption class=\"wp-element-caption\"><strong><em>O experien\u021b\u0103 unic\u0103 pentru orice tip de eveniment<\/em><\/strong><\/figcaption><\/figure>\n<\/aside>\n<\/div>\n<div class=\"td_block_wrap td_flex_block_1 tdi_107 td-pb-border-top td_block_template_1 td_ajax_preloading_preload td_flex_block\" data-td-block-uid=\"tdi_107\">\n<div id=\"tdi_107\" class=\"td_block_inner td-mc1-wrap\">\n<div class=\"td_module_flex td_module_flex_1 td_module_wrap td-animation-stack td-meta-info-hide td-cpt-post\">\n<div class=\"td-module-container td-category-pos-image\">\n<div class=\"td-module-meta-info\">\n<h3 class=\"entry-title td-module-title\"><a href=\"https:\/\/voceatimisului.ro\/recidivist-retinut-dupa-o-serie-de-furturi-din-autoturisme-in-timisoara\/\" rel=\"bookmark\" title=\"Recidivist re\u021binut dup\u0103 o serie de furturi din autoturisme \u00een Timi\u0219oara\">Recidivist re\u021binut dup\u0103 o serie de furturi din autoturisme \u00een Timi\u0219oara<\/a><\/h3>\n<\/div>\n<\/div>\n<\/div>\n<div class=\"td_module_flex td_module_flex_1 td_module_wrap td-animation-stack td-meta-info-hide td-cpt-post\">\n<div class=\"td-module-container td-category-pos-image\">\n<div class=\"td-module-meta-info\">\n<h3 class=\"entry-title td-module-title\"><a href=\"https:\/\/voceatimisului.ro\/vehiculele-scolilor-de-soferi-verificate-de-politistii-rutieri-timiseni\/\" rel=\"bookmark\" title=\"Vehiculele \u0219colilor de \u0219oferi, verificate de poli\u021bi\u0219tii rutieri timi\u0219eni\">Vehiculele \u0219colilor de \u0219oferi, verificate de poli\u021bi\u0219tii rutieri timi\u0219eni<\/a><\/h3>\n<\/div>\n<\/div>\n<\/div>\n<div class=\"td_module_flex td_module_flex_1 td_module_wrap td-animation-stack td-meta-info-hide td-cpt-post\">\n<div class=\"td-module-container td-category-pos-image\">\n<div class=\"td-module-meta-info\">\n<h3 class=\"entry-title td-module-title\"><a href=\"https:\/\/voceatimisului.ro\/cand-arta-devine-scut-elevii-de-la-liceul-ana-aslan-din-timisoara-spun-nu-drogurilor\/\" rel=\"bookmark\" title=\"C\u00e2nd arta devine scut: elevii de la Liceul \u201eAna Aslan\u201d din Timi\u0219oara spun NU drogurilor\">C\u00e2nd arta devine scut: elevii de la Liceul \u201eAna Aslan\u201d din Timi\u0219oara spun NU drogurilor<\/a><\/h3>\n<\/div>\n<\/div>\n<\/div>\n<div class=\"td_module_flex td_module_flex_1 td_module_wrap td-animation-stack td-meta-info-hide td-cpt-post\">\n<div class=\"td-module-container td-category-pos-image\">\n<div class=\"td-module-meta-info\">\n<h3 class=\"entry-title td-module-title\"><a href=\"https:\/\/voceatimisului.ro\/dupa-incidentul-grav-de-la-calderon-politistii-iau-masuri-preventive-in-scolile-din-timis-actiuni-la-colegiul-banatean-si-scoala-din-ghiroda\/\" rel=\"bookmark\" title=\"Dup\u0103 incidentul grav de la Calderon, poli\u021bi\u0219tii iau m\u0103suri preventive \u00een \u0219colile din Timi\u0219: ac\u021biuni la Colegiul B\u0103n\u0103\u021bean \u0219i \u0218coala din Ghiroda\">Dup\u0103 incidentul grav de la Calderon, poli\u021bi\u0219tii iau m\u0103suri preventive \u00een \u0219colile din Timi\u0219: ac\u021biuni la Colegiul B\u0103n\u0103\u021bean \u0219i \u0218coala din Ghiroda<\/a><\/h3>\n<\/div>\n<\/div>\n<\/div>\n<div class=\"td_module_flex td_module_flex_1 td_module_wrap td-animation-stack td-meta-info-hide td-cpt-post\">\n<div class=\"td-module-container td-category-pos-image\">\n<div class=\"td-module-meta-info\">\n<h3 class=\"entry-title td-module-title\"><a href=\"https:\/\/voceatimisului.ro\/regulile-nu-s-pentru-toti-un-sofer-de-dj-intra-pe-interzis-apoi-sare-la-bataie-cu-cheia-de-roti\/\" rel=\"bookmark\" title=\"Regulile nu-s pentru to\u021bi: un \u0219ofer de DJ intr\u0103 pe interzis, apoi sare la b\u0103taie cu cheia de ro\u021bi\">Regulile nu-s pentru to\u021bi: un \u0219ofer de DJ intr\u0103 pe interzis, apoi sare la b\u0103taie cu cheia de ro\u021bi<\/a><\/h3>\n<\/div>\n<\/div>\n<\/div>\n<\/div>\n<\/div>\n<\/div>\n<\/div>\n<\/div>\n<\/div>\n<\/div>\n<\/div>\n<p><span class=\"td-page-meta\"><\/span><span class=\"td-page-meta\"><span class=\"td-page-meta\"><\/span><\/span><span class=\"td-page-meta\"><\/span><\/article>\n<p> Source URL: https:\/\/voceatimisului.ro\/violenta-drogurile-si-pericolele-online-explicate-pe-intelesul-copiilor-politistii-locali-fata-in-fata-cu-elevii-timisoreni\/<\/p>\n","protected":false},"excerpt":{"rendered":"<p>\u0218tiriEduca\u021bie Violen\u021ba, drogurile \u0219i pericolele online, explicate pe \u00een\u021belesul copiilor. Poli\u021bi\u0219tii locali, fa\u021b\u0103 \u00een fa\u021b\u0103 cu elevii timi\u0219oreni Autor-Radu Constantin 23 mai 2025 0 1267 Facebook Twitter Pinterest WhatsApp Linkedin Copy URL Accident frontal pe DN6 la Remetea Mare. Trei persoane au ajuns la spital dup\u0103 ce un \u0219ofer a intrat \u00een coliziune cu o [&hellip;]<\/p>\n","protected":false},"author":1,"featured_media":0,"comment_status":"open","ping_status":"","sticky":false,"template":"","format":"standard","meta":{"footnotes":""},"categories":[89],"tags":[199],"class_list":["post-1053734","post","type-post","status-publish","format-standard","hentry","category-romania","tag-voceatimisului-ro"],"_links":{"self":[{"href":"https:\/\/analyse.optim.biz\/index.php?rest_route=\/wp\/v2\/posts\/1053734","targetHints":{"allow":["GET"]}}],"collection":[{"href":"https:\/\/analyse.optim.biz\/index.php?rest_route=\/wp\/v2\/posts"}],"about":[{"href":"https:\/\/analyse.optim.biz\/index.php?rest_route=\/wp\/v2\/types\/post"}],"author":[{"embeddable":true,"href":"https:\/\/analyse.optim.biz\/index.php?rest_route=\/wp\/v2\/users\/1"}],"replies":[{"embeddable":true,"href":"https:\/\/analyse.optim.biz\/index.php?rest_route=%2Fwp%2Fv2%2Fcomments&post=1053734"}],"version-history":[{"count":0,"href":"https:\/\/analyse.optim.biz\/index.php?rest_route=\/wp\/v2\/posts\/1053734\/revisions"}],"wp:attachment":[{"href":"https:\/\/analyse.optim.biz\/index.php?rest_route=%2Fwp%2Fv2%2Fmedia&parent=1053734"}],"wp:term":[{"taxonomy":"category","embeddable":true,"href":"https:\/\/analyse.optim.biz\/index.php?rest_route=%2Fwp%2Fv2%2Fcategories&post=1053734"},{"taxonomy":"post_tag","embeddable":true,"href":"https:\/\/analyse.optim.biz\/index.php?rest_route=%2Fwp%2Fv2%2Ftags&post=1053734"}],"curies":[{"name":"wp","href":"https:\/\/api.w.org\/{rel}","templated":true}]}}