{"id":1053731,"date":"2025-05-30T06:09:37","date_gmt":"2025-05-30T03:09:37","guid":{"rendered":"https:\/\/analyse.optim.biz\/?p=1053731"},"modified":"2025-05-30T06:09:37","modified_gmt":"2025-05-30T03:09:37","slug":"gradinita-noua-in-giroc-investitie-de-peste-26-de-milioane-de-lei-pentru-viitorul-copiilor","status":"publish","type":"post","link":"https:\/\/analyse.optim.biz\/?p=1053731","title":{"rendered":"Gr\u0103dini\u021b\u0103 nou\u0103 \u00een Giroc: investi\u021bie de peste 26 de milioane de lei pentru viitorul copiilor"},"content":{"rendered":"<article id=\"template-id-172790\" class=\"post-172790 tdb_templates type-tdb_templates status-publish post\">\n<div id=\"tdi_38\" class=\"tdc-zone\">\n<div class=\"tdc_zone tdi_39  wpb_row td-pb-row\">\n<div id=\"tdi_40\" class=\"tdc-row stretch_row_1400 td-stretch-content\">\n<div class=\"vc_row tdi_41  wpb_row td-pb-row tdc-element-style\">\n<div class=\"vc_column tdi_43  wpb_column vc_column_container tdc-column td-pb-span8\">\n<div class=\"wpb_wrapper\">\n<div class=\"td_block_wrap tdb_single_categories tdi_44 td-pb-border-top td_block_template_1 \" data-td-block-uid=\"tdi_44\">\n<div class=\"tdb-category td-fix-index\"><a class=\"tdb-entry-category\" href=\"https:\/\/voceatimisului.ro\/stiri-din-timisoara-si-timis\/\">\u0218tiri<\/a><a class=\"tdb-entry-category\" href=\"https:\/\/voceatimisului.ro\/stiri-din-timisoara-si-timis\/educatie\/\">Educa\u021bie<\/a><\/div>\n<\/div>\n<div class=\"td_block_wrap tdb_title tdi_45 tdb-single-title td-pb-border-top td_block_template_1\" data-td-block-uid=\"tdi_45\">\n<div class=\"tdb-block-inner td-fix-index\">\n<h1 class=\"tdb-title-text\">Gr\u0103dini\u021b\u0103 nou\u0103 \u00een Giroc: investi\u021bie de peste 26 de milioane de lei pentru viitorul copiilor<\/h1>\n<\/div>\n<\/div>\n<div class=\"vc_row_inner tdi_48  vc_row vc_inner wpb_row td-pb-row\">\n<div class=\"vc_column_inner tdi_50  wpb_column vc_column_container tdc-inner-column td-pb-span6\">\n<div class=\"vc_column-inner\">\n<div class=\"wpb_wrapper\">\n<div class=\"td_block_wrap tdb_single_author tdi_51 td-pb-border-top td_block_template_1 tdb-post-meta\" data-td-block-uid=\"tdi_51\">\n<div class=\"tdb-block-inner td-fix-index\">\n<div class=\"tdb-author-name-wrap\"><span class=\"tdb-author-by\">Autor-<\/span><a class=\"tdb-author-name\" href=\"https:\/\/voceatimisului.ro\/author\/marta-stirbey\/\">Marta Stirbey<\/a><\/div>\n<\/div>\n<\/div>\n<div class=\"td_block_wrap tdb_single_date tdi_52 td-pb-border-top td_block_template_1 tdb-post-meta\" data-td-block-uid=\"tdi_52\">\n<div class=\"tdb-block-inner td-fix-index\"><time class=\"entry-date updated td-module-date\" datetime=\"2025-05-30T09:09:37+03:00\">30 mai 2025<\/time><\/div>\n<\/div>\n<div class=\"td_block_wrap tdb_single_comments_count tdi_53 td-pb-border-top td_block_template_1 tdb-post-meta\" data-td-block-uid=\"tdi_53\">\n<div class=\"tdb-block-inner td-fix-index\"><a href=\"https:\/\/voceatimisului.ro\/gradinita-noua-in-giroc-investitie-de-peste-26-de-milioane-de-lei-pentru-viitorul-copiilor\/#respond\"><span>0<\/span><\/a><\/div>\n<\/div>\n<div class=\"td_block_wrap tdb_single_post_views tdi_54 td-pb-border-top td_block_template_1 tdb-post-meta\" data-td-block-uid=\"tdi_54\">\n<div class=\"tdb-block-inner td-fix-index\"><span class=\"tdb-add-text\">1<\/span><span class=\"td-nr-views-172443\">450<\/span><\/div>\n<\/div>\n<\/div>\n<\/div>\n<\/div>\n<div class=\"vc_column_inner tdi_56  wpb_column vc_column_container tdc-inner-column td-pb-span6\">\n<div class=\"vc_column-inner\">\n<div class=\"wpb_wrapper\">\n<div class=\"td_block_wrap tdb_single_post_share tdi_57  td-pb-border-top td_block_template_1\" data-td-block-uid=\"tdi_57\">\n<div id=\"tdi_57\" class=\"td-post-sharing tdb-block td-ps-bg td-ps-notext td-post-sharing-style1 \">\n<div class=\"td-post-sharing-visible\"><a class=\"td-social-sharing-button td-social-sharing-button-js td-social-network td-social-facebook\" href=\"https:\/\/www.facebook.com\/sharer.php?u=https%3A%2F%2Fvoceatimisului.ro%2Fgradinita-noua-in-giroc-investitie-de-peste-26-de-milioane-de-lei-pentru-viitorul-copiilor%2F\" title=\"Facebook\" rel=\"noopener\"><\/p>\n<div class=\"td-social-but-text\">Facebook<\/div>\n<p><\/a><a class=\"td-social-sharing-button td-social-sharing-button-js td-social-network td-social-twitter\" href=\"https:\/\/twitter.com\/intent\/tweet?text=Gr%C4%83dini%C8%9B%C4%83+nou%C4%83+%C3%AEn+Giroc%3A+investi%C8%9Bie+de+peste+26+de+milioane+de+lei+pentru+viitorul+copiilor&amp;url=https%3A%2F%2Fvoceatimisului.ro%2Fgradinita-noua-in-giroc-investitie-de-peste-26-de-milioane-de-lei-pentru-viitorul-copiilor%2F&amp;via=Vocea+Timisului\" title=\"Twitter\" rel=\"noopener\"><\/p>\n<div class=\"td-social-but-text\">Twitter<\/div>\n<p><\/a><a class=\"td-social-sharing-button td-social-sharing-button-js td-social-network td-social-pinterest\" href=\"https:\/\/pinterest.com\/pin\/create\/button\/?url=https:\/\/voceatimisului.ro\/gradinita-noua-in-giroc-investitie-de-peste-26-de-milioane-de-lei-pentru-viitorul-copiilor\/&amp;media=https:\/\/voceatimisului.ro\/wp-content\/uploads\/2025\/05\/Gradinita-noua-in-Giroc3.jpg&amp;description=Gr%C4%83dini%C8%9B%C4%83+nou%C4%83+%C3%AEn+Giroc%3A+investi%C8%9Bie+de+peste+26+de+milioane+de+lei+pentru+viitorul+copiilor\" title=\"Pinterest\" rel=\"noopener\"><\/p>\n<div class=\"td-social-but-text\">Pinterest<\/div>\n<p><\/a><a class=\"td-social-sharing-button td-social-sharing-button-js td-social-network td-social-whatsapp\" href=\"https:\/\/api.whatsapp.com\/send?text=Gr%C4%83dini%C8%9B%C4%83+nou%C4%83+%C3%AEn+Giroc%3A+investi%C8%9Bie+de+peste+26+de+milioane+de+lei+pentru+viitorul+copiilor%20%0A%0A%20https:\/\/voceatimisului.ro\/gradinita-noua-in-giroc-investitie-de-peste-26-de-milioane-de-lei-pentru-viitorul-copiilor\/\" title=\"WhatsApp\" rel=\"noopener\"><\/p>\n<div class=\"td-social-but-text\">WhatsApp<\/div>\n<p><\/a><a class=\"td-social-sharing-button td-social-sharing-button-js td-social-network td-social-linkedin\" href=\"https:\/\/www.linkedin.com\/shareArticle?mini=true&amp;url=https:\/\/voceatimisului.ro\/gradinita-noua-in-giroc-investitie-de-peste-26-de-milioane-de-lei-pentru-viitorul-copiilor\/&amp;title=Gr%C4%83dini%C8%9B%C4%83+nou%C4%83+%C3%AEn+Giroc%3A+investi%C8%9Bie+de+peste+26+de+milioane+de+lei+pentru+viitorul+copiilor\" title=\"Linkedin\" rel=\"noopener\"><\/p>\n<div class=\"td-social-but-text\">Linkedin<\/div>\n<p><\/a><a class=\"td-social-sharing-button td-social-sharing-button-js td-social-network td-social-copy_url\" href=\"https:\/\/voceatimisului.ro\/gradinita-noua-in-giroc-investitie-de-peste-26-de-milioane-de-lei-pentru-viitorul-copiilor\/\" title=\"Copy URL\" rel=\"noopener\"><\/p>\n<div class=\"td-social-but-text\">Copy URL<\/div>\n<p><\/a><\/div>\n<\/div>\n<\/div>\n<\/div>\n<\/div>\n<\/div>\n<\/div>\n<div class=\"td_block_wrap tdb_single_featured_image tdi_58 tdb-content-horiz-left td-pb-border-top td_block_template_1\" data-td-block-uid=\"tdi_58\">\n<div class=\"tdb-block-inner td-fix-index\"><img fetchpriority=\"high\" decoding=\"async\" width=\"696\" height=\"392\" class=\"entry-thumb\" src=\"https:\/\/voceatimisului.ro\/wp-content\/uploads\/2025\/05\/Gradinita-noua-in-Giroc3-696x392.jpg\" alt title=\"Gr\u0103dini\u021b\u0103 nou\u0103 \u00een Giroc3\" loading=\"eager\"><\/div>\n<\/div>\n<div class=\"vc_row_inner tdi_60  vc_row vc_inner wpb_row td-pb-row\">\n<div class=\"vc_column_inner tdi_62  wpb_column vc_column_container tdc-inner-column td-pb-span4 td-is-sticky\">\n<div class=\"vc_column-inner\">\n<div class=\"wpb_wrapper\" data-sticky-enabled-on=\"W3RydWUsdHJ1ZSx0cnVlLHRydWVd\" data-sticky-offset=\"20\" data-sticky-is-width-auto=\"W2ZhbHNlLGZhbHNlLGZhbHNlLGZhbHNlXQ==\">\n<div class=\"td_block_wrap td_flex_block_1 tdi_63 td-pb-border-top td_block_template_1 td_ajax_preloading_preload td_flex_block\" data-td-block-uid=\"tdi_63\">\n<div id=\"tdi_63\" class=\"td_block_inner td-mc1-wrap\">\n<div class=\"td_module_flex td_module_flex_1 td_module_wrap td-animation-stack td-meta-info-hide td-cpt-post\">\n<div class=\"td-module-container td-category-pos-image\">\n<div class=\"td-module-meta-info\">\n<h3 class=\"entry-title td-module-title\"><a href=\"https:\/\/voceatimisului.ro\/targul-de-craciun-giroc-2025-artisti-cunoscuti-in-programul-spectacolelor-gratuite\/\" rel=\"bookmark\" title=\"T\u00e2rgul de Cr\u0103ciun Giroc 2025, arti\u0219ti cunoscu\u021bi \u00een programul spectacolelor gratuite\">T\u00e2rgul de Cr\u0103ciun Giroc 2025, arti\u0219ti cunoscu\u021bi \u00een programul spectacolelor gratuite<\/a><\/h3>\n<\/div>\n<\/div>\n<\/div>\n<div class=\"td_module_flex td_module_flex_1 td_module_wrap td-animation-stack td-meta-info-hide td-cpt-post\">\n<div class=\"td-module-container td-category-pos-image\">\n<div class=\"td-module-meta-info\">\n<h3 class=\"entry-title td-module-title\"><a href=\"https:\/\/voceatimisului.ro\/targ-caritabil-la-gpp-giroc-pentru-sustinerea-terapiilor-unui-copil-si-modernizarea-curtii\/\" rel=\"bookmark\" title=\"T\u00e2rg caritabil la GPP Giroc pentru sus\u021binerea terapiilor unui copil \u0219i modernizarea cur\u021bii\">T\u00e2rg caritabil la GPP Giroc pentru sus\u021binerea terapiilor unui copil \u0219i modernizarea cur\u021bii<\/a><\/h3>\n<\/div>\n<\/div>\n<\/div>\n<div class=\"td_module_flex td_module_flex_1 td_module_wrap td-animation-stack td-meta-info-hide td-cpt-post\">\n<div class=\"td-module-container td-category-pos-image\">\n<div class=\"td-module-meta-info\">\n<h3 class=\"entry-title td-module-title\"><a href=\"https:\/\/voceatimisului.ro\/festivalul-ceaunul-chisozean-ajunge-la-editia-a-vi-a\/\" rel=\"bookmark\" title=\"Festivalul \u201eCeaunul Chi\u0219ozean\u201d ajunge la edi\u021bia a VI-a\">Festivalul \u201eCeaunul Chi\u0219ozean\u201d ajunge la edi\u021bia a VI-a<\/a><\/h3>\n<\/div>\n<\/div>\n<\/div>\n<div class=\"td_module_flex td_module_flex_1 td_module_wrap td-animation-stack td-meta-info-hide td-cpt-post\">\n<div class=\"td-module-container td-category-pos-image\">\n<div class=\"td-module-meta-info\">\n<h3 class=\"entry-title td-module-title\"><a href=\"https:\/\/voceatimisului.ro\/10-milioane-de-lei-pentru-eco-administratie-primaria-giroc-devine-model-verde-in-colaborare-cu-serbia\/\" rel=\"bookmark\" title=\"10 milioane de lei pentru \u201eEco-Administra\u021bie\u201d \u2013 Prim\u0103ria Giroc devine model verde \u00een colaborare cu Serbia\">10 milioane de lei pentru \u201eEco-Administra\u021bie\u201d \u2013 Prim\u0103ria Giroc devine model verde \u00een colaborare cu Serbia<\/a><\/h3>\n<\/div>\n<\/div>\n<\/div>\n<\/div>\n<\/div>\n<div class=\"tdb-author-box td_block_wrap tdb_single_author_box tdi_68 tdb-content-vert-top td-pb-border-top td_block_template_1\" data-td-block-uid=\"tdi_68\">\n<div class=\"tdb-block-inner td-fix-index\">\n<div class=\"tdb-author-info\"><a href=\"https:\/\/voceatimisului.ro\/author\/marta-stirbey\/\" class=\"tdb-author-name\">Marta Stirbey<\/a><\/p>\n<div class=\"tdb-author-descr\">\u00centreaga responsabilitate a comentariilor l\u0103sate de dumneavoastr\u0103 v\u0103 apar\u021bine!<br \/>\nClick <a href=\"https:\/\/voceatimisului.ro\/termeni-si-conditii\/\">aici<\/a>-citeste condi\u0163iile de utilizare ale site-ului www.voceatimisului.ro<\/div>\n<\/div>\n<\/div>\n<\/div>\n<\/div>\n<\/div>\n<\/div>\n<div class=\"vc_column_inner tdi_70  wpb_column vc_column_container tdc-inner-column td-pb-span8\">\n<div class=\"vc_column-inner\">\n<div class=\"wpb_wrapper\">\n<div class=\"td_block_wrap tdb_single_content tdi_71 td-pb-border-top td_block_template_1 td-post-content tagdiv-type\" data-td-block-uid=\"tdi_71\">\n<div class=\"tdb-block-inner td-fix-index\">\n<h5 class=\"wp-block-heading\">Prim\u0103ria Comunei Giroc a semnat autoriza\u021bia de construire pentru o gr\u0103dini\u021b\u0103 modern\u0103 cu regim de \u00een\u0103l\u021bime P+1, ce va fi amplasat\u0103 \u00een zona UM. Proiectul, cu o valoare total\u0103 de <strong>26.627.897,03 lei<\/strong>, vizeaz\u0103 realizarea unei unit\u0103\u021bi de \u00eenv\u0103\u021b\u0103m\u00e2nt pre\u0219colar la standarde europene, cu o suprafa\u021b\u0103 util\u0103 de <strong>1.935 mp<\/strong>.<\/h5>\n<p>Gr\u0103dini\u021ba va dispune de:<\/p>\n<p><strong>La parter:<\/strong><\/p>\n<ul class=\"wp-block-list\">\n<li>4 s\u0103li de grup\u0103 cu dormitoare<\/li>\n<li>Grupuri sanitare<\/li>\n<li>Sal\u0103 de mese, buc\u0103t\u0103rie \u0219i anexe<\/li>\n<li>Cabinet medical, izolator \u0219i sal\u0103 de tratament<\/li>\n<li>Spa\u021bii tehnice \u0219i auxiliare<\/li>\n<\/ul>\n<p><strong>La etaj:<\/strong><\/p>\n<ul class=\"wp-block-list\">\n<li>Alte 4 s\u0103li de grup\u0103 cu dormitoare<\/li>\n<li>Grupuri sanitare \u0219i spa\u021bii administrative<\/li>\n<li>Zone pentru lenjerie \u0219i cur\u0103\u021benie<\/li>\n<\/ul>\n<p>Curtea va include un <strong>loc de joac\u0103<\/strong>, <strong>zone verzi<\/strong> \u0219i <strong>parcare<\/strong>.<\/p>\n<p>Autoriza\u021bia de construire a fost emis\u0103 pe <strong>29 aprilie 2025<\/strong>, iar proiectul va fi depus spre finan\u021bare prin <strong>Programul Regional Vest 2021\u20132027<\/strong>, m\u0103sura 6.1A \u2013 Gr\u0103dini\u021be.<\/p>\n<p>\u201eInvestim \u00een educa\u021bie, \u00een viitor \u0219i \u00een binele copiilor no\u0219tri\u201d, transmit reprezentan\u021bii administra\u021biei locale.<\/p>\n<figure class=\"wp-block-gallery has-nested-images columns-default is-cropped wp-block-gallery-1 is-layout-flex wp-block-gallery-is-layout-flex\">\n<div><a href=\"https:\/\/voceatimisului.ro\/wp-content\/uploads\/2025\/05\/Gradinita-noua-in-Giroc1-1024x576.jpg\" class=\"td-modal-image\"><\/p>\n<figure class=\"wp-block-image size-large\"><img decoding=\"async\" width=\"1024\" height=\"576\" data-id=\"172447\" src=\"https:\/\/voceatimisului.ro\/wp-content\/uploads\/2025\/05\/Gradinita-noua-in-Giroc1-1024x576.jpg\" alt=\"Gr\u0103dini\u021b\u0103 nou\u0103 \u00een Giroc: investi\u021bie de peste 26 de milioane de lei pentru viitorul copiilor\" class=\"wp-image-172447\" loading=\"lazy\"><\/figure>\n<p><\/a><\/div>\n<figure class=\"wp-block-image size-large\"><img decoding=\"async\" width=\"1024\" height=\"576\" data-id=\"172446\" src=\"https:\/\/voceatimisului.ro\/wp-content\/uploads\/2025\/05\/Gradinita-noua-in-Giroc3-1024x576.jpg\" alt=\"Gr\u0103dini\u021b\u0103 nou\u0103 \u00een Giroc: investi\u021bie de peste 26 de milioane de lei pentru viitorul copiilor\" class=\"wp-image-172446\" loading=\"lazy\"><\/figure>\n<figure class=\"wp-block-image size-large\"><img decoding=\"async\" width=\"1024\" height=\"509\" data-id=\"172445\" src=\"https:\/\/voceatimisului.ro\/wp-content\/uploads\/2025\/05\/Gradinita-noua-in-Giroc2-1024x509.jpg\" alt=\"Gr\u0103dini\u021b\u0103 nou\u0103 \u00een Giroc: investi\u021bie de peste 26 de milioane de lei pentru viitorul copiilor\" class=\"wp-image-172445\" loading=\"lazy\"><\/figure>\n<\/figure>\n<\/div>\n<\/div>\n<div class=\"td_block_wrap tdb_single_tags tdi_74 td-pb-border-top td_block_template_1\" data-td-block-uid=\"tdi_74\">\n<div class=\"tdb-block-inner td-fix-index\">\n<ul class=\"tdb-tags\">\n<li><span>Tags<\/span><\/li>\n<li><a href=\"https:\/\/voceatimisului.ro\/tag\/dan-virtosu\/\">dan virtosu<\/a><\/li>\n<li><a href=\"https:\/\/voceatimisului.ro\/tag\/gradinita-in-giroc\/\">gradinita in giroc<\/a><\/li>\n<li><a href=\"https:\/\/voceatimisului.ro\/tag\/primaria-giroc\/\">primaria giroc<\/a><\/li>\n<\/ul>\n<\/div>\n<\/div>\n<div class=\"td_block_wrap tdb_single_post_share tdi_75  td-pb-border-top td_block_template_1\" data-td-block-uid=\"tdi_75\">\n<div id=\"tdi_75\" class=\"td-post-sharing tdb-block td-ps-bg td-ps-notext td-post-sharing-style1 \">\n<div class=\"td-post-sharing-visible\"><a class=\"td-social-sharing-button td-social-sharing-button-js td-social-network td-social-facebook\" href=\"https:\/\/www.facebook.com\/sharer.php?u=https%3A%2F%2Fvoceatimisului.ro%2Fgradinita-noua-in-giroc-investitie-de-peste-26-de-milioane-de-lei-pentru-viitorul-copiilor%2F\" title=\"Facebook\" rel=\"noopener\"><\/p>\n<div class=\"td-social-but-text\">Facebook<\/div>\n<p><\/a><a class=\"td-social-sharing-button td-social-sharing-button-js td-social-network td-social-twitter\" href=\"https:\/\/twitter.com\/intent\/tweet?text=Gr%C4%83dini%C8%9B%C4%83+nou%C4%83+%C3%AEn+Giroc%3A+investi%C8%9Bie+de+peste+26+de+milioane+de+lei+pentru+viitorul+copiilor&amp;url=https%3A%2F%2Fvoceatimisului.ro%2Fgradinita-noua-in-giroc-investitie-de-peste-26-de-milioane-de-lei-pentru-viitorul-copiilor%2F&amp;via=Vocea+Timisului\" title=\"Twitter\" rel=\"noopener\"><\/p>\n<div class=\"td-social-but-text\">Twitter<\/div>\n<p><\/a><a class=\"td-social-sharing-button td-social-sharing-button-js td-social-network td-social-pinterest\" href=\"https:\/\/pinterest.com\/pin\/create\/button\/?url=https:\/\/voceatimisului.ro\/gradinita-noua-in-giroc-investitie-de-peste-26-de-milioane-de-lei-pentru-viitorul-copiilor\/&amp;media=https:\/\/voceatimisului.ro\/wp-content\/uploads\/2025\/05\/Gradinita-noua-in-Giroc3.jpg&amp;description=Gr%C4%83dini%C8%9B%C4%83+nou%C4%83+%C3%AEn+Giroc%3A+investi%C8%9Bie+de+peste+26+de+milioane+de+lei+pentru+viitorul+copiilor\" title=\"Pinterest\" rel=\"noopener\"><\/p>\n<div class=\"td-social-but-text\">Pinterest<\/div>\n<p><\/a><a class=\"td-social-sharing-button td-social-sharing-button-js td-social-network td-social-whatsapp\" href=\"https:\/\/api.whatsapp.com\/send?text=Gr%C4%83dini%C8%9B%C4%83+nou%C4%83+%C3%AEn+Giroc%3A+investi%C8%9Bie+de+peste+26+de+milioane+de+lei+pentru+viitorul+copiilor%20%0A%0A%20https:\/\/voceatimisului.ro\/gradinita-noua-in-giroc-investitie-de-peste-26-de-milioane-de-lei-pentru-viitorul-copiilor\/\" title=\"WhatsApp\" rel=\"noopener\"><\/p>\n<div class=\"td-social-but-text\">WhatsApp<\/div>\n<p><\/a><a class=\"td-social-sharing-button td-social-sharing-button-js td-social-network td-social-linkedin\" href=\"https:\/\/www.linkedin.com\/shareArticle?mini=true&amp;url=https:\/\/voceatimisului.ro\/gradinita-noua-in-giroc-investitie-de-peste-26-de-milioane-de-lei-pentru-viitorul-copiilor\/&amp;title=Gr%C4%83dini%C8%9B%C4%83+nou%C4%83+%C3%AEn+Giroc%3A+investi%C8%9Bie+de+peste+26+de+milioane+de+lei+pentru+viitorul+copiilor\" title=\"Linkedin\" rel=\"noopener\"><\/p>\n<div class=\"td-social-but-text\">Linkedin<\/div>\n<p><\/a><a class=\"td-social-sharing-button td-social-sharing-button-js td-social-network td-social-copy_url\" href=\"https:\/\/voceatimisului.ro\/gradinita-noua-in-giroc-investitie-de-peste-26-de-milioane-de-lei-pentru-viitorul-copiilor\/\" title=\"Copy URL\" rel=\"noopener\"><\/p>\n<div class=\"td-social-but-text\">Copy URL<\/div>\n<p><\/a><\/div>\n<\/div>\n<\/div>\n<div class=\"td_block_wrap tdb_single_next_prev tdi_76 td-animation-stack td-next-prev-img-on td-pb-border-top td_block_template_1\" data-td-block-uid=\"tdi_76\">\n<div class=\"tdb-block-inner td-fix-index\">\n<div class=\"tdb-next-post tdb-next-post-bg tdb-post-prev\"><span>Articolul precedent<\/span><\/p>\n<div class=\"td-module-container\">\n<div class=\"td-image-container\"><a class=\"td-image-wrap\" href=\"https:\/\/voceatimisului.ro\/timisoara-devine-capitala-culturii-balcanice-banaton-fest-transforma-orasul-intr-o-sarbatoare-a-diversitatii\/\"><img loading=\"lazy\" decoding=\"async\" class=\"td-next-prev-image td-fix-index td-lazy-img\" title=\"Timi\u0219oara devine capitala culturii balcanice: Banaton Fest transform\u0103 ora\u0219ul \u00eentr-o s\u0103rb\u0103toare a diversit\u0103\u021bii\" width=\"696\" height=\"696\" src=\"https:\/\/voceatimisului.ro\/wp-content\/uploads\/2025\/05\/Banaton-Fest-696x696.jpg\"><\/a><\/div>\n<div class=\"next-prev-title\"><a href=\"https:\/\/voceatimisului.ro\/timisoara-devine-capitala-culturii-balcanice-banaton-fest-transforma-orasul-intr-o-sarbatoare-a-diversitatii\/\">Timi\u0219oara devine capitala culturii balcanice: Banaton Fest transform\u0103 ora\u0219ul \u00eentr-o s\u0103rb\u0103toare a diversit\u0103\u021bii<\/a><\/div>\n<\/div>\n<\/div>\n<div class=\"tdb-next-post tdb-next-post-bg tdb-post-next\"><span>Articolul urm\u0103tor<\/span><\/p>\n<div class=\"td-module-container\">\n<div class=\"td-image-container\"><a class=\"td-image-wrap\" href=\"https:\/\/voceatimisului.ro\/doua-seri-de-muzica-live-la-bastionul-theresia-olivia-addams-si-trupa-choarda-libera-urca-pe-scena\/\"><img loading=\"lazy\" decoding=\"async\" class=\"td-next-prev-image td-fix-index td-lazy-img\" title=\"Dou\u0103 seri de muzic\u0103 live la Bastionul Theresia: Olivia Addams \u0219i trupa Choarda Liber\u0103 urc\u0103 pe scen\u0103\" width=\"696\" height=\"696\" src=\"https:\/\/voceatimisului.ro\/wp-content\/uploads\/2025\/05\/Bastionul-Theresia2-696x696.jpg\"><\/a><\/div>\n<div class=\"next-prev-title\"><a href=\"https:\/\/voceatimisului.ro\/doua-seri-de-muzica-live-la-bastionul-theresia-olivia-addams-si-trupa-choarda-libera-urca-pe-scena\/\">Dou\u0103 seri de muzic\u0103 live la Bastionul Theresia: Olivia Addams \u0219i trupa Choarda Liber\u0103 urc\u0103 pe scen\u0103<\/a><\/div>\n<\/div>\n<\/div>\n<\/div>\n<\/div>\n<\/div>\n<\/div>\n<\/div>\n<\/div>\n<div class=\"vc_row_inner tdi_86  vc_row vc_inner wpb_row td-pb-row\">\n<div class=\"vc_column_inner tdi_88  wpb_column vc_column_container tdc-inner-column td-pb-span4 td-is-sticky\">\n<div class=\"vc_column-inner\">\n<div class=\"wpb_wrapper\" data-sticky-enabled-on=\"W3RydWUsdHJ1ZSx0cnVlLHRydWVd\" data-sticky-offset=\"20\" data-sticky-is-width-auto=\"W2ZhbHNlLGZhbHNlLGZhbHNlLGZhbHNlXQ==\">\n<div class=\"td_block_wrap tdb_single_related tdi_89 td_with_ajax_pagination td-pb-border-top td_block_template_1 tdb-single-related-posts\" data-td-block-uid=\"tdi_89\">\n<div id=\"tdi_89\" class=\"td_block_inner tdb-block-inner td-fix-index\">\n<div class=\"tdb_module_related td_module_wrap td-animation-stack td-meta-info-hide\">\n<div class=\"td-module-container td-category-pos-image\">\n<div class=\"td-module-meta-info\">\n<h3 class=\"entry-title td-module-title\"><a href=\"https:\/\/voceatimisului.ro\/deparazitare-la-giroc-si-chisoda-pe-14-iulie-acces-interzis-temporar-in-parcuri-si-locuri-de-joaca\/\" rel=\"bookmark\" title=\"Deparazitare la Giroc \u0219i Chi\u0219oda pe 14 iulie. Acces interzis temporar \u00een parcuri \u0219i locuri de joac\u0103\">Deparazitare la Giroc \u0219i Chi\u0219oda pe 14 iulie. Acces interzis temporar \u00een parcuri \u0219i locuri de joac\u0103<\/a><\/h3>\n<\/div>\n<\/div>\n<\/div>\n<div class=\"tdb_module_related td_module_wrap td-animation-stack td-meta-info-hide\">\n<div class=\"td-module-container td-category-pos-image\">\n<div class=\"td-module-meta-info\">\n<h3 class=\"entry-title td-module-title\"><a href=\"https:\/\/voceatimisului.ro\/in-memoriam-ionel-lucian-sipos-girocul-celebreaza-dansul-popular-la-a-v-a-editie-a-festivalului-care-i-poarta-numele\/\" rel=\"bookmark\" title=\"\u00cen memoriam Ionel Lucian \u0218ipo\u0219: Girocul celebreaz\u0103 dansul popular la a V-a edi\u021bie a festivalului care-i poart\u0103 numele\">\u00cen memoriam Ionel Lucian \u0218ipo\u0219: Girocul celebreaz\u0103 dansul popular la a V-a edi\u021bie a festivalului care-i poart\u0103 numele<\/a><\/h3>\n<\/div>\n<\/div>\n<\/div>\n<div class=\"tdb_module_related td_module_wrap td-animation-stack td-meta-info-hide\">\n<div class=\"td-module-container td-category-pos-image\">\n<div class=\"td-module-meta-info\">\n<h3 class=\"entry-title td-module-title\"><a href=\"https:\/\/voceatimisului.ro\/a-inceput-primul-recensamant-online-al-cainilor-cu-stapan-din-comuna-giroc\/\" rel=\"bookmark\" title=\"A \u00eenceput primul recens\u0103m\u00e2nt online al c\u00e2inilor cu st\u0103p\u00e2n din Comuna Giroc\">A \u00eenceput primul recens\u0103m\u00e2nt online al c\u00e2inilor cu st\u0103p\u00e2n din Comuna Giroc<\/a><\/h3>\n<\/div>\n<\/div>\n<\/div>\n<\/div>\n<\/div>\n<\/div>\n<\/div>\n<\/div>\n<div class=\"vc_column_inner tdi_91  wpb_column vc_column_container tdc-inner-column td-pb-span8\">\n<div class=\"vc_column-inner\">\n<div class=\"wpb_wrapper\">\n<div class=\"td_block_wrap tdb_single_comments tdi_92 tdb-comm-layout2 td-pb-border-top td_block_template_2\" data-td-block-uid=\"tdi_92\">\n<div class=\"tdb-block-inner td-fix-index\">\n<div class=\"comments\" id=\"comments\">\n<div id=\"respond\" class=\"comment-respond\">\n<h3 id=\"reply-title\" class=\"comment-reply-title\">L\u0102SA\u021aI UN MESAJ <small><a rel=\"nofollow\" id=\"cancel-comment-reply-link\" href=\"https:\/\/voceatimisului.ro\/gradinita-noua-in-giroc-investitie-de-peste-26-de-milioane-de-lei-pentru-viitorul-copiilor\/#respond\">Renun\u021ba\u021bi la r\u0103spuns<\/a><\/small><\/h3>\n<div class=\"comment-form-input-wrap td-form-comment\">\n<div class=\"td-warning-comment\">V\u0103 rug\u0103m s\u0103 introduce\u021bi comentariul dvs.!<\/div>\n<\/div>\n<div class=\"comment-form-input-wrap td-form-author\">\n<div class=\"td-warning-author\">Introduce\u021bi aici numele dvs.<\/div>\n<\/div>\n<div class=\"comment-form-input-wrap td-form-email\">\n<div class=\"td-warning-email-error\">A\u021bi introdus o adres\u0103 de e-mail incorect\u0103!<\/div>\n<div class=\"td-warning-email\">V\u0103 rug\u0103m s\u0103 introduce\u021bi adresa dvs. de e-mail aici<\/div>\n<\/div>\n<\/div>\n<\/div>\n<\/div>\n<\/div>\n<\/div>\n<\/div>\n<\/div>\n<\/div>\n<\/div>\n<\/div>\n<div class=\"vc_column tdi_94  wpb_column vc_column_container tdc-column td-pb-span4 td-is-sticky\">\n<div class=\"wpb_wrapper\" data-sticky-enabled-on=\"W3RydWUsdHJ1ZSx0cnVlLHRydWVd\" data-sticky-offset=\"20\" data-sticky-is-width-auto=\"W2ZhbHNlLGZhbHNlLGZhbHNlLGZhbHNlXQ==\">\n<div class=\"vc_row_inner tdi_96  vc_row vc_inner wpb_row td-pb-row\">\n<div class=\"vc_column_inner tdi_98  wpb_column vc_column_container tdc-inner-column td-pb-span12\">\n<div class=\"vc_column-inner\">\n<div class=\"wpb_wrapper\">\n<div class=\"td_block_wrap td_block_title tdi_99 td-pb-border-top td_block_template_11 td-fix-index\" data-td-block-uid=\"tdi_99\">\n<div class=\"td-block-title-wrap\">\n<h4 class=\"td-block-title\"><span class=\"td-pulldown-size\">ANUN\u021aURI \u0218I PUBLICITATE<\/span><\/h4>\n<\/div>\n<\/div>\n<\/div>\n<\/div>\n<\/div>\n<\/div>\n<div class=\"wpb_wrapper td_block_wrap vc_widget_sidebar tdi_101 \">\n<aside id=\"block-10\" class=\"td_block_template_1 widget block-10 widget_block widget_media_image\">\n<figure class=\"wp-block-image size-full\"><a href=\"https:\/\/adpghiroda.ro\/index.html\" target=\"_blank\" rel=\" noreferrer noopener\"><img decoding=\"async\" loading=\"eager\" width=\"960\" height=\"960\" src=\"https:\/\/voceatimisului.ro\/wp-content\/uploads\/2025\/03\/ADP-Ghiroda2.jpg\" alt class=\"wp-image-171492\"><\/a><\/figure>\n<\/aside>\n<aside id=\"block-11\" class=\"td_block_template_1 widget block-11 widget_block widget_media_image\">\n<figure class=\"wp-block-image size-full\"><a href=\"https:\/\/adpghiroda.ro\/index.html\" target=\"_blank\" rel=\" noreferrer noopener\"><img decoding=\"async\" loading=\"eager\" width=\"960\" height=\"960\" src=\"https:\/\/voceatimisului.ro\/wp-content\/uploads\/2025\/03\/ADP-Ghiroda1.jpg\" alt class=\"wp-image-171491\"><\/a><\/figure>\n<\/aside>\n<aside id=\"block-17\" class=\"td_block_template_1 widget block-17 widget_block widget_media_image\">\n<figure class=\"wp-block-image size-large is-resized\"><a href=\"https:\/\/verde.events\/\" target=\"_blank\" rel=\" noreferrer noopener\"><img decoding=\"async\" loading=\"lazy\" width=\"1024\" height=\"683\" src=\"https:\/\/voceatimisului.ro\/wp-content\/uploads\/2025\/08\/Verde-Events-24-1024x683.jpg\" alt=\"Verde Events\" class=\"wp-image-174395\"><\/a><figcaption class=\"wp-element-caption\"><strong><em>O experien\u021b\u0103 unic\u0103 pentru orice tip de eveniment<\/em><\/strong><\/figcaption><\/figure>\n<\/aside>\n<\/div>\n<div class=\"td_block_wrap td_flex_block_1 tdi_107 td-pb-border-top td_block_template_1 td_ajax_preloading_preload td_flex_block\" data-td-block-uid=\"tdi_107\">\n<div id=\"tdi_107\" class=\"td_block_inner td-mc1-wrap\">\n<div class=\"td_module_flex td_module_flex_1 td_module_wrap td-animation-stack td-meta-info-hide td-cpt-post\">\n<div class=\"td-module-container td-category-pos-image\">\n<div class=\"td-module-meta-info\">\n<h3 class=\"entry-title td-module-title\"><a href=\"https:\/\/voceatimisului.ro\/complexul-sportiv-multifunctional-timis-4-all-mai-aproape-de-realitate-studiul-de-fezabilitate-scos-la-licitatie\/\" rel=\"bookmark\" title=\"Complexul Sportiv Multifunc\u021bional \u201eTimi\u0219 4 All\u201d, mai aproape de realitate: Studiul de fezabilitate, scos la licita\u021bie\">Complexul Sportiv Multifunc\u021bional \u201eTimi\u0219 4 All\u201d, mai aproape de realitate: Studiul de fezabilitate, scos la licita\u021bie<\/a><\/h3>\n<\/div>\n<\/div>\n<\/div>\n<div class=\"td_module_flex td_module_flex_1 td_module_wrap td-animation-stack td-meta-info-hide td-cpt-post\">\n<div class=\"td-module-container td-category-pos-image\">\n<div class=\"td-module-meta-info\">\n<h3 class=\"entry-title td-module-title\"><a href=\"https:\/\/voceatimisului.ro\/amatorism-public-administratia-giroc-cauta-solutii-disperate-si-gratuite-pentru-corectarea-exceselor-de-putere-impuse-ilegal-in-materie-de-urbanism\/\" rel=\"bookmark\" title=\"Amatorism public! Administra\u021bia Giroc caut\u0103 solu\u021bii disperate \u0219i gratuite pentru corectarea exceselor de putere, impuse ilegal, \u00een materie de urbanism\u00a0\">Amatorism public! Administra\u021bia Giroc caut\u0103 solu\u021bii disperate \u0219i gratuite pentru corectarea exceselor de putere, impuse ilegal, \u00een materie de urbanism\u00a0<\/a><\/h3>\n<\/div>\n<\/div>\n<\/div>\n<div class=\"td_module_flex td_module_flex_1 td_module_wrap td-animation-stack td-meta-info-hide td-cpt-post\">\n<div class=\"td-module-container td-category-pos-image\">\n<div class=\"td-module-meta-info\">\n<h3 class=\"entry-title td-module-title\"><a href=\"https:\/\/voceatimisului.ro\/efect-de-bumerang-primaria-giroc-se-pregateste-sa-plateasca-despagubiri-de-milioane-de-euro-in-cazul-unor-abuzuri-imobiliare-fara-precedent\/\" rel=\"bookmark\" title=\"Efect de bumerang! Prim\u0103ria Giroc se preg\u0103te\u0219te s\u0103 pl\u0103teasc\u0103 desp\u0103gubiri de milioane de euro, \u00een cazul unor abuzuri imobiliare, f\u0103r\u0103 precedent\">Efect de bumerang! Prim\u0103ria Giroc se preg\u0103te\u0219te s\u0103 pl\u0103teasc\u0103 desp\u0103gubiri de milioane de euro, \u00een cazul unor abuzuri imobiliare, f\u0103r\u0103 precedent<\/a><\/h3>\n<\/div>\n<\/div>\n<\/div>\n<div class=\"td_module_flex td_module_flex_1 td_module_wrap td-animation-stack td-meta-info-hide td-cpt-post\">\n<div class=\"td-module-container td-category-pos-image\">\n<div class=\"td-module-meta-info\">\n<h3 class=\"entry-title td-module-title\"><a href=\"https:\/\/voceatimisului.ro\/sub-lupa-primaria-giroc-i-a-surprins-din-nou-pe-profesionistii-de-la-d-g-a-timis-cand-isi-evacuau-tehnica-cu-ajutorul-secretarei-carmina-mateia\/\" rel=\"bookmark\" title=\"Sub lup\u0103! Prim\u0103ria Giroc i-a surprins, din nou, pe profesioni\u0219tii de la D.G.A Timi\u0219, c\u00e2nd \u00ee\u0219i evacuau tehnica, cu ajutorul secretarei Carmina Mateia\">Sub lup\u0103! Prim\u0103ria Giroc i-a surprins, din nou, pe profesioni\u0219tii de la D.G.A Timi\u0219, c\u00e2nd \u00ee\u0219i evacuau tehnica, cu ajutorul secretarei Carmina Mateia<\/a><\/h3>\n<\/div>\n<\/div>\n<\/div>\n<div class=\"td_module_flex td_module_flex_1 td_module_wrap td-animation-stack td-meta-info-hide td-cpt-post\">\n<div class=\"td-module-container td-category-pos-image\">\n<div class=\"td-module-meta-info\">\n<h3 class=\"entry-title td-module-title\"><a href=\"https:\/\/voceatimisului.ro\/noaptea-ca-hotii-secretara-primariei-giroc-a-inlesnit-accesul-in-institutie-unor-necunoscuti-care-aveau-capetele-si-fetele-acoperite-ca-sa-faca-inventarul-prin-biroul-viceprimarului-dan-virtosu\/\" rel=\"bookmark\" title=\"Noaptea, ca ho\u021bii! Secretara Prim\u0103riei Giroc a \u00eenlesnit accesul \u00een institu\u021bie unor necunoscu\u021bi, care aveau capetele \u0219i fe\u021bele acoperite, ca s\u0103 fac\u0103 inventarul prin biroul viceprimarului Dan V\u00eertosu\u00a0\">Noaptea, ca ho\u021bii! Secretara Prim\u0103riei Giroc a \u00eenlesnit accesul \u00een institu\u021bie unor necunoscu\u021bi, care aveau capetele \u0219i fe\u021bele acoperite, ca s\u0103 fac\u0103 inventarul prin&#8230;<\/a><\/h3>\n<\/div>\n<\/div>\n<\/div>\n<\/div>\n<\/div>\n<\/div>\n<\/div>\n<\/div>\n<\/div>\n<\/div>\n<\/div>\n<p><span class=\"td-page-meta\"><\/span><span class=\"td-page-meta\"><span class=\"td-page-meta\"><\/span><\/span><span class=\"td-page-meta\"><\/span><\/article>\n<p> Source URL: https:\/\/voceatimisului.ro\/gradinita-noua-in-giroc-investitie-de-peste-26-de-milioane-de-lei-pentru-viitorul-copiilor\/<\/p>\n","protected":false},"excerpt":{"rendered":"<p>\u0218tiriEduca\u021bie Gr\u0103dini\u021b\u0103 nou\u0103 \u00een Giroc: investi\u021bie de peste 26 de milioane de lei pentru viitorul copiilor Autor-Marta Stirbey 30 mai 2025 0 1450 Facebook Twitter Pinterest WhatsApp Linkedin Copy URL T\u00e2rgul de Cr\u0103ciun Giroc 2025, arti\u0219ti cunoscu\u021bi \u00een programul spectacolelor gratuite T\u00e2rg caritabil la GPP Giroc pentru sus\u021binerea terapiilor unui copil \u0219i modernizarea cur\u021bii Festivalul [&hellip;]<\/p>\n","protected":false},"author":1,"featured_media":0,"comment_status":"open","ping_status":"","sticky":false,"template":"","format":"standard","meta":{"footnotes":""},"categories":[89],"tags":[199],"class_list":["post-1053731","post","type-post","status-publish","format-standard","hentry","category-romania","tag-voceatimisului-ro"],"_links":{"self":[{"href":"https:\/\/analyse.optim.biz\/index.php?rest_route=\/wp\/v2\/posts\/1053731","targetHints":{"allow":["GET"]}}],"collection":[{"href":"https:\/\/analyse.optim.biz\/index.php?rest_route=\/wp\/v2\/posts"}],"about":[{"href":"https:\/\/analyse.optim.biz\/index.php?rest_route=\/wp\/v2\/types\/post"}],"author":[{"embeddable":true,"href":"https:\/\/analyse.optim.biz\/index.php?rest_route=\/wp\/v2\/users\/1"}],"replies":[{"embeddable":true,"href":"https:\/\/analyse.optim.biz\/index.php?rest_route=%2Fwp%2Fv2%2Fcomments&post=1053731"}],"version-history":[{"count":0,"href":"https:\/\/analyse.optim.biz\/index.php?rest_route=\/wp\/v2\/posts\/1053731\/revisions"}],"wp:attachment":[{"href":"https:\/\/analyse.optim.biz\/index.php?rest_route=%2Fwp%2Fv2%2Fmedia&parent=1053731"}],"wp:term":[{"taxonomy":"category","embeddable":true,"href":"https:\/\/analyse.optim.biz\/index.php?rest_route=%2Fwp%2Fv2%2Fcategories&post=1053731"},{"taxonomy":"post_tag","embeddable":true,"href":"https:\/\/analyse.optim.biz\/index.php?rest_route=%2Fwp%2Fv2%2Ftags&post=1053731"}],"curies":[{"name":"wp","href":"https:\/\/api.w.org\/{rel}","templated":true}]}}