{"id":1053728,"date":"2025-06-23T08:54:25","date_gmt":"2025-06-23T05:54:25","guid":{"rendered":"https:\/\/analyse.optim.biz\/?p=1053728"},"modified":"2025-06-23T08:54:25","modified_gmt":"2025-06-23T05:54:25","slug":"furt-din-banii-europeni-in-numele-educatiei-functionare-de-la-universitatea-politehnica-timisoara-trimise-in-judecata-de-dna","status":"publish","type":"post","link":"https:\/\/analyse.optim.biz\/?p=1053728","title":{"rendered":"Furt din banii europeni, \u00een numele educa\u021biei: func\u021bionare de la Universitatea Politehnica Timi\u0219oara, trimise \u00een judecat\u0103 de DNA"},"content":{"rendered":"<article id=\"template-id-172790\" class=\"post-172790 tdb_templates type-tdb_templates status-publish post\">\n<div id=\"tdi_38\" class=\"tdc-zone\">\n<div class=\"tdc_zone tdi_39  wpb_row td-pb-row\">\n<div id=\"tdi_40\" class=\"tdc-row stretch_row_1400 td-stretch-content\">\n<div class=\"vc_row tdi_41  wpb_row td-pb-row tdc-element-style\">\n<div class=\"vc_column tdi_43  wpb_column vc_column_container tdc-column td-pb-span8\">\n<div class=\"wpb_wrapper\">\n<div class=\"td_block_wrap tdb_single_categories tdi_44 td-pb-border-top td_block_template_1 \" data-td-block-uid=\"tdi_44\">\n<div class=\"tdb-category td-fix-index\"><a class=\"tdb-entry-category\" href=\"https:\/\/voceatimisului.ro\/stiri-din-timisoara-si-timis\/\">\u0218tiri<\/a><a class=\"tdb-entry-category\" href=\"https:\/\/voceatimisului.ro\/stiri-din-timisoara-si-timis\/educatie\/\">Educa\u021bie<\/a><\/div>\n<\/div>\n<div class=\"td_block_wrap tdb_title tdi_45 tdb-single-title td-pb-border-top td_block_template_1\" data-td-block-uid=\"tdi_45\">\n<div class=\"tdb-block-inner td-fix-index\">\n<h1 class=\"tdb-title-text\">Furt din banii europeni, \u00een numele educa\u021biei: func\u021bionare de la Universitatea Politehnica Timi\u0219oara, trimise \u00een judecat\u0103 de DNA<\/h1>\n<\/div>\n<\/div>\n<div class=\"td_block_wrap tdb_single_subtitle tdi_46 td-pb-border-top td_block_template_1\" data-td-block-uid=\"tdi_46\">\n<div class=\"tdb-block-inner td-fix-index\">\n<h2>Un prejudiciu de peste 2 milioane de euro \u0219i 5 milioane de lei a fost provocat Universit\u0103\u021bii Politehnica Timi\u0219oara prin decontarea fictiv\u0103 a mobilit\u0103\u021bilor Erasmus \u0219i delapid\u0103ri repetate din fonduri publice. Direc\u021bia Na\u021bional\u0103 Anticorup\u021bie a trimis \u00een judecat\u0103 mai multe cadre administrative ale institu\u021biei, printre care \u0219i \u0219efa Departamentului Rela\u021bii Interna\u021bionale.<\/h2>\n<\/div>\n<\/div>\n<div class=\"vc_row_inner tdi_48  vc_row vc_inner wpb_row td-pb-row\">\n<div class=\"vc_column_inner tdi_50  wpb_column vc_column_container tdc-inner-column td-pb-span6\">\n<div class=\"vc_column-inner\">\n<div class=\"wpb_wrapper\">\n<div class=\"td_block_wrap tdb_single_author tdi_51 td-pb-border-top td_block_template_1 tdb-post-meta\" data-td-block-uid=\"tdi_51\">\n<div class=\"tdb-block-inner td-fix-index\">\n<div class=\"tdb-author-name-wrap\"><span class=\"tdb-author-by\">Autor-<\/span><a class=\"tdb-author-name\" href=\"https:\/\/voceatimisului.ro\/author\/cataadmin\/\">Radu Constantin<\/a><\/div>\n<\/div>\n<\/div>\n<div class=\"td_block_wrap tdb_single_date tdi_52 td-pb-border-top td_block_template_1 tdb-post-meta\" data-td-block-uid=\"tdi_52\">\n<div class=\"tdb-block-inner td-fix-index\"><time class=\"entry-date updated td-module-date\" datetime=\"2025-06-23T11:54:25+03:00\">23 iunie 2025<\/time><\/div>\n<\/div>\n<div class=\"td_block_wrap tdb_single_comments_count tdi_53 td-pb-border-top td_block_template_1 tdb-post-meta\" data-td-block-uid=\"tdi_53\">\n<div class=\"tdb-block-inner td-fix-index\"><a href=\"https:\/\/voceatimisului.ro\/furt-din-banii-europeni-in-numele-educatiei-functionare-de-la-universitatea-politehnica-timisoara-trimise-in-judecata-de-dna\/#respond\"><span>0<\/span><\/a><\/div>\n<\/div>\n<div class=\"td_block_wrap tdb_single_post_views tdi_54 td-pb-border-top td_block_template_1 tdb-post-meta\" data-td-block-uid=\"tdi_54\">\n<div class=\"tdb-block-inner td-fix-index\"><span class=\"tdb-add-text\">1<\/span><span class=\"td-nr-views-172669\">1178<\/span><\/div>\n<\/div>\n<\/div>\n<\/div>\n<\/div>\n<div class=\"vc_column_inner tdi_56  wpb_column vc_column_container tdc-inner-column td-pb-span6\">\n<div class=\"vc_column-inner\">\n<div class=\"wpb_wrapper\">\n<div class=\"td_block_wrap tdb_single_post_share tdi_57  td-pb-border-top td_block_template_1\" data-td-block-uid=\"tdi_57\">\n<div id=\"tdi_57\" class=\"td-post-sharing tdb-block td-ps-bg td-ps-notext td-post-sharing-style1 \">\n<div class=\"td-post-sharing-visible\"><a class=\"td-social-sharing-button td-social-sharing-button-js td-social-network td-social-facebook\" href=\"https:\/\/www.facebook.com\/sharer.php?u=https%3A%2F%2Fvoceatimisului.ro%2Ffurt-din-banii-europeni-in-numele-educatiei-functionare-de-la-universitatea-politehnica-timisoara-trimise-in-judecata-de-dna%2F\" title=\"Facebook\" rel=\"noopener\"><\/p>\n<div class=\"td-social-but-text\">Facebook<\/div>\n<p><\/a><a class=\"td-social-sharing-button td-social-sharing-button-js td-social-network td-social-twitter\" href=\"https:\/\/twitter.com\/intent\/tweet?text=Furt+din+banii+europeni%2C+%C3%AEn+numele+educa%C8%9Biei%3A+func%C8%9Bionare+de+la+Universitatea+Politehnica+Timi%C8%99oara%2C+trimise+%C3%AEn+judecat%C4%83+de+DNA&amp;url=https%3A%2F%2Fvoceatimisului.ro%2Ffurt-din-banii-europeni-in-numele-educatiei-functionare-de-la-universitatea-politehnica-timisoara-trimise-in-judecata-de-dna%2F&amp;via=Vocea+Timisului\" title=\"Twitter\" rel=\"noopener\"><\/p>\n<div class=\"td-social-but-text\">Twitter<\/div>\n<p><\/a><a class=\"td-social-sharing-button td-social-sharing-button-js td-social-network td-social-pinterest\" href=\"https:\/\/pinterest.com\/pin\/create\/button\/?url=https:\/\/voceatimisului.ro\/furt-din-banii-europeni-in-numele-educatiei-functionare-de-la-universitatea-politehnica-timisoara-trimise-in-judecata-de-dna\/&amp;media=https:\/\/voceatimisului.ro\/wp-content\/uploads\/2025\/06\/Universitatea-Politehnica-Timisoara.webp&amp;description=Furt+din+banii+europeni%2C+%C3%AEn+numele+educa%C8%9Biei%3A+func%C8%9Bionare+de+la+Universitatea+Politehnica+Timi%C8%99oara%2C+trimise+%C3%AEn+judecat%C4%83+de+DNA\" title=\"Pinterest\" rel=\"noopener\"><\/p>\n<div class=\"td-social-but-text\">Pinterest<\/div>\n<p><\/a><a class=\"td-social-sharing-button td-social-sharing-button-js td-social-network td-social-whatsapp\" href=\"https:\/\/api.whatsapp.com\/send?text=Furt+din+banii+europeni%2C+%C3%AEn+numele+educa%C8%9Biei%3A+func%C8%9Bionare+de+la+Universitatea+Politehnica+Timi%C8%99oara%2C+trimise+%C3%AEn+judecat%C4%83+de+DNA%20%0A%0A%20https:\/\/voceatimisului.ro\/furt-din-banii-europeni-in-numele-educatiei-functionare-de-la-universitatea-politehnica-timisoara-trimise-in-judecata-de-dna\/\" title=\"WhatsApp\" rel=\"noopener\"><\/p>\n<div class=\"td-social-but-text\">WhatsApp<\/div>\n<p><\/a><a class=\"td-social-sharing-button td-social-sharing-button-js td-social-network td-social-linkedin\" href=\"https:\/\/www.linkedin.com\/shareArticle?mini=true&amp;url=https:\/\/voceatimisului.ro\/furt-din-banii-europeni-in-numele-educatiei-functionare-de-la-universitatea-politehnica-timisoara-trimise-in-judecata-de-dna\/&amp;title=Furt+din+banii+europeni%2C+%C3%AEn+numele+educa%C8%9Biei%3A+func%C8%9Bionare+de+la+Universitatea+Politehnica+Timi%C8%99oara%2C+trimise+%C3%AEn+judecat%C4%83+de+DNA\" title=\"Linkedin\" rel=\"noopener\"><\/p>\n<div class=\"td-social-but-text\">Linkedin<\/div>\n<p><\/a><a class=\"td-social-sharing-button td-social-sharing-button-js td-social-network td-social-copy_url\" href=\"https:\/\/voceatimisului.ro\/furt-din-banii-europeni-in-numele-educatiei-functionare-de-la-universitatea-politehnica-timisoara-trimise-in-judecata-de-dna\/\" title=\"Copy URL\" rel=\"noopener\"><\/p>\n<div class=\"td-social-but-text\">Copy URL<\/div>\n<p><\/a><\/div>\n<\/div>\n<\/div>\n<\/div>\n<\/div>\n<\/div>\n<\/div>\n<div class=\"td_block_wrap tdb_single_featured_image tdi_58 tdb-content-horiz-left td-pb-border-top td_block_template_1\" data-td-block-uid=\"tdi_58\">\n<div class=\"tdb-block-inner td-fix-index\">\n<figure><img fetchpriority=\"high\" decoding=\"async\" width=\"696\" height=\"392\" class=\"entry-thumb\" src=\"https:\/\/voceatimisului.ro\/wp-content\/uploads\/2025\/06\/Universitatea-Politehnica-Timisoara-696x392.webp\" alt=\"Universitatea Politehnica Timi\u0219oara\" title=\"Universitatea Politehnica Timi\u0219oara\" loading=\"eager\"><figcaption class=\"tdb-caption-text\">Universitatea Politehnica Timi\u0219oara<\/figcaption><\/figure>\n<\/div>\n<\/div>\n<div class=\"vc_row_inner tdi_60  vc_row vc_inner wpb_row td-pb-row\">\n<div class=\"vc_column_inner tdi_62  wpb_column vc_column_container tdc-inner-column td-pb-span4 td-is-sticky\">\n<div class=\"vc_column-inner\">\n<div class=\"wpb_wrapper\" data-sticky-enabled-on=\"W3RydWUsdHJ1ZSx0cnVlLHRydWVd\" data-sticky-offset=\"20\" data-sticky-is-width-auto=\"W2ZhbHNlLGZhbHNlLGZhbHNlLGZhbHNlXQ==\">\n<div class=\"td_block_wrap td_flex_block_1 tdi_63 td-pb-border-top td_block_template_1 td_ajax_preloading_preload td_flex_block\" data-td-block-uid=\"tdi_63\">\n<div id=\"tdi_63\" class=\"td_block_inner td-mc1-wrap\">\n<div class=\"td_module_flex td_module_flex_1 td_module_wrap td-animation-stack td-meta-info-hide td-cpt-post\">\n<div class=\"td-module-container td-category-pos-image\">\n<div class=\"td-module-meta-info\">\n<h3 class=\"entry-title td-module-title\"><a href=\"https:\/\/voceatimisului.ro\/zece-inspectori-isctr-timisoara-retinuti-de-dna-pentru-luare-de-mita-in-forma-continuata\/\" rel=\"bookmark\" title=\"Zece inspectori ISCTR Timi\u0219oara, re\u021binu\u021bi de DNA pentru luare de mit\u0103 \u00een form\u0103 continuat\u0103\">Zece inspectori ISCTR Timi\u0219oara, re\u021binu\u021bi de DNA pentru luare de mit\u0103 \u00een form\u0103 continuat\u0103<\/a><\/h3>\n<\/div>\n<\/div>\n<\/div>\n<div class=\"td_module_flex td_module_flex_1 td_module_wrap td-animation-stack td-meta-info-hide td-cpt-post\">\n<div class=\"td-module-container td-category-pos-image\">\n<div class=\"td-module-meta-info\">\n<h3 class=\"entry-title td-module-title\"><a href=\"https:\/\/voceatimisului.ro\/retim-cum-ne-obliga-sa-sortam-gunoiul-dar-il-arunca-la-gramada-jaful-care-miroase-urat-in-timisoara\/\" rel=\"bookmark\" title=\"RETIM: Cum ne oblig\u0103 s\u0103 sort\u0103m gunoiul, dar \u00eel arunc\u0103 la gr\u0103mad\u0103. Jaful care miroase ur\u00e2t \u00een Timi\u0219oara\">RETIM: Cum ne oblig\u0103 s\u0103 sort\u0103m gunoiul, dar \u00eel arunc\u0103 la gr\u0103mad\u0103. Jaful care miroase ur\u00e2t \u00een Timi\u0219oara<\/a><\/h3>\n<\/div>\n<\/div>\n<\/div>\n<div class=\"td_module_flex td_module_flex_1 td_module_wrap td-animation-stack td-meta-info-hide td-cpt-post\">\n<div class=\"td-module-container td-category-pos-image\">\n<div class=\"td-module-meta-info\">\n<h3 class=\"entry-title td-module-title\"><a href=\"https:\/\/voceatimisului.ro\/efect-de-bumerang-primaria-giroc-se-pregateste-sa-plateasca-despagubiri-de-milioane-de-euro-in-cazul-unor-abuzuri-imobiliare-fara-precedent\/\" rel=\"bookmark\" title=\"Efect de bumerang! Prim\u0103ria Giroc se preg\u0103te\u0219te s\u0103 pl\u0103teasc\u0103 desp\u0103gubiri de milioane de euro, \u00een cazul unor abuzuri imobiliare, f\u0103r\u0103 precedent\">Efect de bumerang! Prim\u0103ria Giroc se preg\u0103te\u0219te s\u0103 pl\u0103teasc\u0103 desp\u0103gubiri de milioane de euro, \u00een cazul unor abuzuri imobiliare, f\u0103r\u0103 precedent<\/a><\/h3>\n<\/div>\n<\/div>\n<\/div>\n<div class=\"td_module_flex td_module_flex_1 td_module_wrap td-animation-stack td-meta-info-hide td-cpt-post\">\n<div class=\"td-module-container td-category-pos-image\">\n<div class=\"td-module-meta-info\">\n<h3 class=\"entry-title td-module-title\"><a href=\"https:\/\/voceatimisului.ro\/cheie-franceza-arhitectul-sef-al-primariei-resita-a-denuntat-impreuna-cu-o-alta-colega-de-breasla-un-numar-de-123-autorizatii-de-construire-emise-de-catre-primaria-giroc\/\" rel=\"bookmark\" title=\"Cheie francez\u0103! Arhitectul-\u0219ef al Prim\u0103riei Re\u0219i\u021ba a denun\u021bat, \u00eempreun\u0103 cu o alt\u0103 coleg\u0103 de breasl\u0103, un num\u0103r de 123 autoriza\u021bii de construire, emise de c\u0103tre Prim\u0103ria Giroc\">Cheie francez\u0103! Arhitectul-\u0219ef al Prim\u0103riei Re\u0219i\u021ba a denun\u021bat, \u00eempreun\u0103 cu o alt\u0103 coleg\u0103 de breasl\u0103, un num\u0103r de 123 autoriza\u021bii de construire, emise de&#8230;<\/a><\/h3>\n<\/div>\n<\/div>\n<\/div>\n<\/div>\n<\/div>\n<div class=\"tdb-author-box td_block_wrap tdb_single_author_box tdi_68 tdb-content-vert-top td-pb-border-top td_block_template_1\" data-td-block-uid=\"tdi_68\">\n<div class=\"tdb-block-inner td-fix-index\">\n<div class=\"tdb-author-info\"><a href=\"https:\/\/voceatimisului.ro\/author\/cataadmin\/\" class=\"tdb-author-name\">Radu Constantin<\/a><a href=\"http:\/\/www.voceatimisului.ro\" rel=\"nofollow\" class=\"tdb-author-url\">http:\/\/www.voceatimisului.ro<\/a><\/p>\n<div class=\"tdb-author-descr\">\u00centreaga responsabilitate a comentariilor l\u0103sate de dumneavoastr\u0103 v\u0103 apar\u021bine!<br \/>\nClick <a href=\"https:\/\/voceatimisului.ro\/termeni-si-conditii\/\">aici<\/a>-citeste condi\u0163iile de utilizare ale site-ului www.voceatimisului.ro<\/div>\n<\/div>\n<\/div>\n<\/div>\n<\/div>\n<\/div>\n<\/div>\n<div class=\"vc_column_inner tdi_70  wpb_column vc_column_container tdc-inner-column td-pb-span8\">\n<div class=\"vc_column-inner\">\n<div class=\"wpb_wrapper\">\n<div class=\"td_block_wrap tdb_single_content tdi_71 td-pb-border-top td_block_template_1 td-post-content tagdiv-type\" data-td-block-uid=\"tdi_71\">\n<div class=\"tdb-block-inner td-fix-index\">\n<h2 class=\"wp-block-heading\">Un prejudiciu de peste 2 milioane de euro \u0219i 5 milioane de lei a fost provocat Universit\u0103\u021bii Politehnica Timi\u0219oara prin decontarea fictiv\u0103 a mobilit\u0103\u021bilor Erasmus \u0219i delapid\u0103ri repetate din fonduri publice. Direc\u021bia Na\u021bional\u0103 Anticorup\u021bie a trimis \u00een judecat\u0103 mai multe cadre administrative ale institu\u021biei, printre care \u0219i \u0219efa Departamentului Rela\u021bii Interna\u021bionale.<\/h2>\n<p>DNA Timi\u0219oara a anun\u021bat trimiterea \u00een judecat\u0103, \u00een stare de libertate, a patru func\u021bionare din cadrul Universit\u0103\u021bii Politehnica Timi\u0219oara, acuzate de fraud\u0103 cu fonduri europene \u0219i delapidare de propor\u021bii.<\/p>\n<p>Printre inculpate se afl\u0103 Dolga Maria-Lia, fost director al Departamentului Rela\u021bii Interna\u021bionale, acuzat\u0103 c\u0103, \u00een complicitate cu al\u021bi angaja\u021bi, a depus documente false pentru a ob\u021bine finan\u021b\u0103ri nerambursabile \u00een cadrul programelor Erasmus \u0219i Erasmus+. Prejudiciul estimat din aceste fraude se ridic\u0103 la 659.337 de euro.<\/p>\n<p>Potrivit anchetatorilor, \u00eentre 2014 \u0219i 2019, \u00een cadrul a \u0219apte proiecte europene, au fost raportate mobilit\u0103\u021bi fictive ale studen\u021bilor, profesorilor \u0219i personalului administrativ, f\u0103r\u0103 existen\u021ba documentelor justificative obligatorii. \u00cen multe cazuri, mobilit\u0103\u021bile nu au avut loc, dar granturile au fost decontate integral \u0219i \u00eemp\u0103r\u021bite \u00eentre func\u021bionari \u0219i beneficiari. Unii studen\u021bi ar fi fost \u00eendemna\u021bi s\u0103 accepte formal participarea la deplas\u0103ri fictive, primind doar o parte din suma total\u0103.<\/p>\n<p>\u00cen paralel, contabilele Hudac Lenu\u021ba-Daniela \u0219i Solomon Marinela sunt acuzate de delapidare cu consecin\u021be deosebit de grave. \u00cempreun\u0103, ar fi deturnat fonduri de peste 5 milioane de lei \u0219i 1,5 milioane de euro din conturile universit\u0103\u021bii, \u00een perioada 2012\u20132020. Acestea ar fi \u00eentocmit cereri fictive de transferuri bancare, deturn\u00e2nd banii c\u0103tre conturi personale sau ridic\u00e2ndu-i \u00een numerar.<\/p>\n<p>Ancheta relev\u0103 c\u0103 peste 1.000 de acte materiale au stat la baza fraud\u0103rii fondurilor universit\u0103\u021bii, cu implicarea direct\u0103 \u0219i a Dolg\u0103i Maria-Lia, care ar fi creat documente justificative false pentru acoperirea traseului banilor.<\/p>\n<p>\u00cen cauz\u0103, Agen\u021bia Na\u021bional\u0103 pentru Programe Comunitare \u00een Domeniul Educa\u021biei \u0219i Form\u0103rii Profesionale s-a constituit parte civil\u0103 cu suma de 1.090.542 euro, iar Universitatea Politehnica Timi\u0219oara solicit\u0103 recuperarea prejudiciului total de 5.053.940 lei \u0219i 1.548.617 euro.<\/p>\n<p>Una dintre inculpate, Hannelore-Elfride Filipescu, fost \u0219ef Birou Erasmus, a \u00eencheiat un acord de recunoa\u0219tere a vinov\u0103\u021biei \u0219i a primit o pedeaps\u0103 de doi ani cu suspendare, fiind de acord cu \u00eencadrarea juridic\u0103 \u0219i cu interzicerea unor drepturi.<\/p>\n<p>Tribunalul Timi\u0219 urmeaz\u0103 s\u0103 judece dosarul. \u00cen paralel, au fost instituite m\u0103suri asigur\u0103torii asupra bunurilor inculpatelor, \u00een vederea recuper\u0103rii prejudiciului.<\/p>\n<p><strong>UPDATE:<\/strong> \u00cen urma public\u0103rii articolului, Universitatea Politehnica Timi\u0219oara a transmis un punct de vedere oficial, \u00een care confirm\u0103 c\u0103 neregulile investigate de DNA au fost identificate intern \u00een anul 2020, dup\u0103 preluarea mandatului de c\u0103tre actuala conducere. Institu\u021bia sus\u021bine c\u0103 a formulat sesiz\u0103ri c\u0103tre autorit\u0103\u021bile competente pe 1 \u0219i 7 aprilie 2020 \u0219i s-a constituit parte civil\u0103 \u00een dosar \u00eenc\u0103 din februarie 2022.<\/p>\n<p>UPT se delimiteaz\u0103 de faptele anchetate, subliniind c\u0103 acestea nu reflect\u0103 valorile universit\u0103\u021bii \u0219i reafirm\u00e2nd angajamentul pentru legalitate, transparen\u021b\u0103 \u0219i reform\u0103 institu\u021bional\u0103. Conducerea anun\u021b\u0103 c\u0103 a introdus mecanisme de control intern \u0219i audit, pentru prevenirea unor situa\u021bii similare \u00een viitor.<\/p>\n<\/div>\n<\/div>\n<div class=\"td_block_wrap tdb_single_tags tdi_74 td-pb-border-top td_block_template_1\" data-td-block-uid=\"tdi_74\">\n<div class=\"tdb-block-inner td-fix-index\">\n<ul class=\"tdb-tags\">\n<li><span>Tags<\/span><\/li>\n<li><a href=\"https:\/\/voceatimisului.ro\/tag\/dna-timisoara\/\">dna timisoara<\/a><\/li>\n<li><a href=\"https:\/\/voceatimisului.ro\/tag\/frauda-cu-bani-europeni\/\">frauda cu bani europeni<\/a><\/li>\n<li><a href=\"https:\/\/voceatimisului.ro\/tag\/universitatea-politehnica-timisoara\/\">universitatea politehnica timisoara<\/a><\/li>\n<\/ul>\n<\/div>\n<\/div>\n<div class=\"td_block_wrap tdb_single_post_share tdi_75  td-pb-border-top td_block_template_1\" data-td-block-uid=\"tdi_75\">\n<div id=\"tdi_75\" class=\"td-post-sharing tdb-block td-ps-bg td-ps-notext td-post-sharing-style1 \">\n<div class=\"td-post-sharing-visible\"><a class=\"td-social-sharing-button td-social-sharing-button-js td-social-network td-social-facebook\" href=\"https:\/\/www.facebook.com\/sharer.php?u=https%3A%2F%2Fvoceatimisului.ro%2Ffurt-din-banii-europeni-in-numele-educatiei-functionare-de-la-universitatea-politehnica-timisoara-trimise-in-judecata-de-dna%2F\" title=\"Facebook\" rel=\"noopener\"><\/p>\n<div class=\"td-social-but-text\">Facebook<\/div>\n<p><\/a><a class=\"td-social-sharing-button td-social-sharing-button-js td-social-network td-social-twitter\" href=\"https:\/\/twitter.com\/intent\/tweet?text=Furt+din+banii+europeni%2C+%C3%AEn+numele+educa%C8%9Biei%3A+func%C8%9Bionare+de+la+Universitatea+Politehnica+Timi%C8%99oara%2C+trimise+%C3%AEn+judecat%C4%83+de+DNA&amp;url=https%3A%2F%2Fvoceatimisului.ro%2Ffurt-din-banii-europeni-in-numele-educatiei-functionare-de-la-universitatea-politehnica-timisoara-trimise-in-judecata-de-dna%2F&amp;via=Vocea+Timisului\" title=\"Twitter\" rel=\"noopener\"><\/p>\n<div class=\"td-social-but-text\">Twitter<\/div>\n<p><\/a><a class=\"td-social-sharing-button td-social-sharing-button-js td-social-network td-social-pinterest\" href=\"https:\/\/pinterest.com\/pin\/create\/button\/?url=https:\/\/voceatimisului.ro\/furt-din-banii-europeni-in-numele-educatiei-functionare-de-la-universitatea-politehnica-timisoara-trimise-in-judecata-de-dna\/&amp;media=https:\/\/voceatimisului.ro\/wp-content\/uploads\/2025\/06\/Universitatea-Politehnica-Timisoara.webp&amp;description=Furt+din+banii+europeni%2C+%C3%AEn+numele+educa%C8%9Biei%3A+func%C8%9Bionare+de+la+Universitatea+Politehnica+Timi%C8%99oara%2C+trimise+%C3%AEn+judecat%C4%83+de+DNA\" title=\"Pinterest\" rel=\"noopener\"><\/p>\n<div class=\"td-social-but-text\">Pinterest<\/div>\n<p><\/a><a class=\"td-social-sharing-button td-social-sharing-button-js td-social-network td-social-whatsapp\" href=\"https:\/\/api.whatsapp.com\/send?text=Furt+din+banii+europeni%2C+%C3%AEn+numele+educa%C8%9Biei%3A+func%C8%9Bionare+de+la+Universitatea+Politehnica+Timi%C8%99oara%2C+trimise+%C3%AEn+judecat%C4%83+de+DNA%20%0A%0A%20https:\/\/voceatimisului.ro\/furt-din-banii-europeni-in-numele-educatiei-functionare-de-la-universitatea-politehnica-timisoara-trimise-in-judecata-de-dna\/\" title=\"WhatsApp\" rel=\"noopener\"><\/p>\n<div class=\"td-social-but-text\">WhatsApp<\/div>\n<p><\/a><a class=\"td-social-sharing-button td-social-sharing-button-js td-social-network td-social-linkedin\" href=\"https:\/\/www.linkedin.com\/shareArticle?mini=true&amp;url=https:\/\/voceatimisului.ro\/furt-din-banii-europeni-in-numele-educatiei-functionare-de-la-universitatea-politehnica-timisoara-trimise-in-judecata-de-dna\/&amp;title=Furt+din+banii+europeni%2C+%C3%AEn+numele+educa%C8%9Biei%3A+func%C8%9Bionare+de+la+Universitatea+Politehnica+Timi%C8%99oara%2C+trimise+%C3%AEn+judecat%C4%83+de+DNA\" title=\"Linkedin\" rel=\"noopener\"><\/p>\n<div class=\"td-social-but-text\">Linkedin<\/div>\n<p><\/a><a class=\"td-social-sharing-button td-social-sharing-button-js td-social-network td-social-copy_url\" href=\"https:\/\/voceatimisului.ro\/furt-din-banii-europeni-in-numele-educatiei-functionare-de-la-universitatea-politehnica-timisoara-trimise-in-judecata-de-dna\/\" title=\"Copy URL\" rel=\"noopener\"><\/p>\n<div class=\"td-social-but-text\">Copy URL<\/div>\n<p><\/a><\/div>\n<\/div>\n<\/div>\n<div class=\"td_block_wrap tdb_single_next_prev tdi_76 td-animation-stack td-next-prev-img-on td-pb-border-top td_block_template_1\" data-td-block-uid=\"tdi_76\">\n<div class=\"tdb-block-inner td-fix-index\">\n<div class=\"tdb-next-post tdb-next-post-bg tdb-post-prev\"><span>Articolul precedent<\/span><\/p>\n<div class=\"td-module-container\">\n<div class=\"td-image-container\"><a class=\"td-image-wrap\" href=\"https:\/\/voceatimisului.ro\/flight-festival-2025-transforma-timisoara-in-capitala-distractiei-autobuz-gratuit-prin-oras-si-3-zile-de-show-total\/\"><img loading=\"lazy\" decoding=\"async\" class=\"td-next-prev-image td-fix-index td-lazy-img\" title=\"Flight Festival 2025 transform\u0103 Timi\u0219oara \u00een capitala distrac\u021biei: autobuz gratuit prin ora\u0219 \u0219i 3 zile de show total\" width=\"696\" height=\"696\" src=\"https:\/\/voceatimisului.ro\/wp-content\/uploads\/2025\/06\/Flight-Festival2-696x696.jpg\"><\/a><\/div>\n<div class=\"next-prev-title\"><a href=\"https:\/\/voceatimisului.ro\/flight-festival-2025-transforma-timisoara-in-capitala-distractiei-autobuz-gratuit-prin-oras-si-3-zile-de-show-total\/\">Flight Festival 2025 transform\u0103 Timi\u0219oara \u00een capitala distrac\u021biei: autobuz gratuit prin ora\u0219 \u0219i 3 zile de show total<\/a><\/div>\n<\/div>\n<\/div>\n<div class=\"tdb-next-post tdb-next-post-bg tdb-post-next\"><span>Articolul urm\u0103tor<\/span><\/p>\n<div class=\"td-module-container\">\n<div class=\"td-image-container\"><a class=\"td-image-wrap\" href=\"https:\/\/voceatimisului.ro\/radioaventura-zu-ajunge-la-timisoara-petrecere-in-aer-liber-la-bastion\/\"><img loading=\"lazy\" decoding=\"async\" class=\"td-next-prev-image td-fix-index td-lazy-img\" title=\"RadioAventura ZU ajunge la Timi\u0219oara: petrecere \u00een aer liber la Bastion\" width=\"696\" height=\"522\" src=\"https:\/\/voceatimisului.ro\/wp-content\/uploads\/2025\/06\/RadioAventura-ZU-696x522.jpg\"><\/a><\/div>\n<div class=\"next-prev-title\"><a href=\"https:\/\/voceatimisului.ro\/radioaventura-zu-ajunge-la-timisoara-petrecere-in-aer-liber-la-bastion\/\">RadioAventura ZU ajunge la Timi\u0219oara: petrecere \u00een aer liber la Bastion<\/a><\/div>\n<\/div>\n<\/div>\n<\/div>\n<\/div>\n<\/div>\n<\/div>\n<\/div>\n<\/div>\n<div class=\"vc_row_inner tdi_86  vc_row vc_inner wpb_row td-pb-row\">\n<div class=\"vc_column_inner tdi_88  wpb_column vc_column_container tdc-inner-column td-pb-span4 td-is-sticky\">\n<div class=\"vc_column-inner\">\n<div class=\"wpb_wrapper\" data-sticky-enabled-on=\"W3RydWUsdHJ1ZSx0cnVlLHRydWVd\" data-sticky-offset=\"20\" data-sticky-is-width-auto=\"W2ZhbHNlLGZhbHNlLGZhbHNlLGZhbHNlXQ==\">\n<div class=\"td_block_wrap tdb_single_related tdi_89 td_with_ajax_pagination td-pb-border-top td_block_template_1 tdb-single-related-posts\" data-td-block-uid=\"tdi_89\">\n<div id=\"tdi_89\" class=\"td_block_inner tdb-block-inner td-fix-index\">\n<div class=\"tdb_module_related td_module_wrap td-animation-stack td-meta-info-hide\">\n<div class=\"td-module-container td-category-pos-image\">\n<div class=\"td-module-meta-info\">\n<h3 class=\"entry-title td-module-title\"><a href=\"https:\/\/voceatimisului.ro\/pierderi-de-memorie-primaria-comunei-giroc-campioana-la-disparitia-documentelor-de-urbanism-in-folosul-cooperativei-imobiliare\/\" rel=\"bookmark\" title=\"Pierderi de memorie! Prim\u0103ria comunei Giroc, campioan\u0103 la dispari\u021bia documentelor de urbanism, \u00een folosul cooperativei imobiliare\">Pierderi de memorie! Prim\u0103ria comunei Giroc, campioan\u0103 la dispari\u021bia documentelor de urbanism, \u00een folosul cooperativei imobiliare<\/a><\/h3>\n<\/div>\n<\/div>\n<\/div>\n<div class=\"tdb_module_related td_module_wrap td-animation-stack td-meta-info-hide\">\n<div class=\"td-module-container td-category-pos-image\">\n<div class=\"td-module-meta-info\">\n<h3 class=\"entry-title td-module-title\"><a href=\"https:\/\/voceatimisului.ro\/inspectoratul-de-stat-in-constructii-timis-intentioneaza-sa-demareze-procedurile-administrative-pentru-anularea-unor-autorizatii-de-construire-la-alte-doua-imobile-colective-de-pe-raza-comunei-giroc\/\" rel=\"bookmark\" title=\"Inspectoratul de Stat \u00een Construc\u021bii Timi\u0219 inten\u021bioneaz\u0103 s\u0103 demareze procedurile administrative pentru anularea unor autoriza\u021bii de construire, la alte dou\u0103 imobile colective de pe raza comunei Giroc\">Inspectoratul de Stat \u00een Construc\u021bii Timi\u0219 inten\u021bioneaz\u0103 s\u0103 demareze procedurile administrative pentru anularea unor autoriza\u021bii de construire, la alte dou\u0103 imobile colective de pe&#8230;<\/a><\/h3>\n<\/div>\n<\/div>\n<\/div>\n<div class=\"tdb_module_related td_module_wrap td-animation-stack td-meta-info-hide\">\n<div class=\"td-module-container td-category-pos-image\">\n<div class=\"td-module-meta-info\">\n<h3 class=\"entry-title td-module-title\"><a href=\"https:\/\/voceatimisului.ro\/dubla-masura-de-tupeu-primaria-giroc-a-transformat-o-jumatate-de-bloc-cu-cinci-etaje-peste-noapte-din-spatii-cu-alta-destinatie-in-apartamente-de-locuit-intr-o-zona-cu-unitati-industriale-si-spati\/\" rel=\"bookmark\" title=\"Dubl\u0103 m\u0103sur\u0103 de tupeu! Prim\u0103ria Giroc a transformat o jum\u0103tate de bloc cu cinci etaje, peste noapte, din spa\u021bii cu alt\u0103 destina\u021bie \u00een apartamente de locuit, \u00eentr-o zon\u0103 cu unit\u0103\u021bi industriale \u0219i spa\u021bii de depozitare\">Dubl\u0103 m\u0103sur\u0103 de tupeu! Prim\u0103ria Giroc a transformat o jum\u0103tate de bloc cu cinci etaje, peste noapte, din spa\u021bii cu alt\u0103 destina\u021bie \u00een apartamente&#8230;<\/a><\/h3>\n<\/div>\n<\/div>\n<\/div>\n<\/div>\n<\/div>\n<\/div>\n<\/div>\n<\/div>\n<div class=\"vc_column_inner tdi_91  wpb_column vc_column_container tdc-inner-column td-pb-span8\">\n<div class=\"vc_column-inner\">\n<div class=\"wpb_wrapper\">\n<div class=\"td_block_wrap tdb_single_comments tdi_92 tdb-comm-layout2 td-pb-border-top td_block_template_2\" data-td-block-uid=\"tdi_92\">\n<div class=\"tdb-block-inner td-fix-index\">\n<div class=\"comments\" id=\"comments\">\n<div id=\"respond\" class=\"comment-respond\">\n<h3 id=\"reply-title\" class=\"comment-reply-title\">L\u0102SA\u021aI UN MESAJ <small><a rel=\"nofollow\" id=\"cancel-comment-reply-link\" href=\"https:\/\/voceatimisului.ro\/furt-din-banii-europeni-in-numele-educatiei-functionare-de-la-universitatea-politehnica-timisoara-trimise-in-judecata-de-dna\/#respond\">Renun\u021ba\u021bi la r\u0103spuns<\/a><\/small><\/h3>\n<div class=\"comment-form-input-wrap td-form-comment\">\n<div class=\"td-warning-comment\">V\u0103 rug\u0103m s\u0103 introduce\u021bi comentariul dvs.!<\/div>\n<\/div>\n<div class=\"comment-form-input-wrap td-form-author\">\n<div class=\"td-warning-author\">Introduce\u021bi aici numele dvs.<\/div>\n<\/div>\n<div class=\"comment-form-input-wrap td-form-email\">\n<div class=\"td-warning-email-error\">A\u021bi introdus o adres\u0103 de e-mail incorect\u0103!<\/div>\n<div class=\"td-warning-email\">V\u0103 rug\u0103m s\u0103 introduce\u021bi adresa dvs. de e-mail aici<\/div>\n<\/div>\n<\/div>\n<\/div>\n<\/div>\n<\/div>\n<\/div>\n<\/div>\n<\/div>\n<\/div>\n<\/div>\n<\/div>\n<div class=\"vc_column tdi_94  wpb_column vc_column_container tdc-column td-pb-span4 td-is-sticky\">\n<div class=\"wpb_wrapper\" data-sticky-enabled-on=\"W3RydWUsdHJ1ZSx0cnVlLHRydWVd\" data-sticky-offset=\"20\" data-sticky-is-width-auto=\"W2ZhbHNlLGZhbHNlLGZhbHNlLGZhbHNlXQ==\">\n<div class=\"vc_row_inner tdi_96  vc_row vc_inner wpb_row td-pb-row\">\n<div class=\"vc_column_inner tdi_98  wpb_column vc_column_container tdc-inner-column td-pb-span12\">\n<div class=\"vc_column-inner\">\n<div class=\"wpb_wrapper\">\n<div class=\"td_block_wrap td_block_title tdi_99 td-pb-border-top td_block_template_11 td-fix-index\" data-td-block-uid=\"tdi_99\">\n<div class=\"td-block-title-wrap\">\n<h4 class=\"td-block-title\"><span class=\"td-pulldown-size\">ANUN\u021aURI \u0218I PUBLICITATE<\/span><\/h4>\n<\/div>\n<\/div>\n<\/div>\n<\/div>\n<\/div>\n<\/div>\n<div class=\"wpb_wrapper td_block_wrap vc_widget_sidebar tdi_101 \">\n<aside id=\"block-10\" class=\"td_block_template_1 widget block-10 widget_block widget_media_image\">\n<figure class=\"wp-block-image size-full\"><a href=\"https:\/\/adpghiroda.ro\/index.html\" target=\"_blank\" rel=\" noreferrer noopener\"><img decoding=\"async\" loading=\"eager\" width=\"960\" height=\"960\" src=\"https:\/\/voceatimisului.ro\/wp-content\/uploads\/2025\/03\/ADP-Ghiroda2.jpg\" alt class=\"wp-image-171492\"><\/a><\/figure>\n<\/aside>\n<aside id=\"block-11\" class=\"td_block_template_1 widget block-11 widget_block widget_media_image\">\n<figure class=\"wp-block-image size-full\"><a href=\"https:\/\/adpghiroda.ro\/index.html\" target=\"_blank\" rel=\" noreferrer noopener\"><img decoding=\"async\" loading=\"eager\" width=\"960\" height=\"960\" src=\"https:\/\/voceatimisului.ro\/wp-content\/uploads\/2025\/03\/ADP-Ghiroda1.jpg\" alt class=\"wp-image-171491\"><\/a><\/figure>\n<\/aside>\n<aside id=\"block-17\" class=\"td_block_template_1 widget block-17 widget_block widget_media_image\">\n<figure class=\"wp-block-image size-large is-resized\"><a href=\"https:\/\/verde.events\/\" target=\"_blank\" rel=\" noreferrer noopener\"><img decoding=\"async\" loading=\"lazy\" width=\"1024\" height=\"683\" src=\"https:\/\/voceatimisului.ro\/wp-content\/uploads\/2025\/08\/Verde-Events-24-1024x683.jpg\" alt=\"Verde Events\" class=\"wp-image-174395\"><\/a><figcaption class=\"wp-element-caption\"><strong><em>O experien\u021b\u0103 unic\u0103 pentru orice tip de eveniment<\/em><\/strong><\/figcaption><\/figure>\n<\/aside>\n<\/div>\n<div class=\"td_block_wrap td_flex_block_1 tdi_107 td-pb-border-top td_block_template_1 td_ajax_preloading_preload td_flex_block\" data-td-block-uid=\"tdi_107\">\n<div id=\"tdi_107\" class=\"td_block_inner td-mc1-wrap\">\n<div class=\"td_module_flex td_module_flex_1 td_module_wrap td-animation-stack td-meta-info-hide td-cpt-post\">\n<div class=\"td-module-container td-category-pos-image\">\n<div class=\"td-module-meta-info\">\n<h3 class=\"entry-title td-module-title\"><a href=\"https:\/\/voceatimisului.ro\/prinde-orbu-scoate-i-ochii-dna-timisoara-a-pus-in-carca-defunctului-ionel-toma-toate-contractele-ilegale-pe-care-primaria-giroc-le-a-incheiat-cu-avocatul-sorinel-golban\/\" rel=\"bookmark\" title=\"Prinde orbu\u2019, scoate-i ochii! DNA Timi\u0219oara a pus \u00een c\u00e2rca defunctului Ionel Toma toate contractele ilegale pe care Prim\u0103ria Giroc le-a \u00eencheiat cu avocatul Sorinel Golban\">Prinde orbu\u2019, scoate-i ochii! DNA Timi\u0219oara a pus \u00een c\u00e2rca defunctului Ionel Toma toate contractele ilegale pe care Prim\u0103ria Giroc le-a \u00eencheiat cu avocatul&#8230;<\/a><\/h3>\n<\/div>\n<\/div>\n<\/div>\n<div class=\"td_module_flex td_module_flex_1 td_module_wrap td-animation-stack td-meta-info-hide td-cpt-post\">\n<div class=\"td-module-container td-category-pos-image\">\n<div class=\"td-module-meta-info\">\n<h3 class=\"entry-title td-module-title\"><a href=\"https:\/\/voceatimisului.ro\/istorie-periurbana-cooperativa-imobiliara-giroc-tot-sub-lupa-autoritatilor-statului-roman-de-mai-bine-de-doi-ani-de-zile\/\" rel=\"bookmark\" title=\"Istorie periurban\u0103! Cooperativa imobiliar\u0103 Giroc, tot sub lupa autorit\u0103\u021bilor statului rom\u00e2n, de mai bine de doi ani de zile\">Istorie periurban\u0103! Cooperativa imobiliar\u0103 Giroc, tot sub lupa autorit\u0103\u021bilor statului rom\u00e2n, de mai bine de doi ani de zile<\/a><\/h3>\n<\/div>\n<\/div>\n<\/div>\n<div class=\"td_module_flex td_module_flex_1 td_module_wrap td-animation-stack td-meta-info-hide td-cpt-post\">\n<div class=\"td-module-container td-category-pos-image\">\n<div class=\"td-module-meta-info\">\n<h3 class=\"entry-title td-module-title\"><a href=\"https:\/\/voceatimisului.ro\/directia-nationala-anticoruptie-a-solicitat-sentintele-judecatoresti-obtinute-de-administratia-lui-dominic-fritz-pe-filiera-vicepresedintei-curtii-de-apel-timisoara\/\" rel=\"bookmark\" title=\"Direc\u021bia Na\u021bional\u0103 Anticorup\u021bie a solicitat sentin\u021bele judec\u0103tore\u0219ti, ob\u021binute de administra\u021bia lui Dominic Fritz, pe filiera vicepre\u0219edintei Cur\u021bii de Apel Timi\u0219oara\">Direc\u021bia Na\u021bional\u0103 Anticorup\u021bie a solicitat sentin\u021bele judec\u0103tore\u0219ti, ob\u021binute de administra\u021bia lui Dominic Fritz, pe filiera vicepre\u0219edintei Cur\u021bii de Apel Timi\u0219oara<\/a><\/h3>\n<\/div>\n<\/div>\n<\/div>\n<div class=\"td_module_flex td_module_flex_1 td_module_wrap td-animation-stack td-meta-info-hide td-cpt-post\">\n<div class=\"td-module-container td-category-pos-image\">\n<div class=\"td-module-meta-info\">\n<h3 class=\"entry-title td-module-title\"><a href=\"https:\/\/voceatimisului.ro\/spalatul-pe-maini-primaria-giroc-isi-recupereaza-prejudiciul-de-350-000-euro-rezultat-din-contractele-ilegale-de-asistenta-juridica-nu-de-la-artizanii-care-i-le-au-servit-pe-tava-avocatului-sorinel\/\" rel=\"bookmark\" title=\"Sp\u0103latul pe m\u00e2ini! Prim\u0103ria Giroc \u00ee\u0219i recupereaz\u0103 prejudiciul de 350.000 euro, rezultat din contractele ilegale de asisten\u021b\u0103 juridic\u0103, nu de la artizanii care i le-au servit pe tav\u0103 avocatului Sorinel Golban, ci din buzunarul contribuabililor\">Sp\u0103latul pe m\u00e2ini! Prim\u0103ria Giroc \u00ee\u0219i recupereaz\u0103 prejudiciul de 350.000 euro, rezultat din contractele ilegale de asisten\u021b\u0103 juridic\u0103, nu de la artizanii care i&#8230;<\/a><\/h3>\n<\/div>\n<\/div>\n<\/div>\n<div class=\"td_module_flex td_module_flex_1 td_module_wrap td-animation-stack td-meta-info-hide td-cpt-post\">\n<div class=\"td-module-container td-category-pos-image\">\n<div class=\"td-module-meta-info\">\n<h3 class=\"entry-title td-module-title\"><a href=\"https:\/\/voceatimisului.ro\/jumatati-de-adevar-in-cazul-urmaritului-penal-nicolae-robu-administratia-lui-dominic-fritz-a-scapat-de-procurorii-dna-doar-pentru-ca-a-fost-corectata-la-timp-de-catre-inspectoratul-de-stat-in-con\/\" rel=\"bookmark\" title=\"Jum\u0103t\u0103\u021bi de adev\u0103r! \u00cen cazul urm\u0103ritului penal Nicolae Robu, administra\u021bia lui Dominic Fritz a sc\u0103pat de procurorii DNA, doar pentru c\u0103 a fost corectat\u0103, la timp, de c\u0103tre Inspectoratul de Stat \u00een Construc\u021bii Timi\u0219\">Jum\u0103t\u0103\u021bi de adev\u0103r! \u00cen cazul urm\u0103ritului penal Nicolae Robu, administra\u021bia lui Dominic Fritz a sc\u0103pat de procurorii DNA, doar pentru c\u0103 a fost corectat\u0103,&#8230;<\/a><\/h3>\n<\/div>\n<\/div>\n<\/div>\n<\/div>\n<\/div>\n<\/div>\n<\/div>\n<\/div>\n<\/div>\n<\/div>\n<\/div>\n<p><span class=\"td-page-meta\"><\/span><span class=\"td-page-meta\"><span class=\"td-page-meta\"><\/span><\/span><span class=\"td-page-meta\"><\/span><\/article>\n<p> Source URL: https:\/\/voceatimisului.ro\/furt-din-banii-europeni-in-numele-educatiei-functionare-de-la-universitatea-politehnica-timisoara-trimise-in-judecata-de-dna\/<\/p>\n","protected":false},"excerpt":{"rendered":"<p>\u0218tiriEduca\u021bie Furt din banii europeni, \u00een numele educa\u021biei: func\u021bionare de la Universitatea Politehnica Timi\u0219oara, trimise \u00een judecat\u0103 de DNA Un prejudiciu de peste 2 milioane de euro \u0219i 5 milioane de lei a fost provocat Universit\u0103\u021bii Politehnica Timi\u0219oara prin decontarea fictiv\u0103 a mobilit\u0103\u021bilor Erasmus \u0219i delapid\u0103ri repetate din fonduri publice. Direc\u021bia Na\u021bional\u0103 Anticorup\u021bie a trimis [&hellip;]<\/p>\n","protected":false},"author":1,"featured_media":0,"comment_status":"open","ping_status":"","sticky":false,"template":"","format":"standard","meta":{"footnotes":""},"categories":[89],"tags":[199],"class_list":["post-1053728","post","type-post","status-publish","format-standard","hentry","category-romania","tag-voceatimisului-ro"],"_links":{"self":[{"href":"https:\/\/analyse.optim.biz\/index.php?rest_route=\/wp\/v2\/posts\/1053728","targetHints":{"allow":["GET"]}}],"collection":[{"href":"https:\/\/analyse.optim.biz\/index.php?rest_route=\/wp\/v2\/posts"}],"about":[{"href":"https:\/\/analyse.optim.biz\/index.php?rest_route=\/wp\/v2\/types\/post"}],"author":[{"embeddable":true,"href":"https:\/\/analyse.optim.biz\/index.php?rest_route=\/wp\/v2\/users\/1"}],"replies":[{"embeddable":true,"href":"https:\/\/analyse.optim.biz\/index.php?rest_route=%2Fwp%2Fv2%2Fcomments&post=1053728"}],"version-history":[{"count":0,"href":"https:\/\/analyse.optim.biz\/index.php?rest_route=\/wp\/v2\/posts\/1053728\/revisions"}],"wp:attachment":[{"href":"https:\/\/analyse.optim.biz\/index.php?rest_route=%2Fwp%2Fv2%2Fmedia&parent=1053728"}],"wp:term":[{"taxonomy":"category","embeddable":true,"href":"https:\/\/analyse.optim.biz\/index.php?rest_route=%2Fwp%2Fv2%2Fcategories&post=1053728"},{"taxonomy":"post_tag","embeddable":true,"href":"https:\/\/analyse.optim.biz\/index.php?rest_route=%2Fwp%2Fv2%2Ftags&post=1053728"}],"curies":[{"name":"wp","href":"https:\/\/api.w.org\/{rel}","templated":true}]}}