{"id":1053712,"date":"2025-10-10T06:47:22","date_gmt":"2025-10-10T03:47:22","guid":{"rendered":"https:\/\/analyse.optim.biz\/?p=1053712"},"modified":"2025-10-10T06:47:22","modified_gmt":"2025-10-10T03:47:22","slug":"scolile-din-ghiroda-dotate-cu-echipamente-digitale-printr-un-proiect-finantat-din-pnrr","status":"publish","type":"post","link":"https:\/\/analyse.optim.biz\/?p=1053712","title":{"rendered":"\u0218colile din Ghiroda, dotate cu echipamente digitale printr-un proiect finan\u021bat din PNRR"},"content":{"rendered":"<article id=\"template-id-172790\" class=\"post-172790 tdb_templates type-tdb_templates status-publish post\">\n<div id=\"tdi_38\" class=\"tdc-zone\">\n<div class=\"tdc_zone tdi_39  wpb_row td-pb-row\">\n<div id=\"tdi_40\" class=\"tdc-row stretch_row_1400 td-stretch-content\">\n<div class=\"vc_row tdi_41  wpb_row td-pb-row tdc-element-style\">\n<div class=\"vc_column tdi_43  wpb_column vc_column_container tdc-column td-pb-span8\">\n<div class=\"wpb_wrapper\">\n<div class=\"td_block_wrap tdb_single_categories tdi_44 td-pb-border-top td_block_template_1 \" data-td-block-uid=\"tdi_44\">\n<div class=\"tdb-category td-fix-index\"><a class=\"tdb-entry-category\" href=\"https:\/\/voceatimisului.ro\/stiri-din-timisoara-si-timis\/\">\u0218tiri<\/a><a class=\"tdb-entry-category\" href=\"https:\/\/voceatimisului.ro\/stiri-din-timisoara-si-timis\/educatie\/\">Educa\u021bie<\/a><\/div>\n<\/div>\n<div class=\"td_block_wrap tdb_title tdi_45 tdb-single-title td-pb-border-top td_block_template_1\" data-td-block-uid=\"tdi_45\">\n<div class=\"tdb-block-inner td-fix-index\">\n<h1 class=\"tdb-title-text\">\u0218colile din Ghiroda, dotate cu echipamente digitale printr-un proiect finan\u021bat din PNRR<\/h1>\n<\/div>\n<\/div>\n<div class=\"td_block_wrap tdb_single_subtitle tdi_46 td-pb-border-top td_block_template_1\" data-td-block-uid=\"tdi_46\">\n<div class=\"tdb-block-inner td-fix-index\">\n<h2>Investi\u021bie de peste 1,4 milioane de lei pentru modernizarea unit\u0103\u021bilor de \u00eenv\u0103\u021b\u0103m\u00e2nt.<\/h2>\n<\/div>\n<\/div>\n<div class=\"vc_row_inner tdi_48  vc_row vc_inner wpb_row td-pb-row\">\n<div class=\"vc_column_inner tdi_50  wpb_column vc_column_container tdc-inner-column td-pb-span6\">\n<div class=\"vc_column-inner\">\n<div class=\"wpb_wrapper\">\n<div class=\"td_block_wrap tdb_single_author tdi_51 td-pb-border-top td_block_template_1 tdb-post-meta\" data-td-block-uid=\"tdi_51\">\n<div class=\"tdb-block-inner td-fix-index\">\n<div class=\"tdb-author-name-wrap\"><span class=\"tdb-author-by\">Autor-<\/span><a class=\"tdb-author-name\" href=\"https:\/\/voceatimisului.ro\/author\/ioana\/\">Ioana Danciu<\/a><\/div>\n<\/div>\n<\/div>\n<div class=\"td_block_wrap tdb_single_date tdi_52 td-pb-border-top td_block_template_1 tdb-post-meta\" data-td-block-uid=\"tdi_52\">\n<div class=\"tdb-block-inner td-fix-index\"><time class=\"entry-date updated td-module-date\" datetime=\"2025-10-10T09:47:22+03:00\">10 octombrie 2025<\/time><\/div>\n<\/div>\n<div class=\"td_block_wrap tdb_single_comments_count tdi_53 td-pb-border-top td_block_template_1 tdb-post-meta\" data-td-block-uid=\"tdi_53\">\n<div class=\"tdb-block-inner td-fix-index\"><a href=\"https:\/\/voceatimisului.ro\/scolile-din-ghiroda-dotate-cu-echipamente-digitale-printr-un-proiect-finantat-din-pnrr\/#respond\"><span>0<\/span><\/a><\/div>\n<\/div>\n<div class=\"td_block_wrap tdb_single_post_views tdi_54 td-pb-border-top td_block_template_1 tdb-post-meta\" data-td-block-uid=\"tdi_54\">\n<div class=\"tdb-block-inner td-fix-index\"><span class=\"tdb-add-text\">1<\/span><span class=\"td-nr-views-175418\">260<\/span><\/div>\n<\/div>\n<\/div>\n<\/div>\n<\/div>\n<div class=\"vc_column_inner tdi_56  wpb_column vc_column_container tdc-inner-column td-pb-span6\">\n<div class=\"vc_column-inner\">\n<div class=\"wpb_wrapper\">\n<div class=\"td_block_wrap tdb_single_post_share tdi_57  td-pb-border-top td_block_template_1\" data-td-block-uid=\"tdi_57\">\n<div id=\"tdi_57\" class=\"td-post-sharing tdb-block td-ps-bg td-ps-notext td-post-sharing-style1 \">\n<div class=\"td-post-sharing-visible\"><a class=\"td-social-sharing-button td-social-sharing-button-js td-social-network td-social-facebook\" href=\"https:\/\/www.facebook.com\/sharer.php?u=https%3A%2F%2Fvoceatimisului.ro%2Fscolile-din-ghiroda-dotate-cu-echipamente-digitale-printr-un-proiect-finantat-din-pnrr%2F\" title=\"Facebook\" rel=\"noopener\"><\/p>\n<div class=\"td-social-but-text\">Facebook<\/div>\n<p><\/a><a class=\"td-social-sharing-button td-social-sharing-button-js td-social-network td-social-twitter\" href=\"https:\/\/twitter.com\/intent\/tweet?text=%C8%98colile+din+Ghiroda%2C+dotate+cu+echipamente+digitale+printr-un+proiect+finan%C8%9Bat+din+PNRR&amp;url=https%3A%2F%2Fvoceatimisului.ro%2Fscolile-din-ghiroda-dotate-cu-echipamente-digitale-printr-un-proiect-finantat-din-pnrr%2F&amp;via=Vocea+Timisului\" title=\"Twitter\" rel=\"noopener\"><\/p>\n<div class=\"td-social-but-text\">Twitter<\/div>\n<p><\/a><a class=\"td-social-sharing-button td-social-sharing-button-js td-social-network td-social-pinterest\" href=\"https:\/\/pinterest.com\/pin\/create\/button\/?url=https:\/\/voceatimisului.ro\/scolile-din-ghiroda-dotate-cu-echipamente-digitale-printr-un-proiect-finantat-din-pnrr\/&amp;media=https:\/\/voceatimisului.ro\/wp-content\/uploads\/2025\/10\/scolile-din-ghiroda-1-scaled.webp&amp;description=%C8%98colile+din+Ghiroda%2C+dotate+cu+echipamente+digitale+printr-un+proiect+finan%C8%9Bat+din+PNRR\" title=\"Pinterest\" rel=\"noopener\"><\/p>\n<div class=\"td-social-but-text\">Pinterest<\/div>\n<p><\/a><a class=\"td-social-sharing-button td-social-sharing-button-js td-social-network td-social-whatsapp\" href=\"https:\/\/api.whatsapp.com\/send?text=%C8%98colile+din+Ghiroda%2C+dotate+cu+echipamente+digitale+printr-un+proiect+finan%C8%9Bat+din+PNRR%20%0A%0A%20https:\/\/voceatimisului.ro\/scolile-din-ghiroda-dotate-cu-echipamente-digitale-printr-un-proiect-finantat-din-pnrr\/\" title=\"WhatsApp\" rel=\"noopener\"><\/p>\n<div class=\"td-social-but-text\">WhatsApp<\/div>\n<p><\/a><a class=\"td-social-sharing-button td-social-sharing-button-js td-social-network td-social-linkedin\" href=\"https:\/\/www.linkedin.com\/shareArticle?mini=true&amp;url=https:\/\/voceatimisului.ro\/scolile-din-ghiroda-dotate-cu-echipamente-digitale-printr-un-proiect-finantat-din-pnrr\/&amp;title=%C8%98colile+din+Ghiroda%2C+dotate+cu+echipamente+digitale+printr-un+proiect+finan%C8%9Bat+din+PNRR\" title=\"Linkedin\" rel=\"noopener\"><\/p>\n<div class=\"td-social-but-text\">Linkedin<\/div>\n<p><\/a><a class=\"td-social-sharing-button td-social-sharing-button-js td-social-network td-social-copy_url\" href=\"https:\/\/voceatimisului.ro\/scolile-din-ghiroda-dotate-cu-echipamente-digitale-printr-un-proiect-finantat-din-pnrr\/\" title=\"Copy URL\" rel=\"noopener\"><\/p>\n<div class=\"td-social-but-text\">Copy URL<\/div>\n<p><\/a><\/div>\n<\/div>\n<\/div>\n<\/div>\n<\/div>\n<\/div>\n<\/div>\n<div class=\"td_block_wrap tdb_single_featured_image tdi_58 tdb-content-horiz-left td-pb-border-top td_block_template_1\" data-td-block-uid=\"tdi_58\">\n<div class=\"tdb-block-inner td-fix-index\">\n<figure><img fetchpriority=\"high\" decoding=\"async\" width=\"696\" height=\"522\" class=\"entry-thumb\" src=\"https:\/\/voceatimisului.ro\/wp-content\/uploads\/2025\/10\/scolile-din-ghiroda-1-696x522.webp\" alt=\"\u0218colile din Ghiroda-1\" title=\"\u0218colile din Ghiroda-1\" loading=\"eager\"><figcaption class=\"tdb-caption-text\">\u0218colile din Ghiroda-1<\/figcaption><\/figure>\n<\/div>\n<\/div>\n<div class=\"vc_row_inner tdi_60  vc_row vc_inner wpb_row td-pb-row\">\n<div class=\"vc_column_inner tdi_62  wpb_column vc_column_container tdc-inner-column td-pb-span4 td-is-sticky\">\n<div class=\"vc_column-inner\">\n<div class=\"wpb_wrapper\" data-sticky-enabled-on=\"W3RydWUsdHJ1ZSx0cnVlLHRydWVd\" data-sticky-offset=\"20\" data-sticky-is-width-auto=\"W2ZhbHNlLGZhbHNlLGZhbHNlLGZhbHNlXQ==\">\n<div class=\"td_block_wrap td_flex_block_1 tdi_63 td-pb-border-top td_block_template_1 td_ajax_preloading_preload td_flex_block\" data-td-block-uid=\"tdi_63\">\n<div id=\"tdi_63\" class=\"td_block_inner td-mc1-wrap\">\n<div class=\"td_module_flex td_module_flex_1 td_module_wrap td-animation-stack td-meta-info-hide td-cpt-post\">\n<div class=\"td-module-container td-category-pos-image\">\n<div class=\"td-module-meta-info\">\n<h3 class=\"entry-title td-module-title\"><a href=\"https:\/\/voceatimisului.ro\/primaria-ghiroda-lanseaza-puz-tineri-2025-sansa-reala-pentru-tinerii-din-comuna\/\" rel=\"bookmark\" title=\"Prim\u0103ria Ghiroda lanseaz\u0103 PUZ Tineri 2025: \u0219ans\u0103 real\u0103 pentru tinerii din comun\u0103\">Prim\u0103ria Ghiroda lanseaz\u0103 PUZ Tineri 2025: \u0219ans\u0103 real\u0103 pentru tinerii din comun\u0103<\/a><\/h3>\n<\/div>\n<\/div>\n<\/div>\n<div class=\"td_module_flex td_module_flex_1 td_module_wrap td-animation-stack td-meta-info-hide td-cpt-post\">\n<div class=\"td-module-container td-category-pos-image\">\n<div class=\"td-module-meta-info\">\n<h3 class=\"entry-title td-module-title\"><a href=\"https:\/\/voceatimisului.ro\/scoala-constantin-paunescu-recas-modernizata-cu-peste-7-milioane-lei-panouri-fotovoltaice-izolatie-termica-si-conditii-demne-pentru-elevi\/\" rel=\"bookmark\" title=\"\u0218coala \u201eConstantin P\u0103unescu\u201d Reca\u0219, modernizat\u0103 cu peste 7 milioane lei: panouri fotovoltaice, izola\u021bie termic\u0103 \u0219i condi\u021bii demne pentru elevi\">\u0218coala \u201eConstantin P\u0103unescu\u201d Reca\u0219, modernizat\u0103 cu peste 7 milioane lei: panouri fotovoltaice, izola\u021bie termic\u0103 \u0219i condi\u021bii demne pentru elevi<\/a><\/h3>\n<\/div>\n<\/div>\n<\/div>\n<div class=\"td_module_flex td_module_flex_1 td_module_wrap td-animation-stack td-meta-info-hide td-cpt-post\">\n<div class=\"td-module-container td-category-pos-image\">\n<div class=\"td-module-meta-info\">\n<h3 class=\"entry-title td-module-title\"><a href=\"https:\/\/voceatimisului.ro\/doua-investitii-europene-majore-pentru-comuna-sag-scoala-verde-si-asfaltari-pe-strazi-importante\/\" rel=\"bookmark\" title=\"Dou\u0103 investi\u021bii europene majore pentru comuna \u0218ag: \u0219coal\u0103 verde \u0219i asfalt\u0103ri pe str\u0103zi importante\">Dou\u0103 investi\u021bii europene majore pentru comuna \u0218ag: \u0219coal\u0103 verde \u0219i asfalt\u0103ri pe str\u0103zi importante<\/a><\/h3>\n<\/div>\n<\/div>\n<\/div>\n<div class=\"td_module_flex td_module_flex_1 td_module_wrap td-animation-stack td-meta-info-hide td-cpt-post\">\n<div class=\"td-module-container td-category-pos-image\">\n<div class=\"td-module-meta-info\">\n<h3 class=\"entry-title td-module-title\"><a href=\"https:\/\/voceatimisului.ro\/530-de-kilometri-de-piste-de-biciclete-in-judetul-timis-prin-cel-mai-mare-proiect-cicloturistic-din-romania\/\" rel=\"bookmark\" title=\"530 de kilometri de piste de biciclete \u00een jude\u021bul Timi\u0219, prin cel mai mare proiect cicloturistic din Rom\u00e2nia\">530 de kilometri de piste de biciclete \u00een jude\u021bul Timi\u0219, prin cel mai mare proiect cicloturistic din Rom\u00e2nia<\/a><\/h3>\n<\/div>\n<\/div>\n<\/div>\n<\/div>\n<\/div>\n<div class=\"tdb-author-box td_block_wrap tdb_single_author_box tdi_68 tdb-content-vert-top td-pb-border-top td_block_template_1\" data-td-block-uid=\"tdi_68\">\n<div class=\"tdb-block-inner td-fix-index\">\n<div class=\"tdb-author-info\"><a href=\"https:\/\/voceatimisului.ro\/author\/ioana\/\" class=\"tdb-author-name\">Ioana Danciu<\/a><\/p>\n<div class=\"tdb-author-descr\">\u00centreaga responsabilitate a comentariilor l\u0103sate de dumneavoastr\u0103 v\u0103 apar\u021bine!<br \/>\nClick <a href=\"https:\/\/voceatimisului.ro\/termeni-si-conditii\/\">aici<\/a>-citeste condi\u0163iile de utilizare ale site-ului www.voceatimisului.ro<\/div>\n<\/div>\n<\/div>\n<\/div>\n<\/div>\n<\/div>\n<\/div>\n<div class=\"vc_column_inner tdi_70  wpb_column vc_column_container tdc-inner-column td-pb-span8\">\n<div class=\"vc_column-inner\">\n<div class=\"wpb_wrapper\">\n<div class=\"td_block_wrap tdb_single_content tdi_71 td-pb-border-top td_block_template_1 td-post-content tagdiv-type\" data-td-block-uid=\"tdi_71\">\n<div class=\"tdb-block-inner td-fix-index\">\n<h3 class=\"wp-block-heading\">Prim\u0103ria comunei Ghiroda a finalizat implementarea proiectului \u201eDotarea unit\u0103\u021bilor de \u00eenv\u0103\u021b\u0103m\u00e2nt din comuna Ghiroda\u201d, finan\u021bat prin Planul Na\u021bional de Redresare \u0219i Rezilien\u021b\u0103 (PNRR). Scopul proiectului a fost modernizarea infrastructurii educa\u021bionale prin achizi\u021bia de mobilier, echipamente digitale, materiale didactice \u0219i sportive.<\/h3>\n<p>Valoarea total\u0103 a investi\u021biei este de <strong>1.415.939,65 lei<\/strong>, iar ultima tran\u0219\u0103, \u00een valoare de <strong>544.470 lei f\u0103r\u0103 TVA<\/strong>, a fost recep\u021bionat\u0103 recent. Echipamentele vor fi utilizate de <strong>\u0218coala Gimnazial\u0103 Ghiroda<\/strong>, <strong>\u0218coala Primar\u0103 Giarmata Vii<\/strong> \u0219i <strong>Gr\u0103dini\u021ba cu Program Prelungit Ghiroda<\/strong>.<\/p>\n<p>Potrivit datelor furnizate de Prim\u0103ria Ghiroda, unit\u0103\u021bile de \u00eenv\u0103\u021b\u0103m\u00e2nt au fost dotate cu 28 de display-uri interactive SMART Board, 28 de calculatoare All-in-One Lenovo, 28 de sisteme de sunet Ultimea, 15 camere pentru videoconferin\u021b\u0103 Logitech, 22 de multifunc\u021bionale Epson, 27 de scannere portabile Axtel \u0219i 27 de laminatoare Olympia pentru s\u0103lile de clas\u0103.<\/p>\n<p>Laboratorul de informatic\u0103 a primit un display interactiv SMART Board, 13 calculatoare All-in-One Lenovo, un sistem de sunet Panasonic, un multifunc\u021bional laser color Canon, o camer\u0103 pentru videoconferin\u021b\u0103 Logitech \u0219i un router wireless TP-Link. \u00cen plus, cabinetul psihopedagogic a fost echipat cu dou\u0103 calculatoare All-in-One Lenovo, un multifunc\u021bional laser color Canon \u0219i un display interactiv SMART Board.<\/p>\n<p>Proiectul s-a derulat \u00een mai multe etape, potrivit informa\u021biilor comunicate de administra\u021bia local\u0103: \u00een august 2024 au fost livrate echipamentele sportive, \u00een martie 2025 materialele didactice, \u00een iulie 2025 mobilierul \u0219colar, iar \u00een octombrie 2025 au fost recep\u021bionate echipamentele digitale.<\/p>\n<p>Prin finalizarea acestei etape, toate unit\u0103\u021bile de \u00eenv\u0103\u021b\u0103m\u00e2nt din Ghiroda \u0219i Giarmata Vii sunt complet echipate pentru desf\u0103\u0219urarea activit\u0103\u021bilor educa\u021bionale \u00een condi\u021bii moderne.<\/p>\n<p>Proiectul face parte din linia de finan\u021bare dedicat\u0103 digitaliz\u0103rii educa\u021biei prin <strong>PNRR \u2013 Componenta C15: Educa\u021bie<\/strong>, care urm\u0103re\u0219te dotarea unit\u0103\u021bilor de \u00eenv\u0103\u021b\u0103m\u00e2nt cu infrastructur\u0103 modern\u0103 \u0219i resurse tehnologice necesare pentru cre\u0219terea calit\u0103\u021bii procesului educa\u021bional.<\/p>\n<figure class=\"wp-block-gallery has-nested-images columns-default is-cropped wp-block-gallery-1 is-layout-flex wp-block-gallery-is-layout-flex\">\n<div><a href=\"https:\/\/voceatimisului.ro\/wp-content\/uploads\/2025\/10\/scolile-din-ghiroda-3-1024x768.webp\" class=\"td-modal-image\"><\/p>\n<figure class=\"wp-block-image size-large\"><img decoding=\"async\" width=\"1024\" height=\"768\" data-id=\"175425\" src=\"https:\/\/voceatimisului.ro\/wp-content\/uploads\/2025\/10\/scolile-din-ghiroda-3-1024x768.webp\" alt=\"\u0218colile din Ghiroda-3\" class=\"wp-image-175425\" loading=\"lazy\"><\/figure>\n<p><\/a><\/div>\n<div><a href=\"https:\/\/voceatimisului.ro\/wp-content\/uploads\/2025\/10\/scolile-din-ghiroda-1-1024x768.webp\" class=\"td-modal-image\"><\/p>\n<figure class=\"wp-block-image size-large\"><img decoding=\"async\" width=\"1024\" height=\"768\" data-id=\"175424\" src=\"https:\/\/voceatimisului.ro\/wp-content\/uploads\/2025\/10\/scolile-din-ghiroda-1-1024x768.webp\" alt=\"\u0218colile din Ghiroda-1\" class=\"wp-image-175424\" loading=\"lazy\"><\/figure>\n<p><\/a><\/div>\n<div><a href=\"https:\/\/voceatimisului.ro\/wp-content\/uploads\/2025\/10\/scolile-din-ghiroda-5-768x1024.webp\" class=\"td-modal-image\"><\/p>\n<figure class=\"wp-block-image size-large\"><img decoding=\"async\" width=\"768\" height=\"1024\" data-id=\"175423\" src=\"https:\/\/voceatimisului.ro\/wp-content\/uploads\/2025\/10\/scolile-din-ghiroda-5-768x1024.webp\" alt=\"\u0218colile din Ghiroda-5\" class=\"wp-image-175423\" loading=\"lazy\"><\/figure>\n<p><\/a><\/div>\n<div><a href=\"https:\/\/voceatimisului.ro\/wp-content\/uploads\/2025\/10\/scolile-din-ghiroda-4-768x1024.webp\" class=\"td-modal-image\"><\/p>\n<figure class=\"wp-block-image size-large\"><img decoding=\"async\" loading=\"lazy\" width=\"768\" height=\"1024\" data-id=\"175422\" src=\"https:\/\/voceatimisului.ro\/wp-content\/uploads\/2025\/10\/scolile-din-ghiroda-4-768x1024.webp\" alt=\"\u0218colile din Ghiroda-4\" class=\"wp-image-175422\"><\/figure>\n<p><\/a><\/div>\n<div><a href=\"https:\/\/voceatimisului.ro\/wp-content\/uploads\/2025\/10\/scolile-din-ghiroda-2-768x1024.webp\" class=\"td-modal-image\"><\/p>\n<figure class=\"wp-block-image size-large\"><img decoding=\"async\" loading=\"lazy\" width=\"768\" height=\"1024\" data-id=\"175421\" src=\"https:\/\/voceatimisului.ro\/wp-content\/uploads\/2025\/10\/scolile-din-ghiroda-2-768x1024.webp\" alt=\"\u0218colile din Ghiroda-2\" class=\"wp-image-175421\"><\/figure>\n<p><\/a><\/div>\n<\/figure>\n<\/div>\n<\/div>\n<div class=\"td_block_wrap tdb_single_tags tdi_74 td-pb-border-top td_block_template_1\" data-td-block-uid=\"tdi_74\">\n<div class=\"tdb-block-inner td-fix-index\">\n<ul class=\"tdb-tags\">\n<li><span>Tags<\/span><\/li>\n<li><a href=\"https:\/\/voceatimisului.ro\/tag\/educatie-2\/\">educatie<\/a><\/li>\n<li><a href=\"https:\/\/voceatimisului.ro\/tag\/pnrr\/\">pnrr<\/a><\/li>\n<li><a href=\"https:\/\/voceatimisului.ro\/tag\/primaria-ghiroda\/\">Primaria Ghiroda<\/a><\/li>\n<li><a href=\"https:\/\/voceatimisului.ro\/tag\/scoala-gimnaziala-ghiroda\/\">scoala gimnaziala ghiroda<\/a><\/li>\n<\/ul>\n<\/div>\n<\/div>\n<div class=\"td_block_wrap tdb_single_post_share tdi_75  td-pb-border-top td_block_template_1\" data-td-block-uid=\"tdi_75\">\n<div id=\"tdi_75\" class=\"td-post-sharing tdb-block td-ps-bg td-ps-notext td-post-sharing-style1 \">\n<div class=\"td-post-sharing-visible\"><a class=\"td-social-sharing-button td-social-sharing-button-js td-social-network td-social-facebook\" href=\"https:\/\/www.facebook.com\/sharer.php?u=https%3A%2F%2Fvoceatimisului.ro%2Fscolile-din-ghiroda-dotate-cu-echipamente-digitale-printr-un-proiect-finantat-din-pnrr%2F\" title=\"Facebook\" rel=\"noopener\"><\/p>\n<div class=\"td-social-but-text\">Facebook<\/div>\n<p><\/a><a class=\"td-social-sharing-button td-social-sharing-button-js td-social-network td-social-twitter\" href=\"https:\/\/twitter.com\/intent\/tweet?text=%C8%98colile+din+Ghiroda%2C+dotate+cu+echipamente+digitale+printr-un+proiect+finan%C8%9Bat+din+PNRR&amp;url=https%3A%2F%2Fvoceatimisului.ro%2Fscolile-din-ghiroda-dotate-cu-echipamente-digitale-printr-un-proiect-finantat-din-pnrr%2F&amp;via=Vocea+Timisului\" title=\"Twitter\" rel=\"noopener\"><\/p>\n<div class=\"td-social-but-text\">Twitter<\/div>\n<p><\/a><a class=\"td-social-sharing-button td-social-sharing-button-js td-social-network td-social-pinterest\" href=\"https:\/\/pinterest.com\/pin\/create\/button\/?url=https:\/\/voceatimisului.ro\/scolile-din-ghiroda-dotate-cu-echipamente-digitale-printr-un-proiect-finantat-din-pnrr\/&amp;media=https:\/\/voceatimisului.ro\/wp-content\/uploads\/2025\/10\/scolile-din-ghiroda-1-scaled.webp&amp;description=%C8%98colile+din+Ghiroda%2C+dotate+cu+echipamente+digitale+printr-un+proiect+finan%C8%9Bat+din+PNRR\" title=\"Pinterest\" rel=\"noopener\"><\/p>\n<div class=\"td-social-but-text\">Pinterest<\/div>\n<p><\/a><a class=\"td-social-sharing-button td-social-sharing-button-js td-social-network td-social-whatsapp\" href=\"https:\/\/api.whatsapp.com\/send?text=%C8%98colile+din+Ghiroda%2C+dotate+cu+echipamente+digitale+printr-un+proiect+finan%C8%9Bat+din+PNRR%20%0A%0A%20https:\/\/voceatimisului.ro\/scolile-din-ghiroda-dotate-cu-echipamente-digitale-printr-un-proiect-finantat-din-pnrr\/\" title=\"WhatsApp\" rel=\"noopener\"><\/p>\n<div class=\"td-social-but-text\">WhatsApp<\/div>\n<p><\/a><a class=\"td-social-sharing-button td-social-sharing-button-js td-social-network td-social-linkedin\" href=\"https:\/\/www.linkedin.com\/shareArticle?mini=true&amp;url=https:\/\/voceatimisului.ro\/scolile-din-ghiroda-dotate-cu-echipamente-digitale-printr-un-proiect-finantat-din-pnrr\/&amp;title=%C8%98colile+din+Ghiroda%2C+dotate+cu+echipamente+digitale+printr-un+proiect+finan%C8%9Bat+din+PNRR\" title=\"Linkedin\" rel=\"noopener\"><\/p>\n<div class=\"td-social-but-text\">Linkedin<\/div>\n<p><\/a><a class=\"td-social-sharing-button td-social-sharing-button-js td-social-network td-social-copy_url\" href=\"https:\/\/voceatimisului.ro\/scolile-din-ghiroda-dotate-cu-echipamente-digitale-printr-un-proiect-finantat-din-pnrr\/\" title=\"Copy URL\" rel=\"noopener\"><\/p>\n<div class=\"td-social-but-text\">Copy URL<\/div>\n<p><\/a><\/div>\n<\/div>\n<\/div>\n<div class=\"td_block_wrap tdb_single_next_prev tdi_76 td-animation-stack td-next-prev-img-on td-pb-border-top td_block_template_1\" data-td-block-uid=\"tdi_76\">\n<div class=\"tdb-block-inner td-fix-index\">\n<div class=\"tdb-next-post tdb-next-post-bg tdb-post-prev\"><span>Articolul precedent<\/span><\/p>\n<div class=\"td-module-container\">\n<div class=\"td-image-container\"><a class=\"td-image-wrap\" href=\"https:\/\/voceatimisului.ro\/politia-locala-timisoara-a-amendat-un-mort-pentru-ca-n-avea-bilet\/\"><img loading=\"lazy\" decoding=\"async\" class=\"td-next-prev-image td-fix-index td-lazy-img\" title=\"Poli\u021bia Local\u0103 Timi\u0219oara a amendat un mort pentru c\u0103 n-avea bilet\" width=\"696\" height=\"928\" src=\"https:\/\/voceatimisului.ro\/wp-content\/uploads\/2025\/10\/politia-locala-timisoara-2-696x928.webp\"><\/a><\/div>\n<div class=\"next-prev-title\"><a href=\"https:\/\/voceatimisului.ro\/politia-locala-timisoara-a-amendat-un-mort-pentru-ca-n-avea-bilet\/\">Poli\u021bia Local\u0103 Timi\u0219oara a amendat un mort pentru c\u0103 n-avea bilet<\/a><\/div>\n<\/div>\n<\/div>\n<div class=\"tdb-next-post tdb-next-post-bg tdb-post-next\"><span>Articolul urm\u0103tor<\/span><\/p>\n<div class=\"td-module-container\">\n<div class=\"td-image-container\"><a class=\"td-image-wrap\" href=\"https:\/\/voceatimisului.ro\/dsvsa-timis-ingroapa-si-porcii-si-adevarul-musamalizare-grosolana-la-hodos\/\"><img loading=\"lazy\" decoding=\"async\" class=\"td-next-prev-image td-fix-index td-lazy-img\" title=\"DSVSA Timi\u0219 \u00eengroap\u0103 \u0219i porcii, \u0219i adev\u0103rul. Mu\u0219amalizare grosolan\u0103 la Hodo\u0219\" width=\"696\" height=\"545\" src=\"https:\/\/voceatimisului.ro\/wp-content\/uploads\/2025\/10\/dsvsa-timis-ingroapa-si-porcii-si-adevarul-musamalizare-grosolana-la-hodos-696x545.webp\"><\/a><\/div>\n<div class=\"next-prev-title\"><a href=\"https:\/\/voceatimisului.ro\/dsvsa-timis-ingroapa-si-porcii-si-adevarul-musamalizare-grosolana-la-hodos\/\">DSVSA Timi\u0219 \u00eengroap\u0103 \u0219i porcii, \u0219i adev\u0103rul. Mu\u0219amalizare grosolan\u0103 la Hodo\u0219<\/a><\/div>\n<\/div>\n<\/div>\n<\/div>\n<\/div>\n<\/div>\n<\/div>\n<\/div>\n<\/div>\n<div class=\"vc_row_inner tdi_86  vc_row vc_inner wpb_row td-pb-row\">\n<div class=\"vc_column_inner tdi_88  wpb_column vc_column_container tdc-inner-column td-pb-span4 td-is-sticky\">\n<div class=\"vc_column-inner\">\n<div class=\"wpb_wrapper\" data-sticky-enabled-on=\"W3RydWUsdHJ1ZSx0cnVlLHRydWVd\" data-sticky-offset=\"20\" data-sticky-is-width-auto=\"W2ZhbHNlLGZhbHNlLGZhbHNlLGZhbHNlXQ==\">\n<div class=\"td_block_wrap tdb_single_related tdi_89 td_with_ajax_pagination td-pb-border-top td_block_template_1 tdb-single-related-posts\" data-td-block-uid=\"tdi_89\">\n<div id=\"tdi_89\" class=\"td_block_inner tdb-block-inner td-fix-index\">\n<div class=\"tdb_module_related td_module_wrap td-animation-stack td-meta-info-hide\">\n<div class=\"td-module-container td-category-pos-image\">\n<div class=\"td-module-meta-info\">\n<h3 class=\"entry-title td-module-title\"><a href=\"https:\/\/voceatimisului.ro\/microbuze-electrice-pentru-elevii-din-timis-prin-fonduri-pnrr\/\" rel=\"bookmark\" title=\"Microbuze electrice pentru elevii din Timi\u0219, prin fonduri PNRR\">Microbuze electrice pentru elevii din Timi\u0219, prin fonduri PNRR<\/a><\/h3>\n<\/div>\n<\/div>\n<\/div>\n<div class=\"tdb_module_related td_module_wrap td-animation-stack td-meta-info-hide\">\n<div class=\"td-module-container td-category-pos-image\">\n<div class=\"td-module-meta-info\">\n<h3 class=\"entry-title td-module-title\"><a href=\"https:\/\/voceatimisului.ro\/politia-locala-ghiroda-verifica-terenurile-neingrijite-din-ghiroda-si-giarmata-vii-proprietarii-vor-primi-somatii\/\" rel=\"bookmark\" title=\"Poli\u021bia Local\u0103 Ghiroda verific\u0103 terenurile ne\u00eengrijite din Ghiroda \u0219i Giarmata Vii. Proprietarii vor primi soma\u021bii\">Poli\u021bia Local\u0103 Ghiroda verific\u0103 terenurile ne\u00eengrijite din Ghiroda \u0219i Giarmata Vii. Proprietarii vor primi soma\u021bii<\/a><\/h3>\n<\/div>\n<\/div>\n<\/div>\n<div class=\"tdb_module_related td_module_wrap td-animation-stack td-meta-info-hide\">\n<div class=\"td-module-container td-category-pos-image\">\n<div class=\"td-module-meta-info\">\n<h3 class=\"entry-title td-module-title\"><a href=\"https:\/\/voceatimisului.ro\/ruga-de-la-ghiroda-doua-zile-de-sarbatoare-muzica-si-traditie\/\" rel=\"bookmark\" title=\"Ruga de la Ghiroda \u2013 dou\u0103 zile de s\u0103rb\u0103toare, muzic\u0103 \u0219i tradi\u021bie\">Ruga de la Ghiroda \u2013 dou\u0103 zile de s\u0103rb\u0103toare, muzic\u0103 \u0219i tradi\u021bie<\/a><\/h3>\n<\/div>\n<\/div>\n<\/div>\n<\/div>\n<\/div>\n<\/div>\n<\/div>\n<\/div>\n<div class=\"vc_column_inner tdi_91  wpb_column vc_column_container tdc-inner-column td-pb-span8\">\n<div class=\"vc_column-inner\">\n<div class=\"wpb_wrapper\">\n<div class=\"td_block_wrap tdb_single_comments tdi_92 tdb-comm-layout2 td-pb-border-top td_block_template_2\" data-td-block-uid=\"tdi_92\">\n<div class=\"tdb-block-inner td-fix-index\">\n<div class=\"comments\" id=\"comments\">\n<div id=\"respond\" class=\"comment-respond\">\n<h3 id=\"reply-title\" class=\"comment-reply-title\">L\u0102SA\u021aI UN MESAJ <small><a rel=\"nofollow\" id=\"cancel-comment-reply-link\" href=\"https:\/\/voceatimisului.ro\/scolile-din-ghiroda-dotate-cu-echipamente-digitale-printr-un-proiect-finantat-din-pnrr\/#respond\">Renun\u021ba\u021bi la r\u0103spuns<\/a><\/small><\/h3>\n<div class=\"comment-form-input-wrap td-form-comment\">\n<div class=\"td-warning-comment\">V\u0103 rug\u0103m s\u0103 introduce\u021bi comentariul dvs.!<\/div>\n<\/div>\n<div class=\"comment-form-input-wrap td-form-author\">\n<div class=\"td-warning-author\">Introduce\u021bi aici numele dvs.<\/div>\n<\/div>\n<div class=\"comment-form-input-wrap td-form-email\">\n<div class=\"td-warning-email-error\">A\u021bi introdus o adres\u0103 de e-mail incorect\u0103!<\/div>\n<div class=\"td-warning-email\">V\u0103 rug\u0103m s\u0103 introduce\u021bi adresa dvs. de e-mail aici<\/div>\n<\/div>\n<\/div>\n<\/div>\n<\/div>\n<\/div>\n<\/div>\n<\/div>\n<\/div>\n<\/div>\n<\/div>\n<\/div>\n<div class=\"vc_column tdi_94  wpb_column vc_column_container tdc-column td-pb-span4 td-is-sticky\">\n<div class=\"wpb_wrapper\" data-sticky-enabled-on=\"W3RydWUsdHJ1ZSx0cnVlLHRydWVd\" data-sticky-offset=\"20\" data-sticky-is-width-auto=\"W2ZhbHNlLGZhbHNlLGZhbHNlLGZhbHNlXQ==\">\n<div class=\"vc_row_inner tdi_96  vc_row vc_inner wpb_row td-pb-row\">\n<div class=\"vc_column_inner tdi_98  wpb_column vc_column_container tdc-inner-column td-pb-span12\">\n<div class=\"vc_column-inner\">\n<div class=\"wpb_wrapper\">\n<div class=\"td_block_wrap td_block_title tdi_99 td-pb-border-top td_block_template_11 td-fix-index\" data-td-block-uid=\"tdi_99\">\n<div class=\"td-block-title-wrap\">\n<h4 class=\"td-block-title\"><span class=\"td-pulldown-size\">ANUN\u021aURI \u0218I PUBLICITATE<\/span><\/h4>\n<\/div>\n<\/div>\n<\/div>\n<\/div>\n<\/div>\n<\/div>\n<div class=\"wpb_wrapper td_block_wrap vc_widget_sidebar tdi_101 \">\n<aside id=\"block-10\" class=\"td_block_template_1 widget block-10 widget_block widget_media_image\">\n<figure class=\"wp-block-image size-full\"><a href=\"https:\/\/adpghiroda.ro\/index.html\" target=\"_blank\" rel=\" noreferrer noopener\"><img decoding=\"async\" loading=\"eager\" width=\"960\" height=\"960\" src=\"https:\/\/voceatimisului.ro\/wp-content\/uploads\/2025\/03\/ADP-Ghiroda2.jpg\" alt class=\"wp-image-171492\"><\/a><\/figure>\n<\/aside>\n<aside id=\"block-11\" class=\"td_block_template_1 widget block-11 widget_block widget_media_image\">\n<figure class=\"wp-block-image size-full\"><a href=\"https:\/\/adpghiroda.ro\/index.html\" target=\"_blank\" rel=\" noreferrer noopener\"><img decoding=\"async\" loading=\"eager\" width=\"960\" height=\"960\" src=\"https:\/\/voceatimisului.ro\/wp-content\/uploads\/2025\/03\/ADP-Ghiroda1.jpg\" alt class=\"wp-image-171491\"><\/a><\/figure>\n<\/aside>\n<aside id=\"block-17\" class=\"td_block_template_1 widget block-17 widget_block widget_media_image\">\n<figure class=\"wp-block-image size-large is-resized\"><a href=\"https:\/\/verde.events\/\" target=\"_blank\" rel=\" noreferrer noopener\"><img decoding=\"async\" loading=\"lazy\" width=\"1024\" height=\"683\" src=\"https:\/\/voceatimisului.ro\/wp-content\/uploads\/2025\/08\/Verde-Events-24-1024x683.jpg\" alt=\"Verde Events\" class=\"wp-image-174395\"><\/a><figcaption class=\"wp-element-caption\"><strong><em>O experien\u021b\u0103 unic\u0103 pentru orice tip de eveniment<\/em><\/strong><\/figcaption><\/figure>\n<\/aside>\n<\/div>\n<div class=\"td_block_wrap td_flex_block_1 tdi_107 td-pb-border-top td_block_template_1 td_ajax_preloading_preload td_flex_block\" data-td-block-uid=\"tdi_107\">\n<div id=\"tdi_107\" class=\"td_block_inner td-mc1-wrap\">\n<div class=\"td_module_flex td_module_flex_1 td_module_wrap td-animation-stack td-meta-info-hide td-cpt-post\">\n<div class=\"td-module-container td-category-pos-image\">\n<div class=\"td-module-meta-info\">\n<h3 class=\"entry-title td-module-title\"><a href=\"https:\/\/voceatimisului.ro\/ceai-de-poveste-la-biblioteca-universitatii-politehnica-din-timisoara\/\" rel=\"bookmark\" title=\"Ceai de poveste, la Biblioteca Universitatii Politehnica din Timisoara\">Ceai de poveste, la Biblioteca Universitatii Politehnica din Timisoara<\/a><\/h3>\n<\/div>\n<\/div>\n<\/div>\n<div class=\"td_module_flex td_module_flex_1 td_module_wrap td-animation-stack td-meta-info-hide td-cpt-post\">\n<div class=\"td-module-container td-category-pos-image\">\n<div class=\"td-module-meta-info\">\n<h3 class=\"entry-title td-module-title\"><a href=\"https:\/\/voceatimisului.ro\/investitii-importante-scolile-din-timisoara-unde-se-vor-face-lucrari-de-modernizare\/\" rel=\"bookmark\" title=\"Investi\u0163ii importante \u00een \u015fcolile din Timi\u015foara. Unde se vor face lucr\u0103ri de modernizare\">Investi\u0163ii importante \u00een \u015fcolile din Timi\u015foara. Unde se vor face lucr\u0103ri de modernizare<\/a><\/h3>\n<\/div>\n<\/div>\n<\/div>\n<div class=\"td_module_flex td_module_flex_1 td_module_wrap td-animation-stack td-meta-info-hide td-cpt-post\">\n<div class=\"td-module-container td-category-pos-image\">\n<div class=\"td-module-meta-info\">\n<h3 class=\"entry-title td-module-title\"><a href=\"https:\/\/voceatimisului.ro\/emotii-pentru-peste-3-500-de-elevi-din-timis-inceput-bacalaureatul\/\" rel=\"bookmark\" title=\"Emo\u0163ii pentru peste 3.500 de elevi din Timi\u015f. A \u00eenceput Bacalaureatul! UPDATE 5 elevi elimina\u0163i din examen\">Emo\u0163ii pentru peste 3.500 de elevi din Timi\u015f. A \u00eenceput Bacalaureatul! UPDATE 5 elevi elimina\u0163i din examen<\/a><\/h3>\n<\/div>\n<\/div>\n<\/div>\n<div class=\"td_module_flex td_module_flex_1 td_module_wrap td-animation-stack td-meta-info-hide td-cpt-post\">\n<div class=\"td-module-container td-category-pos-image\">\n<div class=\"td-module-meta-info\">\n<h3 class=\"entry-title td-module-title\"><a href=\"https:\/\/voceatimisului.ro\/studentii-uvt-protesteaza-rectorul-universitatii-ii-sustine-sunt-mandru-de-acesti-tineri-cu-initiativa\/\" rel=\"bookmark\" title=\"Studen\u021bii UVT protesteaz\u0103, rectorul Universit\u0103\u021bii \u00eei sus\u021bine! \u201eSunt m\u00e2ndru de ace\u0219ti tineri cu ini\u021biativ\u0103\u201d\">Studen\u021bii UVT protesteaz\u0103, rectorul Universit\u0103\u021bii \u00eei sus\u021bine! \u201eSunt m\u00e2ndru de ace\u0219ti tineri cu ini\u021biativ\u0103\u201d<\/a><\/h3>\n<\/div>\n<\/div>\n<\/div>\n<div class=\"td_module_flex td_module_flex_1 td_module_wrap td-animation-stack td-meta-info-hide td-cpt-post\">\n<div class=\"td-module-container td-category-pos-image\">\n<div class=\"td-module-meta-info\">\n<h3 class=\"entry-title td-module-title\"><a href=\"https:\/\/voceatimisului.ro\/marilen-pirtea-rectorul-uvt-invatamantul-romanesc-sufera-de-o-subfinantare-cronica-structurala-si-profunda\/\" rel=\"bookmark\" title=\"Marilen Pirtea, Rectorul UVT: \u00cenv\u0103\u021b\u0103m\u00e2ntul rom\u00e2nesc sufer\u0103 de o subfinan\u021bare cronic\u0103, structural\u0103 \u0219i profund\u0103\">Marilen Pirtea, Rectorul UVT: \u00cenv\u0103\u021b\u0103m\u00e2ntul rom\u00e2nesc sufer\u0103 de o subfinan\u021bare cronic\u0103, structural\u0103 \u0219i profund\u0103<\/a><\/h3>\n<\/div>\n<\/div>\n<\/div>\n<\/div>\n<\/div>\n<\/div>\n<\/div>\n<\/div>\n<\/div>\n<\/div>\n<\/div>\n<p><span class=\"td-page-meta\"><\/span><span class=\"td-page-meta\"><span class=\"td-page-meta\"><\/span><\/span><span class=\"td-page-meta\"><\/span><\/article>\n<p> Source URL: https:\/\/voceatimisului.ro\/scolile-din-ghiroda-dotate-cu-echipamente-digitale-printr-un-proiect-finantat-din-pnrr\/<\/p>\n","protected":false},"excerpt":{"rendered":"<p>\u0218tiriEduca\u021bie \u0218colile din Ghiroda, dotate cu echipamente digitale printr-un proiect finan\u021bat din PNRR Investi\u021bie de peste 1,4 milioane de lei pentru modernizarea unit\u0103\u021bilor de \u00eenv\u0103\u021b\u0103m\u00e2nt. Autor-Ioana Danciu 10 octombrie 2025 0 1260 Facebook Twitter Pinterest WhatsApp Linkedin Copy URL \u0218colile din Ghiroda-1 Prim\u0103ria Ghiroda lanseaz\u0103 PUZ Tineri 2025: \u0219ans\u0103 real\u0103 pentru tinerii din comun\u0103 \u0218coala [&hellip;]<\/p>\n","protected":false},"author":1,"featured_media":0,"comment_status":"open","ping_status":"","sticky":false,"template":"","format":"standard","meta":{"footnotes":""},"categories":[89],"tags":[199],"class_list":["post-1053712","post","type-post","status-publish","format-standard","hentry","category-romania","tag-voceatimisului-ro"],"_links":{"self":[{"href":"https:\/\/analyse.optim.biz\/index.php?rest_route=\/wp\/v2\/posts\/1053712","targetHints":{"allow":["GET"]}}],"collection":[{"href":"https:\/\/analyse.optim.biz\/index.php?rest_route=\/wp\/v2\/posts"}],"about":[{"href":"https:\/\/analyse.optim.biz\/index.php?rest_route=\/wp\/v2\/types\/post"}],"author":[{"embeddable":true,"href":"https:\/\/analyse.optim.biz\/index.php?rest_route=\/wp\/v2\/users\/1"}],"replies":[{"embeddable":true,"href":"https:\/\/analyse.optim.biz\/index.php?rest_route=%2Fwp%2Fv2%2Fcomments&post=1053712"}],"version-history":[{"count":0,"href":"https:\/\/analyse.optim.biz\/index.php?rest_route=\/wp\/v2\/posts\/1053712\/revisions"}],"wp:attachment":[{"href":"https:\/\/analyse.optim.biz\/index.php?rest_route=%2Fwp%2Fv2%2Fmedia&parent=1053712"}],"wp:term":[{"taxonomy":"category","embeddable":true,"href":"https:\/\/analyse.optim.biz\/index.php?rest_route=%2Fwp%2Fv2%2Fcategories&post=1053712"},{"taxonomy":"post_tag","embeddable":true,"href":"https:\/\/analyse.optim.biz\/index.php?rest_route=%2Fwp%2Fv2%2Ftags&post=1053712"}],"curies":[{"name":"wp","href":"https:\/\/api.w.org\/{rel}","templated":true}]}}