{"id":1053616,"date":"2020-04-28T13:52:21","date_gmt":"2020-04-28T10:52:21","guid":{"rendered":"https:\/\/analyse.optim.biz\/?p=1053616"},"modified":"2020-04-28T13:52:21","modified_gmt":"2020-04-28T10:52:21","slug":"raport-soc-al-corpului-de-control-al-premierului-jaf-la-cfr-calatori","status":"publish","type":"post","link":"https:\/\/analyse.optim.biz\/?p=1053616","title":{"rendered":"Raport \u0219oc al Corpului de Control al premierului: Jaf la CFR C\u0103l\u0103tori!"},"content":{"rendered":"<article id=\"post-2904\" class=\"post-2904 post type-post status-publish format-standard has-post-thumbnail hentry category-articol-principal category-ultimele-stiri tag-cfr-calatori tag-jaf tag-membri-ca tag-raport-de-control\">\n<div class=\"td-pb-row\">\n<div class=\"td-pb-span12\">\n<div class=\"td-post-header td-pb-padding-side\">\n<div class=\"entry-crumbs\"><span><a title class=\"entry-crumb\" href=\"https:\/\/subiectivtulcea.ro\/\">Acas\u0103<\/a><\/span><span><a title=\"Vede\u021bi toate articolele \u00een Articol Principal\" class=\"entry-crumb\" href=\"https:\/\/subiectivtulcea.ro\/category\/articol-principal\/\">Articol Principal<\/a><\/span><span class=\"td-bred-no-url-last\">Raport \u0219oc al Corpului de Control al premierului: Jaf la CFR C\u0103l\u0103tori!<\/span><\/div>\n<ul class=\"td-category\">\n<li class=\"entry-category\"><a href=\"https:\/\/subiectivtulcea.ro\/category\/articol-principal\/\">Articol Principal<\/a><\/li>\n<li class=\"entry-category\"><a href=\"https:\/\/subiectivtulcea.ro\/category\/ultimele-stiri\/\">Ultimele \u0218tiri<\/a><\/li>\n<\/ul>\n<header>\n<h1 class=\"entry-title\">Raport \u0219oc al Corpului de Control al premierului: Jaf la CFR C\u0103l\u0103tori!<\/h1>\n<div class=\"meta-info\">\n<div class=\"td-post-author-name\">\n<div class=\"td-author-by\">De c\u0103tre<\/div>\n<p><a href=\"https:\/\/subiectivtulcea.ro\/author\/sorin\/\">Stefan Vasilescu<\/a><\/p>\n<div class=\"td-author-line\"> &#8211; <\/div>\n<\/div>\n<p><span class=\"td-post-date\"><time class=\"entry-date updated td-module-date\" datetime=\"2020-04-28T13:52:21+00:00\">aprilie 28, 2020<\/time><\/span><\/p>\n<div class=\"td-post-views\"><span class=\"td-nr-views-2904\">1835<\/span><\/div>\n<div class=\"td-post-comments\"><a href=\"https:\/\/subiectivtulcea.ro\/raport-soc-al-corpului-de-control-al-premierului-jaf-la-cfr-calatori\/#respond\">0<\/a><\/div>\n<\/div>\n<\/header>\n<\/div>\n<\/div>\n<\/div>\n<div class=\"td-pb-row\">\n<div class=\"td-pb-span8 td-main-content\" role=\"main\">\n<div class=\"td-ss-main-content\">\n<div class=\"td-post-sharing td-post-sharing-top td-pb-padding-side\"><span class=\"td-post-share-title\">DISTRIBUI\u021aI<\/span><\/p>\n<div class=\"td-default-sharing \"><a class=\"td-social-sharing-buttons td-social-facebook\" href=\"https:\/\/www.facebook.com\/sharer.php?u=https%3A%2F%2Fsubiectivtulcea.ro%2Fraport-soc-al-corpului-de-control-al-premierului-jaf-la-cfr-calatori%2F\"><\/p>\n<div class=\"td-social-but-text\">Facebook<\/div>\n<p><\/a><a class=\"td-social-sharing-buttons td-social-twitter\" href=\"https:\/\/twitter.com\/intent\/tweet?text=Raport+%C8%99oc+al+Corpului+de+Control+al+premierului%3A+Jaf+la+CFR+C%C4%83l%C4%83tori%21&amp;url=https%3A%2F%2Fsubiectivtulcea.ro%2Fraport-soc-al-corpului-de-control-al-premierului-jaf-la-cfr-calatori%2F&amp;via=Subiectiv+De+Tulcea+-+Cotidianul+Cu+Stiri+Pe+Surse\"><\/p>\n<div class=\"td-social-but-text\">Twitter<\/div>\n<p><\/a><\/div>\n<\/div>\n<div class=\"td-post-content td-pb-padding-side\">\n<div class=\"td-post-featured-image\"><a href=\"https:\/\/subiectivtulcea.ro\/wp-content\/uploads\/2018\/09\/trenurile-soarelui-cfr.jpg\" data-caption><img loading=\"lazy\" decoding=\"async\" width=\"640\" height=\"359\" class=\"entry-thumb td-modal-image\" src=\"https:\/\/subiectivtulcea.ro\/wp-content\/uploads\/2018\/09\/trenurile-soarelui-cfr-640x359.jpg\" alt title=\"trenurile soarelui cfr\"><\/a><\/div>\n<p><strong>CFR C\u0103l\u0103tori a pus directori f\u0103r\u0103 subalterni \u0219i a \u00eenfiin\u021bat departamente-fantom\u0103. Constat\u0103rile au fost f\u0103cute de echipa de control a primului ministru \u0219i au fost trimise procurorilor DNA.<\/strong><\/p>\n<p>CFR C\u0103l\u0103tori a simulat punerea \u00een executare a unor hot\u0103r\u00e2ri judec\u0103tore\u0219ti, care obligau compania s\u0103 reintegreze fo\u0219ti directori demi\u0219i abuziv.<\/p>\n<p>A\u0219a s-a ajuns \u00een situa\u021bia \u00een care fo\u0219tii directori erau pl\u0103ti\u021bi f\u0103r\u0103 s\u0103 aib\u0103 vreo atribu\u021bie, neav\u00e2nd \u00een subordine niciun alt angajat, relateaz\u0103 <a href=\"https:\/\/cetateanul.net\/articol-principal\/raport-soc-al-corpului-de-control-al-premierului-jaf-la-cfr-calatori\/\"><strong>ziarul Cet\u0103\u021beanul<\/strong><\/a>.<\/p>\n<p><strong>\u201eStatul paralel\u201d de la CFR C\u0103l\u0103tori<\/strong><\/p>\n<p>\u201eAu fost \u00eenfiin\u021bate func\u021bii de conducere (dou\u0103 func\u021bii de director \u0219i una de director general adjunct al societ\u0103\u021bii) f\u0103r\u0103 a le fi alocate resurse organiza\u021bionale corespunz\u0103toare, respectiv f\u0103r\u0103 a li se asigura personal \u0219i compartimente func\u021bionale subordonate\u201d, se arat\u0103 \u00een Raportul Corpului de Control.<\/p>\n<p>A\u0219a s-a ajuns ca CFR C\u0103l\u0103tori s\u0103 aib\u0103 structuri paralele: o direc\u021bie cu personal angajat, subordonat\u0103 directorului general, iar o alta f\u0103r\u0103 al\u021bi angaja\u021bi dec\u00e2t directorii reintegra\u021bi \u00een urma hot\u0103r\u00e2rilor judec\u0103tore\u0219ti.<\/p>\n<p>\u201eModific\u0103rile succesive ale structurii organizatorice au avut ca rezultat, \u00een cele din urm\u0103, existen\u021ba unui num\u0103r de dou\u0103 compartimente func\u021bionale cu activitate stabilit\u0103 (prin Regulamentul de Organizare \u0219i Func\u021bionare) \u00een domeniul resurselor umane, respectiv: o direc\u021bie, f\u0103r\u0103 personal alocat \u00een afara directorului \u0219i subordonat\u0103 directorului general adjunct; un serviciu aflat \u00een subordonarea direct\u0103 a directorului general\u201d, se arat\u0103 \u00een document.<\/p>\n<p>Potrivit Corpului de Congtrol, \u00eentre aceste compartimente, care apar\u021bin unor lan\u021buri decizionale paralele, nu au fost prev\u0103zute <strong>rela\u021bii func\u021bionale<\/strong>.<\/p>\n<p><strong>Membrii CA CFR C\u0103l\u0103tori: mandat provizoriu, f\u0103r\u0103 obliga\u021bii<\/strong><\/p>\n<p>O alt\u0103 practic\u0103 la CFR C\u0103l\u0103tori, potrivit raportului Corpului de Control, era evitarea sistematic\u0103 de organizarea a selec\u021biei membrilor Consiliului de Administra\u021bie.<\/p>\n<p>De\u0219i legea obliga CFR C\u0103l\u0103tori s\u0103 organizeze proceduri de selec\u021bie a membrilor Consiliului de Administra\u021bie, compania a evitat acest lucru. Astfel, cei mai mul\u021bi dintre membrii CA, \u00een perioada 2017-2019, aveau mandate provizorii, pentru a putea fi revoca\u021bi mai u\u0219or.<\/p>\n<p>\u201e\u00cen componen\u021ba CA au fost numi\u021bi \u00een perioada 01.01.2017\u201331.12.2019, prin acordarea unor mandate provizorii, f\u0103r\u0103 finalizarea unei proceduri de selec\u021bie derulat\u0103 \u00een conformitate cu prevederile Ordonan\u0163ei de urgen\u021b\u0103 a Guvernului nr. 109\/2011 privind guvernan\u0163a corporativ\u0103 a \u00eentreprinderilor publice, un num\u0103r de 22 de persoane, cu toate c\u0103 prevederile art. 60 din actul normativ invocat a prev\u0103zut obliga\u021bia numirii administratorilor pe baza procedurii de selec\u021bie reglementat\u0103 \u00een acest sens\u201d, se arat\u0103 \u00een raport.<\/p>\n<p>Consecin\u021ba acestei practici nu s-a l\u0103sat a\u0219teptat\u0103: \u201eAdministrarea CFR C\u0103l\u0103tori s-a realizat \u00een lipsa unor indicatori-cheie de performan\u021b\u0103 integra\u021bi contractului de mandat \u00eencheiat cu membrii CA, f\u0103r\u0103 stabilirea unor obiective \u0219i criterii de performan\u021b\u0103, respectiv \u00een lipsa unor instrumente de evaluare a eficien\u021bei activit\u0103\u021bii administratorilor \u0219i de m\u0103surare a performan\u021bei acestora, asumate de ambele p\u0103r\u021bi ale contractului de mandat. \u00cen acest context, lipsa de formalizare, comunicare, asumare \u015fi gestionare a proceselor de m\u0103surare a performan\u021bei CFR C\u0103l\u0103tori a avut ca efect inexisten\u021ba unor obliga\u021bii con\u021binute \u00een contractul de mandat \u00eencheiat cu administratorii provizorii, inexisten\u021ba unor criterii de evaluare a acestora \u0219i, implicit lipsa unui plan de administrare care s\u0103 includ\u0103 \u201estrategia de administrare pe durata mandatului pentru atingerea obiectivelor \u0219i criteriilor de performan\u021b\u0103 stabilite (\u2026)\u201d.<\/p>\n<p>\u00a0<\/p>\n<\/div>\n<footer>\n<div class=\"td-post-source-tags td-pb-padding-side\">\n<ul class=\"td-tags td-post-small-box clearfix\">\n<li><span>ETICHETE<\/span><\/li>\n<li><a href=\"https:\/\/subiectivtulcea.ro\/tag\/cfr-calatori\/\">cfr calatori<\/a><\/li>\n<li><a href=\"https:\/\/subiectivtulcea.ro\/tag\/jaf\/\">jaf<\/a><\/li>\n<li><a href=\"https:\/\/subiectivtulcea.ro\/tag\/membri-ca\/\">membri ca<\/a><\/li>\n<li><a href=\"https:\/\/subiectivtulcea.ro\/tag\/raport-de-control\/\">raport de control<\/a><\/li>\n<\/ul>\n<\/div>\n<div class=\"td-post-sharing td-post-sharing-bottom td-pb-padding-side\"><span class=\"td-post-share-title\">DISTRIBUI\u021aI<\/span><\/p>\n<div class=\"td-default-sharing td-with-like\"><a class=\"td-social-sharing-buttons td-social-facebook\" href=\"https:\/\/www.facebook.com\/sharer.php?u=https%3A%2F%2Fsubiectivtulcea.ro%2Fraport-soc-al-corpului-de-control-al-premierului-jaf-la-cfr-calatori%2F\"><\/p>\n<div class=\"td-social-but-text\">Facebook<\/div>\n<p><\/a><a class=\"td-social-sharing-buttons td-social-twitter\" href=\"https:\/\/twitter.com\/intent\/tweet?text=Raport+%C8%99oc+al+Corpului+de+Control+al+premierului%3A+Jaf+la+CFR+C%C4%83l%C4%83tori%21&amp;url=https%3A%2F%2Fsubiectivtulcea.ro%2Fraport-soc-al-corpului-de-control-al-premierului-jaf-la-cfr-calatori%2F&amp;via=Subiectiv+De+Tulcea+-+Cotidianul+Cu+Stiri+Pe+Surse\"><\/p>\n<div class=\"td-social-but-text\">Twitter<\/div>\n<p><\/a><\/div>\n<div class=\"td-classic-sharing\">\n<ul>\n<li class=\"td-classic-facebook\"><iframe frameborder src=\"https:\/\/www.facebook.com\/plugins\/like.php?href=https:\/\/subiectivtulcea.ro\/raport-soc-al-corpului-de-control-al-premierului-jaf-la-cfr-calatori\/&amp;layout=button_count&amp;show_faces=false&amp;width=105&amp;action=like&amp;colorscheme=light&amp;height=21\"><\/iframe><\/li>\n<li class=\"td-classic-twitter\"><a href=\"https:\/\/twitter.com\/share\" class=\"twitter-share-button\" data-url=\"https:\/\/subiectivtulcea.ro\/raport-soc-al-corpului-de-control-al-premierului-jaf-la-cfr-calatori\/\" data-text=\"Raport \u0219oc al Corpului de Control al premierului: Jaf la CFR C\u0103l\u0103tori!\" data-via data-lang=\"en\">tweet<\/a><\/li>\n<\/ul>\n<\/div>\n<\/div>\n<div class=\"td-block-row td-post-next-prev\">\n<div class=\"td-block-span6 td-post-prev-post\">\n<div class=\"td-post-next-prev-content\"><span>Articolul precedent<\/span><a href=\"https:\/\/subiectivtulcea.ro\/razii-pentru-combaterea-braconajului-piscicol-in-delta-dunarii\/\">Razii pentru combaterea braconajului piscicol \u00een Delta Dun\u0103rii<\/a><\/div>\n<\/div>\n<div class=\"td-block-span6 td-post-next-post\">\n<div class=\"td-post-next-prev-content\"><span>Articolul urm\u0103tor<\/span><a href=\"https:\/\/subiectivtulcea.ro\/tulcea-trafic-rutier-restrictionat-din-cauza-exercitiilor-militare-romano-americane-din-babadag\/\">Tulcea: Trafic rutier restric\u0163ionat, din cauza exerci\u0163iilor militare rom\u00e2no-americane din Babadag<\/a><\/div>\n<\/div>\n<\/div>\n<div class=\"author-box-wrap\"><a href=\"https:\/\/subiectivtulcea.ro\/author\/sorin\/\"><img loading=\"lazy\" decoding=\"async\" alt src=\"https:\/\/secure.gravatar.com\/avatar\/4054b95552868c8c392af45ec328ee34?s=96&amp;d=mm&amp;r=g\" class=\"avatar avatar-96 photo\" height=\"96\" width=\"96\"><\/a><\/p>\n<div class=\"desc\">\n<div class=\"td-author-name vcard author\"><span class=\"fn\"><a href=\"https:\/\/subiectivtulcea.ro\/author\/sorin\/\">Stefan Vasilescu<\/a><\/span><\/div>\n<\/div>\n<\/div>\n<p><span><\/span><span><span><\/span><\/span><span><\/span><\/footer>\n<div class=\"td_block_wrap td_block_related_posts td_uid_5_693dd252d2d57_rand td_with_ajax_pagination td-pb-border-top td_block_template_1\" data-td-block-uid=\"td_uid_5_693dd252d2d57\">\n<h4 class=\"td-related-title\"><a id=\"td_uid_6_693dd252d76f4\" class=\"td-related-left td-cur-simple-item\" data-td_filter_value data-td_block_id=\"td_uid_5_693dd252d2d57\" href=\"https:\/\/subiectivtulcea.ro\/raport-soc-al-corpului-de-control-al-premierului-jaf-la-cfr-calatori\/\">ARTICOLE SIMILARE<\/a><a id=\"td_uid_7_693dd252d7740\" class=\"td-related-right\" data-td_filter_value=\"td_related_more_from_author\" data-td_block_id=\"td_uid_5_693dd252d2d57\" href=\"https:\/\/subiectivtulcea.ro\/raport-soc-al-corpului-de-control-al-premierului-jaf-la-cfr-calatori\/\">DE LA ACELA\u0218I AUTOR<\/a><\/h4>\n<div id=\"td_uid_5_693dd252d2d57\" class=\"td_block_inner\">\n<div class=\"td-related-row\">\n<div class=\"td-related-span4\">\n<div class=\"td_module_related_posts td-animation-stack td_mod_related_posts\">\n<div class=\"td-module-image\">\n<div class=\"td-module-thumb\"><a href=\"https:\/\/subiectivtulcea.ro\/ministrul-sanatatii-trebuie-sa-ne-obisnuim-ca-pe-perioada-verii-sa-avem-ca-vecin-virusul\/\" rel=\"bookmark\" title=\"Ministrul San\u0103t\u0103\u021bii: Trebuie s\u0103 ne obi\u015fnuim ca pe perioada verii s\u0103 avem ca vecin virusul\"><img loading=\"lazy\" decoding=\"async\" width=\"238\" height=\"178\" class=\"entry-thumb\" src=\"https:\/\/subiectivtulcea.ro\/wp-content\/uploads\/2020\/03\/izoleta-coronavirus-238x178.jpg\" alt title=\"Ministrul San\u0103t\u0103\u021bii: Trebuie s\u0103 ne obi\u015fnuim ca pe perioada verii s\u0103 avem ca vecin virusul\"><\/a><\/div>\n<\/div>\n<div class=\"item-details\">\n<h3 class=\"entry-title td-module-title\"><a href=\"https:\/\/subiectivtulcea.ro\/ministrul-sanatatii-trebuie-sa-ne-obisnuim-ca-pe-perioada-verii-sa-avem-ca-vecin-virusul\/\" rel=\"bookmark\" title=\"Ministrul San\u0103t\u0103\u021bii: Trebuie s\u0103 ne obi\u015fnuim ca pe perioada verii s\u0103 avem ca vecin virusul\">Ministrul San\u0103t\u0103\u021bii: Trebuie s\u0103 ne obi\u015fnuim ca pe perioada verii s\u0103 avem ca vecin virusul<\/a><\/h3>\n<\/div>\n<\/div>\n<\/div>\n<div class=\"td-related-span4\">\n<div class=\"td_module_related_posts td-animation-stack td_mod_related_posts\">\n<div class=\"td-module-image\">\n<div class=\"td-module-thumb\"><a href=\"https:\/\/subiectivtulcea.ro\/lucrarile-la-podul-peste-dunare-intarziate-din-cauza-procedurii-exproprierilor\/\" rel=\"bookmark\" title=\"Lucr\u0103rile la Podul peste Dun\u0103re, \u00eent\u00e2rziate din cauza procedurii exproprierilor\"><img loading=\"lazy\" decoding=\"async\" width=\"238\" height=\"178\" class=\"entry-thumb\" src=\"https:\/\/subiectivtulcea.ro\/wp-content\/uploads\/2019\/07\/pod-Dunare-238x178.jpg\" alt title=\"Lucr\u0103rile la Podul peste Dun\u0103re, \u00eent\u00e2rziate din cauza procedurii exproprierilor\"><\/a><\/div>\n<\/div>\n<div class=\"item-details\">\n<h3 class=\"entry-title td-module-title\"><a href=\"https:\/\/subiectivtulcea.ro\/lucrarile-la-podul-peste-dunare-intarziate-din-cauza-procedurii-exproprierilor\/\" rel=\"bookmark\" title=\"Lucr\u0103rile la Podul peste Dun\u0103re, \u00eent\u00e2rziate din cauza procedurii exproprierilor\">Lucr\u0103rile la Podul peste Dun\u0103re, \u00eent\u00e2rziate din cauza procedurii exproprierilor<\/a><\/h3>\n<\/div>\n<\/div>\n<\/div>\n<div class=\"td-related-span4\">\n<div class=\"td_module_related_posts td-animation-stack td_mod_related_posts\">\n<div class=\"td-module-image\">\n<div class=\"td-module-thumb\"><a href=\"https:\/\/subiectivtulcea.ro\/tulcea-atentionare-pentru-persoanele-care-doresc-sa-lucreze-in-strainatate\/\" rel=\"bookmark\" title=\"TULCEA Aten\u021bionare pentru persoanele care doresc s\u0103 lucreze \u00een str\u0103in\u0103tate\"><img loading=\"lazy\" decoding=\"async\" width=\"238\" height=\"178\" class=\"entry-thumb\" src=\"https:\/\/subiectivtulcea.ro\/wp-content\/uploads\/2018\/07\/targ-joburi-238x178.jpg\" alt title=\"TULCEA Aten\u021bionare pentru persoanele care doresc s\u0103 lucreze \u00een str\u0103in\u0103tate\"><\/a><\/div>\n<\/div>\n<div class=\"item-details\">\n<h3 class=\"entry-title td-module-title\"><a href=\"https:\/\/subiectivtulcea.ro\/tulcea-atentionare-pentru-persoanele-care-doresc-sa-lucreze-in-strainatate\/\" rel=\"bookmark\" title=\"TULCEA Aten\u021bionare pentru persoanele care doresc s\u0103 lucreze \u00een str\u0103in\u0103tate\">TULCEA Aten\u021bionare pentru persoanele care doresc s\u0103 lucreze \u00een str\u0103in\u0103tate<\/a><\/h3>\n<\/div>\n<\/div>\n<\/div>\n<\/div>\n<\/div>\n<\/div>\n<div class=\"comments\" id=\"comments\">\n<div id=\"respond\" class=\"comment-respond\">\n<h3 id=\"reply-title\" class=\"comment-reply-title\">L\u0102SA\u021aI UN MESAJ <small><a rel=\"nofollow\" id=\"cancel-comment-reply-link\" href=\"https:\/\/subiectivtulcea.ro\/raport-soc-al-corpului-de-control-al-premierului-jaf-la-cfr-calatori\/#respond\">Renun\u021ba\u021bi la r\u0103spuns<\/a><\/small><\/h3>\n<div class=\"comment-form-input-wrap td-form-comment\">\n<div class=\"td-warning-comment\">Please enter your comment!<\/div>\n<\/div>\n<div class=\"comment-form-input-wrap td-form-author\">\n<div class=\"td-warning-author\">Please enter your name here<\/div>\n<\/div>\n<div class=\"comment-form-input-wrap td-form-email\">\n<div class=\"td-warning-email-error\">You have entered an incorrect email address!<\/div>\n<div class=\"td-warning-email\">Please enter your email address here<\/div>\n<\/div>\n<div class=\"gglcptch gglcptch_v2\">\n<div>\n<div>\n<div>\n\t\t\t\t\t\t\t\t\n\t\t\t\t\t\t\t<\/div>\n<\/div>\n<\/div>\n<\/div>\n<\/div>\n<\/div>\n<\/div>\n<\/div>\n<div class=\"td-pb-span4 td-main-sidebar td-pb-border-top\" role=\"complementary\">\n<div class=\"td-ss-main-sidebar\">\n<div class=\"td-a-rec td-a-rec-id-sidebar  td_uid_8_693dd252db702_rand td_block_template_1\"><span class=\"td-adspot-title\">&#8211; Advertisement &#8211;<\/span><\/p>\n<div class=\"td-all-devices\"><a href=\"https:\/\/subiectivtulcea.ro\/raport-soc-al-corpului-de-control-al-premierului-jaf-la-cfr-calatori\/\"><img decoding=\"async\" src=\"https:\/\/custom-web.ro\/subiectiv\/wp-content\/uploads\/2017\/11\/vizual-Maximia-TV_cartela-Vodafone.jpg\"><\/a><\/div>\n<\/div>\n<div class=\"td_block_wrap td_block_9 td_block_widget td_uid_9_693dd252dba9e_rand td_with_ajax_pagination td-pb-border-top td_block_template_1\" data-td-block-uid=\"td_uid_9_693dd252dba9e\">\n<h4 class=\"block-title\"><span class=\"td-pulldown-size\">CITESTE SI &#8230;<\/span><\/h4>\n<div id=\"td_uid_9_693dd252dba9e\" class=\"td_block_inner\">\n<div class=\"td-block-span12\">\n<div class=\"td_module_8 td_module_wrap\">\n<div class=\"item-details\">\n<h3 class=\"entry-title td-module-title\"><a href=\"https:\/\/subiectivtulcea.ro\/tulcea-hotelierii-critica-taxa-de-1-pentru-promovarea-turistica-a-orasului\/\" rel=\"bookmark\" title=\"Tulcea: Hotelierii critic\u0103 taxa de 1% pentru promovarea turistic\u0103 a ora\u015fului\">Tulcea: Hotelierii critic\u0103 taxa de 1% pentru promovarea turistic\u0103 a ora\u015fului<\/a><\/h3>\n<div class=\"meta-info\"><span class=\"td-post-author-name\"><a href=\"https:\/\/subiectivtulcea.ro\/author\/sorin\/\">Stefan Vasilescu<\/a><span>&#8211;<\/span><\/span><span class=\"td-post-date\"><time class=\"entry-date updated td-module-date\" datetime=\"2020-01-21T08:37:35+00:00\">ianuarie 21, 2020<\/time><\/span><\/div>\n<\/div>\n<\/div>\n<\/div>\n<div class=\"td-block-span12\">\n<div class=\"td_module_8 td_module_wrap\">\n<div class=\"item-details\">\n<h3 class=\"entry-title td-module-title\"><a href=\"https:\/\/subiectivtulcea.ro\/tulcea-adolescenta-disparuta-de-acasa\/\" rel=\"bookmark\" title=\"Tulcea: Adolescent\u0103 disp\u0103rut\u0103 de acas\u0103\">Tulcea: Adolescent\u0103 disp\u0103rut\u0103 de acas\u0103<\/a><\/h3>\n<div class=\"meta-info\"><span class=\"td-post-author-name\"><a href=\"https:\/\/subiectivtulcea.ro\/author\/sorin\/\">Stefan Vasilescu<\/a><span>&#8211;<\/span><\/span><span class=\"td-post-date\"><time class=\"entry-date updated td-module-date\" datetime=\"2019-07-30T09:28:11+00:00\">iulie 30, 2019<\/time><\/span><\/div>\n<\/div>\n<\/div>\n<\/div>\n<div class=\"td-block-span12\">\n<div class=\"td_module_8 td_module_wrap\">\n<div class=\"item-details\">\n<h3 class=\"entry-title td-module-title\"><a href=\"https:\/\/subiectivtulcea.ro\/elev-tulcean-premiant-la-olimpiada-internationala-de-limba-franceza\/\" rel=\"bookmark\" title=\"Elev tulcean, premiant la Olimpiada Interna\u0163ional\u0103 de Limba Francez\u0103\">Elev tulcean, premiant la Olimpiada Interna\u0163ional\u0103 de Limba Francez\u0103<\/a><\/h3>\n<div class=\"meta-info\"><span class=\"td-post-author-name\"><a href=\"https:\/\/subiectivtulcea.ro\/author\/sorin\/\">Stefan Vasilescu<\/a><span>&#8211;<\/span><\/span><span class=\"td-post-date\"><time class=\"entry-date updated td-module-date\" datetime=\"2019-10-02T08:10:13+00:00\">octombrie 2, 2019<\/time><\/span><\/div>\n<\/div>\n<\/div>\n<\/div>\n<div class=\"td-block-span12\">\n<div class=\"td_module_8 td_module_wrap\">\n<div class=\"item-details\">\n<h3 class=\"entry-title td-module-title\"><a href=\"https:\/\/subiectivtulcea.ro\/delta-rowmania-triathlon-ungaria-si-belgia-au-castigat-cupa-europeana-de-triatlon-pentru-juniori\/\" rel=\"bookmark\" title=\"Delta Rowmania Triathlon: Ungaria \u015fi Belgia au c\u00e2\u015ftigat Cupa european\u0103 de triatlon pentru juniori\">Delta Rowmania Triathlon: Ungaria \u015fi Belgia au c\u00e2\u015ftigat Cupa european\u0103 de triatlon pentru juniori<\/a><\/h3>\n<div class=\"meta-info\"><span class=\"td-post-author-name\"><a href=\"https:\/\/subiectivtulcea.ro\/author\/sorin\/\">Stefan Vasilescu<\/a><span>&#8211;<\/span><\/span><span class=\"td-post-date\"><time class=\"entry-date updated td-module-date\" datetime=\"2019-08-26T08:40:50+00:00\">august 26, 2019<\/time><\/span><\/div>\n<\/div>\n<\/div>\n<\/div>\n<div class=\"td-block-span12\">\n<div class=\"td_module_8 td_module_wrap\">\n<div class=\"item-details\">\n<h3 class=\"entry-title td-module-title\"><a href=\"https:\/\/subiectivtulcea.ro\/tulcea-federatia-pescarilor-din-delta-vrea-fonduri-europene-pentru-adaposturi-plutitoare\/\" rel=\"bookmark\" title=\"Tulcea: Fonduri europene pentru ad\u0103posturi plutitoare\">Tulcea: Fonduri europene pentru ad\u0103posturi plutitoare<\/a><\/h3>\n<div class=\"meta-info\"><span class=\"td-post-author-name\"><a href=\"https:\/\/subiectivtulcea.ro\/author\/sorin\/\">Stefan Vasilescu<\/a><span>&#8211;<\/span><\/span><span class=\"td-post-date\"><time class=\"entry-date updated td-module-date\" datetime=\"2019-03-22T08:27:01+00:00\">martie 22, 2019<\/time><\/span><\/div>\n<\/div>\n<\/div>\n<\/div>\n<\/div>\n<\/div>\n<\/div>\n<\/div>\n<\/div>\n<\/article>\n<p> Source URL: https:\/\/subiectivtulcea.ro\/raport-soc-al-corpului-de-control-al-premierului-jaf-la-cfr-calatori\/<\/p>\n","protected":false},"excerpt":{"rendered":"<p>Acas\u0103Articol PrincipalRaport \u0219oc al Corpului de Control al premierului: Jaf la CFR C\u0103l\u0103tori! Articol Principal Ultimele \u0218tiri Raport \u0219oc al Corpului de Control al premierului: Jaf la CFR C\u0103l\u0103tori! De c\u0103tre Stefan Vasilescu &#8211; aprilie 28, 2020 1835 0 DISTRIBUI\u021aI Facebook Twitter CFR C\u0103l\u0103tori a pus directori f\u0103r\u0103 subalterni \u0219i a \u00eenfiin\u021bat departamente-fantom\u0103. Constat\u0103rile au [&hellip;]<\/p>\n","protected":false},"author":1,"featured_media":0,"comment_status":"open","ping_status":"","sticky":false,"template":"","format":"standard","meta":{"footnotes":""},"categories":[89],"tags":[222],"class_list":["post-1053616","post","type-post","status-publish","format-standard","hentry","category-romania","tag-subiectivtulcea-ro"],"_links":{"self":[{"href":"https:\/\/analyse.optim.biz\/index.php?rest_route=\/wp\/v2\/posts\/1053616","targetHints":{"allow":["GET"]}}],"collection":[{"href":"https:\/\/analyse.optim.biz\/index.php?rest_route=\/wp\/v2\/posts"}],"about":[{"href":"https:\/\/analyse.optim.biz\/index.php?rest_route=\/wp\/v2\/types\/post"}],"author":[{"embeddable":true,"href":"https:\/\/analyse.optim.biz\/index.php?rest_route=\/wp\/v2\/users\/1"}],"replies":[{"embeddable":true,"href":"https:\/\/analyse.optim.biz\/index.php?rest_route=%2Fwp%2Fv2%2Fcomments&post=1053616"}],"version-history":[{"count":0,"href":"https:\/\/analyse.optim.biz\/index.php?rest_route=\/wp\/v2\/posts\/1053616\/revisions"}],"wp:attachment":[{"href":"https:\/\/analyse.optim.biz\/index.php?rest_route=%2Fwp%2Fv2%2Fmedia&parent=1053616"}],"wp:term":[{"taxonomy":"category","embeddable":true,"href":"https:\/\/analyse.optim.biz\/index.php?rest_route=%2Fwp%2Fv2%2Fcategories&post=1053616"},{"taxonomy":"post_tag","embeddable":true,"href":"https:\/\/analyse.optim.biz\/index.php?rest_route=%2Fwp%2Fv2%2Ftags&post=1053616"}],"curies":[{"name":"wp","href":"https:\/\/api.w.org\/{rel}","templated":true}]}}