{"id":1053614,"date":"2020-04-29T10:22:13","date_gmt":"2020-04-29T07:22:13","guid":{"rendered":"https:\/\/analyse.optim.biz\/?p=1053614"},"modified":"2020-04-29T10:22:13","modified_gmt":"2020-04-29T07:22:13","slug":"ministrul-sanatatii-trebuie-sa-ne-obisnuim-ca-pe-perioada-verii-sa-avem","status":"publish","type":"post","link":"https:\/\/analyse.optim.biz\/?p=1053614","title":{"rendered":"Ministrul San\u0103t\u0103\u021bii: Trebuie s\u0103 ne obi\u015fnuim ca pe perioada verii s\u0103 avem&#8230;"},"content":{"rendered":"<article id=\"post-2913\" class=\"post-2913 post type-post status-publish format-standard has-post-thumbnail hentry category-articol-principal category-ultimele-stiri tag-coronavirus tag-covid-19 tag-masuri\">\n<div class=\"td-pb-row\">\n<div class=\"td-pb-span12\">\n<div class=\"td-post-header td-pb-padding-side\">\n<div class=\"entry-crumbs\"><span><a title class=\"entry-crumb\" href=\"https:\/\/subiectivtulcea.ro\/\">Acas\u0103<\/a><\/span><span><a title=\"Vede\u021bi toate articolele \u00een Articol Principal\" class=\"entry-crumb\" href=\"https:\/\/subiectivtulcea.ro\/category\/articol-principal\/\">Articol Principal<\/a><\/span><span class=\"td-bred-no-url-last\">Ministrul San\u0103t\u0103\u021bii: Trebuie s\u0103 ne obi\u015fnuim ca pe perioada verii s\u0103 avem&#8230;<\/span><\/div>\n<ul class=\"td-category\">\n<li class=\"entry-category\"><a href=\"https:\/\/subiectivtulcea.ro\/category\/articol-principal\/\">Articol Principal<\/a><\/li>\n<li class=\"entry-category\"><a href=\"https:\/\/subiectivtulcea.ro\/category\/ultimele-stiri\/\">Ultimele \u0218tiri<\/a><\/li>\n<\/ul>\n<header>\n<h1 class=\"entry-title\">Ministrul San\u0103t\u0103\u021bii: Trebuie s\u0103 ne obi\u015fnuim ca pe perioada verii s\u0103 avem ca vecin virusul<\/h1>\n<div class=\"meta-info\">\n<div class=\"td-post-author-name\">\n<div class=\"td-author-by\">De c\u0103tre<\/div>\n<p><a href=\"https:\/\/subiectivtulcea.ro\/author\/sorin\/\">Stefan Vasilescu<\/a><\/p>\n<div class=\"td-author-line\"> &#8211; <\/div>\n<\/div>\n<p><span class=\"td-post-date\"><time class=\"entry-date updated td-module-date\" datetime=\"2020-04-29T10:22:13+00:00\">aprilie 29, 2020<\/time><\/span><\/p>\n<div class=\"td-post-views\"><span class=\"td-nr-views-2913\">2199<\/span><\/div>\n<div class=\"td-post-comments\"><a href=\"https:\/\/subiectivtulcea.ro\/ministrul-sanatatii-trebuie-sa-ne-obisnuim-ca-pe-perioada-verii-sa-avem-ca-vecin-virusul\/#respond\">0<\/a><\/div>\n<\/div>\n<\/header>\n<\/div>\n<\/div>\n<\/div>\n<div class=\"td-pb-row\">\n<div class=\"td-pb-span8 td-main-content\" role=\"main\">\n<div class=\"td-ss-main-content\">\n<div class=\"td-post-sharing td-post-sharing-top td-pb-padding-side\"><span class=\"td-post-share-title\">DISTRIBUI\u021aI<\/span><\/p>\n<div class=\"td-default-sharing \"><a class=\"td-social-sharing-buttons td-social-facebook\" href=\"https:\/\/www.facebook.com\/sharer.php?u=https%3A%2F%2Fsubiectivtulcea.ro%2Fministrul-sanatatii-trebuie-sa-ne-obisnuim-ca-pe-perioada-verii-sa-avem-ca-vecin-virusul%2F\"><\/p>\n<div class=\"td-social-but-text\">Facebook<\/div>\n<p><\/a><a class=\"td-social-sharing-buttons td-social-twitter\" href=\"https:\/\/twitter.com\/intent\/tweet?text=Ministrul+San%C4%83t%C4%83%C8%9Bii%3A+Trebuie+s%C4%83+ne+obi%C5%9Fnuim+ca+pe+perioada+verii+s%C4%83+avem+ca+vecin+virusul&amp;url=https%3A%2F%2Fsubiectivtulcea.ro%2Fministrul-sanatatii-trebuie-sa-ne-obisnuim-ca-pe-perioada-verii-sa-avem-ca-vecin-virusul%2F&amp;via=Subiectiv+De+Tulcea+-+Cotidianul+Cu+Stiri+Pe+Surse\"><\/p>\n<div class=\"td-social-but-text\">Twitter<\/div>\n<p><\/a><\/div>\n<\/div>\n<div class=\"td-post-content td-pb-padding-side\">\n<div class=\"td-post-featured-image\"><a href=\"https:\/\/subiectivtulcea.ro\/wp-content\/uploads\/2020\/03\/izoleta-coronavirus.jpg\" data-caption><img loading=\"lazy\" decoding=\"async\" width=\"640\" height=\"360\" class=\"entry-thumb td-modal-image\" src=\"https:\/\/subiectivtulcea.ro\/wp-content\/uploads\/2020\/03\/izoleta-coronavirus-640x360.jpg\" alt title=\"izoleta coronavirus\"><\/a><\/div>\n<p><strong>Ministrul S\u0103n\u0103t\u0103\u0163ii, Nelu T\u0103taru, a transmis c\u0103 trebuie s\u0103 ne petrecem vara av\u00e2nd ca vecin virusul, iar restric\u0163iile se vor ridica, pe regiuni, \u00een func\u0163ie de evolu\u0163ia COVID-19.<\/strong><\/p>\n<p>Potrivit ministrului S\u0103n\u0103t\u0103\u021bii, \u00een urm\u0103toarele dou\u0103 s\u0103pt\u0103m\u00e2ni ar fi de a\u0219teptat s\u0103 scad\u0103 num\u0103rul cazurilor noi de \u00eemboln\u0103viri.\u00a0Perioada 1-3 mai ar putea dovedi un moment-cheie, care trebuie gestionat foarte atent.\u00a0De asemenea, Nelu T\u0103taru a subliniat c\u0103 restric\u021biile vor fi ridicate pe regiuni, \u00een func\u021bie de evolu\u021bia virusului.<\/p>\n<p>\u201dLa momentul \u00een care vom decide acea relaxare va fi\u00a0 momentul \u00een care consider\u0103m c\u0103 acel risc de transmitere \u00een comunitate este mic. Nu neap\u0103rat s\u0103 ne g\u00e2ndim c\u0103 a disp\u0103rut. Trebuie s\u0103 ne obi\u015fnuim ca pe perioada verii s\u0103 avem ca \u015fi vecin virusul. De aceea, o prim\u0103 etap\u0103 de relaxare va cuprinde strict ni\u015fte libert\u0103\u0163i care le-am pus, s\u0103 spunem, la urm\u0103, c\u00e2nd am impus acele restric\u0163ii. Nu mai exist\u0103 acea declara\u0163ie pe propria r\u0103spundere, va fi liber\u0103 ie\u015firea, dar individual\u0103 sau \u00een grupuri de p\u00e2n\u0103 la trei persoane, vom purta masc\u0103 \u015fi m\u0103nu\u015fi \u00een spa\u0163iile \u00eenchise \u015fi \u00een transportul \u00een comun. Vom merge \u00een magazine, dar la fel, vom intra restric\u0163ionat. Vom ridica restric\u0163iile \u00een condi\u0163iile \u00een care vom observa c\u0103 \u00eentr-o anumit\u0103 regiune, \u00eentr-un anumit focar se poate face acest lucru\u201d, a declarat Nelu T\u0103taru, la\u00a0<a href=\"https:\/\/www.digi24.ro\/stiri\/actualitate\">Digi 24.<\/a><\/p>\n<p>\u00cen Rom\u00e2nia au fost confirmate, p\u00e2n\u0103 acum, 11.616 infec\u021bii cu coronavirus. Autorit\u0103\u021bile fac apel la popula\u021bie s\u0103 se informeze doar din surse oficiale. De asemenea, din cauza COVID-19 au murit 663 de persoane.<\/p>\n<\/div>\n<footer>\n<div class=\"td-post-source-tags td-pb-padding-side\">\n<ul class=\"td-tags td-post-small-box clearfix\">\n<li><span>ETICHETE<\/span><\/li>\n<li><a href=\"https:\/\/subiectivtulcea.ro\/tag\/coronavirus\/\">coronavirus<\/a><\/li>\n<li><a href=\"https:\/\/subiectivtulcea.ro\/tag\/covid-19\/\">covid 19<\/a><\/li>\n<li><a href=\"https:\/\/subiectivtulcea.ro\/tag\/masuri\/\">masuri<\/a><\/li>\n<\/ul>\n<\/div>\n<div class=\"td-post-sharing td-post-sharing-bottom td-pb-padding-side\"><span class=\"td-post-share-title\">DISTRIBUI\u021aI<\/span><\/p>\n<div class=\"td-default-sharing td-with-like\"><a class=\"td-social-sharing-buttons td-social-facebook\" href=\"https:\/\/www.facebook.com\/sharer.php?u=https%3A%2F%2Fsubiectivtulcea.ro%2Fministrul-sanatatii-trebuie-sa-ne-obisnuim-ca-pe-perioada-verii-sa-avem-ca-vecin-virusul%2F\"><\/p>\n<div class=\"td-social-but-text\">Facebook<\/div>\n<p><\/a><a class=\"td-social-sharing-buttons td-social-twitter\" href=\"https:\/\/twitter.com\/intent\/tweet?text=Ministrul+San%C4%83t%C4%83%C8%9Bii%3A+Trebuie+s%C4%83+ne+obi%C5%9Fnuim+ca+pe+perioada+verii+s%C4%83+avem+ca+vecin+virusul&amp;url=https%3A%2F%2Fsubiectivtulcea.ro%2Fministrul-sanatatii-trebuie-sa-ne-obisnuim-ca-pe-perioada-verii-sa-avem-ca-vecin-virusul%2F&amp;via=Subiectiv+De+Tulcea+-+Cotidianul+Cu+Stiri+Pe+Surse\"><\/p>\n<div class=\"td-social-but-text\">Twitter<\/div>\n<p><\/a><\/div>\n<div class=\"td-classic-sharing\">\n<ul>\n<li class=\"td-classic-facebook\"><iframe frameborder src=\"https:\/\/www.facebook.com\/plugins\/like.php?href=https:\/\/subiectivtulcea.ro\/ministrul-sanatatii-trebuie-sa-ne-obisnuim-ca-pe-perioada-verii-sa-avem-ca-vecin-virusul\/&amp;layout=button_count&amp;show_faces=false&amp;width=105&amp;action=like&amp;colorscheme=light&amp;height=21\"><\/iframe><\/li>\n<li class=\"td-classic-twitter\"><a href=\"https:\/\/twitter.com\/share\" class=\"twitter-share-button\" data-url=\"https:\/\/subiectivtulcea.ro\/ministrul-sanatatii-trebuie-sa-ne-obisnuim-ca-pe-perioada-verii-sa-avem-ca-vecin-virusul\/\" data-text=\"Ministrul San\u0103t\u0103\u021bii: Trebuie s\u0103 ne obi\u015fnuim ca pe perioada verii s\u0103 avem ca vecin virusul\" data-via data-lang=\"en\">tweet<\/a><\/li>\n<\/ul>\n<\/div>\n<\/div>\n<div class=\"td-block-row td-post-next-prev\">\n<div class=\"td-block-span6 td-post-prev-post\">\n<div class=\"td-post-next-prev-content\"><span>Articolul precedent<\/span><a href=\"https:\/\/subiectivtulcea.ro\/lucrarile-la-podul-peste-dunare-intarziate-din-cauza-procedurii-exproprierilor\/\">Lucr\u0103rile la Podul peste Dun\u0103re, \u00eent\u00e2rziate din cauza procedurii exproprierilor<\/a><\/div>\n<\/div>\n<\/div>\n<div class=\"author-box-wrap\"><a href=\"https:\/\/subiectivtulcea.ro\/author\/sorin\/\"><img loading=\"lazy\" decoding=\"async\" alt src=\"https:\/\/secure.gravatar.com\/avatar\/4054b95552868c8c392af45ec328ee34?s=96&amp;d=mm&amp;r=g\" class=\"avatar avatar-96 photo\" height=\"96\" width=\"96\"><\/a><\/p>\n<div class=\"desc\">\n<div class=\"td-author-name vcard author\"><span class=\"fn\"><a href=\"https:\/\/subiectivtulcea.ro\/author\/sorin\/\">Stefan Vasilescu<\/a><\/span><\/div>\n<\/div>\n<\/div>\n<p><span><\/span><span><span><\/span><\/span><span><\/span><\/footer>\n<div class=\"td_block_wrap td_block_related_posts td_uid_5_693d4655beaa9_rand td_with_ajax_pagination td-pb-border-top td_block_template_1\" data-td-block-uid=\"td_uid_5_693d4655beaa9\">\n<h4 class=\"td-related-title\"><a id=\"td_uid_6_693d4655c2b43\" class=\"td-related-left td-cur-simple-item\" data-td_filter_value data-td_block_id=\"td_uid_5_693d4655beaa9\" href=\"https:\/\/subiectivtulcea.ro\/ministrul-sanatatii-trebuie-sa-ne-obisnuim-ca-pe-perioada-verii-sa-avem-ca-vecin-virusul\/\">ARTICOLE SIMILARE<\/a><a id=\"td_uid_7_693d4655c2b81\" class=\"td-related-right\" data-td_filter_value=\"td_related_more_from_author\" data-td_block_id=\"td_uid_5_693d4655beaa9\" href=\"https:\/\/subiectivtulcea.ro\/ministrul-sanatatii-trebuie-sa-ne-obisnuim-ca-pe-perioada-verii-sa-avem-ca-vecin-virusul\/\">DE LA ACELA\u0218I AUTOR<\/a><\/h4>\n<div id=\"td_uid_5_693d4655beaa9\" class=\"td_block_inner\">\n<div class=\"td-related-row\">\n<div class=\"td-related-span4\">\n<div class=\"td_module_related_posts td-animation-stack td_mod_related_posts\">\n<div class=\"td-module-image\">\n<div class=\"td-module-thumb\"><a href=\"https:\/\/subiectivtulcea.ro\/lucrarile-la-podul-peste-dunare-intarziate-din-cauza-procedurii-exproprierilor\/\" rel=\"bookmark\" title=\"Lucr\u0103rile la Podul peste Dun\u0103re, \u00eent\u00e2rziate din cauza procedurii exproprierilor\"><img loading=\"lazy\" decoding=\"async\" width=\"238\" height=\"178\" class=\"entry-thumb\" src=\"https:\/\/subiectivtulcea.ro\/wp-content\/uploads\/2019\/07\/pod-Dunare-238x178.jpg\" alt title=\"Lucr\u0103rile la Podul peste Dun\u0103re, \u00eent\u00e2rziate din cauza procedurii exproprierilor\"><\/a><\/div>\n<\/div>\n<div class=\"item-details\">\n<h3 class=\"entry-title td-module-title\"><a href=\"https:\/\/subiectivtulcea.ro\/lucrarile-la-podul-peste-dunare-intarziate-din-cauza-procedurii-exproprierilor\/\" rel=\"bookmark\" title=\"Lucr\u0103rile la Podul peste Dun\u0103re, \u00eent\u00e2rziate din cauza procedurii exproprierilor\">Lucr\u0103rile la Podul peste Dun\u0103re, \u00eent\u00e2rziate din cauza procedurii exproprierilor<\/a><\/h3>\n<\/div>\n<\/div>\n<\/div>\n<div class=\"td-related-span4\">\n<div class=\"td_module_related_posts td-animation-stack td_mod_related_posts\">\n<div class=\"td-module-image\">\n<div class=\"td-module-thumb\"><a href=\"https:\/\/subiectivtulcea.ro\/tulcea-atentionare-pentru-persoanele-care-doresc-sa-lucreze-in-strainatate\/\" rel=\"bookmark\" title=\"TULCEA Aten\u021bionare pentru persoanele care doresc s\u0103 lucreze \u00een str\u0103in\u0103tate\"><img loading=\"lazy\" decoding=\"async\" width=\"238\" height=\"178\" class=\"entry-thumb\" src=\"https:\/\/subiectivtulcea.ro\/wp-content\/uploads\/2018\/07\/targ-joburi-238x178.jpg\" alt title=\"TULCEA Aten\u021bionare pentru persoanele care doresc s\u0103 lucreze \u00een str\u0103in\u0103tate\"><\/a><\/div>\n<\/div>\n<div class=\"item-details\">\n<h3 class=\"entry-title td-module-title\"><a href=\"https:\/\/subiectivtulcea.ro\/tulcea-atentionare-pentru-persoanele-care-doresc-sa-lucreze-in-strainatate\/\" rel=\"bookmark\" title=\"TULCEA Aten\u021bionare pentru persoanele care doresc s\u0103 lucreze \u00een str\u0103in\u0103tate\">TULCEA Aten\u021bionare pentru persoanele care doresc s\u0103 lucreze \u00een str\u0103in\u0103tate<\/a><\/h3>\n<\/div>\n<\/div>\n<\/div>\n<div class=\"td-related-span4\">\n<div class=\"td_module_related_posts td-animation-stack td_mod_related_posts\">\n<div class=\"td-module-image\">\n<div class=\"td-module-thumb\"><a href=\"https:\/\/subiectivtulcea.ro\/tulcea-trafic-rutier-restrictionat-din-cauza-exercitiilor-militare-romano-americane-din-babadag\/\" rel=\"bookmark\" title=\"Tulcea: Trafic rutier restric\u0163ionat, din cauza exerci\u0163iilor militare rom\u00e2no-americane din Babadag\"><img loading=\"lazy\" decoding=\"async\" width=\"238\" height=\"178\" class=\"entry-thumb\" src=\"https:\/\/subiectivtulcea.ro\/wp-content\/uploads\/2019\/03\/militar-Babadag-238x178.jpg\" alt title=\"Tulcea: Trafic rutier restric\u0163ionat, din cauza exerci\u0163iilor militare rom\u00e2no-americane din Babadag\"><\/a><\/div>\n<\/div>\n<div class=\"item-details\">\n<h3 class=\"entry-title td-module-title\"><a href=\"https:\/\/subiectivtulcea.ro\/tulcea-trafic-rutier-restrictionat-din-cauza-exercitiilor-militare-romano-americane-din-babadag\/\" rel=\"bookmark\" title=\"Tulcea: Trafic rutier restric\u0163ionat, din cauza exerci\u0163iilor militare rom\u00e2no-americane din Babadag\">Tulcea: Trafic rutier restric\u0163ionat, din cauza exerci\u0163iilor militare rom\u00e2no-americane din Babadag<\/a><\/h3>\n<\/div>\n<\/div>\n<\/div>\n<\/div>\n<\/div>\n<\/div>\n<div class=\"comments\" id=\"comments\">\n<div id=\"respond\" class=\"comment-respond\">\n<h3 id=\"reply-title\" class=\"comment-reply-title\">L\u0102SA\u021aI UN MESAJ <small><a rel=\"nofollow\" id=\"cancel-comment-reply-link\" href=\"https:\/\/subiectivtulcea.ro\/ministrul-sanatatii-trebuie-sa-ne-obisnuim-ca-pe-perioada-verii-sa-avem-ca-vecin-virusul\/#respond\">Renun\u021ba\u021bi la r\u0103spuns<\/a><\/small><\/h3>\n<div class=\"comment-form-input-wrap td-form-comment\">\n<div class=\"td-warning-comment\">Please enter your comment!<\/div>\n<\/div>\n<div class=\"comment-form-input-wrap td-form-author\">\n<div class=\"td-warning-author\">Please enter your name here<\/div>\n<\/div>\n<div class=\"comment-form-input-wrap td-form-email\">\n<div class=\"td-warning-email-error\">You have entered an incorrect email address!<\/div>\n<div class=\"td-warning-email\">Please enter your email address here<\/div>\n<\/div>\n<div class=\"gglcptch gglcptch_v2\">\n<div>\n<div>\n<div>\n\t\t\t\t\t\t\t\t\n\t\t\t\t\t\t\t<\/div>\n<\/div>\n<\/div>\n<\/div>\n<\/div>\n<\/div>\n<\/div>\n<\/div>\n<div class=\"td-pb-span4 td-main-sidebar td-pb-border-top\" role=\"complementary\">\n<div class=\"td-ss-main-sidebar\">\n<div class=\"td-a-rec td-a-rec-id-sidebar  td_uid_8_693d4655c4e04_rand td_block_template_1\"><span class=\"td-adspot-title\">&#8211; Advertisement &#8211;<\/span><\/p>\n<div class=\"td-all-devices\"><a href=\"https:\/\/subiectivtulcea.ro\/ministrul-sanatatii-trebuie-sa-ne-obisnuim-ca-pe-perioada-verii-sa-avem-ca-vecin-virusul\/\"><img decoding=\"async\" src=\"https:\/\/custom-web.ro\/subiectiv\/wp-content\/uploads\/2017\/11\/vizual-Maximia-TV_cartela-Vodafone.jpg\"><\/a><\/div>\n<\/div>\n<div class=\"td_block_wrap td_block_9 td_block_widget td_uid_9_693d4655c502d_rand td_with_ajax_pagination td-pb-border-top td_block_template_1\" data-td-block-uid=\"td_uid_9_693d4655c502d\">\n<h4 class=\"block-title\"><span class=\"td-pulldown-size\">CITESTE SI &#8230;<\/span><\/h4>\n<div id=\"td_uid_9_693d4655c502d\" class=\"td_block_inner\">\n<div class=\"td-block-span12\">\n<div class=\"td_module_8 td_module_wrap\">\n<div class=\"item-details\">\n<h3 class=\"entry-title td-module-title\"><a href=\"https:\/\/subiectivtulcea.ro\/centrul-teritorial-tulcea-al-academiei-de-studii-economice-a-inceput-admiterea-la-licenta\/\" rel=\"bookmark\" title=\"Centrul Teritorial Tulcea al Academiei de Studii Economice a \u00eenceput admiterea la licen\u0163\u0103\">Centrul Teritorial Tulcea al Academiei de Studii Economice a \u00eenceput admiterea la licen\u0163\u0103<\/a><\/h3>\n<div class=\"meta-info\"><span class=\"td-post-author-name\"><a href=\"https:\/\/subiectivtulcea.ro\/author\/sorin\/\">Stefan Vasilescu<\/a><span>&#8211;<\/span><\/span><span class=\"td-post-date\"><time class=\"entry-date updated td-module-date\" datetime=\"2018-09-11T18:01:21+00:00\">septembrie 11, 2018<\/time><\/span><\/div>\n<\/div>\n<\/div>\n<\/div>\n<div class=\"td-block-span12\">\n<div class=\"td_module_8 td_module_wrap\">\n<div class=\"item-details\">\n<h3 class=\"entry-title td-module-title\"><a href=\"https:\/\/subiectivtulcea.ro\/826-de-focare-de-pesta-porcina-africana-in-190-de-localitati-din-unsprezece-judete\/\" rel=\"bookmark\" title=\"826 de focare de pest\u0103 porcin\u0103 african\u0103, \u00een 190 de localit\u0103\u0163i din unsprezece jude\u0163e\">826 de focare de pest\u0103 porcin\u0103 african\u0103, \u00een 190 de localit\u0103\u0163i din unsprezece jude\u0163e<\/a><\/h3>\n<div class=\"meta-info\"><span class=\"td-post-author-name\"><a href=\"https:\/\/subiectivtulcea.ro\/author\/sorin\/\">Stefan Vasilescu<\/a><span>&#8211;<\/span><\/span><span class=\"td-post-date\"><time class=\"entry-date updated td-module-date\" datetime=\"2018-09-07T15:35:23+00:00\">septembrie 7, 2018<\/time><\/span><\/div>\n<\/div>\n<\/div>\n<\/div>\n<div class=\"td-block-span12\">\n<div class=\"td_module_8 td_module_wrap\">\n<div class=\"item-details\">\n<h3 class=\"entry-title td-module-title\"><a href=\"https:\/\/subiectivtulcea.ro\/tulcea-amenzi-de-6-000-de-lei-aplicate-transportatorilor-din-delta\/\" rel=\"bookmark\" title=\"Tulcea: Amenzi de 6.000 de lei aplicate transportatorilor din Delt\u0103\">Tulcea: Amenzi de 6.000 de lei aplicate transportatorilor din Delt\u0103<\/a><\/h3>\n<div class=\"meta-info\"><span class=\"td-post-author-name\"><a href=\"https:\/\/subiectivtulcea.ro\/author\/sorin\/\">Stefan Vasilescu<\/a><span>&#8211;<\/span><\/span><span class=\"td-post-date\"><time class=\"entry-date updated td-module-date\" datetime=\"2019-08-19T07:22:21+00:00\">august 19, 2019<\/time><\/span><\/div>\n<\/div>\n<\/div>\n<\/div>\n<div class=\"td-block-span12\">\n<div class=\"td_module_8 td_module_wrap\">\n<div class=\"item-details\">\n<h3 class=\"entry-title td-module-title\"><a href=\"https:\/\/subiectivtulcea.ro\/mina-navala-observata-pe-bratul-chilia\/\" rel=\"bookmark\" title=\"\u00cenc\u0103 o min\u0103 naval\u0103, observat\u0103 pe Bra\u0163ul Chilia\">\u00cenc\u0103 o min\u0103 naval\u0103, observat\u0103 pe Bra\u0163ul Chilia<\/a><\/h3>\n<div class=\"meta-info\"><span class=\"td-post-author-name\"><a href=\"https:\/\/subiectivtulcea.ro\/author\/sorin\/\">Stefan Vasilescu<\/a><span>&#8211;<\/span><\/span><span class=\"td-post-date\"><time class=\"entry-date updated td-module-date\" datetime=\"2018-04-17T14:22:05+00:00\">aprilie 17, 2018<\/time><\/span><\/div>\n<\/div>\n<\/div>\n<\/div>\n<div class=\"td-block-span12\">\n<div class=\"td_module_8 td_module_wrap\">\n<div class=\"item-details\">\n<h3 class=\"entry-title td-module-title\"><a href=\"https:\/\/subiectivtulcea.ro\/cine-a-pus-la-cale-sabotajul-agrodelta-sireasa\/\" rel=\"bookmark\" title=\"Cine a pus la cale sabotajul Agrodelta Sireasa\">Cine a pus la cale sabotajul Agrodelta Sireasa<\/a><\/h3>\n<div class=\"meta-info\"><span class=\"td-post-author-name\"><a href=\"https:\/\/subiectivtulcea.ro\/author\/sorin\/\">Stefan Vasilescu<\/a><span>&#8211;<\/span><\/span><span class=\"td-post-date\"><time class=\"entry-date updated td-module-date\" datetime=\"2018-09-20T16:15:44+00:00\">septembrie 20, 2018<\/time><\/span><\/div>\n<\/div>\n<\/div>\n<\/div>\n<\/div>\n<\/div>\n<\/div>\n<\/div>\n<\/div>\n<\/article>\n<p> Source URL: https:\/\/subiectivtulcea.ro\/ministrul-sanatatii-trebuie-sa-ne-obisnuim-ca-pe-perioada-verii-sa-avem-ca-vecin-virusul\/<\/p>\n","protected":false},"excerpt":{"rendered":"<p>Acas\u0103Articol PrincipalMinistrul San\u0103t\u0103\u021bii: Trebuie s\u0103 ne obi\u015fnuim ca pe perioada verii s\u0103 avem&#8230; Articol Principal Ultimele \u0218tiri Ministrul San\u0103t\u0103\u021bii: Trebuie s\u0103 ne obi\u015fnuim ca pe perioada verii s\u0103 avem ca vecin virusul De c\u0103tre Stefan Vasilescu &#8211; aprilie 29, 2020 2199 0 DISTRIBUI\u021aI Facebook Twitter Ministrul S\u0103n\u0103t\u0103\u0163ii, Nelu T\u0103taru, a transmis c\u0103 trebuie s\u0103 ne [&hellip;]<\/p>\n","protected":false},"author":1,"featured_media":0,"comment_status":"open","ping_status":"","sticky":false,"template":"","format":"standard","meta":{"footnotes":""},"categories":[89],"tags":[222],"class_list":["post-1053614","post","type-post","status-publish","format-standard","hentry","category-romania","tag-subiectivtulcea-ro"],"_links":{"self":[{"href":"https:\/\/analyse.optim.biz\/index.php?rest_route=\/wp\/v2\/posts\/1053614","targetHints":{"allow":["GET"]}}],"collection":[{"href":"https:\/\/analyse.optim.biz\/index.php?rest_route=\/wp\/v2\/posts"}],"about":[{"href":"https:\/\/analyse.optim.biz\/index.php?rest_route=\/wp\/v2\/types\/post"}],"author":[{"embeddable":true,"href":"https:\/\/analyse.optim.biz\/index.php?rest_route=\/wp\/v2\/users\/1"}],"replies":[{"embeddable":true,"href":"https:\/\/analyse.optim.biz\/index.php?rest_route=%2Fwp%2Fv2%2Fcomments&post=1053614"}],"version-history":[{"count":0,"href":"https:\/\/analyse.optim.biz\/index.php?rest_route=\/wp\/v2\/posts\/1053614\/revisions"}],"wp:attachment":[{"href":"https:\/\/analyse.optim.biz\/index.php?rest_route=%2Fwp%2Fv2%2Fmedia&parent=1053614"}],"wp:term":[{"taxonomy":"category","embeddable":true,"href":"https:\/\/analyse.optim.biz\/index.php?rest_route=%2Fwp%2Fv2%2Fcategories&post=1053614"},{"taxonomy":"post_tag","embeddable":true,"href":"https:\/\/analyse.optim.biz\/index.php?rest_route=%2Fwp%2Fv2%2Ftags&post=1053614"}],"curies":[{"name":"wp","href":"https:\/\/api.w.org\/{rel}","templated":true}]}}