{"id":1053480,"date":"2025-12-10T18:02:09","date_gmt":"2025-12-10T15:02:09","guid":{"rendered":"https:\/\/analyse.optim.biz\/?p=1053480"},"modified":"2025-12-10T18:02:09","modified_gmt":"2025-12-10T15:02:09","slug":"din-nou-aparatura-de-ultima-generatie-la-maternitatea-valceana","status":"publish","type":"post","link":"https:\/\/analyse.optim.biz\/?p=1053480","title":{"rendered":"Din nou, aparatur\u0103 de ultim\u0103 genera\u021bie, la Maternitatea v\u00e2lcean\u0103!"},"content":{"rendered":"<article id=\"195628\" class=\"post-195628 post type-post status-publish format-standard has-post-thumbnail hentry category-actualitate category-sanatate category-social\">\n<header class=\"post-header\">\n<ul class=\"breadcrumbs\">\n<li><a href=\"https:\/\/www.curierul.ro\">Home<\/a><\/li>\n<li class=\"breadcrumbs-active .category-actualitate\"><a href=\"https:\/\/www.curierul.ro\/index.php?cat=1615\">Actualitate<\/a><\/li>\n<li class=\"breadcrumbs-active .category-actualitate\">Din nou, aparatur\u0103 de ultim\u0103 genera\u021bie, la Maternitatea v\u00e2lcean\u0103!<\/li>\n<\/ul>\n<div class=\"featured-photo\"><img loading=\"lazy\" decoding=\"async\" width=\"1154\" height=\"2048\" src=\"https:\/\/i0.wp.com\/www.curierul.ro\/wp-content\/uploads\/2025\/12\/IMG-20251210-WA0025.jpg?fit=169%2C300&amp;ssl=1\" class=\"attachment-single size-single wp-post-image\" alt><\/div>\n<h1 class=\"headline\">Din nou, aparatur\u0103 de ultim\u0103 genera\u021bie, la Maternitatea v\u00e2lcean\u0103!<\/h1>\n<p class=\"byline\">\n\t\tScris de<a href=\"https:\/\/www.curierul.ro\/author\/comunicat-de-presa\/\">Comunicat de pres\u0103<\/a>, \t\t10 decembrie 2025\t\t\t\t<\/p>\n<hr>\n<\/header>\n<p>\u00cen luna mai a anului viitor vom \u00eencepe modernizarea complet\u0103 a Maternit\u0103\u021bii din R\u00e2mnicu V\u00e2lcea. Proiectul are o valoare de peste 12 milioane de euro \u0219i va schimba \u00een totalitate condi\u021biile \u00een care sunt \u00eengrijite mamele \u0219i copiii.<\/p>\n<p>P\u00e2n\u0103 atunci, continu\u0103m investi\u021biile \u00een s\u0103n\u0103tate, prin construirea de cl\u0103diri noi de spital \u0219i \u00een dotarea cu aparatur\u0103 medical\u0103.<\/p>\n<p>Printr-un proiect de aproape 10 milioane lei, finan\u021bat prin Ministerul S\u0103n\u0103t\u0103\u021bii \u0219i Consiliul Jude\u021bean V\u00e2lcea, dot\u0103m blocul operator \u0219i mai multe sec\u021bii din cadrul SJU V\u00e2lcea cu aparatur\u0103 medical\u0103 de ultim\u0103 genera\u021bie.<\/p>\n<p>Acum sunt \u00een m\u0103sur\u0103 s\u0103 v\u0103 prezint o parte din echipamentele noi care au sosit la Sec\u021bia Obstetric\u0103-Ginecologie din cadrul Maternit\u0103\u021bii. Este vorba despre un histeroscop, dou\u0103 ecografe \u0219i un monitor fetal wireless.<\/p>\n<p>Histeroscopul este o premier\u0103 pentru spital \u0219i va contribui semnificativ la \u00eembun\u0103t\u0103\u021birea actului medical \u00een ginecologie. Monitorul fetal permite supravegherea simultan\u0103 a opt viitoare m\u0103mici. Ecografele sunt deja opera\u021bionale \u0219i sprijin\u0103 activitatea zilnic\u0103 a echipei medicale.<\/p>\n<p>R\u0103m\u00e2nem aten\u021bi la nevoile din spitalele aflate \u00een coordonarea noastr\u0103. Facem tot ce \u021bine de noi pentru ca pacien\u021bii v\u00e2lceni s\u0103 fie \u00eengriji\u021bi bine aici, iar cadrele medicale s\u0103 \u00ee\u0219i desf\u0103\u0219oare activitatea \u00een condi\u021bii bune, cu aparatur\u0103 modern\u0103.<\/p>\n<figure data-carousel-extra='{\"blog_id\":1,\"permalink\":\"https:\/\/www.curierul.ro\/din-nou-aparatura-de-ultima-generatie-la-maternitatea-valceana\/\"}' class=\"wp-block-gallery has-nested-images columns-default is-cropped wp-block-gallery-2 is-layout-flex wp-block-gallery-is-layout-flex\">\n<figure class=\"wp-block-image size-large\"><img loading=\"lazy\" decoding=\"async\" width=\"576\" height=\"1024\" data-id=\"195630\" src=\"https:\/\/i0.wp.com\/www.curierul.ro\/wp-content\/uploads\/2025\/12\/IMG-20251210-WA0026.jpg?fit=169%2C300&amp;ssl=1\" alt class=\"wp-image-195630\"><\/figure>\n<figure class=\"wp-block-image size-large\"><img decoding=\"async\" loading=\"lazy\" width=\"578\" height=\"1024\" data-id=\"195631\" src=\"https:\/\/i0.wp.com\/www.curierul.ro\/wp-content\/uploads\/2025\/12\/IMG-20251210-WA0028.jpg?fit=169%2C300&amp;ssl=1\" alt class=\"wp-image-195631\"><\/figure>\n<figure class=\"wp-block-image size-large\"><img decoding=\"async\" loading=\"lazy\" width=\"578\" height=\"1024\" data-id=\"195633\" src=\"https:\/\/i0.wp.com\/www.curierul.ro\/wp-content\/uploads\/2025\/12\/IMG-20251210-WA0027.jpg?fit=169%2C300&amp;ssl=1\" alt class=\"wp-image-195633\"><\/figure>\n<figure class=\"wp-block-image size-large\"><img decoding=\"async\" loading=\"lazy\" width=\"577\" height=\"1024\" data-id=\"195632\" src=\"https:\/\/i0.wp.com\/www.curierul.ro\/wp-content\/uploads\/2025\/12\/IMG-20251210-WA0025-1.jpg?fit=169%2C300&amp;ssl=1\" alt class=\"wp-image-195632\"><\/figure>\n<\/figure>\n<div class=\"sharedaddy sd-sharing-enabled\">\n<div class=\"robots-nocontent sd-block sd-social sd-social-official sd-sharing\">\n<h3 class=\"sd-title\">Distribuie pe:<\/h3>\n<div class=\"sd-content\">\n<ul>\n<li class=\"share-facebook\">\n<li class=\"share-twitter\"><a href=\"https:\/\/twitter.com\/share\" class=\"twitter-share-button\" data-url=\"https:\/\/www.curierul.ro\/din-nou-aparatura-de-ultima-generatie-la-maternitatea-valceana\/\" data-text=\"Din nou, aparatur\u0103 de ultim\u0103 genera\u021bie, la Maternitatea v\u00e2lcean\u0103!\" data-via=\"curierulvl\">Tweet<\/a><\/li>\n<li class=\"share-jetpack-whatsapp\"><a rel=\"nofollow noopener noreferrer\" data-shared=\"sharing-whatsapp-195628\" class=\"share-jetpack-whatsapp sd-button\" href=\"https:\/\/www.curierul.ro\/din-nou-aparatura-de-ultima-generatie-la-maternitatea-valceana\/?share=jetpack-whatsapp\" target=\"_blank\" aria-labelledby=\"sharing-whatsapp-195628\"><span id=\"sharing-whatsapp-195628\" hidden>D\u0103 clic pentru partajare pe WhatsApp(Se deschide \u00eentr-o fereastr\u0103 nou\u0103)<\/span><span>WhatsApp<\/span><\/a><\/li>\n<li><a href=\"https:\/\/www.curierul.ro\/din-nou-aparatura-de-ultima-generatie-la-maternitatea-valceana\/\" class=\"sharing-anchor sd-button share-more\"><span>Mai mult<\/span><\/a><\/li>\n<li class=\"share-end\"><\/ul>\n<div class=\"sharing-hidden\">\n<div class=\"inner\">\n<ul>\n<li class=\"share-email\"><a rel=\"nofollow noopener noreferrer\" data-shared=\"sharing-email-195628\" class=\"share-email sd-button\" href=\"mailto:?subject=%5BArticol%20partajat%5D%20Din%20nou%2C%20aparatur%C4%83%20de%20ultim%C4%83%20genera%C8%9Bie%2C%20la%20Maternitatea%20v%C3%A2lcean%C4%83%21&amp;body=https%3A%2F%2Fwww.curierul.ro%2Fdin-nou-aparatura-de-ultima-generatie-la-maternitatea-valceana%2F&amp;share=email\" target=\"_blank\" aria-labelledby=\"sharing-email-195628\" data-email-share-error-title=\"\u021ai-ai configurat emailul?\" data-email-share-error-text=\"Dac\u0103 ai probleme la partajarea prin email, probabil nu ai configurat emailul pentru navigator. Poate trebuie s\u0103 creezi singur un email nou.\" data-email-share-nonce=\"15bb649d3c\" data-email-share-track-url=\"https:\/\/www.curierul.ro\/din-nou-aparatura-de-ultima-generatie-la-maternitatea-valceana\/?share=email\"><span id=\"sharing-email-195628\" hidden>D\u0103 clic pentru a trimite o leg\u0103tur\u0103 prin email unui prieten(Se deschide \u00eentr-o fereastr\u0103 nou\u0103)<\/span><span>Email<\/span><\/a><\/li>\n<li class=\"share-print\"><a rel=\"nofollow noopener noreferrer\" data-shared=\"sharing-print-195628\" class=\"share-print sd-button\" href=\"https:\/\/www.curierul.ro\/din-nou-aparatura-de-ultima-generatie-la-maternitatea-valceana\/#print?share=print\" target=\"_blank\" aria-labelledby=\"sharing-print-195628\"><span id=\"sharing-print-195628\" hidden>D\u0103 clic pentru a imprima(Se deschide \u00eentr-o fereastr\u0103 nou\u0103)<\/span><span>Imprimare<\/span><\/a><\/li>\n<li class=\"share-end\"><\/ul>\n<\/div>\n<\/div>\n<\/div>\n<\/div>\n<\/div>\n<div id=\"jp-relatedposts\" class=\"jp-relatedposts\">\n<h3 class=\"jp-relatedposts-headline\"><em>Similare<\/em><\/h3>\n<\/div>\n<footer class=\"post-footer\">\n<div class=\"post-navigation clearfix\">\n<div class=\"previous-post\">\n<div class=\"featured-photo\"><img decoding=\"async\" width=\"2560\" height=\"1972\" src=\"https:\/\/i0.wp.com\/www.curierul.ro\/wp-content\/uploads\/2025\/12\/IMG-20251210-WA0038.jpg?fit=300%2C231&amp;ssl=1\" class=\"attachment-post-thumbnail size-post-thumbnail wp-post-image\" alt loading=\"lazy\"><\/div>\n<p class=\"paginate-title\">\u00ab\u00ab <a href=\"https:\/\/www.curierul.ro\/primul-premiu-international-pentru-sport\/\" rel=\"prev\">Primul premiu interna\u021bional pentru sport!<\/a><\/p>\n<\/div>\n<div class=\"next-post\">\n<div class=\"featured-photo\"><img decoding=\"async\" width=\"1600\" height=\"900\" src=\"https:\/\/i0.wp.com\/www.curierul.ro\/wp-content\/uploads\/2025\/12\/DGA-1.jpeg?fit=300%2C169&amp;ssl=1\" class=\"attachment-post-thumbnail size-post-thumbnail wp-post-image\" alt loading=\"lazy\"><\/div>\n<p class=\"paginate-title\"><a href=\"https:\/\/www.curierul.ro\/directia-anticoruptie-valcea-in-actiune-atentie-e-timpul-sa-nu-mai-dam-si-noi-ceva\/\" rel=\"next\">Direc\u021bia Anticorup\u021bie V\u00e2lcea, \u00een ac\u021biune\u2026 Aten\u021bie! E timpul s\u0103 nu mai d\u0103m \u0219i noi ceva!<\/a> \u00bb\u00bb<\/p>\n<\/div>\n<\/div>\n<div id=\"comments\" class=\"comments-area\">\n<div id=\"respond\" class=\"comment-respond\">\n<h3 id=\"reply-title\" class=\"comment-reply-title\">Po\u021bi comenta aici<small><a rel=\"nofollow\" id=\"cancel-comment-reply-link\" href=\"https:\/\/www.curierul.ro\/din-nou-aparatura-de-ultima-generatie-la-maternitatea-valceana\/#respond\">Anuleaz\u0103 r\u0103spunsul<\/a><\/small><\/h3>\n<\/div>\n<p class=\"akismet_comment_form_privacy_notice\">Acest site folose\u0219te Akismet pentru a reduce spamul. <a href=\"https:\/\/akismet.com\/privacy\/\" target=\"_blank\" rel=\"nofollow noopener\">Afl\u0103 cum sunt procesate datele comentariilor tale<\/a>.<\/p>\n<\/div>\n<section class=\"latest-category clearfix\">\n<h2 class=\"title\">More Stories From Actualitate<\/h2>\n<div class=\"stories-container\">\n<article id=\"related-195676\" class=\"story post-195676 post type-post status-publish format-standard has-post-thumbnail hentry category-actualitate tag-articole-de-la-parteneri\">\n<div class=\"photo\"><img decoding=\"async\" width=\"735\" height=\"440\" src=\"https:\/\/i0.wp.com\/www.curierul.ro\/wp-content\/uploads\/2025\/12\/kelly-sikkema-wgcux0kr1ps-unsplash.jpg?fit=300%2C200&amp;ssl=1\" class=\"attachment-giornalismo-single size-giornalismo-single wp-post-image\" alt loading=\"lazy\"><\/div>\n<p class=\"headline\"><a href=\"https:\/\/www.curierul.ro\/cum-se-face-o-cesiune-de-parti-sociale-riscuri-pasi-si-recomandari\/\">Cum se face o cesiune de parti sociale \u2013 riscuri, pasi si recomandari<\/a><\/p>\n<\/article>\n<article id=\"related-195655\" class=\"story post-195655 post type-post status-publish format-standard has-post-thumbnail hentry category-actualitate category-headlines category-politica tag-cupluri tag-festivitate tag-nunta-de-aur tag-ramniceni-2 tag-sarbatorit-2\">\n<div class=\"photo\"><img decoding=\"async\" width=\"735\" height=\"440\" src=\"https:\/\/i0.wp.com\/www.curierul.ro\/wp-content\/uploads\/2025\/12\/nunta-de-aur-1.jpg?fit=300%2C200&amp;ssl=1\" class=\"attachment-giornalismo-single size-giornalismo-single wp-post-image\" alt loading=\"lazy\"><\/div>\n<p class=\"headline\"><a href=\"https:\/\/www.curierul.ro\/ultima-festivitate-nunta-de-aur-din-acest-an-a-sarbatorit-56-de-cupluri-de-ramniceni\/\">Ultima festivitate \u201eNunta de Aur\u201d din acest an a s\u0103rb\u0103torit 56 de cupluri de r\u00e2mniceni<\/a><\/p>\n<\/article>\n<article id=\"related-195643\" class=\"story post-195643 post type-post status-publish format-standard has-post-thumbnail hentry category-actualitate category-cultura category-impact category-politica\">\n<div class=\"photo\"><img decoding=\"async\" width=\"735\" height=\"440\" src=\"https:\/\/i0.wp.com\/www.curierul.ro\/wp-content\/uploads\/2025\/12\/IMG-20251211-WA0003.jpg?fit=300%2C225&amp;ssl=1\" class=\"attachment-giornalismo-single size-giornalismo-single wp-post-image\" alt loading=\"lazy\"><\/div>\n<p class=\"headline\"><a href=\"https:\/\/www.curierul.ro\/muzeul-satului-valcean-restaurat-cu-fonduri-europene\/\">Muzeul Satului V\u00e2lcean, restaurat cu fonduri europene!<\/a><\/p>\n<\/article>\n<\/div>\n<\/section>\n<section class=\"author-bio clearfix\">\n<div class=\"mug-shot\"><img decoding=\"async\" alt src=\"https:\/\/secure.gravatar.com\/avatar\/99cb5dc553c194226db8ff81883aeb68584791e67c78fb655bb3c37b83324715?s=96&amp;d=mm&amp;r=g\" class=\"avatar avatar-96 photo\" height=\"96\" width=\"96\" loading=\"lazy\"><\/div>\n<div class=\"author-info\">\n<p class=\"title\">About Comunicat de pres\u0103, <\/p>\n<div class=\"author-social-area\"><a href=\"mailto:redactie@curierul.ro\"><span class=\"fal fa-envelope\"><span class=\"screen-reader-text\">Email the Author<\/span><\/span><\/a><\/div>\n<\/div>\n<\/section>\n<\/footer>\n<\/article>\n<article id=\"related-195676\" class=\"story post-195676 post type-post status-publish format-standard has-post-thumbnail hentry category-actualitate tag-articole-de-la-parteneri\">\n<div class=\"photo\"><img decoding=\"async\" width=\"735\" height=\"440\" src=\"https:\/\/i0.wp.com\/www.curierul.ro\/wp-content\/uploads\/2025\/12\/kelly-sikkema-wgcux0kr1ps-unsplash.jpg?fit=300%2C200&amp;ssl=1\" class=\"attachment-giornalismo-single size-giornalismo-single wp-post-image\" alt loading=\"lazy\"><\/div>\n<p class=\"headline\"><a href=\"https:\/\/www.curierul.ro\/cum-se-face-o-cesiune-de-parti-sociale-riscuri-pasi-si-recomandari\/\">Cum se face o cesiune de parti sociale \u2013 riscuri, pasi si recomandari<\/a><\/p>\n<\/article>\n<article id=\"related-195655\" class=\"story post-195655 post type-post status-publish format-standard has-post-thumbnail hentry category-actualitate category-headlines category-politica tag-cupluri tag-festivitate tag-nunta-de-aur tag-ramniceni-2 tag-sarbatorit-2\">\n<div class=\"photo\"><img decoding=\"async\" width=\"735\" height=\"440\" src=\"https:\/\/i0.wp.com\/www.curierul.ro\/wp-content\/uploads\/2025\/12\/nunta-de-aur-1.jpg?fit=300%2C200&amp;ssl=1\" class=\"attachment-giornalismo-single size-giornalismo-single wp-post-image\" alt loading=\"lazy\"><\/div>\n<p class=\"headline\"><a href=\"https:\/\/www.curierul.ro\/ultima-festivitate-nunta-de-aur-din-acest-an-a-sarbatorit-56-de-cupluri-de-ramniceni\/\">Ultima festivitate \u201eNunta de Aur\u201d din acest an a s\u0103rb\u0103torit 56 de cupluri de r\u00e2mniceni<\/a><\/p>\n<\/article>\n<article id=\"related-195643\" class=\"story post-195643 post type-post status-publish format-standard has-post-thumbnail hentry category-actualitate category-cultura category-impact category-politica\">\n<div class=\"photo\"><img decoding=\"async\" width=\"735\" height=\"440\" src=\"https:\/\/i0.wp.com\/www.curierul.ro\/wp-content\/uploads\/2025\/12\/IMG-20251211-WA0003.jpg?fit=300%2C225&amp;ssl=1\" class=\"attachment-giornalismo-single size-giornalismo-single wp-post-image\" alt loading=\"lazy\"><\/div>\n<p class=\"headline\"><a href=\"https:\/\/www.curierul.ro\/muzeul-satului-valcean-restaurat-cu-fonduri-europene\/\">Muzeul Satului V\u00e2lcean, restaurat cu fonduri europene!<\/a><\/p>\n<\/article>\n<p> Source URL: https:\/\/www.curierul.ro\/din-nou-aparatura-de-ultima-generatie-la-maternitatea-valceana\/<\/p>\n","protected":false},"excerpt":{"rendered":"<p>Home Actualitate Din nou, aparatur\u0103 de ultim\u0103 genera\u021bie, la Maternitatea v\u00e2lcean\u0103! Din nou, aparatur\u0103 de ultim\u0103 genera\u021bie, la Maternitatea v\u00e2lcean\u0103! Scris deComunicat de pres\u0103, 10 decembrie 2025 \u00cen luna mai a anului viitor vom \u00eencepe modernizarea complet\u0103 a Maternit\u0103\u021bii din R\u00e2mnicu V\u00e2lcea. Proiectul are o valoare de peste 12 milioane de euro \u0219i va schimba [&hellip;]<\/p>\n","protected":false},"author":1,"featured_media":0,"comment_status":"open","ping_status":"","sticky":false,"template":"","format":"standard","meta":{"footnotes":""},"categories":[89],"tags":[213],"class_list":["post-1053480","post","type-post","status-publish","format-standard","hentry","category-romania","tag-curierul-ro"],"_links":{"self":[{"href":"https:\/\/analyse.optim.biz\/index.php?rest_route=\/wp\/v2\/posts\/1053480","targetHints":{"allow":["GET"]}}],"collection":[{"href":"https:\/\/analyse.optim.biz\/index.php?rest_route=\/wp\/v2\/posts"}],"about":[{"href":"https:\/\/analyse.optim.biz\/index.php?rest_route=\/wp\/v2\/types\/post"}],"author":[{"embeddable":true,"href":"https:\/\/analyse.optim.biz\/index.php?rest_route=\/wp\/v2\/users\/1"}],"replies":[{"embeddable":true,"href":"https:\/\/analyse.optim.biz\/index.php?rest_route=%2Fwp%2Fv2%2Fcomments&post=1053480"}],"version-history":[{"count":0,"href":"https:\/\/analyse.optim.biz\/index.php?rest_route=\/wp\/v2\/posts\/1053480\/revisions"}],"wp:attachment":[{"href":"https:\/\/analyse.optim.biz\/index.php?rest_route=%2Fwp%2Fv2%2Fmedia&parent=1053480"}],"wp:term":[{"taxonomy":"category","embeddable":true,"href":"https:\/\/analyse.optim.biz\/index.php?rest_route=%2Fwp%2Fv2%2Fcategories&post=1053480"},{"taxonomy":"post_tag","embeddable":true,"href":"https:\/\/analyse.optim.biz\/index.php?rest_route=%2Fwp%2Fv2%2Ftags&post=1053480"}],"curies":[{"name":"wp","href":"https:\/\/api.w.org\/{rel}","templated":true}]}}