{"id":1053412,"date":"2025-12-07T04:47:50","date_gmt":"2025-12-07T01:47:50","guid":{"rendered":"https:\/\/analyse.optim.biz\/?p=1053412"},"modified":"2025-12-07T04:47:50","modified_gmt":"2025-12-07T01:47:50","slug":"temele-pentru-acasa-reduse-prin-ordinul-ministrului-educatiei-cate-minute-pot-lucra-elevii-in-fiecare-zi-jurnal-de-vrancea-stiri-din-vrancea-si-focsani","status":"publish","type":"post","link":"https:\/\/analyse.optim.biz\/?p=1053412","title":{"rendered":"Temele pentru acas\u0103, reduse prin Ordinul ministrului Educa\u021biei: c\u00e2te minute pot lucra elevii \u00een fiecare zi | Jurnal de Vrancea &#8211; Stiri din Vrancea si Focsani"},"content":{"rendered":"<article id=\"template-id-121345\" class=\"post-121345 tdb_templates type-tdb_templates status-publish post\">\n<div id=\"tdi_73\" class=\"tdc-zone\">\n<div class=\"tdc_zone tdi_74  wpb_row td-pb-row\">\n<div id=\"tdi_75\" class=\"tdc-row\">\n<div class=\"vc_row tdi_76  wpb_row td-pb-row\">\n<div class=\"vc_column tdi_78  wpb_column vc_column_container tdc-column td-pb-span12\">\n<div class=\"wpb_wrapper\">\n<div class=\"td_block_wrap td-a-rec td-a-rec-id-custom-spot td-a-rec-img tdi_79 td_block_template_1\">\n<div><a href target=\"blank\" class=\"td_spot_img_all\"><img loading=\"lazy\" decoding=\"async\" src=\"https:\/\/www.jurnaldevrancea.ro\/wp\/wp-content\/uploads\/2024\/05\/Banner-AURORA-MULTIMARKET-1200x200px.jpg\" alt=\"spot_img\" width=\"1200\" height=\"200\"><\/a><a href target=\"blank\" class=\"td_spot_img_mob\"><img loading=\"lazy\" decoding=\"async\" src=\"https:\/\/www.jurnaldevrancea.ro\/wp\/wp-content\/uploads\/2024\/05\/Banner-AURORA-MULTIMARKET-350x350px.jpg\" alt=\"spot_img\" width=\"300\" height=\"350\"><\/a><\/div>\n<\/div>\n<\/div>\n<\/div>\n<\/div>\n<\/div>\n<div id=\"tdi_80\" class=\"tdc-row\">\n<div class=\"vc_row tdi_81  wpb_row td-pb-row\">\n<div class=\"vc_column tdi_83  wpb_column vc_column_container tdc-column td-pb-span12\">\n<div class=\"wpb_wrapper\">\n<div class=\"td_block_wrap tdb_breadcrumbs tdi_84 td-pb-border-top td_block_template_1 tdb-breadcrumbs \" data-td-block-uid=\"tdi_84\">\n<div class=\"tdb-block-inner td-fix-index\"><span><a title class=\"tdb-entry-crumb\" href=\"https:\/\/www.jurnaldevrancea.ro\/\">Acas\u0103<\/a><\/span><span><a title=\"Vede\u021bi toate articolele \u00een Actualitate\" class=\"tdb-entry-crumb\" href=\"https:\/\/www.jurnaldevrancea.ro\/actualitate\/\">Actualitate<\/a><\/span><span class=\"tdb-bred-no-url-last\">Temele pentru acas\u0103, reduse prin Ordinul ministrului Educa\u021biei: c\u00e2te minute pot lucra elevii \u00een fiecare zi<\/span><\/div>\n<\/div>\n<div class=\"td_block_wrap tdb_single_categories tdi_85 td-pb-border-top td_block_template_1 \" data-td-block-uid=\"tdi_85\">\n<div class=\"tdb-category td-fix-index\"><a class=\"tdb-entry-category\" href=\"https:\/\/www.jurnaldevrancea.ro\/actualitate\/\">Actualitate<\/a><a class=\"tdb-entry-category\" href=\"https:\/\/www.jurnaldevrancea.ro\/national\/\">Na\u021bional<\/a><a class=\"tdb-entry-category\" href=\"https:\/\/www.jurnaldevrancea.ro\/social\/\">Social<\/a><\/div>\n<\/div>\n<div class=\"td_block_wrap tdb_title tdi_86 tdb-single-title td-pb-border-top td_block_template_1\" data-td-block-uid=\"tdi_86\">\n<div class=\"tdb-block-inner td-fix-index\">\n<h2 class=\"tdb-title-text\">Temele pentru acas\u0103, reduse prin Ordinul ministrului Educa\u021biei: c\u00e2te minute pot lucra elevii \u00een fiecare zi<\/h2>\n<\/div>\n<\/div>\n<div class=\"vc_row_inner tdi_88  vc_row vc_inner wpb_row td-pb-row\">\n<div class=\"vc_column_inner tdi_90  wpb_column vc_column_container tdc-inner-column td-pb-span3\">\n<div class=\"vc_column-inner\">\n<div class=\"wpb_wrapper\">\n<div class=\"td_block_wrap tdb_single_author tdi_91 td-pb-border-top td_block_template_1 tdb-post-meta\" data-td-block-uid=\"tdi_91\">\n<div class=\"tdb-block-inner td-fix-index\">\n<div class=\"tdb-author-name-wrap\"><span class=\"tdb-author-by\">DE:<\/span><a class=\"tdb-author-name\" href=\"https:\/\/www.jurnaldevrancea.ro\/author\/alex-moldovan\/\">Alex Moldovan<\/a><\/div>\n<\/div>\n<\/div>\n<\/div>\n<\/div>\n<\/div>\n<div class=\"vc_column_inner tdi_93  wpb_column vc_column_container tdc-inner-column td-pb-span3\">\n<div class=\"vc_column-inner\">\n<div class=\"wpb_wrapper\">\n<div class=\"td_block_wrap tdb_single_date tdi_94 td-pb-border-top td_block_template_1 tdb-post-meta\" data-td-block-uid=\"tdi_94\">\n<div class=\"tdb-block-inner td-fix-index\"><time class=\"entry-date updated td-module-date\" datetime=\"2025-12-07T06:47:50+02:00\">07\/12\/2025<\/time><\/div>\n<\/div>\n<\/div>\n<\/div>\n<\/div>\n<div class=\"vc_column_inner tdi_96  wpb_column vc_column_container tdc-inner-column td-pb-span3\">\n<div class=\"vc_column-inner\">\n<div class=\"wpb_wrapper\">\n<div class=\"td_block_wrap tdb_single_post_views tdi_97 td-pb-border-top td_block_template_1 tdb-post-meta\" data-td-block-uid=\"tdi_97\">\n<div class=\"tdb-block-inner td-fix-index\"><span class=\"td-nr-views-156256\">139<\/span><\/div>\n<\/div>\n<\/div>\n<\/div>\n<\/div>\n<div class=\"vc_column_inner tdi_99  wpb_column vc_column_container tdc-inner-column td-pb-span3\">\n<div class=\"vc_column-inner\">\n<div class=\"wpb_wrapper\">\n<div class=\"td_block_wrap tdb_single_post_share tdi_100  td-pb-border-top td_block_template_1\" data-td-block-uid=\"tdi_100\">\n<div id=\"tdi_100\" class=\"td-post-sharing tdb-block td-ps-bg td-ps-notext td-ps-bar td-post-sharing-style5 \">\n<div class=\"td-post-sharing-visible\"><a class=\"td-social-sharing-button td-social-sharing-button-js td-social-network td-social-facebook\" href=\"https:\/\/www.facebook.com\/sharer.php?u=https%3A%2F%2Fwww.jurnaldevrancea.ro%2Ftemele-pentru-acasa-reduse-prin-ordinul-ministrului-educatiei-cate-minute-pot-lucra-elevii-in-fiecare-zi%2F\" title=\"Facebook\"><\/p>\n<div class=\"td-social-but-text\">Facebook<\/div>\n<p><\/a><a class=\"td-social-sharing-button td-social-sharing-button-js td-social-network td-social-twitter\" href=\"https:\/\/twitter.com\/intent\/tweet?text=Temele+pentru+acas%C4%83%2C+reduse+prin+Ordinul+ministrului+Educa%C8%9Biei%3A+c%C3%A2te+minute+pot+lucra+elevii+%C3%AEn+fiecare+zi&amp;url=https%3A%2F%2Fwww.jurnaldevrancea.ro%2Ftemele-pentru-acasa-reduse-prin-ordinul-ministrului-educatiei-cate-minute-pot-lucra-elevii-in-fiecare-zi%2F&amp;via=Jurnal+de+Vrancea+-+Stiri+din+Vrancea+si+Focsani\" title=\"Twitter\"><\/p>\n<div class=\"td-social-but-text\">Twitter<\/div>\n<p><\/a><a class=\"td-social-sharing-button td-social-sharing-button-js td-social-network td-social-whatsapp\" href=\"https:\/\/api.whatsapp.com\/send?text=Temele+pentru+acas%C4%83%2C+reduse+prin+Ordinul+ministrului+Educa%C8%9Biei%3A+c%C3%A2te+minute+pot+lucra+elevii+%C3%AEn+fiecare+zi%20%0A%0A%20https:\/\/www.jurnaldevrancea.ro\/temele-pentru-acasa-reduse-prin-ordinul-ministrului-educatiei-cate-minute-pot-lucra-elevii-in-fiecare-zi\/\" title=\"WhatsApp\"><\/p>\n<div class=\"td-social-but-text\">WhatsApp<\/div>\n<p><\/a><a class=\"td-social-sharing-button td-social-sharing-button-js td-social-network td-social-print\" href=\"https:\/\/www.jurnaldevrancea.ro\/temele-pentru-acasa-reduse-prin-ordinul-ministrului-educatiei-cate-minute-pot-lucra-elevii-in-fiecare-zi\/\" title=\"Imprimare\"><\/p>\n<div class=\"td-social-but-text\">Imprimare<\/div>\n<p><\/a><\/div>\n<\/div>\n<\/div>\n<\/div>\n<\/div>\n<\/div>\n<\/div>\n<\/div>\n<\/div>\n<\/div>\n<\/div>\n<div id=\"tdi_101\" class=\"tdc-row\">\n<div class=\"vc_row tdi_102  wpb_row td-pb-row\">\n<div class=\"vc_column tdi_104  wpb_column vc_column_container tdc-column td-pb-span8\">\n<div class=\"wpb_wrapper\">\n<div class=\"td_block_wrap tdb_single_featured_image tdi_105 tdb-content-horiz-left td-pb-border-top td_block_template_1\" data-td-block-uid=\"tdi_105\">\n<div class=\"tdb-block-inner td-fix-index\"><img loading=\"lazy\" decoding=\"async\" width=\"696\" height=\"417\" class=\"entry-thumb\" src=\"https:\/\/www.jurnaldevrancea.ro\/wp\/wp-content\/uploads\/2025\/12\/teme-acasa-elevi-696x417.jpg\" alt title=\"teme-acasa-elevi\"><\/div>\n<\/div>\n<div class=\"td_block_wrap tdb_single_content tdi_106 td-pb-border-top td_block_template_1 td-post-content tagdiv-type\" data-td-block-uid=\"tdi_106\">\n<div class=\"tdb-block-inner td-fix-index\">\n<p data-start=\"139\" data-end=\"444\">Ministrul Educa\u021biei, Daniel David, a semnat vineri Ordinul care stabile\u0219te, \u00een premier\u0103, limite obligatorii privind timpul pe care elevii \u00eel pot petrece f\u0103c\u00e2nd teme pentru acas\u0103. Documentul aduce o reglementare unitar\u0103 \u00een \u00eentreg \u00eenv\u0103\u021b\u0103m\u00e2ntul preuniversitar \u0219i urmeaz\u0103 s\u0103 fie publicat \u00een Monitorul Oficial.<\/p>\n<p data-start=\"518\" data-end=\"763\">Potrivit Ordinului, elevii din ciclul primar vor avea cel mult o or\u0103 de teme obligatorii pe zi, \u00een timp ce elevii de la gimnaziu \u0219i liceu nu pot dep\u0103\u0219i dou\u0103 ore. Pentru educa\u021bia timpurie \u0219i clasa preg\u0103titoare, temele pentru acas\u0103 sunt interzise.<\/p>\n<p data-start=\"765\" data-end=\"819\">Ministerul \u00eemparte temele \u00een dou\u0103 categorii distincte:<\/p>\n<ul data-start=\"820\" data-end=\"1047\">\n<li data-start=\"820\" data-end=\"903\">\n<p data-start=\"822\" data-end=\"903\"><strong data-start=\"822\" data-end=\"842\">Teme obligatorii<\/strong>, cu nivel mediu de dificultate \u0219i adresate tuturor elevilor.<\/p>\n<\/li>\n<li data-start=\"904\" data-end=\"1047\">\n<p data-start=\"906\" data-end=\"1047\"><strong data-start=\"906\" data-end=\"927\">Teme suplimentare<\/strong>, facultative, general aplicabile sau individualizate, \u00een func\u021bie de nevoile de recuperare, consolidare sau performan\u021b\u0103.<\/p>\n<\/li>\n<\/ul>\n<p data-start=\"1049\" data-end=\"1194\">De asemenea, fiecare disciplin\u0103 poate include <strong data-start=\"1095\" data-end=\"1152\">cel mult o tem\u0103 ampl\u0103 pe interval de \u00eenv\u0103\u021bare (modul)<\/strong>, pentru a evita supra\u00eenc\u0103rcarea elevilor.<\/p>\n<h3 data-start=\"1196\" data-end=\"1263\"><strong data-start=\"1200\" data-end=\"1263\">Reguli pentru vacan\u021be \u0219i interdic\u021bii clare pentru profesori<\/strong><\/h3>\n<p data-start=\"1265\" data-end=\"1453\">\u00cen vacan\u021be, elevii de la primar \u0219i gimnaziu nu vor primi teme obligatorii. Eventualele sarcini de lucru pentru perioada vacan\u021belor sunt considerate <strong data-start=\"1413\" data-end=\"1434\">teme suplimentare<\/strong>, deci facultative. Ordinul introduce \u0219i o serie de interdic\u021bii:<\/p>\n<ul data-start=\"1500\" data-end=\"1686\">\n<li data-start=\"1500\" data-end=\"1564\">\n<p data-start=\"1502\" data-end=\"1564\">Tema nu poate fi utilizat\u0103 \u00een niciun caz ca form\u0103 de pedeaps\u0103.<\/p>\n<\/li>\n<li data-start=\"1565\" data-end=\"1686\">\n<p data-start=\"1567\" data-end=\"1686\">Profesorilor le este interzis s\u0103 dea teme care presupun predare sistematic\u0103 \u00een clas\u0103, deci imposibil de realizat acas\u0103.<\/p>\n<\/li>\n<\/ul>\n<p data-start=\"1688\" data-end=\"1863\">Ministerul aten\u021bioneaz\u0103 c\u0103 trebuie evitate temele care provoac\u0103 <strong data-start=\"1752\" data-end=\"1862\">suprasolicitare, oboseal\u0103, pierderea interesului pentru \u00eenv\u0103\u021bare sau accentuarea diferen\u021belor dintre elevi<\/strong>.<\/p>\n<p data-start=\"1934\" data-end=\"2273\">Directorii \u0219i dirigin\u021bii vor avea obliga\u021bia de a monitoriza respectarea limitelor de timp, intervenind atunci c\u00e2nd acestea sunt dep\u0103\u0219ite. Totodat\u0103, \u0219colile vor colecta anual opiniile elevilor \u0219i ale p\u0103rin\u021bilor privind utilitatea \u0219i volumul temelor, iar consiliile de administra\u021bie vor analiza situa\u021bia \u0219i vor decide m\u0103suri de \u00eembun\u0103t\u0103\u021bire.<\/p>\n<p data-start=\"2320\" data-end=\"2628\">Ministrul Educa\u021biei explic\u0103 faptul c\u0103 reglement\u0103rile din 2016 erau dep\u0103\u0219ite \u0219i aveau nevoie de clarific\u0103ri. Noul Ordin introduce un <strong data-start=\"2452\" data-end=\"2498\">mecanism de control al aplic\u0103rii regulilor<\/strong> \u0219i urm\u0103re\u0219te crearea unui echilibru \u00eentre performan\u021b\u0103, bun\u0103starea emo\u021bional\u0103 a elevilor \u0219i atractivitatea procesului educa\u021bional.<\/p>\n<p data-start=\"2630\" data-end=\"3003\">Daniel David subliniaz\u0103 c\u0103 delimitarea clar\u0103 a tipurilor de teme \u0219i stabilirea unor limite precise pot sus\u021bine at\u00e2t recuperarea competen\u021belor, c\u00e2t \u0219i preg\u0103tirea pentru performan\u021b\u0103. M\u0103sura se coreleaz\u0103 cu decizia recent\u0103 conform c\u0103reia <strong data-start=\"2865\" data-end=\"2937\">25% din timpul fiec\u0103rei discipline va fi dedicat educa\u021biei remediale<\/strong>, pentru consolidare \u0219i aplicarea competen\u021belor \u00een contexte reale.<\/p>\n<p data-start=\"3005\" data-end=\"3212\">\u201e<strong data-start=\"3006\" data-end=\"3178\">Cred c\u0103 aceast\u0103 reglementare \u00eei ajut\u0103 pe copii \u0219i pe profesori s\u0103 lucreze \u00eentr-un mediu mai s\u0103n\u0103tos \u0219i mai eficient, \u00eent\u0103rind \u00eencrederea dintre \u0219coal\u0103, elevi \u0219i p\u0103rin\u021bi<\/strong>\u201d, a declarat ministrul Educa\u021biei.<\/p>\n<p data-start=\"3214\" data-end=\"3433\" data-is-last-node data-is-only-node>Noul Ordin, a\u0219teptat de mul\u021bi ani de p\u0103rin\u021bi \u0219i cadre didactice, promite s\u0103 schimbe modul \u00een care \u0219coala rom\u00e2neasc\u0103 abordeaz\u0103 temele pentru acas\u0103, pun\u00e2nd accent pe echilibru, eficien\u021b\u0103 \u0219i respect pentru timpul elevilor.<\/p>\n<h2 id=\"chapter-2\"><strong>Document- extras din Ordinul ministrului<\/strong><\/h2>\n<p id=\"p-10\"><em>\u201eAst\u0103zi, 5 decembrie 2025, ministrul Educa\u021biei \u0219i Cercet\u0103rii, prof. univ. dr. psih. Daniel David, a semnat Ordinul privind temele pentru acas\u0103 \u00een \u00eenv\u0103\u021b\u0103m\u00e2ntul preuniversitar.<\/em><\/p>\n<p id=\"p-11\"><em>\u00centre aspectele reglementate, men\u021bion\u0103m, \u00een sintez\u0103, urm\u0103toarele: Art. 2. Tema pentru acas\u0103 este necesar s\u0103 fie stabilit\u0103 diferen\u021biat, dup\u0103 cum urmeaz\u0103: (1) Tema obligatorie, care are un nivel mediu de dificultate, pentru to\u021bi elevii clasei. (2) Tema suplimentar\u0103, care este facultativ\u0103, cu caracter general sau individual-diferen\u021biat\u0103, pentru activit\u0103\u021bi de recuperare sau de preg\u0103tire pentru performan\u021b\u0103.<\/em><\/p>\n<p id=\"p-12\"><em>Art. 3. (1) La nivelul educa\u021biei timpurii \u0219i la clasa preg\u0103titoare nu se dau teme pentru acas\u0103. (2) Timpul total alocat la \u00eenv\u0103\u021b\u0103m\u00e2ntul primar pentru temele obligatorii va fi de maximum 1 or\u0103. (3) Directorul unit\u0103\u021bii de \u00eenv\u0103\u021b\u0103m\u00e2nt preuniversitar, pe baza analizei proprii \u0219i a feedbackului elevilor\/p\u0103rin\u021bilor, monitorizeaz\u0103 \u0219i ia m\u0103suri pentru respectarea prevederilor alin. (1) \u0219i (2), \u00een urma consult\u0103rii cu responsabilul \u0219i membrii Comisiei pentru curriculum. (4) Pentru toate celelalte niveluri de \u00eenv\u0103\u021b\u0103m\u00e2nt preuniversitar temele obligatorii pentru acas\u0103 nu pot dep\u0103\u0219i 2 ore. (5) Dirigintele, pe baza analizei proprii \u0219i a feedbackului elevilor\/p\u0103rin\u021bilor, monitorizeaz\u0103 \u0219i informeaz\u0103 directorul unit\u0103\u021bii de \u00eenv\u0103\u021b\u0103m\u00e2nt preuniversitar care dispune m\u0103suri \u00een vederea respect\u0103rii prevederilor alin. (4), \u00een urma consult\u0103rii cu responsabilul \u0219i membrii Comisiei pentru curriculum. (6) Tema pentru acas\u0103 pentru o disciplin\u0103, av\u00e2nd drept finalitate realizarea unor lucr\u0103ri mai ample\/de sintez\u0103, poate s\u0103 fie maximum una pe interval de \u00eenv\u0103\u021bare (modul).<\/em><\/p>\n<p id=\"p-13\"><em>Art. 4. (1) \u00cen perioada vacan\u021belor, de regul\u0103, nu se vor da teme pentru acas\u0103 pentru elevii din \u00eenv\u0103\u021b\u0103m\u00e2ntul primar \u0219i gimnazial. (2) Temele de vacan\u021b\u0103 sunt teme de tip suplimentar.<\/em><\/p>\n<p id=\"p-14\"><em>Art. 8. \u00cen stabilirea temelor pentru acas\u0103 se va evita apari\u021bia unor efecte negative, de tipul: pierderea interesului elevului fa\u021b\u0103 de \u00eenv\u0103\u021bare (din cauza cantit\u0103\u021bii, dificult\u0103\u021bii sau monotoniei temelor etc.), oboseal\u0103 fizic\u0103 \u0219i emo\u021bional\u0103, reducerea timpului liber destinat unor activit\u0103\u021bi recreative (activit\u0103\u021bi sportive, artistice, gospod\u0103re\u0219ti, lectur\u0103 etc.), ad\u00e2ncirea diferen\u021belor dintre elevii performan\u021bi \u0219i cei afla\u021bi \u00een dificultate.<\/em><\/p>\n<p id=\"p-15\"><em>Art 9. Se interzice utilizarea temei ca instrument de pedeaps\u0103 (cantitate mare de teme, exerci\u021bii repetitive), precum \u0219i solicitarea realiz\u0103rii\/parcurgerii unor activit\u0103\u021bi de \u00eenv\u0103\u021bare\/con\u021binuturi, care necesit\u0103 o abordare sistematic\u0103 \u00een clas\u0103 \u0219i nu pentru a fi realizate\/parcurse individual, ca tem\u0103 pentru acas\u0103.<\/em><\/p>\n<p id=\"p-16\"><em>Art. 10. (1) Anual se va colecta feedbackul elevilor \u0219i al p\u0103rin\u021bilor fa\u021b\u0103 de utilitatea \u0219i eficien\u021ba temelor pentru acas\u0103. (2) Directorul, pentru \u00eenv\u0103\u021b\u0103m\u00e2ntul primar, \u0219i dirigintele clasei, pentru celelalte niveluri ale \u00eenv\u0103\u021b\u0103m\u00e2ntului preuniversitar, sunt responsabili pentru colectarea feedbackului, care va fi analizat \u00een consiliile de administra\u021bie ale unit\u0103\u021bilor \u0219colare, care vor lua m\u0103suri at\u00e2t pentru eficientizarea educa\u021biei prin teme, c\u00e2t \u0219i pentru cre\u0219terea gradului de satisfac\u021bie al elevilor \u0219i p\u0103rin\u021bilor\u201d,<\/em> se arat\u0103 \u00een Ordinul semnat de Daniel David.<\/p>\n<\/div>\n<\/div>\n<div class=\"td_block_wrap td-a-rec td-a-rec-id-custom-spot td-a-rec-img tdi_107 td_block_template_1\">\n<div><a href=\"https:\/\/www.tomitatravel.ro\/\" target=\"blank\" class=\"td_spot_img_all\"><img loading=\"lazy\" decoding=\"async\" src=\"https:\/\/www.jurnaldevrancea.ro\/wp\/wp-content\/uploads\/2023\/11\/BANNER-TOMITA_TRAVEL-Focsani-1200x200-1.jpg\" alt=\"Tomi\u021b\u0103 Travel - Agen\u021bie de turism Foc\u0219ani\" width=\"1200\" height=\"200\"><\/a><a href=\"https:\/\/www.tomitatravel.ro\/\" target=\"blank\" class=\"td_spot_img_mob\"><img loading=\"lazy\" decoding=\"async\" src=\"https:\/\/www.jurnaldevrancea.ro\/wp\/wp-content\/uploads\/2023\/11\/BANNER-TOMITA_TRAVEL-Focsani-350x350-1.jpg\" alt=\"Tomi\u021b\u0103 Travel - Agen\u021bie de turism Foc\u0219ani\" width=\"300\" height=\"350\"><\/a><\/div>\n<\/div>\n<div class=\"td_block_wrap td-a-rec td-a-rec-id-custom-spot td-a-rec-img tdi_108 td_block_template_1\">\n<div><a href=\"https:\/\/www.dezromania.ro\/categorii\/category\/14-produse.html\" target=\"blank\" class=\"td_spot_img_all\"><img loading=\"lazy\" decoding=\"async\" src=\"https:\/\/www.jurnaldevrancea.ro\/wp\/wp-content\/uploads\/2023\/11\/Banner-1200x200-sipotehnokar-Auto-avariate-2025.jpg\" alt=\"spot_img\" width=\"1200\" height=\"200\"><\/a><a href=\"https:\/\/www.dezromania.ro\/categorii\/category\/14-produse.html\" target=\"blank\" class=\"td_spot_img_mob\"><img loading=\"lazy\" decoding=\"async\" src=\"https:\/\/www.jurnaldevrancea.ro\/wp\/wp-content\/uploads\/2023\/11\/Banner-Sipotehnokar-300xx220px-2025.jpg\" alt=\"spot_img\" width=\"300\" height=\"220\"><\/a><\/div>\n<\/div>\n<div class=\"td_block_wrap td-a-rec td-a-rec-id-custom-spot td-a-rec-img tdi_109 td_block_template_1\">\n<div><a href=\"https:\/\/haipromo.ro\/\" target=\"blank\" class=\"td_spot_img_all\"><img loading=\"lazy\" decoding=\"async\" src=\"https:\/\/www.jurnaldevrancea.ro\/wp\/wp-content\/uploads\/2024\/06\/banner-HAI-PROMO-1200x200px.jpg\" alt=\"HAI PROMO\" width=\"1200\" height=\"200\"><\/a><a href=\"https:\/\/haipromo.ro\/\" target=\"blank\" class=\"td_spot_img_mob\"><img loading=\"lazy\" decoding=\"async\" src=\"https:\/\/www.jurnaldevrancea.ro\/wp\/wp-content\/uploads\/2024\/06\/banner-HAI-PROMO-350x350px.jpg\" alt=\"HAI PROMO\" width=\"350\" height=\"350\"><\/a><\/div>\n<\/div>\n<\/div>\n<\/div>\n<div class=\"vc_column tdi_112  wpb_column vc_column_container tdc-column td-pb-span4\">\n<div class=\"wpb_wrapper\">\n<div class=\"wpb_wrapper td_block_wrap vc_widget_sidebar tdi_114 \">\n<aside id=\"custom_html-12\" class=\"widget_text td_block_template_1 widget custom_html-12 widget_custom_html\">\n<h4 class=\"block-title\"><span>\u2013 PUBLICITATE \u2013<\/span><\/h4>\n<div class=\"textwidget custom-html-widget\"><a href=\"https:\/\/www.facebook.com\/TractariAutoVranceaSOS24\"><source srcset=\"https:\/\/www.jurnaldevrancea.ro\/wp\/wp-content\/webp-express\/webp-images\/uploads\/2024\/11\/BANNER-sos-24-2024-300x300-px.jpg.webp\" type=\"image\/webp\" \/><\/a><a href=\"https:\/\/haipromo.ro\/\"><source srcset=\"https:\/\/www.jurnaldevrancea.ro\/wp\/wp-content\/webp-express\/webp-images\/uploads\/2024\/06\/banner-HAI-PROMO-350x350px.jpg.webp\" type=\"image\/webp\" \/><\/a><a href=\"https:\/\/www.facebook.com\/acnasygcons\"><source srcset=\"https:\/\/www.jurnaldevrancea.ro\/wp\/wp-content\/webp-express\/webp-images\/uploads\/2025\/08\/Banner-350x350px-Asyg-Consulting.jpg.webp\" type=\"image\/webp\" \/><\/a><\/div>\n<\/aside>\n<\/div>\n<div class=\"tdm_block td_block_wrap tdm_block_column_title tdi_116 tdm-content-horiz-center td-pb-border-top td_block_template_1\" data-td-block-uid=\"tdi_116\">\n<div class=\"td-block-row\">\n<div class=\"td-block-span12 tdm-col\">\n<div class=\"tds-title tds-title1 td-fix-index tdi_117 \">\n<h3 class=\"tdm-title tdm-title-md\">ARTICOLE SIMILARE<\/h3>\n<\/div>\n<\/div>\n<\/div>\n<\/div>\n<div class=\"td_block_wrap td_flex_block_1 tdi_118 td-pb-border-top td_block_template_1 td_flex_block\" data-td-block-uid=\"tdi_118\">\n<div id=\"tdi_118\" class=\"td_block_inner td-mc1-wrap\">\n<div class=\"td_module_flex td_module_flex_1 td_module_wrap td-animation-stack td-cpt-post\">\n<div class=\"td-module-container td-category-pos-above\">\n<div class=\"td-module-meta-info\"><a href=\"https:\/\/www.jurnaldevrancea.ro\/actualitate\/\" class=\"td-post-category\">Actualitate<\/a><\/p>\n<h3 class=\"entry-title td-module-title\"><a href=\"https:\/\/www.jurnaldevrancea.ro\/magia-craciunului-sarbatorita-printr-un-spectacol-inedit-de-clubului-copiilor-din-odobesti\/\" rel=\"bookmark\" title=\"\u201eMagia Cr\u0103ciunului\u201d \u2013 s\u0103rb\u0103torit\u0103 printr-un spectacol inedit de Clubului Copiilor din Odobe\u0219ti\">\u201eMagia Cr\u0103ciunului\u201d \u2013 s\u0103rb\u0103torit\u0103 printr-un spectacol inedit de Clubului Copiilor din Odobe\u0219ti<\/a><\/h3>\n<div class=\"td-excerpt\">Clubul Copiilor Odobe\u0219ti a fost, zilele trecute, gazda spectacolului \u201eMagia Cr\u0103ciunului\u201d, un eveniment artistic&#8230;<\/div>\n<\/div>\n<\/div>\n<\/div>\n<div class=\"td_module_flex td_module_flex_1 td_module_wrap td-animation-stack td-cpt-post\">\n<div class=\"td-module-container td-category-pos-above\">\n<div class=\"td-module-meta-info\"><a href=\"https:\/\/www.jurnaldevrancea.ro\/actualitate\/\" class=\"td-post-category\">Actualitate<\/a><\/p>\n<h3 class=\"entry-title td-module-title\"><a href=\"https:\/\/www.jurnaldevrancea.ro\/vreme-mai-calda-decat-normalul-perioadei-insa-ceata-ramane-principala-problema\/\" rel=\"bookmark\" title=\"Vreme mai cald\u0103 dec\u00e2t normalul perioadei \u00eens\u0103 cea\u021ba r\u0103m\u00e2ne principala problem\u0103\">Vreme mai cald\u0103 dec\u00e2t normalul perioadei \u00eens\u0103 cea\u021ba r\u0103m\u00e2ne principala problem\u0103<\/a><\/h3>\n<div class=\"td-excerpt\">Urm\u0103toarele zile vin cu temperaturi mai ridicate dec\u00e2t ar fi normal pentru aceast\u0103 perioad\u0103&#8230;<\/div>\n<\/div>\n<\/div>\n<\/div>\n<\/div>\n<\/div>\n<\/div>\n<\/div>\n<\/div>\n<\/div>\n<div id=\"tdi_119\" class=\"tdc-row\">\n<div class=\"vc_row tdi_120  wpb_row td-pb-row\">\n<div class=\"vc_column tdi_122  wpb_column vc_column_container tdc-column td-pb-span12\">\n<div class=\"wpb_wrapper\">\n<div class=\"tdm_block td_block_wrap tdm_block_column_title tdi_123 tdm-content-horiz-center td-pb-border-top td_block_template_1\" data-td-block-uid=\"tdi_123\">\n<div class=\"td-block-row\">\n<div class=\"td-block-span12 tdm-col\">\n<div class=\"tds-title tds-title1 td-fix-index tdi_124 \">\n<h3 class=\"tdm-title tdm-title-md\">ARTICOLE POPULARE<\/h3>\n<\/div>\n<\/div>\n<\/div>\n<\/div>\n<\/div>\n<\/div>\n<\/div>\n<\/div>\n<div id=\"tdi_125\" class=\"tdc-row\">\n<div class=\"vc_row tdi_126  wpb_row td-pb-row\">\n<div class=\"vc_column tdi_128  wpb_column vc_column_container tdc-column td-pb-span12\">\n<div class=\"wpb_wrapper\">\n<div class=\"td_block_wrap td_flex_block_1 tdi_129 td-pb-border-top td_block_template_1 td_flex_block\" data-td-block-uid=\"tdi_129\">\n<div id=\"tdi_129\" class=\"td_block_inner td-mc1-wrap\">\n<div class=\"td_module_flex td_module_flex_1 td_module_wrap td-animation-stack td-cpt-post\">\n<div class=\"td-module-container td-category-pos-above\">\n<div class=\"td-module-meta-info\"><a href=\"https:\/\/www.jurnaldevrancea.ro\/actualitate\/\" class=\"td-post-category\">Actualitate<\/a><\/p>\n<h3 class=\"entry-title td-module-title\"><a href=\"https:\/\/www.jurnaldevrancea.ro\/video-cum-s-a-produs-accidentul-de-azi-dimineata-din-focsani-cine-a-fost-de-vina-se-vede-clar-in-imagini\/\" rel=\"bookmark\" title=\"VIDEO Cum s-a produs accidentul de azi-diminea\u021b\u0103, din Foc\u0219ani! Cine a fost de vin\u0103\u2026 se vede clar \u00een imagini\">VIDEO Cum s-a produs accidentul de azi-diminea\u021b\u0103, din Foc\u0219ani! Cine a fost de vin\u0103\u2026 se vede clar \u00een imagini<\/a><\/h3>\n<div class=\"td-excerpt\">Avem imagini cu accidentul care s-a produs \u00een acest\u0103 diminea\u021b\u0103 la intersec\u021bia dintre Bulevardul&#8230;<\/div>\n<div class=\"td-editor-date\"><span class=\"td-author-date\"><span class=\"td-post-date\"><time class=\"entry-date updated td-module-date\" datetime=\"2025-12-08T13:33:31+02:00\">08\/12\/2025<\/time><\/span><\/span><\/div>\n<\/div>\n<\/div>\n<\/div>\n<div class=\"td_module_flex td_module_flex_1 td_module_wrap td-animation-stack td-cpt-post\">\n<div class=\"td-module-container td-category-pos-above\">\n<div class=\"td-module-meta-info\"><a href=\"https:\/\/www.jurnaldevrancea.ro\/actualitate\/\" class=\"td-post-category\">Actualitate<\/a><\/p>\n<h3 class=\"entry-title td-module-title\"><a href=\"https:\/\/www.jurnaldevrancea.ro\/alerta-epidemiologica-in-vrancea-doua-femei-sunt-internate-in-stare-grava-la-ati-cu-suspiciune-de-botulism\/\" rel=\"bookmark\" title=\"Alert\u0103 epidemiologic\u0103 \u00een Vrancea! Dou\u0103 femei sunt internate \u00een stare grav\u0103 la ATI cu suspiciune de botulism\">Alert\u0103 epidemiologic\u0103 \u00een Vrancea! Dou\u0103 femei sunt internate \u00een stare grav\u0103 la ATI cu suspiciune de botulism<\/a><\/h3>\n<div class=\"td-excerpt\">Dou\u0103 cazuri suspecte de botulism au fost raportate \u00een jude\u021bul Vrancea \u00een intervalul 10\u201311&#8230;<\/div>\n<div class=\"td-editor-date\"><span class=\"td-author-date\"><span class=\"td-post-date\"><time class=\"entry-date updated td-module-date\" datetime=\"2025-12-13T08:18:55+02:00\">13\/12\/2025<\/time><\/span><\/span><\/div>\n<\/div>\n<\/div>\n<\/div>\n<div class=\"td_module_flex td_module_flex_1 td_module_wrap td-animation-stack td-cpt-post\">\n<div class=\"td-module-container td-category-pos-above\">\n<div class=\"td-module-meta-info\"><a href=\"https:\/\/www.jurnaldevrancea.ro\/actualitate\/\" class=\"td-post-category\">Actualitate<\/a><\/p>\n<h3 class=\"entry-title td-module-title\"><a href=\"https:\/\/www.jurnaldevrancea.ro\/incredibil-monstrul-cu-chip-de-om-si-a-decapitat-sotia-cu-toporul-chiar-in-fata-copilului-de-cativa-anisori\/\" rel=\"bookmark\" title=\"INCREDIBIL Monstrul cu chip de om \u0219i-a decapitat so\u021bia cu toporul, chiar \u00een fa\u021ba copilului de c\u00e2\u021biva ani\u0219ori\">INCREDIBIL Monstrul cu chip de om \u0219i-a decapitat so\u021bia cu toporul, chiar \u00een fa\u021ba copilului de c\u00e2\u021biva ani\u0219ori<\/a><\/h3>\n<div class=\"td-excerpt\">\u201eM\u0103celarul din S\u0103geata\u201d prime\u0219te 29 de ani de \u00eenchisoare. Cea mai grea pedeaps\u0103 dat\u0103&#8230;<\/div>\n<div class=\"td-editor-date\"><span class=\"td-author-date\"><span class=\"td-post-date\"><time class=\"entry-date updated td-module-date\" datetime=\"2025-12-05T15:30:40+02:00\">05\/12\/2025<\/time><\/span><\/span><\/div>\n<\/div>\n<\/div>\n<\/div>\n<\/div>\n<\/div>\n<\/div>\n<\/div>\n<\/div>\n<\/div>\n<\/div>\n<\/div>\n<p><span class=\"td-page-meta\"><\/span><span class=\"td-page-meta\"><span class=\"td-page-meta\"><\/span><\/span><span class=\"td-page-meta\"><\/span><\/article>\n<p> Source URL: https:\/\/www.jurnaldevrancea.ro\/temele-pentru-acasa-reduse-prin-ordinul-ministrului-educatiei-cate-minute-pot-lucra-elevii-in-fiecare-zi\/<\/p>\n","protected":false},"excerpt":{"rendered":"<p>Acas\u0103ActualitateTemele pentru acas\u0103, reduse prin Ordinul ministrului Educa\u021biei: c\u00e2te minute pot lucra elevii \u00een fiecare zi ActualitateNa\u021bionalSocial Temele pentru acas\u0103, reduse prin Ordinul ministrului Educa\u021biei: c\u00e2te minute pot lucra elevii \u00een fiecare zi DE:Alex Moldovan 07\/12\/2025 139 Facebook Twitter WhatsApp Imprimare Ministrul Educa\u021biei, Daniel David, a semnat vineri Ordinul care stabile\u0219te, \u00een premier\u0103, limite obligatorii [&hellip;]<\/p>\n","protected":false},"author":1,"featured_media":0,"comment_status":"open","ping_status":"","sticky":false,"template":"","format":"standard","meta":{"footnotes":""},"categories":[89],"tags":[207],"class_list":["post-1053412","post","type-post","status-publish","format-standard","hentry","category-romania","tag-jurnaldevrancea-ro"],"_links":{"self":[{"href":"https:\/\/analyse.optim.biz\/index.php?rest_route=\/wp\/v2\/posts\/1053412","targetHints":{"allow":["GET"]}}],"collection":[{"href":"https:\/\/analyse.optim.biz\/index.php?rest_route=\/wp\/v2\/posts"}],"about":[{"href":"https:\/\/analyse.optim.biz\/index.php?rest_route=\/wp\/v2\/types\/post"}],"author":[{"embeddable":true,"href":"https:\/\/analyse.optim.biz\/index.php?rest_route=\/wp\/v2\/users\/1"}],"replies":[{"embeddable":true,"href":"https:\/\/analyse.optim.biz\/index.php?rest_route=%2Fwp%2Fv2%2Fcomments&post=1053412"}],"version-history":[{"count":0,"href":"https:\/\/analyse.optim.biz\/index.php?rest_route=\/wp\/v2\/posts\/1053412\/revisions"}],"wp:attachment":[{"href":"https:\/\/analyse.optim.biz\/index.php?rest_route=%2Fwp%2Fv2%2Fmedia&parent=1053412"}],"wp:term":[{"taxonomy":"category","embeddable":true,"href":"https:\/\/analyse.optim.biz\/index.php?rest_route=%2Fwp%2Fv2%2Fcategories&post=1053412"},{"taxonomy":"post_tag","embeddable":true,"href":"https:\/\/analyse.optim.biz\/index.php?rest_route=%2Fwp%2Fv2%2Ftags&post=1053412"}],"curies":[{"name":"wp","href":"https:\/\/api.w.org\/{rel}","templated":true}]}}