{"id":1053408,"date":"2025-12-09T07:42:43","date_gmt":"2025-12-09T04:42:43","guid":{"rendered":"https:\/\/analyse.optim.biz\/?p=1053408"},"modified":"2025-12-09T07:42:43","modified_gmt":"2025-12-09T04:42:43","slug":"de-la-washington-la-vrancea-expertii-nr-1-in-ai-si-data-center-analizeaza-investitii-majore-in-judet-jurnal-de-vrancea-stiri-din-vrancea-si-focsani","status":"publish","type":"post","link":"https:\/\/analyse.optim.biz\/?p=1053408","title":{"rendered":"De la Washington la Vrancea: exper\u021bii nr. 1 \u00een AI \u0219i data center analizeaz\u0103 investi\u021bii majore \u00een jude\u021b | Jurnal de Vrancea &#8211; Stiri din Vrancea si Focsani"},"content":{"rendered":"<article id=\"template-id-121345\" class=\"post-121345 tdb_templates type-tdb_templates status-publish post\">\n<div id=\"tdi_73\" class=\"tdc-zone\">\n<div class=\"tdc_zone tdi_74  wpb_row td-pb-row\">\n<div id=\"tdi_75\" class=\"tdc-row\">\n<div class=\"vc_row tdi_76  wpb_row td-pb-row\">\n<div class=\"vc_column tdi_78  wpb_column vc_column_container tdc-column td-pb-span12\">\n<div class=\"wpb_wrapper\">\n<div class=\"td_block_wrap td-a-rec td-a-rec-id-custom-spot td-a-rec-img tdi_79 td_block_template_1\">\n<div><a href target=\"blank\" class=\"td_spot_img_all\"><img loading=\"lazy\" decoding=\"async\" src=\"https:\/\/www.jurnaldevrancea.ro\/wp\/wp-content\/uploads\/2024\/05\/Banner-AURORA-MULTIMARKET-1200x200px.jpg\" alt=\"spot_img\" width=\"1200\" height=\"200\"><\/a><a href target=\"blank\" class=\"td_spot_img_mob\"><img loading=\"lazy\" decoding=\"async\" src=\"https:\/\/www.jurnaldevrancea.ro\/wp\/wp-content\/uploads\/2024\/05\/Banner-AURORA-MULTIMARKET-350x350px.jpg\" alt=\"spot_img\" width=\"300\" height=\"350\"><\/a><\/div>\n<\/div>\n<\/div>\n<\/div>\n<\/div>\n<\/div>\n<div id=\"tdi_80\" class=\"tdc-row\">\n<div class=\"vc_row tdi_81  wpb_row td-pb-row\">\n<div class=\"vc_column tdi_83  wpb_column vc_column_container tdc-column td-pb-span12\">\n<div class=\"wpb_wrapper\">\n<div class=\"td_block_wrap tdb_breadcrumbs tdi_84 td-pb-border-top td_block_template_1 tdb-breadcrumbs \" data-td-block-uid=\"tdi_84\">\n<div class=\"tdb-block-inner td-fix-index\"><span><a title class=\"tdb-entry-crumb\" href=\"https:\/\/www.jurnaldevrancea.ro\/\">Acas\u0103<\/a><\/span><span><a title=\"Vede\u021bi toate articolele \u00een Actualitate\" class=\"tdb-entry-crumb\" href=\"https:\/\/www.jurnaldevrancea.ro\/actualitate\/\">Actualitate<\/a><\/span><span class=\"tdb-bred-no-url-last\">De la Washington la Vrancea: exper\u021bii nr. 1 \u00een AI \u0219i data center analizeaz\u0103 investi\u021bii majore&#8230;<\/span><\/div>\n<\/div>\n<div class=\"td_block_wrap tdb_single_categories tdi_85 td-pb-border-top td_block_template_1 \" data-td-block-uid=\"tdi_85\">\n<div class=\"tdb-category td-fix-index\"><a class=\"tdb-entry-category\" href=\"https:\/\/www.jurnaldevrancea.ro\/actualitate\/\">Actualitate<\/a><a class=\"tdb-entry-category\" href=\"https:\/\/www.jurnaldevrancea.ro\/administratie\/\">Administra\u021bie<\/a><\/div>\n<\/div>\n<div class=\"td_block_wrap tdb_title tdi_86 tdb-single-title td-pb-border-top td_block_template_1\" data-td-block-uid=\"tdi_86\">\n<div class=\"tdb-block-inner td-fix-index\">\n<h2 class=\"tdb-title-text\">De la Washington la Vrancea: exper\u021bii nr. 1 \u00een AI \u0219i data center analizeaz\u0103 investi\u021bii majore \u00een jude\u021b<\/h2>\n<\/div>\n<\/div>\n<div class=\"vc_row_inner tdi_88  vc_row vc_inner wpb_row td-pb-row\">\n<div class=\"vc_column_inner tdi_90  wpb_column vc_column_container tdc-inner-column td-pb-span3\">\n<div class=\"vc_column-inner\">\n<div class=\"wpb_wrapper\">\n<div class=\"td_block_wrap tdb_single_author tdi_91 td-pb-border-top td_block_template_1 tdb-post-meta\" data-td-block-uid=\"tdi_91\">\n<div class=\"tdb-block-inner td-fix-index\">\n<div class=\"tdb-author-name-wrap\"><span class=\"tdb-author-by\">DE:<\/span><a class=\"tdb-author-name\" href=\"https:\/\/www.jurnaldevrancea.ro\/author\/editor-online\/\">Editor Online<\/a><\/div>\n<\/div>\n<\/div>\n<\/div>\n<\/div>\n<\/div>\n<div class=\"vc_column_inner tdi_93  wpb_column vc_column_container tdc-inner-column td-pb-span3\">\n<div class=\"vc_column-inner\">\n<div class=\"wpb_wrapper\">\n<div class=\"td_block_wrap tdb_single_date tdi_94 td-pb-border-top td_block_template_1 tdb-post-meta\" data-td-block-uid=\"tdi_94\">\n<div class=\"tdb-block-inner td-fix-index\"><time class=\"entry-date updated td-module-date\" datetime=\"2025-12-09T09:42:43+02:00\">09\/12\/2025<\/time><\/div>\n<\/div>\n<\/div>\n<\/div>\n<\/div>\n<div class=\"vc_column_inner tdi_96  wpb_column vc_column_container tdc-inner-column td-pb-span3\">\n<div class=\"vc_column-inner\">\n<div class=\"wpb_wrapper\">\n<div class=\"td_block_wrap tdb_single_post_views tdi_97 td-pb-border-top td_block_template_1 tdb-post-meta\" data-td-block-uid=\"tdi_97\">\n<div class=\"tdb-block-inner td-fix-index\"><span class=\"td-nr-views-156343\">57<\/span><\/div>\n<\/div>\n<\/div>\n<\/div>\n<\/div>\n<div class=\"vc_column_inner tdi_99  wpb_column vc_column_container tdc-inner-column td-pb-span3\">\n<div class=\"vc_column-inner\">\n<div class=\"wpb_wrapper\">\n<div class=\"td_block_wrap tdb_single_post_share tdi_100  td-pb-border-top td_block_template_1\" data-td-block-uid=\"tdi_100\">\n<div id=\"tdi_100\" class=\"td-post-sharing tdb-block td-ps-bg td-ps-notext td-ps-bar td-post-sharing-style5 \">\n<div class=\"td-post-sharing-visible\"><a class=\"td-social-sharing-button td-social-sharing-button-js td-social-network td-social-facebook\" href=\"https:\/\/www.facebook.com\/sharer.php?u=https%3A%2F%2Fwww.jurnaldevrancea.ro%2Fde-la-washington-la-vrancea-expertii-nr-1-in-ai-si-data-center-analizeaza-investitii-majore-in-judet%2F\" title=\"Facebook\"><\/p>\n<div class=\"td-social-but-text\">Facebook<\/div>\n<p><\/a><a class=\"td-social-sharing-button td-social-sharing-button-js td-social-network td-social-twitter\" href=\"https:\/\/twitter.com\/intent\/tweet?text=De+la+Washington+la+Vrancea%3A+exper%C8%9Bii+nr.+1+%C3%AEn+AI+%C8%99i+data+center+analizeaz%C4%83+investi%C8%9Bii+majore+%C3%AEn+jude%C8%9B&amp;url=https%3A%2F%2Fwww.jurnaldevrancea.ro%2Fde-la-washington-la-vrancea-expertii-nr-1-in-ai-si-data-center-analizeaza-investitii-majore-in-judet%2F&amp;via=Jurnal+de+Vrancea+-+Stiri+din+Vrancea+si+Focsani\" title=\"Twitter\"><\/p>\n<div class=\"td-social-but-text\">Twitter<\/div>\n<p><\/a><a class=\"td-social-sharing-button td-social-sharing-button-js td-social-network td-social-whatsapp\" href=\"https:\/\/api.whatsapp.com\/send?text=De+la+Washington+la+Vrancea%3A+exper%C8%9Bii+nr.+1+%C3%AEn+AI+%C8%99i+data+center+analizeaz%C4%83+investi%C8%9Bii+majore+%C3%AEn+jude%C8%9B%20%0A%0A%20https:\/\/www.jurnaldevrancea.ro\/de-la-washington-la-vrancea-expertii-nr-1-in-ai-si-data-center-analizeaza-investitii-majore-in-judet\/\" title=\"WhatsApp\"><\/p>\n<div class=\"td-social-but-text\">WhatsApp<\/div>\n<p><\/a><a class=\"td-social-sharing-button td-social-sharing-button-js td-social-network td-social-print\" href=\"https:\/\/www.jurnaldevrancea.ro\/de-la-washington-la-vrancea-expertii-nr-1-in-ai-si-data-center-analizeaza-investitii-majore-in-judet\/\" title=\"Imprimare\"><\/p>\n<div class=\"td-social-but-text\">Imprimare<\/div>\n<p><\/a><\/div>\n<\/div>\n<\/div>\n<\/div>\n<\/div>\n<\/div>\n<\/div>\n<\/div>\n<\/div>\n<\/div>\n<\/div>\n<div id=\"tdi_101\" class=\"tdc-row\">\n<div class=\"vc_row tdi_102  wpb_row td-pb-row\">\n<div class=\"vc_column tdi_104  wpb_column vc_column_container tdc-column td-pb-span8\">\n<div class=\"wpb_wrapper\">\n<div class=\"td_block_wrap tdb_single_featured_image tdi_105 tdb-content-horiz-left td-pb-border-top td_block_template_1\" data-td-block-uid=\"tdi_105\">\n<div class=\"tdb-block-inner td-fix-index\"><img loading=\"lazy\" decoding=\"async\" width=\"696\" height=\"464\" class=\"entry-thumb\" src=\"https:\/\/www.jurnaldevrancea.ro\/wp\/wp-content\/uploads\/2025\/12\/delegatie-americana-in-vrancea-3-696x464.jpeg\" alt title=\"delegatie americana in vrancea (3)\"><\/div>\n<\/div>\n<div class=\"td_block_wrap tdb_single_content tdi_106 td-pb-border-top td_block_template_1 td-post-content tagdiv-type\" data-td-block-uid=\"tdi_106\">\n<div class=\"tdb-block-inner td-fix-index\">\n<p>Vrancea intr\u0103 pe harta tehnologiei globale! La invita\u021bia pre\u0219edintelui Consiliului Jude\u021bean Vrancea, Nicu\u0219or Halici, o delega\u021bie de exper\u021bi de top la nivel global ai IDCA \u2013 International Data Center Authority, cea mai influent\u0103 organiza\u021bie mondial\u0103 \u00een infrastructuri digitale, data center \u0219i inteligen\u021b\u0103 artificial\u0103, cu sediul \u00een Washington D.C. (SUA), a ajuns ast\u0103zi \u00een jude\u021b pentru a evalua poten\u021bialul unor investi\u021bii strategice.<\/p>\n<source srcset=\"https:\/\/www.jurnaldevrancea.ro\/wp\/wp-content\/webp-express\/webp-images\/uploads\/2025\/12\/delegatie-americana-in-vrancea-2.jpeg.webp 800w, https:\/\/www.jurnaldevrancea.ro\/wp\/wp-content\/webp-express\/webp-images\/uploads\/2025\/12\/delegatie-americana-in-vrancea-2-768x512.jpeg.webp 768w, https:\/\/www.jurnaldevrancea.ro\/wp\/wp-content\/webp-express\/webp-images\/uploads\/2025\/12\/delegatie-americana-in-vrancea-2-150x100.jpeg.webp 150w, https:\/\/www.jurnaldevrancea.ro\/wp\/wp-content\/webp-express\/webp-images\/uploads\/2025\/12\/delegatie-americana-in-vrancea-2-300x200.jpeg.webp 300w, https:\/\/www.jurnaldevrancea.ro\/wp\/wp-content\/webp-express\/webp-images\/uploads\/2025\/12\/delegatie-americana-in-vrancea-2-696x464.jpeg.webp 696w\" sizes=\"(max-width: 800px) 100vw, 800px\" type=\"image\/webp\" \/>\n<p>Delega\u021bia uneia dintre cele mai importante organiza\u021bii din lume \u00een domeniul infrastructurilor digitale \u0219i inteligen\u021bei artificiale a reunit exper\u021bi interna\u021bionali cu influen\u021b\u0103 direct\u0103 \u00een dezvoltarea standardelor globale de digitalizare, cu colaborarea exper\u021bilor membri ai gigan\u021bilor \u00een tehnologie precum Microsoft, Google, Amazon, LinkedIn, Apple sau Bloomberg, \u0219i cu experien\u021b\u0103 strategic\u0103 \u00een transformare digital\u0103, investi\u021bii \u0219i guvernan\u021b\u0103 tehnologic\u0103:<\/p>\n<source srcset=\"https:\/\/www.jurnaldevrancea.ro\/wp\/wp-content\/webp-express\/webp-images\/uploads\/2025\/12\/delegatie-americana-in-vrancea-1.jpeg.webp 800w, https:\/\/www.jurnaldevrancea.ro\/wp\/wp-content\/webp-express\/webp-images\/uploads\/2025\/12\/delegatie-americana-in-vrancea-1-768x512.jpeg.webp 768w, https:\/\/www.jurnaldevrancea.ro\/wp\/wp-content\/webp-express\/webp-images\/uploads\/2025\/12\/delegatie-americana-in-vrancea-1-150x100.jpeg.webp 150w, https:\/\/www.jurnaldevrancea.ro\/wp\/wp-content\/webp-express\/webp-images\/uploads\/2025\/12\/delegatie-americana-in-vrancea-1-300x200.jpeg.webp 300w, https:\/\/www.jurnaldevrancea.ro\/wp\/wp-content\/webp-express\/webp-images\/uploads\/2025\/12\/delegatie-americana-in-vrancea-1-696x464.jpeg.webp 696w\" sizes=\"(max-width: 800px) 100vw, 800px\" type=\"image\/webp\" \/>\n<ul>\n<li><strong>Mehdi Paryavi<\/strong> \u2013 fondator, pre\u0219edinte \u0219i CEO al International Data Center Authority (IDCA), lider mondial \u00een economia digital\u0103 \u0219i infrastructura centrelor de date. Este consilier global pentru infrastructur\u0103 digital\u0103 pentru organiza\u021bii interna\u021bionale, inclusiv Na\u021biunile Unite \u0219i Guvernul SUA.<\/li>\n<li><strong>Roger Strukhoff<\/strong> \u2013 director de cercetare al IDCA, responsabil de coordonarea analizelor globale privind gradul de preg\u0103tire digital\u0103, maturitatea infrastructurii \u0219i tendin\u021bele tehnologice trans-sectoriale. Expert global \u00een IT \u0219i cloud, cu o experien\u021b\u0103 de peste 30 de ani.<\/li>\n<li><strong>Solomon Edun<\/strong> \u2013 director pentru Europa \u0219i Africa \u00een cadrul IDCA, coordonator al parteneriatelor strategice transcontinentale.<\/li>\n<li><strong>Moncef Heddad<\/strong> \u2013 \u0219eful global pentru investi\u021bii strategice la IDCA, cu expertiz\u0103 financiar\u0103 de nivel \u00eenalt. A ocupat pozi\u021bii importante pe Wall Street \u0219i \u00een hub-uri financiare asiatice, fiind fost bancher de investi\u021bii \u00een cadrul unor institu\u021bii de top precum J.P. Morgan \u0219i Lehman Brothers.<\/li>\n<li><strong>Dr. Simona Marinescu<\/strong> \u2013 \u00eenalt oficial ONU \u0219i membru al Consiliului Global IDCA, cu expertiz\u0103 \u00een politici economice \u0219i dezvoltare. Are o vast\u0103 experien\u021b\u0103 \u00een dezvoltare economic\u0103 interna\u021bional\u0103, at\u00e2t guvernamental\u0103, c\u00e2t \u0219i academic\u0103, a condus proiecte ONU \u0219i a implementat strategii na\u021bionale de dezvoltare digital\u0103, social\u0103 \u0219i economic\u0103, coordon\u00e2nd echipe multina\u021bionale \u00een centre precum Istanbul, New York \u0219i regiunea Pacific.<\/li>\n<\/ul>\n<source srcset=\"https:\/\/www.jurnaldevrancea.ro\/wp\/wp-content\/webp-express\/webp-images\/uploads\/2025\/12\/delegatie-americana-in-vrancea-4.jpeg.webp 800w, https:\/\/www.jurnaldevrancea.ro\/wp\/wp-content\/webp-express\/webp-images\/uploads\/2025\/12\/delegatie-americana-in-vrancea-4-768x512.jpeg.webp 768w, https:\/\/www.jurnaldevrancea.ro\/wp\/wp-content\/webp-express\/webp-images\/uploads\/2025\/12\/delegatie-americana-in-vrancea-4-150x100.jpeg.webp 150w, https:\/\/www.jurnaldevrancea.ro\/wp\/wp-content\/webp-express\/webp-images\/uploads\/2025\/12\/delegatie-americana-in-vrancea-4-300x200.jpeg.webp 300w, https:\/\/www.jurnaldevrancea.ro\/wp\/wp-content\/webp-express\/webp-images\/uploads\/2025\/12\/delegatie-americana-in-vrancea-4-696x464.jpeg.webp 696w\" sizes=\"(max-width: 800px) 100vw, 800px\" type=\"image\/webp\" \/>\n<p>\u00cent\u00e2lnirea \u2013 posibil\u0103 prin implicarea dr. Simona Marinescu \u2013 a marcat \u00eenceputul unui dialog aplicat privind dezvoltarea unui ecosistem tehnologic \u00een Vrancea, conectat la re\u021belele globale de inova\u021bie.<\/p>\n<p>Pre\u0219edintele Nicu\u0219or Halici a prezentat delega\u021biei poten\u021bialul \u0219i resursele jude\u021bului Vrancea, precum \u0219i proiectele strategice aflate \u00een derulare:<\/p>\n<ul>\n<li>campusul universitar dedicat form\u0103rii tinerilor \u00een domenii de viitor;<\/li>\n<li>Parcul Industrial al jude\u021bului, cu terenuri preg\u0103tite pentru investi\u021bii;<\/li>\n<li>zone destinate parcurilor fotovoltaice \u0219i proiectelor energetice moderne;<\/li>\n<li>resursele umane calificate \u0219i pozi\u021bionarea strategic\u0103 a jude\u021bului.<\/li>\n<\/ul>\n<source srcset=\"https:\/\/www.jurnaldevrancea.ro\/wp\/wp-content\/webp-express\/webp-images\/uploads\/2025\/12\/delegatie-americana-in-vrancea-5.jpeg.webp 800w, https:\/\/www.jurnaldevrancea.ro\/wp\/wp-content\/webp-express\/webp-images\/uploads\/2025\/12\/delegatie-americana-in-vrancea-5-768x512.jpeg.webp 768w, https:\/\/www.jurnaldevrancea.ro\/wp\/wp-content\/webp-express\/webp-images\/uploads\/2025\/12\/delegatie-americana-in-vrancea-5-150x100.jpeg.webp 150w, https:\/\/www.jurnaldevrancea.ro\/wp\/wp-content\/webp-express\/webp-images\/uploads\/2025\/12\/delegatie-americana-in-vrancea-5-300x200.jpeg.webp 300w, https:\/\/www.jurnaldevrancea.ro\/wp\/wp-content\/webp-express\/webp-images\/uploads\/2025\/12\/delegatie-americana-in-vrancea-5-696x464.jpeg.webp 696w\" sizes=\"auto, (max-width: 800px) 100vw, 800px\" type=\"image\/webp\" \/>\n<p><strong><em>\u201eAm adus \u00een Vrancea cea mai mare organiza\u021bie din lume \u00een tehnologii de v\u00e2rf \u0219i infrastructur\u0103 digital\u0103. Le-am prezentat resursele \u0219i oportunit\u0103\u021bile jude\u021bului \u0219i vom continua demersurile pentru construc\u021bia unor proiecte majore aici. Vrancea, aflat\u0103 \u00eentr-o zon\u0103 strategic\u0103 foarte bun\u0103, are un poten\u021bial extraordinar, \u00eenc\u0103 neexploatat la adev\u0103rata capacitate. Lucr\u0103m pentru a atrage investi\u021bii majore \u0219i pentru a crea un viitor digital. Nu ne oprim la aceast\u0103 discu\u021bie \u2013 suntem \u00een contact \u0219i cu al\u021bi investitori din SUA\u201d<\/em><\/strong>, a declarat Nicu\u0219or Halici, pre\u0219edintele Consiliului Jude\u021bean Vrancea.<\/p>\n<source srcset=\"https:\/\/www.jurnaldevrancea.ro\/wp\/wp-content\/webp-express\/webp-images\/uploads\/2025\/12\/delegatie-americana-in-vrancea-6.jpeg.webp 800w, https:\/\/www.jurnaldevrancea.ro\/wp\/wp-content\/webp-express\/webp-images\/uploads\/2025\/12\/delegatie-americana-in-vrancea-6-768x512.jpeg.webp 768w, https:\/\/www.jurnaldevrancea.ro\/wp\/wp-content\/webp-express\/webp-images\/uploads\/2025\/12\/delegatie-americana-in-vrancea-6-150x100.jpeg.webp 150w, https:\/\/www.jurnaldevrancea.ro\/wp\/wp-content\/webp-express\/webp-images\/uploads\/2025\/12\/delegatie-americana-in-vrancea-6-300x200.jpeg.webp 300w, https:\/\/www.jurnaldevrancea.ro\/wp\/wp-content\/webp-express\/webp-images\/uploads\/2025\/12\/delegatie-americana-in-vrancea-6-696x464.jpeg.webp 696w\" sizes=\"auto, (max-width: 800px) 100vw, 800px\" type=\"image\/webp\" \/>\n<p>Vizita delega\u021biei din Statele Unite ale Americii deschide un nou capitol pentru dezvoltarea jude\u021bului, prin conectarea Vrancei la ecosistemele globale de tehnologie, inova\u021bie \u0219i investi\u021bii strategice. Lucr\u0103m pentru dezvoltare. Construim viitorul! (<strong>Biroul de pres\u0103 al Consiliului Jude\u021bean Vrancea)<\/strong><\/p>\n<\/div>\n<\/div>\n<div class=\"td_block_wrap td-a-rec td-a-rec-id-custom-spot td-a-rec-img tdi_107 td_block_template_1\">\n<div><a href=\"https:\/\/www.tomitatravel.ro\/\" target=\"blank\" class=\"td_spot_img_all\"><img loading=\"lazy\" decoding=\"async\" src=\"https:\/\/www.jurnaldevrancea.ro\/wp\/wp-content\/uploads\/2023\/11\/BANNER-TOMITA_TRAVEL-Focsani-1200x200-1.jpg\" alt=\"Tomi\u021b\u0103 Travel - Agen\u021bie de turism Foc\u0219ani\" width=\"1200\" height=\"200\"><\/a><a href=\"https:\/\/www.tomitatravel.ro\/\" target=\"blank\" class=\"td_spot_img_mob\"><img loading=\"lazy\" decoding=\"async\" src=\"https:\/\/www.jurnaldevrancea.ro\/wp\/wp-content\/uploads\/2023\/11\/BANNER-TOMITA_TRAVEL-Focsani-350x350-1.jpg\" alt=\"Tomi\u021b\u0103 Travel - Agen\u021bie de turism Foc\u0219ani\" width=\"300\" height=\"350\"><\/a><\/div>\n<\/div>\n<div class=\"td_block_wrap td-a-rec td-a-rec-id-custom-spot td-a-rec-img tdi_108 td_block_template_1\">\n<div><a href=\"https:\/\/www.dezromania.ro\/categorii\/category\/14-produse.html\" target=\"blank\" class=\"td_spot_img_all\"><img loading=\"lazy\" decoding=\"async\" src=\"https:\/\/www.jurnaldevrancea.ro\/wp\/wp-content\/uploads\/2023\/11\/Banner-1200x200-sipotehnokar-Auto-avariate-2025.jpg\" alt=\"spot_img\" width=\"1200\" height=\"200\"><\/a><a href=\"https:\/\/www.dezromania.ro\/categorii\/category\/14-produse.html\" target=\"blank\" class=\"td_spot_img_mob\"><img loading=\"lazy\" decoding=\"async\" src=\"https:\/\/www.jurnaldevrancea.ro\/wp\/wp-content\/uploads\/2023\/11\/Banner-Sipotehnokar-300xx220px-2025.jpg\" alt=\"spot_img\" width=\"300\" height=\"220\"><\/a><\/div>\n<\/div>\n<div class=\"td_block_wrap td-a-rec td-a-rec-id-custom-spot td-a-rec-img tdi_109 td_block_template_1\">\n<div><a href=\"https:\/\/haipromo.ro\/\" target=\"blank\" class=\"td_spot_img_all\"><img loading=\"lazy\" decoding=\"async\" src=\"https:\/\/www.jurnaldevrancea.ro\/wp\/wp-content\/uploads\/2024\/06\/banner-HAI-PROMO-1200x200px.jpg\" alt=\"HAI PROMO\" width=\"1200\" height=\"200\"><\/a><a href=\"https:\/\/haipromo.ro\/\" target=\"blank\" class=\"td_spot_img_mob\"><img loading=\"lazy\" decoding=\"async\" src=\"https:\/\/www.jurnaldevrancea.ro\/wp\/wp-content\/uploads\/2024\/06\/banner-HAI-PROMO-350x350px.jpg\" alt=\"HAI PROMO\" width=\"350\" height=\"350\"><\/a><\/div>\n<\/div>\n<\/div>\n<\/div>\n<div class=\"vc_column tdi_112  wpb_column vc_column_container tdc-column td-pb-span4\">\n<div class=\"wpb_wrapper\">\n<div class=\"wpb_wrapper td_block_wrap vc_widget_sidebar tdi_114 \">\n<aside id=\"custom_html-12\" class=\"widget_text td_block_template_1 widget custom_html-12 widget_custom_html\">\n<h4 class=\"block-title\"><span>\u2013 PUBLICITATE \u2013<\/span><\/h4>\n<div class=\"textwidget custom-html-widget\"><a href=\"https:\/\/www.facebook.com\/TractariAutoVranceaSOS24\"><source srcset=\"https:\/\/www.jurnaldevrancea.ro\/wp\/wp-content\/webp-express\/webp-images\/uploads\/2024\/11\/BANNER-sos-24-2024-300x300-px.jpg.webp\" type=\"image\/webp\" \/><\/a><a href=\"https:\/\/haipromo.ro\/\"><source srcset=\"https:\/\/www.jurnaldevrancea.ro\/wp\/wp-content\/webp-express\/webp-images\/uploads\/2024\/06\/banner-HAI-PROMO-350x350px.jpg.webp\" type=\"image\/webp\" \/><\/a><a href=\"https:\/\/www.facebook.com\/acnasygcons\"><source srcset=\"https:\/\/www.jurnaldevrancea.ro\/wp\/wp-content\/webp-express\/webp-images\/uploads\/2025\/08\/Banner-350x350px-Asyg-Consulting.jpg.webp\" type=\"image\/webp\" \/><\/a><\/div>\n<\/aside>\n<\/div>\n<div class=\"td_block_wrap tdb_single_tags tdi_115 td-pb-border-top td_block_template_1\" data-td-block-uid=\"tdi_115\">\n<div class=\"tdb-block-inner td-fix-index\">\n<ul class=\"tdb-tags\">\n<li><span>Tags<\/span><\/li>\n<li><a href=\"https:\/\/www.jurnaldevrancea.ro\/tag\/comisie-america\/\">comisie america<\/a><\/li>\n<li><a href=\"https:\/\/www.jurnaldevrancea.ro\/tag\/consiliul-judetean\/\">consiliul judetean<\/a><\/li>\n<li><a href=\"https:\/\/www.jurnaldevrancea.ro\/tag\/vizita-americani\/\">vizita americani<\/a><\/li>\n<\/ul>\n<\/div>\n<\/div>\n<div class=\"tdm_block td_block_wrap tdm_block_column_title tdi_116 tdm-content-horiz-center td-pb-border-top td_block_template_1\" data-td-block-uid=\"tdi_116\">\n<div class=\"td-block-row\">\n<div class=\"td-block-span12 tdm-col\">\n<div class=\"tds-title tds-title1 td-fix-index tdi_117 \">\n<h3 class=\"tdm-title tdm-title-md\">ARTICOLE SIMILARE<\/h3>\n<\/div>\n<\/div>\n<\/div>\n<\/div>\n<div class=\"td_block_wrap td_flex_block_1 tdi_118 td-pb-border-top td_block_template_1 td_flex_block\" data-td-block-uid=\"tdi_118\">\n<div id=\"tdi_118\" class=\"td_block_inner td-mc1-wrap\">\n<div class=\"td_module_flex td_module_flex_1 td_module_wrap td-animation-stack td-cpt-post\">\n<div class=\"td-module-container td-category-pos-above\">\n<div class=\"td-module-meta-info\"><a href=\"https:\/\/www.jurnaldevrancea.ro\/actualitate\/\" class=\"td-post-category\">Actualitate<\/a><\/p>\n<h3 class=\"entry-title td-module-title\"><a href=\"https:\/\/www.jurnaldevrancea.ro\/magia-craciunului-sarbatorita-printr-un-spectacol-inedit-de-clubului-copiilor-din-odobesti\/\" rel=\"bookmark\" title=\"\u201eMagia Cr\u0103ciunului\u201d \u2013 s\u0103rb\u0103torit\u0103 printr-un spectacol inedit de Clubului Copiilor din Odobe\u0219ti\">\u201eMagia Cr\u0103ciunului\u201d \u2013 s\u0103rb\u0103torit\u0103 printr-un spectacol inedit de Clubului Copiilor din Odobe\u0219ti<\/a><\/h3>\n<div class=\"td-excerpt\">Clubul Copiilor Odobe\u0219ti a fost, zilele trecute, gazda spectacolului \u201eMagia Cr\u0103ciunului\u201d, un eveniment artistic&#8230;<\/div>\n<\/div>\n<\/div>\n<\/div>\n<div class=\"td_module_flex td_module_flex_1 td_module_wrap td-animation-stack td-cpt-post\">\n<div class=\"td-module-container td-category-pos-above\">\n<div class=\"td-module-meta-info\"><a href=\"https:\/\/www.jurnaldevrancea.ro\/actualitate\/\" class=\"td-post-category\">Actualitate<\/a><\/p>\n<h3 class=\"entry-title td-module-title\"><a href=\"https:\/\/www.jurnaldevrancea.ro\/vreme-mai-calda-decat-normalul-perioadei-insa-ceata-ramane-principala-problema\/\" rel=\"bookmark\" title=\"Vreme mai cald\u0103 dec\u00e2t normalul perioadei \u00eens\u0103 cea\u021ba r\u0103m\u00e2ne principala problem\u0103\">Vreme mai cald\u0103 dec\u00e2t normalul perioadei \u00eens\u0103 cea\u021ba r\u0103m\u00e2ne principala problem\u0103<\/a><\/h3>\n<div class=\"td-excerpt\">Urm\u0103toarele zile vin cu temperaturi mai ridicate dec\u00e2t ar fi normal pentru aceast\u0103 perioad\u0103&#8230;<\/div>\n<\/div>\n<\/div>\n<\/div>\n<\/div>\n<\/div>\n<\/div>\n<\/div>\n<\/div>\n<\/div>\n<div id=\"tdi_119\" class=\"tdc-row\">\n<div class=\"vc_row tdi_120  wpb_row td-pb-row\">\n<div class=\"vc_column tdi_122  wpb_column vc_column_container tdc-column td-pb-span12\">\n<div class=\"wpb_wrapper\">\n<div class=\"tdm_block td_block_wrap tdm_block_column_title tdi_123 tdm-content-horiz-center td-pb-border-top td_block_template_1\" data-td-block-uid=\"tdi_123\">\n<div class=\"td-block-row\">\n<div class=\"td-block-span12 tdm-col\">\n<div class=\"tds-title tds-title1 td-fix-index tdi_124 \">\n<h3 class=\"tdm-title tdm-title-md\">ARTICOLE POPULARE<\/h3>\n<\/div>\n<\/div>\n<\/div>\n<\/div>\n<\/div>\n<\/div>\n<\/div>\n<\/div>\n<div id=\"tdi_125\" class=\"tdc-row\">\n<div class=\"vc_row tdi_126  wpb_row td-pb-row\">\n<div class=\"vc_column tdi_128  wpb_column vc_column_container tdc-column td-pb-span12\">\n<div class=\"wpb_wrapper\">\n<div class=\"td_block_wrap td_flex_block_1 tdi_129 td-pb-border-top td_block_template_1 td_flex_block\" data-td-block-uid=\"tdi_129\">\n<div id=\"tdi_129\" class=\"td_block_inner td-mc1-wrap\">\n<div class=\"td_module_flex td_module_flex_1 td_module_wrap td-animation-stack td-cpt-post\">\n<div class=\"td-module-container td-category-pos-above\">\n<div class=\"td-module-meta-info\"><a href=\"https:\/\/www.jurnaldevrancea.ro\/actualitate\/\" class=\"td-post-category\">Actualitate<\/a><\/p>\n<h3 class=\"entry-title td-module-title\"><a href=\"https:\/\/www.jurnaldevrancea.ro\/video-cum-s-a-produs-accidentul-de-azi-dimineata-din-focsani-cine-a-fost-de-vina-se-vede-clar-in-imagini\/\" rel=\"bookmark\" title=\"VIDEO Cum s-a produs accidentul de azi-diminea\u021b\u0103, din Foc\u0219ani! Cine a fost de vin\u0103\u2026 se vede clar \u00een imagini\">VIDEO Cum s-a produs accidentul de azi-diminea\u021b\u0103, din Foc\u0219ani! Cine a fost de vin\u0103\u2026 se vede clar \u00een imagini<\/a><\/h3>\n<div class=\"td-excerpt\">Avem imagini cu accidentul care s-a produs \u00een acest\u0103 diminea\u021b\u0103 la intersec\u021bia dintre Bulevardul&#8230;<\/div>\n<div class=\"td-editor-date\"><span class=\"td-author-date\"><span class=\"td-post-date\"><time class=\"entry-date updated td-module-date\" datetime=\"2025-12-08T13:33:31+02:00\">08\/12\/2025<\/time><\/span><\/span><\/div>\n<\/div>\n<\/div>\n<\/div>\n<div class=\"td_module_flex td_module_flex_1 td_module_wrap td-animation-stack td-cpt-post\">\n<div class=\"td-module-container td-category-pos-above\">\n<div class=\"td-module-meta-info\"><a href=\"https:\/\/www.jurnaldevrancea.ro\/actualitate\/\" class=\"td-post-category\">Actualitate<\/a><\/p>\n<h3 class=\"entry-title td-module-title\"><a href=\"https:\/\/www.jurnaldevrancea.ro\/alerta-epidemiologica-in-vrancea-doua-femei-sunt-internate-in-stare-grava-la-ati-cu-suspiciune-de-botulism\/\" rel=\"bookmark\" title=\"Alert\u0103 epidemiologic\u0103 \u00een Vrancea! Dou\u0103 femei sunt internate \u00een stare grav\u0103 la ATI cu suspiciune de botulism\">Alert\u0103 epidemiologic\u0103 \u00een Vrancea! Dou\u0103 femei sunt internate \u00een stare grav\u0103 la ATI cu suspiciune de botulism<\/a><\/h3>\n<div class=\"td-excerpt\">Dou\u0103 cazuri suspecte de botulism au fost raportate \u00een jude\u021bul Vrancea \u00een intervalul 10\u201311&#8230;<\/div>\n<div class=\"td-editor-date\"><span class=\"td-author-date\"><span class=\"td-post-date\"><time class=\"entry-date updated td-module-date\" datetime=\"2025-12-13T08:18:55+02:00\">13\/12\/2025<\/time><\/span><\/span><\/div>\n<\/div>\n<\/div>\n<\/div>\n<div class=\"td_module_flex td_module_flex_1 td_module_wrap td-animation-stack td-cpt-post\">\n<div class=\"td-module-container td-category-pos-above\">\n<div class=\"td-module-meta-info\"><a href=\"https:\/\/www.jurnaldevrancea.ro\/actualitate\/\" class=\"td-post-category\">Actualitate<\/a><\/p>\n<h3 class=\"entry-title td-module-title\"><a href=\"https:\/\/www.jurnaldevrancea.ro\/incredibil-monstrul-cu-chip-de-om-si-a-decapitat-sotia-cu-toporul-chiar-in-fata-copilului-de-cativa-anisori\/\" rel=\"bookmark\" title=\"INCREDIBIL Monstrul cu chip de om \u0219i-a decapitat so\u021bia cu toporul, chiar \u00een fa\u021ba copilului de c\u00e2\u021biva ani\u0219ori\">INCREDIBIL Monstrul cu chip de om \u0219i-a decapitat so\u021bia cu toporul, chiar \u00een fa\u021ba copilului de c\u00e2\u021biva ani\u0219ori<\/a><\/h3>\n<div class=\"td-excerpt\">\u201eM\u0103celarul din S\u0103geata\u201d prime\u0219te 29 de ani de \u00eenchisoare. Cea mai grea pedeaps\u0103 dat\u0103&#8230;<\/div>\n<div class=\"td-editor-date\"><span class=\"td-author-date\"><span class=\"td-post-date\"><time class=\"entry-date updated td-module-date\" datetime=\"2025-12-05T15:30:40+02:00\">05\/12\/2025<\/time><\/span><\/span><\/div>\n<\/div>\n<\/div>\n<\/div>\n<\/div>\n<\/div>\n<\/div>\n<\/div>\n<\/div>\n<\/div>\n<\/div>\n<\/div>\n<p><span class=\"td-page-meta\"><\/span><span class=\"td-page-meta\"><span class=\"td-page-meta\"><\/span><\/span><span class=\"td-page-meta\"><\/span><\/article>\n<p> Source URL: https:\/\/www.jurnaldevrancea.ro\/de-la-washington-la-vrancea-expertii-nr-1-in-ai-si-data-center-analizeaza-investitii-majore-in-judet\/<\/p>\n","protected":false},"excerpt":{"rendered":"<p>Acas\u0103ActualitateDe la Washington la Vrancea: exper\u021bii nr. 1 \u00een AI \u0219i data center analizeaz\u0103 investi\u021bii majore&#8230; ActualitateAdministra\u021bie De la Washington la Vrancea: exper\u021bii nr. 1 \u00een AI \u0219i data center analizeaz\u0103 investi\u021bii majore \u00een jude\u021b DE:Editor Online 09\/12\/2025 57 Facebook Twitter WhatsApp Imprimare Vrancea intr\u0103 pe harta tehnologiei globale! La invita\u021bia pre\u0219edintelui Consiliului Jude\u021bean Vrancea, [&hellip;]<\/p>\n","protected":false},"author":1,"featured_media":0,"comment_status":"open","ping_status":"","sticky":false,"template":"","format":"standard","meta":{"footnotes":""},"categories":[89],"tags":[207],"class_list":["post-1053408","post","type-post","status-publish","format-standard","hentry","category-romania","tag-jurnaldevrancea-ro"],"_links":{"self":[{"href":"https:\/\/analyse.optim.biz\/index.php?rest_route=\/wp\/v2\/posts\/1053408","targetHints":{"allow":["GET"]}}],"collection":[{"href":"https:\/\/analyse.optim.biz\/index.php?rest_route=\/wp\/v2\/posts"}],"about":[{"href":"https:\/\/analyse.optim.biz\/index.php?rest_route=\/wp\/v2\/types\/post"}],"author":[{"embeddable":true,"href":"https:\/\/analyse.optim.biz\/index.php?rest_route=\/wp\/v2\/users\/1"}],"replies":[{"embeddable":true,"href":"https:\/\/analyse.optim.biz\/index.php?rest_route=%2Fwp%2Fv2%2Fcomments&post=1053408"}],"version-history":[{"count":0,"href":"https:\/\/analyse.optim.biz\/index.php?rest_route=\/wp\/v2\/posts\/1053408\/revisions"}],"wp:attachment":[{"href":"https:\/\/analyse.optim.biz\/index.php?rest_route=%2Fwp%2Fv2%2Fmedia&parent=1053408"}],"wp:term":[{"taxonomy":"category","embeddable":true,"href":"https:\/\/analyse.optim.biz\/index.php?rest_route=%2Fwp%2Fv2%2Fcategories&post=1053408"},{"taxonomy":"post_tag","embeddable":true,"href":"https:\/\/analyse.optim.biz\/index.php?rest_route=%2Fwp%2Fv2%2Ftags&post=1053408"}],"curies":[{"name":"wp","href":"https:\/\/api.w.org\/{rel}","templated":true}]}}