{"id":1052776,"date":"2025-12-13T20:15:47","date_gmt":"2025-12-13T17:15:47","guid":{"rendered":"https:\/\/analyse.optim.biz\/?p=1052776"},"modified":"2025-12-13T20:15:47","modified_gmt":"2025-12-13T17:15:47","slug":"un-lector-din-cadrul-usv-a-obtinut-premiul-personalitatea-anului-2019-in-promovarea-educatiei-si-formarii-in-asistenta-sociala","status":"publish","type":"post","link":"https:\/\/analyse.optim.biz\/?p=1052776","title":{"rendered":"Un lector din cadrul USV a ob\u021binut premiul Personalitatea Anului 2019 \u00een Promovarea Educa\u0163iei \u015fi Form\u0103rii \u00een Asisten\u0163\u0103 Social\u0103"},"content":{"rendered":"<div class=\"entry-content\">\n<p><img decoding=\"async\" loading=\"lazy\" class=\"alignright size-medium wp-image-308804\" src=\"https:\/\/suceavanews.ro\/wp-content\/uploads\/2021\/06\/IMG-20210616-WA0017-2-146x300.jpg\" alt=\"\" width=\"146\" height=\"300\">\u00cen data de 14 iunie 2021, la Ateneul Rom\u00e2n, Colegiul Na\u021bional al Asisten\u021bilor Sociali, Rom\u00e2nia \u2013 CNASR a organizat cea de-a \u0219aptea edi\u021bie a Galei Na\u021bionale a Excelen\u021bei \u00een Asisten\u021b\u0103 Social\u0103. \u00cen cadrul evenimentului, au fost premia\u021bi asisten\u021bii sociali care s-au remarcat \u00een anul 2019 cu rezultate deosebite, dar \u0219i personalit\u0103\u021bile care au sus\u021binut profesia de asistent social \u0219i s-au implicat activ \u00een plan social.<\/p>\n<p>Printre premiile acordate a fost \u0219i premiul <em>Personalitatea Anului 2019 \u00een Promovarea Educa\u0163iei \u015fi Form\u0103rii \u00een Asisten\u0163\u0103 Social\u0103<\/em>, care a fost acordat d-nei Viorica-Cristina Cormo\u015f, lector dr. la Universitatea \u201e\u015etefan cel Mare\u201d din Suceava, Facultatea de Istorie \u0219i Geografie, Departamentul de \u0218tiin\u021be Umane \u0219i Social-Politice.<\/p>\n<p>\u00a0<\/p>\n<p>\u00a0<\/p>\n<p>\u00a0<\/p>\n<\/div>\n","protected":false},"excerpt":{"rendered":"<p>\u00cen data de 14 iunie 2021, la Ateneul Rom\u00e2n, Colegiul Na\u021bional al Asisten\u021bilor Sociali, Rom\u00e2nia \u2013 CNASR a organizat cea de-a \u0219aptea edi\u021bie a Galei Na\u021bionale a Excelen\u021bei \u00een Asisten\u021b\u0103 Social\u0103. \u00cen cadrul evenimentului, au fost premia\u021bi asisten\u021bii sociali care s-au remarcat \u00een anul 2019 cu rezultate deosebite, dar \u0219i personalit\u0103\u021bile care au sus\u021binut profesia [&hellip;]<\/p>\n","protected":false},"author":1,"featured_media":0,"comment_status":"open","ping_status":"","sticky":false,"template":"","format":"standard","meta":{"footnotes":""},"categories":[89],"tags":[174],"class_list":["post-1052776","post","type-post","status-publish","format-standard","hentry","category-romania","tag-suceavanews-ro"],"_links":{"self":[{"href":"https:\/\/analyse.optim.biz\/index.php?rest_route=\/wp\/v2\/posts\/1052776","targetHints":{"allow":["GET"]}}],"collection":[{"href":"https:\/\/analyse.optim.biz\/index.php?rest_route=\/wp\/v2\/posts"}],"about":[{"href":"https:\/\/analyse.optim.biz\/index.php?rest_route=\/wp\/v2\/types\/post"}],"author":[{"embeddable":true,"href":"https:\/\/analyse.optim.biz\/index.php?rest_route=\/wp\/v2\/users\/1"}],"replies":[{"embeddable":true,"href":"https:\/\/analyse.optim.biz\/index.php?rest_route=%2Fwp%2Fv2%2Fcomments&post=1052776"}],"version-history":[{"count":0,"href":"https:\/\/analyse.optim.biz\/index.php?rest_route=\/wp\/v2\/posts\/1052776\/revisions"}],"wp:attachment":[{"href":"https:\/\/analyse.optim.biz\/index.php?rest_route=%2Fwp%2Fv2%2Fmedia&parent=1052776"}],"wp:term":[{"taxonomy":"category","embeddable":true,"href":"https:\/\/analyse.optim.biz\/index.php?rest_route=%2Fwp%2Fv2%2Fcategories&post=1052776"},{"taxonomy":"post_tag","embeddable":true,"href":"https:\/\/analyse.optim.biz\/index.php?rest_route=%2Fwp%2Fv2%2Ftags&post=1052776"}],"curies":[{"name":"wp","href":"https:\/\/api.w.org\/{rel}","templated":true}]}}