{"id":1052772,"date":"2025-12-13T20:15:05","date_gmt":"2025-12-13T17:15:05","guid":{"rendered":"https:\/\/analyse.optim.biz\/?p=1052772"},"modified":"2025-12-13T20:15:05","modified_gmt":"2025-12-13T17:15:05","slug":"o-tanara-de-26-de-ani-din-suceava-a-fost-prinsa-la-bac-cu-casca-si-camera-de-filmat","status":"publish","type":"post","link":"https:\/\/analyse.optim.biz\/?p=1052772","title":{"rendered":"O t\u00e2n\u0103r\u0103 de 26 de ani din Suceava a fost prins\u0103 la BAC cu casc\u0103 \u0219i camer\u0103 de filmat"},"content":{"rendered":"<div class=\"entry-content\">\n<p><img decoding=\"async\" loading=\"lazy\" class=\"alignright size-medium wp-image-204918\" src=\"https:\/\/suceavanews.ro\/wp-content\/uploads\/2016\/06\/evaluare-examen-300x169.jpg\" alt=\"\" width=\"300\" height=\"169\">O t\u00e2n\u0103r\u0103 de 26 de ani din Suceava a fost prins\u0103 la BAC cu casc\u0103 \u0219i camer\u0103 de filmat. Ea este\u00a0din Bro\u0219teni, jude\u021bul Suceava \u0219i d\u0103dea examen la Liceul \u201eIon Luca\u201d din municipiul din municipiul Vatra Dornei. Fata\u00a0nu va mai avea dreptul de a participa la urm\u0103toarele dou\u0103 sesiuni ale examenului de Bacalaureat.<\/p>\n<p>\u00cen plus, a fost sesizat Biroul de Siguran\u021b\u0103 \u0218colar\u0103 din cadrul IPJ Suceava, care a \u00eentocmit un dosar penal sub aspectul comiterii infrac\u021biunii prev\u0103zute de art. 304 din Codul Penal, respectiv \u201c<em><strong>divulgarea informa\u021biilor secrete de serviciu sau nepublice\u201d.<\/strong><\/em><\/p>\n<\/div>\n","protected":false},"excerpt":{"rendered":"<p>O t\u00e2n\u0103r\u0103 de 26 de ani din Suceava a fost prins\u0103 la BAC cu casc\u0103 \u0219i camer\u0103 de filmat. Ea este\u00a0din Bro\u0219teni, jude\u021bul Suceava \u0219i d\u0103dea examen la Liceul \u201eIon Luca\u201d din municipiul din municipiul Vatra Dornei. Fata\u00a0nu va mai avea dreptul de a participa la urm\u0103toarele dou\u0103 sesiuni ale examenului de Bacalaureat. \u00cen plus, [&hellip;]<\/p>\n","protected":false},"author":1,"featured_media":0,"comment_status":"open","ping_status":"","sticky":false,"template":"","format":"standard","meta":{"footnotes":""},"categories":[89],"tags":[174],"class_list":["post-1052772","post","type-post","status-publish","format-standard","hentry","category-romania","tag-suceavanews-ro"],"_links":{"self":[{"href":"https:\/\/analyse.optim.biz\/index.php?rest_route=\/wp\/v2\/posts\/1052772","targetHints":{"allow":["GET"]}}],"collection":[{"href":"https:\/\/analyse.optim.biz\/index.php?rest_route=\/wp\/v2\/posts"}],"about":[{"href":"https:\/\/analyse.optim.biz\/index.php?rest_route=\/wp\/v2\/types\/post"}],"author":[{"embeddable":true,"href":"https:\/\/analyse.optim.biz\/index.php?rest_route=\/wp\/v2\/users\/1"}],"replies":[{"embeddable":true,"href":"https:\/\/analyse.optim.biz\/index.php?rest_route=%2Fwp%2Fv2%2Fcomments&post=1052772"}],"version-history":[{"count":0,"href":"https:\/\/analyse.optim.biz\/index.php?rest_route=\/wp\/v2\/posts\/1052772\/revisions"}],"wp:attachment":[{"href":"https:\/\/analyse.optim.biz\/index.php?rest_route=%2Fwp%2Fv2%2Fmedia&parent=1052772"}],"wp:term":[{"taxonomy":"category","embeddable":true,"href":"https:\/\/analyse.optim.biz\/index.php?rest_route=%2Fwp%2Fv2%2Fcategories&post=1052772"},{"taxonomy":"post_tag","embeddable":true,"href":"https:\/\/analyse.optim.biz\/index.php?rest_route=%2Fwp%2Fv2%2Ftags&post=1052772"}],"curies":[{"name":"wp","href":"https:\/\/api.w.org\/{rel}","templated":true}]}}